{"id":32274,"date":"2022-07-12T11:57:39","date_gmt":"2022-07-12T14:57:39","guid":{"rendered":"https:\/\/jornalfatosenoticias.com.br\/?p=32274"},"modified":"2022-07-12T11:57:41","modified_gmt":"2022-07-12T14:57:41","slug":"enigmatica-cripta-com-163-criancas-mumificadas-e-alvo-de-estudo","status":"publish","type":"post","link":"https:\/\/jornalfatosenoticias.com.br\/index.php\/2022\/07\/12\/enigmatica-cripta-com-163-criancas-mumificadas-e-alvo-de-estudo\/","title":{"rendered":"Enigm\u00e1tica cripta com 163 crian\u00e7as mumificadas \u00e9 alvo de estudo"},"content":{"rendered":"\n<p><em><span class=\"has-inline-color has-black-color\">A hist\u00f3ria da cripta constru\u00edda mais de dois s\u00e9culos atr\u00e1s permanece majoritariamente desconhecida<\/span><\/em><\/p>\n\n\n\n<div class=\"wp-block-image\"><figure class=\"aligncenter size-large is-resized\"><img loading=\"lazy\" decoding=\"async\" src=\"https:\/\/jornalfatosenoticias.com.br\/wp-content\/uploads\/2022\/02\/Arte-Autoescola-Galatas_endereco_portal-1024x103.png\" alt=\"\" class=\"wp-image-27869\" width=\"510\" height=\"51\" srcset=\"https:\/\/jornalfatosenoticias.com.br\/wp-content\/uploads\/2022\/02\/Arte-Autoescola-Galatas_endereco_portal-1024x103.png 1024w, https:\/\/jornalfatosenoticias.com.br\/wp-content\/uploads\/2022\/02\/Arte-Autoescola-Galatas_endereco_portal-300x30.png 300w, https:\/\/jornalfatosenoticias.com.br\/wp-content\/uploads\/2022\/02\/Arte-Autoescola-Galatas_endereco_portal-768x77.png 768w, https:\/\/jornalfatosenoticias.com.br\/wp-content\/uploads\/2022\/02\/Arte-Autoescola-Galatas_endereco_portal.png 1223w\" sizes=\"auto, (max-width: 510px) 100vw, 510px\" \/><\/figure><\/div>\n\n\n\n<p>Uma misteriosa cripta italiana de 200 anos contendo os cad\u00e1veres de nada menos que 163 crian\u00e7as <a href=\"https:\/\/aventurasnahistoria.uol.com.br\/noticias\/reportagem\/o-que-pode-ter-causado-morte-do-homem-mumificado-em-um-pantano-ha-2-mil-anos.phtml\" rel=\"noreferrer noopener\" target=\"_blank\">mumificadas<\/a> finalmente ser\u00e1 alvo de estudo a fim de desvendar que condi\u00e7\u00f5es levaram \u00e0 cria\u00e7\u00e3o do lugar.<br>As catatumbas dos Capuchinhos de Palermo podem ser encontradas na regi\u00e3o da <a href=\"https:\/\/pt.wikipedia.org\/wiki\/Sic%C3%ADlia\" rel=\"noreferrer noopener\" target=\"_blank\">Sic\u00edlia<\/a>, na It\u00e1lia, e possuem a maior cole\u00e7\u00e3o de m\u00famias de toda a Europa, o que revela a forte tradi\u00e7\u00e3o de mumifica\u00e7\u00e3o que j\u00e1 existiu no territ\u00f3rio.<br>O s\u00edtio arqueol\u00f3gico surpreende pelo bom estado de conserva\u00e7\u00e3o de seus cad\u00e1veres, que incluem diversas crian\u00e7as mortas entre 1787 e 1880.<\/p>\n\n\n\n<div class=\"wp-block-image\"><figure class=\"alignleft size-large\"><img decoding=\"async\" src=\"https:\/\/jornalfatosenoticias.com.br\/wp-content\/uploads\/2020\/02\/logo_esteio.jpg\" alt=\"\" class=\"wp-image-1214\"\/><\/figure><\/div>\n\n\n\n<p>O principal fator a causar perplexidade, todavia, \u00e9 o fato de existirem tantas pessoas que tiveram suas vidas finalizadas precocemente e enterradas em um \u00fanico lugar. O local, vale dizer, tornou-se uma <a href=\"https:\/\/aventurasnahistoria.uol.com.br\/noticias\/reportagem\/turismo-macabro-as-catacumbas-dos-capuchinhos-que-abrigam-mais-de-8-mil-cadaveres.phtml\" rel=\"noreferrer noopener\" target=\"_blank\">atra\u00e7\u00e3o tur\u00edstica macabra<\/a> para visitantes da Sic\u00edlia.<br>Conforme divulgado pelo jornal The Guardian, uma equipe de pesquisadores brit\u00e2nicos est\u00e1 determinada a usar tecnologias atuais para entender o contexto hist\u00f3rico por tr\u00e1s da cripta.<\/p>\n\n\n\n<div class=\"wp-block-image\"><figure class=\"aligncenter size-large is-resized\"><img loading=\"lazy\" decoding=\"async\" src=\"https:\/\/jornalfatosenoticias.com.br\/wp-content\/uploads\/2022\/05\/NOVA-LOGO-CESCONETTO-1024x100.jpg\" alt=\"\" class=\"wp-image-30792\" width=\"519\" height=\"50\" srcset=\"https:\/\/jornalfatosenoticias.com.br\/wp-content\/uploads\/2022\/05\/NOVA-LOGO-CESCONETTO-1024x100.jpg 1024w, https:\/\/jornalfatosenoticias.com.br\/wp-content\/uploads\/2022\/05\/NOVA-LOGO-CESCONETTO-300x29.jpg 300w, https:\/\/jornalfatosenoticias.com.br\/wp-content\/uploads\/2022\/05\/NOVA-LOGO-CESCONETTO-768x75.jpg 768w, https:\/\/jornalfatosenoticias.com.br\/wp-content\/uploads\/2022\/05\/NOVA-LOGO-CESCONETTO.jpg 1280w\" sizes=\"auto, (max-width: 519px) 100vw, 519px\" \/><\/figure><\/div>\n\n\n\n<p><strong><span class=\"has-inline-color has-vivid-purple-color\">M\u00e9todos<\/span><\/strong><br>Atrav\u00e9s de combina\u00e7\u00e3o de an\u00e1lises de <a href=\"https:\/\/aventurasnahistoria.uol.com.br\/noticias\/moda-com-historia\/revelados-em-documentos-os-procedimentos-esteticos-feitos-por-marilyn-monroe.phtml\" rel=\"noreferrer noopener\" target=\"_blank\">raios-X<\/a> e estudos de documentos da \u00e9poca, o grupo pretende investigar uma capela espec\u00edfica dentro da catacumba, que parece ter sido criada sob medida para as 41 crian\u00e7as que envolve.<\/p>\n\n\n\n<div class=\"wp-block-image\"><figure class=\"aligncenter size-large is-resized\"><img loading=\"lazy\" decoding=\"async\" src=\"https:\/\/jornalfatosenoticias.com.br\/wp-content\/uploads\/2020\/02\/nova-logo-Marquetti.jpg\" alt=\"\" class=\"wp-image-22331\" width=\"297\" height=\"199\" srcset=\"https:\/\/jornalfatosenoticias.com.br\/wp-content\/uploads\/2020\/02\/nova-logo-Marquetti.jpg 643w, https:\/\/jornalfatosenoticias.com.br\/wp-content\/uploads\/2020\/02\/nova-logo-Marquetti-300x202.jpg 300w\" sizes=\"auto, (max-width: 297px) 100vw, 297px\" \/><\/figure><\/div>\n\n\n\n<blockquote class=\"wp-block-quote is-layout-flow wp-block-quote-is-layout-flow\"><p><span class=\"has-inline-color has-luminous-vivid-orange-color\">&#8220;Vamos realizar nosso trabalho de campo em janeiro. Pegaremos uma unidade port\u00e1til de raios-X e tirar centenas de imagens das crian\u00e7as de diferentes \u00e2ngulos&#8221;, afirmou <strong>Kirsty Squires,<\/strong> uma das envolvidas na pesquisa, que est\u00e1 prevista para durar dois anos, ainda segundo o The Guardian.<\/span><\/p><\/blockquote>\n\n\n\n<div class=\"wp-block-image\"><figure class=\"aligncenter size-large is-resized\"><img loading=\"lazy\" decoding=\"async\" src=\"https:\/\/jornalfatosenoticias.com.br\/wp-content\/uploads\/2022\/02\/Serra-Pack-459.png\" alt=\"\" class=\"wp-image-27471\" width=\"320\" height=\"128\"\/><\/figure><\/div>\n\n\n\n<p><span class=\"has-inline-color has-black-color\"><em><strong>Foto:<\/strong> Divulga\u00e7\u00e3o\/Wikimedia Commons\/Marco Lanza<\/em><\/span><\/p>\n\n\n\n<p><strong><em>Fonte: <a href=\"https:\/\/aventurasnahistoria.uol.com.br\/noticias\/historia-hoje\/enigmatica-cripta-com-163-criancas-mumificadas-e-alvo-de-estudo.phtml\">Aventuras na Hist\u00f3ria<\/a><\/em><\/strong><\/p>\n","protected":false},"excerpt":{"rendered":"<p>A hist\u00f3ria da cripta constru\u00edda mais de dois s\u00e9culos atr\u00e1s permanece majoritariamente desconhecida Uma misteriosa cripta italiana de 200 anos contendo os cad\u00e1veres de nada menos que 163 crian\u00e7as mumificadas finalmente ser\u00e1 alvo de estudo a fim de desvendar que condi\u00e7\u00f5es levaram \u00e0 cria\u00e7\u00e3o do lugar.As catatumbas dos Capuchinhos de Palermo podem ser encontradas na [&hellip;]<\/p>\n","protected":false},"author":2,"featured_media":32275,"comment_status":"open","ping_status":"open","sticky":false,"template":"","format":"standard","meta":{"footnotes":""},"categories":[9808],"tags":[15242,1478,15243,15244,124,1831,15245,6847],"class_list":["post-32274","post","type-post","status-publish","format-standard","has-post-thumbnail","hentry","category-paleo-arqueologia","tag-200-anos","tag-arqueologia","tag-cripta","tag-enigma","tag-italia","tag-misterio","tag-mumias-infantis","tag-sicilia"],"yoast_head":"<!-- This site is optimized with the Yoast SEO plugin v26.5 - https:\/\/yoast.com\/wordpress\/plugins\/seo\/ -->\n<title>Enigm\u00e1tica cripta com 163 crian\u00e7as mumificadas \u00e9 alvo de estudo - Jornal Fatos e Not\u00edcias<\/title>\n<meta name=\"robots\" content=\"index, follow, max-snippet:-1, max-image-preview:large, max-video-preview:-1\" \/>\n<link rel=\"canonical\" href=\"https:\/\/jornalfatosenoticias.com.br\/index.php\/2022\/07\/12\/enigmatica-cripta-com-163-criancas-mumificadas-e-alvo-de-estudo\/\" \/>\n<meta property=\"og:locale\" content=\"pt_BR\" \/>\n<meta property=\"og:type\" content=\"article\" \/>\n<meta property=\"og:title\" content=\"Enigm\u00e1tica cripta com 163 crian\u00e7as mumificadas \u00e9 alvo de estudo - Jornal Fatos e Not\u00edcias\" \/>\n<meta property=\"og:description\" content=\"A hist\u00f3ria da cripta constru\u00edda mais de dois s\u00e9culos atr\u00e1s permanece majoritariamente desconhecida Uma misteriosa cripta italiana de 200 anos contendo os cad\u00e1veres de nada menos que 163 crian\u00e7as mumificadas finalmente ser\u00e1 alvo de estudo a fim de desvendar que condi\u00e7\u00f5es levaram \u00e0 cria\u00e7\u00e3o do lugar.As catatumbas dos Capuchinhos de Palermo podem ser encontradas na [&hellip;]\" \/>\n<meta property=\"og:url\" content=\"https:\/\/jornalfatosenoticias.com.br\/index.php\/2022\/07\/12\/enigmatica-cripta-com-163-criancas-mumificadas-e-alvo-de-estudo\/\" \/>\n<meta property=\"og:site_name\" content=\"Jornal Fatos e Not\u00edcias\" \/>\n<meta property=\"article:published_time\" content=\"2022-07-12T14:57:39+00:00\" \/>\n<meta property=\"article:modified_time\" content=\"2022-07-12T14:57:41+00:00\" \/>\n<meta property=\"og:image\" content=\"https:\/\/jornalfatosenoticias.com.br\/wp-content\/uploads\/2022\/07\/mumias_infantis_palermo_catacumbas.jpg\" \/>\n\t<meta property=\"og:image:width\" content=\"1000\" \/>\n\t<meta property=\"og:image:height\" content=\"562\" \/>\n\t<meta property=\"og:image:type\" content=\"image\/jpeg\" \/>\n<meta name=\"author\" content=\"Luzimara Fernandes\" \/>\n<meta name=\"twitter:card\" content=\"summary_large_image\" \/>\n<meta name=\"twitter:label1\" content=\"Escrito por\" \/>\n\t<meta name=\"twitter:data1\" content=\"Luzimara Fernandes\" \/>\n\t<meta name=\"twitter:label2\" content=\"Est. tempo de leitura\" \/>\n\t<meta name=\"twitter:data2\" content=\"1 minuto\" \/>\n<script type=\"application\/ld+json\" class=\"yoast-schema-graph\">{\"@context\":\"https:\/\/schema.org\",\"@graph\":[{\"@type\":\"Article\",\"@id\":\"https:\/\/jornalfatosenoticias.com.br\/index.php\/2022\/07\/12\/enigmatica-cripta-com-163-criancas-mumificadas-e-alvo-de-estudo\/#article\",\"isPartOf\":{\"@id\":\"https:\/\/jornalfatosenoticias.com.br\/index.php\/2022\/07\/12\/enigmatica-cripta-com-163-criancas-mumificadas-e-alvo-de-estudo\/\"},\"author\":{\"name\":\"Luzimara Fernandes\",\"@id\":\"https:\/\/jornalfatosenoticias.com.br\/#\/schema\/person\/d63837fa13ac8666eb9e74e0985d6f81\"},\"headline\":\"Enigm\u00e1tica cripta com 163 crian\u00e7as mumificadas \u00e9 alvo de estudo\",\"datePublished\":\"2022-07-12T14:57:39+00:00\",\"dateModified\":\"2022-07-12T14:57:41+00:00\",\"mainEntityOfPage\":{\"@id\":\"https:\/\/jornalfatosenoticias.com.br\/index.php\/2022\/07\/12\/enigmatica-cripta-com-163-criancas-mumificadas-e-alvo-de-estudo\/\"},\"wordCount\":302,\"commentCount\":0,\"publisher\":{\"@id\":\"https:\/\/jornalfatosenoticias.com.br\/#organization\"},\"image\":{\"@id\":\"https:\/\/jornalfatosenoticias.com.br\/index.php\/2022\/07\/12\/enigmatica-cripta-com-163-criancas-mumificadas-e-alvo-de-estudo\/#primaryimage\"},\"thumbnailUrl\":\"https:\/\/jornalfatosenoticias.com.br\/wp-content\/uploads\/2022\/07\/mumias_infantis_palermo_catacumbas.jpg\",\"keywords\":[\"200 anos\",\"arqueologia\",\"cripta\",\"enigma\",\"It\u00e1lia\",\"mist\u00e9rio\",\"m\u00famias infantis\",\"Sic\u00edlia\"],\"articleSection\":[\"Paleo &amp; Arqueologia\"],\"inLanguage\":\"pt-BR\",\"potentialAction\":[{\"@type\":\"CommentAction\",\"name\":\"Comment\",\"target\":[\"https:\/\/jornalfatosenoticias.com.br\/index.php\/2022\/07\/12\/enigmatica-cripta-com-163-criancas-mumificadas-e-alvo-de-estudo\/#respond\"]}]},{\"@type\":\"WebPage\",\"@id\":\"https:\/\/jornalfatosenoticias.com.br\/index.php\/2022\/07\/12\/enigmatica-cripta-com-163-criancas-mumificadas-e-alvo-de-estudo\/\",\"url\":\"https:\/\/jornalfatosenoticias.com.br\/index.php\/2022\/07\/12\/enigmatica-cripta-com-163-criancas-mumificadas-e-alvo-de-estudo\/\",\"name\":\"Enigm\u00e1tica cripta com 163 crian\u00e7as mumificadas \u00e9 alvo de estudo - Jornal Fatos e Not\u00edcias\",\"isPartOf\":{\"@id\":\"https:\/\/jornalfatosenoticias.com.br\/#website\"},\"primaryImageOfPage\":{\"@id\":\"https:\/\/jornalfatosenoticias.com.br\/index.php\/2022\/07\/12\/enigmatica-cripta-com-163-criancas-mumificadas-e-alvo-de-estudo\/#primaryimage\"},\"image\":{\"@id\":\"https:\/\/jornalfatosenoticias.com.br\/index.php\/2022\/07\/12\/enigmatica-cripta-com-163-criancas-mumificadas-e-alvo-de-estudo\/#primaryimage\"},\"thumbnailUrl\":\"https:\/\/jornalfatosenoticias.com.br\/wp-content\/uploads\/2022\/07\/mumias_infantis_palermo_catacumbas.jpg\",\"datePublished\":\"2022-07-12T14:57:39+00:00\",\"dateModified\":\"2022-07-12T14:57:41+00:00\",\"breadcrumb\":{\"@id\":\"https:\/\/jornalfatosenoticias.com.br\/index.php\/2022\/07\/12\/enigmatica-cripta-com-163-criancas-mumificadas-e-alvo-de-estudo\/#breadcrumb\"},\"inLanguage\":\"pt-BR\",\"potentialAction\":[{\"@type\":\"ReadAction\",\"target\":[\"https:\/\/jornalfatosenoticias.com.br\/index.php\/2022\/07\/12\/enigmatica-cripta-com-163-criancas-mumificadas-e-alvo-de-estudo\/\"]}]},{\"@type\":\"ImageObject\",\"inLanguage\":\"pt-BR\",\"@id\":\"https:\/\/jornalfatosenoticias.com.br\/index.php\/2022\/07\/12\/enigmatica-cripta-com-163-criancas-mumificadas-e-alvo-de-estudo\/#primaryimage\",\"url\":\"https:\/\/jornalfatosenoticias.com.br\/wp-content\/uploads\/2022\/07\/mumias_infantis_palermo_catacumbas.jpg\",\"contentUrl\":\"https:\/\/jornalfatosenoticias.com.br\/wp-content\/uploads\/2022\/07\/mumias_infantis_palermo_catacumbas.jpg\",\"width\":1000,\"height\":562},{\"@type\":\"BreadcrumbList\",\"@id\":\"https:\/\/jornalfatosenoticias.com.br\/index.php\/2022\/07\/12\/enigmatica-cripta-com-163-criancas-mumificadas-e-alvo-de-estudo\/#breadcrumb\",\"itemListElement\":[{\"@type\":\"ListItem\",\"position\":1,\"name\":\"In\u00edcio\",\"item\":\"https:\/\/jornalfatosenoticias.com.br\/\"},{\"@type\":\"ListItem\",\"position\":2,\"name\":\"Enigm\u00e1tica cripta com 163 crian\u00e7as mumificadas \u00e9 alvo de estudo\"}]},{\"@type\":\"WebSite\",\"@id\":\"https:\/\/jornalfatosenoticias.com.br\/#website\",\"url\":\"https:\/\/jornalfatosenoticias.com.br\/\",\"name\":\"Jornal Fatos e Not\u00edcias\",\"description\":\"Not\u00edcias em geral\",\"publisher\":{\"@id\":\"https:\/\/jornalfatosenoticias.com.br\/#organization\"},\"potentialAction\":[{\"@type\":\"SearchAction\",\"target\":{\"@type\":\"EntryPoint\",\"urlTemplate\":\"https:\/\/jornalfatosenoticias.com.br\/?s={search_term_string}\"},\"query-input\":{\"@type\":\"PropertyValueSpecification\",\"valueRequired\":true,\"valueName\":\"search_term_string\"}}],\"inLanguage\":\"pt-BR\"},{\"@type\":\"Organization\",\"@id\":\"https:\/\/jornalfatosenoticias.com.br\/#organization\",\"name\":\"Jornal Fatos e Not\u00edcias\",\"url\":\"https:\/\/jornalfatosenoticias.com.br\/\",\"logo\":{\"@type\":\"ImageObject\",\"inLanguage\":\"pt-BR\",\"@id\":\"https:\/\/jornalfatosenoticias.com.br\/#\/schema\/logo\/image\/\",\"url\":\"https:\/\/jornalfatosenoticias.com.br\/wp-content\/uploads\/2020\/02\/logo120.png\",\"contentUrl\":\"https:\/\/jornalfatosenoticias.com.br\/wp-content\/uploads\/2020\/02\/logo120.png\",\"width\":1227,\"height\":120,\"caption\":\"Jornal Fatos e Not\u00edcias\"},\"image\":{\"@id\":\"https:\/\/jornalfatosenoticias.com.br\/#\/schema\/logo\/image\/\"}},{\"@type\":\"Person\",\"@id\":\"https:\/\/jornalfatosenoticias.com.br\/#\/schema\/person\/d63837fa13ac8666eb9e74e0985d6f81\",\"name\":\"Luzimara Fernandes\",\"image\":{\"@type\":\"ImageObject\",\"inLanguage\":\"pt-BR\",\"@id\":\"https:\/\/jornalfatosenoticias.com.br\/#\/schema\/person\/image\/\",\"url\":\"https:\/\/jornalfatosenoticias.com.br\/wp-content\/uploads\/2025\/05\/EU_portal.jpg\",\"contentUrl\":\"https:\/\/jornalfatosenoticias.com.br\/wp-content\/uploads\/2025\/05\/EU_portal.jpg\",\"caption\":\"Luzimara Fernandes\"},\"description\":\"Jornalista MTB 2358-ES\",\"sameAs\":[\"https:\/\/jornalfatosenoticias.com.br\"],\"url\":\"https:\/\/jornalfatosenoticias.com.br\/index.php\/author\/luzimara\/\"}]}<\/script>\n<!-- \/ Yoast SEO plugin. -->","yoast_head_json":{"title":"Enigm\u00e1tica cripta com 163 crian\u00e7as mumificadas \u00e9 alvo de estudo - Jornal Fatos e Not\u00edcias","robots":{"index":"index","follow":"follow","max-snippet":"max-snippet:-1","max-image-preview":"max-image-preview:large","max-video-preview":"max-video-preview:-1"},"canonical":"https:\/\/jornalfatosenoticias.com.br\/index.php\/2022\/07\/12\/enigmatica-cripta-com-163-criancas-mumificadas-e-alvo-de-estudo\/","og_locale":"pt_BR","og_type":"article","og_title":"Enigm\u00e1tica cripta com 163 crian\u00e7as mumificadas \u00e9 alvo de estudo - Jornal Fatos e Not\u00edcias","og_description":"A hist\u00f3ria da cripta constru\u00edda mais de dois s\u00e9culos atr\u00e1s permanece majoritariamente desconhecida Uma misteriosa cripta italiana de 200 anos contendo os cad\u00e1veres de nada menos que 163 crian\u00e7as mumificadas finalmente ser\u00e1 alvo de estudo a fim de desvendar que condi\u00e7\u00f5es levaram \u00e0 cria\u00e7\u00e3o do lugar.As catatumbas dos Capuchinhos de Palermo podem ser encontradas na [&hellip;]","og_url":"https:\/\/jornalfatosenoticias.com.br\/index.php\/2022\/07\/12\/enigmatica-cripta-com-163-criancas-mumificadas-e-alvo-de-estudo\/","og_site_name":"Jornal Fatos e Not\u00edcias","article_published_time":"2022-07-12T14:57:39+00:00","article_modified_time":"2022-07-12T14:57:41+00:00","og_image":[{"width":1000,"height":562,"url":"https:\/\/jornalfatosenoticias.com.br\/wp-content\/uploads\/2022\/07\/mumias_infantis_palermo_catacumbas.jpg","type":"image\/jpeg"}],"author":"Luzimara Fernandes","twitter_card":"summary_large_image","twitter_misc":{"Escrito por":"Luzimara Fernandes","Est. tempo de leitura":"1 minuto"},"schema":{"@context":"https:\/\/schema.org","@graph":[{"@type":"Article","@id":"https:\/\/jornalfatosenoticias.com.br\/index.php\/2022\/07\/12\/enigmatica-cripta-com-163-criancas-mumificadas-e-alvo-de-estudo\/#article","isPartOf":{"@id":"https:\/\/jornalfatosenoticias.com.br\/index.php\/2022\/07\/12\/enigmatica-cripta-com-163-criancas-mumificadas-e-alvo-de-estudo\/"},"author":{"name":"Luzimara Fernandes","@id":"https:\/\/jornalfatosenoticias.com.br\/#\/schema\/person\/d63837fa13ac8666eb9e74e0985d6f81"},"headline":"Enigm\u00e1tica cripta com 163 crian\u00e7as mumificadas \u00e9 alvo de estudo","datePublished":"2022-07-12T14:57:39+00:00","dateModified":"2022-07-12T14:57:41+00:00","mainEntityOfPage":{"@id":"https:\/\/jornalfatosenoticias.com.br\/index.php\/2022\/07\/12\/enigmatica-cripta-com-163-criancas-mumificadas-e-alvo-de-estudo\/"},"wordCount":302,"commentCount":0,"publisher":{"@id":"https:\/\/jornalfatosenoticias.com.br\/#organization"},"image":{"@id":"https:\/\/jornalfatosenoticias.com.br\/index.php\/2022\/07\/12\/enigmatica-cripta-com-163-criancas-mumificadas-e-alvo-de-estudo\/#primaryimage"},"thumbnailUrl":"https:\/\/jornalfatosenoticias.com.br\/wp-content\/uploads\/2022\/07\/mumias_infantis_palermo_catacumbas.jpg","keywords":["200 anos","arqueologia","cripta","enigma","It\u00e1lia","mist\u00e9rio","m\u00famias infantis","Sic\u00edlia"],"articleSection":["Paleo &amp; Arqueologia"],"inLanguage":"pt-BR","potentialAction":[{"@type":"CommentAction","name":"Comment","target":["https:\/\/jornalfatosenoticias.com.br\/index.php\/2022\/07\/12\/enigmatica-cripta-com-163-criancas-mumificadas-e-alvo-de-estudo\/#respond"]}]},{"@type":"WebPage","@id":"https:\/\/jornalfatosenoticias.com.br\/index.php\/2022\/07\/12\/enigmatica-cripta-com-163-criancas-mumificadas-e-alvo-de-estudo\/","url":"https:\/\/jornalfatosenoticias.com.br\/index.php\/2022\/07\/12\/enigmatica-cripta-com-163-criancas-mumificadas-e-alvo-de-estudo\/","name":"Enigm\u00e1tica cripta com 163 crian\u00e7as mumificadas \u00e9 alvo de estudo - Jornal Fatos e Not\u00edcias","isPartOf":{"@id":"https:\/\/jornalfatosenoticias.com.br\/#website"},"primaryImageOfPage":{"@id":"https:\/\/jornalfatosenoticias.com.br\/index.php\/2022\/07\/12\/enigmatica-cripta-com-163-criancas-mumificadas-e-alvo-de-estudo\/#primaryimage"},"image":{"@id":"https:\/\/jornalfatosenoticias.com.br\/index.php\/2022\/07\/12\/enigmatica-cripta-com-163-criancas-mumificadas-e-alvo-de-estudo\/#primaryimage"},"thumbnailUrl":"https:\/\/jornalfatosenoticias.com.br\/wp-content\/uploads\/2022\/07\/mumias_infantis_palermo_catacumbas.jpg","datePublished":"2022-07-12T14:57:39+00:00","dateModified":"2022-07-12T14:57:41+00:00","breadcrumb":{"@id":"https:\/\/jornalfatosenoticias.com.br\/index.php\/2022\/07\/12\/enigmatica-cripta-com-163-criancas-mumificadas-e-alvo-de-estudo\/#breadcrumb"},"inLanguage":"pt-BR","potentialAction":[{"@type":"ReadAction","target":["https:\/\/jornalfatosenoticias.com.br\/index.php\/2022\/07\/12\/enigmatica-cripta-com-163-criancas-mumificadas-e-alvo-de-estudo\/"]}]},{"@type":"ImageObject","inLanguage":"pt-BR","@id":"https:\/\/jornalfatosenoticias.com.br\/index.php\/2022\/07\/12\/enigmatica-cripta-com-163-criancas-mumificadas-e-alvo-de-estudo\/#primaryimage","url":"https:\/\/jornalfatosenoticias.com.br\/wp-content\/uploads\/2022\/07\/mumias_infantis_palermo_catacumbas.jpg","contentUrl":"https:\/\/jornalfatosenoticias.com.br\/wp-content\/uploads\/2022\/07\/mumias_infantis_palermo_catacumbas.jpg","width":1000,"height":562},{"@type":"BreadcrumbList","@id":"https:\/\/jornalfatosenoticias.com.br\/index.php\/2022\/07\/12\/enigmatica-cripta-com-163-criancas-mumificadas-e-alvo-de-estudo\/#breadcrumb","itemListElement":[{"@type":"ListItem","position":1,"name":"In\u00edcio","item":"https:\/\/jornalfatosenoticias.com.br\/"},{"@type":"ListItem","position":2,"name":"Enigm\u00e1tica cripta com 163 crian\u00e7as mumificadas \u00e9 alvo de estudo"}]},{"@type":"WebSite","@id":"https:\/\/jornalfatosenoticias.com.br\/#website","url":"https:\/\/jornalfatosenoticias.com.br\/","name":"Jornal Fatos e Not\u00edcias","description":"Not\u00edcias em geral","publisher":{"@id":"https:\/\/jornalfatosenoticias.com.br\/#organization"},"potentialAction":[{"@type":"SearchAction","target":{"@type":"EntryPoint","urlTemplate":"https:\/\/jornalfatosenoticias.com.br\/?s={search_term_string}"},"query-input":{"@type":"PropertyValueSpecification","valueRequired":true,"valueName":"search_term_string"}}],"inLanguage":"pt-BR"},{"@type":"Organization","@id":"https:\/\/jornalfatosenoticias.com.br\/#organization","name":"Jornal Fatos e Not\u00edcias","url":"https:\/\/jornalfatosenoticias.com.br\/","logo":{"@type":"ImageObject","inLanguage":"pt-BR","@id":"https:\/\/jornalfatosenoticias.com.br\/#\/schema\/logo\/image\/","url":"https:\/\/jornalfatosenoticias.com.br\/wp-content\/uploads\/2020\/02\/logo120.png","contentUrl":"https:\/\/jornalfatosenoticias.com.br\/wp-content\/uploads\/2020\/02\/logo120.png","width":1227,"height":120,"caption":"Jornal Fatos e Not\u00edcias"},"image":{"@id":"https:\/\/jornalfatosenoticias.com.br\/#\/schema\/logo\/image\/"}},{"@type":"Person","@id":"https:\/\/jornalfatosenoticias.com.br\/#\/schema\/person\/d63837fa13ac8666eb9e74e0985d6f81","name":"Luzimara Fernandes","image":{"@type":"ImageObject","inLanguage":"pt-BR","@id":"https:\/\/jornalfatosenoticias.com.br\/#\/schema\/person\/image\/","url":"https:\/\/jornalfatosenoticias.com.br\/wp-content\/uploads\/2025\/05\/EU_portal.jpg","contentUrl":"https:\/\/jornalfatosenoticias.com.br\/wp-content\/uploads\/2025\/05\/EU_portal.jpg","caption":"Luzimara Fernandes"},"description":"Jornalista MTB 2358-ES","sameAs":["https:\/\/jornalfatosenoticias.com.br"],"url":"https:\/\/jornalfatosenoticias.com.br\/index.php\/author\/luzimara\/"}]}},"cc_featured_image_caption":{"caption_text":"","source_text":"","source_url":""},"jetpack_featured_media_url":"https:\/\/jornalfatosenoticias.com.br\/wp-content\/uploads\/2022\/07\/mumias_infantis_palermo_catacumbas.jpg","_links":{"self":[{"href":"https:\/\/jornalfatosenoticias.com.br\/index.php\/wp-json\/wp\/v2\/posts\/32274","targetHints":{"allow":["GET"]}}],"collection":[{"href":"https:\/\/jornalfatosenoticias.com.br\/index.php\/wp-json\/wp\/v2\/posts"}],"about":[{"href":"https:\/\/jornalfatosenoticias.com.br\/index.php\/wp-json\/wp\/v2\/types\/post"}],"author":[{"embeddable":true,"href":"https:\/\/jornalfatosenoticias.com.br\/index.php\/wp-json\/wp\/v2\/users\/2"}],"replies":[{"embeddable":true,"href":"https:\/\/jornalfatosenoticias.com.br\/index.php\/wp-json\/wp\/v2\/comments?post=32274"}],"version-history":[{"count":0,"href":"https:\/\/jornalfatosenoticias.com.br\/index.php\/wp-json\/wp\/v2\/posts\/32274\/revisions"}],"wp:featuredmedia":[{"embeddable":true,"href":"https:\/\/jornalfatosenoticias.com.br\/index.php\/wp-json\/wp\/v2\/media\/32275"}],"wp:attachment":[{"href":"https:\/\/jornalfatosenoticias.com.br\/index.php\/wp-json\/wp\/v2\/media?parent=32274"}],"wp:term":[{"taxonomy":"category","embeddable":true,"href":"https:\/\/jornalfatosenoticias.com.br\/index.php\/wp-json\/wp\/v2\/categories?post=32274"},{"taxonomy":"post_tag","embeddable":true,"href":"https:\/\/jornalfatosenoticias.com.br\/index.php\/wp-json\/wp\/v2\/tags?post=32274"}],"curies":[{"name":"wp","href":"https:\/\/api.w.org\/{rel}","templated":true}]}}