{"id":32322,"date":"2022-07-14T13:33:19","date_gmt":"2022-07-14T16:33:19","guid":{"rendered":"https:\/\/jornalfatosenoticias.com.br\/?p=32322"},"modified":"2022-07-14T13:33:20","modified_gmt":"2022-07-14T16:33:20","slug":"toque-de-carinho-e-essencial-para-evolucao-humana","status":"publish","type":"post","link":"https:\/\/jornalfatosenoticias.com.br\/index.php\/2022\/07\/14\/toque-de-carinho-e-essencial-para-evolucao-humana\/","title":{"rendered":"Toque de carinho \u00e9 essencial para evolu\u00e7\u00e3o humana"},"content":{"rendered":"\n<p><em><span class=\"has-inline-color has-black-color\">A t\u00e9cnica do toque de carinho tem efeitos positivos no tratamento de estresse p\u00f3s-traum\u00e1tico e no desenvolvimento de crian\u00e7as<\/span><\/em><\/p>\n\n\n\n<div class=\"wp-block-image\"><figure class=\"aligncenter size-large is-resized\"><img loading=\"lazy\" decoding=\"async\" src=\"https:\/\/jornalfatosenoticias.com.br\/wp-content\/uploads\/2022\/02\/Arte-Autoescola-Galatas_endereco_portal-1024x103.png\" alt=\"\" class=\"wp-image-27869\" width=\"530\" height=\"53\" srcset=\"https:\/\/jornalfatosenoticias.com.br\/wp-content\/uploads\/2022\/02\/Arte-Autoescola-Galatas_endereco_portal-1024x103.png 1024w, https:\/\/jornalfatosenoticias.com.br\/wp-content\/uploads\/2022\/02\/Arte-Autoescola-Galatas_endereco_portal-300x30.png 300w, https:\/\/jornalfatosenoticias.com.br\/wp-content\/uploads\/2022\/02\/Arte-Autoescola-Galatas_endereco_portal-768x77.png 768w, https:\/\/jornalfatosenoticias.com.br\/wp-content\/uploads\/2022\/02\/Arte-Autoescola-Galatas_endereco_portal.png 1223w\" sizes=\"auto, (max-width: 530px) 100vw, 530px\" \/><\/figure><\/div>\n\n\n\n<p>O toque de carinho \u00e9 uma t\u00e9cnica definida por abra\u00e7os, toques tranquilizadores, tapinhas nas costas ou qualquer outro tipo de toque que passe uma sensa\u00e7\u00e3o de carinho. A t\u00e9cnica do toque de carinho costuma ser aplicada em crian\u00e7as e rec\u00e9m-nascidos, mas tamb\u00e9m \u00e9 bem comum no tratamento de pessoas que passaram por eventos traum\u00e1ticos.<br>O tratamento com toque de carinho \u00e9 comumente feito em crian\u00e7as, pois ele \u00e9 conhecido por ter impactos positivos no desenvolvimento de beb\u00eas e adolescentes. Cada pessoa tem uma rela\u00e7\u00e3o e uma toler\u00e2ncia diferente com o toque. Esses fatores costumam ser impactados pela cultura, educa\u00e7\u00e3o, experi\u00eancia, defici\u00eancias e quest\u00f5es psicol\u00f3gicas, como autismo e transtorno obsessivo-compulsivo.<\/p>\n\n\n\n<div class=\"wp-block-image\"><figure class=\"alignright size-large is-resized\"><img loading=\"lazy\" decoding=\"async\" src=\"https:\/\/jornalfatosenoticias.com.br\/wp-content\/uploads\/2020\/02\/nova-logo-Marquetti.jpg\" alt=\"\" class=\"wp-image-22331\" width=\"301\" height=\"202\" srcset=\"https:\/\/jornalfatosenoticias.com.br\/wp-content\/uploads\/2020\/02\/nova-logo-Marquetti.jpg 643w, https:\/\/jornalfatosenoticias.com.br\/wp-content\/uploads\/2020\/02\/nova-logo-Marquetti-300x202.jpg 300w\" sizes=\"auto, (max-width: 301px) 100vw, 301px\" \/><\/figure><\/div>\n\n\n\n<p>A t\u00e9cnica do toque de carinho pode ser praticada por um profissional da \u00e1rea, que estuda e trabalha com esse tratamento. Por\u00e9m, ela tamb\u00e9m pode ser realizada no dia a dia de um indiv\u00edduo com ajuda de familiares e amigos. O simples ato de abra\u00e7ar ou segurar a m\u00e3o de um amigo, filho ou irm\u00e3o j\u00e1 \u00e9 um exemplo simples da t\u00e9cnica do toque de carinho.<\/p>\n\n\n\n<p><strong><span class=\"has-inline-color has-vivid-purple-color\">Benef\u00edcios da t\u00e9cnica do toque de carinho<br><\/span><\/strong>O toque de carinho tem um papel importante no desenvolvimento humano, desde o nascimento at\u00e9 a morte. Diversos estudos provam que o ato de tocar uma pessoa com carinho j\u00e1 \u00e9 o suficiente para tratar sintomas de depress\u00e3o, ansiedade e ainda criar uma crian\u00e7a saud\u00e1vel.<\/p>\n\n\n\n<div class=\"wp-block-image\"><figure class=\"alignleft size-large\"><img decoding=\"async\" src=\"https:\/\/jornalfatosenoticias.com.br\/wp-content\/uploads\/2020\/02\/logo_esteio.jpg\" alt=\"\" class=\"wp-image-1214\"\/><\/figure><\/div>\n\n\n\n<p><strong><span class=\"has-inline-color has-vivid-purple-color\">Toque de carinho em rec\u00e9m-nascidos<br><\/span><\/strong>Um experimento realizado em 1996 pela pesquisadora Martha Nogueras, mostrou que rec\u00e9m-nascidos que recebem o toque de carinho demonstraram ter um melhor desenvolvimento social. Essas crian\u00e7as apresentaram maior foco e aten\u00e7\u00e3o ao ter contato com outras crian\u00e7as volunt\u00e1rias.<br>Em outro estudo realizado em 1998, os pesquisadores notaram que os rec\u00e9m-nascidos que tiveram contato com o toque de carinho foram liberados seis dias mais cedo do hospital do que aqueles que n\u00e3o tiveram. Al\u00e9m disso, os estudiosos perceberam que esses beb\u00eas passavam mais tempo acordados e ativos.<\/p>\n\n\n\n<figure class=\"wp-block-image size-large\"><img loading=\"lazy\" decoding=\"async\" width=\"1000\" height=\"552\" src=\"https:\/\/jornalfatosenoticias.com.br\/wp-content\/uploads\/2022\/07\/TOQUE-DE-CARINHO_AMIGOS.jpg\" alt=\"\" class=\"wp-image-32323\" srcset=\"https:\/\/jornalfatosenoticias.com.br\/wp-content\/uploads\/2022\/07\/TOQUE-DE-CARINHO_AMIGOS.jpg 1000w, https:\/\/jornalfatosenoticias.com.br\/wp-content\/uploads\/2022\/07\/TOQUE-DE-CARINHO_AMIGOS-300x166.jpg 300w, https:\/\/jornalfatosenoticias.com.br\/wp-content\/uploads\/2022\/07\/TOQUE-DE-CARINHO_AMIGOS-768x424.jpg 768w\" sizes=\"auto, (max-width: 1000px) 100vw, 1000px\" \/><figcaption><em><span class=\"has-inline-color has-black-color\">(Foto: Pexels)<\/span><\/em><\/figcaption><\/figure>\n\n\n\n<div class=\"wp-block-image\"><figure class=\"alignright size-large is-resized\"><img loading=\"lazy\" decoding=\"async\" src=\"https:\/\/jornalfatosenoticias.com.br\/wp-content\/uploads\/2022\/07\/Logo-Grupo-SEI.jpg\" alt=\"\" class=\"wp-image-31973\" width=\"319\" height=\"168\" srcset=\"https:\/\/jornalfatosenoticias.com.br\/wp-content\/uploads\/2022\/07\/Logo-Grupo-SEI.jpg 713w, https:\/\/jornalfatosenoticias.com.br\/wp-content\/uploads\/2022\/07\/Logo-Grupo-SEI-300x158.jpg 300w\" sizes=\"auto, (max-width: 319px) 100vw, 319px\" \/><\/figure><\/div>\n\n\n\n<p><strong><span class=\"has-inline-color has-vivid-purple-color\">Toque de carinho em adolescentes<br><\/span><\/strong>Em um estudo realizado em 2002 por Tiffany Field, a pesquisadora descobriu que quanto menos toque de carinho, mais propenso era o adolescente a agir de forma agressiva. Para os estudiosos envolvidos na pesquisa, a t\u00e9cnica do toque de carinho tem papel importante no tratamento de adolescentes violentos.<br>Acredita-se que isso aconte\u00e7a devido \u00e0 redu\u00e7\u00e3o dos n\u00edveis de dopamina no organismo do adolescente, e um aumento nos n\u00edveis de serotonina. Ou seja, as atitudes agressivas, causadas pela dopamina, diminuem e as emp\u00e1ticas, de responsabilidade da serotonina, aumentam.<\/p>\n\n\n\n<div class=\"wp-block-image\"><figure class=\"aligncenter size-large is-resized\"><img loading=\"lazy\" decoding=\"async\" src=\"https:\/\/jornalfatosenoticias.com.br\/wp-content\/uploads\/2020\/02\/Serra-Grande-1024x160.png\" alt=\"\" class=\"wp-image-7836\" width=\"459\" height=\"71\"\/><\/figure><\/div>\n\n\n\n<p><strong><span class=\"has-inline-color has-vivid-purple-color\">Toque de carinho no tratamento de traumas<br><\/span><\/strong>Um estudo da Nottingham Trent University (NTU)mostrou que a t\u00e9cnica do toque de carinho \u00e9 efetiva no tratamento de experi\u00eancias traum\u00e1ticas. Os pesquisadores utilizaram especialistas de toque de carinho para cuidar dos volunt\u00e1rios que passaram por situa\u00e7\u00f5es ruins.<br>Enquanto esses participantes pensavam sobre o evento traum\u00e1tico, eles eram tratados com abra\u00e7os e toques no rosto, bra\u00e7o e ombros. Depois de algumas semanas de tratamento, esses pacientes apresentaram melhoras significativas em seus casos de estresse p\u00f3s-traum\u00e1tico. Para os estudiosos, isso aconteceu devido \u00e0s mudan\u00e7as no modo de processar as emo\u00e7\u00f5es a respeito do evento.<\/p>\n\n\n\n<div class=\"wp-block-image\"><figure class=\"aligncenter size-large is-resized\"><img loading=\"lazy\" decoding=\"async\" src=\"https:\/\/jornalfatosenoticias.com.br\/wp-content\/uploads\/2022\/03\/logo-Suinco-1024x390.jpg\" alt=\"\" class=\"wp-image-28785\" width=\"383\" height=\"145\"\/><\/figure><\/div>\n\n\n\n<p><strong><span class=\"has-inline-color has-vivid-purple-color\">Como praticar o toque de carinho<br><\/span><\/strong>Com as descobertas desses estudos \u00e9 poss\u00edvel notar o impacto positivo do toque de carinho na vida das pessoas. Isso n\u00e3o significa que \u00e9 preciso contratar um profissional para cada momento da sua vida. Na verdade, significa que ter carinho com os outros e toc\u00e1-los, de maneira consentida, \u00e9 algo natural e importante.<br>Por isso, voc\u00ea pode praticar o toque de carinho diariamente com seus familiares e amigos. Basta abra\u00e7\u00e1-los, segurar a m\u00e3o e dar um tapinha nas costas quando eles precisarem. Quando seus entes queridos precisarem de um abra\u00e7o ou um carinho, n\u00e3o hesite em oferecer, esses pequenos atos s\u00e3o importantes na vida de um indiv\u00edduo. Em momentos mais extremos, onde existem condi\u00e7\u00f5es psicol\u00f3gicas e tratamento de estresse p\u00f3s-traum\u00e1tico, procure orienta\u00e7\u00e3o de um psic\u00f3logo.<\/p>\n\n\n\n<div class=\"wp-block-image\"><figure class=\"aligncenter size-large is-resized\"><img loading=\"lazy\" decoding=\"async\" src=\"https:\/\/jornalfatosenoticias.com.br\/wp-content\/uploads\/2022\/02\/Serra-Pack-459.png\" alt=\"\" class=\"wp-image-27471\" width=\"308\" height=\"123\"\/><\/figure><\/div>\n\n\n\n<p><strong><em>Fonte: <a href=\"https:\/\/www.ecycle.com.br\/toque-de-carinho\/\">eCycle<\/a><\/em><\/strong><\/p>\n","protected":false},"excerpt":{"rendered":"<p>A t\u00e9cnica do toque de carinho tem efeitos positivos no tratamento de estresse p\u00f3s-traum\u00e1tico e no desenvolvimento de crian\u00e7as O toque de carinho \u00e9 uma t\u00e9cnica definida por abra\u00e7os, toques tranquilizadores, tapinhas nas costas ou qualquer outro tipo de toque que passe uma sensa\u00e7\u00e3o de carinho. A t\u00e9cnica do toque de carinho costuma ser aplicada [&hellip;]<\/p>\n","protected":false},"author":2,"featured_media":32324,"comment_status":"open","ping_status":"open","sticky":false,"template":"","format":"standard","meta":{"footnotes":""},"categories":[2522],"tags":[1326,15259,15258],"class_list":["post-32322","post","type-post","status-publish","format-standard","has-post-thumbnail","hentry","category-comportamento","tag-carinho","tag-eventos-traumaticos","tag-toque-de-carinho"],"yoast_head":"<!-- This site is optimized with the Yoast SEO plugin v26.5 - https:\/\/yoast.com\/wordpress\/plugins\/seo\/ -->\n<title>Toque de carinho \u00e9 essencial para evolu\u00e7\u00e3o humana - Jornal Fatos e Not\u00edcias<\/title>\n<meta name=\"robots\" content=\"index, follow, max-snippet:-1, max-image-preview:large, max-video-preview:-1\" \/>\n<link rel=\"canonical\" href=\"https:\/\/jornalfatosenoticias.com.br\/index.php\/2022\/07\/14\/toque-de-carinho-e-essencial-para-evolucao-humana\/\" \/>\n<meta property=\"og:locale\" content=\"pt_BR\" \/>\n<meta property=\"og:type\" content=\"article\" \/>\n<meta property=\"og:title\" content=\"Toque de carinho \u00e9 essencial para evolu\u00e7\u00e3o humana - Jornal Fatos e Not\u00edcias\" \/>\n<meta property=\"og:description\" content=\"A t\u00e9cnica do toque de carinho tem efeitos positivos no tratamento de estresse p\u00f3s-traum\u00e1tico e no desenvolvimento de crian\u00e7as O toque de carinho \u00e9 uma t\u00e9cnica definida por abra\u00e7os, toques tranquilizadores, tapinhas nas costas ou qualquer outro tipo de toque que passe uma sensa\u00e7\u00e3o de carinho. A t\u00e9cnica do toque de carinho costuma ser aplicada [&hellip;]\" \/>\n<meta property=\"og:url\" content=\"https:\/\/jornalfatosenoticias.com.br\/index.php\/2022\/07\/14\/toque-de-carinho-e-essencial-para-evolucao-humana\/\" \/>\n<meta property=\"og:site_name\" content=\"Jornal Fatos e Not\u00edcias\" \/>\n<meta property=\"article:published_time\" content=\"2022-07-14T16:33:19+00:00\" \/>\n<meta property=\"article:modified_time\" content=\"2022-07-14T16:33:20+00:00\" \/>\n<meta property=\"og:image\" content=\"https:\/\/jornalfatosenoticias.com.br\/wp-content\/uploads\/2022\/07\/TOQUE-DE-CARINHO.jpg\" \/>\n\t<meta property=\"og:image:width\" content=\"1000\" \/>\n\t<meta property=\"og:image:height\" content=\"669\" \/>\n\t<meta property=\"og:image:type\" content=\"image\/jpeg\" \/>\n<meta name=\"author\" content=\"Luzimara Fernandes\" \/>\n<meta name=\"twitter:card\" content=\"summary_large_image\" \/>\n<meta name=\"twitter:label1\" content=\"Escrito por\" \/>\n\t<meta name=\"twitter:data1\" content=\"Luzimara Fernandes\" \/>\n\t<meta name=\"twitter:label2\" content=\"Est. tempo de leitura\" \/>\n\t<meta name=\"twitter:data2\" content=\"4 minutos\" \/>\n<script type=\"application\/ld+json\" class=\"yoast-schema-graph\">{\"@context\":\"https:\/\/schema.org\",\"@graph\":[{\"@type\":\"Article\",\"@id\":\"https:\/\/jornalfatosenoticias.com.br\/index.php\/2022\/07\/14\/toque-de-carinho-e-essencial-para-evolucao-humana\/#article\",\"isPartOf\":{\"@id\":\"https:\/\/jornalfatosenoticias.com.br\/index.php\/2022\/07\/14\/toque-de-carinho-e-essencial-para-evolucao-humana\/\"},\"author\":{\"name\":\"Luzimara Fernandes\",\"@id\":\"https:\/\/jornalfatosenoticias.com.br\/#\/schema\/person\/d63837fa13ac8666eb9e74e0985d6f81\"},\"headline\":\"Toque de carinho \u00e9 essencial para evolu\u00e7\u00e3o humana\",\"datePublished\":\"2022-07-14T16:33:19+00:00\",\"dateModified\":\"2022-07-14T16:33:20+00:00\",\"mainEntityOfPage\":{\"@id\":\"https:\/\/jornalfatosenoticias.com.br\/index.php\/2022\/07\/14\/toque-de-carinho-e-essencial-para-evolucao-humana\/\"},\"wordCount\":736,\"commentCount\":0,\"publisher\":{\"@id\":\"https:\/\/jornalfatosenoticias.com.br\/#organization\"},\"image\":{\"@id\":\"https:\/\/jornalfatosenoticias.com.br\/index.php\/2022\/07\/14\/toque-de-carinho-e-essencial-para-evolucao-humana\/#primaryimage\"},\"thumbnailUrl\":\"https:\/\/jornalfatosenoticias.com.br\/wp-content\/uploads\/2022\/07\/TOQUE-DE-CARINHO.jpg\",\"keywords\":[\"carinho\",\"eventos traum\u00e1ticos\",\"toque de carinho\"],\"articleSection\":[\"Comportamento &amp; Equil\u00edbrio\"],\"inLanguage\":\"pt-BR\",\"potentialAction\":[{\"@type\":\"CommentAction\",\"name\":\"Comment\",\"target\":[\"https:\/\/jornalfatosenoticias.com.br\/index.php\/2022\/07\/14\/toque-de-carinho-e-essencial-para-evolucao-humana\/#respond\"]}]},{\"@type\":\"WebPage\",\"@id\":\"https:\/\/jornalfatosenoticias.com.br\/index.php\/2022\/07\/14\/toque-de-carinho-e-essencial-para-evolucao-humana\/\",\"url\":\"https:\/\/jornalfatosenoticias.com.br\/index.php\/2022\/07\/14\/toque-de-carinho-e-essencial-para-evolucao-humana\/\",\"name\":\"Toque de carinho \u00e9 essencial para evolu\u00e7\u00e3o humana - Jornal Fatos e Not\u00edcias\",\"isPartOf\":{\"@id\":\"https:\/\/jornalfatosenoticias.com.br\/#website\"},\"primaryImageOfPage\":{\"@id\":\"https:\/\/jornalfatosenoticias.com.br\/index.php\/2022\/07\/14\/toque-de-carinho-e-essencial-para-evolucao-humana\/#primaryimage\"},\"image\":{\"@id\":\"https:\/\/jornalfatosenoticias.com.br\/index.php\/2022\/07\/14\/toque-de-carinho-e-essencial-para-evolucao-humana\/#primaryimage\"},\"thumbnailUrl\":\"https:\/\/jornalfatosenoticias.com.br\/wp-content\/uploads\/2022\/07\/TOQUE-DE-CARINHO.jpg\",\"datePublished\":\"2022-07-14T16:33:19+00:00\",\"dateModified\":\"2022-07-14T16:33:20+00:00\",\"breadcrumb\":{\"@id\":\"https:\/\/jornalfatosenoticias.com.br\/index.php\/2022\/07\/14\/toque-de-carinho-e-essencial-para-evolucao-humana\/#breadcrumb\"},\"inLanguage\":\"pt-BR\",\"potentialAction\":[{\"@type\":\"ReadAction\",\"target\":[\"https:\/\/jornalfatosenoticias.com.br\/index.php\/2022\/07\/14\/toque-de-carinho-e-essencial-para-evolucao-humana\/\"]}]},{\"@type\":\"ImageObject\",\"inLanguage\":\"pt-BR\",\"@id\":\"https:\/\/jornalfatosenoticias.com.br\/index.php\/2022\/07\/14\/toque-de-carinho-e-essencial-para-evolucao-humana\/#primaryimage\",\"url\":\"https:\/\/jornalfatosenoticias.com.br\/wp-content\/uploads\/2022\/07\/TOQUE-DE-CARINHO.jpg\",\"contentUrl\":\"https:\/\/jornalfatosenoticias.com.br\/wp-content\/uploads\/2022\/07\/TOQUE-DE-CARINHO.jpg\",\"width\":1000,\"height\":669},{\"@type\":\"BreadcrumbList\",\"@id\":\"https:\/\/jornalfatosenoticias.com.br\/index.php\/2022\/07\/14\/toque-de-carinho-e-essencial-para-evolucao-humana\/#breadcrumb\",\"itemListElement\":[{\"@type\":\"ListItem\",\"position\":1,\"name\":\"In\u00edcio\",\"item\":\"https:\/\/jornalfatosenoticias.com.br\/\"},{\"@type\":\"ListItem\",\"position\":2,\"name\":\"Toque de carinho \u00e9 essencial para evolu\u00e7\u00e3o humana\"}]},{\"@type\":\"WebSite\",\"@id\":\"https:\/\/jornalfatosenoticias.com.br\/#website\",\"url\":\"https:\/\/jornalfatosenoticias.com.br\/\",\"name\":\"Jornal Fatos e Not\u00edcias\",\"description\":\"Not\u00edcias em geral\",\"publisher\":{\"@id\":\"https:\/\/jornalfatosenoticias.com.br\/#organization\"},\"potentialAction\":[{\"@type\":\"SearchAction\",\"target\":{\"@type\":\"EntryPoint\",\"urlTemplate\":\"https:\/\/jornalfatosenoticias.com.br\/?s={search_term_string}\"},\"query-input\":{\"@type\":\"PropertyValueSpecification\",\"valueRequired\":true,\"valueName\":\"search_term_string\"}}],\"inLanguage\":\"pt-BR\"},{\"@type\":\"Organization\",\"@id\":\"https:\/\/jornalfatosenoticias.com.br\/#organization\",\"name\":\"Jornal Fatos e Not\u00edcias\",\"url\":\"https:\/\/jornalfatosenoticias.com.br\/\",\"logo\":{\"@type\":\"ImageObject\",\"inLanguage\":\"pt-BR\",\"@id\":\"https:\/\/jornalfatosenoticias.com.br\/#\/schema\/logo\/image\/\",\"url\":\"https:\/\/jornalfatosenoticias.com.br\/wp-content\/uploads\/2020\/02\/logo120.png\",\"contentUrl\":\"https:\/\/jornalfatosenoticias.com.br\/wp-content\/uploads\/2020\/02\/logo120.png\",\"width\":1227,\"height\":120,\"caption\":\"Jornal Fatos e Not\u00edcias\"},\"image\":{\"@id\":\"https:\/\/jornalfatosenoticias.com.br\/#\/schema\/logo\/image\/\"}},{\"@type\":\"Person\",\"@id\":\"https:\/\/jornalfatosenoticias.com.br\/#\/schema\/person\/d63837fa13ac8666eb9e74e0985d6f81\",\"name\":\"Luzimara Fernandes\",\"image\":{\"@type\":\"ImageObject\",\"inLanguage\":\"pt-BR\",\"@id\":\"https:\/\/jornalfatosenoticias.com.br\/#\/schema\/person\/image\/\",\"url\":\"https:\/\/jornalfatosenoticias.com.br\/wp-content\/uploads\/2025\/05\/EU_portal.jpg\",\"contentUrl\":\"https:\/\/jornalfatosenoticias.com.br\/wp-content\/uploads\/2025\/05\/EU_portal.jpg\",\"caption\":\"Luzimara Fernandes\"},\"description\":\"Jornalista MTB 2358-ES\",\"sameAs\":[\"https:\/\/jornalfatosenoticias.com.br\"],\"url\":\"https:\/\/jornalfatosenoticias.com.br\/index.php\/author\/luzimara\/\"}]}<\/script>\n<!-- \/ Yoast SEO plugin. -->","yoast_head_json":{"title":"Toque de carinho \u00e9 essencial para evolu\u00e7\u00e3o humana - Jornal Fatos e Not\u00edcias","robots":{"index":"index","follow":"follow","max-snippet":"max-snippet:-1","max-image-preview":"max-image-preview:large","max-video-preview":"max-video-preview:-1"},"canonical":"https:\/\/jornalfatosenoticias.com.br\/index.php\/2022\/07\/14\/toque-de-carinho-e-essencial-para-evolucao-humana\/","og_locale":"pt_BR","og_type":"article","og_title":"Toque de carinho \u00e9 essencial para evolu\u00e7\u00e3o humana - Jornal Fatos e Not\u00edcias","og_description":"A t\u00e9cnica do toque de carinho tem efeitos positivos no tratamento de estresse p\u00f3s-traum\u00e1tico e no desenvolvimento de crian\u00e7as O toque de carinho \u00e9 uma t\u00e9cnica definida por abra\u00e7os, toques tranquilizadores, tapinhas nas costas ou qualquer outro tipo de toque que passe uma sensa\u00e7\u00e3o de carinho. A t\u00e9cnica do toque de carinho costuma ser aplicada [&hellip;]","og_url":"https:\/\/jornalfatosenoticias.com.br\/index.php\/2022\/07\/14\/toque-de-carinho-e-essencial-para-evolucao-humana\/","og_site_name":"Jornal Fatos e Not\u00edcias","article_published_time":"2022-07-14T16:33:19+00:00","article_modified_time":"2022-07-14T16:33:20+00:00","og_image":[{"width":1000,"height":669,"url":"https:\/\/jornalfatosenoticias.com.br\/wp-content\/uploads\/2022\/07\/TOQUE-DE-CARINHO.jpg","type":"image\/jpeg"}],"author":"Luzimara Fernandes","twitter_card":"summary_large_image","twitter_misc":{"Escrito por":"Luzimara Fernandes","Est. tempo de leitura":"4 minutos"},"schema":{"@context":"https:\/\/schema.org","@graph":[{"@type":"Article","@id":"https:\/\/jornalfatosenoticias.com.br\/index.php\/2022\/07\/14\/toque-de-carinho-e-essencial-para-evolucao-humana\/#article","isPartOf":{"@id":"https:\/\/jornalfatosenoticias.com.br\/index.php\/2022\/07\/14\/toque-de-carinho-e-essencial-para-evolucao-humana\/"},"author":{"name":"Luzimara Fernandes","@id":"https:\/\/jornalfatosenoticias.com.br\/#\/schema\/person\/d63837fa13ac8666eb9e74e0985d6f81"},"headline":"Toque de carinho \u00e9 essencial para evolu\u00e7\u00e3o humana","datePublished":"2022-07-14T16:33:19+00:00","dateModified":"2022-07-14T16:33:20+00:00","mainEntityOfPage":{"@id":"https:\/\/jornalfatosenoticias.com.br\/index.php\/2022\/07\/14\/toque-de-carinho-e-essencial-para-evolucao-humana\/"},"wordCount":736,"commentCount":0,"publisher":{"@id":"https:\/\/jornalfatosenoticias.com.br\/#organization"},"image":{"@id":"https:\/\/jornalfatosenoticias.com.br\/index.php\/2022\/07\/14\/toque-de-carinho-e-essencial-para-evolucao-humana\/#primaryimage"},"thumbnailUrl":"https:\/\/jornalfatosenoticias.com.br\/wp-content\/uploads\/2022\/07\/TOQUE-DE-CARINHO.jpg","keywords":["carinho","eventos traum\u00e1ticos","toque de carinho"],"articleSection":["Comportamento &amp; Equil\u00edbrio"],"inLanguage":"pt-BR","potentialAction":[{"@type":"CommentAction","name":"Comment","target":["https:\/\/jornalfatosenoticias.com.br\/index.php\/2022\/07\/14\/toque-de-carinho-e-essencial-para-evolucao-humana\/#respond"]}]},{"@type":"WebPage","@id":"https:\/\/jornalfatosenoticias.com.br\/index.php\/2022\/07\/14\/toque-de-carinho-e-essencial-para-evolucao-humana\/","url":"https:\/\/jornalfatosenoticias.com.br\/index.php\/2022\/07\/14\/toque-de-carinho-e-essencial-para-evolucao-humana\/","name":"Toque de carinho \u00e9 essencial para evolu\u00e7\u00e3o humana - Jornal Fatos e Not\u00edcias","isPartOf":{"@id":"https:\/\/jornalfatosenoticias.com.br\/#website"},"primaryImageOfPage":{"@id":"https:\/\/jornalfatosenoticias.com.br\/index.php\/2022\/07\/14\/toque-de-carinho-e-essencial-para-evolucao-humana\/#primaryimage"},"image":{"@id":"https:\/\/jornalfatosenoticias.com.br\/index.php\/2022\/07\/14\/toque-de-carinho-e-essencial-para-evolucao-humana\/#primaryimage"},"thumbnailUrl":"https:\/\/jornalfatosenoticias.com.br\/wp-content\/uploads\/2022\/07\/TOQUE-DE-CARINHO.jpg","datePublished":"2022-07-14T16:33:19+00:00","dateModified":"2022-07-14T16:33:20+00:00","breadcrumb":{"@id":"https:\/\/jornalfatosenoticias.com.br\/index.php\/2022\/07\/14\/toque-de-carinho-e-essencial-para-evolucao-humana\/#breadcrumb"},"inLanguage":"pt-BR","potentialAction":[{"@type":"ReadAction","target":["https:\/\/jornalfatosenoticias.com.br\/index.php\/2022\/07\/14\/toque-de-carinho-e-essencial-para-evolucao-humana\/"]}]},{"@type":"ImageObject","inLanguage":"pt-BR","@id":"https:\/\/jornalfatosenoticias.com.br\/index.php\/2022\/07\/14\/toque-de-carinho-e-essencial-para-evolucao-humana\/#primaryimage","url":"https:\/\/jornalfatosenoticias.com.br\/wp-content\/uploads\/2022\/07\/TOQUE-DE-CARINHO.jpg","contentUrl":"https:\/\/jornalfatosenoticias.com.br\/wp-content\/uploads\/2022\/07\/TOQUE-DE-CARINHO.jpg","width":1000,"height":669},{"@type":"BreadcrumbList","@id":"https:\/\/jornalfatosenoticias.com.br\/index.php\/2022\/07\/14\/toque-de-carinho-e-essencial-para-evolucao-humana\/#breadcrumb","itemListElement":[{"@type":"ListItem","position":1,"name":"In\u00edcio","item":"https:\/\/jornalfatosenoticias.com.br\/"},{"@type":"ListItem","position":2,"name":"Toque de carinho \u00e9 essencial para evolu\u00e7\u00e3o humana"}]},{"@type":"WebSite","@id":"https:\/\/jornalfatosenoticias.com.br\/#website","url":"https:\/\/jornalfatosenoticias.com.br\/","name":"Jornal Fatos e Not\u00edcias","description":"Not\u00edcias em geral","publisher":{"@id":"https:\/\/jornalfatosenoticias.com.br\/#organization"},"potentialAction":[{"@type":"SearchAction","target":{"@type":"EntryPoint","urlTemplate":"https:\/\/jornalfatosenoticias.com.br\/?s={search_term_string}"},"query-input":{"@type":"PropertyValueSpecification","valueRequired":true,"valueName":"search_term_string"}}],"inLanguage":"pt-BR"},{"@type":"Organization","@id":"https:\/\/jornalfatosenoticias.com.br\/#organization","name":"Jornal Fatos e Not\u00edcias","url":"https:\/\/jornalfatosenoticias.com.br\/","logo":{"@type":"ImageObject","inLanguage":"pt-BR","@id":"https:\/\/jornalfatosenoticias.com.br\/#\/schema\/logo\/image\/","url":"https:\/\/jornalfatosenoticias.com.br\/wp-content\/uploads\/2020\/02\/logo120.png","contentUrl":"https:\/\/jornalfatosenoticias.com.br\/wp-content\/uploads\/2020\/02\/logo120.png","width":1227,"height":120,"caption":"Jornal Fatos e Not\u00edcias"},"image":{"@id":"https:\/\/jornalfatosenoticias.com.br\/#\/schema\/logo\/image\/"}},{"@type":"Person","@id":"https:\/\/jornalfatosenoticias.com.br\/#\/schema\/person\/d63837fa13ac8666eb9e74e0985d6f81","name":"Luzimara Fernandes","image":{"@type":"ImageObject","inLanguage":"pt-BR","@id":"https:\/\/jornalfatosenoticias.com.br\/#\/schema\/person\/image\/","url":"https:\/\/jornalfatosenoticias.com.br\/wp-content\/uploads\/2025\/05\/EU_portal.jpg","contentUrl":"https:\/\/jornalfatosenoticias.com.br\/wp-content\/uploads\/2025\/05\/EU_portal.jpg","caption":"Luzimara Fernandes"},"description":"Jornalista MTB 2358-ES","sameAs":["https:\/\/jornalfatosenoticias.com.br"],"url":"https:\/\/jornalfatosenoticias.com.br\/index.php\/author\/luzimara\/"}]}},"cc_featured_image_caption":{"caption_text":"(Foto: Ekaterina Shakharova\/Unsplash) ","source_text":"","source_url":""},"jetpack_featured_media_url":"https:\/\/jornalfatosenoticias.com.br\/wp-content\/uploads\/2022\/07\/TOQUE-DE-CARINHO.jpg","_links":{"self":[{"href":"https:\/\/jornalfatosenoticias.com.br\/index.php\/wp-json\/wp\/v2\/posts\/32322","targetHints":{"allow":["GET"]}}],"collection":[{"href":"https:\/\/jornalfatosenoticias.com.br\/index.php\/wp-json\/wp\/v2\/posts"}],"about":[{"href":"https:\/\/jornalfatosenoticias.com.br\/index.php\/wp-json\/wp\/v2\/types\/post"}],"author":[{"embeddable":true,"href":"https:\/\/jornalfatosenoticias.com.br\/index.php\/wp-json\/wp\/v2\/users\/2"}],"replies":[{"embeddable":true,"href":"https:\/\/jornalfatosenoticias.com.br\/index.php\/wp-json\/wp\/v2\/comments?post=32322"}],"version-history":[{"count":0,"href":"https:\/\/jornalfatosenoticias.com.br\/index.php\/wp-json\/wp\/v2\/posts\/32322\/revisions"}],"wp:featuredmedia":[{"embeddable":true,"href":"https:\/\/jornalfatosenoticias.com.br\/index.php\/wp-json\/wp\/v2\/media\/32324"}],"wp:attachment":[{"href":"https:\/\/jornalfatosenoticias.com.br\/index.php\/wp-json\/wp\/v2\/media?parent=32322"}],"wp:term":[{"taxonomy":"category","embeddable":true,"href":"https:\/\/jornalfatosenoticias.com.br\/index.php\/wp-json\/wp\/v2\/categories?post=32322"},{"taxonomy":"post_tag","embeddable":true,"href":"https:\/\/jornalfatosenoticias.com.br\/index.php\/wp-json\/wp\/v2\/tags?post=32322"}],"curies":[{"name":"wp","href":"https:\/\/api.w.org\/{rel}","templated":true}]}}