{"id":32334,"date":"2022-07-14T13:52:00","date_gmt":"2022-07-14T16:52:00","guid":{"rendered":"https:\/\/jornalfatosenoticias.com.br\/?p=32334"},"modified":"2022-07-14T13:52:02","modified_gmt":"2022-07-14T16:52:02","slug":"quando-tudo-comeca-na-educacao-basica","status":"publish","type":"post","link":"https:\/\/jornalfatosenoticias.com.br\/index.php\/2022\/07\/14\/quando-tudo-comeca-na-educacao-basica\/","title":{"rendered":"Quando tudo come\u00e7a na educa\u00e7\u00e3o b\u00e1sica"},"content":{"rendered":"\n<div class=\"wp-block-image\"><figure class=\"aligncenter size-large is-resized\"><img loading=\"lazy\" decoding=\"async\" src=\"https:\/\/jornalfatosenoticias.com.br\/wp-content\/uploads\/2020\/02\/Logo-Mizu-segunda-2-1024x99.png\" alt=\"\" class=\"wp-image-2353\" width=\"539\" height=\"52\" srcset=\"https:\/\/jornalfatosenoticias.com.br\/wp-content\/uploads\/2020\/02\/Logo-Mizu-segunda-2-1024x99.png 1024w, https:\/\/jornalfatosenoticias.com.br\/wp-content\/uploads\/2020\/02\/Logo-Mizu-segunda-2-300x29.png 300w, https:\/\/jornalfatosenoticias.com.br\/wp-content\/uploads\/2020\/02\/Logo-Mizu-segunda-2-768x74.png 768w, https:\/\/jornalfatosenoticias.com.br\/wp-content\/uploads\/2020\/02\/Logo-Mizu-segunda-2.png 1240w\" sizes=\"auto, (max-width: 539px) 100vw, 539px\" \/><\/figure><\/div>\n\n\n\n<p>O contato com a Engenharia pode come\u00e7ar muito antes do <a href=\"https:\/\/tudo-sobre.estadao.com.br\/ensino-superior\" target=\"_blank\" rel=\"noreferrer noopener\"><strong>ensino superior<\/strong><\/a>. A\u00a0<strong><a href=\"https:\/\/tudo-sobre.estadao.com.br\/bncc\" target=\"_blank\" rel=\"noreferrer noopener\">Base Nacional Comum Curricular<\/a>\u00a0<\/strong>(<a href=\"https:\/\/tudo-sobre.estadao.com.br\/bncc\" target=\"_blank\" rel=\"noreferrer noopener\"><strong>BNCC<\/strong><\/a>), de 2017, possibilitou uma flexibiliza\u00e7\u00e3o do curr\u00edculo do\u00a0<strong><a href=\"https:\/\/tudo-sobre.estadao.com.br\/ensino-medio\" target=\"_blank\" rel=\"noreferrer noopener\">ensino m\u00e9dio<\/a><\/strong> e inclus\u00e3o de disciplinas eletivas. Dessa forma, em algumas escolas os adolescentes t\u00eam oportunidade de optar por \u00e1reas em que possuem maior interesse e afinidade. No Col\u00e9gio Emilie de Villeneuve, em S\u00e3o Paulo, os estudantes que optaram pelos itiner\u00e1rios de Ci\u00eancias Exatas e Ci\u00eancias da Natureza podem cursar eletivas como Engenharia e\/ou Automa\u00e7\u00e3o.<br>Em ambas t\u00eam a oportunidade de aprender mais sobre as habilidades e compet\u00eancias necess\u00e1rias para atua\u00e7\u00e3o do engenheiro, realizar projetos na \u00e1rea e participar de encontros com profissionais. Na eletiva de Automa\u00e7\u00e3o, por exemplo, os estudantes aprendem a linguagem de programa\u00e7\u00e3o, princ\u00edpios da eletr\u00f4nica, entre outros temas. <\/p>\n\n\n\n<div class=\"wp-block-image\"><figure class=\"aligncenter size-large is-resized\"><img loading=\"lazy\" decoding=\"async\" src=\"https:\/\/jornalfatosenoticias.com.br\/wp-content\/uploads\/2020\/02\/Serra-Grande-1024x160.png\" alt=\"\" class=\"wp-image-7836\" width=\"440\" height=\"68\"\/><\/figure><\/div>\n\n\n\n<blockquote class=\"wp-block-quote is-layout-flow wp-block-quote-is-layout-flow\"><p><span class=\"has-inline-color has-luminous-vivid-orange-color\">&#8220;Os projetos usam a interface do Arduino, onde se faz programa\u00e7\u00e3o e automa\u00e7\u00e3o. Os alunos desenvolvem v\u00e1rios projetos, como acender a luz por meio de um sensor, o que conversa bastante com a Engenharia da Computa\u00e7\u00e3o&#8221;, explica Marizilda Escudeiro de Oliveira, coordenadora do ensino m\u00e9dio.<\/span><\/p><\/blockquote>\n\n\n\n<div class=\"wp-block-image\"><figure class=\"aligncenter size-large is-resized\"><img loading=\"lazy\" decoding=\"async\" src=\"https:\/\/jornalfatosenoticias.com.br\/wp-content\/uploads\/2022\/03\/logo-Suinco-1024x390.jpg\" alt=\"\" class=\"wp-image-28785\" width=\"336\" height=\"127\"\/><\/figure><\/div>\n\n\n\n<p>No caso da disciplina de Engenharia, Marizilda conta que o objetivo \u00e9 apresentar aos alunos como esse profissional trabalha, contemplando as 15 principais \u00e1reas das engenharias escolhidas nos vestibulares e os campos de atua\u00e7\u00e3o espec\u00edficos. Embora novas profiss\u00f5es tenham surgido por causa do impacto tecnol\u00f3gico e mudan\u00e7as do mundo contempor\u00e2neo, diz Marizilda, as carreiras cl\u00e1ssicas ainda s\u00e3o buscadas pelos adolescentes. <\/p>\n\n\n\n<blockquote class=\"wp-block-quote is-layout-flow wp-block-quote-is-layout-flow\"><p><span class=\"has-inline-color has-luminous-vivid-orange-color\">&#8220;H\u00e1 muito interesse do aluno por Engenharia e buscamos esclarecer alguns conceitos preestabelecidos para que fa\u00e7a uma escolha consciente do curso de ensino superior e se torne um profissional competente e feliz com sua decis\u00e3o&#8221;.<\/span><\/p><\/blockquote>\n\n\n\n<div class=\"wp-block-image\"><figure class=\"alignleft size-large is-resized\"><img loading=\"lazy\" decoding=\"async\" src=\"https:\/\/jornalfatosenoticias.com.br\/wp-content\/uploads\/2020\/02\/nova-logo-Marquetti.jpg\" alt=\"\" class=\"wp-image-22331\" width=\"281\" height=\"189\" srcset=\"https:\/\/jornalfatosenoticias.com.br\/wp-content\/uploads\/2020\/02\/nova-logo-Marquetti.jpg 643w, https:\/\/jornalfatosenoticias.com.br\/wp-content\/uploads\/2020\/02\/nova-logo-Marquetti-300x202.jpg 300w\" sizes=\"auto, (max-width: 281px) 100vw, 281px\" \/><\/figure><\/div>\n\n\n\n<p>Aluno do \u00faltimo ano do ensino m\u00e9dio, Vitor Monteiro Coutinho, de 17 anos, quer estudar Engenharia Civil. O adolescente diz que as eletivas o ajudaram a tirar d\u00favidas e ter mais certeza sobre a escolha profissional. Ele j\u00e1 cursou eletivas como Automa\u00e7\u00e3o, Ci\u00eancia dos Cosm\u00e9ticos, Medicina e Engenharia \u2014 essa \u00faltima por duas vezes. A recomenda\u00e7\u00e3o da escola \u00e9 para que os alunos n\u00e3o repitam as eletivas, at\u00e9 para poderem ampliar o repert\u00f3rio, por\u00e9m a dire\u00e7\u00e3o abriu uma exce\u00e7\u00e3o para V\u00edtor.<br>Na primeira experi\u00eancia, ele conta que a eletiva abordou as Engenharias de forma ampla, o que contribuiu para entender as diferen\u00e7as entre elas e compreender com quais tinha maior afinidade. Na segunda oportunidade, neste primeiro semestre do ano, o estudante disse que conseguiu se aprofundar mais no tema. E conta que desde crian\u00e7a se identifica com a \u00e1rea de Exatas: gosta de fazer proje\u00e7\u00f5es no quarto, montar e desmontar objetos e mexer com Lego. &#8220;As eletivas me ajudam a ter certeza da minha escolha. A escola foi aconselhando e fui pesquisando&#8221;.<\/p>\n\n\n\n<p><strong><em>Fonte: <a href=\"https:\/\/www.msn.com\/pt-br\/noticias\/educacao\/quando-tudo-come%c3%a7a-na-educa%c3%a7%c3%a3o-b%c3%a1sica\/ar-AAZqUoh\">MSN Not\u00edcias<\/a><\/em><\/strong><\/p>\n","protected":false},"excerpt":{"rendered":"<p>O contato com a Engenharia pode come\u00e7ar muito antes do ensino superior. A\u00a0Base Nacional Comum Curricular\u00a0(BNCC), de 2017, possibilitou uma flexibiliza\u00e7\u00e3o do curr\u00edculo do\u00a0ensino m\u00e9dio e inclus\u00e3o de disciplinas eletivas. Dessa forma, em algumas escolas os adolescentes t\u00eam oportunidade de optar por \u00e1reas em que possuem maior interesse e afinidade. No Col\u00e9gio Emilie de Villeneuve, [&hellip;]<\/p>\n","protected":false},"author":2,"featured_media":32335,"comment_status":"open","ping_status":"open","sticky":false,"template":"","format":"standard","meta":{"footnotes":""},"categories":[7],"tags":[15261,411,6138,9651,326],"class_list":["post-32334","post","type-post","status-publish","format-standard","has-post-thumbnail","hentry","category-educacao","tag-disciplinas-eletivas","tag-educacao-basica","tag-engenharia","tag-ensino-medio","tag-ensino-superior"],"yoast_head":"<!-- This site is optimized with the Yoast SEO plugin v26.5 - https:\/\/yoast.com\/wordpress\/plugins\/seo\/ -->\n<title>Quando tudo come\u00e7a na educa\u00e7\u00e3o b\u00e1sica - Jornal Fatos e Not\u00edcias<\/title>\n<meta name=\"robots\" content=\"index, follow, max-snippet:-1, max-image-preview:large, max-video-preview:-1\" \/>\n<link rel=\"canonical\" href=\"https:\/\/jornalfatosenoticias.com.br\/index.php\/2022\/07\/14\/quando-tudo-comeca-na-educacao-basica\/\" \/>\n<meta property=\"og:locale\" content=\"pt_BR\" \/>\n<meta property=\"og:type\" content=\"article\" \/>\n<meta property=\"og:title\" content=\"Quando tudo come\u00e7a na educa\u00e7\u00e3o b\u00e1sica - Jornal Fatos e Not\u00edcias\" \/>\n<meta property=\"og:description\" content=\"O contato com a Engenharia pode come\u00e7ar muito antes do ensino superior. A\u00a0Base Nacional Comum Curricular\u00a0(BNCC), de 2017, possibilitou uma flexibiliza\u00e7\u00e3o do curr\u00edculo do\u00a0ensino m\u00e9dio e inclus\u00e3o de disciplinas eletivas. Dessa forma, em algumas escolas os adolescentes t\u00eam oportunidade de optar por \u00e1reas em que possuem maior interesse e afinidade. No Col\u00e9gio Emilie de Villeneuve, [&hellip;]\" \/>\n<meta property=\"og:url\" content=\"https:\/\/jornalfatosenoticias.com.br\/index.php\/2022\/07\/14\/quando-tudo-comeca-na-educacao-basica\/\" \/>\n<meta property=\"og:site_name\" content=\"Jornal Fatos e Not\u00edcias\" \/>\n<meta property=\"article:published_time\" content=\"2022-07-14T16:52:00+00:00\" \/>\n<meta property=\"article:modified_time\" content=\"2022-07-14T16:52:02+00:00\" \/>\n<meta property=\"og:image\" content=\"https:\/\/jornalfatosenoticias.com.br\/wp-content\/uploads\/2022\/07\/educacao-basica.jpg\" \/>\n\t<meta property=\"og:image:width\" content=\"1000\" \/>\n\t<meta property=\"og:image:height\" content=\"750\" \/>\n\t<meta property=\"og:image:type\" content=\"image\/jpeg\" \/>\n<meta name=\"author\" content=\"Luzimara Fernandes\" \/>\n<meta name=\"twitter:card\" content=\"summary_large_image\" \/>\n<meta name=\"twitter:label1\" content=\"Escrito por\" \/>\n\t<meta name=\"twitter:data1\" content=\"Luzimara Fernandes\" \/>\n\t<meta name=\"twitter:label2\" content=\"Est. tempo de leitura\" \/>\n\t<meta name=\"twitter:data2\" content=\"2 minutos\" \/>\n<script type=\"application\/ld+json\" class=\"yoast-schema-graph\">{\"@context\":\"https:\/\/schema.org\",\"@graph\":[{\"@type\":\"Article\",\"@id\":\"https:\/\/jornalfatosenoticias.com.br\/index.php\/2022\/07\/14\/quando-tudo-comeca-na-educacao-basica\/#article\",\"isPartOf\":{\"@id\":\"https:\/\/jornalfatosenoticias.com.br\/index.php\/2022\/07\/14\/quando-tudo-comeca-na-educacao-basica\/\"},\"author\":{\"name\":\"Luzimara Fernandes\",\"@id\":\"https:\/\/jornalfatosenoticias.com.br\/#\/schema\/person\/d63837fa13ac8666eb9e74e0985d6f81\"},\"headline\":\"Quando tudo come\u00e7a na educa\u00e7\u00e3o b\u00e1sica\",\"datePublished\":\"2022-07-14T16:52:00+00:00\",\"dateModified\":\"2022-07-14T16:52:02+00:00\",\"mainEntityOfPage\":{\"@id\":\"https:\/\/jornalfatosenoticias.com.br\/index.php\/2022\/07\/14\/quando-tudo-comeca-na-educacao-basica\/\"},\"wordCount\":499,\"commentCount\":0,\"publisher\":{\"@id\":\"https:\/\/jornalfatosenoticias.com.br\/#organization\"},\"image\":{\"@id\":\"https:\/\/jornalfatosenoticias.com.br\/index.php\/2022\/07\/14\/quando-tudo-comeca-na-educacao-basica\/#primaryimage\"},\"thumbnailUrl\":\"https:\/\/jornalfatosenoticias.com.br\/wp-content\/uploads\/2022\/07\/educacao-basica.jpg\",\"keywords\":[\"disciplinas eletivas\",\"educa\u00e7\u00e3o b\u00e1sica\",\"engenharia\",\"ensino m\u00e9dio\",\"ensino superior\"],\"articleSection\":[\"Educa\u00e7\u00e3o\"],\"inLanguage\":\"pt-BR\",\"potentialAction\":[{\"@type\":\"CommentAction\",\"name\":\"Comment\",\"target\":[\"https:\/\/jornalfatosenoticias.com.br\/index.php\/2022\/07\/14\/quando-tudo-comeca-na-educacao-basica\/#respond\"]}]},{\"@type\":\"WebPage\",\"@id\":\"https:\/\/jornalfatosenoticias.com.br\/index.php\/2022\/07\/14\/quando-tudo-comeca-na-educacao-basica\/\",\"url\":\"https:\/\/jornalfatosenoticias.com.br\/index.php\/2022\/07\/14\/quando-tudo-comeca-na-educacao-basica\/\",\"name\":\"Quando tudo come\u00e7a na educa\u00e7\u00e3o b\u00e1sica - Jornal Fatos e Not\u00edcias\",\"isPartOf\":{\"@id\":\"https:\/\/jornalfatosenoticias.com.br\/#website\"},\"primaryImageOfPage\":{\"@id\":\"https:\/\/jornalfatosenoticias.com.br\/index.php\/2022\/07\/14\/quando-tudo-comeca-na-educacao-basica\/#primaryimage\"},\"image\":{\"@id\":\"https:\/\/jornalfatosenoticias.com.br\/index.php\/2022\/07\/14\/quando-tudo-comeca-na-educacao-basica\/#primaryimage\"},\"thumbnailUrl\":\"https:\/\/jornalfatosenoticias.com.br\/wp-content\/uploads\/2022\/07\/educacao-basica.jpg\",\"datePublished\":\"2022-07-14T16:52:00+00:00\",\"dateModified\":\"2022-07-14T16:52:02+00:00\",\"breadcrumb\":{\"@id\":\"https:\/\/jornalfatosenoticias.com.br\/index.php\/2022\/07\/14\/quando-tudo-comeca-na-educacao-basica\/#breadcrumb\"},\"inLanguage\":\"pt-BR\",\"potentialAction\":[{\"@type\":\"ReadAction\",\"target\":[\"https:\/\/jornalfatosenoticias.com.br\/index.php\/2022\/07\/14\/quando-tudo-comeca-na-educacao-basica\/\"]}]},{\"@type\":\"ImageObject\",\"inLanguage\":\"pt-BR\",\"@id\":\"https:\/\/jornalfatosenoticias.com.br\/index.php\/2022\/07\/14\/quando-tudo-comeca-na-educacao-basica\/#primaryimage\",\"url\":\"https:\/\/jornalfatosenoticias.com.br\/wp-content\/uploads\/2022\/07\/educacao-basica.jpg\",\"contentUrl\":\"https:\/\/jornalfatosenoticias.com.br\/wp-content\/uploads\/2022\/07\/educacao-basica.jpg\",\"width\":1000,\"height\":750},{\"@type\":\"BreadcrumbList\",\"@id\":\"https:\/\/jornalfatosenoticias.com.br\/index.php\/2022\/07\/14\/quando-tudo-comeca-na-educacao-basica\/#breadcrumb\",\"itemListElement\":[{\"@type\":\"ListItem\",\"position\":1,\"name\":\"In\u00edcio\",\"item\":\"https:\/\/jornalfatosenoticias.com.br\/\"},{\"@type\":\"ListItem\",\"position\":2,\"name\":\"Quando tudo come\u00e7a na educa\u00e7\u00e3o b\u00e1sica\"}]},{\"@type\":\"WebSite\",\"@id\":\"https:\/\/jornalfatosenoticias.com.br\/#website\",\"url\":\"https:\/\/jornalfatosenoticias.com.br\/\",\"name\":\"Jornal Fatos e Not\u00edcias\",\"description\":\"Not\u00edcias em geral\",\"publisher\":{\"@id\":\"https:\/\/jornalfatosenoticias.com.br\/#organization\"},\"potentialAction\":[{\"@type\":\"SearchAction\",\"target\":{\"@type\":\"EntryPoint\",\"urlTemplate\":\"https:\/\/jornalfatosenoticias.com.br\/?s={search_term_string}\"},\"query-input\":{\"@type\":\"PropertyValueSpecification\",\"valueRequired\":true,\"valueName\":\"search_term_string\"}}],\"inLanguage\":\"pt-BR\"},{\"@type\":\"Organization\",\"@id\":\"https:\/\/jornalfatosenoticias.com.br\/#organization\",\"name\":\"Jornal Fatos e Not\u00edcias\",\"url\":\"https:\/\/jornalfatosenoticias.com.br\/\",\"logo\":{\"@type\":\"ImageObject\",\"inLanguage\":\"pt-BR\",\"@id\":\"https:\/\/jornalfatosenoticias.com.br\/#\/schema\/logo\/image\/\",\"url\":\"https:\/\/jornalfatosenoticias.com.br\/wp-content\/uploads\/2020\/02\/logo120.png\",\"contentUrl\":\"https:\/\/jornalfatosenoticias.com.br\/wp-content\/uploads\/2020\/02\/logo120.png\",\"width\":1227,\"height\":120,\"caption\":\"Jornal Fatos e Not\u00edcias\"},\"image\":{\"@id\":\"https:\/\/jornalfatosenoticias.com.br\/#\/schema\/logo\/image\/\"}},{\"@type\":\"Person\",\"@id\":\"https:\/\/jornalfatosenoticias.com.br\/#\/schema\/person\/d63837fa13ac8666eb9e74e0985d6f81\",\"name\":\"Luzimara Fernandes\",\"image\":{\"@type\":\"ImageObject\",\"inLanguage\":\"pt-BR\",\"@id\":\"https:\/\/jornalfatosenoticias.com.br\/#\/schema\/person\/image\/\",\"url\":\"https:\/\/jornalfatosenoticias.com.br\/wp-content\/uploads\/2025\/05\/EU_portal.jpg\",\"contentUrl\":\"https:\/\/jornalfatosenoticias.com.br\/wp-content\/uploads\/2025\/05\/EU_portal.jpg\",\"caption\":\"Luzimara Fernandes\"},\"description\":\"Jornalista MTB 2358-ES\",\"sameAs\":[\"https:\/\/jornalfatosenoticias.com.br\"],\"url\":\"https:\/\/jornalfatosenoticias.com.br\/index.php\/author\/luzimara\/\"}]}<\/script>\n<!-- \/ Yoast SEO plugin. -->","yoast_head_json":{"title":"Quando tudo come\u00e7a na educa\u00e7\u00e3o b\u00e1sica - Jornal Fatos e Not\u00edcias","robots":{"index":"index","follow":"follow","max-snippet":"max-snippet:-1","max-image-preview":"max-image-preview:large","max-video-preview":"max-video-preview:-1"},"canonical":"https:\/\/jornalfatosenoticias.com.br\/index.php\/2022\/07\/14\/quando-tudo-comeca-na-educacao-basica\/","og_locale":"pt_BR","og_type":"article","og_title":"Quando tudo come\u00e7a na educa\u00e7\u00e3o b\u00e1sica - Jornal Fatos e Not\u00edcias","og_description":"O contato com a Engenharia pode come\u00e7ar muito antes do ensino superior. A\u00a0Base Nacional Comum Curricular\u00a0(BNCC), de 2017, possibilitou uma flexibiliza\u00e7\u00e3o do curr\u00edculo do\u00a0ensino m\u00e9dio e inclus\u00e3o de disciplinas eletivas. Dessa forma, em algumas escolas os adolescentes t\u00eam oportunidade de optar por \u00e1reas em que possuem maior interesse e afinidade. No Col\u00e9gio Emilie de Villeneuve, [&hellip;]","og_url":"https:\/\/jornalfatosenoticias.com.br\/index.php\/2022\/07\/14\/quando-tudo-comeca-na-educacao-basica\/","og_site_name":"Jornal Fatos e Not\u00edcias","article_published_time":"2022-07-14T16:52:00+00:00","article_modified_time":"2022-07-14T16:52:02+00:00","og_image":[{"width":1000,"height":750,"url":"https:\/\/jornalfatosenoticias.com.br\/wp-content\/uploads\/2022\/07\/educacao-basica.jpg","type":"image\/jpeg"}],"author":"Luzimara Fernandes","twitter_card":"summary_large_image","twitter_misc":{"Escrito por":"Luzimara Fernandes","Est. tempo de leitura":"2 minutos"},"schema":{"@context":"https:\/\/schema.org","@graph":[{"@type":"Article","@id":"https:\/\/jornalfatosenoticias.com.br\/index.php\/2022\/07\/14\/quando-tudo-comeca-na-educacao-basica\/#article","isPartOf":{"@id":"https:\/\/jornalfatosenoticias.com.br\/index.php\/2022\/07\/14\/quando-tudo-comeca-na-educacao-basica\/"},"author":{"name":"Luzimara Fernandes","@id":"https:\/\/jornalfatosenoticias.com.br\/#\/schema\/person\/d63837fa13ac8666eb9e74e0985d6f81"},"headline":"Quando tudo come\u00e7a na educa\u00e7\u00e3o b\u00e1sica","datePublished":"2022-07-14T16:52:00+00:00","dateModified":"2022-07-14T16:52:02+00:00","mainEntityOfPage":{"@id":"https:\/\/jornalfatosenoticias.com.br\/index.php\/2022\/07\/14\/quando-tudo-comeca-na-educacao-basica\/"},"wordCount":499,"commentCount":0,"publisher":{"@id":"https:\/\/jornalfatosenoticias.com.br\/#organization"},"image":{"@id":"https:\/\/jornalfatosenoticias.com.br\/index.php\/2022\/07\/14\/quando-tudo-comeca-na-educacao-basica\/#primaryimage"},"thumbnailUrl":"https:\/\/jornalfatosenoticias.com.br\/wp-content\/uploads\/2022\/07\/educacao-basica.jpg","keywords":["disciplinas eletivas","educa\u00e7\u00e3o b\u00e1sica","engenharia","ensino m\u00e9dio","ensino superior"],"articleSection":["Educa\u00e7\u00e3o"],"inLanguage":"pt-BR","potentialAction":[{"@type":"CommentAction","name":"Comment","target":["https:\/\/jornalfatosenoticias.com.br\/index.php\/2022\/07\/14\/quando-tudo-comeca-na-educacao-basica\/#respond"]}]},{"@type":"WebPage","@id":"https:\/\/jornalfatosenoticias.com.br\/index.php\/2022\/07\/14\/quando-tudo-comeca-na-educacao-basica\/","url":"https:\/\/jornalfatosenoticias.com.br\/index.php\/2022\/07\/14\/quando-tudo-comeca-na-educacao-basica\/","name":"Quando tudo come\u00e7a na educa\u00e7\u00e3o b\u00e1sica - Jornal Fatos e Not\u00edcias","isPartOf":{"@id":"https:\/\/jornalfatosenoticias.com.br\/#website"},"primaryImageOfPage":{"@id":"https:\/\/jornalfatosenoticias.com.br\/index.php\/2022\/07\/14\/quando-tudo-comeca-na-educacao-basica\/#primaryimage"},"image":{"@id":"https:\/\/jornalfatosenoticias.com.br\/index.php\/2022\/07\/14\/quando-tudo-comeca-na-educacao-basica\/#primaryimage"},"thumbnailUrl":"https:\/\/jornalfatosenoticias.com.br\/wp-content\/uploads\/2022\/07\/educacao-basica.jpg","datePublished":"2022-07-14T16:52:00+00:00","dateModified":"2022-07-14T16:52:02+00:00","breadcrumb":{"@id":"https:\/\/jornalfatosenoticias.com.br\/index.php\/2022\/07\/14\/quando-tudo-comeca-na-educacao-basica\/#breadcrumb"},"inLanguage":"pt-BR","potentialAction":[{"@type":"ReadAction","target":["https:\/\/jornalfatosenoticias.com.br\/index.php\/2022\/07\/14\/quando-tudo-comeca-na-educacao-basica\/"]}]},{"@type":"ImageObject","inLanguage":"pt-BR","@id":"https:\/\/jornalfatosenoticias.com.br\/index.php\/2022\/07\/14\/quando-tudo-comeca-na-educacao-basica\/#primaryimage","url":"https:\/\/jornalfatosenoticias.com.br\/wp-content\/uploads\/2022\/07\/educacao-basica.jpg","contentUrl":"https:\/\/jornalfatosenoticias.com.br\/wp-content\/uploads\/2022\/07\/educacao-basica.jpg","width":1000,"height":750},{"@type":"BreadcrumbList","@id":"https:\/\/jornalfatosenoticias.com.br\/index.php\/2022\/07\/14\/quando-tudo-comeca-na-educacao-basica\/#breadcrumb","itemListElement":[{"@type":"ListItem","position":1,"name":"In\u00edcio","item":"https:\/\/jornalfatosenoticias.com.br\/"},{"@type":"ListItem","position":2,"name":"Quando tudo come\u00e7a na educa\u00e7\u00e3o b\u00e1sica"}]},{"@type":"WebSite","@id":"https:\/\/jornalfatosenoticias.com.br\/#website","url":"https:\/\/jornalfatosenoticias.com.br\/","name":"Jornal Fatos e Not\u00edcias","description":"Not\u00edcias em geral","publisher":{"@id":"https:\/\/jornalfatosenoticias.com.br\/#organization"},"potentialAction":[{"@type":"SearchAction","target":{"@type":"EntryPoint","urlTemplate":"https:\/\/jornalfatosenoticias.com.br\/?s={search_term_string}"},"query-input":{"@type":"PropertyValueSpecification","valueRequired":true,"valueName":"search_term_string"}}],"inLanguage":"pt-BR"},{"@type":"Organization","@id":"https:\/\/jornalfatosenoticias.com.br\/#organization","name":"Jornal Fatos e Not\u00edcias","url":"https:\/\/jornalfatosenoticias.com.br\/","logo":{"@type":"ImageObject","inLanguage":"pt-BR","@id":"https:\/\/jornalfatosenoticias.com.br\/#\/schema\/logo\/image\/","url":"https:\/\/jornalfatosenoticias.com.br\/wp-content\/uploads\/2020\/02\/logo120.png","contentUrl":"https:\/\/jornalfatosenoticias.com.br\/wp-content\/uploads\/2020\/02\/logo120.png","width":1227,"height":120,"caption":"Jornal Fatos e Not\u00edcias"},"image":{"@id":"https:\/\/jornalfatosenoticias.com.br\/#\/schema\/logo\/image\/"}},{"@type":"Person","@id":"https:\/\/jornalfatosenoticias.com.br\/#\/schema\/person\/d63837fa13ac8666eb9e74e0985d6f81","name":"Luzimara Fernandes","image":{"@type":"ImageObject","inLanguage":"pt-BR","@id":"https:\/\/jornalfatosenoticias.com.br\/#\/schema\/person\/image\/","url":"https:\/\/jornalfatosenoticias.com.br\/wp-content\/uploads\/2025\/05\/EU_portal.jpg","contentUrl":"https:\/\/jornalfatosenoticias.com.br\/wp-content\/uploads\/2025\/05\/EU_portal.jpg","caption":"Luzimara Fernandes"},"description":"Jornalista MTB 2358-ES","sameAs":["https:\/\/jornalfatosenoticias.com.br"],"url":"https:\/\/jornalfatosenoticias.com.br\/index.php\/author\/luzimara\/"}]}},"cc_featured_image_caption":{"caption_text":"(Foto: Divulga\u00e7\u00e3o) ","source_text":"","source_url":""},"jetpack_featured_media_url":"https:\/\/jornalfatosenoticias.com.br\/wp-content\/uploads\/2022\/07\/educacao-basica.jpg","_links":{"self":[{"href":"https:\/\/jornalfatosenoticias.com.br\/index.php\/wp-json\/wp\/v2\/posts\/32334","targetHints":{"allow":["GET"]}}],"collection":[{"href":"https:\/\/jornalfatosenoticias.com.br\/index.php\/wp-json\/wp\/v2\/posts"}],"about":[{"href":"https:\/\/jornalfatosenoticias.com.br\/index.php\/wp-json\/wp\/v2\/types\/post"}],"author":[{"embeddable":true,"href":"https:\/\/jornalfatosenoticias.com.br\/index.php\/wp-json\/wp\/v2\/users\/2"}],"replies":[{"embeddable":true,"href":"https:\/\/jornalfatosenoticias.com.br\/index.php\/wp-json\/wp\/v2\/comments?post=32334"}],"version-history":[{"count":0,"href":"https:\/\/jornalfatosenoticias.com.br\/index.php\/wp-json\/wp\/v2\/posts\/32334\/revisions"}],"wp:featuredmedia":[{"embeddable":true,"href":"https:\/\/jornalfatosenoticias.com.br\/index.php\/wp-json\/wp\/v2\/media\/32335"}],"wp:attachment":[{"href":"https:\/\/jornalfatosenoticias.com.br\/index.php\/wp-json\/wp\/v2\/media?parent=32334"}],"wp:term":[{"taxonomy":"category","embeddable":true,"href":"https:\/\/jornalfatosenoticias.com.br\/index.php\/wp-json\/wp\/v2\/categories?post=32334"},{"taxonomy":"post_tag","embeddable":true,"href":"https:\/\/jornalfatosenoticias.com.br\/index.php\/wp-json\/wp\/v2\/tags?post=32334"}],"curies":[{"name":"wp","href":"https:\/\/api.w.org\/{rel}","templated":true}]}}