{"id":32377,"date":"2022-07-18T17:01:36","date_gmt":"2022-07-18T20:01:36","guid":{"rendered":"https:\/\/jornalfatosenoticias.com.br\/?p=32377"},"modified":"2022-07-18T17:01:40","modified_gmt":"2022-07-18T20:01:40","slug":"franca-se-prepara-para-recordes-de-calor-e-incendios-florestais","status":"publish","type":"post","link":"https:\/\/jornalfatosenoticias.com.br\/index.php\/2022\/07\/18\/franca-se-prepara-para-recordes-de-calor-e-incendios-florestais\/","title":{"rendered":"Fran\u00e7a se prepara para recordes de calor e inc\u00eandios florestais"},"content":{"rendered":"\n<p><em><span class=\"has-inline-color has-black-color\">V\u00e1rias regi\u00f5es do pa\u00eds est\u00e3o em alerta vermelho<\/span><\/em><\/p>\n\n\n\n<div class=\"wp-block-image\"><figure class=\"aligncenter size-large is-resized\"><img loading=\"lazy\" decoding=\"async\" src=\"https:\/\/jornalfatosenoticias.com.br\/wp-content\/uploads\/2022\/02\/Arte-Autoescola-Galatas_endereco_portal-1024x103.png\" alt=\"\" class=\"wp-image-27869\" width=\"530\" height=\"53\" srcset=\"https:\/\/jornalfatosenoticias.com.br\/wp-content\/uploads\/2022\/02\/Arte-Autoescola-Galatas_endereco_portal-1024x103.png 1024w, https:\/\/jornalfatosenoticias.com.br\/wp-content\/uploads\/2022\/02\/Arte-Autoescola-Galatas_endereco_portal-300x30.png 300w, https:\/\/jornalfatosenoticias.com.br\/wp-content\/uploads\/2022\/02\/Arte-Autoescola-Galatas_endereco_portal-768x77.png 768w, https:\/\/jornalfatosenoticias.com.br\/wp-content\/uploads\/2022\/02\/Arte-Autoescola-Galatas_endereco_portal.png 1223w\" sizes=\"auto, (max-width: 530px) 100vw, 530px\" \/><\/figure><\/div>\n\n\n\n<p>A Fran\u00e7a se prepara nesta segunda-feira (18) para o que pode se tornar um dos dias mais quentes j\u00e1 registrados, com temperaturas chegando a 40 graus Celsius em regi\u00f5es costeiras apreciadas por turistas, enquanto os inc\u00eandios florestais se intensificam no oeste e no sul.<br>&#8220;O pico desta onda de calor \u00e9 esperado para segunda-feira&#8221;, disse a MeteoFrance em comunicado, prevendo temperaturas entre 40 e 42 graus Celsius e &#8220;mais altas em algumas \u00e1reas locais&#8221;, como na costa atl\u00e2ntica ocidental da Fran\u00e7a.<\/p>\n\n\n\n<div class=\"wp-block-image\"><figure class=\"aligncenter size-large is-resized\"><img loading=\"lazy\" decoding=\"async\" src=\"https:\/\/jornalfatosenoticias.com.br\/wp-content\/uploads\/2022\/07\/Logo-Grupo-SEI.jpg\" alt=\"\" class=\"wp-image-31973\" width=\"309\" height=\"162\" srcset=\"https:\/\/jornalfatosenoticias.com.br\/wp-content\/uploads\/2022\/07\/Logo-Grupo-SEI.jpg 713w, https:\/\/jornalfatosenoticias.com.br\/wp-content\/uploads\/2022\/07\/Logo-Grupo-SEI-300x158.jpg 300w\" sizes=\"auto, (max-width: 309px) 100vw, 309px\" \/><\/figure><\/div>\n\n\n\n<blockquote class=\"wp-block-quote is-layout-flow wp-block-quote-is-layout-flow\"><p><span class=\"has-inline-color has-luminous-vivid-orange-color\">&#8220;O dia pode se tornar um dos mais quentes j\u00e1 registrados na Fran\u00e7a&#8221;, acrescentou.<\/span><\/p><\/blockquote>\n\n\n\n<div class=\"wp-block-image\"><figure class=\"alignright size-large\"><img decoding=\"async\" src=\"https:\/\/jornalfatosenoticias.com.br\/wp-content\/uploads\/2020\/02\/logo_esteio.jpg\" alt=\"\" class=\"wp-image-1214\"\/><\/figure><\/div>\n\n\n\n<p>Ficar\u00e1 claro no final desta segunda-feira se um novo recorde nacional de temperatura m\u00e9dia durante todo o dia, agora em 29,4 graus Celsius alcan\u00e7ados pelas ondas de calor hist\u00f3ricas de 2003 e 2019, ser\u00e1 estabelecido.<br>Espessas nuvens de fuma\u00e7a podiam ser vistas das famosas praias da costa atl\u00e2ntica perto da imponente duna de areia Pyla, perto de Arcach\u00f3n, enquanto ventos fortes e altas temperaturas continuavam alimentando inc\u00eandios florestais. O ministro do Interior, G\u00e9rald Darmanin, enviou tr\u00eas avi\u00f5es de \u00e1gua adicionais para a regi\u00e3o.<br>Os inc\u00eandios na regi\u00e3o se espalharam por 14 mil hectares, disse o governo local em uma rede social na manh\u00e3 de hoje, acrescentando que houve relatos de feridos.<br>A Fran\u00e7a emitiu no domingo alertas vermelhos, os mais altos poss\u00edveis, para v\u00e1rias regi\u00f5es, com recomenda\u00e7\u00e3o aos moradores para ficarem &#8220;extremamente vigilantes&#8221;.<\/p>\n\n\n\n<p><em><span class=\"has-inline-color has-black-color\"><strong>Foto:<\/strong> Reuters\/Sarah Meyssonnier\/Direitos Reservados<\/span><\/em><\/p>\n\n\n\n<p><strong><em>Fonte: <a href=\"https:\/\/agenciabrasil.ebc.com.br\/internacional\/noticia\/2022-07\/franca-se-prepara-para-recordes-de-calor-e-incendios-florestais\">Ag\u00eancia Brasil<\/a><\/em><\/strong><\/p>\n","protected":false},"excerpt":{"rendered":"<p>V\u00e1rias regi\u00f5es do pa\u00eds est\u00e3o em alerta vermelho A Fran\u00e7a se prepara nesta segunda-feira (18) para o que pode se tornar um dos dias mais quentes j\u00e1 registrados, com temperaturas chegando a 40 graus Celsius em regi\u00f5es costeiras apreciadas por turistas, enquanto os inc\u00eandios florestais se intensificam no oeste e no sul.&#8220;O pico desta onda [&hellip;]<\/p>\n","protected":false},"author":2,"featured_media":32378,"comment_status":"open","ping_status":"open","sticky":false,"template":"","format":"standard","meta":{"footnotes":""},"categories":[41],"tags":[368,119,4262],"class_list":["post-32377","post","type-post","status-publish","format-standard","has-post-thumbnail","hentry","category-internacional","tag-calor","tag-franca","tag-incendios"],"yoast_head":"<!-- This site is optimized with the Yoast SEO plugin v26.5 - https:\/\/yoast.com\/wordpress\/plugins\/seo\/ -->\n<title>Fran\u00e7a se prepara para recordes de calor e inc\u00eandios florestais - Jornal Fatos e Not\u00edcias<\/title>\n<meta name=\"robots\" content=\"index, follow, max-snippet:-1, max-image-preview:large, max-video-preview:-1\" \/>\n<link rel=\"canonical\" href=\"https:\/\/jornalfatosenoticias.com.br\/index.php\/2022\/07\/18\/franca-se-prepara-para-recordes-de-calor-e-incendios-florestais\/\" \/>\n<meta property=\"og:locale\" content=\"pt_BR\" \/>\n<meta property=\"og:type\" content=\"article\" \/>\n<meta property=\"og:title\" content=\"Fran\u00e7a se prepara para recordes de calor e inc\u00eandios florestais - Jornal Fatos e Not\u00edcias\" \/>\n<meta property=\"og:description\" content=\"V\u00e1rias regi\u00f5es do pa\u00eds est\u00e3o em alerta vermelho A Fran\u00e7a se prepara nesta segunda-feira (18) para o que pode se tornar um dos dias mais quentes j\u00e1 registrados, com temperaturas chegando a 40 graus Celsius em regi\u00f5es costeiras apreciadas por turistas, enquanto os inc\u00eandios florestais se intensificam no oeste e no sul.&#8220;O pico desta onda [&hellip;]\" \/>\n<meta property=\"og:url\" content=\"https:\/\/jornalfatosenoticias.com.br\/index.php\/2022\/07\/18\/franca-se-prepara-para-recordes-de-calor-e-incendios-florestais\/\" \/>\n<meta property=\"og:site_name\" content=\"Jornal Fatos e Not\u00edcias\" \/>\n<meta property=\"article:published_time\" content=\"2022-07-18T20:01:36+00:00\" \/>\n<meta property=\"article:modified_time\" content=\"2022-07-18T20:01:40+00:00\" \/>\n<meta property=\"og:image\" content=\"https:\/\/jornalfatosenoticias.com.br\/wp-content\/uploads\/2022\/07\/franca-calor-incendios.jpg\" \/>\n\t<meta property=\"og:image:width\" content=\"1000\" \/>\n\t<meta property=\"og:image:height\" content=\"598\" \/>\n\t<meta property=\"og:image:type\" content=\"image\/jpeg\" \/>\n<meta name=\"author\" content=\"Luzimara Fernandes\" \/>\n<meta name=\"twitter:card\" content=\"summary_large_image\" \/>\n<meta name=\"twitter:label1\" content=\"Escrito por\" \/>\n\t<meta name=\"twitter:data1\" content=\"Luzimara Fernandes\" \/>\n\t<meta name=\"twitter:label2\" content=\"Est. tempo de leitura\" \/>\n\t<meta name=\"twitter:data2\" content=\"1 minuto\" \/>\n<script type=\"application\/ld+json\" class=\"yoast-schema-graph\">{\"@context\":\"https:\/\/schema.org\",\"@graph\":[{\"@type\":\"Article\",\"@id\":\"https:\/\/jornalfatosenoticias.com.br\/index.php\/2022\/07\/18\/franca-se-prepara-para-recordes-de-calor-e-incendios-florestais\/#article\",\"isPartOf\":{\"@id\":\"https:\/\/jornalfatosenoticias.com.br\/index.php\/2022\/07\/18\/franca-se-prepara-para-recordes-de-calor-e-incendios-florestais\/\"},\"author\":{\"name\":\"Luzimara Fernandes\",\"@id\":\"https:\/\/jornalfatosenoticias.com.br\/#\/schema\/person\/d63837fa13ac8666eb9e74e0985d6f81\"},\"headline\":\"Fran\u00e7a se prepara para recordes de calor e inc\u00eandios florestais\",\"datePublished\":\"2022-07-18T20:01:36+00:00\",\"dateModified\":\"2022-07-18T20:01:40+00:00\",\"mainEntityOfPage\":{\"@id\":\"https:\/\/jornalfatosenoticias.com.br\/index.php\/2022\/07\/18\/franca-se-prepara-para-recordes-de-calor-e-incendios-florestais\/\"},\"wordCount\":277,\"commentCount\":0,\"publisher\":{\"@id\":\"https:\/\/jornalfatosenoticias.com.br\/#organization\"},\"image\":{\"@id\":\"https:\/\/jornalfatosenoticias.com.br\/index.php\/2022\/07\/18\/franca-se-prepara-para-recordes-de-calor-e-incendios-florestais\/#primaryimage\"},\"thumbnailUrl\":\"https:\/\/jornalfatosenoticias.com.br\/wp-content\/uploads\/2022\/07\/franca-calor-incendios.jpg\",\"keywords\":[\"calor\",\"Fran\u00e7a\",\"inc\u00eandios\"],\"articleSection\":[\"Internacional\"],\"inLanguage\":\"pt-BR\",\"potentialAction\":[{\"@type\":\"CommentAction\",\"name\":\"Comment\",\"target\":[\"https:\/\/jornalfatosenoticias.com.br\/index.php\/2022\/07\/18\/franca-se-prepara-para-recordes-de-calor-e-incendios-florestais\/#respond\"]}]},{\"@type\":\"WebPage\",\"@id\":\"https:\/\/jornalfatosenoticias.com.br\/index.php\/2022\/07\/18\/franca-se-prepara-para-recordes-de-calor-e-incendios-florestais\/\",\"url\":\"https:\/\/jornalfatosenoticias.com.br\/index.php\/2022\/07\/18\/franca-se-prepara-para-recordes-de-calor-e-incendios-florestais\/\",\"name\":\"Fran\u00e7a se prepara para recordes de calor e inc\u00eandios florestais - Jornal Fatos e Not\u00edcias\",\"isPartOf\":{\"@id\":\"https:\/\/jornalfatosenoticias.com.br\/#website\"},\"primaryImageOfPage\":{\"@id\":\"https:\/\/jornalfatosenoticias.com.br\/index.php\/2022\/07\/18\/franca-se-prepara-para-recordes-de-calor-e-incendios-florestais\/#primaryimage\"},\"image\":{\"@id\":\"https:\/\/jornalfatosenoticias.com.br\/index.php\/2022\/07\/18\/franca-se-prepara-para-recordes-de-calor-e-incendios-florestais\/#primaryimage\"},\"thumbnailUrl\":\"https:\/\/jornalfatosenoticias.com.br\/wp-content\/uploads\/2022\/07\/franca-calor-incendios.jpg\",\"datePublished\":\"2022-07-18T20:01:36+00:00\",\"dateModified\":\"2022-07-18T20:01:40+00:00\",\"breadcrumb\":{\"@id\":\"https:\/\/jornalfatosenoticias.com.br\/index.php\/2022\/07\/18\/franca-se-prepara-para-recordes-de-calor-e-incendios-florestais\/#breadcrumb\"},\"inLanguage\":\"pt-BR\",\"potentialAction\":[{\"@type\":\"ReadAction\",\"target\":[\"https:\/\/jornalfatosenoticias.com.br\/index.php\/2022\/07\/18\/franca-se-prepara-para-recordes-de-calor-e-incendios-florestais\/\"]}]},{\"@type\":\"ImageObject\",\"inLanguage\":\"pt-BR\",\"@id\":\"https:\/\/jornalfatosenoticias.com.br\/index.php\/2022\/07\/18\/franca-se-prepara-para-recordes-de-calor-e-incendios-florestais\/#primaryimage\",\"url\":\"https:\/\/jornalfatosenoticias.com.br\/wp-content\/uploads\/2022\/07\/franca-calor-incendios.jpg\",\"contentUrl\":\"https:\/\/jornalfatosenoticias.com.br\/wp-content\/uploads\/2022\/07\/franca-calor-incendios.jpg\",\"width\":1000,\"height\":598},{\"@type\":\"BreadcrumbList\",\"@id\":\"https:\/\/jornalfatosenoticias.com.br\/index.php\/2022\/07\/18\/franca-se-prepara-para-recordes-de-calor-e-incendios-florestais\/#breadcrumb\",\"itemListElement\":[{\"@type\":\"ListItem\",\"position\":1,\"name\":\"In\u00edcio\",\"item\":\"https:\/\/jornalfatosenoticias.com.br\/\"},{\"@type\":\"ListItem\",\"position\":2,\"name\":\"Fran\u00e7a se prepara para recordes de calor e inc\u00eandios florestais\"}]},{\"@type\":\"WebSite\",\"@id\":\"https:\/\/jornalfatosenoticias.com.br\/#website\",\"url\":\"https:\/\/jornalfatosenoticias.com.br\/\",\"name\":\"Jornal Fatos e Not\u00edcias\",\"description\":\"Not\u00edcias em geral\",\"publisher\":{\"@id\":\"https:\/\/jornalfatosenoticias.com.br\/#organization\"},\"potentialAction\":[{\"@type\":\"SearchAction\",\"target\":{\"@type\":\"EntryPoint\",\"urlTemplate\":\"https:\/\/jornalfatosenoticias.com.br\/?s={search_term_string}\"},\"query-input\":{\"@type\":\"PropertyValueSpecification\",\"valueRequired\":true,\"valueName\":\"search_term_string\"}}],\"inLanguage\":\"pt-BR\"},{\"@type\":\"Organization\",\"@id\":\"https:\/\/jornalfatosenoticias.com.br\/#organization\",\"name\":\"Jornal Fatos e Not\u00edcias\",\"url\":\"https:\/\/jornalfatosenoticias.com.br\/\",\"logo\":{\"@type\":\"ImageObject\",\"inLanguage\":\"pt-BR\",\"@id\":\"https:\/\/jornalfatosenoticias.com.br\/#\/schema\/logo\/image\/\",\"url\":\"https:\/\/jornalfatosenoticias.com.br\/wp-content\/uploads\/2020\/02\/logo120.png\",\"contentUrl\":\"https:\/\/jornalfatosenoticias.com.br\/wp-content\/uploads\/2020\/02\/logo120.png\",\"width\":1227,\"height\":120,\"caption\":\"Jornal Fatos e Not\u00edcias\"},\"image\":{\"@id\":\"https:\/\/jornalfatosenoticias.com.br\/#\/schema\/logo\/image\/\"}},{\"@type\":\"Person\",\"@id\":\"https:\/\/jornalfatosenoticias.com.br\/#\/schema\/person\/d63837fa13ac8666eb9e74e0985d6f81\",\"name\":\"Luzimara Fernandes\",\"image\":{\"@type\":\"ImageObject\",\"inLanguage\":\"pt-BR\",\"@id\":\"https:\/\/jornalfatosenoticias.com.br\/#\/schema\/person\/image\/\",\"url\":\"https:\/\/jornalfatosenoticias.com.br\/wp-content\/uploads\/2025\/05\/EU_portal.jpg\",\"contentUrl\":\"https:\/\/jornalfatosenoticias.com.br\/wp-content\/uploads\/2025\/05\/EU_portal.jpg\",\"caption\":\"Luzimara Fernandes\"},\"description\":\"Jornalista MTB 2358-ES\",\"sameAs\":[\"https:\/\/jornalfatosenoticias.com.br\"],\"url\":\"https:\/\/jornalfatosenoticias.com.br\/index.php\/author\/luzimara\/\"}]}<\/script>\n<!-- \/ Yoast SEO plugin. -->","yoast_head_json":{"title":"Fran\u00e7a se prepara para recordes de calor e inc\u00eandios florestais - Jornal Fatos e Not\u00edcias","robots":{"index":"index","follow":"follow","max-snippet":"max-snippet:-1","max-image-preview":"max-image-preview:large","max-video-preview":"max-video-preview:-1"},"canonical":"https:\/\/jornalfatosenoticias.com.br\/index.php\/2022\/07\/18\/franca-se-prepara-para-recordes-de-calor-e-incendios-florestais\/","og_locale":"pt_BR","og_type":"article","og_title":"Fran\u00e7a se prepara para recordes de calor e inc\u00eandios florestais - Jornal Fatos e Not\u00edcias","og_description":"V\u00e1rias regi\u00f5es do pa\u00eds est\u00e3o em alerta vermelho A Fran\u00e7a se prepara nesta segunda-feira (18) para o que pode se tornar um dos dias mais quentes j\u00e1 registrados, com temperaturas chegando a 40 graus Celsius em regi\u00f5es costeiras apreciadas por turistas, enquanto os inc\u00eandios florestais se intensificam no oeste e no sul.&#8220;O pico desta onda [&hellip;]","og_url":"https:\/\/jornalfatosenoticias.com.br\/index.php\/2022\/07\/18\/franca-se-prepara-para-recordes-de-calor-e-incendios-florestais\/","og_site_name":"Jornal Fatos e Not\u00edcias","article_published_time":"2022-07-18T20:01:36+00:00","article_modified_time":"2022-07-18T20:01:40+00:00","og_image":[{"width":1000,"height":598,"url":"https:\/\/jornalfatosenoticias.com.br\/wp-content\/uploads\/2022\/07\/franca-calor-incendios.jpg","type":"image\/jpeg"}],"author":"Luzimara Fernandes","twitter_card":"summary_large_image","twitter_misc":{"Escrito por":"Luzimara Fernandes","Est. tempo de leitura":"1 minuto"},"schema":{"@context":"https:\/\/schema.org","@graph":[{"@type":"Article","@id":"https:\/\/jornalfatosenoticias.com.br\/index.php\/2022\/07\/18\/franca-se-prepara-para-recordes-de-calor-e-incendios-florestais\/#article","isPartOf":{"@id":"https:\/\/jornalfatosenoticias.com.br\/index.php\/2022\/07\/18\/franca-se-prepara-para-recordes-de-calor-e-incendios-florestais\/"},"author":{"name":"Luzimara Fernandes","@id":"https:\/\/jornalfatosenoticias.com.br\/#\/schema\/person\/d63837fa13ac8666eb9e74e0985d6f81"},"headline":"Fran\u00e7a se prepara para recordes de calor e inc\u00eandios florestais","datePublished":"2022-07-18T20:01:36+00:00","dateModified":"2022-07-18T20:01:40+00:00","mainEntityOfPage":{"@id":"https:\/\/jornalfatosenoticias.com.br\/index.php\/2022\/07\/18\/franca-se-prepara-para-recordes-de-calor-e-incendios-florestais\/"},"wordCount":277,"commentCount":0,"publisher":{"@id":"https:\/\/jornalfatosenoticias.com.br\/#organization"},"image":{"@id":"https:\/\/jornalfatosenoticias.com.br\/index.php\/2022\/07\/18\/franca-se-prepara-para-recordes-de-calor-e-incendios-florestais\/#primaryimage"},"thumbnailUrl":"https:\/\/jornalfatosenoticias.com.br\/wp-content\/uploads\/2022\/07\/franca-calor-incendios.jpg","keywords":["calor","Fran\u00e7a","inc\u00eandios"],"articleSection":["Internacional"],"inLanguage":"pt-BR","potentialAction":[{"@type":"CommentAction","name":"Comment","target":["https:\/\/jornalfatosenoticias.com.br\/index.php\/2022\/07\/18\/franca-se-prepara-para-recordes-de-calor-e-incendios-florestais\/#respond"]}]},{"@type":"WebPage","@id":"https:\/\/jornalfatosenoticias.com.br\/index.php\/2022\/07\/18\/franca-se-prepara-para-recordes-de-calor-e-incendios-florestais\/","url":"https:\/\/jornalfatosenoticias.com.br\/index.php\/2022\/07\/18\/franca-se-prepara-para-recordes-de-calor-e-incendios-florestais\/","name":"Fran\u00e7a se prepara para recordes de calor e inc\u00eandios florestais - Jornal Fatos e Not\u00edcias","isPartOf":{"@id":"https:\/\/jornalfatosenoticias.com.br\/#website"},"primaryImageOfPage":{"@id":"https:\/\/jornalfatosenoticias.com.br\/index.php\/2022\/07\/18\/franca-se-prepara-para-recordes-de-calor-e-incendios-florestais\/#primaryimage"},"image":{"@id":"https:\/\/jornalfatosenoticias.com.br\/index.php\/2022\/07\/18\/franca-se-prepara-para-recordes-de-calor-e-incendios-florestais\/#primaryimage"},"thumbnailUrl":"https:\/\/jornalfatosenoticias.com.br\/wp-content\/uploads\/2022\/07\/franca-calor-incendios.jpg","datePublished":"2022-07-18T20:01:36+00:00","dateModified":"2022-07-18T20:01:40+00:00","breadcrumb":{"@id":"https:\/\/jornalfatosenoticias.com.br\/index.php\/2022\/07\/18\/franca-se-prepara-para-recordes-de-calor-e-incendios-florestais\/#breadcrumb"},"inLanguage":"pt-BR","potentialAction":[{"@type":"ReadAction","target":["https:\/\/jornalfatosenoticias.com.br\/index.php\/2022\/07\/18\/franca-se-prepara-para-recordes-de-calor-e-incendios-florestais\/"]}]},{"@type":"ImageObject","inLanguage":"pt-BR","@id":"https:\/\/jornalfatosenoticias.com.br\/index.php\/2022\/07\/18\/franca-se-prepara-para-recordes-de-calor-e-incendios-florestais\/#primaryimage","url":"https:\/\/jornalfatosenoticias.com.br\/wp-content\/uploads\/2022\/07\/franca-calor-incendios.jpg","contentUrl":"https:\/\/jornalfatosenoticias.com.br\/wp-content\/uploads\/2022\/07\/franca-calor-incendios.jpg","width":1000,"height":598},{"@type":"BreadcrumbList","@id":"https:\/\/jornalfatosenoticias.com.br\/index.php\/2022\/07\/18\/franca-se-prepara-para-recordes-de-calor-e-incendios-florestais\/#breadcrumb","itemListElement":[{"@type":"ListItem","position":1,"name":"In\u00edcio","item":"https:\/\/jornalfatosenoticias.com.br\/"},{"@type":"ListItem","position":2,"name":"Fran\u00e7a se prepara para recordes de calor e inc\u00eandios florestais"}]},{"@type":"WebSite","@id":"https:\/\/jornalfatosenoticias.com.br\/#website","url":"https:\/\/jornalfatosenoticias.com.br\/","name":"Jornal Fatos e Not\u00edcias","description":"Not\u00edcias em geral","publisher":{"@id":"https:\/\/jornalfatosenoticias.com.br\/#organization"},"potentialAction":[{"@type":"SearchAction","target":{"@type":"EntryPoint","urlTemplate":"https:\/\/jornalfatosenoticias.com.br\/?s={search_term_string}"},"query-input":{"@type":"PropertyValueSpecification","valueRequired":true,"valueName":"search_term_string"}}],"inLanguage":"pt-BR"},{"@type":"Organization","@id":"https:\/\/jornalfatosenoticias.com.br\/#organization","name":"Jornal Fatos e Not\u00edcias","url":"https:\/\/jornalfatosenoticias.com.br\/","logo":{"@type":"ImageObject","inLanguage":"pt-BR","@id":"https:\/\/jornalfatosenoticias.com.br\/#\/schema\/logo\/image\/","url":"https:\/\/jornalfatosenoticias.com.br\/wp-content\/uploads\/2020\/02\/logo120.png","contentUrl":"https:\/\/jornalfatosenoticias.com.br\/wp-content\/uploads\/2020\/02\/logo120.png","width":1227,"height":120,"caption":"Jornal Fatos e Not\u00edcias"},"image":{"@id":"https:\/\/jornalfatosenoticias.com.br\/#\/schema\/logo\/image\/"}},{"@type":"Person","@id":"https:\/\/jornalfatosenoticias.com.br\/#\/schema\/person\/d63837fa13ac8666eb9e74e0985d6f81","name":"Luzimara Fernandes","image":{"@type":"ImageObject","inLanguage":"pt-BR","@id":"https:\/\/jornalfatosenoticias.com.br\/#\/schema\/person\/image\/","url":"https:\/\/jornalfatosenoticias.com.br\/wp-content\/uploads\/2025\/05\/EU_portal.jpg","contentUrl":"https:\/\/jornalfatosenoticias.com.br\/wp-content\/uploads\/2025\/05\/EU_portal.jpg","caption":"Luzimara Fernandes"},"description":"Jornalista MTB 2358-ES","sameAs":["https:\/\/jornalfatosenoticias.com.br"],"url":"https:\/\/jornalfatosenoticias.com.br\/index.php\/author\/luzimara\/"}]}},"cc_featured_image_caption":{"caption_text":"","source_text":"","source_url":""},"jetpack_featured_media_url":"https:\/\/jornalfatosenoticias.com.br\/wp-content\/uploads\/2022\/07\/franca-calor-incendios.jpg","_links":{"self":[{"href":"https:\/\/jornalfatosenoticias.com.br\/index.php\/wp-json\/wp\/v2\/posts\/32377","targetHints":{"allow":["GET"]}}],"collection":[{"href":"https:\/\/jornalfatosenoticias.com.br\/index.php\/wp-json\/wp\/v2\/posts"}],"about":[{"href":"https:\/\/jornalfatosenoticias.com.br\/index.php\/wp-json\/wp\/v2\/types\/post"}],"author":[{"embeddable":true,"href":"https:\/\/jornalfatosenoticias.com.br\/index.php\/wp-json\/wp\/v2\/users\/2"}],"replies":[{"embeddable":true,"href":"https:\/\/jornalfatosenoticias.com.br\/index.php\/wp-json\/wp\/v2\/comments?post=32377"}],"version-history":[{"count":0,"href":"https:\/\/jornalfatosenoticias.com.br\/index.php\/wp-json\/wp\/v2\/posts\/32377\/revisions"}],"wp:featuredmedia":[{"embeddable":true,"href":"https:\/\/jornalfatosenoticias.com.br\/index.php\/wp-json\/wp\/v2\/media\/32378"}],"wp:attachment":[{"href":"https:\/\/jornalfatosenoticias.com.br\/index.php\/wp-json\/wp\/v2\/media?parent=32377"}],"wp:term":[{"taxonomy":"category","embeddable":true,"href":"https:\/\/jornalfatosenoticias.com.br\/index.php\/wp-json\/wp\/v2\/categories?post=32377"},{"taxonomy":"post_tag","embeddable":true,"href":"https:\/\/jornalfatosenoticias.com.br\/index.php\/wp-json\/wp\/v2\/tags?post=32377"}],"curies":[{"name":"wp","href":"https:\/\/api.w.org\/{rel}","templated":true}]}}