{"id":32383,"date":"2022-07-19T09:29:41","date_gmt":"2022-07-19T12:29:41","guid":{"rendered":"https:\/\/jornalfatosenoticias.com.br\/?p=32383"},"modified":"2022-07-19T09:29:44","modified_gmt":"2022-07-19T12:29:44","slug":"painel-solar-modular-e-projetado-para-varandas","status":"publish","type":"post","link":"https:\/\/jornalfatosenoticias.com.br\/index.php\/2022\/07\/19\/painel-solar-modular-e-projetado-para-varandas\/","title":{"rendered":"Painel solar modular \u00e9 projetado para varandas"},"content":{"rendered":"\n<p><em><span class=\"has-inline-color has-black-color\">Kits levam energia solar para quem n\u00e3o pode instalar pain\u00e9is no telhado<\/span><\/em><\/p>\n\n\n\n<div class=\"wp-block-image\"><figure class=\"aligncenter size-large is-resized\"><img loading=\"lazy\" decoding=\"async\" src=\"https:\/\/jornalfatosenoticias.com.br\/wp-content\/uploads\/2020\/02\/Logo-Mizu-segunda-2-1024x99.png\" alt=\"\" class=\"wp-image-2353\" width=\"538\" height=\"52\" srcset=\"https:\/\/jornalfatosenoticias.com.br\/wp-content\/uploads\/2020\/02\/Logo-Mizu-segunda-2-1024x99.png 1024w, https:\/\/jornalfatosenoticias.com.br\/wp-content\/uploads\/2020\/02\/Logo-Mizu-segunda-2-300x29.png 300w, https:\/\/jornalfatosenoticias.com.br\/wp-content\/uploads\/2020\/02\/Logo-Mizu-segunda-2-768x74.png 768w, https:\/\/jornalfatosenoticias.com.br\/wp-content\/uploads\/2020\/02\/Logo-Mizu-segunda-2.png 1240w\" sizes=\"auto, (max-width: 538px) 100vw, 538px\" \/><\/figure><\/div>\n\n\n\n<p>O custo de aquisi\u00e7\u00e3o de pain\u00e9is solares ainda \u00e9 um grande impeditivo para os brasileiros come\u00e7arem a gerar energia renov\u00e1vel. Por\u00e9m, h\u00e1 aqueles que simplesmente n\u00e3o podem instalar pain\u00e9is solares no telhado de seu lar. Isso por v\u00e1rias raz\u00f5es, entre elas porque moram em pr\u00e9dio e\/ou vivem em uma casa alugada. Pensando neste p\u00fablico, uma startup alem\u00e3 criou pain\u00e9is solares modulares projetados para varandas.<br>A We Do Solar, sediada em Berlim, vende kits com oito pain\u00e9is solares que podem ser posicionados horizontalmente ou verticalmente de acordo com o espa\u00e7o dispon\u00edvel. Al\u00e9m disso, n\u00e3o h\u00e1 problemas de seguran\u00e7a em rela\u00e7\u00e3o ao peso adicional do equipamento na varanda, uma vez que cada painel pesa somente um quilo.<\/p>\n\n\n\n<div class=\"wp-block-image\"><figure class=\"aligncenter size-large is-resized\"><img loading=\"lazy\" decoding=\"async\" src=\"https:\/\/jornalfatosenoticias.com.br\/wp-content\/uploads\/2022\/07\/Assinatura-Marketing-1024x300.png\" alt=\"\" class=\"wp-image-31962\" width=\"433\" height=\"126\" srcset=\"https:\/\/jornalfatosenoticias.com.br\/wp-content\/uploads\/2022\/07\/Assinatura-Marketing-1024x300.png 1024w, https:\/\/jornalfatosenoticias.com.br\/wp-content\/uploads\/2022\/07\/Assinatura-Marketing-300x88.png 300w, https:\/\/jornalfatosenoticias.com.br\/wp-content\/uploads\/2022\/07\/Assinatura-Marketing-768x225.png 768w, https:\/\/jornalfatosenoticias.com.br\/wp-content\/uploads\/2022\/07\/Assinatura-Marketing-1536x451.png 1536w, https:\/\/jornalfatosenoticias.com.br\/wp-content\/uploads\/2022\/07\/Assinatura-Marketing-2048x601.png 2048w\" sizes=\"auto, (max-width: 433px) 100vw, 433px\" \/><\/figure><\/div>\n\n\n\n<figure class=\"wp-block-image size-large\"><img loading=\"lazy\" decoding=\"async\" width=\"1000\" height=\"777\" src=\"https:\/\/jornalfatosenoticias.com.br\/wp-content\/uploads\/2022\/07\/Painel-solar-modular-1.jpg\" alt=\"\" class=\"wp-image-32384\" srcset=\"https:\/\/jornalfatosenoticias.com.br\/wp-content\/uploads\/2022\/07\/Painel-solar-modular-1.jpg 1000w, https:\/\/jornalfatosenoticias.com.br\/wp-content\/uploads\/2022\/07\/Painel-solar-modular-1-300x233.jpg 300w, https:\/\/jornalfatosenoticias.com.br\/wp-content\/uploads\/2022\/07\/Painel-solar-modular-1-768x597.jpg 768w\" sizes=\"auto, (max-width: 1000px) 100vw, 1000px\" \/><figcaption><em><span class=\"has-inline-color has-black-color\">(Foto: We Do Solar)<\/span><\/em><\/figcaption><\/figure>\n\n\n\n<div class=\"wp-block-image\"><figure class=\"alignright size-large is-resized\"><img loading=\"lazy\" decoding=\"async\" src=\"https:\/\/jornalfatosenoticias.com.br\/wp-content\/uploads\/2022\/02\/Precisao-Contabilidade-1024x724.jpg\" alt=\"\" class=\"wp-image-28088\" width=\"302\" height=\"213\"\/><\/figure><\/div>\n\n\n\n<p>A instala\u00e7\u00e3o tamb\u00e9m \u00e9 f\u00e1cil e r\u00e1pida, \u00e9 poss\u00edvel realizar sozinho \u2014 sem a necessidade de obter ferramentas, qualquer conhecimento t\u00e9cnico ou mesmo contratar um eletricista. Uma vez instalado basta conect\u00e1-lo em uma tomada padr\u00e3o para come\u00e7ar a captar a energia.<br>Outra vantagem \u00e9 que o equipamento n\u00e3o cria polui\u00e7\u00e3o visual. Cada painel possui cor s\u00f3lida em preto fosco, medindo 90x55cm.<br>Segundo a We Do Solar, com os pain\u00e9is modulares, as contas de energia el\u00e9trica s\u00e3o reduzidas em at\u00e9 25% e pegada de carbono em at\u00e9 600 kg por ano.<br>O kit de painel solar modular ainda conta, ali\u00e1s, com um aplicativo em que \u00e9 poss\u00edvel acompanhar quanta eletricidade j\u00e1 foi produzida e quanto CO\u2082 o consumidor j\u00e1 economizou. Desta forma, individualmente, os moradores alem\u00e3es podem contribuir a transi\u00e7\u00e3o energ\u00e9tica, usando uma fonte de energia limpa e renov\u00e1vel.<\/p>\n\n\n\n<div class=\"wp-block-image\"><figure class=\"aligncenter size-large is-resized\"><img loading=\"lazy\" decoding=\"async\" src=\"https:\/\/jornalfatosenoticias.com.br\/wp-content\/uploads\/2022\/02\/Serra-Pack-459.png\" alt=\"\" class=\"wp-image-27471\" width=\"326\" height=\"130\"\/><\/figure><\/div>\n\n\n\n<figure class=\"wp-block-image size-large\"><img loading=\"lazy\" decoding=\"async\" width=\"1000\" height=\"500\" src=\"https:\/\/jornalfatosenoticias.com.br\/wp-content\/uploads\/2022\/07\/Painel-solar-modular-2.jpeg\" alt=\"\" class=\"wp-image-32385\" srcset=\"https:\/\/jornalfatosenoticias.com.br\/wp-content\/uploads\/2022\/07\/Painel-solar-modular-2.jpeg 1000w, https:\/\/jornalfatosenoticias.com.br\/wp-content\/uploads\/2022\/07\/Painel-solar-modular-2-300x150.jpeg 300w, https:\/\/jornalfatosenoticias.com.br\/wp-content\/uploads\/2022\/07\/Painel-solar-modular-2-768x384.jpeg 768w\" sizes=\"auto, (max-width: 1000px) 100vw, 1000px\" \/><figcaption><em><span class=\"has-inline-color has-black-color\">(Foto: We Do Solar)<\/span><\/em><\/figcaption><\/figure>\n\n\n\n<div class=\"wp-block-image\"><figure class=\"alignleft size-large is-resized\"><img loading=\"lazy\" decoding=\"async\" src=\"https:\/\/jornalfatosenoticias.com.br\/wp-content\/uploads\/2022\/03\/logo-Suinco-1024x390.jpg\" alt=\"\" class=\"wp-image-28785\" width=\"320\" height=\"121\"\/><\/figure><\/div>\n\n\n\n<p>Por fim, se o cliente n\u00e3o estiver satisfeito, a We Do Solar garante a devolu\u00e7\u00e3o do produto e reembolso da compra. O kit est\u00e1 dispon\u00edvel para pr\u00e9-encomenda e custa EUR 1.299 euros, equivalente a pouco mais de sete mil reais (na cota\u00e7\u00e3o do dia 14\/07\/2022). O valor inclui seguro e garantia de 25 anos.<\/p>\n\n\n\n<p><strong><em>Fonte: <a href=\"https:\/\/ciclovivo.com.br\/planeta\/energia\/painel-solar-modular-e-projetado-para-varandas\/\">CicloVivo<\/a><\/em><\/strong><\/p>\n","protected":false},"excerpt":{"rendered":"<p>Kits levam energia solar para quem n\u00e3o pode instalar pain\u00e9is no telhado O custo de aquisi\u00e7\u00e3o de pain\u00e9is solares ainda \u00e9 um grande impeditivo para os brasileiros come\u00e7arem a gerar energia renov\u00e1vel. Por\u00e9m, h\u00e1 aqueles que simplesmente n\u00e3o podem instalar pain\u00e9is solares no telhado de seu lar. Isso por v\u00e1rias raz\u00f5es, entre elas porque moram [&hellip;]<\/p>\n","protected":false},"author":2,"featured_media":32386,"comment_status":"open","ping_status":"open","sticky":false,"template":"","format":"standard","meta":{"footnotes":""},"categories":[744],"tags":[15277,3321,15278],"class_list":["post-32383","post","type-post","status-publish","format-standard","has-post-thumbnail","hentry","category-arq-urbanismo","tag-energia-solar-por-assinatura","tag-painel-solar","tag-painel-solar-transparente"],"yoast_head":"<!-- This site is optimized with the Yoast SEO plugin v26.5 - https:\/\/yoast.com\/wordpress\/plugins\/seo\/ -->\n<title>Painel solar modular \u00e9 projetado para varandas - Jornal Fatos e Not\u00edcias<\/title>\n<meta name=\"robots\" content=\"index, follow, max-snippet:-1, max-image-preview:large, max-video-preview:-1\" \/>\n<link rel=\"canonical\" href=\"https:\/\/jornalfatosenoticias.com.br\/index.php\/2022\/07\/19\/painel-solar-modular-e-projetado-para-varandas\/\" \/>\n<meta property=\"og:locale\" content=\"pt_BR\" \/>\n<meta property=\"og:type\" content=\"article\" \/>\n<meta property=\"og:title\" content=\"Painel solar modular \u00e9 projetado para varandas - Jornal Fatos e Not\u00edcias\" \/>\n<meta property=\"og:description\" content=\"Kits levam energia solar para quem n\u00e3o pode instalar pain\u00e9is no telhado O custo de aquisi\u00e7\u00e3o de pain\u00e9is solares ainda \u00e9 um grande impeditivo para os brasileiros come\u00e7arem a gerar energia renov\u00e1vel. Por\u00e9m, h\u00e1 aqueles que simplesmente n\u00e3o podem instalar pain\u00e9is solares no telhado de seu lar. Isso por v\u00e1rias raz\u00f5es, entre elas porque moram [&hellip;]\" \/>\n<meta property=\"og:url\" content=\"https:\/\/jornalfatosenoticias.com.br\/index.php\/2022\/07\/19\/painel-solar-modular-e-projetado-para-varandas\/\" \/>\n<meta property=\"og:site_name\" content=\"Jornal Fatos e Not\u00edcias\" \/>\n<meta property=\"article:published_time\" content=\"2022-07-19T12:29:41+00:00\" \/>\n<meta property=\"article:modified_time\" content=\"2022-07-19T12:29:44+00:00\" \/>\n<meta property=\"og:image\" content=\"https:\/\/jornalfatosenoticias.com.br\/wp-content\/uploads\/2022\/07\/Painel-solar-modular-3.jpg\" \/>\n\t<meta property=\"og:image:width\" content=\"1000\" \/>\n\t<meta property=\"og:image:height\" content=\"549\" \/>\n\t<meta property=\"og:image:type\" content=\"image\/jpeg\" \/>\n<meta name=\"author\" content=\"Luzimara Fernandes\" \/>\n<meta name=\"twitter:card\" content=\"summary_large_image\" \/>\n<meta name=\"twitter:label1\" content=\"Escrito por\" \/>\n\t<meta name=\"twitter:data1\" content=\"Luzimara Fernandes\" \/>\n\t<meta name=\"twitter:label2\" content=\"Est. tempo de leitura\" \/>\n\t<meta name=\"twitter:data2\" content=\"2 minutos\" \/>\n<script type=\"application\/ld+json\" class=\"yoast-schema-graph\">{\"@context\":\"https:\/\/schema.org\",\"@graph\":[{\"@type\":\"Article\",\"@id\":\"https:\/\/jornalfatosenoticias.com.br\/index.php\/2022\/07\/19\/painel-solar-modular-e-projetado-para-varandas\/#article\",\"isPartOf\":{\"@id\":\"https:\/\/jornalfatosenoticias.com.br\/index.php\/2022\/07\/19\/painel-solar-modular-e-projetado-para-varandas\/\"},\"author\":{\"name\":\"Luzimara Fernandes\",\"@id\":\"https:\/\/jornalfatosenoticias.com.br\/#\/schema\/person\/d63837fa13ac8666eb9e74e0985d6f81\"},\"headline\":\"Painel solar modular \u00e9 projetado para varandas\",\"datePublished\":\"2022-07-19T12:29:41+00:00\",\"dateModified\":\"2022-07-19T12:29:44+00:00\",\"mainEntityOfPage\":{\"@id\":\"https:\/\/jornalfatosenoticias.com.br\/index.php\/2022\/07\/19\/painel-solar-modular-e-projetado-para-varandas\/\"},\"wordCount\":373,\"commentCount\":0,\"publisher\":{\"@id\":\"https:\/\/jornalfatosenoticias.com.br\/#organization\"},\"image\":{\"@id\":\"https:\/\/jornalfatosenoticias.com.br\/index.php\/2022\/07\/19\/painel-solar-modular-e-projetado-para-varandas\/#primaryimage\"},\"thumbnailUrl\":\"https:\/\/jornalfatosenoticias.com.br\/wp-content\/uploads\/2022\/07\/Painel-solar-modular-3.jpg\",\"keywords\":[\"energia solar por assinatura\",\"painel solar\",\"painel solar transparente\"],\"articleSection\":[\"Arq &amp; Urb\"],\"inLanguage\":\"pt-BR\",\"potentialAction\":[{\"@type\":\"CommentAction\",\"name\":\"Comment\",\"target\":[\"https:\/\/jornalfatosenoticias.com.br\/index.php\/2022\/07\/19\/painel-solar-modular-e-projetado-para-varandas\/#respond\"]}]},{\"@type\":\"WebPage\",\"@id\":\"https:\/\/jornalfatosenoticias.com.br\/index.php\/2022\/07\/19\/painel-solar-modular-e-projetado-para-varandas\/\",\"url\":\"https:\/\/jornalfatosenoticias.com.br\/index.php\/2022\/07\/19\/painel-solar-modular-e-projetado-para-varandas\/\",\"name\":\"Painel solar modular \u00e9 projetado para varandas - Jornal Fatos e Not\u00edcias\",\"isPartOf\":{\"@id\":\"https:\/\/jornalfatosenoticias.com.br\/#website\"},\"primaryImageOfPage\":{\"@id\":\"https:\/\/jornalfatosenoticias.com.br\/index.php\/2022\/07\/19\/painel-solar-modular-e-projetado-para-varandas\/#primaryimage\"},\"image\":{\"@id\":\"https:\/\/jornalfatosenoticias.com.br\/index.php\/2022\/07\/19\/painel-solar-modular-e-projetado-para-varandas\/#primaryimage\"},\"thumbnailUrl\":\"https:\/\/jornalfatosenoticias.com.br\/wp-content\/uploads\/2022\/07\/Painel-solar-modular-3.jpg\",\"datePublished\":\"2022-07-19T12:29:41+00:00\",\"dateModified\":\"2022-07-19T12:29:44+00:00\",\"breadcrumb\":{\"@id\":\"https:\/\/jornalfatosenoticias.com.br\/index.php\/2022\/07\/19\/painel-solar-modular-e-projetado-para-varandas\/#breadcrumb\"},\"inLanguage\":\"pt-BR\",\"potentialAction\":[{\"@type\":\"ReadAction\",\"target\":[\"https:\/\/jornalfatosenoticias.com.br\/index.php\/2022\/07\/19\/painel-solar-modular-e-projetado-para-varandas\/\"]}]},{\"@type\":\"ImageObject\",\"inLanguage\":\"pt-BR\",\"@id\":\"https:\/\/jornalfatosenoticias.com.br\/index.php\/2022\/07\/19\/painel-solar-modular-e-projetado-para-varandas\/#primaryimage\",\"url\":\"https:\/\/jornalfatosenoticias.com.br\/wp-content\/uploads\/2022\/07\/Painel-solar-modular-3.jpg\",\"contentUrl\":\"https:\/\/jornalfatosenoticias.com.br\/wp-content\/uploads\/2022\/07\/Painel-solar-modular-3.jpg\",\"width\":1000,\"height\":549},{\"@type\":\"BreadcrumbList\",\"@id\":\"https:\/\/jornalfatosenoticias.com.br\/index.php\/2022\/07\/19\/painel-solar-modular-e-projetado-para-varandas\/#breadcrumb\",\"itemListElement\":[{\"@type\":\"ListItem\",\"position\":1,\"name\":\"In\u00edcio\",\"item\":\"https:\/\/jornalfatosenoticias.com.br\/\"},{\"@type\":\"ListItem\",\"position\":2,\"name\":\"Painel solar modular \u00e9 projetado para varandas\"}]},{\"@type\":\"WebSite\",\"@id\":\"https:\/\/jornalfatosenoticias.com.br\/#website\",\"url\":\"https:\/\/jornalfatosenoticias.com.br\/\",\"name\":\"Jornal Fatos e Not\u00edcias\",\"description\":\"Not\u00edcias em geral\",\"publisher\":{\"@id\":\"https:\/\/jornalfatosenoticias.com.br\/#organization\"},\"potentialAction\":[{\"@type\":\"SearchAction\",\"target\":{\"@type\":\"EntryPoint\",\"urlTemplate\":\"https:\/\/jornalfatosenoticias.com.br\/?s={search_term_string}\"},\"query-input\":{\"@type\":\"PropertyValueSpecification\",\"valueRequired\":true,\"valueName\":\"search_term_string\"}}],\"inLanguage\":\"pt-BR\"},{\"@type\":\"Organization\",\"@id\":\"https:\/\/jornalfatosenoticias.com.br\/#organization\",\"name\":\"Jornal Fatos e Not\u00edcias\",\"url\":\"https:\/\/jornalfatosenoticias.com.br\/\",\"logo\":{\"@type\":\"ImageObject\",\"inLanguage\":\"pt-BR\",\"@id\":\"https:\/\/jornalfatosenoticias.com.br\/#\/schema\/logo\/image\/\",\"url\":\"https:\/\/jornalfatosenoticias.com.br\/wp-content\/uploads\/2020\/02\/logo120.png\",\"contentUrl\":\"https:\/\/jornalfatosenoticias.com.br\/wp-content\/uploads\/2020\/02\/logo120.png\",\"width\":1227,\"height\":120,\"caption\":\"Jornal Fatos e Not\u00edcias\"},\"image\":{\"@id\":\"https:\/\/jornalfatosenoticias.com.br\/#\/schema\/logo\/image\/\"}},{\"@type\":\"Person\",\"@id\":\"https:\/\/jornalfatosenoticias.com.br\/#\/schema\/person\/d63837fa13ac8666eb9e74e0985d6f81\",\"name\":\"Luzimara Fernandes\",\"image\":{\"@type\":\"ImageObject\",\"inLanguage\":\"pt-BR\",\"@id\":\"https:\/\/jornalfatosenoticias.com.br\/#\/schema\/person\/image\/\",\"url\":\"https:\/\/jornalfatosenoticias.com.br\/wp-content\/uploads\/2025\/05\/EU_portal.jpg\",\"contentUrl\":\"https:\/\/jornalfatosenoticias.com.br\/wp-content\/uploads\/2025\/05\/EU_portal.jpg\",\"caption\":\"Luzimara Fernandes\"},\"description\":\"Jornalista MTB 2358-ES\",\"sameAs\":[\"https:\/\/jornalfatosenoticias.com.br\"],\"url\":\"https:\/\/jornalfatosenoticias.com.br\/index.php\/author\/luzimara\/\"}]}<\/script>\n<!-- \/ Yoast SEO plugin. -->","yoast_head_json":{"title":"Painel solar modular \u00e9 projetado para varandas - Jornal Fatos e Not\u00edcias","robots":{"index":"index","follow":"follow","max-snippet":"max-snippet:-1","max-image-preview":"max-image-preview:large","max-video-preview":"max-video-preview:-1"},"canonical":"https:\/\/jornalfatosenoticias.com.br\/index.php\/2022\/07\/19\/painel-solar-modular-e-projetado-para-varandas\/","og_locale":"pt_BR","og_type":"article","og_title":"Painel solar modular \u00e9 projetado para varandas - Jornal Fatos e Not\u00edcias","og_description":"Kits levam energia solar para quem n\u00e3o pode instalar pain\u00e9is no telhado O custo de aquisi\u00e7\u00e3o de pain\u00e9is solares ainda \u00e9 um grande impeditivo para os brasileiros come\u00e7arem a gerar energia renov\u00e1vel. Por\u00e9m, h\u00e1 aqueles que simplesmente n\u00e3o podem instalar pain\u00e9is solares no telhado de seu lar. Isso por v\u00e1rias raz\u00f5es, entre elas porque moram [&hellip;]","og_url":"https:\/\/jornalfatosenoticias.com.br\/index.php\/2022\/07\/19\/painel-solar-modular-e-projetado-para-varandas\/","og_site_name":"Jornal Fatos e Not\u00edcias","article_published_time":"2022-07-19T12:29:41+00:00","article_modified_time":"2022-07-19T12:29:44+00:00","og_image":[{"width":1000,"height":549,"url":"https:\/\/jornalfatosenoticias.com.br\/wp-content\/uploads\/2022\/07\/Painel-solar-modular-3.jpg","type":"image\/jpeg"}],"author":"Luzimara Fernandes","twitter_card":"summary_large_image","twitter_misc":{"Escrito por":"Luzimara Fernandes","Est. tempo de leitura":"2 minutos"},"schema":{"@context":"https:\/\/schema.org","@graph":[{"@type":"Article","@id":"https:\/\/jornalfatosenoticias.com.br\/index.php\/2022\/07\/19\/painel-solar-modular-e-projetado-para-varandas\/#article","isPartOf":{"@id":"https:\/\/jornalfatosenoticias.com.br\/index.php\/2022\/07\/19\/painel-solar-modular-e-projetado-para-varandas\/"},"author":{"name":"Luzimara Fernandes","@id":"https:\/\/jornalfatosenoticias.com.br\/#\/schema\/person\/d63837fa13ac8666eb9e74e0985d6f81"},"headline":"Painel solar modular \u00e9 projetado para varandas","datePublished":"2022-07-19T12:29:41+00:00","dateModified":"2022-07-19T12:29:44+00:00","mainEntityOfPage":{"@id":"https:\/\/jornalfatosenoticias.com.br\/index.php\/2022\/07\/19\/painel-solar-modular-e-projetado-para-varandas\/"},"wordCount":373,"commentCount":0,"publisher":{"@id":"https:\/\/jornalfatosenoticias.com.br\/#organization"},"image":{"@id":"https:\/\/jornalfatosenoticias.com.br\/index.php\/2022\/07\/19\/painel-solar-modular-e-projetado-para-varandas\/#primaryimage"},"thumbnailUrl":"https:\/\/jornalfatosenoticias.com.br\/wp-content\/uploads\/2022\/07\/Painel-solar-modular-3.jpg","keywords":["energia solar por assinatura","painel solar","painel solar transparente"],"articleSection":["Arq &amp; Urb"],"inLanguage":"pt-BR","potentialAction":[{"@type":"CommentAction","name":"Comment","target":["https:\/\/jornalfatosenoticias.com.br\/index.php\/2022\/07\/19\/painel-solar-modular-e-projetado-para-varandas\/#respond"]}]},{"@type":"WebPage","@id":"https:\/\/jornalfatosenoticias.com.br\/index.php\/2022\/07\/19\/painel-solar-modular-e-projetado-para-varandas\/","url":"https:\/\/jornalfatosenoticias.com.br\/index.php\/2022\/07\/19\/painel-solar-modular-e-projetado-para-varandas\/","name":"Painel solar modular \u00e9 projetado para varandas - Jornal Fatos e Not\u00edcias","isPartOf":{"@id":"https:\/\/jornalfatosenoticias.com.br\/#website"},"primaryImageOfPage":{"@id":"https:\/\/jornalfatosenoticias.com.br\/index.php\/2022\/07\/19\/painel-solar-modular-e-projetado-para-varandas\/#primaryimage"},"image":{"@id":"https:\/\/jornalfatosenoticias.com.br\/index.php\/2022\/07\/19\/painel-solar-modular-e-projetado-para-varandas\/#primaryimage"},"thumbnailUrl":"https:\/\/jornalfatosenoticias.com.br\/wp-content\/uploads\/2022\/07\/Painel-solar-modular-3.jpg","datePublished":"2022-07-19T12:29:41+00:00","dateModified":"2022-07-19T12:29:44+00:00","breadcrumb":{"@id":"https:\/\/jornalfatosenoticias.com.br\/index.php\/2022\/07\/19\/painel-solar-modular-e-projetado-para-varandas\/#breadcrumb"},"inLanguage":"pt-BR","potentialAction":[{"@type":"ReadAction","target":["https:\/\/jornalfatosenoticias.com.br\/index.php\/2022\/07\/19\/painel-solar-modular-e-projetado-para-varandas\/"]}]},{"@type":"ImageObject","inLanguage":"pt-BR","@id":"https:\/\/jornalfatosenoticias.com.br\/index.php\/2022\/07\/19\/painel-solar-modular-e-projetado-para-varandas\/#primaryimage","url":"https:\/\/jornalfatosenoticias.com.br\/wp-content\/uploads\/2022\/07\/Painel-solar-modular-3.jpg","contentUrl":"https:\/\/jornalfatosenoticias.com.br\/wp-content\/uploads\/2022\/07\/Painel-solar-modular-3.jpg","width":1000,"height":549},{"@type":"BreadcrumbList","@id":"https:\/\/jornalfatosenoticias.com.br\/index.php\/2022\/07\/19\/painel-solar-modular-e-projetado-para-varandas\/#breadcrumb","itemListElement":[{"@type":"ListItem","position":1,"name":"In\u00edcio","item":"https:\/\/jornalfatosenoticias.com.br\/"},{"@type":"ListItem","position":2,"name":"Painel solar modular \u00e9 projetado para varandas"}]},{"@type":"WebSite","@id":"https:\/\/jornalfatosenoticias.com.br\/#website","url":"https:\/\/jornalfatosenoticias.com.br\/","name":"Jornal Fatos e Not\u00edcias","description":"Not\u00edcias em geral","publisher":{"@id":"https:\/\/jornalfatosenoticias.com.br\/#organization"},"potentialAction":[{"@type":"SearchAction","target":{"@type":"EntryPoint","urlTemplate":"https:\/\/jornalfatosenoticias.com.br\/?s={search_term_string}"},"query-input":{"@type":"PropertyValueSpecification","valueRequired":true,"valueName":"search_term_string"}}],"inLanguage":"pt-BR"},{"@type":"Organization","@id":"https:\/\/jornalfatosenoticias.com.br\/#organization","name":"Jornal Fatos e Not\u00edcias","url":"https:\/\/jornalfatosenoticias.com.br\/","logo":{"@type":"ImageObject","inLanguage":"pt-BR","@id":"https:\/\/jornalfatosenoticias.com.br\/#\/schema\/logo\/image\/","url":"https:\/\/jornalfatosenoticias.com.br\/wp-content\/uploads\/2020\/02\/logo120.png","contentUrl":"https:\/\/jornalfatosenoticias.com.br\/wp-content\/uploads\/2020\/02\/logo120.png","width":1227,"height":120,"caption":"Jornal Fatos e Not\u00edcias"},"image":{"@id":"https:\/\/jornalfatosenoticias.com.br\/#\/schema\/logo\/image\/"}},{"@type":"Person","@id":"https:\/\/jornalfatosenoticias.com.br\/#\/schema\/person\/d63837fa13ac8666eb9e74e0985d6f81","name":"Luzimara Fernandes","image":{"@type":"ImageObject","inLanguage":"pt-BR","@id":"https:\/\/jornalfatosenoticias.com.br\/#\/schema\/person\/image\/","url":"https:\/\/jornalfatosenoticias.com.br\/wp-content\/uploads\/2025\/05\/EU_portal.jpg","contentUrl":"https:\/\/jornalfatosenoticias.com.br\/wp-content\/uploads\/2025\/05\/EU_portal.jpg","caption":"Luzimara Fernandes"},"description":"Jornalista MTB 2358-ES","sameAs":["https:\/\/jornalfatosenoticias.com.br"],"url":"https:\/\/jornalfatosenoticias.com.br\/index.php\/author\/luzimara\/"}]}},"cc_featured_image_caption":{"caption_text":"(Foto: We Do Solar) ","source_text":"","source_url":""},"jetpack_featured_media_url":"https:\/\/jornalfatosenoticias.com.br\/wp-content\/uploads\/2022\/07\/Painel-solar-modular-3.jpg","_links":{"self":[{"href":"https:\/\/jornalfatosenoticias.com.br\/index.php\/wp-json\/wp\/v2\/posts\/32383","targetHints":{"allow":["GET"]}}],"collection":[{"href":"https:\/\/jornalfatosenoticias.com.br\/index.php\/wp-json\/wp\/v2\/posts"}],"about":[{"href":"https:\/\/jornalfatosenoticias.com.br\/index.php\/wp-json\/wp\/v2\/types\/post"}],"author":[{"embeddable":true,"href":"https:\/\/jornalfatosenoticias.com.br\/index.php\/wp-json\/wp\/v2\/users\/2"}],"replies":[{"embeddable":true,"href":"https:\/\/jornalfatosenoticias.com.br\/index.php\/wp-json\/wp\/v2\/comments?post=32383"}],"version-history":[{"count":0,"href":"https:\/\/jornalfatosenoticias.com.br\/index.php\/wp-json\/wp\/v2\/posts\/32383\/revisions"}],"wp:featuredmedia":[{"embeddable":true,"href":"https:\/\/jornalfatosenoticias.com.br\/index.php\/wp-json\/wp\/v2\/media\/32386"}],"wp:attachment":[{"href":"https:\/\/jornalfatosenoticias.com.br\/index.php\/wp-json\/wp\/v2\/media?parent=32383"}],"wp:term":[{"taxonomy":"category","embeddable":true,"href":"https:\/\/jornalfatosenoticias.com.br\/index.php\/wp-json\/wp\/v2\/categories?post=32383"},{"taxonomy":"post_tag","embeddable":true,"href":"https:\/\/jornalfatosenoticias.com.br\/index.php\/wp-json\/wp\/v2\/tags?post=32383"}],"curies":[{"name":"wp","href":"https:\/\/api.w.org\/{rel}","templated":true}]}}