{"id":32397,"date":"2022-07-19T10:15:07","date_gmt":"2022-07-19T13:15:07","guid":{"rendered":"https:\/\/jornalfatosenoticias.com.br\/?p=32397"},"modified":"2022-07-19T10:15:09","modified_gmt":"2022-07-19T13:15:09","slug":"cientistas-caracterizam-o-que-ha-de-vida-nas-lagoas-de-soda-do-pantanal","status":"publish","type":"post","link":"https:\/\/jornalfatosenoticias.com.br\/index.php\/2022\/07\/19\/cientistas-caracterizam-o-que-ha-de-vida-nas-lagoas-de-soda-do-pantanal\/","title":{"rendered":"Cientistas caracterizam o que h\u00e1 de vida nas \u201clagoas de soda\u201d do Pantanal"},"content":{"rendered":"\n<p><em><span class=\"has-inline-color has-black-color\">Pesquisadores do Centro de Energia Nuclear na Agricultura da USP, em Piracicaba, mesclam pesquisa de campo e an\u00e1lises em laborat\u00f3rio para melhor conhecer as lagoas que possuem alto \u00edndice de salinidade e pH elevado<\/span><\/em><\/p>\n\n\n\n<div class=\"wp-block-image\"><figure class=\"aligncenter size-large is-resized\"><img loading=\"lazy\" decoding=\"async\" src=\"https:\/\/jornalfatosenoticias.com.br\/wp-content\/uploads\/2022\/02\/Arte-Autoescola-Galatas_endereco_portal-1024x103.png\" alt=\"\" class=\"wp-image-27869\" width=\"530\" height=\"53\" srcset=\"https:\/\/jornalfatosenoticias.com.br\/wp-content\/uploads\/2022\/02\/Arte-Autoescola-Galatas_endereco_portal-1024x103.png 1024w, https:\/\/jornalfatosenoticias.com.br\/wp-content\/uploads\/2022\/02\/Arte-Autoescola-Galatas_endereco_portal-300x30.png 300w, https:\/\/jornalfatosenoticias.com.br\/wp-content\/uploads\/2022\/02\/Arte-Autoescola-Galatas_endereco_portal-768x77.png 768w, https:\/\/jornalfatosenoticias.com.br\/wp-content\/uploads\/2022\/02\/Arte-Autoescola-Galatas_endereco_portal.png 1223w\" sizes=\"auto, (max-width: 530px) 100vw, 530px\" \/><\/figure><\/div>\n\n\n\n<p>Em algumas regi\u00f5es do Pantanal sul mato-grossense existem lagoas que t\u00eam como caracter\u00edsticas a aus\u00eancia de peixes e que chegam a abrigar, por vezes, alguns anf\u00edbios e insetos. Conhecidas como \u201clagoas de soda\u201d, estes sistemas possuem elevado pH e alta salinidade. \u201cOs principais seres vivos encontrados nesses complexos, a qual denominamos lagoas salino-alcalinas, s\u00e3o microrganismos\u201d, explica a microbiologista Simone Raposo Cotta, que atualmente \u00e9 p\u00f3s-doutoranda no Centro de Energia Nuclear na Agricultura (Cena) da USP, em Piracicaba.<br>Ela e o engenheiro ambiental Thierry Alexandre Pellegrinetti, doutorando no Cena, v\u00eam pesquisando esses microrganismos para conhecer como eles conseguem se adaptar e sobreviver nas \u201clagoas de soda\u201d. Os cientistas assinam um artigo sobre o tema que acaba de ser publicado na <a href=\"https:\/\/www.nature.com\/articles\/s41598-022-12046-2\"><em>Revista Scientific Report<\/em><\/a><em>,<\/em>\u00a0do grupo<em>\u00a0Nature<\/em>.<\/p>\n\n\n\n<div class=\"wp-block-image\"><figure class=\"alignleft size-large is-resized\"><img loading=\"lazy\" decoding=\"async\" src=\"https:\/\/jornalfatosenoticias.com.br\/wp-content\/uploads\/2022\/02\/Precisao-Contabilidade-1024x724.jpg\" alt=\"\" class=\"wp-image-28088\" width=\"288\" height=\"203\"\/><\/figure><\/div>\n\n\n\n<p>Segundo Pellegrinetti, a import\u00e2ncia de conhecer os mecanismos pelos quais esses microrganismos sobrevivem nestes sistemas ajudam na preserva\u00e7\u00e3o das \u201clagoas de soda\u201d. Durante as pesquisas, que tiveram in\u00edcio em 2017, enquanto Simone realizou diversas an\u00e1lises nos laborat\u00f3rios do Cena, o engenheiro ambiental fez algumas incurs\u00f5es ao Pantanal para localizar e identificar as lagoas e obter o material que seria destinado \u00e0s an\u00e1lises de laborat\u00f3rio. \u201cVale destacar que nossas visitas \u00e0s lagoas nem sempre foram f\u00e1ceis, pois existem \u00e9pocas de cheias que dificultam e at\u00e9 impedem o acesso aos locais\u201d, descreve Pellegrinetti.<\/p>\n\n\n\n<div class=\"wp-block-image\"><figure class=\"aligncenter size-large is-resized\"><img loading=\"lazy\" decoding=\"async\" src=\"https:\/\/jornalfatosenoticias.com.br\/wp-content\/uploads\/2020\/02\/Logo-Mizu-segunda-2-1024x99.png\" alt=\"\" class=\"wp-image-2353\" width=\"518\" height=\"50\" srcset=\"https:\/\/jornalfatosenoticias.com.br\/wp-content\/uploads\/2020\/02\/Logo-Mizu-segunda-2-1024x99.png 1024w, https:\/\/jornalfatosenoticias.com.br\/wp-content\/uploads\/2020\/02\/Logo-Mizu-segunda-2-300x29.png 300w, https:\/\/jornalfatosenoticias.com.br\/wp-content\/uploads\/2020\/02\/Logo-Mizu-segunda-2-768x74.png 768w, https:\/\/jornalfatosenoticias.com.br\/wp-content\/uploads\/2020\/02\/Logo-Mizu-segunda-2.png 1240w\" sizes=\"auto, (max-width: 518px) 100vw, 518px\" \/><\/figure><\/div>\n\n\n\n<p><strong><span class=\"has-inline-color has-vivid-green-cyan-color\">Sul da Nhecol\u00e2ndia<br><\/span><\/strong>As \u201clagoas de soda\u201d estudadas est\u00e3o localizadas numa regi\u00e3o conhecida como Nhecol\u00e2ndia, uma \u00e1rea de mais de 26 mil quil\u00f4metros quadrados (Km\u00b2) pr\u00f3xima a Aquidauana, no Mato Grosso do Sul. \u201cAnalisamos os sistemas localizados no sul da Nhecol\u00e2ndia (veja no mapa). Mais especificamente, estudamos lagoas localizadas numa reserva ecol\u00f3gica chamada S\u00e3o Roque, onde os propriet\u00e1rios optaram por manter a propriedade intacta\u201d, conta o engenheiro ambiental, lembrando que a regi\u00e3o onde se encontram os lagos pertencem a pequenas fazendas e propriedades rurais.<br>As \u201clagoas de soda\u201d n\u00e3o existem apenas no Brasil, como lembra Simone. De acordo com a microbiologista, elas s\u00e3o encontradas em outros pa\u00edses como Canad\u00e1, em algumas regi\u00f5es dos EUA, e em pa\u00edses africanos, como Eti\u00f3pia e Tanz\u00e2nia, na R\u00fassia, \u00c1ustria e em regi\u00f5es da Mong\u00f3lia. <\/p>\n\n\n\n<div class=\"wp-block-image\"><figure class=\"aligncenter size-large is-resized\"><img loading=\"lazy\" decoding=\"async\" src=\"https:\/\/jornalfatosenoticias.com.br\/wp-content\/uploads\/2022\/07\/Logo-Grupo-SEI.jpg\" alt=\"\" class=\"wp-image-31973\" width=\"347\" height=\"182\" srcset=\"https:\/\/jornalfatosenoticias.com.br\/wp-content\/uploads\/2022\/07\/Logo-Grupo-SEI.jpg 713w, https:\/\/jornalfatosenoticias.com.br\/wp-content\/uploads\/2022\/07\/Logo-Grupo-SEI-300x158.jpg 300w\" sizes=\"auto, (max-width: 347px) 100vw, 347px\" \/><\/figure><\/div>\n\n\n\n<blockquote class=\"wp-block-quote is-layout-flow wp-block-quote-is-layout-flow\"><p><span class=\"has-inline-color has-luminous-vivid-orange-color\">\u201cMas h\u00e1 diferen\u00e7as! As lagoas do Pantanal, em geral, s\u00e3o mais rasas e menores, se comparadas com as da \u00c1frica, por exemplo\u201d, informa. Em \u00e9pocas de cheias chegam, no m\u00e1ximo, a dois metros de profundidade. \u201cIsso entre os meses de novembro a mar\u00e7o, anualmente. Mas pode variar\u201d, descreve Pellegrinetti.<\/span><\/p><\/blockquote>\n\n\n\n<div class=\"wp-block-image\"><figure class=\"aligncenter size-large is-resized\"><img loading=\"lazy\" decoding=\"async\" src=\"https:\/\/jornalfatosenoticias.com.br\/wp-content\/uploads\/2022\/02\/Serra-Pack-459.png\" alt=\"\" class=\"wp-image-27471\" width=\"370\" height=\"148\"\/><\/figure><\/div>\n\n\n\n<p>O engenheiro informa tamb\u00e9m que, em todo o Pantanal, segundo imagens captadas por sat\u00e9lites, deve haver entre 600 e 900 \u201clagoas de soda\u201d que possuem, em sua maioria, cerca de um quil\u00f4metro (km) de di\u00e2metro.<\/p>\n\n\n\n<div class=\"wp-block-image\"><figure class=\"aligncenter size-large is-resized\"><img loading=\"lazy\" decoding=\"async\" src=\"https:\/\/jornalfatosenoticias.com.br\/wp-content\/uploads\/2022\/05\/NOVA-LOGO-CESCONETTO-1024x100.jpg\" alt=\"\" class=\"wp-image-30792\" width=\"529\" height=\"51\" srcset=\"https:\/\/jornalfatosenoticias.com.br\/wp-content\/uploads\/2022\/05\/NOVA-LOGO-CESCONETTO-1024x100.jpg 1024w, https:\/\/jornalfatosenoticias.com.br\/wp-content\/uploads\/2022\/05\/NOVA-LOGO-CESCONETTO-300x29.jpg 300w, https:\/\/jornalfatosenoticias.com.br\/wp-content\/uploads\/2022\/05\/NOVA-LOGO-CESCONETTO-768x75.jpg 768w, https:\/\/jornalfatosenoticias.com.br\/wp-content\/uploads\/2022\/05\/NOVA-LOGO-CESCONETTO.jpg 1280w\" sizes=\"auto, (max-width: 529px) 100vw, 529px\" \/><\/figure><\/div>\n\n\n\n<p><strong><span class=\"has-inline-color has-vivid-green-cyan-color\">Microrganismos<br><\/span><\/strong>As pesquisas fazem parte de um projeto tem\u00e1tico da Funda\u00e7\u00e3o de Amparo \u00e0 Pesquisa do Estado de S\u00e3o Paulo (Fapesp) que come\u00e7ou em 2016 e tem como pesquisadora principal a professora Marli de Fatima Fiore, do Cena e, como coordenador principal, o professor Adolpho Jos\u00e9 Melfi, do Instituto de Energia e Ambiente (IEE) da USP. Segundo Simone, dentre os principais motivos das investiga\u00e7\u00f5es est\u00e3o a aus\u00eancia de informa\u00e7\u00f5es com rela\u00e7\u00e3o \u00e0s lagoas e a caracteriza\u00e7\u00e3o dos microrganismos que habitam os sistemas.<\/p>\n\n\n\n<div class=\"wp-block-image\"><figure class=\"aligncenter size-large is-resized\"><img loading=\"lazy\" decoding=\"async\" src=\"https:\/\/jornalfatosenoticias.com.br\/wp-content\/uploads\/2020\/02\/Suinco-1024x389.jpg\" alt=\"\" class=\"wp-image-28883\" width=\"374\" height=\"142\" srcset=\"https:\/\/jornalfatosenoticias.com.br\/wp-content\/uploads\/2020\/02\/Suinco-1024x389.jpg 1024w, https:\/\/jornalfatosenoticias.com.br\/wp-content\/uploads\/2020\/02\/Suinco-300x114.jpg 300w, https:\/\/jornalfatosenoticias.com.br\/wp-content\/uploads\/2020\/02\/Suinco-768x292.jpg 768w, https:\/\/jornalfatosenoticias.com.br\/wp-content\/uploads\/2020\/02\/Suinco.jpg 1220w\" sizes=\"auto, (max-width: 374px) 100vw, 374px\" \/><\/figure><\/div>\n\n\n\n<blockquote class=\"wp-block-quote is-layout-flow wp-block-quote-is-layout-flow\"><p><span class=\"has-inline-color has-luminous-vivid-orange-color\">\u201cApesar de associarmos a presen\u00e7a de microrganismos com a ocorr\u00eancia de doen\u00e7as, a grande maioria na verdade desempenha pap\u00e9is importantes e frequentemente vitais para o funcionamento dos diferentes biomas. Nessas lagoas estamos focados em compreender o papel dos microrganismos para o funcionamento desse ecossistema e n\u00e3o o seu n\u00edvel de patogenicidade\u201d, afirma a microbiologista. <\/span><\/p><\/blockquote>\n\n\n\n<div class=\"wp-block-image\"><figure class=\"alignright size-large is-resized\"><img loading=\"lazy\" decoding=\"async\" src=\"https:\/\/jornalfatosenoticias.com.br\/wp-content\/uploads\/2020\/02\/nova-logo-Marquetti.jpg\" alt=\"\" class=\"wp-image-22331\" width=\"270\" height=\"181\" srcset=\"https:\/\/jornalfatosenoticias.com.br\/wp-content\/uploads\/2020\/02\/nova-logo-Marquetti.jpg 643w, https:\/\/jornalfatosenoticias.com.br\/wp-content\/uploads\/2020\/02\/nova-logo-Marquetti-300x202.jpg 300w\" sizes=\"auto, (max-width: 270px) 100vw, 270px\" \/><\/figure><\/div>\n\n\n\n<p>Nas an\u00e1lises realizadas at\u00e9 agora, os cientistas conseguiram caracterizar os microrganismos que habitam tr\u00eas grupos distintos de lagoas: as lagoas verdes, as lagoas pretas e as lagoas cristalinas. \u201cPara habitar essas lagoas com caracter\u00edsticas diferentes, os microrganismos adotam estrat\u00e9gias distintas\u201d, salienta Simone.<br>Nas lagoas verdes a predomin\u00e2ncia \u00e9 das cianobact\u00e9rias. Por possu\u00edrem clorofila, elas \u00e9 que d\u00e3o a colora\u00e7\u00e3o esverdeada as \u00e1guas. Essas lagoas tendem a ser mais ricas nutricionalmente. <\/p>\n\n\n\n<blockquote class=\"wp-block-quote is-layout-flow wp-block-quote-is-layout-flow\"><p><span class=\"has-inline-color has-luminous-vivid-orange-color\">\u201cElas possuem mais oxig\u00eanio, carbono, nitrog\u00eanio e f\u00f3sforo. Podemos considerar que se trata de um ambiente mais saud\u00e1vel\u201d, descreve Simone.<\/span><\/p><\/blockquote>\n\n\n\n<div class=\"wp-block-image\"><figure class=\"alignleft size-large\"><img decoding=\"async\" src=\"https:\/\/jornalfatosenoticias.com.br\/wp-content\/uploads\/2020\/02\/logo_esteio.jpg\" alt=\"\" class=\"wp-image-1214\"\/><\/figure><\/div>\n\n\n\n<p>Em rela\u00e7\u00e3o \u00e0s outras lagoas (pretas e cristalinas) elas possuem sais (ainda que em n\u00edveis mais altos) em sua composi\u00e7\u00e3o. J\u00e1 as lagoas pretas possuem baixas quantidades de cianobact\u00e9rias, o que torna o sistema menos rico, nutricionalmente. \u201cEstas possuem maior concentra\u00e7\u00e3o de \u00edons, metais, materiais particulados e \u00e1cidos h\u00famicos\u201d, descreve.<br>J\u00e1 as lagoas que possuem \u00e1guas cristalinas apresentam baix\u00edssima abund\u00e2ncia de cianobact\u00e9rias, e tamb\u00e9m de material particulado. \u201cNestes sistemas, as \u00e1guas s\u00e3o mais limpas e possuem menor salinidade\u201d, diz Simone. Tanto as an\u00e1lises de Simone quanto os registros de Pellegrinetti t\u00eam como principal objetivo compreender a distribui\u00e7\u00e3o dos microrganismos nas lagoas, que ser\u00e3o importantes subs\u00eddios para melhor compreender aqueles ecossistemas e as possibilidades de conserva\u00e7\u00e3o dos mesmos. <\/p>\n\n\n\n<div class=\"wp-block-image\"><figure class=\"aligncenter size-large is-resized\"><img loading=\"lazy\" decoding=\"async\" src=\"https:\/\/jornalfatosenoticias.com.br\/wp-content\/uploads\/2022\/07\/Assinatura-Marketing-1024x300.png\" alt=\"\" class=\"wp-image-31962\" width=\"420\" height=\"122\" srcset=\"https:\/\/jornalfatosenoticias.com.br\/wp-content\/uploads\/2022\/07\/Assinatura-Marketing-1024x300.png 1024w, https:\/\/jornalfatosenoticias.com.br\/wp-content\/uploads\/2022\/07\/Assinatura-Marketing-300x88.png 300w, https:\/\/jornalfatosenoticias.com.br\/wp-content\/uploads\/2022\/07\/Assinatura-Marketing-768x225.png 768w, https:\/\/jornalfatosenoticias.com.br\/wp-content\/uploads\/2022\/07\/Assinatura-Marketing-1536x451.png 1536w, https:\/\/jornalfatosenoticias.com.br\/wp-content\/uploads\/2022\/07\/Assinatura-Marketing-2048x601.png 2048w\" sizes=\"auto, (max-width: 420px) 100vw, 420px\" \/><\/figure><\/div>\n\n\n\n<blockquote class=\"wp-block-quote is-layout-flow wp-block-quote-is-layout-flow\"><p><span class=\"has-inline-color has-luminous-vivid-orange-color\">\u201cAs caracter\u00edsticas do ambiente moldam os microrganismos, da mesma forma que os microrganismos moldam o ambiente que habitam, estabelecendo um equil\u00edbrio muito importante para o funcionamento dos ambientes. Quando h\u00e1 mudan\u00e7as ambientais, o equil\u00edbrio, de um modo geral, \u00e9 prejudicado podendo afetar os biomas\u201d, adverte Pellegrinetti, lembrando que o projeto ainda est\u00e1 em andamento.<\/span><\/p><\/blockquote>\n\n\n\n<div class=\"wp-block-image\"><figure class=\"aligncenter size-large is-resized\"><img loading=\"lazy\" decoding=\"async\" src=\"https:\/\/jornalfatosenoticias.com.br\/wp-content\/uploads\/2020\/02\/Serra-Grande-1024x160.png\" alt=\"\" class=\"wp-image-7836\" width=\"467\" height=\"72\"\/><\/figure><\/div>\n\n\n\n<p><strong><em>Fonte: <a href=\"https:\/\/www.ecycle.com.br\/cientistas-caracterizam-o-que-ha-de-vida-nas-lagoas-de-soda-do-pantanal\/\">eCycle<\/a><\/em><\/strong><\/p>\n","protected":false},"excerpt":{"rendered":"<p>Pesquisadores do Centro de Energia Nuclear na Agricultura da USP, em Piracicaba, mesclam pesquisa de campo e an\u00e1lises em laborat\u00f3rio para melhor conhecer as lagoas que possuem alto \u00edndice de salinidade e pH elevado Em algumas regi\u00f5es do Pantanal sul mato-grossense existem lagoas que t\u00eam como caracter\u00edsticas a aus\u00eancia de peixes e que chegam a [&hellip;]<\/p>\n","protected":false},"author":2,"featured_media":32398,"comment_status":"open","ping_status":"open","sticky":false,"template":"","format":"standard","meta":{"footnotes":""},"categories":[2,8],"tags":[1105,113,15286,778,15289,15288,15287],"class_list":["post-32397","post","type-post","status-publish","format-standard","has-post-thumbnail","hentry","category-ciencia","category-meio-ambiente","tag-cientistas","tag-fapesp","tag-lagoas-de-soda","tag-pantanal","tag-pesquisa-de-campo","tag-ph","tag-salinidade"],"yoast_head":"<!-- This site is optimized with the Yoast SEO plugin v26.5 - https:\/\/yoast.com\/wordpress\/plugins\/seo\/ -->\n<title>Cientistas caracterizam o que h\u00e1 de vida nas \u201clagoas de soda\u201d do Pantanal - Jornal Fatos e Not\u00edcias<\/title>\n<meta name=\"robots\" content=\"index, follow, max-snippet:-1, max-image-preview:large, max-video-preview:-1\" \/>\n<link rel=\"canonical\" href=\"https:\/\/jornalfatosenoticias.com.br\/index.php\/2022\/07\/19\/cientistas-caracterizam-o-que-ha-de-vida-nas-lagoas-de-soda-do-pantanal\/\" \/>\n<meta property=\"og:locale\" content=\"pt_BR\" \/>\n<meta property=\"og:type\" content=\"article\" \/>\n<meta property=\"og:title\" content=\"Cientistas caracterizam o que h\u00e1 de vida nas \u201clagoas de soda\u201d do Pantanal - Jornal Fatos e Not\u00edcias\" \/>\n<meta property=\"og:description\" content=\"Pesquisadores do Centro de Energia Nuclear na Agricultura da USP, em Piracicaba, mesclam pesquisa de campo e an\u00e1lises em laborat\u00f3rio para melhor conhecer as lagoas que possuem alto \u00edndice de salinidade e pH elevado Em algumas regi\u00f5es do Pantanal sul mato-grossense existem lagoas que t\u00eam como caracter\u00edsticas a aus\u00eancia de peixes e que chegam a [&hellip;]\" \/>\n<meta property=\"og:url\" content=\"https:\/\/jornalfatosenoticias.com.br\/index.php\/2022\/07\/19\/cientistas-caracterizam-o-que-ha-de-vida-nas-lagoas-de-soda-do-pantanal\/\" \/>\n<meta property=\"og:site_name\" content=\"Jornal Fatos e Not\u00edcias\" \/>\n<meta property=\"article:published_time\" content=\"2022-07-19T13:15:07+00:00\" \/>\n<meta property=\"article:modified_time\" content=\"2022-07-19T13:15:09+00:00\" \/>\n<meta property=\"og:image\" content=\"https:\/\/jornalfatosenoticias.com.br\/wp-content\/uploads\/2022\/07\/lagoas_Pantanal.jpg\" \/>\n\t<meta property=\"og:image:width\" content=\"1000\" \/>\n\t<meta property=\"og:image:height\" content=\"554\" \/>\n\t<meta property=\"og:image:type\" content=\"image\/jpeg\" \/>\n<meta name=\"author\" content=\"Luzimara Fernandes\" \/>\n<meta name=\"twitter:card\" content=\"summary_large_image\" \/>\n<meta name=\"twitter:label1\" content=\"Escrito por\" \/>\n\t<meta name=\"twitter:data1\" content=\"Luzimara Fernandes\" \/>\n\t<meta name=\"twitter:label2\" content=\"Est. tempo de leitura\" \/>\n\t<meta name=\"twitter:data2\" content=\"5 minutos\" \/>\n<script type=\"application\/ld+json\" class=\"yoast-schema-graph\">{\"@context\":\"https:\/\/schema.org\",\"@graph\":[{\"@type\":\"Article\",\"@id\":\"https:\/\/jornalfatosenoticias.com.br\/index.php\/2022\/07\/19\/cientistas-caracterizam-o-que-ha-de-vida-nas-lagoas-de-soda-do-pantanal\/#article\",\"isPartOf\":{\"@id\":\"https:\/\/jornalfatosenoticias.com.br\/index.php\/2022\/07\/19\/cientistas-caracterizam-o-que-ha-de-vida-nas-lagoas-de-soda-do-pantanal\/\"},\"author\":{\"name\":\"Luzimara Fernandes\",\"@id\":\"https:\/\/jornalfatosenoticias.com.br\/#\/schema\/person\/d63837fa13ac8666eb9e74e0985d6f81\"},\"headline\":\"Cientistas caracterizam o que h\u00e1 de vida nas \u201clagoas de soda\u201d do Pantanal\",\"datePublished\":\"2022-07-19T13:15:07+00:00\",\"dateModified\":\"2022-07-19T13:15:09+00:00\",\"mainEntityOfPage\":{\"@id\":\"https:\/\/jornalfatosenoticias.com.br\/index.php\/2022\/07\/19\/cientistas-caracterizam-o-que-ha-de-vida-nas-lagoas-de-soda-do-pantanal\/\"},\"wordCount\":964,\"commentCount\":0,\"publisher\":{\"@id\":\"https:\/\/jornalfatosenoticias.com.br\/#organization\"},\"image\":{\"@id\":\"https:\/\/jornalfatosenoticias.com.br\/index.php\/2022\/07\/19\/cientistas-caracterizam-o-que-ha-de-vida-nas-lagoas-de-soda-do-pantanal\/#primaryimage\"},\"thumbnailUrl\":\"https:\/\/jornalfatosenoticias.com.br\/wp-content\/uploads\/2022\/07\/lagoas_Pantanal.jpg\",\"keywords\":[\"cientistas\",\"fapesp\",\"lagoas de soda\",\"Pantanal\",\"pesquisa de campo\",\"pH\",\"salinidade\"],\"articleSection\":[\"Ci\u00eancia\",\"Meio ambiente\"],\"inLanguage\":\"pt-BR\",\"potentialAction\":[{\"@type\":\"CommentAction\",\"name\":\"Comment\",\"target\":[\"https:\/\/jornalfatosenoticias.com.br\/index.php\/2022\/07\/19\/cientistas-caracterizam-o-que-ha-de-vida-nas-lagoas-de-soda-do-pantanal\/#respond\"]}]},{\"@type\":\"WebPage\",\"@id\":\"https:\/\/jornalfatosenoticias.com.br\/index.php\/2022\/07\/19\/cientistas-caracterizam-o-que-ha-de-vida-nas-lagoas-de-soda-do-pantanal\/\",\"url\":\"https:\/\/jornalfatosenoticias.com.br\/index.php\/2022\/07\/19\/cientistas-caracterizam-o-que-ha-de-vida-nas-lagoas-de-soda-do-pantanal\/\",\"name\":\"Cientistas caracterizam o que h\u00e1 de vida nas \u201clagoas de soda\u201d do Pantanal - Jornal Fatos e Not\u00edcias\",\"isPartOf\":{\"@id\":\"https:\/\/jornalfatosenoticias.com.br\/#website\"},\"primaryImageOfPage\":{\"@id\":\"https:\/\/jornalfatosenoticias.com.br\/index.php\/2022\/07\/19\/cientistas-caracterizam-o-que-ha-de-vida-nas-lagoas-de-soda-do-pantanal\/#primaryimage\"},\"image\":{\"@id\":\"https:\/\/jornalfatosenoticias.com.br\/index.php\/2022\/07\/19\/cientistas-caracterizam-o-que-ha-de-vida-nas-lagoas-de-soda-do-pantanal\/#primaryimage\"},\"thumbnailUrl\":\"https:\/\/jornalfatosenoticias.com.br\/wp-content\/uploads\/2022\/07\/lagoas_Pantanal.jpg\",\"datePublished\":\"2022-07-19T13:15:07+00:00\",\"dateModified\":\"2022-07-19T13:15:09+00:00\",\"breadcrumb\":{\"@id\":\"https:\/\/jornalfatosenoticias.com.br\/index.php\/2022\/07\/19\/cientistas-caracterizam-o-que-ha-de-vida-nas-lagoas-de-soda-do-pantanal\/#breadcrumb\"},\"inLanguage\":\"pt-BR\",\"potentialAction\":[{\"@type\":\"ReadAction\",\"target\":[\"https:\/\/jornalfatosenoticias.com.br\/index.php\/2022\/07\/19\/cientistas-caracterizam-o-que-ha-de-vida-nas-lagoas-de-soda-do-pantanal\/\"]}]},{\"@type\":\"ImageObject\",\"inLanguage\":\"pt-BR\",\"@id\":\"https:\/\/jornalfatosenoticias.com.br\/index.php\/2022\/07\/19\/cientistas-caracterizam-o-que-ha-de-vida-nas-lagoas-de-soda-do-pantanal\/#primaryimage\",\"url\":\"https:\/\/jornalfatosenoticias.com.br\/wp-content\/uploads\/2022\/07\/lagoas_Pantanal.jpg\",\"contentUrl\":\"https:\/\/jornalfatosenoticias.com.br\/wp-content\/uploads\/2022\/07\/lagoas_Pantanal.jpg\",\"width\":1000,\"height\":554},{\"@type\":\"BreadcrumbList\",\"@id\":\"https:\/\/jornalfatosenoticias.com.br\/index.php\/2022\/07\/19\/cientistas-caracterizam-o-que-ha-de-vida-nas-lagoas-de-soda-do-pantanal\/#breadcrumb\",\"itemListElement\":[{\"@type\":\"ListItem\",\"position\":1,\"name\":\"In\u00edcio\",\"item\":\"https:\/\/jornalfatosenoticias.com.br\/\"},{\"@type\":\"ListItem\",\"position\":2,\"name\":\"Cientistas caracterizam o que h\u00e1 de vida nas \u201clagoas de soda\u201d do Pantanal\"}]},{\"@type\":\"WebSite\",\"@id\":\"https:\/\/jornalfatosenoticias.com.br\/#website\",\"url\":\"https:\/\/jornalfatosenoticias.com.br\/\",\"name\":\"Jornal Fatos e Not\u00edcias\",\"description\":\"Not\u00edcias em geral\",\"publisher\":{\"@id\":\"https:\/\/jornalfatosenoticias.com.br\/#organization\"},\"potentialAction\":[{\"@type\":\"SearchAction\",\"target\":{\"@type\":\"EntryPoint\",\"urlTemplate\":\"https:\/\/jornalfatosenoticias.com.br\/?s={search_term_string}\"},\"query-input\":{\"@type\":\"PropertyValueSpecification\",\"valueRequired\":true,\"valueName\":\"search_term_string\"}}],\"inLanguage\":\"pt-BR\"},{\"@type\":\"Organization\",\"@id\":\"https:\/\/jornalfatosenoticias.com.br\/#organization\",\"name\":\"Jornal Fatos e Not\u00edcias\",\"url\":\"https:\/\/jornalfatosenoticias.com.br\/\",\"logo\":{\"@type\":\"ImageObject\",\"inLanguage\":\"pt-BR\",\"@id\":\"https:\/\/jornalfatosenoticias.com.br\/#\/schema\/logo\/image\/\",\"url\":\"https:\/\/jornalfatosenoticias.com.br\/wp-content\/uploads\/2020\/02\/logo120.png\",\"contentUrl\":\"https:\/\/jornalfatosenoticias.com.br\/wp-content\/uploads\/2020\/02\/logo120.png\",\"width\":1227,\"height\":120,\"caption\":\"Jornal Fatos e Not\u00edcias\"},\"image\":{\"@id\":\"https:\/\/jornalfatosenoticias.com.br\/#\/schema\/logo\/image\/\"}},{\"@type\":\"Person\",\"@id\":\"https:\/\/jornalfatosenoticias.com.br\/#\/schema\/person\/d63837fa13ac8666eb9e74e0985d6f81\",\"name\":\"Luzimara Fernandes\",\"image\":{\"@type\":\"ImageObject\",\"inLanguage\":\"pt-BR\",\"@id\":\"https:\/\/jornalfatosenoticias.com.br\/#\/schema\/person\/image\/\",\"url\":\"https:\/\/jornalfatosenoticias.com.br\/wp-content\/uploads\/2025\/05\/EU_portal.jpg\",\"contentUrl\":\"https:\/\/jornalfatosenoticias.com.br\/wp-content\/uploads\/2025\/05\/EU_portal.jpg\",\"caption\":\"Luzimara Fernandes\"},\"description\":\"Jornalista MTB 2358-ES\",\"sameAs\":[\"https:\/\/jornalfatosenoticias.com.br\"],\"url\":\"https:\/\/jornalfatosenoticias.com.br\/index.php\/author\/luzimara\/\"}]}<\/script>\n<!-- \/ Yoast SEO plugin. -->","yoast_head_json":{"title":"Cientistas caracterizam o que h\u00e1 de vida nas \u201clagoas de soda\u201d do Pantanal - Jornal Fatos e Not\u00edcias","robots":{"index":"index","follow":"follow","max-snippet":"max-snippet:-1","max-image-preview":"max-image-preview:large","max-video-preview":"max-video-preview:-1"},"canonical":"https:\/\/jornalfatosenoticias.com.br\/index.php\/2022\/07\/19\/cientistas-caracterizam-o-que-ha-de-vida-nas-lagoas-de-soda-do-pantanal\/","og_locale":"pt_BR","og_type":"article","og_title":"Cientistas caracterizam o que h\u00e1 de vida nas \u201clagoas de soda\u201d do Pantanal - Jornal Fatos e Not\u00edcias","og_description":"Pesquisadores do Centro de Energia Nuclear na Agricultura da USP, em Piracicaba, mesclam pesquisa de campo e an\u00e1lises em laborat\u00f3rio para melhor conhecer as lagoas que possuem alto \u00edndice de salinidade e pH elevado Em algumas regi\u00f5es do Pantanal sul mato-grossense existem lagoas que t\u00eam como caracter\u00edsticas a aus\u00eancia de peixes e que chegam a [&hellip;]","og_url":"https:\/\/jornalfatosenoticias.com.br\/index.php\/2022\/07\/19\/cientistas-caracterizam-o-que-ha-de-vida-nas-lagoas-de-soda-do-pantanal\/","og_site_name":"Jornal Fatos e Not\u00edcias","article_published_time":"2022-07-19T13:15:07+00:00","article_modified_time":"2022-07-19T13:15:09+00:00","og_image":[{"width":1000,"height":554,"url":"https:\/\/jornalfatosenoticias.com.br\/wp-content\/uploads\/2022\/07\/lagoas_Pantanal.jpg","type":"image\/jpeg"}],"author":"Luzimara Fernandes","twitter_card":"summary_large_image","twitter_misc":{"Escrito por":"Luzimara Fernandes","Est. tempo de leitura":"5 minutos"},"schema":{"@context":"https:\/\/schema.org","@graph":[{"@type":"Article","@id":"https:\/\/jornalfatosenoticias.com.br\/index.php\/2022\/07\/19\/cientistas-caracterizam-o-que-ha-de-vida-nas-lagoas-de-soda-do-pantanal\/#article","isPartOf":{"@id":"https:\/\/jornalfatosenoticias.com.br\/index.php\/2022\/07\/19\/cientistas-caracterizam-o-que-ha-de-vida-nas-lagoas-de-soda-do-pantanal\/"},"author":{"name":"Luzimara Fernandes","@id":"https:\/\/jornalfatosenoticias.com.br\/#\/schema\/person\/d63837fa13ac8666eb9e74e0985d6f81"},"headline":"Cientistas caracterizam o que h\u00e1 de vida nas \u201clagoas de soda\u201d do Pantanal","datePublished":"2022-07-19T13:15:07+00:00","dateModified":"2022-07-19T13:15:09+00:00","mainEntityOfPage":{"@id":"https:\/\/jornalfatosenoticias.com.br\/index.php\/2022\/07\/19\/cientistas-caracterizam-o-que-ha-de-vida-nas-lagoas-de-soda-do-pantanal\/"},"wordCount":964,"commentCount":0,"publisher":{"@id":"https:\/\/jornalfatosenoticias.com.br\/#organization"},"image":{"@id":"https:\/\/jornalfatosenoticias.com.br\/index.php\/2022\/07\/19\/cientistas-caracterizam-o-que-ha-de-vida-nas-lagoas-de-soda-do-pantanal\/#primaryimage"},"thumbnailUrl":"https:\/\/jornalfatosenoticias.com.br\/wp-content\/uploads\/2022\/07\/lagoas_Pantanal.jpg","keywords":["cientistas","fapesp","lagoas de soda","Pantanal","pesquisa de campo","pH","salinidade"],"articleSection":["Ci\u00eancia","Meio ambiente"],"inLanguage":"pt-BR","potentialAction":[{"@type":"CommentAction","name":"Comment","target":["https:\/\/jornalfatosenoticias.com.br\/index.php\/2022\/07\/19\/cientistas-caracterizam-o-que-ha-de-vida-nas-lagoas-de-soda-do-pantanal\/#respond"]}]},{"@type":"WebPage","@id":"https:\/\/jornalfatosenoticias.com.br\/index.php\/2022\/07\/19\/cientistas-caracterizam-o-que-ha-de-vida-nas-lagoas-de-soda-do-pantanal\/","url":"https:\/\/jornalfatosenoticias.com.br\/index.php\/2022\/07\/19\/cientistas-caracterizam-o-que-ha-de-vida-nas-lagoas-de-soda-do-pantanal\/","name":"Cientistas caracterizam o que h\u00e1 de vida nas \u201clagoas de soda\u201d do Pantanal - Jornal Fatos e Not\u00edcias","isPartOf":{"@id":"https:\/\/jornalfatosenoticias.com.br\/#website"},"primaryImageOfPage":{"@id":"https:\/\/jornalfatosenoticias.com.br\/index.php\/2022\/07\/19\/cientistas-caracterizam-o-que-ha-de-vida-nas-lagoas-de-soda-do-pantanal\/#primaryimage"},"image":{"@id":"https:\/\/jornalfatosenoticias.com.br\/index.php\/2022\/07\/19\/cientistas-caracterizam-o-que-ha-de-vida-nas-lagoas-de-soda-do-pantanal\/#primaryimage"},"thumbnailUrl":"https:\/\/jornalfatosenoticias.com.br\/wp-content\/uploads\/2022\/07\/lagoas_Pantanal.jpg","datePublished":"2022-07-19T13:15:07+00:00","dateModified":"2022-07-19T13:15:09+00:00","breadcrumb":{"@id":"https:\/\/jornalfatosenoticias.com.br\/index.php\/2022\/07\/19\/cientistas-caracterizam-o-que-ha-de-vida-nas-lagoas-de-soda-do-pantanal\/#breadcrumb"},"inLanguage":"pt-BR","potentialAction":[{"@type":"ReadAction","target":["https:\/\/jornalfatosenoticias.com.br\/index.php\/2022\/07\/19\/cientistas-caracterizam-o-que-ha-de-vida-nas-lagoas-de-soda-do-pantanal\/"]}]},{"@type":"ImageObject","inLanguage":"pt-BR","@id":"https:\/\/jornalfatosenoticias.com.br\/index.php\/2022\/07\/19\/cientistas-caracterizam-o-que-ha-de-vida-nas-lagoas-de-soda-do-pantanal\/#primaryimage","url":"https:\/\/jornalfatosenoticias.com.br\/wp-content\/uploads\/2022\/07\/lagoas_Pantanal.jpg","contentUrl":"https:\/\/jornalfatosenoticias.com.br\/wp-content\/uploads\/2022\/07\/lagoas_Pantanal.jpg","width":1000,"height":554},{"@type":"BreadcrumbList","@id":"https:\/\/jornalfatosenoticias.com.br\/index.php\/2022\/07\/19\/cientistas-caracterizam-o-que-ha-de-vida-nas-lagoas-de-soda-do-pantanal\/#breadcrumb","itemListElement":[{"@type":"ListItem","position":1,"name":"In\u00edcio","item":"https:\/\/jornalfatosenoticias.com.br\/"},{"@type":"ListItem","position":2,"name":"Cientistas caracterizam o que h\u00e1 de vida nas \u201clagoas de soda\u201d do Pantanal"}]},{"@type":"WebSite","@id":"https:\/\/jornalfatosenoticias.com.br\/#website","url":"https:\/\/jornalfatosenoticias.com.br\/","name":"Jornal Fatos e Not\u00edcias","description":"Not\u00edcias em geral","publisher":{"@id":"https:\/\/jornalfatosenoticias.com.br\/#organization"},"potentialAction":[{"@type":"SearchAction","target":{"@type":"EntryPoint","urlTemplate":"https:\/\/jornalfatosenoticias.com.br\/?s={search_term_string}"},"query-input":{"@type":"PropertyValueSpecification","valueRequired":true,"valueName":"search_term_string"}}],"inLanguage":"pt-BR"},{"@type":"Organization","@id":"https:\/\/jornalfatosenoticias.com.br\/#organization","name":"Jornal Fatos e Not\u00edcias","url":"https:\/\/jornalfatosenoticias.com.br\/","logo":{"@type":"ImageObject","inLanguage":"pt-BR","@id":"https:\/\/jornalfatosenoticias.com.br\/#\/schema\/logo\/image\/","url":"https:\/\/jornalfatosenoticias.com.br\/wp-content\/uploads\/2020\/02\/logo120.png","contentUrl":"https:\/\/jornalfatosenoticias.com.br\/wp-content\/uploads\/2020\/02\/logo120.png","width":1227,"height":120,"caption":"Jornal Fatos e Not\u00edcias"},"image":{"@id":"https:\/\/jornalfatosenoticias.com.br\/#\/schema\/logo\/image\/"}},{"@type":"Person","@id":"https:\/\/jornalfatosenoticias.com.br\/#\/schema\/person\/d63837fa13ac8666eb9e74e0985d6f81","name":"Luzimara Fernandes","image":{"@type":"ImageObject","inLanguage":"pt-BR","@id":"https:\/\/jornalfatosenoticias.com.br\/#\/schema\/person\/image\/","url":"https:\/\/jornalfatosenoticias.com.br\/wp-content\/uploads\/2025\/05\/EU_portal.jpg","contentUrl":"https:\/\/jornalfatosenoticias.com.br\/wp-content\/uploads\/2025\/05\/EU_portal.jpg","caption":"Luzimara Fernandes"},"description":"Jornalista MTB 2358-ES","sameAs":["https:\/\/jornalfatosenoticias.com.br"],"url":"https:\/\/jornalfatosenoticias.com.br\/index.php\/author\/luzimara\/"}]}},"cc_featured_image_caption":{"caption_text":"(Foto: Juliana e Mariana Amorim\/Unsplash) ","source_text":"","source_url":""},"jetpack_featured_media_url":"https:\/\/jornalfatosenoticias.com.br\/wp-content\/uploads\/2022\/07\/lagoas_Pantanal.jpg","_links":{"self":[{"href":"https:\/\/jornalfatosenoticias.com.br\/index.php\/wp-json\/wp\/v2\/posts\/32397","targetHints":{"allow":["GET"]}}],"collection":[{"href":"https:\/\/jornalfatosenoticias.com.br\/index.php\/wp-json\/wp\/v2\/posts"}],"about":[{"href":"https:\/\/jornalfatosenoticias.com.br\/index.php\/wp-json\/wp\/v2\/types\/post"}],"author":[{"embeddable":true,"href":"https:\/\/jornalfatosenoticias.com.br\/index.php\/wp-json\/wp\/v2\/users\/2"}],"replies":[{"embeddable":true,"href":"https:\/\/jornalfatosenoticias.com.br\/index.php\/wp-json\/wp\/v2\/comments?post=32397"}],"version-history":[{"count":0,"href":"https:\/\/jornalfatosenoticias.com.br\/index.php\/wp-json\/wp\/v2\/posts\/32397\/revisions"}],"wp:featuredmedia":[{"embeddable":true,"href":"https:\/\/jornalfatosenoticias.com.br\/index.php\/wp-json\/wp\/v2\/media\/32398"}],"wp:attachment":[{"href":"https:\/\/jornalfatosenoticias.com.br\/index.php\/wp-json\/wp\/v2\/media?parent=32397"}],"wp:term":[{"taxonomy":"category","embeddable":true,"href":"https:\/\/jornalfatosenoticias.com.br\/index.php\/wp-json\/wp\/v2\/categories?post=32397"},{"taxonomy":"post_tag","embeddable":true,"href":"https:\/\/jornalfatosenoticias.com.br\/index.php\/wp-json\/wp\/v2\/tags?post=32397"}],"curies":[{"name":"wp","href":"https:\/\/api.w.org\/{rel}","templated":true}]}}