{"id":32403,"date":"2022-07-19T11:30:45","date_gmt":"2022-07-19T14:30:45","guid":{"rendered":"https:\/\/jornalfatosenoticias.com.br\/?p=32403"},"modified":"2022-07-19T11:30:50","modified_gmt":"2022-07-19T14:30:50","slug":"como-controlar-pensamentos-intrusivos","status":"publish","type":"post","link":"https:\/\/jornalfatosenoticias.com.br\/index.php\/2022\/07\/19\/como-controlar-pensamentos-intrusivos\/","title":{"rendered":"Como controlar pensamentos intrusivos?"},"content":{"rendered":"\n<div class=\"wp-block-image\"><figure class=\"aligncenter size-large is-resized\"><img loading=\"lazy\" decoding=\"async\" src=\"https:\/\/jornalfatosenoticias.com.br\/wp-content\/uploads\/2020\/02\/Logo-Mizu-segunda-2-1024x99.png\" alt=\"\" class=\"wp-image-2353\" width=\"549\" height=\"53\" srcset=\"https:\/\/jornalfatosenoticias.com.br\/wp-content\/uploads\/2020\/02\/Logo-Mizu-segunda-2-1024x99.png 1024w, https:\/\/jornalfatosenoticias.com.br\/wp-content\/uploads\/2020\/02\/Logo-Mizu-segunda-2-300x29.png 300w, https:\/\/jornalfatosenoticias.com.br\/wp-content\/uploads\/2020\/02\/Logo-Mizu-segunda-2-768x74.png 768w, https:\/\/jornalfatosenoticias.com.br\/wp-content\/uploads\/2020\/02\/Logo-Mizu-segunda-2.png 1240w\" sizes=\"auto, (max-width: 549px) 100vw, 549px\" \/><\/figure><\/div>\n\n\n\n<p>Um <a href=\"https:\/\/journals.plos.org\/ploscompbiol\/article?id=10.1371\/journal.pcbi.1010285\" target=\"_blank\" rel=\"noreferrer noopener\">novo estudo<\/a>\u00a0da Universidade Hebraica de\u00a0<a href=\"https:\/\/olhardigital.com.br\/2022\/01\/04\/ciencia-e-espaco\/privada-de-27-mil-anos-mostra-que-a-elite-de-jerusalem-tinha-doencas-intestinais\/\" target=\"_blank\" rel=\"noreferrer noopener\">Jerusal\u00e9m<\/a> observou que o controle reativo pode ajudar as pessoas a evitar um pensamento intrusivo. Ou seja, a pessoa reconhece o pensamento e depois volta seu foco para outra coisa. No entanto, o controle proativo total se mostrou mais eficaz, impedindo o pensamento de atingir a consci\u00eancia antes de qualquer coisa \u2014 o problema: esse tipo de \u201cpoder\u201d \u00e9 mais dif\u00edcil de se alcan\u00e7ar.<br>Apesar de, para a maioria das pessoas, os pensamentos indesejados serem apenas distra\u00e7\u00f5es que nos tiram o foco de coisas importantes, eles podem significar algo um pouco mais grave. Como explica a Dra. Lauren Wadsworth, instrutora cl\u00ednica s\u00eanior em psiquiatria na Universidade de Rochester, Estados Unidos, a persist\u00eancia desses pensamentos \u201cpode ser um sintoma de muitos transtornos <a href=\"https:\/\/olhardigital.com.br\/2022\/02\/05\/reviews\/empresa-quer-vender-arma-de-laco-para-escolas-e-hospitais-psiquiatricos\/\" target=\"_blank\" rel=\"noreferrer noopener\">psiqui\u00e1tricos<\/a>\u201d.<\/p>\n\n\n\n<div class=\"wp-block-image\"><figure class=\"alignright size-large is-resized\"><img loading=\"lazy\" decoding=\"async\" src=\"https:\/\/jornalfatosenoticias.com.br\/wp-content\/uploads\/2022\/02\/Precisao-Contabilidade-1024x724.jpg\" alt=\"\" class=\"wp-image-28088\" width=\"281\" height=\"198\"\/><\/figure><\/div>\n\n\n\n<p><strong><span class=\"has-inline-color has-vivid-purple-color\">Analisando com palavras associadas<br><\/span><\/strong>Os pesquisadores da universidade em Jerusal\u00e9m analisaram 80 volunt\u00e1rios que receberam uma tarefa de associa\u00e7\u00e3o livre com dicas verbais \u2014 e que teriam recompensas financeiras no decorrer do processo. Os participantes viram pistas de 60 <a href=\"https:\/\/olhardigital.com.br\/2021\/08\/11\/dicas-e-tutoriais\/aprenda-bloquear-palavras-ofensivas-nos-comentarios-do-instagram\/\" target=\"_blank\" rel=\"noreferrer noopener\">palavras<\/a> na tela do computador, uma de cada vez, e tinham que escrever uma palavra associada em resposta a cada palavra. Por exemplo, se a palavra fosse \u201cmesa\u201d, eles podiam escrever \u201c<a href=\"https:\/\/olhardigital.com.br\/2022\/01\/21\/reviews\/razer-acessorios-gamer-hello-kitty\/\" target=\"_blank\" rel=\"noreferrer noopener\">cadeira<\/a>\u201d. Cada uma das 60 palavras-chave foi apresentada uma vez e repetida outras quatro, de forma aleat\u00f3ria.<br>Ent\u00e3o, os pesquisadores dividiram os participantes em dois grupos iguais. O grupo controle foi autorizado a escrever de novo a mesma palavra associada quando as palavras-chave apareciam repetidas. J\u00e1 no grupo de teste, as pessoas tinham que pensar em uma nova palavra associada a cada repeti\u00e7\u00e3o. <\/p>\n\n\n\n<div class=\"wp-block-image\"><figure class=\"aligncenter size-large is-resized\"><img loading=\"lazy\" decoding=\"async\" src=\"https:\/\/jornalfatosenoticias.com.br\/wp-content\/uploads\/2020\/02\/Suinco-1024x389.jpg\" alt=\"\" class=\"wp-image-28883\" width=\"435\" height=\"165\" srcset=\"https:\/\/jornalfatosenoticias.com.br\/wp-content\/uploads\/2020\/02\/Suinco-1024x389.jpg 1024w, https:\/\/jornalfatosenoticias.com.br\/wp-content\/uploads\/2020\/02\/Suinco-300x114.jpg 300w, https:\/\/jornalfatosenoticias.com.br\/wp-content\/uploads\/2020\/02\/Suinco-768x292.jpg 768w, https:\/\/jornalfatosenoticias.com.br\/wp-content\/uploads\/2020\/02\/Suinco.jpg 1220w\" sizes=\"auto, (max-width: 435px) 100vw, 435px\" \/><\/figure><\/div>\n\n\n\n<p>S\u00f3 que, se fizessem uma associa\u00e7\u00e3o repetida, n\u00e3o teriam o b\u00f4nus <a href=\"https:\/\/olhardigital.com.br\/2022\/05\/20\/pro\/big-techs-perdem-us-27-trilhoes-em-valor-de-mercado\/\" target=\"_blank\" rel=\"noreferrer noopener\">financeiro<\/a>.<br>O <a href=\"https:\/\/olhardigital.com.br\/2022\/06\/28\/ciencia-e-espaco\/afinal-e-possivel-viajar-no-tempo-provavelmente-nao-mas-ainda-temos-perguntas\/\" target=\"_blank\" rel=\"noreferrer noopener\">tempo<\/a> que cada participante levou para responder \u00e0s sugest\u00f5es foi cronometrado. Houve tamb\u00e9m instru\u00e7\u00f5es e organiza\u00e7\u00e3o levando em considera\u00e7\u00e3o tempo de digita\u00e7\u00e3o e n\u00edvel de \u201cassocia\u00e7\u00e3o\u201d (de 0 a 10, para \u201cmais fortemente associada\u201d) das palavras, de acordo com a percep\u00e7\u00e3o dos volunt\u00e1rios.<br>Conforme explica o Dr. Isaac Fradkin, pesquisador de p\u00f3s-doutorado e principal autor do estudo, associa\u00e7\u00f5es repetidas, por exemplo, <a href=\"https:\/\/olhardigital.com.br\/2022\/03\/18\/ciencia-e-espaco\/startup-cria-capacete-capaz-de-ler-a-mente-humana\/\" target=\"_blank\" rel=\"noreferrer noopener\">pensar<\/a> em \u201ccadeira\u201d por uma segunda vez para uma palavra-chave e assim por diante \u2014 \u201cs\u00e3o pensamentos indesejados. Eles distraem o participante do objetivo (criar uma nova associa\u00e7\u00e3o)\u201d.<\/p>\n\n\n\n<div class=\"wp-block-image\"><figure class=\"alignleft size-large is-resized\"><img loading=\"lazy\" decoding=\"async\" src=\"https:\/\/jornalfatosenoticias.com.br\/wp-content\/uploads\/2020\/02\/logo_esteio.jpg\" alt=\"\" class=\"wp-image-1214\" width=\"310\" height=\"258\"\/><\/figure><\/div>\n\n\n\n<p>As pessoas do grupo de teste acabaram usando a mesma associa\u00e7\u00e3o apenas 6% das vezes em compara\u00e7\u00e3o com 50,5% das respostas do grupo de controle. Elas tamb\u00e9m levaram mais tempo para criar uma nova palavra associada na hora em que um <a href=\"https:\/\/olhardigital.com.br\/2022\/02\/23\/games-e-consoles\/o-jogo-alcancar-tanta-gente-me-surpreendeu-diz-criador-do-termo\/\" target=\"_blank\" rel=\"noreferrer noopener\">termo<\/a> era repetido \u2014 os pesquisadores relataram que isso era consistente com o controle reativo.<\/p>\n\n\n\n<h4 class=\"wp-block-heading\"><span class=\"has-inline-color has-vivid-purple-color\">Supress\u00e3o proativa de pensamento<\/span><\/h4>\n\n\n\n<figure class=\"wp-block-embed-twitter wp-block-embed is-type-rich is-provider-twitter\"><div class=\"wp-block-embed__wrapper\">\n<blockquote class=\"twitter-tweet\" data-width=\"550\" data-dnt=\"true\"><p lang=\"zxx\" dir=\"ltr\"><a href=\"https:\/\/t.co\/tpDph8RHTH\">pic.twitter.com\/tpDph8RHTH<\/a><\/p>&mdash; se a terra n\u00e3o \u00e9 plana como explica o c\u00e9u reto? (@moreiraviw) <a href=\"https:\/\/twitter.com\/moreiraviw\/status\/1546563144465715202?ref_src=twsrc%5Etfw\">July 11, 2022<\/a><\/blockquote><script async src=\"https:\/\/platform.twitter.com\/widgets.js\" charset=\"utf-8\"><\/script>\n<\/div><\/figure>\n\n\n\n<div class=\"wp-block-image\"><figure class=\"alignright size-large is-resized\"><img loading=\"lazy\" decoding=\"async\" src=\"https:\/\/jornalfatosenoticias.com.br\/wp-content\/uploads\/2020\/02\/nova-logo-Marquetti.jpg\" alt=\"\" class=\"wp-image-22331\" width=\"315\" height=\"211\" srcset=\"https:\/\/jornalfatosenoticias.com.br\/wp-content\/uploads\/2020\/02\/nova-logo-Marquetti.jpg 643w, https:\/\/jornalfatosenoticias.com.br\/wp-content\/uploads\/2020\/02\/nova-logo-Marquetti-300x202.jpg 300w\" sizes=\"auto, (max-width: 315px) 100vw, 315px\" \/><\/figure><\/div>\n\n\n\n<p>Os pesquisadores ent\u00e3o exclu\u00edram as associa\u00e7\u00f5es que os participantes julgaram ter a associa\u00e7\u00e3o mais forte com a sugest\u00e3o (j\u00e1 que seriam mais dif\u00edceis de \u201cesquecer\u201d) e se concentraram nos tempos de <a href=\"https:\/\/olhardigital.com.br\/2022\/02\/17\/ciencia-e-espaco\/inteligencia-planetaria-cientistas-estudam-a-atividade-cognitiva-da-terra\/\" target=\"_blank\" rel=\"noreferrer noopener\">resposta<\/a> para sugest\u00f5es e associa\u00e7\u00f5es que foram mais fracas na primeira vez.<br>Um modelo computacional baseado em tempos de rea\u00e7\u00e3o e n\u00edveis de associa\u00e7\u00e3o entrou em a\u00e7\u00e3o neste momento, para determinar como as pessoas estavam evitando associa\u00e7\u00f5es repetidas. Ent\u00e3o, os pesquisadores descobriram que a for\u00e7a associativa mais fraca aumentou o tempo de rea\u00e7\u00e3o em compara\u00e7\u00e3o com o grupo de controle, mas deu tempos de rea\u00e7\u00e3o mais r\u00e1pidos do que quando a for\u00e7a associativa era <a href=\"https:\/\/olhardigital.com.br\/2022\/07\/01\/pro\/ta-com-raiva-do-seu-chefe-saiba-que-a-ia-podera-solucionar-isso\/\" target=\"_blank\" rel=\"noreferrer noopener\">forte<\/a>. E isso mostrou o uso de uma supress\u00e3o proativa de pensamento.<\/p>\n\n\n\n<div class=\"wp-block-image\"><figure class=\"aligncenter size-large is-resized\"><img loading=\"lazy\" decoding=\"async\" src=\"https:\/\/jornalfatosenoticias.com.br\/wp-content\/uploads\/2022\/07\/Logo-Grupo-SEI.jpg\" alt=\"\" class=\"wp-image-31973\" width=\"366\" height=\"192\" srcset=\"https:\/\/jornalfatosenoticias.com.br\/wp-content\/uploads\/2022\/07\/Logo-Grupo-SEI.jpg 713w, https:\/\/jornalfatosenoticias.com.br\/wp-content\/uploads\/2022\/07\/Logo-Grupo-SEI-300x158.jpg 300w\" sizes=\"auto, (max-width: 366px) 100vw, 366px\" \/><\/figure><\/div>\n\n\n\n<p>A conclus\u00e3o dos pesquisadores foi de que o controle do pensamento reativo atrasaria o tempo de rea\u00e7\u00e3o, pois a pessoa teria que rejeitar a palavra de associa\u00e7\u00e3o repetida e pensar em outra. Por sua vez, o controle proativo evitaria completamente o pensamento intrusivo (ou seja, a associa\u00e7\u00e3o repetida), <a href=\"https:\/\/olhardigital.com.br\/2021\/11\/27\/medicina-e-saude\/ansiedade-na-meia-idade-pode-ser-um-sinal-de-alzheimer-aponta-estudo\/\" target=\"_blank\" rel=\"noreferrer noopener\">acelerando<\/a> assim o tempo de rea\u00e7\u00e3o.<\/p>\n\n\n\n<div class=\"wp-block-image\"><figure class=\"aligncenter size-large is-resized\"><img loading=\"lazy\" decoding=\"async\" src=\"https:\/\/jornalfatosenoticias.com.br\/wp-content\/uploads\/2022\/02\/Arte-Autoescola-Galatas_endereco_portal-1024x103.png\" alt=\"\" class=\"wp-image-27869\" width=\"560\" height=\"56\" srcset=\"https:\/\/jornalfatosenoticias.com.br\/wp-content\/uploads\/2022\/02\/Arte-Autoescola-Galatas_endereco_portal-1024x103.png 1024w, https:\/\/jornalfatosenoticias.com.br\/wp-content\/uploads\/2022\/02\/Arte-Autoescola-Galatas_endereco_portal-300x30.png 300w, https:\/\/jornalfatosenoticias.com.br\/wp-content\/uploads\/2022\/02\/Arte-Autoescola-Galatas_endereco_portal-768x77.png 768w, https:\/\/jornalfatosenoticias.com.br\/wp-content\/uploads\/2022\/02\/Arte-Autoescola-Galatas_endereco_portal.png 1223w\" sizes=\"auto, (max-width: 560px) 100vw, 560px\" \/><\/figure><\/div>\n\n\n\n<p><strong><span class=\"has-inline-color has-vivid-purple-color\">Deixa acontecer naturalmente<br><\/span><\/strong>Os participantes do grupo de teste de supress\u00e3o de pensamento tendiam a ficar mais r\u00e1pidos depois de rejeitar uma associa\u00e7\u00e3o repetida uma vez, evitando assim um <a href=\"https:\/\/olhardigital.com.br\/2021\/08\/05\/internet-e-redes-sociais\/conheca-o-aplicativo-que-le-a-sua-mente\/\" target=\"_blank\" rel=\"noreferrer noopener\">processo<\/a> de \u201clooping\u201d. O Dr. Fradkin aponta que o desafio \u00e9 \u201cdeixar em paz\u201d os pensamentos intrusivos quando eles vierem \u00e0 mente, sem lutar contra ou prestar muita aten\u00e7\u00e3o neles. <\/p>\n\n\n\n<blockquote class=\"wp-block-quote is-layout-flow wp-block-quote-is-layout-flow\"><p><span class=\"has-inline-color has-luminous-vivid-amber-color\">\u201cPrecisamos de mais pesquisas para examinar como as descobertas de nosso estudo podem ser usadas para dar conselhos concretos\u201d.<\/span><\/p><\/blockquote>\n\n\n\n<div class=\"wp-block-image\"><figure class=\"aligncenter size-large is-resized\"><img loading=\"lazy\" decoding=\"async\" src=\"https:\/\/jornalfatosenoticias.com.br\/wp-content\/uploads\/2022\/02\/Serra-Pack-459.png\" alt=\"\" class=\"wp-image-27471\" width=\"385\" height=\"154\"\/><\/figure><\/div>\n\n\n\n<p>No entanto, o pesquisador defende que seus estudos t\u00eam uma implica\u00e7\u00e3o importante e otimista. \u201cNosso c\u00e9rebro tem a capacidade natural de impedir que pensamentos indesejados entrem em espiral\u201d. Ou seja, s\u00f3 de sabermos que um pensamento em particular \u00e9 intrusivo diante de um <a href=\"https:\/\/olhardigital.com.br\/2021\/09\/09\/medicina-e-saude\/memoria-ajuda-cerebro-a-resolver-problemas\/\" target=\"_blank\" rel=\"noreferrer noopener\">foco<\/a> no momento, pode ser suficiente para garantir que ele n\u00e3o \u201ccres\u00e7a na mente\u201d o tanto como poderia.<\/p>\n\n\n\n<p><strong><em>Fonte: <a href=\"https:\/\/olhardigital.com.br\/2022\/07\/15\/medicina-e-saude\/como-controlar-pensamentos-intrusivos\/\">Olhar Digital<\/a><\/em><\/strong><\/p>\n","protected":false},"excerpt":{"rendered":"<p>Um novo estudo\u00a0da Universidade Hebraica de\u00a0Jerusal\u00e9m observou que o controle reativo pode ajudar as pessoas a evitar um pensamento intrusivo. Ou seja, a pessoa reconhece o pensamento e depois volta seu foco para outra coisa. No entanto, o controle proativo total se mostrou mais eficaz, impedindo o pensamento de atingir a consci\u00eancia antes de qualquer [&hellip;]<\/p>\n","protected":false},"author":2,"featured_media":32404,"comment_status":"open","ping_status":"open","sticky":false,"template":"","format":"standard","meta":{"footnotes":""},"categories":[2522],"tags":[695,7019,2373,5750,15291],"class_list":["post-32403","post","type-post","status-publish","format-standard","has-post-thumbnail","hentry","category-comportamento","tag-controle","tag-estudo-cientifico","tag-mente","tag-pensamentos","tag-pensamentos-intrusivos"],"yoast_head":"<!-- This site is optimized with the Yoast SEO plugin v26.5 - https:\/\/yoast.com\/wordpress\/plugins\/seo\/ -->\n<title>Como controlar pensamentos intrusivos? - Jornal Fatos e Not\u00edcias<\/title>\n<meta name=\"robots\" content=\"index, follow, max-snippet:-1, max-image-preview:large, max-video-preview:-1\" \/>\n<link rel=\"canonical\" href=\"https:\/\/jornalfatosenoticias.com.br\/index.php\/2022\/07\/19\/como-controlar-pensamentos-intrusivos\/\" \/>\n<meta property=\"og:locale\" content=\"pt_BR\" \/>\n<meta property=\"og:type\" content=\"article\" \/>\n<meta property=\"og:title\" content=\"Como controlar pensamentos intrusivos? - Jornal Fatos e Not\u00edcias\" \/>\n<meta property=\"og:description\" content=\"Um novo estudo\u00a0da Universidade Hebraica de\u00a0Jerusal\u00e9m observou que o controle reativo pode ajudar as pessoas a evitar um pensamento intrusivo. Ou seja, a pessoa reconhece o pensamento e depois volta seu foco para outra coisa. No entanto, o controle proativo total se mostrou mais eficaz, impedindo o pensamento de atingir a consci\u00eancia antes de qualquer [&hellip;]\" \/>\n<meta property=\"og:url\" content=\"https:\/\/jornalfatosenoticias.com.br\/index.php\/2022\/07\/19\/como-controlar-pensamentos-intrusivos\/\" \/>\n<meta property=\"og:site_name\" content=\"Jornal Fatos e Not\u00edcias\" \/>\n<meta property=\"article:published_time\" content=\"2022-07-19T14:30:45+00:00\" \/>\n<meta property=\"article:modified_time\" content=\"2022-07-19T14:30:50+00:00\" \/>\n<meta property=\"og:image\" content=\"https:\/\/jornalfatosenoticias.com.br\/wp-content\/uploads\/2022\/07\/Como-controlar-pensamentos-intrusivos_Shutterstock.jpg\" \/>\n\t<meta property=\"og:image:width\" content=\"1000\" \/>\n\t<meta property=\"og:image:height\" content=\"303\" \/>\n\t<meta property=\"og:image:type\" content=\"image\/jpeg\" \/>\n<meta name=\"author\" content=\"Luzimara Fernandes\" \/>\n<meta name=\"twitter:card\" content=\"summary_large_image\" \/>\n<meta name=\"twitter:label1\" content=\"Escrito por\" \/>\n\t<meta name=\"twitter:data1\" content=\"Luzimara Fernandes\" \/>\n\t<meta name=\"twitter:label2\" content=\"Est. tempo de leitura\" \/>\n\t<meta name=\"twitter:data2\" content=\"4 minutos\" \/>\n<script type=\"application\/ld+json\" class=\"yoast-schema-graph\">{\"@context\":\"https:\/\/schema.org\",\"@graph\":[{\"@type\":\"Article\",\"@id\":\"https:\/\/jornalfatosenoticias.com.br\/index.php\/2022\/07\/19\/como-controlar-pensamentos-intrusivos\/#article\",\"isPartOf\":{\"@id\":\"https:\/\/jornalfatosenoticias.com.br\/index.php\/2022\/07\/19\/como-controlar-pensamentos-intrusivos\/\"},\"author\":{\"name\":\"Luzimara Fernandes\",\"@id\":\"https:\/\/jornalfatosenoticias.com.br\/#\/schema\/person\/d63837fa13ac8666eb9e74e0985d6f81\"},\"headline\":\"Como controlar pensamentos intrusivos?\",\"datePublished\":\"2022-07-19T14:30:45+00:00\",\"dateModified\":\"2022-07-19T14:30:50+00:00\",\"mainEntityOfPage\":{\"@id\":\"https:\/\/jornalfatosenoticias.com.br\/index.php\/2022\/07\/19\/como-controlar-pensamentos-intrusivos\/\"},\"wordCount\":829,\"commentCount\":0,\"publisher\":{\"@id\":\"https:\/\/jornalfatosenoticias.com.br\/#organization\"},\"image\":{\"@id\":\"https:\/\/jornalfatosenoticias.com.br\/index.php\/2022\/07\/19\/como-controlar-pensamentos-intrusivos\/#primaryimage\"},\"thumbnailUrl\":\"https:\/\/jornalfatosenoticias.com.br\/wp-content\/uploads\/2022\/07\/Como-controlar-pensamentos-intrusivos_Shutterstock.jpg\",\"keywords\":[\"controle\",\"estudo cient\u00edfico\",\"mente\",\"pensamentos\",\"pensamentos intrusivos\"],\"articleSection\":[\"Comportamento &amp; Equil\u00edbrio\"],\"inLanguage\":\"pt-BR\",\"potentialAction\":[{\"@type\":\"CommentAction\",\"name\":\"Comment\",\"target\":[\"https:\/\/jornalfatosenoticias.com.br\/index.php\/2022\/07\/19\/como-controlar-pensamentos-intrusivos\/#respond\"]}]},{\"@type\":\"WebPage\",\"@id\":\"https:\/\/jornalfatosenoticias.com.br\/index.php\/2022\/07\/19\/como-controlar-pensamentos-intrusivos\/\",\"url\":\"https:\/\/jornalfatosenoticias.com.br\/index.php\/2022\/07\/19\/como-controlar-pensamentos-intrusivos\/\",\"name\":\"Como controlar pensamentos intrusivos? - Jornal Fatos e Not\u00edcias\",\"isPartOf\":{\"@id\":\"https:\/\/jornalfatosenoticias.com.br\/#website\"},\"primaryImageOfPage\":{\"@id\":\"https:\/\/jornalfatosenoticias.com.br\/index.php\/2022\/07\/19\/como-controlar-pensamentos-intrusivos\/#primaryimage\"},\"image\":{\"@id\":\"https:\/\/jornalfatosenoticias.com.br\/index.php\/2022\/07\/19\/como-controlar-pensamentos-intrusivos\/#primaryimage\"},\"thumbnailUrl\":\"https:\/\/jornalfatosenoticias.com.br\/wp-content\/uploads\/2022\/07\/Como-controlar-pensamentos-intrusivos_Shutterstock.jpg\",\"datePublished\":\"2022-07-19T14:30:45+00:00\",\"dateModified\":\"2022-07-19T14:30:50+00:00\",\"breadcrumb\":{\"@id\":\"https:\/\/jornalfatosenoticias.com.br\/index.php\/2022\/07\/19\/como-controlar-pensamentos-intrusivos\/#breadcrumb\"},\"inLanguage\":\"pt-BR\",\"potentialAction\":[{\"@type\":\"ReadAction\",\"target\":[\"https:\/\/jornalfatosenoticias.com.br\/index.php\/2022\/07\/19\/como-controlar-pensamentos-intrusivos\/\"]}]},{\"@type\":\"ImageObject\",\"inLanguage\":\"pt-BR\",\"@id\":\"https:\/\/jornalfatosenoticias.com.br\/index.php\/2022\/07\/19\/como-controlar-pensamentos-intrusivos\/#primaryimage\",\"url\":\"https:\/\/jornalfatosenoticias.com.br\/wp-content\/uploads\/2022\/07\/Como-controlar-pensamentos-intrusivos_Shutterstock.jpg\",\"contentUrl\":\"https:\/\/jornalfatosenoticias.com.br\/wp-content\/uploads\/2022\/07\/Como-controlar-pensamentos-intrusivos_Shutterstock.jpg\",\"width\":1000,\"height\":303},{\"@type\":\"BreadcrumbList\",\"@id\":\"https:\/\/jornalfatosenoticias.com.br\/index.php\/2022\/07\/19\/como-controlar-pensamentos-intrusivos\/#breadcrumb\",\"itemListElement\":[{\"@type\":\"ListItem\",\"position\":1,\"name\":\"In\u00edcio\",\"item\":\"https:\/\/jornalfatosenoticias.com.br\/\"},{\"@type\":\"ListItem\",\"position\":2,\"name\":\"Como controlar pensamentos intrusivos?\"}]},{\"@type\":\"WebSite\",\"@id\":\"https:\/\/jornalfatosenoticias.com.br\/#website\",\"url\":\"https:\/\/jornalfatosenoticias.com.br\/\",\"name\":\"Jornal Fatos e Not\u00edcias\",\"description\":\"Not\u00edcias em geral\",\"publisher\":{\"@id\":\"https:\/\/jornalfatosenoticias.com.br\/#organization\"},\"potentialAction\":[{\"@type\":\"SearchAction\",\"target\":{\"@type\":\"EntryPoint\",\"urlTemplate\":\"https:\/\/jornalfatosenoticias.com.br\/?s={search_term_string}\"},\"query-input\":{\"@type\":\"PropertyValueSpecification\",\"valueRequired\":true,\"valueName\":\"search_term_string\"}}],\"inLanguage\":\"pt-BR\"},{\"@type\":\"Organization\",\"@id\":\"https:\/\/jornalfatosenoticias.com.br\/#organization\",\"name\":\"Jornal Fatos e Not\u00edcias\",\"url\":\"https:\/\/jornalfatosenoticias.com.br\/\",\"logo\":{\"@type\":\"ImageObject\",\"inLanguage\":\"pt-BR\",\"@id\":\"https:\/\/jornalfatosenoticias.com.br\/#\/schema\/logo\/image\/\",\"url\":\"https:\/\/jornalfatosenoticias.com.br\/wp-content\/uploads\/2020\/02\/logo120.png\",\"contentUrl\":\"https:\/\/jornalfatosenoticias.com.br\/wp-content\/uploads\/2020\/02\/logo120.png\",\"width\":1227,\"height\":120,\"caption\":\"Jornal Fatos e Not\u00edcias\"},\"image\":{\"@id\":\"https:\/\/jornalfatosenoticias.com.br\/#\/schema\/logo\/image\/\"}},{\"@type\":\"Person\",\"@id\":\"https:\/\/jornalfatosenoticias.com.br\/#\/schema\/person\/d63837fa13ac8666eb9e74e0985d6f81\",\"name\":\"Luzimara Fernandes\",\"image\":{\"@type\":\"ImageObject\",\"inLanguage\":\"pt-BR\",\"@id\":\"https:\/\/jornalfatosenoticias.com.br\/#\/schema\/person\/image\/\",\"url\":\"https:\/\/jornalfatosenoticias.com.br\/wp-content\/uploads\/2025\/05\/EU_portal.jpg\",\"contentUrl\":\"https:\/\/jornalfatosenoticias.com.br\/wp-content\/uploads\/2025\/05\/EU_portal.jpg\",\"caption\":\"Luzimara Fernandes\"},\"description\":\"Jornalista MTB 2358-ES\",\"sameAs\":[\"https:\/\/jornalfatosenoticias.com.br\"],\"url\":\"https:\/\/jornalfatosenoticias.com.br\/index.php\/author\/luzimara\/\"}]}<\/script>\n<!-- \/ Yoast SEO plugin. -->","yoast_head_json":{"title":"Como controlar pensamentos intrusivos? - Jornal Fatos e Not\u00edcias","robots":{"index":"index","follow":"follow","max-snippet":"max-snippet:-1","max-image-preview":"max-image-preview:large","max-video-preview":"max-video-preview:-1"},"canonical":"https:\/\/jornalfatosenoticias.com.br\/index.php\/2022\/07\/19\/como-controlar-pensamentos-intrusivos\/","og_locale":"pt_BR","og_type":"article","og_title":"Como controlar pensamentos intrusivos? - Jornal Fatos e Not\u00edcias","og_description":"Um novo estudo\u00a0da Universidade Hebraica de\u00a0Jerusal\u00e9m observou que o controle reativo pode ajudar as pessoas a evitar um pensamento intrusivo. Ou seja, a pessoa reconhece o pensamento e depois volta seu foco para outra coisa. No entanto, o controle proativo total se mostrou mais eficaz, impedindo o pensamento de atingir a consci\u00eancia antes de qualquer [&hellip;]","og_url":"https:\/\/jornalfatosenoticias.com.br\/index.php\/2022\/07\/19\/como-controlar-pensamentos-intrusivos\/","og_site_name":"Jornal Fatos e Not\u00edcias","article_published_time":"2022-07-19T14:30:45+00:00","article_modified_time":"2022-07-19T14:30:50+00:00","og_image":[{"width":1000,"height":303,"url":"https:\/\/jornalfatosenoticias.com.br\/wp-content\/uploads\/2022\/07\/Como-controlar-pensamentos-intrusivos_Shutterstock.jpg","type":"image\/jpeg"}],"author":"Luzimara Fernandes","twitter_card":"summary_large_image","twitter_misc":{"Escrito por":"Luzimara Fernandes","Est. tempo de leitura":"4 minutos"},"schema":{"@context":"https:\/\/schema.org","@graph":[{"@type":"Article","@id":"https:\/\/jornalfatosenoticias.com.br\/index.php\/2022\/07\/19\/como-controlar-pensamentos-intrusivos\/#article","isPartOf":{"@id":"https:\/\/jornalfatosenoticias.com.br\/index.php\/2022\/07\/19\/como-controlar-pensamentos-intrusivos\/"},"author":{"name":"Luzimara Fernandes","@id":"https:\/\/jornalfatosenoticias.com.br\/#\/schema\/person\/d63837fa13ac8666eb9e74e0985d6f81"},"headline":"Como controlar pensamentos intrusivos?","datePublished":"2022-07-19T14:30:45+00:00","dateModified":"2022-07-19T14:30:50+00:00","mainEntityOfPage":{"@id":"https:\/\/jornalfatosenoticias.com.br\/index.php\/2022\/07\/19\/como-controlar-pensamentos-intrusivos\/"},"wordCount":829,"commentCount":0,"publisher":{"@id":"https:\/\/jornalfatosenoticias.com.br\/#organization"},"image":{"@id":"https:\/\/jornalfatosenoticias.com.br\/index.php\/2022\/07\/19\/como-controlar-pensamentos-intrusivos\/#primaryimage"},"thumbnailUrl":"https:\/\/jornalfatosenoticias.com.br\/wp-content\/uploads\/2022\/07\/Como-controlar-pensamentos-intrusivos_Shutterstock.jpg","keywords":["controle","estudo cient\u00edfico","mente","pensamentos","pensamentos intrusivos"],"articleSection":["Comportamento &amp; Equil\u00edbrio"],"inLanguage":"pt-BR","potentialAction":[{"@type":"CommentAction","name":"Comment","target":["https:\/\/jornalfatosenoticias.com.br\/index.php\/2022\/07\/19\/como-controlar-pensamentos-intrusivos\/#respond"]}]},{"@type":"WebPage","@id":"https:\/\/jornalfatosenoticias.com.br\/index.php\/2022\/07\/19\/como-controlar-pensamentos-intrusivos\/","url":"https:\/\/jornalfatosenoticias.com.br\/index.php\/2022\/07\/19\/como-controlar-pensamentos-intrusivos\/","name":"Como controlar pensamentos intrusivos? - Jornal Fatos e Not\u00edcias","isPartOf":{"@id":"https:\/\/jornalfatosenoticias.com.br\/#website"},"primaryImageOfPage":{"@id":"https:\/\/jornalfatosenoticias.com.br\/index.php\/2022\/07\/19\/como-controlar-pensamentos-intrusivos\/#primaryimage"},"image":{"@id":"https:\/\/jornalfatosenoticias.com.br\/index.php\/2022\/07\/19\/como-controlar-pensamentos-intrusivos\/#primaryimage"},"thumbnailUrl":"https:\/\/jornalfatosenoticias.com.br\/wp-content\/uploads\/2022\/07\/Como-controlar-pensamentos-intrusivos_Shutterstock.jpg","datePublished":"2022-07-19T14:30:45+00:00","dateModified":"2022-07-19T14:30:50+00:00","breadcrumb":{"@id":"https:\/\/jornalfatosenoticias.com.br\/index.php\/2022\/07\/19\/como-controlar-pensamentos-intrusivos\/#breadcrumb"},"inLanguage":"pt-BR","potentialAction":[{"@type":"ReadAction","target":["https:\/\/jornalfatosenoticias.com.br\/index.php\/2022\/07\/19\/como-controlar-pensamentos-intrusivos\/"]}]},{"@type":"ImageObject","inLanguage":"pt-BR","@id":"https:\/\/jornalfatosenoticias.com.br\/index.php\/2022\/07\/19\/como-controlar-pensamentos-intrusivos\/#primaryimage","url":"https:\/\/jornalfatosenoticias.com.br\/wp-content\/uploads\/2022\/07\/Como-controlar-pensamentos-intrusivos_Shutterstock.jpg","contentUrl":"https:\/\/jornalfatosenoticias.com.br\/wp-content\/uploads\/2022\/07\/Como-controlar-pensamentos-intrusivos_Shutterstock.jpg","width":1000,"height":303},{"@type":"BreadcrumbList","@id":"https:\/\/jornalfatosenoticias.com.br\/index.php\/2022\/07\/19\/como-controlar-pensamentos-intrusivos\/#breadcrumb","itemListElement":[{"@type":"ListItem","position":1,"name":"In\u00edcio","item":"https:\/\/jornalfatosenoticias.com.br\/"},{"@type":"ListItem","position":2,"name":"Como controlar pensamentos intrusivos?"}]},{"@type":"WebSite","@id":"https:\/\/jornalfatosenoticias.com.br\/#website","url":"https:\/\/jornalfatosenoticias.com.br\/","name":"Jornal Fatos e Not\u00edcias","description":"Not\u00edcias em geral","publisher":{"@id":"https:\/\/jornalfatosenoticias.com.br\/#organization"},"potentialAction":[{"@type":"SearchAction","target":{"@type":"EntryPoint","urlTemplate":"https:\/\/jornalfatosenoticias.com.br\/?s={search_term_string}"},"query-input":{"@type":"PropertyValueSpecification","valueRequired":true,"valueName":"search_term_string"}}],"inLanguage":"pt-BR"},{"@type":"Organization","@id":"https:\/\/jornalfatosenoticias.com.br\/#organization","name":"Jornal Fatos e Not\u00edcias","url":"https:\/\/jornalfatosenoticias.com.br\/","logo":{"@type":"ImageObject","inLanguage":"pt-BR","@id":"https:\/\/jornalfatosenoticias.com.br\/#\/schema\/logo\/image\/","url":"https:\/\/jornalfatosenoticias.com.br\/wp-content\/uploads\/2020\/02\/logo120.png","contentUrl":"https:\/\/jornalfatosenoticias.com.br\/wp-content\/uploads\/2020\/02\/logo120.png","width":1227,"height":120,"caption":"Jornal Fatos e Not\u00edcias"},"image":{"@id":"https:\/\/jornalfatosenoticias.com.br\/#\/schema\/logo\/image\/"}},{"@type":"Person","@id":"https:\/\/jornalfatosenoticias.com.br\/#\/schema\/person\/d63837fa13ac8666eb9e74e0985d6f81","name":"Luzimara Fernandes","image":{"@type":"ImageObject","inLanguage":"pt-BR","@id":"https:\/\/jornalfatosenoticias.com.br\/#\/schema\/person\/image\/","url":"https:\/\/jornalfatosenoticias.com.br\/wp-content\/uploads\/2025\/05\/EU_portal.jpg","contentUrl":"https:\/\/jornalfatosenoticias.com.br\/wp-content\/uploads\/2025\/05\/EU_portal.jpg","caption":"Luzimara Fernandes"},"description":"Jornalista MTB 2358-ES","sameAs":["https:\/\/jornalfatosenoticias.com.br"],"url":"https:\/\/jornalfatosenoticias.com.br\/index.php\/author\/luzimara\/"}]}},"cc_featured_image_caption":{"caption_text":"(Foto: Golubovy\/Shutterstock) ","source_text":"","source_url":""},"jetpack_featured_media_url":"https:\/\/jornalfatosenoticias.com.br\/wp-content\/uploads\/2022\/07\/Como-controlar-pensamentos-intrusivos_Shutterstock.jpg","_links":{"self":[{"href":"https:\/\/jornalfatosenoticias.com.br\/index.php\/wp-json\/wp\/v2\/posts\/32403","targetHints":{"allow":["GET"]}}],"collection":[{"href":"https:\/\/jornalfatosenoticias.com.br\/index.php\/wp-json\/wp\/v2\/posts"}],"about":[{"href":"https:\/\/jornalfatosenoticias.com.br\/index.php\/wp-json\/wp\/v2\/types\/post"}],"author":[{"embeddable":true,"href":"https:\/\/jornalfatosenoticias.com.br\/index.php\/wp-json\/wp\/v2\/users\/2"}],"replies":[{"embeddable":true,"href":"https:\/\/jornalfatosenoticias.com.br\/index.php\/wp-json\/wp\/v2\/comments?post=32403"}],"version-history":[{"count":0,"href":"https:\/\/jornalfatosenoticias.com.br\/index.php\/wp-json\/wp\/v2\/posts\/32403\/revisions"}],"wp:featuredmedia":[{"embeddable":true,"href":"https:\/\/jornalfatosenoticias.com.br\/index.php\/wp-json\/wp\/v2\/media\/32404"}],"wp:attachment":[{"href":"https:\/\/jornalfatosenoticias.com.br\/index.php\/wp-json\/wp\/v2\/media?parent=32403"}],"wp:term":[{"taxonomy":"category","embeddable":true,"href":"https:\/\/jornalfatosenoticias.com.br\/index.php\/wp-json\/wp\/v2\/categories?post=32403"},{"taxonomy":"post_tag","embeddable":true,"href":"https:\/\/jornalfatosenoticias.com.br\/index.php\/wp-json\/wp\/v2\/tags?post=32403"}],"curies":[{"name":"wp","href":"https:\/\/api.w.org\/{rel}","templated":true}]}}