{"id":32425,"date":"2022-07-20T08:39:44","date_gmt":"2022-07-20T11:39:44","guid":{"rendered":"https:\/\/jornalfatosenoticias.com.br\/?p=32425"},"modified":"2022-07-20T08:39:45","modified_gmt":"2022-07-20T11:39:45","slug":"convencoes-partidarias-podem-ser-realizadas-a-partir-de-hoje","status":"publish","type":"post","link":"https:\/\/jornalfatosenoticias.com.br\/index.php\/2022\/07\/20\/convencoes-partidarias-podem-ser-realizadas-a-partir-de-hoje\/","title":{"rendered":"Conven\u00e7\u00f5es partid\u00e1rias podem ser realizadas a partir de hoje"},"content":{"rendered":"\n<p><em><span class=\"has-inline-color has-black-color\">Eventos internos das legendas oficializam disputa eleitoral<\/span><\/em><\/p>\n\n\n\n<div class=\"wp-block-image\"><figure class=\"aligncenter size-large is-resized\"><img loading=\"lazy\" decoding=\"async\" src=\"https:\/\/jornalfatosenoticias.com.br\/wp-content\/uploads\/2020\/02\/Logo-Mizu-segunda-2-1024x99.png\" alt=\"\" class=\"wp-image-2353\" width=\"508\" height=\"49\" srcset=\"https:\/\/jornalfatosenoticias.com.br\/wp-content\/uploads\/2020\/02\/Logo-Mizu-segunda-2-1024x99.png 1024w, https:\/\/jornalfatosenoticias.com.br\/wp-content\/uploads\/2020\/02\/Logo-Mizu-segunda-2-300x29.png 300w, https:\/\/jornalfatosenoticias.com.br\/wp-content\/uploads\/2020\/02\/Logo-Mizu-segunda-2-768x74.png 768w, https:\/\/jornalfatosenoticias.com.br\/wp-content\/uploads\/2020\/02\/Logo-Mizu-segunda-2.png 1240w\" sizes=\"auto, (max-width: 508px) 100vw, 508px\" \/><\/figure><\/div>\n\n\n\n<p>A partir de hoje (20), as conven\u00e7\u00f5es partid\u00e1rias para escolha dos candidatos \u00e0s elei\u00e7\u00f5es de outubro est\u00e3o autorizadas pela Justi\u00e7a Eleitoral. Os eventos internos das legendas marcam a oficializa\u00e7\u00e3o da disputa eleitoral e devem ser realizados at\u00e9 5 de agosto.<br>Pela legisla\u00e7\u00e3o eleitoral brasileira, os candidatos precisam estar filiados a um partido pol\u00edtico. Mas, diante do grande n\u00famero de filiados que pretendem concorrer, as legendas precisam realizar elei\u00e7\u00e3o interna para ocupar as vagas que estar\u00e3o em disputa.<\/p>\n\n\n\n<div class=\"wp-block-image\"><figure class=\"aligncenter size-large is-resized\"><img loading=\"lazy\" decoding=\"async\" src=\"https:\/\/jornalfatosenoticias.com.br\/wp-content\/uploads\/2020\/02\/Serra-Grande-1024x160.png\" alt=\"\" class=\"wp-image-7836\" width=\"465\" height=\"72\"\/><\/figure><\/div>\n\n\n\n<p>Ap\u00f3s as conven\u00e7\u00f5es, partidos e federa\u00e7\u00f5es poder\u00e3o registrar as candidaturas dos escolhidos na Justi\u00e7a Eleitoral at\u00e9 15 de agosto. O registro dos candidatos \u00e0 presidente da Rep\u00fablica e vice-presidente dever\u00e1 ser feito no Tribunal Superior Eleitoral (TSE).<br>J\u00e1 os candidatos aos cargos de governador, senador, deputado federal, estadual e distrital dever\u00e3o solicitar os registros nos tribunais regionais eleitorais (TREs).<br>A partir do dia 16 de agosto, os candidatos est\u00e3o liberados para fazer propaganda eleitoral na internet e nas ruas. <\/p>\n\n\n\n<div class=\"wp-block-image\"><figure class=\"alignright size-large is-resized\"><img loading=\"lazy\" decoding=\"async\" src=\"https:\/\/jornalfatosenoticias.com.br\/wp-content\/uploads\/2022\/02\/Serra-Pack-459.png\" alt=\"\" class=\"wp-image-27471\" width=\"348\" height=\"139\"\/><\/figure><\/div>\n\n\n\n<p>At\u00e9 1\u00ba de outubro, um dia antes do primeiro turno, est\u00e1 liberada a realiza\u00e7\u00e3o de caminhadas, carreatas com carro de som, distribui\u00e7\u00e3o de material de campanha, com\u00edcios e compra de publicidade paga nos meios de comunica\u00e7\u00e3o. O segundo turno est\u00e1 marcado para 30 de outubro.<\/p>\n\n\n\n<p><strong><em>Fonte: <a href=\"https:\/\/agenciabrasil.ebc.com.br\/geral\/noticia\/2022-07\/convencoes-partidarias-podem-ser-realizadas-partir-de-hoje\">Ag\u00eancia Brasil<\/a><\/em><\/strong><\/p>\n","protected":false},"excerpt":{"rendered":"<p>Eventos internos das legendas oficializam disputa eleitoral A partir de hoje (20), as conven\u00e7\u00f5es partid\u00e1rias para escolha dos candidatos \u00e0s elei\u00e7\u00f5es de outubro est\u00e3o autorizadas pela Justi\u00e7a Eleitoral. Os eventos internos das legendas marcam a oficializa\u00e7\u00e3o da disputa eleitoral e devem ser realizados at\u00e9 5 de agosto.Pela legisla\u00e7\u00e3o eleitoral brasileira, os candidatos precisam estar filiados [&hellip;]<\/p>\n","protected":false},"author":2,"featured_media":32426,"comment_status":"open","ping_status":"open","sticky":false,"template":"","format":"standard","meta":{"footnotes":""},"categories":[10],"tags":[2579,4767,10150,1514],"class_list":["post-32425","post","type-post","status-publish","format-standard","has-post-thumbnail","hentry","category-politica","tag-candidatos","tag-convencoes-partidarias","tag-eleicoes-2022","tag-tse"],"yoast_head":"<!-- This site is optimized with the Yoast SEO plugin v26.5 - https:\/\/yoast.com\/wordpress\/plugins\/seo\/ -->\n<title>Conven\u00e7\u00f5es partid\u00e1rias podem ser realizadas a partir de hoje - Jornal Fatos e Not\u00edcias<\/title>\n<meta name=\"robots\" content=\"index, follow, max-snippet:-1, max-image-preview:large, max-video-preview:-1\" \/>\n<link rel=\"canonical\" href=\"https:\/\/jornalfatosenoticias.com.br\/index.php\/2022\/07\/20\/convencoes-partidarias-podem-ser-realizadas-a-partir-de-hoje\/\" \/>\n<meta property=\"og:locale\" content=\"pt_BR\" \/>\n<meta property=\"og:type\" content=\"article\" \/>\n<meta property=\"og:title\" content=\"Conven\u00e7\u00f5es partid\u00e1rias podem ser realizadas a partir de hoje - Jornal Fatos e Not\u00edcias\" \/>\n<meta property=\"og:description\" content=\"Eventos internos das legendas oficializam disputa eleitoral A partir de hoje (20), as conven\u00e7\u00f5es partid\u00e1rias para escolha dos candidatos \u00e0s elei\u00e7\u00f5es de outubro est\u00e3o autorizadas pela Justi\u00e7a Eleitoral. Os eventos internos das legendas marcam a oficializa\u00e7\u00e3o da disputa eleitoral e devem ser realizados at\u00e9 5 de agosto.Pela legisla\u00e7\u00e3o eleitoral brasileira, os candidatos precisam estar filiados [&hellip;]\" \/>\n<meta property=\"og:url\" content=\"https:\/\/jornalfatosenoticias.com.br\/index.php\/2022\/07\/20\/convencoes-partidarias-podem-ser-realizadas-a-partir-de-hoje\/\" \/>\n<meta property=\"og:site_name\" content=\"Jornal Fatos e Not\u00edcias\" \/>\n<meta property=\"article:published_time\" content=\"2022-07-20T11:39:44+00:00\" \/>\n<meta property=\"article:modified_time\" content=\"2022-07-20T11:39:45+00:00\" \/>\n<meta property=\"og:image\" content=\"https:\/\/jornalfatosenoticias.com.br\/wp-content\/uploads\/2022\/07\/tse.jpg\" \/>\n\t<meta property=\"og:image:width\" content=\"1000\" \/>\n\t<meta property=\"og:image:height\" content=\"598\" \/>\n\t<meta property=\"og:image:type\" content=\"image\/jpeg\" \/>\n<meta name=\"author\" content=\"Luzimara Fernandes\" \/>\n<meta name=\"twitter:card\" content=\"summary_large_image\" \/>\n<meta name=\"twitter:label1\" content=\"Escrito por\" \/>\n\t<meta name=\"twitter:data1\" content=\"Luzimara Fernandes\" \/>\n\t<meta name=\"twitter:label2\" content=\"Est. tempo de leitura\" \/>\n\t<meta name=\"twitter:data2\" content=\"1 minuto\" \/>\n<script type=\"application\/ld+json\" class=\"yoast-schema-graph\">{\"@context\":\"https:\/\/schema.org\",\"@graph\":[{\"@type\":\"Article\",\"@id\":\"https:\/\/jornalfatosenoticias.com.br\/index.php\/2022\/07\/20\/convencoes-partidarias-podem-ser-realizadas-a-partir-de-hoje\/#article\",\"isPartOf\":{\"@id\":\"https:\/\/jornalfatosenoticias.com.br\/index.php\/2022\/07\/20\/convencoes-partidarias-podem-ser-realizadas-a-partir-de-hoje\/\"},\"author\":{\"name\":\"Luzimara Fernandes\",\"@id\":\"https:\/\/jornalfatosenoticias.com.br\/#\/schema\/person\/d63837fa13ac8666eb9e74e0985d6f81\"},\"headline\":\"Conven\u00e7\u00f5es partid\u00e1rias podem ser realizadas a partir de hoje\",\"datePublished\":\"2022-07-20T11:39:44+00:00\",\"dateModified\":\"2022-07-20T11:39:45+00:00\",\"mainEntityOfPage\":{\"@id\":\"https:\/\/jornalfatosenoticias.com.br\/index.php\/2022\/07\/20\/convencoes-partidarias-podem-ser-realizadas-a-partir-de-hoje\/\"},\"wordCount\":239,\"commentCount\":0,\"publisher\":{\"@id\":\"https:\/\/jornalfatosenoticias.com.br\/#organization\"},\"image\":{\"@id\":\"https:\/\/jornalfatosenoticias.com.br\/index.php\/2022\/07\/20\/convencoes-partidarias-podem-ser-realizadas-a-partir-de-hoje\/#primaryimage\"},\"thumbnailUrl\":\"https:\/\/jornalfatosenoticias.com.br\/wp-content\/uploads\/2022\/07\/tse.jpg\",\"keywords\":[\"candidatos\",\"conven\u00e7\u00f5es partid\u00e1rias\",\"elei\u00e7\u00f5es 2022\",\"TSE\"],\"articleSection\":[\"Pol\u00edtica\"],\"inLanguage\":\"pt-BR\",\"potentialAction\":[{\"@type\":\"CommentAction\",\"name\":\"Comment\",\"target\":[\"https:\/\/jornalfatosenoticias.com.br\/index.php\/2022\/07\/20\/convencoes-partidarias-podem-ser-realizadas-a-partir-de-hoje\/#respond\"]}]},{\"@type\":\"WebPage\",\"@id\":\"https:\/\/jornalfatosenoticias.com.br\/index.php\/2022\/07\/20\/convencoes-partidarias-podem-ser-realizadas-a-partir-de-hoje\/\",\"url\":\"https:\/\/jornalfatosenoticias.com.br\/index.php\/2022\/07\/20\/convencoes-partidarias-podem-ser-realizadas-a-partir-de-hoje\/\",\"name\":\"Conven\u00e7\u00f5es partid\u00e1rias podem ser realizadas a partir de hoje - Jornal Fatos e Not\u00edcias\",\"isPartOf\":{\"@id\":\"https:\/\/jornalfatosenoticias.com.br\/#website\"},\"primaryImageOfPage\":{\"@id\":\"https:\/\/jornalfatosenoticias.com.br\/index.php\/2022\/07\/20\/convencoes-partidarias-podem-ser-realizadas-a-partir-de-hoje\/#primaryimage\"},\"image\":{\"@id\":\"https:\/\/jornalfatosenoticias.com.br\/index.php\/2022\/07\/20\/convencoes-partidarias-podem-ser-realizadas-a-partir-de-hoje\/#primaryimage\"},\"thumbnailUrl\":\"https:\/\/jornalfatosenoticias.com.br\/wp-content\/uploads\/2022\/07\/tse.jpg\",\"datePublished\":\"2022-07-20T11:39:44+00:00\",\"dateModified\":\"2022-07-20T11:39:45+00:00\",\"breadcrumb\":{\"@id\":\"https:\/\/jornalfatosenoticias.com.br\/index.php\/2022\/07\/20\/convencoes-partidarias-podem-ser-realizadas-a-partir-de-hoje\/#breadcrumb\"},\"inLanguage\":\"pt-BR\",\"potentialAction\":[{\"@type\":\"ReadAction\",\"target\":[\"https:\/\/jornalfatosenoticias.com.br\/index.php\/2022\/07\/20\/convencoes-partidarias-podem-ser-realizadas-a-partir-de-hoje\/\"]}]},{\"@type\":\"ImageObject\",\"inLanguage\":\"pt-BR\",\"@id\":\"https:\/\/jornalfatosenoticias.com.br\/index.php\/2022\/07\/20\/convencoes-partidarias-podem-ser-realizadas-a-partir-de-hoje\/#primaryimage\",\"url\":\"https:\/\/jornalfatosenoticias.com.br\/wp-content\/uploads\/2022\/07\/tse.jpg\",\"contentUrl\":\"https:\/\/jornalfatosenoticias.com.br\/wp-content\/uploads\/2022\/07\/tse.jpg\",\"width\":1000,\"height\":598,\"caption\":\"Edif\u00edcio sede do Tribunal Superior Eleitoral (TSE).\"},{\"@type\":\"BreadcrumbList\",\"@id\":\"https:\/\/jornalfatosenoticias.com.br\/index.php\/2022\/07\/20\/convencoes-partidarias-podem-ser-realizadas-a-partir-de-hoje\/#breadcrumb\",\"itemListElement\":[{\"@type\":\"ListItem\",\"position\":1,\"name\":\"In\u00edcio\",\"item\":\"https:\/\/jornalfatosenoticias.com.br\/\"},{\"@type\":\"ListItem\",\"position\":2,\"name\":\"Conven\u00e7\u00f5es partid\u00e1rias podem ser realizadas a partir de hoje\"}]},{\"@type\":\"WebSite\",\"@id\":\"https:\/\/jornalfatosenoticias.com.br\/#website\",\"url\":\"https:\/\/jornalfatosenoticias.com.br\/\",\"name\":\"Jornal Fatos e Not\u00edcias\",\"description\":\"Not\u00edcias em geral\",\"publisher\":{\"@id\":\"https:\/\/jornalfatosenoticias.com.br\/#organization\"},\"potentialAction\":[{\"@type\":\"SearchAction\",\"target\":{\"@type\":\"EntryPoint\",\"urlTemplate\":\"https:\/\/jornalfatosenoticias.com.br\/?s={search_term_string}\"},\"query-input\":{\"@type\":\"PropertyValueSpecification\",\"valueRequired\":true,\"valueName\":\"search_term_string\"}}],\"inLanguage\":\"pt-BR\"},{\"@type\":\"Organization\",\"@id\":\"https:\/\/jornalfatosenoticias.com.br\/#organization\",\"name\":\"Jornal Fatos e Not\u00edcias\",\"url\":\"https:\/\/jornalfatosenoticias.com.br\/\",\"logo\":{\"@type\":\"ImageObject\",\"inLanguage\":\"pt-BR\",\"@id\":\"https:\/\/jornalfatosenoticias.com.br\/#\/schema\/logo\/image\/\",\"url\":\"https:\/\/jornalfatosenoticias.com.br\/wp-content\/uploads\/2020\/02\/logo120.png\",\"contentUrl\":\"https:\/\/jornalfatosenoticias.com.br\/wp-content\/uploads\/2020\/02\/logo120.png\",\"width\":1227,\"height\":120,\"caption\":\"Jornal Fatos e Not\u00edcias\"},\"image\":{\"@id\":\"https:\/\/jornalfatosenoticias.com.br\/#\/schema\/logo\/image\/\"}},{\"@type\":\"Person\",\"@id\":\"https:\/\/jornalfatosenoticias.com.br\/#\/schema\/person\/d63837fa13ac8666eb9e74e0985d6f81\",\"name\":\"Luzimara Fernandes\",\"image\":{\"@type\":\"ImageObject\",\"inLanguage\":\"pt-BR\",\"@id\":\"https:\/\/jornalfatosenoticias.com.br\/#\/schema\/person\/image\/\",\"url\":\"https:\/\/jornalfatosenoticias.com.br\/wp-content\/uploads\/2025\/05\/EU_portal.jpg\",\"contentUrl\":\"https:\/\/jornalfatosenoticias.com.br\/wp-content\/uploads\/2025\/05\/EU_portal.jpg\",\"caption\":\"Luzimara Fernandes\"},\"description\":\"Jornalista MTB 2358-ES\",\"sameAs\":[\"https:\/\/jornalfatosenoticias.com.br\"],\"url\":\"https:\/\/jornalfatosenoticias.com.br\/index.php\/author\/luzimara\/\"}]}<\/script>\n<!-- \/ Yoast SEO plugin. -->","yoast_head_json":{"title":"Conven\u00e7\u00f5es partid\u00e1rias podem ser realizadas a partir de hoje - Jornal Fatos e Not\u00edcias","robots":{"index":"index","follow":"follow","max-snippet":"max-snippet:-1","max-image-preview":"max-image-preview:large","max-video-preview":"max-video-preview:-1"},"canonical":"https:\/\/jornalfatosenoticias.com.br\/index.php\/2022\/07\/20\/convencoes-partidarias-podem-ser-realizadas-a-partir-de-hoje\/","og_locale":"pt_BR","og_type":"article","og_title":"Conven\u00e7\u00f5es partid\u00e1rias podem ser realizadas a partir de hoje - Jornal Fatos e Not\u00edcias","og_description":"Eventos internos das legendas oficializam disputa eleitoral A partir de hoje (20), as conven\u00e7\u00f5es partid\u00e1rias para escolha dos candidatos \u00e0s elei\u00e7\u00f5es de outubro est\u00e3o autorizadas pela Justi\u00e7a Eleitoral. Os eventos internos das legendas marcam a oficializa\u00e7\u00e3o da disputa eleitoral e devem ser realizados at\u00e9 5 de agosto.Pela legisla\u00e7\u00e3o eleitoral brasileira, os candidatos precisam estar filiados [&hellip;]","og_url":"https:\/\/jornalfatosenoticias.com.br\/index.php\/2022\/07\/20\/convencoes-partidarias-podem-ser-realizadas-a-partir-de-hoje\/","og_site_name":"Jornal Fatos e Not\u00edcias","article_published_time":"2022-07-20T11:39:44+00:00","article_modified_time":"2022-07-20T11:39:45+00:00","og_image":[{"width":1000,"height":598,"url":"https:\/\/jornalfatosenoticias.com.br\/wp-content\/uploads\/2022\/07\/tse.jpg","type":"image\/jpeg"}],"author":"Luzimara Fernandes","twitter_card":"summary_large_image","twitter_misc":{"Escrito por":"Luzimara Fernandes","Est. tempo de leitura":"1 minuto"},"schema":{"@context":"https:\/\/schema.org","@graph":[{"@type":"Article","@id":"https:\/\/jornalfatosenoticias.com.br\/index.php\/2022\/07\/20\/convencoes-partidarias-podem-ser-realizadas-a-partir-de-hoje\/#article","isPartOf":{"@id":"https:\/\/jornalfatosenoticias.com.br\/index.php\/2022\/07\/20\/convencoes-partidarias-podem-ser-realizadas-a-partir-de-hoje\/"},"author":{"name":"Luzimara Fernandes","@id":"https:\/\/jornalfatosenoticias.com.br\/#\/schema\/person\/d63837fa13ac8666eb9e74e0985d6f81"},"headline":"Conven\u00e7\u00f5es partid\u00e1rias podem ser realizadas a partir de hoje","datePublished":"2022-07-20T11:39:44+00:00","dateModified":"2022-07-20T11:39:45+00:00","mainEntityOfPage":{"@id":"https:\/\/jornalfatosenoticias.com.br\/index.php\/2022\/07\/20\/convencoes-partidarias-podem-ser-realizadas-a-partir-de-hoje\/"},"wordCount":239,"commentCount":0,"publisher":{"@id":"https:\/\/jornalfatosenoticias.com.br\/#organization"},"image":{"@id":"https:\/\/jornalfatosenoticias.com.br\/index.php\/2022\/07\/20\/convencoes-partidarias-podem-ser-realizadas-a-partir-de-hoje\/#primaryimage"},"thumbnailUrl":"https:\/\/jornalfatosenoticias.com.br\/wp-content\/uploads\/2022\/07\/tse.jpg","keywords":["candidatos","conven\u00e7\u00f5es partid\u00e1rias","elei\u00e7\u00f5es 2022","TSE"],"articleSection":["Pol\u00edtica"],"inLanguage":"pt-BR","potentialAction":[{"@type":"CommentAction","name":"Comment","target":["https:\/\/jornalfatosenoticias.com.br\/index.php\/2022\/07\/20\/convencoes-partidarias-podem-ser-realizadas-a-partir-de-hoje\/#respond"]}]},{"@type":"WebPage","@id":"https:\/\/jornalfatosenoticias.com.br\/index.php\/2022\/07\/20\/convencoes-partidarias-podem-ser-realizadas-a-partir-de-hoje\/","url":"https:\/\/jornalfatosenoticias.com.br\/index.php\/2022\/07\/20\/convencoes-partidarias-podem-ser-realizadas-a-partir-de-hoje\/","name":"Conven\u00e7\u00f5es partid\u00e1rias podem ser realizadas a partir de hoje - Jornal Fatos e Not\u00edcias","isPartOf":{"@id":"https:\/\/jornalfatosenoticias.com.br\/#website"},"primaryImageOfPage":{"@id":"https:\/\/jornalfatosenoticias.com.br\/index.php\/2022\/07\/20\/convencoes-partidarias-podem-ser-realizadas-a-partir-de-hoje\/#primaryimage"},"image":{"@id":"https:\/\/jornalfatosenoticias.com.br\/index.php\/2022\/07\/20\/convencoes-partidarias-podem-ser-realizadas-a-partir-de-hoje\/#primaryimage"},"thumbnailUrl":"https:\/\/jornalfatosenoticias.com.br\/wp-content\/uploads\/2022\/07\/tse.jpg","datePublished":"2022-07-20T11:39:44+00:00","dateModified":"2022-07-20T11:39:45+00:00","breadcrumb":{"@id":"https:\/\/jornalfatosenoticias.com.br\/index.php\/2022\/07\/20\/convencoes-partidarias-podem-ser-realizadas-a-partir-de-hoje\/#breadcrumb"},"inLanguage":"pt-BR","potentialAction":[{"@type":"ReadAction","target":["https:\/\/jornalfatosenoticias.com.br\/index.php\/2022\/07\/20\/convencoes-partidarias-podem-ser-realizadas-a-partir-de-hoje\/"]}]},{"@type":"ImageObject","inLanguage":"pt-BR","@id":"https:\/\/jornalfatosenoticias.com.br\/index.php\/2022\/07\/20\/convencoes-partidarias-podem-ser-realizadas-a-partir-de-hoje\/#primaryimage","url":"https:\/\/jornalfatosenoticias.com.br\/wp-content\/uploads\/2022\/07\/tse.jpg","contentUrl":"https:\/\/jornalfatosenoticias.com.br\/wp-content\/uploads\/2022\/07\/tse.jpg","width":1000,"height":598,"caption":"Edif\u00edcio sede do Tribunal Superior Eleitoral (TSE)."},{"@type":"BreadcrumbList","@id":"https:\/\/jornalfatosenoticias.com.br\/index.php\/2022\/07\/20\/convencoes-partidarias-podem-ser-realizadas-a-partir-de-hoje\/#breadcrumb","itemListElement":[{"@type":"ListItem","position":1,"name":"In\u00edcio","item":"https:\/\/jornalfatosenoticias.com.br\/"},{"@type":"ListItem","position":2,"name":"Conven\u00e7\u00f5es partid\u00e1rias podem ser realizadas a partir de hoje"}]},{"@type":"WebSite","@id":"https:\/\/jornalfatosenoticias.com.br\/#website","url":"https:\/\/jornalfatosenoticias.com.br\/","name":"Jornal Fatos e Not\u00edcias","description":"Not\u00edcias em geral","publisher":{"@id":"https:\/\/jornalfatosenoticias.com.br\/#organization"},"potentialAction":[{"@type":"SearchAction","target":{"@type":"EntryPoint","urlTemplate":"https:\/\/jornalfatosenoticias.com.br\/?s={search_term_string}"},"query-input":{"@type":"PropertyValueSpecification","valueRequired":true,"valueName":"search_term_string"}}],"inLanguage":"pt-BR"},{"@type":"Organization","@id":"https:\/\/jornalfatosenoticias.com.br\/#organization","name":"Jornal Fatos e Not\u00edcias","url":"https:\/\/jornalfatosenoticias.com.br\/","logo":{"@type":"ImageObject","inLanguage":"pt-BR","@id":"https:\/\/jornalfatosenoticias.com.br\/#\/schema\/logo\/image\/","url":"https:\/\/jornalfatosenoticias.com.br\/wp-content\/uploads\/2020\/02\/logo120.png","contentUrl":"https:\/\/jornalfatosenoticias.com.br\/wp-content\/uploads\/2020\/02\/logo120.png","width":1227,"height":120,"caption":"Jornal Fatos e Not\u00edcias"},"image":{"@id":"https:\/\/jornalfatosenoticias.com.br\/#\/schema\/logo\/image\/"}},{"@type":"Person","@id":"https:\/\/jornalfatosenoticias.com.br\/#\/schema\/person\/d63837fa13ac8666eb9e74e0985d6f81","name":"Luzimara Fernandes","image":{"@type":"ImageObject","inLanguage":"pt-BR","@id":"https:\/\/jornalfatosenoticias.com.br\/#\/schema\/person\/image\/","url":"https:\/\/jornalfatosenoticias.com.br\/wp-content\/uploads\/2025\/05\/EU_portal.jpg","contentUrl":"https:\/\/jornalfatosenoticias.com.br\/wp-content\/uploads\/2025\/05\/EU_portal.jpg","caption":"Luzimara Fernandes"},"description":"Jornalista MTB 2358-ES","sameAs":["https:\/\/jornalfatosenoticias.com.br"],"url":"https:\/\/jornalfatosenoticias.com.br\/index.php\/author\/luzimara\/"}]}},"cc_featured_image_caption":{"caption_text":"(Foto: Marcelo Camargo\/Ag\u00eancia Brasil) ","source_text":"","source_url":""},"jetpack_featured_media_url":"https:\/\/jornalfatosenoticias.com.br\/wp-content\/uploads\/2022\/07\/tse.jpg","_links":{"self":[{"href":"https:\/\/jornalfatosenoticias.com.br\/index.php\/wp-json\/wp\/v2\/posts\/32425","targetHints":{"allow":["GET"]}}],"collection":[{"href":"https:\/\/jornalfatosenoticias.com.br\/index.php\/wp-json\/wp\/v2\/posts"}],"about":[{"href":"https:\/\/jornalfatosenoticias.com.br\/index.php\/wp-json\/wp\/v2\/types\/post"}],"author":[{"embeddable":true,"href":"https:\/\/jornalfatosenoticias.com.br\/index.php\/wp-json\/wp\/v2\/users\/2"}],"replies":[{"embeddable":true,"href":"https:\/\/jornalfatosenoticias.com.br\/index.php\/wp-json\/wp\/v2\/comments?post=32425"}],"version-history":[{"count":0,"href":"https:\/\/jornalfatosenoticias.com.br\/index.php\/wp-json\/wp\/v2\/posts\/32425\/revisions"}],"wp:featuredmedia":[{"embeddable":true,"href":"https:\/\/jornalfatosenoticias.com.br\/index.php\/wp-json\/wp\/v2\/media\/32426"}],"wp:attachment":[{"href":"https:\/\/jornalfatosenoticias.com.br\/index.php\/wp-json\/wp\/v2\/media?parent=32425"}],"wp:term":[{"taxonomy":"category","embeddable":true,"href":"https:\/\/jornalfatosenoticias.com.br\/index.php\/wp-json\/wp\/v2\/categories?post=32425"},{"taxonomy":"post_tag","embeddable":true,"href":"https:\/\/jornalfatosenoticias.com.br\/index.php\/wp-json\/wp\/v2\/tags?post=32425"}],"curies":[{"name":"wp","href":"https:\/\/api.w.org\/{rel}","templated":true}]}}