{"id":32428,"date":"2022-07-20T08:52:29","date_gmt":"2022-07-20T11:52:29","guid":{"rendered":"https:\/\/jornalfatosenoticias.com.br\/?p=32428"},"modified":"2022-07-20T08:52:31","modified_gmt":"2022-07-20T11:52:31","slug":"museu-da-vida-lanca-webserie-sobre-importancia-da-vacinacao-infantil","status":"publish","type":"post","link":"https:\/\/jornalfatosenoticias.com.br\/index.php\/2022\/07\/20\/museu-da-vida-lanca-webserie-sobre-importancia-da-vacinacao-infantil\/","title":{"rendered":"Museu da Vida lan\u00e7a webs\u00e9rie sobre import\u00e2ncia da vacina\u00e7\u00e3o infantil"},"content":{"rendered":"\n<p><em><span class=\"has-inline-color has-black-color\">Ideia surgiu em 2018, quando Pa\u00eds voltou a registrar casos de sarampo<\/span><\/em><\/p>\n\n\n\n<div class=\"wp-block-image\"><figure class=\"aligncenter size-large is-resized\"><img loading=\"lazy\" decoding=\"async\" src=\"https:\/\/jornalfatosenoticias.com.br\/wp-content\/uploads\/2022\/02\/Arte-Autoescola-Galatas_endereco_portal-1024x103.png\" alt=\"\" class=\"wp-image-27869\" width=\"480\" height=\"48\" srcset=\"https:\/\/jornalfatosenoticias.com.br\/wp-content\/uploads\/2022\/02\/Arte-Autoescola-Galatas_endereco_portal-1024x103.png 1024w, https:\/\/jornalfatosenoticias.com.br\/wp-content\/uploads\/2022\/02\/Arte-Autoescola-Galatas_endereco_portal-300x30.png 300w, https:\/\/jornalfatosenoticias.com.br\/wp-content\/uploads\/2022\/02\/Arte-Autoescola-Galatas_endereco_portal-768x77.png 768w, https:\/\/jornalfatosenoticias.com.br\/wp-content\/uploads\/2022\/02\/Arte-Autoescola-Galatas_endereco_portal.png 1223w\" sizes=\"auto, (max-width: 480px) 100vw, 480px\" \/><\/figure><\/div>\n\n\n\n<p>A webs\u00e9rie <em><span class=\"has-inline-color has-black-color\">Invasores,<\/span><\/em> que conta a hist\u00f3ria de um campeonato de videogame no qual o inimigo \u00e9 um v\u00edrus e, ao mesmo tempo, busca chamar a aten\u00e7\u00e3o das crian\u00e7as para a import\u00e2ncia da vacina\u00e7\u00e3o, foi lan\u00e7ada nesta ter\u00e7a-feira (19) no YouTube do <strong><a href=\"https:\/\/www.youtube.com\/results?search_query=museu+da+vida+fiocruz\" target=\"_blank\" rel=\"noreferrer noopener\">Museu da Vida Fiocruz<\/a>.<\/strong> As duas equipes que se enfrentam t\u00eam o desafio de salvar o planeta Terra de uma invas\u00e3o mas, durante a disputa, precisam se unir para combater um inesperado v\u00edrus que entra no sistema e que existe tamb\u00e9m no mundo real. Trata-se de um <em><span class=\"has-inline-color has-black-color\">morbilliv\u00edrus,<\/span><\/em> capaz de causar doen\u00e7as em animais e seres humanos, entre as quais o sarampo.<br>A ideia da webs\u00e9rie <em><span class=\"has-inline-color has-black-color\">Invasores<\/span><\/em> surgiu em 2018, quando voltaram a ser registrados casos de sarampo no Brasil. Naquele ano, a bi\u00f3loga Priscila Born, que na \u00e9poca conclu\u00eda doutorado em medicina tropical no Instituto Oswaldo Cruz (IOC\/Fiocruz), procurou a atriz e diretora teatral do Museu da Vida Fiocruz, Let\u00edcia Guimar\u00e3es, e prop\u00f4s a cria\u00e7\u00e3o de uma pe\u00e7a sobre vacina\u00e7\u00e3o que acabou se transformando na webs\u00e9rie.<\/p>\n\n\n\n<div class=\"wp-block-image\"><figure class=\"aligncenter size-large is-resized\"><img loading=\"lazy\" decoding=\"async\" src=\"https:\/\/jornalfatosenoticias.com.br\/wp-content\/uploads\/2022\/03\/logo-Suinco-1024x390.jpg\" alt=\"\" class=\"wp-image-28785\" width=\"346\" height=\"131\"\/><\/figure><\/div>\n\n\n\n<p>A redu\u00e7\u00e3o do n\u00famero de crian\u00e7as vacinadas contra sarampo no Brasil levou o Pa\u00eds a perder, em 2019, o certificado de Pa\u00eds livre da doen\u00e7a.<br><em><span class=\"has-inline-color has-black-color\">Invasores<\/span><\/em> tem sete epis\u00f3dios, nos quais aborda o tema com humor e muitos efeitos sonoros e visuais, al\u00e9m de divulgar informa\u00e7\u00f5es validadas por consultores cient\u00edficos da Funda\u00e7\u00e3o Oswaldo Cruz (Fiocruz). A trama toca em pontos sens\u00edveis associados \u00e0 vacina\u00e7\u00e3o, como o movimento antivacina, as <em>fake news <\/em>(not\u00edcias falsas), a cobertura vacinal e o sistema imunol\u00f3gico.<\/p>\n\n\n\n<div class=\"wp-block-image\"><figure class=\"aligncenter size-large is-resized\"><img loading=\"lazy\" decoding=\"async\" src=\"https:\/\/jornalfatosenoticias.com.br\/wp-content\/uploads\/2022\/07\/Assinatura-Marketing-1024x300.png\" alt=\"\" class=\"wp-image-31962\" width=\"372\" height=\"108\" srcset=\"https:\/\/jornalfatosenoticias.com.br\/wp-content\/uploads\/2022\/07\/Assinatura-Marketing-1024x300.png 1024w, https:\/\/jornalfatosenoticias.com.br\/wp-content\/uploads\/2022\/07\/Assinatura-Marketing-300x88.png 300w, https:\/\/jornalfatosenoticias.com.br\/wp-content\/uploads\/2022\/07\/Assinatura-Marketing-768x225.png 768w, https:\/\/jornalfatosenoticias.com.br\/wp-content\/uploads\/2022\/07\/Assinatura-Marketing-1536x451.png 1536w, https:\/\/jornalfatosenoticias.com.br\/wp-content\/uploads\/2022\/07\/Assinatura-Marketing-2048x601.png 2048w\" sizes=\"auto, (max-width: 372px) 100vw, 372px\" \/><\/figure><\/div>\n\n\n\n<p><strong><span class=\"has-inline-color has-vivid-red-color\">Momento especial<br><\/span><\/strong>O chefe do Museu da Vida Fiocruz, H\u00e9liton Barros, disse \u00e0 <strong>Ag\u00eancia Brasil <\/strong>que o lan\u00e7amento da s\u00e9rie marca um momento especial para os funcion\u00e1rios da unidade.<\/p>\n\n\n\n<blockquote class=\"wp-block-quote is-layout-flow wp-block-quote-is-layout-flow\"><p><span class=\"has-inline-color has-luminous-vivid-amber-color\">\u201cN\u00f3s temos aqui como miss\u00e3o despertar o interesse, promover o di\u00e1logo p\u00fablico entre ci\u00eancia, tecnologia e sa\u00fade. Nossa miss\u00e3o \u00e9 muito associada \u00e0 miss\u00e3o da pr\u00f3pria Fiocruz\u201d.<\/span><\/p><\/blockquote>\n\n\n\n<div class=\"wp-block-image\"><figure class=\"alignright size-large is-resized\"><img loading=\"lazy\" decoding=\"async\" src=\"https:\/\/jornalfatosenoticias.com.br\/wp-content\/uploads\/2022\/02\/Precisao-Contabilidade-1024x724.jpg\" alt=\"\" class=\"wp-image-28088\" width=\"285\" height=\"201\"\/><\/figure><\/div>\n\n\n\n<p>Barros lembrou que o museu tem uma longa hist\u00f3ria de artes c\u00eanicas. \u201cO teatro sempre esteve presente aqui no Museu da Vida. Ent\u00e3o, associar ci\u00eancia e arte est\u00e1 no nosso DNA. Est\u00e1 desde o in\u00edcio, at\u00e9 antes da funda\u00e7\u00e3o do museu, quando ainda era um projeto\u201d.<br>Ele disse que a s\u00e9rie nasceu como uma pe\u00e7a de teatro, mas, por causa da pandemia de covid-19, n\u00e3o foi poss\u00edvel lev\u00e1-la ao palco. \u201cEnt\u00e3o, a gente se aventurou por novas linguagens. Ela [webs\u00e9rie] marca a nossa primeira grande produ\u00e7\u00e3o audiovisual. Estamos muito felizes. \u00c9 um momento muito especial: vai ser a primeira de muitas, eu tenho certeza. Teremos muitas novidades pela frente\u201d, prometeu H\u00e9liton Barros.<\/p>\n\n\n\n<div class=\"wp-block-image\"><figure class=\"alignleft size-large is-resized\"><img loading=\"lazy\" decoding=\"async\" src=\"https:\/\/jornalfatosenoticias.com.br\/wp-content\/uploads\/2020\/02\/nova-logo-Marquetti.jpg\" alt=\"\" class=\"wp-image-22331\" width=\"258\" height=\"173\" srcset=\"https:\/\/jornalfatosenoticias.com.br\/wp-content\/uploads\/2020\/02\/nova-logo-Marquetti.jpg 643w, https:\/\/jornalfatosenoticias.com.br\/wp-content\/uploads\/2020\/02\/nova-logo-Marquetti-300x202.jpg 300w\" sizes=\"auto, (max-width: 258px) 100vw, 258px\" \/><\/figure><\/div>\n\n\n\n<p><strong><span class=\"has-inline-color has-vivid-red-color\">Escolas<br><\/span><\/strong>O Museu da Vida Fiocruz pretende levar a webs\u00e9rie <em><span class=\"has-inline-color has-black-color\">Invasores<\/span><\/em>, dirigida por Let\u00edcia Guimar\u00e3es e com roteiro de Livs, \u00e0s escolas brasileiras e de outros pa\u00edses de l\u00edngua portuguesa, al\u00e9m de preparar material com conte\u00fado extra, ao qual os professores ter\u00e3o acesso e que poder\u00e1 ajud\u00e1-los a explorar melhor os temas em sala de aula. A obra dever\u00e1 ainda ganhar legendas em ingl\u00eas e espanhol, o que permitir\u00e1 ampliar ainda mais seu alcance.<br>Est\u00e3o no elenco os atores Vanu Rodrigues, Ricardo Lopes, Luiz Paulo Barreto, Hugo Germano, Pablo Aguilar, Gustavo Ottoni e G\u00e9 Lisboa. <em><span class=\"has-inline-color has-black-color\">Invasores<\/span><\/em> tem como patrocinadores master Ternium, IBM e Janssen e recebeu apoio financeiro da TechnipFMC, da White Martins, do Rio Gale\u00e3o, da Schott, da Fresenius, da Amil, da Bayer, da Abbott e da EDF Norte Fluminense, al\u00e9m de copatroc\u00ednio de Dataprev, Naval Group e Siemens, informou a Fiocruz.<\/p>\n\n\n\n<div class=\"wp-block-image\"><figure class=\"aligncenter size-large is-resized\"><img loading=\"lazy\" decoding=\"async\" src=\"https:\/\/jornalfatosenoticias.com.br\/wp-content\/uploads\/2020\/02\/Serra-Grande-1024x160.png\" alt=\"\" class=\"wp-image-7836\" width=\"447\" height=\"69\"\/><\/figure><\/div>\n\n\n\n<p><strong><em>Fonte: <a href=\"https:\/\/agenciabrasil.ebc.com.br\/saude\/noticia\/2022-07\/museu-da-vida-lanca-webserie-sobre-importancia-da-vacinacao-infantil\">Ag\u00eancia Brasil<\/a><\/em><\/strong><\/p>\n","protected":false},"excerpt":{"rendered":"<p>Ideia surgiu em 2018, quando Pa\u00eds voltou a registrar casos de sarampo A webs\u00e9rie Invasores, que conta a hist\u00f3ria de um campeonato de videogame no qual o inimigo \u00e9 um v\u00edrus e, ao mesmo tempo, busca chamar a aten\u00e7\u00e3o das crian\u00e7as para a import\u00e2ncia da vacina\u00e7\u00e3o, foi lan\u00e7ada nesta ter\u00e7a-feira (19) no YouTube do Museu [&hellip;]<\/p>\n","protected":false},"author":2,"featured_media":32429,"comment_status":"open","ping_status":"open","sticky":false,"template":"","format":"standard","meta":{"footnotes":""},"categories":[11],"tags":[130,15297,15298,847,1701],"class_list":["post-32428","post","type-post","status-publish","format-standard","has-post-thumbnail","hentry","category-saude","tag-fiocruz","tag-museu-da-vida","tag-publico-infantil","tag-vacinacao","tag-webserie"],"yoast_head":"<!-- This site is optimized with the Yoast SEO plugin v26.5 - https:\/\/yoast.com\/wordpress\/plugins\/seo\/ -->\n<title>Museu da Vida lan\u00e7a webs\u00e9rie sobre import\u00e2ncia da vacina\u00e7\u00e3o infantil - Jornal Fatos e Not\u00edcias<\/title>\n<meta name=\"robots\" content=\"index, follow, max-snippet:-1, max-image-preview:large, max-video-preview:-1\" \/>\n<link rel=\"canonical\" href=\"https:\/\/jornalfatosenoticias.com.br\/index.php\/2022\/07\/20\/museu-da-vida-lanca-webserie-sobre-importancia-da-vacinacao-infantil\/\" \/>\n<meta property=\"og:locale\" content=\"pt_BR\" \/>\n<meta property=\"og:type\" content=\"article\" \/>\n<meta property=\"og:title\" content=\"Museu da Vida lan\u00e7a webs\u00e9rie sobre import\u00e2ncia da vacina\u00e7\u00e3o infantil - Jornal Fatos e Not\u00edcias\" \/>\n<meta property=\"og:description\" content=\"Ideia surgiu em 2018, quando Pa\u00eds voltou a registrar casos de sarampo A webs\u00e9rie Invasores, que conta a hist\u00f3ria de um campeonato de videogame no qual o inimigo \u00e9 um v\u00edrus e, ao mesmo tempo, busca chamar a aten\u00e7\u00e3o das crian\u00e7as para a import\u00e2ncia da vacina\u00e7\u00e3o, foi lan\u00e7ada nesta ter\u00e7a-feira (19) no YouTube do Museu [&hellip;]\" \/>\n<meta property=\"og:url\" content=\"https:\/\/jornalfatosenoticias.com.br\/index.php\/2022\/07\/20\/museu-da-vida-lanca-webserie-sobre-importancia-da-vacinacao-infantil\/\" \/>\n<meta property=\"og:site_name\" content=\"Jornal Fatos e Not\u00edcias\" \/>\n<meta property=\"article:published_time\" content=\"2022-07-20T11:52:29+00:00\" \/>\n<meta property=\"article:modified_time\" content=\"2022-07-20T11:52:31+00:00\" \/>\n<meta property=\"og:image\" content=\"https:\/\/jornalfatosenoticias.com.br\/wp-content\/uploads\/2022\/07\/museu-da-vida.jpg\" \/>\n\t<meta property=\"og:image:width\" content=\"1000\" \/>\n\t<meta property=\"og:image:height\" content=\"598\" \/>\n\t<meta property=\"og:image:type\" content=\"image\/jpeg\" \/>\n<meta name=\"author\" content=\"Luzimara Fernandes\" \/>\n<meta name=\"twitter:card\" content=\"summary_large_image\" \/>\n<meta name=\"twitter:label1\" content=\"Escrito por\" \/>\n\t<meta name=\"twitter:data1\" content=\"Luzimara Fernandes\" \/>\n\t<meta name=\"twitter:label2\" content=\"Est. tempo de leitura\" \/>\n\t<meta name=\"twitter:data2\" content=\"3 minutos\" \/>\n<script type=\"application\/ld+json\" class=\"yoast-schema-graph\">{\"@context\":\"https:\/\/schema.org\",\"@graph\":[{\"@type\":\"Article\",\"@id\":\"https:\/\/jornalfatosenoticias.com.br\/index.php\/2022\/07\/20\/museu-da-vida-lanca-webserie-sobre-importancia-da-vacinacao-infantil\/#article\",\"isPartOf\":{\"@id\":\"https:\/\/jornalfatosenoticias.com.br\/index.php\/2022\/07\/20\/museu-da-vida-lanca-webserie-sobre-importancia-da-vacinacao-infantil\/\"},\"author\":{\"name\":\"Luzimara Fernandes\",\"@id\":\"https:\/\/jornalfatosenoticias.com.br\/#\/schema\/person\/d63837fa13ac8666eb9e74e0985d6f81\"},\"headline\":\"Museu da Vida lan\u00e7a webs\u00e9rie sobre import\u00e2ncia da vacina\u00e7\u00e3o infantil\",\"datePublished\":\"2022-07-20T11:52:29+00:00\",\"dateModified\":\"2022-07-20T11:52:31+00:00\",\"mainEntityOfPage\":{\"@id\":\"https:\/\/jornalfatosenoticias.com.br\/index.php\/2022\/07\/20\/museu-da-vida-lanca-webserie-sobre-importancia-da-vacinacao-infantil\/\"},\"wordCount\":665,\"commentCount\":0,\"publisher\":{\"@id\":\"https:\/\/jornalfatosenoticias.com.br\/#organization\"},\"image\":{\"@id\":\"https:\/\/jornalfatosenoticias.com.br\/index.php\/2022\/07\/20\/museu-da-vida-lanca-webserie-sobre-importancia-da-vacinacao-infantil\/#primaryimage\"},\"thumbnailUrl\":\"https:\/\/jornalfatosenoticias.com.br\/wp-content\/uploads\/2022\/07\/museu-da-vida.jpg\",\"keywords\":[\"fiocruz\",\"Museu da Vida\",\"p\u00fablico infantil\",\"vacina\u00e7\u00e3o\",\"webs\u00e9rie\"],\"articleSection\":[\"Sa\u00fade\"],\"inLanguage\":\"pt-BR\",\"potentialAction\":[{\"@type\":\"CommentAction\",\"name\":\"Comment\",\"target\":[\"https:\/\/jornalfatosenoticias.com.br\/index.php\/2022\/07\/20\/museu-da-vida-lanca-webserie-sobre-importancia-da-vacinacao-infantil\/#respond\"]}]},{\"@type\":\"WebPage\",\"@id\":\"https:\/\/jornalfatosenoticias.com.br\/index.php\/2022\/07\/20\/museu-da-vida-lanca-webserie-sobre-importancia-da-vacinacao-infantil\/\",\"url\":\"https:\/\/jornalfatosenoticias.com.br\/index.php\/2022\/07\/20\/museu-da-vida-lanca-webserie-sobre-importancia-da-vacinacao-infantil\/\",\"name\":\"Museu da Vida lan\u00e7a webs\u00e9rie sobre import\u00e2ncia da vacina\u00e7\u00e3o infantil - Jornal Fatos e Not\u00edcias\",\"isPartOf\":{\"@id\":\"https:\/\/jornalfatosenoticias.com.br\/#website\"},\"primaryImageOfPage\":{\"@id\":\"https:\/\/jornalfatosenoticias.com.br\/index.php\/2022\/07\/20\/museu-da-vida-lanca-webserie-sobre-importancia-da-vacinacao-infantil\/#primaryimage\"},\"image\":{\"@id\":\"https:\/\/jornalfatosenoticias.com.br\/index.php\/2022\/07\/20\/museu-da-vida-lanca-webserie-sobre-importancia-da-vacinacao-infantil\/#primaryimage\"},\"thumbnailUrl\":\"https:\/\/jornalfatosenoticias.com.br\/wp-content\/uploads\/2022\/07\/museu-da-vida.jpg\",\"datePublished\":\"2022-07-20T11:52:29+00:00\",\"dateModified\":\"2022-07-20T11:52:31+00:00\",\"breadcrumb\":{\"@id\":\"https:\/\/jornalfatosenoticias.com.br\/index.php\/2022\/07\/20\/museu-da-vida-lanca-webserie-sobre-importancia-da-vacinacao-infantil\/#breadcrumb\"},\"inLanguage\":\"pt-BR\",\"potentialAction\":[{\"@type\":\"ReadAction\",\"target\":[\"https:\/\/jornalfatosenoticias.com.br\/index.php\/2022\/07\/20\/museu-da-vida-lanca-webserie-sobre-importancia-da-vacinacao-infantil\/\"]}]},{\"@type\":\"ImageObject\",\"inLanguage\":\"pt-BR\",\"@id\":\"https:\/\/jornalfatosenoticias.com.br\/index.php\/2022\/07\/20\/museu-da-vida-lanca-webserie-sobre-importancia-da-vacinacao-infantil\/#primaryimage\",\"url\":\"https:\/\/jornalfatosenoticias.com.br\/wp-content\/uploads\/2022\/07\/museu-da-vida.jpg\",\"contentUrl\":\"https:\/\/jornalfatosenoticias.com.br\/wp-content\/uploads\/2022\/07\/museu-da-vida.jpg\",\"width\":1000,\"height\":598,\"caption\":\"Dia D de mobiliza\u00e7\u00e3o da Campanha Nacional de Vacina\u00e7\u00e3o contra a Poliomielite e Sarampo.\"},{\"@type\":\"BreadcrumbList\",\"@id\":\"https:\/\/jornalfatosenoticias.com.br\/index.php\/2022\/07\/20\/museu-da-vida-lanca-webserie-sobre-importancia-da-vacinacao-infantil\/#breadcrumb\",\"itemListElement\":[{\"@type\":\"ListItem\",\"position\":1,\"name\":\"In\u00edcio\",\"item\":\"https:\/\/jornalfatosenoticias.com.br\/\"},{\"@type\":\"ListItem\",\"position\":2,\"name\":\"Museu da Vida lan\u00e7a webs\u00e9rie sobre import\u00e2ncia da vacina\u00e7\u00e3o infantil\"}]},{\"@type\":\"WebSite\",\"@id\":\"https:\/\/jornalfatosenoticias.com.br\/#website\",\"url\":\"https:\/\/jornalfatosenoticias.com.br\/\",\"name\":\"Jornal Fatos e Not\u00edcias\",\"description\":\"Not\u00edcias em geral\",\"publisher\":{\"@id\":\"https:\/\/jornalfatosenoticias.com.br\/#organization\"},\"potentialAction\":[{\"@type\":\"SearchAction\",\"target\":{\"@type\":\"EntryPoint\",\"urlTemplate\":\"https:\/\/jornalfatosenoticias.com.br\/?s={search_term_string}\"},\"query-input\":{\"@type\":\"PropertyValueSpecification\",\"valueRequired\":true,\"valueName\":\"search_term_string\"}}],\"inLanguage\":\"pt-BR\"},{\"@type\":\"Organization\",\"@id\":\"https:\/\/jornalfatosenoticias.com.br\/#organization\",\"name\":\"Jornal Fatos e Not\u00edcias\",\"url\":\"https:\/\/jornalfatosenoticias.com.br\/\",\"logo\":{\"@type\":\"ImageObject\",\"inLanguage\":\"pt-BR\",\"@id\":\"https:\/\/jornalfatosenoticias.com.br\/#\/schema\/logo\/image\/\",\"url\":\"https:\/\/jornalfatosenoticias.com.br\/wp-content\/uploads\/2020\/02\/logo120.png\",\"contentUrl\":\"https:\/\/jornalfatosenoticias.com.br\/wp-content\/uploads\/2020\/02\/logo120.png\",\"width\":1227,\"height\":120,\"caption\":\"Jornal Fatos e Not\u00edcias\"},\"image\":{\"@id\":\"https:\/\/jornalfatosenoticias.com.br\/#\/schema\/logo\/image\/\"}},{\"@type\":\"Person\",\"@id\":\"https:\/\/jornalfatosenoticias.com.br\/#\/schema\/person\/d63837fa13ac8666eb9e74e0985d6f81\",\"name\":\"Luzimara Fernandes\",\"image\":{\"@type\":\"ImageObject\",\"inLanguage\":\"pt-BR\",\"@id\":\"https:\/\/jornalfatosenoticias.com.br\/#\/schema\/person\/image\/\",\"url\":\"https:\/\/jornalfatosenoticias.com.br\/wp-content\/uploads\/2025\/05\/EU_portal.jpg\",\"contentUrl\":\"https:\/\/jornalfatosenoticias.com.br\/wp-content\/uploads\/2025\/05\/EU_portal.jpg\",\"caption\":\"Luzimara Fernandes\"},\"description\":\"Jornalista MTB 2358-ES\",\"sameAs\":[\"https:\/\/jornalfatosenoticias.com.br\"],\"url\":\"https:\/\/jornalfatosenoticias.com.br\/index.php\/author\/luzimara\/\"}]}<\/script>\n<!-- \/ Yoast SEO plugin. -->","yoast_head_json":{"title":"Museu da Vida lan\u00e7a webs\u00e9rie sobre import\u00e2ncia da vacina\u00e7\u00e3o infantil - Jornal Fatos e Not\u00edcias","robots":{"index":"index","follow":"follow","max-snippet":"max-snippet:-1","max-image-preview":"max-image-preview:large","max-video-preview":"max-video-preview:-1"},"canonical":"https:\/\/jornalfatosenoticias.com.br\/index.php\/2022\/07\/20\/museu-da-vida-lanca-webserie-sobre-importancia-da-vacinacao-infantil\/","og_locale":"pt_BR","og_type":"article","og_title":"Museu da Vida lan\u00e7a webs\u00e9rie sobre import\u00e2ncia da vacina\u00e7\u00e3o infantil - Jornal Fatos e Not\u00edcias","og_description":"Ideia surgiu em 2018, quando Pa\u00eds voltou a registrar casos de sarampo A webs\u00e9rie Invasores, que conta a hist\u00f3ria de um campeonato de videogame no qual o inimigo \u00e9 um v\u00edrus e, ao mesmo tempo, busca chamar a aten\u00e7\u00e3o das crian\u00e7as para a import\u00e2ncia da vacina\u00e7\u00e3o, foi lan\u00e7ada nesta ter\u00e7a-feira (19) no YouTube do Museu [&hellip;]","og_url":"https:\/\/jornalfatosenoticias.com.br\/index.php\/2022\/07\/20\/museu-da-vida-lanca-webserie-sobre-importancia-da-vacinacao-infantil\/","og_site_name":"Jornal Fatos e Not\u00edcias","article_published_time":"2022-07-20T11:52:29+00:00","article_modified_time":"2022-07-20T11:52:31+00:00","og_image":[{"width":1000,"height":598,"url":"https:\/\/jornalfatosenoticias.com.br\/wp-content\/uploads\/2022\/07\/museu-da-vida.jpg","type":"image\/jpeg"}],"author":"Luzimara Fernandes","twitter_card":"summary_large_image","twitter_misc":{"Escrito por":"Luzimara Fernandes","Est. tempo de leitura":"3 minutos"},"schema":{"@context":"https:\/\/schema.org","@graph":[{"@type":"Article","@id":"https:\/\/jornalfatosenoticias.com.br\/index.php\/2022\/07\/20\/museu-da-vida-lanca-webserie-sobre-importancia-da-vacinacao-infantil\/#article","isPartOf":{"@id":"https:\/\/jornalfatosenoticias.com.br\/index.php\/2022\/07\/20\/museu-da-vida-lanca-webserie-sobre-importancia-da-vacinacao-infantil\/"},"author":{"name":"Luzimara Fernandes","@id":"https:\/\/jornalfatosenoticias.com.br\/#\/schema\/person\/d63837fa13ac8666eb9e74e0985d6f81"},"headline":"Museu da Vida lan\u00e7a webs\u00e9rie sobre import\u00e2ncia da vacina\u00e7\u00e3o infantil","datePublished":"2022-07-20T11:52:29+00:00","dateModified":"2022-07-20T11:52:31+00:00","mainEntityOfPage":{"@id":"https:\/\/jornalfatosenoticias.com.br\/index.php\/2022\/07\/20\/museu-da-vida-lanca-webserie-sobre-importancia-da-vacinacao-infantil\/"},"wordCount":665,"commentCount":0,"publisher":{"@id":"https:\/\/jornalfatosenoticias.com.br\/#organization"},"image":{"@id":"https:\/\/jornalfatosenoticias.com.br\/index.php\/2022\/07\/20\/museu-da-vida-lanca-webserie-sobre-importancia-da-vacinacao-infantil\/#primaryimage"},"thumbnailUrl":"https:\/\/jornalfatosenoticias.com.br\/wp-content\/uploads\/2022\/07\/museu-da-vida.jpg","keywords":["fiocruz","Museu da Vida","p\u00fablico infantil","vacina\u00e7\u00e3o","webs\u00e9rie"],"articleSection":["Sa\u00fade"],"inLanguage":"pt-BR","potentialAction":[{"@type":"CommentAction","name":"Comment","target":["https:\/\/jornalfatosenoticias.com.br\/index.php\/2022\/07\/20\/museu-da-vida-lanca-webserie-sobre-importancia-da-vacinacao-infantil\/#respond"]}]},{"@type":"WebPage","@id":"https:\/\/jornalfatosenoticias.com.br\/index.php\/2022\/07\/20\/museu-da-vida-lanca-webserie-sobre-importancia-da-vacinacao-infantil\/","url":"https:\/\/jornalfatosenoticias.com.br\/index.php\/2022\/07\/20\/museu-da-vida-lanca-webserie-sobre-importancia-da-vacinacao-infantil\/","name":"Museu da Vida lan\u00e7a webs\u00e9rie sobre import\u00e2ncia da vacina\u00e7\u00e3o infantil - Jornal Fatos e Not\u00edcias","isPartOf":{"@id":"https:\/\/jornalfatosenoticias.com.br\/#website"},"primaryImageOfPage":{"@id":"https:\/\/jornalfatosenoticias.com.br\/index.php\/2022\/07\/20\/museu-da-vida-lanca-webserie-sobre-importancia-da-vacinacao-infantil\/#primaryimage"},"image":{"@id":"https:\/\/jornalfatosenoticias.com.br\/index.php\/2022\/07\/20\/museu-da-vida-lanca-webserie-sobre-importancia-da-vacinacao-infantil\/#primaryimage"},"thumbnailUrl":"https:\/\/jornalfatosenoticias.com.br\/wp-content\/uploads\/2022\/07\/museu-da-vida.jpg","datePublished":"2022-07-20T11:52:29+00:00","dateModified":"2022-07-20T11:52:31+00:00","breadcrumb":{"@id":"https:\/\/jornalfatosenoticias.com.br\/index.php\/2022\/07\/20\/museu-da-vida-lanca-webserie-sobre-importancia-da-vacinacao-infantil\/#breadcrumb"},"inLanguage":"pt-BR","potentialAction":[{"@type":"ReadAction","target":["https:\/\/jornalfatosenoticias.com.br\/index.php\/2022\/07\/20\/museu-da-vida-lanca-webserie-sobre-importancia-da-vacinacao-infantil\/"]}]},{"@type":"ImageObject","inLanguage":"pt-BR","@id":"https:\/\/jornalfatosenoticias.com.br\/index.php\/2022\/07\/20\/museu-da-vida-lanca-webserie-sobre-importancia-da-vacinacao-infantil\/#primaryimage","url":"https:\/\/jornalfatosenoticias.com.br\/wp-content\/uploads\/2022\/07\/museu-da-vida.jpg","contentUrl":"https:\/\/jornalfatosenoticias.com.br\/wp-content\/uploads\/2022\/07\/museu-da-vida.jpg","width":1000,"height":598,"caption":"Dia D de mobiliza\u00e7\u00e3o da Campanha Nacional de Vacina\u00e7\u00e3o contra a Poliomielite e Sarampo."},{"@type":"BreadcrumbList","@id":"https:\/\/jornalfatosenoticias.com.br\/index.php\/2022\/07\/20\/museu-da-vida-lanca-webserie-sobre-importancia-da-vacinacao-infantil\/#breadcrumb","itemListElement":[{"@type":"ListItem","position":1,"name":"In\u00edcio","item":"https:\/\/jornalfatosenoticias.com.br\/"},{"@type":"ListItem","position":2,"name":"Museu da Vida lan\u00e7a webs\u00e9rie sobre import\u00e2ncia da vacina\u00e7\u00e3o infantil"}]},{"@type":"WebSite","@id":"https:\/\/jornalfatosenoticias.com.br\/#website","url":"https:\/\/jornalfatosenoticias.com.br\/","name":"Jornal Fatos e Not\u00edcias","description":"Not\u00edcias em geral","publisher":{"@id":"https:\/\/jornalfatosenoticias.com.br\/#organization"},"potentialAction":[{"@type":"SearchAction","target":{"@type":"EntryPoint","urlTemplate":"https:\/\/jornalfatosenoticias.com.br\/?s={search_term_string}"},"query-input":{"@type":"PropertyValueSpecification","valueRequired":true,"valueName":"search_term_string"}}],"inLanguage":"pt-BR"},{"@type":"Organization","@id":"https:\/\/jornalfatosenoticias.com.br\/#organization","name":"Jornal Fatos e Not\u00edcias","url":"https:\/\/jornalfatosenoticias.com.br\/","logo":{"@type":"ImageObject","inLanguage":"pt-BR","@id":"https:\/\/jornalfatosenoticias.com.br\/#\/schema\/logo\/image\/","url":"https:\/\/jornalfatosenoticias.com.br\/wp-content\/uploads\/2020\/02\/logo120.png","contentUrl":"https:\/\/jornalfatosenoticias.com.br\/wp-content\/uploads\/2020\/02\/logo120.png","width":1227,"height":120,"caption":"Jornal Fatos e Not\u00edcias"},"image":{"@id":"https:\/\/jornalfatosenoticias.com.br\/#\/schema\/logo\/image\/"}},{"@type":"Person","@id":"https:\/\/jornalfatosenoticias.com.br\/#\/schema\/person\/d63837fa13ac8666eb9e74e0985d6f81","name":"Luzimara Fernandes","image":{"@type":"ImageObject","inLanguage":"pt-BR","@id":"https:\/\/jornalfatosenoticias.com.br\/#\/schema\/person\/image\/","url":"https:\/\/jornalfatosenoticias.com.br\/wp-content\/uploads\/2025\/05\/EU_portal.jpg","contentUrl":"https:\/\/jornalfatosenoticias.com.br\/wp-content\/uploads\/2025\/05\/EU_portal.jpg","caption":"Luzimara Fernandes"},"description":"Jornalista MTB 2358-ES","sameAs":["https:\/\/jornalfatosenoticias.com.br"],"url":"https:\/\/jornalfatosenoticias.com.br\/index.php\/author\/luzimara\/"}]}},"cc_featured_image_caption":{"caption_text":"(Foto: Marcelo Camargo\/Ag\u00eancia Brasil)","source_text":"","source_url":""},"jetpack_featured_media_url":"https:\/\/jornalfatosenoticias.com.br\/wp-content\/uploads\/2022\/07\/museu-da-vida.jpg","_links":{"self":[{"href":"https:\/\/jornalfatosenoticias.com.br\/index.php\/wp-json\/wp\/v2\/posts\/32428","targetHints":{"allow":["GET"]}}],"collection":[{"href":"https:\/\/jornalfatosenoticias.com.br\/index.php\/wp-json\/wp\/v2\/posts"}],"about":[{"href":"https:\/\/jornalfatosenoticias.com.br\/index.php\/wp-json\/wp\/v2\/types\/post"}],"author":[{"embeddable":true,"href":"https:\/\/jornalfatosenoticias.com.br\/index.php\/wp-json\/wp\/v2\/users\/2"}],"replies":[{"embeddable":true,"href":"https:\/\/jornalfatosenoticias.com.br\/index.php\/wp-json\/wp\/v2\/comments?post=32428"}],"version-history":[{"count":0,"href":"https:\/\/jornalfatosenoticias.com.br\/index.php\/wp-json\/wp\/v2\/posts\/32428\/revisions"}],"wp:featuredmedia":[{"embeddable":true,"href":"https:\/\/jornalfatosenoticias.com.br\/index.php\/wp-json\/wp\/v2\/media\/32429"}],"wp:attachment":[{"href":"https:\/\/jornalfatosenoticias.com.br\/index.php\/wp-json\/wp\/v2\/media?parent=32428"}],"wp:term":[{"taxonomy":"category","embeddable":true,"href":"https:\/\/jornalfatosenoticias.com.br\/index.php\/wp-json\/wp\/v2\/categories?post=32428"},{"taxonomy":"post_tag","embeddable":true,"href":"https:\/\/jornalfatosenoticias.com.br\/index.php\/wp-json\/wp\/v2\/tags?post=32428"}],"curies":[{"name":"wp","href":"https:\/\/api.w.org\/{rel}","templated":true}]}}