{"id":32449,"date":"2022-07-20T10:12:19","date_gmt":"2022-07-20T13:12:19","guid":{"rendered":"https:\/\/jornalfatosenoticias.com.br\/?p=32449"},"modified":"2022-07-20T10:12:20","modified_gmt":"2022-07-20T13:12:20","slug":"fotos-impressionantes-mostram-capitais-brasileiras-vistas-do-espaco-na-iss","status":"publish","type":"post","link":"https:\/\/jornalfatosenoticias.com.br\/index.php\/2022\/07\/20\/fotos-impressionantes-mostram-capitais-brasileiras-vistas-do-espaco-na-iss\/","title":{"rendered":"Fotos impressionantes mostram capitais brasileiras vistas do espa\u00e7o na ISS"},"content":{"rendered":"\n<div class=\"wp-block-image\"><figure class=\"aligncenter size-large is-resized\"><img loading=\"lazy\" decoding=\"async\" src=\"https:\/\/jornalfatosenoticias.com.br\/wp-content\/uploads\/2022\/02\/Arte-Autoescola-Galatas_endereco_portal-1024x103.png\" alt=\"\" class=\"wp-image-27869\" width=\"520\" height=\"52\" srcset=\"https:\/\/jornalfatosenoticias.com.br\/wp-content\/uploads\/2022\/02\/Arte-Autoescola-Galatas_endereco_portal-1024x103.png 1024w, https:\/\/jornalfatosenoticias.com.br\/wp-content\/uploads\/2022\/02\/Arte-Autoescola-Galatas_endereco_portal-300x30.png 300w, https:\/\/jornalfatosenoticias.com.br\/wp-content\/uploads\/2022\/02\/Arte-Autoescola-Galatas_endereco_portal-768x77.png 768w, https:\/\/jornalfatosenoticias.com.br\/wp-content\/uploads\/2022\/02\/Arte-Autoescola-Galatas_endereco_portal.png 1223w\" sizes=\"auto, (max-width: 520px) 100vw, 520px\" \/><\/figure><\/div>\n\n\n\n<p>Fotografias das <a href=\"https:\/\/olhardigital.com.br\/2022\/06\/29\/internet-e-redes-sociais\/99moto-chega-a-mais-de-30-cidades-brasileiras\/\" target=\"_blank\" rel=\"noreferrer noopener\">cidades<\/a>\u00a0do Rio de Janeiro (RJ), S\u00e3o Paulo (SP) e Curitiba (PR), tiradas a 400 km de altitude, foram divulgadas neste domingo (17) no Twitter da\u00a0<a href=\"https:\/\/olhardigital.com.br\/tag\/estacao-espacial-internacional\/\" target=\"_blank\" rel=\"noreferrer noopener\">Esta\u00e7\u00e3o Espacial Internacional<\/a> (ISS). Nas imagens registradas em 4 de julho, nota-se o tamanho da mancha urbana de cada cidade, observada a partir do c\u00e9u noturno.<br>Na fotografia da cidade do Rio de Janeiro (RJ), a segunda cidade mais populosa do Brasil, destaca-se a ponte Rio-Niter\u00f3i e as luzes dos barcos que circundam a cidade e podem ser vistos ao longo de toda a Ba\u00eda de Guanabara, conforme evidencia o registro abaixo.<\/p>\n\n\n\n<div class=\"wp-block-image\"><figure class=\"aligncenter size-large is-resized\"><img loading=\"lazy\" decoding=\"async\" src=\"https:\/\/jornalfatosenoticias.com.br\/wp-content\/uploads\/2020\/02\/Logo_Mizu.png\" alt=\"\" class=\"wp-image-1441\" width=\"524\" height=\"64\" srcset=\"https:\/\/jornalfatosenoticias.com.br\/wp-content\/uploads\/2020\/02\/Logo_Mizu.png 729w, https:\/\/jornalfatosenoticias.com.br\/wp-content\/uploads\/2020\/02\/Logo_Mizu-300x37.png 300w\" sizes=\"auto, (max-width: 524px) 100vw, 524px\" \/><\/figure><\/div>\n\n\n\n<figure class=\"wp-block-image size-large\"><img loading=\"lazy\" decoding=\"async\" width=\"1000\" height=\"667\" src=\"https:\/\/jornalfatosenoticias.com.br\/wp-content\/uploads\/2022\/07\/RJ.jpg\" alt=\"\" class=\"wp-image-32450\" srcset=\"https:\/\/jornalfatosenoticias.com.br\/wp-content\/uploads\/2022\/07\/RJ.jpg 1000w, https:\/\/jornalfatosenoticias.com.br\/wp-content\/uploads\/2022\/07\/RJ-300x200.jpg 300w, https:\/\/jornalfatosenoticias.com.br\/wp-content\/uploads\/2022\/07\/RJ-768x512.jpg 768w\" sizes=\"auto, (max-width: 1000px) 100vw, 1000px\" \/><figcaption><em><span class=\"has-inline-color has-black-color\">(Foto: Reprodu\u00e7\u00e3o Nasa)<\/span><\/em><\/figcaption><\/figure>\n\n\n\n<p>Em S\u00e3o Paulo (SP), cidade mais populosa do Brasil, a maior diferen\u00e7a est\u00e1 na luminosidade das ruas da Capital paulista em compara\u00e7\u00e3o com as ruas da cidade de Guarulhos, que fica na zona norte. Veja a imagem a seguir:<\/p>\n\n\n\n<div class=\"wp-block-image\"><figure class=\"aligncenter size-large is-resized\"><img loading=\"lazy\" decoding=\"async\" src=\"https:\/\/jornalfatosenoticias.com.br\/wp-content\/uploads\/2022\/02\/Serra-Pack-459.png\" alt=\"\" class=\"wp-image-27471\" width=\"310\" height=\"124\"\/><\/figure><\/div>\n\n\n\n<figure class=\"wp-block-image size-large\"><img loading=\"lazy\" decoding=\"async\" width=\"1000\" height=\"667\" src=\"https:\/\/jornalfatosenoticias.com.br\/wp-content\/uploads\/2022\/07\/SP.jpg\" alt=\"\" class=\"wp-image-32451\" srcset=\"https:\/\/jornalfatosenoticias.com.br\/wp-content\/uploads\/2022\/07\/SP.jpg 1000w, https:\/\/jornalfatosenoticias.com.br\/wp-content\/uploads\/2022\/07\/SP-300x200.jpg 300w, https:\/\/jornalfatosenoticias.com.br\/wp-content\/uploads\/2022\/07\/SP-768x512.jpg 768w\" sizes=\"auto, (max-width: 1000px) 100vw, 1000px\" \/><figcaption><span class=\"has-inline-color has-black-color\"><em>(Foto: Reprodu\u00e7\u00e3o Nasa)<\/em><\/span><\/figcaption><\/figure>\n\n\n\n<p>Na fotografia abaixo, tirada de Curitiba (PR), o degrad\u00ea de luzes que parte do centro, local onde elas brilham mais forte, at\u00e9 as zonas perif\u00e9ricas da cidade, onde diminuem a luminosidade, chama a aten\u00e7\u00e3o.<\/p>\n\n\n\n<div class=\"wp-block-image\"><figure class=\"aligncenter size-large is-resized\"><img loading=\"lazy\" decoding=\"async\" src=\"https:\/\/jornalfatosenoticias.com.br\/wp-content\/uploads\/2022\/07\/Assinatura-Marketing-1024x300.png\" alt=\"\" class=\"wp-image-31962\" width=\"471\" height=\"137\" srcset=\"https:\/\/jornalfatosenoticias.com.br\/wp-content\/uploads\/2022\/07\/Assinatura-Marketing-1024x300.png 1024w, https:\/\/jornalfatosenoticias.com.br\/wp-content\/uploads\/2022\/07\/Assinatura-Marketing-300x88.png 300w, https:\/\/jornalfatosenoticias.com.br\/wp-content\/uploads\/2022\/07\/Assinatura-Marketing-768x225.png 768w, https:\/\/jornalfatosenoticias.com.br\/wp-content\/uploads\/2022\/07\/Assinatura-Marketing-1536x451.png 1536w, https:\/\/jornalfatosenoticias.com.br\/wp-content\/uploads\/2022\/07\/Assinatura-Marketing-2048x601.png 2048w\" sizes=\"auto, (max-width: 471px) 100vw, 471px\" \/><\/figure><\/div>\n\n\n\n<figure class=\"wp-block-image size-large\"><img loading=\"lazy\" decoding=\"async\" width=\"1000\" height=\"667\" src=\"https:\/\/jornalfatosenoticias.com.br\/wp-content\/uploads\/2022\/07\/PR.jpg\" alt=\"\" class=\"wp-image-32452\" srcset=\"https:\/\/jornalfatosenoticias.com.br\/wp-content\/uploads\/2022\/07\/PR.jpg 1000w, https:\/\/jornalfatosenoticias.com.br\/wp-content\/uploads\/2022\/07\/PR-300x200.jpg 300w, https:\/\/jornalfatosenoticias.com.br\/wp-content\/uploads\/2022\/07\/PR-768x512.jpg 768w\" sizes=\"auto, (max-width: 1000px) 100vw, 1000px\" \/><figcaption><em><span class=\"has-inline-color has-black-color\">(Foto: Reprodu\u00e7\u00e3o Nasa)<\/span><\/em><\/figcaption><\/figure>\n\n\n\n<div class=\"wp-block-image\"><figure class=\"aligncenter size-large is-resized\"><img loading=\"lazy\" decoding=\"async\" src=\"https:\/\/jornalfatosenoticias.com.br\/wp-content\/uploads\/2020\/02\/Serra-Grande-1024x160.png\" alt=\"\" class=\"wp-image-7836\" width=\"484\" height=\"75\"\/><\/figure><\/div>\n\n\n\n<p>N\u00e3o \u00e9 a primeira vez que <a href=\"https:\/\/olhardigital.com.br\/tag\/brasil\/\">o Brasil<\/a>\u00a0aparece em um clique fotogr\u00e1fico da ISS: em 24 de julho de 2016, quase na estreia dos\u00a0<a href=\"https:\/\/olhardigital.com.br\/tag\/olimpiadas\/\">Jogos Ol\u00edmpicos<\/a> daquele ano, a astronauta Kate Rubins, da Nasa, capturou a cidade do Rio de Janeiro, na regi\u00e3o sudeste do Pa\u00eds. Na legenda da imagem publicada no <a href=\"https:\/\/olhardigital.com.br\/tag\/flickr\/\">Flickr<\/a>, ela dizia estar empolgada pelo in\u00edcio das competi\u00e7\u00f5es esportivas.<\/p>\n\n\n\n<p><strong><em>Fonte: <a href=\"https:\/\/olhardigital.com.br\/2022\/07\/19\/ciencia-e-espaco\/fotos-impressionantes-mostram-capitais-brasileiras-vistas-do-espaco\/\">Olhar Digital<\/a><\/em><\/strong><\/p>\n","protected":false},"excerpt":{"rendered":"<p>Fotografias das cidades\u00a0do Rio de Janeiro (RJ), S\u00e3o Paulo (SP) e Curitiba (PR), tiradas a 400 km de altitude, foram divulgadas neste domingo (17) no Twitter da\u00a0Esta\u00e7\u00e3o Espacial Internacional (ISS). Nas imagens registradas em 4 de julho, nota-se o tamanho da mancha urbana de cada cidade, observada a partir do c\u00e9u noturno.Na fotografia da cidade [&hellip;]<\/p>\n","protected":false},"author":2,"featured_media":32453,"comment_status":"open","ping_status":"open","sticky":false,"template":"","format":"standard","meta":{"footnotes":""},"categories":[2],"tags":[5898,3626,3133,15304,164],"class_list":["post-32449","post","type-post","status-publish","format-standard","has-post-thumbnail","hentry","category-ciencia","tag-capitais-brasileiras","tag-estacao-espacial-internacional","tag-fotografia","tag-iss","tag-nasa"],"yoast_head":"<!-- This site is optimized with the Yoast SEO plugin v26.5 - https:\/\/yoast.com\/wordpress\/plugins\/seo\/ -->\n<title>Fotos impressionantes mostram capitais brasileiras vistas do espa\u00e7o na ISS - Jornal Fatos e Not\u00edcias<\/title>\n<meta name=\"robots\" content=\"index, follow, max-snippet:-1, max-image-preview:large, max-video-preview:-1\" \/>\n<link rel=\"canonical\" href=\"https:\/\/jornalfatosenoticias.com.br\/index.php\/2022\/07\/20\/fotos-impressionantes-mostram-capitais-brasileiras-vistas-do-espaco-na-iss\/\" \/>\n<meta property=\"og:locale\" content=\"pt_BR\" \/>\n<meta property=\"og:type\" content=\"article\" \/>\n<meta property=\"og:title\" content=\"Fotos impressionantes mostram capitais brasileiras vistas do espa\u00e7o na ISS - Jornal Fatos e Not\u00edcias\" \/>\n<meta property=\"og:description\" content=\"Fotografias das cidades\u00a0do Rio de Janeiro (RJ), S\u00e3o Paulo (SP) e Curitiba (PR), tiradas a 400 km de altitude, foram divulgadas neste domingo (17) no Twitter da\u00a0Esta\u00e7\u00e3o Espacial Internacional (ISS). Nas imagens registradas em 4 de julho, nota-se o tamanho da mancha urbana de cada cidade, observada a partir do c\u00e9u noturno.Na fotografia da cidade [&hellip;]\" \/>\n<meta property=\"og:url\" content=\"https:\/\/jornalfatosenoticias.com.br\/index.php\/2022\/07\/20\/fotos-impressionantes-mostram-capitais-brasileiras-vistas-do-espaco-na-iss\/\" \/>\n<meta property=\"og:site_name\" content=\"Jornal Fatos e Not\u00edcias\" \/>\n<meta property=\"article:published_time\" content=\"2022-07-20T13:12:19+00:00\" \/>\n<meta property=\"article:modified_time\" content=\"2022-07-20T13:12:20+00:00\" \/>\n<meta property=\"og:image\" content=\"https:\/\/jornalfatosenoticias.com.br\/wp-content\/uploads\/2022\/07\/nasa-1.jpg\" \/>\n\t<meta property=\"og:image:width\" content=\"1000\" \/>\n\t<meta property=\"og:image:height\" content=\"450\" \/>\n\t<meta property=\"og:image:type\" content=\"image\/jpeg\" \/>\n<meta name=\"author\" content=\"Luzimara Fernandes\" \/>\n<meta name=\"twitter:card\" content=\"summary_large_image\" \/>\n<meta name=\"twitter:label1\" content=\"Escrito por\" \/>\n\t<meta name=\"twitter:data1\" content=\"Luzimara Fernandes\" \/>\n\t<meta name=\"twitter:label2\" content=\"Est. tempo de leitura\" \/>\n\t<meta name=\"twitter:data2\" content=\"1 minuto\" \/>\n<script type=\"application\/ld+json\" class=\"yoast-schema-graph\">{\"@context\":\"https:\/\/schema.org\",\"@graph\":[{\"@type\":\"Article\",\"@id\":\"https:\/\/jornalfatosenoticias.com.br\/index.php\/2022\/07\/20\/fotos-impressionantes-mostram-capitais-brasileiras-vistas-do-espaco-na-iss\/#article\",\"isPartOf\":{\"@id\":\"https:\/\/jornalfatosenoticias.com.br\/index.php\/2022\/07\/20\/fotos-impressionantes-mostram-capitais-brasileiras-vistas-do-espaco-na-iss\/\"},\"author\":{\"name\":\"Luzimara Fernandes\",\"@id\":\"https:\/\/jornalfatosenoticias.com.br\/#\/schema\/person\/d63837fa13ac8666eb9e74e0985d6f81\"},\"headline\":\"Fotos impressionantes mostram capitais brasileiras vistas do espa\u00e7o na ISS\",\"datePublished\":\"2022-07-20T13:12:19+00:00\",\"dateModified\":\"2022-07-20T13:12:20+00:00\",\"mainEntityOfPage\":{\"@id\":\"https:\/\/jornalfatosenoticias.com.br\/index.php\/2022\/07\/20\/fotos-impressionantes-mostram-capitais-brasileiras-vistas-do-espaco-na-iss\/\"},\"wordCount\":273,\"commentCount\":0,\"publisher\":{\"@id\":\"https:\/\/jornalfatosenoticias.com.br\/#organization\"},\"image\":{\"@id\":\"https:\/\/jornalfatosenoticias.com.br\/index.php\/2022\/07\/20\/fotos-impressionantes-mostram-capitais-brasileiras-vistas-do-espaco-na-iss\/#primaryimage\"},\"thumbnailUrl\":\"https:\/\/jornalfatosenoticias.com.br\/wp-content\/uploads\/2022\/07\/nasa-1.jpg\",\"keywords\":[\"capitais brasileiras\",\"Esta\u00e7\u00e3o Espacial Internacional\",\"fotografia\",\"ISS\",\"Nasa\"],\"articleSection\":[\"Ci\u00eancia\"],\"inLanguage\":\"pt-BR\",\"potentialAction\":[{\"@type\":\"CommentAction\",\"name\":\"Comment\",\"target\":[\"https:\/\/jornalfatosenoticias.com.br\/index.php\/2022\/07\/20\/fotos-impressionantes-mostram-capitais-brasileiras-vistas-do-espaco-na-iss\/#respond\"]}]},{\"@type\":\"WebPage\",\"@id\":\"https:\/\/jornalfatosenoticias.com.br\/index.php\/2022\/07\/20\/fotos-impressionantes-mostram-capitais-brasileiras-vistas-do-espaco-na-iss\/\",\"url\":\"https:\/\/jornalfatosenoticias.com.br\/index.php\/2022\/07\/20\/fotos-impressionantes-mostram-capitais-brasileiras-vistas-do-espaco-na-iss\/\",\"name\":\"Fotos impressionantes mostram capitais brasileiras vistas do espa\u00e7o na ISS - Jornal Fatos e Not\u00edcias\",\"isPartOf\":{\"@id\":\"https:\/\/jornalfatosenoticias.com.br\/#website\"},\"primaryImageOfPage\":{\"@id\":\"https:\/\/jornalfatosenoticias.com.br\/index.php\/2022\/07\/20\/fotos-impressionantes-mostram-capitais-brasileiras-vistas-do-espaco-na-iss\/#primaryimage\"},\"image\":{\"@id\":\"https:\/\/jornalfatosenoticias.com.br\/index.php\/2022\/07\/20\/fotos-impressionantes-mostram-capitais-brasileiras-vistas-do-espaco-na-iss\/#primaryimage\"},\"thumbnailUrl\":\"https:\/\/jornalfatosenoticias.com.br\/wp-content\/uploads\/2022\/07\/nasa-1.jpg\",\"datePublished\":\"2022-07-20T13:12:19+00:00\",\"dateModified\":\"2022-07-20T13:12:20+00:00\",\"breadcrumb\":{\"@id\":\"https:\/\/jornalfatosenoticias.com.br\/index.php\/2022\/07\/20\/fotos-impressionantes-mostram-capitais-brasileiras-vistas-do-espaco-na-iss\/#breadcrumb\"},\"inLanguage\":\"pt-BR\",\"potentialAction\":[{\"@type\":\"ReadAction\",\"target\":[\"https:\/\/jornalfatosenoticias.com.br\/index.php\/2022\/07\/20\/fotos-impressionantes-mostram-capitais-brasileiras-vistas-do-espaco-na-iss\/\"]}]},{\"@type\":\"ImageObject\",\"inLanguage\":\"pt-BR\",\"@id\":\"https:\/\/jornalfatosenoticias.com.br\/index.php\/2022\/07\/20\/fotos-impressionantes-mostram-capitais-brasileiras-vistas-do-espaco-na-iss\/#primaryimage\",\"url\":\"https:\/\/jornalfatosenoticias.com.br\/wp-content\/uploads\/2022\/07\/nasa-1.jpg\",\"contentUrl\":\"https:\/\/jornalfatosenoticias.com.br\/wp-content\/uploads\/2022\/07\/nasa-1.jpg\",\"width\":1000,\"height\":450},{\"@type\":\"BreadcrumbList\",\"@id\":\"https:\/\/jornalfatosenoticias.com.br\/index.php\/2022\/07\/20\/fotos-impressionantes-mostram-capitais-brasileiras-vistas-do-espaco-na-iss\/#breadcrumb\",\"itemListElement\":[{\"@type\":\"ListItem\",\"position\":1,\"name\":\"In\u00edcio\",\"item\":\"https:\/\/jornalfatosenoticias.com.br\/\"},{\"@type\":\"ListItem\",\"position\":2,\"name\":\"Fotos impressionantes mostram capitais brasileiras vistas do espa\u00e7o na ISS\"}]},{\"@type\":\"WebSite\",\"@id\":\"https:\/\/jornalfatosenoticias.com.br\/#website\",\"url\":\"https:\/\/jornalfatosenoticias.com.br\/\",\"name\":\"Jornal Fatos e Not\u00edcias\",\"description\":\"Not\u00edcias em geral\",\"publisher\":{\"@id\":\"https:\/\/jornalfatosenoticias.com.br\/#organization\"},\"potentialAction\":[{\"@type\":\"SearchAction\",\"target\":{\"@type\":\"EntryPoint\",\"urlTemplate\":\"https:\/\/jornalfatosenoticias.com.br\/?s={search_term_string}\"},\"query-input\":{\"@type\":\"PropertyValueSpecification\",\"valueRequired\":true,\"valueName\":\"search_term_string\"}}],\"inLanguage\":\"pt-BR\"},{\"@type\":\"Organization\",\"@id\":\"https:\/\/jornalfatosenoticias.com.br\/#organization\",\"name\":\"Jornal Fatos e Not\u00edcias\",\"url\":\"https:\/\/jornalfatosenoticias.com.br\/\",\"logo\":{\"@type\":\"ImageObject\",\"inLanguage\":\"pt-BR\",\"@id\":\"https:\/\/jornalfatosenoticias.com.br\/#\/schema\/logo\/image\/\",\"url\":\"https:\/\/jornalfatosenoticias.com.br\/wp-content\/uploads\/2020\/02\/logo120.png\",\"contentUrl\":\"https:\/\/jornalfatosenoticias.com.br\/wp-content\/uploads\/2020\/02\/logo120.png\",\"width\":1227,\"height\":120,\"caption\":\"Jornal Fatos e Not\u00edcias\"},\"image\":{\"@id\":\"https:\/\/jornalfatosenoticias.com.br\/#\/schema\/logo\/image\/\"}},{\"@type\":\"Person\",\"@id\":\"https:\/\/jornalfatosenoticias.com.br\/#\/schema\/person\/d63837fa13ac8666eb9e74e0985d6f81\",\"name\":\"Luzimara Fernandes\",\"image\":{\"@type\":\"ImageObject\",\"inLanguage\":\"pt-BR\",\"@id\":\"https:\/\/jornalfatosenoticias.com.br\/#\/schema\/person\/image\/\",\"url\":\"https:\/\/jornalfatosenoticias.com.br\/wp-content\/uploads\/2025\/05\/EU_portal.jpg\",\"contentUrl\":\"https:\/\/jornalfatosenoticias.com.br\/wp-content\/uploads\/2025\/05\/EU_portal.jpg\",\"caption\":\"Luzimara Fernandes\"},\"description\":\"Jornalista MTB 2358-ES\",\"sameAs\":[\"https:\/\/jornalfatosenoticias.com.br\"],\"url\":\"https:\/\/jornalfatosenoticias.com.br\/index.php\/author\/luzimara\/\"}]}<\/script>\n<!-- \/ Yoast SEO plugin. -->","yoast_head_json":{"title":"Fotos impressionantes mostram capitais brasileiras vistas do espa\u00e7o na ISS - Jornal Fatos e Not\u00edcias","robots":{"index":"index","follow":"follow","max-snippet":"max-snippet:-1","max-image-preview":"max-image-preview:large","max-video-preview":"max-video-preview:-1"},"canonical":"https:\/\/jornalfatosenoticias.com.br\/index.php\/2022\/07\/20\/fotos-impressionantes-mostram-capitais-brasileiras-vistas-do-espaco-na-iss\/","og_locale":"pt_BR","og_type":"article","og_title":"Fotos impressionantes mostram capitais brasileiras vistas do espa\u00e7o na ISS - Jornal Fatos e Not\u00edcias","og_description":"Fotografias das cidades\u00a0do Rio de Janeiro (RJ), S\u00e3o Paulo (SP) e Curitiba (PR), tiradas a 400 km de altitude, foram divulgadas neste domingo (17) no Twitter da\u00a0Esta\u00e7\u00e3o Espacial Internacional (ISS). Nas imagens registradas em 4 de julho, nota-se o tamanho da mancha urbana de cada cidade, observada a partir do c\u00e9u noturno.Na fotografia da cidade [&hellip;]","og_url":"https:\/\/jornalfatosenoticias.com.br\/index.php\/2022\/07\/20\/fotos-impressionantes-mostram-capitais-brasileiras-vistas-do-espaco-na-iss\/","og_site_name":"Jornal Fatos e Not\u00edcias","article_published_time":"2022-07-20T13:12:19+00:00","article_modified_time":"2022-07-20T13:12:20+00:00","og_image":[{"width":1000,"height":450,"url":"https:\/\/jornalfatosenoticias.com.br\/wp-content\/uploads\/2022\/07\/nasa-1.jpg","type":"image\/jpeg"}],"author":"Luzimara Fernandes","twitter_card":"summary_large_image","twitter_misc":{"Escrito por":"Luzimara Fernandes","Est. tempo de leitura":"1 minuto"},"schema":{"@context":"https:\/\/schema.org","@graph":[{"@type":"Article","@id":"https:\/\/jornalfatosenoticias.com.br\/index.php\/2022\/07\/20\/fotos-impressionantes-mostram-capitais-brasileiras-vistas-do-espaco-na-iss\/#article","isPartOf":{"@id":"https:\/\/jornalfatosenoticias.com.br\/index.php\/2022\/07\/20\/fotos-impressionantes-mostram-capitais-brasileiras-vistas-do-espaco-na-iss\/"},"author":{"name":"Luzimara Fernandes","@id":"https:\/\/jornalfatosenoticias.com.br\/#\/schema\/person\/d63837fa13ac8666eb9e74e0985d6f81"},"headline":"Fotos impressionantes mostram capitais brasileiras vistas do espa\u00e7o na ISS","datePublished":"2022-07-20T13:12:19+00:00","dateModified":"2022-07-20T13:12:20+00:00","mainEntityOfPage":{"@id":"https:\/\/jornalfatosenoticias.com.br\/index.php\/2022\/07\/20\/fotos-impressionantes-mostram-capitais-brasileiras-vistas-do-espaco-na-iss\/"},"wordCount":273,"commentCount":0,"publisher":{"@id":"https:\/\/jornalfatosenoticias.com.br\/#organization"},"image":{"@id":"https:\/\/jornalfatosenoticias.com.br\/index.php\/2022\/07\/20\/fotos-impressionantes-mostram-capitais-brasileiras-vistas-do-espaco-na-iss\/#primaryimage"},"thumbnailUrl":"https:\/\/jornalfatosenoticias.com.br\/wp-content\/uploads\/2022\/07\/nasa-1.jpg","keywords":["capitais brasileiras","Esta\u00e7\u00e3o Espacial Internacional","fotografia","ISS","Nasa"],"articleSection":["Ci\u00eancia"],"inLanguage":"pt-BR","potentialAction":[{"@type":"CommentAction","name":"Comment","target":["https:\/\/jornalfatosenoticias.com.br\/index.php\/2022\/07\/20\/fotos-impressionantes-mostram-capitais-brasileiras-vistas-do-espaco-na-iss\/#respond"]}]},{"@type":"WebPage","@id":"https:\/\/jornalfatosenoticias.com.br\/index.php\/2022\/07\/20\/fotos-impressionantes-mostram-capitais-brasileiras-vistas-do-espaco-na-iss\/","url":"https:\/\/jornalfatosenoticias.com.br\/index.php\/2022\/07\/20\/fotos-impressionantes-mostram-capitais-brasileiras-vistas-do-espaco-na-iss\/","name":"Fotos impressionantes mostram capitais brasileiras vistas do espa\u00e7o na ISS - Jornal Fatos e Not\u00edcias","isPartOf":{"@id":"https:\/\/jornalfatosenoticias.com.br\/#website"},"primaryImageOfPage":{"@id":"https:\/\/jornalfatosenoticias.com.br\/index.php\/2022\/07\/20\/fotos-impressionantes-mostram-capitais-brasileiras-vistas-do-espaco-na-iss\/#primaryimage"},"image":{"@id":"https:\/\/jornalfatosenoticias.com.br\/index.php\/2022\/07\/20\/fotos-impressionantes-mostram-capitais-brasileiras-vistas-do-espaco-na-iss\/#primaryimage"},"thumbnailUrl":"https:\/\/jornalfatosenoticias.com.br\/wp-content\/uploads\/2022\/07\/nasa-1.jpg","datePublished":"2022-07-20T13:12:19+00:00","dateModified":"2022-07-20T13:12:20+00:00","breadcrumb":{"@id":"https:\/\/jornalfatosenoticias.com.br\/index.php\/2022\/07\/20\/fotos-impressionantes-mostram-capitais-brasileiras-vistas-do-espaco-na-iss\/#breadcrumb"},"inLanguage":"pt-BR","potentialAction":[{"@type":"ReadAction","target":["https:\/\/jornalfatosenoticias.com.br\/index.php\/2022\/07\/20\/fotos-impressionantes-mostram-capitais-brasileiras-vistas-do-espaco-na-iss\/"]}]},{"@type":"ImageObject","inLanguage":"pt-BR","@id":"https:\/\/jornalfatosenoticias.com.br\/index.php\/2022\/07\/20\/fotos-impressionantes-mostram-capitais-brasileiras-vistas-do-espaco-na-iss\/#primaryimage","url":"https:\/\/jornalfatosenoticias.com.br\/wp-content\/uploads\/2022\/07\/nasa-1.jpg","contentUrl":"https:\/\/jornalfatosenoticias.com.br\/wp-content\/uploads\/2022\/07\/nasa-1.jpg","width":1000,"height":450},{"@type":"BreadcrumbList","@id":"https:\/\/jornalfatosenoticias.com.br\/index.php\/2022\/07\/20\/fotos-impressionantes-mostram-capitais-brasileiras-vistas-do-espaco-na-iss\/#breadcrumb","itemListElement":[{"@type":"ListItem","position":1,"name":"In\u00edcio","item":"https:\/\/jornalfatosenoticias.com.br\/"},{"@type":"ListItem","position":2,"name":"Fotos impressionantes mostram capitais brasileiras vistas do espa\u00e7o na ISS"}]},{"@type":"WebSite","@id":"https:\/\/jornalfatosenoticias.com.br\/#website","url":"https:\/\/jornalfatosenoticias.com.br\/","name":"Jornal Fatos e Not\u00edcias","description":"Not\u00edcias em geral","publisher":{"@id":"https:\/\/jornalfatosenoticias.com.br\/#organization"},"potentialAction":[{"@type":"SearchAction","target":{"@type":"EntryPoint","urlTemplate":"https:\/\/jornalfatosenoticias.com.br\/?s={search_term_string}"},"query-input":{"@type":"PropertyValueSpecification","valueRequired":true,"valueName":"search_term_string"}}],"inLanguage":"pt-BR"},{"@type":"Organization","@id":"https:\/\/jornalfatosenoticias.com.br\/#organization","name":"Jornal Fatos e Not\u00edcias","url":"https:\/\/jornalfatosenoticias.com.br\/","logo":{"@type":"ImageObject","inLanguage":"pt-BR","@id":"https:\/\/jornalfatosenoticias.com.br\/#\/schema\/logo\/image\/","url":"https:\/\/jornalfatosenoticias.com.br\/wp-content\/uploads\/2020\/02\/logo120.png","contentUrl":"https:\/\/jornalfatosenoticias.com.br\/wp-content\/uploads\/2020\/02\/logo120.png","width":1227,"height":120,"caption":"Jornal Fatos e Not\u00edcias"},"image":{"@id":"https:\/\/jornalfatosenoticias.com.br\/#\/schema\/logo\/image\/"}},{"@type":"Person","@id":"https:\/\/jornalfatosenoticias.com.br\/#\/schema\/person\/d63837fa13ac8666eb9e74e0985d6f81","name":"Luzimara Fernandes","image":{"@type":"ImageObject","inLanguage":"pt-BR","@id":"https:\/\/jornalfatosenoticias.com.br\/#\/schema\/person\/image\/","url":"https:\/\/jornalfatosenoticias.com.br\/wp-content\/uploads\/2025\/05\/EU_portal.jpg","contentUrl":"https:\/\/jornalfatosenoticias.com.br\/wp-content\/uploads\/2025\/05\/EU_portal.jpg","caption":"Luzimara Fernandes"},"description":"Jornalista MTB 2358-ES","sameAs":["https:\/\/jornalfatosenoticias.com.br"],"url":"https:\/\/jornalfatosenoticias.com.br\/index.php\/author\/luzimara\/"}]}},"cc_featured_image_caption":{"caption_text":"(Foto: AP) ","source_text":"","source_url":""},"jetpack_featured_media_url":"https:\/\/jornalfatosenoticias.com.br\/wp-content\/uploads\/2022\/07\/nasa-1.jpg","_links":{"self":[{"href":"https:\/\/jornalfatosenoticias.com.br\/index.php\/wp-json\/wp\/v2\/posts\/32449","targetHints":{"allow":["GET"]}}],"collection":[{"href":"https:\/\/jornalfatosenoticias.com.br\/index.php\/wp-json\/wp\/v2\/posts"}],"about":[{"href":"https:\/\/jornalfatosenoticias.com.br\/index.php\/wp-json\/wp\/v2\/types\/post"}],"author":[{"embeddable":true,"href":"https:\/\/jornalfatosenoticias.com.br\/index.php\/wp-json\/wp\/v2\/users\/2"}],"replies":[{"embeddable":true,"href":"https:\/\/jornalfatosenoticias.com.br\/index.php\/wp-json\/wp\/v2\/comments?post=32449"}],"version-history":[{"count":0,"href":"https:\/\/jornalfatosenoticias.com.br\/index.php\/wp-json\/wp\/v2\/posts\/32449\/revisions"}],"wp:featuredmedia":[{"embeddable":true,"href":"https:\/\/jornalfatosenoticias.com.br\/index.php\/wp-json\/wp\/v2\/media\/32453"}],"wp:attachment":[{"href":"https:\/\/jornalfatosenoticias.com.br\/index.php\/wp-json\/wp\/v2\/media?parent=32449"}],"wp:term":[{"taxonomy":"category","embeddable":true,"href":"https:\/\/jornalfatosenoticias.com.br\/index.php\/wp-json\/wp\/v2\/categories?post=32449"},{"taxonomy":"post_tag","embeddable":true,"href":"https:\/\/jornalfatosenoticias.com.br\/index.php\/wp-json\/wp\/v2\/tags?post=32449"}],"curies":[{"name":"wp","href":"https:\/\/api.w.org\/{rel}","templated":true}]}}