{"id":32498,"date":"2022-07-21T18:22:10","date_gmt":"2022-07-21T21:22:10","guid":{"rendered":"https:\/\/jornalfatosenoticias.com.br\/?p=32498"},"modified":"2022-07-21T18:22:11","modified_gmt":"2022-07-21T21:22:11","slug":"eleicoes-2022-por-que-vai-ser-diferente","status":"publish","type":"post","link":"https:\/\/jornalfatosenoticias.com.br\/index.php\/2022\/07\/21\/eleicoes-2022-por-que-vai-ser-diferente\/","title":{"rendered":"Elei\u00e7\u00f5es 2022. Por que vai ser diferente?"},"content":{"rendered":"\n<p><em><span class=\"has-inline-color has-luminous-vivid-orange-color\"><strong>Coluna\u00a0<\/strong>\u2014 Na Minha Opini\u00e3o<\/span><\/em><\/p>\n\n\n\n<div class=\"wp-block-image\"><figure class=\"aligncenter size-large is-resized\"><img loading=\"lazy\" decoding=\"async\" src=\"https:\/\/jornalfatosenoticias.com.br\/wp-content\/uploads\/2020\/02\/Serra-Grande-1024x160.png\" alt=\"\" class=\"wp-image-7836\" width=\"433\" height=\"67\"\/><\/figure><\/div>\n\n\n\n<p>O Brasil j\u00e1 viveu muitas elei\u00e7\u00f5es presidenciais e 2022 poderia ser apenas mais um escrut\u00ednio para Presidente do Pa\u00eds, mas alguns elementos est\u00e3o deixando essas elei\u00e7\u00f5es diferente de todas as outras. Nem no passado, nem no futuro, haver\u00e1 outra elei\u00e7\u00e3o como a deste ano. O principal elemento causador da diferen\u00e7a \u00e9 o perfil dos dois principais candidatos, Bolsonaro e Lula. Os dois t\u00eam falas agressivas, estimulam a rivalidade, mexem com a emo\u00e7\u00e3o dos brasileiros e provocam os instintos mais aguerridos dos simpatizantes.<br>O problema \u00e9 que muitas pessoas n\u00e3o est\u00e3o preparadas para discutir opini\u00f5es pol\u00edticas com seu semelhante de forma cordial e respeitosa. O tom de voz dos dois principais candidatos tem sido algo marcante nas discuss\u00f5es sobre pol\u00edtica. Sempre falando com entona\u00e7\u00e3o e usando xingamentos e palavr\u00f5es nas suas falas, os candidatos citados s\u00e3o mestres na arte de ativar os \u00e2nimos dos seus apoiadores.<\/p>\n\n\n\n<div class=\"wp-block-image\"><figure class=\"aligncenter size-large is-resized\"><img loading=\"lazy\" decoding=\"async\" src=\"https:\/\/jornalfatosenoticias.com.br\/wp-content\/uploads\/2022\/05\/NOVA-LOGO-CESCONETTO-1024x100.jpg\" alt=\"\" class=\"wp-image-30792\" width=\"519\" height=\"50\" srcset=\"https:\/\/jornalfatosenoticias.com.br\/wp-content\/uploads\/2022\/05\/NOVA-LOGO-CESCONETTO-1024x100.jpg 1024w, https:\/\/jornalfatosenoticias.com.br\/wp-content\/uploads\/2022\/05\/NOVA-LOGO-CESCONETTO-300x29.jpg 300w, https:\/\/jornalfatosenoticias.com.br\/wp-content\/uploads\/2022\/05\/NOVA-LOGO-CESCONETTO-768x75.jpg 768w, https:\/\/jornalfatosenoticias.com.br\/wp-content\/uploads\/2022\/05\/NOVA-LOGO-CESCONETTO.jpg 1280w\" sizes=\"auto, (max-width: 519px) 100vw, 519px\" \/><\/figure><\/div>\n\n\n\n<p>Outro elemento que ajuda a incrementar a rivalidade consiste no fato dos dois estarem em posi\u00e7\u00f5es extremas das ideologias pol\u00edticas da Direita e da Esquerda. Enquanto Bolsonaro manifesta simpatia com a f\u00e9 crist\u00e3, sempre agradecendo a DEUS pelas vit\u00f3rias alcan\u00e7adas, participando constantemente de eventos de entidades ligadas ao cristianismo, Lula tenta agradar a todas as cren\u00e7as e n\u00e3o raramente recebe b\u00ean\u00e7\u00e3os de representantes de religi\u00f5es afrodescendentes.<br>Quem conhece a Lei de DEUS sabe que s\u00f3 h\u00e1 um DEUS, e n\u00e3o h\u00e1 outro al\u00e9m de JESUS CRISTO, o SENHOR. A intoler\u00e2ncia pol\u00edtica tem sido marcante nesta elei\u00e7\u00e3o. Muitos brasileiros n\u00e3o est\u00e3o conseguindo fazer um debate respeitoso e saud\u00e1vel sobre as opini\u00f5es pol\u00edticas. As agress\u00f5es e os xingamentos, repletos de palavras \u00e1speras, t\u00eam sido a marca deste momento pr\u00e9-eleitoral.<\/p>\n\n\n\n<div class=\"wp-block-image\"><figure class=\"alignleft size-large is-resized\"><img loading=\"lazy\" decoding=\"async\" src=\"https:\/\/jornalfatosenoticias.com.br\/wp-content\/uploads\/2022\/02\/Precisao-Contabilidade-1024x724.jpg\" alt=\"\" class=\"wp-image-28088\" width=\"279\" height=\"196\"\/><\/figure><\/div>\n\n\n\n<p>Infelizmente a popula\u00e7\u00e3o brasileira n\u00e3o est\u00e1 sabendo valorizar a liberdade pol\u00edtica que temos no nosso Pa\u00eds. Como \u00e9 bom poder falar e se expressar, ainda que um dos lados da pol\u00edtica reclamem de estarem sofrendo algum cerceamento dos seus direitos.<br>Quanto ao Lula, o que se pode dizer \u00e9 que durante anos ele nadou de bra\u00e7ada nesse modelo raivoso de fazer pol\u00edtica, instigando as massas, criando divis\u00f5es, estimulando o uso da for\u00e7a na defesa do que entendia ser direito, como no caso dos movimentos sociais pela terra, pela moradia, que n\u00e3o raras vezes invadiram propriedades, destru\u00edram bens alheios.<br>Bolsonaro, no seu estilo de fazer pol\u00edtica, tem alguma semelhan\u00e7a. J\u00e1 ouvi alguns cr\u00edticos dizerem que sem pol\u00eamica ele tem poucas chances de sobreviver a um debate. Diante de desse cen\u00e1rio a pergunta que se faz \u00e9: alguma coisa boa podemos retirar de tudo isso?<\/p>\n\n\n\n<div class=\"wp-block-image\"><figure class=\"aligncenter size-large is-resized\"><img loading=\"lazy\" decoding=\"async\" src=\"https:\/\/jornalfatosenoticias.com.br\/wp-content\/uploads\/2022\/07\/Logo-Grupo-SEI.jpg\" alt=\"\" class=\"wp-image-31973\" width=\"324\" height=\"170\" srcset=\"https:\/\/jornalfatosenoticias.com.br\/wp-content\/uploads\/2022\/07\/Logo-Grupo-SEI.jpg 713w, https:\/\/jornalfatosenoticias.com.br\/wp-content\/uploads\/2022\/07\/Logo-Grupo-SEI-300x158.jpg 300w\" sizes=\"auto, (max-width: 324px) 100vw, 324px\" \/><\/figure><\/div>\n\n\n\n<p>Por mais que se duvide, a resposta \u00e9 sim. Todo esse cen\u00e1rio de beliger\u00e2ncia tem levado a popula\u00e7\u00e3o brasileira a participar mais da pol\u00edtica, a querer saber mais sobre o assunto. N\u00f3s, brasileiros, somos reconhecidos por nos manifestarmos apenas em raz\u00e3o do futebol, sendo omissos quando se trata de consci\u00eancia pol\u00edtica coletiva.<br>Por\u00e9m, essa situa\u00e7\u00e3o est\u00e1 mudando e hoje as pessoas discutem pol\u00edtica, defendem suas teses, encontram argumentos em favor de suas ideias, conceitos e valores. Coisa que n\u00e3o se via num passado nem t\u00e3o distante.<br>A Esquerda sempre defendeu as bandeiras do aborto, da libera\u00e7\u00e3o das drogas, da ideologia de g\u00eanero, mesmo assim, com votos de muitos conservadores, o Brasil desde a abertura pol\u00edtica sempre elegeu presidentes de Esquerda.<\/p>\n\n\n\n<div class=\"wp-block-image\"><figure class=\"alignright size-large is-resized\"><img loading=\"lazy\" decoding=\"async\" src=\"https:\/\/jornalfatosenoticias.com.br\/wp-content\/uploads\/2020\/02\/nova-logo-Marquetti.jpg\" alt=\"\" class=\"wp-image-22331\" width=\"271\" height=\"182\" srcset=\"https:\/\/jornalfatosenoticias.com.br\/wp-content\/uploads\/2020\/02\/nova-logo-Marquetti.jpg 643w, https:\/\/jornalfatosenoticias.com.br\/wp-content\/uploads\/2020\/02\/nova-logo-Marquetti-300x202.jpg 300w\" sizes=\"auto, (max-width: 271px) 100vw, 271px\" \/><\/figure><\/div>\n\n\n\n<p>Isso aconteceu porque a popula\u00e7\u00e3o n\u00e3o tinha consci\u00eancia do que representa para um pol\u00edtico a ideologia. Pol\u00edticos de Esquerda, ou alinhados com partidos de Esquerda, sempre defenderam essas bandeiras, e quando estiveram no poder, trabalharam arduamente para que essas mudan\u00e7as conceituais fizessem parte da sociedade.<br>Esse objetivo s\u00f3 n\u00e3o foi alcan\u00e7ado porque no congresso nacional a ideologia pol\u00edtica de Esquerda nunca foi maioria. A Esquerda n\u00e3o conseguiam avan\u00e7ar com suas pautas liberais e ofensivas aos costumes, ainda que os projetos de leis para libera\u00e7\u00e3o do aborto, libera\u00e7\u00e3o das drogas, aumento de impostos, sempre estivessem em discuss\u00e3o no Congresso.<\/p>\n\n\n\n<div class=\"wp-block-image\"><figure class=\"aligncenter size-large is-resized\"><img loading=\"lazy\" decoding=\"async\" src=\"https:\/\/jornalfatosenoticias.com.br\/wp-content\/uploads\/2022\/07\/Assinatura-Marketing-1024x300.png\" alt=\"\" class=\"wp-image-31962\" width=\"372\" height=\"108\" srcset=\"https:\/\/jornalfatosenoticias.com.br\/wp-content\/uploads\/2022\/07\/Assinatura-Marketing-1024x300.png 1024w, https:\/\/jornalfatosenoticias.com.br\/wp-content\/uploads\/2022\/07\/Assinatura-Marketing-300x88.png 300w, https:\/\/jornalfatosenoticias.com.br\/wp-content\/uploads\/2022\/07\/Assinatura-Marketing-768x225.png 768w, https:\/\/jornalfatosenoticias.com.br\/wp-content\/uploads\/2022\/07\/Assinatura-Marketing-1536x451.png 1536w, https:\/\/jornalfatosenoticias.com.br\/wp-content\/uploads\/2022\/07\/Assinatura-Marketing-2048x601.png 2048w\" sizes=\"auto, (max-width: 372px) 100vw, 372px\" \/><\/figure><\/div>\n\n\n\n<p>O meu desejo para 2022 \u00e9 que haja muita discuss\u00e3o, muitos debates, muitos choques de opini\u00e3o e de ideias, mas que saibamos respeitar nosso colega, nosso amigo, nosso irm\u00e3o, e at\u00e9 mesmo aquele que n\u00e3o conhecemos.<br>Diverg\u00eancia pol\u00edtica sempre vai existir e \u00e9 at\u00e9 saud\u00e1vel que haja oposi\u00e7\u00e3o, mesmo que ela seja irrespons\u00e1vel; pois no final de tudo, NINGU\u00c9M SER\u00c1 ELEITO SE N\u00c3O FOR DA VONTADE DE DEUS.<\/p>\n\n\n\n<div class=\"wp-block-image\"><figure class=\"alignleft size-large is-resized\"><img loading=\"lazy\" decoding=\"async\" src=\"https:\/\/jornalfatosenoticias.com.br\/wp-content\/uploads\/2022\/03\/delegado_Marcio2-removebg-preview.png\" alt=\"\" class=\"wp-image-28454\" width=\"238\" height=\"231\" srcset=\"https:\/\/jornalfatosenoticias.com.br\/wp-content\/uploads\/2022\/03\/delegado_Marcio2-removebg-preview.png 507w, https:\/\/jornalfatosenoticias.com.br\/wp-content\/uploads\/2022\/03\/delegado_Marcio2-removebg-preview-300x291.png 300w\" sizes=\"auto, (max-width: 238px) 100vw, 238px\" \/><figcaption><span class=\"has-inline-color has-black-color\"><strong><em>Delegado Federal M\u00e1rcio Greik<\/em><\/strong><br><\/span><\/figcaption><\/figure><\/div>\n","protected":false},"excerpt":{"rendered":"<p>Coluna\u00a0\u2014 Na Minha Opini\u00e3o O Brasil j\u00e1 viveu muitas elei\u00e7\u00f5es presidenciais e 2022 poderia ser apenas mais um escrut\u00ednio para Presidente do Pa\u00eds, mas alguns elementos est\u00e3o deixando essas elei\u00e7\u00f5es diferente de todas as outras. Nem no passado, nem no futuro, haver\u00e1 outra elei\u00e7\u00e3o como a deste ano. O principal elemento causador da diferen\u00e7a \u00e9 [&hellip;]<\/p>\n","protected":false},"author":2,"featured_media":32499,"comment_status":"open","ping_status":"open","sticky":false,"template":"","format":"standard","meta":{"footnotes":""},"categories":[10],"tags":[2579,10150,14683,15324],"class_list":["post-32498","post","type-post","status-publish","format-standard","has-post-thumbnail","hentry","category-politica","tag-candidatos","tag-eleicoes-2022","tag-eleicoes-presidenciais","tag-polarizacao-politica"],"yoast_head":"<!-- This site is optimized with the Yoast SEO plugin v26.5 - https:\/\/yoast.com\/wordpress\/plugins\/seo\/ -->\n<title>Elei\u00e7\u00f5es 2022. Por que vai ser diferente? - Jornal Fatos e Not\u00edcias<\/title>\n<meta name=\"robots\" content=\"index, follow, max-snippet:-1, max-image-preview:large, max-video-preview:-1\" \/>\n<link rel=\"canonical\" href=\"https:\/\/jornalfatosenoticias.com.br\/index.php\/2022\/07\/21\/eleicoes-2022-por-que-vai-ser-diferente\/\" \/>\n<meta property=\"og:locale\" content=\"pt_BR\" \/>\n<meta property=\"og:type\" content=\"article\" \/>\n<meta property=\"og:title\" content=\"Elei\u00e7\u00f5es 2022. Por que vai ser diferente? - Jornal Fatos e Not\u00edcias\" \/>\n<meta property=\"og:description\" content=\"Coluna\u00a0\u2014 Na Minha Opini\u00e3o O Brasil j\u00e1 viveu muitas elei\u00e7\u00f5es presidenciais e 2022 poderia ser apenas mais um escrut\u00ednio para Presidente do Pa\u00eds, mas alguns elementos est\u00e3o deixando essas elei\u00e7\u00f5es diferente de todas as outras. Nem no passado, nem no futuro, haver\u00e1 outra elei\u00e7\u00e3o como a deste ano. O principal elemento causador da diferen\u00e7a \u00e9 [&hellip;]\" \/>\n<meta property=\"og:url\" content=\"https:\/\/jornalfatosenoticias.com.br\/index.php\/2022\/07\/21\/eleicoes-2022-por-que-vai-ser-diferente\/\" \/>\n<meta property=\"og:site_name\" content=\"Jornal Fatos e Not\u00edcias\" \/>\n<meta property=\"article:published_time\" content=\"2022-07-21T21:22:10+00:00\" \/>\n<meta property=\"article:modified_time\" content=\"2022-07-21T21:22:11+00:00\" \/>\n<meta property=\"og:image\" content=\"https:\/\/jornalfatosenoticias.com.br\/wp-content\/uploads\/2022\/07\/POLARIZACAO-Politica_Brasil.jpg\" \/>\n\t<meta property=\"og:image:width\" content=\"1000\" \/>\n\t<meta property=\"og:image:height\" content=\"624\" \/>\n\t<meta property=\"og:image:type\" content=\"image\/jpeg\" \/>\n<meta name=\"author\" content=\"Luzimara Fernandes\" \/>\n<meta name=\"twitter:card\" content=\"summary_large_image\" \/>\n<meta name=\"twitter:label1\" content=\"Escrito por\" \/>\n\t<meta name=\"twitter:data1\" content=\"Luzimara Fernandes\" \/>\n\t<meta name=\"twitter:label2\" content=\"Est. tempo de leitura\" \/>\n\t<meta name=\"twitter:data2\" content=\"4 minutos\" \/>\n<script type=\"application\/ld+json\" class=\"yoast-schema-graph\">{\"@context\":\"https:\/\/schema.org\",\"@graph\":[{\"@type\":\"Article\",\"@id\":\"https:\/\/jornalfatosenoticias.com.br\/index.php\/2022\/07\/21\/eleicoes-2022-por-que-vai-ser-diferente\/#article\",\"isPartOf\":{\"@id\":\"https:\/\/jornalfatosenoticias.com.br\/index.php\/2022\/07\/21\/eleicoes-2022-por-que-vai-ser-diferente\/\"},\"author\":{\"name\":\"Luzimara Fernandes\",\"@id\":\"https:\/\/jornalfatosenoticias.com.br\/#\/schema\/person\/d63837fa13ac8666eb9e74e0985d6f81\"},\"headline\":\"Elei\u00e7\u00f5es 2022. Por que vai ser diferente?\",\"datePublished\":\"2022-07-21T21:22:10+00:00\",\"dateModified\":\"2022-07-21T21:22:11+00:00\",\"mainEntityOfPage\":{\"@id\":\"https:\/\/jornalfatosenoticias.com.br\/index.php\/2022\/07\/21\/eleicoes-2022-por-que-vai-ser-diferente\/\"},\"wordCount\":805,\"commentCount\":0,\"publisher\":{\"@id\":\"https:\/\/jornalfatosenoticias.com.br\/#organization\"},\"image\":{\"@id\":\"https:\/\/jornalfatosenoticias.com.br\/index.php\/2022\/07\/21\/eleicoes-2022-por-que-vai-ser-diferente\/#primaryimage\"},\"thumbnailUrl\":\"https:\/\/jornalfatosenoticias.com.br\/wp-content\/uploads\/2022\/07\/POLARIZACAO-Politica_Brasil.jpg\",\"keywords\":[\"candidatos\",\"elei\u00e7\u00f5es 2022\",\"elei\u00e7\u00f5es presidenciais\",\"polariza\u00e7\u00e3o pol\u00edtica\"],\"articleSection\":[\"Pol\u00edtica\"],\"inLanguage\":\"pt-BR\",\"potentialAction\":[{\"@type\":\"CommentAction\",\"name\":\"Comment\",\"target\":[\"https:\/\/jornalfatosenoticias.com.br\/index.php\/2022\/07\/21\/eleicoes-2022-por-que-vai-ser-diferente\/#respond\"]}]},{\"@type\":\"WebPage\",\"@id\":\"https:\/\/jornalfatosenoticias.com.br\/index.php\/2022\/07\/21\/eleicoes-2022-por-que-vai-ser-diferente\/\",\"url\":\"https:\/\/jornalfatosenoticias.com.br\/index.php\/2022\/07\/21\/eleicoes-2022-por-que-vai-ser-diferente\/\",\"name\":\"Elei\u00e7\u00f5es 2022. Por que vai ser diferente? - Jornal Fatos e Not\u00edcias\",\"isPartOf\":{\"@id\":\"https:\/\/jornalfatosenoticias.com.br\/#website\"},\"primaryImageOfPage\":{\"@id\":\"https:\/\/jornalfatosenoticias.com.br\/index.php\/2022\/07\/21\/eleicoes-2022-por-que-vai-ser-diferente\/#primaryimage\"},\"image\":{\"@id\":\"https:\/\/jornalfatosenoticias.com.br\/index.php\/2022\/07\/21\/eleicoes-2022-por-que-vai-ser-diferente\/#primaryimage\"},\"thumbnailUrl\":\"https:\/\/jornalfatosenoticias.com.br\/wp-content\/uploads\/2022\/07\/POLARIZACAO-Politica_Brasil.jpg\",\"datePublished\":\"2022-07-21T21:22:10+00:00\",\"dateModified\":\"2022-07-21T21:22:11+00:00\",\"breadcrumb\":{\"@id\":\"https:\/\/jornalfatosenoticias.com.br\/index.php\/2022\/07\/21\/eleicoes-2022-por-que-vai-ser-diferente\/#breadcrumb\"},\"inLanguage\":\"pt-BR\",\"potentialAction\":[{\"@type\":\"ReadAction\",\"target\":[\"https:\/\/jornalfatosenoticias.com.br\/index.php\/2022\/07\/21\/eleicoes-2022-por-que-vai-ser-diferente\/\"]}]},{\"@type\":\"ImageObject\",\"inLanguage\":\"pt-BR\",\"@id\":\"https:\/\/jornalfatosenoticias.com.br\/index.php\/2022\/07\/21\/eleicoes-2022-por-que-vai-ser-diferente\/#primaryimage\",\"url\":\"https:\/\/jornalfatosenoticias.com.br\/wp-content\/uploads\/2022\/07\/POLARIZACAO-Politica_Brasil.jpg\",\"contentUrl\":\"https:\/\/jornalfatosenoticias.com.br\/wp-content\/uploads\/2022\/07\/POLARIZACAO-Politica_Brasil.jpg\",\"width\":1000,\"height\":624},{\"@type\":\"BreadcrumbList\",\"@id\":\"https:\/\/jornalfatosenoticias.com.br\/index.php\/2022\/07\/21\/eleicoes-2022-por-que-vai-ser-diferente\/#breadcrumb\",\"itemListElement\":[{\"@type\":\"ListItem\",\"position\":1,\"name\":\"In\u00edcio\",\"item\":\"https:\/\/jornalfatosenoticias.com.br\/\"},{\"@type\":\"ListItem\",\"position\":2,\"name\":\"Elei\u00e7\u00f5es 2022. Por que vai ser diferente?\"}]},{\"@type\":\"WebSite\",\"@id\":\"https:\/\/jornalfatosenoticias.com.br\/#website\",\"url\":\"https:\/\/jornalfatosenoticias.com.br\/\",\"name\":\"Jornal Fatos e Not\u00edcias\",\"description\":\"Not\u00edcias em geral\",\"publisher\":{\"@id\":\"https:\/\/jornalfatosenoticias.com.br\/#organization\"},\"potentialAction\":[{\"@type\":\"SearchAction\",\"target\":{\"@type\":\"EntryPoint\",\"urlTemplate\":\"https:\/\/jornalfatosenoticias.com.br\/?s={search_term_string}\"},\"query-input\":{\"@type\":\"PropertyValueSpecification\",\"valueRequired\":true,\"valueName\":\"search_term_string\"}}],\"inLanguage\":\"pt-BR\"},{\"@type\":\"Organization\",\"@id\":\"https:\/\/jornalfatosenoticias.com.br\/#organization\",\"name\":\"Jornal Fatos e Not\u00edcias\",\"url\":\"https:\/\/jornalfatosenoticias.com.br\/\",\"logo\":{\"@type\":\"ImageObject\",\"inLanguage\":\"pt-BR\",\"@id\":\"https:\/\/jornalfatosenoticias.com.br\/#\/schema\/logo\/image\/\",\"url\":\"https:\/\/jornalfatosenoticias.com.br\/wp-content\/uploads\/2020\/02\/logo120.png\",\"contentUrl\":\"https:\/\/jornalfatosenoticias.com.br\/wp-content\/uploads\/2020\/02\/logo120.png\",\"width\":1227,\"height\":120,\"caption\":\"Jornal Fatos e Not\u00edcias\"},\"image\":{\"@id\":\"https:\/\/jornalfatosenoticias.com.br\/#\/schema\/logo\/image\/\"}},{\"@type\":\"Person\",\"@id\":\"https:\/\/jornalfatosenoticias.com.br\/#\/schema\/person\/d63837fa13ac8666eb9e74e0985d6f81\",\"name\":\"Luzimara Fernandes\",\"image\":{\"@type\":\"ImageObject\",\"inLanguage\":\"pt-BR\",\"@id\":\"https:\/\/jornalfatosenoticias.com.br\/#\/schema\/person\/image\/\",\"url\":\"https:\/\/jornalfatosenoticias.com.br\/wp-content\/uploads\/2025\/05\/EU_portal.jpg\",\"contentUrl\":\"https:\/\/jornalfatosenoticias.com.br\/wp-content\/uploads\/2025\/05\/EU_portal.jpg\",\"caption\":\"Luzimara Fernandes\"},\"description\":\"Jornalista MTB 2358-ES\",\"sameAs\":[\"https:\/\/jornalfatosenoticias.com.br\"],\"url\":\"https:\/\/jornalfatosenoticias.com.br\/index.php\/author\/luzimara\/\"}]}<\/script>\n<!-- \/ Yoast SEO plugin. -->","yoast_head_json":{"title":"Elei\u00e7\u00f5es 2022. Por que vai ser diferente? - Jornal Fatos e Not\u00edcias","robots":{"index":"index","follow":"follow","max-snippet":"max-snippet:-1","max-image-preview":"max-image-preview:large","max-video-preview":"max-video-preview:-1"},"canonical":"https:\/\/jornalfatosenoticias.com.br\/index.php\/2022\/07\/21\/eleicoes-2022-por-que-vai-ser-diferente\/","og_locale":"pt_BR","og_type":"article","og_title":"Elei\u00e7\u00f5es 2022. Por que vai ser diferente? - Jornal Fatos e Not\u00edcias","og_description":"Coluna\u00a0\u2014 Na Minha Opini\u00e3o O Brasil j\u00e1 viveu muitas elei\u00e7\u00f5es presidenciais e 2022 poderia ser apenas mais um escrut\u00ednio para Presidente do Pa\u00eds, mas alguns elementos est\u00e3o deixando essas elei\u00e7\u00f5es diferente de todas as outras. Nem no passado, nem no futuro, haver\u00e1 outra elei\u00e7\u00e3o como a deste ano. O principal elemento causador da diferen\u00e7a \u00e9 [&hellip;]","og_url":"https:\/\/jornalfatosenoticias.com.br\/index.php\/2022\/07\/21\/eleicoes-2022-por-que-vai-ser-diferente\/","og_site_name":"Jornal Fatos e Not\u00edcias","article_published_time":"2022-07-21T21:22:10+00:00","article_modified_time":"2022-07-21T21:22:11+00:00","og_image":[{"width":1000,"height":624,"url":"https:\/\/jornalfatosenoticias.com.br\/wp-content\/uploads\/2022\/07\/POLARIZACAO-Politica_Brasil.jpg","type":"image\/jpeg"}],"author":"Luzimara Fernandes","twitter_card":"summary_large_image","twitter_misc":{"Escrito por":"Luzimara Fernandes","Est. tempo de leitura":"4 minutos"},"schema":{"@context":"https:\/\/schema.org","@graph":[{"@type":"Article","@id":"https:\/\/jornalfatosenoticias.com.br\/index.php\/2022\/07\/21\/eleicoes-2022-por-que-vai-ser-diferente\/#article","isPartOf":{"@id":"https:\/\/jornalfatosenoticias.com.br\/index.php\/2022\/07\/21\/eleicoes-2022-por-que-vai-ser-diferente\/"},"author":{"name":"Luzimara Fernandes","@id":"https:\/\/jornalfatosenoticias.com.br\/#\/schema\/person\/d63837fa13ac8666eb9e74e0985d6f81"},"headline":"Elei\u00e7\u00f5es 2022. Por que vai ser diferente?","datePublished":"2022-07-21T21:22:10+00:00","dateModified":"2022-07-21T21:22:11+00:00","mainEntityOfPage":{"@id":"https:\/\/jornalfatosenoticias.com.br\/index.php\/2022\/07\/21\/eleicoes-2022-por-que-vai-ser-diferente\/"},"wordCount":805,"commentCount":0,"publisher":{"@id":"https:\/\/jornalfatosenoticias.com.br\/#organization"},"image":{"@id":"https:\/\/jornalfatosenoticias.com.br\/index.php\/2022\/07\/21\/eleicoes-2022-por-que-vai-ser-diferente\/#primaryimage"},"thumbnailUrl":"https:\/\/jornalfatosenoticias.com.br\/wp-content\/uploads\/2022\/07\/POLARIZACAO-Politica_Brasil.jpg","keywords":["candidatos","elei\u00e7\u00f5es 2022","elei\u00e7\u00f5es presidenciais","polariza\u00e7\u00e3o pol\u00edtica"],"articleSection":["Pol\u00edtica"],"inLanguage":"pt-BR","potentialAction":[{"@type":"CommentAction","name":"Comment","target":["https:\/\/jornalfatosenoticias.com.br\/index.php\/2022\/07\/21\/eleicoes-2022-por-que-vai-ser-diferente\/#respond"]}]},{"@type":"WebPage","@id":"https:\/\/jornalfatosenoticias.com.br\/index.php\/2022\/07\/21\/eleicoes-2022-por-que-vai-ser-diferente\/","url":"https:\/\/jornalfatosenoticias.com.br\/index.php\/2022\/07\/21\/eleicoes-2022-por-que-vai-ser-diferente\/","name":"Elei\u00e7\u00f5es 2022. Por que vai ser diferente? - Jornal Fatos e Not\u00edcias","isPartOf":{"@id":"https:\/\/jornalfatosenoticias.com.br\/#website"},"primaryImageOfPage":{"@id":"https:\/\/jornalfatosenoticias.com.br\/index.php\/2022\/07\/21\/eleicoes-2022-por-que-vai-ser-diferente\/#primaryimage"},"image":{"@id":"https:\/\/jornalfatosenoticias.com.br\/index.php\/2022\/07\/21\/eleicoes-2022-por-que-vai-ser-diferente\/#primaryimage"},"thumbnailUrl":"https:\/\/jornalfatosenoticias.com.br\/wp-content\/uploads\/2022\/07\/POLARIZACAO-Politica_Brasil.jpg","datePublished":"2022-07-21T21:22:10+00:00","dateModified":"2022-07-21T21:22:11+00:00","breadcrumb":{"@id":"https:\/\/jornalfatosenoticias.com.br\/index.php\/2022\/07\/21\/eleicoes-2022-por-que-vai-ser-diferente\/#breadcrumb"},"inLanguage":"pt-BR","potentialAction":[{"@type":"ReadAction","target":["https:\/\/jornalfatosenoticias.com.br\/index.php\/2022\/07\/21\/eleicoes-2022-por-que-vai-ser-diferente\/"]}]},{"@type":"ImageObject","inLanguage":"pt-BR","@id":"https:\/\/jornalfatosenoticias.com.br\/index.php\/2022\/07\/21\/eleicoes-2022-por-que-vai-ser-diferente\/#primaryimage","url":"https:\/\/jornalfatosenoticias.com.br\/wp-content\/uploads\/2022\/07\/POLARIZACAO-Politica_Brasil.jpg","contentUrl":"https:\/\/jornalfatosenoticias.com.br\/wp-content\/uploads\/2022\/07\/POLARIZACAO-Politica_Brasil.jpg","width":1000,"height":624},{"@type":"BreadcrumbList","@id":"https:\/\/jornalfatosenoticias.com.br\/index.php\/2022\/07\/21\/eleicoes-2022-por-que-vai-ser-diferente\/#breadcrumb","itemListElement":[{"@type":"ListItem","position":1,"name":"In\u00edcio","item":"https:\/\/jornalfatosenoticias.com.br\/"},{"@type":"ListItem","position":2,"name":"Elei\u00e7\u00f5es 2022. Por que vai ser diferente?"}]},{"@type":"WebSite","@id":"https:\/\/jornalfatosenoticias.com.br\/#website","url":"https:\/\/jornalfatosenoticias.com.br\/","name":"Jornal Fatos e Not\u00edcias","description":"Not\u00edcias em geral","publisher":{"@id":"https:\/\/jornalfatosenoticias.com.br\/#organization"},"potentialAction":[{"@type":"SearchAction","target":{"@type":"EntryPoint","urlTemplate":"https:\/\/jornalfatosenoticias.com.br\/?s={search_term_string}"},"query-input":{"@type":"PropertyValueSpecification","valueRequired":true,"valueName":"search_term_string"}}],"inLanguage":"pt-BR"},{"@type":"Organization","@id":"https:\/\/jornalfatosenoticias.com.br\/#organization","name":"Jornal Fatos e Not\u00edcias","url":"https:\/\/jornalfatosenoticias.com.br\/","logo":{"@type":"ImageObject","inLanguage":"pt-BR","@id":"https:\/\/jornalfatosenoticias.com.br\/#\/schema\/logo\/image\/","url":"https:\/\/jornalfatosenoticias.com.br\/wp-content\/uploads\/2020\/02\/logo120.png","contentUrl":"https:\/\/jornalfatosenoticias.com.br\/wp-content\/uploads\/2020\/02\/logo120.png","width":1227,"height":120,"caption":"Jornal Fatos e Not\u00edcias"},"image":{"@id":"https:\/\/jornalfatosenoticias.com.br\/#\/schema\/logo\/image\/"}},{"@type":"Person","@id":"https:\/\/jornalfatosenoticias.com.br\/#\/schema\/person\/d63837fa13ac8666eb9e74e0985d6f81","name":"Luzimara Fernandes","image":{"@type":"ImageObject","inLanguage":"pt-BR","@id":"https:\/\/jornalfatosenoticias.com.br\/#\/schema\/person\/image\/","url":"https:\/\/jornalfatosenoticias.com.br\/wp-content\/uploads\/2025\/05\/EU_portal.jpg","contentUrl":"https:\/\/jornalfatosenoticias.com.br\/wp-content\/uploads\/2025\/05\/EU_portal.jpg","caption":"Luzimara Fernandes"},"description":"Jornalista MTB 2358-ES","sameAs":["https:\/\/jornalfatosenoticias.com.br"],"url":"https:\/\/jornalfatosenoticias.com.br\/index.php\/author\/luzimara\/"}]}},"cc_featured_image_caption":{"caption_text":"(Foto: Portal FGV) ","source_text":"","source_url":""},"jetpack_featured_media_url":"https:\/\/jornalfatosenoticias.com.br\/wp-content\/uploads\/2022\/07\/POLARIZACAO-Politica_Brasil.jpg","_links":{"self":[{"href":"https:\/\/jornalfatosenoticias.com.br\/index.php\/wp-json\/wp\/v2\/posts\/32498","targetHints":{"allow":["GET"]}}],"collection":[{"href":"https:\/\/jornalfatosenoticias.com.br\/index.php\/wp-json\/wp\/v2\/posts"}],"about":[{"href":"https:\/\/jornalfatosenoticias.com.br\/index.php\/wp-json\/wp\/v2\/types\/post"}],"author":[{"embeddable":true,"href":"https:\/\/jornalfatosenoticias.com.br\/index.php\/wp-json\/wp\/v2\/users\/2"}],"replies":[{"embeddable":true,"href":"https:\/\/jornalfatosenoticias.com.br\/index.php\/wp-json\/wp\/v2\/comments?post=32498"}],"version-history":[{"count":0,"href":"https:\/\/jornalfatosenoticias.com.br\/index.php\/wp-json\/wp\/v2\/posts\/32498\/revisions"}],"wp:featuredmedia":[{"embeddable":true,"href":"https:\/\/jornalfatosenoticias.com.br\/index.php\/wp-json\/wp\/v2\/media\/32499"}],"wp:attachment":[{"href":"https:\/\/jornalfatosenoticias.com.br\/index.php\/wp-json\/wp\/v2\/media?parent=32498"}],"wp:term":[{"taxonomy":"category","embeddable":true,"href":"https:\/\/jornalfatosenoticias.com.br\/index.php\/wp-json\/wp\/v2\/categories?post=32498"},{"taxonomy":"post_tag","embeddable":true,"href":"https:\/\/jornalfatosenoticias.com.br\/index.php\/wp-json\/wp\/v2\/tags?post=32498"}],"curies":[{"name":"wp","href":"https:\/\/api.w.org\/{rel}","templated":true}]}}