{"id":32530,"date":"2022-07-22T09:58:31","date_gmt":"2022-07-22T12:58:31","guid":{"rendered":"https:\/\/jornalfatosenoticias.com.br\/?p=32530"},"modified":"2022-07-22T09:59:16","modified_gmt":"2022-07-22T12:59:16","slug":"fabricantes-globais-veem-melhora-em-oferta-de-componentes-eletronicos","status":"publish","type":"post","link":"https:\/\/jornalfatosenoticias.com.br\/index.php\/2022\/07\/22\/fabricantes-globais-veem-melhora-em-oferta-de-componentes-eletronicos\/","title":{"rendered":"Fabricantes globais veem melhora em oferta de componentes eletr\u00f4nicos"},"content":{"rendered":"\n<p><em><span class=\"has-inline-color has-black-color\">Um aumento da oferta de chips reduzir\u00e1 um problema grave da ind\u00fastria<\/span><\/em><\/p>\n\n\n\n<div class=\"wp-block-image\"><figure class=\"aligncenter size-large is-resized\"><img loading=\"lazy\" decoding=\"async\" src=\"https:\/\/jornalfatosenoticias.com.br\/wp-content\/uploads\/2022\/05\/NOVA-LOGO-CESCONETTO-1024x100.jpg\" alt=\"\" class=\"wp-image-30792\" width=\"519\" height=\"50\" srcset=\"https:\/\/jornalfatosenoticias.com.br\/wp-content\/uploads\/2022\/05\/NOVA-LOGO-CESCONETTO-1024x100.jpg 1024w, https:\/\/jornalfatosenoticias.com.br\/wp-content\/uploads\/2022\/05\/NOVA-LOGO-CESCONETTO-300x29.jpg 300w, https:\/\/jornalfatosenoticias.com.br\/wp-content\/uploads\/2022\/05\/NOVA-LOGO-CESCONETTO-768x75.jpg 768w, https:\/\/jornalfatosenoticias.com.br\/wp-content\/uploads\/2022\/05\/NOVA-LOGO-CESCONETTO.jpg 1280w\" sizes=\"auto, (max-width: 519px) 100vw, 519px\" \/><\/figure><\/div>\n\n\n\n<p>Hyundai, a fabricante de rob\u00f4s industriais ABB e a Electrolux est\u00e3o vendo uma redu\u00e7\u00e3o na falta de chips no mercado, disseram executivos das empresas nesta quinta-feira (21). Um aumento da oferta de chips reduzir\u00e1 um problema grave de uma ind\u00fastria que tamb\u00e9m est\u00e1 enfrentando infla\u00e7\u00e3o de mat\u00e9rias-primas e energia e taxas de juros crescentes que est\u00e3o pesando sobre a demanda do consumidor.<br>A Hyundai divulgou nesta quinta-feira que teve o melhor lucro trimestral em oito anos, impulsionada pela melhora na oferta de microprocessadores, o que a ajudou a companhia a retomar horas extras e turnos de fim de semana em f\u00e1bricas na Coreia do Sul. Agora, a montadora planeja aumentar a produ\u00e7\u00e3o de ve\u00edculos no segundo semestre para atender \u00e0 demanda. <\/p>\n\n\n\n<div class=\"wp-block-image\"><figure class=\"aligncenter size-large is-resized\"><img loading=\"lazy\" decoding=\"async\" src=\"https:\/\/jornalfatosenoticias.com.br\/wp-content\/uploads\/2020\/02\/nova-logo-Marquetti.jpg\" alt=\"\" class=\"wp-image-22331\" width=\"274\" height=\"184\" srcset=\"https:\/\/jornalfatosenoticias.com.br\/wp-content\/uploads\/2020\/02\/nova-logo-Marquetti.jpg 643w, https:\/\/jornalfatosenoticias.com.br\/wp-content\/uploads\/2020\/02\/nova-logo-Marquetti-300x202.jpg 300w\" sizes=\"auto, (max-width: 274px) 100vw, 274px\" \/><\/figure><\/div>\n\n\n\n<p>A ABB, uma grande fornecedora da ind\u00fastria automotiva, tamb\u00e9m mencionou melhora na oferta de semicondutores. A empresa prev\u00ea um crescimento de receita de dois d\u00edgitos nos pr\u00f3ximos tr\u00eas meses sobre um ano antes por conta da redu\u00e7\u00e3o na escassez de componentes eletr\u00f4nicos.<\/p>\n\n\n\n<blockquote class=\"wp-block-quote is-layout-flow wp-block-quote-is-layout-flow\"><p><span class=\"has-inline-color has-luminous-vivid-orange-color\">&#8220;A boa not\u00edcia \u00e9 que est\u00e1 melhorando&#8221; a oferta de chips, disse o presidente-executivo da ABB, Bjorn Rosengren. O quadro de escassez no in\u00edcio do ano era &#8220;severo&#8221;, segundo ele. &#8220;Os compromissos de entrega de nossos fornecedores est\u00e3o significativamente melhores&#8221;, disse ele.<\/span><\/p><\/blockquote>\n\n\n\n<div class=\"wp-block-image\"><figure class=\"aligncenter size-large is-resized\"><img loading=\"lazy\" decoding=\"async\" src=\"https:\/\/jornalfatosenoticias.com.br\/wp-content\/uploads\/2020\/02\/Serra-Grande-1024x160.png\" alt=\"\" class=\"wp-image-7836\" width=\"479\" height=\"74\"\/><\/figure><\/div>\n\n\n\n<p>A capacidade de produ\u00e7\u00e3o dos fabricantes de chips est\u00e1 aumentando, disse Rosengren, enquanto a demanda de outros setores, como eletr\u00f4nicos de consumo, parece menor, permitindo que mais chips fiquem dispon\u00edveis aos clientes industriais como a ABB.<\/p>\n\n\n\n<blockquote class=\"wp-block-quote is-layout-flow wp-block-quote-is-layout-flow\"><p><span class=\"has-inline-color has-luminous-vivid-orange-color\">&#8220;Eu n\u00e3o diria que os problemas acabaram, mas temos compromissos para o segundo semestre que parecem muito bons&#8221;, disse ele sobre os fornecedores.<\/span><\/p><\/blockquote>\n\n\n\n<div class=\"wp-block-image\"><figure class=\"aligncenter size-large is-resized\"><img loading=\"lazy\" decoding=\"async\" src=\"https:\/\/jornalfatosenoticias.com.br\/wp-content\/uploads\/2020\/02\/Suinco-1024x389.jpg\" alt=\"\" class=\"wp-image-28883\" width=\"380\" height=\"144\" srcset=\"https:\/\/jornalfatosenoticias.com.br\/wp-content\/uploads\/2020\/02\/Suinco-1024x389.jpg 1024w, https:\/\/jornalfatosenoticias.com.br\/wp-content\/uploads\/2020\/02\/Suinco-300x114.jpg 300w, https:\/\/jornalfatosenoticias.com.br\/wp-content\/uploads\/2020\/02\/Suinco-768x292.jpg 768w, https:\/\/jornalfatosenoticias.com.br\/wp-content\/uploads\/2020\/02\/Suinco.jpg 1220w\" sizes=\"auto, (max-width: 380px) 100vw, 380px\" \/><\/figure><\/div>\n\n\n\n<p>A fabricante finlandesa de equipamentos de telecomunica\u00e7\u00f5es Nokia tamb\u00e9m mencionou que espera que a escassez global de semicondutores diminua ainda este ano, depois de divulgar lucro operacional trimestral acima das expectativas do mercado.<\/p>\n\n\n\n<blockquote class=\"wp-block-quote is-layout-flow wp-block-quote-is-layout-flow\"><p><span class=\"has-inline-color has-luminous-vivid-orange-color\">&#8220;A dire\u00e7\u00e3o-geral da ind\u00fastria de semicondutores \u00e9 positiva no momento, mas continuamos a ter restri\u00e7\u00f5es no segundo trimestre&#8221;, disse o presidente-executivo da Nokia, Pekka Lundmark.<\/span><\/p><\/blockquote>\n\n\n\n<div class=\"wp-block-image\"><figure class=\"alignleft size-large is-resized\"><img loading=\"lazy\" decoding=\"async\" src=\"https:\/\/jornalfatosenoticias.com.br\/wp-content\/uploads\/2022\/02\/Precisao-Contabilidade-1024x724.jpg\" alt=\"\" class=\"wp-image-28088\" width=\"298\" height=\"210\"\/><\/figure><\/div>\n\n\n\n<p>Mas o cen\u00e1rio n\u00e3o \u00e9 todo positivo para empresas que enfrentam tamb\u00e9m interrup\u00e7\u00f5es causadas pela guerra na Ucr\u00e2nia e paralisa\u00e7\u00f5es relacionadas \u00e0 pandemia em partes da China. A Electrolux descumpriu previs\u00f5es de resultado do segundo trimestre, atingida por problemas na cadeia de suprimentos e impactos em seus neg\u00f3cios na Am\u00e9rica do Norte.<br>A maior fabricante de eletrodom\u00e9sticos da Europa disse esperar que essas restri\u00e7\u00f5es na cadeia de fornecedores diminuam no segundo semestre, mas alertou para os riscos cont\u00ednuos de interrup\u00e7\u00e3o relacionados \u00e0 covid-19 e \u00e0 crise na Ucr\u00e2nia. Ainda assim, o presidente-executivo da Electrolux, Jonas Samuelson, disse que a situa\u00e7\u00e3o do fornecimento, inclusive de chips, parece melhor para o terceiro e quarto trimestres em rela\u00e7\u00e3o aos trimestres anteriores.<\/p>\n\n\n\n<div class=\"wp-block-image\"><figure class=\"aligncenter size-large is-resized\"><img loading=\"lazy\" decoding=\"async\" src=\"https:\/\/jornalfatosenoticias.com.br\/wp-content\/uploads\/2022\/07\/Logo-Grupo-SEI.jpg\" alt=\"\" class=\"wp-image-31973\" width=\"337\" height=\"177\" srcset=\"https:\/\/jornalfatosenoticias.com.br\/wp-content\/uploads\/2022\/07\/Logo-Grupo-SEI.jpg 713w, https:\/\/jornalfatosenoticias.com.br\/wp-content\/uploads\/2022\/07\/Logo-Grupo-SEI-300x158.jpg 300w\" sizes=\"auto, (max-width: 337px) 100vw, 337px\" \/><\/figure><\/div>\n\n\n\n<blockquote class=\"wp-block-quote is-layout-flow wp-block-quote-is-layout-flow\"><p><span class=\"has-inline-color has-luminous-vivid-orange-color\">&#8220;Passo a passo, estamos voltando a um ambiente de fornecimento mais normalizado&#8221;, disse ele a analistas e jornalistas.<\/span><\/p><\/blockquote>\n\n\n\n<p><strong><em>Fonte: <a href=\"https:\/\/agenciabrasil.ebc.com.br\/internacional\/noticia\/2022-07\/fabricantes-globais-veem-melhora-em-oferta-de-componentes-eletronicos\">Ag\u00eancia Brasil<\/a><\/em><\/strong><\/p>\n","protected":false},"excerpt":{"rendered":"<p>Um aumento da oferta de chips reduzir\u00e1 um problema grave da ind\u00fastria Hyundai, a fabricante de rob\u00f4s industriais ABB e a Electrolux est\u00e3o vendo uma redu\u00e7\u00e3o na falta de chips no mercado, disseram executivos das empresas nesta quinta-feira (21). Um aumento da oferta de chips reduzir\u00e1 um problema grave de uma ind\u00fastria que tamb\u00e9m est\u00e1 [&hellip;]<\/p>\n","protected":false},"author":2,"featured_media":32531,"comment_status":"open","ping_status":"open","sticky":false,"template":"","format":"standard","meta":{"footnotes":""},"categories":[41],"tags":[15351,15349,280,12709,15350],"class_list":["post-32530","post","type-post","status-publish","format-standard","has-post-thumbnail","hentry","category-internacional","tag-componentes-eletronicos","tag-falta-de-chips","tag-industria","tag-industria-automotiva","tag-microprocessadores"],"yoast_head":"<!-- This site is optimized with the Yoast SEO plugin v26.5 - https:\/\/yoast.com\/wordpress\/plugins\/seo\/ -->\n<title>Fabricantes globais veem melhora em oferta de componentes eletr\u00f4nicos - Jornal Fatos e Not\u00edcias<\/title>\n<meta name=\"robots\" content=\"index, follow, max-snippet:-1, max-image-preview:large, max-video-preview:-1\" \/>\n<link rel=\"canonical\" href=\"https:\/\/jornalfatosenoticias.com.br\/index.php\/2022\/07\/22\/fabricantes-globais-veem-melhora-em-oferta-de-componentes-eletronicos\/\" \/>\n<meta property=\"og:locale\" content=\"pt_BR\" \/>\n<meta property=\"og:type\" content=\"article\" \/>\n<meta property=\"og:title\" content=\"Fabricantes globais veem melhora em oferta de componentes eletr\u00f4nicos - Jornal Fatos e Not\u00edcias\" \/>\n<meta property=\"og:description\" content=\"Um aumento da oferta de chips reduzir\u00e1 um problema grave da ind\u00fastria Hyundai, a fabricante de rob\u00f4s industriais ABB e a Electrolux est\u00e3o vendo uma redu\u00e7\u00e3o na falta de chips no mercado, disseram executivos das empresas nesta quinta-feira (21). Um aumento da oferta de chips reduzir\u00e1 um problema grave de uma ind\u00fastria que tamb\u00e9m est\u00e1 [&hellip;]\" \/>\n<meta property=\"og:url\" content=\"https:\/\/jornalfatosenoticias.com.br\/index.php\/2022\/07\/22\/fabricantes-globais-veem-melhora-em-oferta-de-componentes-eletronicos\/\" \/>\n<meta property=\"og:site_name\" content=\"Jornal Fatos e Not\u00edcias\" \/>\n<meta property=\"article:published_time\" content=\"2022-07-22T12:58:31+00:00\" \/>\n<meta property=\"article:modified_time\" content=\"2022-07-22T12:59:16+00:00\" \/>\n<meta property=\"og:image\" content=\"https:\/\/jornalfatosenoticias.com.br\/wp-content\/uploads\/2022\/07\/componentes-eletronicos.jpg\" \/>\n\t<meta property=\"og:image:width\" content=\"1000\" \/>\n\t<meta property=\"og:image:height\" content=\"598\" \/>\n\t<meta property=\"og:image:type\" content=\"image\/jpeg\" \/>\n<meta name=\"author\" content=\"Luzimara Fernandes\" \/>\n<meta name=\"twitter:card\" content=\"summary_large_image\" \/>\n<meta name=\"twitter:label1\" content=\"Escrito por\" \/>\n\t<meta name=\"twitter:data1\" content=\"Luzimara Fernandes\" \/>\n\t<meta name=\"twitter:label2\" content=\"Est. tempo de leitura\" \/>\n\t<meta name=\"twitter:data2\" content=\"3 minutos\" \/>\n<script type=\"application\/ld+json\" class=\"yoast-schema-graph\">{\"@context\":\"https:\/\/schema.org\",\"@graph\":[{\"@type\":\"Article\",\"@id\":\"https:\/\/jornalfatosenoticias.com.br\/index.php\/2022\/07\/22\/fabricantes-globais-veem-melhora-em-oferta-de-componentes-eletronicos\/#article\",\"isPartOf\":{\"@id\":\"https:\/\/jornalfatosenoticias.com.br\/index.php\/2022\/07\/22\/fabricantes-globais-veem-melhora-em-oferta-de-componentes-eletronicos\/\"},\"author\":{\"name\":\"Luzimara Fernandes\",\"@id\":\"https:\/\/jornalfatosenoticias.com.br\/#\/schema\/person\/d63837fa13ac8666eb9e74e0985d6f81\"},\"headline\":\"Fabricantes globais veem melhora em oferta de componentes eletr\u00f4nicos\",\"datePublished\":\"2022-07-22T12:58:31+00:00\",\"dateModified\":\"2022-07-22T12:59:16+00:00\",\"mainEntityOfPage\":{\"@id\":\"https:\/\/jornalfatosenoticias.com.br\/index.php\/2022\/07\/22\/fabricantes-globais-veem-melhora-em-oferta-de-componentes-eletronicos\/\"},\"wordCount\":523,\"commentCount\":0,\"publisher\":{\"@id\":\"https:\/\/jornalfatosenoticias.com.br\/#organization\"},\"image\":{\"@id\":\"https:\/\/jornalfatosenoticias.com.br\/index.php\/2022\/07\/22\/fabricantes-globais-veem-melhora-em-oferta-de-componentes-eletronicos\/#primaryimage\"},\"thumbnailUrl\":\"https:\/\/jornalfatosenoticias.com.br\/wp-content\/uploads\/2022\/07\/componentes-eletronicos.jpg\",\"keywords\":[\"componentes eletr\u00f4nicos\",\"falta de chips\",\"ind\u00fastria\",\"ind\u00fastria automotiva\",\"microprocessadores\"],\"articleSection\":[\"Internacional\"],\"inLanguage\":\"pt-BR\",\"potentialAction\":[{\"@type\":\"CommentAction\",\"name\":\"Comment\",\"target\":[\"https:\/\/jornalfatosenoticias.com.br\/index.php\/2022\/07\/22\/fabricantes-globais-veem-melhora-em-oferta-de-componentes-eletronicos\/#respond\"]}]},{\"@type\":\"WebPage\",\"@id\":\"https:\/\/jornalfatosenoticias.com.br\/index.php\/2022\/07\/22\/fabricantes-globais-veem-melhora-em-oferta-de-componentes-eletronicos\/\",\"url\":\"https:\/\/jornalfatosenoticias.com.br\/index.php\/2022\/07\/22\/fabricantes-globais-veem-melhora-em-oferta-de-componentes-eletronicos\/\",\"name\":\"Fabricantes globais veem melhora em oferta de componentes eletr\u00f4nicos - Jornal Fatos e Not\u00edcias\",\"isPartOf\":{\"@id\":\"https:\/\/jornalfatosenoticias.com.br\/#website\"},\"primaryImageOfPage\":{\"@id\":\"https:\/\/jornalfatosenoticias.com.br\/index.php\/2022\/07\/22\/fabricantes-globais-veem-melhora-em-oferta-de-componentes-eletronicos\/#primaryimage\"},\"image\":{\"@id\":\"https:\/\/jornalfatosenoticias.com.br\/index.php\/2022\/07\/22\/fabricantes-globais-veem-melhora-em-oferta-de-componentes-eletronicos\/#primaryimage\"},\"thumbnailUrl\":\"https:\/\/jornalfatosenoticias.com.br\/wp-content\/uploads\/2022\/07\/componentes-eletronicos.jpg\",\"datePublished\":\"2022-07-22T12:58:31+00:00\",\"dateModified\":\"2022-07-22T12:59:16+00:00\",\"breadcrumb\":{\"@id\":\"https:\/\/jornalfatosenoticias.com.br\/index.php\/2022\/07\/22\/fabricantes-globais-veem-melhora-em-oferta-de-componentes-eletronicos\/#breadcrumb\"},\"inLanguage\":\"pt-BR\",\"potentialAction\":[{\"@type\":\"ReadAction\",\"target\":[\"https:\/\/jornalfatosenoticias.com.br\/index.php\/2022\/07\/22\/fabricantes-globais-veem-melhora-em-oferta-de-componentes-eletronicos\/\"]}]},{\"@type\":\"ImageObject\",\"inLanguage\":\"pt-BR\",\"@id\":\"https:\/\/jornalfatosenoticias.com.br\/index.php\/2022\/07\/22\/fabricantes-globais-veem-melhora-em-oferta-de-componentes-eletronicos\/#primaryimage\",\"url\":\"https:\/\/jornalfatosenoticias.com.br\/wp-content\/uploads\/2022\/07\/componentes-eletronicos.jpg\",\"contentUrl\":\"https:\/\/jornalfatosenoticias.com.br\/wp-content\/uploads\/2022\/07\/componentes-eletronicos.jpg\",\"width\":1000,\"height\":598},{\"@type\":\"BreadcrumbList\",\"@id\":\"https:\/\/jornalfatosenoticias.com.br\/index.php\/2022\/07\/22\/fabricantes-globais-veem-melhora-em-oferta-de-componentes-eletronicos\/#breadcrumb\",\"itemListElement\":[{\"@type\":\"ListItem\",\"position\":1,\"name\":\"In\u00edcio\",\"item\":\"https:\/\/jornalfatosenoticias.com.br\/\"},{\"@type\":\"ListItem\",\"position\":2,\"name\":\"Fabricantes globais veem melhora em oferta de componentes eletr\u00f4nicos\"}]},{\"@type\":\"WebSite\",\"@id\":\"https:\/\/jornalfatosenoticias.com.br\/#website\",\"url\":\"https:\/\/jornalfatosenoticias.com.br\/\",\"name\":\"Jornal Fatos e Not\u00edcias\",\"description\":\"Not\u00edcias em geral\",\"publisher\":{\"@id\":\"https:\/\/jornalfatosenoticias.com.br\/#organization\"},\"potentialAction\":[{\"@type\":\"SearchAction\",\"target\":{\"@type\":\"EntryPoint\",\"urlTemplate\":\"https:\/\/jornalfatosenoticias.com.br\/?s={search_term_string}\"},\"query-input\":{\"@type\":\"PropertyValueSpecification\",\"valueRequired\":true,\"valueName\":\"search_term_string\"}}],\"inLanguage\":\"pt-BR\"},{\"@type\":\"Organization\",\"@id\":\"https:\/\/jornalfatosenoticias.com.br\/#organization\",\"name\":\"Jornal Fatos e Not\u00edcias\",\"url\":\"https:\/\/jornalfatosenoticias.com.br\/\",\"logo\":{\"@type\":\"ImageObject\",\"inLanguage\":\"pt-BR\",\"@id\":\"https:\/\/jornalfatosenoticias.com.br\/#\/schema\/logo\/image\/\",\"url\":\"https:\/\/jornalfatosenoticias.com.br\/wp-content\/uploads\/2020\/02\/logo120.png\",\"contentUrl\":\"https:\/\/jornalfatosenoticias.com.br\/wp-content\/uploads\/2020\/02\/logo120.png\",\"width\":1227,\"height\":120,\"caption\":\"Jornal Fatos e Not\u00edcias\"},\"image\":{\"@id\":\"https:\/\/jornalfatosenoticias.com.br\/#\/schema\/logo\/image\/\"}},{\"@type\":\"Person\",\"@id\":\"https:\/\/jornalfatosenoticias.com.br\/#\/schema\/person\/d63837fa13ac8666eb9e74e0985d6f81\",\"name\":\"Luzimara Fernandes\",\"image\":{\"@type\":\"ImageObject\",\"inLanguage\":\"pt-BR\",\"@id\":\"https:\/\/jornalfatosenoticias.com.br\/#\/schema\/person\/image\/\",\"url\":\"https:\/\/jornalfatosenoticias.com.br\/wp-content\/uploads\/2025\/05\/EU_portal.jpg\",\"contentUrl\":\"https:\/\/jornalfatosenoticias.com.br\/wp-content\/uploads\/2025\/05\/EU_portal.jpg\",\"caption\":\"Luzimara Fernandes\"},\"description\":\"Jornalista MTB 2358-ES\",\"sameAs\":[\"https:\/\/jornalfatosenoticias.com.br\"],\"url\":\"https:\/\/jornalfatosenoticias.com.br\/index.php\/author\/luzimara\/\"}]}<\/script>\n<!-- \/ Yoast SEO plugin. -->","yoast_head_json":{"title":"Fabricantes globais veem melhora em oferta de componentes eletr\u00f4nicos - Jornal Fatos e Not\u00edcias","robots":{"index":"index","follow":"follow","max-snippet":"max-snippet:-1","max-image-preview":"max-image-preview:large","max-video-preview":"max-video-preview:-1"},"canonical":"https:\/\/jornalfatosenoticias.com.br\/index.php\/2022\/07\/22\/fabricantes-globais-veem-melhora-em-oferta-de-componentes-eletronicos\/","og_locale":"pt_BR","og_type":"article","og_title":"Fabricantes globais veem melhora em oferta de componentes eletr\u00f4nicos - Jornal Fatos e Not\u00edcias","og_description":"Um aumento da oferta de chips reduzir\u00e1 um problema grave da ind\u00fastria Hyundai, a fabricante de rob\u00f4s industriais ABB e a Electrolux est\u00e3o vendo uma redu\u00e7\u00e3o na falta de chips no mercado, disseram executivos das empresas nesta quinta-feira (21). Um aumento da oferta de chips reduzir\u00e1 um problema grave de uma ind\u00fastria que tamb\u00e9m est\u00e1 [&hellip;]","og_url":"https:\/\/jornalfatosenoticias.com.br\/index.php\/2022\/07\/22\/fabricantes-globais-veem-melhora-em-oferta-de-componentes-eletronicos\/","og_site_name":"Jornal Fatos e Not\u00edcias","article_published_time":"2022-07-22T12:58:31+00:00","article_modified_time":"2022-07-22T12:59:16+00:00","og_image":[{"width":1000,"height":598,"url":"https:\/\/jornalfatosenoticias.com.br\/wp-content\/uploads\/2022\/07\/componentes-eletronicos.jpg","type":"image\/jpeg"}],"author":"Luzimara Fernandes","twitter_card":"summary_large_image","twitter_misc":{"Escrito por":"Luzimara Fernandes","Est. tempo de leitura":"3 minutos"},"schema":{"@context":"https:\/\/schema.org","@graph":[{"@type":"Article","@id":"https:\/\/jornalfatosenoticias.com.br\/index.php\/2022\/07\/22\/fabricantes-globais-veem-melhora-em-oferta-de-componentes-eletronicos\/#article","isPartOf":{"@id":"https:\/\/jornalfatosenoticias.com.br\/index.php\/2022\/07\/22\/fabricantes-globais-veem-melhora-em-oferta-de-componentes-eletronicos\/"},"author":{"name":"Luzimara Fernandes","@id":"https:\/\/jornalfatosenoticias.com.br\/#\/schema\/person\/d63837fa13ac8666eb9e74e0985d6f81"},"headline":"Fabricantes globais veem melhora em oferta de componentes eletr\u00f4nicos","datePublished":"2022-07-22T12:58:31+00:00","dateModified":"2022-07-22T12:59:16+00:00","mainEntityOfPage":{"@id":"https:\/\/jornalfatosenoticias.com.br\/index.php\/2022\/07\/22\/fabricantes-globais-veem-melhora-em-oferta-de-componentes-eletronicos\/"},"wordCount":523,"commentCount":0,"publisher":{"@id":"https:\/\/jornalfatosenoticias.com.br\/#organization"},"image":{"@id":"https:\/\/jornalfatosenoticias.com.br\/index.php\/2022\/07\/22\/fabricantes-globais-veem-melhora-em-oferta-de-componentes-eletronicos\/#primaryimage"},"thumbnailUrl":"https:\/\/jornalfatosenoticias.com.br\/wp-content\/uploads\/2022\/07\/componentes-eletronicos.jpg","keywords":["componentes eletr\u00f4nicos","falta de chips","ind\u00fastria","ind\u00fastria automotiva","microprocessadores"],"articleSection":["Internacional"],"inLanguage":"pt-BR","potentialAction":[{"@type":"CommentAction","name":"Comment","target":["https:\/\/jornalfatosenoticias.com.br\/index.php\/2022\/07\/22\/fabricantes-globais-veem-melhora-em-oferta-de-componentes-eletronicos\/#respond"]}]},{"@type":"WebPage","@id":"https:\/\/jornalfatosenoticias.com.br\/index.php\/2022\/07\/22\/fabricantes-globais-veem-melhora-em-oferta-de-componentes-eletronicos\/","url":"https:\/\/jornalfatosenoticias.com.br\/index.php\/2022\/07\/22\/fabricantes-globais-veem-melhora-em-oferta-de-componentes-eletronicos\/","name":"Fabricantes globais veem melhora em oferta de componentes eletr\u00f4nicos - Jornal Fatos e Not\u00edcias","isPartOf":{"@id":"https:\/\/jornalfatosenoticias.com.br\/#website"},"primaryImageOfPage":{"@id":"https:\/\/jornalfatosenoticias.com.br\/index.php\/2022\/07\/22\/fabricantes-globais-veem-melhora-em-oferta-de-componentes-eletronicos\/#primaryimage"},"image":{"@id":"https:\/\/jornalfatosenoticias.com.br\/index.php\/2022\/07\/22\/fabricantes-globais-veem-melhora-em-oferta-de-componentes-eletronicos\/#primaryimage"},"thumbnailUrl":"https:\/\/jornalfatosenoticias.com.br\/wp-content\/uploads\/2022\/07\/componentes-eletronicos.jpg","datePublished":"2022-07-22T12:58:31+00:00","dateModified":"2022-07-22T12:59:16+00:00","breadcrumb":{"@id":"https:\/\/jornalfatosenoticias.com.br\/index.php\/2022\/07\/22\/fabricantes-globais-veem-melhora-em-oferta-de-componentes-eletronicos\/#breadcrumb"},"inLanguage":"pt-BR","potentialAction":[{"@type":"ReadAction","target":["https:\/\/jornalfatosenoticias.com.br\/index.php\/2022\/07\/22\/fabricantes-globais-veem-melhora-em-oferta-de-componentes-eletronicos\/"]}]},{"@type":"ImageObject","inLanguage":"pt-BR","@id":"https:\/\/jornalfatosenoticias.com.br\/index.php\/2022\/07\/22\/fabricantes-globais-veem-melhora-em-oferta-de-componentes-eletronicos\/#primaryimage","url":"https:\/\/jornalfatosenoticias.com.br\/wp-content\/uploads\/2022\/07\/componentes-eletronicos.jpg","contentUrl":"https:\/\/jornalfatosenoticias.com.br\/wp-content\/uploads\/2022\/07\/componentes-eletronicos.jpg","width":1000,"height":598},{"@type":"BreadcrumbList","@id":"https:\/\/jornalfatosenoticias.com.br\/index.php\/2022\/07\/22\/fabricantes-globais-veem-melhora-em-oferta-de-componentes-eletronicos\/#breadcrumb","itemListElement":[{"@type":"ListItem","position":1,"name":"In\u00edcio","item":"https:\/\/jornalfatosenoticias.com.br\/"},{"@type":"ListItem","position":2,"name":"Fabricantes globais veem melhora em oferta de componentes eletr\u00f4nicos"}]},{"@type":"WebSite","@id":"https:\/\/jornalfatosenoticias.com.br\/#website","url":"https:\/\/jornalfatosenoticias.com.br\/","name":"Jornal Fatos e Not\u00edcias","description":"Not\u00edcias em geral","publisher":{"@id":"https:\/\/jornalfatosenoticias.com.br\/#organization"},"potentialAction":[{"@type":"SearchAction","target":{"@type":"EntryPoint","urlTemplate":"https:\/\/jornalfatosenoticias.com.br\/?s={search_term_string}"},"query-input":{"@type":"PropertyValueSpecification","valueRequired":true,"valueName":"search_term_string"}}],"inLanguage":"pt-BR"},{"@type":"Organization","@id":"https:\/\/jornalfatosenoticias.com.br\/#organization","name":"Jornal Fatos e Not\u00edcias","url":"https:\/\/jornalfatosenoticias.com.br\/","logo":{"@type":"ImageObject","inLanguage":"pt-BR","@id":"https:\/\/jornalfatosenoticias.com.br\/#\/schema\/logo\/image\/","url":"https:\/\/jornalfatosenoticias.com.br\/wp-content\/uploads\/2020\/02\/logo120.png","contentUrl":"https:\/\/jornalfatosenoticias.com.br\/wp-content\/uploads\/2020\/02\/logo120.png","width":1227,"height":120,"caption":"Jornal Fatos e Not\u00edcias"},"image":{"@id":"https:\/\/jornalfatosenoticias.com.br\/#\/schema\/logo\/image\/"}},{"@type":"Person","@id":"https:\/\/jornalfatosenoticias.com.br\/#\/schema\/person\/d63837fa13ac8666eb9e74e0985d6f81","name":"Luzimara Fernandes","image":{"@type":"ImageObject","inLanguage":"pt-BR","@id":"https:\/\/jornalfatosenoticias.com.br\/#\/schema\/person\/image\/","url":"https:\/\/jornalfatosenoticias.com.br\/wp-content\/uploads\/2025\/05\/EU_portal.jpg","contentUrl":"https:\/\/jornalfatosenoticias.com.br\/wp-content\/uploads\/2025\/05\/EU_portal.jpg","caption":"Luzimara Fernandes"},"description":"Jornalista MTB 2358-ES","sameAs":["https:\/\/jornalfatosenoticias.com.br"],"url":"https:\/\/jornalfatosenoticias.com.br\/index.php\/author\/luzimara\/"}]}},"cc_featured_image_caption":{"caption_text":"(Foto: Reuters\/Yuya Shino\/Direitos Reservados) ","source_text":"","source_url":""},"jetpack_featured_media_url":"https:\/\/jornalfatosenoticias.com.br\/wp-content\/uploads\/2022\/07\/componentes-eletronicos.jpg","_links":{"self":[{"href":"https:\/\/jornalfatosenoticias.com.br\/index.php\/wp-json\/wp\/v2\/posts\/32530","targetHints":{"allow":["GET"]}}],"collection":[{"href":"https:\/\/jornalfatosenoticias.com.br\/index.php\/wp-json\/wp\/v2\/posts"}],"about":[{"href":"https:\/\/jornalfatosenoticias.com.br\/index.php\/wp-json\/wp\/v2\/types\/post"}],"author":[{"embeddable":true,"href":"https:\/\/jornalfatosenoticias.com.br\/index.php\/wp-json\/wp\/v2\/users\/2"}],"replies":[{"embeddable":true,"href":"https:\/\/jornalfatosenoticias.com.br\/index.php\/wp-json\/wp\/v2\/comments?post=32530"}],"version-history":[{"count":0,"href":"https:\/\/jornalfatosenoticias.com.br\/index.php\/wp-json\/wp\/v2\/posts\/32530\/revisions"}],"wp:featuredmedia":[{"embeddable":true,"href":"https:\/\/jornalfatosenoticias.com.br\/index.php\/wp-json\/wp\/v2\/media\/32531"}],"wp:attachment":[{"href":"https:\/\/jornalfatosenoticias.com.br\/index.php\/wp-json\/wp\/v2\/media?parent=32530"}],"wp:term":[{"taxonomy":"category","embeddable":true,"href":"https:\/\/jornalfatosenoticias.com.br\/index.php\/wp-json\/wp\/v2\/categories?post=32530"},{"taxonomy":"post_tag","embeddable":true,"href":"https:\/\/jornalfatosenoticias.com.br\/index.php\/wp-json\/wp\/v2\/tags?post=32530"}],"curies":[{"name":"wp","href":"https:\/\/api.w.org\/{rel}","templated":true}]}}