{"id":32536,"date":"2022-07-22T10:21:51","date_gmt":"2022-07-22T13:21:51","guid":{"rendered":"https:\/\/jornalfatosenoticias.com.br\/?p=32536"},"modified":"2022-07-22T10:21:51","modified_gmt":"2022-07-22T13:21:51","slug":"para-97-dos-professores-escola-publica-dos-sonhos-esta-longe-de-ser-a-atual","status":"publish","type":"post","link":"https:\/\/jornalfatosenoticias.com.br\/index.php\/2022\/07\/22\/para-97-dos-professores-escola-publica-dos-sonhos-esta-longe-de-ser-a-atual\/","title":{"rendered":"Para 97% dos professores, escola p\u00fablica dos sonhos est\u00e1 longe de ser a atual"},"content":{"rendered":"\n<p><span class=\"has-inline-color has-black-color\"><em>Pesquisas rec\u00e9m-lan\u00e7adas pelo N\u00facleo de Novas Arquiteturas Pedag\u00f3gicas da Universidade de S\u00e3o Paulo, em parceria com o Instituto iungo, apontam como a escola precisa se readequar para melhorar a qualidade<\/em><\/span><\/p>\n\n\n\n<div class=\"wp-block-image\"><figure class=\"aligncenter size-large is-resized\"><img loading=\"lazy\" decoding=\"async\" src=\"https:\/\/jornalfatosenoticias.com.br\/wp-content\/uploads\/2022\/05\/NOVA-LOGO-CESCONETTO-1024x100.jpg\" alt=\"\" class=\"wp-image-30792\" width=\"539\" height=\"52\" srcset=\"https:\/\/jornalfatosenoticias.com.br\/wp-content\/uploads\/2022\/05\/NOVA-LOGO-CESCONETTO-1024x100.jpg 1024w, https:\/\/jornalfatosenoticias.com.br\/wp-content\/uploads\/2022\/05\/NOVA-LOGO-CESCONETTO-300x29.jpg 300w, https:\/\/jornalfatosenoticias.com.br\/wp-content\/uploads\/2022\/05\/NOVA-LOGO-CESCONETTO-768x75.jpg 768w, https:\/\/jornalfatosenoticias.com.br\/wp-content\/uploads\/2022\/05\/NOVA-LOGO-CESCONETTO.jpg 1280w\" sizes=\"auto, (max-width: 539px) 100vw, 539px\" \/><\/figure><\/div>\n\n\n\n<p>A escola p\u00fablica dos sonhos est\u00e1 longe de ser a atual. As aulas deveriam ser baseadas em mais <a href=\"https:\/\/porvir.org\/?s=metodologias+ativas&amp;buscar=Enviar\"><strong>metodologias ativas<\/strong><\/a>, a<strong>\u00a0<a href=\"https:\/\/porvir.org\/?s=infraestrutura&amp;t=1\">infraestrutura<\/a>\u00a0<\/strong>poderia melhorar, bem como o acesso \u00e0 internet e \u00e0\u00a0<a href=\"https:\/\/porvir.org\/?s=tecnologia&amp;t=1\"><strong>tecnologia<\/strong><\/a>, para que o estudante tivesse mais autonomia.\u00a0<a href=\"http:\/\/participacao.porvir.org\/\"><strong>As rela\u00e7\u00f5es precisariam ser mais inclusivas<\/strong><\/a>\u00a0e o\u00a0<strong><a href=\"https:\/\/porvir.org\/autonomia-e-autoria-sao-chaves-para-a-valorizacao-do-professor-no-contexto-da-pandemia\/\">professor, devidamente valorizado<\/a>.<\/strong> Sem contar o conte\u00fado, que teria de envolver mais temas como\u00a0<a href=\"https:\/\/porvir.org\/infografico-cidadania-na-era-digital\/\"><strong>cidadania<\/strong><\/a> e valores democr\u00e1ticos.<br>Essas s\u00e3o algumas das conclus\u00f5es do rec\u00e9m-lan\u00e7ado programa de pesquisas \u201cO professor da escola p\u00fablica brasileira: seus sonhos, desejos e projetos de vida\u201d, do <strong><a href=\"http:\/\/nap.usp.br\/npnap\/?lang=pt\" target=\"_blank\" rel=\"noreferrer noopener\">N\u00facleo de Novas Arquiteturas Pedag\u00f3gicas da Universidade de S\u00e3o Paulo<\/a><\/strong> <a href=\"http:\/\/nap.usp.br\/npnap\/?lang=pt\" target=\"_blank\" rel=\"noreferrer noopener\"><strong>(NAP\/USP<\/strong><\/a><strong><a href=\"http:\/\/nap.usp.br\/npnap\/?lang=pt\" target=\"_blank\" rel=\"noreferrer noopener\">)<\/a><\/strong> em parceria com o <strong><a href=\"https:\/\/iungo.org.br\/\" target=\"_blank\" rel=\"noreferrer noopener\">Instituto iungo<\/a>.\u00a0<\/strong><br><strong><a href=\"https:\/\/iungo.org.br\/pesquisa\/\" target=\"_blank\" rel=\"noreferrer noopener\">S\u00e3o dois os levantamentos realizados<\/a><\/strong> com professores de todo o pa\u00eds. Em \u201cA escola p\u00fablica dos sonhos para os educadores brasileiros\u201d, com 1,5 mil respondentes, 97% apontaram que a escola p\u00fablica tem de ser transformada para chegar ao modelo ideal. <\/p>\n\n\n\n<div class=\"wp-block-image\"><figure class=\"aligncenter size-large is-resized\"><img loading=\"lazy\" decoding=\"async\" src=\"https:\/\/jornalfatosenoticias.com.br\/wp-content\/uploads\/2020\/02\/Suinco-1024x389.jpg\" alt=\"\" class=\"wp-image-28883\" width=\"372\" height=\"141\" srcset=\"https:\/\/jornalfatosenoticias.com.br\/wp-content\/uploads\/2020\/02\/Suinco-1024x389.jpg 1024w, https:\/\/jornalfatosenoticias.com.br\/wp-content\/uploads\/2020\/02\/Suinco-300x114.jpg 300w, https:\/\/jornalfatosenoticias.com.br\/wp-content\/uploads\/2020\/02\/Suinco-768x292.jpg 768w, https:\/\/jornalfatosenoticias.com.br\/wp-content\/uploads\/2020\/02\/Suinco.jpg 1220w\" sizes=\"auto, (max-width: 372px) 100vw, 372px\" \/><\/figure><\/div>\n\n\n\n<blockquote class=\"wp-block-quote is-layout-flow wp-block-quote-is-layout-flow\"><p><span class=\"has-inline-color has-luminous-vivid-orange-color\">\u201cNuma escola dos sonhos, professores e professoras seriam qualificados, valorizados e bem remunerados, alunos e alunas seriam respeitados em suas diferen\u00e7as e singularidades e teriam seu direito de aprendizagem garantido, atrav\u00e9s de um curr\u00edculo emancipador, que desenvolvesse a criticidade e a vontade de melhorar a si mesmo e a sociedade\u201d, relatou um participante.<\/span><\/p><\/blockquote>\n\n\n\n<figure class=\"wp-block-image size-large\"><img loading=\"lazy\" decoding=\"async\" width=\"1024\" height=\"966\" src=\"https:\/\/jornalfatosenoticias.com.br\/wp-content\/uploads\/2022\/07\/formacao-professores2-1024x966.jpg\" alt=\"\" class=\"wp-image-32537\" srcset=\"https:\/\/jornalfatosenoticias.com.br\/wp-content\/uploads\/2022\/07\/formacao-professores2-1024x966.jpg 1024w, https:\/\/jornalfatosenoticias.com.br\/wp-content\/uploads\/2022\/07\/formacao-professores2-300x283.jpg 300w, https:\/\/jornalfatosenoticias.com.br\/wp-content\/uploads\/2022\/07\/formacao-professores2-768x725.jpg 768w, https:\/\/jornalfatosenoticias.com.br\/wp-content\/uploads\/2022\/07\/formacao-professores2-1536x1449.jpg 1536w, https:\/\/jornalfatosenoticias.com.br\/wp-content\/uploads\/2022\/07\/formacao-professores2.jpg 2048w\" sizes=\"auto, (max-width: 1024px) 100vw, 1024px\" \/><figcaption><em><span class=\"has-inline-color has-black-color\">Cr\u00e9dito: Reprodu\u00e7\u00e3o \u2014 Instituto iungo<\/span><\/em><\/figcaption><\/figure>\n\n\n\n<div class=\"wp-block-image\"><figure class=\"alignright size-large is-resized\"><img loading=\"lazy\" decoding=\"async\" src=\"https:\/\/jornalfatosenoticias.com.br\/wp-content\/uploads\/2022\/02\/Precisao-Contabilidade-1024x724.jpg\" alt=\"\" class=\"wp-image-28088\" width=\"287\" height=\"203\"\/><\/figure><\/div>\n\n\n\n<p>As pesquisas foram realizadas em 2021, durante o per\u00edodo de distanciamento social causado pela <strong><a href=\"https:\/\/porvir.org\/coronavirus\/\">pandemia da covid-19<\/a>.\u00a0<\/strong> As aulas remotas impactaram grandemente o cen\u00e1rio escolar e o cotidiano de alunos e professores. E, mesmo com a mudan\u00e7a abrupta na maneira de ensinar, 83% dos docentes pretendem seguir atuando na educa\u00e7\u00e3o p\u00fablica \u2014 100% dos entrevistados ressaltaram seu compromisso com a educa\u00e7\u00e3o e a profiss\u00e3o docente.<br>Os dados acima foram revelados pela segunda pesquisa, intitulada \u201cO professor da escola p\u00fablica brasileira: seus sonhos, desejos e <strong><a href=\"https:\/\/porvir.org\/projeto-de-vida\/\">projetos de vida<\/a><\/strong>\u201d, feita com uma base de dois mil professores. Entre as respostas, uma delas sintetiza a \u00e9tica profissional dos participantes: \u201cMeus projetos de vida s\u00e3o manter minha fam\u00edlia saud\u00e1vel, investir na educa\u00e7\u00e3o das minhas filhas e me capacitar tamb\u00e9m para melhor execu\u00e7\u00e3o de minhas fun\u00e7\u00f5es. Procuro priorizar um bem-estar de vida em todos os sentidos\u201d.<\/p>\n\n\n\n<figure class=\"wp-block-image size-large\"><img loading=\"lazy\" decoding=\"async\" width=\"955\" height=\"1024\" src=\"https:\/\/jornalfatosenoticias.com.br\/wp-content\/uploads\/2022\/07\/formacao-professores3-955x1024.jpg\" alt=\"\" class=\"wp-image-32538\" srcset=\"https:\/\/jornalfatosenoticias.com.br\/wp-content\/uploads\/2022\/07\/formacao-professores3-955x1024.jpg 955w, https:\/\/jornalfatosenoticias.com.br\/wp-content\/uploads\/2022\/07\/formacao-professores3-280x300.jpg 280w, https:\/\/jornalfatosenoticias.com.br\/wp-content\/uploads\/2022\/07\/formacao-professores3-768x823.jpg 768w, https:\/\/jornalfatosenoticias.com.br\/wp-content\/uploads\/2022\/07\/formacao-professores3-1433x1536.jpg 1433w, https:\/\/jornalfatosenoticias.com.br\/wp-content\/uploads\/2022\/07\/formacao-professores3.jpg 1910w\" sizes=\"auto, (max-width: 955px) 100vw, 955px\" \/><figcaption><em><span class=\"has-inline-color has-black-color\">Cr\u00e9dito: Reprodu\u00e7\u00e3o \u2014 Instituto iungo<\/span><\/em><\/figcaption><\/figure>\n\n\n\n<p>De acordo com Paulo Andrade, diretor do Instituto iungo, ter um <strong><a href=\"https:\/\/planejadordeaulas.org.br\/\" target=\"_blank\" rel=\"noreferrer noopener\">projeto de vida<\/a><\/strong> \u00e9 o que nos move a olhar criticamente para o nosso entorno, desejar e buscar ferramentas para tornar o nosso sonho o mais real poss\u00edvel. <\/p>\n\n\n\n<div class=\"wp-block-image\"><figure class=\"aligncenter size-large is-resized\"><img loading=\"lazy\" decoding=\"async\" src=\"https:\/\/jornalfatosenoticias.com.br\/wp-content\/uploads\/2020\/02\/Serra-Grande-1024x160.png\" alt=\"\" class=\"wp-image-7836\" width=\"523\" height=\"81\"\/><\/figure><\/div>\n\n\n\n<blockquote class=\"wp-block-quote is-layout-flow wp-block-quote-is-layout-flow\"><p><span class=\"has-inline-color has-luminous-vivid-orange-color\">\u201cO estudo nos mostra que, apesar dos conhecidos desafios da doc\u00eancia, agravados pela pandemia, os professores acreditam no poder transformador da educa\u00e7\u00e3o e t\u00eam ideias muito concretas sobre como melhorar a escola p\u00fablica. Ouvi-los, \u00e9 tamb\u00e9m essencial para a constru\u00e7\u00e3o de pol\u00edticas de desenvolvimento profissional docente significativas e efetivas\u201d, conclui.<\/span><\/p><\/blockquote>\n\n\n\n<p><strong><em>Fonte: <a href=\"https:\/\/porvir.org\/para-97-dos-professores-escola-publica-dos-sonhos-esta-longe-de-ser-a-atual\/\">Porvir<\/a><\/em><\/strong><\/p>\n","protected":false},"excerpt":{"rendered":"<p>Pesquisas rec\u00e9m-lan\u00e7adas pelo N\u00facleo de Novas Arquiteturas Pedag\u00f3gicas da Universidade de S\u00e3o Paulo, em parceria com o Instituto iungo, apontam como a escola precisa se readequar para melhorar a qualidade A escola p\u00fablica dos sonhos est\u00e1 longe de ser a atual. As aulas deveriam ser baseadas em mais metodologias ativas, a\u00a0infraestrutura\u00a0poderia melhorar, bem como o [&hellip;]<\/p>\n","protected":false},"author":2,"featured_media":32539,"comment_status":"open","ping_status":"open","sticky":false,"template":"","format":"standard","meta":{"footnotes":""},"categories":[7],"tags":[3288,15355,5322,15354,876,357],"class_list":["post-32536","post","type-post","status-publish","format-standard","has-post-thumbnail","hentry","category-educacao","tag-escola-publica","tag-escola-publica-dos-sonhos","tag-formacao-de-professores","tag-instituto-iungo","tag-pesquisas","tag-professores"],"yoast_head":"<!-- This site is optimized with the Yoast SEO plugin v26.5 - https:\/\/yoast.com\/wordpress\/plugins\/seo\/ -->\n<title>Para 97% dos professores, escola p\u00fablica dos sonhos est\u00e1 longe de ser a atual - Jornal Fatos e Not\u00edcias<\/title>\n<meta name=\"robots\" content=\"index, follow, max-snippet:-1, max-image-preview:large, max-video-preview:-1\" \/>\n<link rel=\"canonical\" href=\"https:\/\/jornalfatosenoticias.com.br\/index.php\/2022\/07\/22\/para-97-dos-professores-escola-publica-dos-sonhos-esta-longe-de-ser-a-atual\/\" \/>\n<meta property=\"og:locale\" content=\"pt_BR\" \/>\n<meta property=\"og:type\" content=\"article\" \/>\n<meta property=\"og:title\" content=\"Para 97% dos professores, escola p\u00fablica dos sonhos est\u00e1 longe de ser a atual - Jornal Fatos e Not\u00edcias\" \/>\n<meta property=\"og:description\" content=\"Pesquisas rec\u00e9m-lan\u00e7adas pelo N\u00facleo de Novas Arquiteturas Pedag\u00f3gicas da Universidade de S\u00e3o Paulo, em parceria com o Instituto iungo, apontam como a escola precisa se readequar para melhorar a qualidade A escola p\u00fablica dos sonhos est\u00e1 longe de ser a atual. As aulas deveriam ser baseadas em mais metodologias ativas, a\u00a0infraestrutura\u00a0poderia melhorar, bem como o [&hellip;]\" \/>\n<meta property=\"og:url\" content=\"https:\/\/jornalfatosenoticias.com.br\/index.php\/2022\/07\/22\/para-97-dos-professores-escola-publica-dos-sonhos-esta-longe-de-ser-a-atual\/\" \/>\n<meta property=\"og:site_name\" content=\"Jornal Fatos e Not\u00edcias\" \/>\n<meta property=\"article:published_time\" content=\"2022-07-22T13:21:51+00:00\" \/>\n<meta property=\"og:image\" content=\"https:\/\/jornalfatosenoticias.com.br\/wp-content\/uploads\/2022\/07\/formacao-professores1.jpg\" \/>\n\t<meta property=\"og:image:width\" content=\"1000\" \/>\n\t<meta property=\"og:image:height\" content=\"663\" \/>\n\t<meta property=\"og:image:type\" content=\"image\/jpeg\" \/>\n<meta name=\"author\" content=\"Luzimara Fernandes\" \/>\n<meta name=\"twitter:card\" content=\"summary_large_image\" \/>\n<meta name=\"twitter:label1\" content=\"Escrito por\" \/>\n\t<meta name=\"twitter:data1\" content=\"Luzimara Fernandes\" \/>\n\t<meta name=\"twitter:label2\" content=\"Est. tempo de leitura\" \/>\n\t<meta name=\"twitter:data2\" content=\"3 minutos\" \/>\n<script type=\"application\/ld+json\" class=\"yoast-schema-graph\">{\"@context\":\"https:\/\/schema.org\",\"@graph\":[{\"@type\":\"Article\",\"@id\":\"https:\/\/jornalfatosenoticias.com.br\/index.php\/2022\/07\/22\/para-97-dos-professores-escola-publica-dos-sonhos-esta-longe-de-ser-a-atual\/#article\",\"isPartOf\":{\"@id\":\"https:\/\/jornalfatosenoticias.com.br\/index.php\/2022\/07\/22\/para-97-dos-professores-escola-publica-dos-sonhos-esta-longe-de-ser-a-atual\/\"},\"author\":{\"name\":\"Luzimara Fernandes\",\"@id\":\"https:\/\/jornalfatosenoticias.com.br\/#\/schema\/person\/d63837fa13ac8666eb9e74e0985d6f81\"},\"headline\":\"Para 97% dos professores, escola p\u00fablica dos sonhos est\u00e1 longe de ser a atual\",\"datePublished\":\"2022-07-22T13:21:51+00:00\",\"mainEntityOfPage\":{\"@id\":\"https:\/\/jornalfatosenoticias.com.br\/index.php\/2022\/07\/22\/para-97-dos-professores-escola-publica-dos-sonhos-esta-longe-de-ser-a-atual\/\"},\"wordCount\":526,\"commentCount\":0,\"publisher\":{\"@id\":\"https:\/\/jornalfatosenoticias.com.br\/#organization\"},\"image\":{\"@id\":\"https:\/\/jornalfatosenoticias.com.br\/index.php\/2022\/07\/22\/para-97-dos-professores-escola-publica-dos-sonhos-esta-longe-de-ser-a-atual\/#primaryimage\"},\"thumbnailUrl\":\"https:\/\/jornalfatosenoticias.com.br\/wp-content\/uploads\/2022\/07\/formacao-professores1.jpg\",\"keywords\":[\"escola p\u00fablica\",\"escola p\u00fablica dos sonhos\",\"forma\u00e7\u00e3o de professores\",\"Instituto iungo\",\"pesquisas\",\"professores\"],\"articleSection\":[\"Educa\u00e7\u00e3o\"],\"inLanguage\":\"pt-BR\",\"potentialAction\":[{\"@type\":\"CommentAction\",\"name\":\"Comment\",\"target\":[\"https:\/\/jornalfatosenoticias.com.br\/index.php\/2022\/07\/22\/para-97-dos-professores-escola-publica-dos-sonhos-esta-longe-de-ser-a-atual\/#respond\"]}]},{\"@type\":\"WebPage\",\"@id\":\"https:\/\/jornalfatosenoticias.com.br\/index.php\/2022\/07\/22\/para-97-dos-professores-escola-publica-dos-sonhos-esta-longe-de-ser-a-atual\/\",\"url\":\"https:\/\/jornalfatosenoticias.com.br\/index.php\/2022\/07\/22\/para-97-dos-professores-escola-publica-dos-sonhos-esta-longe-de-ser-a-atual\/\",\"name\":\"Para 97% dos professores, escola p\u00fablica dos sonhos est\u00e1 longe de ser a atual - Jornal Fatos e Not\u00edcias\",\"isPartOf\":{\"@id\":\"https:\/\/jornalfatosenoticias.com.br\/#website\"},\"primaryImageOfPage\":{\"@id\":\"https:\/\/jornalfatosenoticias.com.br\/index.php\/2022\/07\/22\/para-97-dos-professores-escola-publica-dos-sonhos-esta-longe-de-ser-a-atual\/#primaryimage\"},\"image\":{\"@id\":\"https:\/\/jornalfatosenoticias.com.br\/index.php\/2022\/07\/22\/para-97-dos-professores-escola-publica-dos-sonhos-esta-longe-de-ser-a-atual\/#primaryimage\"},\"thumbnailUrl\":\"https:\/\/jornalfatosenoticias.com.br\/wp-content\/uploads\/2022\/07\/formacao-professores1.jpg\",\"datePublished\":\"2022-07-22T13:21:51+00:00\",\"breadcrumb\":{\"@id\":\"https:\/\/jornalfatosenoticias.com.br\/index.php\/2022\/07\/22\/para-97-dos-professores-escola-publica-dos-sonhos-esta-longe-de-ser-a-atual\/#breadcrumb\"},\"inLanguage\":\"pt-BR\",\"potentialAction\":[{\"@type\":\"ReadAction\",\"target\":[\"https:\/\/jornalfatosenoticias.com.br\/index.php\/2022\/07\/22\/para-97-dos-professores-escola-publica-dos-sonhos-esta-longe-de-ser-a-atual\/\"]}]},{\"@type\":\"ImageObject\",\"inLanguage\":\"pt-BR\",\"@id\":\"https:\/\/jornalfatosenoticias.com.br\/index.php\/2022\/07\/22\/para-97-dos-professores-escola-publica-dos-sonhos-esta-longe-de-ser-a-atual\/#primaryimage\",\"url\":\"https:\/\/jornalfatosenoticias.com.br\/wp-content\/uploads\/2022\/07\/formacao-professores1.jpg\",\"contentUrl\":\"https:\/\/jornalfatosenoticias.com.br\/wp-content\/uploads\/2022\/07\/formacao-professores1.jpg\",\"width\":1000,\"height\":663},{\"@type\":\"BreadcrumbList\",\"@id\":\"https:\/\/jornalfatosenoticias.com.br\/index.php\/2022\/07\/22\/para-97-dos-professores-escola-publica-dos-sonhos-esta-longe-de-ser-a-atual\/#breadcrumb\",\"itemListElement\":[{\"@type\":\"ListItem\",\"position\":1,\"name\":\"In\u00edcio\",\"item\":\"https:\/\/jornalfatosenoticias.com.br\/\"},{\"@type\":\"ListItem\",\"position\":2,\"name\":\"Para 97% dos professores, escola p\u00fablica dos sonhos est\u00e1 longe de ser a atual\"}]},{\"@type\":\"WebSite\",\"@id\":\"https:\/\/jornalfatosenoticias.com.br\/#website\",\"url\":\"https:\/\/jornalfatosenoticias.com.br\/\",\"name\":\"Jornal Fatos e Not\u00edcias\",\"description\":\"Not\u00edcias em geral\",\"publisher\":{\"@id\":\"https:\/\/jornalfatosenoticias.com.br\/#organization\"},\"potentialAction\":[{\"@type\":\"SearchAction\",\"target\":{\"@type\":\"EntryPoint\",\"urlTemplate\":\"https:\/\/jornalfatosenoticias.com.br\/?s={search_term_string}\"},\"query-input\":{\"@type\":\"PropertyValueSpecification\",\"valueRequired\":true,\"valueName\":\"search_term_string\"}}],\"inLanguage\":\"pt-BR\"},{\"@type\":\"Organization\",\"@id\":\"https:\/\/jornalfatosenoticias.com.br\/#organization\",\"name\":\"Jornal Fatos e Not\u00edcias\",\"url\":\"https:\/\/jornalfatosenoticias.com.br\/\",\"logo\":{\"@type\":\"ImageObject\",\"inLanguage\":\"pt-BR\",\"@id\":\"https:\/\/jornalfatosenoticias.com.br\/#\/schema\/logo\/image\/\",\"url\":\"https:\/\/jornalfatosenoticias.com.br\/wp-content\/uploads\/2020\/02\/logo120.png\",\"contentUrl\":\"https:\/\/jornalfatosenoticias.com.br\/wp-content\/uploads\/2020\/02\/logo120.png\",\"width\":1227,\"height\":120,\"caption\":\"Jornal Fatos e Not\u00edcias\"},\"image\":{\"@id\":\"https:\/\/jornalfatosenoticias.com.br\/#\/schema\/logo\/image\/\"}},{\"@type\":\"Person\",\"@id\":\"https:\/\/jornalfatosenoticias.com.br\/#\/schema\/person\/d63837fa13ac8666eb9e74e0985d6f81\",\"name\":\"Luzimara Fernandes\",\"image\":{\"@type\":\"ImageObject\",\"inLanguage\":\"pt-BR\",\"@id\":\"https:\/\/jornalfatosenoticias.com.br\/#\/schema\/person\/image\/\",\"url\":\"https:\/\/jornalfatosenoticias.com.br\/wp-content\/uploads\/2025\/05\/EU_portal.jpg\",\"contentUrl\":\"https:\/\/jornalfatosenoticias.com.br\/wp-content\/uploads\/2025\/05\/EU_portal.jpg\",\"caption\":\"Luzimara Fernandes\"},\"description\":\"Jornalista MTB 2358-ES\",\"sameAs\":[\"https:\/\/jornalfatosenoticias.com.br\"],\"url\":\"https:\/\/jornalfatosenoticias.com.br\/index.php\/author\/luzimara\/\"}]}<\/script>\n<!-- \/ Yoast SEO plugin. -->","yoast_head_json":{"title":"Para 97% dos professores, escola p\u00fablica dos sonhos est\u00e1 longe de ser a atual - Jornal Fatos e Not\u00edcias","robots":{"index":"index","follow":"follow","max-snippet":"max-snippet:-1","max-image-preview":"max-image-preview:large","max-video-preview":"max-video-preview:-1"},"canonical":"https:\/\/jornalfatosenoticias.com.br\/index.php\/2022\/07\/22\/para-97-dos-professores-escola-publica-dos-sonhos-esta-longe-de-ser-a-atual\/","og_locale":"pt_BR","og_type":"article","og_title":"Para 97% dos professores, escola p\u00fablica dos sonhos est\u00e1 longe de ser a atual - Jornal Fatos e Not\u00edcias","og_description":"Pesquisas rec\u00e9m-lan\u00e7adas pelo N\u00facleo de Novas Arquiteturas Pedag\u00f3gicas da Universidade de S\u00e3o Paulo, em parceria com o Instituto iungo, apontam como a escola precisa se readequar para melhorar a qualidade A escola p\u00fablica dos sonhos est\u00e1 longe de ser a atual. As aulas deveriam ser baseadas em mais metodologias ativas, a\u00a0infraestrutura\u00a0poderia melhorar, bem como o [&hellip;]","og_url":"https:\/\/jornalfatosenoticias.com.br\/index.php\/2022\/07\/22\/para-97-dos-professores-escola-publica-dos-sonhos-esta-longe-de-ser-a-atual\/","og_site_name":"Jornal Fatos e Not\u00edcias","article_published_time":"2022-07-22T13:21:51+00:00","og_image":[{"width":1000,"height":663,"url":"https:\/\/jornalfatosenoticias.com.br\/wp-content\/uploads\/2022\/07\/formacao-professores1.jpg","type":"image\/jpeg"}],"author":"Luzimara Fernandes","twitter_card":"summary_large_image","twitter_misc":{"Escrito por":"Luzimara Fernandes","Est. tempo de leitura":"3 minutos"},"schema":{"@context":"https:\/\/schema.org","@graph":[{"@type":"Article","@id":"https:\/\/jornalfatosenoticias.com.br\/index.php\/2022\/07\/22\/para-97-dos-professores-escola-publica-dos-sonhos-esta-longe-de-ser-a-atual\/#article","isPartOf":{"@id":"https:\/\/jornalfatosenoticias.com.br\/index.php\/2022\/07\/22\/para-97-dos-professores-escola-publica-dos-sonhos-esta-longe-de-ser-a-atual\/"},"author":{"name":"Luzimara Fernandes","@id":"https:\/\/jornalfatosenoticias.com.br\/#\/schema\/person\/d63837fa13ac8666eb9e74e0985d6f81"},"headline":"Para 97% dos professores, escola p\u00fablica dos sonhos est\u00e1 longe de ser a atual","datePublished":"2022-07-22T13:21:51+00:00","mainEntityOfPage":{"@id":"https:\/\/jornalfatosenoticias.com.br\/index.php\/2022\/07\/22\/para-97-dos-professores-escola-publica-dos-sonhos-esta-longe-de-ser-a-atual\/"},"wordCount":526,"commentCount":0,"publisher":{"@id":"https:\/\/jornalfatosenoticias.com.br\/#organization"},"image":{"@id":"https:\/\/jornalfatosenoticias.com.br\/index.php\/2022\/07\/22\/para-97-dos-professores-escola-publica-dos-sonhos-esta-longe-de-ser-a-atual\/#primaryimage"},"thumbnailUrl":"https:\/\/jornalfatosenoticias.com.br\/wp-content\/uploads\/2022\/07\/formacao-professores1.jpg","keywords":["escola p\u00fablica","escola p\u00fablica dos sonhos","forma\u00e7\u00e3o de professores","Instituto iungo","pesquisas","professores"],"articleSection":["Educa\u00e7\u00e3o"],"inLanguage":"pt-BR","potentialAction":[{"@type":"CommentAction","name":"Comment","target":["https:\/\/jornalfatosenoticias.com.br\/index.php\/2022\/07\/22\/para-97-dos-professores-escola-publica-dos-sonhos-esta-longe-de-ser-a-atual\/#respond"]}]},{"@type":"WebPage","@id":"https:\/\/jornalfatosenoticias.com.br\/index.php\/2022\/07\/22\/para-97-dos-professores-escola-publica-dos-sonhos-esta-longe-de-ser-a-atual\/","url":"https:\/\/jornalfatosenoticias.com.br\/index.php\/2022\/07\/22\/para-97-dos-professores-escola-publica-dos-sonhos-esta-longe-de-ser-a-atual\/","name":"Para 97% dos professores, escola p\u00fablica dos sonhos est\u00e1 longe de ser a atual - Jornal Fatos e Not\u00edcias","isPartOf":{"@id":"https:\/\/jornalfatosenoticias.com.br\/#website"},"primaryImageOfPage":{"@id":"https:\/\/jornalfatosenoticias.com.br\/index.php\/2022\/07\/22\/para-97-dos-professores-escola-publica-dos-sonhos-esta-longe-de-ser-a-atual\/#primaryimage"},"image":{"@id":"https:\/\/jornalfatosenoticias.com.br\/index.php\/2022\/07\/22\/para-97-dos-professores-escola-publica-dos-sonhos-esta-longe-de-ser-a-atual\/#primaryimage"},"thumbnailUrl":"https:\/\/jornalfatosenoticias.com.br\/wp-content\/uploads\/2022\/07\/formacao-professores1.jpg","datePublished":"2022-07-22T13:21:51+00:00","breadcrumb":{"@id":"https:\/\/jornalfatosenoticias.com.br\/index.php\/2022\/07\/22\/para-97-dos-professores-escola-publica-dos-sonhos-esta-longe-de-ser-a-atual\/#breadcrumb"},"inLanguage":"pt-BR","potentialAction":[{"@type":"ReadAction","target":["https:\/\/jornalfatosenoticias.com.br\/index.php\/2022\/07\/22\/para-97-dos-professores-escola-publica-dos-sonhos-esta-longe-de-ser-a-atual\/"]}]},{"@type":"ImageObject","inLanguage":"pt-BR","@id":"https:\/\/jornalfatosenoticias.com.br\/index.php\/2022\/07\/22\/para-97-dos-professores-escola-publica-dos-sonhos-esta-longe-de-ser-a-atual\/#primaryimage","url":"https:\/\/jornalfatosenoticias.com.br\/wp-content\/uploads\/2022\/07\/formacao-professores1.jpg","contentUrl":"https:\/\/jornalfatosenoticias.com.br\/wp-content\/uploads\/2022\/07\/formacao-professores1.jpg","width":1000,"height":663},{"@type":"BreadcrumbList","@id":"https:\/\/jornalfatosenoticias.com.br\/index.php\/2022\/07\/22\/para-97-dos-professores-escola-publica-dos-sonhos-esta-longe-de-ser-a-atual\/#breadcrumb","itemListElement":[{"@type":"ListItem","position":1,"name":"In\u00edcio","item":"https:\/\/jornalfatosenoticias.com.br\/"},{"@type":"ListItem","position":2,"name":"Para 97% dos professores, escola p\u00fablica dos sonhos est\u00e1 longe de ser a atual"}]},{"@type":"WebSite","@id":"https:\/\/jornalfatosenoticias.com.br\/#website","url":"https:\/\/jornalfatosenoticias.com.br\/","name":"Jornal Fatos e Not\u00edcias","description":"Not\u00edcias em geral","publisher":{"@id":"https:\/\/jornalfatosenoticias.com.br\/#organization"},"potentialAction":[{"@type":"SearchAction","target":{"@type":"EntryPoint","urlTemplate":"https:\/\/jornalfatosenoticias.com.br\/?s={search_term_string}"},"query-input":{"@type":"PropertyValueSpecification","valueRequired":true,"valueName":"search_term_string"}}],"inLanguage":"pt-BR"},{"@type":"Organization","@id":"https:\/\/jornalfatosenoticias.com.br\/#organization","name":"Jornal Fatos e Not\u00edcias","url":"https:\/\/jornalfatosenoticias.com.br\/","logo":{"@type":"ImageObject","inLanguage":"pt-BR","@id":"https:\/\/jornalfatosenoticias.com.br\/#\/schema\/logo\/image\/","url":"https:\/\/jornalfatosenoticias.com.br\/wp-content\/uploads\/2020\/02\/logo120.png","contentUrl":"https:\/\/jornalfatosenoticias.com.br\/wp-content\/uploads\/2020\/02\/logo120.png","width":1227,"height":120,"caption":"Jornal Fatos e Not\u00edcias"},"image":{"@id":"https:\/\/jornalfatosenoticias.com.br\/#\/schema\/logo\/image\/"}},{"@type":"Person","@id":"https:\/\/jornalfatosenoticias.com.br\/#\/schema\/person\/d63837fa13ac8666eb9e74e0985d6f81","name":"Luzimara Fernandes","image":{"@type":"ImageObject","inLanguage":"pt-BR","@id":"https:\/\/jornalfatosenoticias.com.br\/#\/schema\/person\/image\/","url":"https:\/\/jornalfatosenoticias.com.br\/wp-content\/uploads\/2025\/05\/EU_portal.jpg","contentUrl":"https:\/\/jornalfatosenoticias.com.br\/wp-content\/uploads\/2025\/05\/EU_portal.jpg","caption":"Luzimara Fernandes"},"description":"Jornalista MTB 2358-ES","sameAs":["https:\/\/jornalfatosenoticias.com.br"],"url":"https:\/\/jornalfatosenoticias.com.br\/index.php\/author\/luzimara\/"}]}},"cc_featured_image_caption":{"caption_text":"(Foto: Rodrigo Zaim\/R.U.A Fotocoletivo) ","source_text":"","source_url":""},"jetpack_featured_media_url":"https:\/\/jornalfatosenoticias.com.br\/wp-content\/uploads\/2022\/07\/formacao-professores1.jpg","_links":{"self":[{"href":"https:\/\/jornalfatosenoticias.com.br\/index.php\/wp-json\/wp\/v2\/posts\/32536","targetHints":{"allow":["GET"]}}],"collection":[{"href":"https:\/\/jornalfatosenoticias.com.br\/index.php\/wp-json\/wp\/v2\/posts"}],"about":[{"href":"https:\/\/jornalfatosenoticias.com.br\/index.php\/wp-json\/wp\/v2\/types\/post"}],"author":[{"embeddable":true,"href":"https:\/\/jornalfatosenoticias.com.br\/index.php\/wp-json\/wp\/v2\/users\/2"}],"replies":[{"embeddable":true,"href":"https:\/\/jornalfatosenoticias.com.br\/index.php\/wp-json\/wp\/v2\/comments?post=32536"}],"version-history":[{"count":0,"href":"https:\/\/jornalfatosenoticias.com.br\/index.php\/wp-json\/wp\/v2\/posts\/32536\/revisions"}],"wp:featuredmedia":[{"embeddable":true,"href":"https:\/\/jornalfatosenoticias.com.br\/index.php\/wp-json\/wp\/v2\/media\/32539"}],"wp:attachment":[{"href":"https:\/\/jornalfatosenoticias.com.br\/index.php\/wp-json\/wp\/v2\/media?parent=32536"}],"wp:term":[{"taxonomy":"category","embeddable":true,"href":"https:\/\/jornalfatosenoticias.com.br\/index.php\/wp-json\/wp\/v2\/categories?post=32536"},{"taxonomy":"post_tag","embeddable":true,"href":"https:\/\/jornalfatosenoticias.com.br\/index.php\/wp-json\/wp\/v2\/tags?post=32536"}],"curies":[{"name":"wp","href":"https:\/\/api.w.org\/{rel}","templated":true}]}}