{"id":32544,"date":"2022-07-22T10:42:43","date_gmt":"2022-07-22T13:42:43","guid":{"rendered":"https:\/\/jornalfatosenoticias.com.br\/?p=32544"},"modified":"2022-07-22T10:42:44","modified_gmt":"2022-07-22T13:42:44","slug":"contingente-de-idosos-residentes-no-brasil-aumenta-398-em-nove-anos","status":"publish","type":"post","link":"https:\/\/jornalfatosenoticias.com.br\/index.php\/2022\/07\/22\/contingente-de-idosos-residentes-no-brasil-aumenta-398-em-nove-anos\/","title":{"rendered":"Contingente de idosos residentes no Brasil aumenta 39,8% em nove anos"},"content":{"rendered":"\n<p><em><span class=\"has-inline-color has-black-color\">J\u00e1 o n\u00famero de pessoas com menos de 30 anos caiu 5,4% no per\u00edodo<\/span><\/em><\/p>\n\n\n\n<div class=\"wp-block-image\"><figure class=\"aligncenter size-large is-resized\"><img loading=\"lazy\" decoding=\"async\" src=\"https:\/\/jornalfatosenoticias.com.br\/wp-content\/uploads\/2022\/02\/Arte-Autoescola-Galatas_endereco_portal-1024x103.png\" alt=\"\" class=\"wp-image-27869\" width=\"520\" height=\"52\" srcset=\"https:\/\/jornalfatosenoticias.com.br\/wp-content\/uploads\/2022\/02\/Arte-Autoescola-Galatas_endereco_portal-1024x103.png 1024w, https:\/\/jornalfatosenoticias.com.br\/wp-content\/uploads\/2022\/02\/Arte-Autoescola-Galatas_endereco_portal-300x30.png 300w, https:\/\/jornalfatosenoticias.com.br\/wp-content\/uploads\/2022\/02\/Arte-Autoescola-Galatas_endereco_portal-768x77.png 768w, https:\/\/jornalfatosenoticias.com.br\/wp-content\/uploads\/2022\/02\/Arte-Autoescola-Galatas_endereco_portal.png 1223w\" sizes=\"auto, (max-width: 520px) 100vw, 520px\" \/><\/figure><\/div>\n\n\n\n<p>Um novo levantamento realizado pela Instituto Brasileiro de Geografia e Estat\u00edstica (IBGE) aponta que pessoas com 60 anos ou mais representam 14,7% da popula\u00e7\u00e3o residente no Brasil em 2021. Em n\u00fameros absolutos, s\u00e3o aproximadamente 31,23 milh\u00f5es de pessoas. Os dados s\u00e3o da Pesquisa Nacional por Amostra de Domic\u00edlios Cont\u00ednua (Pnad Cont\u00ednua), divulgada hoje (22).<br>Nos \u00faltimos nove anos, o contingente de idosos residentes no Brasil aumentou 39,8%. Em 2012, quando teve in\u00edcio a s\u00e9rie hist\u00f3rica da Pnad Cont\u00ednua, moravam no pa\u00eds 22,34 milh\u00f5es de pessoas com 60 anos ou mais, representando na \u00e9poca 11,3% de toda a popula\u00e7\u00e3o residente.<br>Segundo o analista do IBGE, Gustavo Fontes, as mudan\u00e7as demogr\u00e1ficas mapeadas na Pnad Cont\u00ednua fornecem subs\u00eddios para decis\u00f5es administrativa. <\/p>\n\n\n\n<div class=\"wp-block-image\"><figure class=\"aligncenter size-large is-resized\"><img loading=\"lazy\" decoding=\"async\" src=\"https:\/\/jornalfatosenoticias.com.br\/wp-content\/uploads\/2022\/07\/Assinatura-Marketing-1024x300.png\" alt=\"\" class=\"wp-image-31962\" width=\"396\" height=\"115\" srcset=\"https:\/\/jornalfatosenoticias.com.br\/wp-content\/uploads\/2022\/07\/Assinatura-Marketing-1024x300.png 1024w, https:\/\/jornalfatosenoticias.com.br\/wp-content\/uploads\/2022\/07\/Assinatura-Marketing-300x88.png 300w, https:\/\/jornalfatosenoticias.com.br\/wp-content\/uploads\/2022\/07\/Assinatura-Marketing-768x225.png 768w, https:\/\/jornalfatosenoticias.com.br\/wp-content\/uploads\/2022\/07\/Assinatura-Marketing-1536x451.png 1536w, https:\/\/jornalfatosenoticias.com.br\/wp-content\/uploads\/2022\/07\/Assinatura-Marketing-2048x601.png 2048w\" sizes=\"auto, (max-width: 396px) 100vw, 396px\" \/><\/figure><\/div>\n\n\n\n<blockquote class=\"wp-block-quote is-layout-flow wp-block-quote-is-layout-flow\"><p><span class=\"has-inline-color has-luminous-vivid-orange-color\">&#8220;Podem ter impactos para demandas de pol\u00edticas p\u00fablicas, por exemplo, em quest\u00f5es relacionadas \u00e0 previd\u00eancia social, \u00e0 sa\u00fade p\u00fablica, \u00e0s vagas nas escolas&#8221;, diz.<\/span><\/p><\/blockquote>\n\n\n\n<div class=\"wp-block-image\"><figure class=\"alignright size-large is-resized\"><img loading=\"lazy\" decoding=\"async\" src=\"https:\/\/jornalfatosenoticias.com.br\/wp-content\/uploads\/2020\/02\/Suinco-1024x389.jpg\" alt=\"\" class=\"wp-image-28883\" width=\"314\" height=\"119\" srcset=\"https:\/\/jornalfatosenoticias.com.br\/wp-content\/uploads\/2020\/02\/Suinco-1024x389.jpg 1024w, https:\/\/jornalfatosenoticias.com.br\/wp-content\/uploads\/2020\/02\/Suinco-300x114.jpg 300w, https:\/\/jornalfatosenoticias.com.br\/wp-content\/uploads\/2020\/02\/Suinco-768x292.jpg 768w, https:\/\/jornalfatosenoticias.com.br\/wp-content\/uploads\/2020\/02\/Suinco.jpg 1220w\" sizes=\"auto, (max-width: 314px) 100vw, 314px\" \/><\/figure><\/div>\n\n\n\n<p>A Pnad Cont\u00ednua re\u00fane informa\u00e7\u00f5es relacionadas a caracter\u00edsticas gerais dos domic\u00edlios e moradores de todas as regi\u00f5es do Brasil. H\u00e1 dados referentes \u00e0 composi\u00e7\u00e3o da popula\u00e7\u00e3o residente no Pa\u00eds em rela\u00e7\u00e3o a sexo, idade e ra\u00e7a. A nova edi\u00e7\u00e3o traz os resultados referentes ao ano de 2021, permitindo a compara\u00e7\u00e3o com anos anteriores. Os dados levantados possibilitam an\u00e1lises a partir de enquadramentos sociais e demogr\u00e1ficos.<br>Gustavo Fontes observa que os n\u00fameros populacionais foram estimados de forma amostral e que, com a realiza\u00e7\u00e3o do censo demogr\u00e1fico neste ano, ser\u00e1 poss\u00edvel fazer uma revis\u00e3o melhorando a precis\u00e3o dos resultados. Considerando os impactos da covid-19, algum ajuste poder\u00e1 ocorrer tendo em vista, sobretudo, a mortalidade de idosos em meio \u00e0 pandemia. No entanto, levando em conta o universo populacional do Pa\u00eds, o IBGE avalia que possivelmente n\u00e3o haver\u00e1 grandes diferen\u00e7as.<\/p>\n\n\n\n<div class=\"wp-block-image\"><figure class=\"aligncenter size-large is-resized\"><img loading=\"lazy\" decoding=\"async\" src=\"https:\/\/jornalfatosenoticias.com.br\/wp-content\/uploads\/2022\/05\/NOVA-LOGO-CESCONETTO-1024x100.jpg\" alt=\"\" class=\"wp-image-30792\" width=\"529\" height=\"51\" srcset=\"https:\/\/jornalfatosenoticias.com.br\/wp-content\/uploads\/2022\/05\/NOVA-LOGO-CESCONETTO-1024x100.jpg 1024w, https:\/\/jornalfatosenoticias.com.br\/wp-content\/uploads\/2022\/05\/NOVA-LOGO-CESCONETTO-300x29.jpg 300w, https:\/\/jornalfatosenoticias.com.br\/wp-content\/uploads\/2022\/05\/NOVA-LOGO-CESCONETTO-768x75.jpg 768w, https:\/\/jornalfatosenoticias.com.br\/wp-content\/uploads\/2022\/05\/NOVA-LOGO-CESCONETTO.jpg 1280w\" sizes=\"auto, (max-width: 529px) 100vw, 529px\" \/><\/figure><\/div>\n\n\n\n<p><strong><span class=\"has-inline-color has-vivid-purple-color\">Popula\u00e7\u00e3o jovem<br><\/span><\/strong>O IBGE tamb\u00e9m constata que h\u00e1 uma tend\u00eancia de queda na propor\u00e7\u00e3o da popula\u00e7\u00e3o mais jovem. Em 2012, 49,9% dos residentes no Brasil tinham menos de 30 anos. No ano passado, apenas 43,9% dos moradores do Pa\u00eds situavam-se nessa faixa et\u00e1ria. As estimativas apresentadas no levantamento apontam ainda uma redu\u00e7\u00e3o da popula\u00e7\u00e3o mais jovem em n\u00fameros absolutos. H\u00e1 hoje no Pa\u00eds cerca de 131,93 milh\u00f5es de residentes com menos de 30 anos, 5,4% a menos do que em 2012.<\/p>\n\n\n\n<div class=\"wp-block-image\"><figure class=\"aligncenter size-large is-resized\"><img loading=\"lazy\" decoding=\"async\" src=\"https:\/\/jornalfatosenoticias.com.br\/wp-content\/uploads\/2022\/02\/Serra-Pack-459.png\" alt=\"\" class=\"wp-image-27471\" width=\"355\" height=\"142\"\/><\/figure><\/div>\n\n\n\n<blockquote class=\"wp-block-quote is-layout-flow wp-block-quote-is-layout-flow\"><p><span class=\"has-inline-color has-luminous-vivid-orange-color\">&#8220;As maiores taxas de redu\u00e7\u00f5es no contingente populacional foram estimadas para os grupos que compreendiam as pessoas de 10 a 13 anos e de 14 a 17 anos de idade. Ambos registraram diminui\u00e7\u00e3o de 12,7%, no per\u00edodo&#8221;, aponta o levantamento do IBGE.<\/span><\/p><\/blockquote>\n\n\n\n<div class=\"wp-block-image\"><figure class=\"alignleft size-large is-resized\"><img loading=\"lazy\" decoding=\"async\" src=\"https:\/\/jornalfatosenoticias.com.br\/wp-content\/uploads\/2020\/02\/nova-logo-Marquetti.jpg\" alt=\"\" class=\"wp-image-22331\" width=\"272\" height=\"182\" srcset=\"https:\/\/jornalfatosenoticias.com.br\/wp-content\/uploads\/2020\/02\/nova-logo-Marquetti.jpg 643w, https:\/\/jornalfatosenoticias.com.br\/wp-content\/uploads\/2020\/02\/nova-logo-Marquetti-300x202.jpg 300w\" sizes=\"auto, (max-width: 272px) 100vw, 272px\" \/><\/figure><\/div>\n\n\n\n<p>Considerando a estimativa para todas as faixas et\u00e1rias, foram contabilizados 212,7 milh\u00f5es de residentes em 2021. Houve um crescimento de 7,6% na compara\u00e7\u00e3o com os 197,7 milh\u00f5es de pessoas que moravam no Brasil em 2012. Os maiores aumentos foram registrados nas regi\u00f5es Centro-Oeste (13%) e Norte (12,9%). Ainda assim, ambas mantiveram as menores participa\u00e7\u00f5es na popula\u00e7\u00e3o total (7,8% e 8,7%, respectivamente). Por sua vez, a regi\u00e3o Sudeste, com uma concentra\u00e7\u00e3o de 42,1% do total de residentes no Pa\u00eds, registrou crescimento 7,3% em seu contingente populacional. Na regi\u00e3o Nordeste, observou-se o menor aumento, de 5,1%.<\/p>\n\n\n\n<div class=\"wp-block-image\"><figure class=\"alignright size-large\"><img decoding=\"async\" src=\"https:\/\/jornalfatosenoticias.com.br\/wp-content\/uploads\/2020\/02\/logo_esteio.jpg\" alt=\"\" class=\"wp-image-1214\"\/><\/figure><\/div>\n\n\n\n<p><strong><span class=\"has-inline-color has-vivid-purple-color\">Depend\u00eancia econ\u00f4mica<br><\/span><\/strong>A Pnad Cont\u00ednua tamb\u00e9m faz um levantamento da depend\u00eancia demogr\u00e1fica, medida a partir da rela\u00e7\u00e3o entre a popula\u00e7\u00e3o economicamente dependente, que inclui jovens at\u00e9 14 anos e idosos a partir de 65 anos, e a popula\u00e7\u00e3o potencialmente ativa, na qual se enquadram as pessoas entre 15 e 64 anos.<br>Segundo o IBGE, esse \u00edndice contribui para evidenciar mudan\u00e7as na estrutura et\u00e1ria brasileira e para compreender a carga econ\u00f4mica sobre a faixa de idade com maior potencial para exercer atividades produtivas. Quanto maior a raz\u00e3o, maior \u00e9 o peso econ\u00f4mico sobre essa faixa et\u00e1ria potencialmente ativa.<\/p>\n\n\n\n<div class=\"wp-block-image\"><figure class=\"aligncenter size-large is-resized\"><img loading=\"lazy\" decoding=\"async\" src=\"https:\/\/jornalfatosenoticias.com.br\/wp-content\/uploads\/2020\/02\/Serra-Grande-1024x160.png\" alt=\"\" class=\"wp-image-7836\" width=\"516\" height=\"80\"\/><\/figure><\/div>\n\n\n\n<blockquote class=\"wp-block-quote is-layout-flow wp-block-quote-is-layout-flow\"><p><span class=\"has-inline-color has-luminous-vivid-orange-color\">&#8220;Ao comparar com 2012, a raz\u00e3o de depend\u00eancia total em 2021 apresentou pequena queda, passando de 45,7, em 2012, para 44,6, em 2021. No entanto, essa queda n\u00e3o foi constante no per\u00edodo, pois ao comparar 2021 com 2017, ano em que o indicador foi estimado em 43,9, verifica-se ligeiro aumento na raz\u00e3o de depend\u00eancia total. As mudan\u00e7as na raz\u00e3o de depend\u00eancia est\u00e3o diretamente associadas \u00e0 diminui\u00e7\u00e3o da fecundidade e ao aumento na longevidade da popula\u00e7\u00e3o&#8221;, registra o levantamento.<\/span><\/p><\/blockquote>\n\n\n\n<p><strong><em>Fonte: <a href=\"https:\/\/agenciabrasil.ebc.com.br\/geral\/noticia\/2022-07\/contingente-de-idosos-residentes-no-brasil-aumenta-398-em-9-anos\">Ag\u00eancia Brasil<\/a><\/em><\/strong><\/p>\n","protected":false},"excerpt":{"rendered":"<p>J\u00e1 o n\u00famero de pessoas com menos de 30 anos caiu 5,4% no per\u00edodo Um novo levantamento realizado pela Instituto Brasileiro de Geografia e Estat\u00edstica (IBGE) aponta que pessoas com 60 anos ou mais representam 14,7% da popula\u00e7\u00e3o residente no Brasil em 2021. Em n\u00fameros absolutos, s\u00e3o aproximadamente 31,23 milh\u00f5es de pessoas. Os dados s\u00e3o [&hellip;]<\/p>\n","protected":false},"author":2,"featured_media":32545,"comment_status":"open","ping_status":"open","sticky":false,"template":"","format":"standard","meta":{"footnotes":""},"categories":[2522],"tags":[1281,850,1284,828,15357],"class_list":["post-32544","post","type-post","status-publish","format-standard","has-post-thumbnail","hentry","category-comportamento","tag-ibge","tag-idosos","tag-pnad-continua","tag-populacao","tag-populacao-idosa"],"yoast_head":"<!-- This site is optimized with the Yoast SEO plugin v26.5 - https:\/\/yoast.com\/wordpress\/plugins\/seo\/ -->\n<title>Contingente de idosos residentes no Brasil aumenta 39,8% em nove anos - Jornal Fatos e Not\u00edcias<\/title>\n<meta name=\"robots\" content=\"index, follow, max-snippet:-1, max-image-preview:large, max-video-preview:-1\" \/>\n<link rel=\"canonical\" href=\"https:\/\/jornalfatosenoticias.com.br\/index.php\/2022\/07\/22\/contingente-de-idosos-residentes-no-brasil-aumenta-398-em-nove-anos\/\" \/>\n<meta property=\"og:locale\" content=\"pt_BR\" \/>\n<meta property=\"og:type\" content=\"article\" \/>\n<meta property=\"og:title\" content=\"Contingente de idosos residentes no Brasil aumenta 39,8% em nove anos - Jornal Fatos e Not\u00edcias\" \/>\n<meta property=\"og:description\" content=\"J\u00e1 o n\u00famero de pessoas com menos de 30 anos caiu 5,4% no per\u00edodo Um novo levantamento realizado pela Instituto Brasileiro de Geografia e Estat\u00edstica (IBGE) aponta que pessoas com 60 anos ou mais representam 14,7% da popula\u00e7\u00e3o residente no Brasil em 2021. Em n\u00fameros absolutos, s\u00e3o aproximadamente 31,23 milh\u00f5es de pessoas. Os dados s\u00e3o [&hellip;]\" \/>\n<meta property=\"og:url\" content=\"https:\/\/jornalfatosenoticias.com.br\/index.php\/2022\/07\/22\/contingente-de-idosos-residentes-no-brasil-aumenta-398-em-nove-anos\/\" \/>\n<meta property=\"og:site_name\" content=\"Jornal Fatos e Not\u00edcias\" \/>\n<meta property=\"article:published_time\" content=\"2022-07-22T13:42:43+00:00\" \/>\n<meta property=\"article:modified_time\" content=\"2022-07-22T13:42:44+00:00\" \/>\n<meta property=\"og:image\" content=\"https:\/\/jornalfatosenoticias.com.br\/wp-content\/uploads\/2022\/07\/populacao-idosa.jpg\" \/>\n\t<meta property=\"og:image:width\" content=\"1000\" \/>\n\t<meta property=\"og:image:height\" content=\"598\" \/>\n\t<meta property=\"og:image:type\" content=\"image\/jpeg\" \/>\n<meta name=\"author\" content=\"Luzimara Fernandes\" \/>\n<meta name=\"twitter:card\" content=\"summary_large_image\" \/>\n<meta name=\"twitter:label1\" content=\"Escrito por\" \/>\n\t<meta name=\"twitter:data1\" content=\"Luzimara Fernandes\" \/>\n\t<meta name=\"twitter:label2\" content=\"Est. tempo de leitura\" \/>\n\t<meta name=\"twitter:data2\" content=\"4 minutos\" \/>\n<script type=\"application\/ld+json\" class=\"yoast-schema-graph\">{\"@context\":\"https:\/\/schema.org\",\"@graph\":[{\"@type\":\"Article\",\"@id\":\"https:\/\/jornalfatosenoticias.com.br\/index.php\/2022\/07\/22\/contingente-de-idosos-residentes-no-brasil-aumenta-398-em-nove-anos\/#article\",\"isPartOf\":{\"@id\":\"https:\/\/jornalfatosenoticias.com.br\/index.php\/2022\/07\/22\/contingente-de-idosos-residentes-no-brasil-aumenta-398-em-nove-anos\/\"},\"author\":{\"name\":\"Luzimara Fernandes\",\"@id\":\"https:\/\/jornalfatosenoticias.com.br\/#\/schema\/person\/d63837fa13ac8666eb9e74e0985d6f81\"},\"headline\":\"Contingente de idosos residentes no Brasil aumenta 39,8% em nove anos\",\"datePublished\":\"2022-07-22T13:42:43+00:00\",\"dateModified\":\"2022-07-22T13:42:44+00:00\",\"mainEntityOfPage\":{\"@id\":\"https:\/\/jornalfatosenoticias.com.br\/index.php\/2022\/07\/22\/contingente-de-idosos-residentes-no-brasil-aumenta-398-em-nove-anos\/\"},\"wordCount\":748,\"commentCount\":0,\"publisher\":{\"@id\":\"https:\/\/jornalfatosenoticias.com.br\/#organization\"},\"image\":{\"@id\":\"https:\/\/jornalfatosenoticias.com.br\/index.php\/2022\/07\/22\/contingente-de-idosos-residentes-no-brasil-aumenta-398-em-nove-anos\/#primaryimage\"},\"thumbnailUrl\":\"https:\/\/jornalfatosenoticias.com.br\/wp-content\/uploads\/2022\/07\/populacao-idosa.jpg\",\"keywords\":[\"IBGE\",\"idosos\",\"Pnad Cont\u00ednua\",\"popula\u00e7\u00e3o\",\"popula\u00e7\u00e3o idosa\"],\"articleSection\":[\"Comportamento &amp; Equil\u00edbrio\"],\"inLanguage\":\"pt-BR\",\"potentialAction\":[{\"@type\":\"CommentAction\",\"name\":\"Comment\",\"target\":[\"https:\/\/jornalfatosenoticias.com.br\/index.php\/2022\/07\/22\/contingente-de-idosos-residentes-no-brasil-aumenta-398-em-nove-anos\/#respond\"]}]},{\"@type\":\"WebPage\",\"@id\":\"https:\/\/jornalfatosenoticias.com.br\/index.php\/2022\/07\/22\/contingente-de-idosos-residentes-no-brasil-aumenta-398-em-nove-anos\/\",\"url\":\"https:\/\/jornalfatosenoticias.com.br\/index.php\/2022\/07\/22\/contingente-de-idosos-residentes-no-brasil-aumenta-398-em-nove-anos\/\",\"name\":\"Contingente de idosos residentes no Brasil aumenta 39,8% em nove anos - Jornal Fatos e Not\u00edcias\",\"isPartOf\":{\"@id\":\"https:\/\/jornalfatosenoticias.com.br\/#website\"},\"primaryImageOfPage\":{\"@id\":\"https:\/\/jornalfatosenoticias.com.br\/index.php\/2022\/07\/22\/contingente-de-idosos-residentes-no-brasil-aumenta-398-em-nove-anos\/#primaryimage\"},\"image\":{\"@id\":\"https:\/\/jornalfatosenoticias.com.br\/index.php\/2022\/07\/22\/contingente-de-idosos-residentes-no-brasil-aumenta-398-em-nove-anos\/#primaryimage\"},\"thumbnailUrl\":\"https:\/\/jornalfatosenoticias.com.br\/wp-content\/uploads\/2022\/07\/populacao-idosa.jpg\",\"datePublished\":\"2022-07-22T13:42:43+00:00\",\"dateModified\":\"2022-07-22T13:42:44+00:00\",\"breadcrumb\":{\"@id\":\"https:\/\/jornalfatosenoticias.com.br\/index.php\/2022\/07\/22\/contingente-de-idosos-residentes-no-brasil-aumenta-398-em-nove-anos\/#breadcrumb\"},\"inLanguage\":\"pt-BR\",\"potentialAction\":[{\"@type\":\"ReadAction\",\"target\":[\"https:\/\/jornalfatosenoticias.com.br\/index.php\/2022\/07\/22\/contingente-de-idosos-residentes-no-brasil-aumenta-398-em-nove-anos\/\"]}]},{\"@type\":\"ImageObject\",\"inLanguage\":\"pt-BR\",\"@id\":\"https:\/\/jornalfatosenoticias.com.br\/index.php\/2022\/07\/22\/contingente-de-idosos-residentes-no-brasil-aumenta-398-em-nove-anos\/#primaryimage\",\"url\":\"https:\/\/jornalfatosenoticias.com.br\/wp-content\/uploads\/2022\/07\/populacao-idosa.jpg\",\"contentUrl\":\"https:\/\/jornalfatosenoticias.com.br\/wp-content\/uploads\/2022\/07\/populacao-idosa.jpg\",\"width\":1000,\"height\":598},{\"@type\":\"BreadcrumbList\",\"@id\":\"https:\/\/jornalfatosenoticias.com.br\/index.php\/2022\/07\/22\/contingente-de-idosos-residentes-no-brasil-aumenta-398-em-nove-anos\/#breadcrumb\",\"itemListElement\":[{\"@type\":\"ListItem\",\"position\":1,\"name\":\"In\u00edcio\",\"item\":\"https:\/\/jornalfatosenoticias.com.br\/\"},{\"@type\":\"ListItem\",\"position\":2,\"name\":\"Contingente de idosos residentes no Brasil aumenta 39,8% em nove anos\"}]},{\"@type\":\"WebSite\",\"@id\":\"https:\/\/jornalfatosenoticias.com.br\/#website\",\"url\":\"https:\/\/jornalfatosenoticias.com.br\/\",\"name\":\"Jornal Fatos e Not\u00edcias\",\"description\":\"Not\u00edcias em geral\",\"publisher\":{\"@id\":\"https:\/\/jornalfatosenoticias.com.br\/#organization\"},\"potentialAction\":[{\"@type\":\"SearchAction\",\"target\":{\"@type\":\"EntryPoint\",\"urlTemplate\":\"https:\/\/jornalfatosenoticias.com.br\/?s={search_term_string}\"},\"query-input\":{\"@type\":\"PropertyValueSpecification\",\"valueRequired\":true,\"valueName\":\"search_term_string\"}}],\"inLanguage\":\"pt-BR\"},{\"@type\":\"Organization\",\"@id\":\"https:\/\/jornalfatosenoticias.com.br\/#organization\",\"name\":\"Jornal Fatos e Not\u00edcias\",\"url\":\"https:\/\/jornalfatosenoticias.com.br\/\",\"logo\":{\"@type\":\"ImageObject\",\"inLanguage\":\"pt-BR\",\"@id\":\"https:\/\/jornalfatosenoticias.com.br\/#\/schema\/logo\/image\/\",\"url\":\"https:\/\/jornalfatosenoticias.com.br\/wp-content\/uploads\/2020\/02\/logo120.png\",\"contentUrl\":\"https:\/\/jornalfatosenoticias.com.br\/wp-content\/uploads\/2020\/02\/logo120.png\",\"width\":1227,\"height\":120,\"caption\":\"Jornal Fatos e Not\u00edcias\"},\"image\":{\"@id\":\"https:\/\/jornalfatosenoticias.com.br\/#\/schema\/logo\/image\/\"}},{\"@type\":\"Person\",\"@id\":\"https:\/\/jornalfatosenoticias.com.br\/#\/schema\/person\/d63837fa13ac8666eb9e74e0985d6f81\",\"name\":\"Luzimara Fernandes\",\"image\":{\"@type\":\"ImageObject\",\"inLanguage\":\"pt-BR\",\"@id\":\"https:\/\/jornalfatosenoticias.com.br\/#\/schema\/person\/image\/\",\"url\":\"https:\/\/jornalfatosenoticias.com.br\/wp-content\/uploads\/2025\/05\/EU_portal.jpg\",\"contentUrl\":\"https:\/\/jornalfatosenoticias.com.br\/wp-content\/uploads\/2025\/05\/EU_portal.jpg\",\"caption\":\"Luzimara Fernandes\"},\"description\":\"Jornalista MTB 2358-ES\",\"sameAs\":[\"https:\/\/jornalfatosenoticias.com.br\"],\"url\":\"https:\/\/jornalfatosenoticias.com.br\/index.php\/author\/luzimara\/\"}]}<\/script>\n<!-- \/ Yoast SEO plugin. -->","yoast_head_json":{"title":"Contingente de idosos residentes no Brasil aumenta 39,8% em nove anos - Jornal Fatos e Not\u00edcias","robots":{"index":"index","follow":"follow","max-snippet":"max-snippet:-1","max-image-preview":"max-image-preview:large","max-video-preview":"max-video-preview:-1"},"canonical":"https:\/\/jornalfatosenoticias.com.br\/index.php\/2022\/07\/22\/contingente-de-idosos-residentes-no-brasil-aumenta-398-em-nove-anos\/","og_locale":"pt_BR","og_type":"article","og_title":"Contingente de idosos residentes no Brasil aumenta 39,8% em nove anos - Jornal Fatos e Not\u00edcias","og_description":"J\u00e1 o n\u00famero de pessoas com menos de 30 anos caiu 5,4% no per\u00edodo Um novo levantamento realizado pela Instituto Brasileiro de Geografia e Estat\u00edstica (IBGE) aponta que pessoas com 60 anos ou mais representam 14,7% da popula\u00e7\u00e3o residente no Brasil em 2021. Em n\u00fameros absolutos, s\u00e3o aproximadamente 31,23 milh\u00f5es de pessoas. Os dados s\u00e3o [&hellip;]","og_url":"https:\/\/jornalfatosenoticias.com.br\/index.php\/2022\/07\/22\/contingente-de-idosos-residentes-no-brasil-aumenta-398-em-nove-anos\/","og_site_name":"Jornal Fatos e Not\u00edcias","article_published_time":"2022-07-22T13:42:43+00:00","article_modified_time":"2022-07-22T13:42:44+00:00","og_image":[{"width":1000,"height":598,"url":"https:\/\/jornalfatosenoticias.com.br\/wp-content\/uploads\/2022\/07\/populacao-idosa.jpg","type":"image\/jpeg"}],"author":"Luzimara Fernandes","twitter_card":"summary_large_image","twitter_misc":{"Escrito por":"Luzimara Fernandes","Est. tempo de leitura":"4 minutos"},"schema":{"@context":"https:\/\/schema.org","@graph":[{"@type":"Article","@id":"https:\/\/jornalfatosenoticias.com.br\/index.php\/2022\/07\/22\/contingente-de-idosos-residentes-no-brasil-aumenta-398-em-nove-anos\/#article","isPartOf":{"@id":"https:\/\/jornalfatosenoticias.com.br\/index.php\/2022\/07\/22\/contingente-de-idosos-residentes-no-brasil-aumenta-398-em-nove-anos\/"},"author":{"name":"Luzimara Fernandes","@id":"https:\/\/jornalfatosenoticias.com.br\/#\/schema\/person\/d63837fa13ac8666eb9e74e0985d6f81"},"headline":"Contingente de idosos residentes no Brasil aumenta 39,8% em nove anos","datePublished":"2022-07-22T13:42:43+00:00","dateModified":"2022-07-22T13:42:44+00:00","mainEntityOfPage":{"@id":"https:\/\/jornalfatosenoticias.com.br\/index.php\/2022\/07\/22\/contingente-de-idosos-residentes-no-brasil-aumenta-398-em-nove-anos\/"},"wordCount":748,"commentCount":0,"publisher":{"@id":"https:\/\/jornalfatosenoticias.com.br\/#organization"},"image":{"@id":"https:\/\/jornalfatosenoticias.com.br\/index.php\/2022\/07\/22\/contingente-de-idosos-residentes-no-brasil-aumenta-398-em-nove-anos\/#primaryimage"},"thumbnailUrl":"https:\/\/jornalfatosenoticias.com.br\/wp-content\/uploads\/2022\/07\/populacao-idosa.jpg","keywords":["IBGE","idosos","Pnad Cont\u00ednua","popula\u00e7\u00e3o","popula\u00e7\u00e3o idosa"],"articleSection":["Comportamento &amp; Equil\u00edbrio"],"inLanguage":"pt-BR","potentialAction":[{"@type":"CommentAction","name":"Comment","target":["https:\/\/jornalfatosenoticias.com.br\/index.php\/2022\/07\/22\/contingente-de-idosos-residentes-no-brasil-aumenta-398-em-nove-anos\/#respond"]}]},{"@type":"WebPage","@id":"https:\/\/jornalfatosenoticias.com.br\/index.php\/2022\/07\/22\/contingente-de-idosos-residentes-no-brasil-aumenta-398-em-nove-anos\/","url":"https:\/\/jornalfatosenoticias.com.br\/index.php\/2022\/07\/22\/contingente-de-idosos-residentes-no-brasil-aumenta-398-em-nove-anos\/","name":"Contingente de idosos residentes no Brasil aumenta 39,8% em nove anos - Jornal Fatos e Not\u00edcias","isPartOf":{"@id":"https:\/\/jornalfatosenoticias.com.br\/#website"},"primaryImageOfPage":{"@id":"https:\/\/jornalfatosenoticias.com.br\/index.php\/2022\/07\/22\/contingente-de-idosos-residentes-no-brasil-aumenta-398-em-nove-anos\/#primaryimage"},"image":{"@id":"https:\/\/jornalfatosenoticias.com.br\/index.php\/2022\/07\/22\/contingente-de-idosos-residentes-no-brasil-aumenta-398-em-nove-anos\/#primaryimage"},"thumbnailUrl":"https:\/\/jornalfatosenoticias.com.br\/wp-content\/uploads\/2022\/07\/populacao-idosa.jpg","datePublished":"2022-07-22T13:42:43+00:00","dateModified":"2022-07-22T13:42:44+00:00","breadcrumb":{"@id":"https:\/\/jornalfatosenoticias.com.br\/index.php\/2022\/07\/22\/contingente-de-idosos-residentes-no-brasil-aumenta-398-em-nove-anos\/#breadcrumb"},"inLanguage":"pt-BR","potentialAction":[{"@type":"ReadAction","target":["https:\/\/jornalfatosenoticias.com.br\/index.php\/2022\/07\/22\/contingente-de-idosos-residentes-no-brasil-aumenta-398-em-nove-anos\/"]}]},{"@type":"ImageObject","inLanguage":"pt-BR","@id":"https:\/\/jornalfatosenoticias.com.br\/index.php\/2022\/07\/22\/contingente-de-idosos-residentes-no-brasil-aumenta-398-em-nove-anos\/#primaryimage","url":"https:\/\/jornalfatosenoticias.com.br\/wp-content\/uploads\/2022\/07\/populacao-idosa.jpg","contentUrl":"https:\/\/jornalfatosenoticias.com.br\/wp-content\/uploads\/2022\/07\/populacao-idosa.jpg","width":1000,"height":598},{"@type":"BreadcrumbList","@id":"https:\/\/jornalfatosenoticias.com.br\/index.php\/2022\/07\/22\/contingente-de-idosos-residentes-no-brasil-aumenta-398-em-nove-anos\/#breadcrumb","itemListElement":[{"@type":"ListItem","position":1,"name":"In\u00edcio","item":"https:\/\/jornalfatosenoticias.com.br\/"},{"@type":"ListItem","position":2,"name":"Contingente de idosos residentes no Brasil aumenta 39,8% em nove anos"}]},{"@type":"WebSite","@id":"https:\/\/jornalfatosenoticias.com.br\/#website","url":"https:\/\/jornalfatosenoticias.com.br\/","name":"Jornal Fatos e Not\u00edcias","description":"Not\u00edcias em geral","publisher":{"@id":"https:\/\/jornalfatosenoticias.com.br\/#organization"},"potentialAction":[{"@type":"SearchAction","target":{"@type":"EntryPoint","urlTemplate":"https:\/\/jornalfatosenoticias.com.br\/?s={search_term_string}"},"query-input":{"@type":"PropertyValueSpecification","valueRequired":true,"valueName":"search_term_string"}}],"inLanguage":"pt-BR"},{"@type":"Organization","@id":"https:\/\/jornalfatosenoticias.com.br\/#organization","name":"Jornal Fatos e Not\u00edcias","url":"https:\/\/jornalfatosenoticias.com.br\/","logo":{"@type":"ImageObject","inLanguage":"pt-BR","@id":"https:\/\/jornalfatosenoticias.com.br\/#\/schema\/logo\/image\/","url":"https:\/\/jornalfatosenoticias.com.br\/wp-content\/uploads\/2020\/02\/logo120.png","contentUrl":"https:\/\/jornalfatosenoticias.com.br\/wp-content\/uploads\/2020\/02\/logo120.png","width":1227,"height":120,"caption":"Jornal Fatos e Not\u00edcias"},"image":{"@id":"https:\/\/jornalfatosenoticias.com.br\/#\/schema\/logo\/image\/"}},{"@type":"Person","@id":"https:\/\/jornalfatosenoticias.com.br\/#\/schema\/person\/d63837fa13ac8666eb9e74e0985d6f81","name":"Luzimara Fernandes","image":{"@type":"ImageObject","inLanguage":"pt-BR","@id":"https:\/\/jornalfatosenoticias.com.br\/#\/schema\/person\/image\/","url":"https:\/\/jornalfatosenoticias.com.br\/wp-content\/uploads\/2025\/05\/EU_portal.jpg","contentUrl":"https:\/\/jornalfatosenoticias.com.br\/wp-content\/uploads\/2025\/05\/EU_portal.jpg","caption":"Luzimara Fernandes"},"description":"Jornalista MTB 2358-ES","sameAs":["https:\/\/jornalfatosenoticias.com.br"],"url":"https:\/\/jornalfatosenoticias.com.br\/index.php\/author\/luzimara\/"}]}},"cc_featured_image_caption":{"caption_text":"(Foto: Marcelo Camargo\/Ag\u00eancia Brasil) ","source_text":"","source_url":""},"jetpack_featured_media_url":"https:\/\/jornalfatosenoticias.com.br\/wp-content\/uploads\/2022\/07\/populacao-idosa.jpg","_links":{"self":[{"href":"https:\/\/jornalfatosenoticias.com.br\/index.php\/wp-json\/wp\/v2\/posts\/32544","targetHints":{"allow":["GET"]}}],"collection":[{"href":"https:\/\/jornalfatosenoticias.com.br\/index.php\/wp-json\/wp\/v2\/posts"}],"about":[{"href":"https:\/\/jornalfatosenoticias.com.br\/index.php\/wp-json\/wp\/v2\/types\/post"}],"author":[{"embeddable":true,"href":"https:\/\/jornalfatosenoticias.com.br\/index.php\/wp-json\/wp\/v2\/users\/2"}],"replies":[{"embeddable":true,"href":"https:\/\/jornalfatosenoticias.com.br\/index.php\/wp-json\/wp\/v2\/comments?post=32544"}],"version-history":[{"count":0,"href":"https:\/\/jornalfatosenoticias.com.br\/index.php\/wp-json\/wp\/v2\/posts\/32544\/revisions"}],"wp:featuredmedia":[{"embeddable":true,"href":"https:\/\/jornalfatosenoticias.com.br\/index.php\/wp-json\/wp\/v2\/media\/32545"}],"wp:attachment":[{"href":"https:\/\/jornalfatosenoticias.com.br\/index.php\/wp-json\/wp\/v2\/media?parent=32544"}],"wp:term":[{"taxonomy":"category","embeddable":true,"href":"https:\/\/jornalfatosenoticias.com.br\/index.php\/wp-json\/wp\/v2\/categories?post=32544"},{"taxonomy":"post_tag","embeddable":true,"href":"https:\/\/jornalfatosenoticias.com.br\/index.php\/wp-json\/wp\/v2\/tags?post=32544"}],"curies":[{"name":"wp","href":"https:\/\/api.w.org\/{rel}","templated":true}]}}