{"id":32605,"date":"2022-07-25T19:04:39","date_gmt":"2022-07-25T22:04:39","guid":{"rendered":"https:\/\/jornalfatosenoticias.com.br\/?p=32605"},"modified":"2022-07-25T19:04:40","modified_gmt":"2022-07-25T22:04:40","slug":"idosos-que-tem-amigos-vivem-mais-e-melhor","status":"publish","type":"post","link":"https:\/\/jornalfatosenoticias.com.br\/index.php\/2022\/07\/25\/idosos-que-tem-amigos-vivem-mais-e-melhor\/","title":{"rendered":"Idosos que t\u00eam amigos vivem mais e melhor"},"content":{"rendered":"\n<p><em><span class=\"has-inline-color has-black-color\">As rela\u00e7\u00f5es de amizade para os idosos podem prevenir doen\u00e7as cognitivas, como o Alzheimer<\/span><\/em><\/p>\n\n\n\n<div class=\"wp-block-image\"><figure class=\"aligncenter size-large is-resized\"><img loading=\"lazy\" decoding=\"async\" src=\"https:\/\/jornalfatosenoticias.com.br\/wp-content\/uploads\/2022\/05\/NOVA-LOGO-CESCONETTO-1024x100.jpg\" alt=\"\" class=\"wp-image-30792\" width=\"539\" height=\"52\" srcset=\"https:\/\/jornalfatosenoticias.com.br\/wp-content\/uploads\/2022\/05\/NOVA-LOGO-CESCONETTO-1024x100.jpg 1024w, https:\/\/jornalfatosenoticias.com.br\/wp-content\/uploads\/2022\/05\/NOVA-LOGO-CESCONETTO-300x29.jpg 300w, https:\/\/jornalfatosenoticias.com.br\/wp-content\/uploads\/2022\/05\/NOVA-LOGO-CESCONETTO-768x75.jpg 768w, https:\/\/jornalfatosenoticias.com.br\/wp-content\/uploads\/2022\/05\/NOVA-LOGO-CESCONETTO.jpg 1280w\" sizes=\"auto, (max-width: 539px) 100vw, 539px\" \/><\/figure><\/div>\n\n\n\n<p>A amizade \u00e9 uma rela\u00e7\u00e3o afetiva entre pessoas, que representa um dos v\u00ednculos sociais que a maioria dos seres humanos t\u00eam ao longo da sua vida. Segundo estudos, a origem da palavra amigo vem do grego e significa, \u201csem o meu eu\u201d. O relacionamento amig\u00e1vel \u00e9 uma das intera\u00e7\u00f5es interpessoais de mais profundidade e conex\u00e3o. \u00c9 poss\u00edvel enumerar v\u00e1rias pessoas que possuem amizades que duram anos, que pode, inclusive, iniciar na <a href=\"https:\/\/ciclovivo.com.br\/vida-sustentavel\/equilibrio\/amigos-de-infancia-beneficiam-saude-ate-na-vida-adulta-diz-estudo\/\" target=\"_blank\" rel=\"noreferrer noopener\">inf\u00e2ncia<\/a> e permeia at\u00e9 a terceira idade.<br>De acordo com uma pesquisa realizada pela Universidade de Harvard sobre o segredo da felicidade, as pessoas que criam la\u00e7os afetivos vivem mais e melhor. Com isso, \u00e9 poss\u00edvel afirmar que a amizade traz diversos benef\u00edcios para a sa\u00fade f\u00edsica e mental principalmente para a pessoa idosa.<\/p>\n\n\n\n<div class=\"wp-block-image\"><figure class=\"alignleft size-large is-resized\"><img loading=\"lazy\" decoding=\"async\" src=\"https:\/\/jornalfatosenoticias.com.br\/wp-content\/uploads\/2020\/02\/Suinco-1024x389.jpg\" alt=\"\" class=\"wp-image-28883\" width=\"316\" height=\"120\" srcset=\"https:\/\/jornalfatosenoticias.com.br\/wp-content\/uploads\/2020\/02\/Suinco-1024x389.jpg 1024w, https:\/\/jornalfatosenoticias.com.br\/wp-content\/uploads\/2020\/02\/Suinco-300x114.jpg 300w, https:\/\/jornalfatosenoticias.com.br\/wp-content\/uploads\/2020\/02\/Suinco-768x292.jpg 768w, https:\/\/jornalfatosenoticias.com.br\/wp-content\/uploads\/2020\/02\/Suinco.jpg 1220w\" sizes=\"auto, (max-width: 316px) 100vw, 316px\" \/><\/figure><\/div>\n\n\n\n<p>M\u00e1rcia Sena, especialista em qualidade de vida na terceira idade e envelhecimento ativo, explica a import\u00e2ncia da amizade e intera\u00e7\u00e3o social para a vida de um idoso.<\/p>\n\n\n\n<p><strong><span class=\"has-inline-color has-black-color\">Amizades previnem os sinais de depress\u00e3o e doen\u00e7as cognitivas<br><\/span><\/strong>O idoso que possui rela\u00e7\u00f5es de amizade tem redu\u00e7\u00e3o nos n\u00edveis de ansiedade e estresse, na qual \u00e9 poss\u00edvel considerar a preven\u00e7\u00e3o contra os sinais de depress\u00e3o. Outro benef\u00edcio que a intera\u00e7\u00e3o com amigos gera, \u00e9 no combate de sintomas e doen\u00e7as cognitivas, como <a href=\"https:\/\/ciclovivo.com.br\/vida-sustentavel\/bem-estar\/hormonio-exercicio-prevenir-amnesia-alzheimer\/\" target=\"_blank\" rel=\"noreferrer noopener\">Alzheimer<\/a>, pois estimulam especialmente a linguagem e mem\u00f3ria, que s\u00e3o de suma import\u00e2ncia para manter a mente e intelecto ativos.<\/p>\n\n\n\n<div class=\"wp-block-image\"><figure class=\"aligncenter size-large is-resized\"><img loading=\"lazy\" decoding=\"async\" src=\"https:\/\/jornalfatosenoticias.com.br\/wp-content\/uploads\/2020\/02\/Serra-Grande-1024x160.png\" alt=\"\" class=\"wp-image-7836\" width=\"523\" height=\"81\"\/><\/figure><\/div>\n\n\n\n<figure class=\"wp-block-image size-large\"><img loading=\"lazy\" decoding=\"async\" width=\"1000\" height=\"662\" src=\"https:\/\/jornalfatosenoticias.com.br\/wp-content\/uploads\/2022\/07\/idosos-amigos2.jpg\" alt=\"\" class=\"wp-image-32606\" srcset=\"https:\/\/jornalfatosenoticias.com.br\/wp-content\/uploads\/2022\/07\/idosos-amigos2.jpg 1000w, https:\/\/jornalfatosenoticias.com.br\/wp-content\/uploads\/2022\/07\/idosos-amigos2-300x199.jpg 300w, https:\/\/jornalfatosenoticias.com.br\/wp-content\/uploads\/2022\/07\/idosos-amigos2-768x508.jpg 768w\" sizes=\"auto, (max-width: 1000px) 100vw, 1000px\" \/><figcaption><em><span class=\"has-inline-color has-black-color\">(Foto: Julia Vivicharik\/Unsplash)<\/span><\/em><\/figcaption><\/figure>\n\n\n\n<div class=\"wp-block-image\"><figure class=\"aligncenter size-large is-resized\"><img loading=\"lazy\" decoding=\"async\" src=\"https:\/\/jornalfatosenoticias.com.br\/wp-content\/uploads\/2020\/02\/Logo_Mizu.png\" alt=\"\" class=\"wp-image-1441\" width=\"556\" height=\"68\" srcset=\"https:\/\/jornalfatosenoticias.com.br\/wp-content\/uploads\/2020\/02\/Logo_Mizu.png 729w, https:\/\/jornalfatosenoticias.com.br\/wp-content\/uploads\/2020\/02\/Logo_Mizu-300x37.png 300w\" sizes=\"auto, (max-width: 556px) 100vw, 556px\" \/><\/figure><\/div>\n\n\n\n<p><strong><span class=\"has-inline-color has-black-color\">Criar novos la\u00e7os de amizade \u00e9 fundamental<br><\/span><\/strong>Novas amizades, s\u00e3o ferramentas valiosas para manter o sistema social, mas tamb\u00e9m cognitivo e a mem\u00f3ria em boas condi\u00e7\u00f5es. Isso acontece devido \u00e0s fun\u00e7\u00f5es neurol\u00f3gicas, que continuam funcionando e promovendo conex\u00f5es fundamentais para a <a href=\"https:\/\/ciclovivo.com.br\/vida-sustentavel\/equilibrio\/exposto-natureza-saude-mental\/\" target=\"_blank\" rel=\"noreferrer noopener\">sa\u00fade mental<\/a>.<br>Al\u00e9m disso, estimula a comunica\u00e7\u00e3o e a intera\u00e7\u00e3o com novas pessoas. Pois ao longo da vida o idoso tem algumas perdas no seu c\u00edrculo de amizade, como quando sa\u00ed do conv\u00edvio dos colegas de trabalho, ou a morte de um amigo de longa data. Isso pode ocasionar um sentimento de <a href=\"https:\/\/ciclovivo.com.br\/vida-sustentavel\/bem-estar\/areas-verdes-ajudam-a-aliviar-a-solidao-nas-cidades\/\" target=\"_blank\" rel=\"noreferrer noopener\">solid\u00e3o<\/a>, por conta dessas quebras de relacionamentos. Portanto, \u00e9 fundamental os familiares incentivarem os idosos a constru\u00edrem novos ciclos de amizades.<\/p>\n\n\n\n<div class=\"wp-block-image\"><figure class=\"aligncenter size-large is-resized\"><img loading=\"lazy\" decoding=\"async\" src=\"https:\/\/jornalfatosenoticias.com.br\/wp-content\/uploads\/2022\/02\/Serra-Pack-459.png\" alt=\"\" class=\"wp-image-27471\" width=\"325\" height=\"130\"\/><\/figure><\/div>\n\n\n\n<p><strong><span class=\"has-inline-color has-black-color\">Como o idoso pode conhecer pessoas novas e manter uma vida ativa socialmente?<br><\/span><\/strong>\u00c9 preciso que o idoso mude a rotina com atividades que gerem bem-estar, prazer e intera\u00e7\u00e3o social.<br>Como por exemplo, iniciar um novo curso, praticar atividades f\u00edsicas em grupo, pescar, participar de aulas de dan\u00e7a ou de artesanato. Claro, com a era digital, as redes sociais podem ser um bom lugar para se criarem novas amizades virtuais.<\/p>\n\n\n\n<div class=\"wp-block-image\"><figure class=\"aligncenter size-large is-resized\"><img loading=\"lazy\" decoding=\"async\" src=\"https:\/\/jornalfatosenoticias.com.br\/wp-content\/uploads\/2022\/02\/Arte-Autoescola-Galatas_endereco_portal-1024x103.png\" alt=\"\" class=\"wp-image-27869\" width=\"550\" height=\"55\" srcset=\"https:\/\/jornalfatosenoticias.com.br\/wp-content\/uploads\/2022\/02\/Arte-Autoescola-Galatas_endereco_portal-1024x103.png 1024w, https:\/\/jornalfatosenoticias.com.br\/wp-content\/uploads\/2022\/02\/Arte-Autoescola-Galatas_endereco_portal-300x30.png 300w, https:\/\/jornalfatosenoticias.com.br\/wp-content\/uploads\/2022\/02\/Arte-Autoescola-Galatas_endereco_portal-768x77.png 768w, https:\/\/jornalfatosenoticias.com.br\/wp-content\/uploads\/2022\/02\/Arte-Autoescola-Galatas_endereco_portal.png 1223w\" sizes=\"auto, (max-width: 550px) 100vw, 550px\" \/><\/figure><\/div>\n\n\n\n<p>M\u00e1rcia Sena finaliza, que \u201cna terceira idade, uma vida social ativa traz benef\u00edcios n\u00e3o apenas para o idoso mas, tamb\u00e9m, para aqueles que est\u00e3o ao redor. Quanto mais saud\u00e1vel, feliz e disposto o idoso se sente, mais ele consegue viver momentos de qualidade com as pessoas que ama\u201d.<\/p>\n\n\n\n<p><strong><em>Fonte: <a href=\"https:\/\/ciclovivo.com.br\/vida-sustentavel\/equilibrio\/idosos-que-tem-amigos-vivem-mais-e-melhor\/\">CicloVivo<\/a><\/em><\/strong><\/p>\n","protected":false},"excerpt":{"rendered":"<p>As rela\u00e7\u00f5es de amizade para os idosos podem prevenir doen\u00e7as cognitivas, como o Alzheimer A amizade \u00e9 uma rela\u00e7\u00e3o afetiva entre pessoas, que representa um dos v\u00ednculos sociais que a maioria dos seres humanos t\u00eam ao longo da sua vida. Segundo estudos, a origem da palavra amigo vem do grego e significa, \u201csem o meu [&hellip;]<\/p>\n","protected":false},"author":2,"featured_media":32607,"comment_status":"open","ping_status":"open","sticky":false,"template":"","format":"standard","meta":{"footnotes":""},"categories":[42],"tags":[4913,4073,850,1784],"class_list":["post-32605","post","type-post","status-publish","format-standard","has-post-thumbnail","hentry","category-bem-estar","tag-amigos","tag-amizade","tag-idosos","tag-terceira-idade"],"yoast_head":"<!-- This site is optimized with the Yoast SEO plugin v26.5 - https:\/\/yoast.com\/wordpress\/plugins\/seo\/ -->\n<title>Idosos que t\u00eam amigos vivem mais e melhor - Jornal Fatos e Not\u00edcias<\/title>\n<meta name=\"robots\" content=\"index, follow, max-snippet:-1, max-image-preview:large, max-video-preview:-1\" \/>\n<link rel=\"canonical\" href=\"https:\/\/jornalfatosenoticias.com.br\/index.php\/2022\/07\/25\/idosos-que-tem-amigos-vivem-mais-e-melhor\/\" \/>\n<meta property=\"og:locale\" content=\"pt_BR\" \/>\n<meta property=\"og:type\" content=\"article\" \/>\n<meta property=\"og:title\" content=\"Idosos que t\u00eam amigos vivem mais e melhor - Jornal Fatos e Not\u00edcias\" \/>\n<meta property=\"og:description\" content=\"As rela\u00e7\u00f5es de amizade para os idosos podem prevenir doen\u00e7as cognitivas, como o Alzheimer A amizade \u00e9 uma rela\u00e7\u00e3o afetiva entre pessoas, que representa um dos v\u00ednculos sociais que a maioria dos seres humanos t\u00eam ao longo da sua vida. Segundo estudos, a origem da palavra amigo vem do grego e significa, \u201csem o meu [&hellip;]\" \/>\n<meta property=\"og:url\" content=\"https:\/\/jornalfatosenoticias.com.br\/index.php\/2022\/07\/25\/idosos-que-tem-amigos-vivem-mais-e-melhor\/\" \/>\n<meta property=\"og:site_name\" content=\"Jornal Fatos e Not\u00edcias\" \/>\n<meta property=\"article:published_time\" content=\"2022-07-25T22:04:39+00:00\" \/>\n<meta property=\"article:modified_time\" content=\"2022-07-25T22:04:40+00:00\" \/>\n<meta property=\"og:image\" content=\"https:\/\/jornalfatosenoticias.com.br\/wp-content\/uploads\/2022\/07\/idosos-amigos.jpg\" \/>\n\t<meta property=\"og:image:width\" content=\"1000\" \/>\n\t<meta property=\"og:image:height\" content=\"709\" \/>\n\t<meta property=\"og:image:type\" content=\"image\/jpeg\" \/>\n<meta name=\"author\" content=\"Luzimara Fernandes\" \/>\n<meta name=\"twitter:card\" content=\"summary_large_image\" \/>\n<meta name=\"twitter:label1\" content=\"Escrito por\" \/>\n\t<meta name=\"twitter:data1\" content=\"Luzimara Fernandes\" \/>\n\t<meta name=\"twitter:label2\" content=\"Est. tempo de leitura\" \/>\n\t<meta name=\"twitter:data2\" content=\"3 minutos\" \/>\n<script type=\"application\/ld+json\" class=\"yoast-schema-graph\">{\"@context\":\"https:\/\/schema.org\",\"@graph\":[{\"@type\":\"Article\",\"@id\":\"https:\/\/jornalfatosenoticias.com.br\/index.php\/2022\/07\/25\/idosos-que-tem-amigos-vivem-mais-e-melhor\/#article\",\"isPartOf\":{\"@id\":\"https:\/\/jornalfatosenoticias.com.br\/index.php\/2022\/07\/25\/idosos-que-tem-amigos-vivem-mais-e-melhor\/\"},\"author\":{\"name\":\"Luzimara Fernandes\",\"@id\":\"https:\/\/jornalfatosenoticias.com.br\/#\/schema\/person\/d63837fa13ac8666eb9e74e0985d6f81\"},\"headline\":\"Idosos que t\u00eam amigos vivem mais e melhor\",\"datePublished\":\"2022-07-25T22:04:39+00:00\",\"dateModified\":\"2022-07-25T22:04:40+00:00\",\"mainEntityOfPage\":{\"@id\":\"https:\/\/jornalfatosenoticias.com.br\/index.php\/2022\/07\/25\/idosos-que-tem-amigos-vivem-mais-e-melhor\/\"},\"wordCount\":535,\"commentCount\":0,\"publisher\":{\"@id\":\"https:\/\/jornalfatosenoticias.com.br\/#organization\"},\"image\":{\"@id\":\"https:\/\/jornalfatosenoticias.com.br\/index.php\/2022\/07\/25\/idosos-que-tem-amigos-vivem-mais-e-melhor\/#primaryimage\"},\"thumbnailUrl\":\"https:\/\/jornalfatosenoticias.com.br\/wp-content\/uploads\/2022\/07\/idosos-amigos.jpg\",\"keywords\":[\"amigos\",\"amizade\",\"idosos\",\"terceira idade\"],\"articleSection\":[\"Bem-estar\"],\"inLanguage\":\"pt-BR\",\"potentialAction\":[{\"@type\":\"CommentAction\",\"name\":\"Comment\",\"target\":[\"https:\/\/jornalfatosenoticias.com.br\/index.php\/2022\/07\/25\/idosos-que-tem-amigos-vivem-mais-e-melhor\/#respond\"]}]},{\"@type\":\"WebPage\",\"@id\":\"https:\/\/jornalfatosenoticias.com.br\/index.php\/2022\/07\/25\/idosos-que-tem-amigos-vivem-mais-e-melhor\/\",\"url\":\"https:\/\/jornalfatosenoticias.com.br\/index.php\/2022\/07\/25\/idosos-que-tem-amigos-vivem-mais-e-melhor\/\",\"name\":\"Idosos que t\u00eam amigos vivem mais e melhor - Jornal Fatos e Not\u00edcias\",\"isPartOf\":{\"@id\":\"https:\/\/jornalfatosenoticias.com.br\/#website\"},\"primaryImageOfPage\":{\"@id\":\"https:\/\/jornalfatosenoticias.com.br\/index.php\/2022\/07\/25\/idosos-que-tem-amigos-vivem-mais-e-melhor\/#primaryimage\"},\"image\":{\"@id\":\"https:\/\/jornalfatosenoticias.com.br\/index.php\/2022\/07\/25\/idosos-que-tem-amigos-vivem-mais-e-melhor\/#primaryimage\"},\"thumbnailUrl\":\"https:\/\/jornalfatosenoticias.com.br\/wp-content\/uploads\/2022\/07\/idosos-amigos.jpg\",\"datePublished\":\"2022-07-25T22:04:39+00:00\",\"dateModified\":\"2022-07-25T22:04:40+00:00\",\"breadcrumb\":{\"@id\":\"https:\/\/jornalfatosenoticias.com.br\/index.php\/2022\/07\/25\/idosos-que-tem-amigos-vivem-mais-e-melhor\/#breadcrumb\"},\"inLanguage\":\"pt-BR\",\"potentialAction\":[{\"@type\":\"ReadAction\",\"target\":[\"https:\/\/jornalfatosenoticias.com.br\/index.php\/2022\/07\/25\/idosos-que-tem-amigos-vivem-mais-e-melhor\/\"]}]},{\"@type\":\"ImageObject\",\"inLanguage\":\"pt-BR\",\"@id\":\"https:\/\/jornalfatosenoticias.com.br\/index.php\/2022\/07\/25\/idosos-que-tem-amigos-vivem-mais-e-melhor\/#primaryimage\",\"url\":\"https:\/\/jornalfatosenoticias.com.br\/wp-content\/uploads\/2022\/07\/idosos-amigos.jpg\",\"contentUrl\":\"https:\/\/jornalfatosenoticias.com.br\/wp-content\/uploads\/2022\/07\/idosos-amigos.jpg\",\"width\":1000,\"height\":709},{\"@type\":\"BreadcrumbList\",\"@id\":\"https:\/\/jornalfatosenoticias.com.br\/index.php\/2022\/07\/25\/idosos-que-tem-amigos-vivem-mais-e-melhor\/#breadcrumb\",\"itemListElement\":[{\"@type\":\"ListItem\",\"position\":1,\"name\":\"In\u00edcio\",\"item\":\"https:\/\/jornalfatosenoticias.com.br\/\"},{\"@type\":\"ListItem\",\"position\":2,\"name\":\"Idosos que t\u00eam amigos vivem mais e melhor\"}]},{\"@type\":\"WebSite\",\"@id\":\"https:\/\/jornalfatosenoticias.com.br\/#website\",\"url\":\"https:\/\/jornalfatosenoticias.com.br\/\",\"name\":\"Jornal Fatos e Not\u00edcias\",\"description\":\"Not\u00edcias em geral\",\"publisher\":{\"@id\":\"https:\/\/jornalfatosenoticias.com.br\/#organization\"},\"potentialAction\":[{\"@type\":\"SearchAction\",\"target\":{\"@type\":\"EntryPoint\",\"urlTemplate\":\"https:\/\/jornalfatosenoticias.com.br\/?s={search_term_string}\"},\"query-input\":{\"@type\":\"PropertyValueSpecification\",\"valueRequired\":true,\"valueName\":\"search_term_string\"}}],\"inLanguage\":\"pt-BR\"},{\"@type\":\"Organization\",\"@id\":\"https:\/\/jornalfatosenoticias.com.br\/#organization\",\"name\":\"Jornal Fatos e Not\u00edcias\",\"url\":\"https:\/\/jornalfatosenoticias.com.br\/\",\"logo\":{\"@type\":\"ImageObject\",\"inLanguage\":\"pt-BR\",\"@id\":\"https:\/\/jornalfatosenoticias.com.br\/#\/schema\/logo\/image\/\",\"url\":\"https:\/\/jornalfatosenoticias.com.br\/wp-content\/uploads\/2020\/02\/logo120.png\",\"contentUrl\":\"https:\/\/jornalfatosenoticias.com.br\/wp-content\/uploads\/2020\/02\/logo120.png\",\"width\":1227,\"height\":120,\"caption\":\"Jornal Fatos e Not\u00edcias\"},\"image\":{\"@id\":\"https:\/\/jornalfatosenoticias.com.br\/#\/schema\/logo\/image\/\"}},{\"@type\":\"Person\",\"@id\":\"https:\/\/jornalfatosenoticias.com.br\/#\/schema\/person\/d63837fa13ac8666eb9e74e0985d6f81\",\"name\":\"Luzimara Fernandes\",\"image\":{\"@type\":\"ImageObject\",\"inLanguage\":\"pt-BR\",\"@id\":\"https:\/\/jornalfatosenoticias.com.br\/#\/schema\/person\/image\/\",\"url\":\"https:\/\/jornalfatosenoticias.com.br\/wp-content\/uploads\/2025\/05\/EU_portal.jpg\",\"contentUrl\":\"https:\/\/jornalfatosenoticias.com.br\/wp-content\/uploads\/2025\/05\/EU_portal.jpg\",\"caption\":\"Luzimara Fernandes\"},\"description\":\"Jornalista MTB 2358-ES\",\"sameAs\":[\"https:\/\/jornalfatosenoticias.com.br\"],\"url\":\"https:\/\/jornalfatosenoticias.com.br\/index.php\/author\/luzimara\/\"}]}<\/script>\n<!-- \/ Yoast SEO plugin. -->","yoast_head_json":{"title":"Idosos que t\u00eam amigos vivem mais e melhor - Jornal Fatos e Not\u00edcias","robots":{"index":"index","follow":"follow","max-snippet":"max-snippet:-1","max-image-preview":"max-image-preview:large","max-video-preview":"max-video-preview:-1"},"canonical":"https:\/\/jornalfatosenoticias.com.br\/index.php\/2022\/07\/25\/idosos-que-tem-amigos-vivem-mais-e-melhor\/","og_locale":"pt_BR","og_type":"article","og_title":"Idosos que t\u00eam amigos vivem mais e melhor - Jornal Fatos e Not\u00edcias","og_description":"As rela\u00e7\u00f5es de amizade para os idosos podem prevenir doen\u00e7as cognitivas, como o Alzheimer A amizade \u00e9 uma rela\u00e7\u00e3o afetiva entre pessoas, que representa um dos v\u00ednculos sociais que a maioria dos seres humanos t\u00eam ao longo da sua vida. Segundo estudos, a origem da palavra amigo vem do grego e significa, \u201csem o meu [&hellip;]","og_url":"https:\/\/jornalfatosenoticias.com.br\/index.php\/2022\/07\/25\/idosos-que-tem-amigos-vivem-mais-e-melhor\/","og_site_name":"Jornal Fatos e Not\u00edcias","article_published_time":"2022-07-25T22:04:39+00:00","article_modified_time":"2022-07-25T22:04:40+00:00","og_image":[{"width":1000,"height":709,"url":"https:\/\/jornalfatosenoticias.com.br\/wp-content\/uploads\/2022\/07\/idosos-amigos.jpg","type":"image\/jpeg"}],"author":"Luzimara Fernandes","twitter_card":"summary_large_image","twitter_misc":{"Escrito por":"Luzimara Fernandes","Est. tempo de leitura":"3 minutos"},"schema":{"@context":"https:\/\/schema.org","@graph":[{"@type":"Article","@id":"https:\/\/jornalfatosenoticias.com.br\/index.php\/2022\/07\/25\/idosos-que-tem-amigos-vivem-mais-e-melhor\/#article","isPartOf":{"@id":"https:\/\/jornalfatosenoticias.com.br\/index.php\/2022\/07\/25\/idosos-que-tem-amigos-vivem-mais-e-melhor\/"},"author":{"name":"Luzimara Fernandes","@id":"https:\/\/jornalfatosenoticias.com.br\/#\/schema\/person\/d63837fa13ac8666eb9e74e0985d6f81"},"headline":"Idosos que t\u00eam amigos vivem mais e melhor","datePublished":"2022-07-25T22:04:39+00:00","dateModified":"2022-07-25T22:04:40+00:00","mainEntityOfPage":{"@id":"https:\/\/jornalfatosenoticias.com.br\/index.php\/2022\/07\/25\/idosos-que-tem-amigos-vivem-mais-e-melhor\/"},"wordCount":535,"commentCount":0,"publisher":{"@id":"https:\/\/jornalfatosenoticias.com.br\/#organization"},"image":{"@id":"https:\/\/jornalfatosenoticias.com.br\/index.php\/2022\/07\/25\/idosos-que-tem-amigos-vivem-mais-e-melhor\/#primaryimage"},"thumbnailUrl":"https:\/\/jornalfatosenoticias.com.br\/wp-content\/uploads\/2022\/07\/idosos-amigos.jpg","keywords":["amigos","amizade","idosos","terceira idade"],"articleSection":["Bem-estar"],"inLanguage":"pt-BR","potentialAction":[{"@type":"CommentAction","name":"Comment","target":["https:\/\/jornalfatosenoticias.com.br\/index.php\/2022\/07\/25\/idosos-que-tem-amigos-vivem-mais-e-melhor\/#respond"]}]},{"@type":"WebPage","@id":"https:\/\/jornalfatosenoticias.com.br\/index.php\/2022\/07\/25\/idosos-que-tem-amigos-vivem-mais-e-melhor\/","url":"https:\/\/jornalfatosenoticias.com.br\/index.php\/2022\/07\/25\/idosos-que-tem-amigos-vivem-mais-e-melhor\/","name":"Idosos que t\u00eam amigos vivem mais e melhor - Jornal Fatos e Not\u00edcias","isPartOf":{"@id":"https:\/\/jornalfatosenoticias.com.br\/#website"},"primaryImageOfPage":{"@id":"https:\/\/jornalfatosenoticias.com.br\/index.php\/2022\/07\/25\/idosos-que-tem-amigos-vivem-mais-e-melhor\/#primaryimage"},"image":{"@id":"https:\/\/jornalfatosenoticias.com.br\/index.php\/2022\/07\/25\/idosos-que-tem-amigos-vivem-mais-e-melhor\/#primaryimage"},"thumbnailUrl":"https:\/\/jornalfatosenoticias.com.br\/wp-content\/uploads\/2022\/07\/idosos-amigos.jpg","datePublished":"2022-07-25T22:04:39+00:00","dateModified":"2022-07-25T22:04:40+00:00","breadcrumb":{"@id":"https:\/\/jornalfatosenoticias.com.br\/index.php\/2022\/07\/25\/idosos-que-tem-amigos-vivem-mais-e-melhor\/#breadcrumb"},"inLanguage":"pt-BR","potentialAction":[{"@type":"ReadAction","target":["https:\/\/jornalfatosenoticias.com.br\/index.php\/2022\/07\/25\/idosos-que-tem-amigos-vivem-mais-e-melhor\/"]}]},{"@type":"ImageObject","inLanguage":"pt-BR","@id":"https:\/\/jornalfatosenoticias.com.br\/index.php\/2022\/07\/25\/idosos-que-tem-amigos-vivem-mais-e-melhor\/#primaryimage","url":"https:\/\/jornalfatosenoticias.com.br\/wp-content\/uploads\/2022\/07\/idosos-amigos.jpg","contentUrl":"https:\/\/jornalfatosenoticias.com.br\/wp-content\/uploads\/2022\/07\/idosos-amigos.jpg","width":1000,"height":709},{"@type":"BreadcrumbList","@id":"https:\/\/jornalfatosenoticias.com.br\/index.php\/2022\/07\/25\/idosos-que-tem-amigos-vivem-mais-e-melhor\/#breadcrumb","itemListElement":[{"@type":"ListItem","position":1,"name":"In\u00edcio","item":"https:\/\/jornalfatosenoticias.com.br\/"},{"@type":"ListItem","position":2,"name":"Idosos que t\u00eam amigos vivem mais e melhor"}]},{"@type":"WebSite","@id":"https:\/\/jornalfatosenoticias.com.br\/#website","url":"https:\/\/jornalfatosenoticias.com.br\/","name":"Jornal Fatos e Not\u00edcias","description":"Not\u00edcias em geral","publisher":{"@id":"https:\/\/jornalfatosenoticias.com.br\/#organization"},"potentialAction":[{"@type":"SearchAction","target":{"@type":"EntryPoint","urlTemplate":"https:\/\/jornalfatosenoticias.com.br\/?s={search_term_string}"},"query-input":{"@type":"PropertyValueSpecification","valueRequired":true,"valueName":"search_term_string"}}],"inLanguage":"pt-BR"},{"@type":"Organization","@id":"https:\/\/jornalfatosenoticias.com.br\/#organization","name":"Jornal Fatos e Not\u00edcias","url":"https:\/\/jornalfatosenoticias.com.br\/","logo":{"@type":"ImageObject","inLanguage":"pt-BR","@id":"https:\/\/jornalfatosenoticias.com.br\/#\/schema\/logo\/image\/","url":"https:\/\/jornalfatosenoticias.com.br\/wp-content\/uploads\/2020\/02\/logo120.png","contentUrl":"https:\/\/jornalfatosenoticias.com.br\/wp-content\/uploads\/2020\/02\/logo120.png","width":1227,"height":120,"caption":"Jornal Fatos e Not\u00edcias"},"image":{"@id":"https:\/\/jornalfatosenoticias.com.br\/#\/schema\/logo\/image\/"}},{"@type":"Person","@id":"https:\/\/jornalfatosenoticias.com.br\/#\/schema\/person\/d63837fa13ac8666eb9e74e0985d6f81","name":"Luzimara Fernandes","image":{"@type":"ImageObject","inLanguage":"pt-BR","@id":"https:\/\/jornalfatosenoticias.com.br\/#\/schema\/person\/image\/","url":"https:\/\/jornalfatosenoticias.com.br\/wp-content\/uploads\/2025\/05\/EU_portal.jpg","contentUrl":"https:\/\/jornalfatosenoticias.com.br\/wp-content\/uploads\/2025\/05\/EU_portal.jpg","caption":"Luzimara Fernandes"},"description":"Jornalista MTB 2358-ES","sameAs":["https:\/\/jornalfatosenoticias.com.br"],"url":"https:\/\/jornalfatosenoticias.com.br\/index.php\/author\/luzimara\/"}]}},"cc_featured_image_caption":{"caption_text":"(Foto: Divulga\u00e7\u00e3o) ","source_text":"","source_url":""},"jetpack_featured_media_url":"https:\/\/jornalfatosenoticias.com.br\/wp-content\/uploads\/2022\/07\/idosos-amigos.jpg","_links":{"self":[{"href":"https:\/\/jornalfatosenoticias.com.br\/index.php\/wp-json\/wp\/v2\/posts\/32605","targetHints":{"allow":["GET"]}}],"collection":[{"href":"https:\/\/jornalfatosenoticias.com.br\/index.php\/wp-json\/wp\/v2\/posts"}],"about":[{"href":"https:\/\/jornalfatosenoticias.com.br\/index.php\/wp-json\/wp\/v2\/types\/post"}],"author":[{"embeddable":true,"href":"https:\/\/jornalfatosenoticias.com.br\/index.php\/wp-json\/wp\/v2\/users\/2"}],"replies":[{"embeddable":true,"href":"https:\/\/jornalfatosenoticias.com.br\/index.php\/wp-json\/wp\/v2\/comments?post=32605"}],"version-history":[{"count":0,"href":"https:\/\/jornalfatosenoticias.com.br\/index.php\/wp-json\/wp\/v2\/posts\/32605\/revisions"}],"wp:featuredmedia":[{"embeddable":true,"href":"https:\/\/jornalfatosenoticias.com.br\/index.php\/wp-json\/wp\/v2\/media\/32607"}],"wp:attachment":[{"href":"https:\/\/jornalfatosenoticias.com.br\/index.php\/wp-json\/wp\/v2\/media?parent=32605"}],"wp:term":[{"taxonomy":"category","embeddable":true,"href":"https:\/\/jornalfatosenoticias.com.br\/index.php\/wp-json\/wp\/v2\/categories?post=32605"},{"taxonomy":"post_tag","embeddable":true,"href":"https:\/\/jornalfatosenoticias.com.br\/index.php\/wp-json\/wp\/v2\/tags?post=32605"}],"curies":[{"name":"wp","href":"https:\/\/api.w.org\/{rel}","templated":true}]}}