{"id":32609,"date":"2022-07-25T19:18:33","date_gmt":"2022-07-25T22:18:33","guid":{"rendered":"https:\/\/jornalfatosenoticias.com.br\/?p=32609"},"modified":"2022-07-25T19:18:35","modified_gmt":"2022-07-25T22:18:35","slug":"pesquisa-transforma-bagaco-de-malte-e-caroco-de-pequi-em-biocombustivel","status":"publish","type":"post","link":"https:\/\/jornalfatosenoticias.com.br\/index.php\/2022\/07\/25\/pesquisa-transforma-bagaco-de-malte-e-caroco-de-pequi-em-biocombustivel\/","title":{"rendered":"Pesquisa transforma baga\u00e7o de malte e caro\u00e7o de pequi em biocombust\u00edvel"},"content":{"rendered":"\n<p><span class=\"has-inline-color has-black-color\"><em>Na Universidade de Bras\u00edlia, cientistas estudam como aproveitar res\u00edduos org\u00e2nicos na produ\u00e7\u00e3o de energia!<\/em><\/span><\/p>\n\n\n\n<div class=\"wp-block-image\"><figure class=\"aligncenter size-large is-resized\"><img loading=\"lazy\" decoding=\"async\" src=\"https:\/\/jornalfatosenoticias.com.br\/wp-content\/uploads\/2020\/02\/Logo-Mizu-segunda-2-1024x99.png\" alt=\"\" class=\"wp-image-2353\" width=\"549\" height=\"53\" srcset=\"https:\/\/jornalfatosenoticias.com.br\/wp-content\/uploads\/2020\/02\/Logo-Mizu-segunda-2-1024x99.png 1024w, https:\/\/jornalfatosenoticias.com.br\/wp-content\/uploads\/2020\/02\/Logo-Mizu-segunda-2-300x29.png 300w, https:\/\/jornalfatosenoticias.com.br\/wp-content\/uploads\/2020\/02\/Logo-Mizu-segunda-2-768x74.png 768w, https:\/\/jornalfatosenoticias.com.br\/wp-content\/uploads\/2020\/02\/Logo-Mizu-segunda-2.png 1240w\" sizes=\"auto, (max-width: 549px) 100vw, 549px\" \/><\/figure><\/div>\n\n\n\n<p>Sobras de alimentos, poda de \u00e1rvores e outros res\u00edduos org\u00e2nicos s\u00e3o reaproveitados, geralmente, na <a href=\"https:\/\/ciclovivo.com.br\/mao-na-massa\/faca-voce-mesmo\/compostagem-casa-apartamento\/\" target=\"_blank\" rel=\"noreferrer noopener\">compostagem<\/a>. Mas d\u00e1 pra fazer mais do que isso. Pesquisadores da Universidade de Bras\u00edlia est\u00e3o transformando o que ia para o lixo em energia. O professor Edgar Amaral Silveira, do Departamento de Engenharia Mec\u00e2nica, conta que a equipe est\u00e1 fazendo um levantamento do potencial de diferentes res\u00edduos de atividades agroextrativistas do Cerrado.<\/p>\n\n\n\n<div class=\"wp-block-image\"><figure class=\"aligncenter size-large is-resized\"><img loading=\"lazy\" decoding=\"async\" src=\"https:\/\/jornalfatosenoticias.com.br\/wp-content\/uploads\/2022\/03\/logo-Suinco-1024x390.jpg\" alt=\"\" class=\"wp-image-28785\" width=\"370\" height=\"140\"\/><\/figure><\/div>\n\n\n\n<blockquote class=\"wp-block-quote is-layout-flow wp-block-quote-is-layout-flow\"><p><span class=\"has-inline-color has-luminous-vivid-orange-color\">\u201cA gente j\u00e1 \u2018t\u00e1 pensando no reaproveitamento de alguns res\u00edduos vinculados \u00e0 cadeia aliment\u00edcia. Por exemplo, o <a href=\"https:\/\/ciclovivo.com.br\/inovacao\/inspiracao\/estudante-pesticida-natural-casca-do-pequi\/\" target=\"_blank\" rel=\"noreferrer noopener\">pequi<\/a>\u00a0tem toda a parte que se faz a raspa para ind\u00fastria de alimento, mas sobra o caro\u00e7o. Ent\u00e3o j\u00e1 temos a pesquisa sobre o caro\u00e7o do pequi vinculado \u00e0 produ\u00e7\u00e3o de\u00a0<a href=\"https:\/\/ciclovivo.com.br\/inovacao\/negocios\/empresa-brasileira-transforma-lixo-em-biocombustiveis\/\" target=\"_blank\" rel=\"noreferrer noopener\">biocombust\u00edvel<\/a> s\u00f3lido ou a parte de transesterifica\u00e7\u00e3o do \u00f3leo extra\u00eddo do pequi para fazer biodiesel ou mesmo a gaseifica\u00e7\u00e3o desse res\u00edduo\u201d, explica.<\/span><\/p><\/blockquote>\n\n\n\n<div class=\"wp-block-image\"><figure class=\"aligncenter size-large is-resized\"><img loading=\"lazy\" decoding=\"async\" src=\"https:\/\/jornalfatosenoticias.com.br\/wp-content\/uploads\/2022\/02\/Precisao-Contabilidade-1024x724.jpg\" alt=\"\" class=\"wp-image-28088\" width=\"322\" height=\"228\"\/><\/figure><\/div>\n\n\n\n<p>Uma parte dos testes foi realizada em <a href=\"https:\/\/ciclovivo.com.br\/arq-urb\/urbanismo\/lisboa-tem-composteiras-comunitarias-nas-ruas\/\" target=\"_blank\" rel=\"noreferrer noopener\">Portugal<\/a>, em parceria com o Instituto Superior T\u00e9cnico de Lisboa. Baga\u00e7os de\u00a0<a href=\"https:\/\/ciclovivo.com.br\/planeta\/energia\/cientistas-estudam-producao-de-energia-com-bagaco-de-malte\/\" target=\"_blank\" rel=\"noreferrer noopener\">malte<\/a> e caro\u00e7os de pequi passaram por um processo de gaseifica\u00e7\u00e3o e demonstraram ter alto poder calor\u00edfico como explica a professora Grace Ghesti do Departamento de Qu\u00edmica da UnB.<\/p>\n\n\n\n<figure class=\"wp-block-image size-large\"><img loading=\"lazy\" decoding=\"async\" width=\"1000\" height=\"750\" src=\"https:\/\/jornalfatosenoticias.com.br\/wp-content\/uploads\/2022\/07\/pequi-2.jpg\" alt=\"\" class=\"wp-image-32610\" srcset=\"https:\/\/jornalfatosenoticias.com.br\/wp-content\/uploads\/2022\/07\/pequi-2.jpg 1000w, https:\/\/jornalfatosenoticias.com.br\/wp-content\/uploads\/2022\/07\/pequi-2-300x225.jpg 300w, https:\/\/jornalfatosenoticias.com.br\/wp-content\/uploads\/2022\/07\/pequi-2-768x576.jpg 768w\" sizes=\"auto, (max-width: 1000px) 100vw, 1000px\" \/><figcaption><em><span class=\"has-inline-color has-black-color\">Pequi (Foto: Acervo ISPN)<\/span><\/em><\/figcaption><\/figure>\n\n\n\n<div class=\"wp-block-image\"><figure class=\"aligncenter size-large is-resized\"><img loading=\"lazy\" decoding=\"async\" src=\"https:\/\/jornalfatosenoticias.com.br\/wp-content\/uploads\/2022\/07\/Assinatura-Marketing-1024x300.png\" alt=\"\" class=\"wp-image-31962\" width=\"467\" height=\"136\" srcset=\"https:\/\/jornalfatosenoticias.com.br\/wp-content\/uploads\/2022\/07\/Assinatura-Marketing-1024x300.png 1024w, https:\/\/jornalfatosenoticias.com.br\/wp-content\/uploads\/2022\/07\/Assinatura-Marketing-300x88.png 300w, https:\/\/jornalfatosenoticias.com.br\/wp-content\/uploads\/2022\/07\/Assinatura-Marketing-768x225.png 768w, https:\/\/jornalfatosenoticias.com.br\/wp-content\/uploads\/2022\/07\/Assinatura-Marketing-1536x451.png 1536w, https:\/\/jornalfatosenoticias.com.br\/wp-content\/uploads\/2022\/07\/Assinatura-Marketing-2048x601.png 2048w\" sizes=\"auto, (max-width: 467px) 100vw, 467px\" \/><\/figure><\/div>\n\n\n\n<blockquote class=\"wp-block-quote is-layout-flow wp-block-quote-is-layout-flow\"><p><span class=\"has-inline-color has-luminous-vivid-orange-color\">\u201cO processo de gaseifica\u00e7\u00e3o em si gera g\u00e1s de s\u00edntese, que s\u00e3o gases que tem um poder calor\u00edfico mais alto. Um gaseificador em um sistema combinado de um motor ou de uma turbina, a gente consegue gerar energia muitas vezes com efici\u00eancia bem maior do que um sistema de biog\u00e1s ou de um gerador simples a diesel\u201d, afirma.<\/span><\/p><\/blockquote>\n\n\n\n<div class=\"wp-block-image\"><figure class=\"alignright size-large is-resized\"><img loading=\"lazy\" decoding=\"async\" src=\"https:\/\/jornalfatosenoticias.com.br\/wp-content\/uploads\/2020\/02\/nova-logo-Marquetti.jpg\" alt=\"\" class=\"wp-image-22331\" width=\"304\" height=\"204\" srcset=\"https:\/\/jornalfatosenoticias.com.br\/wp-content\/uploads\/2020\/02\/nova-logo-Marquetti.jpg 643w, https:\/\/jornalfatosenoticias.com.br\/wp-content\/uploads\/2020\/02\/nova-logo-Marquetti-300x202.jpg 300w\" sizes=\"auto, (max-width: 304px) 100vw, 304px\" \/><\/figure><\/div>\n\n\n\n<p>A pesquisadora destaca que a expectativa \u00e9 que a energia gerada com os res\u00edduos atenda justamente quem faz o descarte. \u201c[A ideia \u00e9 que] Comunidades isoladas, extrativistas ou at\u00e9 mesmo <a href=\"https:\/\/ciclovivo.com.br\/inovacao\/inspiracao\/startup-cria-solucao-para-gerar-energia-renovavel-em-cervejarias\/\" target=\"_blank\" rel=\"noreferrer noopener\">ind\u00fastria cervejeira<\/a> e agroind\u00fastria [possam] ter seu pr\u00f3prio sistema de gera\u00e7\u00e3o de energia a partir de seu res\u00edduo\u201d, completa.<br>A quantidade de lixo \u00e9 grande mas o reaproveitamento ainda \u00e9 muito pequeno. De acordo com dados da Associa\u00e7\u00e3o Brasileira das Empresas de Limpeza P\u00fablica e Res\u00edduos Especiais, de quase 37 milh\u00f5es de lixo org\u00e2nico produzido no Brasil por ano, apenas 1% \u00e9 reaproveitado.<\/p>\n\n\n\n<div class=\"wp-block-image\"><figure class=\"aligncenter size-large is-resized\"><img loading=\"lazy\" decoding=\"async\" src=\"https:\/\/jornalfatosenoticias.com.br\/wp-content\/uploads\/2022\/05\/NOVA-LOGO-CESCONETTO-1024x100.jpg\" alt=\"\" class=\"wp-image-30792\" width=\"560\" height=\"54\" srcset=\"https:\/\/jornalfatosenoticias.com.br\/wp-content\/uploads\/2022\/05\/NOVA-LOGO-CESCONETTO-1024x100.jpg 1024w, https:\/\/jornalfatosenoticias.com.br\/wp-content\/uploads\/2022\/05\/NOVA-LOGO-CESCONETTO-300x29.jpg 300w, https:\/\/jornalfatosenoticias.com.br\/wp-content\/uploads\/2022\/05\/NOVA-LOGO-CESCONETTO-768x75.jpg 768w, https:\/\/jornalfatosenoticias.com.br\/wp-content\/uploads\/2022\/05\/NOVA-LOGO-CESCONETTO.jpg 1280w\" sizes=\"auto, (max-width: 560px) 100vw, 560px\" \/><\/figure><\/div>\n\n\n\n<p><strong><em>Fonte: <a href=\"https:\/\/ciclovivo.com.br\/planeta\/desenvolvimento\/pesquisa-transforma-bagaco-de-malte-e-caroco-de-pequi-em-biocombustivel\/\">CicloVivo<\/a><\/em><\/strong><\/p>\n","protected":false},"excerpt":{"rendered":"<p>Na Universidade de Bras\u00edlia, cientistas estudam como aproveitar res\u00edduos org\u00e2nicos na produ\u00e7\u00e3o de energia! Sobras de alimentos, poda de \u00e1rvores e outros res\u00edduos org\u00e2nicos s\u00e3o reaproveitados, geralmente, na compostagem. Mas d\u00e1 pra fazer mais do que isso. Pesquisadores da Universidade de Bras\u00edlia est\u00e3o transformando o que ia para o lixo em energia. O professor Edgar [&hellip;]<\/p>\n","protected":false},"author":2,"featured_media":32611,"comment_status":"open","ping_status":"open","sticky":false,"template":"","format":"standard","meta":{"footnotes":""},"categories":[3],"tags":[15379,15380,7751,5647,4972],"class_list":["post-32609","post","type-post","status-publish","format-standard","has-post-thumbnail","hentry","category-tecnologia","tag-biocombustiveis","tag-lixo-organico","tag-pequi","tag-residuos-agricolas","tag-unb"],"yoast_head":"<!-- This site is optimized with the Yoast SEO plugin v26.5 - https:\/\/yoast.com\/wordpress\/plugins\/seo\/ -->\n<title>Pesquisa transforma baga\u00e7o de malte e caro\u00e7o de pequi em biocombust\u00edvel - Jornal Fatos e Not\u00edcias<\/title>\n<meta name=\"robots\" content=\"index, follow, max-snippet:-1, max-image-preview:large, max-video-preview:-1\" \/>\n<link rel=\"canonical\" href=\"https:\/\/jornalfatosenoticias.com.br\/index.php\/2022\/07\/25\/pesquisa-transforma-bagaco-de-malte-e-caroco-de-pequi-em-biocombustivel\/\" \/>\n<meta property=\"og:locale\" content=\"pt_BR\" \/>\n<meta property=\"og:type\" content=\"article\" \/>\n<meta property=\"og:title\" content=\"Pesquisa transforma baga\u00e7o de malte e caro\u00e7o de pequi em biocombust\u00edvel - Jornal Fatos e Not\u00edcias\" \/>\n<meta property=\"og:description\" content=\"Na Universidade de Bras\u00edlia, cientistas estudam como aproveitar res\u00edduos org\u00e2nicos na produ\u00e7\u00e3o de energia! Sobras de alimentos, poda de \u00e1rvores e outros res\u00edduos org\u00e2nicos s\u00e3o reaproveitados, geralmente, na compostagem. Mas d\u00e1 pra fazer mais do que isso. Pesquisadores da Universidade de Bras\u00edlia est\u00e3o transformando o que ia para o lixo em energia. O professor Edgar [&hellip;]\" \/>\n<meta property=\"og:url\" content=\"https:\/\/jornalfatosenoticias.com.br\/index.php\/2022\/07\/25\/pesquisa-transforma-bagaco-de-malte-e-caroco-de-pequi-em-biocombustivel\/\" \/>\n<meta property=\"og:site_name\" content=\"Jornal Fatos e Not\u00edcias\" \/>\n<meta property=\"article:published_time\" content=\"2022-07-25T22:18:33+00:00\" \/>\n<meta property=\"article:modified_time\" content=\"2022-07-25T22:18:35+00:00\" \/>\n<meta property=\"og:image\" content=\"https:\/\/jornalfatosenoticias.com.br\/wp-content\/uploads\/2022\/07\/pequi.jpg\" \/>\n\t<meta property=\"og:image:width\" content=\"1000\" \/>\n\t<meta property=\"og:image:height\" content=\"617\" \/>\n\t<meta property=\"og:image:type\" content=\"image\/jpeg\" \/>\n<meta name=\"author\" content=\"Luzimara Fernandes\" \/>\n<meta name=\"twitter:card\" content=\"summary_large_image\" \/>\n<meta name=\"twitter:label1\" content=\"Escrito por\" \/>\n\t<meta name=\"twitter:data1\" content=\"Luzimara Fernandes\" \/>\n\t<meta name=\"twitter:label2\" content=\"Est. tempo de leitura\" \/>\n\t<meta name=\"twitter:data2\" content=\"2 minutos\" \/>\n<script type=\"application\/ld+json\" class=\"yoast-schema-graph\">{\"@context\":\"https:\/\/schema.org\",\"@graph\":[{\"@type\":\"Article\",\"@id\":\"https:\/\/jornalfatosenoticias.com.br\/index.php\/2022\/07\/25\/pesquisa-transforma-bagaco-de-malte-e-caroco-de-pequi-em-biocombustivel\/#article\",\"isPartOf\":{\"@id\":\"https:\/\/jornalfatosenoticias.com.br\/index.php\/2022\/07\/25\/pesquisa-transforma-bagaco-de-malte-e-caroco-de-pequi-em-biocombustivel\/\"},\"author\":{\"name\":\"Luzimara Fernandes\",\"@id\":\"https:\/\/jornalfatosenoticias.com.br\/#\/schema\/person\/d63837fa13ac8666eb9e74e0985d6f81\"},\"headline\":\"Pesquisa transforma baga\u00e7o de malte e caro\u00e7o de pequi em biocombust\u00edvel\",\"datePublished\":\"2022-07-25T22:18:33+00:00\",\"dateModified\":\"2022-07-25T22:18:35+00:00\",\"mainEntityOfPage\":{\"@id\":\"https:\/\/jornalfatosenoticias.com.br\/index.php\/2022\/07\/25\/pesquisa-transforma-bagaco-de-malte-e-caroco-de-pequi-em-biocombustivel\/\"},\"wordCount\":409,\"commentCount\":0,\"publisher\":{\"@id\":\"https:\/\/jornalfatosenoticias.com.br\/#organization\"},\"image\":{\"@id\":\"https:\/\/jornalfatosenoticias.com.br\/index.php\/2022\/07\/25\/pesquisa-transforma-bagaco-de-malte-e-caroco-de-pequi-em-biocombustivel\/#primaryimage\"},\"thumbnailUrl\":\"https:\/\/jornalfatosenoticias.com.br\/wp-content\/uploads\/2022\/07\/pequi.jpg\",\"keywords\":[\"biocombust\u00edveis\",\"lixo org\u00e2nico\",\"pequi\",\"res\u00edduos agr\u00edcolas\",\"UnB\"],\"articleSection\":[\"Tecnologia &amp; Inova\u00e7\u00e3o\"],\"inLanguage\":\"pt-BR\",\"potentialAction\":[{\"@type\":\"CommentAction\",\"name\":\"Comment\",\"target\":[\"https:\/\/jornalfatosenoticias.com.br\/index.php\/2022\/07\/25\/pesquisa-transforma-bagaco-de-malte-e-caroco-de-pequi-em-biocombustivel\/#respond\"]}]},{\"@type\":\"WebPage\",\"@id\":\"https:\/\/jornalfatosenoticias.com.br\/index.php\/2022\/07\/25\/pesquisa-transforma-bagaco-de-malte-e-caroco-de-pequi-em-biocombustivel\/\",\"url\":\"https:\/\/jornalfatosenoticias.com.br\/index.php\/2022\/07\/25\/pesquisa-transforma-bagaco-de-malte-e-caroco-de-pequi-em-biocombustivel\/\",\"name\":\"Pesquisa transforma baga\u00e7o de malte e caro\u00e7o de pequi em biocombust\u00edvel - Jornal Fatos e Not\u00edcias\",\"isPartOf\":{\"@id\":\"https:\/\/jornalfatosenoticias.com.br\/#website\"},\"primaryImageOfPage\":{\"@id\":\"https:\/\/jornalfatosenoticias.com.br\/index.php\/2022\/07\/25\/pesquisa-transforma-bagaco-de-malte-e-caroco-de-pequi-em-biocombustivel\/#primaryimage\"},\"image\":{\"@id\":\"https:\/\/jornalfatosenoticias.com.br\/index.php\/2022\/07\/25\/pesquisa-transforma-bagaco-de-malte-e-caroco-de-pequi-em-biocombustivel\/#primaryimage\"},\"thumbnailUrl\":\"https:\/\/jornalfatosenoticias.com.br\/wp-content\/uploads\/2022\/07\/pequi.jpg\",\"datePublished\":\"2022-07-25T22:18:33+00:00\",\"dateModified\":\"2022-07-25T22:18:35+00:00\",\"breadcrumb\":{\"@id\":\"https:\/\/jornalfatosenoticias.com.br\/index.php\/2022\/07\/25\/pesquisa-transforma-bagaco-de-malte-e-caroco-de-pequi-em-biocombustivel\/#breadcrumb\"},\"inLanguage\":\"pt-BR\",\"potentialAction\":[{\"@type\":\"ReadAction\",\"target\":[\"https:\/\/jornalfatosenoticias.com.br\/index.php\/2022\/07\/25\/pesquisa-transforma-bagaco-de-malte-e-caroco-de-pequi-em-biocombustivel\/\"]}]},{\"@type\":\"ImageObject\",\"inLanguage\":\"pt-BR\",\"@id\":\"https:\/\/jornalfatosenoticias.com.br\/index.php\/2022\/07\/25\/pesquisa-transforma-bagaco-de-malte-e-caroco-de-pequi-em-biocombustivel\/#primaryimage\",\"url\":\"https:\/\/jornalfatosenoticias.com.br\/wp-content\/uploads\/2022\/07\/pequi.jpg\",\"contentUrl\":\"https:\/\/jornalfatosenoticias.com.br\/wp-content\/uploads\/2022\/07\/pequi.jpg\",\"width\":1000,\"height\":617},{\"@type\":\"BreadcrumbList\",\"@id\":\"https:\/\/jornalfatosenoticias.com.br\/index.php\/2022\/07\/25\/pesquisa-transforma-bagaco-de-malte-e-caroco-de-pequi-em-biocombustivel\/#breadcrumb\",\"itemListElement\":[{\"@type\":\"ListItem\",\"position\":1,\"name\":\"In\u00edcio\",\"item\":\"https:\/\/jornalfatosenoticias.com.br\/\"},{\"@type\":\"ListItem\",\"position\":2,\"name\":\"Pesquisa transforma baga\u00e7o de malte e caro\u00e7o de pequi em biocombust\u00edvel\"}]},{\"@type\":\"WebSite\",\"@id\":\"https:\/\/jornalfatosenoticias.com.br\/#website\",\"url\":\"https:\/\/jornalfatosenoticias.com.br\/\",\"name\":\"Jornal Fatos e Not\u00edcias\",\"description\":\"Not\u00edcias em geral\",\"publisher\":{\"@id\":\"https:\/\/jornalfatosenoticias.com.br\/#organization\"},\"potentialAction\":[{\"@type\":\"SearchAction\",\"target\":{\"@type\":\"EntryPoint\",\"urlTemplate\":\"https:\/\/jornalfatosenoticias.com.br\/?s={search_term_string}\"},\"query-input\":{\"@type\":\"PropertyValueSpecification\",\"valueRequired\":true,\"valueName\":\"search_term_string\"}}],\"inLanguage\":\"pt-BR\"},{\"@type\":\"Organization\",\"@id\":\"https:\/\/jornalfatosenoticias.com.br\/#organization\",\"name\":\"Jornal Fatos e Not\u00edcias\",\"url\":\"https:\/\/jornalfatosenoticias.com.br\/\",\"logo\":{\"@type\":\"ImageObject\",\"inLanguage\":\"pt-BR\",\"@id\":\"https:\/\/jornalfatosenoticias.com.br\/#\/schema\/logo\/image\/\",\"url\":\"https:\/\/jornalfatosenoticias.com.br\/wp-content\/uploads\/2020\/02\/logo120.png\",\"contentUrl\":\"https:\/\/jornalfatosenoticias.com.br\/wp-content\/uploads\/2020\/02\/logo120.png\",\"width\":1227,\"height\":120,\"caption\":\"Jornal Fatos e Not\u00edcias\"},\"image\":{\"@id\":\"https:\/\/jornalfatosenoticias.com.br\/#\/schema\/logo\/image\/\"}},{\"@type\":\"Person\",\"@id\":\"https:\/\/jornalfatosenoticias.com.br\/#\/schema\/person\/d63837fa13ac8666eb9e74e0985d6f81\",\"name\":\"Luzimara Fernandes\",\"image\":{\"@type\":\"ImageObject\",\"inLanguage\":\"pt-BR\",\"@id\":\"https:\/\/jornalfatosenoticias.com.br\/#\/schema\/person\/image\/\",\"url\":\"https:\/\/jornalfatosenoticias.com.br\/wp-content\/uploads\/2025\/05\/EU_portal.jpg\",\"contentUrl\":\"https:\/\/jornalfatosenoticias.com.br\/wp-content\/uploads\/2025\/05\/EU_portal.jpg\",\"caption\":\"Luzimara Fernandes\"},\"description\":\"Jornalista MTB 2358-ES\",\"sameAs\":[\"https:\/\/jornalfatosenoticias.com.br\"],\"url\":\"https:\/\/jornalfatosenoticias.com.br\/index.php\/author\/luzimara\/\"}]}<\/script>\n<!-- \/ Yoast SEO plugin. -->","yoast_head_json":{"title":"Pesquisa transforma baga\u00e7o de malte e caro\u00e7o de pequi em biocombust\u00edvel - Jornal Fatos e Not\u00edcias","robots":{"index":"index","follow":"follow","max-snippet":"max-snippet:-1","max-image-preview":"max-image-preview:large","max-video-preview":"max-video-preview:-1"},"canonical":"https:\/\/jornalfatosenoticias.com.br\/index.php\/2022\/07\/25\/pesquisa-transforma-bagaco-de-malte-e-caroco-de-pequi-em-biocombustivel\/","og_locale":"pt_BR","og_type":"article","og_title":"Pesquisa transforma baga\u00e7o de malte e caro\u00e7o de pequi em biocombust\u00edvel - Jornal Fatos e Not\u00edcias","og_description":"Na Universidade de Bras\u00edlia, cientistas estudam como aproveitar res\u00edduos org\u00e2nicos na produ\u00e7\u00e3o de energia! Sobras de alimentos, poda de \u00e1rvores e outros res\u00edduos org\u00e2nicos s\u00e3o reaproveitados, geralmente, na compostagem. Mas d\u00e1 pra fazer mais do que isso. Pesquisadores da Universidade de Bras\u00edlia est\u00e3o transformando o que ia para o lixo em energia. O professor Edgar [&hellip;]","og_url":"https:\/\/jornalfatosenoticias.com.br\/index.php\/2022\/07\/25\/pesquisa-transforma-bagaco-de-malte-e-caroco-de-pequi-em-biocombustivel\/","og_site_name":"Jornal Fatos e Not\u00edcias","article_published_time":"2022-07-25T22:18:33+00:00","article_modified_time":"2022-07-25T22:18:35+00:00","og_image":[{"width":1000,"height":617,"url":"https:\/\/jornalfatosenoticias.com.br\/wp-content\/uploads\/2022\/07\/pequi.jpg","type":"image\/jpeg"}],"author":"Luzimara Fernandes","twitter_card":"summary_large_image","twitter_misc":{"Escrito por":"Luzimara Fernandes","Est. tempo de leitura":"2 minutos"},"schema":{"@context":"https:\/\/schema.org","@graph":[{"@type":"Article","@id":"https:\/\/jornalfatosenoticias.com.br\/index.php\/2022\/07\/25\/pesquisa-transforma-bagaco-de-malte-e-caroco-de-pequi-em-biocombustivel\/#article","isPartOf":{"@id":"https:\/\/jornalfatosenoticias.com.br\/index.php\/2022\/07\/25\/pesquisa-transforma-bagaco-de-malte-e-caroco-de-pequi-em-biocombustivel\/"},"author":{"name":"Luzimara Fernandes","@id":"https:\/\/jornalfatosenoticias.com.br\/#\/schema\/person\/d63837fa13ac8666eb9e74e0985d6f81"},"headline":"Pesquisa transforma baga\u00e7o de malte e caro\u00e7o de pequi em biocombust\u00edvel","datePublished":"2022-07-25T22:18:33+00:00","dateModified":"2022-07-25T22:18:35+00:00","mainEntityOfPage":{"@id":"https:\/\/jornalfatosenoticias.com.br\/index.php\/2022\/07\/25\/pesquisa-transforma-bagaco-de-malte-e-caroco-de-pequi-em-biocombustivel\/"},"wordCount":409,"commentCount":0,"publisher":{"@id":"https:\/\/jornalfatosenoticias.com.br\/#organization"},"image":{"@id":"https:\/\/jornalfatosenoticias.com.br\/index.php\/2022\/07\/25\/pesquisa-transforma-bagaco-de-malte-e-caroco-de-pequi-em-biocombustivel\/#primaryimage"},"thumbnailUrl":"https:\/\/jornalfatosenoticias.com.br\/wp-content\/uploads\/2022\/07\/pequi.jpg","keywords":["biocombust\u00edveis","lixo org\u00e2nico","pequi","res\u00edduos agr\u00edcolas","UnB"],"articleSection":["Tecnologia &amp; Inova\u00e7\u00e3o"],"inLanguage":"pt-BR","potentialAction":[{"@type":"CommentAction","name":"Comment","target":["https:\/\/jornalfatosenoticias.com.br\/index.php\/2022\/07\/25\/pesquisa-transforma-bagaco-de-malte-e-caroco-de-pequi-em-biocombustivel\/#respond"]}]},{"@type":"WebPage","@id":"https:\/\/jornalfatosenoticias.com.br\/index.php\/2022\/07\/25\/pesquisa-transforma-bagaco-de-malte-e-caroco-de-pequi-em-biocombustivel\/","url":"https:\/\/jornalfatosenoticias.com.br\/index.php\/2022\/07\/25\/pesquisa-transforma-bagaco-de-malte-e-caroco-de-pequi-em-biocombustivel\/","name":"Pesquisa transforma baga\u00e7o de malte e caro\u00e7o de pequi em biocombust\u00edvel - Jornal Fatos e Not\u00edcias","isPartOf":{"@id":"https:\/\/jornalfatosenoticias.com.br\/#website"},"primaryImageOfPage":{"@id":"https:\/\/jornalfatosenoticias.com.br\/index.php\/2022\/07\/25\/pesquisa-transforma-bagaco-de-malte-e-caroco-de-pequi-em-biocombustivel\/#primaryimage"},"image":{"@id":"https:\/\/jornalfatosenoticias.com.br\/index.php\/2022\/07\/25\/pesquisa-transforma-bagaco-de-malte-e-caroco-de-pequi-em-biocombustivel\/#primaryimage"},"thumbnailUrl":"https:\/\/jornalfatosenoticias.com.br\/wp-content\/uploads\/2022\/07\/pequi.jpg","datePublished":"2022-07-25T22:18:33+00:00","dateModified":"2022-07-25T22:18:35+00:00","breadcrumb":{"@id":"https:\/\/jornalfatosenoticias.com.br\/index.php\/2022\/07\/25\/pesquisa-transforma-bagaco-de-malte-e-caroco-de-pequi-em-biocombustivel\/#breadcrumb"},"inLanguage":"pt-BR","potentialAction":[{"@type":"ReadAction","target":["https:\/\/jornalfatosenoticias.com.br\/index.php\/2022\/07\/25\/pesquisa-transforma-bagaco-de-malte-e-caroco-de-pequi-em-biocombustivel\/"]}]},{"@type":"ImageObject","inLanguage":"pt-BR","@id":"https:\/\/jornalfatosenoticias.com.br\/index.php\/2022\/07\/25\/pesquisa-transforma-bagaco-de-malte-e-caroco-de-pequi-em-biocombustivel\/#primaryimage","url":"https:\/\/jornalfatosenoticias.com.br\/wp-content\/uploads\/2022\/07\/pequi.jpg","contentUrl":"https:\/\/jornalfatosenoticias.com.br\/wp-content\/uploads\/2022\/07\/pequi.jpg","width":1000,"height":617},{"@type":"BreadcrumbList","@id":"https:\/\/jornalfatosenoticias.com.br\/index.php\/2022\/07\/25\/pesquisa-transforma-bagaco-de-malte-e-caroco-de-pequi-em-biocombustivel\/#breadcrumb","itemListElement":[{"@type":"ListItem","position":1,"name":"In\u00edcio","item":"https:\/\/jornalfatosenoticias.com.br\/"},{"@type":"ListItem","position":2,"name":"Pesquisa transforma baga\u00e7o de malte e caro\u00e7o de pequi em biocombust\u00edvel"}]},{"@type":"WebSite","@id":"https:\/\/jornalfatosenoticias.com.br\/#website","url":"https:\/\/jornalfatosenoticias.com.br\/","name":"Jornal Fatos e Not\u00edcias","description":"Not\u00edcias em geral","publisher":{"@id":"https:\/\/jornalfatosenoticias.com.br\/#organization"},"potentialAction":[{"@type":"SearchAction","target":{"@type":"EntryPoint","urlTemplate":"https:\/\/jornalfatosenoticias.com.br\/?s={search_term_string}"},"query-input":{"@type":"PropertyValueSpecification","valueRequired":true,"valueName":"search_term_string"}}],"inLanguage":"pt-BR"},{"@type":"Organization","@id":"https:\/\/jornalfatosenoticias.com.br\/#organization","name":"Jornal Fatos e Not\u00edcias","url":"https:\/\/jornalfatosenoticias.com.br\/","logo":{"@type":"ImageObject","inLanguage":"pt-BR","@id":"https:\/\/jornalfatosenoticias.com.br\/#\/schema\/logo\/image\/","url":"https:\/\/jornalfatosenoticias.com.br\/wp-content\/uploads\/2020\/02\/logo120.png","contentUrl":"https:\/\/jornalfatosenoticias.com.br\/wp-content\/uploads\/2020\/02\/logo120.png","width":1227,"height":120,"caption":"Jornal Fatos e Not\u00edcias"},"image":{"@id":"https:\/\/jornalfatosenoticias.com.br\/#\/schema\/logo\/image\/"}},{"@type":"Person","@id":"https:\/\/jornalfatosenoticias.com.br\/#\/schema\/person\/d63837fa13ac8666eb9e74e0985d6f81","name":"Luzimara Fernandes","image":{"@type":"ImageObject","inLanguage":"pt-BR","@id":"https:\/\/jornalfatosenoticias.com.br\/#\/schema\/person\/image\/","url":"https:\/\/jornalfatosenoticias.com.br\/wp-content\/uploads\/2025\/05\/EU_portal.jpg","contentUrl":"https:\/\/jornalfatosenoticias.com.br\/wp-content\/uploads\/2025\/05\/EU_portal.jpg","caption":"Luzimara Fernandes"},"description":"Jornalista MTB 2358-ES","sameAs":["https:\/\/jornalfatosenoticias.com.br"],"url":"https:\/\/jornalfatosenoticias.com.br\/index.php\/author\/luzimara\/"}]}},"cc_featured_image_caption":{"caption_text":"(Foto: Frutos Atrativos Cerrado\/Flickr) ","source_text":"","source_url":""},"jetpack_featured_media_url":"https:\/\/jornalfatosenoticias.com.br\/wp-content\/uploads\/2022\/07\/pequi.jpg","_links":{"self":[{"href":"https:\/\/jornalfatosenoticias.com.br\/index.php\/wp-json\/wp\/v2\/posts\/32609","targetHints":{"allow":["GET"]}}],"collection":[{"href":"https:\/\/jornalfatosenoticias.com.br\/index.php\/wp-json\/wp\/v2\/posts"}],"about":[{"href":"https:\/\/jornalfatosenoticias.com.br\/index.php\/wp-json\/wp\/v2\/types\/post"}],"author":[{"embeddable":true,"href":"https:\/\/jornalfatosenoticias.com.br\/index.php\/wp-json\/wp\/v2\/users\/2"}],"replies":[{"embeddable":true,"href":"https:\/\/jornalfatosenoticias.com.br\/index.php\/wp-json\/wp\/v2\/comments?post=32609"}],"version-history":[{"count":0,"href":"https:\/\/jornalfatosenoticias.com.br\/index.php\/wp-json\/wp\/v2\/posts\/32609\/revisions"}],"wp:featuredmedia":[{"embeddable":true,"href":"https:\/\/jornalfatosenoticias.com.br\/index.php\/wp-json\/wp\/v2\/media\/32611"}],"wp:attachment":[{"href":"https:\/\/jornalfatosenoticias.com.br\/index.php\/wp-json\/wp\/v2\/media?parent=32609"}],"wp:term":[{"taxonomy":"category","embeddable":true,"href":"https:\/\/jornalfatosenoticias.com.br\/index.php\/wp-json\/wp\/v2\/categories?post=32609"},{"taxonomy":"post_tag","embeddable":true,"href":"https:\/\/jornalfatosenoticias.com.br\/index.php\/wp-json\/wp\/v2\/tags?post=32609"}],"curies":[{"name":"wp","href":"https:\/\/api.w.org\/{rel}","templated":true}]}}