{"id":32613,"date":"2022-07-25T19:29:39","date_gmt":"2022-07-25T22:29:39","guid":{"rendered":"https:\/\/jornalfatosenoticias.com.br\/?p=32613"},"modified":"2022-07-25T19:29:40","modified_gmt":"2022-07-25T22:29:40","slug":"maior-trairao-do-brasil-e-capturado-e-pescador-quer-entrar-para-o-recorde-mundial","status":"publish","type":"post","link":"https:\/\/jornalfatosenoticias.com.br\/index.php\/2022\/07\/25\/maior-trairao-do-brasil-e-capturado-e-pescador-quer-entrar-para-o-recorde-mundial\/","title":{"rendered":"Maior \u201ctrair\u00e3o\u201d do Brasil \u00e9 capturado e pescador quer entrar para o recorde mundial"},"content":{"rendered":"\n<p><em><span class=\"has-inline-color has-black-color\">Peixe encontrado no Par\u00e1 mede 97 cent\u00edmetros e pode entrar para recorde mundial<\/span><\/em><\/p>\n\n\n\n<div class=\"wp-block-image\"><figure class=\"aligncenter size-large is-resized\"><img loading=\"lazy\" decoding=\"async\" src=\"https:\/\/jornalfatosenoticias.com.br\/wp-content\/uploads\/2022\/02\/Arte-Autoescola-Galatas_endereco_portal-1024x103.png\" alt=\"\" class=\"wp-image-27869\" width=\"550\" height=\"55\" srcset=\"https:\/\/jornalfatosenoticias.com.br\/wp-content\/uploads\/2022\/02\/Arte-Autoescola-Galatas_endereco_portal-1024x103.png 1024w, https:\/\/jornalfatosenoticias.com.br\/wp-content\/uploads\/2022\/02\/Arte-Autoescola-Galatas_endereco_portal-300x30.png 300w, https:\/\/jornalfatosenoticias.com.br\/wp-content\/uploads\/2022\/02\/Arte-Autoescola-Galatas_endereco_portal-768x77.png 768w, https:\/\/jornalfatosenoticias.com.br\/wp-content\/uploads\/2022\/02\/Arte-Autoescola-Galatas_endereco_portal.png 1223w\" sizes=\"auto, (max-width: 550px) 100vw, 550px\" \/><\/figure><\/div>\n\n\n\n<p>No in\u00edcio do m\u00eas de julho, <strong>Eduardo Monteiro<\/strong>, um pescador esportista, capturou uma esp\u00e9cie de\u00a0<a href=\"https:\/\/aventurasnahistoria.uol.com.br\/noticias\/historia-hoje\/pescador-sofre-paradas-cardiacas-e-convulsoes-apos-pisar-em-peixe-venenoso.phtml\" rel=\"noreferrer noopener\" target=\"_blank\">peixe<\/a> de \u00e1gua doce conhecida no Par\u00e1, Amazonas e Mato Grosso como \u201ctrair\u00e3o\u201d. O animal tem 97 cent\u00edmetros e 29 lbs, que \u00e9 a medida de peso utilizada na pesca esportiva.<br>A pesca aconteceu no rio Curu\u00e1, em Novo Progresso, sudoeste do Par\u00e1. O feito de <strong>Eduardo<\/strong> entrou para a lista de recordes nacional e estadual pela BGFA Recordes, \u00f3rg\u00e3o de homologa\u00e7\u00e3o de recordes brasileiro.<\/p>\n\n\n\n<div class=\"wp-block-image\"><figure class=\"alignleft size-large\"><img decoding=\"async\" src=\"https:\/\/jornalfatosenoticias.com.br\/wp-content\/uploads\/2020\/02\/logo_esteio.jpg\" alt=\"\" class=\"wp-image-1214\"\/><\/figure><\/div>\n\n\n\n<p>No momento, ele est\u00e1 no aguardo da homologa\u00e7\u00e3o internacional para entrar no recorde mundial. A BGFA Recordes concedeu a <strong>Monteiro<\/strong>\u00a0o recorde brasileiro de\u00a0<a href=\"https:\/\/aventurasnahistoria.uol.com.br\/noticias\/historia-hoje\/homem-morre-durante-passagem-de-ciclone-no-rio-grande-do-sul.phtml\" rel=\"noreferrer noopener\" target=\"_blank\">pesca<\/a>\u00a0por capturar o maior\u00a0<a href=\"https:\/\/aventurasnahistoria.uol.com.br\/noticias\/historia-hoje\/na-australia-pescador-disputa-peixe-com-crocodilo-de-4-metros-nao-estava-pensando-direito.phtml\" rel=\"noreferrer noopener\" target=\"_blank\">peixe<\/a> da esp\u00e9cie Hoplias aimara, o \u201ctrair\u00e3o\u201d. Agora, a homologa\u00e7\u00e3o internacional ser\u00e1 avaliada pela IGFA.<br>&#8220;\u00c9 quest\u00e3o de tempo, pois a demanda deles \u00e9 muito grande, mas tenho o v\u00eddeo da medi\u00e7\u00e3o e a foto bem batida, ent\u00e3o n\u00e3o ter\u00e1 problema algum&#8221;, diz o pescador.<\/p>\n\n\n\n<div class=\"wp-block-image\"><figure class=\"aligncenter size-large is-resized\"><img loading=\"lazy\" decoding=\"async\" src=\"https:\/\/jornalfatosenoticias.com.br\/wp-content\/uploads\/2022\/02\/Serra-Pack-459.png\" alt=\"\" class=\"wp-image-27471\" width=\"308\" height=\"123\"\/><\/figure><\/div>\n\n\n\n<p><strong><span class=\"has-inline-color has-vivid-green-cyan-color\">A pesca esportiva<br><\/span><\/strong>Segundo <strong>Eduardo,<\/strong> o recorde pode ser que atraia outros amantes do esporte para a regi\u00e3o, que nem sempre \u00e9 valorizada. Ele ainda defende que muitos pescadores procuram locais bons para este tipo de pesca, e talvez, a \u00e1rea seja uma poss\u00edvel refer\u00eancia futuramente.<\/p>\n\n\n\n<div class=\"wp-block-image\"><figure class=\"aligncenter size-large is-resized\"><img loading=\"lazy\" decoding=\"async\" src=\"https:\/\/jornalfatosenoticias.com.br\/wp-content\/uploads\/2020\/02\/Serra-Grande-1024x160.png\" alt=\"\" class=\"wp-image-7836\" width=\"497\" height=\"77\"\/><\/figure><\/div>\n\n\n\n<blockquote class=\"wp-block-quote is-layout-flow wp-block-quote-is-layout-flow\"><p><span class=\"has-inline-color has-luminous-vivid-orange-color\">&#8220;Hoje a pesca esportiva \u00e9 um esporte que traz muito recurso para o Brasil, pois somos um dos poucos pa\u00edses do mundo que voc\u00ea realiza a pescaria de \u00e1gua doce e salgada com tanto peixe digno de trof\u00e9u, e para o nosso estado do Par\u00e1, esse recorde tem uma import\u00e2ncia gigantesca j\u00e1 que muitos pescadores pelo mundo procuram locais onde possam encontrar peixes grandes e sempre fazem procura no site da IGFA para saber onde moram os recordes mundiais&#8221;, explica o <a href=\"https:\/\/aventurasnahistoria.uol.com.br\/noticias\/historia-hoje\/na-noruega-pescadores-encontram-baleia-que-pode-ser-uma-espia-russa.phtml\" rel=\"noreferrer noopener\" target=\"_blank\">pescador<\/a>.<\/span><\/p><\/blockquote>\n\n\n\n<div class=\"wp-block-image\"><figure class=\"aligncenter size-large is-resized\"><img loading=\"lazy\" decoding=\"async\" src=\"https:\/\/jornalfatosenoticias.com.br\/wp-content\/uploads\/2022\/07\/Logo-Grupo-SEI.jpg\" alt=\"\" class=\"wp-image-31973\" width=\"387\" height=\"203\" srcset=\"https:\/\/jornalfatosenoticias.com.br\/wp-content\/uploads\/2022\/07\/Logo-Grupo-SEI.jpg 713w, https:\/\/jornalfatosenoticias.com.br\/wp-content\/uploads\/2022\/07\/Logo-Grupo-SEI-300x158.jpg 300w\" sizes=\"auto, (max-width: 387px) 100vw, 387px\" \/><\/figure><\/div>\n\n\n\n<p><em><strong>Fonte: <a href=\"https:\/\/aventurasnahistoria.uol.com.br\/noticias\/historia-hoje\/maior-trairao-do-brasil-e-capturado-e-pescador-quer-entrar-para-o-recorde-mundial.phtml\">Aventuras na Hist\u00f3ria<\/a><\/strong><\/em><\/p>\n","protected":false},"excerpt":{"rendered":"<p>Peixe encontrado no Par\u00e1 mede 97 cent\u00edmetros e pode entrar para recorde mundial No in\u00edcio do m\u00eas de julho, Eduardo Monteiro, um pescador esportista, capturou uma esp\u00e9cie de\u00a0peixe de \u00e1gua doce conhecida no Par\u00e1, Amazonas e Mato Grosso como \u201ctrair\u00e3o\u201d. O animal tem 97 cent\u00edmetros e 29 lbs, que \u00e9 a medida de peso utilizada [&hellip;]<\/p>\n","protected":false},"author":2,"featured_media":32614,"comment_status":"open","ping_status":"open","sticky":false,"template":"","format":"standard","meta":{"footnotes":""},"categories":[8],"tags":[940,3811,10534,15381,10993,15382],"class_list":["post-32613","post","type-post","status-publish","format-standard","has-post-thumbnail","hentry","category-meio-ambiente","tag-para","tag-peixe","tag-pescador","tag-recorde-brasileiro","tag-recorde-mundial","tag-trairao"],"yoast_head":"<!-- This site is optimized with the Yoast SEO plugin v26.5 - https:\/\/yoast.com\/wordpress\/plugins\/seo\/ -->\n<title>Maior \u201ctrair\u00e3o\u201d do Brasil \u00e9 capturado e pescador quer entrar para o recorde mundial - Jornal Fatos e Not\u00edcias<\/title>\n<meta name=\"robots\" content=\"index, follow, max-snippet:-1, max-image-preview:large, max-video-preview:-1\" \/>\n<link rel=\"canonical\" href=\"https:\/\/jornalfatosenoticias.com.br\/index.php\/2022\/07\/25\/maior-trairao-do-brasil-e-capturado-e-pescador-quer-entrar-para-o-recorde-mundial\/\" \/>\n<meta property=\"og:locale\" content=\"pt_BR\" \/>\n<meta property=\"og:type\" content=\"article\" \/>\n<meta property=\"og:title\" content=\"Maior \u201ctrair\u00e3o\u201d do Brasil \u00e9 capturado e pescador quer entrar para o recorde mundial - Jornal Fatos e Not\u00edcias\" \/>\n<meta property=\"og:description\" content=\"Peixe encontrado no Par\u00e1 mede 97 cent\u00edmetros e pode entrar para recorde mundial No in\u00edcio do m\u00eas de julho, Eduardo Monteiro, um pescador esportista, capturou uma esp\u00e9cie de\u00a0peixe de \u00e1gua doce conhecida no Par\u00e1, Amazonas e Mato Grosso como \u201ctrair\u00e3o\u201d. O animal tem 97 cent\u00edmetros e 29 lbs, que \u00e9 a medida de peso utilizada [&hellip;]\" \/>\n<meta property=\"og:url\" content=\"https:\/\/jornalfatosenoticias.com.br\/index.php\/2022\/07\/25\/maior-trairao-do-brasil-e-capturado-e-pescador-quer-entrar-para-o-recorde-mundial\/\" \/>\n<meta property=\"og:site_name\" content=\"Jornal Fatos e Not\u00edcias\" \/>\n<meta property=\"article:published_time\" content=\"2022-07-25T22:29:39+00:00\" \/>\n<meta property=\"article:modified_time\" content=\"2022-07-25T22:29:40+00:00\" \/>\n<meta property=\"og:image\" content=\"https:\/\/jornalfatosenoticias.com.br\/wp-content\/uploads\/2022\/07\/maior-trairao-do-mundo-arquivo-pessoal.jpg\" \/>\n\t<meta property=\"og:image:width\" content=\"1000\" \/>\n\t<meta property=\"og:image:height\" content=\"563\" \/>\n\t<meta property=\"og:image:type\" content=\"image\/jpeg\" \/>\n<meta name=\"author\" content=\"Luzimara Fernandes\" \/>\n<meta name=\"twitter:card\" content=\"summary_large_image\" \/>\n<meta name=\"twitter:label1\" content=\"Escrito por\" \/>\n\t<meta name=\"twitter:data1\" content=\"Luzimara Fernandes\" \/>\n\t<meta name=\"twitter:label2\" content=\"Est. tempo de leitura\" \/>\n\t<meta name=\"twitter:data2\" content=\"2 minutos\" \/>\n<script type=\"application\/ld+json\" class=\"yoast-schema-graph\">{\"@context\":\"https:\/\/schema.org\",\"@graph\":[{\"@type\":\"Article\",\"@id\":\"https:\/\/jornalfatosenoticias.com.br\/index.php\/2022\/07\/25\/maior-trairao-do-brasil-e-capturado-e-pescador-quer-entrar-para-o-recorde-mundial\/#article\",\"isPartOf\":{\"@id\":\"https:\/\/jornalfatosenoticias.com.br\/index.php\/2022\/07\/25\/maior-trairao-do-brasil-e-capturado-e-pescador-quer-entrar-para-o-recorde-mundial\/\"},\"author\":{\"name\":\"Luzimara Fernandes\",\"@id\":\"https:\/\/jornalfatosenoticias.com.br\/#\/schema\/person\/d63837fa13ac8666eb9e74e0985d6f81\"},\"headline\":\"Maior \u201ctrair\u00e3o\u201d do Brasil \u00e9 capturado e pescador quer entrar para o recorde mundial\",\"datePublished\":\"2022-07-25T22:29:39+00:00\",\"dateModified\":\"2022-07-25T22:29:40+00:00\",\"mainEntityOfPage\":{\"@id\":\"https:\/\/jornalfatosenoticias.com.br\/index.php\/2022\/07\/25\/maior-trairao-do-brasil-e-capturado-e-pescador-quer-entrar-para-o-recorde-mundial\/\"},\"wordCount\":329,\"commentCount\":0,\"publisher\":{\"@id\":\"https:\/\/jornalfatosenoticias.com.br\/#organization\"},\"image\":{\"@id\":\"https:\/\/jornalfatosenoticias.com.br\/index.php\/2022\/07\/25\/maior-trairao-do-brasil-e-capturado-e-pescador-quer-entrar-para-o-recorde-mundial\/#primaryimage\"},\"thumbnailUrl\":\"https:\/\/jornalfatosenoticias.com.br\/wp-content\/uploads\/2022\/07\/maior-trairao-do-mundo-arquivo-pessoal.jpg\",\"keywords\":[\"Par\u00e1\",\"peixe\",\"pescador\",\"recorde brasileiro\",\"recorde mundial\",\"trair\u00e3o\"],\"articleSection\":[\"Meio ambiente\"],\"inLanguage\":\"pt-BR\",\"potentialAction\":[{\"@type\":\"CommentAction\",\"name\":\"Comment\",\"target\":[\"https:\/\/jornalfatosenoticias.com.br\/index.php\/2022\/07\/25\/maior-trairao-do-brasil-e-capturado-e-pescador-quer-entrar-para-o-recorde-mundial\/#respond\"]}]},{\"@type\":\"WebPage\",\"@id\":\"https:\/\/jornalfatosenoticias.com.br\/index.php\/2022\/07\/25\/maior-trairao-do-brasil-e-capturado-e-pescador-quer-entrar-para-o-recorde-mundial\/\",\"url\":\"https:\/\/jornalfatosenoticias.com.br\/index.php\/2022\/07\/25\/maior-trairao-do-brasil-e-capturado-e-pescador-quer-entrar-para-o-recorde-mundial\/\",\"name\":\"Maior \u201ctrair\u00e3o\u201d do Brasil \u00e9 capturado e pescador quer entrar para o recorde mundial - Jornal Fatos e Not\u00edcias\",\"isPartOf\":{\"@id\":\"https:\/\/jornalfatosenoticias.com.br\/#website\"},\"primaryImageOfPage\":{\"@id\":\"https:\/\/jornalfatosenoticias.com.br\/index.php\/2022\/07\/25\/maior-trairao-do-brasil-e-capturado-e-pescador-quer-entrar-para-o-recorde-mundial\/#primaryimage\"},\"image\":{\"@id\":\"https:\/\/jornalfatosenoticias.com.br\/index.php\/2022\/07\/25\/maior-trairao-do-brasil-e-capturado-e-pescador-quer-entrar-para-o-recorde-mundial\/#primaryimage\"},\"thumbnailUrl\":\"https:\/\/jornalfatosenoticias.com.br\/wp-content\/uploads\/2022\/07\/maior-trairao-do-mundo-arquivo-pessoal.jpg\",\"datePublished\":\"2022-07-25T22:29:39+00:00\",\"dateModified\":\"2022-07-25T22:29:40+00:00\",\"breadcrumb\":{\"@id\":\"https:\/\/jornalfatosenoticias.com.br\/index.php\/2022\/07\/25\/maior-trairao-do-brasil-e-capturado-e-pescador-quer-entrar-para-o-recorde-mundial\/#breadcrumb\"},\"inLanguage\":\"pt-BR\",\"potentialAction\":[{\"@type\":\"ReadAction\",\"target\":[\"https:\/\/jornalfatosenoticias.com.br\/index.php\/2022\/07\/25\/maior-trairao-do-brasil-e-capturado-e-pescador-quer-entrar-para-o-recorde-mundial\/\"]}]},{\"@type\":\"ImageObject\",\"inLanguage\":\"pt-BR\",\"@id\":\"https:\/\/jornalfatosenoticias.com.br\/index.php\/2022\/07\/25\/maior-trairao-do-brasil-e-capturado-e-pescador-quer-entrar-para-o-recorde-mundial\/#primaryimage\",\"url\":\"https:\/\/jornalfatosenoticias.com.br\/wp-content\/uploads\/2022\/07\/maior-trairao-do-mundo-arquivo-pessoal.jpg\",\"contentUrl\":\"https:\/\/jornalfatosenoticias.com.br\/wp-content\/uploads\/2022\/07\/maior-trairao-do-mundo-arquivo-pessoal.jpg\",\"width\":1000,\"height\":563},{\"@type\":\"BreadcrumbList\",\"@id\":\"https:\/\/jornalfatosenoticias.com.br\/index.php\/2022\/07\/25\/maior-trairao-do-brasil-e-capturado-e-pescador-quer-entrar-para-o-recorde-mundial\/#breadcrumb\",\"itemListElement\":[{\"@type\":\"ListItem\",\"position\":1,\"name\":\"In\u00edcio\",\"item\":\"https:\/\/jornalfatosenoticias.com.br\/\"},{\"@type\":\"ListItem\",\"position\":2,\"name\":\"Maior \u201ctrair\u00e3o\u201d do Brasil \u00e9 capturado e pescador quer entrar para o recorde mundial\"}]},{\"@type\":\"WebSite\",\"@id\":\"https:\/\/jornalfatosenoticias.com.br\/#website\",\"url\":\"https:\/\/jornalfatosenoticias.com.br\/\",\"name\":\"Jornal Fatos e Not\u00edcias\",\"description\":\"Not\u00edcias em geral\",\"publisher\":{\"@id\":\"https:\/\/jornalfatosenoticias.com.br\/#organization\"},\"potentialAction\":[{\"@type\":\"SearchAction\",\"target\":{\"@type\":\"EntryPoint\",\"urlTemplate\":\"https:\/\/jornalfatosenoticias.com.br\/?s={search_term_string}\"},\"query-input\":{\"@type\":\"PropertyValueSpecification\",\"valueRequired\":true,\"valueName\":\"search_term_string\"}}],\"inLanguage\":\"pt-BR\"},{\"@type\":\"Organization\",\"@id\":\"https:\/\/jornalfatosenoticias.com.br\/#organization\",\"name\":\"Jornal Fatos e Not\u00edcias\",\"url\":\"https:\/\/jornalfatosenoticias.com.br\/\",\"logo\":{\"@type\":\"ImageObject\",\"inLanguage\":\"pt-BR\",\"@id\":\"https:\/\/jornalfatosenoticias.com.br\/#\/schema\/logo\/image\/\",\"url\":\"https:\/\/jornalfatosenoticias.com.br\/wp-content\/uploads\/2020\/02\/logo120.png\",\"contentUrl\":\"https:\/\/jornalfatosenoticias.com.br\/wp-content\/uploads\/2020\/02\/logo120.png\",\"width\":1227,\"height\":120,\"caption\":\"Jornal Fatos e Not\u00edcias\"},\"image\":{\"@id\":\"https:\/\/jornalfatosenoticias.com.br\/#\/schema\/logo\/image\/\"}},{\"@type\":\"Person\",\"@id\":\"https:\/\/jornalfatosenoticias.com.br\/#\/schema\/person\/d63837fa13ac8666eb9e74e0985d6f81\",\"name\":\"Luzimara Fernandes\",\"image\":{\"@type\":\"ImageObject\",\"inLanguage\":\"pt-BR\",\"@id\":\"https:\/\/jornalfatosenoticias.com.br\/#\/schema\/person\/image\/\",\"url\":\"https:\/\/jornalfatosenoticias.com.br\/wp-content\/uploads\/2025\/05\/EU_portal.jpg\",\"contentUrl\":\"https:\/\/jornalfatosenoticias.com.br\/wp-content\/uploads\/2025\/05\/EU_portal.jpg\",\"caption\":\"Luzimara Fernandes\"},\"description\":\"Jornalista MTB 2358-ES\",\"sameAs\":[\"https:\/\/jornalfatosenoticias.com.br\"],\"url\":\"https:\/\/jornalfatosenoticias.com.br\/index.php\/author\/luzimara\/\"}]}<\/script>\n<!-- \/ Yoast SEO plugin. -->","yoast_head_json":{"title":"Maior \u201ctrair\u00e3o\u201d do Brasil \u00e9 capturado e pescador quer entrar para o recorde mundial - Jornal Fatos e Not\u00edcias","robots":{"index":"index","follow":"follow","max-snippet":"max-snippet:-1","max-image-preview":"max-image-preview:large","max-video-preview":"max-video-preview:-1"},"canonical":"https:\/\/jornalfatosenoticias.com.br\/index.php\/2022\/07\/25\/maior-trairao-do-brasil-e-capturado-e-pescador-quer-entrar-para-o-recorde-mundial\/","og_locale":"pt_BR","og_type":"article","og_title":"Maior \u201ctrair\u00e3o\u201d do Brasil \u00e9 capturado e pescador quer entrar para o recorde mundial - Jornal Fatos e Not\u00edcias","og_description":"Peixe encontrado no Par\u00e1 mede 97 cent\u00edmetros e pode entrar para recorde mundial No in\u00edcio do m\u00eas de julho, Eduardo Monteiro, um pescador esportista, capturou uma esp\u00e9cie de\u00a0peixe de \u00e1gua doce conhecida no Par\u00e1, Amazonas e Mato Grosso como \u201ctrair\u00e3o\u201d. O animal tem 97 cent\u00edmetros e 29 lbs, que \u00e9 a medida de peso utilizada [&hellip;]","og_url":"https:\/\/jornalfatosenoticias.com.br\/index.php\/2022\/07\/25\/maior-trairao-do-brasil-e-capturado-e-pescador-quer-entrar-para-o-recorde-mundial\/","og_site_name":"Jornal Fatos e Not\u00edcias","article_published_time":"2022-07-25T22:29:39+00:00","article_modified_time":"2022-07-25T22:29:40+00:00","og_image":[{"width":1000,"height":563,"url":"https:\/\/jornalfatosenoticias.com.br\/wp-content\/uploads\/2022\/07\/maior-trairao-do-mundo-arquivo-pessoal.jpg","type":"image\/jpeg"}],"author":"Luzimara Fernandes","twitter_card":"summary_large_image","twitter_misc":{"Escrito por":"Luzimara Fernandes","Est. tempo de leitura":"2 minutos"},"schema":{"@context":"https:\/\/schema.org","@graph":[{"@type":"Article","@id":"https:\/\/jornalfatosenoticias.com.br\/index.php\/2022\/07\/25\/maior-trairao-do-brasil-e-capturado-e-pescador-quer-entrar-para-o-recorde-mundial\/#article","isPartOf":{"@id":"https:\/\/jornalfatosenoticias.com.br\/index.php\/2022\/07\/25\/maior-trairao-do-brasil-e-capturado-e-pescador-quer-entrar-para-o-recorde-mundial\/"},"author":{"name":"Luzimara Fernandes","@id":"https:\/\/jornalfatosenoticias.com.br\/#\/schema\/person\/d63837fa13ac8666eb9e74e0985d6f81"},"headline":"Maior \u201ctrair\u00e3o\u201d do Brasil \u00e9 capturado e pescador quer entrar para o recorde mundial","datePublished":"2022-07-25T22:29:39+00:00","dateModified":"2022-07-25T22:29:40+00:00","mainEntityOfPage":{"@id":"https:\/\/jornalfatosenoticias.com.br\/index.php\/2022\/07\/25\/maior-trairao-do-brasil-e-capturado-e-pescador-quer-entrar-para-o-recorde-mundial\/"},"wordCount":329,"commentCount":0,"publisher":{"@id":"https:\/\/jornalfatosenoticias.com.br\/#organization"},"image":{"@id":"https:\/\/jornalfatosenoticias.com.br\/index.php\/2022\/07\/25\/maior-trairao-do-brasil-e-capturado-e-pescador-quer-entrar-para-o-recorde-mundial\/#primaryimage"},"thumbnailUrl":"https:\/\/jornalfatosenoticias.com.br\/wp-content\/uploads\/2022\/07\/maior-trairao-do-mundo-arquivo-pessoal.jpg","keywords":["Par\u00e1","peixe","pescador","recorde brasileiro","recorde mundial","trair\u00e3o"],"articleSection":["Meio ambiente"],"inLanguage":"pt-BR","potentialAction":[{"@type":"CommentAction","name":"Comment","target":["https:\/\/jornalfatosenoticias.com.br\/index.php\/2022\/07\/25\/maior-trairao-do-brasil-e-capturado-e-pescador-quer-entrar-para-o-recorde-mundial\/#respond"]}]},{"@type":"WebPage","@id":"https:\/\/jornalfatosenoticias.com.br\/index.php\/2022\/07\/25\/maior-trairao-do-brasil-e-capturado-e-pescador-quer-entrar-para-o-recorde-mundial\/","url":"https:\/\/jornalfatosenoticias.com.br\/index.php\/2022\/07\/25\/maior-trairao-do-brasil-e-capturado-e-pescador-quer-entrar-para-o-recorde-mundial\/","name":"Maior \u201ctrair\u00e3o\u201d do Brasil \u00e9 capturado e pescador quer entrar para o recorde mundial - Jornal Fatos e Not\u00edcias","isPartOf":{"@id":"https:\/\/jornalfatosenoticias.com.br\/#website"},"primaryImageOfPage":{"@id":"https:\/\/jornalfatosenoticias.com.br\/index.php\/2022\/07\/25\/maior-trairao-do-brasil-e-capturado-e-pescador-quer-entrar-para-o-recorde-mundial\/#primaryimage"},"image":{"@id":"https:\/\/jornalfatosenoticias.com.br\/index.php\/2022\/07\/25\/maior-trairao-do-brasil-e-capturado-e-pescador-quer-entrar-para-o-recorde-mundial\/#primaryimage"},"thumbnailUrl":"https:\/\/jornalfatosenoticias.com.br\/wp-content\/uploads\/2022\/07\/maior-trairao-do-mundo-arquivo-pessoal.jpg","datePublished":"2022-07-25T22:29:39+00:00","dateModified":"2022-07-25T22:29:40+00:00","breadcrumb":{"@id":"https:\/\/jornalfatosenoticias.com.br\/index.php\/2022\/07\/25\/maior-trairao-do-brasil-e-capturado-e-pescador-quer-entrar-para-o-recorde-mundial\/#breadcrumb"},"inLanguage":"pt-BR","potentialAction":[{"@type":"ReadAction","target":["https:\/\/jornalfatosenoticias.com.br\/index.php\/2022\/07\/25\/maior-trairao-do-brasil-e-capturado-e-pescador-quer-entrar-para-o-recorde-mundial\/"]}]},{"@type":"ImageObject","inLanguage":"pt-BR","@id":"https:\/\/jornalfatosenoticias.com.br\/index.php\/2022\/07\/25\/maior-trairao-do-brasil-e-capturado-e-pescador-quer-entrar-para-o-recorde-mundial\/#primaryimage","url":"https:\/\/jornalfatosenoticias.com.br\/wp-content\/uploads\/2022\/07\/maior-trairao-do-mundo-arquivo-pessoal.jpg","contentUrl":"https:\/\/jornalfatosenoticias.com.br\/wp-content\/uploads\/2022\/07\/maior-trairao-do-mundo-arquivo-pessoal.jpg","width":1000,"height":563},{"@type":"BreadcrumbList","@id":"https:\/\/jornalfatosenoticias.com.br\/index.php\/2022\/07\/25\/maior-trairao-do-brasil-e-capturado-e-pescador-quer-entrar-para-o-recorde-mundial\/#breadcrumb","itemListElement":[{"@type":"ListItem","position":1,"name":"In\u00edcio","item":"https:\/\/jornalfatosenoticias.com.br\/"},{"@type":"ListItem","position":2,"name":"Maior \u201ctrair\u00e3o\u201d do Brasil \u00e9 capturado e pescador quer entrar para o recorde mundial"}]},{"@type":"WebSite","@id":"https:\/\/jornalfatosenoticias.com.br\/#website","url":"https:\/\/jornalfatosenoticias.com.br\/","name":"Jornal Fatos e Not\u00edcias","description":"Not\u00edcias em geral","publisher":{"@id":"https:\/\/jornalfatosenoticias.com.br\/#organization"},"potentialAction":[{"@type":"SearchAction","target":{"@type":"EntryPoint","urlTemplate":"https:\/\/jornalfatosenoticias.com.br\/?s={search_term_string}"},"query-input":{"@type":"PropertyValueSpecification","valueRequired":true,"valueName":"search_term_string"}}],"inLanguage":"pt-BR"},{"@type":"Organization","@id":"https:\/\/jornalfatosenoticias.com.br\/#organization","name":"Jornal Fatos e Not\u00edcias","url":"https:\/\/jornalfatosenoticias.com.br\/","logo":{"@type":"ImageObject","inLanguage":"pt-BR","@id":"https:\/\/jornalfatosenoticias.com.br\/#\/schema\/logo\/image\/","url":"https:\/\/jornalfatosenoticias.com.br\/wp-content\/uploads\/2020\/02\/logo120.png","contentUrl":"https:\/\/jornalfatosenoticias.com.br\/wp-content\/uploads\/2020\/02\/logo120.png","width":1227,"height":120,"caption":"Jornal Fatos e Not\u00edcias"},"image":{"@id":"https:\/\/jornalfatosenoticias.com.br\/#\/schema\/logo\/image\/"}},{"@type":"Person","@id":"https:\/\/jornalfatosenoticias.com.br\/#\/schema\/person\/d63837fa13ac8666eb9e74e0985d6f81","name":"Luzimara Fernandes","image":{"@type":"ImageObject","inLanguage":"pt-BR","@id":"https:\/\/jornalfatosenoticias.com.br\/#\/schema\/person\/image\/","url":"https:\/\/jornalfatosenoticias.com.br\/wp-content\/uploads\/2025\/05\/EU_portal.jpg","contentUrl":"https:\/\/jornalfatosenoticias.com.br\/wp-content\/uploads\/2025\/05\/EU_portal.jpg","caption":"Luzimara Fernandes"},"description":"Jornalista MTB 2358-ES","sameAs":["https:\/\/jornalfatosenoticias.com.br"],"url":"https:\/\/jornalfatosenoticias.com.br\/index.php\/author\/luzimara\/"}]}},"cc_featured_image_caption":{"caption_text":"(Foto: Arquivo Pessoal) ","source_text":"","source_url":""},"jetpack_featured_media_url":"https:\/\/jornalfatosenoticias.com.br\/wp-content\/uploads\/2022\/07\/maior-trairao-do-mundo-arquivo-pessoal.jpg","_links":{"self":[{"href":"https:\/\/jornalfatosenoticias.com.br\/index.php\/wp-json\/wp\/v2\/posts\/32613","targetHints":{"allow":["GET"]}}],"collection":[{"href":"https:\/\/jornalfatosenoticias.com.br\/index.php\/wp-json\/wp\/v2\/posts"}],"about":[{"href":"https:\/\/jornalfatosenoticias.com.br\/index.php\/wp-json\/wp\/v2\/types\/post"}],"author":[{"embeddable":true,"href":"https:\/\/jornalfatosenoticias.com.br\/index.php\/wp-json\/wp\/v2\/users\/2"}],"replies":[{"embeddable":true,"href":"https:\/\/jornalfatosenoticias.com.br\/index.php\/wp-json\/wp\/v2\/comments?post=32613"}],"version-history":[{"count":0,"href":"https:\/\/jornalfatosenoticias.com.br\/index.php\/wp-json\/wp\/v2\/posts\/32613\/revisions"}],"wp:featuredmedia":[{"embeddable":true,"href":"https:\/\/jornalfatosenoticias.com.br\/index.php\/wp-json\/wp\/v2\/media\/32614"}],"wp:attachment":[{"href":"https:\/\/jornalfatosenoticias.com.br\/index.php\/wp-json\/wp\/v2\/media?parent=32613"}],"wp:term":[{"taxonomy":"category","embeddable":true,"href":"https:\/\/jornalfatosenoticias.com.br\/index.php\/wp-json\/wp\/v2\/categories?post=32613"},{"taxonomy":"post_tag","embeddable":true,"href":"https:\/\/jornalfatosenoticias.com.br\/index.php\/wp-json\/wp\/v2\/tags?post=32613"}],"curies":[{"name":"wp","href":"https:\/\/api.w.org\/{rel}","templated":true}]}}