{"id":32656,"date":"2022-07-26T13:33:40","date_gmt":"2022-07-26T16:33:40","guid":{"rendered":"https:\/\/jornalfatosenoticias.com.br\/?p=32656"},"modified":"2023-01-26T15:34:52","modified_gmt":"2023-01-26T18:34:52","slug":"manguezal-de-agua-doce-e-descoberto-na-amazonia","status":"publish","type":"post","link":"https:\/\/jornalfatosenoticias.com.br\/index.php\/2022\/07\/26\/manguezal-de-agua-doce-e-descoberto-na-amazonia\/","title":{"rendered":"Manguezal de \u00e1gua doce \u00e9 descoberto na Amaz\u00f4nia"},"content":{"rendered":"\n<p><em><span class=\"has-inline-color has-black-color\">Os manguezais s\u00e3o ecossistemas importantes para os servi\u00e7os ecossist\u00eamicos, como sequestro de carbono, prote\u00e7\u00e3o contra a eros\u00e3o e habitats para esp\u00e9cies<\/span><\/em><\/p>\n\n\n\n<div class=\"wp-block-image\"><figure class=\"aligncenter size-large is-resized\"><img loading=\"lazy\" decoding=\"async\" src=\"https:\/\/jornalfatosenoticias.com.br\/wp-content\/uploads\/2022\/05\/NOVA-LOGO-CESCONETTO-1024x100.jpg\" alt=\"\" class=\"wp-image-30792\" width=\"549\" height=\"53\" srcset=\"https:\/\/jornalfatosenoticias.com.br\/wp-content\/uploads\/2022\/05\/NOVA-LOGO-CESCONETTO-1024x100.jpg 1024w, https:\/\/jornalfatosenoticias.com.br\/wp-content\/uploads\/2022\/05\/NOVA-LOGO-CESCONETTO-300x29.jpg 300w, https:\/\/jornalfatosenoticias.com.br\/wp-content\/uploads\/2022\/05\/NOVA-LOGO-CESCONETTO-768x75.jpg 768w, https:\/\/jornalfatosenoticias.com.br\/wp-content\/uploads\/2022\/05\/NOVA-LOGO-CESCONETTO.jpg 1280w\" sizes=\"auto, (max-width: 549px) 100vw, 549px\" \/><\/figure><\/div>\n\n\n\n<p>Uma descoberta cient\u00edfica divulgada na \u00faltima quarta-feira (20) revela a exist\u00eancia de manguezais de \u00e1gua doce na costa brasileira. O achado in\u00e9dito \u00e9 da expedi\u00e7\u00e3o da <em>National Geographic <\/em>e da<em> Rolex Perpetual Planet Amazon Expedition,<\/em> da qual faz parte \u00c2ngelo Bernardino, pesquisador e professor do Departamento de Oceanografia da Universidade Federal do Esp\u00edrito Santo (Ufes). A <a href=\"https:\/\/blog.nationalgeographic.org\/2022\/04\/12\/national-geographic-society-launches-groundbreaking-multi-year-expedition-of-the-amazon-river-basin-with-the-support-of-the-rolex-perpetual-planet-initiative\/\" target=\"_blank\" rel=\"noreferrer noopener\">Expedi\u00e7\u00e3o Perpetual Planet Amazon<\/a> vai passar dois anos percorrendo a bacia do rio Amazonas, dos Andes ao Atl\u00e2ntico.<br>A explora\u00e7\u00e3o que descobriu os manguezais de \u00e1gua doce foi a primeira da s\u00e9rie e aconteceu de 10 a 27 de abril \u00faltimo. Os pesquisadores \u00c2ngelo Bernardino e Thiago Silva, da <em>National Geographic, <\/em>exploraram 11 florestas de mangue ao longo do delta do Amazonas. Foram analisados dados da \u00e1gua, do solo, salinidade, composi\u00e7\u00e3o, densidade e volume das \u00e1rvores usando varredura a laser 3D do solo e de drones.<\/p>\n\n\n\n<div class=\"wp-block-image\"><figure class=\"aligncenter size-large is-resized\"><img loading=\"lazy\" decoding=\"async\" src=\"https:\/\/jornalfatosenoticias.com.br\/wp-content\/uploads\/2020\/02\/Serra-Grande-1024x160.png\" alt=\"\" class=\"wp-image-7836\" width=\"535\" height=\"83\"\/><\/figure><\/div>\n\n\n\n<div class=\"wp-block-image\"><figure class=\"alignleft size-large is-resized\"><img loading=\"lazy\" decoding=\"async\" src=\"https:\/\/jornalfatosenoticias.com.br\/wp-content\/uploads\/2022\/07\/Logo-Grupo-SEI.jpg\" alt=\"\" class=\"wp-image-31973\" width=\"319\" height=\"168\" srcset=\"https:\/\/jornalfatosenoticias.com.br\/wp-content\/uploads\/2022\/07\/Logo-Grupo-SEI.jpg 713w, https:\/\/jornalfatosenoticias.com.br\/wp-content\/uploads\/2022\/07\/Logo-Grupo-SEI-300x158.jpg 300w\" sizes=\"auto, (max-width: 319px) 100vw, 319px\" \/><\/figure><\/div>\n\n\n\n<p>Os resultados da pesquisa mostram uma expans\u00e3o dos manguezais mapeados existentes no delta do Amazonas de quase 20%, com mais 180 quil\u00f4metros quadrados. Esses manguezais s\u00e3o ecossistemas importantes para os chamados servi\u00e7os ecossist\u00eamicos, como sequestro de grandes quantidades de carbono org\u00e2nico, prote\u00e7\u00e3o contra a eros\u00e3o e habitats para muitas esp\u00e9cies terrestres e aqu\u00e1ticas, como macacos, p\u00e1ssaros, caranguejos e peixes.<\/p>\n\n\n\n<p><strong><span class=\"has-inline-color has-vivid-green-cyan-color\">Hip\u00f3tese confirmada<br><\/span><\/strong>O professor Bernardino destacou o valor da explora\u00e7\u00e3o do meio ambiente em busca de novas descobertas cient\u00edficas.<\/p>\n\n\n\n<div class=\"wp-block-image\"><figure class=\"aligncenter size-large is-resized\"><img loading=\"lazy\" decoding=\"async\" src=\"https:\/\/jornalfatosenoticias.com.br\/wp-content\/uploads\/2022\/02\/Serra-Pack-459.png\" alt=\"\" class=\"wp-image-27471\" width=\"338\" height=\"135\"\/><\/figure><\/div>\n\n\n\n<blockquote class=\"wp-block-quote is-layout-flow wp-block-quote-is-layout-flow\"><p><span class=\"has-inline-color has-luminous-vivid-orange-color\">\u201cA gente tinha a hip\u00f3tese da exist\u00eancia de manguezais de \u00e1gua doce em solos hipossalinos no delta do Amazonas, pois a vaz\u00e3o alta de \u00e1gua do Rio Amazonas poderia dar suporte a manguezais com grandes diferen\u00e7as de estruturas e fun\u00e7\u00f5es ecol\u00f3gicas. Depois dessa expedi\u00e7\u00e3o, nos surpreendemos, porque esses manguezais t\u00eam estruturas bem diferentes do que estamos acostumados no Esp\u00edrito Santo e em outros lugares no Brasil. Talvez 99% dos manguezais do Brasil se desenvolvam em solos com alta salinidade, em estu\u00e1rios e \u00e1reas marinhas. No delta a gente tem o maior rio do mundo criando essas condi\u00e7\u00f5es especiais [para o manguezal doce]. \u00c9 muito especial ver isso, um ecossistema adaptado como provavelmente n\u00e3o existe em nenhum outro lugar do mundo\u201d, afirmou Bernardino.<\/span><\/p><\/blockquote>\n\n\n\n<div class=\"wp-block-image\"><figure class=\"aligncenter size-large is-resized\"><img loading=\"lazy\" decoding=\"async\" src=\"https:\/\/jornalfatosenoticias.com.br\/wp-content\/uploads\/2022\/07\/Assinatura-Marketing-1024x300.png\" alt=\"\" class=\"wp-image-31962\" width=\"495\" height=\"144\" srcset=\"https:\/\/jornalfatosenoticias.com.br\/wp-content\/uploads\/2022\/07\/Assinatura-Marketing-1024x300.png 1024w, https:\/\/jornalfatosenoticias.com.br\/wp-content\/uploads\/2022\/07\/Assinatura-Marketing-300x88.png 300w, https:\/\/jornalfatosenoticias.com.br\/wp-content\/uploads\/2022\/07\/Assinatura-Marketing-768x225.png 768w, https:\/\/jornalfatosenoticias.com.br\/wp-content\/uploads\/2022\/07\/Assinatura-Marketing-1536x451.png 1536w, https:\/\/jornalfatosenoticias.com.br\/wp-content\/uploads\/2022\/07\/Assinatura-Marketing-2048x601.png 2048w\" sizes=\"auto, (max-width: 495px) 100vw, 495px\" \/><\/figure><\/div>\n\n\n\n<figure class=\"wp-block-image size-large\"><img loading=\"lazy\" decoding=\"async\" width=\"1000\" height=\"703\" src=\"https:\/\/jornalfatosenoticias.com.br\/wp-content\/uploads\/2022\/07\/manguezais-agua-doce2.jpg\" alt=\"\" class=\"wp-image-32657\" srcset=\"https:\/\/jornalfatosenoticias.com.br\/wp-content\/uploads\/2022\/07\/manguezais-agua-doce2.jpg 1000w, https:\/\/jornalfatosenoticias.com.br\/wp-content\/uploads\/2022\/07\/manguezais-agua-doce2-300x211.jpg 300w, https:\/\/jornalfatosenoticias.com.br\/wp-content\/uploads\/2022\/07\/manguezais-agua-doce2-768x540.jpg 768w\" sizes=\"auto, (max-width: 1000px) 100vw, 1000px\" \/><figcaption><em><span class=\"has-inline-color has-black-color\">Imagens coletadas durante o estudo (Fotos: Reprodu\u00e7\u00e3o National Geographic)<\/span><\/em><\/figcaption><\/figure>\n\n\n\n<p>Segundo divulgado pela <em>National Geographic<\/em>, o estudo, publicado na \u00faltima quinta-feira (21) em artigo na <a href=\"https:\/\/www.cell.com\/current-biology\/fulltext\/S0960-9822(22)01076-4\" target=\"_blank\" rel=\"noreferrer noopener\"><em>Current Biology<\/em><\/a>, mostra que a pluma do rio Amazonas e as altas condi\u00e7\u00f5es pluviom\u00e9tricas permitem a coexist\u00eancia de um conjunto \u00fanico de manguezais. Essas estruturas de mangue, que produzem pouca ou nenhuma salinidade, nunca foram documentadas em deltas ou manguezais costeiros em nenhum lugar do mundo.<\/p>\n\n\n\n<div class=\"wp-block-image\"><figure class=\"aligncenter size-large is-resized\"><img loading=\"lazy\" decoding=\"async\" src=\"https:\/\/jornalfatosenoticias.com.br\/wp-content\/uploads\/2022\/03\/logo-Suinco-1024x390.jpg\" alt=\"\" class=\"wp-image-28785\" width=\"446\" height=\"169\"\/><\/figure><\/div>\n\n\n\n<p><strong><span class=\"has-inline-color has-vivid-green-cyan-color\">Fase atual<br><\/span><\/strong>O professor Bernardino segue na Amaz\u00f4nia. A segunda fase da pesquisa est\u00e1 atualmente em andamento no Par\u00e1, onde ele e a exploradora Margaret Owuor estudam o valor econ\u00f4mico e social que as florestas de mangue proporcionam \u00e0s comunidades amaz\u00f4nicas.<\/p>\n\n\n\n<div class=\"wp-block-image\"><figure class=\"aligncenter size-large is-resized\"><img loading=\"lazy\" decoding=\"async\" src=\"https:\/\/jornalfatosenoticias.com.br\/wp-content\/uploads\/2022\/02\/Precisao-Contabilidade-1024x724.jpg\" alt=\"\" class=\"wp-image-28088\" width=\"282\" height=\"199\"\/><\/figure><\/div>\n\n\n\n<p><em><strong>Fonte: <a href=\"https:\/\/ciclovivo.com.br\/planeta\/meio-ambiente\/manguezal-de-agua-doce-e-descoberto-na-amazonia\/\">CicloVivo<\/a><\/strong><\/em><\/p>\n","protected":false},"excerpt":{"rendered":"<p>Os manguezais s\u00e3o ecossistemas importantes para os servi\u00e7os ecossist\u00eamicos, como sequestro de carbono, prote\u00e7\u00e3o contra a eros\u00e3o e habitats para esp\u00e9cies Uma descoberta cient\u00edfica divulgada na \u00faltima quarta-feira (20) revela a exist\u00eancia de manguezais de \u00e1gua doce na costa brasileira. O achado in\u00e9dito \u00e9 da expedi\u00e7\u00e3o da National Geographic e da Rolex Perpetual Planet Amazon [&hellip;]<\/p>\n","protected":false},"author":2,"featured_media":32658,"comment_status":"open","ping_status":"open","sticky":false,"template":"","format":"standard","meta":{"footnotes":""},"categories":[8],"tags":[123,1666,1909,15403,5131,2386,15402],"class_list":["post-32656","post","type-post","status-publish","format-standard","has-post-thumbnail","hentry","category-meio-ambiente","tag-amazonia","tag-descoberta","tag-ecossistemas","tag-habitats","tag-mangue","tag-manguezal","tag-manguezal-de-agua-doce"],"yoast_head":"<!-- This site is optimized with the Yoast SEO plugin v26.5 - https:\/\/yoast.com\/wordpress\/plugins\/seo\/ -->\n<title>Manguezal de \u00e1gua doce \u00e9 descoberto na Amaz\u00f4nia - Jornal Fatos e Not\u00edcias<\/title>\n<meta name=\"robots\" content=\"index, follow, max-snippet:-1, max-image-preview:large, max-video-preview:-1\" \/>\n<link rel=\"canonical\" href=\"https:\/\/jornalfatosenoticias.com.br\/index.php\/2022\/07\/26\/manguezal-de-agua-doce-e-descoberto-na-amazonia\/\" \/>\n<meta property=\"og:locale\" content=\"pt_BR\" \/>\n<meta property=\"og:type\" content=\"article\" \/>\n<meta property=\"og:title\" content=\"Manguezal de \u00e1gua doce \u00e9 descoberto na Amaz\u00f4nia - Jornal Fatos e Not\u00edcias\" \/>\n<meta property=\"og:description\" content=\"Os manguezais s\u00e3o ecossistemas importantes para os servi\u00e7os ecossist\u00eamicos, como sequestro de carbono, prote\u00e7\u00e3o contra a eros\u00e3o e habitats para esp\u00e9cies Uma descoberta cient\u00edfica divulgada na \u00faltima quarta-feira (20) revela a exist\u00eancia de manguezais de \u00e1gua doce na costa brasileira. O achado in\u00e9dito \u00e9 da expedi\u00e7\u00e3o da National Geographic e da Rolex Perpetual Planet Amazon [&hellip;]\" \/>\n<meta property=\"og:url\" content=\"https:\/\/jornalfatosenoticias.com.br\/index.php\/2022\/07\/26\/manguezal-de-agua-doce-e-descoberto-na-amazonia\/\" \/>\n<meta property=\"og:site_name\" content=\"Jornal Fatos e Not\u00edcias\" \/>\n<meta property=\"article:published_time\" content=\"2022-07-26T16:33:40+00:00\" \/>\n<meta property=\"article:modified_time\" content=\"2023-01-26T18:34:52+00:00\" \/>\n<meta property=\"og:image\" content=\"https:\/\/jornalfatosenoticias.com.br\/wp-content\/uploads\/2022\/07\/manguezais-agua-doce-amazonia.jpeg\" \/>\n\t<meta property=\"og:image:width\" content=\"1000\" \/>\n\t<meta property=\"og:image:height\" content=\"666\" \/>\n\t<meta property=\"og:image:type\" content=\"image\/jpeg\" \/>\n<meta name=\"author\" content=\"Luzimara Fernandes\" \/>\n<meta name=\"twitter:card\" content=\"summary_large_image\" \/>\n<meta name=\"twitter:label1\" content=\"Escrito por\" \/>\n\t<meta name=\"twitter:data1\" content=\"Luzimara Fernandes\" \/>\n\t<meta name=\"twitter:label2\" content=\"Est. tempo de leitura\" \/>\n\t<meta name=\"twitter:data2\" content=\"3 minutos\" \/>\n<script type=\"application\/ld+json\" class=\"yoast-schema-graph\">{\"@context\":\"https:\/\/schema.org\",\"@graph\":[{\"@type\":\"Article\",\"@id\":\"https:\/\/jornalfatosenoticias.com.br\/index.php\/2022\/07\/26\/manguezal-de-agua-doce-e-descoberto-na-amazonia\/#article\",\"isPartOf\":{\"@id\":\"https:\/\/jornalfatosenoticias.com.br\/index.php\/2022\/07\/26\/manguezal-de-agua-doce-e-descoberto-na-amazonia\/\"},\"author\":{\"name\":\"Luzimara Fernandes\",\"@id\":\"https:\/\/jornalfatosenoticias.com.br\/#\/schema\/person\/d63837fa13ac8666eb9e74e0985d6f81\"},\"headline\":\"Manguezal de \u00e1gua doce \u00e9 descoberto na Amaz\u00f4nia\",\"datePublished\":\"2022-07-26T16:33:40+00:00\",\"dateModified\":\"2023-01-26T18:34:52+00:00\",\"mainEntityOfPage\":{\"@id\":\"https:\/\/jornalfatosenoticias.com.br\/index.php\/2022\/07\/26\/manguezal-de-agua-doce-e-descoberto-na-amazonia\/\"},\"wordCount\":523,\"commentCount\":0,\"publisher\":{\"@id\":\"https:\/\/jornalfatosenoticias.com.br\/#organization\"},\"image\":{\"@id\":\"https:\/\/jornalfatosenoticias.com.br\/index.php\/2022\/07\/26\/manguezal-de-agua-doce-e-descoberto-na-amazonia\/#primaryimage\"},\"thumbnailUrl\":\"https:\/\/jornalfatosenoticias.com.br\/wp-content\/uploads\/2022\/07\/manguezais-agua-doce-amazonia.jpeg\",\"keywords\":[\"amaz\u00f4nia\",\"descoberta\",\"ecossistemas\",\"habitats\",\"mangue\",\"manguezal\",\"manguezal de \u00e1gua doce\"],\"articleSection\":[\"Meio ambiente\"],\"inLanguage\":\"pt-BR\",\"potentialAction\":[{\"@type\":\"CommentAction\",\"name\":\"Comment\",\"target\":[\"https:\/\/jornalfatosenoticias.com.br\/index.php\/2022\/07\/26\/manguezal-de-agua-doce-e-descoberto-na-amazonia\/#respond\"]}]},{\"@type\":\"WebPage\",\"@id\":\"https:\/\/jornalfatosenoticias.com.br\/index.php\/2022\/07\/26\/manguezal-de-agua-doce-e-descoberto-na-amazonia\/\",\"url\":\"https:\/\/jornalfatosenoticias.com.br\/index.php\/2022\/07\/26\/manguezal-de-agua-doce-e-descoberto-na-amazonia\/\",\"name\":\"Manguezal de \u00e1gua doce \u00e9 descoberto na Amaz\u00f4nia - Jornal Fatos e Not\u00edcias\",\"isPartOf\":{\"@id\":\"https:\/\/jornalfatosenoticias.com.br\/#website\"},\"primaryImageOfPage\":{\"@id\":\"https:\/\/jornalfatosenoticias.com.br\/index.php\/2022\/07\/26\/manguezal-de-agua-doce-e-descoberto-na-amazonia\/#primaryimage\"},\"image\":{\"@id\":\"https:\/\/jornalfatosenoticias.com.br\/index.php\/2022\/07\/26\/manguezal-de-agua-doce-e-descoberto-na-amazonia\/#primaryimage\"},\"thumbnailUrl\":\"https:\/\/jornalfatosenoticias.com.br\/wp-content\/uploads\/2022\/07\/manguezais-agua-doce-amazonia.jpeg\",\"datePublished\":\"2022-07-26T16:33:40+00:00\",\"dateModified\":\"2023-01-26T18:34:52+00:00\",\"breadcrumb\":{\"@id\":\"https:\/\/jornalfatosenoticias.com.br\/index.php\/2022\/07\/26\/manguezal-de-agua-doce-e-descoberto-na-amazonia\/#breadcrumb\"},\"inLanguage\":\"pt-BR\",\"potentialAction\":[{\"@type\":\"ReadAction\",\"target\":[\"https:\/\/jornalfatosenoticias.com.br\/index.php\/2022\/07\/26\/manguezal-de-agua-doce-e-descoberto-na-amazonia\/\"]}]},{\"@type\":\"ImageObject\",\"inLanguage\":\"pt-BR\",\"@id\":\"https:\/\/jornalfatosenoticias.com.br\/index.php\/2022\/07\/26\/manguezal-de-agua-doce-e-descoberto-na-amazonia\/#primaryimage\",\"url\":\"https:\/\/jornalfatosenoticias.com.br\/wp-content\/uploads\/2022\/07\/manguezais-agua-doce-amazonia.jpeg\",\"contentUrl\":\"https:\/\/jornalfatosenoticias.com.br\/wp-content\/uploads\/2022\/07\/manguezais-agua-doce-amazonia.jpeg\",\"width\":1000,\"height\":666},{\"@type\":\"BreadcrumbList\",\"@id\":\"https:\/\/jornalfatosenoticias.com.br\/index.php\/2022\/07\/26\/manguezal-de-agua-doce-e-descoberto-na-amazonia\/#breadcrumb\",\"itemListElement\":[{\"@type\":\"ListItem\",\"position\":1,\"name\":\"In\u00edcio\",\"item\":\"https:\/\/jornalfatosenoticias.com.br\/\"},{\"@type\":\"ListItem\",\"position\":2,\"name\":\"Manguezal de \u00e1gua doce \u00e9 descoberto na Amaz\u00f4nia\"}]},{\"@type\":\"WebSite\",\"@id\":\"https:\/\/jornalfatosenoticias.com.br\/#website\",\"url\":\"https:\/\/jornalfatosenoticias.com.br\/\",\"name\":\"Jornal Fatos e Not\u00edcias\",\"description\":\"Not\u00edcias em geral\",\"publisher\":{\"@id\":\"https:\/\/jornalfatosenoticias.com.br\/#organization\"},\"potentialAction\":[{\"@type\":\"SearchAction\",\"target\":{\"@type\":\"EntryPoint\",\"urlTemplate\":\"https:\/\/jornalfatosenoticias.com.br\/?s={search_term_string}\"},\"query-input\":{\"@type\":\"PropertyValueSpecification\",\"valueRequired\":true,\"valueName\":\"search_term_string\"}}],\"inLanguage\":\"pt-BR\"},{\"@type\":\"Organization\",\"@id\":\"https:\/\/jornalfatosenoticias.com.br\/#organization\",\"name\":\"Jornal Fatos e Not\u00edcias\",\"url\":\"https:\/\/jornalfatosenoticias.com.br\/\",\"logo\":{\"@type\":\"ImageObject\",\"inLanguage\":\"pt-BR\",\"@id\":\"https:\/\/jornalfatosenoticias.com.br\/#\/schema\/logo\/image\/\",\"url\":\"https:\/\/jornalfatosenoticias.com.br\/wp-content\/uploads\/2020\/02\/logo120.png\",\"contentUrl\":\"https:\/\/jornalfatosenoticias.com.br\/wp-content\/uploads\/2020\/02\/logo120.png\",\"width\":1227,\"height\":120,\"caption\":\"Jornal Fatos e Not\u00edcias\"},\"image\":{\"@id\":\"https:\/\/jornalfatosenoticias.com.br\/#\/schema\/logo\/image\/\"}},{\"@type\":\"Person\",\"@id\":\"https:\/\/jornalfatosenoticias.com.br\/#\/schema\/person\/d63837fa13ac8666eb9e74e0985d6f81\",\"name\":\"Luzimara Fernandes\",\"image\":{\"@type\":\"ImageObject\",\"inLanguage\":\"pt-BR\",\"@id\":\"https:\/\/jornalfatosenoticias.com.br\/#\/schema\/person\/image\/\",\"url\":\"https:\/\/jornalfatosenoticias.com.br\/wp-content\/uploads\/2025\/05\/EU_portal.jpg\",\"contentUrl\":\"https:\/\/jornalfatosenoticias.com.br\/wp-content\/uploads\/2025\/05\/EU_portal.jpg\",\"caption\":\"Luzimara Fernandes\"},\"description\":\"Jornalista MTB 2358-ES\",\"sameAs\":[\"https:\/\/jornalfatosenoticias.com.br\"],\"url\":\"https:\/\/jornalfatosenoticias.com.br\/index.php\/author\/luzimara\/\"}]}<\/script>\n<!-- \/ Yoast SEO plugin. -->","yoast_head_json":{"title":"Manguezal de \u00e1gua doce \u00e9 descoberto na Amaz\u00f4nia - Jornal Fatos e Not\u00edcias","robots":{"index":"index","follow":"follow","max-snippet":"max-snippet:-1","max-image-preview":"max-image-preview:large","max-video-preview":"max-video-preview:-1"},"canonical":"https:\/\/jornalfatosenoticias.com.br\/index.php\/2022\/07\/26\/manguezal-de-agua-doce-e-descoberto-na-amazonia\/","og_locale":"pt_BR","og_type":"article","og_title":"Manguezal de \u00e1gua doce \u00e9 descoberto na Amaz\u00f4nia - Jornal Fatos e Not\u00edcias","og_description":"Os manguezais s\u00e3o ecossistemas importantes para os servi\u00e7os ecossist\u00eamicos, como sequestro de carbono, prote\u00e7\u00e3o contra a eros\u00e3o e habitats para esp\u00e9cies Uma descoberta cient\u00edfica divulgada na \u00faltima quarta-feira (20) revela a exist\u00eancia de manguezais de \u00e1gua doce na costa brasileira. O achado in\u00e9dito \u00e9 da expedi\u00e7\u00e3o da National Geographic e da Rolex Perpetual Planet Amazon [&hellip;]","og_url":"https:\/\/jornalfatosenoticias.com.br\/index.php\/2022\/07\/26\/manguezal-de-agua-doce-e-descoberto-na-amazonia\/","og_site_name":"Jornal Fatos e Not\u00edcias","article_published_time":"2022-07-26T16:33:40+00:00","article_modified_time":"2023-01-26T18:34:52+00:00","og_image":[{"width":1000,"height":666,"url":"https:\/\/jornalfatosenoticias.com.br\/wp-content\/uploads\/2022\/07\/manguezais-agua-doce-amazonia.jpeg","type":"image\/jpeg"}],"author":"Luzimara Fernandes","twitter_card":"summary_large_image","twitter_misc":{"Escrito por":"Luzimara Fernandes","Est. tempo de leitura":"3 minutos"},"schema":{"@context":"https:\/\/schema.org","@graph":[{"@type":"Article","@id":"https:\/\/jornalfatosenoticias.com.br\/index.php\/2022\/07\/26\/manguezal-de-agua-doce-e-descoberto-na-amazonia\/#article","isPartOf":{"@id":"https:\/\/jornalfatosenoticias.com.br\/index.php\/2022\/07\/26\/manguezal-de-agua-doce-e-descoberto-na-amazonia\/"},"author":{"name":"Luzimara Fernandes","@id":"https:\/\/jornalfatosenoticias.com.br\/#\/schema\/person\/d63837fa13ac8666eb9e74e0985d6f81"},"headline":"Manguezal de \u00e1gua doce \u00e9 descoberto na Amaz\u00f4nia","datePublished":"2022-07-26T16:33:40+00:00","dateModified":"2023-01-26T18:34:52+00:00","mainEntityOfPage":{"@id":"https:\/\/jornalfatosenoticias.com.br\/index.php\/2022\/07\/26\/manguezal-de-agua-doce-e-descoberto-na-amazonia\/"},"wordCount":523,"commentCount":0,"publisher":{"@id":"https:\/\/jornalfatosenoticias.com.br\/#organization"},"image":{"@id":"https:\/\/jornalfatosenoticias.com.br\/index.php\/2022\/07\/26\/manguezal-de-agua-doce-e-descoberto-na-amazonia\/#primaryimage"},"thumbnailUrl":"https:\/\/jornalfatosenoticias.com.br\/wp-content\/uploads\/2022\/07\/manguezais-agua-doce-amazonia.jpeg","keywords":["amaz\u00f4nia","descoberta","ecossistemas","habitats","mangue","manguezal","manguezal de \u00e1gua doce"],"articleSection":["Meio ambiente"],"inLanguage":"pt-BR","potentialAction":[{"@type":"CommentAction","name":"Comment","target":["https:\/\/jornalfatosenoticias.com.br\/index.php\/2022\/07\/26\/manguezal-de-agua-doce-e-descoberto-na-amazonia\/#respond"]}]},{"@type":"WebPage","@id":"https:\/\/jornalfatosenoticias.com.br\/index.php\/2022\/07\/26\/manguezal-de-agua-doce-e-descoberto-na-amazonia\/","url":"https:\/\/jornalfatosenoticias.com.br\/index.php\/2022\/07\/26\/manguezal-de-agua-doce-e-descoberto-na-amazonia\/","name":"Manguezal de \u00e1gua doce \u00e9 descoberto na Amaz\u00f4nia - Jornal Fatos e Not\u00edcias","isPartOf":{"@id":"https:\/\/jornalfatosenoticias.com.br\/#website"},"primaryImageOfPage":{"@id":"https:\/\/jornalfatosenoticias.com.br\/index.php\/2022\/07\/26\/manguezal-de-agua-doce-e-descoberto-na-amazonia\/#primaryimage"},"image":{"@id":"https:\/\/jornalfatosenoticias.com.br\/index.php\/2022\/07\/26\/manguezal-de-agua-doce-e-descoberto-na-amazonia\/#primaryimage"},"thumbnailUrl":"https:\/\/jornalfatosenoticias.com.br\/wp-content\/uploads\/2022\/07\/manguezais-agua-doce-amazonia.jpeg","datePublished":"2022-07-26T16:33:40+00:00","dateModified":"2023-01-26T18:34:52+00:00","breadcrumb":{"@id":"https:\/\/jornalfatosenoticias.com.br\/index.php\/2022\/07\/26\/manguezal-de-agua-doce-e-descoberto-na-amazonia\/#breadcrumb"},"inLanguage":"pt-BR","potentialAction":[{"@type":"ReadAction","target":["https:\/\/jornalfatosenoticias.com.br\/index.php\/2022\/07\/26\/manguezal-de-agua-doce-e-descoberto-na-amazonia\/"]}]},{"@type":"ImageObject","inLanguage":"pt-BR","@id":"https:\/\/jornalfatosenoticias.com.br\/index.php\/2022\/07\/26\/manguezal-de-agua-doce-e-descoberto-na-amazonia\/#primaryimage","url":"https:\/\/jornalfatosenoticias.com.br\/wp-content\/uploads\/2022\/07\/manguezais-agua-doce-amazonia.jpeg","contentUrl":"https:\/\/jornalfatosenoticias.com.br\/wp-content\/uploads\/2022\/07\/manguezais-agua-doce-amazonia.jpeg","width":1000,"height":666},{"@type":"BreadcrumbList","@id":"https:\/\/jornalfatosenoticias.com.br\/index.php\/2022\/07\/26\/manguezal-de-agua-doce-e-descoberto-na-amazonia\/#breadcrumb","itemListElement":[{"@type":"ListItem","position":1,"name":"In\u00edcio","item":"https:\/\/jornalfatosenoticias.com.br\/"},{"@type":"ListItem","position":2,"name":"Manguezal de \u00e1gua doce \u00e9 descoberto na Amaz\u00f4nia"}]},{"@type":"WebSite","@id":"https:\/\/jornalfatosenoticias.com.br\/#website","url":"https:\/\/jornalfatosenoticias.com.br\/","name":"Jornal Fatos e Not\u00edcias","description":"Not\u00edcias em geral","publisher":{"@id":"https:\/\/jornalfatosenoticias.com.br\/#organization"},"potentialAction":[{"@type":"SearchAction","target":{"@type":"EntryPoint","urlTemplate":"https:\/\/jornalfatosenoticias.com.br\/?s={search_term_string}"},"query-input":{"@type":"PropertyValueSpecification","valueRequired":true,"valueName":"search_term_string"}}],"inLanguage":"pt-BR"},{"@type":"Organization","@id":"https:\/\/jornalfatosenoticias.com.br\/#organization","name":"Jornal Fatos e Not\u00edcias","url":"https:\/\/jornalfatosenoticias.com.br\/","logo":{"@type":"ImageObject","inLanguage":"pt-BR","@id":"https:\/\/jornalfatosenoticias.com.br\/#\/schema\/logo\/image\/","url":"https:\/\/jornalfatosenoticias.com.br\/wp-content\/uploads\/2020\/02\/logo120.png","contentUrl":"https:\/\/jornalfatosenoticias.com.br\/wp-content\/uploads\/2020\/02\/logo120.png","width":1227,"height":120,"caption":"Jornal Fatos e Not\u00edcias"},"image":{"@id":"https:\/\/jornalfatosenoticias.com.br\/#\/schema\/logo\/image\/"}},{"@type":"Person","@id":"https:\/\/jornalfatosenoticias.com.br\/#\/schema\/person\/d63837fa13ac8666eb9e74e0985d6f81","name":"Luzimara Fernandes","image":{"@type":"ImageObject","inLanguage":"pt-BR","@id":"https:\/\/jornalfatosenoticias.com.br\/#\/schema\/person\/image\/","url":"https:\/\/jornalfatosenoticias.com.br\/wp-content\/uploads\/2025\/05\/EU_portal.jpg","contentUrl":"https:\/\/jornalfatosenoticias.com.br\/wp-content\/uploads\/2025\/05\/EU_portal.jpg","caption":"Luzimara Fernandes"},"description":"Jornalista MTB 2358-ES","sameAs":["https:\/\/jornalfatosenoticias.com.br"],"url":"https:\/\/jornalfatosenoticias.com.br\/index.php\/author\/luzimara\/"}]}},"cc_featured_image_caption":{"caption_text":"(Foto: Reprodu\u00e7\u00e3o National Geographic)","source_text":"","source_url":""},"jetpack_featured_media_url":"https:\/\/jornalfatosenoticias.com.br\/wp-content\/uploads\/2022\/07\/manguezais-agua-doce-amazonia.jpeg","_links":{"self":[{"href":"https:\/\/jornalfatosenoticias.com.br\/index.php\/wp-json\/wp\/v2\/posts\/32656","targetHints":{"allow":["GET"]}}],"collection":[{"href":"https:\/\/jornalfatosenoticias.com.br\/index.php\/wp-json\/wp\/v2\/posts"}],"about":[{"href":"https:\/\/jornalfatosenoticias.com.br\/index.php\/wp-json\/wp\/v2\/types\/post"}],"author":[{"embeddable":true,"href":"https:\/\/jornalfatosenoticias.com.br\/index.php\/wp-json\/wp\/v2\/users\/2"}],"replies":[{"embeddable":true,"href":"https:\/\/jornalfatosenoticias.com.br\/index.php\/wp-json\/wp\/v2\/comments?post=32656"}],"version-history":[{"count":0,"href":"https:\/\/jornalfatosenoticias.com.br\/index.php\/wp-json\/wp\/v2\/posts\/32656\/revisions"}],"wp:featuredmedia":[{"embeddable":true,"href":"https:\/\/jornalfatosenoticias.com.br\/index.php\/wp-json\/wp\/v2\/media\/32658"}],"wp:attachment":[{"href":"https:\/\/jornalfatosenoticias.com.br\/index.php\/wp-json\/wp\/v2\/media?parent=32656"}],"wp:term":[{"taxonomy":"category","embeddable":true,"href":"https:\/\/jornalfatosenoticias.com.br\/index.php\/wp-json\/wp\/v2\/categories?post=32656"},{"taxonomy":"post_tag","embeddable":true,"href":"https:\/\/jornalfatosenoticias.com.br\/index.php\/wp-json\/wp\/v2\/tags?post=32656"}],"curies":[{"name":"wp","href":"https:\/\/api.w.org\/{rel}","templated":true}]}}