{"id":32669,"date":"2022-07-27T11:38:32","date_gmt":"2022-07-27T14:38:32","guid":{"rendered":"https:\/\/jornalfatosenoticias.com.br\/?p=32669"},"modified":"2022-07-27T11:38:36","modified_gmt":"2022-07-27T14:38:36","slug":"11a-mostra-ecofalante-de-cinema-comeca-nesta-quarta-feira-27","status":"publish","type":"post","link":"https:\/\/jornalfatosenoticias.com.br\/index.php\/2022\/07\/27\/11a-mostra-ecofalante-de-cinema-comeca-nesta-quarta-feira-27\/","title":{"rendered":"11\u00aa Mostra Ecofalante de Cinema come\u00e7a nesta quarta-feira (27)"},"content":{"rendered":"\n<p><em><span class=\"has-inline-color has-black-color\">Principal evento sul-americano dedicado \u00e0 tem\u00e1tica socioambiental traz 106 filmes gratuitos de forma on-line e presencial<\/span><\/em><\/p>\n\n\n\n<div class=\"wp-block-image\"><figure class=\"aligncenter size-large\"><img loading=\"lazy\" decoding=\"async\" width=\"1024\" height=\"100\" src=\"https:\/\/jornalfatosenoticias.com.br\/wp-content\/uploads\/2022\/05\/NOVA-LOGO-CESCONETTO-1024x100.jpg\" alt=\"\" class=\"wp-image-30792\" srcset=\"https:\/\/jornalfatosenoticias.com.br\/wp-content\/uploads\/2022\/05\/NOVA-LOGO-CESCONETTO-1024x100.jpg 1024w, https:\/\/jornalfatosenoticias.com.br\/wp-content\/uploads\/2022\/05\/NOVA-LOGO-CESCONETTO-300x29.jpg 300w, https:\/\/jornalfatosenoticias.com.br\/wp-content\/uploads\/2022\/05\/NOVA-LOGO-CESCONETTO-768x75.jpg 768w, https:\/\/jornalfatosenoticias.com.br\/wp-content\/uploads\/2022\/05\/NOVA-LOGO-CESCONETTO.jpg 1280w\" sizes=\"auto, (max-width: 1024px) 100vw, 1024px\" \/><\/figure><\/div>\n\n\n\n<p>A 11\u00aa edi\u00e7\u00e3o da <em><strong>Mostra Ecofalante de Cinema<\/strong><\/em> acontece entre os dias 27 de julho a 17 de agosto, em salas paulistanas e de forma on-line, apresentando um total de 106 filmes. O card\u00e1pio de obras est\u00e1 recheado: uma homenagem ao diretor e ator Jacques Perrin, retrospectiva dedicada \u00e0 cineasta Sarah Maldoror, celebra\u00e7\u00e3o dos 40 anos do filme \u201cKoyaanisqatsi\u201d, competi\u00e7\u00e3o latino-americana com 35 t\u00edtulos, um amplo panorama internacional recente, o concurso de <a href=\"https:\/\/ciclovivo.com.br\/planeta\/crise-climatica\/nao-escolha-a-extincao-video-ganha-versao-em-portugues-com-milton-nascimento\/\" target=\"_blank\" rel=\"noreferrer noopener\">curtas-metragens brasileiros<\/a> assinados por estudantes, sess\u00f5es especiais, debates, masterclass e entrevistas exclusivas.<br>Considerado como o mais importante evento audiovisual sul-americano dedicado \u00e0s tem\u00e1ticas socioambientais, o festival \u00e9 totalmente gratuito e sua programa\u00e7\u00e3o se espalha por diferentes espa\u00e7os: Reserva Cultural, Circuito Spcine (Biblioteca Roberto Santos, CCSP, CEU Perus e CFC Cidade Tiradentes) e Cinemateca Brasileira, al\u00e9m de Casas de Cultura, Oficinas Culturais, Centros Culturais e F\u00e1bricas de Cultura.<\/p>\n\n\n\n<div class=\"wp-block-image\"><figure class=\"aligncenter size-large is-resized\"><img loading=\"lazy\" decoding=\"async\" src=\"https:\/\/jornalfatosenoticias.com.br\/wp-content\/uploads\/2022\/03\/logo-Suinco-1024x390.jpg\" alt=\"\" class=\"wp-image-28785\" width=\"412\" height=\"156\"\/><\/figure><\/div>\n\n\n\n<p><strong>As atividades virtuais podem ser acessadas no site\u00a0<a href=\"http:\/\/www.ecofalante.org.br\/\" target=\"_blank\" rel=\"noreferrer noopener\">www.ecofalante.org.br<\/a>.<\/strong><\/p>\n\n\n\n<figure class=\"wp-block-image size-large\"><img loading=\"lazy\" decoding=\"async\" width=\"1000\" height=\"603\" src=\"https:\/\/jornalfatosenoticias.com.br\/wp-content\/uploads\/2022\/07\/mostra-ecofalante-animal2.jpg\" alt=\"\" class=\"wp-image-32670\" srcset=\"https:\/\/jornalfatosenoticias.com.br\/wp-content\/uploads\/2022\/07\/mostra-ecofalante-animal2.jpg 1000w, https:\/\/jornalfatosenoticias.com.br\/wp-content\/uploads\/2022\/07\/mostra-ecofalante-animal2-300x181.jpg 300w, https:\/\/jornalfatosenoticias.com.br\/wp-content\/uploads\/2022\/07\/mostra-ecofalante-animal2-768x463.jpg 768w\" sizes=\"auto, (max-width: 1000px) 100vw, 1000px\" \/><figcaption><span class=\"has-inline-color has-black-color\"><em>Longa in\u00e9dito \u201cAnimal\u201d, do diretor e escritor franc\u00eas Cyril Dion abre a 11\u00aa Mostra Ecofalante de Cinema (Foto: Divulga\u00e7\u00e3o)<\/em><\/span><\/figcaption><\/figure>\n\n\n\n<div class=\"wp-block-image\"><figure class=\"alignright size-large\"><img decoding=\"async\" src=\"https:\/\/jornalfatosenoticias.com.br\/wp-content\/uploads\/2020\/02\/logo_esteio.jpg\" alt=\"\" class=\"wp-image-1214\"\/><\/figure><\/div>\n\n\n\n<p>Em 2022 o programa Panorama Internacional Contempor\u00e2neo est\u00e1 organizado a partir dos eixos Ativismo, Biodiversidade, Economia, Emerg\u00eancia Clim\u00e1tica, Povos &amp; Lugares e Trabalho, al\u00e9m de sess\u00f5es especiais. Est\u00e3o inclu\u00eddos os indicados ao Oscar \u201cAscens\u00e3o\u201d e \u201cEscrevendo com Fogo\u201d (este tamb\u00e9m premiado em Sundance), al\u00e9m de filmes premiados nos festivais de Locarno (\u201cMil Inc\u00eandios\u201d) e HotDocs (\u201cEscola da Esperan\u00e7a\u201d e \u201cOstrov \u2014 A Ilha Perdida\u201d).<br>O Panorama promove ainda a exibi\u00e7\u00e3o especial de tr\u00eas produ\u00e7\u00f5es: a aclamada s\u00e9rie \u201cUprising\u201d, de Steve McQueen e James Rogan, e os elogiados longas-metragens \u201cGera\u00e7\u00e3o Z\u201d, de Liz Smith, e \u201cSearchers: O Amor Est\u00e1 nas Redes\u201d, de Pacho Velez.<br>A Homenagem a Jacques Perrin (1941-2022) exibe quatro de seus sucessos, um como produtor (\u201cMicrocosmos\u201d) e tr\u00eas como codiretor: \u201cAs Esta\u00e7\u00f5es\u201d, \u201cOceanos\u201d e \u201cMigra\u00e7\u00e3o Alada\u201d, este \u00faltimo indicado ao Oscar.<\/p>\n\n\n\n<div class=\"wp-block-image\"><figure class=\"aligncenter size-large is-resized\"><img loading=\"lazy\" decoding=\"async\" src=\"https:\/\/jornalfatosenoticias.com.br\/wp-content\/uploads\/2020\/02\/Serra-Grande-1024x160.png\" alt=\"\" class=\"wp-image-7836\" width=\"504\" height=\"78\"\/><\/figure><\/div>\n\n\n\n<figure class=\"wp-block-image size-large\"><img loading=\"lazy\" decoding=\"async\" width=\"1000\" height=\"602\" src=\"https:\/\/jornalfatosenoticias.com.br\/wp-content\/uploads\/2022\/07\/mostra-ecofalante-migracao-alada.jpeg\" alt=\"\" class=\"wp-image-32671\" srcset=\"https:\/\/jornalfatosenoticias.com.br\/wp-content\/uploads\/2022\/07\/mostra-ecofalante-migracao-alada.jpeg 1000w, https:\/\/jornalfatosenoticias.com.br\/wp-content\/uploads\/2022\/07\/mostra-ecofalante-migracao-alada-300x181.jpeg 300w, https:\/\/jornalfatosenoticias.com.br\/wp-content\/uploads\/2022\/07\/mostra-ecofalante-migracao-alada-768x462.jpeg 768w\" sizes=\"auto, (max-width: 1000px) 100vw, 1000px\" \/><figcaption><em><span class=\"has-inline-color has-black-color\">Filme de Jacques Perrin, \u201cMigra\u00e7\u00e3o Alada\u201d foi indicado ao Oscar (Foto: Divulga\u00e7\u00e3o)<\/span><\/em><\/figcaption><\/figure>\n\n\n\n<div class=\"wp-block-image\"><figure class=\"alignleft size-large is-resized\"><img loading=\"lazy\" decoding=\"async\" src=\"https:\/\/jornalfatosenoticias.com.br\/wp-content\/uploads\/2020\/02\/nova-logo-Marquetti.jpg\" alt=\"\" class=\"wp-image-22331\" width=\"275\" height=\"185\" srcset=\"https:\/\/jornalfatosenoticias.com.br\/wp-content\/uploads\/2020\/02\/nova-logo-Marquetti.jpg 643w, https:\/\/jornalfatosenoticias.com.br\/wp-content\/uploads\/2020\/02\/nova-logo-Marquetti-300x202.jpg 300w\" sizes=\"auto, (max-width: 275px) 100vw, 275px\" \/><\/figure><\/div>\n\n\n\n<p>A Retrospectiva Sarah Maldoror (1929-2020) se d\u00e1 no marco dos 50 anos de \u201cSambizanga\u201d (1972), obra-prima vencedora de dois pr\u00eamios no Festival de Berlim. O filme, sobre o movimento de liberta\u00e7\u00e3o angolano, \u00e9 o primeiro longa-metragem filmado na \u00c1frica por uma mulher negra. O evento organizou uma programa\u00e7\u00e3o em torno da cineasta reunindo alguns de seus t\u00edtulos mais ic\u00f4nicos, que tratam, sob diversos aspectos, de quest\u00f5es referentes \u00e0 hist\u00f3ria e cultura africanas ou de povos com fortes ra\u00edzes naquele continente.<br>Cl\u00e1ssico contempor\u00e2neo e marco do <a href=\"https:\/\/ciclovivo.com.br\/fique-ligado\/eventos\/20-filmes-premiados-para-assistir-na-semana-do-meio-ambiente\/\" target=\"_blank\" rel=\"noreferrer noopener\">cinema<\/a> socioambiental, o longa \u201cKoyaanisqatsi\u201d, de Godfrey Reggio, \u00e9 celebrado pelo evento, por ocasi\u00e3o dos 40 anos de sua realiza\u00e7\u00e3o.<br>Uma sess\u00e3o especial \u00e9 dedicada a \u201cAdeus, Capit\u00e3o\u201d, o mais recente longa do cineasta Vincent Carelli. Com registros colhidos ao longo de v\u00e1rias d\u00e9cadas, \u00e9 o fecho da trilogia iniciada com o premiado \u201cCorumbiara\u201d.<\/p>\n\n\n\n<div class=\"wp-block-image\"><figure class=\"aligncenter size-large\"><img loading=\"lazy\" decoding=\"async\" width=\"1024\" height=\"103\" src=\"https:\/\/jornalfatosenoticias.com.br\/wp-content\/uploads\/2020\/02\/Arte-Autoescola-Galatas_endereco_portal-1024x103.png\" alt=\"\" class=\"wp-image-1451\" srcset=\"https:\/\/jornalfatosenoticias.com.br\/wp-content\/uploads\/2020\/02\/Arte-Autoescola-Galatas_endereco_portal-1024x103.png 1024w, https:\/\/jornalfatosenoticias.com.br\/wp-content\/uploads\/2020\/02\/Arte-Autoescola-Galatas_endereco_portal-300x30.png 300w, https:\/\/jornalfatosenoticias.com.br\/wp-content\/uploads\/2020\/02\/Arte-Autoescola-Galatas_endereco_portal-768x77.png 768w, https:\/\/jornalfatosenoticias.com.br\/wp-content\/uploads\/2020\/02\/Arte-Autoescola-Galatas_endereco_portal.png 1223w\" sizes=\"auto, (max-width: 1024px) 100vw, 1024px\" \/><\/figure><\/div>\n\n\n\n<figure class=\"wp-block-image size-large\"><img loading=\"lazy\" decoding=\"async\" width=\"1000\" height=\"690\" src=\"https:\/\/jornalfatosenoticias.com.br\/wp-content\/uploads\/2022\/07\/mostra-ecofalante-crianca-munduruku-mensageiras-da-amazonia.jpg\" alt=\"\" class=\"wp-image-32672\" srcset=\"https:\/\/jornalfatosenoticias.com.br\/wp-content\/uploads\/2022\/07\/mostra-ecofalante-crianca-munduruku-mensageiras-da-amazonia.jpg 1000w, https:\/\/jornalfatosenoticias.com.br\/wp-content\/uploads\/2022\/07\/mostra-ecofalante-crianca-munduruku-mensageiras-da-amazonia-300x207.jpg 300w, https:\/\/jornalfatosenoticias.com.br\/wp-content\/uploads\/2022\/07\/mostra-ecofalante-crianca-munduruku-mensageiras-da-amazonia-768x530.jpg 768w\" sizes=\"auto, (max-width: 1000px) 100vw, 1000px\" \/><figcaption><em><span class=\"has-inline-color has-black-color\">Crian\u00e7a Mundukuru, que participa do filme, Mensageiras da Amaz\u00f4nia, uma das 106 obras desta edi\u00e7\u00e3o (Foto: Divulga\u00e7\u00e3o)<\/span><\/em><\/figcaption><\/figure>\n\n\n\n<div class=\"wp-block-image\"><figure class=\"alignright size-large is-resized\"><img loading=\"lazy\" decoding=\"async\" src=\"https:\/\/jornalfatosenoticias.com.br\/wp-content\/uploads\/2022\/02\/Precisao-Contabilidade-1024x724.jpg\" alt=\"\" class=\"wp-image-28088\" width=\"321\" height=\"226\"\/><\/figure><\/div>\n\n\n\n<p>Na Competi\u00e7\u00e3o Latino-Americana participam o argentino \u201cEsqui\u201d, pr\u00eamio da cr\u00edtica na se\u00e7\u00e3o F\u00f3rum do Festival de Berlim, e \u201cA Montanha Lembra\u201d (Argentina\/M\u00e9xico), ganhador da competi\u00e7\u00e3o internacional de curtas do \u00c9 Tudo Verdade. Competem ainda obras premiadas no Festival de Cannes (\u201cC\u00e9u de Agosto\u201d, de Jasmin Tenucci), no Bafici-Buenos Aires (\u201cA Op\u00e7\u00e3o Zero\u201d, uma coprodu\u00e7\u00e3o Cuba\/Col\u00f4mbia) e no Festival de Bras\u00edlia do Cinema Brasileiro (\u201cRol\u00ea \u2014 Hist\u00f3rias dos Rolezinhos\u201d, de Vladimir Seixas, \u201cLavra\u201d, de Lucas Bambozzi, e \u201cOcupagem\u201d, de Joel Pizzini).<br>Outra competi\u00e7\u00e3o, o Concurso Curta Ecofalante, re\u00fane curtas-metragens cujos temas dialogam com os Objetivos de Desenvolvimento Sustent\u00e1vel da ONU e s\u00e3o assinados por alunos de institui\u00e7\u00f5es de ensino brasileiras. Participam produ\u00e7\u00f5es de S\u00e3o Paulo, Minas Gerais, <a href=\"https:\/\/ciclovivo.com.br\/inovacao\/inspiracao\/estudantes-de-pernambuco-criam-repelente-com-canela-e-hortela-para-combater-aedes-aegypti\/\" target=\"_blank\" rel=\"noreferrer noopener\">Pernambuco<\/a>, Rio de Janeiro, Bahia, Santa Catarina, Rio Grande do Norte e Rio Grande do Sul.<\/p>\n\n\n\n<div class=\"wp-block-image\"><figure class=\"aligncenter size-large is-resized\"><img loading=\"lazy\" decoding=\"async\" src=\"https:\/\/jornalfatosenoticias.com.br\/wp-content\/uploads\/2022\/07\/Assinatura-Marketing-1024x300.png\" alt=\"\" class=\"wp-image-31962\" width=\"423\" height=\"123\" srcset=\"https:\/\/jornalfatosenoticias.com.br\/wp-content\/uploads\/2022\/07\/Assinatura-Marketing-1024x300.png 1024w, https:\/\/jornalfatosenoticias.com.br\/wp-content\/uploads\/2022\/07\/Assinatura-Marketing-300x88.png 300w, https:\/\/jornalfatosenoticias.com.br\/wp-content\/uploads\/2022\/07\/Assinatura-Marketing-768x225.png 768w, https:\/\/jornalfatosenoticias.com.br\/wp-content\/uploads\/2022\/07\/Assinatura-Marketing-1536x451.png 1536w, https:\/\/jornalfatosenoticias.com.br\/wp-content\/uploads\/2022\/07\/Assinatura-Marketing-2048x601.png 2048w\" sizes=\"auto, (max-width: 423px) 100vw, 423px\" \/><\/figure><\/div>\n\n\n\n<p>A programa\u00e7\u00e3o da 11\u00aa <strong><em>Mostra Ecofalante de Cinema<\/em><\/strong> apresenta ainda um ciclo de debates e uma masterclass, al\u00e9m de uma s\u00e9rie de entrevistas exclusivas com realizadores dos filmes, conduzidas pela documentarista e jornalista Fl\u00e1via Guerra e, na s\u00e9rie Ecofalante\/WWF-Brasil, pelas jornalistas Marcela Fonseca e Gabriela Yamaguchi. O evento promove parte de sua programa\u00e7\u00e3o em cidades do interior paulista, Minas Gerais e Rio Grande do Sul, conforme o seguinte calend\u00e1rio:<\/p>\n\n\n\n<ul class=\"wp-block-list\"><li><strong>Piracicaba (SP) \u2013 <\/strong>de 2 a 20 de agosto<\/li><li><strong>Lorena (SP) \u2013<\/strong> de 16 a 26 agosto<\/li><li><strong>Belo Horizonte \u2013 <\/strong>de 10 a 31 de agosto<\/li><li><strong>Porto Alegre \u2013<\/strong> de 25 de agosto a 7 de setembro.<\/li><\/ul>\n\n\n\n<div class=\"wp-block-image\"><figure class=\"aligncenter size-large is-resized\"><img loading=\"lazy\" decoding=\"async\" src=\"https:\/\/jornalfatosenoticias.com.br\/wp-content\/uploads\/2022\/07\/Logo-Grupo-SEI.jpg\" alt=\"\" class=\"wp-image-31973\" width=\"406\" height=\"213\" srcset=\"https:\/\/jornalfatosenoticias.com.br\/wp-content\/uploads\/2022\/07\/Logo-Grupo-SEI.jpg 713w, https:\/\/jornalfatosenoticias.com.br\/wp-content\/uploads\/2022\/07\/Logo-Grupo-SEI-300x158.jpg 300w\" sizes=\"auto, (max-width: 406px) 100vw, 406px\" \/><\/figure><\/div>\n\n\n\n<p>Todas as informa\u00e7\u00f5es sobre exibi\u00e7\u00f5es e demais atividades do evento poder\u00e3o ser encontradas na <strong><a href=\"https:\/\/ecofalante.org.br\/\" target=\"_blank\" rel=\"noreferrer noopener\">Plataforma Ecofalante<\/a><\/strong> e pelas nas redes sociais:<\/p>\n\n\n\n<ul class=\"wp-block-list\"><li><a href=\"Facebook:\u00a0www.facebook.com\/mostraecofalanteTwitter:\u00a0www.twitter.com\/mostraecoYouTube:\u00a0www.youtube.com\/mostraecofalanteInstagram:\u00a0www.instagram.com\/mostraecofalante\">Facebook: www.facebook.com\/mostraecofalante<\/a><\/li><li><a href=\"Facebook:\u00a0www.facebook.com\/mostraecofalanteTwitter:\u00a0www.twitter.com\/mostraecoYouTube:\u00a0www.youtube.com\/mostraecofalanteInstagram:\u00a0www.instagram.com\/mostraecofalante\">Twitter: www.twitter.com\/mostraeco<\/a><\/li><li><a href=\"Facebook:\u00a0www.facebook.com\/mostraecofalanteTwitter:\u00a0www.twitter.com\/mostraecoYouTube:\u00a0www.youtube.com\/mostraecofalanteInstagram:\u00a0www.instagram.com\/mostraecofalante\">YouTube: www.youtube.com\/mostraecofalante<\/a><\/li><li><a href=\"Facebook:\u00a0www.facebook.com\/mostraecofalanteTwitter:\u00a0www.twitter.com\/mostraecoYouTube:\u00a0www.youtube.com\/mostraecofalanteInstagram:\u00a0www.instagram.com\/mostraecofalante\">Instagram: www.instagram.com\/mostraecofalante<\/a><\/li><\/ul>\n\n\n\n<div class=\"wp-block-image\"><figure class=\"aligncenter size-large is-resized\"><img loading=\"lazy\" decoding=\"async\" src=\"https:\/\/jornalfatosenoticias.com.br\/wp-content\/uploads\/2022\/02\/Serra-Pack-459.png\" alt=\"\" class=\"wp-image-27471\" width=\"363\" height=\"145\"\/><\/figure><\/div>\n\n\n\n<p>A Mostra Ecofalante de Cinema \u00e9 viabilizada por meio da Lei de Incentivo \u00e0 Cultura. Tem a apresenta\u00e7\u00e3o da Valgroup, patroc\u00ednio do Governo do Estado de S\u00e3o Paulo, do Mercado Livre e da Spcine, empresa p\u00fablica de fomento ao audiovisual vinculada \u00e0 Secretaria Municipal de Cultura de S\u00e3o Paulo, e apoio da White Martins, IHS Brasil e Comerc Energia. \u00c9 uma produ\u00e7\u00e3o da Doc &amp; Outras Coisas e coprodu\u00e7\u00e3o da Qu\u00edmica Cultural. A realiza\u00e7\u00e3o \u00e9 da Ecofalante, da Secretaria Especial de Cultura e do Minist\u00e9rio do Turismo.<\/p>\n\n\n\n<p><strong><em>Fonte: <a href=\"https:\/\/ciclovivo.com.br\/fique-ligado\/eventos\/11a-mostra-ecofalante-de-cinema-comeca-nesta-quarta-feira-27-07\/\">CicloVivo<\/a><\/em><\/strong><\/p>\n","protected":false},"excerpt":{"rendered":"<p>Principal evento sul-americano dedicado \u00e0 tem\u00e1tica socioambiental traz 106 filmes gratuitos de forma on-line e presencial A 11\u00aa edi\u00e7\u00e3o da Mostra Ecofalante de Cinema acontece entre os dias 27 de julho a 17 de agosto, em salas paulistanas e de forma on-line, apresentando um total de 106 filmes. O card\u00e1pio de obras est\u00e1 recheado: uma [&hellip;]<\/p>\n","protected":false},"author":2,"featured_media":32673,"comment_status":"open","ping_status":"open","sticky":false,"template":"","format":"standard","meta":{"footnotes":""},"categories":[4],"tags":[428,15407,713,15408,15409,12279],"class_list":["post-32669","post","type-post","status-publish","format-standard","has-post-thumbnail","hentry","category-cultura","tag-cinema","tag-cinema-ambiental","tag-cultura","tag-eventos-gratuitos","tag-mostra-ecofalante","tag-mostra-ecofalante-de-cinema"],"yoast_head":"<!-- This site is optimized with the Yoast SEO plugin v26.5 - https:\/\/yoast.com\/wordpress\/plugins\/seo\/ -->\n<title>11\u00aa Mostra Ecofalante de Cinema come\u00e7a nesta quarta-feira (27) - Jornal Fatos e Not\u00edcias<\/title>\n<meta name=\"robots\" content=\"index, follow, max-snippet:-1, max-image-preview:large, max-video-preview:-1\" \/>\n<link rel=\"canonical\" href=\"https:\/\/jornalfatosenoticias.com.br\/index.php\/2022\/07\/27\/11a-mostra-ecofalante-de-cinema-comeca-nesta-quarta-feira-27\/\" \/>\n<meta property=\"og:locale\" content=\"pt_BR\" \/>\n<meta property=\"og:type\" content=\"article\" \/>\n<meta property=\"og:title\" content=\"11\u00aa Mostra Ecofalante de Cinema come\u00e7a nesta quarta-feira (27) - Jornal Fatos e Not\u00edcias\" \/>\n<meta property=\"og:description\" content=\"Principal evento sul-americano dedicado \u00e0 tem\u00e1tica socioambiental traz 106 filmes gratuitos de forma on-line e presencial A 11\u00aa edi\u00e7\u00e3o da Mostra Ecofalante de Cinema acontece entre os dias 27 de julho a 17 de agosto, em salas paulistanas e de forma on-line, apresentando um total de 106 filmes. O card\u00e1pio de obras est\u00e1 recheado: uma [&hellip;]\" \/>\n<meta property=\"og:url\" content=\"https:\/\/jornalfatosenoticias.com.br\/index.php\/2022\/07\/27\/11a-mostra-ecofalante-de-cinema-comeca-nesta-quarta-feira-27\/\" \/>\n<meta property=\"og:site_name\" content=\"Jornal Fatos e Not\u00edcias\" \/>\n<meta property=\"article:published_time\" content=\"2022-07-27T14:38:32+00:00\" \/>\n<meta property=\"article:modified_time\" content=\"2022-07-27T14:38:36+00:00\" \/>\n<meta property=\"og:image\" content=\"https:\/\/jornalfatosenoticias.com.br\/wp-content\/uploads\/2022\/07\/mostra-ecofalante.jpg\" \/>\n\t<meta property=\"og:image:width\" content=\"1000\" \/>\n\t<meta property=\"og:image:height\" content=\"779\" \/>\n\t<meta property=\"og:image:type\" content=\"image\/jpeg\" \/>\n<meta name=\"author\" content=\"Luzimara Fernandes\" \/>\n<meta name=\"twitter:card\" content=\"summary_large_image\" \/>\n<meta name=\"twitter:label1\" content=\"Escrito por\" \/>\n\t<meta name=\"twitter:data1\" content=\"Luzimara Fernandes\" \/>\n\t<meta name=\"twitter:label2\" content=\"Est. tempo de leitura\" \/>\n\t<meta name=\"twitter:data2\" content=\"5 minutos\" \/>\n<script type=\"application\/ld+json\" class=\"yoast-schema-graph\">{\"@context\":\"https:\/\/schema.org\",\"@graph\":[{\"@type\":\"Article\",\"@id\":\"https:\/\/jornalfatosenoticias.com.br\/index.php\/2022\/07\/27\/11a-mostra-ecofalante-de-cinema-comeca-nesta-quarta-feira-27\/#article\",\"isPartOf\":{\"@id\":\"https:\/\/jornalfatosenoticias.com.br\/index.php\/2022\/07\/27\/11a-mostra-ecofalante-de-cinema-comeca-nesta-quarta-feira-27\/\"},\"author\":{\"name\":\"Luzimara Fernandes\",\"@id\":\"https:\/\/jornalfatosenoticias.com.br\/#\/schema\/person\/d63837fa13ac8666eb9e74e0985d6f81\"},\"headline\":\"11\u00aa Mostra Ecofalante de Cinema come\u00e7a nesta quarta-feira (27)\",\"datePublished\":\"2022-07-27T14:38:32+00:00\",\"dateModified\":\"2022-07-27T14:38:36+00:00\",\"mainEntityOfPage\":{\"@id\":\"https:\/\/jornalfatosenoticias.com.br\/index.php\/2022\/07\/27\/11a-mostra-ecofalante-de-cinema-comeca-nesta-quarta-feira-27\/\"},\"wordCount\":921,\"commentCount\":0,\"publisher\":{\"@id\":\"https:\/\/jornalfatosenoticias.com.br\/#organization\"},\"image\":{\"@id\":\"https:\/\/jornalfatosenoticias.com.br\/index.php\/2022\/07\/27\/11a-mostra-ecofalante-de-cinema-comeca-nesta-quarta-feira-27\/#primaryimage\"},\"thumbnailUrl\":\"https:\/\/jornalfatosenoticias.com.br\/wp-content\/uploads\/2022\/07\/mostra-ecofalante.jpg\",\"keywords\":[\"cinema\",\"cinema ambiental\",\"cultura\",\"eventos gratuitos\",\"Mostra Ecofalante\",\"Mostra Ecofalante de Cinema\"],\"articleSection\":[\"Cultura\"],\"inLanguage\":\"pt-BR\",\"potentialAction\":[{\"@type\":\"CommentAction\",\"name\":\"Comment\",\"target\":[\"https:\/\/jornalfatosenoticias.com.br\/index.php\/2022\/07\/27\/11a-mostra-ecofalante-de-cinema-comeca-nesta-quarta-feira-27\/#respond\"]}]},{\"@type\":\"WebPage\",\"@id\":\"https:\/\/jornalfatosenoticias.com.br\/index.php\/2022\/07\/27\/11a-mostra-ecofalante-de-cinema-comeca-nesta-quarta-feira-27\/\",\"url\":\"https:\/\/jornalfatosenoticias.com.br\/index.php\/2022\/07\/27\/11a-mostra-ecofalante-de-cinema-comeca-nesta-quarta-feira-27\/\",\"name\":\"11\u00aa Mostra Ecofalante de Cinema come\u00e7a nesta quarta-feira (27) - Jornal Fatos e Not\u00edcias\",\"isPartOf\":{\"@id\":\"https:\/\/jornalfatosenoticias.com.br\/#website\"},\"primaryImageOfPage\":{\"@id\":\"https:\/\/jornalfatosenoticias.com.br\/index.php\/2022\/07\/27\/11a-mostra-ecofalante-de-cinema-comeca-nesta-quarta-feira-27\/#primaryimage\"},\"image\":{\"@id\":\"https:\/\/jornalfatosenoticias.com.br\/index.php\/2022\/07\/27\/11a-mostra-ecofalante-de-cinema-comeca-nesta-quarta-feira-27\/#primaryimage\"},\"thumbnailUrl\":\"https:\/\/jornalfatosenoticias.com.br\/wp-content\/uploads\/2022\/07\/mostra-ecofalante.jpg\",\"datePublished\":\"2022-07-27T14:38:32+00:00\",\"dateModified\":\"2022-07-27T14:38:36+00:00\",\"breadcrumb\":{\"@id\":\"https:\/\/jornalfatosenoticias.com.br\/index.php\/2022\/07\/27\/11a-mostra-ecofalante-de-cinema-comeca-nesta-quarta-feira-27\/#breadcrumb\"},\"inLanguage\":\"pt-BR\",\"potentialAction\":[{\"@type\":\"ReadAction\",\"target\":[\"https:\/\/jornalfatosenoticias.com.br\/index.php\/2022\/07\/27\/11a-mostra-ecofalante-de-cinema-comeca-nesta-quarta-feira-27\/\"]}]},{\"@type\":\"ImageObject\",\"inLanguage\":\"pt-BR\",\"@id\":\"https:\/\/jornalfatosenoticias.com.br\/index.php\/2022\/07\/27\/11a-mostra-ecofalante-de-cinema-comeca-nesta-quarta-feira-27\/#primaryimage\",\"url\":\"https:\/\/jornalfatosenoticias.com.br\/wp-content\/uploads\/2022\/07\/mostra-ecofalante.jpg\",\"contentUrl\":\"https:\/\/jornalfatosenoticias.com.br\/wp-content\/uploads\/2022\/07\/mostra-ecofalante.jpg\",\"width\":1000,\"height\":779},{\"@type\":\"BreadcrumbList\",\"@id\":\"https:\/\/jornalfatosenoticias.com.br\/index.php\/2022\/07\/27\/11a-mostra-ecofalante-de-cinema-comeca-nesta-quarta-feira-27\/#breadcrumb\",\"itemListElement\":[{\"@type\":\"ListItem\",\"position\":1,\"name\":\"In\u00edcio\",\"item\":\"https:\/\/jornalfatosenoticias.com.br\/\"},{\"@type\":\"ListItem\",\"position\":2,\"name\":\"11\u00aa Mostra Ecofalante de Cinema come\u00e7a nesta quarta-feira (27)\"}]},{\"@type\":\"WebSite\",\"@id\":\"https:\/\/jornalfatosenoticias.com.br\/#website\",\"url\":\"https:\/\/jornalfatosenoticias.com.br\/\",\"name\":\"Jornal Fatos e Not\u00edcias\",\"description\":\"Not\u00edcias em geral\",\"publisher\":{\"@id\":\"https:\/\/jornalfatosenoticias.com.br\/#organization\"},\"potentialAction\":[{\"@type\":\"SearchAction\",\"target\":{\"@type\":\"EntryPoint\",\"urlTemplate\":\"https:\/\/jornalfatosenoticias.com.br\/?s={search_term_string}\"},\"query-input\":{\"@type\":\"PropertyValueSpecification\",\"valueRequired\":true,\"valueName\":\"search_term_string\"}}],\"inLanguage\":\"pt-BR\"},{\"@type\":\"Organization\",\"@id\":\"https:\/\/jornalfatosenoticias.com.br\/#organization\",\"name\":\"Jornal Fatos e Not\u00edcias\",\"url\":\"https:\/\/jornalfatosenoticias.com.br\/\",\"logo\":{\"@type\":\"ImageObject\",\"inLanguage\":\"pt-BR\",\"@id\":\"https:\/\/jornalfatosenoticias.com.br\/#\/schema\/logo\/image\/\",\"url\":\"https:\/\/jornalfatosenoticias.com.br\/wp-content\/uploads\/2020\/02\/logo120.png\",\"contentUrl\":\"https:\/\/jornalfatosenoticias.com.br\/wp-content\/uploads\/2020\/02\/logo120.png\",\"width\":1227,\"height\":120,\"caption\":\"Jornal Fatos e Not\u00edcias\"},\"image\":{\"@id\":\"https:\/\/jornalfatosenoticias.com.br\/#\/schema\/logo\/image\/\"}},{\"@type\":\"Person\",\"@id\":\"https:\/\/jornalfatosenoticias.com.br\/#\/schema\/person\/d63837fa13ac8666eb9e74e0985d6f81\",\"name\":\"Luzimara Fernandes\",\"image\":{\"@type\":\"ImageObject\",\"inLanguage\":\"pt-BR\",\"@id\":\"https:\/\/jornalfatosenoticias.com.br\/#\/schema\/person\/image\/\",\"url\":\"https:\/\/jornalfatosenoticias.com.br\/wp-content\/uploads\/2025\/05\/EU_portal.jpg\",\"contentUrl\":\"https:\/\/jornalfatosenoticias.com.br\/wp-content\/uploads\/2025\/05\/EU_portal.jpg\",\"caption\":\"Luzimara Fernandes\"},\"description\":\"Jornalista MTB 2358-ES\",\"sameAs\":[\"https:\/\/jornalfatosenoticias.com.br\"],\"url\":\"https:\/\/jornalfatosenoticias.com.br\/index.php\/author\/luzimara\/\"}]}<\/script>\n<!-- \/ Yoast SEO plugin. -->","yoast_head_json":{"title":"11\u00aa Mostra Ecofalante de Cinema come\u00e7a nesta quarta-feira (27) - Jornal Fatos e Not\u00edcias","robots":{"index":"index","follow":"follow","max-snippet":"max-snippet:-1","max-image-preview":"max-image-preview:large","max-video-preview":"max-video-preview:-1"},"canonical":"https:\/\/jornalfatosenoticias.com.br\/index.php\/2022\/07\/27\/11a-mostra-ecofalante-de-cinema-comeca-nesta-quarta-feira-27\/","og_locale":"pt_BR","og_type":"article","og_title":"11\u00aa Mostra Ecofalante de Cinema come\u00e7a nesta quarta-feira (27) - Jornal Fatos e Not\u00edcias","og_description":"Principal evento sul-americano dedicado \u00e0 tem\u00e1tica socioambiental traz 106 filmes gratuitos de forma on-line e presencial A 11\u00aa edi\u00e7\u00e3o da Mostra Ecofalante de Cinema acontece entre os dias 27 de julho a 17 de agosto, em salas paulistanas e de forma on-line, apresentando um total de 106 filmes. O card\u00e1pio de obras est\u00e1 recheado: uma [&hellip;]","og_url":"https:\/\/jornalfatosenoticias.com.br\/index.php\/2022\/07\/27\/11a-mostra-ecofalante-de-cinema-comeca-nesta-quarta-feira-27\/","og_site_name":"Jornal Fatos e Not\u00edcias","article_published_time":"2022-07-27T14:38:32+00:00","article_modified_time":"2022-07-27T14:38:36+00:00","og_image":[{"width":1000,"height":779,"url":"https:\/\/jornalfatosenoticias.com.br\/wp-content\/uploads\/2022\/07\/mostra-ecofalante.jpg","type":"image\/jpeg"}],"author":"Luzimara Fernandes","twitter_card":"summary_large_image","twitter_misc":{"Escrito por":"Luzimara Fernandes","Est. tempo de leitura":"5 minutos"},"schema":{"@context":"https:\/\/schema.org","@graph":[{"@type":"Article","@id":"https:\/\/jornalfatosenoticias.com.br\/index.php\/2022\/07\/27\/11a-mostra-ecofalante-de-cinema-comeca-nesta-quarta-feira-27\/#article","isPartOf":{"@id":"https:\/\/jornalfatosenoticias.com.br\/index.php\/2022\/07\/27\/11a-mostra-ecofalante-de-cinema-comeca-nesta-quarta-feira-27\/"},"author":{"name":"Luzimara Fernandes","@id":"https:\/\/jornalfatosenoticias.com.br\/#\/schema\/person\/d63837fa13ac8666eb9e74e0985d6f81"},"headline":"11\u00aa Mostra Ecofalante de Cinema come\u00e7a nesta quarta-feira (27)","datePublished":"2022-07-27T14:38:32+00:00","dateModified":"2022-07-27T14:38:36+00:00","mainEntityOfPage":{"@id":"https:\/\/jornalfatosenoticias.com.br\/index.php\/2022\/07\/27\/11a-mostra-ecofalante-de-cinema-comeca-nesta-quarta-feira-27\/"},"wordCount":921,"commentCount":0,"publisher":{"@id":"https:\/\/jornalfatosenoticias.com.br\/#organization"},"image":{"@id":"https:\/\/jornalfatosenoticias.com.br\/index.php\/2022\/07\/27\/11a-mostra-ecofalante-de-cinema-comeca-nesta-quarta-feira-27\/#primaryimage"},"thumbnailUrl":"https:\/\/jornalfatosenoticias.com.br\/wp-content\/uploads\/2022\/07\/mostra-ecofalante.jpg","keywords":["cinema","cinema ambiental","cultura","eventos gratuitos","Mostra Ecofalante","Mostra Ecofalante de Cinema"],"articleSection":["Cultura"],"inLanguage":"pt-BR","potentialAction":[{"@type":"CommentAction","name":"Comment","target":["https:\/\/jornalfatosenoticias.com.br\/index.php\/2022\/07\/27\/11a-mostra-ecofalante-de-cinema-comeca-nesta-quarta-feira-27\/#respond"]}]},{"@type":"WebPage","@id":"https:\/\/jornalfatosenoticias.com.br\/index.php\/2022\/07\/27\/11a-mostra-ecofalante-de-cinema-comeca-nesta-quarta-feira-27\/","url":"https:\/\/jornalfatosenoticias.com.br\/index.php\/2022\/07\/27\/11a-mostra-ecofalante-de-cinema-comeca-nesta-quarta-feira-27\/","name":"11\u00aa Mostra Ecofalante de Cinema come\u00e7a nesta quarta-feira (27) - Jornal Fatos e Not\u00edcias","isPartOf":{"@id":"https:\/\/jornalfatosenoticias.com.br\/#website"},"primaryImageOfPage":{"@id":"https:\/\/jornalfatosenoticias.com.br\/index.php\/2022\/07\/27\/11a-mostra-ecofalante-de-cinema-comeca-nesta-quarta-feira-27\/#primaryimage"},"image":{"@id":"https:\/\/jornalfatosenoticias.com.br\/index.php\/2022\/07\/27\/11a-mostra-ecofalante-de-cinema-comeca-nesta-quarta-feira-27\/#primaryimage"},"thumbnailUrl":"https:\/\/jornalfatosenoticias.com.br\/wp-content\/uploads\/2022\/07\/mostra-ecofalante.jpg","datePublished":"2022-07-27T14:38:32+00:00","dateModified":"2022-07-27T14:38:36+00:00","breadcrumb":{"@id":"https:\/\/jornalfatosenoticias.com.br\/index.php\/2022\/07\/27\/11a-mostra-ecofalante-de-cinema-comeca-nesta-quarta-feira-27\/#breadcrumb"},"inLanguage":"pt-BR","potentialAction":[{"@type":"ReadAction","target":["https:\/\/jornalfatosenoticias.com.br\/index.php\/2022\/07\/27\/11a-mostra-ecofalante-de-cinema-comeca-nesta-quarta-feira-27\/"]}]},{"@type":"ImageObject","inLanguage":"pt-BR","@id":"https:\/\/jornalfatosenoticias.com.br\/index.php\/2022\/07\/27\/11a-mostra-ecofalante-de-cinema-comeca-nesta-quarta-feira-27\/#primaryimage","url":"https:\/\/jornalfatosenoticias.com.br\/wp-content\/uploads\/2022\/07\/mostra-ecofalante.jpg","contentUrl":"https:\/\/jornalfatosenoticias.com.br\/wp-content\/uploads\/2022\/07\/mostra-ecofalante.jpg","width":1000,"height":779},{"@type":"BreadcrumbList","@id":"https:\/\/jornalfatosenoticias.com.br\/index.php\/2022\/07\/27\/11a-mostra-ecofalante-de-cinema-comeca-nesta-quarta-feira-27\/#breadcrumb","itemListElement":[{"@type":"ListItem","position":1,"name":"In\u00edcio","item":"https:\/\/jornalfatosenoticias.com.br\/"},{"@type":"ListItem","position":2,"name":"11\u00aa Mostra Ecofalante de Cinema come\u00e7a nesta quarta-feira (27)"}]},{"@type":"WebSite","@id":"https:\/\/jornalfatosenoticias.com.br\/#website","url":"https:\/\/jornalfatosenoticias.com.br\/","name":"Jornal Fatos e Not\u00edcias","description":"Not\u00edcias em geral","publisher":{"@id":"https:\/\/jornalfatosenoticias.com.br\/#organization"},"potentialAction":[{"@type":"SearchAction","target":{"@type":"EntryPoint","urlTemplate":"https:\/\/jornalfatosenoticias.com.br\/?s={search_term_string}"},"query-input":{"@type":"PropertyValueSpecification","valueRequired":true,"valueName":"search_term_string"}}],"inLanguage":"pt-BR"},{"@type":"Organization","@id":"https:\/\/jornalfatosenoticias.com.br\/#organization","name":"Jornal Fatos e Not\u00edcias","url":"https:\/\/jornalfatosenoticias.com.br\/","logo":{"@type":"ImageObject","inLanguage":"pt-BR","@id":"https:\/\/jornalfatosenoticias.com.br\/#\/schema\/logo\/image\/","url":"https:\/\/jornalfatosenoticias.com.br\/wp-content\/uploads\/2020\/02\/logo120.png","contentUrl":"https:\/\/jornalfatosenoticias.com.br\/wp-content\/uploads\/2020\/02\/logo120.png","width":1227,"height":120,"caption":"Jornal Fatos e Not\u00edcias"},"image":{"@id":"https:\/\/jornalfatosenoticias.com.br\/#\/schema\/logo\/image\/"}},{"@type":"Person","@id":"https:\/\/jornalfatosenoticias.com.br\/#\/schema\/person\/d63837fa13ac8666eb9e74e0985d6f81","name":"Luzimara Fernandes","image":{"@type":"ImageObject","inLanguage":"pt-BR","@id":"https:\/\/jornalfatosenoticias.com.br\/#\/schema\/person\/image\/","url":"https:\/\/jornalfatosenoticias.com.br\/wp-content\/uploads\/2025\/05\/EU_portal.jpg","contentUrl":"https:\/\/jornalfatosenoticias.com.br\/wp-content\/uploads\/2025\/05\/EU_portal.jpg","caption":"Luzimara Fernandes"},"description":"Jornalista MTB 2358-ES","sameAs":["https:\/\/jornalfatosenoticias.com.br"],"url":"https:\/\/jornalfatosenoticias.com.br\/index.php\/author\/luzimara\/"}]}},"cc_featured_image_caption":{"caption_text":"(Foto: Reprodu\u00e7\u00e3o\/Mostra Ecofalante)","source_text":"","source_url":""},"jetpack_featured_media_url":"https:\/\/jornalfatosenoticias.com.br\/wp-content\/uploads\/2022\/07\/mostra-ecofalante.jpg","_links":{"self":[{"href":"https:\/\/jornalfatosenoticias.com.br\/index.php\/wp-json\/wp\/v2\/posts\/32669","targetHints":{"allow":["GET"]}}],"collection":[{"href":"https:\/\/jornalfatosenoticias.com.br\/index.php\/wp-json\/wp\/v2\/posts"}],"about":[{"href":"https:\/\/jornalfatosenoticias.com.br\/index.php\/wp-json\/wp\/v2\/types\/post"}],"author":[{"embeddable":true,"href":"https:\/\/jornalfatosenoticias.com.br\/index.php\/wp-json\/wp\/v2\/users\/2"}],"replies":[{"embeddable":true,"href":"https:\/\/jornalfatosenoticias.com.br\/index.php\/wp-json\/wp\/v2\/comments?post=32669"}],"version-history":[{"count":0,"href":"https:\/\/jornalfatosenoticias.com.br\/index.php\/wp-json\/wp\/v2\/posts\/32669\/revisions"}],"wp:featuredmedia":[{"embeddable":true,"href":"https:\/\/jornalfatosenoticias.com.br\/index.php\/wp-json\/wp\/v2\/media\/32673"}],"wp:attachment":[{"href":"https:\/\/jornalfatosenoticias.com.br\/index.php\/wp-json\/wp\/v2\/media?parent=32669"}],"wp:term":[{"taxonomy":"category","embeddable":true,"href":"https:\/\/jornalfatosenoticias.com.br\/index.php\/wp-json\/wp\/v2\/categories?post=32669"},{"taxonomy":"post_tag","embeddable":true,"href":"https:\/\/jornalfatosenoticias.com.br\/index.php\/wp-json\/wp\/v2\/tags?post=32669"}],"curies":[{"name":"wp","href":"https:\/\/api.w.org\/{rel}","templated":true}]}}