{"id":32684,"date":"2022-07-27T12:18:12","date_gmt":"2022-07-27T15:18:12","guid":{"rendered":"https:\/\/jornalfatosenoticias.com.br\/?p=32684"},"modified":"2022-07-27T12:18:13","modified_gmt":"2022-07-27T15:18:13","slug":"projeto-educacional-de-musica-recebe-mencao-honrosa-em-premiacao-nacional","status":"publish","type":"post","link":"https:\/\/jornalfatosenoticias.com.br\/index.php\/2022\/07\/27\/projeto-educacional-de-musica-recebe-mencao-honrosa-em-premiacao-nacional\/","title":{"rendered":"Projeto educacional de m\u00fasica recebe men\u00e7\u00e3o honrosa em premia\u00e7\u00e3o nacional"},"content":{"rendered":"\n<p><em><span class=\"has-inline-color has-black-color\">Projeto &#8220;Turma da Ilha&#8221; recebe men\u00e7\u00e3o honrosa em premia\u00e7\u00e3o nacional<\/span><\/em><\/p>\n\n\n\n<div class=\"wp-block-image\"><figure class=\"aligncenter size-large\"><img loading=\"lazy\" decoding=\"async\" width=\"1024\" height=\"103\" src=\"https:\/\/jornalfatosenoticias.com.br\/wp-content\/uploads\/2022\/02\/Arte-Autoescola-Galatas_endereco_portal-1024x103.png\" alt=\"\" class=\"wp-image-27869\" srcset=\"https:\/\/jornalfatosenoticias.com.br\/wp-content\/uploads\/2022\/02\/Arte-Autoescola-Galatas_endereco_portal-1024x103.png 1024w, https:\/\/jornalfatosenoticias.com.br\/wp-content\/uploads\/2022\/02\/Arte-Autoescola-Galatas_endereco_portal-300x30.png 300w, https:\/\/jornalfatosenoticias.com.br\/wp-content\/uploads\/2022\/02\/Arte-Autoescola-Galatas_endereco_portal-768x77.png 768w, https:\/\/jornalfatosenoticias.com.br\/wp-content\/uploads\/2022\/02\/Arte-Autoescola-Galatas_endereco_portal.png 1223w\" sizes=\"auto, (max-width: 1024px) 100vw, 1024px\" \/><\/figure><\/div>\n\n\n\n<p>O projeto &#8220;Turma da Ilha&#8221;, desenvolvido pela professora Dalila Evangelista com 130 estudantes da Escola Municipal de Ensino Fundamental (Emef) Castelo Branco, que fica na Ilha do Pr\u00edncipe, recebeu uma men\u00e7\u00e3o honrosa do &#8220;23\u00ba Pr\u00eamio Arte na Escola Cidad\u00e3&#8221;, o maior pr\u00eamio de arte-educa\u00e7\u00e3o do Brasil.<br>Estimular nos estudantes maior valoriza\u00e7\u00e3o da cultura, patrim\u00f4nio e produ\u00e7\u00e3o art\u00edstica local, al\u00e9m de conhecimento hist\u00f3rico e social, com aproxima\u00e7\u00e3o e reconhecimento do territ\u00f3rio capixaba, foram os objetivos do projeto desenvolvido no ano de 2021 pela professora de M\u00fasica e Arte, que contou tamb\u00e9m com o apoio das professoras Maria Meneguelli e Poliana Concei\u00e7\u00e3o.<br>Atualmente lotada na Secretaria Municipal de Educa\u00e7\u00e3o (Seme), na Ger\u00eancia de Forma\u00e7\u00e3o e Desenvolvimento em Educa\u00e7\u00e3o (GFDE), a professora Dalila Evangelista fala com orgulho dos resultados alcan\u00e7ados com o projeto.<\/p>\n\n\n\n<div class=\"wp-block-image\"><figure class=\"aligncenter size-large is-resized\"><img loading=\"lazy\" decoding=\"async\" src=\"https:\/\/jornalfatosenoticias.com.br\/wp-content\/uploads\/2022\/07\/Logo-Grupo-SEI.jpg\" alt=\"\" class=\"wp-image-31973\" width=\"389\" height=\"204\" srcset=\"https:\/\/jornalfatosenoticias.com.br\/wp-content\/uploads\/2022\/07\/Logo-Grupo-SEI.jpg 713w, https:\/\/jornalfatosenoticias.com.br\/wp-content\/uploads\/2022\/07\/Logo-Grupo-SEI-300x158.jpg 300w\" sizes=\"auto, (max-width: 389px) 100vw, 389px\" \/><\/figure><\/div>\n\n\n\n<blockquote class=\"wp-block-quote is-layout-flow wp-block-quote-is-layout-flow\"><p><span class=\"has-inline-color has-luminous-vivid-orange-color\">&#8220;Esse pr\u00eamio \u00e9 o maior do Brasil na \u00e1rea de arte-educa\u00e7\u00e3o. Receber essa men\u00e7\u00e3o honrosa de um pr\u00eamio t\u00e3o importante me impulsiona a continuar ensinando com excel\u00eancia por meio da arte, tendo a m\u00fasica como eixo principal&#8221;, disse.<\/span><\/p><\/blockquote>\n\n\n\n<div class=\"wp-block-image\"><figure class=\"aligncenter size-large\"><img loading=\"lazy\" decoding=\"async\" width=\"1024\" height=\"100\" src=\"https:\/\/jornalfatosenoticias.com.br\/wp-content\/uploads\/2022\/05\/NOVA-LOGO-CESCONETTO-1024x100.jpg\" alt=\"\" class=\"wp-image-30792\" srcset=\"https:\/\/jornalfatosenoticias.com.br\/wp-content\/uploads\/2022\/05\/NOVA-LOGO-CESCONETTO-1024x100.jpg 1024w, https:\/\/jornalfatosenoticias.com.br\/wp-content\/uploads\/2022\/05\/NOVA-LOGO-CESCONETTO-300x29.jpg 300w, https:\/\/jornalfatosenoticias.com.br\/wp-content\/uploads\/2022\/05\/NOVA-LOGO-CESCONETTO-768x75.jpg 768w, https:\/\/jornalfatosenoticias.com.br\/wp-content\/uploads\/2022\/05\/NOVA-LOGO-CESCONETTO.jpg 1280w\" sizes=\"auto, (max-width: 1024px) 100vw, 1024px\" \/><\/figure><\/div>\n\n\n\n<p><strong><span class=\"has-inline-color has-vivid-purple-color\">Turma da Ilha<br><\/span><\/strong>Tudo come\u00e7ou a partir da ideia de gravar um coral virtual com os estudantes para, de certa forma, retomar a pr\u00e1tica musical coletiva com eles em meio ao distanciamento na pandemia.<\/p>\n\n\n\n<figure class=\"wp-block-image size-large\"><img loading=\"lazy\" decoding=\"async\" width=\"700\" height=\"933\" src=\"https:\/\/jornalfatosenoticias.com.br\/wp-content\/uploads\/2022\/07\/projeto-vitoria2.jpg\" alt=\"\" class=\"wp-image-32685\" srcset=\"https:\/\/jornalfatosenoticias.com.br\/wp-content\/uploads\/2022\/07\/projeto-vitoria2.jpg 700w, https:\/\/jornalfatosenoticias.com.br\/wp-content\/uploads\/2022\/07\/projeto-vitoria2-225x300.jpg 225w\" sizes=\"auto, (max-width: 700px) 100vw, 700px\" \/><figcaption><em><span class=\"has-inline-color has-black-color\">Projeto &#8220;Turma da Ilha&#8221; recebe men\u00e7\u00e3o honrosa em premia\u00e7\u00e3o nacional (Foto: Lu\u00eds Oliveira)<\/span><\/em><\/figcaption><\/figure>\n\n\n\n<div class=\"wp-block-image\"><figure class=\"aligncenter size-large\"><img decoding=\"async\" src=\"https:\/\/jornalfatosenoticias.com.br\/wp-content\/uploads\/2020\/02\/logo_esteio.jpg\" alt=\"\" class=\"wp-image-1214\"\/><\/figure><\/div>\n\n\n\n<blockquote class=\"wp-block-quote is-layout-flow wp-block-quote-is-layout-flow\"><p><span class=\"has-inline-color has-luminous-vivid-orange-color\">&#8220;O resultado foi muito al\u00e9m. O projeto foi desenvolvido em meio \u00e0 pandemia, e a participa\u00e7\u00e3o e envolvimento dos familiares nas etapas do projeto foram incr\u00edveis, o que evidenciou ainda mais o empenho dos estudantes e o potencial das propostas desenvolvidas. Possibilitamos a eles conhecer e se aproximar mais ainda da comunidade em que vivem, fortalecendo a identidade capixaba&#8221;, contou a professora.<\/span><\/p><\/blockquote>\n\n\n\n<div class=\"wp-block-image\"><figure class=\"alignleft size-large is-resized\"><img loading=\"lazy\" decoding=\"async\" src=\"https:\/\/jornalfatosenoticias.com.br\/wp-content\/uploads\/2020\/02\/nova-logo-Marquetti.jpg\" alt=\"\" class=\"wp-image-22331\" width=\"289\" height=\"194\" srcset=\"https:\/\/jornalfatosenoticias.com.br\/wp-content\/uploads\/2020\/02\/nova-logo-Marquetti.jpg 643w, https:\/\/jornalfatosenoticias.com.br\/wp-content\/uploads\/2020\/02\/nova-logo-Marquetti-300x202.jpg 300w\" sizes=\"auto, (max-width: 289px) 100vw, 289px\" \/><\/figure><\/div>\n\n\n\n<p>O nome do projeto surgiu a partir da can\u00e7\u00e3o &#8216;Turma da Ilha&#8217;, de Milton Karam, que acabou dando nome ao projeto e inspirando uma sequ\u00eancia de atividades sobre o bairro Ilha do Pr\u00edncipe. Localizar a escola no mapa, pesquisar aspectos da ilha de Vit\u00f3ria, resgate de hist\u00f3rias, patrim\u00f4nios, cultura e folclore, confec\u00e7\u00e3o de instrumentos com materiais reutiliz\u00e1veis e conversas com artistas locais foram algumas das atividades trabalhadas com os estudantes dentro do projeto.<br>A professora ressaltou ainda que o projeto se tornou uma forma de integra\u00e7\u00e3o da escola com a comunidade. &#8220;Em 2020, o coletivo Cidade Quintal transformou tra\u00e7os da identidade do bairro Ilha do Pr\u00edncipe na arte mural &#8216;Ativar Ilha do Pr\u00edncipe&#8217;. O mural foi uma das inspira\u00e7\u00f5es do projeto e ponto de partida para estudar a hist\u00f3ria do bairro. Assim, os estudantes, seus familiares e a comunidade escolar e local puderam se apropriar da trajet\u00f3ria do bairro e do que o mural representa naquele territ\u00f3rio&#8221;, explicou.<\/p>\n\n\n\n<div class=\"wp-block-image\"><figure class=\"alignright size-large is-resized\"><img loading=\"lazy\" decoding=\"async\" src=\"https:\/\/jornalfatosenoticias.com.br\/wp-content\/uploads\/2022\/02\/Precisao-Contabilidade-1024x724.jpg\" alt=\"\" class=\"wp-image-28088\" width=\"283\" height=\"199\"\/><\/figure><\/div>\n\n\n\n<p><strong><span class=\"has-inline-color has-vivid-purple-color\">Pr\u00eamio Arte na Escola Cidad\u00e3<br><\/span><\/strong>O Pr\u00eamio Arte na Escola Cidad\u00e3, que est\u00e1 em sua 23\u00aa edi\u00e7\u00e3o, \u00e9 o maior pr\u00eamio de arte-educa\u00e7\u00e3o do Brasil, voltado exclusivamente para professores de Arte, e tem por objetivo reconhecer e valorizar projetos em artes desenvolvidos em todo o pa\u00eds. Atualmente, o Brasil tem mais de 500 mil professores lecionando Artes na Educa\u00e7\u00e3o B\u00e1sica. O Pr\u00eamio tem a miss\u00e3o de incentivar esses professores, dando visibilidade para projetos que guardam em si a pot\u00eancia de transformar estudantes, cidad\u00e3os e comunidades.<\/p>\n\n\n\n<div class=\"wp-block-image\"><figure class=\"aligncenter size-large is-resized\"><img loading=\"lazy\" decoding=\"async\" src=\"https:\/\/jornalfatosenoticias.com.br\/wp-content\/uploads\/2022\/07\/Assinatura-Marketing-1024x300.png\" alt=\"\" class=\"wp-image-31962\" width=\"413\" height=\"120\" srcset=\"https:\/\/jornalfatosenoticias.com.br\/wp-content\/uploads\/2022\/07\/Assinatura-Marketing-1024x300.png 1024w, https:\/\/jornalfatosenoticias.com.br\/wp-content\/uploads\/2022\/07\/Assinatura-Marketing-300x88.png 300w, https:\/\/jornalfatosenoticias.com.br\/wp-content\/uploads\/2022\/07\/Assinatura-Marketing-768x225.png 768w, https:\/\/jornalfatosenoticias.com.br\/wp-content\/uploads\/2022\/07\/Assinatura-Marketing-1536x451.png 1536w, https:\/\/jornalfatosenoticias.com.br\/wp-content\/uploads\/2022\/07\/Assinatura-Marketing-2048x601.png 2048w\" sizes=\"auto, (max-width: 413px) 100vw, 413px\" \/><\/figure><\/div>\n\n\n\n<p><strong><em>Fonte: <a href=\"https:\/\/www.vitoria.es.gov.br\/noticia\/projeto-educacional-de-musica-recebe-mencao-honrosa-em-premiacao-nacional-45687\">PMV<\/a><\/em><\/strong><\/p>\n","protected":false},"excerpt":{"rendered":"<p>Projeto &#8220;Turma da Ilha&#8221; recebe men\u00e7\u00e3o honrosa em premia\u00e7\u00e3o nacional O projeto &#8220;Turma da Ilha&#8221;, desenvolvido pela professora Dalila Evangelista com 130 estudantes da Escola Municipal de Ensino Fundamental (Emef) Castelo Branco, que fica na Ilha do Pr\u00edncipe, recebeu uma men\u00e7\u00e3o honrosa do &#8220;23\u00ba Pr\u00eamio Arte na Escola Cidad\u00e3&#8221;, o maior pr\u00eamio de arte-educa\u00e7\u00e3o do [&hellip;]<\/p>\n","protected":false},"author":2,"featured_media":32686,"comment_status":"open","ping_status":"open","sticky":false,"template":"","format":"standard","meta":{"footnotes":""},"categories":[7],"tags":[15413,2562,15411,15410,15412],"class_list":["post-32684","post","type-post","status-publish","format-standard","has-post-thumbnail","hentry","category-educacao","tag-mencao-honrosa","tag-prefeitura-de-vitoria","tag-premiacao-nacional","tag-projeto-educacional-de-musica","tag-projeto-turma-da-ilha"],"yoast_head":"<!-- This site is optimized with the Yoast SEO plugin v26.5 - https:\/\/yoast.com\/wordpress\/plugins\/seo\/ -->\n<title>Projeto educacional de m\u00fasica recebe men\u00e7\u00e3o honrosa em premia\u00e7\u00e3o nacional - Jornal Fatos e Not\u00edcias<\/title>\n<meta name=\"robots\" content=\"index, follow, max-snippet:-1, max-image-preview:large, max-video-preview:-1\" \/>\n<link rel=\"canonical\" href=\"https:\/\/jornalfatosenoticias.com.br\/index.php\/2022\/07\/27\/projeto-educacional-de-musica-recebe-mencao-honrosa-em-premiacao-nacional\/\" \/>\n<meta property=\"og:locale\" content=\"pt_BR\" \/>\n<meta property=\"og:type\" content=\"article\" \/>\n<meta property=\"og:title\" content=\"Projeto educacional de m\u00fasica recebe men\u00e7\u00e3o honrosa em premia\u00e7\u00e3o nacional - Jornal Fatos e Not\u00edcias\" \/>\n<meta property=\"og:description\" content=\"Projeto &#8220;Turma da Ilha&#8221; recebe men\u00e7\u00e3o honrosa em premia\u00e7\u00e3o nacional O projeto &#8220;Turma da Ilha&#8221;, desenvolvido pela professora Dalila Evangelista com 130 estudantes da Escola Municipal de Ensino Fundamental (Emef) Castelo Branco, que fica na Ilha do Pr\u00edncipe, recebeu uma men\u00e7\u00e3o honrosa do &#8220;23\u00ba Pr\u00eamio Arte na Escola Cidad\u00e3&#8221;, o maior pr\u00eamio de arte-educa\u00e7\u00e3o do [&hellip;]\" \/>\n<meta property=\"og:url\" content=\"https:\/\/jornalfatosenoticias.com.br\/index.php\/2022\/07\/27\/projeto-educacional-de-musica-recebe-mencao-honrosa-em-premiacao-nacional\/\" \/>\n<meta property=\"og:site_name\" content=\"Jornal Fatos e Not\u00edcias\" \/>\n<meta property=\"article:published_time\" content=\"2022-07-27T15:18:12+00:00\" \/>\n<meta property=\"article:modified_time\" content=\"2022-07-27T15:18:13+00:00\" \/>\n<meta property=\"og:image\" content=\"https:\/\/jornalfatosenoticias.com.br\/wp-content\/uploads\/2022\/07\/projeto-vitoria.jpg\" \/>\n\t<meta property=\"og:image:width\" content=\"1000\" \/>\n\t<meta property=\"og:image:height\" content=\"561\" \/>\n\t<meta property=\"og:image:type\" content=\"image\/jpeg\" \/>\n<meta name=\"author\" content=\"Luzimara Fernandes\" \/>\n<meta name=\"twitter:card\" content=\"summary_large_image\" \/>\n<meta name=\"twitter:label1\" content=\"Escrito por\" \/>\n\t<meta name=\"twitter:data1\" content=\"Luzimara Fernandes\" \/>\n\t<meta name=\"twitter:label2\" content=\"Est. tempo de leitura\" \/>\n\t<meta name=\"twitter:data2\" content=\"3 minutos\" \/>\n<script type=\"application\/ld+json\" class=\"yoast-schema-graph\">{\"@context\":\"https:\/\/schema.org\",\"@graph\":[{\"@type\":\"Article\",\"@id\":\"https:\/\/jornalfatosenoticias.com.br\/index.php\/2022\/07\/27\/projeto-educacional-de-musica-recebe-mencao-honrosa-em-premiacao-nacional\/#article\",\"isPartOf\":{\"@id\":\"https:\/\/jornalfatosenoticias.com.br\/index.php\/2022\/07\/27\/projeto-educacional-de-musica-recebe-mencao-honrosa-em-premiacao-nacional\/\"},\"author\":{\"name\":\"Luzimara Fernandes\",\"@id\":\"https:\/\/jornalfatosenoticias.com.br\/#\/schema\/person\/d63837fa13ac8666eb9e74e0985d6f81\"},\"headline\":\"Projeto educacional de m\u00fasica recebe men\u00e7\u00e3o honrosa em premia\u00e7\u00e3o nacional\",\"datePublished\":\"2022-07-27T15:18:12+00:00\",\"dateModified\":\"2022-07-27T15:18:13+00:00\",\"mainEntityOfPage\":{\"@id\":\"https:\/\/jornalfatosenoticias.com.br\/index.php\/2022\/07\/27\/projeto-educacional-de-musica-recebe-mencao-honrosa-em-premiacao-nacional\/\"},\"wordCount\":602,\"commentCount\":0,\"publisher\":{\"@id\":\"https:\/\/jornalfatosenoticias.com.br\/#organization\"},\"image\":{\"@id\":\"https:\/\/jornalfatosenoticias.com.br\/index.php\/2022\/07\/27\/projeto-educacional-de-musica-recebe-mencao-honrosa-em-premiacao-nacional\/#primaryimage\"},\"thumbnailUrl\":\"https:\/\/jornalfatosenoticias.com.br\/wp-content\/uploads\/2022\/07\/projeto-vitoria.jpg\",\"keywords\":[\"men\u00e7\u00e3o honrosa\",\"Prefeitura de Vit\u00f3ria\",\"premia\u00e7\u00e3o nacional\",\"projeto educacional de m\u00fasica\",\"Projeto Turma da Ilha\"],\"articleSection\":[\"Educa\u00e7\u00e3o\"],\"inLanguage\":\"pt-BR\",\"potentialAction\":[{\"@type\":\"CommentAction\",\"name\":\"Comment\",\"target\":[\"https:\/\/jornalfatosenoticias.com.br\/index.php\/2022\/07\/27\/projeto-educacional-de-musica-recebe-mencao-honrosa-em-premiacao-nacional\/#respond\"]}]},{\"@type\":\"WebPage\",\"@id\":\"https:\/\/jornalfatosenoticias.com.br\/index.php\/2022\/07\/27\/projeto-educacional-de-musica-recebe-mencao-honrosa-em-premiacao-nacional\/\",\"url\":\"https:\/\/jornalfatosenoticias.com.br\/index.php\/2022\/07\/27\/projeto-educacional-de-musica-recebe-mencao-honrosa-em-premiacao-nacional\/\",\"name\":\"Projeto educacional de m\u00fasica recebe men\u00e7\u00e3o honrosa em premia\u00e7\u00e3o nacional - Jornal Fatos e Not\u00edcias\",\"isPartOf\":{\"@id\":\"https:\/\/jornalfatosenoticias.com.br\/#website\"},\"primaryImageOfPage\":{\"@id\":\"https:\/\/jornalfatosenoticias.com.br\/index.php\/2022\/07\/27\/projeto-educacional-de-musica-recebe-mencao-honrosa-em-premiacao-nacional\/#primaryimage\"},\"image\":{\"@id\":\"https:\/\/jornalfatosenoticias.com.br\/index.php\/2022\/07\/27\/projeto-educacional-de-musica-recebe-mencao-honrosa-em-premiacao-nacional\/#primaryimage\"},\"thumbnailUrl\":\"https:\/\/jornalfatosenoticias.com.br\/wp-content\/uploads\/2022\/07\/projeto-vitoria.jpg\",\"datePublished\":\"2022-07-27T15:18:12+00:00\",\"dateModified\":\"2022-07-27T15:18:13+00:00\",\"breadcrumb\":{\"@id\":\"https:\/\/jornalfatosenoticias.com.br\/index.php\/2022\/07\/27\/projeto-educacional-de-musica-recebe-mencao-honrosa-em-premiacao-nacional\/#breadcrumb\"},\"inLanguage\":\"pt-BR\",\"potentialAction\":[{\"@type\":\"ReadAction\",\"target\":[\"https:\/\/jornalfatosenoticias.com.br\/index.php\/2022\/07\/27\/projeto-educacional-de-musica-recebe-mencao-honrosa-em-premiacao-nacional\/\"]}]},{\"@type\":\"ImageObject\",\"inLanguage\":\"pt-BR\",\"@id\":\"https:\/\/jornalfatosenoticias.com.br\/index.php\/2022\/07\/27\/projeto-educacional-de-musica-recebe-mencao-honrosa-em-premiacao-nacional\/#primaryimage\",\"url\":\"https:\/\/jornalfatosenoticias.com.br\/wp-content\/uploads\/2022\/07\/projeto-vitoria.jpg\",\"contentUrl\":\"https:\/\/jornalfatosenoticias.com.br\/wp-content\/uploads\/2022\/07\/projeto-vitoria.jpg\",\"width\":1000,\"height\":561,\"caption\":\"Projeto \\\"Turma da Ilha\\\" recebe men\u00e7\u00e3o honrosa em premia\u00e7\u00e3o nacional\"},{\"@type\":\"BreadcrumbList\",\"@id\":\"https:\/\/jornalfatosenoticias.com.br\/index.php\/2022\/07\/27\/projeto-educacional-de-musica-recebe-mencao-honrosa-em-premiacao-nacional\/#breadcrumb\",\"itemListElement\":[{\"@type\":\"ListItem\",\"position\":1,\"name\":\"In\u00edcio\",\"item\":\"https:\/\/jornalfatosenoticias.com.br\/\"},{\"@type\":\"ListItem\",\"position\":2,\"name\":\"Projeto educacional de m\u00fasica recebe men\u00e7\u00e3o honrosa em premia\u00e7\u00e3o nacional\"}]},{\"@type\":\"WebSite\",\"@id\":\"https:\/\/jornalfatosenoticias.com.br\/#website\",\"url\":\"https:\/\/jornalfatosenoticias.com.br\/\",\"name\":\"Jornal Fatos e Not\u00edcias\",\"description\":\"Not\u00edcias em geral\",\"publisher\":{\"@id\":\"https:\/\/jornalfatosenoticias.com.br\/#organization\"},\"potentialAction\":[{\"@type\":\"SearchAction\",\"target\":{\"@type\":\"EntryPoint\",\"urlTemplate\":\"https:\/\/jornalfatosenoticias.com.br\/?s={search_term_string}\"},\"query-input\":{\"@type\":\"PropertyValueSpecification\",\"valueRequired\":true,\"valueName\":\"search_term_string\"}}],\"inLanguage\":\"pt-BR\"},{\"@type\":\"Organization\",\"@id\":\"https:\/\/jornalfatosenoticias.com.br\/#organization\",\"name\":\"Jornal Fatos e Not\u00edcias\",\"url\":\"https:\/\/jornalfatosenoticias.com.br\/\",\"logo\":{\"@type\":\"ImageObject\",\"inLanguage\":\"pt-BR\",\"@id\":\"https:\/\/jornalfatosenoticias.com.br\/#\/schema\/logo\/image\/\",\"url\":\"https:\/\/jornalfatosenoticias.com.br\/wp-content\/uploads\/2020\/02\/logo120.png\",\"contentUrl\":\"https:\/\/jornalfatosenoticias.com.br\/wp-content\/uploads\/2020\/02\/logo120.png\",\"width\":1227,\"height\":120,\"caption\":\"Jornal Fatos e Not\u00edcias\"},\"image\":{\"@id\":\"https:\/\/jornalfatosenoticias.com.br\/#\/schema\/logo\/image\/\"}},{\"@type\":\"Person\",\"@id\":\"https:\/\/jornalfatosenoticias.com.br\/#\/schema\/person\/d63837fa13ac8666eb9e74e0985d6f81\",\"name\":\"Luzimara Fernandes\",\"image\":{\"@type\":\"ImageObject\",\"inLanguage\":\"pt-BR\",\"@id\":\"https:\/\/jornalfatosenoticias.com.br\/#\/schema\/person\/image\/\",\"url\":\"https:\/\/jornalfatosenoticias.com.br\/wp-content\/uploads\/2025\/05\/EU_portal.jpg\",\"contentUrl\":\"https:\/\/jornalfatosenoticias.com.br\/wp-content\/uploads\/2025\/05\/EU_portal.jpg\",\"caption\":\"Luzimara Fernandes\"},\"description\":\"Jornalista MTB 2358-ES\",\"sameAs\":[\"https:\/\/jornalfatosenoticias.com.br\"],\"url\":\"https:\/\/jornalfatosenoticias.com.br\/index.php\/author\/luzimara\/\"}]}<\/script>\n<!-- \/ Yoast SEO plugin. -->","yoast_head_json":{"title":"Projeto educacional de m\u00fasica recebe men\u00e7\u00e3o honrosa em premia\u00e7\u00e3o nacional - Jornal Fatos e Not\u00edcias","robots":{"index":"index","follow":"follow","max-snippet":"max-snippet:-1","max-image-preview":"max-image-preview:large","max-video-preview":"max-video-preview:-1"},"canonical":"https:\/\/jornalfatosenoticias.com.br\/index.php\/2022\/07\/27\/projeto-educacional-de-musica-recebe-mencao-honrosa-em-premiacao-nacional\/","og_locale":"pt_BR","og_type":"article","og_title":"Projeto educacional de m\u00fasica recebe men\u00e7\u00e3o honrosa em premia\u00e7\u00e3o nacional - Jornal Fatos e Not\u00edcias","og_description":"Projeto &#8220;Turma da Ilha&#8221; recebe men\u00e7\u00e3o honrosa em premia\u00e7\u00e3o nacional O projeto &#8220;Turma da Ilha&#8221;, desenvolvido pela professora Dalila Evangelista com 130 estudantes da Escola Municipal de Ensino Fundamental (Emef) Castelo Branco, que fica na Ilha do Pr\u00edncipe, recebeu uma men\u00e7\u00e3o honrosa do &#8220;23\u00ba Pr\u00eamio Arte na Escola Cidad\u00e3&#8221;, o maior pr\u00eamio de arte-educa\u00e7\u00e3o do [&hellip;]","og_url":"https:\/\/jornalfatosenoticias.com.br\/index.php\/2022\/07\/27\/projeto-educacional-de-musica-recebe-mencao-honrosa-em-premiacao-nacional\/","og_site_name":"Jornal Fatos e Not\u00edcias","article_published_time":"2022-07-27T15:18:12+00:00","article_modified_time":"2022-07-27T15:18:13+00:00","og_image":[{"width":1000,"height":561,"url":"https:\/\/jornalfatosenoticias.com.br\/wp-content\/uploads\/2022\/07\/projeto-vitoria.jpg","type":"image\/jpeg"}],"author":"Luzimara Fernandes","twitter_card":"summary_large_image","twitter_misc":{"Escrito por":"Luzimara Fernandes","Est. tempo de leitura":"3 minutos"},"schema":{"@context":"https:\/\/schema.org","@graph":[{"@type":"Article","@id":"https:\/\/jornalfatosenoticias.com.br\/index.php\/2022\/07\/27\/projeto-educacional-de-musica-recebe-mencao-honrosa-em-premiacao-nacional\/#article","isPartOf":{"@id":"https:\/\/jornalfatosenoticias.com.br\/index.php\/2022\/07\/27\/projeto-educacional-de-musica-recebe-mencao-honrosa-em-premiacao-nacional\/"},"author":{"name":"Luzimara Fernandes","@id":"https:\/\/jornalfatosenoticias.com.br\/#\/schema\/person\/d63837fa13ac8666eb9e74e0985d6f81"},"headline":"Projeto educacional de m\u00fasica recebe men\u00e7\u00e3o honrosa em premia\u00e7\u00e3o nacional","datePublished":"2022-07-27T15:18:12+00:00","dateModified":"2022-07-27T15:18:13+00:00","mainEntityOfPage":{"@id":"https:\/\/jornalfatosenoticias.com.br\/index.php\/2022\/07\/27\/projeto-educacional-de-musica-recebe-mencao-honrosa-em-premiacao-nacional\/"},"wordCount":602,"commentCount":0,"publisher":{"@id":"https:\/\/jornalfatosenoticias.com.br\/#organization"},"image":{"@id":"https:\/\/jornalfatosenoticias.com.br\/index.php\/2022\/07\/27\/projeto-educacional-de-musica-recebe-mencao-honrosa-em-premiacao-nacional\/#primaryimage"},"thumbnailUrl":"https:\/\/jornalfatosenoticias.com.br\/wp-content\/uploads\/2022\/07\/projeto-vitoria.jpg","keywords":["men\u00e7\u00e3o honrosa","Prefeitura de Vit\u00f3ria","premia\u00e7\u00e3o nacional","projeto educacional de m\u00fasica","Projeto Turma da Ilha"],"articleSection":["Educa\u00e7\u00e3o"],"inLanguage":"pt-BR","potentialAction":[{"@type":"CommentAction","name":"Comment","target":["https:\/\/jornalfatosenoticias.com.br\/index.php\/2022\/07\/27\/projeto-educacional-de-musica-recebe-mencao-honrosa-em-premiacao-nacional\/#respond"]}]},{"@type":"WebPage","@id":"https:\/\/jornalfatosenoticias.com.br\/index.php\/2022\/07\/27\/projeto-educacional-de-musica-recebe-mencao-honrosa-em-premiacao-nacional\/","url":"https:\/\/jornalfatosenoticias.com.br\/index.php\/2022\/07\/27\/projeto-educacional-de-musica-recebe-mencao-honrosa-em-premiacao-nacional\/","name":"Projeto educacional de m\u00fasica recebe men\u00e7\u00e3o honrosa em premia\u00e7\u00e3o nacional - Jornal Fatos e Not\u00edcias","isPartOf":{"@id":"https:\/\/jornalfatosenoticias.com.br\/#website"},"primaryImageOfPage":{"@id":"https:\/\/jornalfatosenoticias.com.br\/index.php\/2022\/07\/27\/projeto-educacional-de-musica-recebe-mencao-honrosa-em-premiacao-nacional\/#primaryimage"},"image":{"@id":"https:\/\/jornalfatosenoticias.com.br\/index.php\/2022\/07\/27\/projeto-educacional-de-musica-recebe-mencao-honrosa-em-premiacao-nacional\/#primaryimage"},"thumbnailUrl":"https:\/\/jornalfatosenoticias.com.br\/wp-content\/uploads\/2022\/07\/projeto-vitoria.jpg","datePublished":"2022-07-27T15:18:12+00:00","dateModified":"2022-07-27T15:18:13+00:00","breadcrumb":{"@id":"https:\/\/jornalfatosenoticias.com.br\/index.php\/2022\/07\/27\/projeto-educacional-de-musica-recebe-mencao-honrosa-em-premiacao-nacional\/#breadcrumb"},"inLanguage":"pt-BR","potentialAction":[{"@type":"ReadAction","target":["https:\/\/jornalfatosenoticias.com.br\/index.php\/2022\/07\/27\/projeto-educacional-de-musica-recebe-mencao-honrosa-em-premiacao-nacional\/"]}]},{"@type":"ImageObject","inLanguage":"pt-BR","@id":"https:\/\/jornalfatosenoticias.com.br\/index.php\/2022\/07\/27\/projeto-educacional-de-musica-recebe-mencao-honrosa-em-premiacao-nacional\/#primaryimage","url":"https:\/\/jornalfatosenoticias.com.br\/wp-content\/uploads\/2022\/07\/projeto-vitoria.jpg","contentUrl":"https:\/\/jornalfatosenoticias.com.br\/wp-content\/uploads\/2022\/07\/projeto-vitoria.jpg","width":1000,"height":561,"caption":"Projeto \"Turma da Ilha\" recebe men\u00e7\u00e3o honrosa em premia\u00e7\u00e3o nacional"},{"@type":"BreadcrumbList","@id":"https:\/\/jornalfatosenoticias.com.br\/index.php\/2022\/07\/27\/projeto-educacional-de-musica-recebe-mencao-honrosa-em-premiacao-nacional\/#breadcrumb","itemListElement":[{"@type":"ListItem","position":1,"name":"In\u00edcio","item":"https:\/\/jornalfatosenoticias.com.br\/"},{"@type":"ListItem","position":2,"name":"Projeto educacional de m\u00fasica recebe men\u00e7\u00e3o honrosa em premia\u00e7\u00e3o nacional"}]},{"@type":"WebSite","@id":"https:\/\/jornalfatosenoticias.com.br\/#website","url":"https:\/\/jornalfatosenoticias.com.br\/","name":"Jornal Fatos e Not\u00edcias","description":"Not\u00edcias em geral","publisher":{"@id":"https:\/\/jornalfatosenoticias.com.br\/#organization"},"potentialAction":[{"@type":"SearchAction","target":{"@type":"EntryPoint","urlTemplate":"https:\/\/jornalfatosenoticias.com.br\/?s={search_term_string}"},"query-input":{"@type":"PropertyValueSpecification","valueRequired":true,"valueName":"search_term_string"}}],"inLanguage":"pt-BR"},{"@type":"Organization","@id":"https:\/\/jornalfatosenoticias.com.br\/#organization","name":"Jornal Fatos e Not\u00edcias","url":"https:\/\/jornalfatosenoticias.com.br\/","logo":{"@type":"ImageObject","inLanguage":"pt-BR","@id":"https:\/\/jornalfatosenoticias.com.br\/#\/schema\/logo\/image\/","url":"https:\/\/jornalfatosenoticias.com.br\/wp-content\/uploads\/2020\/02\/logo120.png","contentUrl":"https:\/\/jornalfatosenoticias.com.br\/wp-content\/uploads\/2020\/02\/logo120.png","width":1227,"height":120,"caption":"Jornal Fatos e Not\u00edcias"},"image":{"@id":"https:\/\/jornalfatosenoticias.com.br\/#\/schema\/logo\/image\/"}},{"@type":"Person","@id":"https:\/\/jornalfatosenoticias.com.br\/#\/schema\/person\/d63837fa13ac8666eb9e74e0985d6f81","name":"Luzimara Fernandes","image":{"@type":"ImageObject","inLanguage":"pt-BR","@id":"https:\/\/jornalfatosenoticias.com.br\/#\/schema\/person\/image\/","url":"https:\/\/jornalfatosenoticias.com.br\/wp-content\/uploads\/2025\/05\/EU_portal.jpg","contentUrl":"https:\/\/jornalfatosenoticias.com.br\/wp-content\/uploads\/2025\/05\/EU_portal.jpg","caption":"Luzimara Fernandes"},"description":"Jornalista MTB 2358-ES","sameAs":["https:\/\/jornalfatosenoticias.com.br"],"url":"https:\/\/jornalfatosenoticias.com.br\/index.php\/author\/luzimara\/"}]}},"cc_featured_image_caption":{"caption_text":"(Foto: Lu\u00eds Oliveira)","source_text":"","source_url":""},"jetpack_featured_media_url":"https:\/\/jornalfatosenoticias.com.br\/wp-content\/uploads\/2022\/07\/projeto-vitoria.jpg","_links":{"self":[{"href":"https:\/\/jornalfatosenoticias.com.br\/index.php\/wp-json\/wp\/v2\/posts\/32684","targetHints":{"allow":["GET"]}}],"collection":[{"href":"https:\/\/jornalfatosenoticias.com.br\/index.php\/wp-json\/wp\/v2\/posts"}],"about":[{"href":"https:\/\/jornalfatosenoticias.com.br\/index.php\/wp-json\/wp\/v2\/types\/post"}],"author":[{"embeddable":true,"href":"https:\/\/jornalfatosenoticias.com.br\/index.php\/wp-json\/wp\/v2\/users\/2"}],"replies":[{"embeddable":true,"href":"https:\/\/jornalfatosenoticias.com.br\/index.php\/wp-json\/wp\/v2\/comments?post=32684"}],"version-history":[{"count":0,"href":"https:\/\/jornalfatosenoticias.com.br\/index.php\/wp-json\/wp\/v2\/posts\/32684\/revisions"}],"wp:featuredmedia":[{"embeddable":true,"href":"https:\/\/jornalfatosenoticias.com.br\/index.php\/wp-json\/wp\/v2\/media\/32686"}],"wp:attachment":[{"href":"https:\/\/jornalfatosenoticias.com.br\/index.php\/wp-json\/wp\/v2\/media?parent=32684"}],"wp:term":[{"taxonomy":"category","embeddable":true,"href":"https:\/\/jornalfatosenoticias.com.br\/index.php\/wp-json\/wp\/v2\/categories?post=32684"},{"taxonomy":"post_tag","embeddable":true,"href":"https:\/\/jornalfatosenoticias.com.br\/index.php\/wp-json\/wp\/v2\/tags?post=32684"}],"curies":[{"name":"wp","href":"https:\/\/api.w.org\/{rel}","templated":true}]}}