{"id":32752,"date":"2022-07-28T14:29:51","date_gmt":"2022-07-28T17:29:51","guid":{"rendered":"https:\/\/jornalfatosenoticias.com.br\/?p=32752"},"modified":"2022-07-28T14:29:55","modified_gmt":"2022-07-28T17:29:55","slug":"a-face-da-guerra-uma-das-obras-mais-simbolicas-e-comoventes-de-salvador-dali","status":"publish","type":"post","link":"https:\/\/jornalfatosenoticias.com.br\/index.php\/2022\/07\/28\/a-face-da-guerra-uma-das-obras-mais-simbolicas-e-comoventes-de-salvador-dali\/","title":{"rendered":"&#8216;A Face da Guerra&#8217;, uma das obras mais simb\u00f3licas e comoventes de Salvador Dal\u00ed"},"content":{"rendered":"\n<p><em><span class=\"has-inline-color has-black-color\">&#8216;A Face da Guerra&#8217;, obra de Dal\u00ed, foi pintada entre o p\u00f3s-Guerra Civil Espanhola e a Segunda Guerra Mundial<\/span><\/em><\/p>\n\n\n\n<div class=\"wp-block-image\"><figure class=\"aligncenter size-large\"><img loading=\"lazy\" decoding=\"async\" width=\"1024\" height=\"100\" src=\"https:\/\/jornalfatosenoticias.com.br\/wp-content\/uploads\/2022\/05\/NOVA-LOGO-CESCONETTO-1024x100.jpg\" alt=\"\" class=\"wp-image-30792\" srcset=\"https:\/\/jornalfatosenoticias.com.br\/wp-content\/uploads\/2022\/05\/NOVA-LOGO-CESCONETTO-1024x100.jpg 1024w, https:\/\/jornalfatosenoticias.com.br\/wp-content\/uploads\/2022\/05\/NOVA-LOGO-CESCONETTO-300x29.jpg 300w, https:\/\/jornalfatosenoticias.com.br\/wp-content\/uploads\/2022\/05\/NOVA-LOGO-CESCONETTO-768x75.jpg 768w, https:\/\/jornalfatosenoticias.com.br\/wp-content\/uploads\/2022\/05\/NOVA-LOGO-CESCONETTO.jpg 1280w\" sizes=\"auto, (max-width: 1024px) 100vw, 1024px\" \/><\/figure><\/div>\n\n\n\n<p>Rodeada de vibrantes, longas e esgani\u00e7adas serpentes, uma cabe\u00e7a moribunda sem corpo flutua na aridez de um deserto, compondo &#8216;A Face da Guerra&#8217;, uma das <a href=\"https:\/\/aventurasnahistoria.uol.com.br\/noticias\/historia-hoje\/morre-claes-oldenburg-escultor-pioneiro-da-pop-art-aos-93-anos.phtml\" rel=\"noreferrer noopener\" target=\"_blank\">obras<\/a>\u00a0mais simb\u00f3licas e comoventes do surrealista espanhol\u00a0<strong>Salvador Domingo Dal\u00ed Dom\u00e8nech<\/strong>\u00a0(1904-1989), conhecido por\u00a0<strong>Salvador Dal\u00ed.<\/strong><\/p>\n\n\n\n<blockquote class=\"wp-block-quote is-layout-flow wp-block-quote-is-layout-flow\"><p><span class=\"has-inline-color has-luminous-vivid-orange-color\">\u201cA cabe\u00e7a parecendo uma caveira tem todos os orif\u00edcios repletos de esqueletos; cada um cont\u00e9m esqueletos e esqueletos-dentro-de-esqueletos, de forma que ela est\u00e1 recheada de morte infinita, um s\u00edmbolo potente da era dos campos de concentra\u00e7\u00e3o e assassinatos em massa\u201d, descreve <strong>Nathaniel Harris<\/strong> em Vida e Obra de Dal\u00ed.<\/span><\/p><\/blockquote>\n\n\n\n<div class=\"wp-block-image\"><figure class=\"aligncenter size-large is-resized\"><img loading=\"lazy\" decoding=\"async\" src=\"https:\/\/jornalfatosenoticias.com.br\/wp-content\/uploads\/2022\/07\/Logo-Grupo-SEI.jpg\" alt=\"\" class=\"wp-image-31973\" width=\"336\" height=\"176\" srcset=\"https:\/\/jornalfatosenoticias.com.br\/wp-content\/uploads\/2022\/07\/Logo-Grupo-SEI.jpg 713w, https:\/\/jornalfatosenoticias.com.br\/wp-content\/uploads\/2022\/07\/Logo-Grupo-SEI-300x158.jpg 300w\" sizes=\"auto, (max-width: 336px) 100vw, 336px\" \/><\/figure><\/div>\n\n\n\n<p><strong><span class=\"has-inline-color has-vivid-purple-color\">Avers\u00e3o<br><\/span><\/strong>Produzida em 1940, ap\u00f3s o fim da Guerra Civil Espanhola e em plena Segunda Guerra Mundial, Dal\u00ed demonstra nesta tela uma forte repulsa e avers\u00e3o aos <a href=\"https:\/\/aventurasnahistoria.uol.com.br\/noticias\/historia-hoje\/guerra-na-ucrania-pode-afetar-decisao-da-china-de-invadir-taiwan.phtml\" rel=\"noreferrer noopener\" target=\"_blank\">epis\u00f3dios hist\u00f3ricos de exterm\u00ednio.<\/a> Nesta \u00e9poca, ele partiu de Paris, na Europa (que amava), para se refugiar na Calif\u00f3rnia, nos Estados Unidos, acompanhado de sua esposa, Gala \u00c9luard Dal\u00ed (1894-1982), onde permaneceram por oito anos (e onde ele chegou ao auge de sua fama).<\/p>\n\n\n\n<div class=\"wp-block-image\"><figure class=\"alignleft size-large\"><img loading=\"lazy\" decoding=\"async\" width=\"300\" height=\"250\" src=\"https:\/\/jornalfatosenoticias.com.br\/wp-content\/uploads\/2022\/02\/FERRARI_MAQUINAS-E-FERRAMENTAS2.jpg\" alt=\"\" class=\"wp-image-27860\"\/><\/figure><\/div>\n\n\n\n<p>No entanto, nem a dist\u00e2ncia f\u00edsica da <a href=\"https:\/\/aventurasnahistoria.uol.com.br\/noticias\/historia-hoje\/paraguai-nao-pediu-indenizacao-bilionaria-por-guerra-diz-assessora.phtml\" rel=\"noreferrer noopener\" target=\"_blank\">guerra<\/a> fez o artista mudar o foco do terror t\u00e3o trabalhado em uma s\u00e9rie de suas artes surreais. Nesta, al\u00e9m da destrui\u00e7\u00e3o cont\u00ednua representada pelo funil de cr\u00e2nios em sofrimento e horror dentro dos olhos e bocas, h\u00e1 uma sombra no canto inferior direito que destaca o rastro de uma m\u00e3o sobre uma pedra. Na falta de assinatura, h\u00e1 quem diga que esta \u00e9 a ideia da marca do artista.<\/p>\n\n\n\n<div class=\"wp-block-image\"><figure class=\"aligncenter size-large is-resized\"><img loading=\"lazy\" decoding=\"async\" src=\"https:\/\/jornalfatosenoticias.com.br\/wp-content\/uploads\/2020\/02\/Serra-Grande-1024x160.png\" alt=\"\" class=\"wp-image-7836\" width=\"446\" height=\"69\"\/><\/figure><\/div>\n\n\n\n<p><strong><em>Fonte: <a href=\"https:\/\/aventurasnahistoria.uol.com.br\/noticias\/almanaque\/face-da-guerra-uma-das-obras-mais-simbolicas-e-comoventes-de-salvador-dali.phtml\">Aventuras na Hist\u00f3ria<\/a><\/em><\/strong><\/p>\n","protected":false},"excerpt":{"rendered":"<p>&#8216;A Face da Guerra&#8217;, obra de Dal\u00ed, foi pintada entre o p\u00f3s-Guerra Civil Espanhola e a Segunda Guerra Mundial Rodeada de vibrantes, longas e esgani\u00e7adas serpentes, uma cabe\u00e7a moribunda sem corpo flutua na aridez de um deserto, compondo &#8216;A Face da Guerra&#8217;, uma das obras\u00a0mais simb\u00f3licas e comoventes do surrealista espanhol\u00a0Salvador Domingo Dal\u00ed Dom\u00e8nech\u00a0(1904-1989), conhecido [&hellip;]<\/p>\n","protected":false},"author":2,"featured_media":32753,"comment_status":"open","ping_status":"open","sticky":false,"template":"","format":"standard","meta":{"footnotes":""},"categories":[4],"tags":[15442,3677,5095,4491,1948,10258,15443,15444],"class_list":["post-32752","post","type-post","status-publish","format-standard","has-post-thumbnail","hentry","category-cultura","tag-a-face-da-guerra","tag-arte","tag-conflitos","tag-guerra","tag-obra","tag-quadro","tag-salvador-dali","tag-war"],"yoast_head":"<!-- This site is optimized with the Yoast SEO plugin v26.5 - https:\/\/yoast.com\/wordpress\/plugins\/seo\/ -->\n<title>&#039;A Face da Guerra&#039;, uma das obras mais simb\u00f3licas e comoventes de Salvador Dal\u00ed - Jornal Fatos e Not\u00edcias<\/title>\n<meta name=\"robots\" content=\"index, follow, max-snippet:-1, max-image-preview:large, max-video-preview:-1\" \/>\n<link rel=\"canonical\" href=\"https:\/\/jornalfatosenoticias.com.br\/index.php\/2022\/07\/28\/a-face-da-guerra-uma-das-obras-mais-simbolicas-e-comoventes-de-salvador-dali\/\" \/>\n<meta property=\"og:locale\" content=\"pt_BR\" \/>\n<meta property=\"og:type\" content=\"article\" \/>\n<meta property=\"og:title\" content=\"&#039;A Face da Guerra&#039;, uma das obras mais simb\u00f3licas e comoventes de Salvador Dal\u00ed - Jornal Fatos e Not\u00edcias\" \/>\n<meta property=\"og:description\" content=\"&#8216;A Face da Guerra&#8217;, obra de Dal\u00ed, foi pintada entre o p\u00f3s-Guerra Civil Espanhola e a Segunda Guerra Mundial Rodeada de vibrantes, longas e esgani\u00e7adas serpentes, uma cabe\u00e7a moribunda sem corpo flutua na aridez de um deserto, compondo &#8216;A Face da Guerra&#8217;, uma das obras\u00a0mais simb\u00f3licas e comoventes do surrealista espanhol\u00a0Salvador Domingo Dal\u00ed Dom\u00e8nech\u00a0(1904-1989), conhecido [&hellip;]\" \/>\n<meta property=\"og:url\" content=\"https:\/\/jornalfatosenoticias.com.br\/index.php\/2022\/07\/28\/a-face-da-guerra-uma-das-obras-mais-simbolicas-e-comoventes-de-salvador-dali\/\" \/>\n<meta property=\"og:site_name\" content=\"Jornal Fatos e Not\u00edcias\" \/>\n<meta property=\"article:published_time\" content=\"2022-07-28T17:29:51+00:00\" \/>\n<meta property=\"article:modified_time\" content=\"2022-07-28T17:29:55+00:00\" \/>\n<meta property=\"og:image\" content=\"https:\/\/jornalfatosenoticias.com.br\/wp-content\/uploads\/2022\/07\/curiosidade.jpg\" \/>\n\t<meta property=\"og:image:width\" content=\"1000\" \/>\n\t<meta property=\"og:image:height\" content=\"562\" \/>\n\t<meta property=\"og:image:type\" content=\"image\/jpeg\" \/>\n<meta name=\"author\" content=\"Luzimara Fernandes\" \/>\n<meta name=\"twitter:card\" content=\"summary_large_image\" \/>\n<meta name=\"twitter:label1\" content=\"Escrito por\" \/>\n\t<meta name=\"twitter:data1\" content=\"Luzimara Fernandes\" \/>\n\t<meta name=\"twitter:label2\" content=\"Est. tempo de leitura\" \/>\n\t<meta name=\"twitter:data2\" content=\"1 minuto\" \/>\n<script type=\"application\/ld+json\" class=\"yoast-schema-graph\">{\"@context\":\"https:\/\/schema.org\",\"@graph\":[{\"@type\":\"Article\",\"@id\":\"https:\/\/jornalfatosenoticias.com.br\/index.php\/2022\/07\/28\/a-face-da-guerra-uma-das-obras-mais-simbolicas-e-comoventes-de-salvador-dali\/#article\",\"isPartOf\":{\"@id\":\"https:\/\/jornalfatosenoticias.com.br\/index.php\/2022\/07\/28\/a-face-da-guerra-uma-das-obras-mais-simbolicas-e-comoventes-de-salvador-dali\/\"},\"author\":{\"name\":\"Luzimara Fernandes\",\"@id\":\"https:\/\/jornalfatosenoticias.com.br\/#\/schema\/person\/d63837fa13ac8666eb9e74e0985d6f81\"},\"headline\":\"&#8216;A Face da Guerra&#8217;, uma das obras mais simb\u00f3licas e comoventes de Salvador Dal\u00ed\",\"datePublished\":\"2022-07-28T17:29:51+00:00\",\"dateModified\":\"2022-07-28T17:29:55+00:00\",\"mainEntityOfPage\":{\"@id\":\"https:\/\/jornalfatosenoticias.com.br\/index.php\/2022\/07\/28\/a-face-da-guerra-uma-das-obras-mais-simbolicas-e-comoventes-de-salvador-dali\/\"},\"wordCount\":302,\"commentCount\":0,\"publisher\":{\"@id\":\"https:\/\/jornalfatosenoticias.com.br\/#organization\"},\"image\":{\"@id\":\"https:\/\/jornalfatosenoticias.com.br\/index.php\/2022\/07\/28\/a-face-da-guerra-uma-das-obras-mais-simbolicas-e-comoventes-de-salvador-dali\/#primaryimage\"},\"thumbnailUrl\":\"https:\/\/jornalfatosenoticias.com.br\/wp-content\/uploads\/2022\/07\/curiosidade.jpg\",\"keywords\":[\"A Face da Guerra\",\"arte\",\"conflitos\",\"guerra\",\"obra\",\"quadro\",\"Salvador Dal\u00ed\",\"war\"],\"articleSection\":[\"Cultura\"],\"inLanguage\":\"pt-BR\",\"potentialAction\":[{\"@type\":\"CommentAction\",\"name\":\"Comment\",\"target\":[\"https:\/\/jornalfatosenoticias.com.br\/index.php\/2022\/07\/28\/a-face-da-guerra-uma-das-obras-mais-simbolicas-e-comoventes-de-salvador-dali\/#respond\"]}]},{\"@type\":\"WebPage\",\"@id\":\"https:\/\/jornalfatosenoticias.com.br\/index.php\/2022\/07\/28\/a-face-da-guerra-uma-das-obras-mais-simbolicas-e-comoventes-de-salvador-dali\/\",\"url\":\"https:\/\/jornalfatosenoticias.com.br\/index.php\/2022\/07\/28\/a-face-da-guerra-uma-das-obras-mais-simbolicas-e-comoventes-de-salvador-dali\/\",\"name\":\"'A Face da Guerra', uma das obras mais simb\u00f3licas e comoventes de Salvador Dal\u00ed - Jornal Fatos e Not\u00edcias\",\"isPartOf\":{\"@id\":\"https:\/\/jornalfatosenoticias.com.br\/#website\"},\"primaryImageOfPage\":{\"@id\":\"https:\/\/jornalfatosenoticias.com.br\/index.php\/2022\/07\/28\/a-face-da-guerra-uma-das-obras-mais-simbolicas-e-comoventes-de-salvador-dali\/#primaryimage\"},\"image\":{\"@id\":\"https:\/\/jornalfatosenoticias.com.br\/index.php\/2022\/07\/28\/a-face-da-guerra-uma-das-obras-mais-simbolicas-e-comoventes-de-salvador-dali\/#primaryimage\"},\"thumbnailUrl\":\"https:\/\/jornalfatosenoticias.com.br\/wp-content\/uploads\/2022\/07\/curiosidade.jpg\",\"datePublished\":\"2022-07-28T17:29:51+00:00\",\"dateModified\":\"2022-07-28T17:29:55+00:00\",\"breadcrumb\":{\"@id\":\"https:\/\/jornalfatosenoticias.com.br\/index.php\/2022\/07\/28\/a-face-da-guerra-uma-das-obras-mais-simbolicas-e-comoventes-de-salvador-dali\/#breadcrumb\"},\"inLanguage\":\"pt-BR\",\"potentialAction\":[{\"@type\":\"ReadAction\",\"target\":[\"https:\/\/jornalfatosenoticias.com.br\/index.php\/2022\/07\/28\/a-face-da-guerra-uma-das-obras-mais-simbolicas-e-comoventes-de-salvador-dali\/\"]}]},{\"@type\":\"ImageObject\",\"inLanguage\":\"pt-BR\",\"@id\":\"https:\/\/jornalfatosenoticias.com.br\/index.php\/2022\/07\/28\/a-face-da-guerra-uma-das-obras-mais-simbolicas-e-comoventes-de-salvador-dali\/#primaryimage\",\"url\":\"https:\/\/jornalfatosenoticias.com.br\/wp-content\/uploads\/2022\/07\/curiosidade.jpg\",\"contentUrl\":\"https:\/\/jornalfatosenoticias.com.br\/wp-content\/uploads\/2022\/07\/curiosidade.jpg\",\"width\":1000,\"height\":562},{\"@type\":\"BreadcrumbList\",\"@id\":\"https:\/\/jornalfatosenoticias.com.br\/index.php\/2022\/07\/28\/a-face-da-guerra-uma-das-obras-mais-simbolicas-e-comoventes-de-salvador-dali\/#breadcrumb\",\"itemListElement\":[{\"@type\":\"ListItem\",\"position\":1,\"name\":\"In\u00edcio\",\"item\":\"https:\/\/jornalfatosenoticias.com.br\/\"},{\"@type\":\"ListItem\",\"position\":2,\"name\":\"&#8216;A Face da Guerra&#8217;, uma das obras mais simb\u00f3licas e comoventes de Salvador Dal\u00ed\"}]},{\"@type\":\"WebSite\",\"@id\":\"https:\/\/jornalfatosenoticias.com.br\/#website\",\"url\":\"https:\/\/jornalfatosenoticias.com.br\/\",\"name\":\"Jornal Fatos e Not\u00edcias\",\"description\":\"Not\u00edcias em geral\",\"publisher\":{\"@id\":\"https:\/\/jornalfatosenoticias.com.br\/#organization\"},\"potentialAction\":[{\"@type\":\"SearchAction\",\"target\":{\"@type\":\"EntryPoint\",\"urlTemplate\":\"https:\/\/jornalfatosenoticias.com.br\/?s={search_term_string}\"},\"query-input\":{\"@type\":\"PropertyValueSpecification\",\"valueRequired\":true,\"valueName\":\"search_term_string\"}}],\"inLanguage\":\"pt-BR\"},{\"@type\":\"Organization\",\"@id\":\"https:\/\/jornalfatosenoticias.com.br\/#organization\",\"name\":\"Jornal Fatos e Not\u00edcias\",\"url\":\"https:\/\/jornalfatosenoticias.com.br\/\",\"logo\":{\"@type\":\"ImageObject\",\"inLanguage\":\"pt-BR\",\"@id\":\"https:\/\/jornalfatosenoticias.com.br\/#\/schema\/logo\/image\/\",\"url\":\"https:\/\/jornalfatosenoticias.com.br\/wp-content\/uploads\/2020\/02\/logo120.png\",\"contentUrl\":\"https:\/\/jornalfatosenoticias.com.br\/wp-content\/uploads\/2020\/02\/logo120.png\",\"width\":1227,\"height\":120,\"caption\":\"Jornal Fatos e Not\u00edcias\"},\"image\":{\"@id\":\"https:\/\/jornalfatosenoticias.com.br\/#\/schema\/logo\/image\/\"}},{\"@type\":\"Person\",\"@id\":\"https:\/\/jornalfatosenoticias.com.br\/#\/schema\/person\/d63837fa13ac8666eb9e74e0985d6f81\",\"name\":\"Luzimara Fernandes\",\"image\":{\"@type\":\"ImageObject\",\"inLanguage\":\"pt-BR\",\"@id\":\"https:\/\/jornalfatosenoticias.com.br\/#\/schema\/person\/image\/\",\"url\":\"https:\/\/jornalfatosenoticias.com.br\/wp-content\/uploads\/2025\/05\/EU_portal.jpg\",\"contentUrl\":\"https:\/\/jornalfatosenoticias.com.br\/wp-content\/uploads\/2025\/05\/EU_portal.jpg\",\"caption\":\"Luzimara Fernandes\"},\"description\":\"Jornalista MTB 2358-ES\",\"sameAs\":[\"https:\/\/jornalfatosenoticias.com.br\"],\"url\":\"https:\/\/jornalfatosenoticias.com.br\/index.php\/author\/luzimara\/\"}]}<\/script>\n<!-- \/ Yoast SEO plugin. -->","yoast_head_json":{"title":"'A Face da Guerra', uma das obras mais simb\u00f3licas e comoventes de Salvador Dal\u00ed - Jornal Fatos e Not\u00edcias","robots":{"index":"index","follow":"follow","max-snippet":"max-snippet:-1","max-image-preview":"max-image-preview:large","max-video-preview":"max-video-preview:-1"},"canonical":"https:\/\/jornalfatosenoticias.com.br\/index.php\/2022\/07\/28\/a-face-da-guerra-uma-das-obras-mais-simbolicas-e-comoventes-de-salvador-dali\/","og_locale":"pt_BR","og_type":"article","og_title":"'A Face da Guerra', uma das obras mais simb\u00f3licas e comoventes de Salvador Dal\u00ed - Jornal Fatos e Not\u00edcias","og_description":"&#8216;A Face da Guerra&#8217;, obra de Dal\u00ed, foi pintada entre o p\u00f3s-Guerra Civil Espanhola e a Segunda Guerra Mundial Rodeada de vibrantes, longas e esgani\u00e7adas serpentes, uma cabe\u00e7a moribunda sem corpo flutua na aridez de um deserto, compondo &#8216;A Face da Guerra&#8217;, uma das obras\u00a0mais simb\u00f3licas e comoventes do surrealista espanhol\u00a0Salvador Domingo Dal\u00ed Dom\u00e8nech\u00a0(1904-1989), conhecido [&hellip;]","og_url":"https:\/\/jornalfatosenoticias.com.br\/index.php\/2022\/07\/28\/a-face-da-guerra-uma-das-obras-mais-simbolicas-e-comoventes-de-salvador-dali\/","og_site_name":"Jornal Fatos e Not\u00edcias","article_published_time":"2022-07-28T17:29:51+00:00","article_modified_time":"2022-07-28T17:29:55+00:00","og_image":[{"width":1000,"height":562,"url":"https:\/\/jornalfatosenoticias.com.br\/wp-content\/uploads\/2022\/07\/curiosidade.jpg","type":"image\/jpeg"}],"author":"Luzimara Fernandes","twitter_card":"summary_large_image","twitter_misc":{"Escrito por":"Luzimara Fernandes","Est. tempo de leitura":"1 minuto"},"schema":{"@context":"https:\/\/schema.org","@graph":[{"@type":"Article","@id":"https:\/\/jornalfatosenoticias.com.br\/index.php\/2022\/07\/28\/a-face-da-guerra-uma-das-obras-mais-simbolicas-e-comoventes-de-salvador-dali\/#article","isPartOf":{"@id":"https:\/\/jornalfatosenoticias.com.br\/index.php\/2022\/07\/28\/a-face-da-guerra-uma-das-obras-mais-simbolicas-e-comoventes-de-salvador-dali\/"},"author":{"name":"Luzimara Fernandes","@id":"https:\/\/jornalfatosenoticias.com.br\/#\/schema\/person\/d63837fa13ac8666eb9e74e0985d6f81"},"headline":"&#8216;A Face da Guerra&#8217;, uma das obras mais simb\u00f3licas e comoventes de Salvador Dal\u00ed","datePublished":"2022-07-28T17:29:51+00:00","dateModified":"2022-07-28T17:29:55+00:00","mainEntityOfPage":{"@id":"https:\/\/jornalfatosenoticias.com.br\/index.php\/2022\/07\/28\/a-face-da-guerra-uma-das-obras-mais-simbolicas-e-comoventes-de-salvador-dali\/"},"wordCount":302,"commentCount":0,"publisher":{"@id":"https:\/\/jornalfatosenoticias.com.br\/#organization"},"image":{"@id":"https:\/\/jornalfatosenoticias.com.br\/index.php\/2022\/07\/28\/a-face-da-guerra-uma-das-obras-mais-simbolicas-e-comoventes-de-salvador-dali\/#primaryimage"},"thumbnailUrl":"https:\/\/jornalfatosenoticias.com.br\/wp-content\/uploads\/2022\/07\/curiosidade.jpg","keywords":["A Face da Guerra","arte","conflitos","guerra","obra","quadro","Salvador Dal\u00ed","war"],"articleSection":["Cultura"],"inLanguage":"pt-BR","potentialAction":[{"@type":"CommentAction","name":"Comment","target":["https:\/\/jornalfatosenoticias.com.br\/index.php\/2022\/07\/28\/a-face-da-guerra-uma-das-obras-mais-simbolicas-e-comoventes-de-salvador-dali\/#respond"]}]},{"@type":"WebPage","@id":"https:\/\/jornalfatosenoticias.com.br\/index.php\/2022\/07\/28\/a-face-da-guerra-uma-das-obras-mais-simbolicas-e-comoventes-de-salvador-dali\/","url":"https:\/\/jornalfatosenoticias.com.br\/index.php\/2022\/07\/28\/a-face-da-guerra-uma-das-obras-mais-simbolicas-e-comoventes-de-salvador-dali\/","name":"'A Face da Guerra', uma das obras mais simb\u00f3licas e comoventes de Salvador Dal\u00ed - Jornal Fatos e Not\u00edcias","isPartOf":{"@id":"https:\/\/jornalfatosenoticias.com.br\/#website"},"primaryImageOfPage":{"@id":"https:\/\/jornalfatosenoticias.com.br\/index.php\/2022\/07\/28\/a-face-da-guerra-uma-das-obras-mais-simbolicas-e-comoventes-de-salvador-dali\/#primaryimage"},"image":{"@id":"https:\/\/jornalfatosenoticias.com.br\/index.php\/2022\/07\/28\/a-face-da-guerra-uma-das-obras-mais-simbolicas-e-comoventes-de-salvador-dali\/#primaryimage"},"thumbnailUrl":"https:\/\/jornalfatosenoticias.com.br\/wp-content\/uploads\/2022\/07\/curiosidade.jpg","datePublished":"2022-07-28T17:29:51+00:00","dateModified":"2022-07-28T17:29:55+00:00","breadcrumb":{"@id":"https:\/\/jornalfatosenoticias.com.br\/index.php\/2022\/07\/28\/a-face-da-guerra-uma-das-obras-mais-simbolicas-e-comoventes-de-salvador-dali\/#breadcrumb"},"inLanguage":"pt-BR","potentialAction":[{"@type":"ReadAction","target":["https:\/\/jornalfatosenoticias.com.br\/index.php\/2022\/07\/28\/a-face-da-guerra-uma-das-obras-mais-simbolicas-e-comoventes-de-salvador-dali\/"]}]},{"@type":"ImageObject","inLanguage":"pt-BR","@id":"https:\/\/jornalfatosenoticias.com.br\/index.php\/2022\/07\/28\/a-face-da-guerra-uma-das-obras-mais-simbolicas-e-comoventes-de-salvador-dali\/#primaryimage","url":"https:\/\/jornalfatosenoticias.com.br\/wp-content\/uploads\/2022\/07\/curiosidade.jpg","contentUrl":"https:\/\/jornalfatosenoticias.com.br\/wp-content\/uploads\/2022\/07\/curiosidade.jpg","width":1000,"height":562},{"@type":"BreadcrumbList","@id":"https:\/\/jornalfatosenoticias.com.br\/index.php\/2022\/07\/28\/a-face-da-guerra-uma-das-obras-mais-simbolicas-e-comoventes-de-salvador-dali\/#breadcrumb","itemListElement":[{"@type":"ListItem","position":1,"name":"In\u00edcio","item":"https:\/\/jornalfatosenoticias.com.br\/"},{"@type":"ListItem","position":2,"name":"&#8216;A Face da Guerra&#8217;, uma das obras mais simb\u00f3licas e comoventes de Salvador Dal\u00ed"}]},{"@type":"WebSite","@id":"https:\/\/jornalfatosenoticias.com.br\/#website","url":"https:\/\/jornalfatosenoticias.com.br\/","name":"Jornal Fatos e Not\u00edcias","description":"Not\u00edcias em geral","publisher":{"@id":"https:\/\/jornalfatosenoticias.com.br\/#organization"},"potentialAction":[{"@type":"SearchAction","target":{"@type":"EntryPoint","urlTemplate":"https:\/\/jornalfatosenoticias.com.br\/?s={search_term_string}"},"query-input":{"@type":"PropertyValueSpecification","valueRequired":true,"valueName":"search_term_string"}}],"inLanguage":"pt-BR"},{"@type":"Organization","@id":"https:\/\/jornalfatosenoticias.com.br\/#organization","name":"Jornal Fatos e Not\u00edcias","url":"https:\/\/jornalfatosenoticias.com.br\/","logo":{"@type":"ImageObject","inLanguage":"pt-BR","@id":"https:\/\/jornalfatosenoticias.com.br\/#\/schema\/logo\/image\/","url":"https:\/\/jornalfatosenoticias.com.br\/wp-content\/uploads\/2020\/02\/logo120.png","contentUrl":"https:\/\/jornalfatosenoticias.com.br\/wp-content\/uploads\/2020\/02\/logo120.png","width":1227,"height":120,"caption":"Jornal Fatos e Not\u00edcias"},"image":{"@id":"https:\/\/jornalfatosenoticias.com.br\/#\/schema\/logo\/image\/"}},{"@type":"Person","@id":"https:\/\/jornalfatosenoticias.com.br\/#\/schema\/person\/d63837fa13ac8666eb9e74e0985d6f81","name":"Luzimara Fernandes","image":{"@type":"ImageObject","inLanguage":"pt-BR","@id":"https:\/\/jornalfatosenoticias.com.br\/#\/schema\/person\/image\/","url":"https:\/\/jornalfatosenoticias.com.br\/wp-content\/uploads\/2025\/05\/EU_portal.jpg","contentUrl":"https:\/\/jornalfatosenoticias.com.br\/wp-content\/uploads\/2025\/05\/EU_portal.jpg","caption":"Luzimara Fernandes"},"description":"Jornalista MTB 2358-ES","sameAs":["https:\/\/jornalfatosenoticias.com.br"],"url":"https:\/\/jornalfatosenoticias.com.br\/index.php\/author\/luzimara\/"}]}},"cc_featured_image_caption":{"caption_text":"(Foto: Stock\/Alamy) ","source_text":"","source_url":""},"jetpack_featured_media_url":"https:\/\/jornalfatosenoticias.com.br\/wp-content\/uploads\/2022\/07\/curiosidade.jpg","_links":{"self":[{"href":"https:\/\/jornalfatosenoticias.com.br\/index.php\/wp-json\/wp\/v2\/posts\/32752","targetHints":{"allow":["GET"]}}],"collection":[{"href":"https:\/\/jornalfatosenoticias.com.br\/index.php\/wp-json\/wp\/v2\/posts"}],"about":[{"href":"https:\/\/jornalfatosenoticias.com.br\/index.php\/wp-json\/wp\/v2\/types\/post"}],"author":[{"embeddable":true,"href":"https:\/\/jornalfatosenoticias.com.br\/index.php\/wp-json\/wp\/v2\/users\/2"}],"replies":[{"embeddable":true,"href":"https:\/\/jornalfatosenoticias.com.br\/index.php\/wp-json\/wp\/v2\/comments?post=32752"}],"version-history":[{"count":0,"href":"https:\/\/jornalfatosenoticias.com.br\/index.php\/wp-json\/wp\/v2\/posts\/32752\/revisions"}],"wp:featuredmedia":[{"embeddable":true,"href":"https:\/\/jornalfatosenoticias.com.br\/index.php\/wp-json\/wp\/v2\/media\/32753"}],"wp:attachment":[{"href":"https:\/\/jornalfatosenoticias.com.br\/index.php\/wp-json\/wp\/v2\/media?parent=32752"}],"wp:term":[{"taxonomy":"category","embeddable":true,"href":"https:\/\/jornalfatosenoticias.com.br\/index.php\/wp-json\/wp\/v2\/categories?post=32752"},{"taxonomy":"post_tag","embeddable":true,"href":"https:\/\/jornalfatosenoticias.com.br\/index.php\/wp-json\/wp\/v2\/tags?post=32752"}],"curies":[{"name":"wp","href":"https:\/\/api.w.org\/{rel}","templated":true}]}}