{"id":32755,"date":"2022-07-28T14:42:35","date_gmt":"2022-07-28T17:42:35","guid":{"rendered":"https:\/\/jornalfatosenoticias.com.br\/?p=32755"},"modified":"2022-07-28T14:42:39","modified_gmt":"2022-07-28T17:42:39","slug":"primatas-nao-transmitem-a-variola-dos-macacos","status":"publish","type":"post","link":"https:\/\/jornalfatosenoticias.com.br\/index.php\/2022\/07\/28\/primatas-nao-transmitem-a-variola-dos-macacos\/","title":{"rendered":"Primatas n\u00e3o transmitem a \u201cvar\u00edola dos macacos\u201d"},"content":{"rendered":"\n<p><em><span class=\"has-inline-color has-black-color\">Apesar do nome, os macacos s\u00e3o v\u00edtimas como os humanos<\/span><\/em><\/p>\n\n\n\n<div class=\"wp-block-image\"><figure class=\"aligncenter size-large\"><img loading=\"lazy\" decoding=\"async\" width=\"1024\" height=\"103\" src=\"https:\/\/jornalfatosenoticias.com.br\/wp-content\/uploads\/2022\/02\/Arte-Autoescola-Galatas_endereco_portal-1024x103.png\" alt=\"\" class=\"wp-image-27869\" srcset=\"https:\/\/jornalfatosenoticias.com.br\/wp-content\/uploads\/2022\/02\/Arte-Autoescola-Galatas_endereco_portal-1024x103.png 1024w, https:\/\/jornalfatosenoticias.com.br\/wp-content\/uploads\/2022\/02\/Arte-Autoescola-Galatas_endereco_portal-300x30.png 300w, https:\/\/jornalfatosenoticias.com.br\/wp-content\/uploads\/2022\/02\/Arte-Autoescola-Galatas_endereco_portal-768x77.png 768w, https:\/\/jornalfatosenoticias.com.br\/wp-content\/uploads\/2022\/02\/Arte-Autoescola-Galatas_endereco_portal.png 1223w\" sizes=\"auto, (max-width: 1024px) 100vw, 1024px\" \/><\/figure><\/div>\n\n\n\n<p>Com mais de 800 casos notificados no Brasil, a var\u00edola dos macacos tem causado apreens\u00e3o. Defensores ambientais e profissionais da medicina alertam que, apesar do nome, os macacos n\u00e3o s\u00e3o reservat\u00f3rios ou transmissores do v\u00edrus que causa a doen\u00e7a. Todas as transmiss\u00f5es identificadas at\u00e9 o momento pelas ag\u00eancias de sa\u00fade foram atribu\u00eddas \u00e0 contamina\u00e7\u00e3o por transmiss\u00e3o entre pessoas.<\/p>\n\n\n\n<blockquote class=\"wp-block-quote is-layout-flow wp-block-quote-is-layout-flow\"><p><span class=\"has-inline-color has-luminous-vivid-orange-color\">\u201c\u00c9 importante ressaltar que os macacos (primatas n\u00e3o humanos) n\u00e3o s\u00e3o os \u2018vil\u00f5es\u2019, e sim v\u00edtimas como n\u00f3s (humanos), e n\u00e3o devem sofrer nenhuma retalia\u00e7\u00e3o, tais como agress\u00f5es, mortes, afugentamento, ou quaisquer tipos de maus tratos por parte da popula\u00e7\u00e3o. O receio de cont\u00e1gio por transmiss\u00e3o desta e de outras doen\u00e7as, como a febre amarela, pela proximidade com os macacos n\u00e3o se justifica\u201d, diz o comunicado da Sociedade Brasileira de Primatologia, lan\u00e7ado ainda em maio \u2014 antes do Brasil ter seu primeiro caso confirmado.<\/span><\/p><\/blockquote>\n\n\n\n<div class=\"wp-block-image\"><figure class=\"alignright size-large is-resized\"><img loading=\"lazy\" decoding=\"async\" src=\"https:\/\/jornalfatosenoticias.com.br\/wp-content\/uploads\/2022\/02\/Precisao-Contabilidade-1024x724.jpg\" alt=\"\" class=\"wp-image-28088\" width=\"296\" height=\"209\"\/><\/figure><\/div>\n\n\n\n<p>Tamb\u00e9m a Secretaria de Infraestrutura e Meio Ambiente de S\u00e3o Paulo publicou um comunicado refor\u00e7ando que os macacos, assim como o homem, s\u00e3o hospedeiros acidentais. \u201cO alerta \u00e9 importante para que a popula\u00e7\u00e3o tenha consci\u00eancia de que a esp\u00e9cie n\u00e3o \u00e9 respons\u00e1vel pela exist\u00eancia do v\u00edrus e nem por sua transmiss\u00e3o\u201d, diz o texto. O estado de S\u00e3o Paulo \u00e9 o que mais registra diagn\u00f3sticos.<\/p>\n\n\n\n<p><strong><span class=\"has-inline-color has-vivid-green-cyan-color\">Casos de ataques<br><\/span><\/strong>Segundo o Art. 29 da Lei n\u00b0 9.605\/98 \u00e9 crime ambiental \u201cMatar, perseguir, ca\u00e7ar, apanhar, utilizar esp\u00e9cimes da fauna silvestre, nativos ou em rota migrat\u00f3ria, sem a devida permiss\u00e3o, licen\u00e7a ou autoriza\u00e7\u00e3o da autoridade competente, ou em desacordo com a obtida\u201d, o que pode gerar pena de seis meses a um ano de deten\u00e7\u00e3o, mais multa.<\/p>\n\n\n\n<div class=\"wp-block-image\"><figure class=\"alignleft size-large is-resized\"><img loading=\"lazy\" decoding=\"async\" src=\"https:\/\/jornalfatosenoticias.com.br\/wp-content\/uploads\/2022\/03\/logo-Suinco-1024x390.jpg\" alt=\"\" class=\"wp-image-28785\" width=\"336\" height=\"127\"\/><\/figure><\/div>\n\n\n\n<p>A lei, entretanto, n\u00e3o parece intimidar. Entre 2017 e 2018 houve surto de \u00a0<a href=\"https:\/\/ciclovivo.com.br\/planeta\/meio-ambiente\/mitos-e-verdades-sobre-os-macacos-e-a-febre-amarela\/\" target=\"_blank\" rel=\"noreferrer noopener\">febre amarela<\/a>\u00a0em \u00e1reas urbanas e muitos\u00a0<a href=\"https:\/\/ciclovivo.com.br\/planeta\/meio-ambiente\/cidades-mortes-criminosas-macacos\/\" target=\"_blank\" rel=\"noreferrer noopener\">macacos foram mortos<\/a> e feridos por seres humanos. J\u00e1 no in\u00edcio do m\u00eas de julho, na cidade de Senador Canedo, em Goi\u00e1s, dois macacos foram encontrados mortos e as autoridades locais desconfiam que foram atacados por moradores devido aos casos da var\u00edola \u201cdos macacos\u201d.<br>Al\u00e9m de ato cruel e criminoso, vale ressaltar que os primatas fazem parte da nossa biodiversidade, possuem papel fundamental na manuten\u00e7\u00e3o das florestas, al\u00e9m de auxiliarem nos servi\u00e7os ecossist\u00eamicos. Outro ponto crucial \u00e9 o desconhecimento de muitos sobre o fato de que os primatas fazem o que \u00e9 chamado de papel de sentinela. A detec\u00e7\u00e3o de macacos mortos por doen\u00e7as serve de indicador de que algo est\u00e1 ocorrendo em determinada regi\u00e3o, o que possibilita o r\u00e1pido in\u00edcio de a\u00e7\u00f5es preventivas antes que a doen\u00e7a em quest\u00e3o se espalhe. Ao avistar algum macaco doente ou morto, avise aos \u00f3rg\u00e3os de sa\u00fade do seu munic\u00edpio.<\/p>\n\n\n\n<div class=\"wp-block-image\"><figure class=\"alignright size-large is-resized\"><img loading=\"lazy\" decoding=\"async\" src=\"https:\/\/jornalfatosenoticias.com.br\/wp-content\/uploads\/2022\/02\/Serra-Pack-459.png\" alt=\"\" class=\"wp-image-27471\" width=\"298\" height=\"119\"\/><\/figure><\/div>\n\n\n\n<p><strong><span class=\"has-inline-color has-vivid-green-cyan-color\">Mas, afinal, o que \u00e9 a var\u00edola dos macacos?<br><\/span><\/strong>O Manual MSD, voltado para profissionais de sa\u00fade, explica que a var\u00edola do macaco \u00e9 uma doen\u00e7a rara, causada pelo v\u00edrus da var\u00edola s\u00edmia. \u00c9 estruturalmente relacionada com o v\u00edrus da var\u00edola e causa doen\u00e7a semelhante, mas geralmente mais leve. O per\u00edodo de incuba\u00e7\u00e3o da var\u00edola dos macacos \u00e9 geralmente de seis a 13 dias, mas pode variar de cinco a 21 dias, segundo a OMS. Al\u00e9m disso, trata-se de uma doen\u00e7a viral e end\u00eamica na \u00c1frica Central e Ocidental.<\/p>\n\n\n\n<div class=\"wp-block-image\"><figure class=\"alignleft size-large is-resized\"><img loading=\"lazy\" decoding=\"async\" src=\"https:\/\/jornalfatosenoticias.com.br\/wp-content\/uploads\/2020\/02\/nova-logo-Marquetti.jpg\" alt=\"\" class=\"wp-image-22331\" width=\"273\" height=\"183\" srcset=\"https:\/\/jornalfatosenoticias.com.br\/wp-content\/uploads\/2020\/02\/nova-logo-Marquetti.jpg 643w, https:\/\/jornalfatosenoticias.com.br\/wp-content\/uploads\/2020\/02\/nova-logo-Marquetti-300x202.jpg 300w\" sizes=\"auto, (max-width: 273px) 100vw, 273px\" \/><\/figure><\/div>\n\n\n\n<p><strong><span class=\"has-inline-color has-vivid-green-cyan-color\">Como \u00e9 transmitido?<br><\/span><\/strong>A transmiss\u00e3o se d\u00e1 sobretudo pelo contato direto com pessoas infectadas, seja com fluidos corporais, como sangue e pus, secre\u00e7\u00f5es respirat\u00f3rias e contato \u00edntimo \u2014 abra\u00e7os, beijos e sexo. Mas, tamb\u00e9m pode ocorrer pelo contato com materiais contaminados por tais fluidos ou feridas, como roupas ou len\u00e7\u00f3is.<br>Al\u00e9m disso, da m\u00e3e para o feto, atrav\u00e9s da placenta, e da m\u00e3e para o beb\u00ea, no contato pele a pele, tamb\u00e9m ocorrem transmiss\u00f5es.<\/p>\n\n\n\n<div class=\"wp-block-image\"><figure class=\"aligncenter size-large is-resized\"><img loading=\"lazy\" decoding=\"async\" src=\"https:\/\/jornalfatosenoticias.com.br\/wp-content\/uploads\/2020\/02\/Serra-Grande-1024x160.png\" alt=\"\" class=\"wp-image-7836\" width=\"497\" height=\"77\"\/><\/figure><\/div>\n\n\n\n<p><strong><span class=\"has-inline-color has-vivid-green-cyan-color\">Quais os sintomas?<br><\/span><\/strong>Os principais sintomas incluem febre, dor de cabe\u00e7a, dores musculares, dor nas costas, g\u00e2nglios (linfonodos) inchados, calafrios e exaust\u00e3o.<\/p>\n\n\n\n<div class=\"wp-block-image\"><figure class=\"alignright size-large is-resized\"><img loading=\"lazy\" decoding=\"async\" src=\"https:\/\/jornalfatosenoticias.com.br\/wp-content\/uploads\/2022\/07\/Logo-Grupo-SEI.jpg\" alt=\"\" class=\"wp-image-31973\" width=\"310\" height=\"163\" srcset=\"https:\/\/jornalfatosenoticias.com.br\/wp-content\/uploads\/2022\/07\/Logo-Grupo-SEI.jpg 713w, https:\/\/jornalfatosenoticias.com.br\/wp-content\/uploads\/2022\/07\/Logo-Grupo-SEI-300x158.jpg 300w\" sizes=\"auto, (max-width: 310px) 100vw, 310px\" \/><\/figure><\/div>\n\n\n\n<p><strong><span class=\"has-inline-color has-vivid-green-cyan-color\">Tratamento e Vacina<br><\/span><\/strong>Ainda n\u00e3o h\u00e1 tratamento espec\u00edfico para a infec\u00e7\u00e3o e o per\u00edodo de transmiss\u00e3o da doen\u00e7a termina quando as les\u00f5es na pele desaparecem, explica a Dra. Ana Karolina Marinho, membro do Departamento Cient\u00edfico de Imuniza\u00e7\u00e3o da Associa\u00e7\u00e3o Brasileira de Alergia e Imunologia (Asbai).<br>Sobre a vacina\u00e7\u00e3o, de acordo com o Minist\u00e9rio da Sa\u00fade, a vacina contra a var\u00edola tradicional \u00e9 eficaz tamb\u00e9m para a var\u00edola dos macacos, mas a OMS explicou que pessoas com 50 anos ou menos podem estar mais suscet\u00edveis j\u00e1 que as campanhas de vacina\u00e7\u00e3o contra a var\u00edola foram interrompidas pelo mundo quando a doen\u00e7a foi erradicada em 1980.<\/p>\n\n\n\n<div class=\"wp-block-image\"><figure class=\"alignleft size-large\"><img decoding=\"async\" src=\"https:\/\/jornalfatosenoticias.com.br\/wp-content\/uploads\/2020\/02\/logo_esteio.jpg\" alt=\"\" class=\"wp-image-1214\"\/><\/figure><\/div>\n\n\n\n<p>Com mais de 16 mil casos notificados no mundo, a OMS declarou a var\u00edola dos macacos como uma Emerg\u00eancia de Sa\u00fade P\u00fablica de Import\u00e2ncia Internacional. Nesta semana, a Uni\u00e3o Europeia aprovou a vacina da empresa Bavarian Nordic. No Brasil, o imunizante ainda n\u00e3o est\u00e1 dispon\u00edvel e o pa\u00eds n\u00e3o tem doses garantidas. Por\u00e9m, quando houver, seguindo as orienta\u00e7\u00f5es da OMS, n\u00e3o haver\u00e1 vacina\u00e7\u00e3o em massa, sendo destinadas apenas \u00e0s pessoas que tiveram contato com algu\u00e9m infectado.<\/p>\n\n\n\n<p><em><span class=\"has-inline-color has-black-color\"><strong>Foto:<\/strong> Secretaria de Infraestrutura e Meio Ambiente de S\u00e3o Paulo<\/span><\/em><\/p>\n\n\n\n<div class=\"wp-block-image\"><figure class=\"aligncenter size-large is-resized\"><img loading=\"lazy\" decoding=\"async\" src=\"https:\/\/jornalfatosenoticias.com.br\/wp-content\/uploads\/2022\/07\/Assinatura-Marketing-1024x300.png\" alt=\"\" class=\"wp-image-31962\" width=\"386\" height=\"112\" srcset=\"https:\/\/jornalfatosenoticias.com.br\/wp-content\/uploads\/2022\/07\/Assinatura-Marketing-1024x300.png 1024w, https:\/\/jornalfatosenoticias.com.br\/wp-content\/uploads\/2022\/07\/Assinatura-Marketing-300x88.png 300w, https:\/\/jornalfatosenoticias.com.br\/wp-content\/uploads\/2022\/07\/Assinatura-Marketing-768x225.png 768w, https:\/\/jornalfatosenoticias.com.br\/wp-content\/uploads\/2022\/07\/Assinatura-Marketing-1536x451.png 1536w, https:\/\/jornalfatosenoticias.com.br\/wp-content\/uploads\/2022\/07\/Assinatura-Marketing-2048x601.png 2048w\" sizes=\"auto, (max-width: 386px) 100vw, 386px\" \/><\/figure><\/div>\n\n\n\n<p><strong><em>Fonte: <a href=\"https:\/\/ciclovivo.com.br\/planeta\/meio-ambiente\/primatas-nao-transmitem-a-variola-dos-macacos\/\">CicloVivo<\/a><\/em><\/strong><\/p>\n","protected":false},"excerpt":{"rendered":"<p>Apesar do nome, os macacos s\u00e3o v\u00edtimas como os humanos Com mais de 800 casos notificados no Brasil, a var\u00edola dos macacos tem causado apreens\u00e3o. Defensores ambientais e profissionais da medicina alertam que, apesar do nome, os macacos n\u00e3o s\u00e3o reservat\u00f3rios ou transmissores do v\u00edrus que causa a doen\u00e7a. Todas as transmiss\u00f5es identificadas at\u00e9 o [&hellip;]<\/p>\n","protected":false},"author":2,"featured_media":32756,"comment_status":"open","ping_status":"open","sticky":false,"template":"","format":"standard","meta":{"footnotes":""},"categories":[8],"tags":[48,1186,15394],"class_list":["post-32755","post","type-post","status-publish","format-standard","has-post-thumbnail","hentry","category-meio-ambiente","tag-macacos","tag-variola","tag-variola-dos-macacos"],"yoast_head":"<!-- This site is optimized with the Yoast SEO plugin v26.5 - https:\/\/yoast.com\/wordpress\/plugins\/seo\/ -->\n<title>Primatas n\u00e3o transmitem a \u201cvar\u00edola dos macacos\u201d - Jornal Fatos e Not\u00edcias<\/title>\n<meta name=\"robots\" content=\"index, follow, max-snippet:-1, max-image-preview:large, max-video-preview:-1\" \/>\n<link rel=\"canonical\" href=\"https:\/\/jornalfatosenoticias.com.br\/index.php\/2022\/07\/28\/primatas-nao-transmitem-a-variola-dos-macacos\/\" \/>\n<meta property=\"og:locale\" content=\"pt_BR\" \/>\n<meta property=\"og:type\" content=\"article\" \/>\n<meta property=\"og:title\" content=\"Primatas n\u00e3o transmitem a \u201cvar\u00edola dos macacos\u201d - Jornal Fatos e Not\u00edcias\" \/>\n<meta property=\"og:description\" content=\"Apesar do nome, os macacos s\u00e3o v\u00edtimas como os humanos Com mais de 800 casos notificados no Brasil, a var\u00edola dos macacos tem causado apreens\u00e3o. Defensores ambientais e profissionais da medicina alertam que, apesar do nome, os macacos n\u00e3o s\u00e3o reservat\u00f3rios ou transmissores do v\u00edrus que causa a doen\u00e7a. Todas as transmiss\u00f5es identificadas at\u00e9 o [&hellip;]\" \/>\n<meta property=\"og:url\" content=\"https:\/\/jornalfatosenoticias.com.br\/index.php\/2022\/07\/28\/primatas-nao-transmitem-a-variola-dos-macacos\/\" \/>\n<meta property=\"og:site_name\" content=\"Jornal Fatos e Not\u00edcias\" \/>\n<meta property=\"article:published_time\" content=\"2022-07-28T17:42:35+00:00\" \/>\n<meta property=\"article:modified_time\" content=\"2022-07-28T17:42:39+00:00\" \/>\n<meta property=\"og:image\" content=\"https:\/\/jornalfatosenoticias.com.br\/wp-content\/uploads\/2022\/07\/variola-macaco.jpg\" \/>\n\t<meta property=\"og:image:width\" content=\"1000\" \/>\n\t<meta property=\"og:image:height\" content=\"750\" \/>\n\t<meta property=\"og:image:type\" content=\"image\/jpeg\" \/>\n<meta name=\"author\" content=\"Luzimara Fernandes\" \/>\n<meta name=\"twitter:card\" content=\"summary_large_image\" \/>\n<meta name=\"twitter:label1\" content=\"Escrito por\" \/>\n\t<meta name=\"twitter:data1\" content=\"Luzimara Fernandes\" \/>\n\t<meta name=\"twitter:label2\" content=\"Est. tempo de leitura\" \/>\n\t<meta name=\"twitter:data2\" content=\"5 minutos\" \/>\n<script type=\"application\/ld+json\" class=\"yoast-schema-graph\">{\"@context\":\"https:\/\/schema.org\",\"@graph\":[{\"@type\":\"Article\",\"@id\":\"https:\/\/jornalfatosenoticias.com.br\/index.php\/2022\/07\/28\/primatas-nao-transmitem-a-variola-dos-macacos\/#article\",\"isPartOf\":{\"@id\":\"https:\/\/jornalfatosenoticias.com.br\/index.php\/2022\/07\/28\/primatas-nao-transmitem-a-variola-dos-macacos\/\"},\"author\":{\"name\":\"Luzimara Fernandes\",\"@id\":\"https:\/\/jornalfatosenoticias.com.br\/#\/schema\/person\/d63837fa13ac8666eb9e74e0985d6f81\"},\"headline\":\"Primatas n\u00e3o transmitem a \u201cvar\u00edola dos macacos\u201d\",\"datePublished\":\"2022-07-28T17:42:35+00:00\",\"dateModified\":\"2022-07-28T17:42:39+00:00\",\"mainEntityOfPage\":{\"@id\":\"https:\/\/jornalfatosenoticias.com.br\/index.php\/2022\/07\/28\/primatas-nao-transmitem-a-variola-dos-macacos\/\"},\"wordCount\":942,\"commentCount\":0,\"publisher\":{\"@id\":\"https:\/\/jornalfatosenoticias.com.br\/#organization\"},\"image\":{\"@id\":\"https:\/\/jornalfatosenoticias.com.br\/index.php\/2022\/07\/28\/primatas-nao-transmitem-a-variola-dos-macacos\/#primaryimage\"},\"thumbnailUrl\":\"https:\/\/jornalfatosenoticias.com.br\/wp-content\/uploads\/2022\/07\/variola-macaco.jpg\",\"keywords\":[\"macacos\",\"var\u00edola\",\"var\u00edola dos macacos\"],\"articleSection\":[\"Meio ambiente\"],\"inLanguage\":\"pt-BR\",\"potentialAction\":[{\"@type\":\"CommentAction\",\"name\":\"Comment\",\"target\":[\"https:\/\/jornalfatosenoticias.com.br\/index.php\/2022\/07\/28\/primatas-nao-transmitem-a-variola-dos-macacos\/#respond\"]}]},{\"@type\":\"WebPage\",\"@id\":\"https:\/\/jornalfatosenoticias.com.br\/index.php\/2022\/07\/28\/primatas-nao-transmitem-a-variola-dos-macacos\/\",\"url\":\"https:\/\/jornalfatosenoticias.com.br\/index.php\/2022\/07\/28\/primatas-nao-transmitem-a-variola-dos-macacos\/\",\"name\":\"Primatas n\u00e3o transmitem a \u201cvar\u00edola dos macacos\u201d - Jornal Fatos e Not\u00edcias\",\"isPartOf\":{\"@id\":\"https:\/\/jornalfatosenoticias.com.br\/#website\"},\"primaryImageOfPage\":{\"@id\":\"https:\/\/jornalfatosenoticias.com.br\/index.php\/2022\/07\/28\/primatas-nao-transmitem-a-variola-dos-macacos\/#primaryimage\"},\"image\":{\"@id\":\"https:\/\/jornalfatosenoticias.com.br\/index.php\/2022\/07\/28\/primatas-nao-transmitem-a-variola-dos-macacos\/#primaryimage\"},\"thumbnailUrl\":\"https:\/\/jornalfatosenoticias.com.br\/wp-content\/uploads\/2022\/07\/variola-macaco.jpg\",\"datePublished\":\"2022-07-28T17:42:35+00:00\",\"dateModified\":\"2022-07-28T17:42:39+00:00\",\"breadcrumb\":{\"@id\":\"https:\/\/jornalfatosenoticias.com.br\/index.php\/2022\/07\/28\/primatas-nao-transmitem-a-variola-dos-macacos\/#breadcrumb\"},\"inLanguage\":\"pt-BR\",\"potentialAction\":[{\"@type\":\"ReadAction\",\"target\":[\"https:\/\/jornalfatosenoticias.com.br\/index.php\/2022\/07\/28\/primatas-nao-transmitem-a-variola-dos-macacos\/\"]}]},{\"@type\":\"ImageObject\",\"inLanguage\":\"pt-BR\",\"@id\":\"https:\/\/jornalfatosenoticias.com.br\/index.php\/2022\/07\/28\/primatas-nao-transmitem-a-variola-dos-macacos\/#primaryimage\",\"url\":\"https:\/\/jornalfatosenoticias.com.br\/wp-content\/uploads\/2022\/07\/variola-macaco.jpg\",\"contentUrl\":\"https:\/\/jornalfatosenoticias.com.br\/wp-content\/uploads\/2022\/07\/variola-macaco.jpg\",\"width\":1000,\"height\":750},{\"@type\":\"BreadcrumbList\",\"@id\":\"https:\/\/jornalfatosenoticias.com.br\/index.php\/2022\/07\/28\/primatas-nao-transmitem-a-variola-dos-macacos\/#breadcrumb\",\"itemListElement\":[{\"@type\":\"ListItem\",\"position\":1,\"name\":\"In\u00edcio\",\"item\":\"https:\/\/jornalfatosenoticias.com.br\/\"},{\"@type\":\"ListItem\",\"position\":2,\"name\":\"Primatas n\u00e3o transmitem a \u201cvar\u00edola dos macacos\u201d\"}]},{\"@type\":\"WebSite\",\"@id\":\"https:\/\/jornalfatosenoticias.com.br\/#website\",\"url\":\"https:\/\/jornalfatosenoticias.com.br\/\",\"name\":\"Jornal Fatos e Not\u00edcias\",\"description\":\"Not\u00edcias em geral\",\"publisher\":{\"@id\":\"https:\/\/jornalfatosenoticias.com.br\/#organization\"},\"potentialAction\":[{\"@type\":\"SearchAction\",\"target\":{\"@type\":\"EntryPoint\",\"urlTemplate\":\"https:\/\/jornalfatosenoticias.com.br\/?s={search_term_string}\"},\"query-input\":{\"@type\":\"PropertyValueSpecification\",\"valueRequired\":true,\"valueName\":\"search_term_string\"}}],\"inLanguage\":\"pt-BR\"},{\"@type\":\"Organization\",\"@id\":\"https:\/\/jornalfatosenoticias.com.br\/#organization\",\"name\":\"Jornal Fatos e Not\u00edcias\",\"url\":\"https:\/\/jornalfatosenoticias.com.br\/\",\"logo\":{\"@type\":\"ImageObject\",\"inLanguage\":\"pt-BR\",\"@id\":\"https:\/\/jornalfatosenoticias.com.br\/#\/schema\/logo\/image\/\",\"url\":\"https:\/\/jornalfatosenoticias.com.br\/wp-content\/uploads\/2020\/02\/logo120.png\",\"contentUrl\":\"https:\/\/jornalfatosenoticias.com.br\/wp-content\/uploads\/2020\/02\/logo120.png\",\"width\":1227,\"height\":120,\"caption\":\"Jornal Fatos e Not\u00edcias\"},\"image\":{\"@id\":\"https:\/\/jornalfatosenoticias.com.br\/#\/schema\/logo\/image\/\"}},{\"@type\":\"Person\",\"@id\":\"https:\/\/jornalfatosenoticias.com.br\/#\/schema\/person\/d63837fa13ac8666eb9e74e0985d6f81\",\"name\":\"Luzimara Fernandes\",\"image\":{\"@type\":\"ImageObject\",\"inLanguage\":\"pt-BR\",\"@id\":\"https:\/\/jornalfatosenoticias.com.br\/#\/schema\/person\/image\/\",\"url\":\"https:\/\/jornalfatosenoticias.com.br\/wp-content\/uploads\/2025\/05\/EU_portal.jpg\",\"contentUrl\":\"https:\/\/jornalfatosenoticias.com.br\/wp-content\/uploads\/2025\/05\/EU_portal.jpg\",\"caption\":\"Luzimara Fernandes\"},\"description\":\"Jornalista MTB 2358-ES\",\"sameAs\":[\"https:\/\/jornalfatosenoticias.com.br\"],\"url\":\"https:\/\/jornalfatosenoticias.com.br\/index.php\/author\/luzimara\/\"}]}<\/script>\n<!-- \/ Yoast SEO plugin. -->","yoast_head_json":{"title":"Primatas n\u00e3o transmitem a \u201cvar\u00edola dos macacos\u201d - Jornal Fatos e Not\u00edcias","robots":{"index":"index","follow":"follow","max-snippet":"max-snippet:-1","max-image-preview":"max-image-preview:large","max-video-preview":"max-video-preview:-1"},"canonical":"https:\/\/jornalfatosenoticias.com.br\/index.php\/2022\/07\/28\/primatas-nao-transmitem-a-variola-dos-macacos\/","og_locale":"pt_BR","og_type":"article","og_title":"Primatas n\u00e3o transmitem a \u201cvar\u00edola dos macacos\u201d - Jornal Fatos e Not\u00edcias","og_description":"Apesar do nome, os macacos s\u00e3o v\u00edtimas como os humanos Com mais de 800 casos notificados no Brasil, a var\u00edola dos macacos tem causado apreens\u00e3o. Defensores ambientais e profissionais da medicina alertam que, apesar do nome, os macacos n\u00e3o s\u00e3o reservat\u00f3rios ou transmissores do v\u00edrus que causa a doen\u00e7a. Todas as transmiss\u00f5es identificadas at\u00e9 o [&hellip;]","og_url":"https:\/\/jornalfatosenoticias.com.br\/index.php\/2022\/07\/28\/primatas-nao-transmitem-a-variola-dos-macacos\/","og_site_name":"Jornal Fatos e Not\u00edcias","article_published_time":"2022-07-28T17:42:35+00:00","article_modified_time":"2022-07-28T17:42:39+00:00","og_image":[{"width":1000,"height":750,"url":"https:\/\/jornalfatosenoticias.com.br\/wp-content\/uploads\/2022\/07\/variola-macaco.jpg","type":"image\/jpeg"}],"author":"Luzimara Fernandes","twitter_card":"summary_large_image","twitter_misc":{"Escrito por":"Luzimara Fernandes","Est. tempo de leitura":"5 minutos"},"schema":{"@context":"https:\/\/schema.org","@graph":[{"@type":"Article","@id":"https:\/\/jornalfatosenoticias.com.br\/index.php\/2022\/07\/28\/primatas-nao-transmitem-a-variola-dos-macacos\/#article","isPartOf":{"@id":"https:\/\/jornalfatosenoticias.com.br\/index.php\/2022\/07\/28\/primatas-nao-transmitem-a-variola-dos-macacos\/"},"author":{"name":"Luzimara Fernandes","@id":"https:\/\/jornalfatosenoticias.com.br\/#\/schema\/person\/d63837fa13ac8666eb9e74e0985d6f81"},"headline":"Primatas n\u00e3o transmitem a \u201cvar\u00edola dos macacos\u201d","datePublished":"2022-07-28T17:42:35+00:00","dateModified":"2022-07-28T17:42:39+00:00","mainEntityOfPage":{"@id":"https:\/\/jornalfatosenoticias.com.br\/index.php\/2022\/07\/28\/primatas-nao-transmitem-a-variola-dos-macacos\/"},"wordCount":942,"commentCount":0,"publisher":{"@id":"https:\/\/jornalfatosenoticias.com.br\/#organization"},"image":{"@id":"https:\/\/jornalfatosenoticias.com.br\/index.php\/2022\/07\/28\/primatas-nao-transmitem-a-variola-dos-macacos\/#primaryimage"},"thumbnailUrl":"https:\/\/jornalfatosenoticias.com.br\/wp-content\/uploads\/2022\/07\/variola-macaco.jpg","keywords":["macacos","var\u00edola","var\u00edola dos macacos"],"articleSection":["Meio ambiente"],"inLanguage":"pt-BR","potentialAction":[{"@type":"CommentAction","name":"Comment","target":["https:\/\/jornalfatosenoticias.com.br\/index.php\/2022\/07\/28\/primatas-nao-transmitem-a-variola-dos-macacos\/#respond"]}]},{"@type":"WebPage","@id":"https:\/\/jornalfatosenoticias.com.br\/index.php\/2022\/07\/28\/primatas-nao-transmitem-a-variola-dos-macacos\/","url":"https:\/\/jornalfatosenoticias.com.br\/index.php\/2022\/07\/28\/primatas-nao-transmitem-a-variola-dos-macacos\/","name":"Primatas n\u00e3o transmitem a \u201cvar\u00edola dos macacos\u201d - Jornal Fatos e Not\u00edcias","isPartOf":{"@id":"https:\/\/jornalfatosenoticias.com.br\/#website"},"primaryImageOfPage":{"@id":"https:\/\/jornalfatosenoticias.com.br\/index.php\/2022\/07\/28\/primatas-nao-transmitem-a-variola-dos-macacos\/#primaryimage"},"image":{"@id":"https:\/\/jornalfatosenoticias.com.br\/index.php\/2022\/07\/28\/primatas-nao-transmitem-a-variola-dos-macacos\/#primaryimage"},"thumbnailUrl":"https:\/\/jornalfatosenoticias.com.br\/wp-content\/uploads\/2022\/07\/variola-macaco.jpg","datePublished":"2022-07-28T17:42:35+00:00","dateModified":"2022-07-28T17:42:39+00:00","breadcrumb":{"@id":"https:\/\/jornalfatosenoticias.com.br\/index.php\/2022\/07\/28\/primatas-nao-transmitem-a-variola-dos-macacos\/#breadcrumb"},"inLanguage":"pt-BR","potentialAction":[{"@type":"ReadAction","target":["https:\/\/jornalfatosenoticias.com.br\/index.php\/2022\/07\/28\/primatas-nao-transmitem-a-variola-dos-macacos\/"]}]},{"@type":"ImageObject","inLanguage":"pt-BR","@id":"https:\/\/jornalfatosenoticias.com.br\/index.php\/2022\/07\/28\/primatas-nao-transmitem-a-variola-dos-macacos\/#primaryimage","url":"https:\/\/jornalfatosenoticias.com.br\/wp-content\/uploads\/2022\/07\/variola-macaco.jpg","contentUrl":"https:\/\/jornalfatosenoticias.com.br\/wp-content\/uploads\/2022\/07\/variola-macaco.jpg","width":1000,"height":750},{"@type":"BreadcrumbList","@id":"https:\/\/jornalfatosenoticias.com.br\/index.php\/2022\/07\/28\/primatas-nao-transmitem-a-variola-dos-macacos\/#breadcrumb","itemListElement":[{"@type":"ListItem","position":1,"name":"In\u00edcio","item":"https:\/\/jornalfatosenoticias.com.br\/"},{"@type":"ListItem","position":2,"name":"Primatas n\u00e3o transmitem a \u201cvar\u00edola dos macacos\u201d"}]},{"@type":"WebSite","@id":"https:\/\/jornalfatosenoticias.com.br\/#website","url":"https:\/\/jornalfatosenoticias.com.br\/","name":"Jornal Fatos e Not\u00edcias","description":"Not\u00edcias em geral","publisher":{"@id":"https:\/\/jornalfatosenoticias.com.br\/#organization"},"potentialAction":[{"@type":"SearchAction","target":{"@type":"EntryPoint","urlTemplate":"https:\/\/jornalfatosenoticias.com.br\/?s={search_term_string}"},"query-input":{"@type":"PropertyValueSpecification","valueRequired":true,"valueName":"search_term_string"}}],"inLanguage":"pt-BR"},{"@type":"Organization","@id":"https:\/\/jornalfatosenoticias.com.br\/#organization","name":"Jornal Fatos e Not\u00edcias","url":"https:\/\/jornalfatosenoticias.com.br\/","logo":{"@type":"ImageObject","inLanguage":"pt-BR","@id":"https:\/\/jornalfatosenoticias.com.br\/#\/schema\/logo\/image\/","url":"https:\/\/jornalfatosenoticias.com.br\/wp-content\/uploads\/2020\/02\/logo120.png","contentUrl":"https:\/\/jornalfatosenoticias.com.br\/wp-content\/uploads\/2020\/02\/logo120.png","width":1227,"height":120,"caption":"Jornal Fatos e Not\u00edcias"},"image":{"@id":"https:\/\/jornalfatosenoticias.com.br\/#\/schema\/logo\/image\/"}},{"@type":"Person","@id":"https:\/\/jornalfatosenoticias.com.br\/#\/schema\/person\/d63837fa13ac8666eb9e74e0985d6f81","name":"Luzimara Fernandes","image":{"@type":"ImageObject","inLanguage":"pt-BR","@id":"https:\/\/jornalfatosenoticias.com.br\/#\/schema\/person\/image\/","url":"https:\/\/jornalfatosenoticias.com.br\/wp-content\/uploads\/2025\/05\/EU_portal.jpg","contentUrl":"https:\/\/jornalfatosenoticias.com.br\/wp-content\/uploads\/2025\/05\/EU_portal.jpg","caption":"Luzimara Fernandes"},"description":"Jornalista MTB 2358-ES","sameAs":["https:\/\/jornalfatosenoticias.com.br"],"url":"https:\/\/jornalfatosenoticias.com.br\/index.php\/author\/luzimara\/"}]}},"cc_featured_image_caption":{"caption_text":"","source_text":"","source_url":""},"jetpack_featured_media_url":"https:\/\/jornalfatosenoticias.com.br\/wp-content\/uploads\/2022\/07\/variola-macaco.jpg","_links":{"self":[{"href":"https:\/\/jornalfatosenoticias.com.br\/index.php\/wp-json\/wp\/v2\/posts\/32755","targetHints":{"allow":["GET"]}}],"collection":[{"href":"https:\/\/jornalfatosenoticias.com.br\/index.php\/wp-json\/wp\/v2\/posts"}],"about":[{"href":"https:\/\/jornalfatosenoticias.com.br\/index.php\/wp-json\/wp\/v2\/types\/post"}],"author":[{"embeddable":true,"href":"https:\/\/jornalfatosenoticias.com.br\/index.php\/wp-json\/wp\/v2\/users\/2"}],"replies":[{"embeddable":true,"href":"https:\/\/jornalfatosenoticias.com.br\/index.php\/wp-json\/wp\/v2\/comments?post=32755"}],"version-history":[{"count":0,"href":"https:\/\/jornalfatosenoticias.com.br\/index.php\/wp-json\/wp\/v2\/posts\/32755\/revisions"}],"wp:featuredmedia":[{"embeddable":true,"href":"https:\/\/jornalfatosenoticias.com.br\/index.php\/wp-json\/wp\/v2\/media\/32756"}],"wp:attachment":[{"href":"https:\/\/jornalfatosenoticias.com.br\/index.php\/wp-json\/wp\/v2\/media?parent=32755"}],"wp:term":[{"taxonomy":"category","embeddable":true,"href":"https:\/\/jornalfatosenoticias.com.br\/index.php\/wp-json\/wp\/v2\/categories?post=32755"},{"taxonomy":"post_tag","embeddable":true,"href":"https:\/\/jornalfatosenoticias.com.br\/index.php\/wp-json\/wp\/v2\/tags?post=32755"}],"curies":[{"name":"wp","href":"https:\/\/api.w.org\/{rel}","templated":true}]}}