{"id":32811,"date":"2022-07-29T13:55:16","date_gmt":"2022-07-29T16:55:16","guid":{"rendered":"https:\/\/jornalfatosenoticias.com.br\/?p=32811"},"modified":"2022-07-29T13:55:18","modified_gmt":"2022-07-29T16:55:18","slug":"taxa-de-desemprego-cai-para-93-no-segundo-trimestre","status":"publish","type":"post","link":"https:\/\/jornalfatosenoticias.com.br\/index.php\/2022\/07\/29\/taxa-de-desemprego-cai-para-93-no-segundo-trimestre\/","title":{"rendered":"Taxa de desemprego cai para 9,3% no segundo trimestre"},"content":{"rendered":"\n<p><em><span class=\"has-inline-color has-black-color\">Popula\u00e7\u00e3o ocupada \u00e9 a maior desde o in\u00edcio da s\u00e9rie hist\u00f3rica<\/span><\/em><\/p>\n\n\n\n<div class=\"wp-block-image\"><figure class=\"aligncenter size-large\"><img loading=\"lazy\" decoding=\"async\" width=\"1024\" height=\"100\" src=\"https:\/\/jornalfatosenoticias.com.br\/wp-content\/uploads\/2022\/05\/NOVA-LOGO-CESCONETTO-1024x100.jpg\" alt=\"\" class=\"wp-image-30792\" srcset=\"https:\/\/jornalfatosenoticias.com.br\/wp-content\/uploads\/2022\/05\/NOVA-LOGO-CESCONETTO-1024x100.jpg 1024w, https:\/\/jornalfatosenoticias.com.br\/wp-content\/uploads\/2022\/05\/NOVA-LOGO-CESCONETTO-300x29.jpg 300w, https:\/\/jornalfatosenoticias.com.br\/wp-content\/uploads\/2022\/05\/NOVA-LOGO-CESCONETTO-768x75.jpg 768w, https:\/\/jornalfatosenoticias.com.br\/wp-content\/uploads\/2022\/05\/NOVA-LOGO-CESCONETTO.jpg 1280w\" sizes=\"auto, (max-width: 1024px) 100vw, 1024px\" \/><\/figure><\/div>\n\n\n\n<p>A taxa de desemprego alcan\u00e7ou 9,3% no trimestre encerrado em junho, o que representa queda de 1,8 ponto percentual em rela\u00e7\u00e3o ao trimestre anterior. De acordo com o Instituto Brasileiro de Geografia e Estat\u00edstica (IBGE), \u00e9 o menor patamar para o per\u00edodo desde 2015, quando ficou em 8,4%.<br>O n\u00famero de desempregados caiu 15,6% no trimestre e atingiu 10,1 milh\u00f5es de pessoas, 1,9 milh\u00e3o a menos que no trimestre anterior. Os n\u00fameros est\u00e3o na Pesquisa Nacional por Amostra de Domic\u00edlios (Pnad) Cont\u00ednua, divulgada hoje (29) pelo IBGE.<br>Para a coordenadora de Pesquisas por Amostra de Domic\u00edlios do IBGE, Adriana Beringuy, o movimento de retra\u00e7\u00e3o da taxa de desocupa\u00e7\u00e3o no segundo trimestre \u00e9 semelhante ao observado em outros anos.<\/p>\n\n\n\n<div class=\"wp-block-image\"><figure class=\"aligncenter size-large is-resized\"><img loading=\"lazy\" decoding=\"async\" src=\"https:\/\/jornalfatosenoticias.com.br\/wp-content\/uploads\/2022\/07\/Assinatura-Marketing-1024x300.png\" alt=\"\" class=\"wp-image-31962\" width=\"399\" height=\"116\" srcset=\"https:\/\/jornalfatosenoticias.com.br\/wp-content\/uploads\/2022\/07\/Assinatura-Marketing-1024x300.png 1024w, https:\/\/jornalfatosenoticias.com.br\/wp-content\/uploads\/2022\/07\/Assinatura-Marketing-300x88.png 300w, https:\/\/jornalfatosenoticias.com.br\/wp-content\/uploads\/2022\/07\/Assinatura-Marketing-768x225.png 768w, https:\/\/jornalfatosenoticias.com.br\/wp-content\/uploads\/2022\/07\/Assinatura-Marketing-1536x451.png 1536w, https:\/\/jornalfatosenoticias.com.br\/wp-content\/uploads\/2022\/07\/Assinatura-Marketing-2048x601.png 2048w\" sizes=\"auto, (max-width: 399px) 100vw, 399px\" \/><\/figure><\/div>\n\n\n\n<blockquote class=\"wp-block-quote is-layout-flow wp-block-quote-is-layout-flow\"><p><span class=\"has-inline-color has-luminous-vivid-orange-color\">\u201cEm 2022, contudo, a queda mais acentuada dessa taxa foi provocada pelo avan\u00e7o significativo da popula\u00e7\u00e3o ocupada em rela\u00e7\u00e3o ao primeiro trimestre\u201d, apontou.<\/span><\/p><\/blockquote>\n\n\n\n<div class=\"wp-block-image\"><figure class=\"aligncenter size-large is-resized\"><img loading=\"lazy\" decoding=\"async\" src=\"https:\/\/jornalfatosenoticias.com.br\/wp-content\/uploads\/2020\/02\/Suinco-1024x389.jpg\" alt=\"\" class=\"wp-image-28883\" width=\"383\" height=\"145\" srcset=\"https:\/\/jornalfatosenoticias.com.br\/wp-content\/uploads\/2020\/02\/Suinco-1024x389.jpg 1024w, https:\/\/jornalfatosenoticias.com.br\/wp-content\/uploads\/2020\/02\/Suinco-300x114.jpg 300w, https:\/\/jornalfatosenoticias.com.br\/wp-content\/uploads\/2020\/02\/Suinco-768x292.jpg 768w, https:\/\/jornalfatosenoticias.com.br\/wp-content\/uploads\/2020\/02\/Suinco.jpg 1220w\" sizes=\"auto, (max-width: 383px) 100vw, 383px\" \/><\/figure><\/div>\n\n\n\n<p><strong><span class=\"has-inline-color has-black-color\">Popula\u00e7\u00e3o ocupada<br><\/span><\/strong>Os dados da pesquisa revelam que a popula\u00e7\u00e3o ocupada \u00e9 a maior desde o in\u00edcio da s\u00e9rie hist\u00f3rica da pesquisa, em 2012. O contingente foi estimado em 98,3 milh\u00f5es, o que equivale a alta de 3,1% se comparado ao trimestre anterior. Ao todo, representa tr\u00eas milh\u00f5es de pessoas a mais no mercado de trabalho. Entre eles 1,1 milh\u00e3o est\u00e3o na informalidade.<\/p>\n\n\n\n<div class=\"wp-block-image\"><figure class=\"aligncenter size-large is-resized\"><img loading=\"lazy\" decoding=\"async\" src=\"https:\/\/jornalfatosenoticias.com.br\/wp-content\/uploads\/2022\/07\/Logo-Grupo-SEI.jpg\" alt=\"\" class=\"wp-image-31973\" width=\"326\" height=\"171\" srcset=\"https:\/\/jornalfatosenoticias.com.br\/wp-content\/uploads\/2022\/07\/Logo-Grupo-SEI.jpg 713w, https:\/\/jornalfatosenoticias.com.br\/wp-content\/uploads\/2022\/07\/Logo-Grupo-SEI-300x158.jpg 300w\" sizes=\"auto, (max-width: 326px) 100vw, 326px\" \/><\/figure><\/div>\n\n\n\n<blockquote class=\"wp-block-quote is-layout-flow wp-block-quote-is-layout-flow\"><p><span class=\"has-inline-color has-luminous-vivid-orange-color\">\u201cNa compara\u00e7\u00e3o com o mesmo per\u00edodo do ano passado, o aumento \u00e9 de 8,9 milh\u00f5es de trabalhadores. Com o crescimento, o n\u00edvel da ocupa\u00e7\u00e3o \u2014 percentual de ocupados na popula\u00e7\u00e3o em idade para trabalhar \u2014 foi estimado em 56,8%, avan\u00e7ando 1,6 ponto percentual. frente ao trimestre anterior\u201d, completou o IBGE.<\/span><\/p><\/blockquote>\n\n\n\n<div class=\"wp-block-image\"><figure class=\"alignright size-large is-resized\"><img loading=\"lazy\" decoding=\"async\" src=\"https:\/\/jornalfatosenoticias.com.br\/wp-content\/uploads\/2022\/02\/Precisao-Contabilidade-1024x724.jpg\" alt=\"\" class=\"wp-image-28088\" width=\"277\" height=\"195\"\/><\/figure><\/div>\n\n\n\n<p>O n\u00famero de trabalhadores informais foi estimado em 39,3 milh\u00f5es e tamb\u00e9m \u00e9 o maior da s\u00e9rie hist\u00f3rica do indicador, que come\u00e7ou em 2016. Em rela\u00e7\u00e3o ao trimestre anterior, significa avan\u00e7o de 2,8% (1,1 milh\u00e3o de pessoas). Fazem parte dessa popula\u00e7\u00e3o os trabalhadores sem carteira assinada, empregadores e conta pr\u00f3pria sem CNPJ, al\u00e9m de trabalhadores familiares auxiliares.<br>A taxa de informalidade ficou em 40% no trimestre encerrado em junho. Segundo Adriana Beringuy, entre outros fatores, os n\u00fameros sofreram influ\u00eancia, nesse segundo trimestre, da retomada do crescimento do n\u00famero de trabalhadores por conta pr\u00f3pria sem CNPJ, que havia ca\u00eddo no primeiro trimestre.<\/p>\n\n\n\n<div class=\"wp-block-image\"><figure class=\"aligncenter size-large is-resized\"><img loading=\"lazy\" decoding=\"async\" src=\"https:\/\/jornalfatosenoticias.com.br\/wp-content\/uploads\/2020\/02\/Serra-Grande-1024x160.png\" alt=\"\" class=\"wp-image-7836\" width=\"453\" height=\"70\"\/><\/figure><\/div>\n\n\n\n<blockquote class=\"wp-block-quote is-layout-flow wp-block-quote-is-layout-flow\"><p><span class=\"has-inline-color has-luminous-vivid-orange-color\">\u201cAl\u00e9m disso, outras categorias principais da informalidade, que s\u00e3o os empregados sem carteira no setor privado e os trabalhadores dom\u00e9sticos sem carteira, continuaram aumentando\u201d, informou.<\/span><\/p><\/blockquote>\n\n\n\n<div class=\"wp-block-image\"><figure class=\"alignleft size-large is-resized\"><img loading=\"lazy\" decoding=\"async\" src=\"https:\/\/jornalfatosenoticias.com.br\/wp-content\/uploads\/2020\/02\/nova-logo-Marquetti.jpg\" alt=\"\" class=\"wp-image-22331\" width=\"282\" height=\"189\" srcset=\"https:\/\/jornalfatosenoticias.com.br\/wp-content\/uploads\/2020\/02\/nova-logo-Marquetti.jpg 643w, https:\/\/jornalfatosenoticias.com.br\/wp-content\/uploads\/2020\/02\/nova-logo-Marquetti-300x202.jpg 300w\" sizes=\"auto, (max-width: 282px) 100vw, 282px\" \/><\/figure><\/div>\n\n\n\n<p><strong><span class=\"has-inline-color has-black-color\">Conta pr\u00f3pria<br><\/span><\/strong>O n\u00famero de trabalhadores por conta pr\u00f3pria, somados os formais e os informais, foi estimado em 25,7 milh\u00f5es. Esse \u00e9 o maior contingente para um trimestre encerrado em junho desde 2012. Frente ao trimestre anterior houve alta de 1,7% (431 mil pessoas) e de 4,3% (1,1 milh\u00e3o de pessoas) em rela\u00e7\u00e3o ao mesmo per\u00edodo do ano passado.<br>Entre os empregados sem carteira assinada no setor privado houve crescimento de 6,8% ou mais 827 mil pessoas, se comparado ao \u00faltimo trimestre. \u201cCom isso, o contingente tamb\u00e9m foi o maior da s\u00e9rie, ao ser estimado em 13 milh\u00f5es de pessoas&#8221;, informou o IBGE.<\/p>\n\n\n\n<div class=\"wp-block-image\"><figure class=\"aligncenter size-large\"><img loading=\"lazy\" decoding=\"async\" width=\"1024\" height=\"103\" src=\"https:\/\/jornalfatosenoticias.com.br\/wp-content\/uploads\/2022\/02\/Arte-Autoescola-Galatas_endereco_portal-1024x103.png\" alt=\"\" class=\"wp-image-27869\" srcset=\"https:\/\/jornalfatosenoticias.com.br\/wp-content\/uploads\/2022\/02\/Arte-Autoescola-Galatas_endereco_portal-1024x103.png 1024w, https:\/\/jornalfatosenoticias.com.br\/wp-content\/uploads\/2022\/02\/Arte-Autoescola-Galatas_endereco_portal-300x30.png 300w, https:\/\/jornalfatosenoticias.com.br\/wp-content\/uploads\/2022\/02\/Arte-Autoescola-Galatas_endereco_portal-768x77.png 768w, https:\/\/jornalfatosenoticias.com.br\/wp-content\/uploads\/2022\/02\/Arte-Autoescola-Galatas_endereco_portal.png 1223w\" sizes=\"auto, (max-width: 1024px) 100vw, 1024px\" \/><\/figure><\/div>\n\n\n\n<p>O n\u00famero de trabalhadores dom\u00e9sticos sem carteira cresceu 4,3% no per\u00edodo, o equivalente a 180 mil pessoas. Com a alta, essa categoria passou a ser formada por 4,4 milh\u00f5es de trabalhadores\u201d. A pesquisa mostrou ainda que o crescimento no n\u00famero de informais est\u00e1 relacionado a algumas atividades do setor de servi\u00e7os, impactadas pelas medidas de isolamento social durante a pandemia.<br>De acordo com a coordenadora, \u00e9 poss\u00edvel observar que parte importante dos servi\u00e7os, como os prestados \u00e0s fam\u00edlias, tem grande participa\u00e7\u00e3o de trabalhadores informais e est\u00e1 influenciando essa rea\u00e7\u00e3o da ocupa\u00e7\u00e3o. \u201cIsso tamb\u00e9m tem ocorrido na constru\u00e7\u00e3o, setor com parcela significativa de informais. Ent\u00e3o, a informalidade tem um papel importante no crescimento da ocupa\u00e7\u00e3o\u201d, completou.<\/p>\n\n\n\n<div class=\"wp-block-image\"><figure class=\"alignright size-large\"><img decoding=\"async\" src=\"https:\/\/jornalfatosenoticias.com.br\/wp-content\/uploads\/2020\/02\/logo_esteio.jpg\" alt=\"\" class=\"wp-image-1214\"\/><\/figure><\/div>\n\n\n\n<p>No mercado de trabalho formal, a maior eleva\u00e7\u00e3o em termos absolutos ocorre nos empregados com carteira assinada no setor privado. A categoria cresceu 2,6% no trimestre, um acr\u00e9scimo de 908 mil pessoas. No ano, o aumento \u00e9 de 3,7 milh\u00f5es de trabalhadores ou 11,5%.<br>J\u00e1 o n\u00famero de empregadores com CNPJ ficou est\u00e1vel se comparado ao \u00faltimo trimestre. Na compara\u00e7\u00e3o anual, subiu 12,7%. Dos 4,2 milh\u00f5es de empregadores, 3,4 milh\u00f5es ou 81% s\u00e3o formais.<\/p>\n\n\n\n<div class=\"wp-block-image\"><figure class=\"aligncenter size-large\"><img loading=\"lazy\" decoding=\"async\" width=\"729\" height=\"90\" src=\"https:\/\/jornalfatosenoticias.com.br\/wp-content\/uploads\/2020\/02\/Logo_Mizu.png\" alt=\"\" class=\"wp-image-1441\" srcset=\"https:\/\/jornalfatosenoticias.com.br\/wp-content\/uploads\/2020\/02\/Logo_Mizu.png 729w, https:\/\/jornalfatosenoticias.com.br\/wp-content\/uploads\/2020\/02\/Logo_Mizu-300x37.png 300w\" sizes=\"auto, (max-width: 729px) 100vw, 729px\" \/><\/figure><\/div>\n\n\n\n<p><strong><span class=\"has-inline-color has-black-color\">Rendimento<br><\/span><\/strong>O IBGE estimou o rendimento m\u00e9dio real habitual em R$ 2.652. O valor representa estabilidade na compara\u00e7\u00e3o com o primeiro trimestre. No ano, apresentou queda de 5,1%. Em movimento contr\u00e1rio, a massa de rendimento, que \u00e9 a soma dos rendimentos pagos a pessoas ocupadas, atingiu R$ 255,7 bilh\u00f5es, um aumento de 4,4%, na compara\u00e7\u00e3o com o trimestre anterior e de 4,8% em rela\u00e7\u00e3o ao mesmo per\u00edodo do ano passado.<\/p>\n\n\n\n<div class=\"wp-block-image\"><figure class=\"alignleft size-large is-resized\"><img loading=\"lazy\" decoding=\"async\" src=\"https:\/\/jornalfatosenoticias.com.br\/wp-content\/uploads\/2022\/02\/Serra-Pack-459.png\" alt=\"\" class=\"wp-image-27471\" width=\"333\" height=\"133\"\/><\/figure><\/div>\n\n\n\n<p>Na vis\u00e3o da coordenadora, os resultados refletem a expans\u00e3o da ocupa\u00e7\u00e3o no trimestre. \u201cEmbora n\u00e3o haja aumento no rendimento m\u00e9dio dos trabalhadores, houve crescimento da massa de rendimento porque o n\u00famero de pessoas trabalhando \u00e9 bastante elevado\u201d, relatou.<\/p>\n\n\n\n<p><strong><em>Fonte: <a href=\"https:\/\/agenciabrasil.ebc.com.br\/economia\/noticia\/2022-07\/taxa-de-desemprego-cai-para-93-no-segundo-trimestre\">Ag\u00eancia Brasil<\/a><\/em><\/strong><\/p>\n","protected":false},"excerpt":{"rendered":"<p>Popula\u00e7\u00e3o ocupada \u00e9 a maior desde o in\u00edcio da s\u00e9rie hist\u00f3rica A taxa de desemprego alcan\u00e7ou 9,3% no trimestre encerrado em junho, o que representa queda de 1,8 ponto percentual em rela\u00e7\u00e3o ao trimestre anterior. De acordo com o Instituto Brasileiro de Geografia e Estat\u00edstica (IBGE), \u00e9 o menor patamar para o per\u00edodo desde 2015, [&hellip;]<\/p>\n","protected":false},"author":2,"featured_media":32812,"comment_status":"open","ping_status":"open","sticky":false,"template":"","format":"standard","meta":{"footnotes":""},"categories":[9],"tags":[1971,1281,388,15460,1284,15461,3307],"class_list":["post-32811","post","type-post","status-publish","format-standard","has-post-thumbnail","hentry","category-economia","tag-desemprego","tag-ibge","tag-mercado-de-trabalho","tag-ocupacao","tag-pnad-continua","tag-taxa-de-desemprego","tag-taxa-de-ocupacao"],"yoast_head":"<!-- This site is optimized with the Yoast SEO plugin v26.5 - https:\/\/yoast.com\/wordpress\/plugins\/seo\/ -->\n<title>Taxa de desemprego cai para 9,3% no segundo trimestre - Jornal Fatos e Not\u00edcias<\/title>\n<meta name=\"robots\" content=\"index, follow, max-snippet:-1, max-image-preview:large, max-video-preview:-1\" \/>\n<link rel=\"canonical\" href=\"https:\/\/jornalfatosenoticias.com.br\/index.php\/2022\/07\/29\/taxa-de-desemprego-cai-para-93-no-segundo-trimestre\/\" \/>\n<meta property=\"og:locale\" content=\"pt_BR\" \/>\n<meta property=\"og:type\" content=\"article\" \/>\n<meta property=\"og:title\" content=\"Taxa de desemprego cai para 9,3% no segundo trimestre - Jornal Fatos e Not\u00edcias\" \/>\n<meta property=\"og:description\" content=\"Popula\u00e7\u00e3o ocupada \u00e9 a maior desde o in\u00edcio da s\u00e9rie hist\u00f3rica A taxa de desemprego alcan\u00e7ou 9,3% no trimestre encerrado em junho, o que representa queda de 1,8 ponto percentual em rela\u00e7\u00e3o ao trimestre anterior. De acordo com o Instituto Brasileiro de Geografia e Estat\u00edstica (IBGE), \u00e9 o menor patamar para o per\u00edodo desde 2015, [&hellip;]\" \/>\n<meta property=\"og:url\" content=\"https:\/\/jornalfatosenoticias.com.br\/index.php\/2022\/07\/29\/taxa-de-desemprego-cai-para-93-no-segundo-trimestre\/\" \/>\n<meta property=\"og:site_name\" content=\"Jornal Fatos e Not\u00edcias\" \/>\n<meta property=\"article:published_time\" content=\"2022-07-29T16:55:16+00:00\" \/>\n<meta property=\"article:modified_time\" content=\"2022-07-29T16:55:18+00:00\" \/>\n<meta property=\"og:image\" content=\"https:\/\/jornalfatosenoticias.com.br\/wp-content\/uploads\/2022\/07\/TAXA-DE-DESEMPREGO.jpg\" \/>\n\t<meta property=\"og:image:width\" content=\"1000\" \/>\n\t<meta property=\"og:image:height\" content=\"598\" \/>\n\t<meta property=\"og:image:type\" content=\"image\/jpeg\" \/>\n<meta name=\"author\" content=\"Luzimara Fernandes\" \/>\n<meta name=\"twitter:card\" content=\"summary_large_image\" \/>\n<meta name=\"twitter:label1\" content=\"Escrito por\" \/>\n\t<meta name=\"twitter:data1\" content=\"Luzimara Fernandes\" \/>\n\t<meta name=\"twitter:label2\" content=\"Est. tempo de leitura\" \/>\n\t<meta name=\"twitter:data2\" content=\"4 minutos\" \/>\n<script type=\"application\/ld+json\" class=\"yoast-schema-graph\">{\"@context\":\"https:\/\/schema.org\",\"@graph\":[{\"@type\":\"Article\",\"@id\":\"https:\/\/jornalfatosenoticias.com.br\/index.php\/2022\/07\/29\/taxa-de-desemprego-cai-para-93-no-segundo-trimestre\/#article\",\"isPartOf\":{\"@id\":\"https:\/\/jornalfatosenoticias.com.br\/index.php\/2022\/07\/29\/taxa-de-desemprego-cai-para-93-no-segundo-trimestre\/\"},\"author\":{\"name\":\"Luzimara Fernandes\",\"@id\":\"https:\/\/jornalfatosenoticias.com.br\/#\/schema\/person\/d63837fa13ac8666eb9e74e0985d6f81\"},\"headline\":\"Taxa de desemprego cai para 9,3% no segundo trimestre\",\"datePublished\":\"2022-07-29T16:55:16+00:00\",\"dateModified\":\"2022-07-29T16:55:18+00:00\",\"mainEntityOfPage\":{\"@id\":\"https:\/\/jornalfatosenoticias.com.br\/index.php\/2022\/07\/29\/taxa-de-desemprego-cai-para-93-no-segundo-trimestre\/\"},\"wordCount\":850,\"commentCount\":0,\"publisher\":{\"@id\":\"https:\/\/jornalfatosenoticias.com.br\/#organization\"},\"image\":{\"@id\":\"https:\/\/jornalfatosenoticias.com.br\/index.php\/2022\/07\/29\/taxa-de-desemprego-cai-para-93-no-segundo-trimestre\/#primaryimage\"},\"thumbnailUrl\":\"https:\/\/jornalfatosenoticias.com.br\/wp-content\/uploads\/2022\/07\/TAXA-DE-DESEMPREGO.jpg\",\"keywords\":[\"desemprego\",\"IBGE\",\"mercado de trabalho\",\"ocupa\u00e7\u00e3o\",\"Pnad Cont\u00ednua\",\"taxa de desemprego\",\"taxa de ocupa\u00e7\u00e3o\"],\"articleSection\":[\"Economia\"],\"inLanguage\":\"pt-BR\",\"potentialAction\":[{\"@type\":\"CommentAction\",\"name\":\"Comment\",\"target\":[\"https:\/\/jornalfatosenoticias.com.br\/index.php\/2022\/07\/29\/taxa-de-desemprego-cai-para-93-no-segundo-trimestre\/#respond\"]}]},{\"@type\":\"WebPage\",\"@id\":\"https:\/\/jornalfatosenoticias.com.br\/index.php\/2022\/07\/29\/taxa-de-desemprego-cai-para-93-no-segundo-trimestre\/\",\"url\":\"https:\/\/jornalfatosenoticias.com.br\/index.php\/2022\/07\/29\/taxa-de-desemprego-cai-para-93-no-segundo-trimestre\/\",\"name\":\"Taxa de desemprego cai para 9,3% no segundo trimestre - Jornal Fatos e Not\u00edcias\",\"isPartOf\":{\"@id\":\"https:\/\/jornalfatosenoticias.com.br\/#website\"},\"primaryImageOfPage\":{\"@id\":\"https:\/\/jornalfatosenoticias.com.br\/index.php\/2022\/07\/29\/taxa-de-desemprego-cai-para-93-no-segundo-trimestre\/#primaryimage\"},\"image\":{\"@id\":\"https:\/\/jornalfatosenoticias.com.br\/index.php\/2022\/07\/29\/taxa-de-desemprego-cai-para-93-no-segundo-trimestre\/#primaryimage\"},\"thumbnailUrl\":\"https:\/\/jornalfatosenoticias.com.br\/wp-content\/uploads\/2022\/07\/TAXA-DE-DESEMPREGO.jpg\",\"datePublished\":\"2022-07-29T16:55:16+00:00\",\"dateModified\":\"2022-07-29T16:55:18+00:00\",\"breadcrumb\":{\"@id\":\"https:\/\/jornalfatosenoticias.com.br\/index.php\/2022\/07\/29\/taxa-de-desemprego-cai-para-93-no-segundo-trimestre\/#breadcrumb\"},\"inLanguage\":\"pt-BR\",\"potentialAction\":[{\"@type\":\"ReadAction\",\"target\":[\"https:\/\/jornalfatosenoticias.com.br\/index.php\/2022\/07\/29\/taxa-de-desemprego-cai-para-93-no-segundo-trimestre\/\"]}]},{\"@type\":\"ImageObject\",\"inLanguage\":\"pt-BR\",\"@id\":\"https:\/\/jornalfatosenoticias.com.br\/index.php\/2022\/07\/29\/taxa-de-desemprego-cai-para-93-no-segundo-trimestre\/#primaryimage\",\"url\":\"https:\/\/jornalfatosenoticias.com.br\/wp-content\/uploads\/2022\/07\/TAXA-DE-DESEMPREGO.jpg\",\"contentUrl\":\"https:\/\/jornalfatosenoticias.com.br\/wp-content\/uploads\/2022\/07\/TAXA-DE-DESEMPREGO.jpg\",\"width\":1000,\"height\":598,\"caption\":\"Libera\u00e7\u00e3o do uso de m\u00e1scara em S\u00e3o Paulo\"},{\"@type\":\"BreadcrumbList\",\"@id\":\"https:\/\/jornalfatosenoticias.com.br\/index.php\/2022\/07\/29\/taxa-de-desemprego-cai-para-93-no-segundo-trimestre\/#breadcrumb\",\"itemListElement\":[{\"@type\":\"ListItem\",\"position\":1,\"name\":\"In\u00edcio\",\"item\":\"https:\/\/jornalfatosenoticias.com.br\/\"},{\"@type\":\"ListItem\",\"position\":2,\"name\":\"Taxa de desemprego cai para 9,3% no segundo trimestre\"}]},{\"@type\":\"WebSite\",\"@id\":\"https:\/\/jornalfatosenoticias.com.br\/#website\",\"url\":\"https:\/\/jornalfatosenoticias.com.br\/\",\"name\":\"Jornal Fatos e Not\u00edcias\",\"description\":\"Not\u00edcias em geral\",\"publisher\":{\"@id\":\"https:\/\/jornalfatosenoticias.com.br\/#organization\"},\"potentialAction\":[{\"@type\":\"SearchAction\",\"target\":{\"@type\":\"EntryPoint\",\"urlTemplate\":\"https:\/\/jornalfatosenoticias.com.br\/?s={search_term_string}\"},\"query-input\":{\"@type\":\"PropertyValueSpecification\",\"valueRequired\":true,\"valueName\":\"search_term_string\"}}],\"inLanguage\":\"pt-BR\"},{\"@type\":\"Organization\",\"@id\":\"https:\/\/jornalfatosenoticias.com.br\/#organization\",\"name\":\"Jornal Fatos e Not\u00edcias\",\"url\":\"https:\/\/jornalfatosenoticias.com.br\/\",\"logo\":{\"@type\":\"ImageObject\",\"inLanguage\":\"pt-BR\",\"@id\":\"https:\/\/jornalfatosenoticias.com.br\/#\/schema\/logo\/image\/\",\"url\":\"https:\/\/jornalfatosenoticias.com.br\/wp-content\/uploads\/2020\/02\/logo120.png\",\"contentUrl\":\"https:\/\/jornalfatosenoticias.com.br\/wp-content\/uploads\/2020\/02\/logo120.png\",\"width\":1227,\"height\":120,\"caption\":\"Jornal Fatos e Not\u00edcias\"},\"image\":{\"@id\":\"https:\/\/jornalfatosenoticias.com.br\/#\/schema\/logo\/image\/\"}},{\"@type\":\"Person\",\"@id\":\"https:\/\/jornalfatosenoticias.com.br\/#\/schema\/person\/d63837fa13ac8666eb9e74e0985d6f81\",\"name\":\"Luzimara Fernandes\",\"image\":{\"@type\":\"ImageObject\",\"inLanguage\":\"pt-BR\",\"@id\":\"https:\/\/jornalfatosenoticias.com.br\/#\/schema\/person\/image\/\",\"url\":\"https:\/\/jornalfatosenoticias.com.br\/wp-content\/uploads\/2025\/05\/EU_portal.jpg\",\"contentUrl\":\"https:\/\/jornalfatosenoticias.com.br\/wp-content\/uploads\/2025\/05\/EU_portal.jpg\",\"caption\":\"Luzimara Fernandes\"},\"description\":\"Jornalista MTB 2358-ES\",\"sameAs\":[\"https:\/\/jornalfatosenoticias.com.br\"],\"url\":\"https:\/\/jornalfatosenoticias.com.br\/index.php\/author\/luzimara\/\"}]}<\/script>\n<!-- \/ Yoast SEO plugin. -->","yoast_head_json":{"title":"Taxa de desemprego cai para 9,3% no segundo trimestre - Jornal Fatos e Not\u00edcias","robots":{"index":"index","follow":"follow","max-snippet":"max-snippet:-1","max-image-preview":"max-image-preview:large","max-video-preview":"max-video-preview:-1"},"canonical":"https:\/\/jornalfatosenoticias.com.br\/index.php\/2022\/07\/29\/taxa-de-desemprego-cai-para-93-no-segundo-trimestre\/","og_locale":"pt_BR","og_type":"article","og_title":"Taxa de desemprego cai para 9,3% no segundo trimestre - Jornal Fatos e Not\u00edcias","og_description":"Popula\u00e7\u00e3o ocupada \u00e9 a maior desde o in\u00edcio da s\u00e9rie hist\u00f3rica A taxa de desemprego alcan\u00e7ou 9,3% no trimestre encerrado em junho, o que representa queda de 1,8 ponto percentual em rela\u00e7\u00e3o ao trimestre anterior. De acordo com o Instituto Brasileiro de Geografia e Estat\u00edstica (IBGE), \u00e9 o menor patamar para o per\u00edodo desde 2015, [&hellip;]","og_url":"https:\/\/jornalfatosenoticias.com.br\/index.php\/2022\/07\/29\/taxa-de-desemprego-cai-para-93-no-segundo-trimestre\/","og_site_name":"Jornal Fatos e Not\u00edcias","article_published_time":"2022-07-29T16:55:16+00:00","article_modified_time":"2022-07-29T16:55:18+00:00","og_image":[{"width":1000,"height":598,"url":"https:\/\/jornalfatosenoticias.com.br\/wp-content\/uploads\/2022\/07\/TAXA-DE-DESEMPREGO.jpg","type":"image\/jpeg"}],"author":"Luzimara Fernandes","twitter_card":"summary_large_image","twitter_misc":{"Escrito por":"Luzimara Fernandes","Est. tempo de leitura":"4 minutos"},"schema":{"@context":"https:\/\/schema.org","@graph":[{"@type":"Article","@id":"https:\/\/jornalfatosenoticias.com.br\/index.php\/2022\/07\/29\/taxa-de-desemprego-cai-para-93-no-segundo-trimestre\/#article","isPartOf":{"@id":"https:\/\/jornalfatosenoticias.com.br\/index.php\/2022\/07\/29\/taxa-de-desemprego-cai-para-93-no-segundo-trimestre\/"},"author":{"name":"Luzimara Fernandes","@id":"https:\/\/jornalfatosenoticias.com.br\/#\/schema\/person\/d63837fa13ac8666eb9e74e0985d6f81"},"headline":"Taxa de desemprego cai para 9,3% no segundo trimestre","datePublished":"2022-07-29T16:55:16+00:00","dateModified":"2022-07-29T16:55:18+00:00","mainEntityOfPage":{"@id":"https:\/\/jornalfatosenoticias.com.br\/index.php\/2022\/07\/29\/taxa-de-desemprego-cai-para-93-no-segundo-trimestre\/"},"wordCount":850,"commentCount":0,"publisher":{"@id":"https:\/\/jornalfatosenoticias.com.br\/#organization"},"image":{"@id":"https:\/\/jornalfatosenoticias.com.br\/index.php\/2022\/07\/29\/taxa-de-desemprego-cai-para-93-no-segundo-trimestre\/#primaryimage"},"thumbnailUrl":"https:\/\/jornalfatosenoticias.com.br\/wp-content\/uploads\/2022\/07\/TAXA-DE-DESEMPREGO.jpg","keywords":["desemprego","IBGE","mercado de trabalho","ocupa\u00e7\u00e3o","Pnad Cont\u00ednua","taxa de desemprego","taxa de ocupa\u00e7\u00e3o"],"articleSection":["Economia"],"inLanguage":"pt-BR","potentialAction":[{"@type":"CommentAction","name":"Comment","target":["https:\/\/jornalfatosenoticias.com.br\/index.php\/2022\/07\/29\/taxa-de-desemprego-cai-para-93-no-segundo-trimestre\/#respond"]}]},{"@type":"WebPage","@id":"https:\/\/jornalfatosenoticias.com.br\/index.php\/2022\/07\/29\/taxa-de-desemprego-cai-para-93-no-segundo-trimestre\/","url":"https:\/\/jornalfatosenoticias.com.br\/index.php\/2022\/07\/29\/taxa-de-desemprego-cai-para-93-no-segundo-trimestre\/","name":"Taxa de desemprego cai para 9,3% no segundo trimestre - Jornal Fatos e Not\u00edcias","isPartOf":{"@id":"https:\/\/jornalfatosenoticias.com.br\/#website"},"primaryImageOfPage":{"@id":"https:\/\/jornalfatosenoticias.com.br\/index.php\/2022\/07\/29\/taxa-de-desemprego-cai-para-93-no-segundo-trimestre\/#primaryimage"},"image":{"@id":"https:\/\/jornalfatosenoticias.com.br\/index.php\/2022\/07\/29\/taxa-de-desemprego-cai-para-93-no-segundo-trimestre\/#primaryimage"},"thumbnailUrl":"https:\/\/jornalfatosenoticias.com.br\/wp-content\/uploads\/2022\/07\/TAXA-DE-DESEMPREGO.jpg","datePublished":"2022-07-29T16:55:16+00:00","dateModified":"2022-07-29T16:55:18+00:00","breadcrumb":{"@id":"https:\/\/jornalfatosenoticias.com.br\/index.php\/2022\/07\/29\/taxa-de-desemprego-cai-para-93-no-segundo-trimestre\/#breadcrumb"},"inLanguage":"pt-BR","potentialAction":[{"@type":"ReadAction","target":["https:\/\/jornalfatosenoticias.com.br\/index.php\/2022\/07\/29\/taxa-de-desemprego-cai-para-93-no-segundo-trimestre\/"]}]},{"@type":"ImageObject","inLanguage":"pt-BR","@id":"https:\/\/jornalfatosenoticias.com.br\/index.php\/2022\/07\/29\/taxa-de-desemprego-cai-para-93-no-segundo-trimestre\/#primaryimage","url":"https:\/\/jornalfatosenoticias.com.br\/wp-content\/uploads\/2022\/07\/TAXA-DE-DESEMPREGO.jpg","contentUrl":"https:\/\/jornalfatosenoticias.com.br\/wp-content\/uploads\/2022\/07\/TAXA-DE-DESEMPREGO.jpg","width":1000,"height":598,"caption":"Libera\u00e7\u00e3o do uso de m\u00e1scara em S\u00e3o Paulo"},{"@type":"BreadcrumbList","@id":"https:\/\/jornalfatosenoticias.com.br\/index.php\/2022\/07\/29\/taxa-de-desemprego-cai-para-93-no-segundo-trimestre\/#breadcrumb","itemListElement":[{"@type":"ListItem","position":1,"name":"In\u00edcio","item":"https:\/\/jornalfatosenoticias.com.br\/"},{"@type":"ListItem","position":2,"name":"Taxa de desemprego cai para 9,3% no segundo trimestre"}]},{"@type":"WebSite","@id":"https:\/\/jornalfatosenoticias.com.br\/#website","url":"https:\/\/jornalfatosenoticias.com.br\/","name":"Jornal Fatos e Not\u00edcias","description":"Not\u00edcias em geral","publisher":{"@id":"https:\/\/jornalfatosenoticias.com.br\/#organization"},"potentialAction":[{"@type":"SearchAction","target":{"@type":"EntryPoint","urlTemplate":"https:\/\/jornalfatosenoticias.com.br\/?s={search_term_string}"},"query-input":{"@type":"PropertyValueSpecification","valueRequired":true,"valueName":"search_term_string"}}],"inLanguage":"pt-BR"},{"@type":"Organization","@id":"https:\/\/jornalfatosenoticias.com.br\/#organization","name":"Jornal Fatos e Not\u00edcias","url":"https:\/\/jornalfatosenoticias.com.br\/","logo":{"@type":"ImageObject","inLanguage":"pt-BR","@id":"https:\/\/jornalfatosenoticias.com.br\/#\/schema\/logo\/image\/","url":"https:\/\/jornalfatosenoticias.com.br\/wp-content\/uploads\/2020\/02\/logo120.png","contentUrl":"https:\/\/jornalfatosenoticias.com.br\/wp-content\/uploads\/2020\/02\/logo120.png","width":1227,"height":120,"caption":"Jornal Fatos e Not\u00edcias"},"image":{"@id":"https:\/\/jornalfatosenoticias.com.br\/#\/schema\/logo\/image\/"}},{"@type":"Person","@id":"https:\/\/jornalfatosenoticias.com.br\/#\/schema\/person\/d63837fa13ac8666eb9e74e0985d6f81","name":"Luzimara Fernandes","image":{"@type":"ImageObject","inLanguage":"pt-BR","@id":"https:\/\/jornalfatosenoticias.com.br\/#\/schema\/person\/image\/","url":"https:\/\/jornalfatosenoticias.com.br\/wp-content\/uploads\/2025\/05\/EU_portal.jpg","contentUrl":"https:\/\/jornalfatosenoticias.com.br\/wp-content\/uploads\/2025\/05\/EU_portal.jpg","caption":"Luzimara Fernandes"},"description":"Jornalista MTB 2358-ES","sameAs":["https:\/\/jornalfatosenoticias.com.br"],"url":"https:\/\/jornalfatosenoticias.com.br\/index.php\/author\/luzimara\/"}]}},"cc_featured_image_caption":{"caption_text":"(Foto: Rovena Rosa\/Ag\u00eancia Brasil) ","source_text":"","source_url":""},"jetpack_featured_media_url":"https:\/\/jornalfatosenoticias.com.br\/wp-content\/uploads\/2022\/07\/TAXA-DE-DESEMPREGO.jpg","_links":{"self":[{"href":"https:\/\/jornalfatosenoticias.com.br\/index.php\/wp-json\/wp\/v2\/posts\/32811","targetHints":{"allow":["GET"]}}],"collection":[{"href":"https:\/\/jornalfatosenoticias.com.br\/index.php\/wp-json\/wp\/v2\/posts"}],"about":[{"href":"https:\/\/jornalfatosenoticias.com.br\/index.php\/wp-json\/wp\/v2\/types\/post"}],"author":[{"embeddable":true,"href":"https:\/\/jornalfatosenoticias.com.br\/index.php\/wp-json\/wp\/v2\/users\/2"}],"replies":[{"embeddable":true,"href":"https:\/\/jornalfatosenoticias.com.br\/index.php\/wp-json\/wp\/v2\/comments?post=32811"}],"version-history":[{"count":0,"href":"https:\/\/jornalfatosenoticias.com.br\/index.php\/wp-json\/wp\/v2\/posts\/32811\/revisions"}],"wp:featuredmedia":[{"embeddable":true,"href":"https:\/\/jornalfatosenoticias.com.br\/index.php\/wp-json\/wp\/v2\/media\/32812"}],"wp:attachment":[{"href":"https:\/\/jornalfatosenoticias.com.br\/index.php\/wp-json\/wp\/v2\/media?parent=32811"}],"wp:term":[{"taxonomy":"category","embeddable":true,"href":"https:\/\/jornalfatosenoticias.com.br\/index.php\/wp-json\/wp\/v2\/categories?post=32811"},{"taxonomy":"post_tag","embeddable":true,"href":"https:\/\/jornalfatosenoticias.com.br\/index.php\/wp-json\/wp\/v2\/tags?post=32811"}],"curies":[{"name":"wp","href":"https:\/\/api.w.org\/{rel}","templated":true}]}}