{"id":32834,"date":"2022-08-02T09:46:44","date_gmt":"2022-08-02T12:46:44","guid":{"rendered":"https:\/\/jornalfatosenoticias.com.br\/?p=32834"},"modified":"2022-08-02T09:46:48","modified_gmt":"2022-08-02T12:46:48","slug":"copom-inicia-quinta-reuniao-do-ano-avaliando-fim-de-aperto-nos-juros","status":"publish","type":"post","link":"https:\/\/jornalfatosenoticias.com.br\/index.php\/2022\/08\/02\/copom-inicia-quinta-reuniao-do-ano-avaliando-fim-de-aperto-nos-juros\/","title":{"rendered":"Copom inicia quinta reuni\u00e3o do ano avaliando fim de aperto nos juros"},"content":{"rendered":"\n<p><em><span class=\"has-inline-color has-black-color\">Expectativa \u00e9 que a taxa Selic suba de 13,25% para 13,75% ao ano<\/span><\/em><\/p>\n\n\n\n<div class=\"wp-block-image\"><figure class=\"aligncenter size-large\"><img loading=\"lazy\" decoding=\"async\" width=\"1024\" height=\"100\" src=\"https:\/\/jornalfatosenoticias.com.br\/wp-content\/uploads\/2022\/05\/NOVA-LOGO-CESCONETTO-1024x100.jpg\" alt=\"\" class=\"wp-image-30792\" srcset=\"https:\/\/jornalfatosenoticias.com.br\/wp-content\/uploads\/2022\/05\/NOVA-LOGO-CESCONETTO-1024x100.jpg 1024w, https:\/\/jornalfatosenoticias.com.br\/wp-content\/uploads\/2022\/05\/NOVA-LOGO-CESCONETTO-300x29.jpg 300w, https:\/\/jornalfatosenoticias.com.br\/wp-content\/uploads\/2022\/05\/NOVA-LOGO-CESCONETTO-768x75.jpg 768w, https:\/\/jornalfatosenoticias.com.br\/wp-content\/uploads\/2022\/05\/NOVA-LOGO-CESCONETTO.jpg 1280w\" sizes=\"auto, (max-width: 1024px) 100vw, 1024px\" \/><\/figure><\/div>\n\n\n\n<p>Em meio aos impactos de uma poss\u00edvel recess\u00e3o nos Estados Unidos e da evolu\u00e7\u00e3o da infla\u00e7\u00e3o ap\u00f3s a queda dos pre\u00e7os da gasolina no Brasil, o Comit\u00ea de Pol\u00edtica Monet\u00e1ria (Copom), do Banco Central (BC), inicia hoje (2), em Bras\u00edlia, a quinta reuni\u00e3o do ano para definir a taxa b\u00e1sica de juros, a Selic. Amanh\u00e3 (3), ao fim do dia, o Copom anunciar\u00e1 a decis\u00e3o.<br>Nas estimativas das institui\u00e7\u00f5es financeiras, o comit\u00ea dever\u00e1 encerrar o ciclo de aumento de juros, apesar das press\u00f5es atuais sobre a infla\u00e7\u00e3o. Segundo a edi\u00e7\u00e3o mais recente do boletim Focus, pesquisa semanal com analistas de mercado, <strong><a href=\"http:\/\/agenciabrasil.ebc.com.br\/economia\/noticia\/2022-08\/mercado-financeiro-reduz-projecao-da-inflacao-de-730-para-715\" target=\"_blank\" rel=\"noreferrer noopener\">a Selic dever\u00e1 passar de 13,25% para 13,75% ao ano<\/a>,<\/strong> com alta de 0,5 ponto percentual. Os analistas de mercado esperam que a taxa permane\u00e7a nesse n\u00edvel at\u00e9 o fim do ano.<\/p>\n\n\n\n<div class=\"wp-block-image\"><figure class=\"alignleft size-large is-resized\"><img loading=\"lazy\" decoding=\"async\" src=\"https:\/\/jornalfatosenoticias.com.br\/wp-content\/uploads\/2022\/02\/Precisao-Contabilidade-1024x724.jpg\" alt=\"\" class=\"wp-image-28088\" width=\"287\" height=\"202\"\/><\/figure><\/div>\n\n\n\n<p>Na ata da \u00faltima reuni\u00e3o, os membros do Copom indicaram que pretendiam aumentar mais uma vez a taxa Selic em 0,5 ou 0,25 ponto percentual, mas deixaram aberta a possibilidade de promover novas altas caso a infla\u00e7\u00e3o persista.<br>At\u00e9 maio, os comunicados do BC indicavam que a autoridade monet\u00e1ria pretendia encerrar o ciclo de eleva\u00e7\u00f5es em junho. No entanto, as altas al\u00e9m do previsto promovidas pelo Federal Reserve (Fed, Banco Central dos Estados Unidos) e do Banco Central Europeu adicionaram press\u00e3o sobre os juros brasileiros.<br>Depois de altas nos \u00faltimos meses, as estimativas de infla\u00e7\u00e3o t\u00eam ca\u00eddo. A \u00faltima edi\u00e7\u00e3o do boletim Focus reduziu a previs\u00e3o de <strong><a href=\"http:\/\/agenciabrasil.ebc.com.br\/economia\/noticia\/2022-08\/mercado-financeiro-reduz-projecao-da-inflacao-de-730-para-715\" target=\"_blank\" rel=\"noreferrer noopener\">\u00a0infla\u00e7\u00e3o<\/a>\u00a0<\/strong>oficial pelo \u00cdndice Nacional de Pre\u00e7os ao Consumidor Amplo (IPCA) de 8,89% para 9% em 2022. Em junho, as proje\u00e7\u00f5es para o IPCA chegaram a 9%.<\/p>\n\n\n\n<div class=\"wp-block-image\"><figure class=\"alignright size-large is-resized\"><img loading=\"lazy\" decoding=\"async\" src=\"https:\/\/jornalfatosenoticias.com.br\/wp-content\/uploads\/2022\/07\/Logo-Grupo-SEI.jpg\" alt=\"\" class=\"wp-image-31973\" width=\"355\" height=\"187\" srcset=\"https:\/\/jornalfatosenoticias.com.br\/wp-content\/uploads\/2022\/07\/Logo-Grupo-SEI.jpg 713w, https:\/\/jornalfatosenoticias.com.br\/wp-content\/uploads\/2022\/07\/Logo-Grupo-SEI-300x158.jpg 300w\" sizes=\"auto, (max-width: 355px) 100vw, 355px\" \/><\/figure><\/div>\n\n\n\n<p>Embora a gasolina e a energia el\u00e9trica tenham ficado mais baratas nos \u00faltimos meses, a guerra entre R\u00fassia e Ucr\u00e2nia continua a impactar os pre\u00e7os do diesel, de fertilizantes e de outras mercadorias importadas. Al\u00e9m disso, a instabilidade na economia norte-americana, que enfrenta a maior infla\u00e7\u00e3o nos \u00faltimos 41 anos, provoca forte volatilidade na cota\u00e7\u00e3o do d\u00f3lar em todo o planeta.<br><strong><a href=\"http:\/\/agenciabrasil.ebc.com.br\/economia\/noticia\/2019-06\/cmn-fixa-em-35-meta-de-inflacao-para-2022\" target=\"_blank\" rel=\"noreferrer noopener\">Para 2022, a meta de infla\u00e7\u00e3o<\/a><\/strong> que deve ser perseguida pelo BC, definida pelo Conselho Monet\u00e1rio Nacional, \u00e9 de 3,5%, com intervalo de toler\u00e2ncia de 1,5 ponto percentual para cima ou para baixo. Ou seja, o limite inferior \u00e9 2% e o superior, 5%. Os analistas consideram que o teto da meta ser\u00e1 estourado pelo segundo ano consecutivo.<\/p>\n\n\n\n<div class=\"wp-block-image\"><figure class=\"aligncenter size-large is-resized\"><img loading=\"lazy\" decoding=\"async\" src=\"https:\/\/jornalfatosenoticias.com.br\/wp-content\/uploads\/2022\/07\/Assinatura-Marketing-1024x300.png\" alt=\"\" class=\"wp-image-31962\" width=\"416\" height=\"121\" srcset=\"https:\/\/jornalfatosenoticias.com.br\/wp-content\/uploads\/2022\/07\/Assinatura-Marketing-1024x300.png 1024w, https:\/\/jornalfatosenoticias.com.br\/wp-content\/uploads\/2022\/07\/Assinatura-Marketing-300x88.png 300w, https:\/\/jornalfatosenoticias.com.br\/wp-content\/uploads\/2022\/07\/Assinatura-Marketing-768x225.png 768w, https:\/\/jornalfatosenoticias.com.br\/wp-content\/uploads\/2022\/07\/Assinatura-Marketing-1536x451.png 1536w, https:\/\/jornalfatosenoticias.com.br\/wp-content\/uploads\/2022\/07\/Assinatura-Marketing-2048x601.png 2048w\" sizes=\"auto, (max-width: 416px) 100vw, 416px\" \/><\/figure><\/div>\n\n\n\n<p><strong><span class=\"has-inline-color has-black-color\">Aperto monet\u00e1rio<br><\/span><\/strong>Principal instrumento para o controle da infla\u00e7\u00e3o, a Selic continua em um ciclo de alta, depois de passar seis anos sem ser elevada. De julho de 2015 a outubro de 2016, a taxa permaneceu em 14,25% ao ano. Depois disso, o Copom voltou a reduzir os juros b\u00e1sicos da economia at\u00e9 que a taxa atingiu 6,5% ao ano em mar\u00e7o de 2018.<br>Em julho de 2019, a Selic voltou a ser reduzida at\u00e9 chegar ao menor n\u00edvel da hist\u00f3ria em agosto de 2020, em 2% ao ano. Come\u00e7ou a subir novamente em mar\u00e7o do ano passado, tendo aumentado 11,25 pontos percentuais at\u00e9 agora.<\/p>\n\n\n\n<div class=\"wp-block-image\"><figure class=\"aligncenter size-large is-resized\"><img loading=\"lazy\" decoding=\"async\" src=\"https:\/\/jornalfatosenoticias.com.br\/wp-content\/uploads\/2022\/06\/Casaruo1024_1.jpg\" alt=\"\" class=\"wp-image-31042\" width=\"347\" height=\"189\"\/><\/figure><\/div>\n\n\n\n<p><strong><span class=\"has-inline-color has-black-color\">Taxa Selic<br><\/span><\/strong>A taxa b\u00e1sica de juros \u00e9 usada nas negocia\u00e7\u00f5es de t\u00edtulos p\u00fablicos emitidos pelo Tesouro Nacional no Sistema Especial de Liquida\u00e7\u00e3o e Cust\u00f3dia (Selic) e serve de refer\u00eancia para as demais taxas da economia. Ela \u00e9 o principal instrumento do Banco Central para manter a infla\u00e7\u00e3o sob controle.<br>O BC atua diariamente por meio de opera\u00e7\u00f5es de mercado aberto \u2014 comprando e vendendo t\u00edtulos p\u00fablicos federais \u2014 para manter a taxa de juros pr\u00f3xima ao valor definido na reuni\u00e3o.<\/p>\n\n\n\n<div class=\"wp-block-image\"><figure class=\"aligncenter size-large is-resized\"><img loading=\"lazy\" decoding=\"async\" src=\"https:\/\/jornalfatosenoticias.com.br\/wp-content\/uploads\/2022\/03\/logo-Suinco-1024x390.jpg\" alt=\"\" class=\"wp-image-28785\" width=\"386\" height=\"146\"\/><\/figure><\/div>\n\n\n\n<p>Quando o Copom eleva a taxa b\u00e1sica de juros, ele pretende conter a demanda aquecida, causando reflexos nos pre\u00e7os porque os juros mais altos encarecem o cr\u00e9dito e estimulam a poupan\u00e7a. Desse modo, taxas mais altas seguram a atividade econ\u00f4mica.<br>Ao reduzir a Selic, a tend\u00eancia \u00e9 de que o cr\u00e9dito fique mais barato, com incentivo \u00e0 produ\u00e7\u00e3o e ao consumo, reduzindo o controle da infla\u00e7\u00e3o e estimulando a atividade econ\u00f4mica.<\/p>\n\n\n\n<div class=\"wp-block-image\"><figure class=\"alignleft size-large\"><img decoding=\"async\" src=\"https:\/\/jornalfatosenoticias.com.br\/wp-content\/uploads\/2020\/02\/logo_esteio.jpg\" alt=\"\" class=\"wp-image-1214\"\/><\/figure><\/div>\n\n\n\n<p>Entretanto, as taxas de juros do cr\u00e9dito n\u00e3o variam na mesma propor\u00e7\u00e3o da Selic, pois a Selic \u00e9 apenas uma parte do custo do cr\u00e9dito. Os bancos tamb\u00e9m consideram outros fatores na hora de definir os juros cobrados dos consumidores, como risco de inadimpl\u00eancia, lucro e despesas administrativas.<br>O Copom re\u00fane-se a cada 45 dias. No primeiro dia do encontro, s\u00e3o feitas apresenta\u00e7\u00f5es t\u00e9cnicas sobre a evolu\u00e7\u00e3o e as perspectivas das economias brasileira e mundial e o comportamento do mercado financeiro. No segundo dia, os membros do Copom, formado pela diretoria do BC, analisam as possibilidades e definem a Selic.<\/p>\n\n\n\n<div class=\"wp-block-image\"><figure class=\"aligncenter size-large is-resized\"><img loading=\"lazy\" decoding=\"async\" src=\"https:\/\/jornalfatosenoticias.com.br\/wp-content\/uploads\/2020\/02\/Serra-Grande-1024x160.png\" alt=\"\" class=\"wp-image-7836\" width=\"427\" height=\"66\"\/><\/figure><\/div>\n\n\n\n<p><strong><em>Fonte: <a href=\"https:\/\/agenciabrasil.ebc.com.br\/economia\/noticia\/2022-08\/copom-inicia-quinta-reuniao-do-ano-avaliando-fim-de-aperto-nos-juros\">Ag\u00eancia Brasil<\/a><\/em><\/strong><\/p>\n","protected":false},"excerpt":{"rendered":"<p>Expectativa \u00e9 que a taxa Selic suba de 13,25% para 13,75% ao ano Em meio aos impactos de uma poss\u00edvel recess\u00e3o nos Estados Unidos e da evolu\u00e7\u00e3o da infla\u00e7\u00e3o ap\u00f3s a queda dos pre\u00e7os da gasolina no Brasil, o Comit\u00ea de Pol\u00edtica Monet\u00e1ria (Copom), do Banco Central (BC), inicia hoje (2), em Bras\u00edlia, a quinta [&hellip;]<\/p>\n","protected":false},"author":2,"featured_media":32835,"comment_status":"open","ping_status":"open","sticky":false,"template":"","format":"standard","meta":{"footnotes":""},"categories":[9],"tags":[489,1170,4182,286,4422],"class_list":["post-32834","post","type-post","status-publish","format-standard","has-post-thumbnail","hentry","category-economia","tag-banco-central","tag-copom","tag-inflacao","tag-juros","tag-selic"],"yoast_head":"<!-- This site is optimized with the Yoast SEO plugin v26.5 - https:\/\/yoast.com\/wordpress\/plugins\/seo\/ -->\n<title>Copom inicia quinta reuni\u00e3o do ano avaliando fim de aperto nos juros - Jornal Fatos e Not\u00edcias<\/title>\n<meta name=\"robots\" content=\"index, follow, max-snippet:-1, max-image-preview:large, max-video-preview:-1\" \/>\n<link rel=\"canonical\" href=\"https:\/\/jornalfatosenoticias.com.br\/index.php\/2022\/08\/02\/copom-inicia-quinta-reuniao-do-ano-avaliando-fim-de-aperto-nos-juros\/\" \/>\n<meta property=\"og:locale\" content=\"pt_BR\" \/>\n<meta property=\"og:type\" content=\"article\" \/>\n<meta property=\"og:title\" content=\"Copom inicia quinta reuni\u00e3o do ano avaliando fim de aperto nos juros - Jornal Fatos e Not\u00edcias\" \/>\n<meta property=\"og:description\" content=\"Expectativa \u00e9 que a taxa Selic suba de 13,25% para 13,75% ao ano Em meio aos impactos de uma poss\u00edvel recess\u00e3o nos Estados Unidos e da evolu\u00e7\u00e3o da infla\u00e7\u00e3o ap\u00f3s a queda dos pre\u00e7os da gasolina no Brasil, o Comit\u00ea de Pol\u00edtica Monet\u00e1ria (Copom), do Banco Central (BC), inicia hoje (2), em Bras\u00edlia, a quinta [&hellip;]\" \/>\n<meta property=\"og:url\" content=\"https:\/\/jornalfatosenoticias.com.br\/index.php\/2022\/08\/02\/copom-inicia-quinta-reuniao-do-ano-avaliando-fim-de-aperto-nos-juros\/\" \/>\n<meta property=\"og:site_name\" content=\"Jornal Fatos e Not\u00edcias\" \/>\n<meta property=\"article:published_time\" content=\"2022-08-02T12:46:44+00:00\" \/>\n<meta property=\"article:modified_time\" content=\"2022-08-02T12:46:48+00:00\" \/>\n<meta property=\"og:image\" content=\"https:\/\/jornalfatosenoticias.com.br\/wp-content\/uploads\/2022\/08\/notas_real_copom.jpg\" \/>\n\t<meta property=\"og:image:width\" content=\"1000\" \/>\n\t<meta property=\"og:image:height\" content=\"598\" \/>\n\t<meta property=\"og:image:type\" content=\"image\/jpeg\" \/>\n<meta name=\"author\" content=\"Luzimara Fernandes\" \/>\n<meta name=\"twitter:card\" content=\"summary_large_image\" \/>\n<meta name=\"twitter:label1\" content=\"Escrito por\" \/>\n\t<meta name=\"twitter:data1\" content=\"Luzimara Fernandes\" \/>\n\t<meta name=\"twitter:label2\" content=\"Est. tempo de leitura\" \/>\n\t<meta name=\"twitter:data2\" content=\"4 minutos\" \/>\n<script type=\"application\/ld+json\" class=\"yoast-schema-graph\">{\"@context\":\"https:\/\/schema.org\",\"@graph\":[{\"@type\":\"Article\",\"@id\":\"https:\/\/jornalfatosenoticias.com.br\/index.php\/2022\/08\/02\/copom-inicia-quinta-reuniao-do-ano-avaliando-fim-de-aperto-nos-juros\/#article\",\"isPartOf\":{\"@id\":\"https:\/\/jornalfatosenoticias.com.br\/index.php\/2022\/08\/02\/copom-inicia-quinta-reuniao-do-ano-avaliando-fim-de-aperto-nos-juros\/\"},\"author\":{\"name\":\"Luzimara Fernandes\",\"@id\":\"https:\/\/jornalfatosenoticias.com.br\/#\/schema\/person\/d63837fa13ac8666eb9e74e0985d6f81\"},\"headline\":\"Copom inicia quinta reuni\u00e3o do ano avaliando fim de aperto nos juros\",\"datePublished\":\"2022-08-02T12:46:44+00:00\",\"dateModified\":\"2022-08-02T12:46:48+00:00\",\"mainEntityOfPage\":{\"@id\":\"https:\/\/jornalfatosenoticias.com.br\/index.php\/2022\/08\/02\/copom-inicia-quinta-reuniao-do-ano-avaliando-fim-de-aperto-nos-juros\/\"},\"wordCount\":819,\"commentCount\":0,\"publisher\":{\"@id\":\"https:\/\/jornalfatosenoticias.com.br\/#organization\"},\"image\":{\"@id\":\"https:\/\/jornalfatosenoticias.com.br\/index.php\/2022\/08\/02\/copom-inicia-quinta-reuniao-do-ano-avaliando-fim-de-aperto-nos-juros\/#primaryimage\"},\"thumbnailUrl\":\"https:\/\/jornalfatosenoticias.com.br\/wp-content\/uploads\/2022\/08\/notas_real_copom.jpg\",\"keywords\":[\"Banco Central\",\"Copom\",\"infla\u00e7\u00e3o\",\"juros\",\"Selic\"],\"articleSection\":[\"Economia\"],\"inLanguage\":\"pt-BR\",\"potentialAction\":[{\"@type\":\"CommentAction\",\"name\":\"Comment\",\"target\":[\"https:\/\/jornalfatosenoticias.com.br\/index.php\/2022\/08\/02\/copom-inicia-quinta-reuniao-do-ano-avaliando-fim-de-aperto-nos-juros\/#respond\"]}]},{\"@type\":\"WebPage\",\"@id\":\"https:\/\/jornalfatosenoticias.com.br\/index.php\/2022\/08\/02\/copom-inicia-quinta-reuniao-do-ano-avaliando-fim-de-aperto-nos-juros\/\",\"url\":\"https:\/\/jornalfatosenoticias.com.br\/index.php\/2022\/08\/02\/copom-inicia-quinta-reuniao-do-ano-avaliando-fim-de-aperto-nos-juros\/\",\"name\":\"Copom inicia quinta reuni\u00e3o do ano avaliando fim de aperto nos juros - Jornal Fatos e Not\u00edcias\",\"isPartOf\":{\"@id\":\"https:\/\/jornalfatosenoticias.com.br\/#website\"},\"primaryImageOfPage\":{\"@id\":\"https:\/\/jornalfatosenoticias.com.br\/index.php\/2022\/08\/02\/copom-inicia-quinta-reuniao-do-ano-avaliando-fim-de-aperto-nos-juros\/#primaryimage\"},\"image\":{\"@id\":\"https:\/\/jornalfatosenoticias.com.br\/index.php\/2022\/08\/02\/copom-inicia-quinta-reuniao-do-ano-avaliando-fim-de-aperto-nos-juros\/#primaryimage\"},\"thumbnailUrl\":\"https:\/\/jornalfatosenoticias.com.br\/wp-content\/uploads\/2022\/08\/notas_real_copom.jpg\",\"datePublished\":\"2022-08-02T12:46:44+00:00\",\"dateModified\":\"2022-08-02T12:46:48+00:00\",\"breadcrumb\":{\"@id\":\"https:\/\/jornalfatosenoticias.com.br\/index.php\/2022\/08\/02\/copom-inicia-quinta-reuniao-do-ano-avaliando-fim-de-aperto-nos-juros\/#breadcrumb\"},\"inLanguage\":\"pt-BR\",\"potentialAction\":[{\"@type\":\"ReadAction\",\"target\":[\"https:\/\/jornalfatosenoticias.com.br\/index.php\/2022\/08\/02\/copom-inicia-quinta-reuniao-do-ano-avaliando-fim-de-aperto-nos-juros\/\"]}]},{\"@type\":\"ImageObject\",\"inLanguage\":\"pt-BR\",\"@id\":\"https:\/\/jornalfatosenoticias.com.br\/index.php\/2022\/08\/02\/copom-inicia-quinta-reuniao-do-ano-avaliando-fim-de-aperto-nos-juros\/#primaryimage\",\"url\":\"https:\/\/jornalfatosenoticias.com.br\/wp-content\/uploads\/2022\/08\/notas_real_copom.jpg\",\"contentUrl\":\"https:\/\/jornalfatosenoticias.com.br\/wp-content\/uploads\/2022\/08\/notas_real_copom.jpg\",\"width\":1000,\"height\":598},{\"@type\":\"BreadcrumbList\",\"@id\":\"https:\/\/jornalfatosenoticias.com.br\/index.php\/2022\/08\/02\/copom-inicia-quinta-reuniao-do-ano-avaliando-fim-de-aperto-nos-juros\/#breadcrumb\",\"itemListElement\":[{\"@type\":\"ListItem\",\"position\":1,\"name\":\"In\u00edcio\",\"item\":\"https:\/\/jornalfatosenoticias.com.br\/\"},{\"@type\":\"ListItem\",\"position\":2,\"name\":\"Copom inicia quinta reuni\u00e3o do ano avaliando fim de aperto nos juros\"}]},{\"@type\":\"WebSite\",\"@id\":\"https:\/\/jornalfatosenoticias.com.br\/#website\",\"url\":\"https:\/\/jornalfatosenoticias.com.br\/\",\"name\":\"Jornal Fatos e Not\u00edcias\",\"description\":\"Not\u00edcias em geral\",\"publisher\":{\"@id\":\"https:\/\/jornalfatosenoticias.com.br\/#organization\"},\"potentialAction\":[{\"@type\":\"SearchAction\",\"target\":{\"@type\":\"EntryPoint\",\"urlTemplate\":\"https:\/\/jornalfatosenoticias.com.br\/?s={search_term_string}\"},\"query-input\":{\"@type\":\"PropertyValueSpecification\",\"valueRequired\":true,\"valueName\":\"search_term_string\"}}],\"inLanguage\":\"pt-BR\"},{\"@type\":\"Organization\",\"@id\":\"https:\/\/jornalfatosenoticias.com.br\/#organization\",\"name\":\"Jornal Fatos e Not\u00edcias\",\"url\":\"https:\/\/jornalfatosenoticias.com.br\/\",\"logo\":{\"@type\":\"ImageObject\",\"inLanguage\":\"pt-BR\",\"@id\":\"https:\/\/jornalfatosenoticias.com.br\/#\/schema\/logo\/image\/\",\"url\":\"https:\/\/jornalfatosenoticias.com.br\/wp-content\/uploads\/2020\/02\/logo120.png\",\"contentUrl\":\"https:\/\/jornalfatosenoticias.com.br\/wp-content\/uploads\/2020\/02\/logo120.png\",\"width\":1227,\"height\":120,\"caption\":\"Jornal Fatos e Not\u00edcias\"},\"image\":{\"@id\":\"https:\/\/jornalfatosenoticias.com.br\/#\/schema\/logo\/image\/\"}},{\"@type\":\"Person\",\"@id\":\"https:\/\/jornalfatosenoticias.com.br\/#\/schema\/person\/d63837fa13ac8666eb9e74e0985d6f81\",\"name\":\"Luzimara Fernandes\",\"image\":{\"@type\":\"ImageObject\",\"inLanguage\":\"pt-BR\",\"@id\":\"https:\/\/jornalfatosenoticias.com.br\/#\/schema\/person\/image\/\",\"url\":\"https:\/\/jornalfatosenoticias.com.br\/wp-content\/uploads\/2025\/05\/EU_portal.jpg\",\"contentUrl\":\"https:\/\/jornalfatosenoticias.com.br\/wp-content\/uploads\/2025\/05\/EU_portal.jpg\",\"caption\":\"Luzimara Fernandes\"},\"description\":\"Jornalista MTB 2358-ES\",\"sameAs\":[\"https:\/\/jornalfatosenoticias.com.br\"],\"url\":\"https:\/\/jornalfatosenoticias.com.br\/index.php\/author\/luzimara\/\"}]}<\/script>\n<!-- \/ Yoast SEO plugin. -->","yoast_head_json":{"title":"Copom inicia quinta reuni\u00e3o do ano avaliando fim de aperto nos juros - Jornal Fatos e Not\u00edcias","robots":{"index":"index","follow":"follow","max-snippet":"max-snippet:-1","max-image-preview":"max-image-preview:large","max-video-preview":"max-video-preview:-1"},"canonical":"https:\/\/jornalfatosenoticias.com.br\/index.php\/2022\/08\/02\/copom-inicia-quinta-reuniao-do-ano-avaliando-fim-de-aperto-nos-juros\/","og_locale":"pt_BR","og_type":"article","og_title":"Copom inicia quinta reuni\u00e3o do ano avaliando fim de aperto nos juros - Jornal Fatos e Not\u00edcias","og_description":"Expectativa \u00e9 que a taxa Selic suba de 13,25% para 13,75% ao ano Em meio aos impactos de uma poss\u00edvel recess\u00e3o nos Estados Unidos e da evolu\u00e7\u00e3o da infla\u00e7\u00e3o ap\u00f3s a queda dos pre\u00e7os da gasolina no Brasil, o Comit\u00ea de Pol\u00edtica Monet\u00e1ria (Copom), do Banco Central (BC), inicia hoje (2), em Bras\u00edlia, a quinta [&hellip;]","og_url":"https:\/\/jornalfatosenoticias.com.br\/index.php\/2022\/08\/02\/copom-inicia-quinta-reuniao-do-ano-avaliando-fim-de-aperto-nos-juros\/","og_site_name":"Jornal Fatos e Not\u00edcias","article_published_time":"2022-08-02T12:46:44+00:00","article_modified_time":"2022-08-02T12:46:48+00:00","og_image":[{"width":1000,"height":598,"url":"https:\/\/jornalfatosenoticias.com.br\/wp-content\/uploads\/2022\/08\/notas_real_copom.jpg","type":"image\/jpeg"}],"author":"Luzimara Fernandes","twitter_card":"summary_large_image","twitter_misc":{"Escrito por":"Luzimara Fernandes","Est. tempo de leitura":"4 minutos"},"schema":{"@context":"https:\/\/schema.org","@graph":[{"@type":"Article","@id":"https:\/\/jornalfatosenoticias.com.br\/index.php\/2022\/08\/02\/copom-inicia-quinta-reuniao-do-ano-avaliando-fim-de-aperto-nos-juros\/#article","isPartOf":{"@id":"https:\/\/jornalfatosenoticias.com.br\/index.php\/2022\/08\/02\/copom-inicia-quinta-reuniao-do-ano-avaliando-fim-de-aperto-nos-juros\/"},"author":{"name":"Luzimara Fernandes","@id":"https:\/\/jornalfatosenoticias.com.br\/#\/schema\/person\/d63837fa13ac8666eb9e74e0985d6f81"},"headline":"Copom inicia quinta reuni\u00e3o do ano avaliando fim de aperto nos juros","datePublished":"2022-08-02T12:46:44+00:00","dateModified":"2022-08-02T12:46:48+00:00","mainEntityOfPage":{"@id":"https:\/\/jornalfatosenoticias.com.br\/index.php\/2022\/08\/02\/copom-inicia-quinta-reuniao-do-ano-avaliando-fim-de-aperto-nos-juros\/"},"wordCount":819,"commentCount":0,"publisher":{"@id":"https:\/\/jornalfatosenoticias.com.br\/#organization"},"image":{"@id":"https:\/\/jornalfatosenoticias.com.br\/index.php\/2022\/08\/02\/copom-inicia-quinta-reuniao-do-ano-avaliando-fim-de-aperto-nos-juros\/#primaryimage"},"thumbnailUrl":"https:\/\/jornalfatosenoticias.com.br\/wp-content\/uploads\/2022\/08\/notas_real_copom.jpg","keywords":["Banco Central","Copom","infla\u00e7\u00e3o","juros","Selic"],"articleSection":["Economia"],"inLanguage":"pt-BR","potentialAction":[{"@type":"CommentAction","name":"Comment","target":["https:\/\/jornalfatosenoticias.com.br\/index.php\/2022\/08\/02\/copom-inicia-quinta-reuniao-do-ano-avaliando-fim-de-aperto-nos-juros\/#respond"]}]},{"@type":"WebPage","@id":"https:\/\/jornalfatosenoticias.com.br\/index.php\/2022\/08\/02\/copom-inicia-quinta-reuniao-do-ano-avaliando-fim-de-aperto-nos-juros\/","url":"https:\/\/jornalfatosenoticias.com.br\/index.php\/2022\/08\/02\/copom-inicia-quinta-reuniao-do-ano-avaliando-fim-de-aperto-nos-juros\/","name":"Copom inicia quinta reuni\u00e3o do ano avaliando fim de aperto nos juros - Jornal Fatos e Not\u00edcias","isPartOf":{"@id":"https:\/\/jornalfatosenoticias.com.br\/#website"},"primaryImageOfPage":{"@id":"https:\/\/jornalfatosenoticias.com.br\/index.php\/2022\/08\/02\/copom-inicia-quinta-reuniao-do-ano-avaliando-fim-de-aperto-nos-juros\/#primaryimage"},"image":{"@id":"https:\/\/jornalfatosenoticias.com.br\/index.php\/2022\/08\/02\/copom-inicia-quinta-reuniao-do-ano-avaliando-fim-de-aperto-nos-juros\/#primaryimage"},"thumbnailUrl":"https:\/\/jornalfatosenoticias.com.br\/wp-content\/uploads\/2022\/08\/notas_real_copom.jpg","datePublished":"2022-08-02T12:46:44+00:00","dateModified":"2022-08-02T12:46:48+00:00","breadcrumb":{"@id":"https:\/\/jornalfatosenoticias.com.br\/index.php\/2022\/08\/02\/copom-inicia-quinta-reuniao-do-ano-avaliando-fim-de-aperto-nos-juros\/#breadcrumb"},"inLanguage":"pt-BR","potentialAction":[{"@type":"ReadAction","target":["https:\/\/jornalfatosenoticias.com.br\/index.php\/2022\/08\/02\/copom-inicia-quinta-reuniao-do-ano-avaliando-fim-de-aperto-nos-juros\/"]}]},{"@type":"ImageObject","inLanguage":"pt-BR","@id":"https:\/\/jornalfatosenoticias.com.br\/index.php\/2022\/08\/02\/copom-inicia-quinta-reuniao-do-ano-avaliando-fim-de-aperto-nos-juros\/#primaryimage","url":"https:\/\/jornalfatosenoticias.com.br\/wp-content\/uploads\/2022\/08\/notas_real_copom.jpg","contentUrl":"https:\/\/jornalfatosenoticias.com.br\/wp-content\/uploads\/2022\/08\/notas_real_copom.jpg","width":1000,"height":598},{"@type":"BreadcrumbList","@id":"https:\/\/jornalfatosenoticias.com.br\/index.php\/2022\/08\/02\/copom-inicia-quinta-reuniao-do-ano-avaliando-fim-de-aperto-nos-juros\/#breadcrumb","itemListElement":[{"@type":"ListItem","position":1,"name":"In\u00edcio","item":"https:\/\/jornalfatosenoticias.com.br\/"},{"@type":"ListItem","position":2,"name":"Copom inicia quinta reuni\u00e3o do ano avaliando fim de aperto nos juros"}]},{"@type":"WebSite","@id":"https:\/\/jornalfatosenoticias.com.br\/#website","url":"https:\/\/jornalfatosenoticias.com.br\/","name":"Jornal Fatos e Not\u00edcias","description":"Not\u00edcias em geral","publisher":{"@id":"https:\/\/jornalfatosenoticias.com.br\/#organization"},"potentialAction":[{"@type":"SearchAction","target":{"@type":"EntryPoint","urlTemplate":"https:\/\/jornalfatosenoticias.com.br\/?s={search_term_string}"},"query-input":{"@type":"PropertyValueSpecification","valueRequired":true,"valueName":"search_term_string"}}],"inLanguage":"pt-BR"},{"@type":"Organization","@id":"https:\/\/jornalfatosenoticias.com.br\/#organization","name":"Jornal Fatos e Not\u00edcias","url":"https:\/\/jornalfatosenoticias.com.br\/","logo":{"@type":"ImageObject","inLanguage":"pt-BR","@id":"https:\/\/jornalfatosenoticias.com.br\/#\/schema\/logo\/image\/","url":"https:\/\/jornalfatosenoticias.com.br\/wp-content\/uploads\/2020\/02\/logo120.png","contentUrl":"https:\/\/jornalfatosenoticias.com.br\/wp-content\/uploads\/2020\/02\/logo120.png","width":1227,"height":120,"caption":"Jornal Fatos e Not\u00edcias"},"image":{"@id":"https:\/\/jornalfatosenoticias.com.br\/#\/schema\/logo\/image\/"}},{"@type":"Person","@id":"https:\/\/jornalfatosenoticias.com.br\/#\/schema\/person\/d63837fa13ac8666eb9e74e0985d6f81","name":"Luzimara Fernandes","image":{"@type":"ImageObject","inLanguage":"pt-BR","@id":"https:\/\/jornalfatosenoticias.com.br\/#\/schema\/person\/image\/","url":"https:\/\/jornalfatosenoticias.com.br\/wp-content\/uploads\/2025\/05\/EU_portal.jpg","contentUrl":"https:\/\/jornalfatosenoticias.com.br\/wp-content\/uploads\/2025\/05\/EU_portal.jpg","caption":"Luzimara Fernandes"},"description":"Jornalista MTB 2358-ES","sameAs":["https:\/\/jornalfatosenoticias.com.br"],"url":"https:\/\/jornalfatosenoticias.com.br\/index.php\/author\/luzimara\/"}]}},"cc_featured_image_caption":{"caption_text":"(Foto: Marcello Casal Jr\/Ag\u00eancia Brasil) ","source_text":"","source_url":""},"jetpack_featured_media_url":"https:\/\/jornalfatosenoticias.com.br\/wp-content\/uploads\/2022\/08\/notas_real_copom.jpg","_links":{"self":[{"href":"https:\/\/jornalfatosenoticias.com.br\/index.php\/wp-json\/wp\/v2\/posts\/32834","targetHints":{"allow":["GET"]}}],"collection":[{"href":"https:\/\/jornalfatosenoticias.com.br\/index.php\/wp-json\/wp\/v2\/posts"}],"about":[{"href":"https:\/\/jornalfatosenoticias.com.br\/index.php\/wp-json\/wp\/v2\/types\/post"}],"author":[{"embeddable":true,"href":"https:\/\/jornalfatosenoticias.com.br\/index.php\/wp-json\/wp\/v2\/users\/2"}],"replies":[{"embeddable":true,"href":"https:\/\/jornalfatosenoticias.com.br\/index.php\/wp-json\/wp\/v2\/comments?post=32834"}],"version-history":[{"count":0,"href":"https:\/\/jornalfatosenoticias.com.br\/index.php\/wp-json\/wp\/v2\/posts\/32834\/revisions"}],"wp:featuredmedia":[{"embeddable":true,"href":"https:\/\/jornalfatosenoticias.com.br\/index.php\/wp-json\/wp\/v2\/media\/32835"}],"wp:attachment":[{"href":"https:\/\/jornalfatosenoticias.com.br\/index.php\/wp-json\/wp\/v2\/media?parent=32834"}],"wp:term":[{"taxonomy":"category","embeddable":true,"href":"https:\/\/jornalfatosenoticias.com.br\/index.php\/wp-json\/wp\/v2\/categories?post=32834"},{"taxonomy":"post_tag","embeddable":true,"href":"https:\/\/jornalfatosenoticias.com.br\/index.php\/wp-json\/wp\/v2\/tags?post=32834"}],"curies":[{"name":"wp","href":"https:\/\/api.w.org\/{rel}","templated":true}]}}