{"id":32872,"date":"2022-08-03T10:57:35","date_gmt":"2022-08-03T13:57:35","guid":{"rendered":"https:\/\/jornalfatosenoticias.com.br\/?p=32872"},"modified":"2022-08-03T10:57:39","modified_gmt":"2022-08-03T13:57:39","slug":"passarelas-passam-a-conectar-fragmentos-florestais-em-manaus-para-conservacao-do-sauim-de-coleira","status":"publish","type":"post","link":"https:\/\/jornalfatosenoticias.com.br\/index.php\/2022\/08\/03\/passarelas-passam-a-conectar-fragmentos-florestais-em-manaus-para-conservacao-do-sauim-de-coleira\/","title":{"rendered":"&#8220;Passarelas&#8221; passam a conectar fragmentos florestais em Manaus para conserva\u00e7\u00e3o do sauim-de-coleira"},"content":{"rendered":"\n<p><em><span class=\"has-inline-color has-black-color\">Passagens de fauna silvestre foram instaladas em quatro pontos da cidade para contribuir com a conserva\u00e7\u00e3o da fauna, especialmente do sauim-de-coleira, esp\u00e9cie end\u00eamica da regi\u00e3o de Manaus e em risco de extin\u00e7\u00e3o<\/span><\/em><\/p>\n\n\n\n<div class=\"wp-block-image\"><figure class=\"aligncenter size-large\"><img loading=\"lazy\" decoding=\"async\" width=\"1024\" height=\"99\" src=\"https:\/\/jornalfatosenoticias.com.br\/wp-content\/uploads\/2020\/02\/Logo-Mizu-segunda-2-1024x99.png\" alt=\"\" class=\"wp-image-2353\" srcset=\"https:\/\/jornalfatosenoticias.com.br\/wp-content\/uploads\/2020\/02\/Logo-Mizu-segunda-2-1024x99.png 1024w, https:\/\/jornalfatosenoticias.com.br\/wp-content\/uploads\/2020\/02\/Logo-Mizu-segunda-2-300x29.png 300w, https:\/\/jornalfatosenoticias.com.br\/wp-content\/uploads\/2020\/02\/Logo-Mizu-segunda-2-768x74.png 768w, https:\/\/jornalfatosenoticias.com.br\/wp-content\/uploads\/2020\/02\/Logo-Mizu-segunda-2.png 1240w\" sizes=\"auto, (max-width: 1024px) 100vw, 1024px\" \/><\/figure><\/div>\n\n\n\n<p>Quatro passagens de animais silvestres foram instaladas por vias de Manaus em julho. As &#8220;passarelas&#8221; de fauna t\u00eam o intuito de promover a conectividade de fragmentos florestais nos locais que foram colocadas e contribuir com a conserva\u00e7\u00e3o da fauna, especialmente do sauim-de-coleira, esp\u00e9cie end\u00eamica da regi\u00e3o de Manaus e em risco de extin\u00e7\u00e3o.<br>As passagens de fauna possibilitam o deslocamento dos primatas entre os fragmentos verdes, permitindo o fluxo g\u00eanico, a dispers\u00e3o de sementes, a manuten\u00e7\u00e3o de maiores popula\u00e7\u00f5es e, consequentemente, o aumento da biodiversidade.<\/p>\n\n\n\n<div class=\"wp-block-image\"><figure class=\"aligncenter size-large is-resized\"><img loading=\"lazy\" decoding=\"async\" src=\"https:\/\/jornalfatosenoticias.com.br\/wp-content\/uploads\/2022\/06\/Casaruo1024_1.jpg\" alt=\"\" class=\"wp-image-31042\" width=\"371\" height=\"202\"\/><\/figure><\/div>\n\n\n\n<blockquote class=\"wp-block-quote is-layout-flow wp-block-quote-is-layout-flow\"><p><span class=\"has-inline-color has-luminous-vivid-orange-color\">&#8220;Esse trabalho \u00e9 de extrema import\u00e2ncia para a conserva\u00e7\u00e3o do sauim-de-coleira de Manaus, que \u00e9 uma esp\u00e9cie end\u00eamica da regi\u00e3o e est\u00e1 sob o risco de extin\u00e7\u00e3o&#8221;, reiterou o diretor de Arboriza\u00e7\u00e3o e Sustentabilidade da Secretaria Municipal de Meio Ambiente e Sustentabilidade (Semmas), Deyvon Braga.<\/span><\/p><\/blockquote>\n\n\n\n<div class=\"wp-block-image\"><figure class=\"alignleft size-large is-resized\"><img loading=\"lazy\" decoding=\"async\" src=\"https:\/\/jornalfatosenoticias.com.br\/wp-content\/uploads\/2020\/02\/nova-logo-Marquetti.jpg\" alt=\"\" class=\"wp-image-22331\" width=\"267\" height=\"179\" srcset=\"https:\/\/jornalfatosenoticias.com.br\/wp-content\/uploads\/2020\/02\/nova-logo-Marquetti.jpg 643w, https:\/\/jornalfatosenoticias.com.br\/wp-content\/uploads\/2020\/02\/nova-logo-Marquetti-300x202.jpg 300w\" sizes=\"auto, (max-width: 267px) 100vw, 267px\" \/><\/figure><\/div>\n\n\n\n<p>As quatro passagens de fauna s\u00e3o frutos da parceria entre a Semmas e a iniciativa privada. A empresa Jabil Manaus, por exemplo, fez a aquisi\u00e7\u00e3o de quatro postes e doou para a secretaria. J\u00e1 a Amazonas Energia doou dois postes e disponibilizou a equipe para implanta\u00e7\u00e3o, assim como o caminh\u00e3o com cesto a\u00e9reo para a instala\u00e7\u00e3o das redes.<br>Outro apoio fundamental para a implanta\u00e7\u00e3o das passagens de fauna foi o do professor doutor Marcelo Gordo, da Universidade Federal do Amazonas (Ufam), coordenador do projeto Sauim-de-Coleira, que disponibilizou o material das redes que fazem a conex\u00e3o entre os fragmentos. Ele tamb\u00e9m realizou a instala\u00e7\u00e3o das passagens e ofereceu o assessoramento na indica\u00e7\u00e3o das \u00e1reas mais cr\u00edticas para a instala\u00e7\u00e3o das passagens de fauna.<\/p>\n\n\n\n<div class=\"wp-block-image\"><figure class=\"aligncenter size-large\"><img loading=\"lazy\" decoding=\"async\" width=\"1024\" height=\"100\" src=\"https:\/\/jornalfatosenoticias.com.br\/wp-content\/uploads\/2020\/02\/banner_ferramentas-1024x100.jpg\" alt=\"\" class=\"wp-image-1258\" srcset=\"https:\/\/jornalfatosenoticias.com.br\/wp-content\/uploads\/2020\/02\/banner_ferramentas-1024x100.jpg 1024w, https:\/\/jornalfatosenoticias.com.br\/wp-content\/uploads\/2020\/02\/banner_ferramentas-300x29.jpg 300w, https:\/\/jornalfatosenoticias.com.br\/wp-content\/uploads\/2020\/02\/banner_ferramentas-768x75.jpg 768w, https:\/\/jornalfatosenoticias.com.br\/wp-content\/uploads\/2020\/02\/banner_ferramentas.jpg 1227w\" sizes=\"auto, (max-width: 1024px) 100vw, 1024px\" \/><\/figure><\/div>\n\n\n\n<p>Um dos intuitos, segundo o professor, \u00e9 colaborar com a travessia dos animais, principalmente do sauim-de-coleira, que historicamente costuma ter atropelamentos nas \u00e1reas, principalmente quando a vegeta\u00e7\u00e3o n\u00e3o chegava muito perto.<\/p>\n\n\n\n<div class=\"wp-block-image\"><figure class=\"aligncenter size-large is-resized\"><img loading=\"lazy\" decoding=\"async\" src=\"https:\/\/jornalfatosenoticias.com.br\/wp-content\/uploads\/2022\/03\/logo-Suinco-1024x390.jpg\" alt=\"\" class=\"wp-image-28785\" width=\"367\" height=\"139\"\/><\/figure><\/div>\n\n\n\n<blockquote class=\"wp-block-quote is-layout-flow wp-block-quote-is-layout-flow\"><p><span class=\"has-inline-color has-luminous-vivid-orange-color\">&#8220;Hoje em dia, eles at\u00e9 conseguem em um \u00fanico ponto passar, mas com certo risco. Ent\u00e3o, a gente espera com isso facilitar o tr\u00e2nsito desses animais para poderem vir para esse fragmento onde eles pegam comida e com isso evitam atropelamentos. Esse \u00e9 o primeiro. O segundo aspecto interessante \u00e9 que \u00e9 uma t\u00e9cnica simples, relativamente barata, que a gente tem usado, que a gente tem desenvolvido para montar essas passarelas, uma estrutura superleve e que tem tido sucesso. A gente experimentou primeiro na Ufam&#8221;, explicou Marcelo Gordo.<\/span><\/p><\/blockquote>\n\n\n\n<div class=\"wp-block-image\"><figure class=\"aligncenter size-large is-resized\"><img loading=\"lazy\" decoding=\"async\" src=\"https:\/\/jornalfatosenoticias.com.br\/wp-content\/uploads\/2022\/07\/Logo-Grupo-SEI.jpg\" alt=\"\" class=\"wp-image-31973\" width=\"301\" height=\"158\" srcset=\"https:\/\/jornalfatosenoticias.com.br\/wp-content\/uploads\/2022\/07\/Logo-Grupo-SEI.jpg 713w, https:\/\/jornalfatosenoticias.com.br\/wp-content\/uploads\/2022\/07\/Logo-Grupo-SEI-300x158.jpg 300w\" sizes=\"auto, (max-width: 301px) 100vw, 301px\" \/><\/figure><\/div>\n\n\n\n<p><strong><em>Fonte: <a href=\"https:\/\/portalamazonia.com\/estados\/amazonas\/passarelas-passam-a-conectar-fragmentos-florestais-em-manaus-para-conservacao-do-sauim-de-coleira\">Portal Amaz\u00f4nia<\/a><\/em><\/strong><\/p>\n","protected":false},"excerpt":{"rendered":"<p>Passagens de fauna silvestre foram instaladas em quatro pontos da cidade para contribuir com a conserva\u00e7\u00e3o da fauna, especialmente do sauim-de-coleira, esp\u00e9cie end\u00eamica da regi\u00e3o de Manaus e em risco de extin\u00e7\u00e3o Quatro passagens de animais silvestres foram instaladas por vias de Manaus em julho. As &#8220;passarelas&#8221; de fauna t\u00eam o intuito de promover a [&hellip;]<\/p>\n","protected":false},"author":2,"featured_media":32873,"comment_status":"open","ping_status":"open","sticky":false,"template":"","format":"standard","meta":{"footnotes":""},"categories":[8],"tags":[1068,4041,3856,15486,15487,15488],"class_list":["post-32872","post","type-post","status-publish","format-standard","has-post-thumbnail","hentry","category-meio-ambiente","tag-amazonas","tag-conservacao-ambiental","tag-manaus","tag-passarelas-de-fauna","tag-sauim-de-coleira","tag-sauim-de-manaus"],"yoast_head":"<!-- This site is optimized with the Yoast SEO plugin v26.5 - https:\/\/yoast.com\/wordpress\/plugins\/seo\/ -->\n<title>&quot;Passarelas&quot; passam a conectar fragmentos florestais em Manaus para conserva\u00e7\u00e3o do sauim-de-coleira - Jornal Fatos e Not\u00edcias<\/title>\n<meta name=\"robots\" content=\"index, follow, max-snippet:-1, max-image-preview:large, max-video-preview:-1\" \/>\n<link rel=\"canonical\" href=\"https:\/\/jornalfatosenoticias.com.br\/index.php\/2022\/08\/03\/passarelas-passam-a-conectar-fragmentos-florestais-em-manaus-para-conservacao-do-sauim-de-coleira\/\" \/>\n<meta property=\"og:locale\" content=\"pt_BR\" \/>\n<meta property=\"og:type\" content=\"article\" \/>\n<meta property=\"og:title\" content=\"&quot;Passarelas&quot; passam a conectar fragmentos florestais em Manaus para conserva\u00e7\u00e3o do sauim-de-coleira - Jornal Fatos e Not\u00edcias\" \/>\n<meta property=\"og:description\" content=\"Passagens de fauna silvestre foram instaladas em quatro pontos da cidade para contribuir com a conserva\u00e7\u00e3o da fauna, especialmente do sauim-de-coleira, esp\u00e9cie end\u00eamica da regi\u00e3o de Manaus e em risco de extin\u00e7\u00e3o Quatro passagens de animais silvestres foram instaladas por vias de Manaus em julho. As &#8220;passarelas&#8221; de fauna t\u00eam o intuito de promover a [&hellip;]\" \/>\n<meta property=\"og:url\" content=\"https:\/\/jornalfatosenoticias.com.br\/index.php\/2022\/08\/03\/passarelas-passam-a-conectar-fragmentos-florestais-em-manaus-para-conservacao-do-sauim-de-coleira\/\" \/>\n<meta property=\"og:site_name\" content=\"Jornal Fatos e Not\u00edcias\" \/>\n<meta property=\"article:published_time\" content=\"2022-08-03T13:57:35+00:00\" \/>\n<meta property=\"article:modified_time\" content=\"2022-08-03T13:57:39+00:00\" \/>\n<meta property=\"og:image\" content=\"https:\/\/jornalfatosenoticias.com.br\/wp-content\/uploads\/2022\/08\/sauim_manaus_foto_diogo-lagroteria.jpg\" \/>\n\t<meta property=\"og:image:width\" content=\"1000\" \/>\n\t<meta property=\"og:image:height\" content=\"666\" \/>\n\t<meta property=\"og:image:type\" content=\"image\/jpeg\" \/>\n<meta name=\"author\" content=\"Luzimara Fernandes\" \/>\n<meta name=\"twitter:card\" content=\"summary_large_image\" \/>\n<meta name=\"twitter:label1\" content=\"Escrito por\" \/>\n\t<meta name=\"twitter:data1\" content=\"Luzimara Fernandes\" \/>\n\t<meta name=\"twitter:label2\" content=\"Est. tempo de leitura\" \/>\n\t<meta name=\"twitter:data2\" content=\"2 minutos\" \/>\n<script type=\"application\/ld+json\" class=\"yoast-schema-graph\">{\"@context\":\"https:\/\/schema.org\",\"@graph\":[{\"@type\":\"Article\",\"@id\":\"https:\/\/jornalfatosenoticias.com.br\/index.php\/2022\/08\/03\/passarelas-passam-a-conectar-fragmentos-florestais-em-manaus-para-conservacao-do-sauim-de-coleira\/#article\",\"isPartOf\":{\"@id\":\"https:\/\/jornalfatosenoticias.com.br\/index.php\/2022\/08\/03\/passarelas-passam-a-conectar-fragmentos-florestais-em-manaus-para-conservacao-do-sauim-de-coleira\/\"},\"author\":{\"name\":\"Luzimara Fernandes\",\"@id\":\"https:\/\/jornalfatosenoticias.com.br\/#\/schema\/person\/d63837fa13ac8666eb9e74e0985d6f81\"},\"headline\":\"&#8220;Passarelas&#8221; passam a conectar fragmentos florestais em Manaus para conserva\u00e7\u00e3o do sauim-de-coleira\",\"datePublished\":\"2022-08-03T13:57:35+00:00\",\"dateModified\":\"2022-08-03T13:57:39+00:00\",\"mainEntityOfPage\":{\"@id\":\"https:\/\/jornalfatosenoticias.com.br\/index.php\/2022\/08\/03\/passarelas-passam-a-conectar-fragmentos-florestais-em-manaus-para-conservacao-do-sauim-de-coleira\/\"},\"wordCount\":454,\"commentCount\":0,\"publisher\":{\"@id\":\"https:\/\/jornalfatosenoticias.com.br\/#organization\"},\"image\":{\"@id\":\"https:\/\/jornalfatosenoticias.com.br\/index.php\/2022\/08\/03\/passarelas-passam-a-conectar-fragmentos-florestais-em-manaus-para-conservacao-do-sauim-de-coleira\/#primaryimage\"},\"thumbnailUrl\":\"https:\/\/jornalfatosenoticias.com.br\/wp-content\/uploads\/2022\/08\/sauim_manaus_foto_diogo-lagroteria.jpg\",\"keywords\":[\"Amazonas\",\"conserva\u00e7\u00e3o ambiental\",\"Manaus\",\"passarelas de fauna\",\"sauim-de-coleira\",\"sauim-de-manaus\"],\"articleSection\":[\"Meio ambiente\"],\"inLanguage\":\"pt-BR\",\"potentialAction\":[{\"@type\":\"CommentAction\",\"name\":\"Comment\",\"target\":[\"https:\/\/jornalfatosenoticias.com.br\/index.php\/2022\/08\/03\/passarelas-passam-a-conectar-fragmentos-florestais-em-manaus-para-conservacao-do-sauim-de-coleira\/#respond\"]}]},{\"@type\":\"WebPage\",\"@id\":\"https:\/\/jornalfatosenoticias.com.br\/index.php\/2022\/08\/03\/passarelas-passam-a-conectar-fragmentos-florestais-em-manaus-para-conservacao-do-sauim-de-coleira\/\",\"url\":\"https:\/\/jornalfatosenoticias.com.br\/index.php\/2022\/08\/03\/passarelas-passam-a-conectar-fragmentos-florestais-em-manaus-para-conservacao-do-sauim-de-coleira\/\",\"name\":\"\\\"Passarelas\\\" passam a conectar fragmentos florestais em Manaus para conserva\u00e7\u00e3o do sauim-de-coleira - Jornal Fatos e Not\u00edcias\",\"isPartOf\":{\"@id\":\"https:\/\/jornalfatosenoticias.com.br\/#website\"},\"primaryImageOfPage\":{\"@id\":\"https:\/\/jornalfatosenoticias.com.br\/index.php\/2022\/08\/03\/passarelas-passam-a-conectar-fragmentos-florestais-em-manaus-para-conservacao-do-sauim-de-coleira\/#primaryimage\"},\"image\":{\"@id\":\"https:\/\/jornalfatosenoticias.com.br\/index.php\/2022\/08\/03\/passarelas-passam-a-conectar-fragmentos-florestais-em-manaus-para-conservacao-do-sauim-de-coleira\/#primaryimage\"},\"thumbnailUrl\":\"https:\/\/jornalfatosenoticias.com.br\/wp-content\/uploads\/2022\/08\/sauim_manaus_foto_diogo-lagroteria.jpg\",\"datePublished\":\"2022-08-03T13:57:35+00:00\",\"dateModified\":\"2022-08-03T13:57:39+00:00\",\"breadcrumb\":{\"@id\":\"https:\/\/jornalfatosenoticias.com.br\/index.php\/2022\/08\/03\/passarelas-passam-a-conectar-fragmentos-florestais-em-manaus-para-conservacao-do-sauim-de-coleira\/#breadcrumb\"},\"inLanguage\":\"pt-BR\",\"potentialAction\":[{\"@type\":\"ReadAction\",\"target\":[\"https:\/\/jornalfatosenoticias.com.br\/index.php\/2022\/08\/03\/passarelas-passam-a-conectar-fragmentos-florestais-em-manaus-para-conservacao-do-sauim-de-coleira\/\"]}]},{\"@type\":\"ImageObject\",\"inLanguage\":\"pt-BR\",\"@id\":\"https:\/\/jornalfatosenoticias.com.br\/index.php\/2022\/08\/03\/passarelas-passam-a-conectar-fragmentos-florestais-em-manaus-para-conservacao-do-sauim-de-coleira\/#primaryimage\",\"url\":\"https:\/\/jornalfatosenoticias.com.br\/wp-content\/uploads\/2022\/08\/sauim_manaus_foto_diogo-lagroteria.jpg\",\"contentUrl\":\"https:\/\/jornalfatosenoticias.com.br\/wp-content\/uploads\/2022\/08\/sauim_manaus_foto_diogo-lagroteria.jpg\",\"width\":1000,\"height\":666},{\"@type\":\"BreadcrumbList\",\"@id\":\"https:\/\/jornalfatosenoticias.com.br\/index.php\/2022\/08\/03\/passarelas-passam-a-conectar-fragmentos-florestais-em-manaus-para-conservacao-do-sauim-de-coleira\/#breadcrumb\",\"itemListElement\":[{\"@type\":\"ListItem\",\"position\":1,\"name\":\"In\u00edcio\",\"item\":\"https:\/\/jornalfatosenoticias.com.br\/\"},{\"@type\":\"ListItem\",\"position\":2,\"name\":\"&#8220;Passarelas&#8221; passam a conectar fragmentos florestais em Manaus para conserva\u00e7\u00e3o do sauim-de-coleira\"}]},{\"@type\":\"WebSite\",\"@id\":\"https:\/\/jornalfatosenoticias.com.br\/#website\",\"url\":\"https:\/\/jornalfatosenoticias.com.br\/\",\"name\":\"Jornal Fatos e Not\u00edcias\",\"description\":\"Not\u00edcias em geral\",\"publisher\":{\"@id\":\"https:\/\/jornalfatosenoticias.com.br\/#organization\"},\"potentialAction\":[{\"@type\":\"SearchAction\",\"target\":{\"@type\":\"EntryPoint\",\"urlTemplate\":\"https:\/\/jornalfatosenoticias.com.br\/?s={search_term_string}\"},\"query-input\":{\"@type\":\"PropertyValueSpecification\",\"valueRequired\":true,\"valueName\":\"search_term_string\"}}],\"inLanguage\":\"pt-BR\"},{\"@type\":\"Organization\",\"@id\":\"https:\/\/jornalfatosenoticias.com.br\/#organization\",\"name\":\"Jornal Fatos e Not\u00edcias\",\"url\":\"https:\/\/jornalfatosenoticias.com.br\/\",\"logo\":{\"@type\":\"ImageObject\",\"inLanguage\":\"pt-BR\",\"@id\":\"https:\/\/jornalfatosenoticias.com.br\/#\/schema\/logo\/image\/\",\"url\":\"https:\/\/jornalfatosenoticias.com.br\/wp-content\/uploads\/2020\/02\/logo120.png\",\"contentUrl\":\"https:\/\/jornalfatosenoticias.com.br\/wp-content\/uploads\/2020\/02\/logo120.png\",\"width\":1227,\"height\":120,\"caption\":\"Jornal Fatos e Not\u00edcias\"},\"image\":{\"@id\":\"https:\/\/jornalfatosenoticias.com.br\/#\/schema\/logo\/image\/\"}},{\"@type\":\"Person\",\"@id\":\"https:\/\/jornalfatosenoticias.com.br\/#\/schema\/person\/d63837fa13ac8666eb9e74e0985d6f81\",\"name\":\"Luzimara Fernandes\",\"image\":{\"@type\":\"ImageObject\",\"inLanguage\":\"pt-BR\",\"@id\":\"https:\/\/jornalfatosenoticias.com.br\/#\/schema\/person\/image\/\",\"url\":\"https:\/\/jornalfatosenoticias.com.br\/wp-content\/uploads\/2025\/05\/EU_portal.jpg\",\"contentUrl\":\"https:\/\/jornalfatosenoticias.com.br\/wp-content\/uploads\/2025\/05\/EU_portal.jpg\",\"caption\":\"Luzimara Fernandes\"},\"description\":\"Jornalista MTB 2358-ES\",\"sameAs\":[\"https:\/\/jornalfatosenoticias.com.br\"],\"url\":\"https:\/\/jornalfatosenoticias.com.br\/index.php\/author\/luzimara\/\"}]}<\/script>\n<!-- \/ Yoast SEO plugin. -->","yoast_head_json":{"title":"\"Passarelas\" passam a conectar fragmentos florestais em Manaus para conserva\u00e7\u00e3o do sauim-de-coleira - Jornal Fatos e Not\u00edcias","robots":{"index":"index","follow":"follow","max-snippet":"max-snippet:-1","max-image-preview":"max-image-preview:large","max-video-preview":"max-video-preview:-1"},"canonical":"https:\/\/jornalfatosenoticias.com.br\/index.php\/2022\/08\/03\/passarelas-passam-a-conectar-fragmentos-florestais-em-manaus-para-conservacao-do-sauim-de-coleira\/","og_locale":"pt_BR","og_type":"article","og_title":"\"Passarelas\" passam a conectar fragmentos florestais em Manaus para conserva\u00e7\u00e3o do sauim-de-coleira - Jornal Fatos e Not\u00edcias","og_description":"Passagens de fauna silvestre foram instaladas em quatro pontos da cidade para contribuir com a conserva\u00e7\u00e3o da fauna, especialmente do sauim-de-coleira, esp\u00e9cie end\u00eamica da regi\u00e3o de Manaus e em risco de extin\u00e7\u00e3o Quatro passagens de animais silvestres foram instaladas por vias de Manaus em julho. As &#8220;passarelas&#8221; de fauna t\u00eam o intuito de promover a [&hellip;]","og_url":"https:\/\/jornalfatosenoticias.com.br\/index.php\/2022\/08\/03\/passarelas-passam-a-conectar-fragmentos-florestais-em-manaus-para-conservacao-do-sauim-de-coleira\/","og_site_name":"Jornal Fatos e Not\u00edcias","article_published_time":"2022-08-03T13:57:35+00:00","article_modified_time":"2022-08-03T13:57:39+00:00","og_image":[{"width":1000,"height":666,"url":"https:\/\/jornalfatosenoticias.com.br\/wp-content\/uploads\/2022\/08\/sauim_manaus_foto_diogo-lagroteria.jpg","type":"image\/jpeg"}],"author":"Luzimara Fernandes","twitter_card":"summary_large_image","twitter_misc":{"Escrito por":"Luzimara Fernandes","Est. tempo de leitura":"2 minutos"},"schema":{"@context":"https:\/\/schema.org","@graph":[{"@type":"Article","@id":"https:\/\/jornalfatosenoticias.com.br\/index.php\/2022\/08\/03\/passarelas-passam-a-conectar-fragmentos-florestais-em-manaus-para-conservacao-do-sauim-de-coleira\/#article","isPartOf":{"@id":"https:\/\/jornalfatosenoticias.com.br\/index.php\/2022\/08\/03\/passarelas-passam-a-conectar-fragmentos-florestais-em-manaus-para-conservacao-do-sauim-de-coleira\/"},"author":{"name":"Luzimara Fernandes","@id":"https:\/\/jornalfatosenoticias.com.br\/#\/schema\/person\/d63837fa13ac8666eb9e74e0985d6f81"},"headline":"&#8220;Passarelas&#8221; passam a conectar fragmentos florestais em Manaus para conserva\u00e7\u00e3o do sauim-de-coleira","datePublished":"2022-08-03T13:57:35+00:00","dateModified":"2022-08-03T13:57:39+00:00","mainEntityOfPage":{"@id":"https:\/\/jornalfatosenoticias.com.br\/index.php\/2022\/08\/03\/passarelas-passam-a-conectar-fragmentos-florestais-em-manaus-para-conservacao-do-sauim-de-coleira\/"},"wordCount":454,"commentCount":0,"publisher":{"@id":"https:\/\/jornalfatosenoticias.com.br\/#organization"},"image":{"@id":"https:\/\/jornalfatosenoticias.com.br\/index.php\/2022\/08\/03\/passarelas-passam-a-conectar-fragmentos-florestais-em-manaus-para-conservacao-do-sauim-de-coleira\/#primaryimage"},"thumbnailUrl":"https:\/\/jornalfatosenoticias.com.br\/wp-content\/uploads\/2022\/08\/sauim_manaus_foto_diogo-lagroteria.jpg","keywords":["Amazonas","conserva\u00e7\u00e3o ambiental","Manaus","passarelas de fauna","sauim-de-coleira","sauim-de-manaus"],"articleSection":["Meio ambiente"],"inLanguage":"pt-BR","potentialAction":[{"@type":"CommentAction","name":"Comment","target":["https:\/\/jornalfatosenoticias.com.br\/index.php\/2022\/08\/03\/passarelas-passam-a-conectar-fragmentos-florestais-em-manaus-para-conservacao-do-sauim-de-coleira\/#respond"]}]},{"@type":"WebPage","@id":"https:\/\/jornalfatosenoticias.com.br\/index.php\/2022\/08\/03\/passarelas-passam-a-conectar-fragmentos-florestais-em-manaus-para-conservacao-do-sauim-de-coleira\/","url":"https:\/\/jornalfatosenoticias.com.br\/index.php\/2022\/08\/03\/passarelas-passam-a-conectar-fragmentos-florestais-em-manaus-para-conservacao-do-sauim-de-coleira\/","name":"\"Passarelas\" passam a conectar fragmentos florestais em Manaus para conserva\u00e7\u00e3o do sauim-de-coleira - Jornal Fatos e Not\u00edcias","isPartOf":{"@id":"https:\/\/jornalfatosenoticias.com.br\/#website"},"primaryImageOfPage":{"@id":"https:\/\/jornalfatosenoticias.com.br\/index.php\/2022\/08\/03\/passarelas-passam-a-conectar-fragmentos-florestais-em-manaus-para-conservacao-do-sauim-de-coleira\/#primaryimage"},"image":{"@id":"https:\/\/jornalfatosenoticias.com.br\/index.php\/2022\/08\/03\/passarelas-passam-a-conectar-fragmentos-florestais-em-manaus-para-conservacao-do-sauim-de-coleira\/#primaryimage"},"thumbnailUrl":"https:\/\/jornalfatosenoticias.com.br\/wp-content\/uploads\/2022\/08\/sauim_manaus_foto_diogo-lagroteria.jpg","datePublished":"2022-08-03T13:57:35+00:00","dateModified":"2022-08-03T13:57:39+00:00","breadcrumb":{"@id":"https:\/\/jornalfatosenoticias.com.br\/index.php\/2022\/08\/03\/passarelas-passam-a-conectar-fragmentos-florestais-em-manaus-para-conservacao-do-sauim-de-coleira\/#breadcrumb"},"inLanguage":"pt-BR","potentialAction":[{"@type":"ReadAction","target":["https:\/\/jornalfatosenoticias.com.br\/index.php\/2022\/08\/03\/passarelas-passam-a-conectar-fragmentos-florestais-em-manaus-para-conservacao-do-sauim-de-coleira\/"]}]},{"@type":"ImageObject","inLanguage":"pt-BR","@id":"https:\/\/jornalfatosenoticias.com.br\/index.php\/2022\/08\/03\/passarelas-passam-a-conectar-fragmentos-florestais-em-manaus-para-conservacao-do-sauim-de-coleira\/#primaryimage","url":"https:\/\/jornalfatosenoticias.com.br\/wp-content\/uploads\/2022\/08\/sauim_manaus_foto_diogo-lagroteria.jpg","contentUrl":"https:\/\/jornalfatosenoticias.com.br\/wp-content\/uploads\/2022\/08\/sauim_manaus_foto_diogo-lagroteria.jpg","width":1000,"height":666},{"@type":"BreadcrumbList","@id":"https:\/\/jornalfatosenoticias.com.br\/index.php\/2022\/08\/03\/passarelas-passam-a-conectar-fragmentos-florestais-em-manaus-para-conservacao-do-sauim-de-coleira\/#breadcrumb","itemListElement":[{"@type":"ListItem","position":1,"name":"In\u00edcio","item":"https:\/\/jornalfatosenoticias.com.br\/"},{"@type":"ListItem","position":2,"name":"&#8220;Passarelas&#8221; passam a conectar fragmentos florestais em Manaus para conserva\u00e7\u00e3o do sauim-de-coleira"}]},{"@type":"WebSite","@id":"https:\/\/jornalfatosenoticias.com.br\/#website","url":"https:\/\/jornalfatosenoticias.com.br\/","name":"Jornal Fatos e Not\u00edcias","description":"Not\u00edcias em geral","publisher":{"@id":"https:\/\/jornalfatosenoticias.com.br\/#organization"},"potentialAction":[{"@type":"SearchAction","target":{"@type":"EntryPoint","urlTemplate":"https:\/\/jornalfatosenoticias.com.br\/?s={search_term_string}"},"query-input":{"@type":"PropertyValueSpecification","valueRequired":true,"valueName":"search_term_string"}}],"inLanguage":"pt-BR"},{"@type":"Organization","@id":"https:\/\/jornalfatosenoticias.com.br\/#organization","name":"Jornal Fatos e Not\u00edcias","url":"https:\/\/jornalfatosenoticias.com.br\/","logo":{"@type":"ImageObject","inLanguage":"pt-BR","@id":"https:\/\/jornalfatosenoticias.com.br\/#\/schema\/logo\/image\/","url":"https:\/\/jornalfatosenoticias.com.br\/wp-content\/uploads\/2020\/02\/logo120.png","contentUrl":"https:\/\/jornalfatosenoticias.com.br\/wp-content\/uploads\/2020\/02\/logo120.png","width":1227,"height":120,"caption":"Jornal Fatos e Not\u00edcias"},"image":{"@id":"https:\/\/jornalfatosenoticias.com.br\/#\/schema\/logo\/image\/"}},{"@type":"Person","@id":"https:\/\/jornalfatosenoticias.com.br\/#\/schema\/person\/d63837fa13ac8666eb9e74e0985d6f81","name":"Luzimara Fernandes","image":{"@type":"ImageObject","inLanguage":"pt-BR","@id":"https:\/\/jornalfatosenoticias.com.br\/#\/schema\/person\/image\/","url":"https:\/\/jornalfatosenoticias.com.br\/wp-content\/uploads\/2025\/05\/EU_portal.jpg","contentUrl":"https:\/\/jornalfatosenoticias.com.br\/wp-content\/uploads\/2025\/05\/EU_portal.jpg","caption":"Luzimara Fernandes"},"description":"Jornalista MTB 2358-ES","sameAs":["https:\/\/jornalfatosenoticias.com.br"],"url":"https:\/\/jornalfatosenoticias.com.br\/index.php\/author\/luzimara\/"}]}},"cc_featured_image_caption":{"caption_text":"(Foto: Diogo Lagroteria\/ICMBio) ","source_text":"","source_url":""},"jetpack_featured_media_url":"https:\/\/jornalfatosenoticias.com.br\/wp-content\/uploads\/2022\/08\/sauim_manaus_foto_diogo-lagroteria.jpg","_links":{"self":[{"href":"https:\/\/jornalfatosenoticias.com.br\/index.php\/wp-json\/wp\/v2\/posts\/32872","targetHints":{"allow":["GET"]}}],"collection":[{"href":"https:\/\/jornalfatosenoticias.com.br\/index.php\/wp-json\/wp\/v2\/posts"}],"about":[{"href":"https:\/\/jornalfatosenoticias.com.br\/index.php\/wp-json\/wp\/v2\/types\/post"}],"author":[{"embeddable":true,"href":"https:\/\/jornalfatosenoticias.com.br\/index.php\/wp-json\/wp\/v2\/users\/2"}],"replies":[{"embeddable":true,"href":"https:\/\/jornalfatosenoticias.com.br\/index.php\/wp-json\/wp\/v2\/comments?post=32872"}],"version-history":[{"count":0,"href":"https:\/\/jornalfatosenoticias.com.br\/index.php\/wp-json\/wp\/v2\/posts\/32872\/revisions"}],"wp:featuredmedia":[{"embeddable":true,"href":"https:\/\/jornalfatosenoticias.com.br\/index.php\/wp-json\/wp\/v2\/media\/32873"}],"wp:attachment":[{"href":"https:\/\/jornalfatosenoticias.com.br\/index.php\/wp-json\/wp\/v2\/media?parent=32872"}],"wp:term":[{"taxonomy":"category","embeddable":true,"href":"https:\/\/jornalfatosenoticias.com.br\/index.php\/wp-json\/wp\/v2\/categories?post=32872"},{"taxonomy":"post_tag","embeddable":true,"href":"https:\/\/jornalfatosenoticias.com.br\/index.php\/wp-json\/wp\/v2\/tags?post=32872"}],"curies":[{"name":"wp","href":"https:\/\/api.w.org\/{rel}","templated":true}]}}