{"id":32891,"date":"2022-08-03T11:46:38","date_gmt":"2022-08-03T14:46:38","guid":{"rendered":"https:\/\/jornalfatosenoticias.com.br\/?p=32891"},"modified":"2022-08-03T11:46:42","modified_gmt":"2022-08-03T14:46:42","slug":"evtol-da-archer-entra-em-fase-final-de-testes","status":"publish","type":"post","link":"https:\/\/jornalfatosenoticias.com.br\/index.php\/2022\/08\/03\/evtol-da-archer-entra-em-fase-final-de-testes\/","title":{"rendered":"EVTOL da Archer entra em fase final de testes"},"content":{"rendered":"\n<div class=\"wp-block-image\"><figure class=\"aligncenter size-large\"><img loading=\"lazy\" decoding=\"async\" width=\"1024\" height=\"100\" src=\"https:\/\/jornalfatosenoticias.com.br\/wp-content\/uploads\/2020\/02\/banner_ferramentas-1024x100.jpg\" alt=\"\" class=\"wp-image-1258\" srcset=\"https:\/\/jornalfatosenoticias.com.br\/wp-content\/uploads\/2020\/02\/banner_ferramentas-1024x100.jpg 1024w, https:\/\/jornalfatosenoticias.com.br\/wp-content\/uploads\/2020\/02\/banner_ferramentas-300x29.jpg 300w, https:\/\/jornalfatosenoticias.com.br\/wp-content\/uploads\/2020\/02\/banner_ferramentas-768x75.jpg 768w, https:\/\/jornalfatosenoticias.com.br\/wp-content\/uploads\/2020\/02\/banner_ferramentas.jpg 1227w\" sizes=\"auto, (max-width: 1024px) 100vw, 1024px\" \/><\/figure><\/div>\n\n\n\n<p>A Archer anunciou que seu eVTOL, Maker, passou para a fase final de testes. O\u00a0<a href=\"https:\/\/olhardigital.com.br\/tag\/evtol\/\" target=\"_blank\" rel=\"noreferrer noopener\">ve\u00edculo<\/a>\u00a0de decolagem e aterrissagem vertical el\u00e9trica passou por testes cr\u00edticos de\u00a0<a href=\"https:\/\/olhardigital.com.br\/tag\/voo\/\" target=\"_blank\" rel=\"noreferrer noopener\">voo<\/a> e mostrou funcionar com sucesso. Durante os testes de voo, o intuito era validar as capacidades do eVTOL em vento cruzado e dos sistemas de controle de voo, al\u00e9m da robustez de suas capacidades de decolagem e pouso.<br>Embora ainda tenha um longo caminho a percorrer, o Maker provou que pode voar a velocidades aumentadas de at\u00e9 15 n\u00f3s (17,2 mph\/27,6 km\/h) em v\u00e1rias altitudes e em todas as dire\u00e7\u00f5es. A partir de agora, o eVTOL ir\u00e1 para a terceira fase e \u00faltima fase do programa de <a href=\"https:\/\/olhardigital.com.br\/tag\/testes\/\" target=\"_blank\" rel=\"noreferrer noopener\">testes<\/a>, onde o foco ser\u00e1 a avalia\u00e7\u00e3o do desempenho do ve\u00edculo em velocidades crescentes. O intuito da companhia \u00e9 expandir para o voo de transi\u00e7\u00e3o completo at\u00e9 o final deste ano.<\/p>\n\n\n\n<div class=\"wp-block-image\"><figure class=\"aligncenter size-large is-resized\"><img loading=\"lazy\" decoding=\"async\" src=\"https:\/\/jornalfatosenoticias.com.br\/wp-content\/uploads\/2022\/07\/Logo-Grupo-SEI.jpg\" alt=\"\" class=\"wp-image-31973\" width=\"330\" height=\"173\" srcset=\"https:\/\/jornalfatosenoticias.com.br\/wp-content\/uploads\/2022\/07\/Logo-Grupo-SEI.jpg 713w, https:\/\/jornalfatosenoticias.com.br\/wp-content\/uploads\/2022\/07\/Logo-Grupo-SEI-300x158.jpg 300w\" sizes=\"auto, (max-width: 330px) 100vw, 330px\" \/><\/figure><\/div>\n\n\n\n<blockquote class=\"wp-block-quote is-layout-flow wp-block-quote-is-layout-flow\"><p><span class=\"has-inline-color has-luminous-vivid-orange-color\">\u201cCada teste de voo que realizamos nos fornece um tesouro de dados, validando nosso projeto e nos impulsionando rapidamente em dire\u00e7\u00e3o \u00e0 nossa vis\u00e3o de viagens a\u00e9reas eVTOL\u201d, disse Adam Goldstein, CEO da Archer. \u201cEste \u00faltimo marco \u00e9 realmente emocionante e n\u00e3o apenas refor\u00e7a as capacidades de nosso projeto de <a href=\"https:\/\/olhardigital.com.br\/tag\/aeronave\/\" target=\"_blank\" rel=\"noreferrer noopener\">aeronave<\/a>, mas tamb\u00e9m de nossa equipe altamente inovadora. Estamos empolgados em compartilhar mais atualiza\u00e7\u00f5es \u00e0 medida que avan\u00e7amos ainda mais a campanha nos pr\u00f3ximos meses\u201d.<\/span><\/p><\/blockquote>\n\n\n\n<div class=\"wp-block-image\"><figure class=\"aligncenter size-large is-resized\"><img loading=\"lazy\" decoding=\"async\" src=\"https:\/\/jornalfatosenoticias.com.br\/wp-content\/uploads\/2022\/06\/Casaruo1024_1.jpg\" alt=\"\" class=\"wp-image-31042\" width=\"376\" height=\"205\"\/><\/figure><\/div>\n\n\n\n<figure class=\"wp-block-embed-youtube wp-block-embed is-type-video is-provider-youtube wp-embed-aspect-16-9 wp-has-aspect-ratio\"><div class=\"wp-block-embed__wrapper\">\n<iframe loading=\"lazy\" title=\"Maker eVTOL Test Flight Recap | Critical Azimuth\" width=\"660\" height=\"371\" src=\"https:\/\/www.youtube.com\/embed\/fSebu4v7Uu4?feature=oembed\" frameborder=\"0\" allow=\"accelerometer; autoplay; clipboard-write; encrypted-media; gyroscope; picture-in-picture; web-share\" referrerpolicy=\"strict-origin-when-cross-origin\" allowfullscreen><\/iframe>\n<\/div><\/figure>\n\n\n\n<div class=\"wp-block-image\"><figure class=\"alignright size-large is-resized\"><img loading=\"lazy\" decoding=\"async\" src=\"https:\/\/jornalfatosenoticias.com.br\/wp-content\/uploads\/2020\/02\/nova-logo-Marquetti.jpg\" alt=\"\" class=\"wp-image-22331\" width=\"282\" height=\"189\" srcset=\"https:\/\/jornalfatosenoticias.com.br\/wp-content\/uploads\/2020\/02\/nova-logo-Marquetti.jpg 643w, https:\/\/jornalfatosenoticias.com.br\/wp-content\/uploads\/2020\/02\/nova-logo-Marquetti-300x202.jpg 300w\" sizes=\"auto, (max-width: 282px) 100vw, 282px\" \/><\/figure><\/div>\n\n\n\n<p>O eVTOL tem uma certa apar\u00eancia de helic\u00f3ptero e uma propuls\u00e3o el\u00e9trica distribu\u00edda que garante que, caso um ou dois de seus <a href=\"https:\/\/olhardigital.com.br\/tag\/motor\/\" target=\"_blank\" rel=\"noreferrer noopener\">motores<\/a> falhem, ele ainda poder\u00e1 manter o voo. O Maker \u00e9 projetado para viajar dist\u00e2ncias curtas de 32 a 64 km em uma velocidade m\u00e1xima de 340 km\/h. Segundo a companhia, ser\u00e1 poss\u00edvel realizar cerca de 40 viagens por dia. O eVTOL deve entrar em opera\u00e7\u00e3o em 2024.<\/p>\n\n\n\n<p><strong><em>Fonte: <a href=\"https:\/\/olhardigital.com.br\/2022\/08\/01\/carros-e-tecnologia\/evtol-da-archer-entra-em-fase-final-de-testes\/\">Olhar Digital<\/a><\/em><\/strong><\/p>\n","protected":false},"excerpt":{"rendered":"<p>A Archer anunciou que seu eVTOL, Maker, passou para a fase final de testes. O\u00a0ve\u00edculo\u00a0de decolagem e aterrissagem vertical el\u00e9trica passou por testes cr\u00edticos de\u00a0voo e mostrou funcionar com sucesso. Durante os testes de voo, o intuito era validar as capacidades do eVTOL em vento cruzado e dos sistemas de controle de voo, al\u00e9m da [&hellip;]<\/p>\n","protected":false},"author":2,"featured_media":32892,"comment_status":"open","ping_status":"open","sticky":false,"template":"","format":"standard","meta":{"footnotes":""},"categories":[9923],"tags":[15498,15499,1024,2705,5827],"class_list":["post-32891","post","type-post","status-publish","format-standard","has-post-thumbnail","hentry","category-mobilidade","tag-archer","tag-evtol-da-archer","tag-testes","tag-veiculos-eletricos","tag-voo"],"yoast_head":"<!-- This site is optimized with the Yoast SEO plugin v26.5 - https:\/\/yoast.com\/wordpress\/plugins\/seo\/ -->\n<title>EVTOL da Archer entra em fase final de testes - Jornal Fatos e Not\u00edcias<\/title>\n<meta name=\"robots\" content=\"index, follow, max-snippet:-1, max-image-preview:large, max-video-preview:-1\" \/>\n<link rel=\"canonical\" href=\"https:\/\/jornalfatosenoticias.com.br\/index.php\/2022\/08\/03\/evtol-da-archer-entra-em-fase-final-de-testes\/\" \/>\n<meta property=\"og:locale\" content=\"pt_BR\" \/>\n<meta property=\"og:type\" content=\"article\" \/>\n<meta property=\"og:title\" content=\"EVTOL da Archer entra em fase final de testes - Jornal Fatos e Not\u00edcias\" \/>\n<meta property=\"og:description\" content=\"A Archer anunciou que seu eVTOL, Maker, passou para a fase final de testes. O\u00a0ve\u00edculo\u00a0de decolagem e aterrissagem vertical el\u00e9trica passou por testes cr\u00edticos de\u00a0voo e mostrou funcionar com sucesso. Durante os testes de voo, o intuito era validar as capacidades do eVTOL em vento cruzado e dos sistemas de controle de voo, al\u00e9m da [&hellip;]\" \/>\n<meta property=\"og:url\" content=\"https:\/\/jornalfatosenoticias.com.br\/index.php\/2022\/08\/03\/evtol-da-archer-entra-em-fase-final-de-testes\/\" \/>\n<meta property=\"og:site_name\" content=\"Jornal Fatos e Not\u00edcias\" \/>\n<meta property=\"article:published_time\" content=\"2022-08-03T14:46:38+00:00\" \/>\n<meta property=\"article:modified_time\" content=\"2022-08-03T14:46:42+00:00\" \/>\n<meta property=\"og:image\" content=\"https:\/\/jornalfatosenoticias.com.br\/wp-content\/uploads\/2022\/08\/archer-s-evtol-aircraft.jpg\" \/>\n\t<meta property=\"og:image:width\" content=\"1000\" \/>\n\t<meta property=\"og:image:height\" content=\"606\" \/>\n\t<meta property=\"og:image:type\" content=\"image\/jpeg\" \/>\n<meta name=\"author\" content=\"Luzimara Fernandes\" \/>\n<meta name=\"twitter:card\" content=\"summary_large_image\" \/>\n<meta name=\"twitter:label1\" content=\"Escrito por\" \/>\n\t<meta name=\"twitter:data1\" content=\"Luzimara Fernandes\" \/>\n\t<meta name=\"twitter:label2\" content=\"Est. tempo de leitura\" \/>\n\t<meta name=\"twitter:data2\" content=\"2 minutos\" \/>\n<script type=\"application\/ld+json\" class=\"yoast-schema-graph\">{\"@context\":\"https:\/\/schema.org\",\"@graph\":[{\"@type\":\"Article\",\"@id\":\"https:\/\/jornalfatosenoticias.com.br\/index.php\/2022\/08\/03\/evtol-da-archer-entra-em-fase-final-de-testes\/#article\",\"isPartOf\":{\"@id\":\"https:\/\/jornalfatosenoticias.com.br\/index.php\/2022\/08\/03\/evtol-da-archer-entra-em-fase-final-de-testes\/\"},\"author\":{\"name\":\"Luzimara Fernandes\",\"@id\":\"https:\/\/jornalfatosenoticias.com.br\/#\/schema\/person\/d63837fa13ac8666eb9e74e0985d6f81\"},\"headline\":\"EVTOL da Archer entra em fase final de testes\",\"datePublished\":\"2022-08-03T14:46:38+00:00\",\"dateModified\":\"2022-08-03T14:46:42+00:00\",\"mainEntityOfPage\":{\"@id\":\"https:\/\/jornalfatosenoticias.com.br\/index.php\/2022\/08\/03\/evtol-da-archer-entra-em-fase-final-de-testes\/\"},\"wordCount\":334,\"commentCount\":0,\"publisher\":{\"@id\":\"https:\/\/jornalfatosenoticias.com.br\/#organization\"},\"image\":{\"@id\":\"https:\/\/jornalfatosenoticias.com.br\/index.php\/2022\/08\/03\/evtol-da-archer-entra-em-fase-final-de-testes\/#primaryimage\"},\"thumbnailUrl\":\"https:\/\/jornalfatosenoticias.com.br\/wp-content\/uploads\/2022\/08\/archer-s-evtol-aircraft.jpg\",\"keywords\":[\"Archer\",\"EVTOL da Archer\",\"testes\",\"ve\u00edculos el\u00e9tricos\",\"voo\"],\"articleSection\":[\"Mobilidade\"],\"inLanguage\":\"pt-BR\",\"potentialAction\":[{\"@type\":\"CommentAction\",\"name\":\"Comment\",\"target\":[\"https:\/\/jornalfatosenoticias.com.br\/index.php\/2022\/08\/03\/evtol-da-archer-entra-em-fase-final-de-testes\/#respond\"]}]},{\"@type\":\"WebPage\",\"@id\":\"https:\/\/jornalfatosenoticias.com.br\/index.php\/2022\/08\/03\/evtol-da-archer-entra-em-fase-final-de-testes\/\",\"url\":\"https:\/\/jornalfatosenoticias.com.br\/index.php\/2022\/08\/03\/evtol-da-archer-entra-em-fase-final-de-testes\/\",\"name\":\"EVTOL da Archer entra em fase final de testes - Jornal Fatos e Not\u00edcias\",\"isPartOf\":{\"@id\":\"https:\/\/jornalfatosenoticias.com.br\/#website\"},\"primaryImageOfPage\":{\"@id\":\"https:\/\/jornalfatosenoticias.com.br\/index.php\/2022\/08\/03\/evtol-da-archer-entra-em-fase-final-de-testes\/#primaryimage\"},\"image\":{\"@id\":\"https:\/\/jornalfatosenoticias.com.br\/index.php\/2022\/08\/03\/evtol-da-archer-entra-em-fase-final-de-testes\/#primaryimage\"},\"thumbnailUrl\":\"https:\/\/jornalfatosenoticias.com.br\/wp-content\/uploads\/2022\/08\/archer-s-evtol-aircraft.jpg\",\"datePublished\":\"2022-08-03T14:46:38+00:00\",\"dateModified\":\"2022-08-03T14:46:42+00:00\",\"breadcrumb\":{\"@id\":\"https:\/\/jornalfatosenoticias.com.br\/index.php\/2022\/08\/03\/evtol-da-archer-entra-em-fase-final-de-testes\/#breadcrumb\"},\"inLanguage\":\"pt-BR\",\"potentialAction\":[{\"@type\":\"ReadAction\",\"target\":[\"https:\/\/jornalfatosenoticias.com.br\/index.php\/2022\/08\/03\/evtol-da-archer-entra-em-fase-final-de-testes\/\"]}]},{\"@type\":\"ImageObject\",\"inLanguage\":\"pt-BR\",\"@id\":\"https:\/\/jornalfatosenoticias.com.br\/index.php\/2022\/08\/03\/evtol-da-archer-entra-em-fase-final-de-testes\/#primaryimage\",\"url\":\"https:\/\/jornalfatosenoticias.com.br\/wp-content\/uploads\/2022\/08\/archer-s-evtol-aircraft.jpg\",\"contentUrl\":\"https:\/\/jornalfatosenoticias.com.br\/wp-content\/uploads\/2022\/08\/archer-s-evtol-aircraft.jpg\",\"width\":1000,\"height\":606},{\"@type\":\"BreadcrumbList\",\"@id\":\"https:\/\/jornalfatosenoticias.com.br\/index.php\/2022\/08\/03\/evtol-da-archer-entra-em-fase-final-de-testes\/#breadcrumb\",\"itemListElement\":[{\"@type\":\"ListItem\",\"position\":1,\"name\":\"In\u00edcio\",\"item\":\"https:\/\/jornalfatosenoticias.com.br\/\"},{\"@type\":\"ListItem\",\"position\":2,\"name\":\"EVTOL da Archer entra em fase final de testes\"}]},{\"@type\":\"WebSite\",\"@id\":\"https:\/\/jornalfatosenoticias.com.br\/#website\",\"url\":\"https:\/\/jornalfatosenoticias.com.br\/\",\"name\":\"Jornal Fatos e Not\u00edcias\",\"description\":\"Not\u00edcias em geral\",\"publisher\":{\"@id\":\"https:\/\/jornalfatosenoticias.com.br\/#organization\"},\"potentialAction\":[{\"@type\":\"SearchAction\",\"target\":{\"@type\":\"EntryPoint\",\"urlTemplate\":\"https:\/\/jornalfatosenoticias.com.br\/?s={search_term_string}\"},\"query-input\":{\"@type\":\"PropertyValueSpecification\",\"valueRequired\":true,\"valueName\":\"search_term_string\"}}],\"inLanguage\":\"pt-BR\"},{\"@type\":\"Organization\",\"@id\":\"https:\/\/jornalfatosenoticias.com.br\/#organization\",\"name\":\"Jornal Fatos e Not\u00edcias\",\"url\":\"https:\/\/jornalfatosenoticias.com.br\/\",\"logo\":{\"@type\":\"ImageObject\",\"inLanguage\":\"pt-BR\",\"@id\":\"https:\/\/jornalfatosenoticias.com.br\/#\/schema\/logo\/image\/\",\"url\":\"https:\/\/jornalfatosenoticias.com.br\/wp-content\/uploads\/2020\/02\/logo120.png\",\"contentUrl\":\"https:\/\/jornalfatosenoticias.com.br\/wp-content\/uploads\/2020\/02\/logo120.png\",\"width\":1227,\"height\":120,\"caption\":\"Jornal Fatos e Not\u00edcias\"},\"image\":{\"@id\":\"https:\/\/jornalfatosenoticias.com.br\/#\/schema\/logo\/image\/\"}},{\"@type\":\"Person\",\"@id\":\"https:\/\/jornalfatosenoticias.com.br\/#\/schema\/person\/d63837fa13ac8666eb9e74e0985d6f81\",\"name\":\"Luzimara Fernandes\",\"image\":{\"@type\":\"ImageObject\",\"inLanguage\":\"pt-BR\",\"@id\":\"https:\/\/jornalfatosenoticias.com.br\/#\/schema\/person\/image\/\",\"url\":\"https:\/\/jornalfatosenoticias.com.br\/wp-content\/uploads\/2025\/05\/EU_portal.jpg\",\"contentUrl\":\"https:\/\/jornalfatosenoticias.com.br\/wp-content\/uploads\/2025\/05\/EU_portal.jpg\",\"caption\":\"Luzimara Fernandes\"},\"description\":\"Jornalista MTB 2358-ES\",\"sameAs\":[\"https:\/\/jornalfatosenoticias.com.br\"],\"url\":\"https:\/\/jornalfatosenoticias.com.br\/index.php\/author\/luzimara\/\"}]}<\/script>\n<!-- \/ Yoast SEO plugin. -->","yoast_head_json":{"title":"EVTOL da Archer entra em fase final de testes - Jornal Fatos e Not\u00edcias","robots":{"index":"index","follow":"follow","max-snippet":"max-snippet:-1","max-image-preview":"max-image-preview:large","max-video-preview":"max-video-preview:-1"},"canonical":"https:\/\/jornalfatosenoticias.com.br\/index.php\/2022\/08\/03\/evtol-da-archer-entra-em-fase-final-de-testes\/","og_locale":"pt_BR","og_type":"article","og_title":"EVTOL da Archer entra em fase final de testes - Jornal Fatos e Not\u00edcias","og_description":"A Archer anunciou que seu eVTOL, Maker, passou para a fase final de testes. O\u00a0ve\u00edculo\u00a0de decolagem e aterrissagem vertical el\u00e9trica passou por testes cr\u00edticos de\u00a0voo e mostrou funcionar com sucesso. Durante os testes de voo, o intuito era validar as capacidades do eVTOL em vento cruzado e dos sistemas de controle de voo, al\u00e9m da [&hellip;]","og_url":"https:\/\/jornalfatosenoticias.com.br\/index.php\/2022\/08\/03\/evtol-da-archer-entra-em-fase-final-de-testes\/","og_site_name":"Jornal Fatos e Not\u00edcias","article_published_time":"2022-08-03T14:46:38+00:00","article_modified_time":"2022-08-03T14:46:42+00:00","og_image":[{"width":1000,"height":606,"url":"https:\/\/jornalfatosenoticias.com.br\/wp-content\/uploads\/2022\/08\/archer-s-evtol-aircraft.jpg","type":"image\/jpeg"}],"author":"Luzimara Fernandes","twitter_card":"summary_large_image","twitter_misc":{"Escrito por":"Luzimara Fernandes","Est. tempo de leitura":"2 minutos"},"schema":{"@context":"https:\/\/schema.org","@graph":[{"@type":"Article","@id":"https:\/\/jornalfatosenoticias.com.br\/index.php\/2022\/08\/03\/evtol-da-archer-entra-em-fase-final-de-testes\/#article","isPartOf":{"@id":"https:\/\/jornalfatosenoticias.com.br\/index.php\/2022\/08\/03\/evtol-da-archer-entra-em-fase-final-de-testes\/"},"author":{"name":"Luzimara Fernandes","@id":"https:\/\/jornalfatosenoticias.com.br\/#\/schema\/person\/d63837fa13ac8666eb9e74e0985d6f81"},"headline":"EVTOL da Archer entra em fase final de testes","datePublished":"2022-08-03T14:46:38+00:00","dateModified":"2022-08-03T14:46:42+00:00","mainEntityOfPage":{"@id":"https:\/\/jornalfatosenoticias.com.br\/index.php\/2022\/08\/03\/evtol-da-archer-entra-em-fase-final-de-testes\/"},"wordCount":334,"commentCount":0,"publisher":{"@id":"https:\/\/jornalfatosenoticias.com.br\/#organization"},"image":{"@id":"https:\/\/jornalfatosenoticias.com.br\/index.php\/2022\/08\/03\/evtol-da-archer-entra-em-fase-final-de-testes\/#primaryimage"},"thumbnailUrl":"https:\/\/jornalfatosenoticias.com.br\/wp-content\/uploads\/2022\/08\/archer-s-evtol-aircraft.jpg","keywords":["Archer","EVTOL da Archer","testes","ve\u00edculos el\u00e9tricos","voo"],"articleSection":["Mobilidade"],"inLanguage":"pt-BR","potentialAction":[{"@type":"CommentAction","name":"Comment","target":["https:\/\/jornalfatosenoticias.com.br\/index.php\/2022\/08\/03\/evtol-da-archer-entra-em-fase-final-de-testes\/#respond"]}]},{"@type":"WebPage","@id":"https:\/\/jornalfatosenoticias.com.br\/index.php\/2022\/08\/03\/evtol-da-archer-entra-em-fase-final-de-testes\/","url":"https:\/\/jornalfatosenoticias.com.br\/index.php\/2022\/08\/03\/evtol-da-archer-entra-em-fase-final-de-testes\/","name":"EVTOL da Archer entra em fase final de testes - Jornal Fatos e Not\u00edcias","isPartOf":{"@id":"https:\/\/jornalfatosenoticias.com.br\/#website"},"primaryImageOfPage":{"@id":"https:\/\/jornalfatosenoticias.com.br\/index.php\/2022\/08\/03\/evtol-da-archer-entra-em-fase-final-de-testes\/#primaryimage"},"image":{"@id":"https:\/\/jornalfatosenoticias.com.br\/index.php\/2022\/08\/03\/evtol-da-archer-entra-em-fase-final-de-testes\/#primaryimage"},"thumbnailUrl":"https:\/\/jornalfatosenoticias.com.br\/wp-content\/uploads\/2022\/08\/archer-s-evtol-aircraft.jpg","datePublished":"2022-08-03T14:46:38+00:00","dateModified":"2022-08-03T14:46:42+00:00","breadcrumb":{"@id":"https:\/\/jornalfatosenoticias.com.br\/index.php\/2022\/08\/03\/evtol-da-archer-entra-em-fase-final-de-testes\/#breadcrumb"},"inLanguage":"pt-BR","potentialAction":[{"@type":"ReadAction","target":["https:\/\/jornalfatosenoticias.com.br\/index.php\/2022\/08\/03\/evtol-da-archer-entra-em-fase-final-de-testes\/"]}]},{"@type":"ImageObject","inLanguage":"pt-BR","@id":"https:\/\/jornalfatosenoticias.com.br\/index.php\/2022\/08\/03\/evtol-da-archer-entra-em-fase-final-de-testes\/#primaryimage","url":"https:\/\/jornalfatosenoticias.com.br\/wp-content\/uploads\/2022\/08\/archer-s-evtol-aircraft.jpg","contentUrl":"https:\/\/jornalfatosenoticias.com.br\/wp-content\/uploads\/2022\/08\/archer-s-evtol-aircraft.jpg","width":1000,"height":606},{"@type":"BreadcrumbList","@id":"https:\/\/jornalfatosenoticias.com.br\/index.php\/2022\/08\/03\/evtol-da-archer-entra-em-fase-final-de-testes\/#breadcrumb","itemListElement":[{"@type":"ListItem","position":1,"name":"In\u00edcio","item":"https:\/\/jornalfatosenoticias.com.br\/"},{"@type":"ListItem","position":2,"name":"EVTOL da Archer entra em fase final de testes"}]},{"@type":"WebSite","@id":"https:\/\/jornalfatosenoticias.com.br\/#website","url":"https:\/\/jornalfatosenoticias.com.br\/","name":"Jornal Fatos e Not\u00edcias","description":"Not\u00edcias em geral","publisher":{"@id":"https:\/\/jornalfatosenoticias.com.br\/#organization"},"potentialAction":[{"@type":"SearchAction","target":{"@type":"EntryPoint","urlTemplate":"https:\/\/jornalfatosenoticias.com.br\/?s={search_term_string}"},"query-input":{"@type":"PropertyValueSpecification","valueRequired":true,"valueName":"search_term_string"}}],"inLanguage":"pt-BR"},{"@type":"Organization","@id":"https:\/\/jornalfatosenoticias.com.br\/#organization","name":"Jornal Fatos e Not\u00edcias","url":"https:\/\/jornalfatosenoticias.com.br\/","logo":{"@type":"ImageObject","inLanguage":"pt-BR","@id":"https:\/\/jornalfatosenoticias.com.br\/#\/schema\/logo\/image\/","url":"https:\/\/jornalfatosenoticias.com.br\/wp-content\/uploads\/2020\/02\/logo120.png","contentUrl":"https:\/\/jornalfatosenoticias.com.br\/wp-content\/uploads\/2020\/02\/logo120.png","width":1227,"height":120,"caption":"Jornal Fatos e Not\u00edcias"},"image":{"@id":"https:\/\/jornalfatosenoticias.com.br\/#\/schema\/logo\/image\/"}},{"@type":"Person","@id":"https:\/\/jornalfatosenoticias.com.br\/#\/schema\/person\/d63837fa13ac8666eb9e74e0985d6f81","name":"Luzimara Fernandes","image":{"@type":"ImageObject","inLanguage":"pt-BR","@id":"https:\/\/jornalfatosenoticias.com.br\/#\/schema\/person\/image\/","url":"https:\/\/jornalfatosenoticias.com.br\/wp-content\/uploads\/2025\/05\/EU_portal.jpg","contentUrl":"https:\/\/jornalfatosenoticias.com.br\/wp-content\/uploads\/2025\/05\/EU_portal.jpg","caption":"Luzimara Fernandes"},"description":"Jornalista MTB 2358-ES","sameAs":["https:\/\/jornalfatosenoticias.com.br"],"url":"https:\/\/jornalfatosenoticias.com.br\/index.php\/author\/luzimara\/"}]}},"cc_featured_image_caption":{"caption_text":"(Foto: Archer\/Divulga\u00e7\u00e3o) ","source_text":"","source_url":""},"jetpack_featured_media_url":"https:\/\/jornalfatosenoticias.com.br\/wp-content\/uploads\/2022\/08\/archer-s-evtol-aircraft.jpg","_links":{"self":[{"href":"https:\/\/jornalfatosenoticias.com.br\/index.php\/wp-json\/wp\/v2\/posts\/32891","targetHints":{"allow":["GET"]}}],"collection":[{"href":"https:\/\/jornalfatosenoticias.com.br\/index.php\/wp-json\/wp\/v2\/posts"}],"about":[{"href":"https:\/\/jornalfatosenoticias.com.br\/index.php\/wp-json\/wp\/v2\/types\/post"}],"author":[{"embeddable":true,"href":"https:\/\/jornalfatosenoticias.com.br\/index.php\/wp-json\/wp\/v2\/users\/2"}],"replies":[{"embeddable":true,"href":"https:\/\/jornalfatosenoticias.com.br\/index.php\/wp-json\/wp\/v2\/comments?post=32891"}],"version-history":[{"count":0,"href":"https:\/\/jornalfatosenoticias.com.br\/index.php\/wp-json\/wp\/v2\/posts\/32891\/revisions"}],"wp:featuredmedia":[{"embeddable":true,"href":"https:\/\/jornalfatosenoticias.com.br\/index.php\/wp-json\/wp\/v2\/media\/32892"}],"wp:attachment":[{"href":"https:\/\/jornalfatosenoticias.com.br\/index.php\/wp-json\/wp\/v2\/media?parent=32891"}],"wp:term":[{"taxonomy":"category","embeddable":true,"href":"https:\/\/jornalfatosenoticias.com.br\/index.php\/wp-json\/wp\/v2\/categories?post=32891"},{"taxonomy":"post_tag","embeddable":true,"href":"https:\/\/jornalfatosenoticias.com.br\/index.php\/wp-json\/wp\/v2\/tags?post=32891"}],"curies":[{"name":"wp","href":"https:\/\/api.w.org\/{rel}","templated":true}]}}