{"id":32902,"date":"2022-08-03T13:48:18","date_gmt":"2022-08-03T16:48:18","guid":{"rendered":"https:\/\/jornalfatosenoticias.com.br\/?p=32902"},"modified":"2022-08-04T15:26:13","modified_gmt":"2022-08-04T18:26:13","slug":"eleicoes-2022-espero-um-desastre-para-o-pt","status":"publish","type":"post","link":"https:\/\/jornalfatosenoticias.com.br\/index.php\/2022\/08\/03\/eleicoes-2022-espero-um-desastre-para-o-pt\/","title":{"rendered":"Elei\u00e7\u00f5es 2022, espero um desastre para o PT"},"content":{"rendered":"\n<p><span class=\"has-inline-color has-black-color\"><em>Os petistas creem que o povo brasileiro esqueceu o desastre econ\u00f4mico que foi o governo do PT com DILMA ROUSSEF e o n\u00edvel de corrup\u00e7\u00e3o que o Brasil provou no governo de LULA<\/em><\/span><\/p>\n\n\n\n<div class=\"wp-block-image\"><figure class=\"aligncenter size-large\"><img loading=\"lazy\" decoding=\"async\" width=\"1024\" height=\"103\" src=\"https:\/\/jornalfatosenoticias.com.br\/wp-content\/uploads\/2022\/02\/Arte-Autoescola-Galatas_endereco_portal-1024x103.png\" alt=\"\" class=\"wp-image-27869\" srcset=\"https:\/\/jornalfatosenoticias.com.br\/wp-content\/uploads\/2022\/02\/Arte-Autoescola-Galatas_endereco_portal-1024x103.png 1024w, https:\/\/jornalfatosenoticias.com.br\/wp-content\/uploads\/2022\/02\/Arte-Autoescola-Galatas_endereco_portal-300x30.png 300w, https:\/\/jornalfatosenoticias.com.br\/wp-content\/uploads\/2022\/02\/Arte-Autoescola-Galatas_endereco_portal-768x77.png 768w, https:\/\/jornalfatosenoticias.com.br\/wp-content\/uploads\/2022\/02\/Arte-Autoescola-Galatas_endereco_portal.png 1223w\" sizes=\"auto, (max-width: 1024px) 100vw, 1024px\" \/><\/figure><\/div>\n\n\n\n<p><em><span class=\"has-inline-color has-luminous-vivid-orange-color\"><strong>Coluna&nbsp;<\/strong>\u2014 Na Minha Opini\u00e3o<\/span><\/em><\/p>\n\n\n\n<p>O Brasil vive uma intensa polariza\u00e7\u00e3o pol\u00edtica, como jamais houve em tempos anteriores. Se bem que, desde a abertura pol\u00edtica, ap\u00f3s o regime militar, a Esquerda brasileira competiu consigo mesma nas Elei\u00e7\u00f5es ocorridas no Pa\u00eds. O ex-Presidente LULA, inclusive, j\u00e1 declarou sua imensa satisfa\u00e7\u00e3o por constatar que em determinadas elei\u00e7\u00f5es presidenciais todos os candidatos eram de vi\u00e9s socialista.<br>Esse cen\u00e1rio s\u00f3 mudou em 2018 com a candidatura e posterior Elei\u00e7\u00e3o do Presidente JAIR BOLSONARO. O que provoca nos seus advers\u00e1rios o \u00f3dio mais intenso e isso ocorre porque ele foge da pol\u00edtica da boa vizinhan\u00e7a, da camaradagem, do fino trato ao opositor, o que p\u00f4de ser muito observado na Elei\u00e7\u00e3o Presidencial de 2014, quando DILMA disputou o segundo turno com A\u00c9CIO NEVES.<\/p>\n\n\n\n<div class=\"wp-block-image\"><figure class=\"aligncenter size-large is-resized\"><img loading=\"lazy\" decoding=\"async\" src=\"https:\/\/jornalfatosenoticias.com.br\/wp-content\/uploads\/2022\/06\/Casaruo1024_1.jpg\" alt=\"\" class=\"wp-image-31042\" width=\"406\" height=\"221\"\/><\/figure><\/div>\n\n\n\n<p>Naquelas Elei\u00e7\u00f5es foi poss\u00edvel ver claramente o \u201cpacto de n\u00e3o agress\u00e3o\u201d firmado implicitamente pelos dois candidatos durante a corrida eleitoral. Ainda que A\u00c9CIO levantasse algumas pequenas falas sobre a corrup\u00e7\u00e3o praticada pelo governo petista, Nele n\u00e3o existia nenhum arcabou\u00e7o moral e, principalmente, psicol\u00f3gico capaz de passar para a popula\u00e7\u00e3o a imagem de que era diferente, at\u00e9 porque seu governo no Estado de Minas Gerais j\u00e1 vivia graves acusa\u00e7\u00f5es de ilegalidades e desmandos.<br>A insatisfa\u00e7\u00e3o com o modo grosseiro e indelicado pelo qual os advers\u00e1rios de JAIR BOLSONARO s\u00e3o tratados, a falta de espa\u00e7o para velhos pol\u00edticos aproveitadores, que vendiam apoio ao Presidente em troca de dinheiro, cargo e emprego no governo e nas empresas estatais, fez com que, nessas Elei\u00e7\u00f5es de 2022, a grande maioria dos partidos pol\u00edticos se colocasse numa frente de batalha contra JAIR MESSIAS BOLSONARO.<\/p>\n\n\n\n<div class=\"wp-block-image\"><figure class=\"alignleft size-large is-resized\"><img loading=\"lazy\" decoding=\"async\" src=\"https:\/\/jornalfatosenoticias.com.br\/wp-content\/uploads\/2022\/07\/Logo-Grupo-SEI.jpg\" alt=\"\" class=\"wp-image-31973\" width=\"332\" height=\"175\" srcset=\"https:\/\/jornalfatosenoticias.com.br\/wp-content\/uploads\/2022\/07\/Logo-Grupo-SEI.jpg 713w, https:\/\/jornalfatosenoticias.com.br\/wp-content\/uploads\/2022\/07\/Logo-Grupo-SEI-300x158.jpg 300w\" sizes=\"auto, (max-width: 332px) 100vw, 332px\" \/><\/figure><\/div>\n\n\n\n<p>Existem analistas dizendo que essa estrat\u00e9gia tem sido usada no mundo inteiro para destruir os candidatos Direitistas, que geralmente defendem valores sociais e morais da fam\u00edlia, da f\u00e9 crist\u00e3, da liberdade e do nacionalismo. Por anos esses valores foram desprezados pelos partidos socialistas, incluindo o PT, que nunca ligou para a bandeira e os s\u00edmbolos nacionais e, seguindo a cartilha de LENIN, valorizou mais o partido pol\u00edtico e o projeto de implantar uma comunidade latina de na\u00e7\u00f5es socialistas.<br>Em 2022 v\u00e1rios partidos pol\u00edticos estar\u00e3o reunidos contra o que definem como inimigo comum que, na verdade, \u00e9 inimigo deste sistema predat\u00f3rio que se tornou a pol\u00edtica brasileira. Em vozes un\u00edssonas todos atacam o Presidente JAIR BOLSONARO e se juntam ou, no m\u00e1ximo, calam a boca para a amea\u00e7a real da volta de um governo que foi respons\u00e1vel pelo maior esquema de corrup\u00e7\u00e3o que o mundo j\u00e1 viu.<\/p>\n\n\n\n<div class=\"wp-block-image\"><figure class=\"aligncenter size-large is-resized\"><img loading=\"lazy\" decoding=\"async\" src=\"https:\/\/jornalfatosenoticias.com.br\/wp-content\/uploads\/2022\/07\/Assinatura-Marketing-1024x300.png\" alt=\"\" class=\"wp-image-31962\" width=\"416\" height=\"121\" srcset=\"https:\/\/jornalfatosenoticias.com.br\/wp-content\/uploads\/2022\/07\/Assinatura-Marketing-1024x300.png 1024w, https:\/\/jornalfatosenoticias.com.br\/wp-content\/uploads\/2022\/07\/Assinatura-Marketing-300x88.png 300w, https:\/\/jornalfatosenoticias.com.br\/wp-content\/uploads\/2022\/07\/Assinatura-Marketing-768x225.png 768w, https:\/\/jornalfatosenoticias.com.br\/wp-content\/uploads\/2022\/07\/Assinatura-Marketing-1536x451.png 1536w, https:\/\/jornalfatosenoticias.com.br\/wp-content\/uploads\/2022\/07\/Assinatura-Marketing-2048x601.png 2048w\" sizes=\"auto, (max-width: 416px) 100vw, 416px\" \/><\/figure><\/div>\n\n\n\n<p>Mas, creio eu que, 2022 ser\u00e1 um desastre pol\u00edtico para o PT, mesmo com o apoio da velha guarda da pol\u00edtica nacional, da m\u00eddia, de boa parte da c\u00fapula do Poder Judici\u00e1rio e de muitos partidos pol\u00edticos, que se juntaram acreditando que ganhar\u00e3o as elei\u00e7\u00f5es, partindo do pressuposto de que LUIZ IN\u00c1CIO LULA DA SILVA \u00e9 o melhor candidato para derrotar BOLSONARO.<br>Esse pessoal cr\u00ea que o povo brasileiro esqueceu o desastre econ\u00f4mico que foi o governo do PT com DILMA ROUSSEF e o n\u00edvel de corrup\u00e7\u00e3o que o Brasil provou no governo de LULA. Acontece que, para fazer essas alian\u00e7as, o PT est\u00e1 abrindo m\u00e3o de candidaturas pr\u00f3prias em v\u00e1rios Estados da Federa\u00e7\u00e3o porque precisa acomodar, nas poucas vagas que as elei\u00e7\u00f5es proporcionam, os diversos partidos pol\u00edticos e seus apoiadores.<\/p>\n\n\n\n<div class=\"wp-block-image\"><figure class=\"alignright size-large is-resized\"><img loading=\"lazy\" decoding=\"async\" src=\"https:\/\/jornalfatosenoticias.com.br\/wp-content\/uploads\/2020\/02\/nova-logo-Marquetti.jpg\" alt=\"\" class=\"wp-image-22331\" width=\"300\" height=\"201\" srcset=\"https:\/\/jornalfatosenoticias.com.br\/wp-content\/uploads\/2020\/02\/nova-logo-Marquetti.jpg 643w, https:\/\/jornalfatosenoticias.com.br\/wp-content\/uploads\/2020\/02\/nova-logo-Marquetti-300x202.jpg 300w\" sizes=\"auto, (max-width: 300px) 100vw, 300px\" \/><\/figure><\/div>\n\n\n\n<p>Fazendo assim, o PT abandona a principal caracter\u00edstica que manteve durante todos esses anos de exist\u00eancia, que era n\u00e3o se juntar com outros partidos, a n\u00e3o ser que fossem os \u201ccabe\u00e7as\u201d. O PT sempre escolheu ser o protagonista das pr\u00f3prias hist\u00f3rias, tanto em n\u00edvel nacional, quanto estadual ou municipal, lan\u00e7ando suas candidaturas para todos os cargos, ainda que fossem invi\u00e1veis ou com poucas chances de vit\u00f3ria.<br>Desta vez, no novo arranjo que as coliga\u00e7\u00f5es, apoios e parcerias exigem, o Partido dos Trabalhadores est\u00e1 sendo obrigado a retirar candidaturas pr\u00f3prias para apoiar candidaturas de outros partidos, perdendo a chance de manter ou aumentar o n\u00famero de cadeiras ocupadas no Parlamento Nacional ou nos Governos Estaduais, por acreditar que vale a pena pagar esse pre\u00e7o para receber o apoio desses pol\u00edticos ao seu exponente maior, que \u00e9 a candidatura do ex-presidente LULA.<\/p>\n\n\n\n<div class=\"wp-block-image\"><figure class=\"alignleft size-large is-resized\"><img loading=\"lazy\" decoding=\"async\" src=\"https:\/\/jornalfatosenoticias.com.br\/wp-content\/uploads\/2022\/02\/Precisao-Contabilidade-1024x724.jpg\" alt=\"\" class=\"wp-image-28088\" width=\"292\" height=\"206\"\/><\/figure><\/div>\n\n\n\n<p>Essa estrat\u00e9gia vai custar caro ao PT, a ponto de se tornar um desastre pol\u00edtico para o PARTIDO DOS TRABALHADORES. Fruto dessas alian\u00e7as, veremos, em 2022, o PT reduzir de 56 para 40 o n\u00famero de Deputados Federais e de sete para seis o n\u00famero de Senadores da bancada no Congresso Nacional. As minhas palavras est\u00e3o lan\u00e7adas. Agora resta esperar o pr\u00f3ximo dia 2 de outubro de 2022.<\/p>\n\n\n\n<div class=\"wp-block-image\"><figure class=\"alignleft size-large is-resized\"><img loading=\"lazy\" decoding=\"async\" src=\"https:\/\/jornalfatosenoticias.com.br\/wp-content\/uploads\/2022\/03\/delegado_Marcio2-removebg-preview.png\" alt=\"\" class=\"wp-image-28454\" width=\"241\" height=\"234\" srcset=\"https:\/\/jornalfatosenoticias.com.br\/wp-content\/uploads\/2022\/03\/delegado_Marcio2-removebg-preview.png 507w, https:\/\/jornalfatosenoticias.com.br\/wp-content\/uploads\/2022\/03\/delegado_Marcio2-removebg-preview-300x291.png 300w\" sizes=\"auto, (max-width: 241px) 100vw, 241px\" \/><figcaption><span class=\"has-inline-color has-black-color\"><strong><em>Delegado Federal M\u00e1rcio Greik<\/em><\/strong><br><\/span><br><\/figcaption><\/figure><\/div>\n","protected":false},"excerpt":{"rendered":"<p>Os petistas creem que o povo brasileiro esqueceu o desastre econ\u00f4mico que foi o governo do PT com DILMA ROUSSEF e o n\u00edvel de corrup\u00e7\u00e3o que o Brasil provou no governo de LULA Coluna&nbsp;\u2014 Na Minha Opini\u00e3o O Brasil vive uma intensa polariza\u00e7\u00e3o pol\u00edtica, como jamais houve em tempos anteriores. Se bem que, desde a [&hellip;]<\/p>\n","protected":false},"author":2,"featured_media":32913,"comment_status":"open","ping_status":"open","sticky":false,"template":"","format":"standard","meta":{"footnotes":""},"categories":[10],"tags":[2129,10150,15324,13186],"class_list":["post-32902","post","type-post","status-publish","format-standard","has-post-thumbnail","hentry","category-politica","tag-corrupcao","tag-eleicoes-2022","tag-polarizacao-politica","tag-pt"],"yoast_head":"<!-- This site is optimized with the Yoast SEO plugin v26.5 - https:\/\/yoast.com\/wordpress\/plugins\/seo\/ -->\n<title>Elei\u00e7\u00f5es 2022, espero um desastre para o PT - Jornal Fatos e Not\u00edcias<\/title>\n<meta name=\"robots\" content=\"index, follow, max-snippet:-1, max-image-preview:large, max-video-preview:-1\" \/>\n<link rel=\"canonical\" href=\"https:\/\/jornalfatosenoticias.com.br\/index.php\/2022\/08\/03\/eleicoes-2022-espero-um-desastre-para-o-pt\/\" \/>\n<meta property=\"og:locale\" content=\"pt_BR\" \/>\n<meta property=\"og:type\" content=\"article\" \/>\n<meta property=\"og:title\" content=\"Elei\u00e7\u00f5es 2022, espero um desastre para o PT - Jornal Fatos e Not\u00edcias\" \/>\n<meta property=\"og:description\" content=\"Os petistas creem que o povo brasileiro esqueceu o desastre econ\u00f4mico que foi o governo do PT com DILMA ROUSSEF e o n\u00edvel de corrup\u00e7\u00e3o que o Brasil provou no governo de LULA Coluna&nbsp;\u2014 Na Minha Opini\u00e3o O Brasil vive uma intensa polariza\u00e7\u00e3o pol\u00edtica, como jamais houve em tempos anteriores. Se bem que, desde a [&hellip;]\" \/>\n<meta property=\"og:url\" content=\"https:\/\/jornalfatosenoticias.com.br\/index.php\/2022\/08\/03\/eleicoes-2022-espero-um-desastre-para-o-pt\/\" \/>\n<meta property=\"og:site_name\" content=\"Jornal Fatos e Not\u00edcias\" \/>\n<meta property=\"article:published_time\" content=\"2022-08-03T16:48:18+00:00\" \/>\n<meta property=\"article:modified_time\" content=\"2022-08-04T18:26:13+00:00\" \/>\n<meta property=\"og:image\" content=\"https:\/\/jornalfatosenoticias.com.br\/wp-content\/uploads\/2022\/08\/DERROCADA-PT.jpg\" \/>\n\t<meta property=\"og:image:width\" content=\"1000\" \/>\n\t<meta property=\"og:image:height\" content=\"608\" \/>\n\t<meta property=\"og:image:type\" content=\"image\/jpeg\" \/>\n<meta name=\"author\" content=\"Luzimara Fernandes\" \/>\n<meta name=\"twitter:card\" content=\"summary_large_image\" \/>\n<meta name=\"twitter:label1\" content=\"Escrito por\" \/>\n\t<meta name=\"twitter:data1\" content=\"Luzimara Fernandes\" \/>\n\t<meta name=\"twitter:label2\" content=\"Est. tempo de leitura\" \/>\n\t<meta name=\"twitter:data2\" content=\"4 minutos\" \/>\n<script type=\"application\/ld+json\" class=\"yoast-schema-graph\">{\"@context\":\"https:\/\/schema.org\",\"@graph\":[{\"@type\":\"Article\",\"@id\":\"https:\/\/jornalfatosenoticias.com.br\/index.php\/2022\/08\/03\/eleicoes-2022-espero-um-desastre-para-o-pt\/#article\",\"isPartOf\":{\"@id\":\"https:\/\/jornalfatosenoticias.com.br\/index.php\/2022\/08\/03\/eleicoes-2022-espero-um-desastre-para-o-pt\/\"},\"author\":{\"name\":\"Luzimara Fernandes\",\"@id\":\"https:\/\/jornalfatosenoticias.com.br\/#\/schema\/person\/d63837fa13ac8666eb9e74e0985d6f81\"},\"headline\":\"Elei\u00e7\u00f5es 2022, espero um desastre para o PT\",\"datePublished\":\"2022-08-03T16:48:18+00:00\",\"dateModified\":\"2022-08-04T18:26:13+00:00\",\"mainEntityOfPage\":{\"@id\":\"https:\/\/jornalfatosenoticias.com.br\/index.php\/2022\/08\/03\/eleicoes-2022-espero-um-desastre-para-o-pt\/\"},\"wordCount\":880,\"commentCount\":0,\"publisher\":{\"@id\":\"https:\/\/jornalfatosenoticias.com.br\/#organization\"},\"image\":{\"@id\":\"https:\/\/jornalfatosenoticias.com.br\/index.php\/2022\/08\/03\/eleicoes-2022-espero-um-desastre-para-o-pt\/#primaryimage\"},\"thumbnailUrl\":\"https:\/\/jornalfatosenoticias.com.br\/wp-content\/uploads\/2022\/08\/DERROCADA-PT.jpg\",\"keywords\":[\"corrup\u00e7\u00e3o\",\"elei\u00e7\u00f5es 2022\",\"polariza\u00e7\u00e3o pol\u00edtica\",\"PT\"],\"articleSection\":[\"Pol\u00edtica\"],\"inLanguage\":\"pt-BR\",\"potentialAction\":[{\"@type\":\"CommentAction\",\"name\":\"Comment\",\"target\":[\"https:\/\/jornalfatosenoticias.com.br\/index.php\/2022\/08\/03\/eleicoes-2022-espero-um-desastre-para-o-pt\/#respond\"]}]},{\"@type\":\"WebPage\",\"@id\":\"https:\/\/jornalfatosenoticias.com.br\/index.php\/2022\/08\/03\/eleicoes-2022-espero-um-desastre-para-o-pt\/\",\"url\":\"https:\/\/jornalfatosenoticias.com.br\/index.php\/2022\/08\/03\/eleicoes-2022-espero-um-desastre-para-o-pt\/\",\"name\":\"Elei\u00e7\u00f5es 2022, espero um desastre para o PT - Jornal Fatos e Not\u00edcias\",\"isPartOf\":{\"@id\":\"https:\/\/jornalfatosenoticias.com.br\/#website\"},\"primaryImageOfPage\":{\"@id\":\"https:\/\/jornalfatosenoticias.com.br\/index.php\/2022\/08\/03\/eleicoes-2022-espero-um-desastre-para-o-pt\/#primaryimage\"},\"image\":{\"@id\":\"https:\/\/jornalfatosenoticias.com.br\/index.php\/2022\/08\/03\/eleicoes-2022-espero-um-desastre-para-o-pt\/#primaryimage\"},\"thumbnailUrl\":\"https:\/\/jornalfatosenoticias.com.br\/wp-content\/uploads\/2022\/08\/DERROCADA-PT.jpg\",\"datePublished\":\"2022-08-03T16:48:18+00:00\",\"dateModified\":\"2022-08-04T18:26:13+00:00\",\"breadcrumb\":{\"@id\":\"https:\/\/jornalfatosenoticias.com.br\/index.php\/2022\/08\/03\/eleicoes-2022-espero-um-desastre-para-o-pt\/#breadcrumb\"},\"inLanguage\":\"pt-BR\",\"potentialAction\":[{\"@type\":\"ReadAction\",\"target\":[\"https:\/\/jornalfatosenoticias.com.br\/index.php\/2022\/08\/03\/eleicoes-2022-espero-um-desastre-para-o-pt\/\"]}]},{\"@type\":\"ImageObject\",\"inLanguage\":\"pt-BR\",\"@id\":\"https:\/\/jornalfatosenoticias.com.br\/index.php\/2022\/08\/03\/eleicoes-2022-espero-um-desastre-para-o-pt\/#primaryimage\",\"url\":\"https:\/\/jornalfatosenoticias.com.br\/wp-content\/uploads\/2022\/08\/DERROCADA-PT.jpg\",\"contentUrl\":\"https:\/\/jornalfatosenoticias.com.br\/wp-content\/uploads\/2022\/08\/DERROCADA-PT.jpg\",\"width\":1000,\"height\":608},{\"@type\":\"BreadcrumbList\",\"@id\":\"https:\/\/jornalfatosenoticias.com.br\/index.php\/2022\/08\/03\/eleicoes-2022-espero-um-desastre-para-o-pt\/#breadcrumb\",\"itemListElement\":[{\"@type\":\"ListItem\",\"position\":1,\"name\":\"In\u00edcio\",\"item\":\"https:\/\/jornalfatosenoticias.com.br\/\"},{\"@type\":\"ListItem\",\"position\":2,\"name\":\"Elei\u00e7\u00f5es 2022, espero um desastre para o PT\"}]},{\"@type\":\"WebSite\",\"@id\":\"https:\/\/jornalfatosenoticias.com.br\/#website\",\"url\":\"https:\/\/jornalfatosenoticias.com.br\/\",\"name\":\"Jornal Fatos e Not\u00edcias\",\"description\":\"Not\u00edcias em geral\",\"publisher\":{\"@id\":\"https:\/\/jornalfatosenoticias.com.br\/#organization\"},\"potentialAction\":[{\"@type\":\"SearchAction\",\"target\":{\"@type\":\"EntryPoint\",\"urlTemplate\":\"https:\/\/jornalfatosenoticias.com.br\/?s={search_term_string}\"},\"query-input\":{\"@type\":\"PropertyValueSpecification\",\"valueRequired\":true,\"valueName\":\"search_term_string\"}}],\"inLanguage\":\"pt-BR\"},{\"@type\":\"Organization\",\"@id\":\"https:\/\/jornalfatosenoticias.com.br\/#organization\",\"name\":\"Jornal Fatos e Not\u00edcias\",\"url\":\"https:\/\/jornalfatosenoticias.com.br\/\",\"logo\":{\"@type\":\"ImageObject\",\"inLanguage\":\"pt-BR\",\"@id\":\"https:\/\/jornalfatosenoticias.com.br\/#\/schema\/logo\/image\/\",\"url\":\"https:\/\/jornalfatosenoticias.com.br\/wp-content\/uploads\/2020\/02\/logo120.png\",\"contentUrl\":\"https:\/\/jornalfatosenoticias.com.br\/wp-content\/uploads\/2020\/02\/logo120.png\",\"width\":1227,\"height\":120,\"caption\":\"Jornal Fatos e Not\u00edcias\"},\"image\":{\"@id\":\"https:\/\/jornalfatosenoticias.com.br\/#\/schema\/logo\/image\/\"}},{\"@type\":\"Person\",\"@id\":\"https:\/\/jornalfatosenoticias.com.br\/#\/schema\/person\/d63837fa13ac8666eb9e74e0985d6f81\",\"name\":\"Luzimara Fernandes\",\"image\":{\"@type\":\"ImageObject\",\"inLanguage\":\"pt-BR\",\"@id\":\"https:\/\/jornalfatosenoticias.com.br\/#\/schema\/person\/image\/\",\"url\":\"https:\/\/jornalfatosenoticias.com.br\/wp-content\/uploads\/2025\/05\/EU_portal.jpg\",\"contentUrl\":\"https:\/\/jornalfatosenoticias.com.br\/wp-content\/uploads\/2025\/05\/EU_portal.jpg\",\"caption\":\"Luzimara Fernandes\"},\"description\":\"Jornalista MTB 2358-ES\",\"sameAs\":[\"https:\/\/jornalfatosenoticias.com.br\"],\"url\":\"https:\/\/jornalfatosenoticias.com.br\/index.php\/author\/luzimara\/\"}]}<\/script>\n<!-- \/ Yoast SEO plugin. -->","yoast_head_json":{"title":"Elei\u00e7\u00f5es 2022, espero um desastre para o PT - Jornal Fatos e Not\u00edcias","robots":{"index":"index","follow":"follow","max-snippet":"max-snippet:-1","max-image-preview":"max-image-preview:large","max-video-preview":"max-video-preview:-1"},"canonical":"https:\/\/jornalfatosenoticias.com.br\/index.php\/2022\/08\/03\/eleicoes-2022-espero-um-desastre-para-o-pt\/","og_locale":"pt_BR","og_type":"article","og_title":"Elei\u00e7\u00f5es 2022, espero um desastre para o PT - Jornal Fatos e Not\u00edcias","og_description":"Os petistas creem que o povo brasileiro esqueceu o desastre econ\u00f4mico que foi o governo do PT com DILMA ROUSSEF e o n\u00edvel de corrup\u00e7\u00e3o que o Brasil provou no governo de LULA Coluna&nbsp;\u2014 Na Minha Opini\u00e3o O Brasil vive uma intensa polariza\u00e7\u00e3o pol\u00edtica, como jamais houve em tempos anteriores. Se bem que, desde a [&hellip;]","og_url":"https:\/\/jornalfatosenoticias.com.br\/index.php\/2022\/08\/03\/eleicoes-2022-espero-um-desastre-para-o-pt\/","og_site_name":"Jornal Fatos e Not\u00edcias","article_published_time":"2022-08-03T16:48:18+00:00","article_modified_time":"2022-08-04T18:26:13+00:00","og_image":[{"width":1000,"height":608,"url":"https:\/\/jornalfatosenoticias.com.br\/wp-content\/uploads\/2022\/08\/DERROCADA-PT.jpg","type":"image\/jpeg"}],"author":"Luzimara Fernandes","twitter_card":"summary_large_image","twitter_misc":{"Escrito por":"Luzimara Fernandes","Est. tempo de leitura":"4 minutos"},"schema":{"@context":"https:\/\/schema.org","@graph":[{"@type":"Article","@id":"https:\/\/jornalfatosenoticias.com.br\/index.php\/2022\/08\/03\/eleicoes-2022-espero-um-desastre-para-o-pt\/#article","isPartOf":{"@id":"https:\/\/jornalfatosenoticias.com.br\/index.php\/2022\/08\/03\/eleicoes-2022-espero-um-desastre-para-o-pt\/"},"author":{"name":"Luzimara Fernandes","@id":"https:\/\/jornalfatosenoticias.com.br\/#\/schema\/person\/d63837fa13ac8666eb9e74e0985d6f81"},"headline":"Elei\u00e7\u00f5es 2022, espero um desastre para o PT","datePublished":"2022-08-03T16:48:18+00:00","dateModified":"2022-08-04T18:26:13+00:00","mainEntityOfPage":{"@id":"https:\/\/jornalfatosenoticias.com.br\/index.php\/2022\/08\/03\/eleicoes-2022-espero-um-desastre-para-o-pt\/"},"wordCount":880,"commentCount":0,"publisher":{"@id":"https:\/\/jornalfatosenoticias.com.br\/#organization"},"image":{"@id":"https:\/\/jornalfatosenoticias.com.br\/index.php\/2022\/08\/03\/eleicoes-2022-espero-um-desastre-para-o-pt\/#primaryimage"},"thumbnailUrl":"https:\/\/jornalfatosenoticias.com.br\/wp-content\/uploads\/2022\/08\/DERROCADA-PT.jpg","keywords":["corrup\u00e7\u00e3o","elei\u00e7\u00f5es 2022","polariza\u00e7\u00e3o pol\u00edtica","PT"],"articleSection":["Pol\u00edtica"],"inLanguage":"pt-BR","potentialAction":[{"@type":"CommentAction","name":"Comment","target":["https:\/\/jornalfatosenoticias.com.br\/index.php\/2022\/08\/03\/eleicoes-2022-espero-um-desastre-para-o-pt\/#respond"]}]},{"@type":"WebPage","@id":"https:\/\/jornalfatosenoticias.com.br\/index.php\/2022\/08\/03\/eleicoes-2022-espero-um-desastre-para-o-pt\/","url":"https:\/\/jornalfatosenoticias.com.br\/index.php\/2022\/08\/03\/eleicoes-2022-espero-um-desastre-para-o-pt\/","name":"Elei\u00e7\u00f5es 2022, espero um desastre para o PT - Jornal Fatos e Not\u00edcias","isPartOf":{"@id":"https:\/\/jornalfatosenoticias.com.br\/#website"},"primaryImageOfPage":{"@id":"https:\/\/jornalfatosenoticias.com.br\/index.php\/2022\/08\/03\/eleicoes-2022-espero-um-desastre-para-o-pt\/#primaryimage"},"image":{"@id":"https:\/\/jornalfatosenoticias.com.br\/index.php\/2022\/08\/03\/eleicoes-2022-espero-um-desastre-para-o-pt\/#primaryimage"},"thumbnailUrl":"https:\/\/jornalfatosenoticias.com.br\/wp-content\/uploads\/2022\/08\/DERROCADA-PT.jpg","datePublished":"2022-08-03T16:48:18+00:00","dateModified":"2022-08-04T18:26:13+00:00","breadcrumb":{"@id":"https:\/\/jornalfatosenoticias.com.br\/index.php\/2022\/08\/03\/eleicoes-2022-espero-um-desastre-para-o-pt\/#breadcrumb"},"inLanguage":"pt-BR","potentialAction":[{"@type":"ReadAction","target":["https:\/\/jornalfatosenoticias.com.br\/index.php\/2022\/08\/03\/eleicoes-2022-espero-um-desastre-para-o-pt\/"]}]},{"@type":"ImageObject","inLanguage":"pt-BR","@id":"https:\/\/jornalfatosenoticias.com.br\/index.php\/2022\/08\/03\/eleicoes-2022-espero-um-desastre-para-o-pt\/#primaryimage","url":"https:\/\/jornalfatosenoticias.com.br\/wp-content\/uploads\/2022\/08\/DERROCADA-PT.jpg","contentUrl":"https:\/\/jornalfatosenoticias.com.br\/wp-content\/uploads\/2022\/08\/DERROCADA-PT.jpg","width":1000,"height":608},{"@type":"BreadcrumbList","@id":"https:\/\/jornalfatosenoticias.com.br\/index.php\/2022\/08\/03\/eleicoes-2022-espero-um-desastre-para-o-pt\/#breadcrumb","itemListElement":[{"@type":"ListItem","position":1,"name":"In\u00edcio","item":"https:\/\/jornalfatosenoticias.com.br\/"},{"@type":"ListItem","position":2,"name":"Elei\u00e7\u00f5es 2022, espero um desastre para o PT"}]},{"@type":"WebSite","@id":"https:\/\/jornalfatosenoticias.com.br\/#website","url":"https:\/\/jornalfatosenoticias.com.br\/","name":"Jornal Fatos e Not\u00edcias","description":"Not\u00edcias em geral","publisher":{"@id":"https:\/\/jornalfatosenoticias.com.br\/#organization"},"potentialAction":[{"@type":"SearchAction","target":{"@type":"EntryPoint","urlTemplate":"https:\/\/jornalfatosenoticias.com.br\/?s={search_term_string}"},"query-input":{"@type":"PropertyValueSpecification","valueRequired":true,"valueName":"search_term_string"}}],"inLanguage":"pt-BR"},{"@type":"Organization","@id":"https:\/\/jornalfatosenoticias.com.br\/#organization","name":"Jornal Fatos e Not\u00edcias","url":"https:\/\/jornalfatosenoticias.com.br\/","logo":{"@type":"ImageObject","inLanguage":"pt-BR","@id":"https:\/\/jornalfatosenoticias.com.br\/#\/schema\/logo\/image\/","url":"https:\/\/jornalfatosenoticias.com.br\/wp-content\/uploads\/2020\/02\/logo120.png","contentUrl":"https:\/\/jornalfatosenoticias.com.br\/wp-content\/uploads\/2020\/02\/logo120.png","width":1227,"height":120,"caption":"Jornal Fatos e Not\u00edcias"},"image":{"@id":"https:\/\/jornalfatosenoticias.com.br\/#\/schema\/logo\/image\/"}},{"@type":"Person","@id":"https:\/\/jornalfatosenoticias.com.br\/#\/schema\/person\/d63837fa13ac8666eb9e74e0985d6f81","name":"Luzimara Fernandes","image":{"@type":"ImageObject","inLanguage":"pt-BR","@id":"https:\/\/jornalfatosenoticias.com.br\/#\/schema\/person\/image\/","url":"https:\/\/jornalfatosenoticias.com.br\/wp-content\/uploads\/2025\/05\/EU_portal.jpg","contentUrl":"https:\/\/jornalfatosenoticias.com.br\/wp-content\/uploads\/2025\/05\/EU_portal.jpg","caption":"Luzimara Fernandes"},"description":"Jornalista MTB 2358-ES","sameAs":["https:\/\/jornalfatosenoticias.com.br"],"url":"https:\/\/jornalfatosenoticias.com.br\/index.php\/author\/luzimara\/"}]}},"cc_featured_image_caption":{"caption_text":"(Foto: Reprodu\u00e7\u00e3o\/Twitter) ","source_text":"","source_url":""},"jetpack_featured_media_url":"https:\/\/jornalfatosenoticias.com.br\/wp-content\/uploads\/2022\/08\/DERROCADA-PT.jpg","_links":{"self":[{"href":"https:\/\/jornalfatosenoticias.com.br\/index.php\/wp-json\/wp\/v2\/posts\/32902","targetHints":{"allow":["GET"]}}],"collection":[{"href":"https:\/\/jornalfatosenoticias.com.br\/index.php\/wp-json\/wp\/v2\/posts"}],"about":[{"href":"https:\/\/jornalfatosenoticias.com.br\/index.php\/wp-json\/wp\/v2\/types\/post"}],"author":[{"embeddable":true,"href":"https:\/\/jornalfatosenoticias.com.br\/index.php\/wp-json\/wp\/v2\/users\/2"}],"replies":[{"embeddable":true,"href":"https:\/\/jornalfatosenoticias.com.br\/index.php\/wp-json\/wp\/v2\/comments?post=32902"}],"version-history":[{"count":0,"href":"https:\/\/jornalfatosenoticias.com.br\/index.php\/wp-json\/wp\/v2\/posts\/32902\/revisions"}],"wp:featuredmedia":[{"embeddable":true,"href":"https:\/\/jornalfatosenoticias.com.br\/index.php\/wp-json\/wp\/v2\/media\/32913"}],"wp:attachment":[{"href":"https:\/\/jornalfatosenoticias.com.br\/index.php\/wp-json\/wp\/v2\/media?parent=32902"}],"wp:term":[{"taxonomy":"category","embeddable":true,"href":"https:\/\/jornalfatosenoticias.com.br\/index.php\/wp-json\/wp\/v2\/categories?post=32902"},{"taxonomy":"post_tag","embeddable":true,"href":"https:\/\/jornalfatosenoticias.com.br\/index.php\/wp-json\/wp\/v2\/tags?post=32902"}],"curies":[{"name":"wp","href":"https:\/\/api.w.org\/{rel}","templated":true}]}}