{"id":32905,"date":"2022-08-03T13:56:58","date_gmt":"2022-08-03T16:56:58","guid":{"rendered":"https:\/\/jornalfatosenoticias.com.br\/?p=32905"},"modified":"2022-08-03T13:57:02","modified_gmt":"2022-08-03T16:57:02","slug":"forcas-armadas-inspecionam-codigo-fonte-de-urna-eletronica-no-tse","status":"publish","type":"post","link":"https:\/\/jornalfatosenoticias.com.br\/index.php\/2022\/08\/03\/forcas-armadas-inspecionam-codigo-fonte-de-urna-eletronica-no-tse\/","title":{"rendered":"For\u00e7as Armadas inspecionam c\u00f3digo-fonte de urna eletr\u00f4nica no TSE"},"content":{"rendered":"\n<p><em><span class=\"has-inline-color has-black-color\">Partidos pol\u00edticos tamb\u00e9m podem verificar os c\u00f3digos<\/span><\/em><\/p>\n\n\n\n<div class=\"wp-block-image\"><figure class=\"aligncenter size-large\"><img loading=\"lazy\" decoding=\"async\" width=\"1024\" height=\"100\" src=\"https:\/\/jornalfatosenoticias.com.br\/wp-content\/uploads\/2020\/02\/banner_ferramentas-1024x100.jpg\" alt=\"\" class=\"wp-image-1258\" srcset=\"https:\/\/jornalfatosenoticias.com.br\/wp-content\/uploads\/2020\/02\/banner_ferramentas-1024x100.jpg 1024w, https:\/\/jornalfatosenoticias.com.br\/wp-content\/uploads\/2020\/02\/banner_ferramentas-300x29.jpg 300w, https:\/\/jornalfatosenoticias.com.br\/wp-content\/uploads\/2020\/02\/banner_ferramentas-768x75.jpg 768w, https:\/\/jornalfatosenoticias.com.br\/wp-content\/uploads\/2020\/02\/banner_ferramentas.jpg 1227w\" sizes=\"auto, (max-width: 1024px) 100vw, 1024px\" \/><\/figure><\/div>\n\n\n\n<p>T\u00e9cnicos das For\u00e7as Armadas foram hoje (3) ao Tribunal Superior Eleitoral (TSE), em Bras\u00edlia, para inspecionar os c\u00f3digos-fonte da urna eletr\u00f4nica e dos sistemas eletr\u00f4nicos de vota\u00e7\u00e3o, informou a assessoria da Corte.<br>Pelo cronograma de trabalho, pela manh\u00e3 foram feitas reuni\u00f5es explicativas com t\u00e9cnicos da Justi\u00e7a Eleitoral, e, hoje \u00e0 tarde, os c\u00f3digos-fonte come\u00e7am a ser inspecionados numa sala instalada pelo TSE em sua sede especificamente para este fim.<br>C\u00f3digo-fonte \u00e9 um conjunto de comandos e instru\u00e7\u00f5es, escritos em linguagem para computadores, que integram um programa capaz de acionar o funcionamento de equipamentos eletr\u00f4nicos.<\/p>\n\n\n\n<div class=\"wp-block-image\"><figure class=\"aligncenter size-large is-resized\"><img loading=\"lazy\" decoding=\"async\" src=\"https:\/\/jornalfatosenoticias.com.br\/wp-content\/uploads\/2020\/02\/Serra-Grande-1024x160.png\" alt=\"\" class=\"wp-image-7836\" width=\"414\" height=\"64\"\/><\/figure><\/div>\n\n\n\n<p>A inspe\u00e7\u00e3o dos c\u00f3digos-fonte das elei\u00e7\u00f5es por integrantes das For\u00e7as Armadas ocorre ap\u00f3s o ministro da Defesa, Paulo S\u00e9rgio Nogueira, ter enviado na segunda-feira (1\u00ba) um of\u00edcio ao TSE pedindo acesso \u201curgent\u00edssimo\u201d aos dados.<br>Em resposta, o TSE informou que o <strong>\u00a0<a href=\"http:\/\/agenciabrasil.ebc.com.br\/justica\/noticia\/2021-10\/um-ano-antes-de-eleicao-tse-abre-codigo-fonte-de-urnas-eletronicas\" target=\"_blank\" rel=\"noreferrer noopener\">acesso a todos os c\u00f3digos-fonte<\/a>\u00a0<\/strong>utilizados nas Elei\u00e7\u00f5es 2022 est\u00e3o dispon\u00edveis desde outubro do ano passado para as entidades fiscalizadoras do processo eleitoral, incluindo as For\u00e7as Armadas.<\/p>\n\n\n\n<div class=\"wp-block-image\"><figure class=\"aligncenter size-large is-resized\"><img loading=\"lazy\" decoding=\"async\" src=\"https:\/\/jornalfatosenoticias.com.br\/wp-content\/uploads\/2022\/06\/Casaruo1024_1.jpg\" alt=\"\" class=\"wp-image-31042\" width=\"382\" height=\"208\"\/><\/figure><\/div>\n\n\n\n<p>A inspe\u00e7\u00e3o j\u00e1 foi realizada, por exemplo, pela Controladoria-Geral da Uni\u00e3o (CGU), Minist\u00e9rio P\u00fablico Federal (MPF) e Senado. A Pol\u00edcia Federal (PF) marcou para realizar o procedimento entre os dias 22 e 28 deste m\u00eas.<\/p>\n\n\n\n<p><strong><span class=\"has-inline-color has-vivid-purple-color\">Partidos pol\u00edticos<br><\/span><\/strong>Todos os partidos pol\u00edticos tamb\u00e9m podem inspecionar os c\u00f3digos. At\u00e9 o momento, se interessaram pelo procedimento as siglas PV, PL e PTB, embora somente esta \u00faltima tenha de fato conduzido uma inspe\u00e7\u00e3o, informou o TSE.<br>Desde as elei\u00e7\u00f5es municipais de 2020, o TSE vem ampliando o rol de entidades que podem ter <strong><a href=\"http:\/\/agenciabrasil.ebc.com.br\/politica\/noticia\/2019-12\/tse-aprova-normas-para-eleicao-municipal-de-2020\" target=\"_blank\" rel=\"noreferrer noopener\">acesso livre aos c\u00f3digos-fonte<\/a><\/strong> do sistema eletr\u00f4nico de vota\u00e7\u00e3o, desenvolvidos por programadores da pr\u00f3pria Justi\u00e7a Eleitoral.<\/p>\n\n\n\n<div class=\"wp-block-image\"><figure class=\"alignright size-large is-resized\"><img loading=\"lazy\" decoding=\"async\" src=\"https:\/\/jornalfatosenoticias.com.br\/wp-content\/uploads\/2022\/07\/Logo-Grupo-SEI.jpg\" alt=\"\" class=\"wp-image-31973\" width=\"329\" height=\"173\" srcset=\"https:\/\/jornalfatosenoticias.com.br\/wp-content\/uploads\/2022\/07\/Logo-Grupo-SEI.jpg 713w, https:\/\/jornalfatosenoticias.com.br\/wp-content\/uploads\/2022\/07\/Logo-Grupo-SEI-300x158.jpg 300w\" sizes=\"auto, (max-width: 329px) 100vw, 329px\" \/><\/figure><\/div>\n\n\n\n<p>Al\u00e9m de \u00f3rg\u00e3os oficiais, a lista inclui, entre outros, entidades como a Ordem dos Advogados do Brasil (OAB) e os departamentos de tecnologia de institui\u00e7\u00f5es acad\u00eamicas. A Universidade Federal do Rio Grande do Sul (UFRGS) realizou a inspe\u00e7\u00e3o em mar\u00e7o.<br>Al\u00e9m disso, a Universidade Federal de Pernambuco (UFPE), a Universidade Estadual de Campinas (Unicamp) e a Pol\u00edcia Federal participam de um projeto-piloto que permite acesso remoto aos c\u00f3digos.<\/p>\n\n\n\n<div class=\"wp-block-image\"><figure class=\"aligncenter size-large is-resized\"><img loading=\"lazy\" decoding=\"async\" src=\"https:\/\/jornalfatosenoticias.com.br\/wp-content\/uploads\/2022\/02\/Serra-Pack-459.png\" alt=\"\" class=\"wp-image-27471\" width=\"305\" height=\"122\"\/><\/figure><\/div>\n\n\n\n<p><strong><em>Fonte: <a href=\"https:\/\/agenciabrasil.ebc.com.br\/politica\/noticia\/2022-08\/forcas-armadas-inspecionam-codigo-fonte-de-urna-eletronica-no-tse\">Ag\u00eancia Brasil<\/a><\/em><\/strong><\/p>\n","protected":false},"excerpt":{"rendered":"<p>Partidos pol\u00edticos tamb\u00e9m podem verificar os c\u00f3digos T\u00e9cnicos das For\u00e7as Armadas foram hoje (3) ao Tribunal Superior Eleitoral (TSE), em Bras\u00edlia, para inspecionar os c\u00f3digos-fonte da urna eletr\u00f4nica e dos sistemas eletr\u00f4nicos de vota\u00e7\u00e3o, informou a assessoria da Corte.Pelo cronograma de trabalho, pela manh\u00e3 foram feitas reuni\u00f5es explicativas com t\u00e9cnicos da Justi\u00e7a Eleitoral, e, hoje [&hellip;]<\/p>\n","protected":false},"author":2,"featured_media":32906,"comment_status":"open","ping_status":"open","sticky":false,"template":"","format":"standard","meta":{"footnotes":""},"categories":[5],"tags":[15505,10150,5678,1514],"class_list":["post-32905","post","type-post","status-publish","format-standard","has-post-thumbnail","hentry","category-geral","tag-codigo-fonte","tag-eleicoes-2022","tag-forcas-armadas","tag-tse"],"yoast_head":"<!-- This site is optimized with the Yoast SEO plugin v26.5 - https:\/\/yoast.com\/wordpress\/plugins\/seo\/ -->\n<title>For\u00e7as Armadas inspecionam c\u00f3digo-fonte de urna eletr\u00f4nica no TSE - Jornal Fatos e Not\u00edcias<\/title>\n<meta name=\"robots\" content=\"index, follow, max-snippet:-1, max-image-preview:large, max-video-preview:-1\" \/>\n<link rel=\"canonical\" href=\"https:\/\/jornalfatosenoticias.com.br\/index.php\/2022\/08\/03\/forcas-armadas-inspecionam-codigo-fonte-de-urna-eletronica-no-tse\/\" \/>\n<meta property=\"og:locale\" content=\"pt_BR\" \/>\n<meta property=\"og:type\" content=\"article\" \/>\n<meta property=\"og:title\" content=\"For\u00e7as Armadas inspecionam c\u00f3digo-fonte de urna eletr\u00f4nica no TSE - Jornal Fatos e Not\u00edcias\" \/>\n<meta property=\"og:description\" content=\"Partidos pol\u00edticos tamb\u00e9m podem verificar os c\u00f3digos T\u00e9cnicos das For\u00e7as Armadas foram hoje (3) ao Tribunal Superior Eleitoral (TSE), em Bras\u00edlia, para inspecionar os c\u00f3digos-fonte da urna eletr\u00f4nica e dos sistemas eletr\u00f4nicos de vota\u00e7\u00e3o, informou a assessoria da Corte.Pelo cronograma de trabalho, pela manh\u00e3 foram feitas reuni\u00f5es explicativas com t\u00e9cnicos da Justi\u00e7a Eleitoral, e, hoje [&hellip;]\" \/>\n<meta property=\"og:url\" content=\"https:\/\/jornalfatosenoticias.com.br\/index.php\/2022\/08\/03\/forcas-armadas-inspecionam-codigo-fonte-de-urna-eletronica-no-tse\/\" \/>\n<meta property=\"og:site_name\" content=\"Jornal Fatos e Not\u00edcias\" \/>\n<meta property=\"article:published_time\" content=\"2022-08-03T16:56:58+00:00\" \/>\n<meta property=\"article:modified_time\" content=\"2022-08-03T16:57:02+00:00\" \/>\n<meta property=\"og:image\" content=\"https:\/\/jornalfatosenoticias.com.br\/wp-content\/uploads\/2022\/08\/tse.jpg\" \/>\n\t<meta property=\"og:image:width\" content=\"1000\" \/>\n\t<meta property=\"og:image:height\" content=\"598\" \/>\n\t<meta property=\"og:image:type\" content=\"image\/jpeg\" \/>\n<meta name=\"author\" content=\"Luzimara Fernandes\" \/>\n<meta name=\"twitter:card\" content=\"summary_large_image\" \/>\n<meta name=\"twitter:label1\" content=\"Escrito por\" \/>\n\t<meta name=\"twitter:data1\" content=\"Luzimara Fernandes\" \/>\n\t<meta name=\"twitter:label2\" content=\"Est. tempo de leitura\" \/>\n\t<meta name=\"twitter:data2\" content=\"2 minutos\" \/>\n<script type=\"application\/ld+json\" class=\"yoast-schema-graph\">{\"@context\":\"https:\/\/schema.org\",\"@graph\":[{\"@type\":\"Article\",\"@id\":\"https:\/\/jornalfatosenoticias.com.br\/index.php\/2022\/08\/03\/forcas-armadas-inspecionam-codigo-fonte-de-urna-eletronica-no-tse\/#article\",\"isPartOf\":{\"@id\":\"https:\/\/jornalfatosenoticias.com.br\/index.php\/2022\/08\/03\/forcas-armadas-inspecionam-codigo-fonte-de-urna-eletronica-no-tse\/\"},\"author\":{\"name\":\"Luzimara Fernandes\",\"@id\":\"https:\/\/jornalfatosenoticias.com.br\/#\/schema\/person\/d63837fa13ac8666eb9e74e0985d6f81\"},\"headline\":\"For\u00e7as Armadas inspecionam c\u00f3digo-fonte de urna eletr\u00f4nica no TSE\",\"datePublished\":\"2022-08-03T16:56:58+00:00\",\"dateModified\":\"2022-08-03T16:57:02+00:00\",\"mainEntityOfPage\":{\"@id\":\"https:\/\/jornalfatosenoticias.com.br\/index.php\/2022\/08\/03\/forcas-armadas-inspecionam-codigo-fonte-de-urna-eletronica-no-tse\/\"},\"wordCount\":407,\"commentCount\":0,\"publisher\":{\"@id\":\"https:\/\/jornalfatosenoticias.com.br\/#organization\"},\"image\":{\"@id\":\"https:\/\/jornalfatosenoticias.com.br\/index.php\/2022\/08\/03\/forcas-armadas-inspecionam-codigo-fonte-de-urna-eletronica-no-tse\/#primaryimage\"},\"thumbnailUrl\":\"https:\/\/jornalfatosenoticias.com.br\/wp-content\/uploads\/2022\/08\/tse.jpg\",\"keywords\":[\"c\u00f3digo-fonte\",\"elei\u00e7\u00f5es 2022\",\"For\u00e7as Armadas\",\"TSE\"],\"articleSection\":[\"Geral\"],\"inLanguage\":\"pt-BR\",\"potentialAction\":[{\"@type\":\"CommentAction\",\"name\":\"Comment\",\"target\":[\"https:\/\/jornalfatosenoticias.com.br\/index.php\/2022\/08\/03\/forcas-armadas-inspecionam-codigo-fonte-de-urna-eletronica-no-tse\/#respond\"]}]},{\"@type\":\"WebPage\",\"@id\":\"https:\/\/jornalfatosenoticias.com.br\/index.php\/2022\/08\/03\/forcas-armadas-inspecionam-codigo-fonte-de-urna-eletronica-no-tse\/\",\"url\":\"https:\/\/jornalfatosenoticias.com.br\/index.php\/2022\/08\/03\/forcas-armadas-inspecionam-codigo-fonte-de-urna-eletronica-no-tse\/\",\"name\":\"For\u00e7as Armadas inspecionam c\u00f3digo-fonte de urna eletr\u00f4nica no TSE - Jornal Fatos e Not\u00edcias\",\"isPartOf\":{\"@id\":\"https:\/\/jornalfatosenoticias.com.br\/#website\"},\"primaryImageOfPage\":{\"@id\":\"https:\/\/jornalfatosenoticias.com.br\/index.php\/2022\/08\/03\/forcas-armadas-inspecionam-codigo-fonte-de-urna-eletronica-no-tse\/#primaryimage\"},\"image\":{\"@id\":\"https:\/\/jornalfatosenoticias.com.br\/index.php\/2022\/08\/03\/forcas-armadas-inspecionam-codigo-fonte-de-urna-eletronica-no-tse\/#primaryimage\"},\"thumbnailUrl\":\"https:\/\/jornalfatosenoticias.com.br\/wp-content\/uploads\/2022\/08\/tse.jpg\",\"datePublished\":\"2022-08-03T16:56:58+00:00\",\"dateModified\":\"2022-08-03T16:57:02+00:00\",\"breadcrumb\":{\"@id\":\"https:\/\/jornalfatosenoticias.com.br\/index.php\/2022\/08\/03\/forcas-armadas-inspecionam-codigo-fonte-de-urna-eletronica-no-tse\/#breadcrumb\"},\"inLanguage\":\"pt-BR\",\"potentialAction\":[{\"@type\":\"ReadAction\",\"target\":[\"https:\/\/jornalfatosenoticias.com.br\/index.php\/2022\/08\/03\/forcas-armadas-inspecionam-codigo-fonte-de-urna-eletronica-no-tse\/\"]}]},{\"@type\":\"ImageObject\",\"inLanguage\":\"pt-BR\",\"@id\":\"https:\/\/jornalfatosenoticias.com.br\/index.php\/2022\/08\/03\/forcas-armadas-inspecionam-codigo-fonte-de-urna-eletronica-no-tse\/#primaryimage\",\"url\":\"https:\/\/jornalfatosenoticias.com.br\/wp-content\/uploads\/2022\/08\/tse.jpg\",\"contentUrl\":\"https:\/\/jornalfatosenoticias.com.br\/wp-content\/uploads\/2022\/08\/tse.jpg\",\"width\":1000,\"height\":598,\"caption\":\"Edif\u00edcio sede do Tribunal Superior Eleitoral (TSE).\"},{\"@type\":\"BreadcrumbList\",\"@id\":\"https:\/\/jornalfatosenoticias.com.br\/index.php\/2022\/08\/03\/forcas-armadas-inspecionam-codigo-fonte-de-urna-eletronica-no-tse\/#breadcrumb\",\"itemListElement\":[{\"@type\":\"ListItem\",\"position\":1,\"name\":\"In\u00edcio\",\"item\":\"https:\/\/jornalfatosenoticias.com.br\/\"},{\"@type\":\"ListItem\",\"position\":2,\"name\":\"For\u00e7as Armadas inspecionam c\u00f3digo-fonte de urna eletr\u00f4nica no TSE\"}]},{\"@type\":\"WebSite\",\"@id\":\"https:\/\/jornalfatosenoticias.com.br\/#website\",\"url\":\"https:\/\/jornalfatosenoticias.com.br\/\",\"name\":\"Jornal Fatos e Not\u00edcias\",\"description\":\"Not\u00edcias em geral\",\"publisher\":{\"@id\":\"https:\/\/jornalfatosenoticias.com.br\/#organization\"},\"potentialAction\":[{\"@type\":\"SearchAction\",\"target\":{\"@type\":\"EntryPoint\",\"urlTemplate\":\"https:\/\/jornalfatosenoticias.com.br\/?s={search_term_string}\"},\"query-input\":{\"@type\":\"PropertyValueSpecification\",\"valueRequired\":true,\"valueName\":\"search_term_string\"}}],\"inLanguage\":\"pt-BR\"},{\"@type\":\"Organization\",\"@id\":\"https:\/\/jornalfatosenoticias.com.br\/#organization\",\"name\":\"Jornal Fatos e Not\u00edcias\",\"url\":\"https:\/\/jornalfatosenoticias.com.br\/\",\"logo\":{\"@type\":\"ImageObject\",\"inLanguage\":\"pt-BR\",\"@id\":\"https:\/\/jornalfatosenoticias.com.br\/#\/schema\/logo\/image\/\",\"url\":\"https:\/\/jornalfatosenoticias.com.br\/wp-content\/uploads\/2020\/02\/logo120.png\",\"contentUrl\":\"https:\/\/jornalfatosenoticias.com.br\/wp-content\/uploads\/2020\/02\/logo120.png\",\"width\":1227,\"height\":120,\"caption\":\"Jornal Fatos e Not\u00edcias\"},\"image\":{\"@id\":\"https:\/\/jornalfatosenoticias.com.br\/#\/schema\/logo\/image\/\"}},{\"@type\":\"Person\",\"@id\":\"https:\/\/jornalfatosenoticias.com.br\/#\/schema\/person\/d63837fa13ac8666eb9e74e0985d6f81\",\"name\":\"Luzimara Fernandes\",\"image\":{\"@type\":\"ImageObject\",\"inLanguage\":\"pt-BR\",\"@id\":\"https:\/\/jornalfatosenoticias.com.br\/#\/schema\/person\/image\/\",\"url\":\"https:\/\/jornalfatosenoticias.com.br\/wp-content\/uploads\/2025\/05\/EU_portal.jpg\",\"contentUrl\":\"https:\/\/jornalfatosenoticias.com.br\/wp-content\/uploads\/2025\/05\/EU_portal.jpg\",\"caption\":\"Luzimara Fernandes\"},\"description\":\"Jornalista MTB 2358-ES\",\"sameAs\":[\"https:\/\/jornalfatosenoticias.com.br\"],\"url\":\"https:\/\/jornalfatosenoticias.com.br\/index.php\/author\/luzimara\/\"}]}<\/script>\n<!-- \/ Yoast SEO plugin. -->","yoast_head_json":{"title":"For\u00e7as Armadas inspecionam c\u00f3digo-fonte de urna eletr\u00f4nica no TSE - Jornal Fatos e Not\u00edcias","robots":{"index":"index","follow":"follow","max-snippet":"max-snippet:-1","max-image-preview":"max-image-preview:large","max-video-preview":"max-video-preview:-1"},"canonical":"https:\/\/jornalfatosenoticias.com.br\/index.php\/2022\/08\/03\/forcas-armadas-inspecionam-codigo-fonte-de-urna-eletronica-no-tse\/","og_locale":"pt_BR","og_type":"article","og_title":"For\u00e7as Armadas inspecionam c\u00f3digo-fonte de urna eletr\u00f4nica no TSE - Jornal Fatos e Not\u00edcias","og_description":"Partidos pol\u00edticos tamb\u00e9m podem verificar os c\u00f3digos T\u00e9cnicos das For\u00e7as Armadas foram hoje (3) ao Tribunal Superior Eleitoral (TSE), em Bras\u00edlia, para inspecionar os c\u00f3digos-fonte da urna eletr\u00f4nica e dos sistemas eletr\u00f4nicos de vota\u00e7\u00e3o, informou a assessoria da Corte.Pelo cronograma de trabalho, pela manh\u00e3 foram feitas reuni\u00f5es explicativas com t\u00e9cnicos da Justi\u00e7a Eleitoral, e, hoje [&hellip;]","og_url":"https:\/\/jornalfatosenoticias.com.br\/index.php\/2022\/08\/03\/forcas-armadas-inspecionam-codigo-fonte-de-urna-eletronica-no-tse\/","og_site_name":"Jornal Fatos e Not\u00edcias","article_published_time":"2022-08-03T16:56:58+00:00","article_modified_time":"2022-08-03T16:57:02+00:00","og_image":[{"width":1000,"height":598,"url":"https:\/\/jornalfatosenoticias.com.br\/wp-content\/uploads\/2022\/08\/tse.jpg","type":"image\/jpeg"}],"author":"Luzimara Fernandes","twitter_card":"summary_large_image","twitter_misc":{"Escrito por":"Luzimara Fernandes","Est. tempo de leitura":"2 minutos"},"schema":{"@context":"https:\/\/schema.org","@graph":[{"@type":"Article","@id":"https:\/\/jornalfatosenoticias.com.br\/index.php\/2022\/08\/03\/forcas-armadas-inspecionam-codigo-fonte-de-urna-eletronica-no-tse\/#article","isPartOf":{"@id":"https:\/\/jornalfatosenoticias.com.br\/index.php\/2022\/08\/03\/forcas-armadas-inspecionam-codigo-fonte-de-urna-eletronica-no-tse\/"},"author":{"name":"Luzimara Fernandes","@id":"https:\/\/jornalfatosenoticias.com.br\/#\/schema\/person\/d63837fa13ac8666eb9e74e0985d6f81"},"headline":"For\u00e7as Armadas inspecionam c\u00f3digo-fonte de urna eletr\u00f4nica no TSE","datePublished":"2022-08-03T16:56:58+00:00","dateModified":"2022-08-03T16:57:02+00:00","mainEntityOfPage":{"@id":"https:\/\/jornalfatosenoticias.com.br\/index.php\/2022\/08\/03\/forcas-armadas-inspecionam-codigo-fonte-de-urna-eletronica-no-tse\/"},"wordCount":407,"commentCount":0,"publisher":{"@id":"https:\/\/jornalfatosenoticias.com.br\/#organization"},"image":{"@id":"https:\/\/jornalfatosenoticias.com.br\/index.php\/2022\/08\/03\/forcas-armadas-inspecionam-codigo-fonte-de-urna-eletronica-no-tse\/#primaryimage"},"thumbnailUrl":"https:\/\/jornalfatosenoticias.com.br\/wp-content\/uploads\/2022\/08\/tse.jpg","keywords":["c\u00f3digo-fonte","elei\u00e7\u00f5es 2022","For\u00e7as Armadas","TSE"],"articleSection":["Geral"],"inLanguage":"pt-BR","potentialAction":[{"@type":"CommentAction","name":"Comment","target":["https:\/\/jornalfatosenoticias.com.br\/index.php\/2022\/08\/03\/forcas-armadas-inspecionam-codigo-fonte-de-urna-eletronica-no-tse\/#respond"]}]},{"@type":"WebPage","@id":"https:\/\/jornalfatosenoticias.com.br\/index.php\/2022\/08\/03\/forcas-armadas-inspecionam-codigo-fonte-de-urna-eletronica-no-tse\/","url":"https:\/\/jornalfatosenoticias.com.br\/index.php\/2022\/08\/03\/forcas-armadas-inspecionam-codigo-fonte-de-urna-eletronica-no-tse\/","name":"For\u00e7as Armadas inspecionam c\u00f3digo-fonte de urna eletr\u00f4nica no TSE - Jornal Fatos e Not\u00edcias","isPartOf":{"@id":"https:\/\/jornalfatosenoticias.com.br\/#website"},"primaryImageOfPage":{"@id":"https:\/\/jornalfatosenoticias.com.br\/index.php\/2022\/08\/03\/forcas-armadas-inspecionam-codigo-fonte-de-urna-eletronica-no-tse\/#primaryimage"},"image":{"@id":"https:\/\/jornalfatosenoticias.com.br\/index.php\/2022\/08\/03\/forcas-armadas-inspecionam-codigo-fonte-de-urna-eletronica-no-tse\/#primaryimage"},"thumbnailUrl":"https:\/\/jornalfatosenoticias.com.br\/wp-content\/uploads\/2022\/08\/tse.jpg","datePublished":"2022-08-03T16:56:58+00:00","dateModified":"2022-08-03T16:57:02+00:00","breadcrumb":{"@id":"https:\/\/jornalfatosenoticias.com.br\/index.php\/2022\/08\/03\/forcas-armadas-inspecionam-codigo-fonte-de-urna-eletronica-no-tse\/#breadcrumb"},"inLanguage":"pt-BR","potentialAction":[{"@type":"ReadAction","target":["https:\/\/jornalfatosenoticias.com.br\/index.php\/2022\/08\/03\/forcas-armadas-inspecionam-codigo-fonte-de-urna-eletronica-no-tse\/"]}]},{"@type":"ImageObject","inLanguage":"pt-BR","@id":"https:\/\/jornalfatosenoticias.com.br\/index.php\/2022\/08\/03\/forcas-armadas-inspecionam-codigo-fonte-de-urna-eletronica-no-tse\/#primaryimage","url":"https:\/\/jornalfatosenoticias.com.br\/wp-content\/uploads\/2022\/08\/tse.jpg","contentUrl":"https:\/\/jornalfatosenoticias.com.br\/wp-content\/uploads\/2022\/08\/tse.jpg","width":1000,"height":598,"caption":"Edif\u00edcio sede do Tribunal Superior Eleitoral (TSE)."},{"@type":"BreadcrumbList","@id":"https:\/\/jornalfatosenoticias.com.br\/index.php\/2022\/08\/03\/forcas-armadas-inspecionam-codigo-fonte-de-urna-eletronica-no-tse\/#breadcrumb","itemListElement":[{"@type":"ListItem","position":1,"name":"In\u00edcio","item":"https:\/\/jornalfatosenoticias.com.br\/"},{"@type":"ListItem","position":2,"name":"For\u00e7as Armadas inspecionam c\u00f3digo-fonte de urna eletr\u00f4nica no TSE"}]},{"@type":"WebSite","@id":"https:\/\/jornalfatosenoticias.com.br\/#website","url":"https:\/\/jornalfatosenoticias.com.br\/","name":"Jornal Fatos e Not\u00edcias","description":"Not\u00edcias em geral","publisher":{"@id":"https:\/\/jornalfatosenoticias.com.br\/#organization"},"potentialAction":[{"@type":"SearchAction","target":{"@type":"EntryPoint","urlTemplate":"https:\/\/jornalfatosenoticias.com.br\/?s={search_term_string}"},"query-input":{"@type":"PropertyValueSpecification","valueRequired":true,"valueName":"search_term_string"}}],"inLanguage":"pt-BR"},{"@type":"Organization","@id":"https:\/\/jornalfatosenoticias.com.br\/#organization","name":"Jornal Fatos e Not\u00edcias","url":"https:\/\/jornalfatosenoticias.com.br\/","logo":{"@type":"ImageObject","inLanguage":"pt-BR","@id":"https:\/\/jornalfatosenoticias.com.br\/#\/schema\/logo\/image\/","url":"https:\/\/jornalfatosenoticias.com.br\/wp-content\/uploads\/2020\/02\/logo120.png","contentUrl":"https:\/\/jornalfatosenoticias.com.br\/wp-content\/uploads\/2020\/02\/logo120.png","width":1227,"height":120,"caption":"Jornal Fatos e Not\u00edcias"},"image":{"@id":"https:\/\/jornalfatosenoticias.com.br\/#\/schema\/logo\/image\/"}},{"@type":"Person","@id":"https:\/\/jornalfatosenoticias.com.br\/#\/schema\/person\/d63837fa13ac8666eb9e74e0985d6f81","name":"Luzimara Fernandes","image":{"@type":"ImageObject","inLanguage":"pt-BR","@id":"https:\/\/jornalfatosenoticias.com.br\/#\/schema\/person\/image\/","url":"https:\/\/jornalfatosenoticias.com.br\/wp-content\/uploads\/2025\/05\/EU_portal.jpg","contentUrl":"https:\/\/jornalfatosenoticias.com.br\/wp-content\/uploads\/2025\/05\/EU_portal.jpg","caption":"Luzimara Fernandes"},"description":"Jornalista MTB 2358-ES","sameAs":["https:\/\/jornalfatosenoticias.com.br"],"url":"https:\/\/jornalfatosenoticias.com.br\/index.php\/author\/luzimara\/"}]}},"cc_featured_image_caption":{"caption_text":"(Foto: Marcelo Camargo\/Ag\u00eancia Brasil)","source_text":"","source_url":""},"jetpack_featured_media_url":"https:\/\/jornalfatosenoticias.com.br\/wp-content\/uploads\/2022\/08\/tse.jpg","_links":{"self":[{"href":"https:\/\/jornalfatosenoticias.com.br\/index.php\/wp-json\/wp\/v2\/posts\/32905","targetHints":{"allow":["GET"]}}],"collection":[{"href":"https:\/\/jornalfatosenoticias.com.br\/index.php\/wp-json\/wp\/v2\/posts"}],"about":[{"href":"https:\/\/jornalfatosenoticias.com.br\/index.php\/wp-json\/wp\/v2\/types\/post"}],"author":[{"embeddable":true,"href":"https:\/\/jornalfatosenoticias.com.br\/index.php\/wp-json\/wp\/v2\/users\/2"}],"replies":[{"embeddable":true,"href":"https:\/\/jornalfatosenoticias.com.br\/index.php\/wp-json\/wp\/v2\/comments?post=32905"}],"version-history":[{"count":0,"href":"https:\/\/jornalfatosenoticias.com.br\/index.php\/wp-json\/wp\/v2\/posts\/32905\/revisions"}],"wp:featuredmedia":[{"embeddable":true,"href":"https:\/\/jornalfatosenoticias.com.br\/index.php\/wp-json\/wp\/v2\/media\/32906"}],"wp:attachment":[{"href":"https:\/\/jornalfatosenoticias.com.br\/index.php\/wp-json\/wp\/v2\/media?parent=32905"}],"wp:term":[{"taxonomy":"category","embeddable":true,"href":"https:\/\/jornalfatosenoticias.com.br\/index.php\/wp-json\/wp\/v2\/categories?post=32905"},{"taxonomy":"post_tag","embeddable":true,"href":"https:\/\/jornalfatosenoticias.com.br\/index.php\/wp-json\/wp\/v2\/tags?post=32905"}],"curies":[{"name":"wp","href":"https:\/\/api.w.org\/{rel}","templated":true}]}}