{"id":32908,"date":"2022-08-04T15:24:46","date_gmt":"2022-08-04T18:24:46","guid":{"rendered":"https:\/\/jornalfatosenoticias.com.br\/?p=32908"},"modified":"2022-08-04T15:24:47","modified_gmt":"2022-08-04T18:24:47","slug":"como-cresce-uma-crianca-parte-iv","status":"publish","type":"post","link":"https:\/\/jornalfatosenoticias.com.br\/index.php\/2022\/08\/04\/como-cresce-uma-crianca-parte-iv\/","title":{"rendered":"Como cresce uma Crian\u00e7a? \u2014 Parte IV"},"content":{"rendered":"\n<p><em><span class=\"has-inline-color has-black-color\">A aprendizagem da l\u00edngua falada, da leitura e da escrita seguir\u00e1 rigores semelhantes aos crit\u00e9rios cient\u00edficos<\/span><\/em><\/p>\n\n\n\n<div class=\"wp-block-image\"><figure class=\"aligncenter size-large\"><img loading=\"lazy\" decoding=\"async\" width=\"1024\" height=\"100\" src=\"https:\/\/jornalfatosenoticias.com.br\/wp-content\/uploads\/2022\/05\/NOVA-LOGO-CESCONETTO-1024x100.jpg\" alt=\"\" class=\"wp-image-30792\" srcset=\"https:\/\/jornalfatosenoticias.com.br\/wp-content\/uploads\/2022\/05\/NOVA-LOGO-CESCONETTO-1024x100.jpg 1024w, https:\/\/jornalfatosenoticias.com.br\/wp-content\/uploads\/2022\/05\/NOVA-LOGO-CESCONETTO-300x29.jpg 300w, https:\/\/jornalfatosenoticias.com.br\/wp-content\/uploads\/2022\/05\/NOVA-LOGO-CESCONETTO-768x75.jpg 768w, https:\/\/jornalfatosenoticias.com.br\/wp-content\/uploads\/2022\/05\/NOVA-LOGO-CESCONETTO.jpg 1280w\" sizes=\"auto, (max-width: 1024px) 100vw, 1024px\" \/><\/figure><\/div>\n\n\n\n<p>Prosseguindo no tema dos quatro principais vetores do desenvolvimento infantil, a aquisi\u00e7\u00e3o da linguagem depender\u00e1, diretamente, da matura\u00e7\u00e3o motora do aparelho fonador associada \u00e0 boa audi\u00e7\u00e3o, acrescida ao afeto acolhedor a cada progresso conseguido.<br>Aconchegar com afeto os sons ainda rudimentares que v\u00eam do esfor\u00e7o de imitar os sons escutados, faz parte do Cuidado, conceito j\u00e1 considerado como dentro do ordenamento jur\u00eddico. O beb\u00ea necessita desse est\u00edmulo para continuar o esfor\u00e7o de coordenar a respira\u00e7\u00e3o e a articula\u00e7\u00e3o dos fonemas que v\u00e3o tomando forma de comunica\u00e7\u00e3o a partir da interpreta\u00e7\u00e3o feita pelo ambiente, principalmente pela m\u00e3e, que ir\u00e1 lhe atribuir um sentido. Tudo por aproxima\u00e7\u00e3o sonora.<\/p>\n\n\n\n<div class=\"wp-block-image\"><figure class=\"aligncenter size-large\"><img loading=\"lazy\" decoding=\"async\" width=\"1024\" height=\"99\" src=\"https:\/\/jornalfatosenoticias.com.br\/wp-content\/uploads\/2020\/02\/Logo-Mizu-segunda-2-1024x99.png\" alt=\"\" class=\"wp-image-2353\" srcset=\"https:\/\/jornalfatosenoticias.com.br\/wp-content\/uploads\/2020\/02\/Logo-Mizu-segunda-2-1024x99.png 1024w, https:\/\/jornalfatosenoticias.com.br\/wp-content\/uploads\/2020\/02\/Logo-Mizu-segunda-2-300x29.png 300w, https:\/\/jornalfatosenoticias.com.br\/wp-content\/uploads\/2020\/02\/Logo-Mizu-segunda-2-768x74.png 768w, https:\/\/jornalfatosenoticias.com.br\/wp-content\/uploads\/2020\/02\/Logo-Mizu-segunda-2.png 1240w\" sizes=\"auto, (max-width: 1024px) 100vw, 1024px\" \/><\/figure><\/div>\n\n\n\n<figure class=\"wp-block-image size-large\"><img loading=\"lazy\" decoding=\"async\" width=\"1000\" height=\"713\" src=\"https:\/\/jornalfatosenoticias.com.br\/wp-content\/uploads\/2022\/08\/mae-conversando-com-bebe.jpg\" alt=\"\" class=\"wp-image-32909\" srcset=\"https:\/\/jornalfatosenoticias.com.br\/wp-content\/uploads\/2022\/08\/mae-conversando-com-bebe.jpg 1000w, https:\/\/jornalfatosenoticias.com.br\/wp-content\/uploads\/2022\/08\/mae-conversando-com-bebe-300x214.jpg 300w, https:\/\/jornalfatosenoticias.com.br\/wp-content\/uploads\/2022\/08\/mae-conversando-com-bebe-768x548.jpg 768w\" sizes=\"auto, (max-width: 1000px) 100vw, 1000px\" \/><figcaption><em><span class=\"has-inline-color has-black-color\">A tentativa de \u201cfalar\u201d feita pelo beb\u00ea, ser\u00e1 recebida com uma emo\u00e7\u00e3o de prazer alegre expl\u00edcito no rosto da m\u00e3e (Foto: Thinkstock)<\/span><\/em><\/figcaption><\/figure>\n\n\n\n<div class=\"wp-block-image\"><figure class=\"alignright size-large is-resized\"><img loading=\"lazy\" decoding=\"async\" src=\"https:\/\/jornalfatosenoticias.com.br\/wp-content\/uploads\/2022\/02\/Precisao-Contabilidade-1024x724.jpg\" alt=\"\" class=\"wp-image-28088\" width=\"282\" height=\"198\"\/><\/figure><\/div>\n\n\n\n<p>Nesse momento, o mais importante \u00e9 o que se passa entre a dupla m\u00e3e-beb\u00ea. A tentativa de \u201cfalar\u201d feita pelo beb\u00ea, ser\u00e1 recebida com uma emo\u00e7\u00e3o de prazer alegre expl\u00edcito no rosto da m\u00e3e, e que, ato cont\u00ednuo, convocar\u00e1 o beb\u00ea \u00e0 repeti\u00e7\u00e3o daquele som que acabou de emitir. Conjugar dois fonemas simples pode formar um esbo\u00e7o de primeira palavra. A interpreta\u00e7\u00e3o desses sons segue sempre o crit\u00e9rio dos afetos prim\u00e1rios, sendo, preferencialmente, ligados \u00e0 m\u00e3e e ao pai, seguindo-se de outras pessoas da casa.<br>As primeiras palavras, ainda mal pronunciadas, t\u00eam forte conte\u00fado afetivo. O esfor\u00e7o \u00e9 grande para dizer <em>\u201caua\u201d<\/em> que sintetiza \u201cestou com sede e quero \u00e1gua\u201d, ou \u201cquero beber \u00e1gua\u201d. \u201c<em>Cab\u00f4\u201d<\/em>, \u201c<em>imbora\u201d<\/em>, \u201cmais\u201d, s\u00e3o algumas das express\u00f5es fon\u00e9ticas que dizem todo um pensamento, na maioria das vezes, traduzindo um desejo e sempre com uma boa dose de dramaticidade. Por ensaio e erro e com muita repeti\u00e7\u00e3o, a articula\u00e7\u00e3o vai evoluindo at\u00e9 que quase todos os fonemas da l\u00edngua materna s\u00e3o pronunciados, razoavelmente. Alguns deles s\u00f3 s\u00e3o adquiridos em quatro ou cinco anos, mas isso n\u00e3o chega a comprometer a comunica\u00e7\u00e3o com as outras pessoas.<\/p>\n\n\n\n<div class=\"wp-block-image\"><figure class=\"aligncenter size-large is-resized\"><img loading=\"lazy\" decoding=\"async\" src=\"https:\/\/jornalfatosenoticias.com.br\/wp-content\/uploads\/2022\/06\/Casaruo1024_1.jpg\" alt=\"\" class=\"wp-image-31042\" width=\"400\" height=\"218\"\/><\/figure><\/div>\n\n\n\n<p>O vocabul\u00e1rio tem uma grande explos\u00e3o entre dois e quatro anos, passando de 100\/200 palavras para 800\/1000 palavras, mesmo que ainda n\u00e3o haja uma compreens\u00e3o exata do significado dessas palavras. \u00c9 nesse per\u00edodo que adquirimos quase todo o vocabul\u00e1rio que iremos utilizar por toda a vida. A ambi\u00eancia lingu\u00edstica, assim como a ambi\u00eancia comunicativa, facilitar\u00e1 ou dificultar\u00e1 a riqueza da flu\u00eancia verbal do adulto. N\u00facleos familiares onde a comunica\u00e7\u00e3o \u00e9 bem valorizada, mesmo que n\u00e3o tenha uma excel\u00eancia lingu\u00edstica, estimular\u00e3o a comunica\u00e7\u00e3o. Neste mesmo sentido, a boa incid\u00eancia de leitura entre as pessoas da fam\u00edlia, tamb\u00e9m \u00e9 fator facilitador para um bom racioc\u00ednio lingu\u00edstico, para a emo\u00e7\u00e3o que se expressa na boa comunica\u00e7\u00e3o. <\/p>\n\n\n\n<div class=\"wp-block-image\"><figure class=\"alignleft size-large is-resized\"><img loading=\"lazy\" decoding=\"async\" src=\"https:\/\/jornalfatosenoticias.com.br\/wp-content\/uploads\/2022\/03\/logo-Suinco-1024x390.jpg\" alt=\"\" class=\"wp-image-28785\" width=\"307\" height=\"116\"\/><\/figure><\/div>\n\n\n\n<p>A l\u00edngua falada vai se multiplicando e se sofisticando, os termos de liga\u00e7\u00e3o, artigos, preposi\u00e7\u00f5es, conjun\u00e7\u00f5es, a conjuga\u00e7\u00e3o dos verbos, tudo isso ganha uma precis\u00e3o maior com a aquisi\u00e7\u00e3o da no\u00e7\u00e3o do tempo, o ontem e o amanh\u00e3 do desenvolvimento cognitivo, que acontece, concomitantemente. A riqueza da linguagem vem com os detalhes, com as nuances. Os detalhes contam hist\u00f3rias completas. Os eletr\u00f4nicos n\u00e3o ajudaram no desenvolvimento da linguagem, ou talvez, tenham ajudado um pouco com os mais velhos que descobriram como usufruir da presteza do Tio Google, nem sempre confi\u00e1vel.<\/p>\n\n\n\n<div class=\"wp-block-image\"><figure class=\"aligncenter size-large\"><img loading=\"lazy\" decoding=\"async\" width=\"1024\" height=\"103\" src=\"https:\/\/jornalfatosenoticias.com.br\/wp-content\/uploads\/2020\/02\/Arte-Autoescola-Galatas_endereco_portal-1024x103.png\" alt=\"\" class=\"wp-image-1451\" srcset=\"https:\/\/jornalfatosenoticias.com.br\/wp-content\/uploads\/2020\/02\/Arte-Autoescola-Galatas_endereco_portal-1024x103.png 1024w, https:\/\/jornalfatosenoticias.com.br\/wp-content\/uploads\/2020\/02\/Arte-Autoescola-Galatas_endereco_portal-300x30.png 300w, https:\/\/jornalfatosenoticias.com.br\/wp-content\/uploads\/2020\/02\/Arte-Autoescola-Galatas_endereco_portal-768x77.png 768w, https:\/\/jornalfatosenoticias.com.br\/wp-content\/uploads\/2020\/02\/Arte-Autoescola-Galatas_endereco_portal.png 1223w\" sizes=\"auto, (max-width: 1024px) 100vw, 1024px\" \/><\/figure><\/div>\n\n\n\n<figure class=\"wp-block-image size-large\"><img loading=\"lazy\" decoding=\"async\" width=\"1000\" height=\"583\" src=\"https:\/\/jornalfatosenoticias.com.br\/wp-content\/uploads\/2022\/08\/como-estimular-a-linguagem-da-crianca.jpg\" alt=\"\" class=\"wp-image-32910\" srcset=\"https:\/\/jornalfatosenoticias.com.br\/wp-content\/uploads\/2022\/08\/como-estimular-a-linguagem-da-crianca.jpg 1000w, https:\/\/jornalfatosenoticias.com.br\/wp-content\/uploads\/2022\/08\/como-estimular-a-linguagem-da-crianca-300x175.jpg 300w, https:\/\/jornalfatosenoticias.com.br\/wp-content\/uploads\/2022\/08\/como-estimular-a-linguagem-da-crianca-768x448.jpg 768w\" sizes=\"auto, (max-width: 1000px) 100vw, 1000px\" \/><figcaption><em><span class=\"has-inline-color has-black-color\">O beb\u00ea necessita de est\u00edmulo para desenvolver a linguagem (Foto: Reprodu\u00e7\u00e3o Internet)<\/span><\/em><\/figcaption><\/figure>\n\n\n\n<div class=\"wp-block-image\"><figure class=\"alignright size-large is-resized\"><img loading=\"lazy\" decoding=\"async\" src=\"https:\/\/jornalfatosenoticias.com.br\/wp-content\/uploads\/2022\/07\/Logo-Grupo-SEI.jpg\" alt=\"\" class=\"wp-image-31973\" width=\"294\" height=\"155\" srcset=\"https:\/\/jornalfatosenoticias.com.br\/wp-content\/uploads\/2022\/07\/Logo-Grupo-SEI.jpg 713w, https:\/\/jornalfatosenoticias.com.br\/wp-content\/uploads\/2022\/07\/Logo-Grupo-SEI-300x158.jpg 300w\" sizes=\"auto, (max-width: 294px) 100vw, 294px\" \/><\/figure><\/div>\n\n\n\n<p>A aprendizagem da l\u00edngua falada, da leitura e da escrita seguir\u00e1 rigores semelhantes aos crit\u00e9rios cient\u00edficos. \u00c9 preciso repetir e afinar a pron\u00fancia, reproduzir o \u201cdesenho\u201d das letras que correspondem ao desenho de uma uva, buscando copiar o mais fiel poss\u00edvel. Letras e algarismos s\u00e3o \u201crabiscos\u201d convencionados, mas que partiram de uma concep\u00e7\u00e3o aleat\u00f3ria. Coordenar esses signos com os objetos a que correspondem e os sons ao serem falados, \u00e9 tarefa muito complexa. Por isso, seguindo a determina\u00e7\u00e3o do racioc\u00ednio que rege o pensamento na inf\u00e2ncia, o racioc\u00ednio concreto, \u00e9 preciso que a alfabetiza\u00e7\u00e3o se d\u00ea sobre palavras concretas, pass\u00edveis da experi\u00eancia vivida pela Crian\u00e7a. Ou seja, a Crian\u00e7a s\u00f3 conseguir\u00e1 perfazer o processo de aquisi\u00e7\u00e3o da l\u00edngua se as palavras faladas e depois, escritas e lidas, fizerem parte de seu mundo real.<\/p>\n\n\n\n<div class=\"wp-block-image\"><figure class=\"aligncenter size-large\"><img loading=\"lazy\" decoding=\"async\" width=\"1024\" height=\"100\" src=\"https:\/\/jornalfatosenoticias.com.br\/wp-content\/uploads\/2020\/02\/banner_ferramentas-1024x100.jpg\" alt=\"\" class=\"wp-image-1258\" srcset=\"https:\/\/jornalfatosenoticias.com.br\/wp-content\/uploads\/2020\/02\/banner_ferramentas-1024x100.jpg 1024w, https:\/\/jornalfatosenoticias.com.br\/wp-content\/uploads\/2020\/02\/banner_ferramentas-300x29.jpg 300w, https:\/\/jornalfatosenoticias.com.br\/wp-content\/uploads\/2020\/02\/banner_ferramentas-768x75.jpg 768w, https:\/\/jornalfatosenoticias.com.br\/wp-content\/uploads\/2020\/02\/banner_ferramentas.jpg 1227w\" sizes=\"auto, (max-width: 1024px) 100vw, 1024px\" \/><\/figure><\/div>\n\n\n\n<p>Para adquirir uma nova compet\u00eancia, a Crian\u00e7a precisa aprimorar um sistema de armazenamento e resgate, a mem\u00f3ria. \u00c9 da precis\u00e3o do arquivamento que depender\u00e1 a disponibilidade e a presteza dos dados, quando isso se fizer necess\u00e1rio. Portanto, uma imagem mn\u00eamica, qualquer que seja sua ordem, s\u00f3 ser\u00e1 bem guardada e bem recuperada se corresponder ao acervo concreto da Crian\u00e7a. E, \u00e9 por isso que as situa\u00e7\u00f5es traum\u00e1ticas vividas pela Crian\u00e7a, n\u00e3o s\u00e3o esquecidas. Podem ser recalcadas, sair das luzes, mas continuam fermentando como pequenos ou grandes vulc\u00f5es afetivos.<\/p>\n\n\n\n<div class=\"wp-block-image\"><figure class=\"alignleft size-large is-resized\"><img loading=\"lazy\" decoding=\"async\" src=\"https:\/\/jornalfatosenoticias.com.br\/wp-content\/uploads\/2020\/02\/nova-logo-Marquetti.jpg\" alt=\"\" class=\"wp-image-22331\" width=\"270\" height=\"181\" srcset=\"https:\/\/jornalfatosenoticias.com.br\/wp-content\/uploads\/2020\/02\/nova-logo-Marquetti.jpg 643w, https:\/\/jornalfatosenoticias.com.br\/wp-content\/uploads\/2020\/02\/nova-logo-Marquetti-300x202.jpg 300w\" sizes=\"auto, (max-width: 270px) 100vw, 270px\" \/><\/figure><\/div>\n\n\n\n<p>Mas, como a precis\u00e3o da palavra saiu de moda, a verdade foi relativizada e apareceu a inven\u00e7\u00e3o da \u201cp\u00f3s-verdade\u201d, acrescida de uma diploma\u00e7\u00e3o da mentira, a internet foi matriculada muitas escolas, acentuando mais ainda a desigualdade de oportunidades. A entrada da internet na Escola se tornou um ponto de pol\u00edticos e pol\u00edticas, ou a aus\u00eancia delas, formatando uma esp\u00e9cie de discrimina\u00e7\u00e3o que passou a ser atribu\u00edda \u00e0s escolas que n\u00e3o possuem computadores. Com a Pandemia da Covid-19, este ponto, a escola \u00e0 dist\u00e2ncia com a exig\u00eancia da conectividade da computa\u00e7\u00e3o, exp\u00f4s as v\u00edsceras apartadas de uma sociedade cenogr\u00e1fica. A escolaridade j\u00e1 era de faz de conta, foi sonegada por dois anos de numeroso grupo de Crian\u00e7as da sociedade partida. Um preju\u00edzo que ceifou anos, talvez d\u00e9cadas de toda uma gera\u00e7\u00e3o.<\/p>\n\n\n\n<div class=\"wp-block-image\"><figure class=\"aligncenter size-large is-resized\"><img loading=\"lazy\" decoding=\"async\" src=\"https:\/\/jornalfatosenoticias.com.br\/wp-content\/uploads\/2020\/02\/Serra-Grande-1024x160.png\" alt=\"\" class=\"wp-image-7836\" width=\"465\" height=\"72\"\/><\/figure><\/div>\n","protected":false},"excerpt":{"rendered":"<p>A aprendizagem da l\u00edngua falada, da leitura e da escrita seguir\u00e1 rigores semelhantes aos crit\u00e9rios cient\u00edficos Prosseguindo no tema dos quatro principais vetores do desenvolvimento infantil, a aquisi\u00e7\u00e3o da linguagem depender\u00e1, diretamente, da matura\u00e7\u00e3o motora do aparelho fonador associada \u00e0 boa audi\u00e7\u00e3o, acrescida ao afeto acolhedor a cada progresso conseguido.Aconchegar com afeto os sons ainda [&hellip;]<\/p>\n","protected":false},"author":8,"featured_media":32911,"comment_status":"open","ping_status":"open","sticky":false,"template":"","format":"standard","meta":{"footnotes":""},"categories":[2522],"tags":[670,15506,1042,15507,14155],"class_list":["post-32908","post","type-post","status-publish","format-standard","has-post-thumbnail","hentry","category-comportamento","tag-criancas","tag-desenvolvimento-da-fala","tag-desenvolvimento-infantil","tag-fonetica","tag-letramento"],"yoast_head":"<!-- This site is optimized with the Yoast SEO plugin v26.5 - https:\/\/yoast.com\/wordpress\/plugins\/seo\/ -->\n<title>Como cresce uma Crian\u00e7a? \u2014 Parte IV - Jornal Fatos e Not\u00edcias<\/title>\n<meta name=\"robots\" content=\"index, follow, max-snippet:-1, max-image-preview:large, max-video-preview:-1\" \/>\n<link rel=\"canonical\" href=\"https:\/\/jornalfatosenoticias.com.br\/index.php\/2022\/08\/04\/como-cresce-uma-crianca-parte-iv\/\" \/>\n<meta property=\"og:locale\" content=\"pt_BR\" \/>\n<meta property=\"og:type\" content=\"article\" \/>\n<meta property=\"og:title\" content=\"Como cresce uma Crian\u00e7a? \u2014 Parte IV - Jornal Fatos e Not\u00edcias\" \/>\n<meta property=\"og:description\" content=\"A aprendizagem da l\u00edngua falada, da leitura e da escrita seguir\u00e1 rigores semelhantes aos crit\u00e9rios cient\u00edficos Prosseguindo no tema dos quatro principais vetores do desenvolvimento infantil, a aquisi\u00e7\u00e3o da linguagem depender\u00e1, diretamente, da matura\u00e7\u00e3o motora do aparelho fonador associada \u00e0 boa audi\u00e7\u00e3o, acrescida ao afeto acolhedor a cada progresso conseguido.Aconchegar com afeto os sons ainda [&hellip;]\" \/>\n<meta property=\"og:url\" content=\"https:\/\/jornalfatosenoticias.com.br\/index.php\/2022\/08\/04\/como-cresce-uma-crianca-parte-iv\/\" \/>\n<meta property=\"og:site_name\" content=\"Jornal Fatos e Not\u00edcias\" \/>\n<meta property=\"article:published_time\" content=\"2022-08-04T18:24:46+00:00\" \/>\n<meta property=\"article:modified_time\" content=\"2022-08-04T18:24:47+00:00\" \/>\n<meta property=\"og:image\" content=\"https:\/\/jornalfatosenoticias.com.br\/wp-content\/uploads\/2022\/08\/menina-ao-celular.jpg\" \/>\n\t<meta property=\"og:image:width\" content=\"1000\" \/>\n\t<meta property=\"og:image:height\" content=\"562\" \/>\n\t<meta property=\"og:image:type\" content=\"image\/jpeg\" \/>\n<meta name=\"author\" content=\"Ana Maria Iencarelli\" \/>\n<meta name=\"twitter:card\" content=\"summary_large_image\" \/>\n<meta name=\"twitter:label1\" content=\"Escrito por\" \/>\n\t<meta name=\"twitter:data1\" content=\"Ana Maria Iencarelli\" \/>\n\t<meta name=\"twitter:label2\" content=\"Est. tempo de leitura\" \/>\n\t<meta name=\"twitter:data2\" content=\"5 minutos\" \/>\n<script type=\"application\/ld+json\" class=\"yoast-schema-graph\">{\"@context\":\"https:\/\/schema.org\",\"@graph\":[{\"@type\":\"Article\",\"@id\":\"https:\/\/jornalfatosenoticias.com.br\/index.php\/2022\/08\/04\/como-cresce-uma-crianca-parte-iv\/#article\",\"isPartOf\":{\"@id\":\"https:\/\/jornalfatosenoticias.com.br\/index.php\/2022\/08\/04\/como-cresce-uma-crianca-parte-iv\/\"},\"author\":{\"name\":\"Ana Maria Iencarelli\",\"@id\":\"https:\/\/jornalfatosenoticias.com.br\/#\/schema\/person\/c33fcf5fb02d729d3fec92c6737a22d1\"},\"headline\":\"Como cresce uma Crian\u00e7a? \u2014 Parte IV\",\"datePublished\":\"2022-08-04T18:24:46+00:00\",\"dateModified\":\"2022-08-04T18:24:47+00:00\",\"mainEntityOfPage\":{\"@id\":\"https:\/\/jornalfatosenoticias.com.br\/index.php\/2022\/08\/04\/como-cresce-uma-crianca-parte-iv\/\"},\"wordCount\":1025,\"commentCount\":0,\"publisher\":{\"@id\":\"https:\/\/jornalfatosenoticias.com.br\/#organization\"},\"image\":{\"@id\":\"https:\/\/jornalfatosenoticias.com.br\/index.php\/2022\/08\/04\/como-cresce-uma-crianca-parte-iv\/#primaryimage\"},\"thumbnailUrl\":\"https:\/\/jornalfatosenoticias.com.br\/wp-content\/uploads\/2022\/08\/menina-ao-celular.jpg\",\"keywords\":[\"crian\u00e7as\",\"desenvolvimento da fala\",\"desenvolvimento infantil\",\"fon\u00e9tica\",\"letramento\"],\"articleSection\":[\"Comportamento &amp; Equil\u00edbrio\"],\"inLanguage\":\"pt-BR\",\"potentialAction\":[{\"@type\":\"CommentAction\",\"name\":\"Comment\",\"target\":[\"https:\/\/jornalfatosenoticias.com.br\/index.php\/2022\/08\/04\/como-cresce-uma-crianca-parte-iv\/#respond\"]}]},{\"@type\":\"WebPage\",\"@id\":\"https:\/\/jornalfatosenoticias.com.br\/index.php\/2022\/08\/04\/como-cresce-uma-crianca-parte-iv\/\",\"url\":\"https:\/\/jornalfatosenoticias.com.br\/index.php\/2022\/08\/04\/como-cresce-uma-crianca-parte-iv\/\",\"name\":\"Como cresce uma Crian\u00e7a? \u2014 Parte IV - Jornal Fatos e Not\u00edcias\",\"isPartOf\":{\"@id\":\"https:\/\/jornalfatosenoticias.com.br\/#website\"},\"primaryImageOfPage\":{\"@id\":\"https:\/\/jornalfatosenoticias.com.br\/index.php\/2022\/08\/04\/como-cresce-uma-crianca-parte-iv\/#primaryimage\"},\"image\":{\"@id\":\"https:\/\/jornalfatosenoticias.com.br\/index.php\/2022\/08\/04\/como-cresce-uma-crianca-parte-iv\/#primaryimage\"},\"thumbnailUrl\":\"https:\/\/jornalfatosenoticias.com.br\/wp-content\/uploads\/2022\/08\/menina-ao-celular.jpg\",\"datePublished\":\"2022-08-04T18:24:46+00:00\",\"dateModified\":\"2022-08-04T18:24:47+00:00\",\"breadcrumb\":{\"@id\":\"https:\/\/jornalfatosenoticias.com.br\/index.php\/2022\/08\/04\/como-cresce-uma-crianca-parte-iv\/#breadcrumb\"},\"inLanguage\":\"pt-BR\",\"potentialAction\":[{\"@type\":\"ReadAction\",\"target\":[\"https:\/\/jornalfatosenoticias.com.br\/index.php\/2022\/08\/04\/como-cresce-uma-crianca-parte-iv\/\"]}]},{\"@type\":\"ImageObject\",\"inLanguage\":\"pt-BR\",\"@id\":\"https:\/\/jornalfatosenoticias.com.br\/index.php\/2022\/08\/04\/como-cresce-uma-crianca-parte-iv\/#primaryimage\",\"url\":\"https:\/\/jornalfatosenoticias.com.br\/wp-content\/uploads\/2022\/08\/menina-ao-celular.jpg\",\"contentUrl\":\"https:\/\/jornalfatosenoticias.com.br\/wp-content\/uploads\/2022\/08\/menina-ao-celular.jpg\",\"width\":1000,\"height\":562},{\"@type\":\"BreadcrumbList\",\"@id\":\"https:\/\/jornalfatosenoticias.com.br\/index.php\/2022\/08\/04\/como-cresce-uma-crianca-parte-iv\/#breadcrumb\",\"itemListElement\":[{\"@type\":\"ListItem\",\"position\":1,\"name\":\"In\u00edcio\",\"item\":\"https:\/\/jornalfatosenoticias.com.br\/\"},{\"@type\":\"ListItem\",\"position\":2,\"name\":\"Como cresce uma Crian\u00e7a? \u2014 Parte IV\"}]},{\"@type\":\"WebSite\",\"@id\":\"https:\/\/jornalfatosenoticias.com.br\/#website\",\"url\":\"https:\/\/jornalfatosenoticias.com.br\/\",\"name\":\"Jornal Fatos e Not\u00edcias\",\"description\":\"Not\u00edcias em geral\",\"publisher\":{\"@id\":\"https:\/\/jornalfatosenoticias.com.br\/#organization\"},\"potentialAction\":[{\"@type\":\"SearchAction\",\"target\":{\"@type\":\"EntryPoint\",\"urlTemplate\":\"https:\/\/jornalfatosenoticias.com.br\/?s={search_term_string}\"},\"query-input\":{\"@type\":\"PropertyValueSpecification\",\"valueRequired\":true,\"valueName\":\"search_term_string\"}}],\"inLanguage\":\"pt-BR\"},{\"@type\":\"Organization\",\"@id\":\"https:\/\/jornalfatosenoticias.com.br\/#organization\",\"name\":\"Jornal Fatos e Not\u00edcias\",\"url\":\"https:\/\/jornalfatosenoticias.com.br\/\",\"logo\":{\"@type\":\"ImageObject\",\"inLanguage\":\"pt-BR\",\"@id\":\"https:\/\/jornalfatosenoticias.com.br\/#\/schema\/logo\/image\/\",\"url\":\"https:\/\/jornalfatosenoticias.com.br\/wp-content\/uploads\/2020\/02\/logo120.png\",\"contentUrl\":\"https:\/\/jornalfatosenoticias.com.br\/wp-content\/uploads\/2020\/02\/logo120.png\",\"width\":1227,\"height\":120,\"caption\":\"Jornal Fatos e Not\u00edcias\"},\"image\":{\"@id\":\"https:\/\/jornalfatosenoticias.com.br\/#\/schema\/logo\/image\/\"}},{\"@type\":\"Person\",\"@id\":\"https:\/\/jornalfatosenoticias.com.br\/#\/schema\/person\/c33fcf5fb02d729d3fec92c6737a22d1\",\"name\":\"Ana Maria Iencarelli\",\"image\":{\"@type\":\"ImageObject\",\"inLanguage\":\"pt-BR\",\"@id\":\"https:\/\/jornalfatosenoticias.com.br\/#\/schema\/person\/image\/\",\"url\":\"https:\/\/jornalfatosenoticias.com.br\/wp-content\/uploads\/2020\/02\/Ana-Maria-Iencarelli-1-150x150.jpg\",\"contentUrl\":\"https:\/\/jornalfatosenoticias.com.br\/wp-content\/uploads\/2020\/02\/Ana-Maria-Iencarelli-1-150x150.jpg\",\"caption\":\"Ana Maria Iencarelli\"},\"description\":\"Psicanalista Cl\u00ednica, especializada no atendimento a Crian\u00e7as e Adolescentes. Presidente da ONG Vozes de Anjos.\",\"url\":\"https:\/\/jornalfatosenoticias.com.br\/index.php\/author\/anamaria\/\"}]}<\/script>\n<!-- \/ Yoast SEO plugin. -->","yoast_head_json":{"title":"Como cresce uma Crian\u00e7a? \u2014 Parte IV - Jornal Fatos e Not\u00edcias","robots":{"index":"index","follow":"follow","max-snippet":"max-snippet:-1","max-image-preview":"max-image-preview:large","max-video-preview":"max-video-preview:-1"},"canonical":"https:\/\/jornalfatosenoticias.com.br\/index.php\/2022\/08\/04\/como-cresce-uma-crianca-parte-iv\/","og_locale":"pt_BR","og_type":"article","og_title":"Como cresce uma Crian\u00e7a? \u2014 Parte IV - Jornal Fatos e Not\u00edcias","og_description":"A aprendizagem da l\u00edngua falada, da leitura e da escrita seguir\u00e1 rigores semelhantes aos crit\u00e9rios cient\u00edficos Prosseguindo no tema dos quatro principais vetores do desenvolvimento infantil, a aquisi\u00e7\u00e3o da linguagem depender\u00e1, diretamente, da matura\u00e7\u00e3o motora do aparelho fonador associada \u00e0 boa audi\u00e7\u00e3o, acrescida ao afeto acolhedor a cada progresso conseguido.Aconchegar com afeto os sons ainda [&hellip;]","og_url":"https:\/\/jornalfatosenoticias.com.br\/index.php\/2022\/08\/04\/como-cresce-uma-crianca-parte-iv\/","og_site_name":"Jornal Fatos e Not\u00edcias","article_published_time":"2022-08-04T18:24:46+00:00","article_modified_time":"2022-08-04T18:24:47+00:00","og_image":[{"width":1000,"height":562,"url":"https:\/\/jornalfatosenoticias.com.br\/wp-content\/uploads\/2022\/08\/menina-ao-celular.jpg","type":"image\/jpeg"}],"author":"Ana Maria Iencarelli","twitter_card":"summary_large_image","twitter_misc":{"Escrito por":"Ana Maria Iencarelli","Est. tempo de leitura":"5 minutos"},"schema":{"@context":"https:\/\/schema.org","@graph":[{"@type":"Article","@id":"https:\/\/jornalfatosenoticias.com.br\/index.php\/2022\/08\/04\/como-cresce-uma-crianca-parte-iv\/#article","isPartOf":{"@id":"https:\/\/jornalfatosenoticias.com.br\/index.php\/2022\/08\/04\/como-cresce-uma-crianca-parte-iv\/"},"author":{"name":"Ana Maria Iencarelli","@id":"https:\/\/jornalfatosenoticias.com.br\/#\/schema\/person\/c33fcf5fb02d729d3fec92c6737a22d1"},"headline":"Como cresce uma Crian\u00e7a? \u2014 Parte IV","datePublished":"2022-08-04T18:24:46+00:00","dateModified":"2022-08-04T18:24:47+00:00","mainEntityOfPage":{"@id":"https:\/\/jornalfatosenoticias.com.br\/index.php\/2022\/08\/04\/como-cresce-uma-crianca-parte-iv\/"},"wordCount":1025,"commentCount":0,"publisher":{"@id":"https:\/\/jornalfatosenoticias.com.br\/#organization"},"image":{"@id":"https:\/\/jornalfatosenoticias.com.br\/index.php\/2022\/08\/04\/como-cresce-uma-crianca-parte-iv\/#primaryimage"},"thumbnailUrl":"https:\/\/jornalfatosenoticias.com.br\/wp-content\/uploads\/2022\/08\/menina-ao-celular.jpg","keywords":["crian\u00e7as","desenvolvimento da fala","desenvolvimento infantil","fon\u00e9tica","letramento"],"articleSection":["Comportamento &amp; Equil\u00edbrio"],"inLanguage":"pt-BR","potentialAction":[{"@type":"CommentAction","name":"Comment","target":["https:\/\/jornalfatosenoticias.com.br\/index.php\/2022\/08\/04\/como-cresce-uma-crianca-parte-iv\/#respond"]}]},{"@type":"WebPage","@id":"https:\/\/jornalfatosenoticias.com.br\/index.php\/2022\/08\/04\/como-cresce-uma-crianca-parte-iv\/","url":"https:\/\/jornalfatosenoticias.com.br\/index.php\/2022\/08\/04\/como-cresce-uma-crianca-parte-iv\/","name":"Como cresce uma Crian\u00e7a? \u2014 Parte IV - Jornal Fatos e Not\u00edcias","isPartOf":{"@id":"https:\/\/jornalfatosenoticias.com.br\/#website"},"primaryImageOfPage":{"@id":"https:\/\/jornalfatosenoticias.com.br\/index.php\/2022\/08\/04\/como-cresce-uma-crianca-parte-iv\/#primaryimage"},"image":{"@id":"https:\/\/jornalfatosenoticias.com.br\/index.php\/2022\/08\/04\/como-cresce-uma-crianca-parte-iv\/#primaryimage"},"thumbnailUrl":"https:\/\/jornalfatosenoticias.com.br\/wp-content\/uploads\/2022\/08\/menina-ao-celular.jpg","datePublished":"2022-08-04T18:24:46+00:00","dateModified":"2022-08-04T18:24:47+00:00","breadcrumb":{"@id":"https:\/\/jornalfatosenoticias.com.br\/index.php\/2022\/08\/04\/como-cresce-uma-crianca-parte-iv\/#breadcrumb"},"inLanguage":"pt-BR","potentialAction":[{"@type":"ReadAction","target":["https:\/\/jornalfatosenoticias.com.br\/index.php\/2022\/08\/04\/como-cresce-uma-crianca-parte-iv\/"]}]},{"@type":"ImageObject","inLanguage":"pt-BR","@id":"https:\/\/jornalfatosenoticias.com.br\/index.php\/2022\/08\/04\/como-cresce-uma-crianca-parte-iv\/#primaryimage","url":"https:\/\/jornalfatosenoticias.com.br\/wp-content\/uploads\/2022\/08\/menina-ao-celular.jpg","contentUrl":"https:\/\/jornalfatosenoticias.com.br\/wp-content\/uploads\/2022\/08\/menina-ao-celular.jpg","width":1000,"height":562},{"@type":"BreadcrumbList","@id":"https:\/\/jornalfatosenoticias.com.br\/index.php\/2022\/08\/04\/como-cresce-uma-crianca-parte-iv\/#breadcrumb","itemListElement":[{"@type":"ListItem","position":1,"name":"In\u00edcio","item":"https:\/\/jornalfatosenoticias.com.br\/"},{"@type":"ListItem","position":2,"name":"Como cresce uma Crian\u00e7a? \u2014 Parte IV"}]},{"@type":"WebSite","@id":"https:\/\/jornalfatosenoticias.com.br\/#website","url":"https:\/\/jornalfatosenoticias.com.br\/","name":"Jornal Fatos e Not\u00edcias","description":"Not\u00edcias em geral","publisher":{"@id":"https:\/\/jornalfatosenoticias.com.br\/#organization"},"potentialAction":[{"@type":"SearchAction","target":{"@type":"EntryPoint","urlTemplate":"https:\/\/jornalfatosenoticias.com.br\/?s={search_term_string}"},"query-input":{"@type":"PropertyValueSpecification","valueRequired":true,"valueName":"search_term_string"}}],"inLanguage":"pt-BR"},{"@type":"Organization","@id":"https:\/\/jornalfatosenoticias.com.br\/#organization","name":"Jornal Fatos e Not\u00edcias","url":"https:\/\/jornalfatosenoticias.com.br\/","logo":{"@type":"ImageObject","inLanguage":"pt-BR","@id":"https:\/\/jornalfatosenoticias.com.br\/#\/schema\/logo\/image\/","url":"https:\/\/jornalfatosenoticias.com.br\/wp-content\/uploads\/2020\/02\/logo120.png","contentUrl":"https:\/\/jornalfatosenoticias.com.br\/wp-content\/uploads\/2020\/02\/logo120.png","width":1227,"height":120,"caption":"Jornal Fatos e Not\u00edcias"},"image":{"@id":"https:\/\/jornalfatosenoticias.com.br\/#\/schema\/logo\/image\/"}},{"@type":"Person","@id":"https:\/\/jornalfatosenoticias.com.br\/#\/schema\/person\/c33fcf5fb02d729d3fec92c6737a22d1","name":"Ana Maria Iencarelli","image":{"@type":"ImageObject","inLanguage":"pt-BR","@id":"https:\/\/jornalfatosenoticias.com.br\/#\/schema\/person\/image\/","url":"https:\/\/jornalfatosenoticias.com.br\/wp-content\/uploads\/2020\/02\/Ana-Maria-Iencarelli-1-150x150.jpg","contentUrl":"https:\/\/jornalfatosenoticias.com.br\/wp-content\/uploads\/2020\/02\/Ana-Maria-Iencarelli-1-150x150.jpg","caption":"Ana Maria Iencarelli"},"description":"Psicanalista Cl\u00ednica, especializada no atendimento a Crian\u00e7as e Adolescentes. Presidente da ONG Vozes de Anjos.","url":"https:\/\/jornalfatosenoticias.com.br\/index.php\/author\/anamaria\/"}]}},"cc_featured_image_caption":{"caption_text":"(Foto: iStock\/Arte Lunetas)","source_text":"","source_url":""},"jetpack_featured_media_url":"https:\/\/jornalfatosenoticias.com.br\/wp-content\/uploads\/2022\/08\/menina-ao-celular.jpg","_links":{"self":[{"href":"https:\/\/jornalfatosenoticias.com.br\/index.php\/wp-json\/wp\/v2\/posts\/32908","targetHints":{"allow":["GET"]}}],"collection":[{"href":"https:\/\/jornalfatosenoticias.com.br\/index.php\/wp-json\/wp\/v2\/posts"}],"about":[{"href":"https:\/\/jornalfatosenoticias.com.br\/index.php\/wp-json\/wp\/v2\/types\/post"}],"author":[{"embeddable":true,"href":"https:\/\/jornalfatosenoticias.com.br\/index.php\/wp-json\/wp\/v2\/users\/8"}],"replies":[{"embeddable":true,"href":"https:\/\/jornalfatosenoticias.com.br\/index.php\/wp-json\/wp\/v2\/comments?post=32908"}],"version-history":[{"count":0,"href":"https:\/\/jornalfatosenoticias.com.br\/index.php\/wp-json\/wp\/v2\/posts\/32908\/revisions"}],"wp:featuredmedia":[{"embeddable":true,"href":"https:\/\/jornalfatosenoticias.com.br\/index.php\/wp-json\/wp\/v2\/media\/32911"}],"wp:attachment":[{"href":"https:\/\/jornalfatosenoticias.com.br\/index.php\/wp-json\/wp\/v2\/media?parent=32908"}],"wp:term":[{"taxonomy":"category","embeddable":true,"href":"https:\/\/jornalfatosenoticias.com.br\/index.php\/wp-json\/wp\/v2\/categories?post=32908"},{"taxonomy":"post_tag","embeddable":true,"href":"https:\/\/jornalfatosenoticias.com.br\/index.php\/wp-json\/wp\/v2\/tags?post=32908"}],"curies":[{"name":"wp","href":"https:\/\/api.w.org\/{rel}","templated":true}]}}