{"id":32921,"date":"2022-08-04T15:40:28","date_gmt":"2022-08-04T18:40:28","guid":{"rendered":"https:\/\/jornalfatosenoticias.com.br\/?p=32921"},"modified":"2022-08-04T15:40:31","modified_gmt":"2022-08-04T18:40:31","slug":"time-de-ouro-do-bolsonarismo-lanca-candidatura-capixaba","status":"publish","type":"post","link":"https:\/\/jornalfatosenoticias.com.br\/index.php\/2022\/08\/04\/time-de-ouro-do-bolsonarismo-lanca-candidatura-capixaba\/","title":{"rendered":"Time de ouro do Bolsonarismo lan\u00e7a candidatura capixaba"},"content":{"rendered":"\n<div class=\"wp-block-image\"><figure class=\"aligncenter size-large\"><img loading=\"lazy\" decoding=\"async\" width=\"1024\" height=\"100\" src=\"https:\/\/jornalfatosenoticias.com.br\/wp-content\/uploads\/2020\/02\/banner_ferramentas-1024x100.jpg\" alt=\"\" class=\"wp-image-1258\" srcset=\"https:\/\/jornalfatosenoticias.com.br\/wp-content\/uploads\/2020\/02\/banner_ferramentas-1024x100.jpg 1024w, https:\/\/jornalfatosenoticias.com.br\/wp-content\/uploads\/2020\/02\/banner_ferramentas-300x29.jpg 300w, https:\/\/jornalfatosenoticias.com.br\/wp-content\/uploads\/2020\/02\/banner_ferramentas-768x75.jpg 768w, https:\/\/jornalfatosenoticias.com.br\/wp-content\/uploads\/2020\/02\/banner_ferramentas.jpg 1227w\" sizes=\"auto, (max-width: 1024px) 100vw, 1024px\" \/><\/figure><\/div>\n\n\n\n<p>A deputada Carla Zambelli (PL\/SP) estar\u00e1 no Esp\u00edrito Santo neste fim de semana para lan\u00e7ar a candidatura a deputado federal do representante da \u201cLiga da Lealdade\u201d, um time de candidatos \u00e0 C\u00e2mara Federal que est\u00e3o alinhados com as pautas conservadoras e que declaram lealdade ao Presidente Jair Bolsonaro.<br>O representante capixaba da Liga \u00e9 D\u00e1rcio Bracarense, cofundador do Movimento Nas Ruas Contra a Corrup\u00e7\u00e3o em 2011 e uma das lideran\u00e7as do \u201cFora Dilma Vit\u00f3ria\u201d, um dos movimentos que organizaram manifesta\u00e7\u00f5es em favor do impeachment de Dilma Rousseff.<\/p>\n\n\n\n<div class=\"wp-block-image\"><figure class=\"aligncenter size-large is-resized\"><img loading=\"lazy\" decoding=\"async\" src=\"https:\/\/jornalfatosenoticias.com.br\/wp-content\/uploads\/2022\/06\/Casaruo1024_1.jpg\" alt=\"\" class=\"wp-image-31042\" width=\"386\" height=\"210\"\/><\/figure><\/div>\n\n\n\n<p>Bracarense recentemente trabalhou como assessor t\u00e9cnico da Comiss\u00e3o de Meio Ambiente da C\u00e2mara dos Deputados sob a presid\u00eancia de Zambelli. Conhecido como \u201cestrategista\u201d dos movimentos, depois da vit\u00f3ria de Bolsonaro passou a realizar palestras em diversos congressos conservadores pelo pa\u00eds. Suas \u00faltimas palestras ocorreram em Patos de Minas (MG), Barretos (SP), Campo Grande (MS) e Goi\u00e2nia (GO).<br>Para al\u00e9m do lema \u201cDeus, P\u00e1tria, Fam\u00edlia e Liberdade\u201d, D\u00e1rcio costuma abordar as \u201cestrat\u00e9gias de desmoraliza\u00e7\u00e3o e desestabiliza\u00e7\u00e3o\u201d da sociedade que, segundo ele, s\u00e3o praticadas pelos movimentos e partidos de esquerda. Ele tamb\u00e9m trata do que chama de \u201ctransposi\u00e7\u00e3o did\u00e1tica\u201d dos projetos do atual governo, com a finalidade de criar um \u201chorizonte de perspectiva\u201d para a popula\u00e7\u00e3o. <\/p>\n\n\n\n<div class=\"wp-block-image\"><figure class=\"alignleft size-large is-resized\"><img loading=\"lazy\" decoding=\"async\" src=\"https:\/\/jornalfatosenoticias.com.br\/wp-content\/uploads\/2022\/07\/Logo-Grupo-SEI.jpg\" alt=\"\" class=\"wp-image-31973\" width=\"338\" height=\"178\" srcset=\"https:\/\/jornalfatosenoticias.com.br\/wp-content\/uploads\/2022\/07\/Logo-Grupo-SEI.jpg 713w, https:\/\/jornalfatosenoticias.com.br\/wp-content\/uploads\/2022\/07\/Logo-Grupo-SEI-300x158.jpg 300w\" sizes=\"auto, (max-width: 338px) 100vw, 338px\" \/><\/figure><\/div>\n\n\n\n<p>\u201c\u00c9 preciso que consigamos mostrar como cada projeto pode melhorar a vida das pessoas. O Novo Marco do Saneamento, por exemplo, pode significar muito mais que \u00e1gua ou tratamento de esgoto: Significa fam\u00edlias inteiras retiradas de \u00e1reas de risco e investimentos que trar\u00e3o mais sa\u00fade e prosperidade. Nossa proposta n\u00e3o \u00e9 apenas para os conservadores, mas para todos os brasileiros\u201d, comentou.<\/p>\n\n\n\n<div class=\"wp-block-image\"><figure class=\"aligncenter size-large is-resized\"><img loading=\"lazy\" decoding=\"async\" src=\"https:\/\/jornalfatosenoticias.com.br\/wp-content\/uploads\/2022\/02\/Serra-Pack-459.png\" alt=\"\" class=\"wp-image-27471\" width=\"280\" height=\"112\"\/><\/figure><\/div>\n\n\n\n<p>O primeiro evento acontecer\u00e1 na sexta-feira, dia 05, \u00e0s 20h30 no Cerimonial Casa Bella em Guarapari, e o segundo evento em Vit\u00f3ria, \u00e0s 14h30 no Cerimonial Villa Cypreste.<\/p>\n","protected":false},"excerpt":{"rendered":"<p>A deputada Carla Zambelli (PL\/SP) estar\u00e1 no Esp\u00edrito Santo neste fim de semana para lan\u00e7ar a candidatura a deputado federal do representante da \u201cLiga da Lealdade\u201d, um time de candidatos \u00e0 C\u00e2mara Federal que est\u00e3o alinhados com as pautas conservadoras e que declaram lealdade ao Presidente Jair Bolsonaro.O representante capixaba da Liga \u00e9 D\u00e1rcio Bracarense, [&hellip;]<\/p>\n","protected":false},"author":3,"featured_media":32922,"comment_status":"open","ping_status":"open","sticky":false,"template":"","format":"standard","meta":{"footnotes":""},"categories":[10],"tags":[5543,15513,100,15512],"class_list":["post-32921","post","type-post","status-publish","format-standard","has-post-thumbnail","hentry","category-politica","tag-candidatura","tag-carla-zambelli-no-es","tag-espirito-santo","tag-lancamento-de-candidatura"],"yoast_head":"<!-- This site is optimized with the Yoast SEO plugin v26.5 - https:\/\/yoast.com\/wordpress\/plugins\/seo\/ -->\n<title>Time de ouro do Bolsonarismo lan\u00e7a candidatura capixaba - Jornal Fatos e Not\u00edcias<\/title>\n<meta name=\"robots\" content=\"index, follow, max-snippet:-1, max-image-preview:large, max-video-preview:-1\" \/>\n<link rel=\"canonical\" href=\"https:\/\/jornalfatosenoticias.com.br\/index.php\/2022\/08\/04\/time-de-ouro-do-bolsonarismo-lanca-candidatura-capixaba\/\" \/>\n<meta property=\"og:locale\" content=\"pt_BR\" \/>\n<meta property=\"og:type\" content=\"article\" \/>\n<meta property=\"og:title\" content=\"Time de ouro do Bolsonarismo lan\u00e7a candidatura capixaba - Jornal Fatos e Not\u00edcias\" \/>\n<meta property=\"og:description\" content=\"A deputada Carla Zambelli (PL\/SP) estar\u00e1 no Esp\u00edrito Santo neste fim de semana para lan\u00e7ar a candidatura a deputado federal do representante da \u201cLiga da Lealdade\u201d, um time de candidatos \u00e0 C\u00e2mara Federal que est\u00e3o alinhados com as pautas conservadoras e que declaram lealdade ao Presidente Jair Bolsonaro.O representante capixaba da Liga \u00e9 D\u00e1rcio Bracarense, [&hellip;]\" \/>\n<meta property=\"og:url\" content=\"https:\/\/jornalfatosenoticias.com.br\/index.php\/2022\/08\/04\/time-de-ouro-do-bolsonarismo-lanca-candidatura-capixaba\/\" \/>\n<meta property=\"og:site_name\" content=\"Jornal Fatos e Not\u00edcias\" \/>\n<meta property=\"article:published_time\" content=\"2022-08-04T18:40:28+00:00\" \/>\n<meta property=\"article:modified_time\" content=\"2022-08-04T18:40:31+00:00\" \/>\n<meta property=\"og:image\" content=\"https:\/\/jornalfatosenoticias.com.br\/wp-content\/uploads\/2022\/08\/Bolsonaro-484.png\" \/>\n\t<meta property=\"og:image:width\" content=\"1000\" \/>\n\t<meta property=\"og:image:height\" content=\"522\" \/>\n\t<meta property=\"og:image:type\" content=\"image\/png\" \/>\n<meta name=\"author\" content=\"Haroldo Filho\" \/>\n<meta name=\"twitter:card\" content=\"summary_large_image\" \/>\n<meta name=\"twitter:label1\" content=\"Escrito por\" \/>\n\t<meta name=\"twitter:data1\" content=\"Haroldo Filho\" \/>\n\t<meta name=\"twitter:label2\" content=\"Est. tempo de leitura\" \/>\n\t<meta name=\"twitter:data2\" content=\"2 minutos\" \/>\n<script type=\"application\/ld+json\" class=\"yoast-schema-graph\">{\"@context\":\"https:\/\/schema.org\",\"@graph\":[{\"@type\":\"Article\",\"@id\":\"https:\/\/jornalfatosenoticias.com.br\/index.php\/2022\/08\/04\/time-de-ouro-do-bolsonarismo-lanca-candidatura-capixaba\/#article\",\"isPartOf\":{\"@id\":\"https:\/\/jornalfatosenoticias.com.br\/index.php\/2022\/08\/04\/time-de-ouro-do-bolsonarismo-lanca-candidatura-capixaba\/\"},\"author\":{\"name\":\"Haroldo Filho\",\"@id\":\"https:\/\/jornalfatosenoticias.com.br\/#\/schema\/person\/05c46cc25b42a5c27e004fb0fa6b4965\"},\"headline\":\"Time de ouro do Bolsonarismo lan\u00e7a candidatura capixaba\",\"datePublished\":\"2022-08-04T18:40:28+00:00\",\"dateModified\":\"2022-08-04T18:40:31+00:00\",\"mainEntityOfPage\":{\"@id\":\"https:\/\/jornalfatosenoticias.com.br\/index.php\/2022\/08\/04\/time-de-ouro-do-bolsonarismo-lanca-candidatura-capixaba\/\"},\"wordCount\":327,\"commentCount\":0,\"publisher\":{\"@id\":\"https:\/\/jornalfatosenoticias.com.br\/#organization\"},\"image\":{\"@id\":\"https:\/\/jornalfatosenoticias.com.br\/index.php\/2022\/08\/04\/time-de-ouro-do-bolsonarismo-lanca-candidatura-capixaba\/#primaryimage\"},\"thumbnailUrl\":\"https:\/\/jornalfatosenoticias.com.br\/wp-content\/uploads\/2022\/08\/Bolsonaro-484.png\",\"keywords\":[\"candidatura\",\"Carla Zambelli no ES\",\"Esp\u00edrito Santo\",\"lan\u00e7amento de candidatura\"],\"articleSection\":[\"Pol\u00edtica\"],\"inLanguage\":\"pt-BR\",\"potentialAction\":[{\"@type\":\"CommentAction\",\"name\":\"Comment\",\"target\":[\"https:\/\/jornalfatosenoticias.com.br\/index.php\/2022\/08\/04\/time-de-ouro-do-bolsonarismo-lanca-candidatura-capixaba\/#respond\"]}]},{\"@type\":\"WebPage\",\"@id\":\"https:\/\/jornalfatosenoticias.com.br\/index.php\/2022\/08\/04\/time-de-ouro-do-bolsonarismo-lanca-candidatura-capixaba\/\",\"url\":\"https:\/\/jornalfatosenoticias.com.br\/index.php\/2022\/08\/04\/time-de-ouro-do-bolsonarismo-lanca-candidatura-capixaba\/\",\"name\":\"Time de ouro do Bolsonarismo lan\u00e7a candidatura capixaba - Jornal Fatos e Not\u00edcias\",\"isPartOf\":{\"@id\":\"https:\/\/jornalfatosenoticias.com.br\/#website\"},\"primaryImageOfPage\":{\"@id\":\"https:\/\/jornalfatosenoticias.com.br\/index.php\/2022\/08\/04\/time-de-ouro-do-bolsonarismo-lanca-candidatura-capixaba\/#primaryimage\"},\"image\":{\"@id\":\"https:\/\/jornalfatosenoticias.com.br\/index.php\/2022\/08\/04\/time-de-ouro-do-bolsonarismo-lanca-candidatura-capixaba\/#primaryimage\"},\"thumbnailUrl\":\"https:\/\/jornalfatosenoticias.com.br\/wp-content\/uploads\/2022\/08\/Bolsonaro-484.png\",\"datePublished\":\"2022-08-04T18:40:28+00:00\",\"dateModified\":\"2022-08-04T18:40:31+00:00\",\"breadcrumb\":{\"@id\":\"https:\/\/jornalfatosenoticias.com.br\/index.php\/2022\/08\/04\/time-de-ouro-do-bolsonarismo-lanca-candidatura-capixaba\/#breadcrumb\"},\"inLanguage\":\"pt-BR\",\"potentialAction\":[{\"@type\":\"ReadAction\",\"target\":[\"https:\/\/jornalfatosenoticias.com.br\/index.php\/2022\/08\/04\/time-de-ouro-do-bolsonarismo-lanca-candidatura-capixaba\/\"]}]},{\"@type\":\"ImageObject\",\"inLanguage\":\"pt-BR\",\"@id\":\"https:\/\/jornalfatosenoticias.com.br\/index.php\/2022\/08\/04\/time-de-ouro-do-bolsonarismo-lanca-candidatura-capixaba\/#primaryimage\",\"url\":\"https:\/\/jornalfatosenoticias.com.br\/wp-content\/uploads\/2022\/08\/Bolsonaro-484.png\",\"contentUrl\":\"https:\/\/jornalfatosenoticias.com.br\/wp-content\/uploads\/2022\/08\/Bolsonaro-484.png\",\"width\":1000,\"height\":522},{\"@type\":\"BreadcrumbList\",\"@id\":\"https:\/\/jornalfatosenoticias.com.br\/index.php\/2022\/08\/04\/time-de-ouro-do-bolsonarismo-lanca-candidatura-capixaba\/#breadcrumb\",\"itemListElement\":[{\"@type\":\"ListItem\",\"position\":1,\"name\":\"In\u00edcio\",\"item\":\"https:\/\/jornalfatosenoticias.com.br\/\"},{\"@type\":\"ListItem\",\"position\":2,\"name\":\"Time de ouro do Bolsonarismo lan\u00e7a candidatura capixaba\"}]},{\"@type\":\"WebSite\",\"@id\":\"https:\/\/jornalfatosenoticias.com.br\/#website\",\"url\":\"https:\/\/jornalfatosenoticias.com.br\/\",\"name\":\"Jornal Fatos e Not\u00edcias\",\"description\":\"Not\u00edcias em geral\",\"publisher\":{\"@id\":\"https:\/\/jornalfatosenoticias.com.br\/#organization\"},\"potentialAction\":[{\"@type\":\"SearchAction\",\"target\":{\"@type\":\"EntryPoint\",\"urlTemplate\":\"https:\/\/jornalfatosenoticias.com.br\/?s={search_term_string}\"},\"query-input\":{\"@type\":\"PropertyValueSpecification\",\"valueRequired\":true,\"valueName\":\"search_term_string\"}}],\"inLanguage\":\"pt-BR\"},{\"@type\":\"Organization\",\"@id\":\"https:\/\/jornalfatosenoticias.com.br\/#organization\",\"name\":\"Jornal Fatos e Not\u00edcias\",\"url\":\"https:\/\/jornalfatosenoticias.com.br\/\",\"logo\":{\"@type\":\"ImageObject\",\"inLanguage\":\"pt-BR\",\"@id\":\"https:\/\/jornalfatosenoticias.com.br\/#\/schema\/logo\/image\/\",\"url\":\"https:\/\/jornalfatosenoticias.com.br\/wp-content\/uploads\/2020\/02\/logo120.png\",\"contentUrl\":\"https:\/\/jornalfatosenoticias.com.br\/wp-content\/uploads\/2020\/02\/logo120.png\",\"width\":1227,\"height\":120,\"caption\":\"Jornal Fatos e Not\u00edcias\"},\"image\":{\"@id\":\"https:\/\/jornalfatosenoticias.com.br\/#\/schema\/logo\/image\/\"}},{\"@type\":\"Person\",\"@id\":\"https:\/\/jornalfatosenoticias.com.br\/#\/schema\/person\/05c46cc25b42a5c27e004fb0fa6b4965\",\"name\":\"Haroldo Filho\",\"image\":{\"@type\":\"ImageObject\",\"inLanguage\":\"pt-BR\",\"@id\":\"https:\/\/jornalfatosenoticias.com.br\/#\/schema\/person\/image\/\",\"url\":\"https:\/\/jornalfatosenoticias.com.br\/wp-content\/uploads\/2025\/08\/WhatsApp-Image-2025-08-18-at-15.30.28-150x150.jpeg\",\"contentUrl\":\"https:\/\/jornalfatosenoticias.com.br\/wp-content\/uploads\/2025\/08\/WhatsApp-Image-2025-08-18-at-15.30.28-150x150.jpeg\",\"caption\":\"Haroldo Filho\"},\"description\":\"Jornalista \u2013 DRT: 0003818\/ES Coordenador-geral da ONG Educar para Crescer\",\"url\":\"https:\/\/jornalfatosenoticias.com.br\/index.php\/author\/haroldo\/\"}]}<\/script>\n<!-- \/ Yoast SEO plugin. -->","yoast_head_json":{"title":"Time de ouro do Bolsonarismo lan\u00e7a candidatura capixaba - Jornal Fatos e Not\u00edcias","robots":{"index":"index","follow":"follow","max-snippet":"max-snippet:-1","max-image-preview":"max-image-preview:large","max-video-preview":"max-video-preview:-1"},"canonical":"https:\/\/jornalfatosenoticias.com.br\/index.php\/2022\/08\/04\/time-de-ouro-do-bolsonarismo-lanca-candidatura-capixaba\/","og_locale":"pt_BR","og_type":"article","og_title":"Time de ouro do Bolsonarismo lan\u00e7a candidatura capixaba - Jornal Fatos e Not\u00edcias","og_description":"A deputada Carla Zambelli (PL\/SP) estar\u00e1 no Esp\u00edrito Santo neste fim de semana para lan\u00e7ar a candidatura a deputado federal do representante da \u201cLiga da Lealdade\u201d, um time de candidatos \u00e0 C\u00e2mara Federal que est\u00e3o alinhados com as pautas conservadoras e que declaram lealdade ao Presidente Jair Bolsonaro.O representante capixaba da Liga \u00e9 D\u00e1rcio Bracarense, [&hellip;]","og_url":"https:\/\/jornalfatosenoticias.com.br\/index.php\/2022\/08\/04\/time-de-ouro-do-bolsonarismo-lanca-candidatura-capixaba\/","og_site_name":"Jornal Fatos e Not\u00edcias","article_published_time":"2022-08-04T18:40:28+00:00","article_modified_time":"2022-08-04T18:40:31+00:00","og_image":[{"width":1000,"height":522,"url":"https:\/\/jornalfatosenoticias.com.br\/wp-content\/uploads\/2022\/08\/Bolsonaro-484.png","type":"image\/png"}],"author":"Haroldo Filho","twitter_card":"summary_large_image","twitter_misc":{"Escrito por":"Haroldo Filho","Est. tempo de leitura":"2 minutos"},"schema":{"@context":"https:\/\/schema.org","@graph":[{"@type":"Article","@id":"https:\/\/jornalfatosenoticias.com.br\/index.php\/2022\/08\/04\/time-de-ouro-do-bolsonarismo-lanca-candidatura-capixaba\/#article","isPartOf":{"@id":"https:\/\/jornalfatosenoticias.com.br\/index.php\/2022\/08\/04\/time-de-ouro-do-bolsonarismo-lanca-candidatura-capixaba\/"},"author":{"name":"Haroldo Filho","@id":"https:\/\/jornalfatosenoticias.com.br\/#\/schema\/person\/05c46cc25b42a5c27e004fb0fa6b4965"},"headline":"Time de ouro do Bolsonarismo lan\u00e7a candidatura capixaba","datePublished":"2022-08-04T18:40:28+00:00","dateModified":"2022-08-04T18:40:31+00:00","mainEntityOfPage":{"@id":"https:\/\/jornalfatosenoticias.com.br\/index.php\/2022\/08\/04\/time-de-ouro-do-bolsonarismo-lanca-candidatura-capixaba\/"},"wordCount":327,"commentCount":0,"publisher":{"@id":"https:\/\/jornalfatosenoticias.com.br\/#organization"},"image":{"@id":"https:\/\/jornalfatosenoticias.com.br\/index.php\/2022\/08\/04\/time-de-ouro-do-bolsonarismo-lanca-candidatura-capixaba\/#primaryimage"},"thumbnailUrl":"https:\/\/jornalfatosenoticias.com.br\/wp-content\/uploads\/2022\/08\/Bolsonaro-484.png","keywords":["candidatura","Carla Zambelli no ES","Esp\u00edrito Santo","lan\u00e7amento de candidatura"],"articleSection":["Pol\u00edtica"],"inLanguage":"pt-BR","potentialAction":[{"@type":"CommentAction","name":"Comment","target":["https:\/\/jornalfatosenoticias.com.br\/index.php\/2022\/08\/04\/time-de-ouro-do-bolsonarismo-lanca-candidatura-capixaba\/#respond"]}]},{"@type":"WebPage","@id":"https:\/\/jornalfatosenoticias.com.br\/index.php\/2022\/08\/04\/time-de-ouro-do-bolsonarismo-lanca-candidatura-capixaba\/","url":"https:\/\/jornalfatosenoticias.com.br\/index.php\/2022\/08\/04\/time-de-ouro-do-bolsonarismo-lanca-candidatura-capixaba\/","name":"Time de ouro do Bolsonarismo lan\u00e7a candidatura capixaba - Jornal Fatos e Not\u00edcias","isPartOf":{"@id":"https:\/\/jornalfatosenoticias.com.br\/#website"},"primaryImageOfPage":{"@id":"https:\/\/jornalfatosenoticias.com.br\/index.php\/2022\/08\/04\/time-de-ouro-do-bolsonarismo-lanca-candidatura-capixaba\/#primaryimage"},"image":{"@id":"https:\/\/jornalfatosenoticias.com.br\/index.php\/2022\/08\/04\/time-de-ouro-do-bolsonarismo-lanca-candidatura-capixaba\/#primaryimage"},"thumbnailUrl":"https:\/\/jornalfatosenoticias.com.br\/wp-content\/uploads\/2022\/08\/Bolsonaro-484.png","datePublished":"2022-08-04T18:40:28+00:00","dateModified":"2022-08-04T18:40:31+00:00","breadcrumb":{"@id":"https:\/\/jornalfatosenoticias.com.br\/index.php\/2022\/08\/04\/time-de-ouro-do-bolsonarismo-lanca-candidatura-capixaba\/#breadcrumb"},"inLanguage":"pt-BR","potentialAction":[{"@type":"ReadAction","target":["https:\/\/jornalfatosenoticias.com.br\/index.php\/2022\/08\/04\/time-de-ouro-do-bolsonarismo-lanca-candidatura-capixaba\/"]}]},{"@type":"ImageObject","inLanguage":"pt-BR","@id":"https:\/\/jornalfatosenoticias.com.br\/index.php\/2022\/08\/04\/time-de-ouro-do-bolsonarismo-lanca-candidatura-capixaba\/#primaryimage","url":"https:\/\/jornalfatosenoticias.com.br\/wp-content\/uploads\/2022\/08\/Bolsonaro-484.png","contentUrl":"https:\/\/jornalfatosenoticias.com.br\/wp-content\/uploads\/2022\/08\/Bolsonaro-484.png","width":1000,"height":522},{"@type":"BreadcrumbList","@id":"https:\/\/jornalfatosenoticias.com.br\/index.php\/2022\/08\/04\/time-de-ouro-do-bolsonarismo-lanca-candidatura-capixaba\/#breadcrumb","itemListElement":[{"@type":"ListItem","position":1,"name":"In\u00edcio","item":"https:\/\/jornalfatosenoticias.com.br\/"},{"@type":"ListItem","position":2,"name":"Time de ouro do Bolsonarismo lan\u00e7a candidatura capixaba"}]},{"@type":"WebSite","@id":"https:\/\/jornalfatosenoticias.com.br\/#website","url":"https:\/\/jornalfatosenoticias.com.br\/","name":"Jornal Fatos e Not\u00edcias","description":"Not\u00edcias em geral","publisher":{"@id":"https:\/\/jornalfatosenoticias.com.br\/#organization"},"potentialAction":[{"@type":"SearchAction","target":{"@type":"EntryPoint","urlTemplate":"https:\/\/jornalfatosenoticias.com.br\/?s={search_term_string}"},"query-input":{"@type":"PropertyValueSpecification","valueRequired":true,"valueName":"search_term_string"}}],"inLanguage":"pt-BR"},{"@type":"Organization","@id":"https:\/\/jornalfatosenoticias.com.br\/#organization","name":"Jornal Fatos e Not\u00edcias","url":"https:\/\/jornalfatosenoticias.com.br\/","logo":{"@type":"ImageObject","inLanguage":"pt-BR","@id":"https:\/\/jornalfatosenoticias.com.br\/#\/schema\/logo\/image\/","url":"https:\/\/jornalfatosenoticias.com.br\/wp-content\/uploads\/2020\/02\/logo120.png","contentUrl":"https:\/\/jornalfatosenoticias.com.br\/wp-content\/uploads\/2020\/02\/logo120.png","width":1227,"height":120,"caption":"Jornal Fatos e Not\u00edcias"},"image":{"@id":"https:\/\/jornalfatosenoticias.com.br\/#\/schema\/logo\/image\/"}},{"@type":"Person","@id":"https:\/\/jornalfatosenoticias.com.br\/#\/schema\/person\/05c46cc25b42a5c27e004fb0fa6b4965","name":"Haroldo Filho","image":{"@type":"ImageObject","inLanguage":"pt-BR","@id":"https:\/\/jornalfatosenoticias.com.br\/#\/schema\/person\/image\/","url":"https:\/\/jornalfatosenoticias.com.br\/wp-content\/uploads\/2025\/08\/WhatsApp-Image-2025-08-18-at-15.30.28-150x150.jpeg","contentUrl":"https:\/\/jornalfatosenoticias.com.br\/wp-content\/uploads\/2025\/08\/WhatsApp-Image-2025-08-18-at-15.30.28-150x150.jpeg","caption":"Haroldo Filho"},"description":"Jornalista \u2013 DRT: 0003818\/ES Coordenador-geral da ONG Educar para Crescer","url":"https:\/\/jornalfatosenoticias.com.br\/index.php\/author\/haroldo\/"}]}},"cc_featured_image_caption":{"caption_text":"(Foto: Conversa Afiada) ","source_text":"","source_url":""},"jetpack_featured_media_url":"https:\/\/jornalfatosenoticias.com.br\/wp-content\/uploads\/2022\/08\/Bolsonaro-484.png","_links":{"self":[{"href":"https:\/\/jornalfatosenoticias.com.br\/index.php\/wp-json\/wp\/v2\/posts\/32921","targetHints":{"allow":["GET"]}}],"collection":[{"href":"https:\/\/jornalfatosenoticias.com.br\/index.php\/wp-json\/wp\/v2\/posts"}],"about":[{"href":"https:\/\/jornalfatosenoticias.com.br\/index.php\/wp-json\/wp\/v2\/types\/post"}],"author":[{"embeddable":true,"href":"https:\/\/jornalfatosenoticias.com.br\/index.php\/wp-json\/wp\/v2\/users\/3"}],"replies":[{"embeddable":true,"href":"https:\/\/jornalfatosenoticias.com.br\/index.php\/wp-json\/wp\/v2\/comments?post=32921"}],"version-history":[{"count":0,"href":"https:\/\/jornalfatosenoticias.com.br\/index.php\/wp-json\/wp\/v2\/posts\/32921\/revisions"}],"wp:featuredmedia":[{"embeddable":true,"href":"https:\/\/jornalfatosenoticias.com.br\/index.php\/wp-json\/wp\/v2\/media\/32922"}],"wp:attachment":[{"href":"https:\/\/jornalfatosenoticias.com.br\/index.php\/wp-json\/wp\/v2\/media?parent=32921"}],"wp:term":[{"taxonomy":"category","embeddable":true,"href":"https:\/\/jornalfatosenoticias.com.br\/index.php\/wp-json\/wp\/v2\/categories?post=32921"},{"taxonomy":"post_tag","embeddable":true,"href":"https:\/\/jornalfatosenoticias.com.br\/index.php\/wp-json\/wp\/v2\/tags?post=32921"}],"curies":[{"name":"wp","href":"https:\/\/api.w.org\/{rel}","templated":true}]}}