{"id":32924,"date":"2022-08-04T15:46:01","date_gmt":"2022-08-04T18:46:01","guid":{"rendered":"https:\/\/jornalfatosenoticias.com.br\/?p=32924"},"modified":"2022-08-04T15:46:05","modified_gmt":"2022-08-04T18:46:05","slug":"ministerio-da-saude-alerta-gravidas-sobre-a-variola-dos-macacos","status":"publish","type":"post","link":"https:\/\/jornalfatosenoticias.com.br\/index.php\/2022\/08\/04\/ministerio-da-saude-alerta-gravidas-sobre-a-variola-dos-macacos\/","title":{"rendered":"Minist\u00e9rio da Sa\u00fade alerta gr\u00e1vidas sobre a var\u00edola dos macacos"},"content":{"rendered":"\n<div class=\"wp-block-image\"><figure class=\"aligncenter size-large\"><img loading=\"lazy\" decoding=\"async\" width=\"729\" height=\"90\" src=\"https:\/\/jornalfatosenoticias.com.br\/wp-content\/uploads\/2020\/02\/Logo_Mizu.png\" alt=\"\" class=\"wp-image-1441\" srcset=\"https:\/\/jornalfatosenoticias.com.br\/wp-content\/uploads\/2020\/02\/Logo_Mizu.png 729w, https:\/\/jornalfatosenoticias.com.br\/wp-content\/uploads\/2020\/02\/Logo_Mizu-300x37.png 300w\" sizes=\"auto, (max-width: 729px) 100vw, 729px\" \/><\/figure><\/div>\n\n\n\n<p>O <a href=\"https:\/\/olhardigital.com.br\/tag\/ministerio-da-saude\/\" target=\"_blank\" rel=\"noreferrer noopener\">Minist\u00e9rio da Sa\u00fade<\/a> emitiu, na segunda-feira (1\u00ba), uma nota t\u00e9cnica orientando gr\u00e1vidas sobre a preven\u00e7\u00e3o \u00e0 var\u00edola dos macacos. De acordo com o documento, o uso de m\u00e1scara e de preservativos s\u00e3o fortemente recomendados para este grupo, bem como para lactantes e pessoas com <a href=\"https:\/\/olhardigital.com.br\/tag\/bebes\/\" target=\"_blank\" rel=\"noreferrer noopener\">beb\u00eas<\/a> rec\u00e9m-nascidos.<br>\u201cConsiderando o r\u00e1pido aumento do n\u00famero de casos de MPX [monkeypox] no Brasil e no mundo, associado \u00e0 transmiss\u00e3o por contato direto e, eventualmente, por via a\u00e9rea, recomenda-se que as gestantes, pu\u00e9rperas e lactantes: mantenham uso de m\u00e1scaras, principalmente em ambientes com indiv\u00edduos potencialmente contaminados com o v\u00edrus; usem preservativo em todos os tipos de rela\u00e7\u00f5es sexuais (oral, vaginal, anal) uma vez que a transmiss\u00e3o pelo contato \u00edntimo tem sido a mais frequente\u201d, diz o documento.<\/p>\n\n\n\n<div class=\"wp-block-image\"><figure class=\"alignleft size-large is-resized\"><img loading=\"lazy\" decoding=\"async\" src=\"https:\/\/jornalfatosenoticias.com.br\/wp-content\/uploads\/2022\/07\/Logo-Grupo-SEI.jpg\" alt=\"\" class=\"wp-image-31973\" width=\"285\" height=\"150\" srcset=\"https:\/\/jornalfatosenoticias.com.br\/wp-content\/uploads\/2022\/07\/Logo-Grupo-SEI.jpg 713w, https:\/\/jornalfatosenoticias.com.br\/wp-content\/uploads\/2022\/07\/Logo-Grupo-SEI-300x158.jpg 300w\" sizes=\"auto, (max-width: 285px) 100vw, 285px\" \/><\/figure><\/div>\n\n\n\n<p>De acordo com informa\u00e7\u00f5es da <em>Ag\u00eancia Brasil<\/em>, as recomenda\u00e7\u00f5es da pasta alertam que o quadro cl\u00ednico de gestantes tem caracter\u00edsticas similares ao de outras pessoas. Entretanto, nesse grupo, a gravidade da doen\u00e7a pode ser maior.<br>Al\u00e9m das gr\u00e1vidas, crian\u00e7as com menos de oito anos e imunossuprimidos integram o grupo de risco para a var\u00edola dos macacos. Por isso, segundo o documento, os laborat\u00f3rios devem priorizar o diagn\u00f3stico dessas pessoas, \u201cvisto que complica\u00e7\u00f5es oculares, encefalite e \u00f3bito s\u00e3o mais frequentes\u201d.<\/p>\n\n\n\n<div class=\"wp-block-image\"><figure class=\"aligncenter size-large\"><img loading=\"lazy\" decoding=\"async\" width=\"1024\" height=\"103\" src=\"https:\/\/jornalfatosenoticias.com.br\/wp-content\/uploads\/2022\/02\/Arte-Autoescola-Galatas_endereco_portal-1024x103.png\" alt=\"\" class=\"wp-image-27869\" srcset=\"https:\/\/jornalfatosenoticias.com.br\/wp-content\/uploads\/2022\/02\/Arte-Autoescola-Galatas_endereco_portal-1024x103.png 1024w, https:\/\/jornalfatosenoticias.com.br\/wp-content\/uploads\/2022\/02\/Arte-Autoescola-Galatas_endereco_portal-300x30.png 300w, https:\/\/jornalfatosenoticias.com.br\/wp-content\/uploads\/2022\/02\/Arte-Autoescola-Galatas_endereco_portal-768x77.png 768w, https:\/\/jornalfatosenoticias.com.br\/wp-content\/uploads\/2022\/02\/Arte-Autoescola-Galatas_endereco_portal.png 1223w\" sizes=\"auto, (max-width: 1024px) 100vw, 1024px\" \/><\/figure><\/div>\n\n\n\n<p><strong>Confira\u00a0<a href=\"https:\/\/egestorab.saude.gov.br\/image\/?file=20220801_O_SEIMS-0028381567-NotaTecnicagraviadsmonkeypoxfinal_1567282545601784855.pdf\" target=\"_blank\" rel=\"noreferrer noopener\">aqui a nota t\u00e9cnica<\/a>\u00a0na \u00edntegra!\u00a0<\/strong><\/p>\n\n\n\n<div class=\"wp-block-image\"><figure class=\"aligncenter size-large is-resized\"><img loading=\"lazy\" decoding=\"async\" src=\"https:\/\/jornalfatosenoticias.com.br\/wp-content\/uploads\/2022\/06\/Casaruo1024_1.jpg\" alt=\"\" class=\"wp-image-31042\" width=\"308\" height=\"168\"\/><\/figure><\/div>\n\n\n\n<p>A var\u00edola dos macacos \u00e9 uma doen\u00e7a causada pela infec\u00e7\u00e3o com o v\u00edrus <a href=\"https:\/\/olhardigital.com.br\/tag\/variola-dos-macacos\/\" target=\"_blank\" rel=\"noreferrer noopener\">Monkeypox<\/a>, que causa sintomas semelhantes aos da var\u00edola. Ela come\u00e7a com febre, dor de cabe\u00e7a, dores musculares, exaust\u00e3o e incha\u00e7o dos linfonodos.<br>At\u00e9 domingo (31), o Brasil registrava 1.342 casos da doen\u00e7a, de acordo com dados do Minist\u00e9rio da Sa\u00fade. A pasta confirmou a primeira morte pela infec\u00e7\u00e3o no Pa\u00eds na \u00faltima sexta-feira (29). <a href=\"https:\/\/olhardigital.com.br\/2022\/07\/30\/medicina-e-saude\/espanha-confirma-segunda-morte-relacionada-a-variola-dos-macacos\/\" target=\"_blank\" rel=\"noreferrer noopener\">Outras duas mortes<\/a> relacionadas \u00e0 var\u00edola dos macacos foram relatadas na Europa.<\/p>\n\n\n\n<div class=\"wp-block-image\"><figure class=\"aligncenter size-large is-resized\"><img loading=\"lazy\" decoding=\"async\" src=\"https:\/\/jornalfatosenoticias.com.br\/wp-content\/uploads\/2022\/07\/Assinatura-Marketing-1024x300.png\" alt=\"\" class=\"wp-image-31962\" width=\"433\" height=\"126\" srcset=\"https:\/\/jornalfatosenoticias.com.br\/wp-content\/uploads\/2022\/07\/Assinatura-Marketing-1024x300.png 1024w, https:\/\/jornalfatosenoticias.com.br\/wp-content\/uploads\/2022\/07\/Assinatura-Marketing-300x88.png 300w, https:\/\/jornalfatosenoticias.com.br\/wp-content\/uploads\/2022\/07\/Assinatura-Marketing-768x225.png 768w, https:\/\/jornalfatosenoticias.com.br\/wp-content\/uploads\/2022\/07\/Assinatura-Marketing-1536x451.png 1536w, https:\/\/jornalfatosenoticias.com.br\/wp-content\/uploads\/2022\/07\/Assinatura-Marketing-2048x601.png 2048w\" sizes=\"auto, (max-width: 433px) 100vw, 433px\" \/><\/figure><\/div>\n\n\n\n<p><strong><em>Fonte: <a href=\"https:\/\/olhardigital.com.br\/2022\/08\/02\/medicina-e-saude\/variola-dos-macacos-ministerio-da-saude-alerta-gravidas-sobre-prevencao-a-doenca\/\">Olhar Digital<\/a><\/em><\/strong><\/p>\n","protected":false},"excerpt":{"rendered":"<p>O Minist\u00e9rio da Sa\u00fade emitiu, na segunda-feira (1\u00ba), uma nota t\u00e9cnica orientando gr\u00e1vidas sobre a preven\u00e7\u00e3o \u00e0 var\u00edola dos macacos. De acordo com o documento, o uso de m\u00e1scara e de preservativos s\u00e3o fortemente recomendados para este grupo, bem como para lactantes e pessoas com beb\u00eas rec\u00e9m-nascidos.\u201cConsiderando o r\u00e1pido aumento do n\u00famero de casos de [&hellip;]<\/p>\n","protected":false},"author":2,"featured_media":32925,"comment_status":"open","ping_status":"open","sticky":false,"template":"","format":"standard","meta":{"footnotes":""},"categories":[11],"tags":[15514,447,15394],"class_list":["post-32924","post","type-post","status-publish","format-standard","has-post-thumbnail","hentry","category-saude","tag-gravidas","tag-ministerio-da-saude","tag-variola-dos-macacos"],"yoast_head":"<!-- This site is optimized with the Yoast SEO plugin v26.5 - https:\/\/yoast.com\/wordpress\/plugins\/seo\/ -->\n<title>Minist\u00e9rio da Sa\u00fade alerta gr\u00e1vidas sobre a var\u00edola dos macacos - Jornal Fatos e Not\u00edcias<\/title>\n<meta name=\"robots\" content=\"index, follow, max-snippet:-1, max-image-preview:large, max-video-preview:-1\" \/>\n<link rel=\"canonical\" href=\"https:\/\/jornalfatosenoticias.com.br\/index.php\/2022\/08\/04\/ministerio-da-saude-alerta-gravidas-sobre-a-variola-dos-macacos\/\" \/>\n<meta property=\"og:locale\" content=\"pt_BR\" \/>\n<meta property=\"og:type\" content=\"article\" \/>\n<meta property=\"og:title\" content=\"Minist\u00e9rio da Sa\u00fade alerta gr\u00e1vidas sobre a var\u00edola dos macacos - Jornal Fatos e Not\u00edcias\" \/>\n<meta property=\"og:description\" content=\"O Minist\u00e9rio da Sa\u00fade emitiu, na segunda-feira (1\u00ba), uma nota t\u00e9cnica orientando gr\u00e1vidas sobre a preven\u00e7\u00e3o \u00e0 var\u00edola dos macacos. De acordo com o documento, o uso de m\u00e1scara e de preservativos s\u00e3o fortemente recomendados para este grupo, bem como para lactantes e pessoas com beb\u00eas rec\u00e9m-nascidos.\u201cConsiderando o r\u00e1pido aumento do n\u00famero de casos de [&hellip;]\" \/>\n<meta property=\"og:url\" content=\"https:\/\/jornalfatosenoticias.com.br\/index.php\/2022\/08\/04\/ministerio-da-saude-alerta-gravidas-sobre-a-variola-dos-macacos\/\" \/>\n<meta property=\"og:site_name\" content=\"Jornal Fatos e Not\u00edcias\" \/>\n<meta property=\"article:published_time\" content=\"2022-08-04T18:46:01+00:00\" \/>\n<meta property=\"article:modified_time\" content=\"2022-08-04T18:46:05+00:00\" \/>\n<meta property=\"og:image\" content=\"https:\/\/jornalfatosenoticias.com.br\/wp-content\/uploads\/2022\/08\/gravida_variola-dos-macacos.jpg\" \/>\n\t<meta property=\"og:image:width\" content=\"1000\" \/>\n\t<meta property=\"og:image:height\" content=\"620\" \/>\n\t<meta property=\"og:image:type\" content=\"image\/jpeg\" \/>\n<meta name=\"author\" content=\"Luzimara Fernandes\" \/>\n<meta name=\"twitter:card\" content=\"summary_large_image\" \/>\n<meta name=\"twitter:label1\" content=\"Escrito por\" \/>\n\t<meta name=\"twitter:data1\" content=\"Luzimara Fernandes\" \/>\n\t<meta name=\"twitter:label2\" content=\"Est. tempo de leitura\" \/>\n\t<meta name=\"twitter:data2\" content=\"2 minutos\" \/>\n<script type=\"application\/ld+json\" class=\"yoast-schema-graph\">{\"@context\":\"https:\/\/schema.org\",\"@graph\":[{\"@type\":\"Article\",\"@id\":\"https:\/\/jornalfatosenoticias.com.br\/index.php\/2022\/08\/04\/ministerio-da-saude-alerta-gravidas-sobre-a-variola-dos-macacos\/#article\",\"isPartOf\":{\"@id\":\"https:\/\/jornalfatosenoticias.com.br\/index.php\/2022\/08\/04\/ministerio-da-saude-alerta-gravidas-sobre-a-variola-dos-macacos\/\"},\"author\":{\"name\":\"Luzimara Fernandes\",\"@id\":\"https:\/\/jornalfatosenoticias.com.br\/#\/schema\/person\/d63837fa13ac8666eb9e74e0985d6f81\"},\"headline\":\"Minist\u00e9rio da Sa\u00fade alerta gr\u00e1vidas sobre a var\u00edola dos macacos\",\"datePublished\":\"2022-08-04T18:46:01+00:00\",\"dateModified\":\"2022-08-04T18:46:05+00:00\",\"mainEntityOfPage\":{\"@id\":\"https:\/\/jornalfatosenoticias.com.br\/index.php\/2022\/08\/04\/ministerio-da-saude-alerta-gravidas-sobre-a-variola-dos-macacos\/\"},\"wordCount\":347,\"commentCount\":0,\"publisher\":{\"@id\":\"https:\/\/jornalfatosenoticias.com.br\/#organization\"},\"image\":{\"@id\":\"https:\/\/jornalfatosenoticias.com.br\/index.php\/2022\/08\/04\/ministerio-da-saude-alerta-gravidas-sobre-a-variola-dos-macacos\/#primaryimage\"},\"thumbnailUrl\":\"https:\/\/jornalfatosenoticias.com.br\/wp-content\/uploads\/2022\/08\/gravida_variola-dos-macacos.jpg\",\"keywords\":[\"gr\u00e1vidas\",\"Minist\u00e9rio da Sa\u00fade\",\"var\u00edola dos macacos\"],\"articleSection\":[\"Sa\u00fade\"],\"inLanguage\":\"pt-BR\",\"potentialAction\":[{\"@type\":\"CommentAction\",\"name\":\"Comment\",\"target\":[\"https:\/\/jornalfatosenoticias.com.br\/index.php\/2022\/08\/04\/ministerio-da-saude-alerta-gravidas-sobre-a-variola-dos-macacos\/#respond\"]}]},{\"@type\":\"WebPage\",\"@id\":\"https:\/\/jornalfatosenoticias.com.br\/index.php\/2022\/08\/04\/ministerio-da-saude-alerta-gravidas-sobre-a-variola-dos-macacos\/\",\"url\":\"https:\/\/jornalfatosenoticias.com.br\/index.php\/2022\/08\/04\/ministerio-da-saude-alerta-gravidas-sobre-a-variola-dos-macacos\/\",\"name\":\"Minist\u00e9rio da Sa\u00fade alerta gr\u00e1vidas sobre a var\u00edola dos macacos - Jornal Fatos e Not\u00edcias\",\"isPartOf\":{\"@id\":\"https:\/\/jornalfatosenoticias.com.br\/#website\"},\"primaryImageOfPage\":{\"@id\":\"https:\/\/jornalfatosenoticias.com.br\/index.php\/2022\/08\/04\/ministerio-da-saude-alerta-gravidas-sobre-a-variola-dos-macacos\/#primaryimage\"},\"image\":{\"@id\":\"https:\/\/jornalfatosenoticias.com.br\/index.php\/2022\/08\/04\/ministerio-da-saude-alerta-gravidas-sobre-a-variola-dos-macacos\/#primaryimage\"},\"thumbnailUrl\":\"https:\/\/jornalfatosenoticias.com.br\/wp-content\/uploads\/2022\/08\/gravida_variola-dos-macacos.jpg\",\"datePublished\":\"2022-08-04T18:46:01+00:00\",\"dateModified\":\"2022-08-04T18:46:05+00:00\",\"breadcrumb\":{\"@id\":\"https:\/\/jornalfatosenoticias.com.br\/index.php\/2022\/08\/04\/ministerio-da-saude-alerta-gravidas-sobre-a-variola-dos-macacos\/#breadcrumb\"},\"inLanguage\":\"pt-BR\",\"potentialAction\":[{\"@type\":\"ReadAction\",\"target\":[\"https:\/\/jornalfatosenoticias.com.br\/index.php\/2022\/08\/04\/ministerio-da-saude-alerta-gravidas-sobre-a-variola-dos-macacos\/\"]}]},{\"@type\":\"ImageObject\",\"inLanguage\":\"pt-BR\",\"@id\":\"https:\/\/jornalfatosenoticias.com.br\/index.php\/2022\/08\/04\/ministerio-da-saude-alerta-gravidas-sobre-a-variola-dos-macacos\/#primaryimage\",\"url\":\"https:\/\/jornalfatosenoticias.com.br\/wp-content\/uploads\/2022\/08\/gravida_variola-dos-macacos.jpg\",\"contentUrl\":\"https:\/\/jornalfatosenoticias.com.br\/wp-content\/uploads\/2022\/08\/gravida_variola-dos-macacos.jpg\",\"width\":1000,\"height\":620},{\"@type\":\"BreadcrumbList\",\"@id\":\"https:\/\/jornalfatosenoticias.com.br\/index.php\/2022\/08\/04\/ministerio-da-saude-alerta-gravidas-sobre-a-variola-dos-macacos\/#breadcrumb\",\"itemListElement\":[{\"@type\":\"ListItem\",\"position\":1,\"name\":\"In\u00edcio\",\"item\":\"https:\/\/jornalfatosenoticias.com.br\/\"},{\"@type\":\"ListItem\",\"position\":2,\"name\":\"Minist\u00e9rio da Sa\u00fade alerta gr\u00e1vidas sobre a var\u00edola dos macacos\"}]},{\"@type\":\"WebSite\",\"@id\":\"https:\/\/jornalfatosenoticias.com.br\/#website\",\"url\":\"https:\/\/jornalfatosenoticias.com.br\/\",\"name\":\"Jornal Fatos e Not\u00edcias\",\"description\":\"Not\u00edcias em geral\",\"publisher\":{\"@id\":\"https:\/\/jornalfatosenoticias.com.br\/#organization\"},\"potentialAction\":[{\"@type\":\"SearchAction\",\"target\":{\"@type\":\"EntryPoint\",\"urlTemplate\":\"https:\/\/jornalfatosenoticias.com.br\/?s={search_term_string}\"},\"query-input\":{\"@type\":\"PropertyValueSpecification\",\"valueRequired\":true,\"valueName\":\"search_term_string\"}}],\"inLanguage\":\"pt-BR\"},{\"@type\":\"Organization\",\"@id\":\"https:\/\/jornalfatosenoticias.com.br\/#organization\",\"name\":\"Jornal Fatos e Not\u00edcias\",\"url\":\"https:\/\/jornalfatosenoticias.com.br\/\",\"logo\":{\"@type\":\"ImageObject\",\"inLanguage\":\"pt-BR\",\"@id\":\"https:\/\/jornalfatosenoticias.com.br\/#\/schema\/logo\/image\/\",\"url\":\"https:\/\/jornalfatosenoticias.com.br\/wp-content\/uploads\/2020\/02\/logo120.png\",\"contentUrl\":\"https:\/\/jornalfatosenoticias.com.br\/wp-content\/uploads\/2020\/02\/logo120.png\",\"width\":1227,\"height\":120,\"caption\":\"Jornal Fatos e Not\u00edcias\"},\"image\":{\"@id\":\"https:\/\/jornalfatosenoticias.com.br\/#\/schema\/logo\/image\/\"}},{\"@type\":\"Person\",\"@id\":\"https:\/\/jornalfatosenoticias.com.br\/#\/schema\/person\/d63837fa13ac8666eb9e74e0985d6f81\",\"name\":\"Luzimara Fernandes\",\"image\":{\"@type\":\"ImageObject\",\"inLanguage\":\"pt-BR\",\"@id\":\"https:\/\/jornalfatosenoticias.com.br\/#\/schema\/person\/image\/\",\"url\":\"https:\/\/jornalfatosenoticias.com.br\/wp-content\/uploads\/2025\/05\/EU_portal.jpg\",\"contentUrl\":\"https:\/\/jornalfatosenoticias.com.br\/wp-content\/uploads\/2025\/05\/EU_portal.jpg\",\"caption\":\"Luzimara Fernandes\"},\"description\":\"Jornalista MTB 2358-ES\",\"sameAs\":[\"https:\/\/jornalfatosenoticias.com.br\"],\"url\":\"https:\/\/jornalfatosenoticias.com.br\/index.php\/author\/luzimara\/\"}]}<\/script>\n<!-- \/ Yoast SEO plugin. -->","yoast_head_json":{"title":"Minist\u00e9rio da Sa\u00fade alerta gr\u00e1vidas sobre a var\u00edola dos macacos - Jornal Fatos e Not\u00edcias","robots":{"index":"index","follow":"follow","max-snippet":"max-snippet:-1","max-image-preview":"max-image-preview:large","max-video-preview":"max-video-preview:-1"},"canonical":"https:\/\/jornalfatosenoticias.com.br\/index.php\/2022\/08\/04\/ministerio-da-saude-alerta-gravidas-sobre-a-variola-dos-macacos\/","og_locale":"pt_BR","og_type":"article","og_title":"Minist\u00e9rio da Sa\u00fade alerta gr\u00e1vidas sobre a var\u00edola dos macacos - Jornal Fatos e Not\u00edcias","og_description":"O Minist\u00e9rio da Sa\u00fade emitiu, na segunda-feira (1\u00ba), uma nota t\u00e9cnica orientando gr\u00e1vidas sobre a preven\u00e7\u00e3o \u00e0 var\u00edola dos macacos. De acordo com o documento, o uso de m\u00e1scara e de preservativos s\u00e3o fortemente recomendados para este grupo, bem como para lactantes e pessoas com beb\u00eas rec\u00e9m-nascidos.\u201cConsiderando o r\u00e1pido aumento do n\u00famero de casos de [&hellip;]","og_url":"https:\/\/jornalfatosenoticias.com.br\/index.php\/2022\/08\/04\/ministerio-da-saude-alerta-gravidas-sobre-a-variola-dos-macacos\/","og_site_name":"Jornal Fatos e Not\u00edcias","article_published_time":"2022-08-04T18:46:01+00:00","article_modified_time":"2022-08-04T18:46:05+00:00","og_image":[{"width":1000,"height":620,"url":"https:\/\/jornalfatosenoticias.com.br\/wp-content\/uploads\/2022\/08\/gravida_variola-dos-macacos.jpg","type":"image\/jpeg"}],"author":"Luzimara Fernandes","twitter_card":"summary_large_image","twitter_misc":{"Escrito por":"Luzimara Fernandes","Est. tempo de leitura":"2 minutos"},"schema":{"@context":"https:\/\/schema.org","@graph":[{"@type":"Article","@id":"https:\/\/jornalfatosenoticias.com.br\/index.php\/2022\/08\/04\/ministerio-da-saude-alerta-gravidas-sobre-a-variola-dos-macacos\/#article","isPartOf":{"@id":"https:\/\/jornalfatosenoticias.com.br\/index.php\/2022\/08\/04\/ministerio-da-saude-alerta-gravidas-sobre-a-variola-dos-macacos\/"},"author":{"name":"Luzimara Fernandes","@id":"https:\/\/jornalfatosenoticias.com.br\/#\/schema\/person\/d63837fa13ac8666eb9e74e0985d6f81"},"headline":"Minist\u00e9rio da Sa\u00fade alerta gr\u00e1vidas sobre a var\u00edola dos macacos","datePublished":"2022-08-04T18:46:01+00:00","dateModified":"2022-08-04T18:46:05+00:00","mainEntityOfPage":{"@id":"https:\/\/jornalfatosenoticias.com.br\/index.php\/2022\/08\/04\/ministerio-da-saude-alerta-gravidas-sobre-a-variola-dos-macacos\/"},"wordCount":347,"commentCount":0,"publisher":{"@id":"https:\/\/jornalfatosenoticias.com.br\/#organization"},"image":{"@id":"https:\/\/jornalfatosenoticias.com.br\/index.php\/2022\/08\/04\/ministerio-da-saude-alerta-gravidas-sobre-a-variola-dos-macacos\/#primaryimage"},"thumbnailUrl":"https:\/\/jornalfatosenoticias.com.br\/wp-content\/uploads\/2022\/08\/gravida_variola-dos-macacos.jpg","keywords":["gr\u00e1vidas","Minist\u00e9rio da Sa\u00fade","var\u00edola dos macacos"],"articleSection":["Sa\u00fade"],"inLanguage":"pt-BR","potentialAction":[{"@type":"CommentAction","name":"Comment","target":["https:\/\/jornalfatosenoticias.com.br\/index.php\/2022\/08\/04\/ministerio-da-saude-alerta-gravidas-sobre-a-variola-dos-macacos\/#respond"]}]},{"@type":"WebPage","@id":"https:\/\/jornalfatosenoticias.com.br\/index.php\/2022\/08\/04\/ministerio-da-saude-alerta-gravidas-sobre-a-variola-dos-macacos\/","url":"https:\/\/jornalfatosenoticias.com.br\/index.php\/2022\/08\/04\/ministerio-da-saude-alerta-gravidas-sobre-a-variola-dos-macacos\/","name":"Minist\u00e9rio da Sa\u00fade alerta gr\u00e1vidas sobre a var\u00edola dos macacos - Jornal Fatos e Not\u00edcias","isPartOf":{"@id":"https:\/\/jornalfatosenoticias.com.br\/#website"},"primaryImageOfPage":{"@id":"https:\/\/jornalfatosenoticias.com.br\/index.php\/2022\/08\/04\/ministerio-da-saude-alerta-gravidas-sobre-a-variola-dos-macacos\/#primaryimage"},"image":{"@id":"https:\/\/jornalfatosenoticias.com.br\/index.php\/2022\/08\/04\/ministerio-da-saude-alerta-gravidas-sobre-a-variola-dos-macacos\/#primaryimage"},"thumbnailUrl":"https:\/\/jornalfatosenoticias.com.br\/wp-content\/uploads\/2022\/08\/gravida_variola-dos-macacos.jpg","datePublished":"2022-08-04T18:46:01+00:00","dateModified":"2022-08-04T18:46:05+00:00","breadcrumb":{"@id":"https:\/\/jornalfatosenoticias.com.br\/index.php\/2022\/08\/04\/ministerio-da-saude-alerta-gravidas-sobre-a-variola-dos-macacos\/#breadcrumb"},"inLanguage":"pt-BR","potentialAction":[{"@type":"ReadAction","target":["https:\/\/jornalfatosenoticias.com.br\/index.php\/2022\/08\/04\/ministerio-da-saude-alerta-gravidas-sobre-a-variola-dos-macacos\/"]}]},{"@type":"ImageObject","inLanguage":"pt-BR","@id":"https:\/\/jornalfatosenoticias.com.br\/index.php\/2022\/08\/04\/ministerio-da-saude-alerta-gravidas-sobre-a-variola-dos-macacos\/#primaryimage","url":"https:\/\/jornalfatosenoticias.com.br\/wp-content\/uploads\/2022\/08\/gravida_variola-dos-macacos.jpg","contentUrl":"https:\/\/jornalfatosenoticias.com.br\/wp-content\/uploads\/2022\/08\/gravida_variola-dos-macacos.jpg","width":1000,"height":620},{"@type":"BreadcrumbList","@id":"https:\/\/jornalfatosenoticias.com.br\/index.php\/2022\/08\/04\/ministerio-da-saude-alerta-gravidas-sobre-a-variola-dos-macacos\/#breadcrumb","itemListElement":[{"@type":"ListItem","position":1,"name":"In\u00edcio","item":"https:\/\/jornalfatosenoticias.com.br\/"},{"@type":"ListItem","position":2,"name":"Minist\u00e9rio da Sa\u00fade alerta gr\u00e1vidas sobre a var\u00edola dos macacos"}]},{"@type":"WebSite","@id":"https:\/\/jornalfatosenoticias.com.br\/#website","url":"https:\/\/jornalfatosenoticias.com.br\/","name":"Jornal Fatos e Not\u00edcias","description":"Not\u00edcias em geral","publisher":{"@id":"https:\/\/jornalfatosenoticias.com.br\/#organization"},"potentialAction":[{"@type":"SearchAction","target":{"@type":"EntryPoint","urlTemplate":"https:\/\/jornalfatosenoticias.com.br\/?s={search_term_string}"},"query-input":{"@type":"PropertyValueSpecification","valueRequired":true,"valueName":"search_term_string"}}],"inLanguage":"pt-BR"},{"@type":"Organization","@id":"https:\/\/jornalfatosenoticias.com.br\/#organization","name":"Jornal Fatos e Not\u00edcias","url":"https:\/\/jornalfatosenoticias.com.br\/","logo":{"@type":"ImageObject","inLanguage":"pt-BR","@id":"https:\/\/jornalfatosenoticias.com.br\/#\/schema\/logo\/image\/","url":"https:\/\/jornalfatosenoticias.com.br\/wp-content\/uploads\/2020\/02\/logo120.png","contentUrl":"https:\/\/jornalfatosenoticias.com.br\/wp-content\/uploads\/2020\/02\/logo120.png","width":1227,"height":120,"caption":"Jornal Fatos e Not\u00edcias"},"image":{"@id":"https:\/\/jornalfatosenoticias.com.br\/#\/schema\/logo\/image\/"}},{"@type":"Person","@id":"https:\/\/jornalfatosenoticias.com.br\/#\/schema\/person\/d63837fa13ac8666eb9e74e0985d6f81","name":"Luzimara Fernandes","image":{"@type":"ImageObject","inLanguage":"pt-BR","@id":"https:\/\/jornalfatosenoticias.com.br\/#\/schema\/person\/image\/","url":"https:\/\/jornalfatosenoticias.com.br\/wp-content\/uploads\/2025\/05\/EU_portal.jpg","contentUrl":"https:\/\/jornalfatosenoticias.com.br\/wp-content\/uploads\/2025\/05\/EU_portal.jpg","caption":"Luzimara Fernandes"},"description":"Jornalista MTB 2358-ES","sameAs":["https:\/\/jornalfatosenoticias.com.br"],"url":"https:\/\/jornalfatosenoticias.com.br\/index.php\/author\/luzimara\/"}]}},"cc_featured_image_caption":{"caption_text":"(Foto: Shutterstock) ","source_text":"","source_url":""},"jetpack_featured_media_url":"https:\/\/jornalfatosenoticias.com.br\/wp-content\/uploads\/2022\/08\/gravida_variola-dos-macacos.jpg","_links":{"self":[{"href":"https:\/\/jornalfatosenoticias.com.br\/index.php\/wp-json\/wp\/v2\/posts\/32924","targetHints":{"allow":["GET"]}}],"collection":[{"href":"https:\/\/jornalfatosenoticias.com.br\/index.php\/wp-json\/wp\/v2\/posts"}],"about":[{"href":"https:\/\/jornalfatosenoticias.com.br\/index.php\/wp-json\/wp\/v2\/types\/post"}],"author":[{"embeddable":true,"href":"https:\/\/jornalfatosenoticias.com.br\/index.php\/wp-json\/wp\/v2\/users\/2"}],"replies":[{"embeddable":true,"href":"https:\/\/jornalfatosenoticias.com.br\/index.php\/wp-json\/wp\/v2\/comments?post=32924"}],"version-history":[{"count":0,"href":"https:\/\/jornalfatosenoticias.com.br\/index.php\/wp-json\/wp\/v2\/posts\/32924\/revisions"}],"wp:featuredmedia":[{"embeddable":true,"href":"https:\/\/jornalfatosenoticias.com.br\/index.php\/wp-json\/wp\/v2\/media\/32925"}],"wp:attachment":[{"href":"https:\/\/jornalfatosenoticias.com.br\/index.php\/wp-json\/wp\/v2\/media?parent=32924"}],"wp:term":[{"taxonomy":"category","embeddable":true,"href":"https:\/\/jornalfatosenoticias.com.br\/index.php\/wp-json\/wp\/v2\/categories?post=32924"},{"taxonomy":"post_tag","embeddable":true,"href":"https:\/\/jornalfatosenoticias.com.br\/index.php\/wp-json\/wp\/v2\/tags?post=32924"}],"curies":[{"name":"wp","href":"https:\/\/api.w.org\/{rel}","templated":true}]}}