{"id":3297,"date":"2020-04-16T15:09:15","date_gmt":"2020-04-16T18:09:15","guid":{"rendered":"https:\/\/jornalfatosenoticias.com.br\/?p=3297"},"modified":"2020-04-16T15:09:19","modified_gmt":"2020-04-16T18:09:19","slug":"sancionada-lei-que-da-pensao-vitalicia-a-criancas-afetadas-por-zika-virus","status":"publish","type":"post","link":"https:\/\/jornalfatosenoticias.com.br\/index.php\/2020\/04\/16\/sancionada-lei-que-da-pensao-vitalicia-a-criancas-afetadas-por-zika-virus\/","title":{"rendered":"Sancionada lei que d\u00e1 pens\u00e3o vital\u00edcia a crian\u00e7as afetadas por Zika v\u00edrus"},"content":{"rendered":"\n<h6 class=\"wp-block-heading\"><em>Microcefalia \u00e9 um dos efeitos poss\u00edveis da s\u00edndrome cong\u00eanita do Zika v\u00edrus<\/em><\/h6>\n\n\n\n<p>O presidente da Rep\u00fablica, Jair Bolsonaro, sancionou a Lei 13.985\/20, que garante o pagamento de pens\u00e3o mensal vital\u00edcia, no valor de um sal\u00e1rio m\u00ednimo, a crian\u00e7as com microcefalia decorrente do Zika v\u00edrus.<br>O texto sancionado foi o do projeto apresentado pelo relator, senador Izalci Lucas (PSDB-DF), aprovado no Senado em fevereiro, que alterou a Medida Provis\u00f3ria 894\/19, para estender o benef\u00edcio \u00e0s crian\u00e7as nascidas entre 1\u00b0 de janeiro de 2015 e 31 de dezembro de 2019 e afetadas pelo v\u00edrus \u2014 o texto original beneficiava apenas crian\u00e7as nascidas at\u00e9 dezembro de 2018.<br>Para ter acesso ao benef\u00edcio, o respons\u00e1vel dever\u00e1 fazer o pedido no Instituto Nacional do Seguro Social (INSS) e a crian\u00e7a ter\u00e1 que passar por per\u00edcia, a ser realizada por perito m\u00e9dico federal, para constatar a rela\u00e7\u00e3o entre a s\u00edndrome cong\u00eanita adquirida e a contamina\u00e7\u00e3o pelo Zika v\u00edrus.<br>A microcefalia \u00e9 um dos efeitos poss\u00edveis da s\u00edndrome cong\u00eanita do Zika v\u00edrus, que tamb\u00e9m pode causar, al\u00e9m de outros problemas cerebrais, calcifica\u00e7\u00f5es intracranianas e problemas auditivos e oculares.<br>Constatado o problema, o INSS e a Empresa de Tecnologia e Informa\u00e7\u00f5es da Previd\u00eancia (Dataprev) ter\u00e3o 60 dias para viabilizar o pagamento da pens\u00e3o especial.<br>Levantamento realizado pelo Minist\u00e9rio da Cidadania indica que 3.112 crian\u00e7as nasceram com microcefalia de janeiro de 2015 a dezembro de 2018 e s\u00e3o benefici\u00e1rias do Benef\u00edcio de Presta\u00e7\u00e3o Continuada (BPC).<br>A lei pro\u00edbe a acumula\u00e7\u00e3o da pens\u00e3o mensal vital\u00edcia com o recebimento do BPC e exige a desist\u00eancia de a\u00e7\u00e3o judicial contra o governo relacionada ao tema. A pens\u00e3o concedida com base na norma jur\u00eddica n\u00e3o dar\u00e1 direito a abono ou a pens\u00e3o por morte.<\/p>\n\n\n\n<h4 class=\"wp-block-heading\">Benef\u00edcio para as m\u00e3es<\/h4>\n\n\n\n<p>A lei d\u00e1 ainda \u00e0s m\u00e3es, que deram \u00e0 luz crian\u00e7as com sequelas neurol\u00f3gicas decorrentes do Zika v\u00edrus at\u00e9 31 de dezembro de 2019, a concess\u00e3o de licen\u00e7a-maternidade de 180 dias, em vez dos 120 dias normais. O sal\u00e1rio-maternidade tamb\u00e9m ser\u00e1 correspondente por igual per\u00edodo. Outro artigo da lei determina que as despesas decorrentes do ordenado na regulamenta\u00e7\u00e3o ser\u00e3o cobertas pelos recursos da programa\u00e7\u00e3o or\u00e7ament\u00e1ria de indeniza\u00e7\u00f5es e pens\u00f5es especiais de responsabilidade da Uni\u00e3o.<\/p>\n\n\n\n<p><strong><em>Fonte: <a href=\"https:\/\/www.camara.leg.br\/noticias\/652710-sancionada-lei-que-da-pensao-vitalicia-a-criancas-afetadas-por-zika-virus\/\">Ag\u00eancia C\u00e2mara de Not\u00edcias<\/a><\/em><\/strong><\/p>\n","protected":false},"excerpt":{"rendered":"<p>Microcefalia \u00e9 um dos efeitos poss\u00edveis da s\u00edndrome cong\u00eanita do Zika v\u00edrus O presidente da Rep\u00fablica, Jair Bolsonaro, sancionou a Lei 13.985\/20, que garante o pagamento de pens\u00e3o mensal vital\u00edcia, no valor de um sal\u00e1rio m\u00ednimo, a crian\u00e7as com microcefalia decorrente do Zika v\u00edrus.O texto sancionado foi o do projeto apresentado pelo relator, senador Izalci [&hellip;]<\/p>\n","protected":false},"author":2,"featured_media":3298,"comment_status":"open","ping_status":"open","sticky":false,"template":"","format":"standard","meta":{"footnotes":""},"categories":[10],"tags":[696,1164,1794,1793,1792],"class_list":["post-3297","post","type-post","status-publish","format-standard","has-post-thumbnail","hentry","category-politica","tag-inss","tag-microcefalia","tag-pensao","tag-sindrome-congenita","tag-zika-virus"],"yoast_head":"<!-- This site is optimized with the Yoast SEO plugin v26.5 - https:\/\/yoast.com\/wordpress\/plugins\/seo\/ -->\n<title>Sancionada lei que d\u00e1 pens\u00e3o vital\u00edcia a crian\u00e7as afetadas por Zika v\u00edrus - Jornal Fatos e Not\u00edcias<\/title>\n<meta name=\"robots\" content=\"index, follow, max-snippet:-1, max-image-preview:large, max-video-preview:-1\" \/>\n<link rel=\"canonical\" href=\"https:\/\/jornalfatosenoticias.com.br\/index.php\/2020\/04\/16\/sancionada-lei-que-da-pensao-vitalicia-a-criancas-afetadas-por-zika-virus\/\" \/>\n<meta property=\"og:locale\" content=\"pt_BR\" \/>\n<meta property=\"og:type\" content=\"article\" \/>\n<meta property=\"og:title\" content=\"Sancionada lei que d\u00e1 pens\u00e3o vital\u00edcia a crian\u00e7as afetadas por Zika v\u00edrus - Jornal Fatos e Not\u00edcias\" \/>\n<meta property=\"og:description\" content=\"Microcefalia \u00e9 um dos efeitos poss\u00edveis da s\u00edndrome cong\u00eanita do Zika v\u00edrus O presidente da Rep\u00fablica, Jair Bolsonaro, sancionou a Lei 13.985\/20, que garante o pagamento de pens\u00e3o mensal vital\u00edcia, no valor de um sal\u00e1rio m\u00ednimo, a crian\u00e7as com microcefalia decorrente do Zika v\u00edrus.O texto sancionado foi o do projeto apresentado pelo relator, senador Izalci [&hellip;]\" \/>\n<meta property=\"og:url\" content=\"https:\/\/jornalfatosenoticias.com.br\/index.php\/2020\/04\/16\/sancionada-lei-que-da-pensao-vitalicia-a-criancas-afetadas-por-zika-virus\/\" \/>\n<meta property=\"og:site_name\" content=\"Jornal Fatos e Not\u00edcias\" \/>\n<meta property=\"article:published_time\" content=\"2020-04-16T18:09:15+00:00\" \/>\n<meta property=\"article:modified_time\" content=\"2020-04-16T18:09:19+00:00\" \/>\n<meta property=\"og:image\" content=\"https:\/\/jornalfatosenoticias.com.br\/wp-content\/uploads\/2020\/04\/microcefalia.jpg\" \/>\n\t<meta property=\"og:image:width\" content=\"1000\" \/>\n\t<meta property=\"og:image:height\" content=\"664\" \/>\n\t<meta property=\"og:image:type\" content=\"image\/jpeg\" \/>\n<meta name=\"author\" content=\"Luzimara Fernandes\" \/>\n<meta name=\"twitter:card\" content=\"summary_large_image\" \/>\n<meta name=\"twitter:label1\" content=\"Escrito por\" \/>\n\t<meta name=\"twitter:data1\" content=\"Luzimara Fernandes\" \/>\n\t<meta name=\"twitter:label2\" content=\"Est. tempo de leitura\" \/>\n\t<meta name=\"twitter:data2\" content=\"2 minutos\" \/>\n<script type=\"application\/ld+json\" class=\"yoast-schema-graph\">{\"@context\":\"https:\/\/schema.org\",\"@graph\":[{\"@type\":\"Article\",\"@id\":\"https:\/\/jornalfatosenoticias.com.br\/index.php\/2020\/04\/16\/sancionada-lei-que-da-pensao-vitalicia-a-criancas-afetadas-por-zika-virus\/#article\",\"isPartOf\":{\"@id\":\"https:\/\/jornalfatosenoticias.com.br\/index.php\/2020\/04\/16\/sancionada-lei-que-da-pensao-vitalicia-a-criancas-afetadas-por-zika-virus\/\"},\"author\":{\"name\":\"Luzimara Fernandes\",\"@id\":\"https:\/\/jornalfatosenoticias.com.br\/#\/schema\/person\/d63837fa13ac8666eb9e74e0985d6f81\"},\"headline\":\"Sancionada lei que d\u00e1 pens\u00e3o vital\u00edcia a crian\u00e7as afetadas por Zika v\u00edrus\",\"datePublished\":\"2020-04-16T18:09:15+00:00\",\"dateModified\":\"2020-04-16T18:09:19+00:00\",\"mainEntityOfPage\":{\"@id\":\"https:\/\/jornalfatosenoticias.com.br\/index.php\/2020\/04\/16\/sancionada-lei-que-da-pensao-vitalicia-a-criancas-afetadas-por-zika-virus\/\"},\"wordCount\":436,\"commentCount\":0,\"publisher\":{\"@id\":\"https:\/\/jornalfatosenoticias.com.br\/#organization\"},\"image\":{\"@id\":\"https:\/\/jornalfatosenoticias.com.br\/index.php\/2020\/04\/16\/sancionada-lei-que-da-pensao-vitalicia-a-criancas-afetadas-por-zika-virus\/#primaryimage\"},\"thumbnailUrl\":\"https:\/\/jornalfatosenoticias.com.br\/wp-content\/uploads\/2020\/04\/microcefalia.jpg\",\"keywords\":[\"INSS\",\"microcefalia\",\"pens\u00e3o\",\"s\u00edndrome cong\u00eanita\",\"Zika v\u00edrus\"],\"articleSection\":[\"Pol\u00edtica\"],\"inLanguage\":\"pt-BR\",\"potentialAction\":[{\"@type\":\"CommentAction\",\"name\":\"Comment\",\"target\":[\"https:\/\/jornalfatosenoticias.com.br\/index.php\/2020\/04\/16\/sancionada-lei-que-da-pensao-vitalicia-a-criancas-afetadas-por-zika-virus\/#respond\"]}]},{\"@type\":\"WebPage\",\"@id\":\"https:\/\/jornalfatosenoticias.com.br\/index.php\/2020\/04\/16\/sancionada-lei-que-da-pensao-vitalicia-a-criancas-afetadas-por-zika-virus\/\",\"url\":\"https:\/\/jornalfatosenoticias.com.br\/index.php\/2020\/04\/16\/sancionada-lei-que-da-pensao-vitalicia-a-criancas-afetadas-por-zika-virus\/\",\"name\":\"Sancionada lei que d\u00e1 pens\u00e3o vital\u00edcia a crian\u00e7as afetadas por Zika v\u00edrus - Jornal Fatos e Not\u00edcias\",\"isPartOf\":{\"@id\":\"https:\/\/jornalfatosenoticias.com.br\/#website\"},\"primaryImageOfPage\":{\"@id\":\"https:\/\/jornalfatosenoticias.com.br\/index.php\/2020\/04\/16\/sancionada-lei-que-da-pensao-vitalicia-a-criancas-afetadas-por-zika-virus\/#primaryimage\"},\"image\":{\"@id\":\"https:\/\/jornalfatosenoticias.com.br\/index.php\/2020\/04\/16\/sancionada-lei-que-da-pensao-vitalicia-a-criancas-afetadas-por-zika-virus\/#primaryimage\"},\"thumbnailUrl\":\"https:\/\/jornalfatosenoticias.com.br\/wp-content\/uploads\/2020\/04\/microcefalia.jpg\",\"datePublished\":\"2020-04-16T18:09:15+00:00\",\"dateModified\":\"2020-04-16T18:09:19+00:00\",\"breadcrumb\":{\"@id\":\"https:\/\/jornalfatosenoticias.com.br\/index.php\/2020\/04\/16\/sancionada-lei-que-da-pensao-vitalicia-a-criancas-afetadas-por-zika-virus\/#breadcrumb\"},\"inLanguage\":\"pt-BR\",\"potentialAction\":[{\"@type\":\"ReadAction\",\"target\":[\"https:\/\/jornalfatosenoticias.com.br\/index.php\/2020\/04\/16\/sancionada-lei-que-da-pensao-vitalicia-a-criancas-afetadas-por-zika-virus\/\"]}]},{\"@type\":\"ImageObject\",\"inLanguage\":\"pt-BR\",\"@id\":\"https:\/\/jornalfatosenoticias.com.br\/index.php\/2020\/04\/16\/sancionada-lei-que-da-pensao-vitalicia-a-criancas-afetadas-por-zika-virus\/#primaryimage\",\"url\":\"https:\/\/jornalfatosenoticias.com.br\/wp-content\/uploads\/2020\/04\/microcefalia.jpg\",\"contentUrl\":\"https:\/\/jornalfatosenoticias.com.br\/wp-content\/uploads\/2020\/04\/microcefalia.jpg\",\"width\":1000,\"height\":664},{\"@type\":\"BreadcrumbList\",\"@id\":\"https:\/\/jornalfatosenoticias.com.br\/index.php\/2020\/04\/16\/sancionada-lei-que-da-pensao-vitalicia-a-criancas-afetadas-por-zika-virus\/#breadcrumb\",\"itemListElement\":[{\"@type\":\"ListItem\",\"position\":1,\"name\":\"In\u00edcio\",\"item\":\"https:\/\/jornalfatosenoticias.com.br\/\"},{\"@type\":\"ListItem\",\"position\":2,\"name\":\"Sancionada lei que d\u00e1 pens\u00e3o vital\u00edcia a crian\u00e7as afetadas por Zika v\u00edrus\"}]},{\"@type\":\"WebSite\",\"@id\":\"https:\/\/jornalfatosenoticias.com.br\/#website\",\"url\":\"https:\/\/jornalfatosenoticias.com.br\/\",\"name\":\"Jornal Fatos e Not\u00edcias\",\"description\":\"Not\u00edcias em geral\",\"publisher\":{\"@id\":\"https:\/\/jornalfatosenoticias.com.br\/#organization\"},\"potentialAction\":[{\"@type\":\"SearchAction\",\"target\":{\"@type\":\"EntryPoint\",\"urlTemplate\":\"https:\/\/jornalfatosenoticias.com.br\/?s={search_term_string}\"},\"query-input\":{\"@type\":\"PropertyValueSpecification\",\"valueRequired\":true,\"valueName\":\"search_term_string\"}}],\"inLanguage\":\"pt-BR\"},{\"@type\":\"Organization\",\"@id\":\"https:\/\/jornalfatosenoticias.com.br\/#organization\",\"name\":\"Jornal Fatos e Not\u00edcias\",\"url\":\"https:\/\/jornalfatosenoticias.com.br\/\",\"logo\":{\"@type\":\"ImageObject\",\"inLanguage\":\"pt-BR\",\"@id\":\"https:\/\/jornalfatosenoticias.com.br\/#\/schema\/logo\/image\/\",\"url\":\"https:\/\/jornalfatosenoticias.com.br\/wp-content\/uploads\/2020\/02\/logo120.png\",\"contentUrl\":\"https:\/\/jornalfatosenoticias.com.br\/wp-content\/uploads\/2020\/02\/logo120.png\",\"width\":1227,\"height\":120,\"caption\":\"Jornal Fatos e Not\u00edcias\"},\"image\":{\"@id\":\"https:\/\/jornalfatosenoticias.com.br\/#\/schema\/logo\/image\/\"}},{\"@type\":\"Person\",\"@id\":\"https:\/\/jornalfatosenoticias.com.br\/#\/schema\/person\/d63837fa13ac8666eb9e74e0985d6f81\",\"name\":\"Luzimara Fernandes\",\"image\":{\"@type\":\"ImageObject\",\"inLanguage\":\"pt-BR\",\"@id\":\"https:\/\/jornalfatosenoticias.com.br\/#\/schema\/person\/image\/\",\"url\":\"https:\/\/jornalfatosenoticias.com.br\/wp-content\/uploads\/2025\/05\/EU_portal.jpg\",\"contentUrl\":\"https:\/\/jornalfatosenoticias.com.br\/wp-content\/uploads\/2025\/05\/EU_portal.jpg\",\"caption\":\"Luzimara Fernandes\"},\"description\":\"Jornalista MTB 2358-ES\",\"sameAs\":[\"https:\/\/jornalfatosenoticias.com.br\"],\"url\":\"https:\/\/jornalfatosenoticias.com.br\/index.php\/author\/luzimara\/\"}]}<\/script>\n<!-- \/ Yoast SEO plugin. -->","yoast_head_json":{"title":"Sancionada lei que d\u00e1 pens\u00e3o vital\u00edcia a crian\u00e7as afetadas por Zika v\u00edrus - Jornal Fatos e Not\u00edcias","robots":{"index":"index","follow":"follow","max-snippet":"max-snippet:-1","max-image-preview":"max-image-preview:large","max-video-preview":"max-video-preview:-1"},"canonical":"https:\/\/jornalfatosenoticias.com.br\/index.php\/2020\/04\/16\/sancionada-lei-que-da-pensao-vitalicia-a-criancas-afetadas-por-zika-virus\/","og_locale":"pt_BR","og_type":"article","og_title":"Sancionada lei que d\u00e1 pens\u00e3o vital\u00edcia a crian\u00e7as afetadas por Zika v\u00edrus - Jornal Fatos e Not\u00edcias","og_description":"Microcefalia \u00e9 um dos efeitos poss\u00edveis da s\u00edndrome cong\u00eanita do Zika v\u00edrus O presidente da Rep\u00fablica, Jair Bolsonaro, sancionou a Lei 13.985\/20, que garante o pagamento de pens\u00e3o mensal vital\u00edcia, no valor de um sal\u00e1rio m\u00ednimo, a crian\u00e7as com microcefalia decorrente do Zika v\u00edrus.O texto sancionado foi o do projeto apresentado pelo relator, senador Izalci [&hellip;]","og_url":"https:\/\/jornalfatosenoticias.com.br\/index.php\/2020\/04\/16\/sancionada-lei-que-da-pensao-vitalicia-a-criancas-afetadas-por-zika-virus\/","og_site_name":"Jornal Fatos e Not\u00edcias","article_published_time":"2020-04-16T18:09:15+00:00","article_modified_time":"2020-04-16T18:09:19+00:00","og_image":[{"width":1000,"height":664,"url":"https:\/\/jornalfatosenoticias.com.br\/wp-content\/uploads\/2020\/04\/microcefalia.jpg","type":"image\/jpeg"}],"author":"Luzimara Fernandes","twitter_card":"summary_large_image","twitter_misc":{"Escrito por":"Luzimara Fernandes","Est. tempo de leitura":"2 minutos"},"schema":{"@context":"https:\/\/schema.org","@graph":[{"@type":"Article","@id":"https:\/\/jornalfatosenoticias.com.br\/index.php\/2020\/04\/16\/sancionada-lei-que-da-pensao-vitalicia-a-criancas-afetadas-por-zika-virus\/#article","isPartOf":{"@id":"https:\/\/jornalfatosenoticias.com.br\/index.php\/2020\/04\/16\/sancionada-lei-que-da-pensao-vitalicia-a-criancas-afetadas-por-zika-virus\/"},"author":{"name":"Luzimara Fernandes","@id":"https:\/\/jornalfatosenoticias.com.br\/#\/schema\/person\/d63837fa13ac8666eb9e74e0985d6f81"},"headline":"Sancionada lei que d\u00e1 pens\u00e3o vital\u00edcia a crian\u00e7as afetadas por Zika v\u00edrus","datePublished":"2020-04-16T18:09:15+00:00","dateModified":"2020-04-16T18:09:19+00:00","mainEntityOfPage":{"@id":"https:\/\/jornalfatosenoticias.com.br\/index.php\/2020\/04\/16\/sancionada-lei-que-da-pensao-vitalicia-a-criancas-afetadas-por-zika-virus\/"},"wordCount":436,"commentCount":0,"publisher":{"@id":"https:\/\/jornalfatosenoticias.com.br\/#organization"},"image":{"@id":"https:\/\/jornalfatosenoticias.com.br\/index.php\/2020\/04\/16\/sancionada-lei-que-da-pensao-vitalicia-a-criancas-afetadas-por-zika-virus\/#primaryimage"},"thumbnailUrl":"https:\/\/jornalfatosenoticias.com.br\/wp-content\/uploads\/2020\/04\/microcefalia.jpg","keywords":["INSS","microcefalia","pens\u00e3o","s\u00edndrome cong\u00eanita","Zika v\u00edrus"],"articleSection":["Pol\u00edtica"],"inLanguage":"pt-BR","potentialAction":[{"@type":"CommentAction","name":"Comment","target":["https:\/\/jornalfatosenoticias.com.br\/index.php\/2020\/04\/16\/sancionada-lei-que-da-pensao-vitalicia-a-criancas-afetadas-por-zika-virus\/#respond"]}]},{"@type":"WebPage","@id":"https:\/\/jornalfatosenoticias.com.br\/index.php\/2020\/04\/16\/sancionada-lei-que-da-pensao-vitalicia-a-criancas-afetadas-por-zika-virus\/","url":"https:\/\/jornalfatosenoticias.com.br\/index.php\/2020\/04\/16\/sancionada-lei-que-da-pensao-vitalicia-a-criancas-afetadas-por-zika-virus\/","name":"Sancionada lei que d\u00e1 pens\u00e3o vital\u00edcia a crian\u00e7as afetadas por Zika v\u00edrus - Jornal Fatos e Not\u00edcias","isPartOf":{"@id":"https:\/\/jornalfatosenoticias.com.br\/#website"},"primaryImageOfPage":{"@id":"https:\/\/jornalfatosenoticias.com.br\/index.php\/2020\/04\/16\/sancionada-lei-que-da-pensao-vitalicia-a-criancas-afetadas-por-zika-virus\/#primaryimage"},"image":{"@id":"https:\/\/jornalfatosenoticias.com.br\/index.php\/2020\/04\/16\/sancionada-lei-que-da-pensao-vitalicia-a-criancas-afetadas-por-zika-virus\/#primaryimage"},"thumbnailUrl":"https:\/\/jornalfatosenoticias.com.br\/wp-content\/uploads\/2020\/04\/microcefalia.jpg","datePublished":"2020-04-16T18:09:15+00:00","dateModified":"2020-04-16T18:09:19+00:00","breadcrumb":{"@id":"https:\/\/jornalfatosenoticias.com.br\/index.php\/2020\/04\/16\/sancionada-lei-que-da-pensao-vitalicia-a-criancas-afetadas-por-zika-virus\/#breadcrumb"},"inLanguage":"pt-BR","potentialAction":[{"@type":"ReadAction","target":["https:\/\/jornalfatosenoticias.com.br\/index.php\/2020\/04\/16\/sancionada-lei-que-da-pensao-vitalicia-a-criancas-afetadas-por-zika-virus\/"]}]},{"@type":"ImageObject","inLanguage":"pt-BR","@id":"https:\/\/jornalfatosenoticias.com.br\/index.php\/2020\/04\/16\/sancionada-lei-que-da-pensao-vitalicia-a-criancas-afetadas-por-zika-virus\/#primaryimage","url":"https:\/\/jornalfatosenoticias.com.br\/wp-content\/uploads\/2020\/04\/microcefalia.jpg","contentUrl":"https:\/\/jornalfatosenoticias.com.br\/wp-content\/uploads\/2020\/04\/microcefalia.jpg","width":1000,"height":664},{"@type":"BreadcrumbList","@id":"https:\/\/jornalfatosenoticias.com.br\/index.php\/2020\/04\/16\/sancionada-lei-que-da-pensao-vitalicia-a-criancas-afetadas-por-zika-virus\/#breadcrumb","itemListElement":[{"@type":"ListItem","position":1,"name":"In\u00edcio","item":"https:\/\/jornalfatosenoticias.com.br\/"},{"@type":"ListItem","position":2,"name":"Sancionada lei que d\u00e1 pens\u00e3o vital\u00edcia a crian\u00e7as afetadas por Zika v\u00edrus"}]},{"@type":"WebSite","@id":"https:\/\/jornalfatosenoticias.com.br\/#website","url":"https:\/\/jornalfatosenoticias.com.br\/","name":"Jornal Fatos e Not\u00edcias","description":"Not\u00edcias em geral","publisher":{"@id":"https:\/\/jornalfatosenoticias.com.br\/#organization"},"potentialAction":[{"@type":"SearchAction","target":{"@type":"EntryPoint","urlTemplate":"https:\/\/jornalfatosenoticias.com.br\/?s={search_term_string}"},"query-input":{"@type":"PropertyValueSpecification","valueRequired":true,"valueName":"search_term_string"}}],"inLanguage":"pt-BR"},{"@type":"Organization","@id":"https:\/\/jornalfatosenoticias.com.br\/#organization","name":"Jornal Fatos e Not\u00edcias","url":"https:\/\/jornalfatosenoticias.com.br\/","logo":{"@type":"ImageObject","inLanguage":"pt-BR","@id":"https:\/\/jornalfatosenoticias.com.br\/#\/schema\/logo\/image\/","url":"https:\/\/jornalfatosenoticias.com.br\/wp-content\/uploads\/2020\/02\/logo120.png","contentUrl":"https:\/\/jornalfatosenoticias.com.br\/wp-content\/uploads\/2020\/02\/logo120.png","width":1227,"height":120,"caption":"Jornal Fatos e Not\u00edcias"},"image":{"@id":"https:\/\/jornalfatosenoticias.com.br\/#\/schema\/logo\/image\/"}},{"@type":"Person","@id":"https:\/\/jornalfatosenoticias.com.br\/#\/schema\/person\/d63837fa13ac8666eb9e74e0985d6f81","name":"Luzimara Fernandes","image":{"@type":"ImageObject","inLanguage":"pt-BR","@id":"https:\/\/jornalfatosenoticias.com.br\/#\/schema\/person\/image\/","url":"https:\/\/jornalfatosenoticias.com.br\/wp-content\/uploads\/2025\/05\/EU_portal.jpg","contentUrl":"https:\/\/jornalfatosenoticias.com.br\/wp-content\/uploads\/2025\/05\/EU_portal.jpg","caption":"Luzimara Fernandes"},"description":"Jornalista MTB 2358-ES","sameAs":["https:\/\/jornalfatosenoticias.com.br"],"url":"https:\/\/jornalfatosenoticias.com.br\/index.php\/author\/luzimara\/"}]}},"cc_featured_image_caption":{"caption_text":"(Foto: Tony Winston\/Ag\u00eancia Bras\u00edlia)","source_text":"","source_url":""},"jetpack_featured_media_url":"https:\/\/jornalfatosenoticias.com.br\/wp-content\/uploads\/2020\/04\/microcefalia.jpg","_links":{"self":[{"href":"https:\/\/jornalfatosenoticias.com.br\/index.php\/wp-json\/wp\/v2\/posts\/3297","targetHints":{"allow":["GET"]}}],"collection":[{"href":"https:\/\/jornalfatosenoticias.com.br\/index.php\/wp-json\/wp\/v2\/posts"}],"about":[{"href":"https:\/\/jornalfatosenoticias.com.br\/index.php\/wp-json\/wp\/v2\/types\/post"}],"author":[{"embeddable":true,"href":"https:\/\/jornalfatosenoticias.com.br\/index.php\/wp-json\/wp\/v2\/users\/2"}],"replies":[{"embeddable":true,"href":"https:\/\/jornalfatosenoticias.com.br\/index.php\/wp-json\/wp\/v2\/comments?post=3297"}],"version-history":[{"count":0,"href":"https:\/\/jornalfatosenoticias.com.br\/index.php\/wp-json\/wp\/v2\/posts\/3297\/revisions"}],"wp:featuredmedia":[{"embeddable":true,"href":"https:\/\/jornalfatosenoticias.com.br\/index.php\/wp-json\/wp\/v2\/media\/3298"}],"wp:attachment":[{"href":"https:\/\/jornalfatosenoticias.com.br\/index.php\/wp-json\/wp\/v2\/media?parent=3297"}],"wp:term":[{"taxonomy":"category","embeddable":true,"href":"https:\/\/jornalfatosenoticias.com.br\/index.php\/wp-json\/wp\/v2\/categories?post=3297"},{"taxonomy":"post_tag","embeddable":true,"href":"https:\/\/jornalfatosenoticias.com.br\/index.php\/wp-json\/wp\/v2\/tags?post=3297"}],"curies":[{"name":"wp","href":"https:\/\/api.w.org\/{rel}","templated":true}]}}