{"id":32984,"date":"2022-08-05T15:39:14","date_gmt":"2022-08-05T18:39:14","guid":{"rendered":"https:\/\/jornalfatosenoticias.com.br\/?p=32984"},"modified":"2022-08-05T15:39:16","modified_gmt":"2022-08-05T18:39:16","slug":"a-importancia-de-votar-hoje-para-nao-ser-escravo-amanha","status":"publish","type":"post","link":"https:\/\/jornalfatosenoticias.com.br\/index.php\/2022\/08\/05\/a-importancia-de-votar-hoje-para-nao-ser-escravo-amanha\/","title":{"rendered":"A import\u00e2ncia de votar hoje para n\u00e3o ser escravo amanh\u00e3"},"content":{"rendered":"\n<p><em><span class=\"has-inline-color has-black-color\">Perigos reais de hoje. Hist\u00f3ria de uma ideologia nefasta! Votar \u00e9 um direito, mas, sobretudo, um dever!<\/span><\/em><\/p>\n\n\n\n<div class=\"wp-block-image\"><figure class=\"aligncenter size-large\"><img loading=\"lazy\" decoding=\"async\" width=\"1024\" height=\"103\" src=\"https:\/\/jornalfatosenoticias.com.br\/wp-content\/uploads\/2022\/02\/Arte-Autoescola-Galatas_endereco_portal-1024x103.png\" alt=\"\" class=\"wp-image-27869\" srcset=\"https:\/\/jornalfatosenoticias.com.br\/wp-content\/uploads\/2022\/02\/Arte-Autoescola-Galatas_endereco_portal-1024x103.png 1024w, https:\/\/jornalfatosenoticias.com.br\/wp-content\/uploads\/2022\/02\/Arte-Autoescola-Galatas_endereco_portal-300x30.png 300w, https:\/\/jornalfatosenoticias.com.br\/wp-content\/uploads\/2022\/02\/Arte-Autoescola-Galatas_endereco_portal-768x77.png 768w, https:\/\/jornalfatosenoticias.com.br\/wp-content\/uploads\/2022\/02\/Arte-Autoescola-Galatas_endereco_portal.png 1223w\" sizes=\"auto, (max-width: 1024px) 100vw, 1024px\" \/><\/figure><\/div>\n\n\n\n<p><strong><em><span class=\"has-inline-color has-luminous-vivid-orange-color\">Por Michel Brugnoli<\/span><\/em><\/strong><\/p>\n\n\n\n<p>&#8220;Voc\u00ea conhecer\u00e1 a verdade e a verdade o libertar\u00e1&#8221;, Jo\u00e3o 8:32. Voc\u00ea pode se perguntar por que comecei a escrever minhas reflex\u00f5es com um vers\u00edculo da B\u00edblia, mas tamb\u00e9m poderia ter citado este outro vers\u00edculo: &#8220;Meu povo perece por falta de conhecimento&#8221; (Os\u00e9ias 4;6). Bem, eu quis come\u00e7ar minhas reflex\u00f5es com esses dois vers\u00edculos da b\u00edblia por que, como cidad\u00e3o, se voc\u00ea n\u00e3o tem a devida consci\u00eancia e conhecimento do que est\u00e1 em jogo e do que poderia ser introduzido como sistema de governan\u00e7a e, isso, s\u00f3 por falta de conhecimento e verdade, seria o fim de um pa\u00eds pr\u00f3spero, rico e maravilhoso que \u00e9 o Brasil.<br>\u00c9 essa falta de conhecimento que me deixa realmente preocupado com o que pode acontecer no futuro. Se n\u00e3o tomarmos medidas para nos precaver a tempo \u2014 visto o que est\u00e3o tentando implantar em toda a Am\u00e9rica Latina alguns pol\u00edticos e partidos no mundo \u2014 estamos fadados \u00e0 pobreza absoluta, fome e mis\u00e9ria. Estou realmente perplexo em perceber como existem, mesmo que uma pequena parte do povo, pessoas que desejam ver uma ideologia, que deveria ser abominada pelos crist\u00e3os, retornar aos mais altos cargos do governo e liderar um pa\u00eds. N\u00e3o consigo entender absolutamente quem se professa crist\u00e3o, mas que, na vida civil, segue um partido cuja mesma ideologia vai contra todos os princ\u00edpios b\u00edblicos e a \u00fanica coisa que quer \u00e9 o fechamento de todas as igrejas e a supress\u00e3o de todas as religi\u00f5es.<\/p>\n\n\n\n<div class=\"wp-block-image\"><figure class=\"alignleft size-large is-resized\"><img loading=\"lazy\" decoding=\"async\" src=\"https:\/\/jornalfatosenoticias.com.br\/wp-content\/uploads\/2022\/02\/Precisao-Contabilidade-1024x724.jpg\" alt=\"\" class=\"wp-image-28088\" width=\"339\" height=\"239\"\/><\/figure><\/div>\n\n\n\n<p>Estou realmente preocupado com o resultado das pr\u00f3ximas elei\u00e7\u00f5es porque estamos lutando pela nossa liberdade e soberania. E esse perigo se estende n\u00e3o s\u00f3 ao Brasil, mas a todo o globo, embora, infelizmente, na maior parte j\u00e1 seja dominado por ideologias de esquerda!<br>Voltando ao in\u00edcio do texto, por que eu comecei com um vers\u00edculo da B\u00edblia? Por que este texto foi escrito h\u00e1 2000 anos e j\u00e1 nos alertava sobre esses perigos, fundamental e historicamente, o Brasil \u00e9 de f\u00e9 crist\u00e3, devotado ao Senhor.<br>Sou cidad\u00e3o su\u00ed\u00e7o, com f\u00e9 em Cristo e na B\u00edblia, casado h\u00e1 10 anos com uma brasileira, e me mudei definitivamente para o Brasil porque, infelizmente, no meu pa\u00eds, embora se diga de alto n\u00edvel em todos os sentidos, as coisas n\u00e3o est\u00e3o funcionando t\u00e3o bem quanto muitos acreditam! Pe\u00e7o desculpas a todos os cidad\u00e3os brasileiros de bem e crentes se me permito tomar posi\u00e7\u00f5es, inclusive pol\u00edticas, sei que voc\u00eas poderiam me dizer, com todo o direito, para dar uma olhada primeiro na minha casa e eu j\u00e1 fiz isso e n\u00e3o gosto do que vejo, pois, por isso, me permito \u2014 com a maior humildade e com a sua permiss\u00e3o \u2014 alert\u00e1-lo, na esperan\u00e7a de poder acord\u00e1-lo e abrir seus olhos para os perigos que, muitas vezes, os envolvidos n\u00e3o podem ver porque obscureceram sua vis\u00e3o.<\/p>\n\n\n\n<div class=\"wp-block-image\"><figure class=\"alignright size-large is-resized\"><img loading=\"lazy\" decoding=\"async\" src=\"https:\/\/jornalfatosenoticias.com.br\/wp-content\/uploads\/2020\/02\/nova-logo-Marquetti.jpg\" alt=\"\" class=\"wp-image-22331\" width=\"306\" height=\"205\" srcset=\"https:\/\/jornalfatosenoticias.com.br\/wp-content\/uploads\/2020\/02\/nova-logo-Marquetti.jpg 643w, https:\/\/jornalfatosenoticias.com.br\/wp-content\/uploads\/2020\/02\/nova-logo-Marquetti-300x202.jpg 300w\" sizes=\"auto, (max-width: 306px) 100vw, 306px\" \/><\/figure><\/div>\n\n\n\n<p>Mas vamos passo a passo. Para come\u00e7ar, queria expor algumas considera\u00e7\u00f5es sobre o mundo de hoje, para que eu possa me explicar melhor e fazer voc\u00ea entender quais s\u00e3o os perigos reais pol\u00edticos de hoje, relacionando-os com o passado. Se o homem sabe de onde vem, pode saber para onde ir!<br>Conhecimento e sabedoria s\u00e3o as \u00fanicas formas de nos salvar. O fato de querer expor algumas verdades que ningu\u00e9m diz e que nos est\u00e3o ocultas, para nos obscurecer e nos manter na ignor\u00e2ncia (ignorante: quem ignora, quem n\u00e3o v\u00ea), nos cegando e nos tirando a capacidade de decidir em total liberdade, com todas as informa\u00e7\u00f5es para poder decidirmos, racional e corretamente, de acordo com nossa boa vis\u00e3o ou julgamento. N\u00e3o podemos nos acovardar nem nos deixar levar por meias verdades ou, melhor, mentiras, cujo \u00fanico prop\u00f3sito \u00e9 o de manipular em favor de um projeto de poder absoluto. O que est\u00e1 em jogo hoje, e eles est\u00e3o tentando nos tirar, \u00e9 a soberania e a liberdade de express\u00e3o, considerando-nos incapazes de tomar decis\u00f5es. Quando n\u00e3o concordamos com suas ideologias opressoras e sua forma de domina\u00e7\u00e3o global, nos taxam de golpistas e antidemocr\u00e1ticos. Tudo isso, para tentar nos engambelar como se s\u00f3 eles soubessem o que \u00e9 melhor para toda uma popula\u00e7\u00e3o, \u00fanicos capazes de nos proteger \u2014 de quem ou do qu\u00ea \u2014 eles ainda t\u00eam que me explicar.<\/p>\n\n\n\n<div class=\"wp-block-image\"><figure class=\"aligncenter size-large is-resized\"><img loading=\"lazy\" decoding=\"async\" src=\"https:\/\/jornalfatosenoticias.com.br\/wp-content\/uploads\/2020\/02\/Serra-Grande-1024x160.png\" alt=\"\" class=\"wp-image-7836\" width=\"523\" height=\"81\"\/><\/figure><\/div>\n\n\n\n<p>Ao nos tirar a soberania, a liberdade de express\u00e3o e o conhecimento da verdade, nada mais fazem sen\u00e3o nos tornar cegos e incapazes de avaliar o que realmente \u00e9 o melhor para n\u00f3s! \u00c9 por isso que abri este meu artigo com esses dois vers\u00edculos b\u00edblicos.<br>Tudo o que vou lhe contar daqui em diante, j\u00e1 estou antecipado para voc\u00ea, para eles s\u00e3o todas mentiras e, por isso, devem ser verificadas e apagadas, divulgando, assim, uma \u00fanica &#8220;verdade&#8221;, a deles. Provavelmente, tamb\u00e9m haver\u00e1 algu\u00e9m que n\u00e3o concordar\u00e1 com o que estou prestes a dizer, mas, saiba que estou completamente aberto a discutir e revisar pensamentos e conceitos, por\u00e9m, somente se refutados com evid\u00eancias hist\u00f3ricas e fatos reais, e n\u00e3o apenas com narrativas que n\u00e3o nos levam a nada.<\/p>\n\n\n\n<div class=\"wp-block-image\"><figure class=\"alignleft size-large\"><img decoding=\"async\" src=\"https:\/\/jornalfatosenoticias.com.br\/wp-content\/uploads\/2020\/02\/logo_esteio.jpg\" alt=\"\" class=\"wp-image-1214\"\/><\/figure><\/div>\n\n\n\n<p>Provavelmente, muitos de n\u00f3s ainda n\u00e3o perceberam o quanto \u00e9 importante fazer as escolhas certas e o qu\u00e3o importante \u00e9 ir e realizar um ato que \u00e9 garantido pela Constitui\u00e7\u00e3o a cada cidad\u00e3o. Este direito, e dever, de cada cidad\u00e3o nunca deve ser subestimado, como pensar em fazer um ato de protesto ao n\u00e3o votar, votar em branco ou nulo, este \u00e9 um jogo muito perigoso! Vejam as \u00faltimas vota\u00e7\u00f5es na Fran\u00e7a que, com um absente\u00edsmo muito alto, colocaram em xeque o futuro de um povo. Se voc\u00ea se deixar persuadir a ter uma atitude desta, far\u00e1 o jogo do advers\u00e1rio, dando-lhe, assim, a possibilidade de vit\u00f3ria, decretando o futuro de toda uma na\u00e7\u00e3o e a morte das liberdades, t\u00e3o caras a todos n\u00f3s. Votar \u00e9 um ato de responsabilidade, n\u00e3o s\u00f3 para conosco, mas para a sociedade inteira. Avalie e analise a si mesmo, pense em como voc\u00ea quer que o amanh\u00e3 seja para voc\u00ea, para seus filhos, para seus netos e bisnetos! D\u00ea o voto a quem, at\u00e9 agora, mostrou, com fatos e atitudes, que realmente quer o bem de seu povo, colocando-o antes de si e de seus pr\u00f3prios interesses, para quem realmente defende os valores da fam\u00edlia, da p\u00e1tria, do cristianismo e da liberdade de express\u00e3o.<\/p>\n\n\n\n<div class=\"wp-block-image\"><figure class=\"aligncenter size-large\"><img loading=\"lazy\" decoding=\"async\" width=\"1024\" height=\"100\" src=\"https:\/\/jornalfatosenoticias.com.br\/wp-content\/uploads\/2022\/05\/NOVA-LOGO-CESCONETTO-1024x100.jpg\" alt=\"\" class=\"wp-image-30792\" srcset=\"https:\/\/jornalfatosenoticias.com.br\/wp-content\/uploads\/2022\/05\/NOVA-LOGO-CESCONETTO-1024x100.jpg 1024w, https:\/\/jornalfatosenoticias.com.br\/wp-content\/uploads\/2022\/05\/NOVA-LOGO-CESCONETTO-300x29.jpg 300w, https:\/\/jornalfatosenoticias.com.br\/wp-content\/uploads\/2022\/05\/NOVA-LOGO-CESCONETTO-768x75.jpg 768w, https:\/\/jornalfatosenoticias.com.br\/wp-content\/uploads\/2022\/05\/NOVA-LOGO-CESCONETTO.jpg 1280w\" sizes=\"auto, (max-width: 1024px) 100vw, 1024px\" \/><\/figure><\/div>\n\n\n\n<figure class=\"wp-block-image size-large\"><img loading=\"lazy\" decoding=\"async\" width=\"1000\" height=\"666\" src=\"https:\/\/jornalfatosenoticias.com.br\/wp-content\/uploads\/2022\/08\/pobreza_argentina.jpg\" alt=\"\" class=\"wp-image-32985\" srcset=\"https:\/\/jornalfatosenoticias.com.br\/wp-content\/uploads\/2022\/08\/pobreza_argentina.jpg 1000w, https:\/\/jornalfatosenoticias.com.br\/wp-content\/uploads\/2022\/08\/pobreza_argentina-300x200.jpg 300w, https:\/\/jornalfatosenoticias.com.br\/wp-content\/uploads\/2022\/08\/pobreza_argentina-768x511.jpg 768w\" sizes=\"auto, (max-width: 1000px) 100vw, 1000px\" \/><figcaption><em><span class=\"has-inline-color has-black-color\">Na Argentina, quatro em cada 10 pessoas s\u00e3o pobres, e uma em cada 10 vive na mis\u00e9ria (Foto: Juan Ignacio Roncoroni\/EFE)<\/span><\/em><\/figcaption><\/figure>\n\n\n\n<div class=\"wp-block-image\"><figure class=\"aligncenter size-large is-resized\"><img loading=\"lazy\" decoding=\"async\" src=\"https:\/\/jornalfatosenoticias.com.br\/wp-content\/uploads\/2022\/06\/Casaruo1024_1.jpg\" alt=\"\" class=\"wp-image-31042\" width=\"463\" height=\"252\"\/><\/figure><\/div>\n\n\n\n<p>Busque, direto do candidato, e v\u00ea o que fez no passado e no presente, escute as palavras dele, n\u00e3o apenas as reportadas, mas as vindas diretamente dele. Lembre-se que de um ladr\u00e3o s\u00f3 pode vir coisas de ladr\u00e3o! N\u00e3o se engane. E, para que isso aconte\u00e7a, \u00e9 preciso ter um conhecimento e uma consci\u00eancia do que est\u00e1 em jogo hoje, e de quem vem essa amea\u00e7a. Conhecer suas origens e pensamentos, a hist\u00f3ria e o plano de poder global que querem que seja implantado. S\u00f3 conhecendo a origem e o plano diab\u00f3lico, tra\u00e7ado por desejo de poder j\u00e1 h\u00e1 muitos anos, poderemos decidir sobre o nosso destino.<br>Como eu disse, infelizmente, h\u00e1 pol\u00edticos e partidos que anseiam e n\u00e3o veem a hora de voltar ao poder. Mas n\u00e3o se engane, n\u00e3o o fazem pelo bem do povo, como prometem, mas, apenas por um projeto de domina\u00e7\u00e3o e de poder, vendendo e traindo a soberania e prejudicando, entre outras coisas, sua pr\u00f3pria na\u00e7\u00e3o. O que, infelizmente, j\u00e1 foi visto v\u00e1rias vezes no longo per\u00edodo de quase 16 anos no poder.<\/p>\n\n\n\n<div class=\"wp-block-image\"><figure class=\"aligncenter size-large is-resized\"><img loading=\"lazy\" decoding=\"async\" src=\"https:\/\/jornalfatosenoticias.com.br\/wp-content\/uploads\/2022\/07\/Assinatura-Marketing-1024x300.png\" alt=\"\" class=\"wp-image-31962\" width=\"457\" height=\"133\" srcset=\"https:\/\/jornalfatosenoticias.com.br\/wp-content\/uploads\/2022\/07\/Assinatura-Marketing-1024x300.png 1024w, https:\/\/jornalfatosenoticias.com.br\/wp-content\/uploads\/2022\/07\/Assinatura-Marketing-300x88.png 300w, https:\/\/jornalfatosenoticias.com.br\/wp-content\/uploads\/2022\/07\/Assinatura-Marketing-768x225.png 768w, https:\/\/jornalfatosenoticias.com.br\/wp-content\/uploads\/2022\/07\/Assinatura-Marketing-1536x451.png 1536w, https:\/\/jornalfatosenoticias.com.br\/wp-content\/uploads\/2022\/07\/Assinatura-Marketing-2048x601.png 2048w\" sizes=\"auto, (max-width: 457px) 100vw, 457px\" \/><\/figure><\/div>\n\n\n\n<p>Um plano real de domina\u00e7\u00e3o demon\u00edaca, nefasta e global est\u00e1 em andamento. Um plano sujo e sutil introduzido lentamente, passo a passo, debaixo dos nossos narizes, quase impercept\u00edvel! Pelo menos para os tolos, que n\u00e3o se informam e n\u00e3o estudam ou buscam conhecimento e sabedoria para poder se defender desses perigos. Saiba que esse comportamento n\u00e3o s\u00f3 arru\u00edna voc\u00ea, mas, tamb\u00e9m, toda a comunidade!<br>Desconfie de quem enche a boca com as palavras LIBERDADE, DEMOCRACIA, DEMOCRATA, de quem fica repetindo-as, como se fossem um mantra! Analise suas a\u00e7\u00f5es e compare-as com os fatos, ent\u00e3o voc\u00ea pode julgar. Muitas vezes, eles te encantam com essas palavras, das quais nem sabem o significado e, depois, te fazem de escravos, pois sua \u00fanica e verdadeira vontade \u00e9 estabelecer uma ditadura. Desconfie de quem aponta o dedo e denuncia os outros como ditadores ou fascistas. Daqueles que acusam os outros do que realmente eles fazem, pois \u00e9 exatamente no que eles querem que voc\u00ea acredite, narrativas de que s\u00e3o os bons que s\u00e3o martirizados fazendo os outros parecerem dem\u00f4nios, fazendo seus oponentes parecerem maus para que eles possam vencer e ganhar simpatias e votos de tolos!<\/p>\n\n\n\n<div class=\"wp-block-image\"><figure class=\"aligncenter size-large is-resized\"><img loading=\"lazy\" decoding=\"async\" src=\"https:\/\/jornalfatosenoticias.com.br\/wp-content\/uploads\/2022\/07\/Logo-Grupo-SEI.jpg\" alt=\"\" class=\"wp-image-31973\" width=\"425\" height=\"223\" srcset=\"https:\/\/jornalfatosenoticias.com.br\/wp-content\/uploads\/2022\/07\/Logo-Grupo-SEI.jpg 713w, https:\/\/jornalfatosenoticias.com.br\/wp-content\/uploads\/2022\/07\/Logo-Grupo-SEI-300x158.jpg 300w\" sizes=\"auto, (max-width: 425px) 100vw, 425px\" \/><\/figure><\/div>\n\n\n\n<p>\u00c9 muito triste ver cidad\u00e3os, pol\u00edticos e partidos ou, pior ainda, governantes e ju\u00edzes \u201cdefensores\u201d de sua pr\u00f3pria constitui\u00e7\u00e3o, pisoteando e deixando de respeitar o que \u00e9 mais sagrado para uma na\u00e7\u00e3o e seu povo. Sua pr\u00f3pria Constitui\u00e7\u00e3o! Indo contra o que, quando eleitos ou nomeados, juraram defender e respeitar. Atropelando a vontade de todos n\u00f3s, cidad\u00e3os, ao n\u00e3o respeitarem nosso voto \u2014 ato m\u00e1ximo \u2014 de confian\u00e7a neles.<br>O poder emana do povo, mas isso ocorre somente com um voto consciente e respons\u00e1vel! Errar significa dar poder a quem nunca pensou no bem do povo, mas apenas no seu pr\u00f3prio bem-estar. Umas poucas castas que, pisoteando e deixando todo o povo na mis\u00e9ria e na fome, s\u00f3 pensar\u00e3o em se enriquecer, enquanto o povo amarga um destino de fome e mis\u00e9ria. Pense bem em quem voc\u00ea quer que te guie e te represente, pois estamos vendo o que os nossos vizinhos argentinos, chilenos e venezuelanos est\u00e3o passando. Nesses pa\u00edses, o povo \u00e9 continuamente massacrado com falsidades, mentiras e trai\u00e7\u00f5es, tanto pelo poder pol\u00edtico institucional quanto pelo Judici\u00e1rio.<\/p>\n\n\n\n<div class=\"wp-block-image\"><figure class=\"aligncenter size-large is-resized\"><img loading=\"lazy\" decoding=\"async\" src=\"https:\/\/jornalfatosenoticias.com.br\/wp-content\/uploads\/2022\/03\/logo-Suinco-1024x390.jpg\" alt=\"\" class=\"wp-image-28785\" width=\"409\" height=\"155\"\/><\/figure><\/div>\n\n\n\n<figure class=\"wp-block-image size-large\"><img loading=\"lazy\" decoding=\"async\" width=\"1000\" height=\"600\" src=\"https:\/\/jornalfatosenoticias.com.br\/wp-content\/uploads\/2022\/08\/pobreza_venezuela_-Getty-Images.jpg\" alt=\"\" class=\"wp-image-32986\" srcset=\"https:\/\/jornalfatosenoticias.com.br\/wp-content\/uploads\/2022\/08\/pobreza_venezuela_-Getty-Images.jpg 1000w, https:\/\/jornalfatosenoticias.com.br\/wp-content\/uploads\/2022\/08\/pobreza_venezuela_-Getty-Images-300x180.jpg 300w, https:\/\/jornalfatosenoticias.com.br\/wp-content\/uploads\/2022\/08\/pobreza_venezuela_-Getty-Images-768x461.jpg 768w\" sizes=\"auto, (max-width: 1000px) 100vw, 1000px\" \/><figcaption><em><span class=\"has-inline-color has-black-color\">Pai com filha no colo enquanto aguarda na fila para conseguir comida, em San Cristobal, Venezuela (Foto: John Moore\/Getty Images)<\/span><\/em><\/figcaption><\/figure>\n\n\n\n<div class=\"wp-block-image\"><figure class=\"alignright size-large is-resized\"><img loading=\"lazy\" decoding=\"async\" src=\"https:\/\/jornalfatosenoticias.com.br\/wp-content\/uploads\/2022\/02\/Precisao-Contabilidade-1024x724.jpg\" alt=\"\" class=\"wp-image-28088\" width=\"275\" height=\"194\"\/><\/figure><\/div>\n\n\n\n<p>Aqui, no Brasil, temos visto uma amea\u00e7a real e sinistra nas figuras do Supremo Tribunal Federal (STF), do Tribunal Superior Eleitoral (TSE), do Congresso Nacional e de outras institui\u00e7\u00f5es, que t\u00eam agido inconstitucionalmente em favor de figur\u00f5es em detrimento do povo. Se n\u00e3o abrirmos os olhos, a coisa pode piorar.<br>Bom! Deixemos essas reflex\u00f5es em paz e vamos um pouco mais no conhecimento! S\u00f3 assim voc\u00ea tamb\u00e9m poder\u00e1 entender minhas ideias e a raz\u00e3o de minha posi\u00e7\u00e3o pessoal! Voc\u00ea ver\u00e1 que, ao final da leitura, talvez concordar\u00e1 comigo. A menos que voc\u00ea goste de sofrer.<br>Em primeiro lugar, pergunto-lhe: voc\u00ea conhece a sua Constitui\u00e7\u00e3o, que \u00e9 importante para todos os cidad\u00e3os e, quem voc\u00ea acha que deveria honr\u00e1-la, respeit\u00e1-la e aplic\u00e1-la? Quando voc\u00ea est\u00e1 ciente de sua Constitui\u00e7\u00e3o, n\u00e3o quero dizer que voc\u00ea deve saber como aplic\u00e1-la ao p\u00e9 da letra como se fosse um jurista, um advogado ou um juiz (at\u00e9 por que, ultimamente, nem mesmo os ju\u00edzes tem sabido como aplic\u00e1-la). Mas, pelo menos, voc\u00ea leu para saber, em termos amplos, o significado e ter uma compreens\u00e3o do que est\u00e1 escrito l\u00e1?<br>Quem voc\u00ea acha que deveria honr\u00e1-la, respeit\u00e1-la e aplic\u00e1-la primeiro? Obviamente todos, mas, antes de tudo, seria tarefa dos advogados, dos ju\u00edzes e dos pol\u00edticos conhec\u00ea-la, aplic\u00e1-la e execut\u00e1-la (na verdade, alguns fazem isso a um alto custo de suas liberdades).<\/p>\n\n\n\n<div class=\"wp-block-image\"><figure class=\"aligncenter size-large is-resized\"><img loading=\"lazy\" decoding=\"async\" src=\"https:\/\/jornalfatosenoticias.com.br\/wp-content\/uploads\/2022\/02\/Serra-Pack-459.png\" alt=\"\" class=\"wp-image-27471\" width=\"368\" height=\"147\"\/><\/figure><\/div>\n\n\n\n<p>Lembra-se de quando eu lhe falei sobre algumas fac\u00e7\u00f5es pol\u00edticas e alguns pol\u00edticos com seu desejo de poder? Bem, essas pessoas tamb\u00e9m s\u00e3o as mesmas que insistem em querer interpretar a Constitui\u00e7\u00e3o a seu bel prazer, e n\u00e3o da forma como deveria ser feito. S\u00e3o as mesmas pessoas que querem estabelecer o projeto do F\u00f3rum de S\u00e3o Paulo que, de fato, nos levaria a uma ideologia de poder obscura e nefasta. O que, ali\u00e1s, n\u00e3o tem nada a ver com a Constitui\u00e7\u00e3o nem com a democracia e a liberdade que tanto elogiam!<br>Por que dever\u00edamos ceder e nos submeter a uma ideologia de esquerda nefasta que levaria todo o pa\u00eds \u00e0 ru\u00edna? Antes de criticar, aqui est\u00e3o alguns exemplos para refletir, exemplos no mundo e na hist\u00f3ria, onde esse regime j\u00e1 foi estabelecido, desde que voc\u00ea queira contar as verdades certas e direitas!<br>Socialismo e comunismo que, entre outras coisas \u2014 e \u00e9 a\u00ed que come\u00e7am minhas considera\u00e7\u00f5es e an\u00e1lises dos fatos \u2014 s\u00e3o ideologias muito perigosas, falidas, demon\u00edacas. Em nenhum lugar, do mundo inteiro, deram certo, s\u00f3 preju\u00edzos, pobreza, fome e mis\u00e9ria. E, aqui, eu sei, haver\u00e1 algumas pessoas que v\u00e3o discordar de mim. Bem, senhores, sigam-me e depois me dir\u00e3o se n\u00e3o estou certo \u2014 ou errado (tamb\u00e9m sei que haver\u00e1 aqueles que, para defender essas ideologias nefastas, negar\u00e3o as evid\u00eancias de todos os fatos, evid\u00eancias e verdades como quiserem, mas isso tamb\u00e9m faz parte das suas estrat\u00e9gias e de seu projeto).<\/p>\n\n\n\n<div class=\"wp-block-image\"><figure class=\"aligncenter size-large is-resized\"><img loading=\"lazy\" decoding=\"async\" src=\"https:\/\/jornalfatosenoticias.com.br\/wp-content\/uploads\/2020\/02\/Serra-Grande-1024x160.png\" alt=\"\" class=\"wp-image-7836\" width=\"477\" height=\"74\"\/><\/figure><\/div>\n\n\n\n<figure class=\"wp-block-image size-large\"><img loading=\"lazy\" decoding=\"async\" width=\"1000\" height=\"749\" src=\"https:\/\/jornalfatosenoticias.com.br\/wp-content\/uploads\/2022\/08\/manifestantes-incendeiam-madeiras-e-entulhos-nas-ruas-do-chile.jpg\" alt=\"\" class=\"wp-image-32987\" srcset=\"https:\/\/jornalfatosenoticias.com.br\/wp-content\/uploads\/2022\/08\/manifestantes-incendeiam-madeiras-e-entulhos-nas-ruas-do-chile.jpg 1000w, https:\/\/jornalfatosenoticias.com.br\/wp-content\/uploads\/2022\/08\/manifestantes-incendeiam-madeiras-e-entulhos-nas-ruas-do-chile-300x225.jpg 300w, https:\/\/jornalfatosenoticias.com.br\/wp-content\/uploads\/2022\/08\/manifestantes-incendeiam-madeiras-e-entulhos-nas-ruas-do-chile-768x575.jpg 768w\" sizes=\"auto, (max-width: 1000px) 100vw, 1000px\" \/><figcaption><em><span class=\"has-inline-color has-black-color\">Manifestantes incendeiam madeiras e entulhos nas ruas de Valpara\u00edso, no Chile (Foto: Sebasti\u00e1n Cisternas\/Aton Chile\/AFP)<\/span><\/em><\/figcaption><\/figure>\n\n\n\n<div class=\"wp-block-image\"><figure class=\"aligncenter size-large\"><img loading=\"lazy\" decoding=\"async\" width=\"729\" height=\"90\" src=\"https:\/\/jornalfatosenoticias.com.br\/wp-content\/uploads\/2020\/02\/Logo_Mizu.png\" alt=\"\" class=\"wp-image-1441\" srcset=\"https:\/\/jornalfatosenoticias.com.br\/wp-content\/uploads\/2020\/02\/Logo_Mizu.png 729w, https:\/\/jornalfatosenoticias.com.br\/wp-content\/uploads\/2020\/02\/Logo_Mizu-300x37.png 300w\" sizes=\"auto, (max-width: 729px) 100vw, 729px\" \/><\/figure><\/div>\n\n\n\n<p>Est\u00e1 claro para todos, e voc\u00ea sabe, as ideologias de esquerda n\u00e3o discutem as leis. Elas as ditam para voc\u00ea! Mas ent\u00e3o, a t\u00e3o aclamada e sempre falada democracia onde est\u00e1? Nem mesmo um interlocutor democr\u00e1tico pode discutir e chegar a acordos que sejam bons para ambas as partes. A \u00fanica coisa que eles almejam s\u00e3o seus pr\u00f3prios interesses, e s\u00e3o mestres nisso. Mas, cuidado, \u00e9 apenas o interesse de alguns e n\u00e3o o bem-estar de um povo ou de uma na\u00e7\u00e3o.<br>Eles decidem e, como acostumados, apresentam pacote constru\u00eddo, inegoci\u00e1vel, confuso e cheio de mentiras, ele \u00e9 colocado no prato das &#8220;negocia\u00e7\u00f5es&#8221; s\u00f3 para obscurecer e confundir suas reais inten\u00e7\u00f5es, de modo a torn\u00e1-lo aceito pelas massas como se fosse a panaceia para todos os males e para o bem-estar de todos. E n\u00f3s conhecemos muito bem esse \u201cmodus operandi\u201d.<br>Hoje, quando algu\u00e9m se atreve, e se permite, desafiar e alertar as massas dessas pr\u00e1ticas dissimuladas, tentando divulgar not\u00edcias e fatos comprovados e ver\u00eddicos, somos ridicularizados e nos marcam como negacionistas, terraplanistas, pessoas que espalham not\u00edcias falsas!<br>N\u00f3s passamos a ser pessoas nost\u00e1lgicas, ainda ligadas \u00e0s tradi\u00e7\u00f5es e culturas de outros tempos. O fato de querermos manter as tradi\u00e7\u00f5es, \u00e2ncoras do passado, e identificar um povo, eu chamo de patriotismo! (O patriotismo claramente n\u00e3o para apenas com o mantenimento de tradi\u00e7\u00f5es e culturas).<\/p>\n\n\n\n<div class=\"wp-block-image\"><figure class=\"aligncenter size-large\"><img loading=\"lazy\" decoding=\"async\" width=\"1024\" height=\"100\" src=\"https:\/\/jornalfatosenoticias.com.br\/wp-content\/uploads\/2020\/02\/banner_ferramentas-1024x100.jpg\" alt=\"\" class=\"wp-image-1258\" srcset=\"https:\/\/jornalfatosenoticias.com.br\/wp-content\/uploads\/2020\/02\/banner_ferramentas-1024x100.jpg 1024w, https:\/\/jornalfatosenoticias.com.br\/wp-content\/uploads\/2020\/02\/banner_ferramentas-300x29.jpg 300w, https:\/\/jornalfatosenoticias.com.br\/wp-content\/uploads\/2020\/02\/banner_ferramentas-768x75.jpg 768w, https:\/\/jornalfatosenoticias.com.br\/wp-content\/uploads\/2020\/02\/banner_ferramentas.jpg 1227w\" sizes=\"auto, (max-width: 1024px) 100vw, 1024px\" \/><\/figure><\/div>\n\n\n\n<p>&#8220;Patriota (extra\u00eddo do dicion\u00e1rio) significa pessoa que ama seu pa\u00eds e mostra seu amor lutando por ele e seus valores&#8221;. O patriotismo, infelizmente, incomoda as ideologias de esquerda porque anula um dos pontos fundamentais para o sucesso do plano de domina\u00e7\u00e3o. O simples fato de hastear a bandeira e se orgulhar dela ou cantar o Hino Nacional, que nem \u00e9 mais ensinado nas escolas, expressa orgulho e une.<br>Um patriota coloca os interesses da p\u00e1tria antes dos seus, refor\u00e7ando, assim, esse sentimento de perten\u00e7a e fortalecendo o seu tecido social. \u00c9 esse sentimento de pertencimento que \u00e9 sistematicamente destru\u00eddo pela pol\u00edtica de esquerda. Ao faz\u00ea-lo, em nome da democracia, eles destroem esse tecido social criando grupos antag\u00f4nicos e, assim, criando lutas internas. Eles estabelecem e ajudam a cria\u00e7\u00e3o de classes sociais discordantes, colocando-as em conflito direto e desestabilizando a paz social de uma na\u00e7\u00e3o.<br>T\u00edpica estrat\u00e9gia ideol\u00f3gica-socialista-comunista. E isso lhes permite assumir o controle do Estado com muito mais facilidade, pois faltando aquele tecido social que cria coes\u00e3o, for\u00e7a e identifica\u00e7\u00e3o do povo, este permanece facilmente subjugado e submisso.<\/p>\n\n\n\n<div class=\"wp-block-image\"><figure class=\"alignleft size-large is-resized\"><img loading=\"lazy\" decoding=\"async\" src=\"https:\/\/jornalfatosenoticias.com.br\/wp-content\/uploads\/2020\/02\/nova-logo-Marquetti.jpg\" alt=\"\" class=\"wp-image-22331\" width=\"272\" height=\"182\" srcset=\"https:\/\/jornalfatosenoticias.com.br\/wp-content\/uploads\/2020\/02\/nova-logo-Marquetti.jpg 643w, https:\/\/jornalfatosenoticias.com.br\/wp-content\/uploads\/2020\/02\/nova-logo-Marquetti-300x202.jpg 300w\" sizes=\"auto, (max-width: 272px) 100vw, 272px\" \/><\/figure><\/div>\n\n\n\n<p>Pela gra\u00e7a de Deus, o Brasil, gra\u00e7as ao governo dos \u00faltimos quatro anos, fortemente patri\u00f3tico e crist\u00e3o, reverteu as cartas no prato. Esta \u00e9 a raz\u00e3o de tantos ataques da m\u00eddia a este governo.<br>E aqui, talvez seja melhor eu dar um passo atr\u00e1s na hist\u00f3ria, para n\u00e3o passar por um vision\u00e1rio louco, e vamos ver as origens de todo esse plano maquiav\u00e9lico e o nascimento dessas ideologias nefastas com os v\u00e1rios personagens da hist\u00f3ria per\u00edodos e como eles fizeram para implant\u00e1-los quase sem que ningu\u00e9m percebesse.<br>Claro que agora voc\u00ea vai me dizer &#8220;estas s\u00e3o apenas ideias conspirat\u00f3rias!&#8221;. Ent\u00e3o vamos juntar os pontos! Voc\u00ea ver\u00e1 como ficar\u00e1 mais claro o perigo que corremos. Relato apenas o que aconteceu historicamente, os fatos indiscut\u00edveis e, aqui, tomo a liberdade de dizer da loucura humana.<br>Senhoras e senhores, para entender \u00e9 preciso tamb\u00e9m conhecer um pouco de hist\u00f3ria. Saiba quais s\u00e3o as ideologias do socialismo comunista (o marxismo comunista, o marxismo leninismo, implantado por Stalin, ou o que \u00e9 o Gamacismo) e com isso quais s\u00e3o os perigos para nossa sociedade que essas ideologias nefastas desejam implantar.<br>N\u00e3o percam os pr\u00f3ximos cap\u00edtulos!<\/p>\n\n\n\n<div class=\"wp-block-image\"><figure class=\"alignleft size-large is-resized\"><img loading=\"lazy\" decoding=\"async\" src=\"https:\/\/jornalfatosenoticias.com.br\/wp-content\/uploads\/2020\/03\/Michel-Brugnoli_portal.jpg\" alt=\"\" class=\"wp-image-2450\" width=\"153\" height=\"230\"\/><figcaption><strong><span class=\"has-inline-color has-black-color\">Michel Brugnoli<br><\/span><\/strong><em><span class=\"has-inline-color has-black-color\">Especialista em Marketing e Digital Marketing Trainer para adultos<\/span><\/em><\/figcaption><\/figure><\/div>\n","protected":false},"excerpt":{"rendered":"<p>Perigos reais de hoje. Hist\u00f3ria de uma ideologia nefasta! Votar \u00e9 um direito, mas, sobretudo, um dever! Por Michel Brugnoli &#8220;Voc\u00ea conhecer\u00e1 a verdade e a verdade o libertar\u00e1&#8221;, Jo\u00e3o 8:32. Voc\u00ea pode se perguntar por que comecei a escrever minhas reflex\u00f5es com um vers\u00edculo da B\u00edblia, mas tamb\u00e9m poderia ter citado este outro vers\u00edculo: [&hellip;]<\/p>\n","protected":false},"author":2,"featured_media":32988,"comment_status":"open","ping_status":"open","sticky":false,"template":"","format":"standard","meta":{"footnotes":""},"categories":[10],"tags":[597,1730,3094,545,15545],"class_list":["post-32984","post","type-post","status-publish","format-standard","has-post-thumbnail","hentry","category-politica","tag-brasil","tag-eleicao","tag-partidos-politicos","tag-politica","tag-voto"],"yoast_head":"<!-- This site is optimized with the Yoast SEO plugin v26.5 - https:\/\/yoast.com\/wordpress\/plugins\/seo\/ -->\n<title>A import\u00e2ncia de votar hoje para n\u00e3o ser escravo amanh\u00e3 - Jornal Fatos e Not\u00edcias<\/title>\n<meta name=\"robots\" content=\"index, follow, max-snippet:-1, max-image-preview:large, max-video-preview:-1\" \/>\n<link rel=\"canonical\" href=\"https:\/\/jornalfatosenoticias.com.br\/index.php\/2022\/08\/05\/a-importancia-de-votar-hoje-para-nao-ser-escravo-amanha\/\" \/>\n<meta property=\"og:locale\" content=\"pt_BR\" \/>\n<meta property=\"og:type\" content=\"article\" \/>\n<meta property=\"og:title\" content=\"A import\u00e2ncia de votar hoje para n\u00e3o ser escravo amanh\u00e3 - Jornal Fatos e Not\u00edcias\" \/>\n<meta property=\"og:description\" content=\"Perigos reais de hoje. Hist\u00f3ria de uma ideologia nefasta! Votar \u00e9 um direito, mas, sobretudo, um dever! Por Michel Brugnoli &#8220;Voc\u00ea conhecer\u00e1 a verdade e a verdade o libertar\u00e1&#8221;, Jo\u00e3o 8:32. Voc\u00ea pode se perguntar por que comecei a escrever minhas reflex\u00f5es com um vers\u00edculo da B\u00edblia, mas tamb\u00e9m poderia ter citado este outro vers\u00edculo: [&hellip;]\" \/>\n<meta property=\"og:url\" content=\"https:\/\/jornalfatosenoticias.com.br\/index.php\/2022\/08\/05\/a-importancia-de-votar-hoje-para-nao-ser-escravo-amanha\/\" \/>\n<meta property=\"og:site_name\" content=\"Jornal Fatos e Not\u00edcias\" \/>\n<meta property=\"article:published_time\" content=\"2022-08-05T18:39:14+00:00\" \/>\n<meta property=\"article:modified_time\" content=\"2022-08-05T18:39:16+00:00\" \/>\n<meta property=\"og:image\" content=\"https:\/\/jornalfatosenoticias.com.br\/wp-content\/uploads\/2022\/08\/urna_importancia-do-voto.jpg\" \/>\n\t<meta property=\"og:image:width\" content=\"1000\" \/>\n\t<meta property=\"og:image:height\" content=\"562\" \/>\n\t<meta property=\"og:image:type\" content=\"image\/jpeg\" \/>\n<meta name=\"author\" content=\"Luzimara Fernandes\" \/>\n<meta name=\"twitter:card\" content=\"summary_large_image\" \/>\n<meta name=\"twitter:label1\" content=\"Escrito por\" \/>\n\t<meta name=\"twitter:data1\" content=\"Luzimara Fernandes\" \/>\n\t<meta name=\"twitter:label2\" content=\"Est. tempo de leitura\" \/>\n\t<meta name=\"twitter:data2\" content=\"15 minutos\" \/>\n<script type=\"application\/ld+json\" class=\"yoast-schema-graph\">{\"@context\":\"https:\/\/schema.org\",\"@graph\":[{\"@type\":\"Article\",\"@id\":\"https:\/\/jornalfatosenoticias.com.br\/index.php\/2022\/08\/05\/a-importancia-de-votar-hoje-para-nao-ser-escravo-amanha\/#article\",\"isPartOf\":{\"@id\":\"https:\/\/jornalfatosenoticias.com.br\/index.php\/2022\/08\/05\/a-importancia-de-votar-hoje-para-nao-ser-escravo-amanha\/\"},\"author\":{\"name\":\"Luzimara Fernandes\",\"@id\":\"https:\/\/jornalfatosenoticias.com.br\/#\/schema\/person\/d63837fa13ac8666eb9e74e0985d6f81\"},\"headline\":\"A import\u00e2ncia de votar hoje para n\u00e3o ser escravo amanh\u00e3\",\"datePublished\":\"2022-08-05T18:39:14+00:00\",\"dateModified\":\"2022-08-05T18:39:16+00:00\",\"mainEntityOfPage\":{\"@id\":\"https:\/\/jornalfatosenoticias.com.br\/index.php\/2022\/08\/05\/a-importancia-de-votar-hoje-para-nao-ser-escravo-amanha\/\"},\"wordCount\":3000,\"commentCount\":0,\"publisher\":{\"@id\":\"https:\/\/jornalfatosenoticias.com.br\/#organization\"},\"image\":{\"@id\":\"https:\/\/jornalfatosenoticias.com.br\/index.php\/2022\/08\/05\/a-importancia-de-votar-hoje-para-nao-ser-escravo-amanha\/#primaryimage\"},\"thumbnailUrl\":\"https:\/\/jornalfatosenoticias.com.br\/wp-content\/uploads\/2022\/08\/urna_importancia-do-voto.jpg\",\"keywords\":[\"Brasil\",\"elei\u00e7\u00e3o\",\"partidos pol\u00edticos\",\"pol\u00edtica\",\"voto\"],\"articleSection\":[\"Pol\u00edtica\"],\"inLanguage\":\"pt-BR\",\"potentialAction\":[{\"@type\":\"CommentAction\",\"name\":\"Comment\",\"target\":[\"https:\/\/jornalfatosenoticias.com.br\/index.php\/2022\/08\/05\/a-importancia-de-votar-hoje-para-nao-ser-escravo-amanha\/#respond\"]}]},{\"@type\":\"WebPage\",\"@id\":\"https:\/\/jornalfatosenoticias.com.br\/index.php\/2022\/08\/05\/a-importancia-de-votar-hoje-para-nao-ser-escravo-amanha\/\",\"url\":\"https:\/\/jornalfatosenoticias.com.br\/index.php\/2022\/08\/05\/a-importancia-de-votar-hoje-para-nao-ser-escravo-amanha\/\",\"name\":\"A import\u00e2ncia de votar hoje para n\u00e3o ser escravo amanh\u00e3 - Jornal Fatos e Not\u00edcias\",\"isPartOf\":{\"@id\":\"https:\/\/jornalfatosenoticias.com.br\/#website\"},\"primaryImageOfPage\":{\"@id\":\"https:\/\/jornalfatosenoticias.com.br\/index.php\/2022\/08\/05\/a-importancia-de-votar-hoje-para-nao-ser-escravo-amanha\/#primaryimage\"},\"image\":{\"@id\":\"https:\/\/jornalfatosenoticias.com.br\/index.php\/2022\/08\/05\/a-importancia-de-votar-hoje-para-nao-ser-escravo-amanha\/#primaryimage\"},\"thumbnailUrl\":\"https:\/\/jornalfatosenoticias.com.br\/wp-content\/uploads\/2022\/08\/urna_importancia-do-voto.jpg\",\"datePublished\":\"2022-08-05T18:39:14+00:00\",\"dateModified\":\"2022-08-05T18:39:16+00:00\",\"breadcrumb\":{\"@id\":\"https:\/\/jornalfatosenoticias.com.br\/index.php\/2022\/08\/05\/a-importancia-de-votar-hoje-para-nao-ser-escravo-amanha\/#breadcrumb\"},\"inLanguage\":\"pt-BR\",\"potentialAction\":[{\"@type\":\"ReadAction\",\"target\":[\"https:\/\/jornalfatosenoticias.com.br\/index.php\/2022\/08\/05\/a-importancia-de-votar-hoje-para-nao-ser-escravo-amanha\/\"]}]},{\"@type\":\"ImageObject\",\"inLanguage\":\"pt-BR\",\"@id\":\"https:\/\/jornalfatosenoticias.com.br\/index.php\/2022\/08\/05\/a-importancia-de-votar-hoje-para-nao-ser-escravo-amanha\/#primaryimage\",\"url\":\"https:\/\/jornalfatosenoticias.com.br\/wp-content\/uploads\/2022\/08\/urna_importancia-do-voto.jpg\",\"contentUrl\":\"https:\/\/jornalfatosenoticias.com.br\/wp-content\/uploads\/2022\/08\/urna_importancia-do-voto.jpg\",\"width\":1000,\"height\":562},{\"@type\":\"BreadcrumbList\",\"@id\":\"https:\/\/jornalfatosenoticias.com.br\/index.php\/2022\/08\/05\/a-importancia-de-votar-hoje-para-nao-ser-escravo-amanha\/#breadcrumb\",\"itemListElement\":[{\"@type\":\"ListItem\",\"position\":1,\"name\":\"In\u00edcio\",\"item\":\"https:\/\/jornalfatosenoticias.com.br\/\"},{\"@type\":\"ListItem\",\"position\":2,\"name\":\"A import\u00e2ncia de votar hoje para n\u00e3o ser escravo amanh\u00e3\"}]},{\"@type\":\"WebSite\",\"@id\":\"https:\/\/jornalfatosenoticias.com.br\/#website\",\"url\":\"https:\/\/jornalfatosenoticias.com.br\/\",\"name\":\"Jornal Fatos e Not\u00edcias\",\"description\":\"Not\u00edcias em geral\",\"publisher\":{\"@id\":\"https:\/\/jornalfatosenoticias.com.br\/#organization\"},\"potentialAction\":[{\"@type\":\"SearchAction\",\"target\":{\"@type\":\"EntryPoint\",\"urlTemplate\":\"https:\/\/jornalfatosenoticias.com.br\/?s={search_term_string}\"},\"query-input\":{\"@type\":\"PropertyValueSpecification\",\"valueRequired\":true,\"valueName\":\"search_term_string\"}}],\"inLanguage\":\"pt-BR\"},{\"@type\":\"Organization\",\"@id\":\"https:\/\/jornalfatosenoticias.com.br\/#organization\",\"name\":\"Jornal Fatos e Not\u00edcias\",\"url\":\"https:\/\/jornalfatosenoticias.com.br\/\",\"logo\":{\"@type\":\"ImageObject\",\"inLanguage\":\"pt-BR\",\"@id\":\"https:\/\/jornalfatosenoticias.com.br\/#\/schema\/logo\/image\/\",\"url\":\"https:\/\/jornalfatosenoticias.com.br\/wp-content\/uploads\/2020\/02\/logo120.png\",\"contentUrl\":\"https:\/\/jornalfatosenoticias.com.br\/wp-content\/uploads\/2020\/02\/logo120.png\",\"width\":1227,\"height\":120,\"caption\":\"Jornal Fatos e Not\u00edcias\"},\"image\":{\"@id\":\"https:\/\/jornalfatosenoticias.com.br\/#\/schema\/logo\/image\/\"}},{\"@type\":\"Person\",\"@id\":\"https:\/\/jornalfatosenoticias.com.br\/#\/schema\/person\/d63837fa13ac8666eb9e74e0985d6f81\",\"name\":\"Luzimara Fernandes\",\"image\":{\"@type\":\"ImageObject\",\"inLanguage\":\"pt-BR\",\"@id\":\"https:\/\/jornalfatosenoticias.com.br\/#\/schema\/person\/image\/\",\"url\":\"https:\/\/jornalfatosenoticias.com.br\/wp-content\/uploads\/2025\/05\/EU_portal.jpg\",\"contentUrl\":\"https:\/\/jornalfatosenoticias.com.br\/wp-content\/uploads\/2025\/05\/EU_portal.jpg\",\"caption\":\"Luzimara Fernandes\"},\"description\":\"Jornalista MTB 2358-ES\",\"sameAs\":[\"https:\/\/jornalfatosenoticias.com.br\"],\"url\":\"https:\/\/jornalfatosenoticias.com.br\/index.php\/author\/luzimara\/\"}]}<\/script>\n<!-- \/ Yoast SEO plugin. -->","yoast_head_json":{"title":"A import\u00e2ncia de votar hoje para n\u00e3o ser escravo amanh\u00e3 - Jornal Fatos e Not\u00edcias","robots":{"index":"index","follow":"follow","max-snippet":"max-snippet:-1","max-image-preview":"max-image-preview:large","max-video-preview":"max-video-preview:-1"},"canonical":"https:\/\/jornalfatosenoticias.com.br\/index.php\/2022\/08\/05\/a-importancia-de-votar-hoje-para-nao-ser-escravo-amanha\/","og_locale":"pt_BR","og_type":"article","og_title":"A import\u00e2ncia de votar hoje para n\u00e3o ser escravo amanh\u00e3 - Jornal Fatos e Not\u00edcias","og_description":"Perigos reais de hoje. Hist\u00f3ria de uma ideologia nefasta! Votar \u00e9 um direito, mas, sobretudo, um dever! Por Michel Brugnoli &#8220;Voc\u00ea conhecer\u00e1 a verdade e a verdade o libertar\u00e1&#8221;, Jo\u00e3o 8:32. Voc\u00ea pode se perguntar por que comecei a escrever minhas reflex\u00f5es com um vers\u00edculo da B\u00edblia, mas tamb\u00e9m poderia ter citado este outro vers\u00edculo: [&hellip;]","og_url":"https:\/\/jornalfatosenoticias.com.br\/index.php\/2022\/08\/05\/a-importancia-de-votar-hoje-para-nao-ser-escravo-amanha\/","og_site_name":"Jornal Fatos e Not\u00edcias","article_published_time":"2022-08-05T18:39:14+00:00","article_modified_time":"2022-08-05T18:39:16+00:00","og_image":[{"width":1000,"height":562,"url":"https:\/\/jornalfatosenoticias.com.br\/wp-content\/uploads\/2022\/08\/urna_importancia-do-voto.jpg","type":"image\/jpeg"}],"author":"Luzimara Fernandes","twitter_card":"summary_large_image","twitter_misc":{"Escrito por":"Luzimara Fernandes","Est. tempo de leitura":"15 minutos"},"schema":{"@context":"https:\/\/schema.org","@graph":[{"@type":"Article","@id":"https:\/\/jornalfatosenoticias.com.br\/index.php\/2022\/08\/05\/a-importancia-de-votar-hoje-para-nao-ser-escravo-amanha\/#article","isPartOf":{"@id":"https:\/\/jornalfatosenoticias.com.br\/index.php\/2022\/08\/05\/a-importancia-de-votar-hoje-para-nao-ser-escravo-amanha\/"},"author":{"name":"Luzimara Fernandes","@id":"https:\/\/jornalfatosenoticias.com.br\/#\/schema\/person\/d63837fa13ac8666eb9e74e0985d6f81"},"headline":"A import\u00e2ncia de votar hoje para n\u00e3o ser escravo amanh\u00e3","datePublished":"2022-08-05T18:39:14+00:00","dateModified":"2022-08-05T18:39:16+00:00","mainEntityOfPage":{"@id":"https:\/\/jornalfatosenoticias.com.br\/index.php\/2022\/08\/05\/a-importancia-de-votar-hoje-para-nao-ser-escravo-amanha\/"},"wordCount":3000,"commentCount":0,"publisher":{"@id":"https:\/\/jornalfatosenoticias.com.br\/#organization"},"image":{"@id":"https:\/\/jornalfatosenoticias.com.br\/index.php\/2022\/08\/05\/a-importancia-de-votar-hoje-para-nao-ser-escravo-amanha\/#primaryimage"},"thumbnailUrl":"https:\/\/jornalfatosenoticias.com.br\/wp-content\/uploads\/2022\/08\/urna_importancia-do-voto.jpg","keywords":["Brasil","elei\u00e7\u00e3o","partidos pol\u00edticos","pol\u00edtica","voto"],"articleSection":["Pol\u00edtica"],"inLanguage":"pt-BR","potentialAction":[{"@type":"CommentAction","name":"Comment","target":["https:\/\/jornalfatosenoticias.com.br\/index.php\/2022\/08\/05\/a-importancia-de-votar-hoje-para-nao-ser-escravo-amanha\/#respond"]}]},{"@type":"WebPage","@id":"https:\/\/jornalfatosenoticias.com.br\/index.php\/2022\/08\/05\/a-importancia-de-votar-hoje-para-nao-ser-escravo-amanha\/","url":"https:\/\/jornalfatosenoticias.com.br\/index.php\/2022\/08\/05\/a-importancia-de-votar-hoje-para-nao-ser-escravo-amanha\/","name":"A import\u00e2ncia de votar hoje para n\u00e3o ser escravo amanh\u00e3 - Jornal Fatos e Not\u00edcias","isPartOf":{"@id":"https:\/\/jornalfatosenoticias.com.br\/#website"},"primaryImageOfPage":{"@id":"https:\/\/jornalfatosenoticias.com.br\/index.php\/2022\/08\/05\/a-importancia-de-votar-hoje-para-nao-ser-escravo-amanha\/#primaryimage"},"image":{"@id":"https:\/\/jornalfatosenoticias.com.br\/index.php\/2022\/08\/05\/a-importancia-de-votar-hoje-para-nao-ser-escravo-amanha\/#primaryimage"},"thumbnailUrl":"https:\/\/jornalfatosenoticias.com.br\/wp-content\/uploads\/2022\/08\/urna_importancia-do-voto.jpg","datePublished":"2022-08-05T18:39:14+00:00","dateModified":"2022-08-05T18:39:16+00:00","breadcrumb":{"@id":"https:\/\/jornalfatosenoticias.com.br\/index.php\/2022\/08\/05\/a-importancia-de-votar-hoje-para-nao-ser-escravo-amanha\/#breadcrumb"},"inLanguage":"pt-BR","potentialAction":[{"@type":"ReadAction","target":["https:\/\/jornalfatosenoticias.com.br\/index.php\/2022\/08\/05\/a-importancia-de-votar-hoje-para-nao-ser-escravo-amanha\/"]}]},{"@type":"ImageObject","inLanguage":"pt-BR","@id":"https:\/\/jornalfatosenoticias.com.br\/index.php\/2022\/08\/05\/a-importancia-de-votar-hoje-para-nao-ser-escravo-amanha\/#primaryimage","url":"https:\/\/jornalfatosenoticias.com.br\/wp-content\/uploads\/2022\/08\/urna_importancia-do-voto.jpg","contentUrl":"https:\/\/jornalfatosenoticias.com.br\/wp-content\/uploads\/2022\/08\/urna_importancia-do-voto.jpg","width":1000,"height":562},{"@type":"BreadcrumbList","@id":"https:\/\/jornalfatosenoticias.com.br\/index.php\/2022\/08\/05\/a-importancia-de-votar-hoje-para-nao-ser-escravo-amanha\/#breadcrumb","itemListElement":[{"@type":"ListItem","position":1,"name":"In\u00edcio","item":"https:\/\/jornalfatosenoticias.com.br\/"},{"@type":"ListItem","position":2,"name":"A import\u00e2ncia de votar hoje para n\u00e3o ser escravo amanh\u00e3"}]},{"@type":"WebSite","@id":"https:\/\/jornalfatosenoticias.com.br\/#website","url":"https:\/\/jornalfatosenoticias.com.br\/","name":"Jornal Fatos e Not\u00edcias","description":"Not\u00edcias em geral","publisher":{"@id":"https:\/\/jornalfatosenoticias.com.br\/#organization"},"potentialAction":[{"@type":"SearchAction","target":{"@type":"EntryPoint","urlTemplate":"https:\/\/jornalfatosenoticias.com.br\/?s={search_term_string}"},"query-input":{"@type":"PropertyValueSpecification","valueRequired":true,"valueName":"search_term_string"}}],"inLanguage":"pt-BR"},{"@type":"Organization","@id":"https:\/\/jornalfatosenoticias.com.br\/#organization","name":"Jornal Fatos e Not\u00edcias","url":"https:\/\/jornalfatosenoticias.com.br\/","logo":{"@type":"ImageObject","inLanguage":"pt-BR","@id":"https:\/\/jornalfatosenoticias.com.br\/#\/schema\/logo\/image\/","url":"https:\/\/jornalfatosenoticias.com.br\/wp-content\/uploads\/2020\/02\/logo120.png","contentUrl":"https:\/\/jornalfatosenoticias.com.br\/wp-content\/uploads\/2020\/02\/logo120.png","width":1227,"height":120,"caption":"Jornal Fatos e Not\u00edcias"},"image":{"@id":"https:\/\/jornalfatosenoticias.com.br\/#\/schema\/logo\/image\/"}},{"@type":"Person","@id":"https:\/\/jornalfatosenoticias.com.br\/#\/schema\/person\/d63837fa13ac8666eb9e74e0985d6f81","name":"Luzimara Fernandes","image":{"@type":"ImageObject","inLanguage":"pt-BR","@id":"https:\/\/jornalfatosenoticias.com.br\/#\/schema\/person\/image\/","url":"https:\/\/jornalfatosenoticias.com.br\/wp-content\/uploads\/2025\/05\/EU_portal.jpg","contentUrl":"https:\/\/jornalfatosenoticias.com.br\/wp-content\/uploads\/2025\/05\/EU_portal.jpg","caption":"Luzimara Fernandes"},"description":"Jornalista MTB 2358-ES","sameAs":["https:\/\/jornalfatosenoticias.com.br"],"url":"https:\/\/jornalfatosenoticias.com.br\/index.php\/author\/luzimara\/"}]}},"cc_featured_image_caption":{"caption_text":"(Foto: Reprodu\u00e7\u00e3o internet)","source_text":"","source_url":""},"jetpack_featured_media_url":"https:\/\/jornalfatosenoticias.com.br\/wp-content\/uploads\/2022\/08\/urna_importancia-do-voto.jpg","_links":{"self":[{"href":"https:\/\/jornalfatosenoticias.com.br\/index.php\/wp-json\/wp\/v2\/posts\/32984","targetHints":{"allow":["GET"]}}],"collection":[{"href":"https:\/\/jornalfatosenoticias.com.br\/index.php\/wp-json\/wp\/v2\/posts"}],"about":[{"href":"https:\/\/jornalfatosenoticias.com.br\/index.php\/wp-json\/wp\/v2\/types\/post"}],"author":[{"embeddable":true,"href":"https:\/\/jornalfatosenoticias.com.br\/index.php\/wp-json\/wp\/v2\/users\/2"}],"replies":[{"embeddable":true,"href":"https:\/\/jornalfatosenoticias.com.br\/index.php\/wp-json\/wp\/v2\/comments?post=32984"}],"version-history":[{"count":0,"href":"https:\/\/jornalfatosenoticias.com.br\/index.php\/wp-json\/wp\/v2\/posts\/32984\/revisions"}],"wp:featuredmedia":[{"embeddable":true,"href":"https:\/\/jornalfatosenoticias.com.br\/index.php\/wp-json\/wp\/v2\/media\/32988"}],"wp:attachment":[{"href":"https:\/\/jornalfatosenoticias.com.br\/index.php\/wp-json\/wp\/v2\/media?parent=32984"}],"wp:term":[{"taxonomy":"category","embeddable":true,"href":"https:\/\/jornalfatosenoticias.com.br\/index.php\/wp-json\/wp\/v2\/categories?post=32984"},{"taxonomy":"post_tag","embeddable":true,"href":"https:\/\/jornalfatosenoticias.com.br\/index.php\/wp-json\/wp\/v2\/tags?post=32984"}],"curies":[{"name":"wp","href":"https:\/\/api.w.org\/{rel}","templated":true}]}}