{"id":3303,"date":"2020-04-16T15:41:44","date_gmt":"2020-04-16T18:41:44","guid":{"rendered":"https:\/\/jornalfatosenoticias.com.br\/?p=3303"},"modified":"2020-04-16T15:41:49","modified_gmt":"2020-04-16T18:41:49","slug":"e-isso-ai-planalto-tem-semana-movimentada","status":"publish","type":"post","link":"https:\/\/jornalfatosenoticias.com.br\/index.php\/2020\/04\/16\/e-isso-ai-planalto-tem-semana-movimentada\/","title":{"rendered":"\u00c9 Isso A\u00ed \u2014 Planalto tem semana movimentada"},"content":{"rendered":"\n<h6 class=\"wp-block-heading\"><em>Ala moderada do governo trabalha por nome t\u00e9cnico para ministro da Sa\u00fade<\/em><\/h6>\n\n\n\n<p>Meus amigos, estou de volta a este modesto blog depois de curtir alguns dias de f\u00e9rias. Mas, mesmo de longe, acompanhei com muita aten\u00e7\u00e3o a movimenta\u00e7\u00e3o pol\u00edtica no Planalto. E n\u00e3o creio que temos muitas novidades por l\u00e1 e, em \u00faltima an\u00e1lise, em todo o Pa\u00eds.<br>Sim, em se tratando das manobras palacianas, o que estamos vivenciando no momento \u00e9 a crise de ci\u00fame do nosso destemperado presidente em rela\u00e7\u00e3o ao ministro da Sa\u00fade, Luiz Henrique Mandetta que, quase diariamente, o vemos com colete do Sistema \u00danico de Sa\u00fade (SUS) e camisa branca arrega\u00e7ando as mangas. E sempre, depois de idas e vindas, afirmando que fica no cargo, enquanto vemos e ouvimos diversas &#8220;autoridades&#8221; e produtores de fake como o colega da Band, Jos\u00e9 Luiz Datena afirmando: \u201c\u2026 Tenho informa\u00e7\u00f5es fidedignas, seguras que, se o Mandetta n\u00e3o pedir demiss\u00e3o, o Bolsonaro vai dar um chute nele&#8221;. Gente, sinceramente eu nunca tinha visto isso antes, nestes meus 65 anos de jornalismo!<br>Depois do an\u00fancio do pedido de demiss\u00e3o do secret\u00e1rio de Vigil\u00e2ncia em Sa\u00fade, Wanderson de Oliveira, a avalia\u00e7\u00e3o dentro do governo \u00e9 que est\u00e1 praticamente definida a sa\u00edda do chefe dele, o ministro Luiz Henrique Mandetta.<br>Por isso, a ala moderada do governo, integrada por ministros militares e civis, trabalha para que, se confirmada a demiss\u00e3o de Mandetta, o substituto seja um nome t\u00e9cnico.<\/p>\n\n\n\n<figure class=\"wp-block-image size-large\"><img loading=\"lazy\" decoding=\"async\" width=\"1000\" height=\"562\" src=\"https:\/\/jornalfatosenoticias.com.br\/wp-content\/uploads\/2020\/04\/secretario-Wanderson-de-Oliveira.jpg\" alt=\"\" class=\"wp-image-3304\" srcset=\"https:\/\/jornalfatosenoticias.com.br\/wp-content\/uploads\/2020\/04\/secretario-Wanderson-de-Oliveira.jpg 1000w, https:\/\/jornalfatosenoticias.com.br\/wp-content\/uploads\/2020\/04\/secretario-Wanderson-de-Oliveira-300x169.jpg 300w, https:\/\/jornalfatosenoticias.com.br\/wp-content\/uploads\/2020\/04\/secretario-Wanderson-de-Oliveira-768x432.jpg 768w\" sizes=\"auto, (max-width: 1000px) 100vw, 1000px\" \/><figcaption><em>Secret\u00e1rio Wanderson de Oliveira, do Minist\u00e9rio da Sa\u00fade, pede demiss\u00e3o (Foto: G1 Bras\u00edlia)<\/em><\/figcaption><\/figure>\n\n\n\n<p>Na avalia\u00e7\u00e3o de integrantes dessa ala, Mandetta ficou em situa\u00e7\u00e3o insustent\u00e1vel na Esplanada dos Minist\u00e9rios depois de ter cobrado do presidente Jair Bolsonaro, em entrevista ao Fant\u00e1stico, uma unifica\u00e7\u00e3o no discurso do governo, sob o argumento de que a popula\u00e7\u00e3o n\u00e3o sabe se escuta o presidente ou o ministro da Sa\u00fade \u2013 Mandetta defendo um isolamento social amplo; Bolsonaro discorda e quer a retomada da atividade econ\u00f4mica.<br>As articula\u00e7\u00f5es de bastidores eram para que Mandetta n\u00e3o sa\u00edsse agora, mas apenas depois que o trabalho de combate ao coronav\u00edrus j\u00e1 estivesse bem encaminhado.<br>O presidente Jair Bolsonaro, do seu lado, preferia antecipar todo o processo de sa\u00edda do ministro da Sa\u00fade, mas gostaria que ele pedisse demiss\u00e3o, algo que Mandetta tem dito que n\u00e3o far\u00e1.<br>Nesta quarta-feira (15), com o an\u00fancio do pedido de demiss\u00e3o de Wanderson de Oliveira, que Mandetta tenta segurar pelo menos at\u00e9 que saia tamb\u00e9m, a avalia\u00e7\u00e3o dentro do Pal\u00e1cio do Planalto \u00e9 que a troca de guarda no Minist\u00e9rio da Sa\u00fade pode ser precipitada.<br>A ala moderada defende um nome t\u00e9cnico, que mantenha a pol\u00edtica de isolamento social, mas que comece a trabalhar com medidas futuras para a flexibiliza\u00e7\u00e3o do distanciamento social.<br>O nome preferido \u00e9 o do secret\u00e1rio-executivo, Jo\u00e3o Gabbardo, defensor da estrat\u00e9gia atual e homem de confian\u00e7a de Mandetta, mas que tem bom relacionamento com o ex-ministro Osmar Terra, com quem j\u00e1 trabalhou e que \u00e9 pr\u00f3ximo do presidente.<\/p>\n\n\n\n<figure class=\"wp-block-image size-large\"><img loading=\"lazy\" decoding=\"async\" width=\"1000\" height=\"562\" src=\"https:\/\/jornalfatosenoticias.com.br\/wp-content\/uploads\/2020\/04\/vildo-cruz.jpg\" alt=\"\" class=\"wp-image-3305\" srcset=\"https:\/\/jornalfatosenoticias.com.br\/wp-content\/uploads\/2020\/04\/vildo-cruz.jpg 1000w, https:\/\/jornalfatosenoticias.com.br\/wp-content\/uploads\/2020\/04\/vildo-cruz-300x169.jpg 300w, https:\/\/jornalfatosenoticias.com.br\/wp-content\/uploads\/2020\/04\/vildo-cruz-768x432.jpg 768w\" sizes=\"auto, (max-width: 1000px) 100vw, 1000px\" \/><figcaption><em>&#8216;Piorou muito o clima entre o Minist\u00e9rio da Sa\u00fade e o Pal\u00e1cio do Planalto&#8217;, diz Valdo Cruz (Foto: G1\/GloboNews)<\/em><\/figcaption><\/figure>\n\n\n\n<p>A ala ideol\u00f3gica do governo, por outro lado, trabalha para a indica\u00e7\u00e3o de um nome que j\u00e1 comece a adotar uma estrat\u00e9gia de sa\u00edda da pol\u00edtica de isolamento social. \u00c9 a posi\u00e7\u00e3o que agrada mais ao presidente. Mas Bolsonaro est\u00e1 sendo aconselhado por sua equipe mais pr\u00f3xima a n\u00e3o tomar esse caminho, devido ao risco de descontrole da epidemia de coronav\u00edrus.<\/p>\n\n\n\n<p><em><strong>Moral da hist\u00f3ria<\/strong> \u2014 Quer saber se uma pessoa \u00e9 sincera e honesta, d\u00ea-lhe um posto de comando!<\/em><\/p>\n\n\n\n<p><strong><em>\u00c9 Isso A\u00ed<\/em><\/strong><\/p>\n","protected":false},"excerpt":{"rendered":"<p>Ala moderada do governo trabalha por nome t\u00e9cnico para ministro da Sa\u00fade Meus amigos, estou de volta a este modesto blog depois de curtir alguns dias de f\u00e9rias. Mas, mesmo de longe, acompanhei com muita aten\u00e7\u00e3o a movimenta\u00e7\u00e3o pol\u00edtica no Planalto. E n\u00e3o creio que temos muitas novidades por l\u00e1 e, em \u00faltima an\u00e1lise, em [&hellip;]<\/p>\n","protected":false},"author":6,"featured_media":3306,"comment_status":"open","ping_status":"open","sticky":false,"template":"","format":"standard","meta":{"footnotes":""},"categories":[11],"tags":[1798,1596,1800,1540,1799,74],"class_list":["post-3303","post","type-post","status-publish","format-standard","has-post-thumbnail","hentry","category-saude","tag-crise-no-governo","tag-henrique-mandetta","tag-ministros","tag-pandemia-coronavirus","tag-planalto","tag-saude"],"yoast_head":"<!-- This site is optimized with the Yoast SEO plugin v26.5 - https:\/\/yoast.com\/wordpress\/plugins\/seo\/ -->\n<title>\u00c9 Isso A\u00ed \u2014 Planalto tem semana movimentada - Jornal Fatos e Not\u00edcias<\/title>\n<meta name=\"robots\" content=\"index, follow, max-snippet:-1, max-image-preview:large, max-video-preview:-1\" \/>\n<link rel=\"canonical\" href=\"https:\/\/jornalfatosenoticias.com.br\/index.php\/2020\/04\/16\/e-isso-ai-planalto-tem-semana-movimentada\/\" \/>\n<meta property=\"og:locale\" content=\"pt_BR\" \/>\n<meta property=\"og:type\" content=\"article\" \/>\n<meta property=\"og:title\" content=\"\u00c9 Isso A\u00ed \u2014 Planalto tem semana movimentada - Jornal Fatos e Not\u00edcias\" \/>\n<meta property=\"og:description\" content=\"Ala moderada do governo trabalha por nome t\u00e9cnico para ministro da Sa\u00fade Meus amigos, estou de volta a este modesto blog depois de curtir alguns dias de f\u00e9rias. Mas, mesmo de longe, acompanhei com muita aten\u00e7\u00e3o a movimenta\u00e7\u00e3o pol\u00edtica no Planalto. E n\u00e3o creio que temos muitas novidades por l\u00e1 e, em \u00faltima an\u00e1lise, em [&hellip;]\" \/>\n<meta property=\"og:url\" content=\"https:\/\/jornalfatosenoticias.com.br\/index.php\/2020\/04\/16\/e-isso-ai-planalto-tem-semana-movimentada\/\" \/>\n<meta property=\"og:site_name\" content=\"Jornal Fatos e Not\u00edcias\" \/>\n<meta property=\"article:published_time\" content=\"2020-04-16T18:41:44+00:00\" \/>\n<meta property=\"article:modified_time\" content=\"2020-04-16T18:41:49+00:00\" \/>\n<meta property=\"og:image\" content=\"https:\/\/jornalfatosenoticias.com.br\/wp-content\/uploads\/2020\/04\/mandetta.jpg\" \/>\n\t<meta property=\"og:image:width\" content=\"1000\" \/>\n\t<meta property=\"og:image:height\" content=\"562\" \/>\n\t<meta property=\"og:image:type\" content=\"image\/jpeg\" \/>\n<meta name=\"author\" content=\"Jorge Rodrigues Pacheco\" \/>\n<meta name=\"twitter:card\" content=\"summary_large_image\" \/>\n<meta name=\"twitter:label1\" content=\"Escrito por\" \/>\n\t<meta name=\"twitter:data1\" content=\"Jorge Rodrigues Pacheco\" \/>\n\t<meta name=\"twitter:label2\" content=\"Est. tempo de leitura\" \/>\n\t<meta name=\"twitter:data2\" content=\"3 minutos\" \/>\n<script type=\"application\/ld+json\" class=\"yoast-schema-graph\">{\"@context\":\"https:\/\/schema.org\",\"@graph\":[{\"@type\":\"Article\",\"@id\":\"https:\/\/jornalfatosenoticias.com.br\/index.php\/2020\/04\/16\/e-isso-ai-planalto-tem-semana-movimentada\/#article\",\"isPartOf\":{\"@id\":\"https:\/\/jornalfatosenoticias.com.br\/index.php\/2020\/04\/16\/e-isso-ai-planalto-tem-semana-movimentada\/\"},\"author\":{\"name\":\"Jorge Rodrigues Pacheco\",\"@id\":\"https:\/\/jornalfatosenoticias.com.br\/#\/schema\/person\/14f3ce803c6ccf68a7d8fd0ab749dbb4\"},\"headline\":\"\u00c9 Isso A\u00ed \u2014 Planalto tem semana movimentada\",\"datePublished\":\"2020-04-16T18:41:44+00:00\",\"dateModified\":\"2020-04-16T18:41:49+00:00\",\"mainEntityOfPage\":{\"@id\":\"https:\/\/jornalfatosenoticias.com.br\/index.php\/2020\/04\/16\/e-isso-ai-planalto-tem-semana-movimentada\/\"},\"wordCount\":657,\"commentCount\":0,\"publisher\":{\"@id\":\"https:\/\/jornalfatosenoticias.com.br\/#organization\"},\"image\":{\"@id\":\"https:\/\/jornalfatosenoticias.com.br\/index.php\/2020\/04\/16\/e-isso-ai-planalto-tem-semana-movimentada\/#primaryimage\"},\"thumbnailUrl\":\"https:\/\/jornalfatosenoticias.com.br\/wp-content\/uploads\/2020\/04\/mandetta.jpg\",\"keywords\":[\"Crise no governo\",\"Henrique Mandetta\",\"ministros\",\"pandemia coronav\u00edrus\",\"Planalto\",\"sa\u00fade\"],\"articleSection\":[\"Sa\u00fade\"],\"inLanguage\":\"pt-BR\",\"potentialAction\":[{\"@type\":\"CommentAction\",\"name\":\"Comment\",\"target\":[\"https:\/\/jornalfatosenoticias.com.br\/index.php\/2020\/04\/16\/e-isso-ai-planalto-tem-semana-movimentada\/#respond\"]}]},{\"@type\":\"WebPage\",\"@id\":\"https:\/\/jornalfatosenoticias.com.br\/index.php\/2020\/04\/16\/e-isso-ai-planalto-tem-semana-movimentada\/\",\"url\":\"https:\/\/jornalfatosenoticias.com.br\/index.php\/2020\/04\/16\/e-isso-ai-planalto-tem-semana-movimentada\/\",\"name\":\"\u00c9 Isso A\u00ed \u2014 Planalto tem semana movimentada - Jornal Fatos e Not\u00edcias\",\"isPartOf\":{\"@id\":\"https:\/\/jornalfatosenoticias.com.br\/#website\"},\"primaryImageOfPage\":{\"@id\":\"https:\/\/jornalfatosenoticias.com.br\/index.php\/2020\/04\/16\/e-isso-ai-planalto-tem-semana-movimentada\/#primaryimage\"},\"image\":{\"@id\":\"https:\/\/jornalfatosenoticias.com.br\/index.php\/2020\/04\/16\/e-isso-ai-planalto-tem-semana-movimentada\/#primaryimage\"},\"thumbnailUrl\":\"https:\/\/jornalfatosenoticias.com.br\/wp-content\/uploads\/2020\/04\/mandetta.jpg\",\"datePublished\":\"2020-04-16T18:41:44+00:00\",\"dateModified\":\"2020-04-16T18:41:49+00:00\",\"breadcrumb\":{\"@id\":\"https:\/\/jornalfatosenoticias.com.br\/index.php\/2020\/04\/16\/e-isso-ai-planalto-tem-semana-movimentada\/#breadcrumb\"},\"inLanguage\":\"pt-BR\",\"potentialAction\":[{\"@type\":\"ReadAction\",\"target\":[\"https:\/\/jornalfatosenoticias.com.br\/index.php\/2020\/04\/16\/e-isso-ai-planalto-tem-semana-movimentada\/\"]}]},{\"@type\":\"ImageObject\",\"inLanguage\":\"pt-BR\",\"@id\":\"https:\/\/jornalfatosenoticias.com.br\/index.php\/2020\/04\/16\/e-isso-ai-planalto-tem-semana-movimentada\/#primaryimage\",\"url\":\"https:\/\/jornalfatosenoticias.com.br\/wp-content\/uploads\/2020\/04\/mandetta.jpg\",\"contentUrl\":\"https:\/\/jornalfatosenoticias.com.br\/wp-content\/uploads\/2020\/04\/mandetta.jpg\",\"width\":1000,\"height\":562},{\"@type\":\"BreadcrumbList\",\"@id\":\"https:\/\/jornalfatosenoticias.com.br\/index.php\/2020\/04\/16\/e-isso-ai-planalto-tem-semana-movimentada\/#breadcrumb\",\"itemListElement\":[{\"@type\":\"ListItem\",\"position\":1,\"name\":\"In\u00edcio\",\"item\":\"https:\/\/jornalfatosenoticias.com.br\/\"},{\"@type\":\"ListItem\",\"position\":2,\"name\":\"\u00c9 Isso A\u00ed \u2014 Planalto tem semana movimentada\"}]},{\"@type\":\"WebSite\",\"@id\":\"https:\/\/jornalfatosenoticias.com.br\/#website\",\"url\":\"https:\/\/jornalfatosenoticias.com.br\/\",\"name\":\"Jornal Fatos e Not\u00edcias\",\"description\":\"Not\u00edcias em geral\",\"publisher\":{\"@id\":\"https:\/\/jornalfatosenoticias.com.br\/#organization\"},\"potentialAction\":[{\"@type\":\"SearchAction\",\"target\":{\"@type\":\"EntryPoint\",\"urlTemplate\":\"https:\/\/jornalfatosenoticias.com.br\/?s={search_term_string}\"},\"query-input\":{\"@type\":\"PropertyValueSpecification\",\"valueRequired\":true,\"valueName\":\"search_term_string\"}}],\"inLanguage\":\"pt-BR\"},{\"@type\":\"Organization\",\"@id\":\"https:\/\/jornalfatosenoticias.com.br\/#organization\",\"name\":\"Jornal Fatos e Not\u00edcias\",\"url\":\"https:\/\/jornalfatosenoticias.com.br\/\",\"logo\":{\"@type\":\"ImageObject\",\"inLanguage\":\"pt-BR\",\"@id\":\"https:\/\/jornalfatosenoticias.com.br\/#\/schema\/logo\/image\/\",\"url\":\"https:\/\/jornalfatosenoticias.com.br\/wp-content\/uploads\/2020\/02\/logo120.png\",\"contentUrl\":\"https:\/\/jornalfatosenoticias.com.br\/wp-content\/uploads\/2020\/02\/logo120.png\",\"width\":1227,\"height\":120,\"caption\":\"Jornal Fatos e Not\u00edcias\"},\"image\":{\"@id\":\"https:\/\/jornalfatosenoticias.com.br\/#\/schema\/logo\/image\/\"}},{\"@type\":\"Person\",\"@id\":\"https:\/\/jornalfatosenoticias.com.br\/#\/schema\/person\/14f3ce803c6ccf68a7d8fd0ab749dbb4\",\"name\":\"Jorge Rodrigues Pacheco\",\"image\":{\"@type\":\"ImageObject\",\"inLanguage\":\"pt-BR\",\"@id\":\"https:\/\/jornalfatosenoticias.com.br\/#\/schema\/person\/image\/\",\"url\":\"https:\/\/jornalfatosenoticias.com.br\/wp-content\/uploads\/2020\/02\/Pacheco-2-150x150.png\",\"contentUrl\":\"https:\/\/jornalfatosenoticias.com.br\/wp-content\/uploads\/2020\/02\/Pacheco-2-150x150.png\",\"caption\":\"Jorge Rodrigues Pacheco\"},\"description\":\"Analista pol\u00edtica Advogado, Jornalista e Radialista\",\"url\":\"https:\/\/jornalfatosenoticias.com.br\/index.php\/author\/jorge\/\"}]}<\/script>\n<!-- \/ Yoast SEO plugin. -->","yoast_head_json":{"title":"\u00c9 Isso A\u00ed \u2014 Planalto tem semana movimentada - Jornal Fatos e Not\u00edcias","robots":{"index":"index","follow":"follow","max-snippet":"max-snippet:-1","max-image-preview":"max-image-preview:large","max-video-preview":"max-video-preview:-1"},"canonical":"https:\/\/jornalfatosenoticias.com.br\/index.php\/2020\/04\/16\/e-isso-ai-planalto-tem-semana-movimentada\/","og_locale":"pt_BR","og_type":"article","og_title":"\u00c9 Isso A\u00ed \u2014 Planalto tem semana movimentada - Jornal Fatos e Not\u00edcias","og_description":"Ala moderada do governo trabalha por nome t\u00e9cnico para ministro da Sa\u00fade Meus amigos, estou de volta a este modesto blog depois de curtir alguns dias de f\u00e9rias. Mas, mesmo de longe, acompanhei com muita aten\u00e7\u00e3o a movimenta\u00e7\u00e3o pol\u00edtica no Planalto. E n\u00e3o creio que temos muitas novidades por l\u00e1 e, em \u00faltima an\u00e1lise, em [&hellip;]","og_url":"https:\/\/jornalfatosenoticias.com.br\/index.php\/2020\/04\/16\/e-isso-ai-planalto-tem-semana-movimentada\/","og_site_name":"Jornal Fatos e Not\u00edcias","article_published_time":"2020-04-16T18:41:44+00:00","article_modified_time":"2020-04-16T18:41:49+00:00","og_image":[{"width":1000,"height":562,"url":"https:\/\/jornalfatosenoticias.com.br\/wp-content\/uploads\/2020\/04\/mandetta.jpg","type":"image\/jpeg"}],"author":"Jorge Rodrigues Pacheco","twitter_card":"summary_large_image","twitter_misc":{"Escrito por":"Jorge Rodrigues Pacheco","Est. tempo de leitura":"3 minutos"},"schema":{"@context":"https:\/\/schema.org","@graph":[{"@type":"Article","@id":"https:\/\/jornalfatosenoticias.com.br\/index.php\/2020\/04\/16\/e-isso-ai-planalto-tem-semana-movimentada\/#article","isPartOf":{"@id":"https:\/\/jornalfatosenoticias.com.br\/index.php\/2020\/04\/16\/e-isso-ai-planalto-tem-semana-movimentada\/"},"author":{"name":"Jorge Rodrigues Pacheco","@id":"https:\/\/jornalfatosenoticias.com.br\/#\/schema\/person\/14f3ce803c6ccf68a7d8fd0ab749dbb4"},"headline":"\u00c9 Isso A\u00ed \u2014 Planalto tem semana movimentada","datePublished":"2020-04-16T18:41:44+00:00","dateModified":"2020-04-16T18:41:49+00:00","mainEntityOfPage":{"@id":"https:\/\/jornalfatosenoticias.com.br\/index.php\/2020\/04\/16\/e-isso-ai-planalto-tem-semana-movimentada\/"},"wordCount":657,"commentCount":0,"publisher":{"@id":"https:\/\/jornalfatosenoticias.com.br\/#organization"},"image":{"@id":"https:\/\/jornalfatosenoticias.com.br\/index.php\/2020\/04\/16\/e-isso-ai-planalto-tem-semana-movimentada\/#primaryimage"},"thumbnailUrl":"https:\/\/jornalfatosenoticias.com.br\/wp-content\/uploads\/2020\/04\/mandetta.jpg","keywords":["Crise no governo","Henrique Mandetta","ministros","pandemia coronav\u00edrus","Planalto","sa\u00fade"],"articleSection":["Sa\u00fade"],"inLanguage":"pt-BR","potentialAction":[{"@type":"CommentAction","name":"Comment","target":["https:\/\/jornalfatosenoticias.com.br\/index.php\/2020\/04\/16\/e-isso-ai-planalto-tem-semana-movimentada\/#respond"]}]},{"@type":"WebPage","@id":"https:\/\/jornalfatosenoticias.com.br\/index.php\/2020\/04\/16\/e-isso-ai-planalto-tem-semana-movimentada\/","url":"https:\/\/jornalfatosenoticias.com.br\/index.php\/2020\/04\/16\/e-isso-ai-planalto-tem-semana-movimentada\/","name":"\u00c9 Isso A\u00ed \u2014 Planalto tem semana movimentada - Jornal Fatos e Not\u00edcias","isPartOf":{"@id":"https:\/\/jornalfatosenoticias.com.br\/#website"},"primaryImageOfPage":{"@id":"https:\/\/jornalfatosenoticias.com.br\/index.php\/2020\/04\/16\/e-isso-ai-planalto-tem-semana-movimentada\/#primaryimage"},"image":{"@id":"https:\/\/jornalfatosenoticias.com.br\/index.php\/2020\/04\/16\/e-isso-ai-planalto-tem-semana-movimentada\/#primaryimage"},"thumbnailUrl":"https:\/\/jornalfatosenoticias.com.br\/wp-content\/uploads\/2020\/04\/mandetta.jpg","datePublished":"2020-04-16T18:41:44+00:00","dateModified":"2020-04-16T18:41:49+00:00","breadcrumb":{"@id":"https:\/\/jornalfatosenoticias.com.br\/index.php\/2020\/04\/16\/e-isso-ai-planalto-tem-semana-movimentada\/#breadcrumb"},"inLanguage":"pt-BR","potentialAction":[{"@type":"ReadAction","target":["https:\/\/jornalfatosenoticias.com.br\/index.php\/2020\/04\/16\/e-isso-ai-planalto-tem-semana-movimentada\/"]}]},{"@type":"ImageObject","inLanguage":"pt-BR","@id":"https:\/\/jornalfatosenoticias.com.br\/index.php\/2020\/04\/16\/e-isso-ai-planalto-tem-semana-movimentada\/#primaryimage","url":"https:\/\/jornalfatosenoticias.com.br\/wp-content\/uploads\/2020\/04\/mandetta.jpg","contentUrl":"https:\/\/jornalfatosenoticias.com.br\/wp-content\/uploads\/2020\/04\/mandetta.jpg","width":1000,"height":562},{"@type":"BreadcrumbList","@id":"https:\/\/jornalfatosenoticias.com.br\/index.php\/2020\/04\/16\/e-isso-ai-planalto-tem-semana-movimentada\/#breadcrumb","itemListElement":[{"@type":"ListItem","position":1,"name":"In\u00edcio","item":"https:\/\/jornalfatosenoticias.com.br\/"},{"@type":"ListItem","position":2,"name":"\u00c9 Isso A\u00ed \u2014 Planalto tem semana movimentada"}]},{"@type":"WebSite","@id":"https:\/\/jornalfatosenoticias.com.br\/#website","url":"https:\/\/jornalfatosenoticias.com.br\/","name":"Jornal Fatos e Not\u00edcias","description":"Not\u00edcias em geral","publisher":{"@id":"https:\/\/jornalfatosenoticias.com.br\/#organization"},"potentialAction":[{"@type":"SearchAction","target":{"@type":"EntryPoint","urlTemplate":"https:\/\/jornalfatosenoticias.com.br\/?s={search_term_string}"},"query-input":{"@type":"PropertyValueSpecification","valueRequired":true,"valueName":"search_term_string"}}],"inLanguage":"pt-BR"},{"@type":"Organization","@id":"https:\/\/jornalfatosenoticias.com.br\/#organization","name":"Jornal Fatos e Not\u00edcias","url":"https:\/\/jornalfatosenoticias.com.br\/","logo":{"@type":"ImageObject","inLanguage":"pt-BR","@id":"https:\/\/jornalfatosenoticias.com.br\/#\/schema\/logo\/image\/","url":"https:\/\/jornalfatosenoticias.com.br\/wp-content\/uploads\/2020\/02\/logo120.png","contentUrl":"https:\/\/jornalfatosenoticias.com.br\/wp-content\/uploads\/2020\/02\/logo120.png","width":1227,"height":120,"caption":"Jornal Fatos e Not\u00edcias"},"image":{"@id":"https:\/\/jornalfatosenoticias.com.br\/#\/schema\/logo\/image\/"}},{"@type":"Person","@id":"https:\/\/jornalfatosenoticias.com.br\/#\/schema\/person\/14f3ce803c6ccf68a7d8fd0ab749dbb4","name":"Jorge Rodrigues Pacheco","image":{"@type":"ImageObject","inLanguage":"pt-BR","@id":"https:\/\/jornalfatosenoticias.com.br\/#\/schema\/person\/image\/","url":"https:\/\/jornalfatosenoticias.com.br\/wp-content\/uploads\/2020\/02\/Pacheco-2-150x150.png","contentUrl":"https:\/\/jornalfatosenoticias.com.br\/wp-content\/uploads\/2020\/02\/Pacheco-2-150x150.png","caption":"Jorge Rodrigues Pacheco"},"description":"Analista pol\u00edtica Advogado, Jornalista e Radialista","url":"https:\/\/jornalfatosenoticias.com.br\/index.php\/author\/jorge\/"}]}},"cc_featured_image_caption":{"caption_text":"Ministro da Sa\u00fade, Henrique Mandetta","source_text":"","source_url":""},"jetpack_featured_media_url":"https:\/\/jornalfatosenoticias.com.br\/wp-content\/uploads\/2020\/04\/mandetta.jpg","_links":{"self":[{"href":"https:\/\/jornalfatosenoticias.com.br\/index.php\/wp-json\/wp\/v2\/posts\/3303","targetHints":{"allow":["GET"]}}],"collection":[{"href":"https:\/\/jornalfatosenoticias.com.br\/index.php\/wp-json\/wp\/v2\/posts"}],"about":[{"href":"https:\/\/jornalfatosenoticias.com.br\/index.php\/wp-json\/wp\/v2\/types\/post"}],"author":[{"embeddable":true,"href":"https:\/\/jornalfatosenoticias.com.br\/index.php\/wp-json\/wp\/v2\/users\/6"}],"replies":[{"embeddable":true,"href":"https:\/\/jornalfatosenoticias.com.br\/index.php\/wp-json\/wp\/v2\/comments?post=3303"}],"version-history":[{"count":0,"href":"https:\/\/jornalfatosenoticias.com.br\/index.php\/wp-json\/wp\/v2\/posts\/3303\/revisions"}],"wp:featuredmedia":[{"embeddable":true,"href":"https:\/\/jornalfatosenoticias.com.br\/index.php\/wp-json\/wp\/v2\/media\/3306"}],"wp:attachment":[{"href":"https:\/\/jornalfatosenoticias.com.br\/index.php\/wp-json\/wp\/v2\/media?parent=3303"}],"wp:term":[{"taxonomy":"category","embeddable":true,"href":"https:\/\/jornalfatosenoticias.com.br\/index.php\/wp-json\/wp\/v2\/categories?post=3303"},{"taxonomy":"post_tag","embeddable":true,"href":"https:\/\/jornalfatosenoticias.com.br\/index.php\/wp-json\/wp\/v2\/tags?post=3303"}],"curies":[{"name":"wp","href":"https:\/\/api.w.org\/{rel}","templated":true}]}}