{"id":33039,"date":"2022-08-10T09:44:02","date_gmt":"2022-08-10T12:44:02","guid":{"rendered":"https:\/\/jornalfatosenoticias.com.br\/?p=33039"},"modified":"2022-08-10T09:44:06","modified_gmt":"2022-08-10T12:44:06","slug":"violencia-e-criminalidade-perda-do-fio-da-meada-parte-6","status":"publish","type":"post","link":"https:\/\/jornalfatosenoticias.com.br\/index.php\/2022\/08\/10\/violencia-e-criminalidade-perda-do-fio-da-meada-parte-6\/","title":{"rendered":"Viol\u00eancia e criminalidade: Perda do \u201cfio da meada\u201d \u2014 Parte 6"},"content":{"rendered":"\n<p><em><span class=\"has-inline-color has-black-color\">A viol\u00eancia, a criminalidade, o seu avan\u00e7o descontrolado em nosso Estado, como de resto no Brasil, n\u00e3o decorre de \u201cgera\u00e7\u00e3o espont\u00e2nea\u201d. Foi gestado ao longo de anos, de d\u00e9cadas. H\u00e1 um imenso d\u00e9ficit social<\/span><\/em><\/p>\n\n\n\n<p><em><span class=\"has-inline-color has-luminous-vivid-orange-color\"><strong>Coluna\u00a0<\/strong>\u2014\u00a0<strong>Caf\u00e9 Coado,<\/strong>\u00a0com Jos\u00e9 Nivaldo Campos Vieira<\/span><\/em><\/p>\n\n\n\n<div class=\"wp-block-image\"><figure class=\"aligncenter size-large\"><img loading=\"lazy\" decoding=\"async\" width=\"1024\" height=\"103\" src=\"https:\/\/jornalfatosenoticias.com.br\/wp-content\/uploads\/2022\/02\/Arte-Autoescola-Galatas_endereco_portal-1024x103.png\" alt=\"\" class=\"wp-image-27869\" srcset=\"https:\/\/jornalfatosenoticias.com.br\/wp-content\/uploads\/2022\/02\/Arte-Autoescola-Galatas_endereco_portal-1024x103.png 1024w, https:\/\/jornalfatosenoticias.com.br\/wp-content\/uploads\/2022\/02\/Arte-Autoescola-Galatas_endereco_portal-300x30.png 300w, https:\/\/jornalfatosenoticias.com.br\/wp-content\/uploads\/2022\/02\/Arte-Autoescola-Galatas_endereco_portal-768x77.png 768w, https:\/\/jornalfatosenoticias.com.br\/wp-content\/uploads\/2022\/02\/Arte-Autoescola-Galatas_endereco_portal.png 1223w\" sizes=\"auto, (max-width: 1024px) 100vw, 1024px\" \/><\/figure><\/div>\n\n\n\n<p>Continuemos nossa caminhada na busca da compreens\u00e3o do fen\u00f4meno viol\u00eancia e criminalidade, tema que tira o sossego, a paz, a tranquilidade, e massacra milhares de vidas em nosso Pa\u00eds. Tentamos focar, na sequ\u00eancia dos artigos, aspectos espec\u00edficos em rela\u00e7\u00e3o ao Estado do Esp\u00edrito Santo. No anterior (Parte 5), destacamos efeitos sociais danosos em rela\u00e7\u00e3o ao movimento galopante do poderoso \u201ctear\u201d, respons\u00e1vel pela fabrica\u00e7\u00e3o do \u201ctecido social\u201d em fun\u00e7\u00e3o da mudan\u00e7a brusca da matriz econ\u00f4mica Capixaba.<br>Na d\u00e9cada de 60, a erradica\u00e7\u00e3o de parte significativa da lavoura cafeeira causa severa altera\u00e7\u00e3o no modelo econ\u00f4mico do Estado do Esp\u00edrito Santo, provocando migra\u00e7\u00e3o, em massa, do campo para a cidade. Teve v\u00e1rias consequ\u00eancias, positivas e negativas. Destacamos, em rela\u00e7\u00e3o \u00e0s negativas, a de cunho social: foi respons\u00e1vel pelo surgimento de milhares de \u201cfios de medas\u201d soltos, desprendidos do pujante \u201ctear\u201d. O produto advindo deste, o \u201ctecido social\u201d produzido pelo \u201ctear\u201d possu\u00eda fortes componentes comprometedores. Faltavam nele muitos \u201cfios\u201d.<\/p>\n\n\n\n<div class=\"wp-block-image\"><figure class=\"aligncenter size-large\"><img loading=\"lazy\" decoding=\"async\" width=\"1024\" height=\"100\" src=\"https:\/\/jornalfatosenoticias.com.br\/wp-content\/uploads\/2022\/05\/NOVA-LOGO-CESCONETTO-1024x100.jpg\" alt=\"\" class=\"wp-image-30792\" srcset=\"https:\/\/jornalfatosenoticias.com.br\/wp-content\/uploads\/2022\/05\/NOVA-LOGO-CESCONETTO-1024x100.jpg 1024w, https:\/\/jornalfatosenoticias.com.br\/wp-content\/uploads\/2022\/05\/NOVA-LOGO-CESCONETTO-300x29.jpg 300w, https:\/\/jornalfatosenoticias.com.br\/wp-content\/uploads\/2022\/05\/NOVA-LOGO-CESCONETTO-768x75.jpg 768w, https:\/\/jornalfatosenoticias.com.br\/wp-content\/uploads\/2022\/05\/NOVA-LOGO-CESCONETTO.jpg 1280w\" sizes=\"auto, (max-width: 1024px) 100vw, 1024px\" \/><\/figure><\/div>\n\n\n\n<p>Neste cap\u00edtulo, iniciemos nossa caminhada ingressando na d\u00e9cada de 70. Brasil, Pa\u00eds do futebol. Depois de ter vencido duas vezes a copa do mundo (1958 e 1962), em 1970, a \u201csele\u00e7\u00e3o canarinho\u201d sagrou-se tricampe\u00e3 do mundo. Torn\u00e1vamos tri, feito, at\u00e9 ent\u00e3o, inigual\u00e1vel na hist\u00f3ria das copas do mundo de futebol.<\/p>\n\n\n\n<figure class=\"wp-block-image size-large\"><img loading=\"lazy\" decoding=\"async\" width=\"1000\" height=\"732\" src=\"https:\/\/jornalfatosenoticias.com.br\/wp-content\/uploads\/2022\/08\/COPA-70.jpg\" alt=\"\" class=\"wp-image-33040\" srcset=\"https:\/\/jornalfatosenoticias.com.br\/wp-content\/uploads\/2022\/08\/COPA-70.jpg 1000w, https:\/\/jornalfatosenoticias.com.br\/wp-content\/uploads\/2022\/08\/COPA-70-300x220.jpg 300w, https:\/\/jornalfatosenoticias.com.br\/wp-content\/uploads\/2022\/08\/COPA-70-768x562.jpg 768w\" sizes=\"auto, (max-width: 1000px) 100vw, 1000px\" \/><figcaption><em><span class=\"has-inline-color has-black-color\">Na Copa do Mundo de 70, no M\u00e9xico, a Sele\u00e7\u00e3o conquistou o tri e trouxe para a casa a Ta\u00e7a Jules Rimet (Foto: Arquivo\/Ag\u00eancia O Globo)<\/span><\/em><\/figcaption><\/figure>\n\n\n\n<div class=\"wp-block-image\"><figure class=\"alignright size-large is-resized\"><img loading=\"lazy\" decoding=\"async\" src=\"https:\/\/jornalfatosenoticias.com.br\/wp-content\/uploads\/2022\/02\/Precisao-Contabilidade-1024x724.jpg\" alt=\"\" class=\"wp-image-28088\" width=\"308\" height=\"217\"\/><\/figure><\/div>\n\n\n\n<p>O censo de 70 indicava que a popula\u00e7\u00e3o brasileira era de 90 milh\u00f5es. Como na m\u00fasica tema alusiva ao evento, eram \u201cnoventa milh\u00f5es em a\u00e7\u00e3o\u201d que impulsionaram \u201cpra frente o Brasil\u201d do cora\u00e7\u00e3o de cada um. E, assim, na copa de 70, \u201ctodos juntos\u201d, os 90 milh\u00f5es de brasileiros, foram concitados a salvar (dar salvas, saudar) a \u201csele\u00e7\u00e3o\u201d brasileira de futebol.<br>\u201cDe repente\u201d, formou-se \u201caquela corrente pra frente\u201d, parecendo \u201cque todo o Brasil\u201d, que cada um dos brasileiros, tinha se dado as m\u00e3os, formando uma corrente \u00fanica, \u201ctodos ligados na mesma emo\u00e7\u00e3o\u201d, todos em \u201cum s\u00f3 cora\u00e7\u00e3o\u201d.<br>Com tanta energia, com tanta vontade, com tanto empenho, com tanta disposi\u00e7\u00e3o, com tanto desejo, com tanta uni\u00e3o, o resultado n\u00e3o poderia ter sido outro: ganhamos a copa do mundo. O \u201ccaneco\u201d era nosso. Conquistamos, de forma definitiva, a ta\u00e7a \u201cJules Rimet\u201d. Lamentavelmente n\u00e3o ficamos muito tempo com ela. Em 1983, foi roubada da sede da CBF. Os criminosos a derreteram, para subtrair do valoroso trof\u00e9u os quase dois quilos de ouro que faziam parte da sua estrutura.<\/p>\n\n\n\n<div class=\"wp-block-image\"><figure class=\"aligncenter size-large is-resized\"><img loading=\"lazy\" decoding=\"async\" src=\"https:\/\/jornalfatosenoticias.com.br\/wp-content\/uploads\/2022\/07\/Logo-Grupo-SEI.jpg\" alt=\"\" class=\"wp-image-31973\" width=\"430\" height=\"226\" srcset=\"https:\/\/jornalfatosenoticias.com.br\/wp-content\/uploads\/2022\/07\/Logo-Grupo-SEI.jpg 713w, https:\/\/jornalfatosenoticias.com.br\/wp-content\/uploads\/2022\/07\/Logo-Grupo-SEI-300x158.jpg 300w\" sizes=\"auto, (max-width: 430px) 100vw, 430px\" \/><\/figure><\/div>\n\n\n\n<p>Para que a introdu\u00e7\u00e3o acima tenha sentido, merece aqui um aclaramento. Nela, quero dizer que sim, somos capazes de (frente a um grande desafio), nos unirmos, irmanarmos, unir nossos cora\u00e7\u00f5es, nossas emo\u00e7\u00f5es, nossas vontades, em prol de uma causa, quando entendemos ser ela importante.<br>Ora, a paz social, a seguran\u00e7a p\u00fablica, o bem-estar social, de forma inquestion\u00e1vel, \u00e9 uma grande causa. O desafio pelo restabelecimento da ordem p\u00fablica, da paz social (restabelecimento, porque j\u00e1 foi assim), como j\u00e1 dissemos em artigo anterior, \u00e9 um problema de TODOS N\u00d3S. Agora n\u00e3o mais os 90 milh\u00f5es da d\u00e9cada de 70. Somos hoje mais, muitos mais, mais. Segundo proje\u00e7\u00e3o do IBGE, somos mais de 214 milh\u00f5es.<\/p>\n\n\n\n<div class=\"wp-block-image\"><figure class=\"aligncenter size-large is-resized\"><img loading=\"lazy\" decoding=\"async\" src=\"https:\/\/jornalfatosenoticias.com.br\/wp-content\/uploads\/2022\/06\/Casaruo1024_1.jpg\" alt=\"\" class=\"wp-image-31042\" width=\"463\" height=\"252\"\/><\/figure><\/div>\n\n\n\n<p>Unamo-nos todos em prol de uma causa que \u00e9 de TODOS N\u00d3S. Enquanto ficarmos procurando UM ou ALGUNS culpados a coisa continuar\u00e1 complicada, e, lamentavelmente, a solu\u00e7\u00e3o tardar\u00e1, ou, vir\u00e1 em parte, ou n\u00e3o vir\u00e1. Governos em todas as esferas (federal, estaduais e municipais), poderes constitu\u00eddos (legislativos, executivos e judici\u00e1rios), integrantes de partidos pol\u00edticos (de oposi\u00e7\u00e3o, de situa\u00e7\u00e3o, de nem oposi\u00e7\u00e3o e nem situa\u00e7\u00e3o, de direita, de esquerda, de centro, ou n\u00e3o alinhados), igrejas (de todos os cultos e credos), sindicatos e demais entidades classistas (de todas as categorias profissionais, patronais ou laborais, p\u00fablicas ou privadas), estudantes, profissionais de todas as categorias, sociedade civil organizada, sociedade civil pouco ou nada organizada, enfim, TODOS N\u00d3S. Formemos uma grande corrente: 214 milh\u00f5es em a\u00e7\u00e3o. Pra frente Brasil. Pela paz social. Pelo controle da viol\u00eancia e da criminalidade.<\/p>\n\n\n\n<div class=\"wp-block-image\"><figure class=\"aligncenter size-large is-resized\"><img loading=\"lazy\" decoding=\"async\" src=\"https:\/\/jornalfatosenoticias.com.br\/wp-content\/uploads\/2022\/03\/logo-Suinco-1024x390.jpg\" alt=\"\" class=\"wp-image-28785\" width=\"438\" height=\"166\"\/><\/figure><\/div>\n\n\n\n<figure class=\"wp-block-image size-large\"><img loading=\"lazy\" decoding=\"async\" width=\"1000\" height=\"564\" src=\"https:\/\/jornalfatosenoticias.com.br\/wp-content\/uploads\/2022\/08\/PERIFERIA_Fernando-Frazao-Agencia-Brasil.jpg\" alt=\"\" class=\"wp-image-33041\" srcset=\"https:\/\/jornalfatosenoticias.com.br\/wp-content\/uploads\/2022\/08\/PERIFERIA_Fernando-Frazao-Agencia-Brasil.jpg 1000w, https:\/\/jornalfatosenoticias.com.br\/wp-content\/uploads\/2022\/08\/PERIFERIA_Fernando-Frazao-Agencia-Brasil-300x169.jpg 300w, https:\/\/jornalfatosenoticias.com.br\/wp-content\/uploads\/2022\/08\/PERIFERIA_Fernando-Frazao-Agencia-Brasil-768x433.jpg 768w\" sizes=\"auto, (max-width: 1000px) 100vw, 1000px\" \/><figcaption><em><span class=\"has-inline-color has-black-color\">Sem op\u00e7\u00f5es seguras de moradia, as fam\u00edlias que por aqui chegaram constru\u00edram em \u00e1reas perif\u00e9ricas e de forma improvisada (Foto: Fenando Fraz\u00e3o\/Ag\u00eancia Brasil)<\/span><\/em><\/figcaption><\/figure>\n\n\n\n<p>Retornemos ao contexto hist\u00f3rico, seguindo a nossa cronologia de fatos. Na d\u00e9cada de 70, vivia-se no mundo o auge da guerra fria, sobressaltado com a exacerba\u00e7\u00e3o das rusgas evolvendo as duas superpot\u00eancias de ent\u00e3o (EUA e ex-URSS), e como j\u00e1 disse em cap\u00edtulo anterior, com an\u00fancios e arroubos de que poderiam destruir o planeta terra (uma, duas, tr\u00eas, \u2026 v\u00e1rias vezes). Tema recorrente.<br>Na Am\u00e9rica Latina, tamb\u00e9m em decorr\u00eancia da Guerra Fria, a d\u00e9cada de 70 \u00e9 marcada por uma sequ\u00eancia de mudan\u00e7as bruscas de governos, iniciadas, principalmente, na d\u00e9cada de 60. Aqui fa\u00e7o um esclarecimento. Dependendo do enfoque ideol\u00f3gico de cada um (aspecto que, como j\u00e1 dito anteriormente, n\u00e3o trataremos aqui, pois nossa abordagem tem outra finalidade), as mudan\u00e7as foram\/s\u00e3o denominadas de \u201crevolu\u00e7\u00f5es\u201d, \u201cgolpes de estado\u201d, \u201cditaduras\u201d. Dentro do nosso objetivo, de forma gen\u00e9rica, as denominaremos de \u201cgovernos de exce\u00e7\u00e3o\u201d.<br>A Nicar\u00e1gua (governada por Somoza, desde 1936) e o Paraguai (General Stroessner, desde 1954), ingressam na d\u00e9cada de 60 com \u201cgovernos de exce\u00e7\u00e3o\u201d. Cuba tamb\u00e9m. O pa\u00eds, que j\u00e1 estava sob a \u00e9gide de um \u201cgoverno de exce\u00e7\u00e3o\u201d (Fulg\u00eancio Batista, desde 1934), \u00e9 substitu\u00eddo por outro \u201cgoverno de exce\u00e7\u00e3o\u201d em 1959. Neste ano, Fidel Castro assume o poder em Cuba e o exerce at\u00e9 2008, quando \u00e9 substitu\u00eddo por seu irm\u00e3o Raul Castro. Somam-se aos tr\u00eas, nas d\u00e9cadas de 60\/70, outros \u201cgovernos de exce\u00e7\u00e3o\u201d: Brasil (1964), Bol\u00edvia (1964), Haiti (1964), Rep\u00fablica Dominicana (1965), Peru (1968), Equador (1972), Chile (1973), Uruguai (1973) Argentina (1976) e Nicar\u00e1gua (1979).<\/p>\n\n\n\n<div class=\"wp-block-image\"><figure class=\"aligncenter size-large is-resized\"><img loading=\"lazy\" decoding=\"async\" src=\"https:\/\/jornalfatosenoticias.com.br\/wp-content\/uploads\/2020\/02\/Serra-Grande-1024x160.png\" alt=\"\" class=\"wp-image-7836\" width=\"510\" height=\"79\"\/><\/figure><\/div>\n\n\n\n<p>Independente de ideologia ou alinhamento em rela\u00e7\u00e3o \u00e0s superpot\u00eancias (se de direita, aliados, apoiados ou financiados pelos EUA; ou de esquerda, aliados, apoiados ou financiados pela extinta URSS), os \u201cgovernos de exce\u00e7\u00e3o\u201d tiveram pontos comuns: (i) restri\u00e7\u00f5es de direitos e garantias individuais, (ii) restri\u00e7\u00f5es de liberdades; e (iii) foram marcadas pela presen\u00e7a de for\u00e7as militares e\/ou paramilitares.<br>A Guerra Fria provocou no mundo (e os \u201cgovernos de exce\u00e7\u00e3o\u201d provocaram na Am\u00e9rica Latina de forma geral e, no Brasil, no nosso caso, de forma especial), significativas modifica\u00e7\u00f5es de ordem sociopol\u00edtica e econ\u00f4mica. Aqui, no Brasil, com a edi\u00e7\u00e3o, em 1968, do Ato Institucional n\u00ba 5, vivia-se o acirramento das a\u00e7\u00f5es do \u201cgoverno de exce\u00e7\u00e3o\u201d. Nesta \u00e9poca, pouco (ou nada) se tratava da quest\u00e3o da defesa social (e, no contexto desta, o tema seguran\u00e7a p\u00fablica). N\u00e3o constitu\u00eda, de forma consistente, agenda, pauta, preocupa\u00e7\u00e3o dos governos, e nem da sociedade em geral. O foco, nesta \u00e9poca era a defesa interna (seguran\u00e7a nacional), com a preocupa\u00e7\u00e3o centrada no inimigo \u201cexterno\u201d (embate ideol\u00f3gico).<\/p>\n\n\n\n<div class=\"wp-block-image\"><figure class=\"alignright size-large is-resized\"><img loading=\"lazy\" decoding=\"async\" src=\"https:\/\/jornalfatosenoticias.com.br\/wp-content\/uploads\/2020\/02\/nova-logo-Marquetti.jpg\" alt=\"\" class=\"wp-image-22331\" width=\"312\" height=\"209\" srcset=\"https:\/\/jornalfatosenoticias.com.br\/wp-content\/uploads\/2020\/02\/nova-logo-Marquetti.jpg 643w, https:\/\/jornalfatosenoticias.com.br\/wp-content\/uploads\/2020\/02\/nova-logo-Marquetti-300x202.jpg 300w\" sizes=\"auto, (max-width: 312px) 100vw, 312px\" \/><\/figure><\/div>\n\n\n\n<p>Assim, naquele per\u00edodo, a preocupa\u00e7\u00e3o era ser v\u00edtima das armas at\u00f4micas das superpot\u00eancias, caso elas resolvessem deton\u00e1-las. Era tamb\u00e9m poss\u00edvel ser v\u00edtima em decorr\u00eancias dos conflitos ideol\u00f3gicos que travavam as for\u00e7as governamentais e os segmentos pol\u00edticos que a elas se contrapunham (com perda da liberdade, perda da cidadania e condena\u00e7\u00e3o ao exilio, perda do direito de ir e vir, ou at\u00e9, dependendo da situa\u00e7\u00e3o, perda da vida), mas seguramente era dif\u00edcil ser v\u00edtima da viol\u00eancia provocada pela criminalidade (urbana ou rural), pois esta era pontual, pouco, muito pouco significativa.<br>Sigamos agora nossa caminhada dentro do objetivo proposta na sequ\u00eancia de artigos. A vida continuava nas terras de Ortiz, onde parte significativa dos \u201cnoventa milh\u00f5es em a\u00e7\u00e3o\u201d que impulsionavam \u201cpra frente o Brasil\u201d na busca do t\u00edtulo mundial de futebol, havia sido retirado do meio rural e, como \u201cfios de meadas\u201d desprendidos do gigantesco \u201ctear\u201d social, lutava, da forma como podia, para continuar vivendo, ou quem sabe, sobrevivendo. Como j\u00e1 dito em artigo anterior, Vila velha e Cariacica foram os munic\u00edpios que mais sofreram com forte impacto de aumento expressivo da popula\u00e7\u00e3o. Na d\u00e9cada de 50 o censo do IBGE indicava, nos dois munic\u00edpios, popula\u00e7\u00e3o de 44.868 habitantes. Na d\u00e9cada seguinte, a da erradica\u00e7\u00e3o do caf\u00e9, registraram aumento de 112% no n\u00famero de habitantes, agora com 95.197 pessoas.<br>J\u00e1 na passagem da d\u00e9cada de 60 para a de 70, a coisa ficou \u201clouca\u201d. A popula\u00e7\u00e3o dos dois munic\u00edpios j\u00e1 era de 225.164 habitantes (aumento de 502% em rela\u00e7\u00e3o ao censo de 1950). Com o ingresso do Esp\u00edrito Santo na era da industrializa\u00e7\u00e3o (surgimento de f\u00e1bricas de refrigerantes, de papel, metalurgia, sider\u00fargica, fortalecimento da f\u00e1brica de chocolates, s\u00e3o alguns exemplos), alguns postos de trabalho foram criados nos dois munic\u00edpios. Com muita gente precisando de casa para morar, a ind\u00fastria da constru\u00e7\u00e3o civil tamb\u00e9m cresceu muito. Bairros com alguma infraestrutura (pouca, mas j\u00e1 com alguma), organizados em forma de conjuntos habitacionais foram constru\u00eddos, principalmente em Vila Velha.<\/p>\n\n\n\n<div class=\"wp-block-image\"><figure class=\"alignleft size-large\"><img decoding=\"async\" src=\"https:\/\/jornalfatosenoticias.com.br\/wp-content\/uploads\/2020\/02\/logo_esteio.jpg\" alt=\"\" class=\"wp-image-1214\"\/><\/figure><\/div>\n\n\n\n<p>No clima do \u201cvencemos a copa do M\u00e9xico\u201d, alguns bairros do Munic\u00edpio Canela Verde receberam \u2014 e ainda hoje os mant\u00eam \u2014 nomes que homenageavam o acolhedor povo mexicano, como por exemplo: Jardim Guadalajara, Jardim Colorado, Jardim Asteca, Novo M\u00e9xico. O segmento industrial abriu espa\u00e7o para os segmentos com\u00e9rcio e servi\u00e7o. Mas tamb\u00e9m n\u00e3o eram suficientes para acolher todos os milhares de \u201cfios das meadas\u201d abandonados \u00e0 pr\u00f3pria sorte.<br>Ainda na d\u00e9cada de 70, o progresso, o desenvolvimento econ\u00f4mico, avan\u00e7a na Regi\u00e3o Metropolitana. O foco agora passa a ser o, at\u00e9 ent\u00e3o, distante e pouco desenvolvido Munic\u00edpio de Serra, no lado Norte. As poucas linhas de transporte coletivo que ligavam os munic\u00edpios de Vila Velha e Cariacica s\u00f3 chegavam at\u00e9 a regi\u00e3o da Vila Rubim, onde faziam o \u201cponto final\u201d. No sentido oposto, as linhas no sentido norte\/sul, se deslocavam pela Avenida Jer\u00f4nimo Monteiro at\u00e9 a Pra\u00e7a Oito. Ali, faziam convers\u00e3o na rua existente entre o rel\u00f3gio da Pra\u00e7a e o moderno Edif\u00edcio Ruralbank, sede do pujante Banco de Cr\u00e9dito Agr\u00edcola do Esp\u00edrito Santo, hoje Banestes, fazendo seu \u201cponto final\u201d na Avenida Governador Bley, atr\u00e1s dos Correios.<\/p>\n\n\n\n<div class=\"wp-block-image\"><figure class=\"aligncenter size-large is-resized\"><img loading=\"lazy\" decoding=\"async\" src=\"https:\/\/jornalfatosenoticias.com.br\/wp-content\/uploads\/2022\/02\/Serra-Pack-459.png\" alt=\"\" class=\"wp-image-27471\" width=\"365\" height=\"146\"\/><\/figure><\/div>\n\n\n\n<p>Assim, quem necessitasse se deslocar da Regi\u00e3o Metropolitana no sentido norte\/sul, ou vice-versa, usando o prec\u00e1rio transporte coletivo existente, desembarcava em um dos pontos finais e seguia a p\u00e9 at\u00e9 o outro. Como acontecido na d\u00e9cada de 60 em rela\u00e7\u00e3o \u00e0 Vila Velha e \u00e0 Cariacica, o munic\u00edpio de Serra, at\u00e9 ent\u00e3o s\u00edmbolo do atraso, de caracter\u00edstica predominantemente rural, na d\u00e9cada de 70 \u00e9 submetido, sem qualquer preocupa\u00e7\u00e3o com o aspecto social (infraestrutura habitacional, \u00e1gua, luz, saneamento b\u00e1sico, planejamento, etc.), \u00e0 forte e abrupta transforma\u00e7\u00e3o.<br>Os grandes projetos na \u00e1rea da siderurgia, metalurgia e celulose fazem com que, de uma vez por todas, o Estado do Esp\u00edrito Santo ingresse, de forma determinante, na era da industrializa\u00e7\u00e3o, produzindo forte e significativo crescimento econ\u00f4mico.<br>Os \u201cfios das meadas\u201d desprendidos do \u201ctear\u201d em decorr\u00eancia da erradica\u00e7\u00e3o do caf\u00e9 ainda se concentravam, em sua imensa maioria, no lado Sul da Regi\u00e3o Metropolitana (Vila Velha e Cariacica). Aliado \u00e0 dificuldade de mobilidade, locomo\u00e7\u00e3o, existia outro aspecto tamb\u00e9m importante: n\u00e3o possu\u00edam habilidades, pendor para o trabalho na \u00e1rea da constru\u00e7\u00e3o civil. Desta forma, n\u00e3o atendiam \u00e0 necessidade de m\u00e3o de obra, que precisava ser vocacionada para atuar na \u00e1rea da constru\u00e7\u00e3o civil, necess\u00e1ria \u00e0 edifica\u00e7\u00e3o das imensas plantas industriais dos grandes projetos.<br>Assim, para ocupar os milhares de postos de trabalho abertos, mais uma vez a Regi\u00e3o Metropolitana sofre, tamb\u00e9m de forma abrupta, grande altera\u00e7\u00e3o, com a chegada de milhares de pessoas de outros Estados, principalmente da Regi\u00e3o Nordeste do Pa\u00eds, estes, retirantes da seca nordestina.<br>Este impacto agora vai afetar, principalmente, em um primeiro momento, o munic\u00edpio de Serra, alguma coisa em Vit\u00f3ria (Regi\u00e3o da Grande S\u00e3o Pedro) e, por fim, Cariacica (Regi\u00e3o de Itanhenga). Vejamos a situa\u00e7\u00e3o do munic\u00edpio de Serra, e vejamos como \u00e9 poss\u00edvel compreender a viol\u00eancia e a criminalidade, n\u00e3o como um fen\u00f4meno \u201cnatural\u201d e, sim, social.<\/p>\n\n\n\n<div class=\"wp-block-image\"><figure class=\"aligncenter size-large is-resized\"><img loading=\"lazy\" decoding=\"async\" src=\"https:\/\/jornalfatosenoticias.com.br\/wp-content\/uploads\/2022\/07\/Assinatura-Marketing-1024x300.png\" alt=\"\" class=\"wp-image-31962\" width=\"474\" height=\"138\" srcset=\"https:\/\/jornalfatosenoticias.com.br\/wp-content\/uploads\/2022\/07\/Assinatura-Marketing-1024x300.png 1024w, https:\/\/jornalfatosenoticias.com.br\/wp-content\/uploads\/2022\/07\/Assinatura-Marketing-300x88.png 300w, https:\/\/jornalfatosenoticias.com.br\/wp-content\/uploads\/2022\/07\/Assinatura-Marketing-768x225.png 768w, https:\/\/jornalfatosenoticias.com.br\/wp-content\/uploads\/2022\/07\/Assinatura-Marketing-1536x451.png 1536w, https:\/\/jornalfatosenoticias.com.br\/wp-content\/uploads\/2022\/07\/Assinatura-Marketing-2048x601.png 2048w\" sizes=\"auto, (max-width: 474px) 100vw, 474px\" \/><\/figure><\/div>\n\n\n\n<p>Mais uma vez na Regi\u00e3o Metropolitana Capixaba, como j\u00e1 diversas vezes mencionadas (repeti\u00e7\u00e3o que merece ser enfatizada, pois este aspecto traz, em si mesmo, a \u201cg\u00eanesis\u201d da viol\u00eancia e da criminalidade), sem nenhuma infraestrutura urbana, \u00e1gua, energia el\u00e9trica, saneamento b\u00e1sico, escolas, hospitais, postos de sa\u00fade, sem isso, sem aquilo, sem nada, a popula\u00e7\u00e3o de Serra que, segundo censo do IBGE, em 1950 era de 9.245 habitantes, e 1960 era de 9.192 mil habitantes (portanto, diminuiu de uma d\u00e9cada para outra), em 1970 j\u00e1 registrava crescimento significativo, quase o dobro (17.286 habitantes). Pois bem, em 1980, a popula\u00e7\u00e3o de Serra j\u00e1 era de 82.591 habitantes.<br>Eleva\u00e7\u00e3o da popula\u00e7\u00e3o do Munic\u00edpio em n\u00fameros elevad\u00edssimos. Mais de 400% em uma d\u00e9cada. Mais de 900% em duas d\u00e9cadas. Tudo isso merece ser destacado com \u00eanfase, mais uma vez, sem ter nenhuma infraestrutura para receber, para abrigar tanta gente.<br>Com a chegada aos milhares, os primeiros oper\u00e1rios que passaram a desenvolver suas atividades na \u00e1rea da constru\u00e7\u00e3o civil, respons\u00e1veis pela edifica\u00e7\u00e3o das plantas dos grandes projetos, foram morar em alojamentos improvisados, constru\u00eddos pr\u00f3ximos aos canteiros de obras. Depois de instalados, vivendo em condi\u00e7\u00f5es muito melhores em rela\u00e7\u00e3o \u00e0s suas cidades de origem (Regi\u00e3o Nordeste, seca, fome), muitos, milhares dos que aqui chegaram, sentindo-se seguros, com empregos fixos, carteiras assinadas, trouxeram suas fam\u00edlias.<br>E as fam\u00edlias foram morar aonde, se n\u00e3o podiam habitar os canteiros de obras e nem existiam casas para elas? Como em Vila Velha e Cariacica, em um primeiro momento constru\u00edram, em \u00e1reas perif\u00e9ricas, de propriedade do Estado (formadas por mangues, v\u00e1rzeas, encostas), de forma improvisada, suas moradias. Posteriormente, passaram a realizar invas\u00f5es em \u00e1reas particulares, remanescentes de propriedades rurais. Veja, n\u00e3o estamos falando da chegada de algumas pessoas. Estamos falando do aumento da popula\u00e7\u00e3o do munic\u00edpio em mais de 80 mil pessoas, em curt\u00edssimo espa\u00e7o de tempo.<\/p>\n\n\n\n<div class=\"wp-block-image\"><figure class=\"aligncenter size-large\"><img loading=\"lazy\" decoding=\"async\" width=\"300\" height=\"237\" src=\"https:\/\/jornalfatosenoticias.com.br\/wp-content\/uploads\/2020\/02\/SEVENTUR-TURISMO.jpg\" alt=\"\" class=\"wp-image-32994\"\/><\/figure><\/div>\n\n\n\n<p>Nos primeiros anos da d\u00e9cada de 80, conclu\u00eddas as plantas dos grandes projetos, a m\u00e3o de obra empregada na sua edifica\u00e7\u00e3o n\u00e3o era mais necess\u00e1ria. A necessidade agora era de trabalhadores com capacidade profissional para atuar na \u00e1rea de siderurgia e metalurgia, em quantidade bem menor em rela\u00e7\u00e3o \u00e0 exigida para a constru\u00e7\u00e3o das plantas. Aqui, na Terra de Ortiz, trabalhadores com tal capacidade inexistiam, e nem tinham sido, ao longo da d\u00e9cada, preparados. Por exemplo, a primeira turma de t\u00e9cnicos em metalurgia, curso que passou a ser oferecido pela antiga ETFES (hoje Ifes), s\u00f3 se formou em 1981.<br>Assim, com as plantas prontas, os trabalhadores bra\u00e7ais (pedreiros, ajudantes de pedreiros, servi\u00e7os gerais, etc.), n\u00e3o eram mais necess\u00e1rios e foram demitidos. E o que aconteceu? Simples. Desprendidos do \u201ctear\u201d, eis aqui mais uma vez o nosso poderoso \u201ctear\u201d movendo-se vorazmente no avan\u00e7o econ\u00f4mico (mas ignorando, minimizando, menosprezando o social), os demitidos passaram a fazer parte, em massa, dos \u201cfios das meadas\u201d, abandonados \u00e0 sua pr\u00f3pria sorte.<br>Trabalhadores honestos, homens rudes, fortes, em sua maioria de origem nordestina, retirantes e calejados pelas secas, aqui chegaram em busca de trabalho (n\u00e3o para roubar, n\u00e3o para matar, mas para trabalhar). Inicialmente receberam trabalho. Tinham dinheiro para o sustento de suas fam\u00edlias. Era o que, naquele momento, necessitavam. N\u00e3o lhes foi oferecido local digno para morar, sa\u00fade, educa\u00e7\u00e3o, saneamento b\u00e1sico. Mas lhes ofereciam trabalho, e pagavam-lhes um sal\u00e1rio. Embora pouco, era o que lhes bastava.<br>De um momento para outro, tirou-se deles o trabalho e, assim, foi-lhes tirado o pouco que recebiam. Passaram por dificuldades. N\u00e3o tinham mais o m\u00ednimo para oferecer aos seus filhos. Foram atingidos, de forma dolorosa, na sua dignidade. Forasteiros, longe de suas cidades de origem, de suas refer\u00eancias comunit\u00e1rias, como \u201cfios das meadas\u201d desprendidos, foram abandonados pelo poderoso \u201ctear\u201d, ficaram desnorteados. Seus filhos cresceram nesta condi\u00e7\u00e3o desumana. Os filhos dos filhos deles nasceram, cresceram, e, lamentavelmente, muitos ainda hoje nascem e crescem nesta mesma condi\u00e7\u00e3o.<br>Ao movimento iniciado na d\u00e9cada de sessenta no lado sul da Ilha de Vit\u00f3ria (\u201c\u2026 cidade sol com o c\u00e9u sempre azul\u2026\u201d, \u201c\u2026 um sorriso de mulher\u201d), que teve como atores milhares de \u201cfios das meadas\u201d desprendidos em decorr\u00eancia da erradica\u00e7\u00e3o do caf\u00e9, somam-se agora outros \u201cfios das meadas\u201d, tamb\u00e9m aos milhares, no lado sul da mesma linda Ilha. A Regi\u00e3o Metropolitana da Grande Vit\u00f3ria que, em 1950, tinha 110.931 habitantes, na d\u00e9cada de 80 j\u00e1 conta com 706.273 habitantes. O que se podia esperar?<br>Bem, neste momento a coisa come\u00e7a a complicar. Chegamos, e vamos tratar no pr\u00f3ximo cap\u00edtulo da d\u00e9cada de 80. D\u00e9cada do centen\u00e1rio da Proclama\u00e7\u00e3o da Rep\u00fablica em nosso Pa\u00eds, exaltada no refr\u00e3o do samba enredo de Em\u00edlio Santiago: \u201cLiberdade, liberdade! \u2026 Abra as asas sobre n\u00f3s\u2026 E que a voz da igualdade\u2026 Seja sempre a nossa voz\u201d.<\/p>\n\n\n\n<figure class=\"wp-block-image size-large\"><img loading=\"lazy\" decoding=\"async\" width=\"1000\" height=\"666\" src=\"https:\/\/jornalfatosenoticias.com.br\/wp-content\/uploads\/2022\/08\/criminalidade-e-violencia-.jpg\" alt=\"\" class=\"wp-image-33042\" srcset=\"https:\/\/jornalfatosenoticias.com.br\/wp-content\/uploads\/2022\/08\/criminalidade-e-violencia-.jpg 1000w, https:\/\/jornalfatosenoticias.com.br\/wp-content\/uploads\/2022\/08\/criminalidade-e-violencia--300x200.jpg 300w, https:\/\/jornalfatosenoticias.com.br\/wp-content\/uploads\/2022\/08\/criminalidade-e-violencia--768x511.jpg 768w\" sizes=\"auto, (max-width: 1000px) 100vw, 1000px\" \/><figcaption><em><span class=\"has-inline-color has-black-color\">As muitas vidas humanas \u201cdesprendidas\u201d do \u201ctear\u201d social, em sua esmagadora maioria ainda com muito pouca idade, as quais, em \u201cru\u00ednas\u201d, j\u00e1 \u201cdesabadas\u201d, \u201chabitam\u201d, como zumbis, as \u201ccracol\u00e2ndias\u201d. Nesses locais passam noites e noites tendo como teto e abrigo o relento (Foto: Celso Tavares\/G1)<\/span><\/em><\/figcaption><\/figure>\n\n\n\n<div class=\"wp-block-image\"><figure class=\"aligncenter size-large\"><img loading=\"lazy\" decoding=\"async\" width=\"729\" height=\"90\" src=\"https:\/\/jornalfatosenoticias.com.br\/wp-content\/uploads\/2020\/02\/Logo_Mizu.png\" alt=\"\" class=\"wp-image-1441\" srcset=\"https:\/\/jornalfatosenoticias.com.br\/wp-content\/uploads\/2020\/02\/Logo_Mizu.png 729w, https:\/\/jornalfatosenoticias.com.br\/wp-content\/uploads\/2020\/02\/Logo_Mizu-300x37.png 300w\" sizes=\"auto, (max-width: 729px) 100vw, 729px\" \/><\/figure><\/div>\n\n\n\n<p>Anos 80. Anos das lutas e conquistas das \u201cliberdades\u201d. No Brasil, na Am\u00e9rica Latina, no mundo. A Guerra Fria finalmente se derrete, ou quem sabe, se evapora, sem o lan\u00e7amento dos artefatos nucleares. O mundo n\u00e3o foi destru\u00eddo, uma vez sequer\u2026 Liberdade, ah! \u201cdona\u201d liberdade\u2026 d\u00ea a todos n\u00f3s, ju\u00edzo, responsabilidade, para que possamos t\u00ea-la e mant\u00ea-la em sua plenitude, e para que possamos cuidar da \u201cguerra\u201d provocada pela viol\u00eancia urbana, pela criminalidade em nosso Pa\u00eds, em nosso Estado.<br>A \u00e1gua \u00e9 a bebida melhor para nosso corpo, para nossa sa\u00fade. Os profissionais de sa\u00fade sempre nos recomendam beber diariamente uma determinada quantidade de \u00e1gua. Mas, beber \u00e1gua em excesso, muita, muita \u00e1gua, pode causar s\u00e9rios problemas\u201d ao nosso corpo. At\u00e9 a morte.<br>A viol\u00eancia, a criminalidade, o seu avan\u00e7o descontrolado em nosso Estado, como de resto no Brasil, n\u00e3o decorre de \u201cgera\u00e7\u00e3o espont\u00e2nea\u201d. Foi gestado ao longo de anos, de d\u00e9cadas. H\u00e1 um imenso d\u00e9ficit social. Precisa ser resgatado, resolvido.<br>Sim, mais for\u00e7as de seguran\u00e7a. Sim, mais equipamentos, c\u00e2meras e outras parafern\u00e1lias tecnol\u00f3gicas. Sim, mais a\u00e7\u00e3o dos operadores do direito, com julgamentos, pris\u00f5es, san\u00e7\u00f5es. Mas, n\u00e3o ao MAIS do MESMO. Se, a estas a\u00e7\u00f5es n\u00e3o forem incorporadas outras, de cunho social (com \u00eanfase, vontade, determina\u00e7\u00e3o), a coisa n\u00e3o andar\u00e1.<br>Na linha das mudan\u00e7as necess\u00e1rias, ladeadas \u00e0s a\u00e7\u00f5es imprescind\u00edveis no campo dos operadores do direito, dos operadores da seguran\u00e7a p\u00fablica, vamos caminhar na busca da \u201crevitaliza\u00e7\u00e3o\u201d das muitas vidas humanas \u201cdesprendidas\u201d do \u201ctear\u201d social, em sua esmagadora maioria ainda com muito pouca idade, as quais, em \u201cru\u00ednas\u201d, j\u00e1 \u201cdesabadas\u201d, \u201chabitam\u201d, como zumbis, as \u201ccracol\u00e2ndias\u201d. Nesses locais passam noites e noites tendo como teto e abrigo o relento, onde, ap\u00f3s cada uma das curtas \u201cviagens\u201d depois do uso do \u201ccrack\u201d, dialogam, e se entendem. Vivem em mundos iguais. T\u00eam algo em comum: o \u201cnada\u201d. \u201cFios das meadas\u201d desprendidos do poderoso \u201ctear\u201d, em ruinas, vegetam no abandono, no descaso. A solu\u00e7\u00e3o da viol\u00eancia, da criminalidade, passa, necessariamente, pelo resgate da cidadania, pelo atendimento \u00e0s necessidades sociais de uma parcela significativa da sociedade, que ainda permanece como \u201cfios das meadas\u201d desprendida do poderoso \u201ctear\u201d social. Reconectemo-la. Com inser\u00e7\u00e3o social. Com direitos e deveres. Com liberdade e responsabilidade.<br>Quem sabe, quem sabe\u2026<\/p>\n\n\n\n<div class=\"wp-block-image\"><figure class=\"alignleft size-large is-resized\"><img loading=\"lazy\" decoding=\"async\" src=\"https:\/\/jornalfatosenoticias.com.br\/wp-content\/uploads\/2022\/07\/jose-nivaldo_perfil-1.jpg\" alt=\"\" class=\"wp-image-31972\" width=\"250\" height=\"239\" srcset=\"https:\/\/jornalfatosenoticias.com.br\/wp-content\/uploads\/2022\/07\/jose-nivaldo_perfil-1.jpg 677w, https:\/\/jornalfatosenoticias.com.br\/wp-content\/uploads\/2022\/07\/jose-nivaldo_perfil-1-300x287.jpg 300w\" sizes=\"auto, (max-width: 250px) 100vw, 250px\" \/><figcaption><em><span class=\"has-inline-color has-black-color\"><strong>Jos\u00e9 Nivaldo Campos Vieira<br><\/strong>Advogado, formado em Filosofia,<br>coronel da Reserva da PMES e<br>empres\u00e1rio da \u00e1rea de seguran\u00e7a privada<br>nivaldo@seiinteligencia.com.br<\/span><\/em><\/figcaption><\/figure><\/div>\n","protected":false},"excerpt":{"rendered":"<p>A viol\u00eancia, a criminalidade, o seu avan\u00e7o descontrolado em nosso Estado, como de resto no Brasil, n\u00e3o decorre de \u201cgera\u00e7\u00e3o espont\u00e2nea\u201d. Foi gestado ao longo de anos, de d\u00e9cadas. H\u00e1 um imenso d\u00e9ficit social Coluna\u00a0\u2014\u00a0Caf\u00e9 Coado,\u00a0com Jos\u00e9 Nivaldo Campos Vieira Continuemos nossa caminhada na busca da compreens\u00e3o do fen\u00f4meno viol\u00eancia e criminalidade, tema que tira [&hellip;]<\/p>\n","protected":false},"author":2,"featured_media":33042,"comment_status":"open","ping_status":"open","sticky":false,"template":"","format":"standard","meta":{"footnotes":""},"categories":[5],"tags":[15564,15565,3863,2479],"class_list":["post-33039","post","type-post","status-publish","format-standard","has-post-thumbnail","hentry","category-geral","tag-criminalidade-e-violencia","tag-deficit-social","tag-periferia","tag-violencia"],"yoast_head":"<!-- This site is optimized with the Yoast SEO plugin v26.5 - https:\/\/yoast.com\/wordpress\/plugins\/seo\/ -->\n<title>Viol\u00eancia e criminalidade: Perda do \u201cfio da meada\u201d \u2014 Parte 6 - Jornal Fatos e Not\u00edcias<\/title>\n<meta name=\"robots\" content=\"index, follow, max-snippet:-1, max-image-preview:large, max-video-preview:-1\" \/>\n<link rel=\"canonical\" href=\"https:\/\/jornalfatosenoticias.com.br\/index.php\/2022\/08\/10\/violencia-e-criminalidade-perda-do-fio-da-meada-parte-6\/\" \/>\n<meta property=\"og:locale\" content=\"pt_BR\" \/>\n<meta property=\"og:type\" content=\"article\" \/>\n<meta property=\"og:title\" content=\"Viol\u00eancia e criminalidade: Perda do \u201cfio da meada\u201d \u2014 Parte 6 - Jornal Fatos e Not\u00edcias\" \/>\n<meta property=\"og:description\" content=\"A viol\u00eancia, a criminalidade, o seu avan\u00e7o descontrolado em nosso Estado, como de resto no Brasil, n\u00e3o decorre de \u201cgera\u00e7\u00e3o espont\u00e2nea\u201d. Foi gestado ao longo de anos, de d\u00e9cadas. H\u00e1 um imenso d\u00e9ficit social Coluna\u00a0\u2014\u00a0Caf\u00e9 Coado,\u00a0com Jos\u00e9 Nivaldo Campos Vieira Continuemos nossa caminhada na busca da compreens\u00e3o do fen\u00f4meno viol\u00eancia e criminalidade, tema que tira [&hellip;]\" \/>\n<meta property=\"og:url\" content=\"https:\/\/jornalfatosenoticias.com.br\/index.php\/2022\/08\/10\/violencia-e-criminalidade-perda-do-fio-da-meada-parte-6\/\" \/>\n<meta property=\"og:site_name\" content=\"Jornal Fatos e Not\u00edcias\" \/>\n<meta property=\"article:published_time\" content=\"2022-08-10T12:44:02+00:00\" \/>\n<meta property=\"article:modified_time\" content=\"2022-08-10T12:44:06+00:00\" \/>\n<meta property=\"og:image\" content=\"https:\/\/jornalfatosenoticias.com.br\/wp-content\/uploads\/2022\/08\/criminalidade-e-violencia-.jpg\" \/>\n\t<meta property=\"og:image:width\" content=\"1000\" \/>\n\t<meta property=\"og:image:height\" content=\"666\" \/>\n\t<meta property=\"og:image:type\" content=\"image\/jpeg\" \/>\n<meta name=\"author\" content=\"Luzimara Fernandes\" \/>\n<meta name=\"twitter:card\" content=\"summary_large_image\" \/>\n<meta name=\"twitter:label1\" content=\"Escrito por\" \/>\n\t<meta name=\"twitter:data1\" content=\"Luzimara Fernandes\" \/>\n\t<meta name=\"twitter:label2\" content=\"Est. tempo de leitura\" \/>\n\t<meta name=\"twitter:data2\" content=\"17 minutos\" \/>\n<script type=\"application\/ld+json\" class=\"yoast-schema-graph\">{\"@context\":\"https:\/\/schema.org\",\"@graph\":[{\"@type\":\"Article\",\"@id\":\"https:\/\/jornalfatosenoticias.com.br\/index.php\/2022\/08\/10\/violencia-e-criminalidade-perda-do-fio-da-meada-parte-6\/#article\",\"isPartOf\":{\"@id\":\"https:\/\/jornalfatosenoticias.com.br\/index.php\/2022\/08\/10\/violencia-e-criminalidade-perda-do-fio-da-meada-parte-6\/\"},\"author\":{\"name\":\"Luzimara Fernandes\",\"@id\":\"https:\/\/jornalfatosenoticias.com.br\/#\/schema\/person\/d63837fa13ac8666eb9e74e0985d6f81\"},\"headline\":\"Viol\u00eancia e criminalidade: Perda do \u201cfio da meada\u201d \u2014 Parte 6\",\"datePublished\":\"2022-08-10T12:44:02+00:00\",\"dateModified\":\"2022-08-10T12:44:06+00:00\",\"mainEntityOfPage\":{\"@id\":\"https:\/\/jornalfatosenoticias.com.br\/index.php\/2022\/08\/10\/violencia-e-criminalidade-perda-do-fio-da-meada-parte-6\/\"},\"wordCount\":3501,\"commentCount\":0,\"publisher\":{\"@id\":\"https:\/\/jornalfatosenoticias.com.br\/#organization\"},\"image\":{\"@id\":\"https:\/\/jornalfatosenoticias.com.br\/index.php\/2022\/08\/10\/violencia-e-criminalidade-perda-do-fio-da-meada-parte-6\/#primaryimage\"},\"thumbnailUrl\":\"https:\/\/jornalfatosenoticias.com.br\/wp-content\/uploads\/2022\/08\/criminalidade-e-violencia-.jpg\",\"keywords\":[\"criminalidade e viol\u00eancia\",\"d\u00e9ficit social\",\"periferia\",\"viol\u00eancia\"],\"articleSection\":[\"Geral\"],\"inLanguage\":\"pt-BR\",\"potentialAction\":[{\"@type\":\"CommentAction\",\"name\":\"Comment\",\"target\":[\"https:\/\/jornalfatosenoticias.com.br\/index.php\/2022\/08\/10\/violencia-e-criminalidade-perda-do-fio-da-meada-parte-6\/#respond\"]}]},{\"@type\":\"WebPage\",\"@id\":\"https:\/\/jornalfatosenoticias.com.br\/index.php\/2022\/08\/10\/violencia-e-criminalidade-perda-do-fio-da-meada-parte-6\/\",\"url\":\"https:\/\/jornalfatosenoticias.com.br\/index.php\/2022\/08\/10\/violencia-e-criminalidade-perda-do-fio-da-meada-parte-6\/\",\"name\":\"Viol\u00eancia e criminalidade: Perda do \u201cfio da meada\u201d \u2014 Parte 6 - Jornal Fatos e Not\u00edcias\",\"isPartOf\":{\"@id\":\"https:\/\/jornalfatosenoticias.com.br\/#website\"},\"primaryImageOfPage\":{\"@id\":\"https:\/\/jornalfatosenoticias.com.br\/index.php\/2022\/08\/10\/violencia-e-criminalidade-perda-do-fio-da-meada-parte-6\/#primaryimage\"},\"image\":{\"@id\":\"https:\/\/jornalfatosenoticias.com.br\/index.php\/2022\/08\/10\/violencia-e-criminalidade-perda-do-fio-da-meada-parte-6\/#primaryimage\"},\"thumbnailUrl\":\"https:\/\/jornalfatosenoticias.com.br\/wp-content\/uploads\/2022\/08\/criminalidade-e-violencia-.jpg\",\"datePublished\":\"2022-08-10T12:44:02+00:00\",\"dateModified\":\"2022-08-10T12:44:06+00:00\",\"breadcrumb\":{\"@id\":\"https:\/\/jornalfatosenoticias.com.br\/index.php\/2022\/08\/10\/violencia-e-criminalidade-perda-do-fio-da-meada-parte-6\/#breadcrumb\"},\"inLanguage\":\"pt-BR\",\"potentialAction\":[{\"@type\":\"ReadAction\",\"target\":[\"https:\/\/jornalfatosenoticias.com.br\/index.php\/2022\/08\/10\/violencia-e-criminalidade-perda-do-fio-da-meada-parte-6\/\"]}]},{\"@type\":\"ImageObject\",\"inLanguage\":\"pt-BR\",\"@id\":\"https:\/\/jornalfatosenoticias.com.br\/index.php\/2022\/08\/10\/violencia-e-criminalidade-perda-do-fio-da-meada-parte-6\/#primaryimage\",\"url\":\"https:\/\/jornalfatosenoticias.com.br\/wp-content\/uploads\/2022\/08\/criminalidade-e-violencia-.jpg\",\"contentUrl\":\"https:\/\/jornalfatosenoticias.com.br\/wp-content\/uploads\/2022\/08\/criminalidade-e-violencia-.jpg\",\"width\":1000,\"height\":666},{\"@type\":\"BreadcrumbList\",\"@id\":\"https:\/\/jornalfatosenoticias.com.br\/index.php\/2022\/08\/10\/violencia-e-criminalidade-perda-do-fio-da-meada-parte-6\/#breadcrumb\",\"itemListElement\":[{\"@type\":\"ListItem\",\"position\":1,\"name\":\"In\u00edcio\",\"item\":\"https:\/\/jornalfatosenoticias.com.br\/\"},{\"@type\":\"ListItem\",\"position\":2,\"name\":\"Viol\u00eancia e criminalidade: Perda do \u201cfio da meada\u201d \u2014 Parte 6\"}]},{\"@type\":\"WebSite\",\"@id\":\"https:\/\/jornalfatosenoticias.com.br\/#website\",\"url\":\"https:\/\/jornalfatosenoticias.com.br\/\",\"name\":\"Jornal Fatos e Not\u00edcias\",\"description\":\"Not\u00edcias em geral\",\"publisher\":{\"@id\":\"https:\/\/jornalfatosenoticias.com.br\/#organization\"},\"potentialAction\":[{\"@type\":\"SearchAction\",\"target\":{\"@type\":\"EntryPoint\",\"urlTemplate\":\"https:\/\/jornalfatosenoticias.com.br\/?s={search_term_string}\"},\"query-input\":{\"@type\":\"PropertyValueSpecification\",\"valueRequired\":true,\"valueName\":\"search_term_string\"}}],\"inLanguage\":\"pt-BR\"},{\"@type\":\"Organization\",\"@id\":\"https:\/\/jornalfatosenoticias.com.br\/#organization\",\"name\":\"Jornal Fatos e Not\u00edcias\",\"url\":\"https:\/\/jornalfatosenoticias.com.br\/\",\"logo\":{\"@type\":\"ImageObject\",\"inLanguage\":\"pt-BR\",\"@id\":\"https:\/\/jornalfatosenoticias.com.br\/#\/schema\/logo\/image\/\",\"url\":\"https:\/\/jornalfatosenoticias.com.br\/wp-content\/uploads\/2020\/02\/logo120.png\",\"contentUrl\":\"https:\/\/jornalfatosenoticias.com.br\/wp-content\/uploads\/2020\/02\/logo120.png\",\"width\":1227,\"height\":120,\"caption\":\"Jornal Fatos e Not\u00edcias\"},\"image\":{\"@id\":\"https:\/\/jornalfatosenoticias.com.br\/#\/schema\/logo\/image\/\"}},{\"@type\":\"Person\",\"@id\":\"https:\/\/jornalfatosenoticias.com.br\/#\/schema\/person\/d63837fa13ac8666eb9e74e0985d6f81\",\"name\":\"Luzimara Fernandes\",\"image\":{\"@type\":\"ImageObject\",\"inLanguage\":\"pt-BR\",\"@id\":\"https:\/\/jornalfatosenoticias.com.br\/#\/schema\/person\/image\/\",\"url\":\"https:\/\/jornalfatosenoticias.com.br\/wp-content\/uploads\/2025\/05\/EU_portal.jpg\",\"contentUrl\":\"https:\/\/jornalfatosenoticias.com.br\/wp-content\/uploads\/2025\/05\/EU_portal.jpg\",\"caption\":\"Luzimara Fernandes\"},\"description\":\"Jornalista MTB 2358-ES\",\"sameAs\":[\"https:\/\/jornalfatosenoticias.com.br\"],\"url\":\"https:\/\/jornalfatosenoticias.com.br\/index.php\/author\/luzimara\/\"}]}<\/script>\n<!-- \/ Yoast SEO plugin. -->","yoast_head_json":{"title":"Viol\u00eancia e criminalidade: Perda do \u201cfio da meada\u201d \u2014 Parte 6 - Jornal Fatos e Not\u00edcias","robots":{"index":"index","follow":"follow","max-snippet":"max-snippet:-1","max-image-preview":"max-image-preview:large","max-video-preview":"max-video-preview:-1"},"canonical":"https:\/\/jornalfatosenoticias.com.br\/index.php\/2022\/08\/10\/violencia-e-criminalidade-perda-do-fio-da-meada-parte-6\/","og_locale":"pt_BR","og_type":"article","og_title":"Viol\u00eancia e criminalidade: Perda do \u201cfio da meada\u201d \u2014 Parte 6 - Jornal Fatos e Not\u00edcias","og_description":"A viol\u00eancia, a criminalidade, o seu avan\u00e7o descontrolado em nosso Estado, como de resto no Brasil, n\u00e3o decorre de \u201cgera\u00e7\u00e3o espont\u00e2nea\u201d. Foi gestado ao longo de anos, de d\u00e9cadas. H\u00e1 um imenso d\u00e9ficit social Coluna\u00a0\u2014\u00a0Caf\u00e9 Coado,\u00a0com Jos\u00e9 Nivaldo Campos Vieira Continuemos nossa caminhada na busca da compreens\u00e3o do fen\u00f4meno viol\u00eancia e criminalidade, tema que tira [&hellip;]","og_url":"https:\/\/jornalfatosenoticias.com.br\/index.php\/2022\/08\/10\/violencia-e-criminalidade-perda-do-fio-da-meada-parte-6\/","og_site_name":"Jornal Fatos e Not\u00edcias","article_published_time":"2022-08-10T12:44:02+00:00","article_modified_time":"2022-08-10T12:44:06+00:00","og_image":[{"width":1000,"height":666,"url":"https:\/\/jornalfatosenoticias.com.br\/wp-content\/uploads\/2022\/08\/criminalidade-e-violencia-.jpg","type":"image\/jpeg"}],"author":"Luzimara Fernandes","twitter_card":"summary_large_image","twitter_misc":{"Escrito por":"Luzimara Fernandes","Est. tempo de leitura":"17 minutos"},"schema":{"@context":"https:\/\/schema.org","@graph":[{"@type":"Article","@id":"https:\/\/jornalfatosenoticias.com.br\/index.php\/2022\/08\/10\/violencia-e-criminalidade-perda-do-fio-da-meada-parte-6\/#article","isPartOf":{"@id":"https:\/\/jornalfatosenoticias.com.br\/index.php\/2022\/08\/10\/violencia-e-criminalidade-perda-do-fio-da-meada-parte-6\/"},"author":{"name":"Luzimara Fernandes","@id":"https:\/\/jornalfatosenoticias.com.br\/#\/schema\/person\/d63837fa13ac8666eb9e74e0985d6f81"},"headline":"Viol\u00eancia e criminalidade: Perda do \u201cfio da meada\u201d \u2014 Parte 6","datePublished":"2022-08-10T12:44:02+00:00","dateModified":"2022-08-10T12:44:06+00:00","mainEntityOfPage":{"@id":"https:\/\/jornalfatosenoticias.com.br\/index.php\/2022\/08\/10\/violencia-e-criminalidade-perda-do-fio-da-meada-parte-6\/"},"wordCount":3501,"commentCount":0,"publisher":{"@id":"https:\/\/jornalfatosenoticias.com.br\/#organization"},"image":{"@id":"https:\/\/jornalfatosenoticias.com.br\/index.php\/2022\/08\/10\/violencia-e-criminalidade-perda-do-fio-da-meada-parte-6\/#primaryimage"},"thumbnailUrl":"https:\/\/jornalfatosenoticias.com.br\/wp-content\/uploads\/2022\/08\/criminalidade-e-violencia-.jpg","keywords":["criminalidade e viol\u00eancia","d\u00e9ficit social","periferia","viol\u00eancia"],"articleSection":["Geral"],"inLanguage":"pt-BR","potentialAction":[{"@type":"CommentAction","name":"Comment","target":["https:\/\/jornalfatosenoticias.com.br\/index.php\/2022\/08\/10\/violencia-e-criminalidade-perda-do-fio-da-meada-parte-6\/#respond"]}]},{"@type":"WebPage","@id":"https:\/\/jornalfatosenoticias.com.br\/index.php\/2022\/08\/10\/violencia-e-criminalidade-perda-do-fio-da-meada-parte-6\/","url":"https:\/\/jornalfatosenoticias.com.br\/index.php\/2022\/08\/10\/violencia-e-criminalidade-perda-do-fio-da-meada-parte-6\/","name":"Viol\u00eancia e criminalidade: Perda do \u201cfio da meada\u201d \u2014 Parte 6 - Jornal Fatos e Not\u00edcias","isPartOf":{"@id":"https:\/\/jornalfatosenoticias.com.br\/#website"},"primaryImageOfPage":{"@id":"https:\/\/jornalfatosenoticias.com.br\/index.php\/2022\/08\/10\/violencia-e-criminalidade-perda-do-fio-da-meada-parte-6\/#primaryimage"},"image":{"@id":"https:\/\/jornalfatosenoticias.com.br\/index.php\/2022\/08\/10\/violencia-e-criminalidade-perda-do-fio-da-meada-parte-6\/#primaryimage"},"thumbnailUrl":"https:\/\/jornalfatosenoticias.com.br\/wp-content\/uploads\/2022\/08\/criminalidade-e-violencia-.jpg","datePublished":"2022-08-10T12:44:02+00:00","dateModified":"2022-08-10T12:44:06+00:00","breadcrumb":{"@id":"https:\/\/jornalfatosenoticias.com.br\/index.php\/2022\/08\/10\/violencia-e-criminalidade-perda-do-fio-da-meada-parte-6\/#breadcrumb"},"inLanguage":"pt-BR","potentialAction":[{"@type":"ReadAction","target":["https:\/\/jornalfatosenoticias.com.br\/index.php\/2022\/08\/10\/violencia-e-criminalidade-perda-do-fio-da-meada-parte-6\/"]}]},{"@type":"ImageObject","inLanguage":"pt-BR","@id":"https:\/\/jornalfatosenoticias.com.br\/index.php\/2022\/08\/10\/violencia-e-criminalidade-perda-do-fio-da-meada-parte-6\/#primaryimage","url":"https:\/\/jornalfatosenoticias.com.br\/wp-content\/uploads\/2022\/08\/criminalidade-e-violencia-.jpg","contentUrl":"https:\/\/jornalfatosenoticias.com.br\/wp-content\/uploads\/2022\/08\/criminalidade-e-violencia-.jpg","width":1000,"height":666},{"@type":"BreadcrumbList","@id":"https:\/\/jornalfatosenoticias.com.br\/index.php\/2022\/08\/10\/violencia-e-criminalidade-perda-do-fio-da-meada-parte-6\/#breadcrumb","itemListElement":[{"@type":"ListItem","position":1,"name":"In\u00edcio","item":"https:\/\/jornalfatosenoticias.com.br\/"},{"@type":"ListItem","position":2,"name":"Viol\u00eancia e criminalidade: Perda do \u201cfio da meada\u201d \u2014 Parte 6"}]},{"@type":"WebSite","@id":"https:\/\/jornalfatosenoticias.com.br\/#website","url":"https:\/\/jornalfatosenoticias.com.br\/","name":"Jornal Fatos e Not\u00edcias","description":"Not\u00edcias em geral","publisher":{"@id":"https:\/\/jornalfatosenoticias.com.br\/#organization"},"potentialAction":[{"@type":"SearchAction","target":{"@type":"EntryPoint","urlTemplate":"https:\/\/jornalfatosenoticias.com.br\/?s={search_term_string}"},"query-input":{"@type":"PropertyValueSpecification","valueRequired":true,"valueName":"search_term_string"}}],"inLanguage":"pt-BR"},{"@type":"Organization","@id":"https:\/\/jornalfatosenoticias.com.br\/#organization","name":"Jornal Fatos e Not\u00edcias","url":"https:\/\/jornalfatosenoticias.com.br\/","logo":{"@type":"ImageObject","inLanguage":"pt-BR","@id":"https:\/\/jornalfatosenoticias.com.br\/#\/schema\/logo\/image\/","url":"https:\/\/jornalfatosenoticias.com.br\/wp-content\/uploads\/2020\/02\/logo120.png","contentUrl":"https:\/\/jornalfatosenoticias.com.br\/wp-content\/uploads\/2020\/02\/logo120.png","width":1227,"height":120,"caption":"Jornal Fatos e Not\u00edcias"},"image":{"@id":"https:\/\/jornalfatosenoticias.com.br\/#\/schema\/logo\/image\/"}},{"@type":"Person","@id":"https:\/\/jornalfatosenoticias.com.br\/#\/schema\/person\/d63837fa13ac8666eb9e74e0985d6f81","name":"Luzimara Fernandes","image":{"@type":"ImageObject","inLanguage":"pt-BR","@id":"https:\/\/jornalfatosenoticias.com.br\/#\/schema\/person\/image\/","url":"https:\/\/jornalfatosenoticias.com.br\/wp-content\/uploads\/2025\/05\/EU_portal.jpg","contentUrl":"https:\/\/jornalfatosenoticias.com.br\/wp-content\/uploads\/2025\/05\/EU_portal.jpg","caption":"Luzimara Fernandes"},"description":"Jornalista MTB 2358-ES","sameAs":["https:\/\/jornalfatosenoticias.com.br"],"url":"https:\/\/jornalfatosenoticias.com.br\/index.php\/author\/luzimara\/"}]}},"cc_featured_image_caption":{"caption_text":"","source_text":"","source_url":""},"jetpack_featured_media_url":"https:\/\/jornalfatosenoticias.com.br\/wp-content\/uploads\/2022\/08\/criminalidade-e-violencia-.jpg","_links":{"self":[{"href":"https:\/\/jornalfatosenoticias.com.br\/index.php\/wp-json\/wp\/v2\/posts\/33039","targetHints":{"allow":["GET"]}}],"collection":[{"href":"https:\/\/jornalfatosenoticias.com.br\/index.php\/wp-json\/wp\/v2\/posts"}],"about":[{"href":"https:\/\/jornalfatosenoticias.com.br\/index.php\/wp-json\/wp\/v2\/types\/post"}],"author":[{"embeddable":true,"href":"https:\/\/jornalfatosenoticias.com.br\/index.php\/wp-json\/wp\/v2\/users\/2"}],"replies":[{"embeddable":true,"href":"https:\/\/jornalfatosenoticias.com.br\/index.php\/wp-json\/wp\/v2\/comments?post=33039"}],"version-history":[{"count":0,"href":"https:\/\/jornalfatosenoticias.com.br\/index.php\/wp-json\/wp\/v2\/posts\/33039\/revisions"}],"wp:featuredmedia":[{"embeddable":true,"href":"https:\/\/jornalfatosenoticias.com.br\/index.php\/wp-json\/wp\/v2\/media\/33042"}],"wp:attachment":[{"href":"https:\/\/jornalfatosenoticias.com.br\/index.php\/wp-json\/wp\/v2\/media?parent=33039"}],"wp:term":[{"taxonomy":"category","embeddable":true,"href":"https:\/\/jornalfatosenoticias.com.br\/index.php\/wp-json\/wp\/v2\/categories?post=33039"},{"taxonomy":"post_tag","embeddable":true,"href":"https:\/\/jornalfatosenoticias.com.br\/index.php\/wp-json\/wp\/v2\/tags?post=33039"}],"curies":[{"name":"wp","href":"https:\/\/api.w.org\/{rel}","templated":true}]}}