{"id":33097,"date":"2022-08-11T13:09:34","date_gmt":"2022-08-11T16:09:34","guid":{"rendered":"https:\/\/jornalfatosenoticias.com.br\/?p=33097"},"modified":"2022-08-11T13:09:39","modified_gmt":"2022-08-11T16:09:39","slug":"para-desespero-dos-que-torcem-contra-o-brasil-prosperando","status":"publish","type":"post","link":"https:\/\/jornalfatosenoticias.com.br\/index.php\/2022\/08\/11\/para-desespero-dos-que-torcem-contra-o-brasil-prosperando\/","title":{"rendered":"Para desespero dos que torcem contra, o Brasil prosperando!"},"content":{"rendered":"\n<div class=\"wp-block-image\"><figure class=\"aligncenter size-large\"><img loading=\"lazy\" decoding=\"async\" width=\"1024\" height=\"100\" src=\"https:\/\/jornalfatosenoticias.com.br\/wp-content\/uploads\/2020\/02\/banner_ferramentas-1024x100.jpg\" alt=\"\" class=\"wp-image-1258\" srcset=\"https:\/\/jornalfatosenoticias.com.br\/wp-content\/uploads\/2020\/02\/banner_ferramentas-1024x100.jpg 1024w, https:\/\/jornalfatosenoticias.com.br\/wp-content\/uploads\/2020\/02\/banner_ferramentas-300x29.jpg 300w, https:\/\/jornalfatosenoticias.com.br\/wp-content\/uploads\/2020\/02\/banner_ferramentas-768x75.jpg 768w, https:\/\/jornalfatosenoticias.com.br\/wp-content\/uploads\/2020\/02\/banner_ferramentas.jpg 1227w\" sizes=\"auto, (max-width: 1024px) 100vw, 1024px\" \/><\/figure><\/div>\n\n\n\n<p>Estamos nadando de bra\u00e7adas, a economia, segundo nosso maestro Paulo Guedes, ministro da Economia que, com sua batuta, vem esbanjando conhecimento de dados globais e, com muita propriedade, dando rumo ao que governos anteriores n\u00e3o tiveram compet\u00eancia, ou talvez interesse, em orquestrar devidamente a \u00e1rea econ\u00f4mica do Pa\u00eds.<br>Paulo Guedes, que participou, nesta ter\u00e7a-feira (09), da abertura do 34\u00ba Congresso Nacional da Associa\u00e7\u00e3o Brasileira de Bares e Restaurantes (Abrasel), em Bras\u00edlia, apresentou an\u00e1lise sobre a situa\u00e7\u00e3o atual e perspectivas para a economia brasileira e internacional e falou, tamb\u00e9m, sobre os desafios enfrentados pelo setor na pandemia da covid-19.<\/p>\n\n\n\n<div class=\"wp-block-image\"><figure class=\"alignleft size-large is-resized\"><img loading=\"lazy\" decoding=\"async\" src=\"https:\/\/jornalfatosenoticias.com.br\/wp-content\/uploads\/2022\/08\/logo-locau-veiculos-1024x573.png\" alt=\"\" class=\"wp-image-33078\" width=\"318\" height=\"177\"\/><\/figure><\/div>\n\n\n\n<p>Citou dados sobre o comportamento do mercado de trabalho e sobre o processo de digitaliza\u00e7\u00e3o da popula\u00e7\u00e3o brasileira. O ministro lembrou da import\u00e2ncia do setor de alimenta\u00e7\u00e3o fora de casa para o Pa\u00eds, na gera\u00e7\u00e3o de empregos e renda. Ele tamb\u00e9m fez coment\u00e1rios sobre a situa\u00e7\u00e3o econ\u00f4mica internacional, diante da guerra na Ucr\u00e2nia e sobre o posicionamento do Brasil nesse cen\u00e1rio.<br>Com atividades at\u00e9 esta quinta-feira (11), o tema do 34\u00ba Congresso Abrasel \u00e9 \u201cEvolu\u00e7\u00e3o: o amanh\u00e3 j\u00e1 come\u00e7ou\u201d. O evento est\u00e1 reunindo em Bras\u00edlia empres\u00e1rios do setor de Alimenta\u00e7\u00e3o Fora do Lar (AFL), profissionais de bares e restaurantes, l\u00edderes pol\u00edticos e empresariais, entusiastas da gastronomia e do turismo.<\/p>\n\n\n\n<div class=\"wp-block-image\"><figure class=\"alignright size-large is-resized\"><img loading=\"lazy\" decoding=\"async\" src=\"https:\/\/jornalfatosenoticias.com.br\/wp-content\/uploads\/2022\/07\/Logo-Grupo-SEI.jpg\" alt=\"\" class=\"wp-image-31973\" width=\"313\" height=\"165\" srcset=\"https:\/\/jornalfatosenoticias.com.br\/wp-content\/uploads\/2022\/07\/Logo-Grupo-SEI.jpg 713w, https:\/\/jornalfatosenoticias.com.br\/wp-content\/uploads\/2022\/07\/Logo-Grupo-SEI-300x158.jpg 300w\" sizes=\"auto, (max-width: 313px) 100vw, 313px\" \/><\/figure><\/div>\n\n\n\n<p>Al\u00e9m do ministro Paulo Guedes, o evento contou com as presen\u00e7as do presidente-executivo da Abrasel, Paulo Solmucci; do presidente do Conselho de Administra\u00e7\u00e3o da Abrasel, Paulo Nonaka; da l\u00edder do Conselho Nacional da Abrasel, Rosane Oliveira; do ministro do Turismo, Carlos Brito; do Advogado-Geral da Uni\u00e3o, Bruno Bianco; do governador do Distrito Federal, Ibaneis Rocha; do diretor t\u00e9cnico nacional do Servi\u00e7o Brasileiro de Apoio \u00e0s Micro e Pequenas Empresas (Sebrae), Bruno Quick; e do presidente da Uni\u00e3o Nacional de Entidades do Com\u00e9rcio e Servi\u00e7os (UNECS), Jos\u00e9 C\u00e9sar da Costa.<\/p>\n\n\n\n<div class=\"wp-block-image\"><figure class=\"aligncenter size-large is-resized\"><img loading=\"lazy\" decoding=\"async\" src=\"https:\/\/jornalfatosenoticias.com.br\/wp-content\/uploads\/2022\/06\/Casaruo1024_1.jpg\" alt=\"\" class=\"wp-image-31042\" width=\"318\" height=\"173\"\/><\/figure><\/div>\n","protected":false},"excerpt":{"rendered":"<p>Estamos nadando de bra\u00e7adas, a economia, segundo nosso maestro Paulo Guedes, ministro da Economia que, com sua batuta, vem esbanjando conhecimento de dados globais e, com muita propriedade, dando rumo ao que governos anteriores n\u00e3o tiveram compet\u00eancia, ou talvez interesse, em orquestrar devidamente a \u00e1rea econ\u00f4mica do Pa\u00eds.Paulo Guedes, que participou, nesta ter\u00e7a-feira (09), da [&hellip;]<\/p>\n","protected":false},"author":3,"featured_media":33098,"comment_status":"open","ping_status":"open","sticky":false,"template":"","format":"standard","meta":{"footnotes":""},"categories":[9],"tags":[9211,1216,13243,597,240,125,119,2197,1502,1853],"class_list":["post-33097","post","type-post","status-publish","format-standard","has-post-thumbnail","hentry","category-economia","tag-abrasel","tag-alimentacao","tag-bares-e-restaurantes","tag-brasil","tag-economia","tag-europa","tag-franca","tag-gastronomia","tag-paulo-guedes","tag-turismo"],"yoast_head":"<!-- This site is optimized with the Yoast SEO plugin v26.5 - https:\/\/yoast.com\/wordpress\/plugins\/seo\/ -->\n<title>Para desespero dos que torcem contra, o Brasil prosperando! - Jornal Fatos e Not\u00edcias<\/title>\n<meta name=\"robots\" content=\"index, follow, max-snippet:-1, max-image-preview:large, max-video-preview:-1\" \/>\n<link rel=\"canonical\" href=\"https:\/\/jornalfatosenoticias.com.br\/index.php\/2022\/08\/11\/para-desespero-dos-que-torcem-contra-o-brasil-prosperando\/\" \/>\n<meta property=\"og:locale\" content=\"pt_BR\" \/>\n<meta property=\"og:type\" content=\"article\" \/>\n<meta property=\"og:title\" content=\"Para desespero dos que torcem contra, o Brasil prosperando! - Jornal Fatos e Not\u00edcias\" \/>\n<meta property=\"og:description\" content=\"Estamos nadando de bra\u00e7adas, a economia, segundo nosso maestro Paulo Guedes, ministro da Economia que, com sua batuta, vem esbanjando conhecimento de dados globais e, com muita propriedade, dando rumo ao que governos anteriores n\u00e3o tiveram compet\u00eancia, ou talvez interesse, em orquestrar devidamente a \u00e1rea econ\u00f4mica do Pa\u00eds.Paulo Guedes, que participou, nesta ter\u00e7a-feira (09), da [&hellip;]\" \/>\n<meta property=\"og:url\" content=\"https:\/\/jornalfatosenoticias.com.br\/index.php\/2022\/08\/11\/para-desespero-dos-que-torcem-contra-o-brasil-prosperando\/\" \/>\n<meta property=\"og:site_name\" content=\"Jornal Fatos e Not\u00edcias\" \/>\n<meta property=\"article:published_time\" content=\"2022-08-11T16:09:34+00:00\" \/>\n<meta property=\"article:modified_time\" content=\"2022-08-11T16:09:39+00:00\" \/>\n<meta property=\"og:image\" content=\"https:\/\/jornalfatosenoticias.com.br\/wp-content\/uploads\/2022\/08\/Guedes-485.jpg\" \/>\n\t<meta property=\"og:image:width\" content=\"1000\" \/>\n\t<meta property=\"og:image:height\" content=\"625\" \/>\n\t<meta property=\"og:image:type\" content=\"image\/jpeg\" \/>\n<meta name=\"author\" content=\"Haroldo Filho\" \/>\n<meta name=\"twitter:card\" content=\"summary_large_image\" \/>\n<meta name=\"twitter:label1\" content=\"Escrito por\" \/>\n\t<meta name=\"twitter:data1\" content=\"Haroldo Filho\" \/>\n\t<meta name=\"twitter:label2\" content=\"Est. tempo de leitura\" \/>\n\t<meta name=\"twitter:data2\" content=\"2 minutos\" \/>\n<script type=\"application\/ld+json\" class=\"yoast-schema-graph\">{\"@context\":\"https:\/\/schema.org\",\"@graph\":[{\"@type\":\"Article\",\"@id\":\"https:\/\/jornalfatosenoticias.com.br\/index.php\/2022\/08\/11\/para-desespero-dos-que-torcem-contra-o-brasil-prosperando\/#article\",\"isPartOf\":{\"@id\":\"https:\/\/jornalfatosenoticias.com.br\/index.php\/2022\/08\/11\/para-desespero-dos-que-torcem-contra-o-brasil-prosperando\/\"},\"author\":{\"name\":\"Haroldo Filho\",\"@id\":\"https:\/\/jornalfatosenoticias.com.br\/#\/schema\/person\/05c46cc25b42a5c27e004fb0fa6b4965\"},\"headline\":\"Para desespero dos que torcem contra, o Brasil prosperando!\",\"datePublished\":\"2022-08-11T16:09:34+00:00\",\"dateModified\":\"2022-08-11T16:09:39+00:00\",\"mainEntityOfPage\":{\"@id\":\"https:\/\/jornalfatosenoticias.com.br\/index.php\/2022\/08\/11\/para-desespero-dos-que-torcem-contra-o-brasil-prosperando\/\"},\"wordCount\":341,\"commentCount\":0,\"publisher\":{\"@id\":\"https:\/\/jornalfatosenoticias.com.br\/#organization\"},\"image\":{\"@id\":\"https:\/\/jornalfatosenoticias.com.br\/index.php\/2022\/08\/11\/para-desespero-dos-que-torcem-contra-o-brasil-prosperando\/#primaryimage\"},\"thumbnailUrl\":\"https:\/\/jornalfatosenoticias.com.br\/wp-content\/uploads\/2022\/08\/Guedes-485.jpg\",\"keywords\":[\"Abrasel\",\"alimenta\u00e7\u00e3o\",\"bares e restaurantes\",\"Brasil\",\"economia\",\"Europa\",\"Fran\u00e7a\",\"gastronomia\",\"Paulo Guedes\",\"Turismo\"],\"articleSection\":[\"Economia\"],\"inLanguage\":\"pt-BR\",\"potentialAction\":[{\"@type\":\"CommentAction\",\"name\":\"Comment\",\"target\":[\"https:\/\/jornalfatosenoticias.com.br\/index.php\/2022\/08\/11\/para-desespero-dos-que-torcem-contra-o-brasil-prosperando\/#respond\"]}]},{\"@type\":\"WebPage\",\"@id\":\"https:\/\/jornalfatosenoticias.com.br\/index.php\/2022\/08\/11\/para-desespero-dos-que-torcem-contra-o-brasil-prosperando\/\",\"url\":\"https:\/\/jornalfatosenoticias.com.br\/index.php\/2022\/08\/11\/para-desespero-dos-que-torcem-contra-o-brasil-prosperando\/\",\"name\":\"Para desespero dos que torcem contra, o Brasil prosperando! - Jornal Fatos e Not\u00edcias\",\"isPartOf\":{\"@id\":\"https:\/\/jornalfatosenoticias.com.br\/#website\"},\"primaryImageOfPage\":{\"@id\":\"https:\/\/jornalfatosenoticias.com.br\/index.php\/2022\/08\/11\/para-desespero-dos-que-torcem-contra-o-brasil-prosperando\/#primaryimage\"},\"image\":{\"@id\":\"https:\/\/jornalfatosenoticias.com.br\/index.php\/2022\/08\/11\/para-desespero-dos-que-torcem-contra-o-brasil-prosperando\/#primaryimage\"},\"thumbnailUrl\":\"https:\/\/jornalfatosenoticias.com.br\/wp-content\/uploads\/2022\/08\/Guedes-485.jpg\",\"datePublished\":\"2022-08-11T16:09:34+00:00\",\"dateModified\":\"2022-08-11T16:09:39+00:00\",\"breadcrumb\":{\"@id\":\"https:\/\/jornalfatosenoticias.com.br\/index.php\/2022\/08\/11\/para-desespero-dos-que-torcem-contra-o-brasil-prosperando\/#breadcrumb\"},\"inLanguage\":\"pt-BR\",\"potentialAction\":[{\"@type\":\"ReadAction\",\"target\":[\"https:\/\/jornalfatosenoticias.com.br\/index.php\/2022\/08\/11\/para-desespero-dos-que-torcem-contra-o-brasil-prosperando\/\"]}]},{\"@type\":\"ImageObject\",\"inLanguage\":\"pt-BR\",\"@id\":\"https:\/\/jornalfatosenoticias.com.br\/index.php\/2022\/08\/11\/para-desespero-dos-que-torcem-contra-o-brasil-prosperando\/#primaryimage\",\"url\":\"https:\/\/jornalfatosenoticias.com.br\/wp-content\/uploads\/2022\/08\/Guedes-485.jpg\",\"contentUrl\":\"https:\/\/jornalfatosenoticias.com.br\/wp-content\/uploads\/2022\/08\/Guedes-485.jpg\",\"width\":1000,\"height\":625},{\"@type\":\"BreadcrumbList\",\"@id\":\"https:\/\/jornalfatosenoticias.com.br\/index.php\/2022\/08\/11\/para-desespero-dos-que-torcem-contra-o-brasil-prosperando\/#breadcrumb\",\"itemListElement\":[{\"@type\":\"ListItem\",\"position\":1,\"name\":\"In\u00edcio\",\"item\":\"https:\/\/jornalfatosenoticias.com.br\/\"},{\"@type\":\"ListItem\",\"position\":2,\"name\":\"Para desespero dos que torcem contra, o Brasil prosperando!\"}]},{\"@type\":\"WebSite\",\"@id\":\"https:\/\/jornalfatosenoticias.com.br\/#website\",\"url\":\"https:\/\/jornalfatosenoticias.com.br\/\",\"name\":\"Jornal Fatos e Not\u00edcias\",\"description\":\"Not\u00edcias em geral\",\"publisher\":{\"@id\":\"https:\/\/jornalfatosenoticias.com.br\/#organization\"},\"potentialAction\":[{\"@type\":\"SearchAction\",\"target\":{\"@type\":\"EntryPoint\",\"urlTemplate\":\"https:\/\/jornalfatosenoticias.com.br\/?s={search_term_string}\"},\"query-input\":{\"@type\":\"PropertyValueSpecification\",\"valueRequired\":true,\"valueName\":\"search_term_string\"}}],\"inLanguage\":\"pt-BR\"},{\"@type\":\"Organization\",\"@id\":\"https:\/\/jornalfatosenoticias.com.br\/#organization\",\"name\":\"Jornal Fatos e Not\u00edcias\",\"url\":\"https:\/\/jornalfatosenoticias.com.br\/\",\"logo\":{\"@type\":\"ImageObject\",\"inLanguage\":\"pt-BR\",\"@id\":\"https:\/\/jornalfatosenoticias.com.br\/#\/schema\/logo\/image\/\",\"url\":\"https:\/\/jornalfatosenoticias.com.br\/wp-content\/uploads\/2020\/02\/logo120.png\",\"contentUrl\":\"https:\/\/jornalfatosenoticias.com.br\/wp-content\/uploads\/2020\/02\/logo120.png\",\"width\":1227,\"height\":120,\"caption\":\"Jornal Fatos e Not\u00edcias\"},\"image\":{\"@id\":\"https:\/\/jornalfatosenoticias.com.br\/#\/schema\/logo\/image\/\"}},{\"@type\":\"Person\",\"@id\":\"https:\/\/jornalfatosenoticias.com.br\/#\/schema\/person\/05c46cc25b42a5c27e004fb0fa6b4965\",\"name\":\"Haroldo Filho\",\"image\":{\"@type\":\"ImageObject\",\"inLanguage\":\"pt-BR\",\"@id\":\"https:\/\/jornalfatosenoticias.com.br\/#\/schema\/person\/image\/\",\"url\":\"https:\/\/jornalfatosenoticias.com.br\/wp-content\/uploads\/2025\/08\/WhatsApp-Image-2025-08-18-at-15.30.28-150x150.jpeg\",\"contentUrl\":\"https:\/\/jornalfatosenoticias.com.br\/wp-content\/uploads\/2025\/08\/WhatsApp-Image-2025-08-18-at-15.30.28-150x150.jpeg\",\"caption\":\"Haroldo Filho\"},\"description\":\"Jornalista \u2013 DRT: 0003818\/ES Coordenador-geral da ONG Educar para Crescer\",\"url\":\"https:\/\/jornalfatosenoticias.com.br\/index.php\/author\/haroldo\/\"}]}<\/script>\n<!-- \/ Yoast SEO plugin. -->","yoast_head_json":{"title":"Para desespero dos que torcem contra, o Brasil prosperando! - Jornal Fatos e Not\u00edcias","robots":{"index":"index","follow":"follow","max-snippet":"max-snippet:-1","max-image-preview":"max-image-preview:large","max-video-preview":"max-video-preview:-1"},"canonical":"https:\/\/jornalfatosenoticias.com.br\/index.php\/2022\/08\/11\/para-desespero-dos-que-torcem-contra-o-brasil-prosperando\/","og_locale":"pt_BR","og_type":"article","og_title":"Para desespero dos que torcem contra, o Brasil prosperando! - Jornal Fatos e Not\u00edcias","og_description":"Estamos nadando de bra\u00e7adas, a economia, segundo nosso maestro Paulo Guedes, ministro da Economia que, com sua batuta, vem esbanjando conhecimento de dados globais e, com muita propriedade, dando rumo ao que governos anteriores n\u00e3o tiveram compet\u00eancia, ou talvez interesse, em orquestrar devidamente a \u00e1rea econ\u00f4mica do Pa\u00eds.Paulo Guedes, que participou, nesta ter\u00e7a-feira (09), da [&hellip;]","og_url":"https:\/\/jornalfatosenoticias.com.br\/index.php\/2022\/08\/11\/para-desespero-dos-que-torcem-contra-o-brasil-prosperando\/","og_site_name":"Jornal Fatos e Not\u00edcias","article_published_time":"2022-08-11T16:09:34+00:00","article_modified_time":"2022-08-11T16:09:39+00:00","og_image":[{"width":1000,"height":625,"url":"https:\/\/jornalfatosenoticias.com.br\/wp-content\/uploads\/2022\/08\/Guedes-485.jpg","type":"image\/jpeg"}],"author":"Haroldo Filho","twitter_card":"summary_large_image","twitter_misc":{"Escrito por":"Haroldo Filho","Est. tempo de leitura":"2 minutos"},"schema":{"@context":"https:\/\/schema.org","@graph":[{"@type":"Article","@id":"https:\/\/jornalfatosenoticias.com.br\/index.php\/2022\/08\/11\/para-desespero-dos-que-torcem-contra-o-brasil-prosperando\/#article","isPartOf":{"@id":"https:\/\/jornalfatosenoticias.com.br\/index.php\/2022\/08\/11\/para-desespero-dos-que-torcem-contra-o-brasil-prosperando\/"},"author":{"name":"Haroldo Filho","@id":"https:\/\/jornalfatosenoticias.com.br\/#\/schema\/person\/05c46cc25b42a5c27e004fb0fa6b4965"},"headline":"Para desespero dos que torcem contra, o Brasil prosperando!","datePublished":"2022-08-11T16:09:34+00:00","dateModified":"2022-08-11T16:09:39+00:00","mainEntityOfPage":{"@id":"https:\/\/jornalfatosenoticias.com.br\/index.php\/2022\/08\/11\/para-desespero-dos-que-torcem-contra-o-brasil-prosperando\/"},"wordCount":341,"commentCount":0,"publisher":{"@id":"https:\/\/jornalfatosenoticias.com.br\/#organization"},"image":{"@id":"https:\/\/jornalfatosenoticias.com.br\/index.php\/2022\/08\/11\/para-desespero-dos-que-torcem-contra-o-brasil-prosperando\/#primaryimage"},"thumbnailUrl":"https:\/\/jornalfatosenoticias.com.br\/wp-content\/uploads\/2022\/08\/Guedes-485.jpg","keywords":["Abrasel","alimenta\u00e7\u00e3o","bares e restaurantes","Brasil","economia","Europa","Fran\u00e7a","gastronomia","Paulo Guedes","Turismo"],"articleSection":["Economia"],"inLanguage":"pt-BR","potentialAction":[{"@type":"CommentAction","name":"Comment","target":["https:\/\/jornalfatosenoticias.com.br\/index.php\/2022\/08\/11\/para-desespero-dos-que-torcem-contra-o-brasil-prosperando\/#respond"]}]},{"@type":"WebPage","@id":"https:\/\/jornalfatosenoticias.com.br\/index.php\/2022\/08\/11\/para-desespero-dos-que-torcem-contra-o-brasil-prosperando\/","url":"https:\/\/jornalfatosenoticias.com.br\/index.php\/2022\/08\/11\/para-desespero-dos-que-torcem-contra-o-brasil-prosperando\/","name":"Para desespero dos que torcem contra, o Brasil prosperando! - Jornal Fatos e Not\u00edcias","isPartOf":{"@id":"https:\/\/jornalfatosenoticias.com.br\/#website"},"primaryImageOfPage":{"@id":"https:\/\/jornalfatosenoticias.com.br\/index.php\/2022\/08\/11\/para-desespero-dos-que-torcem-contra-o-brasil-prosperando\/#primaryimage"},"image":{"@id":"https:\/\/jornalfatosenoticias.com.br\/index.php\/2022\/08\/11\/para-desespero-dos-que-torcem-contra-o-brasil-prosperando\/#primaryimage"},"thumbnailUrl":"https:\/\/jornalfatosenoticias.com.br\/wp-content\/uploads\/2022\/08\/Guedes-485.jpg","datePublished":"2022-08-11T16:09:34+00:00","dateModified":"2022-08-11T16:09:39+00:00","breadcrumb":{"@id":"https:\/\/jornalfatosenoticias.com.br\/index.php\/2022\/08\/11\/para-desespero-dos-que-torcem-contra-o-brasil-prosperando\/#breadcrumb"},"inLanguage":"pt-BR","potentialAction":[{"@type":"ReadAction","target":["https:\/\/jornalfatosenoticias.com.br\/index.php\/2022\/08\/11\/para-desespero-dos-que-torcem-contra-o-brasil-prosperando\/"]}]},{"@type":"ImageObject","inLanguage":"pt-BR","@id":"https:\/\/jornalfatosenoticias.com.br\/index.php\/2022\/08\/11\/para-desespero-dos-que-torcem-contra-o-brasil-prosperando\/#primaryimage","url":"https:\/\/jornalfatosenoticias.com.br\/wp-content\/uploads\/2022\/08\/Guedes-485.jpg","contentUrl":"https:\/\/jornalfatosenoticias.com.br\/wp-content\/uploads\/2022\/08\/Guedes-485.jpg","width":1000,"height":625},{"@type":"BreadcrumbList","@id":"https:\/\/jornalfatosenoticias.com.br\/index.php\/2022\/08\/11\/para-desespero-dos-que-torcem-contra-o-brasil-prosperando\/#breadcrumb","itemListElement":[{"@type":"ListItem","position":1,"name":"In\u00edcio","item":"https:\/\/jornalfatosenoticias.com.br\/"},{"@type":"ListItem","position":2,"name":"Para desespero dos que torcem contra, o Brasil prosperando!"}]},{"@type":"WebSite","@id":"https:\/\/jornalfatosenoticias.com.br\/#website","url":"https:\/\/jornalfatosenoticias.com.br\/","name":"Jornal Fatos e Not\u00edcias","description":"Not\u00edcias em geral","publisher":{"@id":"https:\/\/jornalfatosenoticias.com.br\/#organization"},"potentialAction":[{"@type":"SearchAction","target":{"@type":"EntryPoint","urlTemplate":"https:\/\/jornalfatosenoticias.com.br\/?s={search_term_string}"},"query-input":{"@type":"PropertyValueSpecification","valueRequired":true,"valueName":"search_term_string"}}],"inLanguage":"pt-BR"},{"@type":"Organization","@id":"https:\/\/jornalfatosenoticias.com.br\/#organization","name":"Jornal Fatos e Not\u00edcias","url":"https:\/\/jornalfatosenoticias.com.br\/","logo":{"@type":"ImageObject","inLanguage":"pt-BR","@id":"https:\/\/jornalfatosenoticias.com.br\/#\/schema\/logo\/image\/","url":"https:\/\/jornalfatosenoticias.com.br\/wp-content\/uploads\/2020\/02\/logo120.png","contentUrl":"https:\/\/jornalfatosenoticias.com.br\/wp-content\/uploads\/2020\/02\/logo120.png","width":1227,"height":120,"caption":"Jornal Fatos e Not\u00edcias"},"image":{"@id":"https:\/\/jornalfatosenoticias.com.br\/#\/schema\/logo\/image\/"}},{"@type":"Person","@id":"https:\/\/jornalfatosenoticias.com.br\/#\/schema\/person\/05c46cc25b42a5c27e004fb0fa6b4965","name":"Haroldo Filho","image":{"@type":"ImageObject","inLanguage":"pt-BR","@id":"https:\/\/jornalfatosenoticias.com.br\/#\/schema\/person\/image\/","url":"https:\/\/jornalfatosenoticias.com.br\/wp-content\/uploads\/2025\/08\/WhatsApp-Image-2025-08-18-at-15.30.28-150x150.jpeg","contentUrl":"https:\/\/jornalfatosenoticias.com.br\/wp-content\/uploads\/2025\/08\/WhatsApp-Image-2025-08-18-at-15.30.28-150x150.jpeg","caption":"Haroldo Filho"},"description":"Jornalista \u2013 DRT: 0003818\/ES Coordenador-geral da ONG Educar para Crescer","url":"https:\/\/jornalfatosenoticias.com.br\/index.php\/author\/haroldo\/"}]}},"cc_featured_image_caption":{"caption_text":"(Foto: BRInforme) ","source_text":"","source_url":""},"jetpack_featured_media_url":"https:\/\/jornalfatosenoticias.com.br\/wp-content\/uploads\/2022\/08\/Guedes-485.jpg","_links":{"self":[{"href":"https:\/\/jornalfatosenoticias.com.br\/index.php\/wp-json\/wp\/v2\/posts\/33097","targetHints":{"allow":["GET"]}}],"collection":[{"href":"https:\/\/jornalfatosenoticias.com.br\/index.php\/wp-json\/wp\/v2\/posts"}],"about":[{"href":"https:\/\/jornalfatosenoticias.com.br\/index.php\/wp-json\/wp\/v2\/types\/post"}],"author":[{"embeddable":true,"href":"https:\/\/jornalfatosenoticias.com.br\/index.php\/wp-json\/wp\/v2\/users\/3"}],"replies":[{"embeddable":true,"href":"https:\/\/jornalfatosenoticias.com.br\/index.php\/wp-json\/wp\/v2\/comments?post=33097"}],"version-history":[{"count":0,"href":"https:\/\/jornalfatosenoticias.com.br\/index.php\/wp-json\/wp\/v2\/posts\/33097\/revisions"}],"wp:featuredmedia":[{"embeddable":true,"href":"https:\/\/jornalfatosenoticias.com.br\/index.php\/wp-json\/wp\/v2\/media\/33098"}],"wp:attachment":[{"href":"https:\/\/jornalfatosenoticias.com.br\/index.php\/wp-json\/wp\/v2\/media?parent=33097"}],"wp:term":[{"taxonomy":"category","embeddable":true,"href":"https:\/\/jornalfatosenoticias.com.br\/index.php\/wp-json\/wp\/v2\/categories?post=33097"},{"taxonomy":"post_tag","embeddable":true,"href":"https:\/\/jornalfatosenoticias.com.br\/index.php\/wp-json\/wp\/v2\/tags?post=33097"}],"curies":[{"name":"wp","href":"https:\/\/api.w.org\/{rel}","templated":true}]}}