{"id":33104,"date":"2022-08-11T13:31:12","date_gmt":"2022-08-11T16:31:12","guid":{"rendered":"https:\/\/jornalfatosenoticias.com.br\/?p=33104"},"modified":"2022-08-11T13:31:16","modified_gmt":"2022-08-11T16:31:16","slug":"adaga-e-selo-de-33-mil-anos-sao-descobertos-na-turquia","status":"publish","type":"post","link":"https:\/\/jornalfatosenoticias.com.br\/index.php\/2022\/08\/11\/adaga-e-selo-de-33-mil-anos-sao-descobertos-na-turquia\/","title":{"rendered":"Adaga e selo de 3,3 mil anos s\u00e3o descobertos na Turquia"},"content":{"rendered":"\n<p><em><span class=\"has-inline-color has-black-color\">Adaga que lembra espada mic\u00eanica e selo s\u00e3o nova descoberta em s\u00edtio arqueol\u00f3gico na Turquia<\/span><\/em><\/p>\n\n\n\n<div class=\"wp-block-image\"><figure class=\"aligncenter size-large\"><img loading=\"lazy\" decoding=\"async\" width=\"1024\" height=\"100\" src=\"https:\/\/jornalfatosenoticias.com.br\/wp-content\/uploads\/2020\/02\/banner_ferramentas-1024x100.jpg\" alt=\"\" class=\"wp-image-1258\" srcset=\"https:\/\/jornalfatosenoticias.com.br\/wp-content\/uploads\/2020\/02\/banner_ferramentas-1024x100.jpg 1024w, https:\/\/jornalfatosenoticias.com.br\/wp-content\/uploads\/2020\/02\/banner_ferramentas-300x29.jpg 300w, https:\/\/jornalfatosenoticias.com.br\/wp-content\/uploads\/2020\/02\/banner_ferramentas-768x75.jpg 768w, https:\/\/jornalfatosenoticias.com.br\/wp-content\/uploads\/2020\/02\/banner_ferramentas.jpg 1227w\" sizes=\"auto, (max-width: 1024px) 100vw, 1024px\" \/><\/figure><\/div>\n\n\n\n<p>Um selo e uma adaga datados de 3,3 mil anos <a href=\"https:\/\/aventurasnahistoria.uol.com.br\/noticias\/historia-hoje\/arqueologos-podem-ter-encontrado-palacio-de-hulagu-khan-na-turquia.phtml\" rel=\"noreferrer noopener\" target=\"_blank\">foram descobertos<\/a> em Kutahya, cidade na Turquia. As novas descobertas foram reveladas por escava\u00e7\u00f5es no s\u00edtio arqueol\u00f3gico de Tav\u015fanl\u0131 H\u00f6y\u00fck ou monte Tav\u015fanl\u0131. A descoberta foi divulgada nas redes sociais do Departamento de Escava\u00e7\u00f5es e Investiga\u00e7\u00e3o da Dire\u00e7\u00e3o Geral do Patrim\u00f4nio Cultural e Museus do Minist\u00e9rio da Cultura e Turismo. A <a href=\"https:\/\/aventurasnahistoria.uol.com.br\/noticias\/reportagem\/5-curiosidades-sobre-o-intrigante-punhal-do-farao-tutancamon.phtml\" rel=\"noreferrer noopener\" target=\"_blank\">adaga<\/a> lembra espadas mic\u00eanicas.<br>Como repercutido pela revista Galileu, as <a href=\"https:\/\/aventurasnahistoria.uol.com.br\/noticias\/historia-hoje\/fossil-de-lagarto-encontrado-na-asia-intriga-especialistas.phtml\" rel=\"noreferrer noopener\" target=\"_blank\">escava\u00e7\u00f5es<\/a> no local j\u00e1 ocorrem h\u00e1 quatro anos por arque\u00f3logos da Universidade Bilecik \u015eeyh Edebali e estima-se que continuem por mais tr\u00eas d\u00e9cadas.<\/p>\n\n\n\n<div class=\"wp-block-image\"><figure class=\"aligncenter size-large is-resized\"><img loading=\"lazy\" decoding=\"async\" src=\"https:\/\/jornalfatosenoticias.com.br\/wp-content\/uploads\/2022\/08\/logo-locau-veiculos-1024x573.png\" alt=\"\" class=\"wp-image-33078\" width=\"319\" height=\"178\"\/><\/figure><\/div>\n\n\n\n<p><strong><span class=\"has-inline-color has-vivid-purple-color\">Assentamento Tav\u015fanl\u0131 H\u00f6y\u00fck<br><\/span><\/strong>Como afirma <strong>Erkan Fidan<\/strong> \u2014 professor que est\u00e1 liderando os arque\u00f3logos nas an\u00e1lises \u2014 ao Ancient Origins: \u201cA an\u00e1lise de idade realizada pelo Conselho de Pesquisa Cient\u00edfica e Tecnol\u00f3gica da Turquia (T\u00dcB\u0130TAK) revela que Tav\u015fanl\u0131 H\u00f6y\u00fck \u00e9 o assentamento mais antigo conhecido de K\u00fctahya&#8221;.<\/p>\n\n\n\n<div class=\"wp-block-image\"><figure class=\"aligncenter size-large is-resized\"><img loading=\"lazy\" decoding=\"async\" src=\"https:\/\/jornalfatosenoticias.com.br\/wp-content\/uploads\/2020\/02\/SEVENTUR-TURISMO.jpg\" alt=\"\" class=\"wp-image-32994\" width=\"256\" height=\"202\"\/><\/figure><\/div>\n\n\n\n<div class=\"wp-block-jetpack-slideshow aligncenter\" data-effect=\"slide\"><div class=\"wp-block-jetpack-slideshow_container swiper-container\"><ul class=\"wp-block-jetpack-slideshow_swiper-wrapper swiper-wrapper\"><li class=\"wp-block-jetpack-slideshow_slide swiper-slide\"><figure><img loading=\"lazy\" decoding=\"async\" width=\"1000\" height=\"562\" alt=\"\" class=\"wp-block-jetpack-slideshow_image wp-image-33105\" data-id=\"33105\" src=\"https:\/\/jornalfatosenoticias.com.br\/wp-content\/uploads\/2022\/08\/ARMAS-ROMANAS_1-1.jpg\" srcset=\"https:\/\/jornalfatosenoticias.com.br\/wp-content\/uploads\/2022\/08\/ARMAS-ROMANAS_1-1.jpg 1000w, https:\/\/jornalfatosenoticias.com.br\/wp-content\/uploads\/2022\/08\/ARMAS-ROMANAS_1-1-300x169.jpg 300w, https:\/\/jornalfatosenoticias.com.br\/wp-content\/uploads\/2022\/08\/ARMAS-ROMANAS_1-1-768x432.jpg 768w\" sizes=\"auto, (max-width: 1000px) 100vw, 1000px\" \/><figcaption class=\"wp-block-jetpack-slideshow_caption gallery-caption\">(Foto: Reprodu\u00e7\u00e3o\/Twitter\/Departamento Turco de Escava\u00e7\u00f5es e Pesquisa) <\/figcaption><\/figure><\/li><li class=\"wp-block-jetpack-slideshow_slide swiper-slide\"><figure><img loading=\"lazy\" decoding=\"async\" width=\"1000\" height=\"662\" alt=\"\" class=\"wp-block-jetpack-slideshow_image wp-image-33106\" data-id=\"33106\" src=\"https:\/\/jornalfatosenoticias.com.br\/wp-content\/uploads\/2022\/08\/ARMAS-ROMANAS_2-1.jpg\" srcset=\"https:\/\/jornalfatosenoticias.com.br\/wp-content\/uploads\/2022\/08\/ARMAS-ROMANAS_2-1.jpg 1000w, https:\/\/jornalfatosenoticias.com.br\/wp-content\/uploads\/2022\/08\/ARMAS-ROMANAS_2-1-300x199.jpg 300w, https:\/\/jornalfatosenoticias.com.br\/wp-content\/uploads\/2022\/08\/ARMAS-ROMANAS_2-1-768x508.jpg 768w\" sizes=\"auto, (max-width: 1000px) 100vw, 1000px\" \/><figcaption class=\"wp-block-jetpack-slideshow_caption gallery-caption\">(Foto: Reprodu\u00e7\u00e3o\/Twitter\/Departamento Turco de Escava\u00e7\u00f5es e Pesquisa) <\/figcaption><\/figure><\/li><li class=\"wp-block-jetpack-slideshow_slide swiper-slide\"><figure><img loading=\"lazy\" decoding=\"async\" width=\"1000\" height=\"662\" alt=\"\" class=\"wp-block-jetpack-slideshow_image wp-image-33109\" data-id=\"33109\" src=\"https:\/\/jornalfatosenoticias.com.br\/wp-content\/uploads\/2022\/08\/ARMAS-ROMANAS_3-2.jpg\" srcset=\"https:\/\/jornalfatosenoticias.com.br\/wp-content\/uploads\/2022\/08\/ARMAS-ROMANAS_3-2.jpg 1000w, https:\/\/jornalfatosenoticias.com.br\/wp-content\/uploads\/2022\/08\/ARMAS-ROMANAS_3-2-300x199.jpg 300w, https:\/\/jornalfatosenoticias.com.br\/wp-content\/uploads\/2022\/08\/ARMAS-ROMANAS_3-2-768x508.jpg 768w\" sizes=\"auto, (max-width: 1000px) 100vw, 1000px\" \/><figcaption class=\"wp-block-jetpack-slideshow_caption gallery-caption\">(Foto: Reprodu\u00e7\u00e3o\/Twitter\/Departamento Turco de Escava\u00e7\u00f5es e Pesquisa) <\/figcaption><\/figure><\/li><\/ul><a class=\"wp-block-jetpack-slideshow_button-prev swiper-button-prev swiper-button-white\" role=\"button\"><\/a><a class=\"wp-block-jetpack-slideshow_button-next swiper-button-next swiper-button-white\" role=\"button\"><\/a><a aria-label=\"Pause Slideshow\" class=\"wp-block-jetpack-slideshow_button-pause\" role=\"button\"><\/a><div class=\"wp-block-jetpack-slideshow_pagination swiper-pagination swiper-pagination-white\"><\/div><\/div><\/div>\n\n\n\n<blockquote class=\"wp-block-quote is-layout-flow wp-block-quote-is-layout-flow\"><p><span class=\"has-inline-color has-luminous-vivid-orange-color\">&#8220;A vila que se desenvolveu ao longo do tempo se tornou uma grande cidade h\u00e1 cinco mil anos. Nesse per\u00edodo, que \u00e9 chamado de Idade do Bronze, acredita-se que o cobre e a prata eram processados e comercializados aqui\u201d, afirmou.<\/span><\/p><\/blockquote>\n\n\n\n<div class=\"wp-block-image\"><figure class=\"aligncenter size-large is-resized\"><img loading=\"lazy\" decoding=\"async\" src=\"https:\/\/jornalfatosenoticias.com.br\/wp-content\/uploads\/2022\/07\/Logo-Grupo-SEI.jpg\" alt=\"\" class=\"wp-image-31973\" width=\"339\" height=\"178\" srcset=\"https:\/\/jornalfatosenoticias.com.br\/wp-content\/uploads\/2022\/07\/Logo-Grupo-SEI.jpg 713w, https:\/\/jornalfatosenoticias.com.br\/wp-content\/uploads\/2022\/07\/Logo-Grupo-SEI-300x158.jpg 300w\" sizes=\"auto, (max-width: 339px) 100vw, 339px\" \/><\/figure><\/div>\n\n\n\n<p>O local se tornou uma grande cidade, mil anos depois de se urbanizar \u2014 h\u00e1 cerca de cinco mil anos \u2014 no per\u00edodo em que um povo definido como Hatti vivia na Anat\u00f3lia Central e o povo Luwi, na Anat\u00f3lia Ocidental.<\/p>\n\n\n\n<div class=\"wp-block-image\"><figure class=\"aligncenter size-large is-resized\"><img loading=\"lazy\" decoding=\"async\" src=\"https:\/\/jornalfatosenoticias.com.br\/wp-content\/uploads\/2022\/02\/Serra-Pack-459.png\" alt=\"\" class=\"wp-image-27471\" width=\"298\" height=\"119\"\/><\/figure><\/div>\n\n\n\n<blockquote class=\"wp-block-quote is-layout-flow wp-block-quote-is-layout-flow\"><p><span class=\"has-inline-color has-luminous-vivid-orange-color\">\u201cPosso dizer que a civiliza\u00e7\u00e3o hitita \u00e9 bem conhecida, mas n\u00e3o temos nenhuma informa\u00e7\u00e3o sobre as cidades luvianas. Acho que Tav\u015fanl\u0131 H\u00f6y\u00fck pode ser uma cidade pertencente aos luwianos, que \u00e9 vista como um elo perdido na hist\u00f3ria da Anat\u00f3lia\u201d, explicou <strong>Fidan.<\/strong><\/span><\/p><\/blockquote>\n\n\n\n<div class=\"wp-block-image\"><figure class=\"aligncenter size-large is-resized\"><img loading=\"lazy\" decoding=\"async\" src=\"https:\/\/jornalfatosenoticias.com.br\/wp-content\/uploads\/2022\/06\/Casaruo1024_1.jpg\" alt=\"\" class=\"wp-image-31042\" width=\"385\" height=\"210\"\/><\/figure><\/div>\n\n\n\n<p>As descobertas permitem tra\u00e7ar a hist\u00f3ria dos luwianos e descobrir as pr\u00e1ticas culturais que compunham as diferen\u00e7as entre a <a href=\"https:\/\/aventurasnahistoria.uol.com.br\/noticias\/reportagem\/a-impressionante-reconstrucao-facial-do-homem-de-perak-o-fossil-mais-antigo-da-malasia.phtml\" rel=\"noreferrer noopener\" target=\"_blank\">\u00c1sia<\/a>\u00a0Central e Ocidental, da \u00e9poca, que tinham reinos severamente fragmentados.<br>O site Aventuras na Hist\u00f3ria est\u00e1 no Helo! N\u00e3o fique de fora e siga agora mesmo para acessar os principais assuntos do momento e reportagens especiais.<\/p>\n\n\n\n<div class=\"wp-block-image\"><figure class=\"aligncenter size-large is-resized\"><img loading=\"lazy\" decoding=\"async\" src=\"https:\/\/jornalfatosenoticias.com.br\/wp-content\/uploads\/2022\/03\/logo-Suinco-1024x390.jpg\" alt=\"\" class=\"wp-image-28785\" width=\"289\" height=\"109\"\/><\/figure><\/div>\n\n\n\n<p><a href=\"https:\/\/v.helo-app.com\/share\/user\/7122459972416701446?app_id=3817&amp;language=pt&amp;open_url=snssdk3817:\/\/user_profile?app_launch_by=Share+Page+Link%26user_id=7122459972416701446&amp;region=br\" rel=\"noreferrer noopener\" target=\"_blank\">Clique aqui<\/a>\u00a0para seguir.<\/p>\n\n\n\n<p><em><span class=\"has-inline-color has-black-color\"><strong>Foto: <\/strong>Reprodu\u00e7\u00e3o\/Twitter\/Departamento Turco de Escava\u00e7\u00f5es e Pesquisa<\/span><\/em><\/p>\n\n\n\n<p><strong><em>Fonte: <a href=\"https:\/\/aventurasnahistoria.uol.com.br\/noticias\/historia-hoje\/em-sitio-arqueologico-na-turquia-adaga-e-selo-de-33-mil-anos-sao-descobertos.phtml\">Aventuras na Hist\u00f3ria<\/a><\/em><\/strong><\/p>\n","protected":false},"excerpt":{"rendered":"<p>Adaga que lembra espada mic\u00eanica e selo s\u00e3o nova descoberta em s\u00edtio arqueol\u00f3gico na Turquia Um selo e uma adaga datados de 3,3 mil anos foram descobertos em Kutahya, cidade na Turquia. As novas descobertas foram reveladas por escava\u00e7\u00f5es no s\u00edtio arqueol\u00f3gico de Tav\u015fanl\u0131 H\u00f6y\u00fck ou monte Tav\u015fanl\u0131. A descoberta foi divulgada nas redes sociais [&hellip;]<\/p>\n","protected":false},"author":2,"featured_media":33108,"comment_status":"open","ping_status":"open","sticky":false,"template":"","format":"standard","meta":{"footnotes":""},"categories":[9808],"tags":[15587,1478,15588,15589,6393,476,145],"class_list":["post-33104","post","type-post","status-publish","format-standard","has-post-thumbnail","hentry","category-paleo-arqueologia","tag-adaga","tag-arqueologia","tag-erkan-fidan","tag-luwianos","tag-selo","tag-sitio-arqueologico","tag-turquia"],"yoast_head":"<!-- This site is optimized with the Yoast SEO plugin v26.5 - https:\/\/yoast.com\/wordpress\/plugins\/seo\/ -->\n<title>Adaga e selo de 3,3 mil anos s\u00e3o descobertos na Turquia - Jornal Fatos e Not\u00edcias<\/title>\n<meta name=\"robots\" content=\"index, follow, max-snippet:-1, max-image-preview:large, max-video-preview:-1\" \/>\n<link rel=\"canonical\" href=\"https:\/\/jornalfatosenoticias.com.br\/index.php\/2022\/08\/11\/adaga-e-selo-de-33-mil-anos-sao-descobertos-na-turquia\/\" \/>\n<meta property=\"og:locale\" content=\"pt_BR\" \/>\n<meta property=\"og:type\" content=\"article\" \/>\n<meta property=\"og:title\" content=\"Adaga e selo de 3,3 mil anos s\u00e3o descobertos na Turquia - Jornal Fatos e Not\u00edcias\" \/>\n<meta property=\"og:description\" content=\"Adaga que lembra espada mic\u00eanica e selo s\u00e3o nova descoberta em s\u00edtio arqueol\u00f3gico na Turquia Um selo e uma adaga datados de 3,3 mil anos foram descobertos em Kutahya, cidade na Turquia. As novas descobertas foram reveladas por escava\u00e7\u00f5es no s\u00edtio arqueol\u00f3gico de Tav\u015fanl\u0131 H\u00f6y\u00fck ou monte Tav\u015fanl\u0131. A descoberta foi divulgada nas redes sociais [&hellip;]\" \/>\n<meta property=\"og:url\" content=\"https:\/\/jornalfatosenoticias.com.br\/index.php\/2022\/08\/11\/adaga-e-selo-de-33-mil-anos-sao-descobertos-na-turquia\/\" \/>\n<meta property=\"og:site_name\" content=\"Jornal Fatos e Not\u00edcias\" \/>\n<meta property=\"article:published_time\" content=\"2022-08-11T16:31:12+00:00\" \/>\n<meta property=\"article:modified_time\" content=\"2022-08-11T16:31:16+00:00\" \/>\n<meta property=\"og:image\" content=\"https:\/\/jornalfatosenoticias.com.br\/wp-content\/uploads\/2022\/08\/adaga_e_selo_turquia.jpg\" \/>\n\t<meta property=\"og:image:width\" content=\"1000\" \/>\n\t<meta property=\"og:image:height\" content=\"533\" \/>\n\t<meta property=\"og:image:type\" content=\"image\/jpeg\" \/>\n<meta name=\"author\" content=\"Luzimara Fernandes\" \/>\n<meta name=\"twitter:card\" content=\"summary_large_image\" \/>\n<meta name=\"twitter:label1\" content=\"Escrito por\" \/>\n\t<meta name=\"twitter:data1\" content=\"Luzimara Fernandes\" \/>\n\t<meta name=\"twitter:label2\" content=\"Est. tempo de leitura\" \/>\n\t<meta name=\"twitter:data2\" content=\"2 minutos\" \/>\n<script type=\"application\/ld+json\" class=\"yoast-schema-graph\">{\"@context\":\"https:\/\/schema.org\",\"@graph\":[{\"@type\":\"Article\",\"@id\":\"https:\/\/jornalfatosenoticias.com.br\/index.php\/2022\/08\/11\/adaga-e-selo-de-33-mil-anos-sao-descobertos-na-turquia\/#article\",\"isPartOf\":{\"@id\":\"https:\/\/jornalfatosenoticias.com.br\/index.php\/2022\/08\/11\/adaga-e-selo-de-33-mil-anos-sao-descobertos-na-turquia\/\"},\"author\":{\"name\":\"Luzimara Fernandes\",\"@id\":\"https:\/\/jornalfatosenoticias.com.br\/#\/schema\/person\/d63837fa13ac8666eb9e74e0985d6f81\"},\"headline\":\"Adaga e selo de 3,3 mil anos s\u00e3o descobertos na Turquia\",\"datePublished\":\"2022-08-11T16:31:12+00:00\",\"dateModified\":\"2022-08-11T16:31:16+00:00\",\"mainEntityOfPage\":{\"@id\":\"https:\/\/jornalfatosenoticias.com.br\/index.php\/2022\/08\/11\/adaga-e-selo-de-33-mil-anos-sao-descobertos-na-turquia\/\"},\"wordCount\":443,\"commentCount\":0,\"publisher\":{\"@id\":\"https:\/\/jornalfatosenoticias.com.br\/#organization\"},\"image\":{\"@id\":\"https:\/\/jornalfatosenoticias.com.br\/index.php\/2022\/08\/11\/adaga-e-selo-de-33-mil-anos-sao-descobertos-na-turquia\/#primaryimage\"},\"thumbnailUrl\":\"https:\/\/jornalfatosenoticias.com.br\/wp-content\/uploads\/2022\/08\/adaga_e_selo_turquia.jpg\",\"keywords\":[\"adaga\",\"arqueologia\",\"Erkan Fidan\",\"luwianos\",\"selo\",\"s\u00edtio arqueol\u00f3gico\",\"Turquia\"],\"articleSection\":[\"Paleo &amp; Arqueologia\"],\"inLanguage\":\"pt-BR\",\"potentialAction\":[{\"@type\":\"CommentAction\",\"name\":\"Comment\",\"target\":[\"https:\/\/jornalfatosenoticias.com.br\/index.php\/2022\/08\/11\/adaga-e-selo-de-33-mil-anos-sao-descobertos-na-turquia\/#respond\"]}]},{\"@type\":\"WebPage\",\"@id\":\"https:\/\/jornalfatosenoticias.com.br\/index.php\/2022\/08\/11\/adaga-e-selo-de-33-mil-anos-sao-descobertos-na-turquia\/\",\"url\":\"https:\/\/jornalfatosenoticias.com.br\/index.php\/2022\/08\/11\/adaga-e-selo-de-33-mil-anos-sao-descobertos-na-turquia\/\",\"name\":\"Adaga e selo de 3,3 mil anos s\u00e3o descobertos na Turquia - Jornal Fatos e Not\u00edcias\",\"isPartOf\":{\"@id\":\"https:\/\/jornalfatosenoticias.com.br\/#website\"},\"primaryImageOfPage\":{\"@id\":\"https:\/\/jornalfatosenoticias.com.br\/index.php\/2022\/08\/11\/adaga-e-selo-de-33-mil-anos-sao-descobertos-na-turquia\/#primaryimage\"},\"image\":{\"@id\":\"https:\/\/jornalfatosenoticias.com.br\/index.php\/2022\/08\/11\/adaga-e-selo-de-33-mil-anos-sao-descobertos-na-turquia\/#primaryimage\"},\"thumbnailUrl\":\"https:\/\/jornalfatosenoticias.com.br\/wp-content\/uploads\/2022\/08\/adaga_e_selo_turquia.jpg\",\"datePublished\":\"2022-08-11T16:31:12+00:00\",\"dateModified\":\"2022-08-11T16:31:16+00:00\",\"breadcrumb\":{\"@id\":\"https:\/\/jornalfatosenoticias.com.br\/index.php\/2022\/08\/11\/adaga-e-selo-de-33-mil-anos-sao-descobertos-na-turquia\/#breadcrumb\"},\"inLanguage\":\"pt-BR\",\"potentialAction\":[{\"@type\":\"ReadAction\",\"target\":[\"https:\/\/jornalfatosenoticias.com.br\/index.php\/2022\/08\/11\/adaga-e-selo-de-33-mil-anos-sao-descobertos-na-turquia\/\"]}]},{\"@type\":\"ImageObject\",\"inLanguage\":\"pt-BR\",\"@id\":\"https:\/\/jornalfatosenoticias.com.br\/index.php\/2022\/08\/11\/adaga-e-selo-de-33-mil-anos-sao-descobertos-na-turquia\/#primaryimage\",\"url\":\"https:\/\/jornalfatosenoticias.com.br\/wp-content\/uploads\/2022\/08\/adaga_e_selo_turquia.jpg\",\"contentUrl\":\"https:\/\/jornalfatosenoticias.com.br\/wp-content\/uploads\/2022\/08\/adaga_e_selo_turquia.jpg\",\"width\":1000,\"height\":533},{\"@type\":\"BreadcrumbList\",\"@id\":\"https:\/\/jornalfatosenoticias.com.br\/index.php\/2022\/08\/11\/adaga-e-selo-de-33-mil-anos-sao-descobertos-na-turquia\/#breadcrumb\",\"itemListElement\":[{\"@type\":\"ListItem\",\"position\":1,\"name\":\"In\u00edcio\",\"item\":\"https:\/\/jornalfatosenoticias.com.br\/\"},{\"@type\":\"ListItem\",\"position\":2,\"name\":\"Adaga e selo de 3,3 mil anos s\u00e3o descobertos na Turquia\"}]},{\"@type\":\"WebSite\",\"@id\":\"https:\/\/jornalfatosenoticias.com.br\/#website\",\"url\":\"https:\/\/jornalfatosenoticias.com.br\/\",\"name\":\"Jornal Fatos e Not\u00edcias\",\"description\":\"Not\u00edcias em geral\",\"publisher\":{\"@id\":\"https:\/\/jornalfatosenoticias.com.br\/#organization\"},\"potentialAction\":[{\"@type\":\"SearchAction\",\"target\":{\"@type\":\"EntryPoint\",\"urlTemplate\":\"https:\/\/jornalfatosenoticias.com.br\/?s={search_term_string}\"},\"query-input\":{\"@type\":\"PropertyValueSpecification\",\"valueRequired\":true,\"valueName\":\"search_term_string\"}}],\"inLanguage\":\"pt-BR\"},{\"@type\":\"Organization\",\"@id\":\"https:\/\/jornalfatosenoticias.com.br\/#organization\",\"name\":\"Jornal Fatos e Not\u00edcias\",\"url\":\"https:\/\/jornalfatosenoticias.com.br\/\",\"logo\":{\"@type\":\"ImageObject\",\"inLanguage\":\"pt-BR\",\"@id\":\"https:\/\/jornalfatosenoticias.com.br\/#\/schema\/logo\/image\/\",\"url\":\"https:\/\/jornalfatosenoticias.com.br\/wp-content\/uploads\/2020\/02\/logo120.png\",\"contentUrl\":\"https:\/\/jornalfatosenoticias.com.br\/wp-content\/uploads\/2020\/02\/logo120.png\",\"width\":1227,\"height\":120,\"caption\":\"Jornal Fatos e Not\u00edcias\"},\"image\":{\"@id\":\"https:\/\/jornalfatosenoticias.com.br\/#\/schema\/logo\/image\/\"}},{\"@type\":\"Person\",\"@id\":\"https:\/\/jornalfatosenoticias.com.br\/#\/schema\/person\/d63837fa13ac8666eb9e74e0985d6f81\",\"name\":\"Luzimara Fernandes\",\"image\":{\"@type\":\"ImageObject\",\"inLanguage\":\"pt-BR\",\"@id\":\"https:\/\/jornalfatosenoticias.com.br\/#\/schema\/person\/image\/\",\"url\":\"https:\/\/jornalfatosenoticias.com.br\/wp-content\/uploads\/2025\/05\/EU_portal.jpg\",\"contentUrl\":\"https:\/\/jornalfatosenoticias.com.br\/wp-content\/uploads\/2025\/05\/EU_portal.jpg\",\"caption\":\"Luzimara Fernandes\"},\"description\":\"Jornalista MTB 2358-ES\",\"sameAs\":[\"https:\/\/jornalfatosenoticias.com.br\"],\"url\":\"https:\/\/jornalfatosenoticias.com.br\/index.php\/author\/luzimara\/\"}]}<\/script>\n<!-- \/ Yoast SEO plugin. -->","yoast_head_json":{"title":"Adaga e selo de 3,3 mil anos s\u00e3o descobertos na Turquia - Jornal Fatos e Not\u00edcias","robots":{"index":"index","follow":"follow","max-snippet":"max-snippet:-1","max-image-preview":"max-image-preview:large","max-video-preview":"max-video-preview:-1"},"canonical":"https:\/\/jornalfatosenoticias.com.br\/index.php\/2022\/08\/11\/adaga-e-selo-de-33-mil-anos-sao-descobertos-na-turquia\/","og_locale":"pt_BR","og_type":"article","og_title":"Adaga e selo de 3,3 mil anos s\u00e3o descobertos na Turquia - Jornal Fatos e Not\u00edcias","og_description":"Adaga que lembra espada mic\u00eanica e selo s\u00e3o nova descoberta em s\u00edtio arqueol\u00f3gico na Turquia Um selo e uma adaga datados de 3,3 mil anos foram descobertos em Kutahya, cidade na Turquia. As novas descobertas foram reveladas por escava\u00e7\u00f5es no s\u00edtio arqueol\u00f3gico de Tav\u015fanl\u0131 H\u00f6y\u00fck ou monte Tav\u015fanl\u0131. A descoberta foi divulgada nas redes sociais [&hellip;]","og_url":"https:\/\/jornalfatosenoticias.com.br\/index.php\/2022\/08\/11\/adaga-e-selo-de-33-mil-anos-sao-descobertos-na-turquia\/","og_site_name":"Jornal Fatos e Not\u00edcias","article_published_time":"2022-08-11T16:31:12+00:00","article_modified_time":"2022-08-11T16:31:16+00:00","og_image":[{"width":1000,"height":533,"url":"https:\/\/jornalfatosenoticias.com.br\/wp-content\/uploads\/2022\/08\/adaga_e_selo_turquia.jpg","type":"image\/jpeg"}],"author":"Luzimara Fernandes","twitter_card":"summary_large_image","twitter_misc":{"Escrito por":"Luzimara Fernandes","Est. tempo de leitura":"2 minutos"},"schema":{"@context":"https:\/\/schema.org","@graph":[{"@type":"Article","@id":"https:\/\/jornalfatosenoticias.com.br\/index.php\/2022\/08\/11\/adaga-e-selo-de-33-mil-anos-sao-descobertos-na-turquia\/#article","isPartOf":{"@id":"https:\/\/jornalfatosenoticias.com.br\/index.php\/2022\/08\/11\/adaga-e-selo-de-33-mil-anos-sao-descobertos-na-turquia\/"},"author":{"name":"Luzimara Fernandes","@id":"https:\/\/jornalfatosenoticias.com.br\/#\/schema\/person\/d63837fa13ac8666eb9e74e0985d6f81"},"headline":"Adaga e selo de 3,3 mil anos s\u00e3o descobertos na Turquia","datePublished":"2022-08-11T16:31:12+00:00","dateModified":"2022-08-11T16:31:16+00:00","mainEntityOfPage":{"@id":"https:\/\/jornalfatosenoticias.com.br\/index.php\/2022\/08\/11\/adaga-e-selo-de-33-mil-anos-sao-descobertos-na-turquia\/"},"wordCount":443,"commentCount":0,"publisher":{"@id":"https:\/\/jornalfatosenoticias.com.br\/#organization"},"image":{"@id":"https:\/\/jornalfatosenoticias.com.br\/index.php\/2022\/08\/11\/adaga-e-selo-de-33-mil-anos-sao-descobertos-na-turquia\/#primaryimage"},"thumbnailUrl":"https:\/\/jornalfatosenoticias.com.br\/wp-content\/uploads\/2022\/08\/adaga_e_selo_turquia.jpg","keywords":["adaga","arqueologia","Erkan Fidan","luwianos","selo","s\u00edtio arqueol\u00f3gico","Turquia"],"articleSection":["Paleo &amp; Arqueologia"],"inLanguage":"pt-BR","potentialAction":[{"@type":"CommentAction","name":"Comment","target":["https:\/\/jornalfatosenoticias.com.br\/index.php\/2022\/08\/11\/adaga-e-selo-de-33-mil-anos-sao-descobertos-na-turquia\/#respond"]}]},{"@type":"WebPage","@id":"https:\/\/jornalfatosenoticias.com.br\/index.php\/2022\/08\/11\/adaga-e-selo-de-33-mil-anos-sao-descobertos-na-turquia\/","url":"https:\/\/jornalfatosenoticias.com.br\/index.php\/2022\/08\/11\/adaga-e-selo-de-33-mil-anos-sao-descobertos-na-turquia\/","name":"Adaga e selo de 3,3 mil anos s\u00e3o descobertos na Turquia - Jornal Fatos e Not\u00edcias","isPartOf":{"@id":"https:\/\/jornalfatosenoticias.com.br\/#website"},"primaryImageOfPage":{"@id":"https:\/\/jornalfatosenoticias.com.br\/index.php\/2022\/08\/11\/adaga-e-selo-de-33-mil-anos-sao-descobertos-na-turquia\/#primaryimage"},"image":{"@id":"https:\/\/jornalfatosenoticias.com.br\/index.php\/2022\/08\/11\/adaga-e-selo-de-33-mil-anos-sao-descobertos-na-turquia\/#primaryimage"},"thumbnailUrl":"https:\/\/jornalfatosenoticias.com.br\/wp-content\/uploads\/2022\/08\/adaga_e_selo_turquia.jpg","datePublished":"2022-08-11T16:31:12+00:00","dateModified":"2022-08-11T16:31:16+00:00","breadcrumb":{"@id":"https:\/\/jornalfatosenoticias.com.br\/index.php\/2022\/08\/11\/adaga-e-selo-de-33-mil-anos-sao-descobertos-na-turquia\/#breadcrumb"},"inLanguage":"pt-BR","potentialAction":[{"@type":"ReadAction","target":["https:\/\/jornalfatosenoticias.com.br\/index.php\/2022\/08\/11\/adaga-e-selo-de-33-mil-anos-sao-descobertos-na-turquia\/"]}]},{"@type":"ImageObject","inLanguage":"pt-BR","@id":"https:\/\/jornalfatosenoticias.com.br\/index.php\/2022\/08\/11\/adaga-e-selo-de-33-mil-anos-sao-descobertos-na-turquia\/#primaryimage","url":"https:\/\/jornalfatosenoticias.com.br\/wp-content\/uploads\/2022\/08\/adaga_e_selo_turquia.jpg","contentUrl":"https:\/\/jornalfatosenoticias.com.br\/wp-content\/uploads\/2022\/08\/adaga_e_selo_turquia.jpg","width":1000,"height":533},{"@type":"BreadcrumbList","@id":"https:\/\/jornalfatosenoticias.com.br\/index.php\/2022\/08\/11\/adaga-e-selo-de-33-mil-anos-sao-descobertos-na-turquia\/#breadcrumb","itemListElement":[{"@type":"ListItem","position":1,"name":"In\u00edcio","item":"https:\/\/jornalfatosenoticias.com.br\/"},{"@type":"ListItem","position":2,"name":"Adaga e selo de 3,3 mil anos s\u00e3o descobertos na Turquia"}]},{"@type":"WebSite","@id":"https:\/\/jornalfatosenoticias.com.br\/#website","url":"https:\/\/jornalfatosenoticias.com.br\/","name":"Jornal Fatos e Not\u00edcias","description":"Not\u00edcias em geral","publisher":{"@id":"https:\/\/jornalfatosenoticias.com.br\/#organization"},"potentialAction":[{"@type":"SearchAction","target":{"@type":"EntryPoint","urlTemplate":"https:\/\/jornalfatosenoticias.com.br\/?s={search_term_string}"},"query-input":{"@type":"PropertyValueSpecification","valueRequired":true,"valueName":"search_term_string"}}],"inLanguage":"pt-BR"},{"@type":"Organization","@id":"https:\/\/jornalfatosenoticias.com.br\/#organization","name":"Jornal Fatos e Not\u00edcias","url":"https:\/\/jornalfatosenoticias.com.br\/","logo":{"@type":"ImageObject","inLanguage":"pt-BR","@id":"https:\/\/jornalfatosenoticias.com.br\/#\/schema\/logo\/image\/","url":"https:\/\/jornalfatosenoticias.com.br\/wp-content\/uploads\/2020\/02\/logo120.png","contentUrl":"https:\/\/jornalfatosenoticias.com.br\/wp-content\/uploads\/2020\/02\/logo120.png","width":1227,"height":120,"caption":"Jornal Fatos e Not\u00edcias"},"image":{"@id":"https:\/\/jornalfatosenoticias.com.br\/#\/schema\/logo\/image\/"}},{"@type":"Person","@id":"https:\/\/jornalfatosenoticias.com.br\/#\/schema\/person\/d63837fa13ac8666eb9e74e0985d6f81","name":"Luzimara Fernandes","image":{"@type":"ImageObject","inLanguage":"pt-BR","@id":"https:\/\/jornalfatosenoticias.com.br\/#\/schema\/person\/image\/","url":"https:\/\/jornalfatosenoticias.com.br\/wp-content\/uploads\/2025\/05\/EU_portal.jpg","contentUrl":"https:\/\/jornalfatosenoticias.com.br\/wp-content\/uploads\/2025\/05\/EU_portal.jpg","caption":"Luzimara Fernandes"},"description":"Jornalista MTB 2358-ES","sameAs":["https:\/\/jornalfatosenoticias.com.br"],"url":"https:\/\/jornalfatosenoticias.com.br\/index.php\/author\/luzimara\/"}]}},"cc_featured_image_caption":{"caption_text":"","source_text":"","source_url":""},"jetpack_featured_media_url":"https:\/\/jornalfatosenoticias.com.br\/wp-content\/uploads\/2022\/08\/adaga_e_selo_turquia.jpg","_links":{"self":[{"href":"https:\/\/jornalfatosenoticias.com.br\/index.php\/wp-json\/wp\/v2\/posts\/33104","targetHints":{"allow":["GET"]}}],"collection":[{"href":"https:\/\/jornalfatosenoticias.com.br\/index.php\/wp-json\/wp\/v2\/posts"}],"about":[{"href":"https:\/\/jornalfatosenoticias.com.br\/index.php\/wp-json\/wp\/v2\/types\/post"}],"author":[{"embeddable":true,"href":"https:\/\/jornalfatosenoticias.com.br\/index.php\/wp-json\/wp\/v2\/users\/2"}],"replies":[{"embeddable":true,"href":"https:\/\/jornalfatosenoticias.com.br\/index.php\/wp-json\/wp\/v2\/comments?post=33104"}],"version-history":[{"count":0,"href":"https:\/\/jornalfatosenoticias.com.br\/index.php\/wp-json\/wp\/v2\/posts\/33104\/revisions"}],"wp:featuredmedia":[{"embeddable":true,"href":"https:\/\/jornalfatosenoticias.com.br\/index.php\/wp-json\/wp\/v2\/media\/33108"}],"wp:attachment":[{"href":"https:\/\/jornalfatosenoticias.com.br\/index.php\/wp-json\/wp\/v2\/media?parent=33104"}],"wp:term":[{"taxonomy":"category","embeddable":true,"href":"https:\/\/jornalfatosenoticias.com.br\/index.php\/wp-json\/wp\/v2\/categories?post=33104"},{"taxonomy":"post_tag","embeddable":true,"href":"https:\/\/jornalfatosenoticias.com.br\/index.php\/wp-json\/wp\/v2\/tags?post=33104"}],"curies":[{"name":"wp","href":"https:\/\/api.w.org\/{rel}","templated":true}]}}