{"id":33111,"date":"2022-08-11T13:40:56","date_gmt":"2022-08-11T16:40:56","guid":{"rendered":"https:\/\/jornalfatosenoticias.com.br\/?p=33111"},"modified":"2022-08-11T13:40:59","modified_gmt":"2022-08-11T16:40:59","slug":"abertas-as-inscricoes-para-a-10a-edicao-do-premio-luiz-de-castro-faria","status":"publish","type":"post","link":"https:\/\/jornalfatosenoticias.com.br\/index.php\/2022\/08\/11\/abertas-as-inscricoes-para-a-10a-edicao-do-premio-luiz-de-castro-faria\/","title":{"rendered":"Abertas as inscri\u00e7\u00f5es para a 10\u00aa edi\u00e7\u00e3o do Pr\u00eamio Luiz de Castro Faria"},"content":{"rendered":"\n<p><em><span class=\"has-inline-color has-black-color\">As inscri\u00e7\u00f5es podem ser realizadas gratuitamente por meio de formul\u00e1rio on-line at\u00e9 09 de setembro de 2022<\/span><\/em><\/p>\n\n\n\n<div class=\"wp-block-image\"><figure class=\"aligncenter size-large\"><img loading=\"lazy\" decoding=\"async\" width=\"1024\" height=\"103\" src=\"https:\/\/jornalfatosenoticias.com.br\/wp-content\/uploads\/2022\/02\/Arte-Autoescola-Galatas_endereco_portal-1024x103.png\" alt=\"\" class=\"wp-image-27869\" srcset=\"https:\/\/jornalfatosenoticias.com.br\/wp-content\/uploads\/2022\/02\/Arte-Autoescola-Galatas_endereco_portal-1024x103.png 1024w, https:\/\/jornalfatosenoticias.com.br\/wp-content\/uploads\/2022\/02\/Arte-Autoescola-Galatas_endereco_portal-300x30.png 300w, https:\/\/jornalfatosenoticias.com.br\/wp-content\/uploads\/2022\/02\/Arte-Autoescola-Galatas_endereco_portal-768x77.png 768w, https:\/\/jornalfatosenoticias.com.br\/wp-content\/uploads\/2022\/02\/Arte-Autoescola-Galatas_endereco_portal.png 1223w\" sizes=\"auto, (max-width: 1024px) 100vw, 1024px\" \/><\/figure><\/div>\n\n\n\n<p>Est\u00e3o abertas as inscri\u00e7\u00f5es do <a href=\"https:\/\/www.gov.br\/iphan\/pt-br\/acesso-a-informacao\/acoes-e-programas\/premios\/premio-luiz-de-castro-faria-1\">Pr\u00eamio Luiz de Castro Faria<\/a>, que reconhece a pesquisa acad\u00eamica com tema relacionado ao Patrim\u00f4nio Arqueol\u00f3gico Brasileiro. Os interessados podem submeter os trabalhos at\u00e9 dia 09 de setembro de 2022, de forma gratuita e em <a href=\"https:\/\/docs.google.com\/forms\/d\/e\/1FAIpQLSfBBZkX8hgtcFjViis-uhP8CtqBY-76lg9FYoWj-zAAS1wmiQ\/closedform\">formato on-line<\/a>. O concurso vai premiar pesquisas que, devido a sua originalidade, vulto ou car\u00e1ter exemplar, mere\u00e7am registro, divulga\u00e7\u00e3o e reconhecimento p\u00fablico.<br>Realizada desde 2013 pelo Centro Nacional de Arqueologia (CNA) do Instituto do Patrim\u00f4nio Hist\u00f3rico e Art\u00edstico Nacional (Iphan), a iniciativa distribuir\u00e1 premia\u00e7\u00f5es que v\u00e3o de R$ 7 mil a R$ 20 mil. De acordo com o edital publicado, pesquisadores (as) e estudantes poder\u00e3o se inscrever em quatro categorias: monografia de gradua\u00e7\u00e3o, disserta\u00e7\u00e3o de mestrado, tese de doutorado e artigo cient\u00edfico.<\/p>\n\n\n\n<div class=\"wp-block-image\"><figure class=\"alignright size-large is-resized\"><img loading=\"lazy\" decoding=\"async\" src=\"https:\/\/jornalfatosenoticias.com.br\/wp-content\/uploads\/2022\/06\/Casaruo1024_1.jpg\" alt=\"\" class=\"wp-image-31042\" width=\"334\" height=\"182\"\/><\/figure><\/div>\n\n\n\n<p>Considerado o maior pr\u00eamio de arqueologia do Brasil, o Luiz de Castro Faria surgiu a partir da iniciativa de ampliar a divulga\u00e7\u00e3o e o reconhecimento das produ\u00e7\u00f5es cient\u00edficas que abordam o Patrim\u00f4nio Arqueol\u00f3gico Brasileiro, al\u00e9m de fortalecera prote\u00e7\u00e3o desses bens e incentivar as pesquisas cient\u00edficas.<\/p>\n\n\n\n<h4 class=\"wp-block-heading\"><strong><span class=\"has-inline-color has-vivid-red-color\">Categorias do Pr\u00eamio Luiz Castro Faria<\/span><\/strong><\/h4>\n\n\n\n<div class=\"wp-block-image\"><figure class=\"aligncenter size-large\"><img loading=\"lazy\" decoding=\"async\" width=\"1024\" height=\"100\" src=\"https:\/\/jornalfatosenoticias.com.br\/wp-content\/uploads\/2020\/02\/banner_ferramentas-1024x100.jpg\" alt=\"\" class=\"wp-image-1258\" srcset=\"https:\/\/jornalfatosenoticias.com.br\/wp-content\/uploads\/2020\/02\/banner_ferramentas-1024x100.jpg 1024w, https:\/\/jornalfatosenoticias.com.br\/wp-content\/uploads\/2020\/02\/banner_ferramentas-300x29.jpg 300w, https:\/\/jornalfatosenoticias.com.br\/wp-content\/uploads\/2020\/02\/banner_ferramentas-768x75.jpg 768w, https:\/\/jornalfatosenoticias.com.br\/wp-content\/uploads\/2020\/02\/banner_ferramentas.jpg 1227w\" sizes=\"auto, (max-width: 1024px) 100vw, 1024px\" \/><\/figure><\/div>\n\n\n\n<p><strong><span class=\"has-inline-color has-black-color\">Categoria I \u2014 Monografia de Gradua\u00e7\u00e3o:<\/span><\/strong> visa a apresenta\u00e7\u00e3o de monografia final desenvolvida no \u00e2mbito de cursos de gradua\u00e7\u00e3o em Arqueologia (ou com habilita\u00e7\u00e3o em Arqueologia reconhecido pelo MEC) e que verse sobre o patrim\u00f4nio arqueol\u00f3gico brasileiro. <strong>Premia\u00e7\u00e3o: R$ 10 mil.<\/strong><\/p>\n\n\n\n<div class=\"wp-block-image\"><figure class=\"alignleft size-large\"><img loading=\"lazy\" decoding=\"async\" width=\"300\" height=\"237\" src=\"https:\/\/jornalfatosenoticias.com.br\/wp-content\/uploads\/2020\/02\/SEVENTUR-TURISMO.jpg\" alt=\"\" class=\"wp-image-32994\"\/><\/figure><\/div>\n\n\n\n<p><strong><span class=\"has-inline-color has-black-color\">Categoria II \u2014 Disserta\u00e7\u00e3o de Mestrado: <\/span><\/strong>visa a apresenta\u00e7\u00e3o de disserta\u00e7\u00e3o de mestrado desenvolvida no \u00e2mbito de cursos de p\u00f3s-gradua\u00e7\u00e3o stricto sensu em Arqueologia, ou com \u00e1rea de concentra\u00e7\u00e3o em Arqueologia reconhecida pela Coordena\u00e7\u00e3o de Pessoal de Ensino Superior (Capes), e que verse sobre o patrim\u00f4nio arqueol\u00f3gico brasileiro. <strong>Premia\u00e7\u00e3o: R$ 15 mil.<\/strong><\/p>\n\n\n\n<p><strong><span class=\"has-inline-color has-black-color\">Categoria III \u2014 Tese de Doutorado:<\/span><\/strong> visa a apresenta\u00e7\u00e3o de tese de doutorado desenvolvida no \u00e2mbito de cursos de p\u00f3s-gradua\u00e7\u00e3o stricto sensu em Arqueologia, ou com \u00e1rea de concentra\u00e7\u00e3o em Arqueologia reconhecida pela Coordena\u00e7\u00e3o de Pessoal de Ensino Superior (Capes), e que verse sobre o patrim\u00f4nio arqueol\u00f3gico brasileiro. <strong>Premia\u00e7\u00e3o: R$ 20 mil.<\/strong><\/p>\n\n\n\n<div class=\"wp-block-image\"><figure class=\"aligncenter size-large is-resized\"><img loading=\"lazy\" decoding=\"async\" src=\"https:\/\/jornalfatosenoticias.com.br\/wp-content\/uploads\/2022\/07\/Logo-Grupo-SEI.jpg\" alt=\"\" class=\"wp-image-31973\" width=\"313\" height=\"164\" srcset=\"https:\/\/jornalfatosenoticias.com.br\/wp-content\/uploads\/2022\/07\/Logo-Grupo-SEI.jpg 713w, https:\/\/jornalfatosenoticias.com.br\/wp-content\/uploads\/2022\/07\/Logo-Grupo-SEI-300x158.jpg 300w\" sizes=\"auto, (max-width: 313px) 100vw, 313px\" \/><\/figure><\/div>\n\n\n\n<p><strong><span class=\"has-inline-color has-black-color\">Categoria IV \u2014<\/span><\/strong> <strong><span class=\"has-inline-color has-black-color\">Artigo Cient\u00edfico:<\/span><\/strong> visa a apresenta\u00e7\u00e3o de artigo cient\u00edfico in\u00e9dito que verse sobre o patrim\u00f4nio arqueol\u00f3gico brasileiro. <strong>Premia\u00e7\u00e3o: R$ 7 mil.<\/strong><\/p>\n\n\n\n<p><a href=\"https:\/\/www.gov.br\/iphan\/pt-br\/acesso-a-informacao\/acoes-e-programas\/premios\/premio-luiz-de-castro-faria-1\">Acesse a p\u00e1gina do Pr\u00eamio Luiz de Castro Faria<\/a><\/p>\n\n\n\n<div class=\"wp-block-image\"><figure class=\"aligncenter size-large is-resized\"><img loading=\"lazy\" decoding=\"async\" src=\"https:\/\/jornalfatosenoticias.com.br\/wp-content\/uploads\/2022\/08\/logo-locau-veiculos-1024x573.png\" alt=\"\" class=\"wp-image-33078\" width=\"321\" height=\"179\"\/><\/figure><\/div>\n\n\n\n<p><strong><span class=\"has-inline-color has-vivid-red-color\">Servi\u00e7o<\/span><\/strong><br><em><span class=\"has-inline-color has-black-color\">10\u00aa Edi\u00e7\u00e3o do Pr\u00eamio Luiz de Castro Faria<br><\/span><\/em><strong>Inscri\u00e7\u00f5es:<\/strong> de 04 de julho a 09 de setembro de 2022<br>Edital e ficha de inscri\u00e7\u00e3o:<br>Edital n\u00ba 02\/2022 (3637178), <a href=\"https:\/\/www.gov.br\/iphan\/pt-br\/assuntos\/noticias\/abertas-as-inscricoes-para-a-10a-edicao-do-premio-luiz-de-castro-faria\/sei_iphan-3637178-edital.pdf\">clique aqui para acessar<\/a><br><strong>Ficha de inscri\u00e7\u00e3o:<\/strong> <a href=\"https:\/\/docs.google.com\/forms\/d\/e\/1FAIpQLSfBBZkX8hgtcFjViis-uhP8CtqBY-76lg9FYoWj-zAAS1wmiQ\/closedform\"><a href=\"https:\/\/docs.google.com\/forms\/d\/e\/1FAIpQLSfBBZkX8hgtcFjViis-uhP8CtqBY-76lg9FYoWj-zAAS1wmiQ\/closedform\">clique aqu<\/a>i<\/a><\/p>\n\n\n\n<div class=\"wp-block-image\"><figure class=\"aligncenter size-large\"><img loading=\"lazy\" decoding=\"async\" width=\"1024\" height=\"99\" src=\"https:\/\/jornalfatosenoticias.com.br\/wp-content\/uploads\/2020\/02\/Logo-Mizu-segunda-2-1024x99.png\" alt=\"\" class=\"wp-image-2353\" srcset=\"https:\/\/jornalfatosenoticias.com.br\/wp-content\/uploads\/2020\/02\/Logo-Mizu-segunda-2-1024x99.png 1024w, https:\/\/jornalfatosenoticias.com.br\/wp-content\/uploads\/2020\/02\/Logo-Mizu-segunda-2-300x29.png 300w, https:\/\/jornalfatosenoticias.com.br\/wp-content\/uploads\/2020\/02\/Logo-Mizu-segunda-2-768x74.png 768w, https:\/\/jornalfatosenoticias.com.br\/wp-content\/uploads\/2020\/02\/Logo-Mizu-segunda-2.png 1240w\" sizes=\"auto, (max-width: 1024px) 100vw, 1024px\" \/><\/figure><\/div>\n\n\n\n<p><strong><em>Fonte: <a href=\"https:\/\/www.gov.br\/turismo\/pt-br\/secretaria-especial-da-cultura\/abertas-as-inscricoes-para-a-10a-edicao-do-premio-luiz-de-castro-faria\">MTur<\/a><\/em><\/strong><\/p>\n","protected":false},"excerpt":{"rendered":"<p>As inscri\u00e7\u00f5es podem ser realizadas gratuitamente por meio de formul\u00e1rio on-line at\u00e9 09 de setembro de 2022 Est\u00e3o abertas as inscri\u00e7\u00f5es do Pr\u00eamio Luiz de Castro Faria, que reconhece a pesquisa acad\u00eamica com tema relacionado ao Patrim\u00f4nio Arqueol\u00f3gico Brasileiro. Os interessados podem submeter os trabalhos at\u00e9 dia 09 de setembro de 2022, de forma gratuita [&hellip;]<\/p>\n","protected":false},"author":2,"featured_media":33112,"comment_status":"open","ping_status":"open","sticky":false,"template":"","format":"standard","meta":{"footnotes":""},"categories":[4],"tags":[2556],"class_list":["post-33111","post","type-post","status-publish","format-standard","has-post-thumbnail","hentry","category-cultura","tag-inscricoes"],"yoast_head":"<!-- This site is optimized with the Yoast SEO plugin v26.5 - https:\/\/yoast.com\/wordpress\/plugins\/seo\/ -->\n<title>Abertas as inscri\u00e7\u00f5es para a 10\u00aa edi\u00e7\u00e3o do Pr\u00eamio Luiz de Castro Faria - Jornal Fatos e Not\u00edcias<\/title>\n<meta name=\"robots\" content=\"index, follow, max-snippet:-1, max-image-preview:large, max-video-preview:-1\" \/>\n<link rel=\"canonical\" href=\"https:\/\/jornalfatosenoticias.com.br\/index.php\/2022\/08\/11\/abertas-as-inscricoes-para-a-10a-edicao-do-premio-luiz-de-castro-faria\/\" \/>\n<meta property=\"og:locale\" content=\"pt_BR\" \/>\n<meta property=\"og:type\" content=\"article\" \/>\n<meta property=\"og:title\" content=\"Abertas as inscri\u00e7\u00f5es para a 10\u00aa edi\u00e7\u00e3o do Pr\u00eamio Luiz de Castro Faria - Jornal Fatos e Not\u00edcias\" \/>\n<meta property=\"og:description\" content=\"As inscri\u00e7\u00f5es podem ser realizadas gratuitamente por meio de formul\u00e1rio on-line at\u00e9 09 de setembro de 2022 Est\u00e3o abertas as inscri\u00e7\u00f5es do Pr\u00eamio Luiz de Castro Faria, que reconhece a pesquisa acad\u00eamica com tema relacionado ao Patrim\u00f4nio Arqueol\u00f3gico Brasileiro. Os interessados podem submeter os trabalhos at\u00e9 dia 09 de setembro de 2022, de forma gratuita [&hellip;]\" \/>\n<meta property=\"og:url\" content=\"https:\/\/jornalfatosenoticias.com.br\/index.php\/2022\/08\/11\/abertas-as-inscricoes-para-a-10a-edicao-do-premio-luiz-de-castro-faria\/\" \/>\n<meta property=\"og:site_name\" content=\"Jornal Fatos e Not\u00edcias\" \/>\n<meta property=\"article:published_time\" content=\"2022-08-11T16:40:56+00:00\" \/>\n<meta property=\"article:modified_time\" content=\"2022-08-11T16:40:59+00:00\" \/>\n<meta property=\"og:image\" content=\"https:\/\/jornalfatosenoticias.com.br\/wp-content\/uploads\/2022\/08\/Premio-Luiz-de-Castro-Faria.jpg\" \/>\n\t<meta property=\"og:image:width\" content=\"1000\" \/>\n\t<meta property=\"og:image:height\" content=\"406\" \/>\n\t<meta property=\"og:image:type\" content=\"image\/jpeg\" \/>\n<meta name=\"author\" content=\"Luzimara Fernandes\" \/>\n<meta name=\"twitter:card\" content=\"summary_large_image\" \/>\n<meta name=\"twitter:label1\" content=\"Escrito por\" \/>\n\t<meta name=\"twitter:data1\" content=\"Luzimara Fernandes\" \/>\n\t<meta name=\"twitter:label2\" content=\"Est. tempo de leitura\" \/>\n\t<meta name=\"twitter:data2\" content=\"2 minutos\" \/>\n<script type=\"application\/ld+json\" class=\"yoast-schema-graph\">{\"@context\":\"https:\/\/schema.org\",\"@graph\":[{\"@type\":\"Article\",\"@id\":\"https:\/\/jornalfatosenoticias.com.br\/index.php\/2022\/08\/11\/abertas-as-inscricoes-para-a-10a-edicao-do-premio-luiz-de-castro-faria\/#article\",\"isPartOf\":{\"@id\":\"https:\/\/jornalfatosenoticias.com.br\/index.php\/2022\/08\/11\/abertas-as-inscricoes-para-a-10a-edicao-do-premio-luiz-de-castro-faria\/\"},\"author\":{\"name\":\"Luzimara Fernandes\",\"@id\":\"https:\/\/jornalfatosenoticias.com.br\/#\/schema\/person\/d63837fa13ac8666eb9e74e0985d6f81\"},\"headline\":\"Abertas as inscri\u00e7\u00f5es para a 10\u00aa edi\u00e7\u00e3o do Pr\u00eamio Luiz de Castro Faria\",\"datePublished\":\"2022-08-11T16:40:56+00:00\",\"dateModified\":\"2022-08-11T16:40:59+00:00\",\"mainEntityOfPage\":{\"@id\":\"https:\/\/jornalfatosenoticias.com.br\/index.php\/2022\/08\/11\/abertas-as-inscricoes-para-a-10a-edicao-do-premio-luiz-de-castro-faria\/\"},\"wordCount\":472,\"commentCount\":0,\"publisher\":{\"@id\":\"https:\/\/jornalfatosenoticias.com.br\/#organization\"},\"image\":{\"@id\":\"https:\/\/jornalfatosenoticias.com.br\/index.php\/2022\/08\/11\/abertas-as-inscricoes-para-a-10a-edicao-do-premio-luiz-de-castro-faria\/#primaryimage\"},\"thumbnailUrl\":\"https:\/\/jornalfatosenoticias.com.br\/wp-content\/uploads\/2022\/08\/Premio-Luiz-de-Castro-Faria.jpg\",\"keywords\":[\"inscri\u00e7\u00f5es\"],\"articleSection\":[\"Cultura\"],\"inLanguage\":\"pt-BR\",\"potentialAction\":[{\"@type\":\"CommentAction\",\"name\":\"Comment\",\"target\":[\"https:\/\/jornalfatosenoticias.com.br\/index.php\/2022\/08\/11\/abertas-as-inscricoes-para-a-10a-edicao-do-premio-luiz-de-castro-faria\/#respond\"]}]},{\"@type\":\"WebPage\",\"@id\":\"https:\/\/jornalfatosenoticias.com.br\/index.php\/2022\/08\/11\/abertas-as-inscricoes-para-a-10a-edicao-do-premio-luiz-de-castro-faria\/\",\"url\":\"https:\/\/jornalfatosenoticias.com.br\/index.php\/2022\/08\/11\/abertas-as-inscricoes-para-a-10a-edicao-do-premio-luiz-de-castro-faria\/\",\"name\":\"Abertas as inscri\u00e7\u00f5es para a 10\u00aa edi\u00e7\u00e3o do Pr\u00eamio Luiz de Castro Faria - Jornal Fatos e Not\u00edcias\",\"isPartOf\":{\"@id\":\"https:\/\/jornalfatosenoticias.com.br\/#website\"},\"primaryImageOfPage\":{\"@id\":\"https:\/\/jornalfatosenoticias.com.br\/index.php\/2022\/08\/11\/abertas-as-inscricoes-para-a-10a-edicao-do-premio-luiz-de-castro-faria\/#primaryimage\"},\"image\":{\"@id\":\"https:\/\/jornalfatosenoticias.com.br\/index.php\/2022\/08\/11\/abertas-as-inscricoes-para-a-10a-edicao-do-premio-luiz-de-castro-faria\/#primaryimage\"},\"thumbnailUrl\":\"https:\/\/jornalfatosenoticias.com.br\/wp-content\/uploads\/2022\/08\/Premio-Luiz-de-Castro-Faria.jpg\",\"datePublished\":\"2022-08-11T16:40:56+00:00\",\"dateModified\":\"2022-08-11T16:40:59+00:00\",\"breadcrumb\":{\"@id\":\"https:\/\/jornalfatosenoticias.com.br\/index.php\/2022\/08\/11\/abertas-as-inscricoes-para-a-10a-edicao-do-premio-luiz-de-castro-faria\/#breadcrumb\"},\"inLanguage\":\"pt-BR\",\"potentialAction\":[{\"@type\":\"ReadAction\",\"target\":[\"https:\/\/jornalfatosenoticias.com.br\/index.php\/2022\/08\/11\/abertas-as-inscricoes-para-a-10a-edicao-do-premio-luiz-de-castro-faria\/\"]}]},{\"@type\":\"ImageObject\",\"inLanguage\":\"pt-BR\",\"@id\":\"https:\/\/jornalfatosenoticias.com.br\/index.php\/2022\/08\/11\/abertas-as-inscricoes-para-a-10a-edicao-do-premio-luiz-de-castro-faria\/#primaryimage\",\"url\":\"https:\/\/jornalfatosenoticias.com.br\/wp-content\/uploads\/2022\/08\/Premio-Luiz-de-Castro-Faria.jpg\",\"contentUrl\":\"https:\/\/jornalfatosenoticias.com.br\/wp-content\/uploads\/2022\/08\/Premio-Luiz-de-Castro-Faria.jpg\",\"width\":1000,\"height\":406},{\"@type\":\"BreadcrumbList\",\"@id\":\"https:\/\/jornalfatosenoticias.com.br\/index.php\/2022\/08\/11\/abertas-as-inscricoes-para-a-10a-edicao-do-premio-luiz-de-castro-faria\/#breadcrumb\",\"itemListElement\":[{\"@type\":\"ListItem\",\"position\":1,\"name\":\"In\u00edcio\",\"item\":\"https:\/\/jornalfatosenoticias.com.br\/\"},{\"@type\":\"ListItem\",\"position\":2,\"name\":\"Abertas as inscri\u00e7\u00f5es para a 10\u00aa edi\u00e7\u00e3o do Pr\u00eamio Luiz de Castro Faria\"}]},{\"@type\":\"WebSite\",\"@id\":\"https:\/\/jornalfatosenoticias.com.br\/#website\",\"url\":\"https:\/\/jornalfatosenoticias.com.br\/\",\"name\":\"Jornal Fatos e Not\u00edcias\",\"description\":\"Not\u00edcias em geral\",\"publisher\":{\"@id\":\"https:\/\/jornalfatosenoticias.com.br\/#organization\"},\"potentialAction\":[{\"@type\":\"SearchAction\",\"target\":{\"@type\":\"EntryPoint\",\"urlTemplate\":\"https:\/\/jornalfatosenoticias.com.br\/?s={search_term_string}\"},\"query-input\":{\"@type\":\"PropertyValueSpecification\",\"valueRequired\":true,\"valueName\":\"search_term_string\"}}],\"inLanguage\":\"pt-BR\"},{\"@type\":\"Organization\",\"@id\":\"https:\/\/jornalfatosenoticias.com.br\/#organization\",\"name\":\"Jornal Fatos e Not\u00edcias\",\"url\":\"https:\/\/jornalfatosenoticias.com.br\/\",\"logo\":{\"@type\":\"ImageObject\",\"inLanguage\":\"pt-BR\",\"@id\":\"https:\/\/jornalfatosenoticias.com.br\/#\/schema\/logo\/image\/\",\"url\":\"https:\/\/jornalfatosenoticias.com.br\/wp-content\/uploads\/2020\/02\/logo120.png\",\"contentUrl\":\"https:\/\/jornalfatosenoticias.com.br\/wp-content\/uploads\/2020\/02\/logo120.png\",\"width\":1227,\"height\":120,\"caption\":\"Jornal Fatos e Not\u00edcias\"},\"image\":{\"@id\":\"https:\/\/jornalfatosenoticias.com.br\/#\/schema\/logo\/image\/\"}},{\"@type\":\"Person\",\"@id\":\"https:\/\/jornalfatosenoticias.com.br\/#\/schema\/person\/d63837fa13ac8666eb9e74e0985d6f81\",\"name\":\"Luzimara Fernandes\",\"image\":{\"@type\":\"ImageObject\",\"inLanguage\":\"pt-BR\",\"@id\":\"https:\/\/jornalfatosenoticias.com.br\/#\/schema\/person\/image\/\",\"url\":\"https:\/\/jornalfatosenoticias.com.br\/wp-content\/uploads\/2025\/05\/EU_portal.jpg\",\"contentUrl\":\"https:\/\/jornalfatosenoticias.com.br\/wp-content\/uploads\/2025\/05\/EU_portal.jpg\",\"caption\":\"Luzimara Fernandes\"},\"description\":\"Jornalista MTB 2358-ES\",\"sameAs\":[\"https:\/\/jornalfatosenoticias.com.br\"],\"url\":\"https:\/\/jornalfatosenoticias.com.br\/index.php\/author\/luzimara\/\"}]}<\/script>\n<!-- \/ Yoast SEO plugin. -->","yoast_head_json":{"title":"Abertas as inscri\u00e7\u00f5es para a 10\u00aa edi\u00e7\u00e3o do Pr\u00eamio Luiz de Castro Faria - Jornal Fatos e Not\u00edcias","robots":{"index":"index","follow":"follow","max-snippet":"max-snippet:-1","max-image-preview":"max-image-preview:large","max-video-preview":"max-video-preview:-1"},"canonical":"https:\/\/jornalfatosenoticias.com.br\/index.php\/2022\/08\/11\/abertas-as-inscricoes-para-a-10a-edicao-do-premio-luiz-de-castro-faria\/","og_locale":"pt_BR","og_type":"article","og_title":"Abertas as inscri\u00e7\u00f5es para a 10\u00aa edi\u00e7\u00e3o do Pr\u00eamio Luiz de Castro Faria - Jornal Fatos e Not\u00edcias","og_description":"As inscri\u00e7\u00f5es podem ser realizadas gratuitamente por meio de formul\u00e1rio on-line at\u00e9 09 de setembro de 2022 Est\u00e3o abertas as inscri\u00e7\u00f5es do Pr\u00eamio Luiz de Castro Faria, que reconhece a pesquisa acad\u00eamica com tema relacionado ao Patrim\u00f4nio Arqueol\u00f3gico Brasileiro. Os interessados podem submeter os trabalhos at\u00e9 dia 09 de setembro de 2022, de forma gratuita [&hellip;]","og_url":"https:\/\/jornalfatosenoticias.com.br\/index.php\/2022\/08\/11\/abertas-as-inscricoes-para-a-10a-edicao-do-premio-luiz-de-castro-faria\/","og_site_name":"Jornal Fatos e Not\u00edcias","article_published_time":"2022-08-11T16:40:56+00:00","article_modified_time":"2022-08-11T16:40:59+00:00","og_image":[{"width":1000,"height":406,"url":"https:\/\/jornalfatosenoticias.com.br\/wp-content\/uploads\/2022\/08\/Premio-Luiz-de-Castro-Faria.jpg","type":"image\/jpeg"}],"author":"Luzimara Fernandes","twitter_card":"summary_large_image","twitter_misc":{"Escrito por":"Luzimara Fernandes","Est. tempo de leitura":"2 minutos"},"schema":{"@context":"https:\/\/schema.org","@graph":[{"@type":"Article","@id":"https:\/\/jornalfatosenoticias.com.br\/index.php\/2022\/08\/11\/abertas-as-inscricoes-para-a-10a-edicao-do-premio-luiz-de-castro-faria\/#article","isPartOf":{"@id":"https:\/\/jornalfatosenoticias.com.br\/index.php\/2022\/08\/11\/abertas-as-inscricoes-para-a-10a-edicao-do-premio-luiz-de-castro-faria\/"},"author":{"name":"Luzimara Fernandes","@id":"https:\/\/jornalfatosenoticias.com.br\/#\/schema\/person\/d63837fa13ac8666eb9e74e0985d6f81"},"headline":"Abertas as inscri\u00e7\u00f5es para a 10\u00aa edi\u00e7\u00e3o do Pr\u00eamio Luiz de Castro Faria","datePublished":"2022-08-11T16:40:56+00:00","dateModified":"2022-08-11T16:40:59+00:00","mainEntityOfPage":{"@id":"https:\/\/jornalfatosenoticias.com.br\/index.php\/2022\/08\/11\/abertas-as-inscricoes-para-a-10a-edicao-do-premio-luiz-de-castro-faria\/"},"wordCount":472,"commentCount":0,"publisher":{"@id":"https:\/\/jornalfatosenoticias.com.br\/#organization"},"image":{"@id":"https:\/\/jornalfatosenoticias.com.br\/index.php\/2022\/08\/11\/abertas-as-inscricoes-para-a-10a-edicao-do-premio-luiz-de-castro-faria\/#primaryimage"},"thumbnailUrl":"https:\/\/jornalfatosenoticias.com.br\/wp-content\/uploads\/2022\/08\/Premio-Luiz-de-Castro-Faria.jpg","keywords":["inscri\u00e7\u00f5es"],"articleSection":["Cultura"],"inLanguage":"pt-BR","potentialAction":[{"@type":"CommentAction","name":"Comment","target":["https:\/\/jornalfatosenoticias.com.br\/index.php\/2022\/08\/11\/abertas-as-inscricoes-para-a-10a-edicao-do-premio-luiz-de-castro-faria\/#respond"]}]},{"@type":"WebPage","@id":"https:\/\/jornalfatosenoticias.com.br\/index.php\/2022\/08\/11\/abertas-as-inscricoes-para-a-10a-edicao-do-premio-luiz-de-castro-faria\/","url":"https:\/\/jornalfatosenoticias.com.br\/index.php\/2022\/08\/11\/abertas-as-inscricoes-para-a-10a-edicao-do-premio-luiz-de-castro-faria\/","name":"Abertas as inscri\u00e7\u00f5es para a 10\u00aa edi\u00e7\u00e3o do Pr\u00eamio Luiz de Castro Faria - Jornal Fatos e Not\u00edcias","isPartOf":{"@id":"https:\/\/jornalfatosenoticias.com.br\/#website"},"primaryImageOfPage":{"@id":"https:\/\/jornalfatosenoticias.com.br\/index.php\/2022\/08\/11\/abertas-as-inscricoes-para-a-10a-edicao-do-premio-luiz-de-castro-faria\/#primaryimage"},"image":{"@id":"https:\/\/jornalfatosenoticias.com.br\/index.php\/2022\/08\/11\/abertas-as-inscricoes-para-a-10a-edicao-do-premio-luiz-de-castro-faria\/#primaryimage"},"thumbnailUrl":"https:\/\/jornalfatosenoticias.com.br\/wp-content\/uploads\/2022\/08\/Premio-Luiz-de-Castro-Faria.jpg","datePublished":"2022-08-11T16:40:56+00:00","dateModified":"2022-08-11T16:40:59+00:00","breadcrumb":{"@id":"https:\/\/jornalfatosenoticias.com.br\/index.php\/2022\/08\/11\/abertas-as-inscricoes-para-a-10a-edicao-do-premio-luiz-de-castro-faria\/#breadcrumb"},"inLanguage":"pt-BR","potentialAction":[{"@type":"ReadAction","target":["https:\/\/jornalfatosenoticias.com.br\/index.php\/2022\/08\/11\/abertas-as-inscricoes-para-a-10a-edicao-do-premio-luiz-de-castro-faria\/"]}]},{"@type":"ImageObject","inLanguage":"pt-BR","@id":"https:\/\/jornalfatosenoticias.com.br\/index.php\/2022\/08\/11\/abertas-as-inscricoes-para-a-10a-edicao-do-premio-luiz-de-castro-faria\/#primaryimage","url":"https:\/\/jornalfatosenoticias.com.br\/wp-content\/uploads\/2022\/08\/Premio-Luiz-de-Castro-Faria.jpg","contentUrl":"https:\/\/jornalfatosenoticias.com.br\/wp-content\/uploads\/2022\/08\/Premio-Luiz-de-Castro-Faria.jpg","width":1000,"height":406},{"@type":"BreadcrumbList","@id":"https:\/\/jornalfatosenoticias.com.br\/index.php\/2022\/08\/11\/abertas-as-inscricoes-para-a-10a-edicao-do-premio-luiz-de-castro-faria\/#breadcrumb","itemListElement":[{"@type":"ListItem","position":1,"name":"In\u00edcio","item":"https:\/\/jornalfatosenoticias.com.br\/"},{"@type":"ListItem","position":2,"name":"Abertas as inscri\u00e7\u00f5es para a 10\u00aa edi\u00e7\u00e3o do Pr\u00eamio Luiz de Castro Faria"}]},{"@type":"WebSite","@id":"https:\/\/jornalfatosenoticias.com.br\/#website","url":"https:\/\/jornalfatosenoticias.com.br\/","name":"Jornal Fatos e Not\u00edcias","description":"Not\u00edcias em geral","publisher":{"@id":"https:\/\/jornalfatosenoticias.com.br\/#organization"},"potentialAction":[{"@type":"SearchAction","target":{"@type":"EntryPoint","urlTemplate":"https:\/\/jornalfatosenoticias.com.br\/?s={search_term_string}"},"query-input":{"@type":"PropertyValueSpecification","valueRequired":true,"valueName":"search_term_string"}}],"inLanguage":"pt-BR"},{"@type":"Organization","@id":"https:\/\/jornalfatosenoticias.com.br\/#organization","name":"Jornal Fatos e Not\u00edcias","url":"https:\/\/jornalfatosenoticias.com.br\/","logo":{"@type":"ImageObject","inLanguage":"pt-BR","@id":"https:\/\/jornalfatosenoticias.com.br\/#\/schema\/logo\/image\/","url":"https:\/\/jornalfatosenoticias.com.br\/wp-content\/uploads\/2020\/02\/logo120.png","contentUrl":"https:\/\/jornalfatosenoticias.com.br\/wp-content\/uploads\/2020\/02\/logo120.png","width":1227,"height":120,"caption":"Jornal Fatos e Not\u00edcias"},"image":{"@id":"https:\/\/jornalfatosenoticias.com.br\/#\/schema\/logo\/image\/"}},{"@type":"Person","@id":"https:\/\/jornalfatosenoticias.com.br\/#\/schema\/person\/d63837fa13ac8666eb9e74e0985d6f81","name":"Luzimara Fernandes","image":{"@type":"ImageObject","inLanguage":"pt-BR","@id":"https:\/\/jornalfatosenoticias.com.br\/#\/schema\/person\/image\/","url":"https:\/\/jornalfatosenoticias.com.br\/wp-content\/uploads\/2025\/05\/EU_portal.jpg","contentUrl":"https:\/\/jornalfatosenoticias.com.br\/wp-content\/uploads\/2025\/05\/EU_portal.jpg","caption":"Luzimara Fernandes"},"description":"Jornalista MTB 2358-ES","sameAs":["https:\/\/jornalfatosenoticias.com.br"],"url":"https:\/\/jornalfatosenoticias.com.br\/index.php\/author\/luzimara\/"}]}},"cc_featured_image_caption":{"caption_text":"(Foto: Ascom\/Secult) ","source_text":"","source_url":""},"jetpack_featured_media_url":"https:\/\/jornalfatosenoticias.com.br\/wp-content\/uploads\/2022\/08\/Premio-Luiz-de-Castro-Faria.jpg","_links":{"self":[{"href":"https:\/\/jornalfatosenoticias.com.br\/index.php\/wp-json\/wp\/v2\/posts\/33111","targetHints":{"allow":["GET"]}}],"collection":[{"href":"https:\/\/jornalfatosenoticias.com.br\/index.php\/wp-json\/wp\/v2\/posts"}],"about":[{"href":"https:\/\/jornalfatosenoticias.com.br\/index.php\/wp-json\/wp\/v2\/types\/post"}],"author":[{"embeddable":true,"href":"https:\/\/jornalfatosenoticias.com.br\/index.php\/wp-json\/wp\/v2\/users\/2"}],"replies":[{"embeddable":true,"href":"https:\/\/jornalfatosenoticias.com.br\/index.php\/wp-json\/wp\/v2\/comments?post=33111"}],"version-history":[{"count":0,"href":"https:\/\/jornalfatosenoticias.com.br\/index.php\/wp-json\/wp\/v2\/posts\/33111\/revisions"}],"wp:featuredmedia":[{"embeddable":true,"href":"https:\/\/jornalfatosenoticias.com.br\/index.php\/wp-json\/wp\/v2\/media\/33112"}],"wp:attachment":[{"href":"https:\/\/jornalfatosenoticias.com.br\/index.php\/wp-json\/wp\/v2\/media?parent=33111"}],"wp:term":[{"taxonomy":"category","embeddable":true,"href":"https:\/\/jornalfatosenoticias.com.br\/index.php\/wp-json\/wp\/v2\/categories?post=33111"},{"taxonomy":"post_tag","embeddable":true,"href":"https:\/\/jornalfatosenoticias.com.br\/index.php\/wp-json\/wp\/v2\/tags?post=33111"}],"curies":[{"name":"wp","href":"https:\/\/api.w.org\/{rel}","templated":true}]}}