{"id":33127,"date":"2022-08-11T14:15:04","date_gmt":"2022-08-11T17:15:04","guid":{"rendered":"https:\/\/jornalfatosenoticias.com.br\/?p=33127"},"modified":"2022-08-11T14:15:05","modified_gmt":"2022-08-11T17:15:05","slug":"vaso-sanitario-de-baixo-custo-da-descarga-sem-agua","status":"publish","type":"post","link":"https:\/\/jornalfatosenoticias.com.br\/index.php\/2022\/08\/11\/vaso-sanitario-de-baixo-custo-da-descarga-sem-agua\/","title":{"rendered":"Vaso sanit\u00e1rio de baixo custo d\u00e1 descarga sem \u00e1gua"},"content":{"rendered":"\n<p><span class=\"has-inline-color has-black-color\"><em>Banheiro seco foi projetado para \u00e1reas sem acesso \u00e0 \u00e1gua pot\u00e1vel e coleta de esgoto<\/em><\/span><\/p>\n\n\n\n<div class=\"wp-block-image\"><figure class=\"aligncenter size-large\"><img loading=\"lazy\" decoding=\"async\" width=\"1024\" height=\"103\" src=\"https:\/\/jornalfatosenoticias.com.br\/wp-content\/uploads\/2022\/02\/Arte-Autoescola-Galatas_endereco_portal-1024x103.png\" alt=\"\" class=\"wp-image-27869\" srcset=\"https:\/\/jornalfatosenoticias.com.br\/wp-content\/uploads\/2022\/02\/Arte-Autoescola-Galatas_endereco_portal-1024x103.png 1024w, https:\/\/jornalfatosenoticias.com.br\/wp-content\/uploads\/2022\/02\/Arte-Autoescola-Galatas_endereco_portal-300x30.png 300w, https:\/\/jornalfatosenoticias.com.br\/wp-content\/uploads\/2022\/02\/Arte-Autoescola-Galatas_endereco_portal-768x77.png 768w, https:\/\/jornalfatosenoticias.com.br\/wp-content\/uploads\/2022\/02\/Arte-Autoescola-Galatas_endereco_portal.png 1223w\" sizes=\"auto, (max-width: 1024px) 100vw, 1024px\" \/><\/figure><\/div>\n\n\n\n<p>Ao realizar est\u00e1gio em uma empresa de saneamento, o designer Archie Read, do Reino Unido, foi exposto \u00e0 dura realidade a que vivem muitas pessoas: a falta de acesso a m\u00ednimas condi\u00e7\u00f5es sanit\u00e1rias seguras. Por outro lado, ele tamb\u00e9m conheceu diversas solu\u00e7\u00f5es de banheiro seco e de saneamento port\u00e1til para eventos de alto padr\u00e3o. Inspirado nas ideias, desenvolveu seu pr\u00f3prio banheiro seco, que libera excrementos e urina usando areia ao inv\u00e9s de \u00e1gua.<br>Batizado de Sandi, o vaso sanit\u00e1rio \u00e9 capaz de separar os res\u00edduos l\u00edquidos e s\u00f3lidos. Ao fim do uso, ao inv\u00e9s de gastar litros de \u00e1gua, basta acionar uma descarga mec\u00e2nica \u2014 que funciona sem eletricidade \u2014 para transferir os res\u00edduos s\u00f3lidos para uma se\u00e7\u00e3o de armazenamento onde os dejetos podem ser reaproveitados como fertilizantes.<\/p>\n\n\n\n<div class=\"wp-block-image\"><figure class=\"aligncenter size-large is-resized\"><img loading=\"lazy\" decoding=\"async\" src=\"https:\/\/jornalfatosenoticias.com.br\/wp-content\/uploads\/2020\/02\/Serra-Grande-1024x160.png\" alt=\"\" class=\"wp-image-7836\" width=\"497\" height=\"77\"\/><\/figure><\/div>\n\n\n\n<figure class=\"wp-block-image size-large\"><img loading=\"lazy\" decoding=\"async\" width=\"1000\" height=\"675\" src=\"https:\/\/jornalfatosenoticias.com.br\/wp-content\/uploads\/2022\/08\/vaso-seco-2.jpg\" alt=\"\" class=\"wp-image-33128\" srcset=\"https:\/\/jornalfatosenoticias.com.br\/wp-content\/uploads\/2022\/08\/vaso-seco-2.jpg 1000w, https:\/\/jornalfatosenoticias.com.br\/wp-content\/uploads\/2022\/08\/vaso-seco-2-300x203.jpg 300w, https:\/\/jornalfatosenoticias.com.br\/wp-content\/uploads\/2022\/08\/vaso-seco-2-768x518.jpg 768w\" sizes=\"auto, (max-width: 1000px) 100vw, 1000px\" \/><figcaption><em><span class=\"has-inline-color has-black-color\">Banheiro seco pode ser usado em resid\u00eancias e viagens (Foto: Kildwick)<\/span><\/em><\/figcaption><\/figure>\n\n\n\n<div class=\"wp-block-image\"><figure class=\"alignright size-large is-resized\"><img loading=\"lazy\" decoding=\"async\" src=\"https:\/\/jornalfatosenoticias.com.br\/wp-content\/uploads\/2022\/02\/Precisao-Contabilidade-1024x724.jpg\" alt=\"\" class=\"wp-image-28088\" width=\"259\" height=\"182\"\/><\/figure><\/div>\n\n\n\n<p>Dentro do vaso h\u00e1 dois compartimentos distintos, um guia a urina para um recipiente e o outro possui uma pequena esteira, coberta com uma fina camada de areia, que se renova a cada descarga. Ou seja, ao girar a descarga, toda a sujeira \u201cdesaparece\u201d, pois \u00e9 movida para um recipiente interno.<br>Segundo o designer, a areia pode ser substitu\u00edda por serragem \u2014 o que \u00e9 uma solu\u00e7\u00e3o j\u00e1 adotada em banheiros secos ecol\u00f3gicos. Archie Read estima que uma fam\u00edlia de sete pessoas s\u00f3 precisar\u00e1 esvaziar os res\u00edduos l\u00edquidos a cada dois dias e os res\u00edduos s\u00f3lidos a cada quatro dias. Mas, logicamente, tal capacidade pode mudar dependendo do uso.<\/p>\n\n\n\n<div class=\"wp-block-image\"><figure class=\"aligncenter size-large\"><img loading=\"lazy\" decoding=\"async\" width=\"1024\" height=\"100\" src=\"https:\/\/jornalfatosenoticias.com.br\/wp-content\/uploads\/2022\/05\/NOVA-LOGO-CESCONETTO-1024x100.jpg\" alt=\"\" class=\"wp-image-30792\" srcset=\"https:\/\/jornalfatosenoticias.com.br\/wp-content\/uploads\/2022\/05\/NOVA-LOGO-CESCONETTO-1024x100.jpg 1024w, https:\/\/jornalfatosenoticias.com.br\/wp-content\/uploads\/2022\/05\/NOVA-LOGO-CESCONETTO-300x29.jpg 300w, https:\/\/jornalfatosenoticias.com.br\/wp-content\/uploads\/2022\/05\/NOVA-LOGO-CESCONETTO-768x75.jpg 768w, https:\/\/jornalfatosenoticias.com.br\/wp-content\/uploads\/2022\/05\/NOVA-LOGO-CESCONETTO.jpg 1280w\" sizes=\"auto, (max-width: 1024px) 100vw, 1024px\" \/><\/figure><\/div>\n\n\n\n<p>Apesar de n\u00e3o estar \u00e0 venda, o designer estabeleceu que cada vaso deve custar cerca de 74 d\u00f3lares, de forma a ser acess\u00edvel aos que mais precisam. O vaso Sandi foi um dos <a href=\"https:\/\/www.dezeen.com\/2022\/07\/19\/brunel-university-student-product-design-projects-schoolshows\/\" target=\"_blank\" rel=\"noreferrer noopener\">10 projetos de design de produto<\/a> destacados pela Universidade de Brunel, em Londres, na qual ele \u00e9 estudante.<\/p>\n\n\n\n<div class=\"wp-block-image\"><figure class=\"alignleft size-large is-resized\"><img loading=\"lazy\" decoding=\"async\" src=\"https:\/\/jornalfatosenoticias.com.br\/wp-content\/uploads\/2020\/02\/nova-logo-Marquetti.jpg\" alt=\"\" class=\"wp-image-22331\" width=\"275\" height=\"184\" srcset=\"https:\/\/jornalfatosenoticias.com.br\/wp-content\/uploads\/2020\/02\/nova-logo-Marquetti.jpg 643w, https:\/\/jornalfatosenoticias.com.br\/wp-content\/uploads\/2020\/02\/nova-logo-Marquetti-300x202.jpg 300w\" sizes=\"auto, (max-width: 275px) 100vw, 275px\" \/><\/figure><\/div>\n\n\n\n<p><strong><span class=\"has-inline-color has-vivid-red-color\">Solu\u00e7\u00e3o \u00fatil e inteligente<br><\/span><\/strong>Cerca de 1.937 munic\u00edpios brasileiros n\u00e3o t\u00eam rede coletora de <a href=\"https:\/\/ciclovivo.com.br\/inovacao\/tecnologia\/sistema-tratar-esgoto-comunidades-ribeirinhas\/\" target=\"_blank\" rel=\"noreferrer noopener\">esgoto<\/a>, segundo um levantamento divulgado pelo Minist\u00e9rio do Desenvolvimento Regional (MDR). A Organiza\u00e7\u00e3o Mundial da Sa\u00fade (OMS) estima que quase 7,2 milh\u00f5es de brasileiros n\u00e3o t\u00eam, sequer, instala\u00e7\u00f5es sanit\u00e1rias. Em tais casos, os banheiros secos podem ser uma alternativa ecol\u00f3gica \u2014 uma vez que n\u00e3o necessitam de \u00e1gua e n\u00e3o poluem o meio ambiente.<br>A solu\u00e7\u00e3o pode ser \u00fatil sobretudo para quem vive em \u00e1reas rurais ou n\u00e3o possui instala\u00e7\u00f5es para coleta e tratamento de esgoto. De fato, ao projetar e prototipar o vaso, Archie Read teve sempre em mente pa\u00edses de baixa renda, sobretudo da \u00c1frica subsaariana.<\/p>\n\n\n\n<div class=\"wp-block-image\"><figure class=\"alignright size-large is-resized\"><img loading=\"lazy\" decoding=\"async\" src=\"https:\/\/jornalfatosenoticias.com.br\/wp-content\/uploads\/2020\/02\/logo_esteio.jpg\" alt=\"\" class=\"wp-image-1214\" width=\"276\" height=\"230\"\/><\/figure><\/div>\n\n\n\n<p>Aqui no Brasil, a organiza\u00e7\u00e3o social Habitat para a Humanidade desenvolveu um projeto piloto para instalar <a href=\"https:\/\/ciclovivo.com.br\/arq-urb\/urbanismo\/ong-leva-banheiros-secos-para-o-nordeste-brasileiro\/\" target=\"_blank\" rel=\"noreferrer noopener\">banheiros secos para fam\u00edlias do semi\u00e1rido<\/a> pernambucano. Os moradores atendidos vivem em uma \u00e1rea rural onde o acesso a \u00e1gua \u00e9 escasso e o esgotamento sanit\u00e1rio \u00e9 praticamente inexistente.<br>Mas, engana-se quem pensa que banheiro seco \u00e9 somente para pessoas de baixa renda. Esta solu\u00e7\u00e3o j\u00e1 \u00e9 consolidada como uma \u00f3tima alternativa, al\u00e9m de muito mais racional do que defecar em \u00e1gua limpa. Na Europa, uma empresa alem\u00e3 criou um banheiro seco <a href=\"https:\/\/ciclovivo.com.br\/mao-na-massa\/permacultura\/banheiro-seco-montavel-e-opcao-sustentavel-para-casas-e-viagens\/\" target=\"_blank\" rel=\"noreferrer noopener\">mont\u00e1vel e moderno<\/a>, enquanto que na Coreia do Sul um professor de Engenharia Ambiental criou um vaso equipado com uma bomba a v\u00e1cuo, que transforma\u00a0<a href=\"https:\/\/ciclovivo.com.br\/inovacao\/tecnologia\/vaso-beevi-dejetos-humanos-energia-criptomoeda\/\" target=\"_blank\" rel=\"noreferrer noopener\">dejetos humanos em energia e criptomoeda<\/a>.<\/p>\n\n\n\n<div class=\"wp-block-image\"><figure class=\"alignleft size-large is-resized\"><img loading=\"lazy\" decoding=\"async\" src=\"https:\/\/jornalfatosenoticias.com.br\/wp-content\/uploads\/2022\/03\/logo-Suinco-1024x390.jpg\" alt=\"\" class=\"wp-image-28785\" width=\"304\" height=\"115\"\/><\/figure><\/div>\n\n\n\n<p>Para al\u00e9m de modelos mais sofisticados, \u00e9 mais comum encontrar banheiros secos mais simples. O mais b\u00e1sico deles \u00e9 formado somente por um balde, que deve ser colocado abaixo do assento, e serragem, que deve ser inserido ap\u00f3s o uso. Quando cheio, o balde com os dejetos deve ser destinado \u00e0 compostagem.<\/p>\n\n\n\n<div class=\"wp-block-image\"><figure class=\"aligncenter size-large is-resized\"><img loading=\"lazy\" decoding=\"async\" src=\"https:\/\/jornalfatosenoticias.com.br\/wp-content\/uploads\/2022\/02\/Serra-Pack-459.png\" alt=\"\" class=\"wp-image-27471\" width=\"278\" height=\"111\"\/><\/figure><\/div>\n\n\n\n<p><strong><em>Fonte: <a href=\"https:\/\/ciclovivo.com.br\/arq-urb\/design\/vaso-sanitario-de-baixo-custo-da-descarga-sem-agua\/\">CicloVivo<\/a><\/em><\/strong><\/p>\n","protected":false},"excerpt":{"rendered":"<p>Banheiro seco foi projetado para \u00e1reas sem acesso \u00e0 \u00e1gua pot\u00e1vel e coleta de esgoto Ao realizar est\u00e1gio em uma empresa de saneamento, o designer Archie Read, do Reino Unido, foi exposto \u00e0 dura realidade a que vivem muitas pessoas: a falta de acesso a m\u00ednimas condi\u00e7\u00f5es sanit\u00e1rias seguras. Por outro lado, ele tamb\u00e9m conheceu [&hellip;]<\/p>\n","protected":false},"author":2,"featured_media":33129,"comment_status":"open","ping_status":"open","sticky":false,"template":"","format":"standard","meta":{"footnotes":""},"categories":[744],"tags":[15594,15592,8219,911,7432,15593],"class_list":["post-33127","post","type-post","status-publish","format-standard","has-post-thumbnail","hentry","category-arq-urbanismo","tag-archie-read","tag-banheiro-seco","tag-coleta-de-esgoto","tag-inovacao","tag-tratamento-de-esgoto","tag-vaso-sanitario-de-baixo-custo"],"yoast_head":"<!-- This site is optimized with the Yoast SEO plugin v26.5 - https:\/\/yoast.com\/wordpress\/plugins\/seo\/ -->\n<title>Vaso sanit\u00e1rio de baixo custo d\u00e1 descarga sem \u00e1gua - Jornal Fatos e Not\u00edcias<\/title>\n<meta name=\"robots\" content=\"index, follow, max-snippet:-1, max-image-preview:large, max-video-preview:-1\" \/>\n<link rel=\"canonical\" href=\"https:\/\/jornalfatosenoticias.com.br\/index.php\/2022\/08\/11\/vaso-sanitario-de-baixo-custo-da-descarga-sem-agua\/\" \/>\n<meta property=\"og:locale\" content=\"pt_BR\" \/>\n<meta property=\"og:type\" content=\"article\" \/>\n<meta property=\"og:title\" content=\"Vaso sanit\u00e1rio de baixo custo d\u00e1 descarga sem \u00e1gua - Jornal Fatos e Not\u00edcias\" \/>\n<meta property=\"og:description\" content=\"Banheiro seco foi projetado para \u00e1reas sem acesso \u00e0 \u00e1gua pot\u00e1vel e coleta de esgoto Ao realizar est\u00e1gio em uma empresa de saneamento, o designer Archie Read, do Reino Unido, foi exposto \u00e0 dura realidade a que vivem muitas pessoas: a falta de acesso a m\u00ednimas condi\u00e7\u00f5es sanit\u00e1rias seguras. Por outro lado, ele tamb\u00e9m conheceu [&hellip;]\" \/>\n<meta property=\"og:url\" content=\"https:\/\/jornalfatosenoticias.com.br\/index.php\/2022\/08\/11\/vaso-sanitario-de-baixo-custo-da-descarga-sem-agua\/\" \/>\n<meta property=\"og:site_name\" content=\"Jornal Fatos e Not\u00edcias\" \/>\n<meta property=\"article:published_time\" content=\"2022-08-11T17:15:04+00:00\" \/>\n<meta property=\"article:modified_time\" content=\"2022-08-11T17:15:05+00:00\" \/>\n<meta property=\"og:image\" content=\"https:\/\/jornalfatosenoticias.com.br\/wp-content\/uploads\/2022\/08\/vaso-seco-1.jpg\" \/>\n\t<meta property=\"og:image:width\" content=\"1000\" \/>\n\t<meta property=\"og:image:height\" content=\"674\" \/>\n\t<meta property=\"og:image:type\" content=\"image\/jpeg\" \/>\n<meta name=\"author\" content=\"Luzimara Fernandes\" \/>\n<meta name=\"twitter:card\" content=\"summary_large_image\" \/>\n<meta name=\"twitter:label1\" content=\"Escrito por\" \/>\n\t<meta name=\"twitter:data1\" content=\"Luzimara Fernandes\" \/>\n\t<meta name=\"twitter:label2\" content=\"Est. tempo de leitura\" \/>\n\t<meta name=\"twitter:data2\" content=\"3 minutos\" \/>\n<script type=\"application\/ld+json\" class=\"yoast-schema-graph\">{\"@context\":\"https:\/\/schema.org\",\"@graph\":[{\"@type\":\"Article\",\"@id\":\"https:\/\/jornalfatosenoticias.com.br\/index.php\/2022\/08\/11\/vaso-sanitario-de-baixo-custo-da-descarga-sem-agua\/#article\",\"isPartOf\":{\"@id\":\"https:\/\/jornalfatosenoticias.com.br\/index.php\/2022\/08\/11\/vaso-sanitario-de-baixo-custo-da-descarga-sem-agua\/\"},\"author\":{\"name\":\"Luzimara Fernandes\",\"@id\":\"https:\/\/jornalfatosenoticias.com.br\/#\/schema\/person\/d63837fa13ac8666eb9e74e0985d6f81\"},\"headline\":\"Vaso sanit\u00e1rio de baixo custo d\u00e1 descarga sem \u00e1gua\",\"datePublished\":\"2022-08-11T17:15:04+00:00\",\"dateModified\":\"2022-08-11T17:15:05+00:00\",\"mainEntityOfPage\":{\"@id\":\"https:\/\/jornalfatosenoticias.com.br\/index.php\/2022\/08\/11\/vaso-sanitario-de-baixo-custo-da-descarga-sem-agua\/\"},\"wordCount\":649,\"commentCount\":0,\"publisher\":{\"@id\":\"https:\/\/jornalfatosenoticias.com.br\/#organization\"},\"image\":{\"@id\":\"https:\/\/jornalfatosenoticias.com.br\/index.php\/2022\/08\/11\/vaso-sanitario-de-baixo-custo-da-descarga-sem-agua\/#primaryimage\"},\"thumbnailUrl\":\"https:\/\/jornalfatosenoticias.com.br\/wp-content\/uploads\/2022\/08\/vaso-seco-1.jpg\",\"keywords\":[\"Archie Read\",\"banheiro seco\",\"coleta de esgoto\",\"inova\u00e7\u00e3o\",\"tratamento de esgoto\",\"vaso sanit\u00e1rio de baixo custo\"],\"articleSection\":[\"Arq &amp; Urb\"],\"inLanguage\":\"pt-BR\",\"potentialAction\":[{\"@type\":\"CommentAction\",\"name\":\"Comment\",\"target\":[\"https:\/\/jornalfatosenoticias.com.br\/index.php\/2022\/08\/11\/vaso-sanitario-de-baixo-custo-da-descarga-sem-agua\/#respond\"]}]},{\"@type\":\"WebPage\",\"@id\":\"https:\/\/jornalfatosenoticias.com.br\/index.php\/2022\/08\/11\/vaso-sanitario-de-baixo-custo-da-descarga-sem-agua\/\",\"url\":\"https:\/\/jornalfatosenoticias.com.br\/index.php\/2022\/08\/11\/vaso-sanitario-de-baixo-custo-da-descarga-sem-agua\/\",\"name\":\"Vaso sanit\u00e1rio de baixo custo d\u00e1 descarga sem \u00e1gua - Jornal Fatos e Not\u00edcias\",\"isPartOf\":{\"@id\":\"https:\/\/jornalfatosenoticias.com.br\/#website\"},\"primaryImageOfPage\":{\"@id\":\"https:\/\/jornalfatosenoticias.com.br\/index.php\/2022\/08\/11\/vaso-sanitario-de-baixo-custo-da-descarga-sem-agua\/#primaryimage\"},\"image\":{\"@id\":\"https:\/\/jornalfatosenoticias.com.br\/index.php\/2022\/08\/11\/vaso-sanitario-de-baixo-custo-da-descarga-sem-agua\/#primaryimage\"},\"thumbnailUrl\":\"https:\/\/jornalfatosenoticias.com.br\/wp-content\/uploads\/2022\/08\/vaso-seco-1.jpg\",\"datePublished\":\"2022-08-11T17:15:04+00:00\",\"dateModified\":\"2022-08-11T17:15:05+00:00\",\"breadcrumb\":{\"@id\":\"https:\/\/jornalfatosenoticias.com.br\/index.php\/2022\/08\/11\/vaso-sanitario-de-baixo-custo-da-descarga-sem-agua\/#breadcrumb\"},\"inLanguage\":\"pt-BR\",\"potentialAction\":[{\"@type\":\"ReadAction\",\"target\":[\"https:\/\/jornalfatosenoticias.com.br\/index.php\/2022\/08\/11\/vaso-sanitario-de-baixo-custo-da-descarga-sem-agua\/\"]}]},{\"@type\":\"ImageObject\",\"inLanguage\":\"pt-BR\",\"@id\":\"https:\/\/jornalfatosenoticias.com.br\/index.php\/2022\/08\/11\/vaso-sanitario-de-baixo-custo-da-descarga-sem-agua\/#primaryimage\",\"url\":\"https:\/\/jornalfatosenoticias.com.br\/wp-content\/uploads\/2022\/08\/vaso-seco-1.jpg\",\"contentUrl\":\"https:\/\/jornalfatosenoticias.com.br\/wp-content\/uploads\/2022\/08\/vaso-seco-1.jpg\",\"width\":1000,\"height\":674},{\"@type\":\"BreadcrumbList\",\"@id\":\"https:\/\/jornalfatosenoticias.com.br\/index.php\/2022\/08\/11\/vaso-sanitario-de-baixo-custo-da-descarga-sem-agua\/#breadcrumb\",\"itemListElement\":[{\"@type\":\"ListItem\",\"position\":1,\"name\":\"In\u00edcio\",\"item\":\"https:\/\/jornalfatosenoticias.com.br\/\"},{\"@type\":\"ListItem\",\"position\":2,\"name\":\"Vaso sanit\u00e1rio de baixo custo d\u00e1 descarga sem \u00e1gua\"}]},{\"@type\":\"WebSite\",\"@id\":\"https:\/\/jornalfatosenoticias.com.br\/#website\",\"url\":\"https:\/\/jornalfatosenoticias.com.br\/\",\"name\":\"Jornal Fatos e Not\u00edcias\",\"description\":\"Not\u00edcias em geral\",\"publisher\":{\"@id\":\"https:\/\/jornalfatosenoticias.com.br\/#organization\"},\"potentialAction\":[{\"@type\":\"SearchAction\",\"target\":{\"@type\":\"EntryPoint\",\"urlTemplate\":\"https:\/\/jornalfatosenoticias.com.br\/?s={search_term_string}\"},\"query-input\":{\"@type\":\"PropertyValueSpecification\",\"valueRequired\":true,\"valueName\":\"search_term_string\"}}],\"inLanguage\":\"pt-BR\"},{\"@type\":\"Organization\",\"@id\":\"https:\/\/jornalfatosenoticias.com.br\/#organization\",\"name\":\"Jornal Fatos e Not\u00edcias\",\"url\":\"https:\/\/jornalfatosenoticias.com.br\/\",\"logo\":{\"@type\":\"ImageObject\",\"inLanguage\":\"pt-BR\",\"@id\":\"https:\/\/jornalfatosenoticias.com.br\/#\/schema\/logo\/image\/\",\"url\":\"https:\/\/jornalfatosenoticias.com.br\/wp-content\/uploads\/2020\/02\/logo120.png\",\"contentUrl\":\"https:\/\/jornalfatosenoticias.com.br\/wp-content\/uploads\/2020\/02\/logo120.png\",\"width\":1227,\"height\":120,\"caption\":\"Jornal Fatos e Not\u00edcias\"},\"image\":{\"@id\":\"https:\/\/jornalfatosenoticias.com.br\/#\/schema\/logo\/image\/\"}},{\"@type\":\"Person\",\"@id\":\"https:\/\/jornalfatosenoticias.com.br\/#\/schema\/person\/d63837fa13ac8666eb9e74e0985d6f81\",\"name\":\"Luzimara Fernandes\",\"image\":{\"@type\":\"ImageObject\",\"inLanguage\":\"pt-BR\",\"@id\":\"https:\/\/jornalfatosenoticias.com.br\/#\/schema\/person\/image\/\",\"url\":\"https:\/\/jornalfatosenoticias.com.br\/wp-content\/uploads\/2025\/05\/EU_portal.jpg\",\"contentUrl\":\"https:\/\/jornalfatosenoticias.com.br\/wp-content\/uploads\/2025\/05\/EU_portal.jpg\",\"caption\":\"Luzimara Fernandes\"},\"description\":\"Jornalista MTB 2358-ES\",\"sameAs\":[\"https:\/\/jornalfatosenoticias.com.br\"],\"url\":\"https:\/\/jornalfatosenoticias.com.br\/index.php\/author\/luzimara\/\"}]}<\/script>\n<!-- \/ Yoast SEO plugin. -->","yoast_head_json":{"title":"Vaso sanit\u00e1rio de baixo custo d\u00e1 descarga sem \u00e1gua - Jornal Fatos e Not\u00edcias","robots":{"index":"index","follow":"follow","max-snippet":"max-snippet:-1","max-image-preview":"max-image-preview:large","max-video-preview":"max-video-preview:-1"},"canonical":"https:\/\/jornalfatosenoticias.com.br\/index.php\/2022\/08\/11\/vaso-sanitario-de-baixo-custo-da-descarga-sem-agua\/","og_locale":"pt_BR","og_type":"article","og_title":"Vaso sanit\u00e1rio de baixo custo d\u00e1 descarga sem \u00e1gua - Jornal Fatos e Not\u00edcias","og_description":"Banheiro seco foi projetado para \u00e1reas sem acesso \u00e0 \u00e1gua pot\u00e1vel e coleta de esgoto Ao realizar est\u00e1gio em uma empresa de saneamento, o designer Archie Read, do Reino Unido, foi exposto \u00e0 dura realidade a que vivem muitas pessoas: a falta de acesso a m\u00ednimas condi\u00e7\u00f5es sanit\u00e1rias seguras. Por outro lado, ele tamb\u00e9m conheceu [&hellip;]","og_url":"https:\/\/jornalfatosenoticias.com.br\/index.php\/2022\/08\/11\/vaso-sanitario-de-baixo-custo-da-descarga-sem-agua\/","og_site_name":"Jornal Fatos e Not\u00edcias","article_published_time":"2022-08-11T17:15:04+00:00","article_modified_time":"2022-08-11T17:15:05+00:00","og_image":[{"width":1000,"height":674,"url":"https:\/\/jornalfatosenoticias.com.br\/wp-content\/uploads\/2022\/08\/vaso-seco-1.jpg","type":"image\/jpeg"}],"author":"Luzimara Fernandes","twitter_card":"summary_large_image","twitter_misc":{"Escrito por":"Luzimara Fernandes","Est. tempo de leitura":"3 minutos"},"schema":{"@context":"https:\/\/schema.org","@graph":[{"@type":"Article","@id":"https:\/\/jornalfatosenoticias.com.br\/index.php\/2022\/08\/11\/vaso-sanitario-de-baixo-custo-da-descarga-sem-agua\/#article","isPartOf":{"@id":"https:\/\/jornalfatosenoticias.com.br\/index.php\/2022\/08\/11\/vaso-sanitario-de-baixo-custo-da-descarga-sem-agua\/"},"author":{"name":"Luzimara Fernandes","@id":"https:\/\/jornalfatosenoticias.com.br\/#\/schema\/person\/d63837fa13ac8666eb9e74e0985d6f81"},"headline":"Vaso sanit\u00e1rio de baixo custo d\u00e1 descarga sem \u00e1gua","datePublished":"2022-08-11T17:15:04+00:00","dateModified":"2022-08-11T17:15:05+00:00","mainEntityOfPage":{"@id":"https:\/\/jornalfatosenoticias.com.br\/index.php\/2022\/08\/11\/vaso-sanitario-de-baixo-custo-da-descarga-sem-agua\/"},"wordCount":649,"commentCount":0,"publisher":{"@id":"https:\/\/jornalfatosenoticias.com.br\/#organization"},"image":{"@id":"https:\/\/jornalfatosenoticias.com.br\/index.php\/2022\/08\/11\/vaso-sanitario-de-baixo-custo-da-descarga-sem-agua\/#primaryimage"},"thumbnailUrl":"https:\/\/jornalfatosenoticias.com.br\/wp-content\/uploads\/2022\/08\/vaso-seco-1.jpg","keywords":["Archie Read","banheiro seco","coleta de esgoto","inova\u00e7\u00e3o","tratamento de esgoto","vaso sanit\u00e1rio de baixo custo"],"articleSection":["Arq &amp; Urb"],"inLanguage":"pt-BR","potentialAction":[{"@type":"CommentAction","name":"Comment","target":["https:\/\/jornalfatosenoticias.com.br\/index.php\/2022\/08\/11\/vaso-sanitario-de-baixo-custo-da-descarga-sem-agua\/#respond"]}]},{"@type":"WebPage","@id":"https:\/\/jornalfatosenoticias.com.br\/index.php\/2022\/08\/11\/vaso-sanitario-de-baixo-custo-da-descarga-sem-agua\/","url":"https:\/\/jornalfatosenoticias.com.br\/index.php\/2022\/08\/11\/vaso-sanitario-de-baixo-custo-da-descarga-sem-agua\/","name":"Vaso sanit\u00e1rio de baixo custo d\u00e1 descarga sem \u00e1gua - Jornal Fatos e Not\u00edcias","isPartOf":{"@id":"https:\/\/jornalfatosenoticias.com.br\/#website"},"primaryImageOfPage":{"@id":"https:\/\/jornalfatosenoticias.com.br\/index.php\/2022\/08\/11\/vaso-sanitario-de-baixo-custo-da-descarga-sem-agua\/#primaryimage"},"image":{"@id":"https:\/\/jornalfatosenoticias.com.br\/index.php\/2022\/08\/11\/vaso-sanitario-de-baixo-custo-da-descarga-sem-agua\/#primaryimage"},"thumbnailUrl":"https:\/\/jornalfatosenoticias.com.br\/wp-content\/uploads\/2022\/08\/vaso-seco-1.jpg","datePublished":"2022-08-11T17:15:04+00:00","dateModified":"2022-08-11T17:15:05+00:00","breadcrumb":{"@id":"https:\/\/jornalfatosenoticias.com.br\/index.php\/2022\/08\/11\/vaso-sanitario-de-baixo-custo-da-descarga-sem-agua\/#breadcrumb"},"inLanguage":"pt-BR","potentialAction":[{"@type":"ReadAction","target":["https:\/\/jornalfatosenoticias.com.br\/index.php\/2022\/08\/11\/vaso-sanitario-de-baixo-custo-da-descarga-sem-agua\/"]}]},{"@type":"ImageObject","inLanguage":"pt-BR","@id":"https:\/\/jornalfatosenoticias.com.br\/index.php\/2022\/08\/11\/vaso-sanitario-de-baixo-custo-da-descarga-sem-agua\/#primaryimage","url":"https:\/\/jornalfatosenoticias.com.br\/wp-content\/uploads\/2022\/08\/vaso-seco-1.jpg","contentUrl":"https:\/\/jornalfatosenoticias.com.br\/wp-content\/uploads\/2022\/08\/vaso-seco-1.jpg","width":1000,"height":674},{"@type":"BreadcrumbList","@id":"https:\/\/jornalfatosenoticias.com.br\/index.php\/2022\/08\/11\/vaso-sanitario-de-baixo-custo-da-descarga-sem-agua\/#breadcrumb","itemListElement":[{"@type":"ListItem","position":1,"name":"In\u00edcio","item":"https:\/\/jornalfatosenoticias.com.br\/"},{"@type":"ListItem","position":2,"name":"Vaso sanit\u00e1rio de baixo custo d\u00e1 descarga sem \u00e1gua"}]},{"@type":"WebSite","@id":"https:\/\/jornalfatosenoticias.com.br\/#website","url":"https:\/\/jornalfatosenoticias.com.br\/","name":"Jornal Fatos e Not\u00edcias","description":"Not\u00edcias em geral","publisher":{"@id":"https:\/\/jornalfatosenoticias.com.br\/#organization"},"potentialAction":[{"@type":"SearchAction","target":{"@type":"EntryPoint","urlTemplate":"https:\/\/jornalfatosenoticias.com.br\/?s={search_term_string}"},"query-input":{"@type":"PropertyValueSpecification","valueRequired":true,"valueName":"search_term_string"}}],"inLanguage":"pt-BR"},{"@type":"Organization","@id":"https:\/\/jornalfatosenoticias.com.br\/#organization","name":"Jornal Fatos e Not\u00edcias","url":"https:\/\/jornalfatosenoticias.com.br\/","logo":{"@type":"ImageObject","inLanguage":"pt-BR","@id":"https:\/\/jornalfatosenoticias.com.br\/#\/schema\/logo\/image\/","url":"https:\/\/jornalfatosenoticias.com.br\/wp-content\/uploads\/2020\/02\/logo120.png","contentUrl":"https:\/\/jornalfatosenoticias.com.br\/wp-content\/uploads\/2020\/02\/logo120.png","width":1227,"height":120,"caption":"Jornal Fatos e Not\u00edcias"},"image":{"@id":"https:\/\/jornalfatosenoticias.com.br\/#\/schema\/logo\/image\/"}},{"@type":"Person","@id":"https:\/\/jornalfatosenoticias.com.br\/#\/schema\/person\/d63837fa13ac8666eb9e74e0985d6f81","name":"Luzimara Fernandes","image":{"@type":"ImageObject","inLanguage":"pt-BR","@id":"https:\/\/jornalfatosenoticias.com.br\/#\/schema\/person\/image\/","url":"https:\/\/jornalfatosenoticias.com.br\/wp-content\/uploads\/2025\/05\/EU_portal.jpg","contentUrl":"https:\/\/jornalfatosenoticias.com.br\/wp-content\/uploads\/2025\/05\/EU_portal.jpg","caption":"Luzimara Fernandes"},"description":"Jornalista MTB 2358-ES","sameAs":["https:\/\/jornalfatosenoticias.com.br"],"url":"https:\/\/jornalfatosenoticias.com.br\/index.php\/author\/luzimara\/"}]}},"cc_featured_image_caption":{"caption_text":"(Foto: Archie Read) ","source_text":"","source_url":""},"jetpack_featured_media_url":"https:\/\/jornalfatosenoticias.com.br\/wp-content\/uploads\/2022\/08\/vaso-seco-1.jpg","_links":{"self":[{"href":"https:\/\/jornalfatosenoticias.com.br\/index.php\/wp-json\/wp\/v2\/posts\/33127","targetHints":{"allow":["GET"]}}],"collection":[{"href":"https:\/\/jornalfatosenoticias.com.br\/index.php\/wp-json\/wp\/v2\/posts"}],"about":[{"href":"https:\/\/jornalfatosenoticias.com.br\/index.php\/wp-json\/wp\/v2\/types\/post"}],"author":[{"embeddable":true,"href":"https:\/\/jornalfatosenoticias.com.br\/index.php\/wp-json\/wp\/v2\/users\/2"}],"replies":[{"embeddable":true,"href":"https:\/\/jornalfatosenoticias.com.br\/index.php\/wp-json\/wp\/v2\/comments?post=33127"}],"version-history":[{"count":0,"href":"https:\/\/jornalfatosenoticias.com.br\/index.php\/wp-json\/wp\/v2\/posts\/33127\/revisions"}],"wp:featuredmedia":[{"embeddable":true,"href":"https:\/\/jornalfatosenoticias.com.br\/index.php\/wp-json\/wp\/v2\/media\/33129"}],"wp:attachment":[{"href":"https:\/\/jornalfatosenoticias.com.br\/index.php\/wp-json\/wp\/v2\/media?parent=33127"}],"wp:term":[{"taxonomy":"category","embeddable":true,"href":"https:\/\/jornalfatosenoticias.com.br\/index.php\/wp-json\/wp\/v2\/categories?post=33127"},{"taxonomy":"post_tag","embeddable":true,"href":"https:\/\/jornalfatosenoticias.com.br\/index.php\/wp-json\/wp\/v2\/tags?post=33127"}],"curies":[{"name":"wp","href":"https:\/\/api.w.org\/{rel}","templated":true}]}}