{"id":33131,"date":"2022-08-11T14:30:17","date_gmt":"2022-08-11T17:30:17","guid":{"rendered":"https:\/\/jornalfatosenoticias.com.br\/?p=33131"},"modified":"2022-08-11T14:30:18","modified_gmt":"2022-08-11T17:30:18","slug":"cantinho-da-disciplina-funciona-para-educar-criancas","status":"publish","type":"post","link":"https:\/\/jornalfatosenoticias.com.br\/index.php\/2022\/08\/11\/cantinho-da-disciplina-funciona-para-educar-criancas\/","title":{"rendered":"&#8216;Cantinho da disciplina&#8217; funciona para educar crian\u00e7as?"},"content":{"rendered":"\n<p><span class=\"has-inline-color has-black-color\"><em>Como disciplinar as crian\u00e7as \u00e9 uma das grandes quest\u00f5es dos pais<\/em><\/span><\/p>\n\n\n\n<div class=\"wp-block-image\"><figure class=\"aligncenter size-large\"><img loading=\"lazy\" decoding=\"async\" width=\"1024\" height=\"100\" src=\"https:\/\/jornalfatosenoticias.com.br\/wp-content\/uploads\/2022\/05\/NOVA-LOGO-CESCONETTO-1024x100.jpg\" alt=\"\" class=\"wp-image-30792\" srcset=\"https:\/\/jornalfatosenoticias.com.br\/wp-content\/uploads\/2022\/05\/NOVA-LOGO-CESCONETTO-1024x100.jpg 1024w, https:\/\/jornalfatosenoticias.com.br\/wp-content\/uploads\/2022\/05\/NOVA-LOGO-CESCONETTO-300x29.jpg 300w, https:\/\/jornalfatosenoticias.com.br\/wp-content\/uploads\/2022\/05\/NOVA-LOGO-CESCONETTO-768x75.jpg 768w, https:\/\/jornalfatosenoticias.com.br\/wp-content\/uploads\/2022\/05\/NOVA-LOGO-CESCONETTO.jpg 1280w\" sizes=\"auto, (max-width: 1024px) 100vw, 1024px\" \/><\/figure><\/div>\n\n\n\n<p>Pesquisas sobre o funcionamento do c\u00e9rebro infantil mostram que ele ainda \u00e9 imaturo para &#8216;aprender&#8217; bons comportamentos em momento de estresse; mas especialistas dizem que &#8216;cantos da calma&#8217; em casa podem ajudar no processo de regula\u00e7\u00e3o emocional.<br>Adianta colocar a crian\u00e7a de castigo ou, em uma vers\u00e3o mais suave, num &#8220;cantinho da disciplina&#8221;? Essa \u00e9 uma das d\u00favidas mais comuns de pais e cuidadores diante da &#8220;desobedi\u00eancia&#8221; infantil. Defensores do &#8220;cantinho do pensamento&#8221; dizem que sim, argumentando que o m\u00e9todo d\u00e1 aos pais uma estrat\u00e9gia que evita a viol\u00eancia.<br>Mas o conhecimento recente da neuroci\u00eancia coloca essa ideia em xeque, ao mostrar que o c\u00e9rebro das crian\u00e7as sequer tem maturidade para aprender um &#8220;bom comportamento&#8221; ou refletir sobre as regras da fam\u00edlia durante um castigo.<br>Essas evid\u00eancias cient\u00edficas apontam que a crian\u00e7a s\u00f3 vai incorporar sentimentos negativos durante essas puni\u00e7\u00f5es \u2014 por exemplo, ressentimento \u2014 em vez de aprender habilidades importantes de vida e ferramentas que a ajude a controlar as pr\u00f3prias emo\u00e7\u00f5es. Ao mesmo tempo, especialistas defendem que d\u00e1, sim, para montar em casa um &#8220;cantinho&#8221; que sirva para acalmar na hora em que as tens\u00f5es e as brigas escalonam.<\/p>\n\n\n\n<div class=\"wp-block-image\"><figure class=\"aligncenter size-large\"><img loading=\"lazy\" decoding=\"async\" width=\"1024\" height=\"103\" src=\"https:\/\/jornalfatosenoticias.com.br\/wp-content\/uploads\/2022\/02\/Arte-Autoescola-Galatas_endereco_portal-1024x103.png\" alt=\"\" class=\"wp-image-27869\" srcset=\"https:\/\/jornalfatosenoticias.com.br\/wp-content\/uploads\/2022\/02\/Arte-Autoescola-Galatas_endereco_portal-1024x103.png 1024w, https:\/\/jornalfatosenoticias.com.br\/wp-content\/uploads\/2022\/02\/Arte-Autoescola-Galatas_endereco_portal-300x30.png 300w, https:\/\/jornalfatosenoticias.com.br\/wp-content\/uploads\/2022\/02\/Arte-Autoescola-Galatas_endereco_portal-768x77.png 768w, https:\/\/jornalfatosenoticias.com.br\/wp-content\/uploads\/2022\/02\/Arte-Autoescola-Galatas_endereco_portal.png 1223w\" sizes=\"auto, (max-width: 1024px) 100vw, 1024px\" \/><\/figure><\/div>\n\n\n\n<p><strong><span class=\"has-inline-color has-vivid-red-color\">O c\u00e9rebro infantil<br><\/span><\/strong>Um ponto-chave das pesquisas sobre o c\u00e9rebro infantil \u00e9 o chamado c\u00f3rtex pr\u00e9-frontal. \u00c9 a \u00e1rea do c\u00e9rebro que &#8220;nos ajuda a pensar racionalmente, controlar impulsos, refletir sobre sentimentos e gerenciar nosso corpo e emo\u00e7\u00f5es&#8221;, explica Claire Lerner, pesquisadora que ajudou a elaborar as diretrizes da organiza\u00e7\u00e3o desenvolvimento infantil Zero to Three, nos EUA.<br>Os cientistas descobriram que, durante toda a inf\u00e2ncia, mas sobretudo nos primeiros anos de vida, o c\u00f3rtex pr\u00e9-frontal est\u00e1 imaturo. &#8220;O c\u00f3rtex pr\u00e9-frontal est\u00e1 nos est\u00e1gios mais rudimentares do desenvolvimento nessa idade&#8221;, diz Lerner.<br>Ou seja, do ponto de vista fisiol\u00f3gico, a crian\u00e7a ainda n\u00e3o \u00e9 capaz de controlar a maior parte das suas rea\u00e7\u00f5es, porque tem um controle ainda inconsistente delas. Quando \u00e9 tomada por emo\u00e7\u00f5es dif\u00edceis, como frustra\u00e7\u00e3o, raiva ou medo, seu corpo reage? por exemplo, &#8220;explodindo&#8221; em crises de birra.<\/p>\n\n\n\n<div class=\"wp-block-image\"><figure class=\"aligncenter size-large\"><img loading=\"lazy\" decoding=\"async\" width=\"300\" height=\"237\" src=\"https:\/\/jornalfatosenoticias.com.br\/wp-content\/uploads\/2020\/02\/SEVENTUR-TURISMO.jpg\" alt=\"\" class=\"wp-image-32994\"\/><\/figure><\/div>\n\n\n\n<blockquote class=\"wp-block-quote is-layout-flow wp-block-quote-is-layout-flow\"><p><span class=\"has-inline-color has-luminous-vivid-orange-color\">&#8220;Ao contr\u00e1rio das cren\u00e7as populares, crian\u00e7as pequenas que n\u00e3o cumprem o que \u00e9 pedido, perdem o controle de suas emo\u00e7\u00f5es ou se distraem facilmente n\u00e3o s\u00e3o &#8216;crian\u00e7as m\u00e1s&#8217; nem est\u00e3o sendo intencionalmente beligerantes ou n\u00e3o cooperativas&#8221;, explica o Centro de Desenvolvimento Infantil da Universidade de Harvard.<\/span><\/p><\/blockquote>\n\n\n\n<div class=\"wp-block-image\"><figure class=\"aligncenter size-large is-resized\"><img loading=\"lazy\" decoding=\"async\" src=\"https:\/\/jornalfatosenoticias.com.br\/wp-content\/uploads\/2022\/07\/Assinatura-Marketing-1024x300.png\" alt=\"\" class=\"wp-image-31962\" width=\"423\" height=\"123\" srcset=\"https:\/\/jornalfatosenoticias.com.br\/wp-content\/uploads\/2022\/07\/Assinatura-Marketing-1024x300.png 1024w, https:\/\/jornalfatosenoticias.com.br\/wp-content\/uploads\/2022\/07\/Assinatura-Marketing-300x88.png 300w, https:\/\/jornalfatosenoticias.com.br\/wp-content\/uploads\/2022\/07\/Assinatura-Marketing-768x225.png 768w, https:\/\/jornalfatosenoticias.com.br\/wp-content\/uploads\/2022\/07\/Assinatura-Marketing-1536x451.png 1536w, https:\/\/jornalfatosenoticias.com.br\/wp-content\/uploads\/2022\/07\/Assinatura-Marketing-2048x601.png 2048w\" sizes=\"auto, (max-width: 423px) 100vw, 423px\" \/><\/figure><\/div>\n\n\n\n<p>Ela cita uma das famosas pesquisas em que as crian\u00e7as s\u00e3o colocadas diante de uma guloseima? e perguntadas se preferem com\u00ea-la imediatamente ou esperar para receber um segundo doce.<br>Embora, nesse estudo, muitas crian\u00e7as de tr\u00eas anos tenham reconhecido que o melhor seria esperar para ter dois doces, prevaleceu na maioria delas o impulso de comer a \u00fanica guloseima \u00e0 sua frente.<br>&#8220;Claramente, elas sabem, pela l\u00f3gica, que \u00e9 melhor esperar, mas saber n\u00e3o \u00e9 suficiente&#8221; para seu c\u00e9rebro em forma\u00e7\u00e3o, concluem os estudiosos. &#8220;Sabemos que \u00e9 s\u00f3 pelos 20 e poucos anos que essa parte do c\u00e9rebro fica plenamente formada, o que tamb\u00e9m explica por que adolescentes s\u00e3o famosos por nem sempre tomarem as melhores decis\u00f5es ou terem grande dificuldade em controlar seus impulsos&#8221;, conclui Lerner.<br>Mas, mesmo tendo isso em mente, como lidar com os momentos em que as crian\u00e7as perdem o controle ou se recusam a cumprir tarefas do dia a dia?<\/p>\n\n\n\n<div class=\"wp-block-image\"><figure class=\"aligncenter size-large is-resized\"><img loading=\"lazy\" decoding=\"async\" src=\"https:\/\/jornalfatosenoticias.com.br\/wp-content\/uploads\/2022\/03\/logo-Suinco-1024x390.jpg\" alt=\"\" class=\"wp-image-28785\" width=\"310\" height=\"117\"\/><\/figure><\/div>\n\n\n\n<p><strong><span class=\"has-inline-color has-vivid-red-color\">Os desafios e as birras<br><\/span><\/strong>&#8220;Essas d\u00favidas provavelmente aparecem em ao menos 75% das consultas que os pais fazem comigo, porque est\u00e3o vivenciando algum tipo de desafio \u2014 batalhas sobre a hora de dormir, o tempo de tela, birras em p\u00fablico ou em casa, todas quest\u00f5es comuns da primeira inf\u00e2ncia&#8221;, diz Claire Lerner.<br>&#8220;Quando come\u00e7ou toda essa discuss\u00e3o sobre o &#8216;time-out&#8217; (&#8216;castigo&#8217;), nos anos 1990, meus filhos eram novos e era uma estrat\u00e9gia muito comum: &#8216;se voc\u00ea n\u00e3o parar com isso, vai para o quarto!'&#8221;, relata. &#8220;E da\u00ed come\u00e7amos a aprender muito mais sobre o desenvolvimento do c\u00e9rebro das crian\u00e7as, e do que ele \u00e9 ou n\u00e3o capaz&#8221;.<br>A estrat\u00e9gia ainda \u00e9 defendida pela educadora infantil Cris Poli, conhecida por ter protagonizado o programa Supernanny na TV brasileira. Ela argumenta que um &#8220;cantinho da disciplina&#8221; evita gritos e agress\u00f5es nas rela\u00e7\u00f5es entre crian\u00e7as e cuidadores, a partir dos dois anos de idade. &#8220;Desobedi\u00eancia? Coloque regras simples, discipline seus filhos&#8221;, ela diz, citando por exemplo a import\u00e2ncia de uma regra para escovar os dentes ap\u00f3s as refei\u00e7\u00f5es.<br>&#8220;Voc\u00ea explica a regra no n\u00edvel do entendimento dela. Desobedeceu? Voc\u00ea lembra, mostra a regrinha, d\u00e1 um aviso. Se desobedecer de novo em 24 horas \u2014 n\u00e3o uma semana, mas sim 24h \u2014 vai para o cantinho da disciplina. &#8216;Voc\u00ea vai ficar aqui sentadinho para pensar por que decidiu desobedecer&#8217;. Um minuto por ano de idade&#8221;, diz.<\/p>\n\n\n\n<div class=\"wp-block-image\"><figure class=\"aligncenter size-large is-resized\"><img loading=\"lazy\" decoding=\"async\" src=\"https:\/\/jornalfatosenoticias.com.br\/wp-content\/uploads\/2022\/02\/Precisao-Contabilidade-1024x724.jpg\" alt=\"\" class=\"wp-image-28088\" width=\"287\" height=\"203\"\/><\/figure><\/div>\n\n\n\n<blockquote class=\"wp-block-quote is-layout-flow wp-block-quote-is-layout-flow\"><p><span class=\"has-inline-color has-luminous-vivid-orange-color\">&#8220;Quando termina o tempo, voc\u00ea pergunta \u00e0 crian\u00e7a: &#8216;voc\u00ea lembra (o motivo da puni\u00e7\u00e3o)?&#8217; D\u00e1 um beijo, abra\u00e7o, parab\u00e9ns. Voc\u00ea n\u00e3o fica nervosa, n\u00e3o bate, n\u00e3o grita. \u00c9 di\u00e1logo. Porque disciplina n\u00e3o \u00e9 agressiva, \u00e9 com amor&#8221;.<\/span><\/p><\/blockquote>\n\n\n\n<p><strong><span class=\"has-inline-color has-vivid-red-color\">Habilidades de vida<br><\/span><\/strong>De fato, quando surgiu como uma alternativa \u00e0s agress\u00f5es f\u00edsicas, o &#8220;cantinho do pensamento&#8221; trouxe um avan\u00e7o \u2014o problema \u00e9 que ele desconsidera os conhecimentos mais recentes sobre o comportamento infantil, argumenta a psic\u00f3loga e autora Nanda Perim. Ela cita as pesquisas da americana Jane Nelsen, cujo trabalho \u00e9 base da &#8220;disciplina positiva&#8221;, corrente que defende a cria\u00e7\u00e3o por meio n\u00e3o da puni\u00e7\u00e3o, mas do ensinamento de habilidades de vida.<br>Ao coibir desejos e impulsos sobre os quais a crian\u00e7a ainda n\u00e3o tem controle, o &#8220;cantinho da disciplina&#8221; desperta uma rea\u00e7\u00e3o primitiva no c\u00e9rebro infantil: a de &#8220;fugir ou lutar&#8221;, defende Perim. &#8220;O c\u00e9rebro vai reagir a essa amea\u00e7a ou fugindo, ou lutando. E isso pode (se traduzir) em baixa autoestima, de ela achar que \u00e9 ruim, porque faz tanta coisa errada. Ou vai querer se vingar, para sentir que est\u00e1 no controle da pr\u00f3pria vida, e vai fazer (o comportamento indesejado) de novo, mas escondendo dos pais&#8221;, ela diz.<\/p>\n\n\n\n<div class=\"wp-block-image\"><figure class=\"aligncenter size-large is-resized\"><img loading=\"lazy\" decoding=\"async\" src=\"https:\/\/jornalfatosenoticias.com.br\/wp-content\/uploads\/2020\/02\/nova-logo-Marquetti.jpg\" alt=\"\" class=\"wp-image-22331\" width=\"276\" height=\"185\" srcset=\"https:\/\/jornalfatosenoticias.com.br\/wp-content\/uploads\/2020\/02\/nova-logo-Marquetti.jpg 643w, https:\/\/jornalfatosenoticias.com.br\/wp-content\/uploads\/2020\/02\/nova-logo-Marquetti-300x202.jpg 300w\" sizes=\"auto, (max-width: 276px) 100vw, 276px\" \/><\/figure><\/div>\n\n\n\n<blockquote class=\"wp-block-quote is-layout-flow wp-block-quote-is-layout-flow\"><p><span class=\"has-inline-color has-luminous-vivid-orange-color\">&#8220;Com seis, sete ou oito anos, a crian\u00e7a est\u00e1 come\u00e7ando a desenvolver (controle emocional). E da\u00ed ela precisa de alfabetiza\u00e7\u00e3o emocional \u2014 dar nome \u00e0s emo\u00e7\u00f5es dela, reconhecer como essas emo\u00e7\u00f5es mexem com seu corpinho, quais os gatilhos para elas brotarem, quais os gatilhos da calma para elas melhorarem. Isso \u00e9 habilidade de vida. Mandando a crian\u00e7a ficar olhando para a parede, ela n\u00e3o vai aprender nada disso&#8221;, prossegue a psic\u00f3loga.<\/span><\/p><\/blockquote>\n\n\n\n<div class=\"wp-block-image\"><figure class=\"aligncenter size-large is-resized\"><img loading=\"lazy\" decoding=\"async\" src=\"https:\/\/jornalfatosenoticias.com.br\/wp-content\/uploads\/2022\/06\/Casaruo1024_1.jpg\" alt=\"\" class=\"wp-image-31042\" width=\"384\" height=\"209\"\/><\/figure><\/div>\n\n\n\n<p>&#8220;Ali\u00e1s, eu ensino muito mais habilidades de vida quando eu mostro ao meu filho que eu tamb\u00e9m sinto raiva e que administrar minha raiva \u00e9 dif\u00edcil. Porque meu filho olha para mim e fala &#8216;quando \u00e9 dif\u00edcil para mim, \u00e9 porque eu sou uma pessoa, n\u00e3o \u00e9 porque eu sou ruim e tenho problema'&#8221;.<br>Na mesma linha, Claire Lerner diz que as pesquisas sobre o c\u00e9rebro &#8220;mostraram, para n\u00f3s no campo (da psicologia infantil), que medidas punitivas s\u00e3o contraproducentes \u2014porque passa \u00e0s crian\u00e7as a mensagem de que suas emo\u00e7\u00f5es n\u00e3o importam, de que &#8216;voc\u00ea \u00e9 uma crian\u00e7a ruim e decepcionante&#8217;. E vimos que isso n\u00e3o reduz o comportamento (indesejado) para al\u00e9m do momento do castigo&#8221;.<\/p>\n\n\n\n<div class=\"wp-block-image\"><figure class=\"aligncenter size-large is-resized\"><img loading=\"lazy\" decoding=\"async\" src=\"https:\/\/jornalfatosenoticias.com.br\/wp-content\/uploads\/2022\/08\/logo-locau-veiculos-1024x573.png\" alt=\"\" class=\"wp-image-33078\" width=\"309\" height=\"172\"\/><\/figure><\/div>\n\n\n\n<p><span class=\"has-inline-color has-vivid-red-color\"><strong>Como lidar com comportamentos desafiadores<br><\/strong><\/span>Quando a crian\u00e7a desaba porque n\u00e3o ganhou o brinquedo que viu na loja, \u00e9 preciso entender que ela pr\u00f3pria tem pouco controle sobre seu corpo. Na pr\u00e1tica, diz Lerner, d\u00e1 para ter empatia com isso sem deixar de impor limites claros. &#8220;\u00c9 uma linha t\u00eanue. N\u00e3o \u00e9 nem &#8216;t\u00e1 bom, vamos comprar o unic\u00f3rnio&#8217;, nem &#8216;voc\u00ea est\u00e1 sendo um mimado, um manipulador, nada de TV para voc\u00ea pelo resto do dia'&#8221;, diz.<br>A primeira recomenda\u00e7\u00e3o dela \u00e9 manter a calma e ensinar \u00e0 crian\u00e7a o que ela est\u00e1 sentindo. E tamb\u00e9m refor\u00e7ar as regras e combinados da fam\u00edlia.<br>&#8220;Eu diria que a maioria de n\u00f3s neste campo concorda, de modos gerais, que \u00e9 disso que as crian\u00e7as precisam: compaix\u00e3o, empatia, ideias para solucionar problemas. &#8216;Eu sei, \u00e9 muito dif\u00edcil quando voc\u00ea n\u00e3o pode assistir a mais um epis\u00f3dio do seu programa de TV favorito, mas \u00e9 a nossa regra. Se voc\u00ea precisa de espa\u00e7o para lidar com isso, sem problemas. Podemos pensar em outras coisas que voc\u00ea pode fazer&#8217;. Voc\u00ea est\u00e1 dando apoio, mas tamb\u00e9m estabelecendo um limite&#8221;.<\/p>\n\n\n\n<div class=\"wp-block-image\"><figure class=\"aligncenter size-large is-resized\"><img loading=\"lazy\" decoding=\"async\" src=\"https:\/\/jornalfatosenoticias.com.br\/wp-content\/uploads\/2022\/07\/Logo-Grupo-SEI.jpg\" alt=\"\" class=\"wp-image-31973\" width=\"339\" height=\"178\" srcset=\"https:\/\/jornalfatosenoticias.com.br\/wp-content\/uploads\/2022\/07\/Logo-Grupo-SEI.jpg 713w, https:\/\/jornalfatosenoticias.com.br\/wp-content\/uploads\/2022\/07\/Logo-Grupo-SEI-300x158.jpg 300w\" sizes=\"auto, (max-width: 339px) 100vw, 339px\" \/><\/figure><\/div>\n\n\n\n<p>Nanda Perim fala que \u00e9 importante olhar n\u00e3o s\u00f3 ao comportamento da crian\u00e7a, mas ao que pode estar por tr\u00e1s dele. Toda essa discuss\u00e3o tamb\u00e9m gera ressalvas aos m\u00e9todos de educa\u00e7\u00e3o positiva \u2014 seja pela \u00eanfase, em alguns casos, em atribuir o comportamento infantil a fatores como estresse e ansiedade. Seja porque algumas m\u00e3es enxergam isso como uma ferramenta de culpabiliz\u00e1-las. Especialistas dizem que n\u00e3o \u00e9 esse o caso.<br>&#8220;Digo que n\u00e3o traz mais culpa, mas sim mais responsabilidade. (\u2026) Claro que d\u00e1 muito mais trabalho analisar o fundo do iceberg e n\u00e3o s\u00f3 a pontinha \u2014 se a crian\u00e7a est\u00e1 com sono, fome, falta de rotina, ou se sentindo deixada de lado, in\u00fameros fatores que levam a esses reflexos&#8221;, diz.<\/p>\n\n\n\n<div class=\"wp-block-image\"><figure class=\"aligncenter size-large\"><img loading=\"lazy\" decoding=\"async\" width=\"1024\" height=\"99\" src=\"https:\/\/jornalfatosenoticias.com.br\/wp-content\/uploads\/2020\/02\/Logo-Mizu-segunda-2-1024x99.png\" alt=\"\" class=\"wp-image-2353\" srcset=\"https:\/\/jornalfatosenoticias.com.br\/wp-content\/uploads\/2020\/02\/Logo-Mizu-segunda-2-1024x99.png 1024w, https:\/\/jornalfatosenoticias.com.br\/wp-content\/uploads\/2020\/02\/Logo-Mizu-segunda-2-300x29.png 300w, https:\/\/jornalfatosenoticias.com.br\/wp-content\/uploads\/2020\/02\/Logo-Mizu-segunda-2-768x74.png 768w, https:\/\/jornalfatosenoticias.com.br\/wp-content\/uploads\/2020\/02\/Logo-Mizu-segunda-2.png 1240w\" sizes=\"auto, (max-width: 1024px) 100vw, 1024px\" \/><\/figure><\/div>\n\n\n\n<p>No exemplo da relut\u00e2ncia em escovar os dentes, Perim sugere: &#8220;A gente n\u00e3o vai explicar o que \u00e9 c\u00e1rie para uma crian\u00e7a de dois anos. A gente vai bolar uma rotina em que ela tenha tempo para tr\u00eas passos \u2014 entender, elaborar e aceitar que a hora de escovar os dentes est\u00e1 chegando, e dar duas op\u00e7\u00f5es: por exemplo, dois sabores de pasta de dente. Ao inv\u00e9s de dizer &#8216;quer escovar os dentes?&#8217;, que a crian\u00e7a vai responder &#8216;n\u00e3o&#8217;, voc\u00ea pode dizer &#8216;quer escovar os dentes com sabor menta ou morango?&#8217; Porque a resposta imediata do c\u00e9rebro na primeira inf\u00e2ncia \u00e9 n\u00e3o, por ser a resposta que defende a autonomia dela. Se a gente d\u00e1 op\u00e7\u00f5es, o c\u00e9rebro vai ter que pensar numa resposta&#8221;, afirma.<br>&#8220;Se ela responde &#8216;ah, nenhuma das duas&#8217;. Da\u00ed a gente vai encontrar ferramentas para suprir uma necessidade de comunica\u00e7\u00e3o. Mas tem que entender que n\u00e3o \u00e9 a crian\u00e7a testando a gente, n\u00e3o \u00e9 um cabo de guerra. Com isso, a gente para de educar \u00e0 base do medo, de &#8216;o que a odontopediatra vai pensar do meu filho?&#8217;, e passa a educar pelo lado do &#8216;pera l\u00e1: deixa eu analisar o que pode ser (a raiz desse comportamento)?&#8217; (\u2026) Na educa\u00e7\u00e3o tradicional v\u00e3o achar que &#8216;a m\u00e3e dessa crian\u00e7a \u00e9 uma trouxa&#8217;. Mas na educa\u00e7\u00e3o democr\u00e1tica \u00e9 s\u00f3 a gente suprindo necessidades de acordo com o desenvolvimento da crian\u00e7a&#8221;.<\/p>\n\n\n\n<div class=\"wp-block-image\"><figure class=\"alignright size-large\"><img decoding=\"async\" src=\"https:\/\/jornalfatosenoticias.com.br\/wp-content\/uploads\/2020\/02\/logo_esteio.jpg\" alt=\"\" class=\"wp-image-1214\"\/><\/figure><\/div>\n\n\n\n<p><strong><span class=\"has-inline-color has-vivid-red-color\">Cantinhos de calma, e n\u00e3o de puni\u00e7\u00e3o<br><\/span><\/strong>Nessa linha, espa\u00e7os da casa ou da escola podem ser vistos como locais n\u00e3o de puni\u00e7\u00e3o a um comportamento, mas de regula\u00e7\u00e3o emocional em momentos de estresse. Dessa ideia surgiram os &#8220;cantinhos da calma&#8221;. &#8220;S\u00e3o espa\u00e7os que ajudam a acalmar, com livros e objetos de conforto (almofadas, brinquedos que possam ser jogados ou apertados)&#8221;, explica Lerner.<br>A proposta \u00e9 que a crian\u00e7a tope, voluntariamente, se acalmar ali \u2014 caso contr\u00e1rio, volta a ser uma medida punitiva. Mesmo assim, nem sempre d\u00e1 certo. &#8220;Tudo isso \u00e9 maravilhoso quando funciona. Porque pode acontecer de a crian\u00e7a se levantar do cantinho do aconchego e correr freneticamente, talvez em condi\u00e7\u00f5es inseguras, jogando objetos pela casa, arranhando, batendo, cuspindo \u2014 coisas que observo diariamente nos meus encontros com fam\u00edlias&#8221;, afirma Lerner.<br>&#8220;\u00c9 a\u00ed que os pais ficam confusos. O que voc\u00ea faz quando seu filho fica t\u00e3o fora de controle que se torna destrutivo? \u00c9 hora de repensar. Porque no fim das contas, n\u00e3o temos controle sobre as crian\u00e7as, apenas controlamos a situa\u00e7\u00e3o&#8221;.<br>Nesses casos, uma op\u00e7\u00e3o limite indicada por Lerner \u00e9 manter a crian\u00e7a em um local fechado e seguro da casa, at\u00e9 ela se acalmar, enquanto os pais se fazem presentes de um modo calmo. &#8220;Percebi que era t\u00e3o prejudicial permitir que as crian\u00e7a fosse destrutiva daquele jeito, enquanto os pais imploravam para ela parar de bater, cuspir ou arranhar \u2014 mais prejudicial do que apenas dizer &#8216;entendo, voc\u00ea est\u00e1 muito nervoso porque n\u00e3o vamos ao parquinho, seu corpo est\u00e1 fora de controle, voc\u00ea tem este espa\u00e7o seguro incr\u00edvel onde pode bater, chutar, e eu estarei do outro lado da porta&#8217;. E sugiro aos pais que cantem ou falem do outro lado para mostrar sua presen\u00e7a. (\u2026) Mas nenhum aspecto disso \u00e9 punitivo. Para mim fica no limite de dar amor e apoio, calma e corregula\u00e7\u00e3o emocional&#8221;, defende Lerner.<\/p>\n\n\n\n<div class=\"wp-block-image\"><figure class=\"aligncenter size-large is-resized\"><img loading=\"lazy\" decoding=\"async\" src=\"https:\/\/jornalfatosenoticias.com.br\/wp-content\/uploads\/2022\/02\/Serra-Pack-459.png\" alt=\"\" class=\"wp-image-27471\" width=\"315\" height=\"126\"\/><\/figure><\/div>\n\n\n\n<p>Outro ponto importante: essas estrat\u00e9gias precisam ser combinadas previamente com as crian\u00e7as, mas em momentos de calma, e n\u00e3o de raiva \u2014 quando o c\u00e9rebro tem baixa capacidade de processar esse tipo de informa\u00e7\u00e3o.<\/p>\n\n\n\n<blockquote class=\"wp-block-quote is-layout-flow wp-block-quote-is-layout-flow\"><p><span class=\"has-inline-color has-luminous-vivid-orange-color\">&#8220;Se os pais n\u00e3o t\u00eam um plano em mente, \u00e9 quando as coisas saem do controle. Porque sem um plano eles se tornam reativos, e a reatividade \u00e9 o que escalona essas situa\u00e7\u00f5es&#8221;, afirma.<\/span><\/p><\/blockquote>\n\n\n\n<div class=\"wp-block-image\"><figure class=\"aligncenter size-large is-resized\"><img loading=\"lazy\" decoding=\"async\" src=\"https:\/\/jornalfatosenoticias.com.br\/wp-content\/uploads\/2020\/02\/Serra-Grande-1024x160.png\" alt=\"\" class=\"wp-image-7836\" width=\"472\" height=\"73\"\/><\/figure><\/div>\n\n\n\n<p>E pais tamb\u00e9m precisam ter suas necessidades supridas nesse processo todo, defende Nanda Perim. &#8220;&#8216;O que eu preciso nessa rela\u00e7\u00e3o com a minha crian\u00e7a? Por que eu estou gritando tanto? Quais os meus gatilhos? Quais estressores da minha vida est\u00e3o me fazendo t\u00e3o mal e me fazendo ser mais explosivo com a minha crian\u00e7a?&#8217; Se eu entendo a minha crian\u00e7a melhor, e me entendo melhor, \u00e9 claro que a rela\u00e7\u00e3o \u00e9 muito mais gostosa. A crian\u00e7a se sente ouvida, amada, respeitada, e responde a isso&#8221;, prossegue.<br>Perim cita outra pesquisadora do tema, Mona Delahooke. &#8220;Ela diz que voc\u00ea n\u00e3o precisa ser uma m\u00e3e perfeita para ter um filho incr\u00edvel. Significa melhor do que os outros filhos? N\u00e3o. Mas algu\u00e9m que tenha habilidades de vida, que se conhece, que sabe lidar com suas emo\u00e7\u00f5es, seus gatilhos. Ele vai ser perfeito? N\u00e3o. Mas pode uma pessoa incr\u00edvel, que busque rela\u00e7\u00f5es saud\u00e1veis, com habilidades de vida que n\u00f3s n\u00e3o tivemos porque nossos pais n\u00e3o tiveram acesso a essas informa\u00e7\u00f5es&#8221;.<\/p>\n\n\n\n<p><strong><em>Fonte: <a href=\"https:\/\/www.uol.com.br\/vivabem\/noticias\/bbc\/2022\/08\/06\/cantinho-da-disciplina-funciona-para-educar-criancas.htm\">UOL<\/a><\/em><\/strong><\/p>\n","protected":false},"excerpt":{"rendered":"<p>Como disciplinar as crian\u00e7as \u00e9 uma das grandes quest\u00f5es dos pais Pesquisas sobre o funcionamento do c\u00e9rebro infantil mostram que ele ainda \u00e9 imaturo para &#8216;aprender&#8217; bons comportamentos em momento de estresse; mas especialistas dizem que &#8216;cantos da calma&#8217; em casa podem ajudar no processo de regula\u00e7\u00e3o emocional.Adianta colocar a crian\u00e7a de castigo ou, em [&hellip;]<\/p>\n","protected":false},"author":2,"featured_media":33132,"comment_status":"open","ping_status":"open","sticky":false,"template":"","format":"standard","meta":{"footnotes":""},"categories":[2522,7],"tags":[6795,15596,670,15597],"class_list":["post-33131","post","type-post","status-publish","format-standard","has-post-thumbnail","hentry","category-comportamento","category-educacao","tag-birra","tag-cantinho-da-disciplina","tag-criancas","tag-educar-criancas"],"yoast_head":"<!-- This site is optimized with the Yoast SEO plugin v26.5 - https:\/\/yoast.com\/wordpress\/plugins\/seo\/ -->\n<title>&#039;Cantinho da disciplina&#039; funciona para educar crian\u00e7as? - Jornal Fatos e Not\u00edcias<\/title>\n<meta name=\"robots\" content=\"index, follow, max-snippet:-1, max-image-preview:large, max-video-preview:-1\" \/>\n<link rel=\"canonical\" href=\"https:\/\/jornalfatosenoticias.com.br\/index.php\/2022\/08\/11\/cantinho-da-disciplina-funciona-para-educar-criancas\/\" \/>\n<meta property=\"og:locale\" content=\"pt_BR\" \/>\n<meta property=\"og:type\" content=\"article\" \/>\n<meta property=\"og:title\" content=\"&#039;Cantinho da disciplina&#039; funciona para educar crian\u00e7as? - Jornal Fatos e Not\u00edcias\" \/>\n<meta property=\"og:description\" content=\"Como disciplinar as crian\u00e7as \u00e9 uma das grandes quest\u00f5es dos pais Pesquisas sobre o funcionamento do c\u00e9rebro infantil mostram que ele ainda \u00e9 imaturo para &#8216;aprender&#8217; bons comportamentos em momento de estresse; mas especialistas dizem que &#8216;cantos da calma&#8217; em casa podem ajudar no processo de regula\u00e7\u00e3o emocional.Adianta colocar a crian\u00e7a de castigo ou, em [&hellip;]\" \/>\n<meta property=\"og:url\" content=\"https:\/\/jornalfatosenoticias.com.br\/index.php\/2022\/08\/11\/cantinho-da-disciplina-funciona-para-educar-criancas\/\" \/>\n<meta property=\"og:site_name\" content=\"Jornal Fatos e Not\u00edcias\" \/>\n<meta property=\"article:published_time\" content=\"2022-08-11T17:30:17+00:00\" \/>\n<meta property=\"article:modified_time\" content=\"2022-08-11T17:30:18+00:00\" \/>\n<meta property=\"og:image\" content=\"https:\/\/jornalfatosenoticias.com.br\/wp-content\/uploads\/2022\/08\/como-disciplinar-as-criancas.jpg\" \/>\n\t<meta property=\"og:image:width\" content=\"1000\" \/>\n\t<meta property=\"og:image:height\" content=\"562\" \/>\n\t<meta property=\"og:image:type\" content=\"image\/jpeg\" \/>\n<meta name=\"author\" content=\"Luzimara Fernandes\" \/>\n<meta name=\"twitter:card\" content=\"summary_large_image\" \/>\n<meta name=\"twitter:label1\" content=\"Escrito por\" \/>\n\t<meta name=\"twitter:data1\" content=\"Luzimara Fernandes\" \/>\n\t<meta name=\"twitter:label2\" content=\"Est. tempo de leitura\" \/>\n\t<meta name=\"twitter:data2\" content=\"12 minutos\" \/>\n<script type=\"application\/ld+json\" class=\"yoast-schema-graph\">{\"@context\":\"https:\/\/schema.org\",\"@graph\":[{\"@type\":\"Article\",\"@id\":\"https:\/\/jornalfatosenoticias.com.br\/index.php\/2022\/08\/11\/cantinho-da-disciplina-funciona-para-educar-criancas\/#article\",\"isPartOf\":{\"@id\":\"https:\/\/jornalfatosenoticias.com.br\/index.php\/2022\/08\/11\/cantinho-da-disciplina-funciona-para-educar-criancas\/\"},\"author\":{\"name\":\"Luzimara Fernandes\",\"@id\":\"https:\/\/jornalfatosenoticias.com.br\/#\/schema\/person\/d63837fa13ac8666eb9e74e0985d6f81\"},\"headline\":\"&#8216;Cantinho da disciplina&#8217; funciona para educar crian\u00e7as?\",\"datePublished\":\"2022-08-11T17:30:17+00:00\",\"dateModified\":\"2022-08-11T17:30:18+00:00\",\"mainEntityOfPage\":{\"@id\":\"https:\/\/jornalfatosenoticias.com.br\/index.php\/2022\/08\/11\/cantinho-da-disciplina-funciona-para-educar-criancas\/\"},\"wordCount\":2441,\"commentCount\":0,\"publisher\":{\"@id\":\"https:\/\/jornalfatosenoticias.com.br\/#organization\"},\"image\":{\"@id\":\"https:\/\/jornalfatosenoticias.com.br\/index.php\/2022\/08\/11\/cantinho-da-disciplina-funciona-para-educar-criancas\/#primaryimage\"},\"thumbnailUrl\":\"https:\/\/jornalfatosenoticias.com.br\/wp-content\/uploads\/2022\/08\/como-disciplinar-as-criancas.jpg\",\"keywords\":[\"birra\",\"cantinho da disciplina\",\"crian\u00e7as\",\"educar crian\u00e7as\"],\"articleSection\":[\"Comportamento &amp; Equil\u00edbrio\",\"Educa\u00e7\u00e3o\"],\"inLanguage\":\"pt-BR\",\"potentialAction\":[{\"@type\":\"CommentAction\",\"name\":\"Comment\",\"target\":[\"https:\/\/jornalfatosenoticias.com.br\/index.php\/2022\/08\/11\/cantinho-da-disciplina-funciona-para-educar-criancas\/#respond\"]}]},{\"@type\":\"WebPage\",\"@id\":\"https:\/\/jornalfatosenoticias.com.br\/index.php\/2022\/08\/11\/cantinho-da-disciplina-funciona-para-educar-criancas\/\",\"url\":\"https:\/\/jornalfatosenoticias.com.br\/index.php\/2022\/08\/11\/cantinho-da-disciplina-funciona-para-educar-criancas\/\",\"name\":\"'Cantinho da disciplina' funciona para educar crian\u00e7as? - Jornal Fatos e Not\u00edcias\",\"isPartOf\":{\"@id\":\"https:\/\/jornalfatosenoticias.com.br\/#website\"},\"primaryImageOfPage\":{\"@id\":\"https:\/\/jornalfatosenoticias.com.br\/index.php\/2022\/08\/11\/cantinho-da-disciplina-funciona-para-educar-criancas\/#primaryimage\"},\"image\":{\"@id\":\"https:\/\/jornalfatosenoticias.com.br\/index.php\/2022\/08\/11\/cantinho-da-disciplina-funciona-para-educar-criancas\/#primaryimage\"},\"thumbnailUrl\":\"https:\/\/jornalfatosenoticias.com.br\/wp-content\/uploads\/2022\/08\/como-disciplinar-as-criancas.jpg\",\"datePublished\":\"2022-08-11T17:30:17+00:00\",\"dateModified\":\"2022-08-11T17:30:18+00:00\",\"breadcrumb\":{\"@id\":\"https:\/\/jornalfatosenoticias.com.br\/index.php\/2022\/08\/11\/cantinho-da-disciplina-funciona-para-educar-criancas\/#breadcrumb\"},\"inLanguage\":\"pt-BR\",\"potentialAction\":[{\"@type\":\"ReadAction\",\"target\":[\"https:\/\/jornalfatosenoticias.com.br\/index.php\/2022\/08\/11\/cantinho-da-disciplina-funciona-para-educar-criancas\/\"]}]},{\"@type\":\"ImageObject\",\"inLanguage\":\"pt-BR\",\"@id\":\"https:\/\/jornalfatosenoticias.com.br\/index.php\/2022\/08\/11\/cantinho-da-disciplina-funciona-para-educar-criancas\/#primaryimage\",\"url\":\"https:\/\/jornalfatosenoticias.com.br\/wp-content\/uploads\/2022\/08\/como-disciplinar-as-criancas.jpg\",\"contentUrl\":\"https:\/\/jornalfatosenoticias.com.br\/wp-content\/uploads\/2022\/08\/como-disciplinar-as-criancas.jpg\",\"width\":1000,\"height\":562},{\"@type\":\"BreadcrumbList\",\"@id\":\"https:\/\/jornalfatosenoticias.com.br\/index.php\/2022\/08\/11\/cantinho-da-disciplina-funciona-para-educar-criancas\/#breadcrumb\",\"itemListElement\":[{\"@type\":\"ListItem\",\"position\":1,\"name\":\"In\u00edcio\",\"item\":\"https:\/\/jornalfatosenoticias.com.br\/\"},{\"@type\":\"ListItem\",\"position\":2,\"name\":\"&#8216;Cantinho da disciplina&#8217; funciona para educar crian\u00e7as?\"}]},{\"@type\":\"WebSite\",\"@id\":\"https:\/\/jornalfatosenoticias.com.br\/#website\",\"url\":\"https:\/\/jornalfatosenoticias.com.br\/\",\"name\":\"Jornal Fatos e Not\u00edcias\",\"description\":\"Not\u00edcias em geral\",\"publisher\":{\"@id\":\"https:\/\/jornalfatosenoticias.com.br\/#organization\"},\"potentialAction\":[{\"@type\":\"SearchAction\",\"target\":{\"@type\":\"EntryPoint\",\"urlTemplate\":\"https:\/\/jornalfatosenoticias.com.br\/?s={search_term_string}\"},\"query-input\":{\"@type\":\"PropertyValueSpecification\",\"valueRequired\":true,\"valueName\":\"search_term_string\"}}],\"inLanguage\":\"pt-BR\"},{\"@type\":\"Organization\",\"@id\":\"https:\/\/jornalfatosenoticias.com.br\/#organization\",\"name\":\"Jornal Fatos e Not\u00edcias\",\"url\":\"https:\/\/jornalfatosenoticias.com.br\/\",\"logo\":{\"@type\":\"ImageObject\",\"inLanguage\":\"pt-BR\",\"@id\":\"https:\/\/jornalfatosenoticias.com.br\/#\/schema\/logo\/image\/\",\"url\":\"https:\/\/jornalfatosenoticias.com.br\/wp-content\/uploads\/2020\/02\/logo120.png\",\"contentUrl\":\"https:\/\/jornalfatosenoticias.com.br\/wp-content\/uploads\/2020\/02\/logo120.png\",\"width\":1227,\"height\":120,\"caption\":\"Jornal Fatos e Not\u00edcias\"},\"image\":{\"@id\":\"https:\/\/jornalfatosenoticias.com.br\/#\/schema\/logo\/image\/\"}},{\"@type\":\"Person\",\"@id\":\"https:\/\/jornalfatosenoticias.com.br\/#\/schema\/person\/d63837fa13ac8666eb9e74e0985d6f81\",\"name\":\"Luzimara Fernandes\",\"image\":{\"@type\":\"ImageObject\",\"inLanguage\":\"pt-BR\",\"@id\":\"https:\/\/jornalfatosenoticias.com.br\/#\/schema\/person\/image\/\",\"url\":\"https:\/\/jornalfatosenoticias.com.br\/wp-content\/uploads\/2025\/05\/EU_portal.jpg\",\"contentUrl\":\"https:\/\/jornalfatosenoticias.com.br\/wp-content\/uploads\/2025\/05\/EU_portal.jpg\",\"caption\":\"Luzimara Fernandes\"},\"description\":\"Jornalista MTB 2358-ES\",\"sameAs\":[\"https:\/\/jornalfatosenoticias.com.br\"],\"url\":\"https:\/\/jornalfatosenoticias.com.br\/index.php\/author\/luzimara\/\"}]}<\/script>\n<!-- \/ Yoast SEO plugin. -->","yoast_head_json":{"title":"'Cantinho da disciplina' funciona para educar crian\u00e7as? - Jornal Fatos e Not\u00edcias","robots":{"index":"index","follow":"follow","max-snippet":"max-snippet:-1","max-image-preview":"max-image-preview:large","max-video-preview":"max-video-preview:-1"},"canonical":"https:\/\/jornalfatosenoticias.com.br\/index.php\/2022\/08\/11\/cantinho-da-disciplina-funciona-para-educar-criancas\/","og_locale":"pt_BR","og_type":"article","og_title":"'Cantinho da disciplina' funciona para educar crian\u00e7as? - Jornal Fatos e Not\u00edcias","og_description":"Como disciplinar as crian\u00e7as \u00e9 uma das grandes quest\u00f5es dos pais Pesquisas sobre o funcionamento do c\u00e9rebro infantil mostram que ele ainda \u00e9 imaturo para &#8216;aprender&#8217; bons comportamentos em momento de estresse; mas especialistas dizem que &#8216;cantos da calma&#8217; em casa podem ajudar no processo de regula\u00e7\u00e3o emocional.Adianta colocar a crian\u00e7a de castigo ou, em [&hellip;]","og_url":"https:\/\/jornalfatosenoticias.com.br\/index.php\/2022\/08\/11\/cantinho-da-disciplina-funciona-para-educar-criancas\/","og_site_name":"Jornal Fatos e Not\u00edcias","article_published_time":"2022-08-11T17:30:17+00:00","article_modified_time":"2022-08-11T17:30:18+00:00","og_image":[{"width":1000,"height":562,"url":"https:\/\/jornalfatosenoticias.com.br\/wp-content\/uploads\/2022\/08\/como-disciplinar-as-criancas.jpg","type":"image\/jpeg"}],"author":"Luzimara Fernandes","twitter_card":"summary_large_image","twitter_misc":{"Escrito por":"Luzimara Fernandes","Est. tempo de leitura":"12 minutos"},"schema":{"@context":"https:\/\/schema.org","@graph":[{"@type":"Article","@id":"https:\/\/jornalfatosenoticias.com.br\/index.php\/2022\/08\/11\/cantinho-da-disciplina-funciona-para-educar-criancas\/#article","isPartOf":{"@id":"https:\/\/jornalfatosenoticias.com.br\/index.php\/2022\/08\/11\/cantinho-da-disciplina-funciona-para-educar-criancas\/"},"author":{"name":"Luzimara Fernandes","@id":"https:\/\/jornalfatosenoticias.com.br\/#\/schema\/person\/d63837fa13ac8666eb9e74e0985d6f81"},"headline":"&#8216;Cantinho da disciplina&#8217; funciona para educar crian\u00e7as?","datePublished":"2022-08-11T17:30:17+00:00","dateModified":"2022-08-11T17:30:18+00:00","mainEntityOfPage":{"@id":"https:\/\/jornalfatosenoticias.com.br\/index.php\/2022\/08\/11\/cantinho-da-disciplina-funciona-para-educar-criancas\/"},"wordCount":2441,"commentCount":0,"publisher":{"@id":"https:\/\/jornalfatosenoticias.com.br\/#organization"},"image":{"@id":"https:\/\/jornalfatosenoticias.com.br\/index.php\/2022\/08\/11\/cantinho-da-disciplina-funciona-para-educar-criancas\/#primaryimage"},"thumbnailUrl":"https:\/\/jornalfatosenoticias.com.br\/wp-content\/uploads\/2022\/08\/como-disciplinar-as-criancas.jpg","keywords":["birra","cantinho da disciplina","crian\u00e7as","educar crian\u00e7as"],"articleSection":["Comportamento &amp; Equil\u00edbrio","Educa\u00e7\u00e3o"],"inLanguage":"pt-BR","potentialAction":[{"@type":"CommentAction","name":"Comment","target":["https:\/\/jornalfatosenoticias.com.br\/index.php\/2022\/08\/11\/cantinho-da-disciplina-funciona-para-educar-criancas\/#respond"]}]},{"@type":"WebPage","@id":"https:\/\/jornalfatosenoticias.com.br\/index.php\/2022\/08\/11\/cantinho-da-disciplina-funciona-para-educar-criancas\/","url":"https:\/\/jornalfatosenoticias.com.br\/index.php\/2022\/08\/11\/cantinho-da-disciplina-funciona-para-educar-criancas\/","name":"'Cantinho da disciplina' funciona para educar crian\u00e7as? - Jornal Fatos e Not\u00edcias","isPartOf":{"@id":"https:\/\/jornalfatosenoticias.com.br\/#website"},"primaryImageOfPage":{"@id":"https:\/\/jornalfatosenoticias.com.br\/index.php\/2022\/08\/11\/cantinho-da-disciplina-funciona-para-educar-criancas\/#primaryimage"},"image":{"@id":"https:\/\/jornalfatosenoticias.com.br\/index.php\/2022\/08\/11\/cantinho-da-disciplina-funciona-para-educar-criancas\/#primaryimage"},"thumbnailUrl":"https:\/\/jornalfatosenoticias.com.br\/wp-content\/uploads\/2022\/08\/como-disciplinar-as-criancas.jpg","datePublished":"2022-08-11T17:30:17+00:00","dateModified":"2022-08-11T17:30:18+00:00","breadcrumb":{"@id":"https:\/\/jornalfatosenoticias.com.br\/index.php\/2022\/08\/11\/cantinho-da-disciplina-funciona-para-educar-criancas\/#breadcrumb"},"inLanguage":"pt-BR","potentialAction":[{"@type":"ReadAction","target":["https:\/\/jornalfatosenoticias.com.br\/index.php\/2022\/08\/11\/cantinho-da-disciplina-funciona-para-educar-criancas\/"]}]},{"@type":"ImageObject","inLanguage":"pt-BR","@id":"https:\/\/jornalfatosenoticias.com.br\/index.php\/2022\/08\/11\/cantinho-da-disciplina-funciona-para-educar-criancas\/#primaryimage","url":"https:\/\/jornalfatosenoticias.com.br\/wp-content\/uploads\/2022\/08\/como-disciplinar-as-criancas.jpg","contentUrl":"https:\/\/jornalfatosenoticias.com.br\/wp-content\/uploads\/2022\/08\/como-disciplinar-as-criancas.jpg","width":1000,"height":562},{"@type":"BreadcrumbList","@id":"https:\/\/jornalfatosenoticias.com.br\/index.php\/2022\/08\/11\/cantinho-da-disciplina-funciona-para-educar-criancas\/#breadcrumb","itemListElement":[{"@type":"ListItem","position":1,"name":"In\u00edcio","item":"https:\/\/jornalfatosenoticias.com.br\/"},{"@type":"ListItem","position":2,"name":"&#8216;Cantinho da disciplina&#8217; funciona para educar crian\u00e7as?"}]},{"@type":"WebSite","@id":"https:\/\/jornalfatosenoticias.com.br\/#website","url":"https:\/\/jornalfatosenoticias.com.br\/","name":"Jornal Fatos e Not\u00edcias","description":"Not\u00edcias em geral","publisher":{"@id":"https:\/\/jornalfatosenoticias.com.br\/#organization"},"potentialAction":[{"@type":"SearchAction","target":{"@type":"EntryPoint","urlTemplate":"https:\/\/jornalfatosenoticias.com.br\/?s={search_term_string}"},"query-input":{"@type":"PropertyValueSpecification","valueRequired":true,"valueName":"search_term_string"}}],"inLanguage":"pt-BR"},{"@type":"Organization","@id":"https:\/\/jornalfatosenoticias.com.br\/#organization","name":"Jornal Fatos e Not\u00edcias","url":"https:\/\/jornalfatosenoticias.com.br\/","logo":{"@type":"ImageObject","inLanguage":"pt-BR","@id":"https:\/\/jornalfatosenoticias.com.br\/#\/schema\/logo\/image\/","url":"https:\/\/jornalfatosenoticias.com.br\/wp-content\/uploads\/2020\/02\/logo120.png","contentUrl":"https:\/\/jornalfatosenoticias.com.br\/wp-content\/uploads\/2020\/02\/logo120.png","width":1227,"height":120,"caption":"Jornal Fatos e Not\u00edcias"},"image":{"@id":"https:\/\/jornalfatosenoticias.com.br\/#\/schema\/logo\/image\/"}},{"@type":"Person","@id":"https:\/\/jornalfatosenoticias.com.br\/#\/schema\/person\/d63837fa13ac8666eb9e74e0985d6f81","name":"Luzimara Fernandes","image":{"@type":"ImageObject","inLanguage":"pt-BR","@id":"https:\/\/jornalfatosenoticias.com.br\/#\/schema\/person\/image\/","url":"https:\/\/jornalfatosenoticias.com.br\/wp-content\/uploads\/2025\/05\/EU_portal.jpg","contentUrl":"https:\/\/jornalfatosenoticias.com.br\/wp-content\/uploads\/2025\/05\/EU_portal.jpg","caption":"Luzimara Fernandes"},"description":"Jornalista MTB 2358-ES","sameAs":["https:\/\/jornalfatosenoticias.com.br"],"url":"https:\/\/jornalfatosenoticias.com.br\/index.php\/author\/luzimara\/"}]}},"cc_featured_image_caption":{"caption_text":"(Foto: Getty Images) ","source_text":"","source_url":""},"jetpack_featured_media_url":"https:\/\/jornalfatosenoticias.com.br\/wp-content\/uploads\/2022\/08\/como-disciplinar-as-criancas.jpg","_links":{"self":[{"href":"https:\/\/jornalfatosenoticias.com.br\/index.php\/wp-json\/wp\/v2\/posts\/33131","targetHints":{"allow":["GET"]}}],"collection":[{"href":"https:\/\/jornalfatosenoticias.com.br\/index.php\/wp-json\/wp\/v2\/posts"}],"about":[{"href":"https:\/\/jornalfatosenoticias.com.br\/index.php\/wp-json\/wp\/v2\/types\/post"}],"author":[{"embeddable":true,"href":"https:\/\/jornalfatosenoticias.com.br\/index.php\/wp-json\/wp\/v2\/users\/2"}],"replies":[{"embeddable":true,"href":"https:\/\/jornalfatosenoticias.com.br\/index.php\/wp-json\/wp\/v2\/comments?post=33131"}],"version-history":[{"count":0,"href":"https:\/\/jornalfatosenoticias.com.br\/index.php\/wp-json\/wp\/v2\/posts\/33131\/revisions"}],"wp:featuredmedia":[{"embeddable":true,"href":"https:\/\/jornalfatosenoticias.com.br\/index.php\/wp-json\/wp\/v2\/media\/33132"}],"wp:attachment":[{"href":"https:\/\/jornalfatosenoticias.com.br\/index.php\/wp-json\/wp\/v2\/media?parent=33131"}],"wp:term":[{"taxonomy":"category","embeddable":true,"href":"https:\/\/jornalfatosenoticias.com.br\/index.php\/wp-json\/wp\/v2\/categories?post=33131"},{"taxonomy":"post_tag","embeddable":true,"href":"https:\/\/jornalfatosenoticias.com.br\/index.php\/wp-json\/wp\/v2\/tags?post=33131"}],"curies":[{"name":"wp","href":"https:\/\/api.w.org\/{rel}","templated":true}]}}