{"id":33134,"date":"2022-08-12T14:42:21","date_gmt":"2022-08-12T17:42:21","guid":{"rendered":"https:\/\/jornalfatosenoticias.com.br\/?p=33134"},"modified":"2022-08-12T14:42:25","modified_gmt":"2022-08-12T17:42:25","slug":"de-onde-vem-o-ordem-e-progresso-na-bandeira-do-brasil","status":"publish","type":"post","link":"https:\/\/jornalfatosenoticias.com.br\/index.php\/2022\/08\/12\/de-onde-vem-o-ordem-e-progresso-na-bandeira-do-brasil\/","title":{"rendered":"De onde vem o &#8216;Ordem e Progresso&#8217; na bandeira do Brasil?"},"content":{"rendered":"\n<p><em><span class=\"has-inline-color has-black-color\">V\u00edtor Soares, professor de Hist\u00f3ria, explica a origem da frase presente na bandeira do Brasil<\/span><\/em><\/p>\n\n\n\n<div class=\"wp-block-image\"><figure class=\"aligncenter size-large\"><img loading=\"lazy\" decoding=\"async\" width=\"1024\" height=\"100\" src=\"https:\/\/jornalfatosenoticias.com.br\/wp-content\/uploads\/2020\/02\/banner_ferramentas-1024x100.jpg\" alt=\"\" class=\"wp-image-1258\" srcset=\"https:\/\/jornalfatosenoticias.com.br\/wp-content\/uploads\/2020\/02\/banner_ferramentas-1024x100.jpg 1024w, https:\/\/jornalfatosenoticias.com.br\/wp-content\/uploads\/2020\/02\/banner_ferramentas-300x29.jpg 300w, https:\/\/jornalfatosenoticias.com.br\/wp-content\/uploads\/2020\/02\/banner_ferramentas-768x75.jpg 768w, https:\/\/jornalfatosenoticias.com.br\/wp-content\/uploads\/2020\/02\/banner_ferramentas.jpg 1227w\" sizes=\"auto, (max-width: 1024px) 100vw, 1024px\" \/><\/figure><\/div>\n\n\n\n<p>Al\u00e9m do famoso verde e amarelo, do azul e das 27 estrelas, a bandeira do Brasil possui o escrito<em><span class=\"has-inline-color has-black-color\"> &#8220;Ordem e Progresso&#8221;, <\/span><\/em>que na origem de sua escolha, revela valiosas informa\u00e7\u00f5es sobre a hist\u00f3ria do Brasil e sua atualidade. Quem nos conta essa hist\u00f3ria \u00e9 o professor V\u00edtor Soares, idealizador do podcast &#8216;Hist\u00f3ria em Meia Hora&#8217;.<br>A escolha do escrito &#8220;Ordem e Progresso&#8221; na bandeira possui rela\u00e7\u00e3o com o pensamento filos\u00f3fico chamado Positivismo. E isso se deve ao fato de que os militares, eram seguidores dessa corrente e foram <a href=\"https:\/\/aventurasnahistoria.uol.com.br\/noticias\/historia-hoje\/bolsonaro-ataca-quem-assinou-carta-pela-democracia-cara-de-pau-sem-carater.phtml\" rel=\"noreferrer noopener\" target=\"_blank\">protagonistas<\/a> da Proclama\u00e7\u00e3o da Rep\u00fablica, que ocorreu em 1889.<\/p>\n\n\n\n<div class=\"wp-block-image\"><figure class=\"alignleft size-large is-resized\"><img loading=\"lazy\" decoding=\"async\" src=\"https:\/\/jornalfatosenoticias.com.br\/wp-content\/uploads\/2022\/06\/Casaruo1024_1.jpg\" alt=\"\" class=\"wp-image-31042\" width=\"287\" height=\"156\"\/><\/figure><\/div>\n\n\n\n<p><strong>Auguste Comte<\/strong> (1798 &#8211; 1857), criador do positivismo, tinha a frase: \u201cO amor por princ\u00edpio e a ordem por base; o progresso por fim\u201d, que inspirou <strong>Raimundo Teixeira<\/strong>, criador da bandeira atual, a criar o &#8220;Ordem e Progresso&#8221; que conhecemos hoje. Mas preferiu deixar o amor de fora.<\/p>\n\n\n\n<div class=\"wp-block-image\"><figure class=\"aligncenter size-large\"><img loading=\"lazy\" decoding=\"async\" width=\"1024\" height=\"103\" src=\"https:\/\/jornalfatosenoticias.com.br\/wp-content\/uploads\/2022\/02\/Arte-Autoescola-Galatas_endereco_portal-1024x103.png\" alt=\"\" class=\"wp-image-27869\" srcset=\"https:\/\/jornalfatosenoticias.com.br\/wp-content\/uploads\/2022\/02\/Arte-Autoescola-Galatas_endereco_portal-1024x103.png 1024w, https:\/\/jornalfatosenoticias.com.br\/wp-content\/uploads\/2022\/02\/Arte-Autoescola-Galatas_endereco_portal-300x30.png 300w, https:\/\/jornalfatosenoticias.com.br\/wp-content\/uploads\/2022\/02\/Arte-Autoescola-Galatas_endereco_portal-768x77.png 768w, https:\/\/jornalfatosenoticias.com.br\/wp-content\/uploads\/2022\/02\/Arte-Autoescola-Galatas_endereco_portal.png 1223w\" sizes=\"auto, (max-width: 1024px) 100vw, 1024px\" \/><\/figure><\/div>\n\n\n\n<p><strong><span class=\"has-inline-color has-vivid-cyan-blue-color\">Segunda bandeira do Brasil<br><\/span><\/strong>A bandeira que conhecemos hoje, na <a href=\"https:\/\/aventurasnahistoria.uol.com.br\/noticias\/desventuras\/grecia-antiga-as-estatuas-eram-mesmo-brancas.phtml\" rel=\"noreferrer noopener\" target=\"_blank\">verdade<\/a>, foi a segunda bandeira republicana. A primeira foi criada pelo ministro <strong>Rui Barbosa<\/strong> e era mais uma c\u00f3pia da bandeira dos Estados Unidos. Ela foi usada apenas entre os dias 15 e 19 de novembro de 1889.<\/p>\n\n\n\n<div class=\"wp-block-image\"><figure class=\"aligncenter size-large is-resized\"><img loading=\"lazy\" decoding=\"async\" src=\"https:\/\/jornalfatosenoticias.com.br\/wp-content\/uploads\/2022\/08\/logo-locau-veiculos-1024x573.png\" alt=\"\" class=\"wp-image-33078\" width=\"294\" height=\"164\"\/><\/figure><\/div>\n\n\n\n<figure class=\"wp-block-image size-large\"><img loading=\"lazy\" decoding=\"async\" width=\"1000\" height=\"562\" src=\"https:\/\/jornalfatosenoticias.com.br\/wp-content\/uploads\/2022\/08\/bandeira-BRASIL_2.jpg\" alt=\"\" class=\"wp-image-33135\" srcset=\"https:\/\/jornalfatosenoticias.com.br\/wp-content\/uploads\/2022\/08\/bandeira-BRASIL_2.jpg 1000w, https:\/\/jornalfatosenoticias.com.br\/wp-content\/uploads\/2022\/08\/bandeira-BRASIL_2-300x169.jpg 300w, https:\/\/jornalfatosenoticias.com.br\/wp-content\/uploads\/2022\/08\/bandeira-BRASIL_2-768x432.jpg 768w\" sizes=\"auto, (max-width: 1000px) 100vw, 1000px\" \/><figcaption><em><span class=\"has-inline-color has-black-color\">Imagem ilustrativa da primeira bandeira do Brasil (Foto: Reprodu\u00e7\u00e3o\/V\u00eddeo\/YouTube)<\/span><\/em><\/figcaption><\/figure>\n\n\n\n<div class=\"wp-block-image\"><figure class=\"alignright size-large is-resized\"><img loading=\"lazy\" decoding=\"async\" src=\"https:\/\/jornalfatosenoticias.com.br\/wp-content\/uploads\/2022\/07\/Logo-Grupo-SEI.jpg\" alt=\"\" class=\"wp-image-31973\" width=\"359\" height=\"189\" srcset=\"https:\/\/jornalfatosenoticias.com.br\/wp-content\/uploads\/2022\/07\/Logo-Grupo-SEI.jpg 713w, https:\/\/jornalfatosenoticias.com.br\/wp-content\/uploads\/2022\/07\/Logo-Grupo-SEI-300x158.jpg 300w\" sizes=\"auto, (max-width: 359px) 100vw, 359px\" \/><\/figure><\/div>\n\n\n\n<p>Apesar dos atuais movimentos de apropria\u00e7\u00e3o e banaliza\u00e7\u00e3o da bandeira que experienciamos hoje, ela representa a identidade do Pa\u00eds. Reconhecer a origem de seus elementos \u00e9 fundamental para compreender o passado e, consequentemente, o presente e poss\u00edveis <a href=\"https:\/\/aventurasnahistoria.uol.com.br\/noticias\/historia-hoje\/carta-publicada-pela-usp-em-defesa-da-democracia-ultrapassa-700-mil-assinaturas.phtml\" rel=\"noreferrer noopener\" target=\"_blank\">rumos futuros da nossa hist\u00f3ria<\/a>.<\/p>\n\n\n\n<div class=\"wp-block-image\"><figure class=\"aligncenter size-large\"><img loading=\"lazy\" decoding=\"async\" width=\"1024\" height=\"99\" src=\"https:\/\/jornalfatosenoticias.com.br\/wp-content\/uploads\/2020\/02\/Logo-Mizu-segunda-2-1024x99.png\" alt=\"\" class=\"wp-image-2353\" srcset=\"https:\/\/jornalfatosenoticias.com.br\/wp-content\/uploads\/2020\/02\/Logo-Mizu-segunda-2-1024x99.png 1024w, https:\/\/jornalfatosenoticias.com.br\/wp-content\/uploads\/2020\/02\/Logo-Mizu-segunda-2-300x29.png 300w, https:\/\/jornalfatosenoticias.com.br\/wp-content\/uploads\/2020\/02\/Logo-Mizu-segunda-2-768x74.png 768w, https:\/\/jornalfatosenoticias.com.br\/wp-content\/uploads\/2020\/02\/Logo-Mizu-segunda-2.png 1240w\" sizes=\"auto, (max-width: 1024px) 100vw, 1024px\" \/><\/figure><\/div>\n\n\n\n<p>O professor <strong>Vitor Soares<\/strong>, \u00e9 apresentador do\u00a0<a href=\"https:\/\/aventurasnahistoria.uol.com.br\/noticias\/desventuras\/por-que-mascaras-pontudas-eram-utilizadas-no-passado.phtml\" rel=\"noreferrer noopener\" target=\"_blank\">Desventuras na Hist\u00f3ria<\/a>, podcast do Aventuras na Hist\u00f3ria, dispon\u00edvel nas principais plataformas de streaming de \u00e1udio. Ele explicou detalhadamente a escolha do escrito para a bandeira.<\/p>\n\n\n\n<div class=\"wp-block-image\"><figure class=\"aligncenter size-large is-resized\"><img loading=\"lazy\" decoding=\"async\" src=\"https:\/\/jornalfatosenoticias.com.br\/wp-content\/uploads\/2020\/02\/SEVENTUR-TURISMO.jpg\" alt=\"\" class=\"wp-image-32994\" width=\"244\" height=\"193\"\/><\/figure><\/div>\n\n\n\n<p><strong><em>Fonte: <a href=\"https:\/\/aventurasnahistoria.uol.com.br\/noticias\/desventuras\/de-onde-vem-o-ordem-e-progresso-na-bandeira-do-brasil.phtml\">Aventuras na Hist\u00f3ria<\/a><\/em><\/strong><\/p>\n","protected":false},"excerpt":{"rendered":"<p>V\u00edtor Soares, professor de Hist\u00f3ria, explica a origem da frase presente na bandeira do Brasil Al\u00e9m do famoso verde e amarelo, do azul e das 27 estrelas, a bandeira do Brasil possui o escrito &#8220;Ordem e Progresso&#8221;, que na origem de sua escolha, revela valiosas informa\u00e7\u00f5es sobre a hist\u00f3ria do Brasil e sua atualidade. Quem [&hellip;]<\/p>\n","protected":false},"author":2,"featured_media":33137,"comment_status":"open","ping_status":"open","sticky":false,"template":"","format":"standard","meta":{"footnotes":""},"categories":[4],"tags":[15598,15599,597,249,1241,15600,15601,15602],"class_list":["post-33134","post","type-post","status-publish","format-standard","has-post-thumbnail","hentry","category-cultura","tag-auguste-comte","tag-bandeira-do-brasil","tag-brasil","tag-historia","tag-militares","tag-positivismo","tag-republica","tag-vitor-soares"],"yoast_head":"<!-- This site is optimized with the Yoast SEO plugin v26.5 - https:\/\/yoast.com\/wordpress\/plugins\/seo\/ -->\n<title>De onde vem o &#039;Ordem e Progresso&#039; na bandeira do Brasil? - Jornal Fatos e Not\u00edcias<\/title>\n<meta name=\"robots\" content=\"index, follow, max-snippet:-1, max-image-preview:large, max-video-preview:-1\" \/>\n<link rel=\"canonical\" href=\"https:\/\/jornalfatosenoticias.com.br\/index.php\/2022\/08\/12\/de-onde-vem-o-ordem-e-progresso-na-bandeira-do-brasil\/\" \/>\n<meta property=\"og:locale\" content=\"pt_BR\" \/>\n<meta property=\"og:type\" content=\"article\" \/>\n<meta property=\"og:title\" content=\"De onde vem o &#039;Ordem e Progresso&#039; na bandeira do Brasil? - Jornal Fatos e Not\u00edcias\" \/>\n<meta property=\"og:description\" content=\"V\u00edtor Soares, professor de Hist\u00f3ria, explica a origem da frase presente na bandeira do Brasil Al\u00e9m do famoso verde e amarelo, do azul e das 27 estrelas, a bandeira do Brasil possui o escrito &#8220;Ordem e Progresso&#8221;, que na origem de sua escolha, revela valiosas informa\u00e7\u00f5es sobre a hist\u00f3ria do Brasil e sua atualidade. Quem [&hellip;]\" \/>\n<meta property=\"og:url\" content=\"https:\/\/jornalfatosenoticias.com.br\/index.php\/2022\/08\/12\/de-onde-vem-o-ordem-e-progresso-na-bandeira-do-brasil\/\" \/>\n<meta property=\"og:site_name\" content=\"Jornal Fatos e Not\u00edcias\" \/>\n<meta property=\"article:published_time\" content=\"2022-08-12T17:42:21+00:00\" \/>\n<meta property=\"article:modified_time\" content=\"2022-08-12T17:42:25+00:00\" \/>\n<meta property=\"og:image\" content=\"https:\/\/jornalfatosenoticias.com.br\/wp-content\/uploads\/2022\/08\/bandeira-capa_CURIOSIDADE.jpg\" \/>\n\t<meta property=\"og:image:width\" content=\"1000\" \/>\n\t<meta property=\"og:image:height\" content=\"562\" \/>\n\t<meta property=\"og:image:type\" content=\"image\/jpeg\" \/>\n<meta name=\"author\" content=\"Luzimara Fernandes\" \/>\n<meta name=\"twitter:card\" content=\"summary_large_image\" \/>\n<meta name=\"twitter:label1\" content=\"Escrito por\" \/>\n\t<meta name=\"twitter:data1\" content=\"Luzimara Fernandes\" \/>\n\t<meta name=\"twitter:label2\" content=\"Est. tempo de leitura\" \/>\n\t<meta name=\"twitter:data2\" content=\"2 minutos\" \/>\n<script type=\"application\/ld+json\" class=\"yoast-schema-graph\">{\"@context\":\"https:\/\/schema.org\",\"@graph\":[{\"@type\":\"Article\",\"@id\":\"https:\/\/jornalfatosenoticias.com.br\/index.php\/2022\/08\/12\/de-onde-vem-o-ordem-e-progresso-na-bandeira-do-brasil\/#article\",\"isPartOf\":{\"@id\":\"https:\/\/jornalfatosenoticias.com.br\/index.php\/2022\/08\/12\/de-onde-vem-o-ordem-e-progresso-na-bandeira-do-brasil\/\"},\"author\":{\"name\":\"Luzimara Fernandes\",\"@id\":\"https:\/\/jornalfatosenoticias.com.br\/#\/schema\/person\/d63837fa13ac8666eb9e74e0985d6f81\"},\"headline\":\"De onde vem o &#8216;Ordem e Progresso&#8217; na bandeira do Brasil?\",\"datePublished\":\"2022-08-12T17:42:21+00:00\",\"dateModified\":\"2022-08-12T17:42:25+00:00\",\"mainEntityOfPage\":{\"@id\":\"https:\/\/jornalfatosenoticias.com.br\/index.php\/2022\/08\/12\/de-onde-vem-o-ordem-e-progresso-na-bandeira-do-brasil\/\"},\"wordCount\":325,\"commentCount\":0,\"publisher\":{\"@id\":\"https:\/\/jornalfatosenoticias.com.br\/#organization\"},\"image\":{\"@id\":\"https:\/\/jornalfatosenoticias.com.br\/index.php\/2022\/08\/12\/de-onde-vem-o-ordem-e-progresso-na-bandeira-do-brasil\/#primaryimage\"},\"thumbnailUrl\":\"https:\/\/jornalfatosenoticias.com.br\/wp-content\/uploads\/2022\/08\/bandeira-capa_CURIOSIDADE.jpg\",\"keywords\":[\"Auguste Comte\",\"bandeira do Brasil\",\"Brasil\",\"hist\u00f3ria\",\"militares\",\"Positivismo\",\"Rep\u00fablica\",\"V\u00edtor Soares\"],\"articleSection\":[\"Cultura\"],\"inLanguage\":\"pt-BR\",\"potentialAction\":[{\"@type\":\"CommentAction\",\"name\":\"Comment\",\"target\":[\"https:\/\/jornalfatosenoticias.com.br\/index.php\/2022\/08\/12\/de-onde-vem-o-ordem-e-progresso-na-bandeira-do-brasil\/#respond\"]}]},{\"@type\":\"WebPage\",\"@id\":\"https:\/\/jornalfatosenoticias.com.br\/index.php\/2022\/08\/12\/de-onde-vem-o-ordem-e-progresso-na-bandeira-do-brasil\/\",\"url\":\"https:\/\/jornalfatosenoticias.com.br\/index.php\/2022\/08\/12\/de-onde-vem-o-ordem-e-progresso-na-bandeira-do-brasil\/\",\"name\":\"De onde vem o 'Ordem e Progresso' na bandeira do Brasil? - Jornal Fatos e Not\u00edcias\",\"isPartOf\":{\"@id\":\"https:\/\/jornalfatosenoticias.com.br\/#website\"},\"primaryImageOfPage\":{\"@id\":\"https:\/\/jornalfatosenoticias.com.br\/index.php\/2022\/08\/12\/de-onde-vem-o-ordem-e-progresso-na-bandeira-do-brasil\/#primaryimage\"},\"image\":{\"@id\":\"https:\/\/jornalfatosenoticias.com.br\/index.php\/2022\/08\/12\/de-onde-vem-o-ordem-e-progresso-na-bandeira-do-brasil\/#primaryimage\"},\"thumbnailUrl\":\"https:\/\/jornalfatosenoticias.com.br\/wp-content\/uploads\/2022\/08\/bandeira-capa_CURIOSIDADE.jpg\",\"datePublished\":\"2022-08-12T17:42:21+00:00\",\"dateModified\":\"2022-08-12T17:42:25+00:00\",\"breadcrumb\":{\"@id\":\"https:\/\/jornalfatosenoticias.com.br\/index.php\/2022\/08\/12\/de-onde-vem-o-ordem-e-progresso-na-bandeira-do-brasil\/#breadcrumb\"},\"inLanguage\":\"pt-BR\",\"potentialAction\":[{\"@type\":\"ReadAction\",\"target\":[\"https:\/\/jornalfatosenoticias.com.br\/index.php\/2022\/08\/12\/de-onde-vem-o-ordem-e-progresso-na-bandeira-do-brasil\/\"]}]},{\"@type\":\"ImageObject\",\"inLanguage\":\"pt-BR\",\"@id\":\"https:\/\/jornalfatosenoticias.com.br\/index.php\/2022\/08\/12\/de-onde-vem-o-ordem-e-progresso-na-bandeira-do-brasil\/#primaryimage\",\"url\":\"https:\/\/jornalfatosenoticias.com.br\/wp-content\/uploads\/2022\/08\/bandeira-capa_CURIOSIDADE.jpg\",\"contentUrl\":\"https:\/\/jornalfatosenoticias.com.br\/wp-content\/uploads\/2022\/08\/bandeira-capa_CURIOSIDADE.jpg\",\"width\":1000,\"height\":562},{\"@type\":\"BreadcrumbList\",\"@id\":\"https:\/\/jornalfatosenoticias.com.br\/index.php\/2022\/08\/12\/de-onde-vem-o-ordem-e-progresso-na-bandeira-do-brasil\/#breadcrumb\",\"itemListElement\":[{\"@type\":\"ListItem\",\"position\":1,\"name\":\"In\u00edcio\",\"item\":\"https:\/\/jornalfatosenoticias.com.br\/\"},{\"@type\":\"ListItem\",\"position\":2,\"name\":\"De onde vem o &#8216;Ordem e Progresso&#8217; na bandeira do Brasil?\"}]},{\"@type\":\"WebSite\",\"@id\":\"https:\/\/jornalfatosenoticias.com.br\/#website\",\"url\":\"https:\/\/jornalfatosenoticias.com.br\/\",\"name\":\"Jornal Fatos e Not\u00edcias\",\"description\":\"Not\u00edcias em geral\",\"publisher\":{\"@id\":\"https:\/\/jornalfatosenoticias.com.br\/#organization\"},\"potentialAction\":[{\"@type\":\"SearchAction\",\"target\":{\"@type\":\"EntryPoint\",\"urlTemplate\":\"https:\/\/jornalfatosenoticias.com.br\/?s={search_term_string}\"},\"query-input\":{\"@type\":\"PropertyValueSpecification\",\"valueRequired\":true,\"valueName\":\"search_term_string\"}}],\"inLanguage\":\"pt-BR\"},{\"@type\":\"Organization\",\"@id\":\"https:\/\/jornalfatosenoticias.com.br\/#organization\",\"name\":\"Jornal Fatos e Not\u00edcias\",\"url\":\"https:\/\/jornalfatosenoticias.com.br\/\",\"logo\":{\"@type\":\"ImageObject\",\"inLanguage\":\"pt-BR\",\"@id\":\"https:\/\/jornalfatosenoticias.com.br\/#\/schema\/logo\/image\/\",\"url\":\"https:\/\/jornalfatosenoticias.com.br\/wp-content\/uploads\/2020\/02\/logo120.png\",\"contentUrl\":\"https:\/\/jornalfatosenoticias.com.br\/wp-content\/uploads\/2020\/02\/logo120.png\",\"width\":1227,\"height\":120,\"caption\":\"Jornal Fatos e Not\u00edcias\"},\"image\":{\"@id\":\"https:\/\/jornalfatosenoticias.com.br\/#\/schema\/logo\/image\/\"}},{\"@type\":\"Person\",\"@id\":\"https:\/\/jornalfatosenoticias.com.br\/#\/schema\/person\/d63837fa13ac8666eb9e74e0985d6f81\",\"name\":\"Luzimara Fernandes\",\"image\":{\"@type\":\"ImageObject\",\"inLanguage\":\"pt-BR\",\"@id\":\"https:\/\/jornalfatosenoticias.com.br\/#\/schema\/person\/image\/\",\"url\":\"https:\/\/jornalfatosenoticias.com.br\/wp-content\/uploads\/2025\/05\/EU_portal.jpg\",\"contentUrl\":\"https:\/\/jornalfatosenoticias.com.br\/wp-content\/uploads\/2025\/05\/EU_portal.jpg\",\"caption\":\"Luzimara Fernandes\"},\"description\":\"Jornalista MTB 2358-ES\",\"sameAs\":[\"https:\/\/jornalfatosenoticias.com.br\"],\"url\":\"https:\/\/jornalfatosenoticias.com.br\/index.php\/author\/luzimara\/\"}]}<\/script>\n<!-- \/ Yoast SEO plugin. -->","yoast_head_json":{"title":"De onde vem o 'Ordem e Progresso' na bandeira do Brasil? - Jornal Fatos e Not\u00edcias","robots":{"index":"index","follow":"follow","max-snippet":"max-snippet:-1","max-image-preview":"max-image-preview:large","max-video-preview":"max-video-preview:-1"},"canonical":"https:\/\/jornalfatosenoticias.com.br\/index.php\/2022\/08\/12\/de-onde-vem-o-ordem-e-progresso-na-bandeira-do-brasil\/","og_locale":"pt_BR","og_type":"article","og_title":"De onde vem o 'Ordem e Progresso' na bandeira do Brasil? - Jornal Fatos e Not\u00edcias","og_description":"V\u00edtor Soares, professor de Hist\u00f3ria, explica a origem da frase presente na bandeira do Brasil Al\u00e9m do famoso verde e amarelo, do azul e das 27 estrelas, a bandeira do Brasil possui o escrito &#8220;Ordem e Progresso&#8221;, que na origem de sua escolha, revela valiosas informa\u00e7\u00f5es sobre a hist\u00f3ria do Brasil e sua atualidade. Quem [&hellip;]","og_url":"https:\/\/jornalfatosenoticias.com.br\/index.php\/2022\/08\/12\/de-onde-vem-o-ordem-e-progresso-na-bandeira-do-brasil\/","og_site_name":"Jornal Fatos e Not\u00edcias","article_published_time":"2022-08-12T17:42:21+00:00","article_modified_time":"2022-08-12T17:42:25+00:00","og_image":[{"width":1000,"height":562,"url":"https:\/\/jornalfatosenoticias.com.br\/wp-content\/uploads\/2022\/08\/bandeira-capa_CURIOSIDADE.jpg","type":"image\/jpeg"}],"author":"Luzimara Fernandes","twitter_card":"summary_large_image","twitter_misc":{"Escrito por":"Luzimara Fernandes","Est. tempo de leitura":"2 minutos"},"schema":{"@context":"https:\/\/schema.org","@graph":[{"@type":"Article","@id":"https:\/\/jornalfatosenoticias.com.br\/index.php\/2022\/08\/12\/de-onde-vem-o-ordem-e-progresso-na-bandeira-do-brasil\/#article","isPartOf":{"@id":"https:\/\/jornalfatosenoticias.com.br\/index.php\/2022\/08\/12\/de-onde-vem-o-ordem-e-progresso-na-bandeira-do-brasil\/"},"author":{"name":"Luzimara Fernandes","@id":"https:\/\/jornalfatosenoticias.com.br\/#\/schema\/person\/d63837fa13ac8666eb9e74e0985d6f81"},"headline":"De onde vem o &#8216;Ordem e Progresso&#8217; na bandeira do Brasil?","datePublished":"2022-08-12T17:42:21+00:00","dateModified":"2022-08-12T17:42:25+00:00","mainEntityOfPage":{"@id":"https:\/\/jornalfatosenoticias.com.br\/index.php\/2022\/08\/12\/de-onde-vem-o-ordem-e-progresso-na-bandeira-do-brasil\/"},"wordCount":325,"commentCount":0,"publisher":{"@id":"https:\/\/jornalfatosenoticias.com.br\/#organization"},"image":{"@id":"https:\/\/jornalfatosenoticias.com.br\/index.php\/2022\/08\/12\/de-onde-vem-o-ordem-e-progresso-na-bandeira-do-brasil\/#primaryimage"},"thumbnailUrl":"https:\/\/jornalfatosenoticias.com.br\/wp-content\/uploads\/2022\/08\/bandeira-capa_CURIOSIDADE.jpg","keywords":["Auguste Comte","bandeira do Brasil","Brasil","hist\u00f3ria","militares","Positivismo","Rep\u00fablica","V\u00edtor Soares"],"articleSection":["Cultura"],"inLanguage":"pt-BR","potentialAction":[{"@type":"CommentAction","name":"Comment","target":["https:\/\/jornalfatosenoticias.com.br\/index.php\/2022\/08\/12\/de-onde-vem-o-ordem-e-progresso-na-bandeira-do-brasil\/#respond"]}]},{"@type":"WebPage","@id":"https:\/\/jornalfatosenoticias.com.br\/index.php\/2022\/08\/12\/de-onde-vem-o-ordem-e-progresso-na-bandeira-do-brasil\/","url":"https:\/\/jornalfatosenoticias.com.br\/index.php\/2022\/08\/12\/de-onde-vem-o-ordem-e-progresso-na-bandeira-do-brasil\/","name":"De onde vem o 'Ordem e Progresso' na bandeira do Brasil? - Jornal Fatos e Not\u00edcias","isPartOf":{"@id":"https:\/\/jornalfatosenoticias.com.br\/#website"},"primaryImageOfPage":{"@id":"https:\/\/jornalfatosenoticias.com.br\/index.php\/2022\/08\/12\/de-onde-vem-o-ordem-e-progresso-na-bandeira-do-brasil\/#primaryimage"},"image":{"@id":"https:\/\/jornalfatosenoticias.com.br\/index.php\/2022\/08\/12\/de-onde-vem-o-ordem-e-progresso-na-bandeira-do-brasil\/#primaryimage"},"thumbnailUrl":"https:\/\/jornalfatosenoticias.com.br\/wp-content\/uploads\/2022\/08\/bandeira-capa_CURIOSIDADE.jpg","datePublished":"2022-08-12T17:42:21+00:00","dateModified":"2022-08-12T17:42:25+00:00","breadcrumb":{"@id":"https:\/\/jornalfatosenoticias.com.br\/index.php\/2022\/08\/12\/de-onde-vem-o-ordem-e-progresso-na-bandeira-do-brasil\/#breadcrumb"},"inLanguage":"pt-BR","potentialAction":[{"@type":"ReadAction","target":["https:\/\/jornalfatosenoticias.com.br\/index.php\/2022\/08\/12\/de-onde-vem-o-ordem-e-progresso-na-bandeira-do-brasil\/"]}]},{"@type":"ImageObject","inLanguage":"pt-BR","@id":"https:\/\/jornalfatosenoticias.com.br\/index.php\/2022\/08\/12\/de-onde-vem-o-ordem-e-progresso-na-bandeira-do-brasil\/#primaryimage","url":"https:\/\/jornalfatosenoticias.com.br\/wp-content\/uploads\/2022\/08\/bandeira-capa_CURIOSIDADE.jpg","contentUrl":"https:\/\/jornalfatosenoticias.com.br\/wp-content\/uploads\/2022\/08\/bandeira-capa_CURIOSIDADE.jpg","width":1000,"height":562},{"@type":"BreadcrumbList","@id":"https:\/\/jornalfatosenoticias.com.br\/index.php\/2022\/08\/12\/de-onde-vem-o-ordem-e-progresso-na-bandeira-do-brasil\/#breadcrumb","itemListElement":[{"@type":"ListItem","position":1,"name":"In\u00edcio","item":"https:\/\/jornalfatosenoticias.com.br\/"},{"@type":"ListItem","position":2,"name":"De onde vem o &#8216;Ordem e Progresso&#8217; na bandeira do Brasil?"}]},{"@type":"WebSite","@id":"https:\/\/jornalfatosenoticias.com.br\/#website","url":"https:\/\/jornalfatosenoticias.com.br\/","name":"Jornal Fatos e Not\u00edcias","description":"Not\u00edcias em geral","publisher":{"@id":"https:\/\/jornalfatosenoticias.com.br\/#organization"},"potentialAction":[{"@type":"SearchAction","target":{"@type":"EntryPoint","urlTemplate":"https:\/\/jornalfatosenoticias.com.br\/?s={search_term_string}"},"query-input":{"@type":"PropertyValueSpecification","valueRequired":true,"valueName":"search_term_string"}}],"inLanguage":"pt-BR"},{"@type":"Organization","@id":"https:\/\/jornalfatosenoticias.com.br\/#organization","name":"Jornal Fatos e Not\u00edcias","url":"https:\/\/jornalfatosenoticias.com.br\/","logo":{"@type":"ImageObject","inLanguage":"pt-BR","@id":"https:\/\/jornalfatosenoticias.com.br\/#\/schema\/logo\/image\/","url":"https:\/\/jornalfatosenoticias.com.br\/wp-content\/uploads\/2020\/02\/logo120.png","contentUrl":"https:\/\/jornalfatosenoticias.com.br\/wp-content\/uploads\/2020\/02\/logo120.png","width":1227,"height":120,"caption":"Jornal Fatos e Not\u00edcias"},"image":{"@id":"https:\/\/jornalfatosenoticias.com.br\/#\/schema\/logo\/image\/"}},{"@type":"Person","@id":"https:\/\/jornalfatosenoticias.com.br\/#\/schema\/person\/d63837fa13ac8666eb9e74e0985d6f81","name":"Luzimara Fernandes","image":{"@type":"ImageObject","inLanguage":"pt-BR","@id":"https:\/\/jornalfatosenoticias.com.br\/#\/schema\/person\/image\/","url":"https:\/\/jornalfatosenoticias.com.br\/wp-content\/uploads\/2025\/05\/EU_portal.jpg","contentUrl":"https:\/\/jornalfatosenoticias.com.br\/wp-content\/uploads\/2025\/05\/EU_portal.jpg","caption":"Luzimara Fernandes"},"description":"Jornalista MTB 2358-ES","sameAs":["https:\/\/jornalfatosenoticias.com.br"],"url":"https:\/\/jornalfatosenoticias.com.br\/index.php\/author\/luzimara\/"}]}},"cc_featured_image_caption":{"caption_text":"(Foto: Joe Bamz\/Pixabay) ","source_text":"","source_url":""},"jetpack_featured_media_url":"https:\/\/jornalfatosenoticias.com.br\/wp-content\/uploads\/2022\/08\/bandeira-capa_CURIOSIDADE.jpg","_links":{"self":[{"href":"https:\/\/jornalfatosenoticias.com.br\/index.php\/wp-json\/wp\/v2\/posts\/33134","targetHints":{"allow":["GET"]}}],"collection":[{"href":"https:\/\/jornalfatosenoticias.com.br\/index.php\/wp-json\/wp\/v2\/posts"}],"about":[{"href":"https:\/\/jornalfatosenoticias.com.br\/index.php\/wp-json\/wp\/v2\/types\/post"}],"author":[{"embeddable":true,"href":"https:\/\/jornalfatosenoticias.com.br\/index.php\/wp-json\/wp\/v2\/users\/2"}],"replies":[{"embeddable":true,"href":"https:\/\/jornalfatosenoticias.com.br\/index.php\/wp-json\/wp\/v2\/comments?post=33134"}],"version-history":[{"count":0,"href":"https:\/\/jornalfatosenoticias.com.br\/index.php\/wp-json\/wp\/v2\/posts\/33134\/revisions"}],"wp:featuredmedia":[{"embeddable":true,"href":"https:\/\/jornalfatosenoticias.com.br\/index.php\/wp-json\/wp\/v2\/media\/33137"}],"wp:attachment":[{"href":"https:\/\/jornalfatosenoticias.com.br\/index.php\/wp-json\/wp\/v2\/media?parent=33134"}],"wp:term":[{"taxonomy":"category","embeddable":true,"href":"https:\/\/jornalfatosenoticias.com.br\/index.php\/wp-json\/wp\/v2\/categories?post=33134"},{"taxonomy":"post_tag","embeddable":true,"href":"https:\/\/jornalfatosenoticias.com.br\/index.php\/wp-json\/wp\/v2\/tags?post=33134"}],"curies":[{"name":"wp","href":"https:\/\/api.w.org\/{rel}","templated":true}]}}