{"id":33192,"date":"2022-08-15T14:37:10","date_gmt":"2022-08-15T17:37:10","guid":{"rendered":"https:\/\/jornalfatosenoticias.com.br\/?p=33192"},"modified":"2022-08-15T14:37:13","modified_gmt":"2022-08-15T17:37:13","slug":"bibliotecas-municipais-de-sp-recebem-exposicao-sobre-linguagem","status":"publish","type":"post","link":"https:\/\/jornalfatosenoticias.com.br\/index.php\/2022\/08\/15\/bibliotecas-municipais-de-sp-recebem-exposicao-sobre-linguagem\/","title":{"rendered":"Bibliotecas municipais de SP recebem exposi\u00e7\u00e3o sobre linguagem"},"content":{"rendered":"\n<p><em><span class=\"has-inline-color has-black-color\">Mostra Ideogramas Sonoros fica aberta at\u00e9 30 de setembro<\/span><\/em><\/p>\n\n\n\n<div class=\"wp-block-image\"><figure class=\"aligncenter size-large\"><img loading=\"lazy\" decoding=\"async\" width=\"1024\" height=\"100\" src=\"https:\/\/jornalfatosenoticias.com.br\/wp-content\/uploads\/2020\/02\/banner_ferramentas-1024x100.jpg\" alt=\"\" class=\"wp-image-1258\" srcset=\"https:\/\/jornalfatosenoticias.com.br\/wp-content\/uploads\/2020\/02\/banner_ferramentas-1024x100.jpg 1024w, https:\/\/jornalfatosenoticias.com.br\/wp-content\/uploads\/2020\/02\/banner_ferramentas-300x29.jpg 300w, https:\/\/jornalfatosenoticias.com.br\/wp-content\/uploads\/2020\/02\/banner_ferramentas-768x75.jpg 768w, https:\/\/jornalfatosenoticias.com.br\/wp-content\/uploads\/2020\/02\/banner_ferramentas.jpg 1227w\" sizes=\"auto, (max-width: 1024px) 100vw, 1024px\" \/><\/figure><\/div>\n\n\n\n<p>Tr\u00eas bibliotecas municipais na cidade de S\u00e3o Paulo recebem a partir de hoje (15) at\u00e9 o dia 30 de setembro a mostra <em>Ideogramas Sonoros<\/em>: novos caminhos entre as linguagens. A exposi\u00e7\u00e3o re\u00fane 27 obras e poemas da artista e jornalista Priscila Asche, al\u00e9m de m\u00fasicas originais do compositor F\u00e1bio Guimar\u00e3es. As instala\u00e7\u00f5es estar\u00e3o na Biblioteca P\u00fablica Municipal Alceu Amoroso Lima, na Biblioteca P\u00fablica Municipal Viriato Corr\u00eaa e na Biblioteca P\u00fablica Municipal Affonso Taunay.<br>A mostra busca ampliar a percep\u00e7\u00e3o cotidiana da escrita, da leitura e da m\u00fasica como forma de incentivar o exerc\u00edcio da liberdade de express\u00e3o, do pensamento e da imagina\u00e7\u00e3o por meio da tecnologia para entrela\u00e7ar diferentes linguagens e proporcionar uma experi\u00eancia imersiva do p\u00fablico com a arte visual, sonora e liter\u00e1ria.<\/p>\n\n\n\n<div class=\"wp-block-image\"><figure class=\"aligncenter size-large\"><img loading=\"lazy\" decoding=\"async\" width=\"1024\" height=\"103\" src=\"https:\/\/jornalfatosenoticias.com.br\/wp-content\/uploads\/2022\/02\/Arte-Autoescola-Galatas_endereco_portal-1024x103.png\" alt=\"\" class=\"wp-image-27869\" srcset=\"https:\/\/jornalfatosenoticias.com.br\/wp-content\/uploads\/2022\/02\/Arte-Autoescola-Galatas_endereco_portal-1024x103.png 1024w, https:\/\/jornalfatosenoticias.com.br\/wp-content\/uploads\/2022\/02\/Arte-Autoescola-Galatas_endereco_portal-300x30.png 300w, https:\/\/jornalfatosenoticias.com.br\/wp-content\/uploads\/2022\/02\/Arte-Autoescola-Galatas_endereco_portal-768x77.png 768w, https:\/\/jornalfatosenoticias.com.br\/wp-content\/uploads\/2022\/02\/Arte-Autoescola-Galatas_endereco_portal.png 1223w\" sizes=\"auto, (max-width: 1024px) 100vw, 1024px\" \/><\/figure><\/div>\n\n\n\n<p>Segundo a secretaria municipal de Cultura de S\u00e3o Paulo, as tr\u00eas instala\u00e7\u00f5es s\u00e3o diferentes e foram projetadas para melhor se adequar \u00e0 estrutura oferecida e \u00e0 tem\u00e1tica abordada em cada biblioteca. <\/p>\n\n\n\n<div class=\"wp-block-image\"><figure class=\"aligncenter size-large\"><img loading=\"lazy\" decoding=\"async\" width=\"300\" height=\"250\" src=\"https:\/\/jornalfatosenoticias.com.br\/wp-content\/uploads\/2022\/08\/arte-Casarao.jpg\" alt=\"\" class=\"wp-image-33178\"\/><\/figure><\/div>\n\n\n\n<blockquote class=\"wp-block-quote is-layout-flow wp-block-quote-is-layout-flow\"><p><span class=\"has-inline-color has-luminous-vivid-orange-color\">\u201cTelas, livros suspensos e pain\u00e9is se tornam obras interativas que ganham sonoridade por meio do uso de uma plataforma digital acessada pelo celular no momento de encontro do p\u00fablico com os trabalhos expostos\u201d, diz a secretaria.<\/span><\/p><\/blockquote>\n\n\n\n<div class=\"wp-block-image\"><figure class=\"aligncenter size-large\"><img loading=\"lazy\" decoding=\"async\" width=\"1024\" height=\"100\" src=\"https:\/\/jornalfatosenoticias.com.br\/wp-content\/uploads\/2022\/05\/NOVA-LOGO-CESCONETTO-1024x100.jpg\" alt=\"\" class=\"wp-image-30792\" srcset=\"https:\/\/jornalfatosenoticias.com.br\/wp-content\/uploads\/2022\/05\/NOVA-LOGO-CESCONETTO-1024x100.jpg 1024w, https:\/\/jornalfatosenoticias.com.br\/wp-content\/uploads\/2022\/05\/NOVA-LOGO-CESCONETTO-300x29.jpg 300w, https:\/\/jornalfatosenoticias.com.br\/wp-content\/uploads\/2022\/05\/NOVA-LOGO-CESCONETTO-768x75.jpg 768w, https:\/\/jornalfatosenoticias.com.br\/wp-content\/uploads\/2022\/05\/NOVA-LOGO-CESCONETTO.jpg 1280w\" sizes=\"auto, (max-width: 1024px) 100vw, 1024px\" \/><\/figure><\/div>\n\n\n\n<p>A exibi\u00e7\u00e3o nas bibliotecas se baseia na ideia de que o espa\u00e7o \u00e9 um local historicamente associado ao direito \u00e0 educa\u00e7\u00e3o, ao conhecimento, aprendizado e \u00e0 informa\u00e7\u00e3o. <\/p>\n\n\n\n<div class=\"wp-block-image\"><figure class=\"aligncenter size-large is-resized\"><img loading=\"lazy\" decoding=\"async\" src=\"https:\/\/jornalfatosenoticias.com.br\/wp-content\/uploads\/2022\/08\/logo-locau-veiculos-1024x573.png\" alt=\"\" class=\"wp-image-33078\" width=\"358\" height=\"200\"\/><\/figure><\/div>\n\n\n\n<blockquote class=\"wp-block-quote is-layout-flow wp-block-quote-is-layout-flow\"><p><span class=\"has-inline-color has-luminous-vivid-orange-color\">\u201cAdemais, o projeto convida o visitante para repensar o uso desses espa\u00e7os uma vez que \u00e9 constante a queda da frequ\u00eancia de jovens em bibliotecas\u201d, ressalta a organiza\u00e7\u00e3o.<\/span><\/p><\/blockquote>\n\n\n\n<div class=\"wp-block-image\"><figure class=\"alignright size-large is-resized\"><img loading=\"lazy\" decoding=\"async\" src=\"https:\/\/jornalfatosenoticias.com.br\/wp-content\/uploads\/2022\/07\/Logo-Grupo-SEI.jpg\" alt=\"\" class=\"wp-image-31973\" width=\"346\" height=\"182\" srcset=\"https:\/\/jornalfatosenoticias.com.br\/wp-content\/uploads\/2022\/07\/Logo-Grupo-SEI.jpg 713w, https:\/\/jornalfatosenoticias.com.br\/wp-content\/uploads\/2022\/07\/Logo-Grupo-SEI-300x158.jpg 300w\" sizes=\"auto, (max-width: 346px) 100vw, 346px\" \/><\/figure><\/div>\n\n\n\n<p>A Biblioteca P\u00fablica Municipal Alceu Amoroso Lima fica na Rua Henrique Schaumann, 777 \u2014 Pinheiros e o hor\u00e1rio de funcionamento \u00e9 de segunda a sexta das 10h \u00e0s 19h e aos s\u00e1bados, das 10h \u00e0s 17h; a Biblioteca P\u00fablica Municipal Viriato Corr\u00eaa est\u00e1 na Rua Sena Madureira, 298 &#8211; Vila Mariana e est\u00e1 aberta de segunda a sexta das 10h \u00e0s 19h e aos s\u00e1bados, das 10h \u00e0s 17h; e a Biblioteca P\u00fablica Municipal Affonso Taunay fica na Rua Taquari, 549 \u2014 Mooca, aberta de segunda a sexta das 8h \u00e0s 17h e aos s\u00e1bados das 10h \u00e0s 17h. Em todas, a entrada \u00e9 gratuita.<\/p>\n\n\n\n<div class=\"wp-block-image\"><figure class=\"aligncenter size-large is-resized\"><img loading=\"lazy\" decoding=\"async\" src=\"https:\/\/jornalfatosenoticias.com.br\/wp-content\/uploads\/2020\/02\/SEVENTUR-TURISMO.jpg\" alt=\"\" class=\"wp-image-32994\" width=\"254\" height=\"201\"\/><\/figure><\/div>\n\n\n\n<p><strong><em>Fonte: <a href=\"https:\/\/agenciabrasil.ebc.com.br\/educacao\/noticia\/2022-08\/bibliotecas-municipais-de-sp-recebem-exposi%C3%A7%C3%A3o-sobre-linguagem\">Ag\u00eancia Brasil<\/a><\/em><\/strong><\/p>\n","protected":false},"excerpt":{"rendered":"<p>Mostra Ideogramas Sonoros fica aberta at\u00e9 30 de setembro Tr\u00eas bibliotecas municipais na cidade de S\u00e3o Paulo recebem a partir de hoje (15) at\u00e9 o dia 30 de setembro a mostra Ideogramas Sonoros: novos caminhos entre as linguagens. A exposi\u00e7\u00e3o re\u00fane 27 obras e poemas da artista e jornalista Priscila Asche, al\u00e9m de m\u00fasicas originais [&hellip;]<\/p>\n","protected":false},"author":2,"featured_media":33193,"comment_status":"open","ping_status":"open","sticky":false,"template":"","format":"standard","meta":{"footnotes":""},"categories":[7],"tags":[15627,15628,15629],"class_list":["post-33192","post","type-post","status-publish","format-standard","has-post-thumbnail","hentry","category-educacao","tag-bibliotecas-municipais-de-sao-paulo","tag-ideogramas-sonoros","tag-linguagens"],"yoast_head":"<!-- This site is optimized with the Yoast SEO plugin v26.5 - https:\/\/yoast.com\/wordpress\/plugins\/seo\/ -->\n<title>Bibliotecas municipais de SP recebem exposi\u00e7\u00e3o sobre linguagem - Jornal Fatos e Not\u00edcias<\/title>\n<meta name=\"robots\" content=\"index, follow, max-snippet:-1, max-image-preview:large, max-video-preview:-1\" \/>\n<link rel=\"canonical\" href=\"https:\/\/jornalfatosenoticias.com.br\/index.php\/2022\/08\/15\/bibliotecas-municipais-de-sp-recebem-exposicao-sobre-linguagem\/\" \/>\n<meta property=\"og:locale\" content=\"pt_BR\" \/>\n<meta property=\"og:type\" content=\"article\" \/>\n<meta property=\"og:title\" content=\"Bibliotecas municipais de SP recebem exposi\u00e7\u00e3o sobre linguagem - Jornal Fatos e Not\u00edcias\" \/>\n<meta property=\"og:description\" content=\"Mostra Ideogramas Sonoros fica aberta at\u00e9 30 de setembro Tr\u00eas bibliotecas municipais na cidade de S\u00e3o Paulo recebem a partir de hoje (15) at\u00e9 o dia 30 de setembro a mostra Ideogramas Sonoros: novos caminhos entre as linguagens. A exposi\u00e7\u00e3o re\u00fane 27 obras e poemas da artista e jornalista Priscila Asche, al\u00e9m de m\u00fasicas originais [&hellip;]\" \/>\n<meta property=\"og:url\" content=\"https:\/\/jornalfatosenoticias.com.br\/index.php\/2022\/08\/15\/bibliotecas-municipais-de-sp-recebem-exposicao-sobre-linguagem\/\" \/>\n<meta property=\"og:site_name\" content=\"Jornal Fatos e Not\u00edcias\" \/>\n<meta property=\"article:published_time\" content=\"2022-08-15T17:37:10+00:00\" \/>\n<meta property=\"article:modified_time\" content=\"2022-08-15T17:37:13+00:00\" \/>\n<meta property=\"og:image\" content=\"https:\/\/jornalfatosenoticias.com.br\/wp-content\/uploads\/2022\/08\/Bibliotecas-municipais-de-SP-recebem-exposicao-sobre-linguagem.jpg\" \/>\n\t<meta property=\"og:image:width\" content=\"1000\" \/>\n\t<meta property=\"og:image:height\" content=\"664\" \/>\n\t<meta property=\"og:image:type\" content=\"image\/jpeg\" \/>\n<meta name=\"author\" content=\"Luzimara Fernandes\" \/>\n<meta name=\"twitter:card\" content=\"summary_large_image\" \/>\n<meta name=\"twitter:label1\" content=\"Escrito por\" \/>\n\t<meta name=\"twitter:data1\" content=\"Luzimara Fernandes\" \/>\n\t<meta name=\"twitter:label2\" content=\"Est. tempo de leitura\" \/>\n\t<meta name=\"twitter:data2\" content=\"2 minutos\" \/>\n<script type=\"application\/ld+json\" class=\"yoast-schema-graph\">{\"@context\":\"https:\/\/schema.org\",\"@graph\":[{\"@type\":\"Article\",\"@id\":\"https:\/\/jornalfatosenoticias.com.br\/index.php\/2022\/08\/15\/bibliotecas-municipais-de-sp-recebem-exposicao-sobre-linguagem\/#article\",\"isPartOf\":{\"@id\":\"https:\/\/jornalfatosenoticias.com.br\/index.php\/2022\/08\/15\/bibliotecas-municipais-de-sp-recebem-exposicao-sobre-linguagem\/\"},\"author\":{\"name\":\"Luzimara Fernandes\",\"@id\":\"https:\/\/jornalfatosenoticias.com.br\/#\/schema\/person\/d63837fa13ac8666eb9e74e0985d6f81\"},\"headline\":\"Bibliotecas municipais de SP recebem exposi\u00e7\u00e3o sobre linguagem\",\"datePublished\":\"2022-08-15T17:37:10+00:00\",\"dateModified\":\"2022-08-15T17:37:13+00:00\",\"mainEntityOfPage\":{\"@id\":\"https:\/\/jornalfatosenoticias.com.br\/index.php\/2022\/08\/15\/bibliotecas-municipais-de-sp-recebem-exposicao-sobre-linguagem\/\"},\"wordCount\":401,\"commentCount\":0,\"publisher\":{\"@id\":\"https:\/\/jornalfatosenoticias.com.br\/#organization\"},\"image\":{\"@id\":\"https:\/\/jornalfatosenoticias.com.br\/index.php\/2022\/08\/15\/bibliotecas-municipais-de-sp-recebem-exposicao-sobre-linguagem\/#primaryimage\"},\"thumbnailUrl\":\"https:\/\/jornalfatosenoticias.com.br\/wp-content\/uploads\/2022\/08\/Bibliotecas-municipais-de-SP-recebem-exposicao-sobre-linguagem.jpg\",\"keywords\":[\"Bibliotecas municipais de S\u00e3o Paulo\",\"Ideogramas Sonoros\",\"linguagens\"],\"articleSection\":[\"Educa\u00e7\u00e3o\"],\"inLanguage\":\"pt-BR\",\"potentialAction\":[{\"@type\":\"CommentAction\",\"name\":\"Comment\",\"target\":[\"https:\/\/jornalfatosenoticias.com.br\/index.php\/2022\/08\/15\/bibliotecas-municipais-de-sp-recebem-exposicao-sobre-linguagem\/#respond\"]}]},{\"@type\":\"WebPage\",\"@id\":\"https:\/\/jornalfatosenoticias.com.br\/index.php\/2022\/08\/15\/bibliotecas-municipais-de-sp-recebem-exposicao-sobre-linguagem\/\",\"url\":\"https:\/\/jornalfatosenoticias.com.br\/index.php\/2022\/08\/15\/bibliotecas-municipais-de-sp-recebem-exposicao-sobre-linguagem\/\",\"name\":\"Bibliotecas municipais de SP recebem exposi\u00e7\u00e3o sobre linguagem - Jornal Fatos e Not\u00edcias\",\"isPartOf\":{\"@id\":\"https:\/\/jornalfatosenoticias.com.br\/#website\"},\"primaryImageOfPage\":{\"@id\":\"https:\/\/jornalfatosenoticias.com.br\/index.php\/2022\/08\/15\/bibliotecas-municipais-de-sp-recebem-exposicao-sobre-linguagem\/#primaryimage\"},\"image\":{\"@id\":\"https:\/\/jornalfatosenoticias.com.br\/index.php\/2022\/08\/15\/bibliotecas-municipais-de-sp-recebem-exposicao-sobre-linguagem\/#primaryimage\"},\"thumbnailUrl\":\"https:\/\/jornalfatosenoticias.com.br\/wp-content\/uploads\/2022\/08\/Bibliotecas-municipais-de-SP-recebem-exposicao-sobre-linguagem.jpg\",\"datePublished\":\"2022-08-15T17:37:10+00:00\",\"dateModified\":\"2022-08-15T17:37:13+00:00\",\"breadcrumb\":{\"@id\":\"https:\/\/jornalfatosenoticias.com.br\/index.php\/2022\/08\/15\/bibliotecas-municipais-de-sp-recebem-exposicao-sobre-linguagem\/#breadcrumb\"},\"inLanguage\":\"pt-BR\",\"potentialAction\":[{\"@type\":\"ReadAction\",\"target\":[\"https:\/\/jornalfatosenoticias.com.br\/index.php\/2022\/08\/15\/bibliotecas-municipais-de-sp-recebem-exposicao-sobre-linguagem\/\"]}]},{\"@type\":\"ImageObject\",\"inLanguage\":\"pt-BR\",\"@id\":\"https:\/\/jornalfatosenoticias.com.br\/index.php\/2022\/08\/15\/bibliotecas-municipais-de-sp-recebem-exposicao-sobre-linguagem\/#primaryimage\",\"url\":\"https:\/\/jornalfatosenoticias.com.br\/wp-content\/uploads\/2022\/08\/Bibliotecas-municipais-de-SP-recebem-exposicao-sobre-linguagem.jpg\",\"contentUrl\":\"https:\/\/jornalfatosenoticias.com.br\/wp-content\/uploads\/2022\/08\/Bibliotecas-municipais-de-SP-recebem-exposicao-sobre-linguagem.jpg\",\"width\":1000,\"height\":664},{\"@type\":\"BreadcrumbList\",\"@id\":\"https:\/\/jornalfatosenoticias.com.br\/index.php\/2022\/08\/15\/bibliotecas-municipais-de-sp-recebem-exposicao-sobre-linguagem\/#breadcrumb\",\"itemListElement\":[{\"@type\":\"ListItem\",\"position\":1,\"name\":\"In\u00edcio\",\"item\":\"https:\/\/jornalfatosenoticias.com.br\/\"},{\"@type\":\"ListItem\",\"position\":2,\"name\":\"Bibliotecas municipais de SP recebem exposi\u00e7\u00e3o sobre linguagem\"}]},{\"@type\":\"WebSite\",\"@id\":\"https:\/\/jornalfatosenoticias.com.br\/#website\",\"url\":\"https:\/\/jornalfatosenoticias.com.br\/\",\"name\":\"Jornal Fatos e Not\u00edcias\",\"description\":\"Not\u00edcias em geral\",\"publisher\":{\"@id\":\"https:\/\/jornalfatosenoticias.com.br\/#organization\"},\"potentialAction\":[{\"@type\":\"SearchAction\",\"target\":{\"@type\":\"EntryPoint\",\"urlTemplate\":\"https:\/\/jornalfatosenoticias.com.br\/?s={search_term_string}\"},\"query-input\":{\"@type\":\"PropertyValueSpecification\",\"valueRequired\":true,\"valueName\":\"search_term_string\"}}],\"inLanguage\":\"pt-BR\"},{\"@type\":\"Organization\",\"@id\":\"https:\/\/jornalfatosenoticias.com.br\/#organization\",\"name\":\"Jornal Fatos e Not\u00edcias\",\"url\":\"https:\/\/jornalfatosenoticias.com.br\/\",\"logo\":{\"@type\":\"ImageObject\",\"inLanguage\":\"pt-BR\",\"@id\":\"https:\/\/jornalfatosenoticias.com.br\/#\/schema\/logo\/image\/\",\"url\":\"https:\/\/jornalfatosenoticias.com.br\/wp-content\/uploads\/2020\/02\/logo120.png\",\"contentUrl\":\"https:\/\/jornalfatosenoticias.com.br\/wp-content\/uploads\/2020\/02\/logo120.png\",\"width\":1227,\"height\":120,\"caption\":\"Jornal Fatos e Not\u00edcias\"},\"image\":{\"@id\":\"https:\/\/jornalfatosenoticias.com.br\/#\/schema\/logo\/image\/\"}},{\"@type\":\"Person\",\"@id\":\"https:\/\/jornalfatosenoticias.com.br\/#\/schema\/person\/d63837fa13ac8666eb9e74e0985d6f81\",\"name\":\"Luzimara Fernandes\",\"image\":{\"@type\":\"ImageObject\",\"inLanguage\":\"pt-BR\",\"@id\":\"https:\/\/jornalfatosenoticias.com.br\/#\/schema\/person\/image\/\",\"url\":\"https:\/\/jornalfatosenoticias.com.br\/wp-content\/uploads\/2025\/05\/EU_portal.jpg\",\"contentUrl\":\"https:\/\/jornalfatosenoticias.com.br\/wp-content\/uploads\/2025\/05\/EU_portal.jpg\",\"caption\":\"Luzimara Fernandes\"},\"description\":\"Jornalista MTB 2358-ES\",\"sameAs\":[\"https:\/\/jornalfatosenoticias.com.br\"],\"url\":\"https:\/\/jornalfatosenoticias.com.br\/index.php\/author\/luzimara\/\"}]}<\/script>\n<!-- \/ Yoast SEO plugin. -->","yoast_head_json":{"title":"Bibliotecas municipais de SP recebem exposi\u00e7\u00e3o sobre linguagem - Jornal Fatos e Not\u00edcias","robots":{"index":"index","follow":"follow","max-snippet":"max-snippet:-1","max-image-preview":"max-image-preview:large","max-video-preview":"max-video-preview:-1"},"canonical":"https:\/\/jornalfatosenoticias.com.br\/index.php\/2022\/08\/15\/bibliotecas-municipais-de-sp-recebem-exposicao-sobre-linguagem\/","og_locale":"pt_BR","og_type":"article","og_title":"Bibliotecas municipais de SP recebem exposi\u00e7\u00e3o sobre linguagem - Jornal Fatos e Not\u00edcias","og_description":"Mostra Ideogramas Sonoros fica aberta at\u00e9 30 de setembro Tr\u00eas bibliotecas municipais na cidade de S\u00e3o Paulo recebem a partir de hoje (15) at\u00e9 o dia 30 de setembro a mostra Ideogramas Sonoros: novos caminhos entre as linguagens. A exposi\u00e7\u00e3o re\u00fane 27 obras e poemas da artista e jornalista Priscila Asche, al\u00e9m de m\u00fasicas originais [&hellip;]","og_url":"https:\/\/jornalfatosenoticias.com.br\/index.php\/2022\/08\/15\/bibliotecas-municipais-de-sp-recebem-exposicao-sobre-linguagem\/","og_site_name":"Jornal Fatos e Not\u00edcias","article_published_time":"2022-08-15T17:37:10+00:00","article_modified_time":"2022-08-15T17:37:13+00:00","og_image":[{"width":1000,"height":664,"url":"https:\/\/jornalfatosenoticias.com.br\/wp-content\/uploads\/2022\/08\/Bibliotecas-municipais-de-SP-recebem-exposicao-sobre-linguagem.jpg","type":"image\/jpeg"}],"author":"Luzimara Fernandes","twitter_card":"summary_large_image","twitter_misc":{"Escrito por":"Luzimara Fernandes","Est. tempo de leitura":"2 minutos"},"schema":{"@context":"https:\/\/schema.org","@graph":[{"@type":"Article","@id":"https:\/\/jornalfatosenoticias.com.br\/index.php\/2022\/08\/15\/bibliotecas-municipais-de-sp-recebem-exposicao-sobre-linguagem\/#article","isPartOf":{"@id":"https:\/\/jornalfatosenoticias.com.br\/index.php\/2022\/08\/15\/bibliotecas-municipais-de-sp-recebem-exposicao-sobre-linguagem\/"},"author":{"name":"Luzimara Fernandes","@id":"https:\/\/jornalfatosenoticias.com.br\/#\/schema\/person\/d63837fa13ac8666eb9e74e0985d6f81"},"headline":"Bibliotecas municipais de SP recebem exposi\u00e7\u00e3o sobre linguagem","datePublished":"2022-08-15T17:37:10+00:00","dateModified":"2022-08-15T17:37:13+00:00","mainEntityOfPage":{"@id":"https:\/\/jornalfatosenoticias.com.br\/index.php\/2022\/08\/15\/bibliotecas-municipais-de-sp-recebem-exposicao-sobre-linguagem\/"},"wordCount":401,"commentCount":0,"publisher":{"@id":"https:\/\/jornalfatosenoticias.com.br\/#organization"},"image":{"@id":"https:\/\/jornalfatosenoticias.com.br\/index.php\/2022\/08\/15\/bibliotecas-municipais-de-sp-recebem-exposicao-sobre-linguagem\/#primaryimage"},"thumbnailUrl":"https:\/\/jornalfatosenoticias.com.br\/wp-content\/uploads\/2022\/08\/Bibliotecas-municipais-de-SP-recebem-exposicao-sobre-linguagem.jpg","keywords":["Bibliotecas municipais de S\u00e3o Paulo","Ideogramas Sonoros","linguagens"],"articleSection":["Educa\u00e7\u00e3o"],"inLanguage":"pt-BR","potentialAction":[{"@type":"CommentAction","name":"Comment","target":["https:\/\/jornalfatosenoticias.com.br\/index.php\/2022\/08\/15\/bibliotecas-municipais-de-sp-recebem-exposicao-sobre-linguagem\/#respond"]}]},{"@type":"WebPage","@id":"https:\/\/jornalfatosenoticias.com.br\/index.php\/2022\/08\/15\/bibliotecas-municipais-de-sp-recebem-exposicao-sobre-linguagem\/","url":"https:\/\/jornalfatosenoticias.com.br\/index.php\/2022\/08\/15\/bibliotecas-municipais-de-sp-recebem-exposicao-sobre-linguagem\/","name":"Bibliotecas municipais de SP recebem exposi\u00e7\u00e3o sobre linguagem - Jornal Fatos e Not\u00edcias","isPartOf":{"@id":"https:\/\/jornalfatosenoticias.com.br\/#website"},"primaryImageOfPage":{"@id":"https:\/\/jornalfatosenoticias.com.br\/index.php\/2022\/08\/15\/bibliotecas-municipais-de-sp-recebem-exposicao-sobre-linguagem\/#primaryimage"},"image":{"@id":"https:\/\/jornalfatosenoticias.com.br\/index.php\/2022\/08\/15\/bibliotecas-municipais-de-sp-recebem-exposicao-sobre-linguagem\/#primaryimage"},"thumbnailUrl":"https:\/\/jornalfatosenoticias.com.br\/wp-content\/uploads\/2022\/08\/Bibliotecas-municipais-de-SP-recebem-exposicao-sobre-linguagem.jpg","datePublished":"2022-08-15T17:37:10+00:00","dateModified":"2022-08-15T17:37:13+00:00","breadcrumb":{"@id":"https:\/\/jornalfatosenoticias.com.br\/index.php\/2022\/08\/15\/bibliotecas-municipais-de-sp-recebem-exposicao-sobre-linguagem\/#breadcrumb"},"inLanguage":"pt-BR","potentialAction":[{"@type":"ReadAction","target":["https:\/\/jornalfatosenoticias.com.br\/index.php\/2022\/08\/15\/bibliotecas-municipais-de-sp-recebem-exposicao-sobre-linguagem\/"]}]},{"@type":"ImageObject","inLanguage":"pt-BR","@id":"https:\/\/jornalfatosenoticias.com.br\/index.php\/2022\/08\/15\/bibliotecas-municipais-de-sp-recebem-exposicao-sobre-linguagem\/#primaryimage","url":"https:\/\/jornalfatosenoticias.com.br\/wp-content\/uploads\/2022\/08\/Bibliotecas-municipais-de-SP-recebem-exposicao-sobre-linguagem.jpg","contentUrl":"https:\/\/jornalfatosenoticias.com.br\/wp-content\/uploads\/2022\/08\/Bibliotecas-municipais-de-SP-recebem-exposicao-sobre-linguagem.jpg","width":1000,"height":664},{"@type":"BreadcrumbList","@id":"https:\/\/jornalfatosenoticias.com.br\/index.php\/2022\/08\/15\/bibliotecas-municipais-de-sp-recebem-exposicao-sobre-linguagem\/#breadcrumb","itemListElement":[{"@type":"ListItem","position":1,"name":"In\u00edcio","item":"https:\/\/jornalfatosenoticias.com.br\/"},{"@type":"ListItem","position":2,"name":"Bibliotecas municipais de SP recebem exposi\u00e7\u00e3o sobre linguagem"}]},{"@type":"WebSite","@id":"https:\/\/jornalfatosenoticias.com.br\/#website","url":"https:\/\/jornalfatosenoticias.com.br\/","name":"Jornal Fatos e Not\u00edcias","description":"Not\u00edcias em geral","publisher":{"@id":"https:\/\/jornalfatosenoticias.com.br\/#organization"},"potentialAction":[{"@type":"SearchAction","target":{"@type":"EntryPoint","urlTemplate":"https:\/\/jornalfatosenoticias.com.br\/?s={search_term_string}"},"query-input":{"@type":"PropertyValueSpecification","valueRequired":true,"valueName":"search_term_string"}}],"inLanguage":"pt-BR"},{"@type":"Organization","@id":"https:\/\/jornalfatosenoticias.com.br\/#organization","name":"Jornal Fatos e Not\u00edcias","url":"https:\/\/jornalfatosenoticias.com.br\/","logo":{"@type":"ImageObject","inLanguage":"pt-BR","@id":"https:\/\/jornalfatosenoticias.com.br\/#\/schema\/logo\/image\/","url":"https:\/\/jornalfatosenoticias.com.br\/wp-content\/uploads\/2020\/02\/logo120.png","contentUrl":"https:\/\/jornalfatosenoticias.com.br\/wp-content\/uploads\/2020\/02\/logo120.png","width":1227,"height":120,"caption":"Jornal Fatos e Not\u00edcias"},"image":{"@id":"https:\/\/jornalfatosenoticias.com.br\/#\/schema\/logo\/image\/"}},{"@type":"Person","@id":"https:\/\/jornalfatosenoticias.com.br\/#\/schema\/person\/d63837fa13ac8666eb9e74e0985d6f81","name":"Luzimara Fernandes","image":{"@type":"ImageObject","inLanguage":"pt-BR","@id":"https:\/\/jornalfatosenoticias.com.br\/#\/schema\/person\/image\/","url":"https:\/\/jornalfatosenoticias.com.br\/wp-content\/uploads\/2025\/05\/EU_portal.jpg","contentUrl":"https:\/\/jornalfatosenoticias.com.br\/wp-content\/uploads\/2025\/05\/EU_portal.jpg","caption":"Luzimara Fernandes"},"description":"Jornalista MTB 2358-ES","sameAs":["https:\/\/jornalfatosenoticias.com.br"],"url":"https:\/\/jornalfatosenoticias.com.br\/index.php\/author\/luzimara\/"}]}},"cc_featured_image_caption":{"caption_text":"(Foto: Paulo A. Zezinho\/PMJ) ","source_text":"","source_url":""},"jetpack_featured_media_url":"https:\/\/jornalfatosenoticias.com.br\/wp-content\/uploads\/2022\/08\/Bibliotecas-municipais-de-SP-recebem-exposicao-sobre-linguagem.jpg","_links":{"self":[{"href":"https:\/\/jornalfatosenoticias.com.br\/index.php\/wp-json\/wp\/v2\/posts\/33192","targetHints":{"allow":["GET"]}}],"collection":[{"href":"https:\/\/jornalfatosenoticias.com.br\/index.php\/wp-json\/wp\/v2\/posts"}],"about":[{"href":"https:\/\/jornalfatosenoticias.com.br\/index.php\/wp-json\/wp\/v2\/types\/post"}],"author":[{"embeddable":true,"href":"https:\/\/jornalfatosenoticias.com.br\/index.php\/wp-json\/wp\/v2\/users\/2"}],"replies":[{"embeddable":true,"href":"https:\/\/jornalfatosenoticias.com.br\/index.php\/wp-json\/wp\/v2\/comments?post=33192"}],"version-history":[{"count":0,"href":"https:\/\/jornalfatosenoticias.com.br\/index.php\/wp-json\/wp\/v2\/posts\/33192\/revisions"}],"wp:featuredmedia":[{"embeddable":true,"href":"https:\/\/jornalfatosenoticias.com.br\/index.php\/wp-json\/wp\/v2\/media\/33193"}],"wp:attachment":[{"href":"https:\/\/jornalfatosenoticias.com.br\/index.php\/wp-json\/wp\/v2\/media?parent=33192"}],"wp:term":[{"taxonomy":"category","embeddable":true,"href":"https:\/\/jornalfatosenoticias.com.br\/index.php\/wp-json\/wp\/v2\/categories?post=33192"},{"taxonomy":"post_tag","embeddable":true,"href":"https:\/\/jornalfatosenoticias.com.br\/index.php\/wp-json\/wp\/v2\/tags?post=33192"}],"curies":[{"name":"wp","href":"https:\/\/api.w.org\/{rel}","templated":true}]}}