{"id":3322,"date":"2020-04-17T12:41:04","date_gmt":"2020-04-17T15:41:04","guid":{"rendered":"https:\/\/jornalfatosenoticias.com.br\/?p=3322"},"modified":"2020-04-17T12:41:10","modified_gmt":"2020-04-17T15:41:10","slug":"ao-menos-300-mil-pessoas-podem-morrer-de-covid-19-na-africa","status":"publish","type":"post","link":"https:\/\/jornalfatosenoticias.com.br\/index.php\/2020\/04\/17\/ao-menos-300-mil-pessoas-podem-morrer-de-covid-19-na-africa\/","title":{"rendered":"Ao menos 300 mil pessoas podem morrer de Covid-19 na \u00c1frica"},"content":{"rendered":"\n<h6 class=\"wp-block-heading\"><em>Dados s\u00e3o estimados pela Uneca<\/em><\/h6>\n\n\n\n<p>A pandemia de Covid-19 pode levar \u00e0 morte de ao menos 300 mil pessoas na \u00c1frica e arrisca deixar 29 milh\u00f5es na extrema pobreza, informou a Comiss\u00e3o da Organiza\u00e7\u00e3o das Na\u00e7\u00f5es Unidas para a \u00c1frica (Uneca) nesta sexta-feira (17), pedindo 100 bilh\u00f5es de d\u00f3lares para uma rede de seguran\u00e7a destinada ao continente.<br>Os 54 pa\u00edses da \u00c1frica registraram menos de 20 mil casos do novo coronav\u00edrus at\u00e9 ent\u00e3o, apenas uma parcela dos mais de dois milh\u00f5es de casos confirmados a n\u00edvel global. No entanto, a Organiza\u00e7\u00e3o Mundial de Sa\u00fade (OMS) alertou na quinta-feira (16) que o continente africano pode chegar a 10 milh\u00f5es de casos entre os pr\u00f3ximos tr\u00eas a seis meses.<br>&#8220;Para proteger e rumar em dire\u00e7\u00e3o \u00e0 nossa prosperidade compartilhada, s\u00e3o necess\u00e1rios pelo menos 100 bilh\u00f5es de d\u00f3lares para obter imediatamente uma resposta da rede de sa\u00fade e seguran\u00e7a social&#8221;, afirmou o relat\u00f3rio da Uneca.<br>A Uneca tamb\u00e9m apoia um pedido dos ministros das Finan\u00e7as do continente para 100 bilh\u00f5es de d\u00f3lares adicionais em est\u00edmulo, o que poderia incluir uma suspens\u00e3o da d\u00edvida externa.<br>A ag\u00eancia projetou quatro cen\u00e1rios baseados no n\u00edvel de medidas preventivas implementadas pelos governos de cada pa\u00eds africano.<br>Em caso de interven\u00e7\u00e3o nula, o estudo calculou que mais de 1,2 bilh\u00e3o de pessoas seriam afetadas e 3,3 milh\u00f5es morreriam neste ano. A popula\u00e7\u00e3o total da \u00c1frica \u00e9 estimada em 1,3 bilh\u00e3o.<br>A maioria do continente, entretanto, j\u00e1 determinou medidas de distanciamento social, que variam de toques de recolher e restri\u00e7\u00f5es de viagem em alguns pa\u00edses a bloqueios completos em outros.<br>Ainda assim, no melhor cen\u00e1rio, no qual os governos intensificam essas medidas, a \u00c1frica seria atingida por 122,8 milh\u00f5es de casos da infec\u00e7\u00e3o, 2,3 milh\u00f5es de interna\u00e7\u00f5es e 300 mil mortes, previu o estudo.<br>Combater a doen\u00e7a ser\u00e1 complicado, uma vez que 36% dos africanos n\u00e3o t\u00eam acesso a saneamento b\u00e1sico, e o continente conta com apenas 1,8 leito a cada mil pessoas. A Fran\u00e7a, em compara\u00e7\u00e3o, tem 5,98 leitos a cada mil pessoas.<br>A \u00c1frica apresenta uma elevada parcela demogr\u00e1fica de jovens \u2014 cerca de 60% da popula\u00e7\u00e3o est\u00e1 abaixo de 25 anos \u2014 o que deve ajudar a amenizar a doen\u00e7a. Por outro lado, 56% da popula\u00e7\u00e3o urbana est\u00e1 concentrada em favelas superlotadas e muitas pessoas tamb\u00e9m s\u00e3o vulner\u00e1veis devido \u00e0 aids, \u00e0 tuberculose e \u00e0 desnutri\u00e7\u00e3o.<br>O continente importa 94% de seus produtos farmac\u00eauticos, indicou o relat\u00f3rio, pontuando que pelo menos 71 pa\u00edses proibiram ou limitaram as exporta\u00e7\u00f5es de certos suprimentos considerados essenciais para combater a infec\u00e7\u00e3o.<\/p>\n\n\n\n<blockquote class=\"wp-block-quote is-layout-flow wp-block-quote-is-layout-flow\"><p>A \u00c1frica apresenta uma elevada parcela demogr\u00e1fica de jovens \u2014 cerca de 60% da popula\u00e7\u00e3o est\u00e1 abaixo de 25 anos \u2014 o que deve ajudar a amenizar a doen\u00e7a<\/p><\/blockquote>\n\n\n\n<p><br>&#8220;No melhor cen\u00e1rio, 44 bilh\u00f5es de d\u00f3lares seriam necess\u00e1rios para testes, equipamentos de prote\u00e7\u00e3o individual e para tratar todos aqueles que necessitam de hospitaliza\u00e7\u00e3o&#8221;, afirmou.<br>No entanto, a \u00c1frica n\u00e3o tem essa quantia, j\u00e1 que a crise tamb\u00e9m pode encolher a economia do continente em at\u00e9 2,6%.<br>&#8220;Estimamos que entre cinco milh\u00f5es e 29 milh\u00f5es de pessoas ser\u00e3o empurradas abaixo da linha de extrema pobreza, com 1,90 d\u00f3lar por dia, devido ao impacto da Covid-19&#8221;, afirmou o relat\u00f3rio.<\/p>\n\n\n\n<p><strong><em>Fonte: <a href=\"https:\/\/agenciabrasil.ebc.com.br\/internacional\/noticia\/2020-04\/ao-menos-300-mil-pessoas-podem-morrer-de-covid-19-na-africa\">Ag\u00eancia Brasil<\/a><\/em><\/strong><\/p>\n","protected":false},"excerpt":{"rendered":"<p>Dados s\u00e3o estimados pela Uneca A pandemia de Covid-19 pode levar \u00e0 morte de ao menos 300 mil pessoas na \u00c1frica e arrisca deixar 29 milh\u00f5es na extrema pobreza, informou a Comiss\u00e3o da Organiza\u00e7\u00e3o das Na\u00e7\u00f5es Unidas para a \u00c1frica (Uneca) nesta sexta-feira (17), pedindo 100 bilh\u00f5es de d\u00f3lares para uma rede de seguran\u00e7a destinada [&hellip;]<\/p>\n","protected":false},"author":2,"featured_media":3323,"comment_status":"open","ping_status":"open","sticky":false,"template":"","format":"standard","meta":{"footnotes":""},"categories":[41],"tags":[182,1811,1540,1810],"class_list":["post-3322","post","type-post","status-publish","format-standard","has-post-thumbnail","hentry","category-internacional","tag-africa","tag-extrema-pobreza","tag-pandemia-coronavirus","tag-uneca"],"yoast_head":"<!-- This site is optimized with the Yoast SEO plugin v26.5 - https:\/\/yoast.com\/wordpress\/plugins\/seo\/ -->\n<title>Ao menos 300 mil pessoas podem morrer de Covid-19 na \u00c1frica - Jornal Fatos e Not\u00edcias<\/title>\n<meta name=\"robots\" content=\"index, follow, max-snippet:-1, max-image-preview:large, max-video-preview:-1\" \/>\n<link rel=\"canonical\" href=\"https:\/\/jornalfatosenoticias.com.br\/index.php\/2020\/04\/17\/ao-menos-300-mil-pessoas-podem-morrer-de-covid-19-na-africa\/\" \/>\n<meta property=\"og:locale\" content=\"pt_BR\" \/>\n<meta property=\"og:type\" content=\"article\" \/>\n<meta property=\"og:title\" content=\"Ao menos 300 mil pessoas podem morrer de Covid-19 na \u00c1frica - Jornal Fatos e Not\u00edcias\" \/>\n<meta property=\"og:description\" content=\"Dados s\u00e3o estimados pela Uneca A pandemia de Covid-19 pode levar \u00e0 morte de ao menos 300 mil pessoas na \u00c1frica e arrisca deixar 29 milh\u00f5es na extrema pobreza, informou a Comiss\u00e3o da Organiza\u00e7\u00e3o das Na\u00e7\u00f5es Unidas para a \u00c1frica (Uneca) nesta sexta-feira (17), pedindo 100 bilh\u00f5es de d\u00f3lares para uma rede de seguran\u00e7a destinada [&hellip;]\" \/>\n<meta property=\"og:url\" content=\"https:\/\/jornalfatosenoticias.com.br\/index.php\/2020\/04\/17\/ao-menos-300-mil-pessoas-podem-morrer-de-covid-19-na-africa\/\" \/>\n<meta property=\"og:site_name\" content=\"Jornal Fatos e Not\u00edcias\" \/>\n<meta property=\"article:published_time\" content=\"2020-04-17T15:41:04+00:00\" \/>\n<meta property=\"article:modified_time\" content=\"2020-04-17T15:41:10+00:00\" \/>\n<meta property=\"og:image\" content=\"https:\/\/jornalfatosenoticias.com.br\/wp-content\/uploads\/2020\/04\/coronavirus_Africa.jpg\" \/>\n\t<meta property=\"og:image:width\" content=\"1000\" \/>\n\t<meta property=\"og:image:height\" content=\"598\" \/>\n\t<meta property=\"og:image:type\" content=\"image\/jpeg\" \/>\n<meta name=\"author\" content=\"Luzimara Fernandes\" \/>\n<meta name=\"twitter:card\" content=\"summary_large_image\" \/>\n<meta name=\"twitter:label1\" content=\"Escrito por\" \/>\n\t<meta name=\"twitter:data1\" content=\"Luzimara Fernandes\" \/>\n\t<meta name=\"twitter:label2\" content=\"Est. tempo de leitura\" \/>\n\t<meta name=\"twitter:data2\" content=\"3 minutos\" \/>\n<script type=\"application\/ld+json\" class=\"yoast-schema-graph\">{\"@context\":\"https:\/\/schema.org\",\"@graph\":[{\"@type\":\"Article\",\"@id\":\"https:\/\/jornalfatosenoticias.com.br\/index.php\/2020\/04\/17\/ao-menos-300-mil-pessoas-podem-morrer-de-covid-19-na-africa\/#article\",\"isPartOf\":{\"@id\":\"https:\/\/jornalfatosenoticias.com.br\/index.php\/2020\/04\/17\/ao-menos-300-mil-pessoas-podem-morrer-de-covid-19-na-africa\/\"},\"author\":{\"name\":\"Luzimara Fernandes\",\"@id\":\"https:\/\/jornalfatosenoticias.com.br\/#\/schema\/person\/d63837fa13ac8666eb9e74e0985d6f81\"},\"headline\":\"Ao menos 300 mil pessoas podem morrer de Covid-19 na \u00c1frica\",\"datePublished\":\"2020-04-17T15:41:04+00:00\",\"dateModified\":\"2020-04-17T15:41:10+00:00\",\"mainEntityOfPage\":{\"@id\":\"https:\/\/jornalfatosenoticias.com.br\/index.php\/2020\/04\/17\/ao-menos-300-mil-pessoas-podem-morrer-de-covid-19-na-africa\/\"},\"wordCount\":586,\"commentCount\":0,\"publisher\":{\"@id\":\"https:\/\/jornalfatosenoticias.com.br\/#organization\"},\"image\":{\"@id\":\"https:\/\/jornalfatosenoticias.com.br\/index.php\/2020\/04\/17\/ao-menos-300-mil-pessoas-podem-morrer-de-covid-19-na-africa\/#primaryimage\"},\"thumbnailUrl\":\"https:\/\/jornalfatosenoticias.com.br\/wp-content\/uploads\/2020\/04\/coronavirus_Africa.jpg\",\"keywords\":[\"\u00e1frica\",\"extrema pobreza\",\"pandemia coronav\u00edrus\",\"Uneca\"],\"articleSection\":[\"Internacional\"],\"inLanguage\":\"pt-BR\",\"potentialAction\":[{\"@type\":\"CommentAction\",\"name\":\"Comment\",\"target\":[\"https:\/\/jornalfatosenoticias.com.br\/index.php\/2020\/04\/17\/ao-menos-300-mil-pessoas-podem-morrer-de-covid-19-na-africa\/#respond\"]}]},{\"@type\":\"WebPage\",\"@id\":\"https:\/\/jornalfatosenoticias.com.br\/index.php\/2020\/04\/17\/ao-menos-300-mil-pessoas-podem-morrer-de-covid-19-na-africa\/\",\"url\":\"https:\/\/jornalfatosenoticias.com.br\/index.php\/2020\/04\/17\/ao-menos-300-mil-pessoas-podem-morrer-de-covid-19-na-africa\/\",\"name\":\"Ao menos 300 mil pessoas podem morrer de Covid-19 na \u00c1frica - Jornal Fatos e Not\u00edcias\",\"isPartOf\":{\"@id\":\"https:\/\/jornalfatosenoticias.com.br\/#website\"},\"primaryImageOfPage\":{\"@id\":\"https:\/\/jornalfatosenoticias.com.br\/index.php\/2020\/04\/17\/ao-menos-300-mil-pessoas-podem-morrer-de-covid-19-na-africa\/#primaryimage\"},\"image\":{\"@id\":\"https:\/\/jornalfatosenoticias.com.br\/index.php\/2020\/04\/17\/ao-menos-300-mil-pessoas-podem-morrer-de-covid-19-na-africa\/#primaryimage\"},\"thumbnailUrl\":\"https:\/\/jornalfatosenoticias.com.br\/wp-content\/uploads\/2020\/04\/coronavirus_Africa.jpg\",\"datePublished\":\"2020-04-17T15:41:04+00:00\",\"dateModified\":\"2020-04-17T15:41:10+00:00\",\"breadcrumb\":{\"@id\":\"https:\/\/jornalfatosenoticias.com.br\/index.php\/2020\/04\/17\/ao-menos-300-mil-pessoas-podem-morrer-de-covid-19-na-africa\/#breadcrumb\"},\"inLanguage\":\"pt-BR\",\"potentialAction\":[{\"@type\":\"ReadAction\",\"target\":[\"https:\/\/jornalfatosenoticias.com.br\/index.php\/2020\/04\/17\/ao-menos-300-mil-pessoas-podem-morrer-de-covid-19-na-africa\/\"]}]},{\"@type\":\"ImageObject\",\"inLanguage\":\"pt-BR\",\"@id\":\"https:\/\/jornalfatosenoticias.com.br\/index.php\/2020\/04\/17\/ao-menos-300-mil-pessoas-podem-morrer-de-covid-19-na-africa\/#primaryimage\",\"url\":\"https:\/\/jornalfatosenoticias.com.br\/wp-content\/uploads\/2020\/04\/coronavirus_Africa.jpg\",\"contentUrl\":\"https:\/\/jornalfatosenoticias.com.br\/wp-content\/uploads\/2020\/04\/coronavirus_Africa.jpg\",\"width\":1000,\"height\":598,\"caption\":\"Um trabalhador de laborat\u00f3rio \u00e9 visto no Departamento de Diagn\u00f3stico Laboratorial, que realiza testes de diagn\u00f3stico de coronav\u00edrus no Centro Wielkopolska de Pneumologia e Cirurgia Tor\u00e1cica em Poznan, Pol\u00f4nia em 3 de mar\u00e7o de 2020. Foto tirada em 3 de mar\u00e7o de 2020.\"},{\"@type\":\"BreadcrumbList\",\"@id\":\"https:\/\/jornalfatosenoticias.com.br\/index.php\/2020\/04\/17\/ao-menos-300-mil-pessoas-podem-morrer-de-covid-19-na-africa\/#breadcrumb\",\"itemListElement\":[{\"@type\":\"ListItem\",\"position\":1,\"name\":\"In\u00edcio\",\"item\":\"https:\/\/jornalfatosenoticias.com.br\/\"},{\"@type\":\"ListItem\",\"position\":2,\"name\":\"Ao menos 300 mil pessoas podem morrer de Covid-19 na \u00c1frica\"}]},{\"@type\":\"WebSite\",\"@id\":\"https:\/\/jornalfatosenoticias.com.br\/#website\",\"url\":\"https:\/\/jornalfatosenoticias.com.br\/\",\"name\":\"Jornal Fatos e Not\u00edcias\",\"description\":\"Not\u00edcias em geral\",\"publisher\":{\"@id\":\"https:\/\/jornalfatosenoticias.com.br\/#organization\"},\"potentialAction\":[{\"@type\":\"SearchAction\",\"target\":{\"@type\":\"EntryPoint\",\"urlTemplate\":\"https:\/\/jornalfatosenoticias.com.br\/?s={search_term_string}\"},\"query-input\":{\"@type\":\"PropertyValueSpecification\",\"valueRequired\":true,\"valueName\":\"search_term_string\"}}],\"inLanguage\":\"pt-BR\"},{\"@type\":\"Organization\",\"@id\":\"https:\/\/jornalfatosenoticias.com.br\/#organization\",\"name\":\"Jornal Fatos e Not\u00edcias\",\"url\":\"https:\/\/jornalfatosenoticias.com.br\/\",\"logo\":{\"@type\":\"ImageObject\",\"inLanguage\":\"pt-BR\",\"@id\":\"https:\/\/jornalfatosenoticias.com.br\/#\/schema\/logo\/image\/\",\"url\":\"https:\/\/jornalfatosenoticias.com.br\/wp-content\/uploads\/2020\/02\/logo120.png\",\"contentUrl\":\"https:\/\/jornalfatosenoticias.com.br\/wp-content\/uploads\/2020\/02\/logo120.png\",\"width\":1227,\"height\":120,\"caption\":\"Jornal Fatos e Not\u00edcias\"},\"image\":{\"@id\":\"https:\/\/jornalfatosenoticias.com.br\/#\/schema\/logo\/image\/\"}},{\"@type\":\"Person\",\"@id\":\"https:\/\/jornalfatosenoticias.com.br\/#\/schema\/person\/d63837fa13ac8666eb9e74e0985d6f81\",\"name\":\"Luzimara Fernandes\",\"image\":{\"@type\":\"ImageObject\",\"inLanguage\":\"pt-BR\",\"@id\":\"https:\/\/jornalfatosenoticias.com.br\/#\/schema\/person\/image\/\",\"url\":\"https:\/\/jornalfatosenoticias.com.br\/wp-content\/uploads\/2025\/05\/EU_portal.jpg\",\"contentUrl\":\"https:\/\/jornalfatosenoticias.com.br\/wp-content\/uploads\/2025\/05\/EU_portal.jpg\",\"caption\":\"Luzimara Fernandes\"},\"description\":\"Jornalista MTB 2358-ES\",\"sameAs\":[\"https:\/\/jornalfatosenoticias.com.br\"],\"url\":\"https:\/\/jornalfatosenoticias.com.br\/index.php\/author\/luzimara\/\"}]}<\/script>\n<!-- \/ Yoast SEO plugin. -->","yoast_head_json":{"title":"Ao menos 300 mil pessoas podem morrer de Covid-19 na \u00c1frica - Jornal Fatos e Not\u00edcias","robots":{"index":"index","follow":"follow","max-snippet":"max-snippet:-1","max-image-preview":"max-image-preview:large","max-video-preview":"max-video-preview:-1"},"canonical":"https:\/\/jornalfatosenoticias.com.br\/index.php\/2020\/04\/17\/ao-menos-300-mil-pessoas-podem-morrer-de-covid-19-na-africa\/","og_locale":"pt_BR","og_type":"article","og_title":"Ao menos 300 mil pessoas podem morrer de Covid-19 na \u00c1frica - Jornal Fatos e Not\u00edcias","og_description":"Dados s\u00e3o estimados pela Uneca A pandemia de Covid-19 pode levar \u00e0 morte de ao menos 300 mil pessoas na \u00c1frica e arrisca deixar 29 milh\u00f5es na extrema pobreza, informou a Comiss\u00e3o da Organiza\u00e7\u00e3o das Na\u00e7\u00f5es Unidas para a \u00c1frica (Uneca) nesta sexta-feira (17), pedindo 100 bilh\u00f5es de d\u00f3lares para uma rede de seguran\u00e7a destinada [&hellip;]","og_url":"https:\/\/jornalfatosenoticias.com.br\/index.php\/2020\/04\/17\/ao-menos-300-mil-pessoas-podem-morrer-de-covid-19-na-africa\/","og_site_name":"Jornal Fatos e Not\u00edcias","article_published_time":"2020-04-17T15:41:04+00:00","article_modified_time":"2020-04-17T15:41:10+00:00","og_image":[{"width":1000,"height":598,"url":"https:\/\/jornalfatosenoticias.com.br\/wp-content\/uploads\/2020\/04\/coronavirus_Africa.jpg","type":"image\/jpeg"}],"author":"Luzimara Fernandes","twitter_card":"summary_large_image","twitter_misc":{"Escrito por":"Luzimara Fernandes","Est. tempo de leitura":"3 minutos"},"schema":{"@context":"https:\/\/schema.org","@graph":[{"@type":"Article","@id":"https:\/\/jornalfatosenoticias.com.br\/index.php\/2020\/04\/17\/ao-menos-300-mil-pessoas-podem-morrer-de-covid-19-na-africa\/#article","isPartOf":{"@id":"https:\/\/jornalfatosenoticias.com.br\/index.php\/2020\/04\/17\/ao-menos-300-mil-pessoas-podem-morrer-de-covid-19-na-africa\/"},"author":{"name":"Luzimara Fernandes","@id":"https:\/\/jornalfatosenoticias.com.br\/#\/schema\/person\/d63837fa13ac8666eb9e74e0985d6f81"},"headline":"Ao menos 300 mil pessoas podem morrer de Covid-19 na \u00c1frica","datePublished":"2020-04-17T15:41:04+00:00","dateModified":"2020-04-17T15:41:10+00:00","mainEntityOfPage":{"@id":"https:\/\/jornalfatosenoticias.com.br\/index.php\/2020\/04\/17\/ao-menos-300-mil-pessoas-podem-morrer-de-covid-19-na-africa\/"},"wordCount":586,"commentCount":0,"publisher":{"@id":"https:\/\/jornalfatosenoticias.com.br\/#organization"},"image":{"@id":"https:\/\/jornalfatosenoticias.com.br\/index.php\/2020\/04\/17\/ao-menos-300-mil-pessoas-podem-morrer-de-covid-19-na-africa\/#primaryimage"},"thumbnailUrl":"https:\/\/jornalfatosenoticias.com.br\/wp-content\/uploads\/2020\/04\/coronavirus_Africa.jpg","keywords":["\u00e1frica","extrema pobreza","pandemia coronav\u00edrus","Uneca"],"articleSection":["Internacional"],"inLanguage":"pt-BR","potentialAction":[{"@type":"CommentAction","name":"Comment","target":["https:\/\/jornalfatosenoticias.com.br\/index.php\/2020\/04\/17\/ao-menos-300-mil-pessoas-podem-morrer-de-covid-19-na-africa\/#respond"]}]},{"@type":"WebPage","@id":"https:\/\/jornalfatosenoticias.com.br\/index.php\/2020\/04\/17\/ao-menos-300-mil-pessoas-podem-morrer-de-covid-19-na-africa\/","url":"https:\/\/jornalfatosenoticias.com.br\/index.php\/2020\/04\/17\/ao-menos-300-mil-pessoas-podem-morrer-de-covid-19-na-africa\/","name":"Ao menos 300 mil pessoas podem morrer de Covid-19 na \u00c1frica - Jornal Fatos e Not\u00edcias","isPartOf":{"@id":"https:\/\/jornalfatosenoticias.com.br\/#website"},"primaryImageOfPage":{"@id":"https:\/\/jornalfatosenoticias.com.br\/index.php\/2020\/04\/17\/ao-menos-300-mil-pessoas-podem-morrer-de-covid-19-na-africa\/#primaryimage"},"image":{"@id":"https:\/\/jornalfatosenoticias.com.br\/index.php\/2020\/04\/17\/ao-menos-300-mil-pessoas-podem-morrer-de-covid-19-na-africa\/#primaryimage"},"thumbnailUrl":"https:\/\/jornalfatosenoticias.com.br\/wp-content\/uploads\/2020\/04\/coronavirus_Africa.jpg","datePublished":"2020-04-17T15:41:04+00:00","dateModified":"2020-04-17T15:41:10+00:00","breadcrumb":{"@id":"https:\/\/jornalfatosenoticias.com.br\/index.php\/2020\/04\/17\/ao-menos-300-mil-pessoas-podem-morrer-de-covid-19-na-africa\/#breadcrumb"},"inLanguage":"pt-BR","potentialAction":[{"@type":"ReadAction","target":["https:\/\/jornalfatosenoticias.com.br\/index.php\/2020\/04\/17\/ao-menos-300-mil-pessoas-podem-morrer-de-covid-19-na-africa\/"]}]},{"@type":"ImageObject","inLanguage":"pt-BR","@id":"https:\/\/jornalfatosenoticias.com.br\/index.php\/2020\/04\/17\/ao-menos-300-mil-pessoas-podem-morrer-de-covid-19-na-africa\/#primaryimage","url":"https:\/\/jornalfatosenoticias.com.br\/wp-content\/uploads\/2020\/04\/coronavirus_Africa.jpg","contentUrl":"https:\/\/jornalfatosenoticias.com.br\/wp-content\/uploads\/2020\/04\/coronavirus_Africa.jpg","width":1000,"height":598,"caption":"Um trabalhador de laborat\u00f3rio \u00e9 visto no Departamento de Diagn\u00f3stico Laboratorial, que realiza testes de diagn\u00f3stico de coronav\u00edrus no Centro Wielkopolska de Pneumologia e Cirurgia Tor\u00e1cica em Poznan, Pol\u00f4nia em 3 de mar\u00e7o de 2020. Foto tirada em 3 de mar\u00e7o de 2020."},{"@type":"BreadcrumbList","@id":"https:\/\/jornalfatosenoticias.com.br\/index.php\/2020\/04\/17\/ao-menos-300-mil-pessoas-podem-morrer-de-covid-19-na-africa\/#breadcrumb","itemListElement":[{"@type":"ListItem","position":1,"name":"In\u00edcio","item":"https:\/\/jornalfatosenoticias.com.br\/"},{"@type":"ListItem","position":2,"name":"Ao menos 300 mil pessoas podem morrer de Covid-19 na \u00c1frica"}]},{"@type":"WebSite","@id":"https:\/\/jornalfatosenoticias.com.br\/#website","url":"https:\/\/jornalfatosenoticias.com.br\/","name":"Jornal Fatos e Not\u00edcias","description":"Not\u00edcias em geral","publisher":{"@id":"https:\/\/jornalfatosenoticias.com.br\/#organization"},"potentialAction":[{"@type":"SearchAction","target":{"@type":"EntryPoint","urlTemplate":"https:\/\/jornalfatosenoticias.com.br\/?s={search_term_string}"},"query-input":{"@type":"PropertyValueSpecification","valueRequired":true,"valueName":"search_term_string"}}],"inLanguage":"pt-BR"},{"@type":"Organization","@id":"https:\/\/jornalfatosenoticias.com.br\/#organization","name":"Jornal Fatos e Not\u00edcias","url":"https:\/\/jornalfatosenoticias.com.br\/","logo":{"@type":"ImageObject","inLanguage":"pt-BR","@id":"https:\/\/jornalfatosenoticias.com.br\/#\/schema\/logo\/image\/","url":"https:\/\/jornalfatosenoticias.com.br\/wp-content\/uploads\/2020\/02\/logo120.png","contentUrl":"https:\/\/jornalfatosenoticias.com.br\/wp-content\/uploads\/2020\/02\/logo120.png","width":1227,"height":120,"caption":"Jornal Fatos e Not\u00edcias"},"image":{"@id":"https:\/\/jornalfatosenoticias.com.br\/#\/schema\/logo\/image\/"}},{"@type":"Person","@id":"https:\/\/jornalfatosenoticias.com.br\/#\/schema\/person\/d63837fa13ac8666eb9e74e0985d6f81","name":"Luzimara Fernandes","image":{"@type":"ImageObject","inLanguage":"pt-BR","@id":"https:\/\/jornalfatosenoticias.com.br\/#\/schema\/person\/image\/","url":"https:\/\/jornalfatosenoticias.com.br\/wp-content\/uploads\/2025\/05\/EU_portal.jpg","contentUrl":"https:\/\/jornalfatosenoticias.com.br\/wp-content\/uploads\/2025\/05\/EU_portal.jpg","caption":"Luzimara Fernandes"},"description":"Jornalista MTB 2358-ES","sameAs":["https:\/\/jornalfatosenoticias.com.br"],"url":"https:\/\/jornalfatosenoticias.com.br\/index.php\/author\/luzimara\/"}]}},"cc_featured_image_caption":{"caption_text":"(Foto: Ag\u00eancia Gazeta)","source_text":"","source_url":""},"jetpack_featured_media_url":"https:\/\/jornalfatosenoticias.com.br\/wp-content\/uploads\/2020\/04\/coronavirus_Africa.jpg","_links":{"self":[{"href":"https:\/\/jornalfatosenoticias.com.br\/index.php\/wp-json\/wp\/v2\/posts\/3322","targetHints":{"allow":["GET"]}}],"collection":[{"href":"https:\/\/jornalfatosenoticias.com.br\/index.php\/wp-json\/wp\/v2\/posts"}],"about":[{"href":"https:\/\/jornalfatosenoticias.com.br\/index.php\/wp-json\/wp\/v2\/types\/post"}],"author":[{"embeddable":true,"href":"https:\/\/jornalfatosenoticias.com.br\/index.php\/wp-json\/wp\/v2\/users\/2"}],"replies":[{"embeddable":true,"href":"https:\/\/jornalfatosenoticias.com.br\/index.php\/wp-json\/wp\/v2\/comments?post=3322"}],"version-history":[{"count":0,"href":"https:\/\/jornalfatosenoticias.com.br\/index.php\/wp-json\/wp\/v2\/posts\/3322\/revisions"}],"wp:featuredmedia":[{"embeddable":true,"href":"https:\/\/jornalfatosenoticias.com.br\/index.php\/wp-json\/wp\/v2\/media\/3323"}],"wp:attachment":[{"href":"https:\/\/jornalfatosenoticias.com.br\/index.php\/wp-json\/wp\/v2\/media?parent=3322"}],"wp:term":[{"taxonomy":"category","embeddable":true,"href":"https:\/\/jornalfatosenoticias.com.br\/index.php\/wp-json\/wp\/v2\/categories?post=3322"},{"taxonomy":"post_tag","embeddable":true,"href":"https:\/\/jornalfatosenoticias.com.br\/index.php\/wp-json\/wp\/v2\/tags?post=3322"}],"curies":[{"name":"wp","href":"https:\/\/api.w.org\/{rel}","templated":true}]}}