{"id":33226,"date":"2022-08-15T18:41:39","date_gmt":"2022-08-15T21:41:39","guid":{"rendered":"https:\/\/jornalfatosenoticias.com.br\/?p=33226"},"modified":"2022-08-15T18:41:40","modified_gmt":"2022-08-15T21:41:40","slug":"diminuicao-de-calorias-reduz-producao-de-proteina-ligada-a-envelhecimento","status":"publish","type":"post","link":"https:\/\/jornalfatosenoticias.com.br\/index.php\/2022\/08\/15\/diminuicao-de-calorias-reduz-producao-de-proteina-ligada-a-envelhecimento\/","title":{"rendered":"Diminui\u00e7\u00e3o de calorias reduz produ\u00e7\u00e3o de prote\u00edna ligada a envelhecimento"},"content":{"rendered":"\n<div class=\"wp-block-image\"><figure class=\"aligncenter size-large\"><img loading=\"lazy\" decoding=\"async\" width=\"1024\" height=\"103\" src=\"https:\/\/jornalfatosenoticias.com.br\/wp-content\/uploads\/2022\/02\/Arte-Autoescola-Galatas_endereco_portal-1024x103.png\" alt=\"\" class=\"wp-image-27869\" srcset=\"https:\/\/jornalfatosenoticias.com.br\/wp-content\/uploads\/2022\/02\/Arte-Autoescola-Galatas_endereco_portal-1024x103.png 1024w, https:\/\/jornalfatosenoticias.com.br\/wp-content\/uploads\/2022\/02\/Arte-Autoescola-Galatas_endereco_portal-300x30.png 300w, https:\/\/jornalfatosenoticias.com.br\/wp-content\/uploads\/2022\/02\/Arte-Autoescola-Galatas_endereco_portal-768x77.png 768w, https:\/\/jornalfatosenoticias.com.br\/wp-content\/uploads\/2022\/02\/Arte-Autoescola-Galatas_endereco_portal.png 1223w\" sizes=\"auto, (max-width: 1024px) 100vw, 1024px\" \/><\/figure><\/div>\n\n\n\n<p>A ingest\u00e3o reduzida de calorias demonstrou melhorar a sa\u00fade e a expectativa de vida em animais de laborat\u00f3rio, e pesquisas recentes mostram que esses benef\u00edcios tamb\u00e9m podem se estender aos seres humanos.<br>Em um novo estudo, pesquisadores da Universidade Yale (EUA) mostram que a restri\u00e7\u00e3o cal\u00f3rica moderada em pessoas reduz a produ\u00e7\u00e3o de uma prote\u00edna chamada SPARC, o que controla a inflama\u00e7\u00e3o prejudicial e melhora a sa\u00fade dos idosos. Poderia ser um alvo para estender a sa\u00fade humana, conforme eles relatam em artigo <strong><a href=\"https:\/\/linkinghub.elsevier.com\/retrieve\/pii\/S1074761322003405\">publicado<\/a><\/strong>\u00a0na revista\u00a0<em>Immunity<\/em>.<\/p>\n\n\n\n<div class=\"wp-block-image\"><figure class=\"aligncenter size-large\"><img loading=\"lazy\" decoding=\"async\" width=\"1024\" height=\"100\" src=\"https:\/\/jornalfatosenoticias.com.br\/wp-content\/uploads\/2020\/02\/banner_ferramentas-1024x100.jpg\" alt=\"\" class=\"wp-image-1258\" srcset=\"https:\/\/jornalfatosenoticias.com.br\/wp-content\/uploads\/2020\/02\/banner_ferramentas-1024x100.jpg 1024w, https:\/\/jornalfatosenoticias.com.br\/wp-content\/uploads\/2020\/02\/banner_ferramentas-300x29.jpg 300w, https:\/\/jornalfatosenoticias.com.br\/wp-content\/uploads\/2020\/02\/banner_ferramentas-768x75.jpg 768w, https:\/\/jornalfatosenoticias.com.br\/wp-content\/uploads\/2020\/02\/banner_ferramentas.jpg 1227w\" sizes=\"auto, (max-width: 1024px) 100vw, 1024px\" \/><\/figure><\/div>\n\n\n\n<p>O estudo, liderado por Vishwa Deep Dixit, professor de patologia, imunobiologia e medicina comparativa e diretor do Yale Center for Research on Aging, segue um estudo publicado no in\u00edcio deste ano que identificou os principais benef\u00edcios para a sa\u00fade de uma redu\u00e7\u00e3o moderada de calorias em humanos.<\/p>\n\n\n\n<div class=\"wp-block-image\"><figure class=\"alignright size-large\"><img loading=\"lazy\" decoding=\"async\" width=\"300\" height=\"250\" src=\"https:\/\/jornalfatosenoticias.com.br\/wp-content\/uploads\/2022\/08\/arte-Casarao.jpg\" alt=\"\" class=\"wp-image-33178\"\/><\/figure><\/div>\n\n\n\n<p><strong><span class=\"has-inline-color has-vivid-red-color\">Efeito da restri\u00e7\u00e3o<br><\/span><\/strong>No novo estudo, Dixit e seus coautores analisaram ainda mais os dados de um ensaio cl\u00ednico financiado pelo National Institutes of Health. No estudo, conhecido como Avalia\u00e7\u00e3o Abrangente dos Efeitos de Longo Prazo da Redu\u00e7\u00e3o da Ingest\u00e3o de Energia (CALERIE, em ingl\u00eas), alguns participantes reduziram sua ingest\u00e3o de calorias em 14% por dois anos, enquanto outros comeram como de costume. Os pesquisadores ent\u00e3o rastrearam os efeitos na sa\u00fade no longo prazo.<\/p>\n\n\n\n<div class=\"wp-block-image\"><figure class=\"aligncenter size-large\"><img loading=\"lazy\" decoding=\"async\" width=\"1024\" height=\"99\" src=\"https:\/\/jornalfatosenoticias.com.br\/wp-content\/uploads\/2020\/02\/Logo-Mizu-segunda-2-1024x99.png\" alt=\"\" class=\"wp-image-2353\" srcset=\"https:\/\/jornalfatosenoticias.com.br\/wp-content\/uploads\/2020\/02\/Logo-Mizu-segunda-2-1024x99.png 1024w, https:\/\/jornalfatosenoticias.com.br\/wp-content\/uploads\/2020\/02\/Logo-Mizu-segunda-2-300x29.png 300w, https:\/\/jornalfatosenoticias.com.br\/wp-content\/uploads\/2020\/02\/Logo-Mizu-segunda-2-768x74.png 768w, https:\/\/jornalfatosenoticias.com.br\/wp-content\/uploads\/2020\/02\/Logo-Mizu-segunda-2.png 1240w\" sizes=\"auto, (max-width: 1024px) 100vw, 1024px\" \/><\/figure><\/div>\n\n\n\n<p>Especificamente, Dixit e seus colegas analisaram dados de testes para identificar mol\u00e9culas que s\u00e3o respons\u00e1veis \u200b\u200bpelos efeitos positivos da redu\u00e7\u00e3o de calorias e podem ser alvos de tratamento terap\u00eautico. Procurando por mudan\u00e7as gen\u00e9ticas no tecido adiposo dos participantes ap\u00f3s um e dois anos, eles descobriram que aqueles que consumiram menos calorias tinham quantidades reduzidas de uma prote\u00edna chamada SPARC \u2014 sigla em ingl\u00eas para prote\u00edna secretada ac\u00eddica e rica em ciste\u00edna \u2014 que tem sido associada a <a href=\"https:\/\/www.revistaplaneta.com.br\/obesidade-esta-ligada-a-muito-mais-doencas-do-que-se-sabia\/\"><strong>obesidade<\/strong><\/a>,\u00a0<strong><a href=\"https:\/\/www.revistaplaneta.com.br\/inteligencia-artificial-ajuda-a-prever-complicacoes-em-pe-de-diabeticos\/\">diabetes<\/a><\/strong> e inflama\u00e7\u00e3o.<\/p>\n\n\n\n<h4 class=\"wp-block-heading\"><span class=\"has-inline-color has-vivid-red-color\">Inflama\u00e7\u00e3o reduzida<\/span><\/h4>\n\n\n\n<div class=\"wp-block-image\"><figure class=\"aligncenter size-large is-resized\"><img loading=\"lazy\" decoding=\"async\" src=\"https:\/\/jornalfatosenoticias.com.br\/wp-content\/uploads\/2022\/07\/Logo-Grupo-SEI.jpg\" alt=\"\" class=\"wp-image-31973\" width=\"317\" height=\"166\" srcset=\"https:\/\/jornalfatosenoticias.com.br\/wp-content\/uploads\/2022\/07\/Logo-Grupo-SEI.jpg 713w, https:\/\/jornalfatosenoticias.com.br\/wp-content\/uploads\/2022\/07\/Logo-Grupo-SEI-300x158.jpg 300w\" sizes=\"auto, (max-width: 317px) 100vw, 317px\" \/><\/figure><\/div>\n\n\n\n<blockquote class=\"wp-block-quote is-layout-flow wp-block-quote-is-layout-flow\"><p><span class=\"has-inline-color has-luminous-vivid-orange-color\">\u201cComo a inflama\u00e7\u00e3o desempenha um papel t\u00e3o importante no decl\u00ednio relacionado \u00e0 idade, quer\u00edamos entender melhor se uma interven\u00e7\u00e3o pr\u00f3-longevidade, como a restri\u00e7\u00e3o cal\u00f3rica, funciona atrav\u00e9s da SPARC no controle da inflama\u00e7\u00e3o e das respostas imunes\u201d, disse Dixit.<\/span><\/p><\/blockquote>\n\n\n\n<div class=\"wp-block-image\"><figure class=\"alignleft size-large is-resized\"><img loading=\"lazy\" decoding=\"async\" src=\"https:\/\/jornalfatosenoticias.com.br\/wp-content\/uploads\/2022\/08\/logo-locau-veiculos-1024x573.png\" alt=\"\" class=\"wp-image-33078\" width=\"327\" height=\"182\"\/><\/figure><\/div>\n\n\n\n<p>Ent\u00e3o, para aprofundarem as contribui\u00e7\u00f5es da SPARC para a inflama\u00e7\u00e3o, eles estudaram quais efeitos a prote\u00edna teve nas c\u00e9lulas imunes do camundongo e na sa\u00fade do camundongo. Os pesquisadores descobriram que a SPARC desencadeou a inflama\u00e7\u00e3o colocando c\u00e9lulas imunes anti-inflamat\u00f3rias chamadas macr\u00f3fagos em um estado pr\u00f3-inflamat\u00f3rio. No entanto, a redu\u00e7\u00e3o da produ\u00e7\u00e3o de SPARC por c\u00e9lulas de gordura em camundongos reduziu a inflama\u00e7\u00e3o, melhorou o metabolismo e estendeu sua vida \u00fatil \u00e0 medida que envelheciam. As descobertas podem levar a preven\u00e7\u00f5es para o decl\u00ednio relacionado \u00e0 idade, disse Dixit.<\/p>\n\n\n\n<div class=\"wp-block-image\"><figure class=\"aligncenter size-large is-resized\"><img loading=\"lazy\" decoding=\"async\" src=\"https:\/\/jornalfatosenoticias.com.br\/wp-content\/uploads\/2020\/02\/SEVENTUR-TURISMO.jpg\" alt=\"\" class=\"wp-image-32994\" width=\"281\" height=\"222\"\/><\/figure><\/div>\n\n\n\n<blockquote class=\"wp-block-quote is-layout-flow wp-block-quote-is-layout-flow\"><p><span class=\"has-inline-color has-luminous-vivid-orange-color\">\u201cAgora temos uma melhor compreens\u00e3o de como a SPARC afeta a inflama\u00e7\u00e3o e a sa\u00fade, agindo nos macr\u00f3fagos\u201d, acrescentou. \u201cE pode ser um alvo \u00fatil para induzir os benef\u00edcios \u00e0 sa\u00fade da restri\u00e7\u00e3o cal\u00f3rica sem ter que alterar a ingest\u00e3o de calorias\u201d.<\/span><\/p><\/blockquote>\n\n\n\n<div class=\"wp-block-image\"><figure class=\"aligncenter size-large\"><img loading=\"lazy\" decoding=\"async\" width=\"1024\" height=\"100\" src=\"https:\/\/jornalfatosenoticias.com.br\/wp-content\/uploads\/2022\/05\/NOVA-LOGO-CESCONETTO-1024x100.jpg\" alt=\"\" class=\"wp-image-30792\" srcset=\"https:\/\/jornalfatosenoticias.com.br\/wp-content\/uploads\/2022\/05\/NOVA-LOGO-CESCONETTO-1024x100.jpg 1024w, https:\/\/jornalfatosenoticias.com.br\/wp-content\/uploads\/2022\/05\/NOVA-LOGO-CESCONETTO-300x29.jpg 300w, https:\/\/jornalfatosenoticias.com.br\/wp-content\/uploads\/2022\/05\/NOVA-LOGO-CESCONETTO-768x75.jpg 768w, https:\/\/jornalfatosenoticias.com.br\/wp-content\/uploads\/2022\/05\/NOVA-LOGO-CESCONETTO.jpg 1280w\" sizes=\"auto, (max-width: 1024px) 100vw, 1024px\" \/><\/figure><\/div>\n\n\n\n<p><em><strong>Fonte: <a href=\"https:\/\/www.revistaplaneta.com.br\/diminuicao-de-calorias-reduz-producao-de-proteina-ligada-a-envelhecimento\/\">Revista Planeta<\/a><\/strong><\/em><\/p>\n","protected":false},"excerpt":{"rendered":"<p>A ingest\u00e3o reduzida de calorias demonstrou melhorar a sa\u00fade e a expectativa de vida em animais de laborat\u00f3rio, e pesquisas recentes mostram que esses benef\u00edcios tamb\u00e9m podem se estender aos seres humanos.Em um novo estudo, pesquisadores da Universidade Yale (EUA) mostram que a restri\u00e7\u00e3o cal\u00f3rica moderada em pessoas reduz a produ\u00e7\u00e3o de uma prote\u00edna chamada [&hellip;]<\/p>\n","protected":false},"author":2,"featured_media":33227,"comment_status":"open","ping_status":"open","sticky":false,"template":"","format":"standard","meta":{"footnotes":""},"categories":[42],"tags":[134,2586,4025,10453],"class_list":["post-33226","post","type-post","status-publish","format-standard","has-post-thumbnail","hentry","category-bem-estar","tag-calorias","tag-envelhecimento","tag-expectativa-de-vida","tag-proteina"],"yoast_head":"<!-- This site is optimized with the Yoast SEO plugin v26.5 - https:\/\/yoast.com\/wordpress\/plugins\/seo\/ -->\n<title>Diminui\u00e7\u00e3o de calorias reduz produ\u00e7\u00e3o de prote\u00edna ligada a envelhecimento - Jornal Fatos e Not\u00edcias<\/title>\n<meta name=\"robots\" content=\"index, follow, max-snippet:-1, max-image-preview:large, max-video-preview:-1\" \/>\n<link rel=\"canonical\" href=\"https:\/\/jornalfatosenoticias.com.br\/index.php\/2022\/08\/15\/diminuicao-de-calorias-reduz-producao-de-proteina-ligada-a-envelhecimento\/\" \/>\n<meta property=\"og:locale\" content=\"pt_BR\" \/>\n<meta property=\"og:type\" content=\"article\" \/>\n<meta property=\"og:title\" content=\"Diminui\u00e7\u00e3o de calorias reduz produ\u00e7\u00e3o de prote\u00edna ligada a envelhecimento - Jornal Fatos e Not\u00edcias\" \/>\n<meta property=\"og:description\" content=\"A ingest\u00e3o reduzida de calorias demonstrou melhorar a sa\u00fade e a expectativa de vida em animais de laborat\u00f3rio, e pesquisas recentes mostram que esses benef\u00edcios tamb\u00e9m podem se estender aos seres humanos.Em um novo estudo, pesquisadores da Universidade Yale (EUA) mostram que a restri\u00e7\u00e3o cal\u00f3rica moderada em pessoas reduz a produ\u00e7\u00e3o de uma prote\u00edna chamada [&hellip;]\" \/>\n<meta property=\"og:url\" content=\"https:\/\/jornalfatosenoticias.com.br\/index.php\/2022\/08\/15\/diminuicao-de-calorias-reduz-producao-de-proteina-ligada-a-envelhecimento\/\" \/>\n<meta property=\"og:site_name\" content=\"Jornal Fatos e Not\u00edcias\" \/>\n<meta property=\"article:published_time\" content=\"2022-08-15T21:41:39+00:00\" \/>\n<meta property=\"article:modified_time\" content=\"2022-08-15T21:41:40+00:00\" \/>\n<meta property=\"og:image\" content=\"https:\/\/jornalfatosenoticias.com.br\/wp-content\/uploads\/2022\/08\/calorias-producao-de-proteina.jpg\" \/>\n\t<meta property=\"og:image:width\" content=\"1000\" \/>\n\t<meta property=\"og:image:height\" content=\"667\" \/>\n\t<meta property=\"og:image:type\" content=\"image\/jpeg\" \/>\n<meta name=\"author\" content=\"Luzimara Fernandes\" \/>\n<meta name=\"twitter:card\" content=\"summary_large_image\" \/>\n<meta name=\"twitter:label1\" content=\"Escrito por\" \/>\n\t<meta name=\"twitter:data1\" content=\"Luzimara Fernandes\" \/>\n\t<meta name=\"twitter:label2\" content=\"Est. tempo de leitura\" \/>\n\t<meta name=\"twitter:data2\" content=\"3 minutos\" \/>\n<script type=\"application\/ld+json\" class=\"yoast-schema-graph\">{\"@context\":\"https:\/\/schema.org\",\"@graph\":[{\"@type\":\"Article\",\"@id\":\"https:\/\/jornalfatosenoticias.com.br\/index.php\/2022\/08\/15\/diminuicao-de-calorias-reduz-producao-de-proteina-ligada-a-envelhecimento\/#article\",\"isPartOf\":{\"@id\":\"https:\/\/jornalfatosenoticias.com.br\/index.php\/2022\/08\/15\/diminuicao-de-calorias-reduz-producao-de-proteina-ligada-a-envelhecimento\/\"},\"author\":{\"name\":\"Luzimara Fernandes\",\"@id\":\"https:\/\/jornalfatosenoticias.com.br\/#\/schema\/person\/d63837fa13ac8666eb9e74e0985d6f81\"},\"headline\":\"Diminui\u00e7\u00e3o de calorias reduz produ\u00e7\u00e3o de prote\u00edna ligada a envelhecimento\",\"datePublished\":\"2022-08-15T21:41:39+00:00\",\"dateModified\":\"2022-08-15T21:41:40+00:00\",\"mainEntityOfPage\":{\"@id\":\"https:\/\/jornalfatosenoticias.com.br\/index.php\/2022\/08\/15\/diminuicao-de-calorias-reduz-producao-de-proteina-ligada-a-envelhecimento\/\"},\"wordCount\":546,\"commentCount\":0,\"publisher\":{\"@id\":\"https:\/\/jornalfatosenoticias.com.br\/#organization\"},\"image\":{\"@id\":\"https:\/\/jornalfatosenoticias.com.br\/index.php\/2022\/08\/15\/diminuicao-de-calorias-reduz-producao-de-proteina-ligada-a-envelhecimento\/#primaryimage\"},\"thumbnailUrl\":\"https:\/\/jornalfatosenoticias.com.br\/wp-content\/uploads\/2022\/08\/calorias-producao-de-proteina.jpg\",\"keywords\":[\"calorias\",\"envelhecimento\",\"expectativa de vida\",\"prote\u00edna\"],\"articleSection\":[\"Bem-estar\"],\"inLanguage\":\"pt-BR\",\"potentialAction\":[{\"@type\":\"CommentAction\",\"name\":\"Comment\",\"target\":[\"https:\/\/jornalfatosenoticias.com.br\/index.php\/2022\/08\/15\/diminuicao-de-calorias-reduz-producao-de-proteina-ligada-a-envelhecimento\/#respond\"]}]},{\"@type\":\"WebPage\",\"@id\":\"https:\/\/jornalfatosenoticias.com.br\/index.php\/2022\/08\/15\/diminuicao-de-calorias-reduz-producao-de-proteina-ligada-a-envelhecimento\/\",\"url\":\"https:\/\/jornalfatosenoticias.com.br\/index.php\/2022\/08\/15\/diminuicao-de-calorias-reduz-producao-de-proteina-ligada-a-envelhecimento\/\",\"name\":\"Diminui\u00e7\u00e3o de calorias reduz produ\u00e7\u00e3o de prote\u00edna ligada a envelhecimento - Jornal Fatos e Not\u00edcias\",\"isPartOf\":{\"@id\":\"https:\/\/jornalfatosenoticias.com.br\/#website\"},\"primaryImageOfPage\":{\"@id\":\"https:\/\/jornalfatosenoticias.com.br\/index.php\/2022\/08\/15\/diminuicao-de-calorias-reduz-producao-de-proteina-ligada-a-envelhecimento\/#primaryimage\"},\"image\":{\"@id\":\"https:\/\/jornalfatosenoticias.com.br\/index.php\/2022\/08\/15\/diminuicao-de-calorias-reduz-producao-de-proteina-ligada-a-envelhecimento\/#primaryimage\"},\"thumbnailUrl\":\"https:\/\/jornalfatosenoticias.com.br\/wp-content\/uploads\/2022\/08\/calorias-producao-de-proteina.jpg\",\"datePublished\":\"2022-08-15T21:41:39+00:00\",\"dateModified\":\"2022-08-15T21:41:40+00:00\",\"breadcrumb\":{\"@id\":\"https:\/\/jornalfatosenoticias.com.br\/index.php\/2022\/08\/15\/diminuicao-de-calorias-reduz-producao-de-proteina-ligada-a-envelhecimento\/#breadcrumb\"},\"inLanguage\":\"pt-BR\",\"potentialAction\":[{\"@type\":\"ReadAction\",\"target\":[\"https:\/\/jornalfatosenoticias.com.br\/index.php\/2022\/08\/15\/diminuicao-de-calorias-reduz-producao-de-proteina-ligada-a-envelhecimento\/\"]}]},{\"@type\":\"ImageObject\",\"inLanguage\":\"pt-BR\",\"@id\":\"https:\/\/jornalfatosenoticias.com.br\/index.php\/2022\/08\/15\/diminuicao-de-calorias-reduz-producao-de-proteina-ligada-a-envelhecimento\/#primaryimage\",\"url\":\"https:\/\/jornalfatosenoticias.com.br\/wp-content\/uploads\/2022\/08\/calorias-producao-de-proteina.jpg\",\"contentUrl\":\"https:\/\/jornalfatosenoticias.com.br\/wp-content\/uploads\/2022\/08\/calorias-producao-de-proteina.jpg\",\"width\":1000,\"height\":667},{\"@type\":\"BreadcrumbList\",\"@id\":\"https:\/\/jornalfatosenoticias.com.br\/index.php\/2022\/08\/15\/diminuicao-de-calorias-reduz-producao-de-proteina-ligada-a-envelhecimento\/#breadcrumb\",\"itemListElement\":[{\"@type\":\"ListItem\",\"position\":1,\"name\":\"In\u00edcio\",\"item\":\"https:\/\/jornalfatosenoticias.com.br\/\"},{\"@type\":\"ListItem\",\"position\":2,\"name\":\"Diminui\u00e7\u00e3o de calorias reduz produ\u00e7\u00e3o de prote\u00edna ligada a envelhecimento\"}]},{\"@type\":\"WebSite\",\"@id\":\"https:\/\/jornalfatosenoticias.com.br\/#website\",\"url\":\"https:\/\/jornalfatosenoticias.com.br\/\",\"name\":\"Jornal Fatos e Not\u00edcias\",\"description\":\"Not\u00edcias em geral\",\"publisher\":{\"@id\":\"https:\/\/jornalfatosenoticias.com.br\/#organization\"},\"potentialAction\":[{\"@type\":\"SearchAction\",\"target\":{\"@type\":\"EntryPoint\",\"urlTemplate\":\"https:\/\/jornalfatosenoticias.com.br\/?s={search_term_string}\"},\"query-input\":{\"@type\":\"PropertyValueSpecification\",\"valueRequired\":true,\"valueName\":\"search_term_string\"}}],\"inLanguage\":\"pt-BR\"},{\"@type\":\"Organization\",\"@id\":\"https:\/\/jornalfatosenoticias.com.br\/#organization\",\"name\":\"Jornal Fatos e Not\u00edcias\",\"url\":\"https:\/\/jornalfatosenoticias.com.br\/\",\"logo\":{\"@type\":\"ImageObject\",\"inLanguage\":\"pt-BR\",\"@id\":\"https:\/\/jornalfatosenoticias.com.br\/#\/schema\/logo\/image\/\",\"url\":\"https:\/\/jornalfatosenoticias.com.br\/wp-content\/uploads\/2020\/02\/logo120.png\",\"contentUrl\":\"https:\/\/jornalfatosenoticias.com.br\/wp-content\/uploads\/2020\/02\/logo120.png\",\"width\":1227,\"height\":120,\"caption\":\"Jornal Fatos e Not\u00edcias\"},\"image\":{\"@id\":\"https:\/\/jornalfatosenoticias.com.br\/#\/schema\/logo\/image\/\"}},{\"@type\":\"Person\",\"@id\":\"https:\/\/jornalfatosenoticias.com.br\/#\/schema\/person\/d63837fa13ac8666eb9e74e0985d6f81\",\"name\":\"Luzimara Fernandes\",\"image\":{\"@type\":\"ImageObject\",\"inLanguage\":\"pt-BR\",\"@id\":\"https:\/\/jornalfatosenoticias.com.br\/#\/schema\/person\/image\/\",\"url\":\"https:\/\/jornalfatosenoticias.com.br\/wp-content\/uploads\/2025\/05\/EU_portal.jpg\",\"contentUrl\":\"https:\/\/jornalfatosenoticias.com.br\/wp-content\/uploads\/2025\/05\/EU_portal.jpg\",\"caption\":\"Luzimara Fernandes\"},\"description\":\"Jornalista MTB 2358-ES\",\"sameAs\":[\"https:\/\/jornalfatosenoticias.com.br\"],\"url\":\"https:\/\/jornalfatosenoticias.com.br\/index.php\/author\/luzimara\/\"}]}<\/script>\n<!-- \/ Yoast SEO plugin. -->","yoast_head_json":{"title":"Diminui\u00e7\u00e3o de calorias reduz produ\u00e7\u00e3o de prote\u00edna ligada a envelhecimento - Jornal Fatos e Not\u00edcias","robots":{"index":"index","follow":"follow","max-snippet":"max-snippet:-1","max-image-preview":"max-image-preview:large","max-video-preview":"max-video-preview:-1"},"canonical":"https:\/\/jornalfatosenoticias.com.br\/index.php\/2022\/08\/15\/diminuicao-de-calorias-reduz-producao-de-proteina-ligada-a-envelhecimento\/","og_locale":"pt_BR","og_type":"article","og_title":"Diminui\u00e7\u00e3o de calorias reduz produ\u00e7\u00e3o de prote\u00edna ligada a envelhecimento - Jornal Fatos e Not\u00edcias","og_description":"A ingest\u00e3o reduzida de calorias demonstrou melhorar a sa\u00fade e a expectativa de vida em animais de laborat\u00f3rio, e pesquisas recentes mostram que esses benef\u00edcios tamb\u00e9m podem se estender aos seres humanos.Em um novo estudo, pesquisadores da Universidade Yale (EUA) mostram que a restri\u00e7\u00e3o cal\u00f3rica moderada em pessoas reduz a produ\u00e7\u00e3o de uma prote\u00edna chamada [&hellip;]","og_url":"https:\/\/jornalfatosenoticias.com.br\/index.php\/2022\/08\/15\/diminuicao-de-calorias-reduz-producao-de-proteina-ligada-a-envelhecimento\/","og_site_name":"Jornal Fatos e Not\u00edcias","article_published_time":"2022-08-15T21:41:39+00:00","article_modified_time":"2022-08-15T21:41:40+00:00","og_image":[{"width":1000,"height":667,"url":"https:\/\/jornalfatosenoticias.com.br\/wp-content\/uploads\/2022\/08\/calorias-producao-de-proteina.jpg","type":"image\/jpeg"}],"author":"Luzimara Fernandes","twitter_card":"summary_large_image","twitter_misc":{"Escrito por":"Luzimara Fernandes","Est. tempo de leitura":"3 minutos"},"schema":{"@context":"https:\/\/schema.org","@graph":[{"@type":"Article","@id":"https:\/\/jornalfatosenoticias.com.br\/index.php\/2022\/08\/15\/diminuicao-de-calorias-reduz-producao-de-proteina-ligada-a-envelhecimento\/#article","isPartOf":{"@id":"https:\/\/jornalfatosenoticias.com.br\/index.php\/2022\/08\/15\/diminuicao-de-calorias-reduz-producao-de-proteina-ligada-a-envelhecimento\/"},"author":{"name":"Luzimara Fernandes","@id":"https:\/\/jornalfatosenoticias.com.br\/#\/schema\/person\/d63837fa13ac8666eb9e74e0985d6f81"},"headline":"Diminui\u00e7\u00e3o de calorias reduz produ\u00e7\u00e3o de prote\u00edna ligada a envelhecimento","datePublished":"2022-08-15T21:41:39+00:00","dateModified":"2022-08-15T21:41:40+00:00","mainEntityOfPage":{"@id":"https:\/\/jornalfatosenoticias.com.br\/index.php\/2022\/08\/15\/diminuicao-de-calorias-reduz-producao-de-proteina-ligada-a-envelhecimento\/"},"wordCount":546,"commentCount":0,"publisher":{"@id":"https:\/\/jornalfatosenoticias.com.br\/#organization"},"image":{"@id":"https:\/\/jornalfatosenoticias.com.br\/index.php\/2022\/08\/15\/diminuicao-de-calorias-reduz-producao-de-proteina-ligada-a-envelhecimento\/#primaryimage"},"thumbnailUrl":"https:\/\/jornalfatosenoticias.com.br\/wp-content\/uploads\/2022\/08\/calorias-producao-de-proteina.jpg","keywords":["calorias","envelhecimento","expectativa de vida","prote\u00edna"],"articleSection":["Bem-estar"],"inLanguage":"pt-BR","potentialAction":[{"@type":"CommentAction","name":"Comment","target":["https:\/\/jornalfatosenoticias.com.br\/index.php\/2022\/08\/15\/diminuicao-de-calorias-reduz-producao-de-proteina-ligada-a-envelhecimento\/#respond"]}]},{"@type":"WebPage","@id":"https:\/\/jornalfatosenoticias.com.br\/index.php\/2022\/08\/15\/diminuicao-de-calorias-reduz-producao-de-proteina-ligada-a-envelhecimento\/","url":"https:\/\/jornalfatosenoticias.com.br\/index.php\/2022\/08\/15\/diminuicao-de-calorias-reduz-producao-de-proteina-ligada-a-envelhecimento\/","name":"Diminui\u00e7\u00e3o de calorias reduz produ\u00e7\u00e3o de prote\u00edna ligada a envelhecimento - Jornal Fatos e Not\u00edcias","isPartOf":{"@id":"https:\/\/jornalfatosenoticias.com.br\/#website"},"primaryImageOfPage":{"@id":"https:\/\/jornalfatosenoticias.com.br\/index.php\/2022\/08\/15\/diminuicao-de-calorias-reduz-producao-de-proteina-ligada-a-envelhecimento\/#primaryimage"},"image":{"@id":"https:\/\/jornalfatosenoticias.com.br\/index.php\/2022\/08\/15\/diminuicao-de-calorias-reduz-producao-de-proteina-ligada-a-envelhecimento\/#primaryimage"},"thumbnailUrl":"https:\/\/jornalfatosenoticias.com.br\/wp-content\/uploads\/2022\/08\/calorias-producao-de-proteina.jpg","datePublished":"2022-08-15T21:41:39+00:00","dateModified":"2022-08-15T21:41:40+00:00","breadcrumb":{"@id":"https:\/\/jornalfatosenoticias.com.br\/index.php\/2022\/08\/15\/diminuicao-de-calorias-reduz-producao-de-proteina-ligada-a-envelhecimento\/#breadcrumb"},"inLanguage":"pt-BR","potentialAction":[{"@type":"ReadAction","target":["https:\/\/jornalfatosenoticias.com.br\/index.php\/2022\/08\/15\/diminuicao-de-calorias-reduz-producao-de-proteina-ligada-a-envelhecimento\/"]}]},{"@type":"ImageObject","inLanguage":"pt-BR","@id":"https:\/\/jornalfatosenoticias.com.br\/index.php\/2022\/08\/15\/diminuicao-de-calorias-reduz-producao-de-proteina-ligada-a-envelhecimento\/#primaryimage","url":"https:\/\/jornalfatosenoticias.com.br\/wp-content\/uploads\/2022\/08\/calorias-producao-de-proteina.jpg","contentUrl":"https:\/\/jornalfatosenoticias.com.br\/wp-content\/uploads\/2022\/08\/calorias-producao-de-proteina.jpg","width":1000,"height":667},{"@type":"BreadcrumbList","@id":"https:\/\/jornalfatosenoticias.com.br\/index.php\/2022\/08\/15\/diminuicao-de-calorias-reduz-producao-de-proteina-ligada-a-envelhecimento\/#breadcrumb","itemListElement":[{"@type":"ListItem","position":1,"name":"In\u00edcio","item":"https:\/\/jornalfatosenoticias.com.br\/"},{"@type":"ListItem","position":2,"name":"Diminui\u00e7\u00e3o de calorias reduz produ\u00e7\u00e3o de prote\u00edna ligada a envelhecimento"}]},{"@type":"WebSite","@id":"https:\/\/jornalfatosenoticias.com.br\/#website","url":"https:\/\/jornalfatosenoticias.com.br\/","name":"Jornal Fatos e Not\u00edcias","description":"Not\u00edcias em geral","publisher":{"@id":"https:\/\/jornalfatosenoticias.com.br\/#organization"},"potentialAction":[{"@type":"SearchAction","target":{"@type":"EntryPoint","urlTemplate":"https:\/\/jornalfatosenoticias.com.br\/?s={search_term_string}"},"query-input":{"@type":"PropertyValueSpecification","valueRequired":true,"valueName":"search_term_string"}}],"inLanguage":"pt-BR"},{"@type":"Organization","@id":"https:\/\/jornalfatosenoticias.com.br\/#organization","name":"Jornal Fatos e Not\u00edcias","url":"https:\/\/jornalfatosenoticias.com.br\/","logo":{"@type":"ImageObject","inLanguage":"pt-BR","@id":"https:\/\/jornalfatosenoticias.com.br\/#\/schema\/logo\/image\/","url":"https:\/\/jornalfatosenoticias.com.br\/wp-content\/uploads\/2020\/02\/logo120.png","contentUrl":"https:\/\/jornalfatosenoticias.com.br\/wp-content\/uploads\/2020\/02\/logo120.png","width":1227,"height":120,"caption":"Jornal Fatos e Not\u00edcias"},"image":{"@id":"https:\/\/jornalfatosenoticias.com.br\/#\/schema\/logo\/image\/"}},{"@type":"Person","@id":"https:\/\/jornalfatosenoticias.com.br\/#\/schema\/person\/d63837fa13ac8666eb9e74e0985d6f81","name":"Luzimara Fernandes","image":{"@type":"ImageObject","inLanguage":"pt-BR","@id":"https:\/\/jornalfatosenoticias.com.br\/#\/schema\/person\/image\/","url":"https:\/\/jornalfatosenoticias.com.br\/wp-content\/uploads\/2025\/05\/EU_portal.jpg","contentUrl":"https:\/\/jornalfatosenoticias.com.br\/wp-content\/uploads\/2025\/05\/EU_portal.jpg","caption":"Luzimara Fernandes"},"description":"Jornalista MTB 2358-ES","sameAs":["https:\/\/jornalfatosenoticias.com.br"],"url":"https:\/\/jornalfatosenoticias.com.br\/index.php\/author\/luzimara\/"}]}},"cc_featured_image_caption":{"caption_text":"(Foto: Pixabay) ","source_text":"","source_url":""},"jetpack_featured_media_url":"https:\/\/jornalfatosenoticias.com.br\/wp-content\/uploads\/2022\/08\/calorias-producao-de-proteina.jpg","_links":{"self":[{"href":"https:\/\/jornalfatosenoticias.com.br\/index.php\/wp-json\/wp\/v2\/posts\/33226","targetHints":{"allow":["GET"]}}],"collection":[{"href":"https:\/\/jornalfatosenoticias.com.br\/index.php\/wp-json\/wp\/v2\/posts"}],"about":[{"href":"https:\/\/jornalfatosenoticias.com.br\/index.php\/wp-json\/wp\/v2\/types\/post"}],"author":[{"embeddable":true,"href":"https:\/\/jornalfatosenoticias.com.br\/index.php\/wp-json\/wp\/v2\/users\/2"}],"replies":[{"embeddable":true,"href":"https:\/\/jornalfatosenoticias.com.br\/index.php\/wp-json\/wp\/v2\/comments?post=33226"}],"version-history":[{"count":0,"href":"https:\/\/jornalfatosenoticias.com.br\/index.php\/wp-json\/wp\/v2\/posts\/33226\/revisions"}],"wp:featuredmedia":[{"embeddable":true,"href":"https:\/\/jornalfatosenoticias.com.br\/index.php\/wp-json\/wp\/v2\/media\/33227"}],"wp:attachment":[{"href":"https:\/\/jornalfatosenoticias.com.br\/index.php\/wp-json\/wp\/v2\/media?parent=33226"}],"wp:term":[{"taxonomy":"category","embeddable":true,"href":"https:\/\/jornalfatosenoticias.com.br\/index.php\/wp-json\/wp\/v2\/categories?post=33226"},{"taxonomy":"post_tag","embeddable":true,"href":"https:\/\/jornalfatosenoticias.com.br\/index.php\/wp-json\/wp\/v2\/tags?post=33226"}],"curies":[{"name":"wp","href":"https:\/\/api.w.org\/{rel}","templated":true}]}}