{"id":3325,"date":"2020-04-17T13:06:50","date_gmt":"2020-04-17T16:06:50","guid":{"rendered":"https:\/\/jornalfatosenoticias.com.br\/?p=3325"},"modified":"2020-04-17T13:07:33","modified_gmt":"2020-04-17T16:07:33","slug":"pais-registrou-1-833-conflitos-no-campo-em-2019-mostra-relatorio","status":"publish","type":"post","link":"https:\/\/jornalfatosenoticias.com.br\/index.php\/2020\/04\/17\/pais-registrou-1-833-conflitos-no-campo-em-2019-mostra-relatorio\/","title":{"rendered":"Pa\u00eds registrou 1.833 conflitos no campo em 2019, mostra relat\u00f3rio"},"content":{"rendered":"\n<h6 class=\"wp-block-heading\"><em>Os dados s\u00e3o da Comiss\u00e3o Pastoral da Terra<\/em><\/h6>\n\n\n\n<p>Levantamento da Comiss\u00e3o Pastoral da Terra (CPT), divulgado hoje (17), revela que o Brasil registrou, em 2019, 1.833 conflitos no campo, o n\u00famero mais elevado dos \u00faltimos cinco anos e 23% superior ao de 2018. O dado re\u00fane ocorr\u00eancias relacionadas a disputas por terra, disputas por \u00e1gua e conflitos trabalhistas.<br>Segundo o relat\u00f3rio, no ano passado, houve recorde em disputas por terra, desde que os casos passaram a ser reportados pela entidade, em 1985. Em 2019, foram contabilizadas 1.254 ocorr\u00eancias. A m\u00e9dia foi de cinco casos por dia. De acordo com a organiza\u00e7\u00e3o, as disputas por terra impactaram a vida de 859.023 pessoas.<br>Al\u00e9m das propriedades de terra, a falta de acesso \u00e0 \u00e1gua pot\u00e1vel ou a imin\u00eancia da falta estiveram no cerne dos conflitos, fazendo-se presentes em 489 deles. O \u00edndice foi 77% superior ao de 2018 (276). A CPT observa que as lutas em torno da \u00e1gua afetaram 279.172 pessoas, pertencentes a 69.793 fam\u00edlias.<br>O relat\u00f3rio mostra que em 2019 o n\u00famero de assassinatos chegou a 32, o que representa quatro casos a mais do que no ano anterior. Desse total, 28 est\u00e3o associados a disputas por terra, tr\u00eas a conflitos trabalhistas e uma \u00e0 disputa por \u00e1gua.<br>Uma das v\u00edtimas foi o mototaxista M\u00e1rcio Rodrigues dos Reis, de 33 anos. Principal testemunha de defesa de padre Jos\u00e9 Amaro Lopes de Sousa, ele pr\u00f3prio era tamb\u00e9m uma lideran\u00e7a, em Anapu, no Par\u00e1. O assassinato aconteceu em 4 de dezembro, quando, segundo a CPT, o mototaxista foi alvo de uma emboscada.<br>O total de tentativas de assassinato passou de 28 para 30, de 2018 para 2019. A diferen\u00e7a \u00e9 de 7%, menor do que a varia\u00e7\u00e3o de amea\u00e7as de morte, que subiram 22%, com o aumento de 165 para 201 casos.<\/p>\n\n\n\n<h4 class=\"wp-block-heading\">Interesses do setor privado<\/h4>\n\n\n\n<p>O documento da CPT estabelece liga\u00e7\u00e3o de interesses empresariais com os conflitos por \u00e1gua, informando que o setor de minera\u00e7\u00e3o est\u00e1 envolvido em 189 casos (39%). Hidrel\u00e9tricas, por sua vez, t\u00eam conex\u00e3o com 54 (11%), enquanto empres\u00e1rios e governos participaram, respectivamente, de 117 (36%) e 33 (7%) conflitos. Foram registradas 40 den\u00fancias por parte da popula\u00e7\u00e3o, dado que inclui agress\u00f5es, contamina\u00e7\u00e3o por merc\u00fario, amea\u00e7as de morte, danos, humilha\u00e7\u00e3o, intimida\u00e7\u00e3o e omiss\u00e3o.<br>&#8220;A gente, observando os conflitos por terra, v\u00ea que se concentram em regi\u00f5es do agroneg\u00f3cio, das mineradoras, das madeireiras, das obras de infraestrutura, como barragens. Os estados mais conflitivos foram o Maranh\u00e3o, o Par\u00e1, que sempre \u00e9 o primeiro [na lista] e a Bahia, sobretudo o oeste do estado&#8221;, destaca Ruben Siqueira, da coordena\u00e7\u00e3o nacional da CPT.<br>Na opini\u00e3o de Siqueira, atualmente &#8220;h\u00e1 uma facilita\u00e7\u00e3o, no campo dos tr\u00eas Poderes&#8221; para que esses projetos sejam viabilizados. &#8220;Temos um mundo globalizado e a ideologia e a pol\u00edtica estrat\u00e9gica da globaliza\u00e7\u00e3o \u00e9 o neoliberalismo que hoje alguns j\u00e1 chamam de hiperliberalismo, que \u00e9 quando se reduz o espa\u00e7o, se submete mais ainda o Estado \u00e0 press\u00e3o do capital, seja produtivo, seja improdutivo, que \u00e9 o hegem\u00f4nico, financeiro, mas que se realiza sobre os neg\u00f3cios reais, os bens reais. Isso valoriza os pap\u00e9is no mercado financeiro, e a desregulamenta\u00e7\u00e3o, a facilita\u00e7\u00e3o desses neg\u00f3cios. Outros tamb\u00e9m chamam isso de necropol\u00edtica, que \u00e9 quando se produz a morte e ela \u00e9 vantajosa para certos setores econ\u00f4micos cada vez mais concentrados no capital. O grande exemplo disso, em 2019, foi Brumadinho&#8221;, acrescenta.<\/p>\n\n\n\n<figure class=\"wp-block-image size-large\"><img loading=\"lazy\" decoding=\"async\" width=\"1000\" height=\"666\" src=\"https:\/\/jornalfatosenoticias.com.br\/wp-content\/uploads\/2020\/04\/conflitos-no-campo.jpg\" alt=\"\" class=\"wp-image-3329\" srcset=\"https:\/\/jornalfatosenoticias.com.br\/wp-content\/uploads\/2020\/04\/conflitos-no-campo.jpg 1000w, https:\/\/jornalfatosenoticias.com.br\/wp-content\/uploads\/2020\/04\/conflitos-no-campo-300x200.jpg 300w, https:\/\/jornalfatosenoticias.com.br\/wp-content\/uploads\/2020\/04\/conflitos-no-campo-768x511.jpg 768w\" sizes=\"auto, (max-width: 1000px) 100vw, 1000px\" \/><figcaption>Mortes de camponeses e lideran\u00e7as pela reforma agr\u00e1ria s\u00e3o constantes em conflitos, principalmente na Amaz\u00f4nia, no Par\u00e1 e na Bahia (Foto: mst.org.br)<\/figcaption><\/figure>\n\n\n\n<h4 class=\"wp-block-heading\">Mobiliza\u00e7\u00f5es<\/h4>\n\n\n\n<p>Em entrevista \u00e0 Ag\u00eancia Brasil, Siqueira ressalta que a alta de ocorr\u00eancias acabou sendo acompanhada por uma acentuada mobiliza\u00e7\u00e3o social. De acordo com a comiss\u00e3o, foram contabilizada, em 2019, 1.301 manifesta\u00e7\u00f5es que envolveram o engajamento de cerca de 240 mil pessoas. Ao todo, portanto, foram realizados 3,5 protestos por dia, em m\u00e9dia, que representam um crescimento de 142% em rela\u00e7\u00e3o a 2018, ano de 538 atos. Trata-se do maior volume j\u00e1 registrado pela organiza\u00e7\u00e3o.<br>Com 516 manifesta\u00e7\u00f5es (40%), o Nordeste do Pa\u00eds liderou a lista. Na sequ\u00eancia, est\u00e3o Sudeste (251) e Sul (223). Quanto \u00e0 ades\u00e3o, o Nordeste foi a regi\u00e3o que mais se destacou, com 106.451 manifestantes, seguida pelo Sul, em que 52.950 lutaram pelas causas.<br>&#8220;Cresceu o n\u00famero de manifesta\u00e7\u00f5es p\u00fablicas, de rua, numerosas, ocupa\u00e7\u00f5es de pr\u00e9dios p\u00fablicos, acampamentos na frente do Instituto Nacional de Coloniza\u00e7\u00e3o e Reforma Agr\u00e1ria [Incra]. O brasileiro tem uma hist\u00f3ria de repress\u00e3o que est\u00e1 no seu DNA, eu diria&#8221;, afirma Siqueira.<\/p>\n\n\n\n<h4 class=\"wp-block-heading\">Amaz\u00f4nia<\/h4>\n\n\n\n<figure class=\"wp-block-image size-large\"><img loading=\"lazy\" decoding=\"async\" width=\"1000\" height=\"378\" src=\"https:\/\/jornalfatosenoticias.com.br\/wp-content\/uploads\/2020\/04\/Amazonia_conflito.jpg\" alt=\"\" class=\"wp-image-3327\" srcset=\"https:\/\/jornalfatosenoticias.com.br\/wp-content\/uploads\/2020\/04\/Amazonia_conflito.jpg 1000w, https:\/\/jornalfatosenoticias.com.br\/wp-content\/uploads\/2020\/04\/Amazonia_conflito-300x113.jpg 300w, https:\/\/jornalfatosenoticias.com.br\/wp-content\/uploads\/2020\/04\/Amazonia_conflito-768x290.jpg 768w\" sizes=\"auto, (max-width: 1000px) 100vw, 1000px\" \/><figcaption><em>A Amaz\u00f4nia tamb\u00e9m \u00e9 alvo de conflitos variados (Foto: wrm.org.uy)<\/em><\/figcaption><\/figure>\n\n\n\n<p>O relat\u00f3rio aponta que, dos assassinatos registrados no ano passado, 27 (84%) ocorreram na regi\u00e3o amaz\u00f4nica, aspecto tamb\u00e9m comentado por Siqueira. A regi\u00e3o concentra ainda 22 (73%) casos de tentativas de assassinato, 158 (79%) das amea\u00e7as de morte e 71% das fam\u00edlias expostas a conflitos. \u00c9 tamb\u00e9m l\u00e1 que se encontra mais da metade (57%) das 5.877 fam\u00edlias despejadas de seus lares e 84% das fam\u00edlias que tiveram suas casas ou terras invadidas.<br>A viol\u00eancia na Amaz\u00f4nia Legal \u00e9 percebida no aumento de 36% no total de fam\u00edlias abrangidas por conflitos e de 29% de fam\u00edlias amea\u00e7adas por pistoleiros. Nota-se, ainda, crescimento de 82% no n\u00famero de despejos e 55% de invas\u00f5es a terras ou casas.<\/p>\n\n\n\n<h4 class=\"wp-block-heading\">Ind\u00edgenas<\/h4>\n\n\n\n<figure class=\"wp-block-image size-large\"><img loading=\"lazy\" decoding=\"async\" width=\"1000\" height=\"636\" src=\"https:\/\/jornalfatosenoticias.com.br\/wp-content\/uploads\/2020\/04\/Deputados-gauchos-Luis-Carlos-Heinze-PP-e-Alceu-Moreira-PMDB-2.gif\" alt=\"\" class=\"wp-image-3326\"\/><figcaption><em>\u00cdndios, alvo certeiro da viol\u00eancia fundi\u00e1ria (Charge produzida pelo cartunista e ativista pol\u00edtico Carlos Latuff)<\/em><\/figcaption><\/figure>\n\n\n\n<p>Da edi\u00e7\u00e3o deste ano do relat\u00f3rio Conflitos no Campo Brasil 2019 consta um texto da l\u00edder ind\u00edgena S\u00f4nia Guajajara. No texto, S\u00f4nia declara que h\u00e1 &#8220;uma intensa e grave ofensiva contra os direitos dos povos ind\u00edgenas no Brasil&#8221;.<br>Para a CPT, h\u00e1 respaldo na cr\u00edtica da coordenadora da Apib, considerando-se que, de cada tr\u00eas fam\u00edlias em conflito por terra, uma era ind\u00edgena e que se atingiu, em 2019, o maior n\u00famero de execu\u00e7\u00f5es de lideran\u00e7as ind\u00edgenas dos \u00faltimos 11 anos, um total de sete. A comiss\u00e3o acrescenta que as disputas do ano passado resultaram na agress\u00e3o de 11 pessoas de origem ind\u00edgena. O grupo populacional tamb\u00e9m foi alvo de 39 amea\u00e7as de morte, 16 intimida\u00e7\u00f5es e nove tentativas de assassinato.<br>Um fato lembrado pela comiss\u00e3o \u00e9 a medida provis\u00f3ria que transferiu da Funda\u00e7\u00e3o Nacional do \u00cdndio (Funai) para o Minist\u00e9rio da Agricultura, Pecu\u00e1ria e Abastecimento (Mapa) a responsabilidade pelo processo de demarca\u00e7\u00e3o de terras ind\u00edgenas. Com o dispositivo, o governo federal tamb\u00e9m fez com que a regulariza\u00e7\u00e3o de terras quilombolas deixasse de ser uma atribui\u00e7\u00e3o do Incra. A medida provis\u00f3ria foi editada no dia 1\u00ba de janeiro de 2019, em edi\u00e7\u00e3o extra do Di\u00e1rio Oficial da Uni\u00e3o.<\/p>\n\n\n\n<p><strong><em>Fonte: <a href=\"https:\/\/agenciabrasil.ebc.com.br\/direitos-humanos\/noticia\/2020-04\/pais-registrou-1833-conflitos-no-campo-em-2019-mostra-relatorio\">Ag\u00eancia Brasil<\/a><\/em><\/strong><\/p>\n","protected":false},"excerpt":{"rendered":"<p>Os dados s\u00e3o da Comiss\u00e3o Pastoral da Terra Levantamento da Comiss\u00e3o Pastoral da Terra (CPT), divulgado hoje (17), revela que o Brasil registrou, em 2019, 1.833 conflitos no campo, o n\u00famero mais elevado dos \u00faltimos cinco anos e 23% superior ao de 2018. O dado re\u00fane ocorr\u00eancias relacionadas a disputas por terra, disputas por \u00e1gua [&hellip;]<\/p>\n","protected":false},"author":2,"featured_media":3328,"comment_status":"open","ping_status":"open","sticky":false,"template":"","format":"standard","meta":{"footnotes":""},"categories":[5],"tags":[1812,1813,1814,941,482,1816,1815],"class_list":["post-3325","post","type-post","status-publish","format-standard","has-post-thumbnail","hentry","category-geral","tag-amazonia-legal","tag-conflitos-no-campo","tag-cpt","tag-funai","tag-incra","tag-indigenas","tag-terras-quilombolas"],"yoast_head":"<!-- This site is optimized with the Yoast SEO plugin v26.5 - https:\/\/yoast.com\/wordpress\/plugins\/seo\/ -->\n<title>Pa\u00eds registrou 1.833 conflitos no campo em 2019, mostra relat\u00f3rio - Jornal Fatos e Not\u00edcias<\/title>\n<meta name=\"robots\" content=\"index, follow, max-snippet:-1, max-image-preview:large, max-video-preview:-1\" \/>\n<link rel=\"canonical\" href=\"https:\/\/jornalfatosenoticias.com.br\/index.php\/2020\/04\/17\/pais-registrou-1-833-conflitos-no-campo-em-2019-mostra-relatorio\/\" \/>\n<meta property=\"og:locale\" content=\"pt_BR\" \/>\n<meta property=\"og:type\" content=\"article\" \/>\n<meta property=\"og:title\" content=\"Pa\u00eds registrou 1.833 conflitos no campo em 2019, mostra relat\u00f3rio - Jornal Fatos e Not\u00edcias\" \/>\n<meta property=\"og:description\" content=\"Os dados s\u00e3o da Comiss\u00e3o Pastoral da Terra Levantamento da Comiss\u00e3o Pastoral da Terra (CPT), divulgado hoje (17), revela que o Brasil registrou, em 2019, 1.833 conflitos no campo, o n\u00famero mais elevado dos \u00faltimos cinco anos e 23% superior ao de 2018. O dado re\u00fane ocorr\u00eancias relacionadas a disputas por terra, disputas por \u00e1gua [&hellip;]\" \/>\n<meta property=\"og:url\" content=\"https:\/\/jornalfatosenoticias.com.br\/index.php\/2020\/04\/17\/pais-registrou-1-833-conflitos-no-campo-em-2019-mostra-relatorio\/\" \/>\n<meta property=\"og:site_name\" content=\"Jornal Fatos e Not\u00edcias\" \/>\n<meta property=\"article:published_time\" content=\"2020-04-17T16:06:50+00:00\" \/>\n<meta property=\"article:modified_time\" content=\"2020-04-17T16:07:33+00:00\" \/>\n<meta property=\"og:image\" content=\"https:\/\/jornalfatosenoticias.com.br\/wp-content\/uploads\/2020\/04\/conflitos_agrarios.jpg\" \/>\n\t<meta property=\"og:image:width\" content=\"1000\" \/>\n\t<meta property=\"og:image:height\" content=\"598\" \/>\n\t<meta property=\"og:image:type\" content=\"image\/jpeg\" \/>\n<meta name=\"author\" content=\"Luzimara Fernandes\" \/>\n<meta name=\"twitter:card\" content=\"summary_large_image\" \/>\n<meta name=\"twitter:label1\" content=\"Escrito por\" \/>\n\t<meta name=\"twitter:data1\" content=\"Luzimara Fernandes\" \/>\n\t<meta name=\"twitter:label2\" content=\"Est. tempo de leitura\" \/>\n\t<meta name=\"twitter:data2\" content=\"6 minutos\" \/>\n<script type=\"application\/ld+json\" class=\"yoast-schema-graph\">{\"@context\":\"https:\/\/schema.org\",\"@graph\":[{\"@type\":\"Article\",\"@id\":\"https:\/\/jornalfatosenoticias.com.br\/index.php\/2020\/04\/17\/pais-registrou-1-833-conflitos-no-campo-em-2019-mostra-relatorio\/#article\",\"isPartOf\":{\"@id\":\"https:\/\/jornalfatosenoticias.com.br\/index.php\/2020\/04\/17\/pais-registrou-1-833-conflitos-no-campo-em-2019-mostra-relatorio\/\"},\"author\":{\"name\":\"Luzimara Fernandes\",\"@id\":\"https:\/\/jornalfatosenoticias.com.br\/#\/schema\/person\/d63837fa13ac8666eb9e74e0985d6f81\"},\"headline\":\"Pa\u00eds registrou 1.833 conflitos no campo em 2019, mostra relat\u00f3rio\",\"datePublished\":\"2020-04-17T16:06:50+00:00\",\"dateModified\":\"2020-04-17T16:07:33+00:00\",\"mainEntityOfPage\":{\"@id\":\"https:\/\/jornalfatosenoticias.com.br\/index.php\/2020\/04\/17\/pais-registrou-1-833-conflitos-no-campo-em-2019-mostra-relatorio\/\"},\"wordCount\":1161,\"commentCount\":0,\"publisher\":{\"@id\":\"https:\/\/jornalfatosenoticias.com.br\/#organization\"},\"image\":{\"@id\":\"https:\/\/jornalfatosenoticias.com.br\/index.php\/2020\/04\/17\/pais-registrou-1-833-conflitos-no-campo-em-2019-mostra-relatorio\/#primaryimage\"},\"thumbnailUrl\":\"https:\/\/jornalfatosenoticias.com.br\/wp-content\/uploads\/2020\/04\/conflitos_agrarios.jpg\",\"keywords\":[\"Amaz\u00f4nia Legal\",\"conflitos no campo\",\"CPT\",\"Funai\",\"Incra\",\"ind\u00edgenas\",\"terras quilombolas\"],\"articleSection\":[\"Geral\"],\"inLanguage\":\"pt-BR\",\"potentialAction\":[{\"@type\":\"CommentAction\",\"name\":\"Comment\",\"target\":[\"https:\/\/jornalfatosenoticias.com.br\/index.php\/2020\/04\/17\/pais-registrou-1-833-conflitos-no-campo-em-2019-mostra-relatorio\/#respond\"]}]},{\"@type\":\"WebPage\",\"@id\":\"https:\/\/jornalfatosenoticias.com.br\/index.php\/2020\/04\/17\/pais-registrou-1-833-conflitos-no-campo-em-2019-mostra-relatorio\/\",\"url\":\"https:\/\/jornalfatosenoticias.com.br\/index.php\/2020\/04\/17\/pais-registrou-1-833-conflitos-no-campo-em-2019-mostra-relatorio\/\",\"name\":\"Pa\u00eds registrou 1.833 conflitos no campo em 2019, mostra relat\u00f3rio - Jornal Fatos e Not\u00edcias\",\"isPartOf\":{\"@id\":\"https:\/\/jornalfatosenoticias.com.br\/#website\"},\"primaryImageOfPage\":{\"@id\":\"https:\/\/jornalfatosenoticias.com.br\/index.php\/2020\/04\/17\/pais-registrou-1-833-conflitos-no-campo-em-2019-mostra-relatorio\/#primaryimage\"},\"image\":{\"@id\":\"https:\/\/jornalfatosenoticias.com.br\/index.php\/2020\/04\/17\/pais-registrou-1-833-conflitos-no-campo-em-2019-mostra-relatorio\/#primaryimage\"},\"thumbnailUrl\":\"https:\/\/jornalfatosenoticias.com.br\/wp-content\/uploads\/2020\/04\/conflitos_agrarios.jpg\",\"datePublished\":\"2020-04-17T16:06:50+00:00\",\"dateModified\":\"2020-04-17T16:07:33+00:00\",\"breadcrumb\":{\"@id\":\"https:\/\/jornalfatosenoticias.com.br\/index.php\/2020\/04\/17\/pais-registrou-1-833-conflitos-no-campo-em-2019-mostra-relatorio\/#breadcrumb\"},\"inLanguage\":\"pt-BR\",\"potentialAction\":[{\"@type\":\"ReadAction\",\"target\":[\"https:\/\/jornalfatosenoticias.com.br\/index.php\/2020\/04\/17\/pais-registrou-1-833-conflitos-no-campo-em-2019-mostra-relatorio\/\"]}]},{\"@type\":\"ImageObject\",\"inLanguage\":\"pt-BR\",\"@id\":\"https:\/\/jornalfatosenoticias.com.br\/index.php\/2020\/04\/17\/pais-registrou-1-833-conflitos-no-campo-em-2019-mostra-relatorio\/#primaryimage\",\"url\":\"https:\/\/jornalfatosenoticias.com.br\/wp-content\/uploads\/2020\/04\/conflitos_agrarios.jpg\",\"contentUrl\":\"https:\/\/jornalfatosenoticias.com.br\/wp-content\/uploads\/2020\/04\/conflitos_agrarios.jpg\",\"width\":1000,\"height\":598},{\"@type\":\"BreadcrumbList\",\"@id\":\"https:\/\/jornalfatosenoticias.com.br\/index.php\/2020\/04\/17\/pais-registrou-1-833-conflitos-no-campo-em-2019-mostra-relatorio\/#breadcrumb\",\"itemListElement\":[{\"@type\":\"ListItem\",\"position\":1,\"name\":\"In\u00edcio\",\"item\":\"https:\/\/jornalfatosenoticias.com.br\/\"},{\"@type\":\"ListItem\",\"position\":2,\"name\":\"Pa\u00eds registrou 1.833 conflitos no campo em 2019, mostra relat\u00f3rio\"}]},{\"@type\":\"WebSite\",\"@id\":\"https:\/\/jornalfatosenoticias.com.br\/#website\",\"url\":\"https:\/\/jornalfatosenoticias.com.br\/\",\"name\":\"Jornal Fatos e Not\u00edcias\",\"description\":\"Not\u00edcias em geral\",\"publisher\":{\"@id\":\"https:\/\/jornalfatosenoticias.com.br\/#organization\"},\"potentialAction\":[{\"@type\":\"SearchAction\",\"target\":{\"@type\":\"EntryPoint\",\"urlTemplate\":\"https:\/\/jornalfatosenoticias.com.br\/?s={search_term_string}\"},\"query-input\":{\"@type\":\"PropertyValueSpecification\",\"valueRequired\":true,\"valueName\":\"search_term_string\"}}],\"inLanguage\":\"pt-BR\"},{\"@type\":\"Organization\",\"@id\":\"https:\/\/jornalfatosenoticias.com.br\/#organization\",\"name\":\"Jornal Fatos e Not\u00edcias\",\"url\":\"https:\/\/jornalfatosenoticias.com.br\/\",\"logo\":{\"@type\":\"ImageObject\",\"inLanguage\":\"pt-BR\",\"@id\":\"https:\/\/jornalfatosenoticias.com.br\/#\/schema\/logo\/image\/\",\"url\":\"https:\/\/jornalfatosenoticias.com.br\/wp-content\/uploads\/2020\/02\/logo120.png\",\"contentUrl\":\"https:\/\/jornalfatosenoticias.com.br\/wp-content\/uploads\/2020\/02\/logo120.png\",\"width\":1227,\"height\":120,\"caption\":\"Jornal Fatos e Not\u00edcias\"},\"image\":{\"@id\":\"https:\/\/jornalfatosenoticias.com.br\/#\/schema\/logo\/image\/\"}},{\"@type\":\"Person\",\"@id\":\"https:\/\/jornalfatosenoticias.com.br\/#\/schema\/person\/d63837fa13ac8666eb9e74e0985d6f81\",\"name\":\"Luzimara Fernandes\",\"image\":{\"@type\":\"ImageObject\",\"inLanguage\":\"pt-BR\",\"@id\":\"https:\/\/jornalfatosenoticias.com.br\/#\/schema\/person\/image\/\",\"url\":\"https:\/\/jornalfatosenoticias.com.br\/wp-content\/uploads\/2025\/05\/EU_portal.jpg\",\"contentUrl\":\"https:\/\/jornalfatosenoticias.com.br\/wp-content\/uploads\/2025\/05\/EU_portal.jpg\",\"caption\":\"Luzimara Fernandes\"},\"description\":\"Jornalista MTB 2358-ES\",\"sameAs\":[\"https:\/\/jornalfatosenoticias.com.br\"],\"url\":\"https:\/\/jornalfatosenoticias.com.br\/index.php\/author\/luzimara\/\"}]}<\/script>\n<!-- \/ Yoast SEO plugin. -->","yoast_head_json":{"title":"Pa\u00eds registrou 1.833 conflitos no campo em 2019, mostra relat\u00f3rio - Jornal Fatos e Not\u00edcias","robots":{"index":"index","follow":"follow","max-snippet":"max-snippet:-1","max-image-preview":"max-image-preview:large","max-video-preview":"max-video-preview:-1"},"canonical":"https:\/\/jornalfatosenoticias.com.br\/index.php\/2020\/04\/17\/pais-registrou-1-833-conflitos-no-campo-em-2019-mostra-relatorio\/","og_locale":"pt_BR","og_type":"article","og_title":"Pa\u00eds registrou 1.833 conflitos no campo em 2019, mostra relat\u00f3rio - Jornal Fatos e Not\u00edcias","og_description":"Os dados s\u00e3o da Comiss\u00e3o Pastoral da Terra Levantamento da Comiss\u00e3o Pastoral da Terra (CPT), divulgado hoje (17), revela que o Brasil registrou, em 2019, 1.833 conflitos no campo, o n\u00famero mais elevado dos \u00faltimos cinco anos e 23% superior ao de 2018. O dado re\u00fane ocorr\u00eancias relacionadas a disputas por terra, disputas por \u00e1gua [&hellip;]","og_url":"https:\/\/jornalfatosenoticias.com.br\/index.php\/2020\/04\/17\/pais-registrou-1-833-conflitos-no-campo-em-2019-mostra-relatorio\/","og_site_name":"Jornal Fatos e Not\u00edcias","article_published_time":"2020-04-17T16:06:50+00:00","article_modified_time":"2020-04-17T16:07:33+00:00","og_image":[{"width":1000,"height":598,"url":"https:\/\/jornalfatosenoticias.com.br\/wp-content\/uploads\/2020\/04\/conflitos_agrarios.jpg","type":"image\/jpeg"}],"author":"Luzimara Fernandes","twitter_card":"summary_large_image","twitter_misc":{"Escrito por":"Luzimara Fernandes","Est. tempo de leitura":"6 minutos"},"schema":{"@context":"https:\/\/schema.org","@graph":[{"@type":"Article","@id":"https:\/\/jornalfatosenoticias.com.br\/index.php\/2020\/04\/17\/pais-registrou-1-833-conflitos-no-campo-em-2019-mostra-relatorio\/#article","isPartOf":{"@id":"https:\/\/jornalfatosenoticias.com.br\/index.php\/2020\/04\/17\/pais-registrou-1-833-conflitos-no-campo-em-2019-mostra-relatorio\/"},"author":{"name":"Luzimara Fernandes","@id":"https:\/\/jornalfatosenoticias.com.br\/#\/schema\/person\/d63837fa13ac8666eb9e74e0985d6f81"},"headline":"Pa\u00eds registrou 1.833 conflitos no campo em 2019, mostra relat\u00f3rio","datePublished":"2020-04-17T16:06:50+00:00","dateModified":"2020-04-17T16:07:33+00:00","mainEntityOfPage":{"@id":"https:\/\/jornalfatosenoticias.com.br\/index.php\/2020\/04\/17\/pais-registrou-1-833-conflitos-no-campo-em-2019-mostra-relatorio\/"},"wordCount":1161,"commentCount":0,"publisher":{"@id":"https:\/\/jornalfatosenoticias.com.br\/#organization"},"image":{"@id":"https:\/\/jornalfatosenoticias.com.br\/index.php\/2020\/04\/17\/pais-registrou-1-833-conflitos-no-campo-em-2019-mostra-relatorio\/#primaryimage"},"thumbnailUrl":"https:\/\/jornalfatosenoticias.com.br\/wp-content\/uploads\/2020\/04\/conflitos_agrarios.jpg","keywords":["Amaz\u00f4nia Legal","conflitos no campo","CPT","Funai","Incra","ind\u00edgenas","terras quilombolas"],"articleSection":["Geral"],"inLanguage":"pt-BR","potentialAction":[{"@type":"CommentAction","name":"Comment","target":["https:\/\/jornalfatosenoticias.com.br\/index.php\/2020\/04\/17\/pais-registrou-1-833-conflitos-no-campo-em-2019-mostra-relatorio\/#respond"]}]},{"@type":"WebPage","@id":"https:\/\/jornalfatosenoticias.com.br\/index.php\/2020\/04\/17\/pais-registrou-1-833-conflitos-no-campo-em-2019-mostra-relatorio\/","url":"https:\/\/jornalfatosenoticias.com.br\/index.php\/2020\/04\/17\/pais-registrou-1-833-conflitos-no-campo-em-2019-mostra-relatorio\/","name":"Pa\u00eds registrou 1.833 conflitos no campo em 2019, mostra relat\u00f3rio - Jornal Fatos e Not\u00edcias","isPartOf":{"@id":"https:\/\/jornalfatosenoticias.com.br\/#website"},"primaryImageOfPage":{"@id":"https:\/\/jornalfatosenoticias.com.br\/index.php\/2020\/04\/17\/pais-registrou-1-833-conflitos-no-campo-em-2019-mostra-relatorio\/#primaryimage"},"image":{"@id":"https:\/\/jornalfatosenoticias.com.br\/index.php\/2020\/04\/17\/pais-registrou-1-833-conflitos-no-campo-em-2019-mostra-relatorio\/#primaryimage"},"thumbnailUrl":"https:\/\/jornalfatosenoticias.com.br\/wp-content\/uploads\/2020\/04\/conflitos_agrarios.jpg","datePublished":"2020-04-17T16:06:50+00:00","dateModified":"2020-04-17T16:07:33+00:00","breadcrumb":{"@id":"https:\/\/jornalfatosenoticias.com.br\/index.php\/2020\/04\/17\/pais-registrou-1-833-conflitos-no-campo-em-2019-mostra-relatorio\/#breadcrumb"},"inLanguage":"pt-BR","potentialAction":[{"@type":"ReadAction","target":["https:\/\/jornalfatosenoticias.com.br\/index.php\/2020\/04\/17\/pais-registrou-1-833-conflitos-no-campo-em-2019-mostra-relatorio\/"]}]},{"@type":"ImageObject","inLanguage":"pt-BR","@id":"https:\/\/jornalfatosenoticias.com.br\/index.php\/2020\/04\/17\/pais-registrou-1-833-conflitos-no-campo-em-2019-mostra-relatorio\/#primaryimage","url":"https:\/\/jornalfatosenoticias.com.br\/wp-content\/uploads\/2020\/04\/conflitos_agrarios.jpg","contentUrl":"https:\/\/jornalfatosenoticias.com.br\/wp-content\/uploads\/2020\/04\/conflitos_agrarios.jpg","width":1000,"height":598},{"@type":"BreadcrumbList","@id":"https:\/\/jornalfatosenoticias.com.br\/index.php\/2020\/04\/17\/pais-registrou-1-833-conflitos-no-campo-em-2019-mostra-relatorio\/#breadcrumb","itemListElement":[{"@type":"ListItem","position":1,"name":"In\u00edcio","item":"https:\/\/jornalfatosenoticias.com.br\/"},{"@type":"ListItem","position":2,"name":"Pa\u00eds registrou 1.833 conflitos no campo em 2019, mostra relat\u00f3rio"}]},{"@type":"WebSite","@id":"https:\/\/jornalfatosenoticias.com.br\/#website","url":"https:\/\/jornalfatosenoticias.com.br\/","name":"Jornal Fatos e Not\u00edcias","description":"Not\u00edcias em geral","publisher":{"@id":"https:\/\/jornalfatosenoticias.com.br\/#organization"},"potentialAction":[{"@type":"SearchAction","target":{"@type":"EntryPoint","urlTemplate":"https:\/\/jornalfatosenoticias.com.br\/?s={search_term_string}"},"query-input":{"@type":"PropertyValueSpecification","valueRequired":true,"valueName":"search_term_string"}}],"inLanguage":"pt-BR"},{"@type":"Organization","@id":"https:\/\/jornalfatosenoticias.com.br\/#organization","name":"Jornal Fatos e Not\u00edcias","url":"https:\/\/jornalfatosenoticias.com.br\/","logo":{"@type":"ImageObject","inLanguage":"pt-BR","@id":"https:\/\/jornalfatosenoticias.com.br\/#\/schema\/logo\/image\/","url":"https:\/\/jornalfatosenoticias.com.br\/wp-content\/uploads\/2020\/02\/logo120.png","contentUrl":"https:\/\/jornalfatosenoticias.com.br\/wp-content\/uploads\/2020\/02\/logo120.png","width":1227,"height":120,"caption":"Jornal Fatos e Not\u00edcias"},"image":{"@id":"https:\/\/jornalfatosenoticias.com.br\/#\/schema\/logo\/image\/"}},{"@type":"Person","@id":"https:\/\/jornalfatosenoticias.com.br\/#\/schema\/person\/d63837fa13ac8666eb9e74e0985d6f81","name":"Luzimara Fernandes","image":{"@type":"ImageObject","inLanguage":"pt-BR","@id":"https:\/\/jornalfatosenoticias.com.br\/#\/schema\/person\/image\/","url":"https:\/\/jornalfatosenoticias.com.br\/wp-content\/uploads\/2025\/05\/EU_portal.jpg","contentUrl":"https:\/\/jornalfatosenoticias.com.br\/wp-content\/uploads\/2025\/05\/EU_portal.jpg","caption":"Luzimara Fernandes"},"description":"Jornalista MTB 2358-ES","sameAs":["https:\/\/jornalfatosenoticias.com.br"],"url":"https:\/\/jornalfatosenoticias.com.br\/index.php\/author\/luzimara\/"}]}},"cc_featured_image_caption":{"caption_text":"Viol\u00eancia no campo","source_text":"","source_url":""},"jetpack_featured_media_url":"https:\/\/jornalfatosenoticias.com.br\/wp-content\/uploads\/2020\/04\/conflitos_agrarios.jpg","_links":{"self":[{"href":"https:\/\/jornalfatosenoticias.com.br\/index.php\/wp-json\/wp\/v2\/posts\/3325","targetHints":{"allow":["GET"]}}],"collection":[{"href":"https:\/\/jornalfatosenoticias.com.br\/index.php\/wp-json\/wp\/v2\/posts"}],"about":[{"href":"https:\/\/jornalfatosenoticias.com.br\/index.php\/wp-json\/wp\/v2\/types\/post"}],"author":[{"embeddable":true,"href":"https:\/\/jornalfatosenoticias.com.br\/index.php\/wp-json\/wp\/v2\/users\/2"}],"replies":[{"embeddable":true,"href":"https:\/\/jornalfatosenoticias.com.br\/index.php\/wp-json\/wp\/v2\/comments?post=3325"}],"version-history":[{"count":0,"href":"https:\/\/jornalfatosenoticias.com.br\/index.php\/wp-json\/wp\/v2\/posts\/3325\/revisions"}],"wp:featuredmedia":[{"embeddable":true,"href":"https:\/\/jornalfatosenoticias.com.br\/index.php\/wp-json\/wp\/v2\/media\/3328"}],"wp:attachment":[{"href":"https:\/\/jornalfatosenoticias.com.br\/index.php\/wp-json\/wp\/v2\/media?parent=3325"}],"wp:term":[{"taxonomy":"category","embeddable":true,"href":"https:\/\/jornalfatosenoticias.com.br\/index.php\/wp-json\/wp\/v2\/categories?post=3325"},{"taxonomy":"post_tag","embeddable":true,"href":"https:\/\/jornalfatosenoticias.com.br\/index.php\/wp-json\/wp\/v2\/tags?post=3325"}],"curies":[{"name":"wp","href":"https:\/\/api.w.org\/{rel}","templated":true}]}}