{"id":33262,"date":"2022-08-16T14:07:03","date_gmt":"2022-08-16T17:07:03","guid":{"rendered":"https:\/\/jornalfatosenoticias.com.br\/?p=33262"},"modified":"2022-08-16T14:07:04","modified_gmt":"2022-08-16T17:07:04","slug":"brasil-tem-duas-populacoes-de-ra-touro-especie-exotica-transmissora-de-fungo-mortal","status":"publish","type":"post","link":"https:\/\/jornalfatosenoticias.com.br\/index.php\/2022\/08\/16\/brasil-tem-duas-populacoes-de-ra-touro-especie-exotica-transmissora-de-fungo-mortal\/","title":{"rendered":"Brasil tem duas popula\u00e7\u00f5es de r\u00e3-touro, esp\u00e9cie ex\u00f3tica transmissora de fungo mortal"},"content":{"rendered":"\n<p><em><span class=\"has-inline-color has-black-color\">An\u00e1lises gen\u00e9ticas do animal origin\u00e1rio da Am\u00e9rica do Norte presente em nove estados brasileiros mostram que linhagem introduzida no Pa\u00eds em 1935 prevalece tanto em cativeiro quanto na natureza, dificultando fiscaliza\u00e7\u00e3o. R\u00e3 preda e transmite doen\u00e7as para esp\u00e9cies nativas<\/span><\/em><\/p>\n\n\n\n<div class=\"wp-block-image\"><figure class=\"aligncenter size-large\"><img loading=\"lazy\" decoding=\"async\" width=\"1024\" height=\"103\" src=\"https:\/\/jornalfatosenoticias.com.br\/wp-content\/uploads\/2022\/02\/Arte-Autoescola-Galatas_endereco_portal-1024x103.png\" alt=\"\" class=\"wp-image-27869\" srcset=\"https:\/\/jornalfatosenoticias.com.br\/wp-content\/uploads\/2022\/02\/Arte-Autoescola-Galatas_endereco_portal-1024x103.png 1024w, https:\/\/jornalfatosenoticias.com.br\/wp-content\/uploads\/2022\/02\/Arte-Autoescola-Galatas_endereco_portal-300x30.png 300w, https:\/\/jornalfatosenoticias.com.br\/wp-content\/uploads\/2022\/02\/Arte-Autoescola-Galatas_endereco_portal-768x77.png 768w, https:\/\/jornalfatosenoticias.com.br\/wp-content\/uploads\/2022\/02\/Arte-Autoescola-Galatas_endereco_portal.png 1223w\" sizes=\"auto, (max-width: 1024px) 100vw, 1024px\" \/><\/figure><\/div>\n\n\n\n<p>Pesquisadores da Universidade de S\u00e3o Paulo (USP) e da Universidade Estadual de Campinas (Unicamp) realizaram a mais ampla an\u00e1lise gen\u00e9tica das popula\u00e7\u00f5es de r\u00e3-touro americana (<em>Aquarana catesbeiana<\/em>) no Brasil. A conclus\u00e3o \u00e9 que h\u00e1 duas popula\u00e7\u00f5es da esp\u00e9cie no Pa\u00eds, ambas presentes tanto em ran\u00e1rios como invadindo ecossistemas locais. O estudo, apoiado pela Fapesp, foi publicado na revista <strong><a href=\"https:\/\/www.nature.com\/articles\/s41598-022-13870-2\" target=\"_blank\" rel=\"noreferrer noopener\">Scientific Reports<\/a>.<\/strong>.<br>\u201cConfirmamos a exist\u00eancia de pelo menos duas popula\u00e7\u00f5es diferentes. Uma delas provavelmente descende dos primeiros animais introduzidos no Brasil. Essa popula\u00e7\u00e3o est\u00e1 presente em praticamente todo Sul e Sudeste. A outra \u00e9 praticamente restrita a Minas Gerais, mas ocorre em menor n\u00famero em outros estados\u201d, conta Gabriel Jorgewich-Cohen, primeiro autor do trabalho, realizado como parte do seu mestrado no Instituto de Bioci\u00eancias (IB) da USP com bolsa do Conselho Nacional de Desenvolvimento Cient\u00edfico e Tecnol\u00f3gico (CNPq).<\/p>\n\n\n\n<div class=\"wp-block-image\"><figure class=\"aligncenter size-large is-resized\"><img loading=\"lazy\" decoding=\"async\" src=\"https:\/\/jornalfatosenoticias.com.br\/wp-content\/uploads\/2020\/02\/Serra-Grande-1024x160.png\" alt=\"\" class=\"wp-image-7836\" width=\"472\" height=\"73\"\/><\/figure><\/div>\n\n\n\n<p>Introduzida no Pa\u00eds pela primeira vez em 1935, no Rio de Janeiro, para a produ\u00e7\u00e3o de carne, a esp\u00e9cie nativa da Am\u00e9rica do Norte passou a ser criada em praticamente todo Sul e Sudeste. Por\u00e9m, se espalhou tamb\u00e9m na natureza, gerando impactos para os ecossistemas locais, principalmente doen\u00e7as para as quais as esp\u00e9cies nativas n\u00e3o possuem defesa.<\/p>\n\n\n\n<div class=\"wp-block-image\"><figure class=\"aligncenter size-large\"><img decoding=\"async\" src=\"https:\/\/jornalfatosenoticias.com.br\/wp-content\/uploads\/2020\/02\/logo_esteio.jpg\" alt=\"\" class=\"wp-image-1214\"\/><\/figure><\/div>\n\n\n\n<blockquote class=\"wp-block-quote is-layout-flow wp-block-quote-is-layout-flow\"><p><span class=\"has-inline-color has-luminous-vivid-orange-color\">\u201cNossos resultados mostram que as r\u00e3s invasoras e de cativeiro s\u00e3o indistingu\u00edveis geneticamente, refor\u00e7ando a import\u00e2ncia da preven\u00e7\u00e3o dos escapes dos ran\u00e1rios\u201d, afirma Taran Grant, professor do IB-USP apoiado pela Fapesp, que coordenou o estudo.<\/span><\/p><\/blockquote>\n\n\n\n<div class=\"wp-block-image\"><figure class=\"alignleft size-large is-resized\"><img loading=\"lazy\" decoding=\"async\" src=\"https:\/\/jornalfatosenoticias.com.br\/wp-content\/uploads\/2022\/02\/Precisao-Contabilidade-1024x724.jpg\" alt=\"\" class=\"wp-image-28088\" width=\"324\" height=\"228\"\/><\/figure><\/div>\n\n\n\n<p>Caso houvesse uma maior diversidade gen\u00e9tica das popula\u00e7\u00f5es, seria poss\u00edvel saber com mais precis\u00e3o a proced\u00eancia de cada animal. Assim, em tese, an\u00e1lises de r\u00e3s-touro capturadas na natureza poderiam apontar uma regi\u00e3o ou mesmo um ran\u00e1rio de onde ela ou um ancestral pr\u00f3ximo escapou, possibilitando uma melhor fiscaliza\u00e7\u00e3o. Entre as popula\u00e7\u00f5es introduzidas dessa esp\u00e9cie j\u00e1 estudadas em outros pa\u00edses, por\u00e9m, a brasileira \u00e9 a que tem a menor diversidade. A r\u00e3-touro \u00e9 considerada a principal esp\u00e9cie de anf\u00edbio invasora no mundo.<\/p>\n\n\n\n<div class=\"wp-block-image\"><figure class=\"aligncenter size-large\"><img loading=\"lazy\" decoding=\"async\" width=\"1024\" height=\"100\" src=\"https:\/\/jornalfatosenoticias.com.br\/wp-content\/uploads\/2022\/05\/NOVA-LOGO-CESCONETTO-1024x100.jpg\" alt=\"\" class=\"wp-image-30792\" srcset=\"https:\/\/jornalfatosenoticias.com.br\/wp-content\/uploads\/2022\/05\/NOVA-LOGO-CESCONETTO-1024x100.jpg 1024w, https:\/\/jornalfatosenoticias.com.br\/wp-content\/uploads\/2022\/05\/NOVA-LOGO-CESCONETTO-300x29.jpg 300w, https:\/\/jornalfatosenoticias.com.br\/wp-content\/uploads\/2022\/05\/NOVA-LOGO-CESCONETTO-768x75.jpg 768w, https:\/\/jornalfatosenoticias.com.br\/wp-content\/uploads\/2022\/05\/NOVA-LOGO-CESCONETTO.jpg 1280w\" sizes=\"auto, (max-width: 1024px) 100vw, 1024px\" \/><\/figure><\/div>\n\n\n\n<p><strong><span class=\"has-inline-color has-vivid-green-cyan-color\">Pol\u00edtica de Estado<br><\/span><\/strong>Os pesquisadores analisaram genes espec\u00edficos de animais coletados em 38 locais nos sete dos nove estados em que a r\u00e3-touro \u00e9 encontrada invadindo a natureza. Foram analisadas 324 amostras, tanto desses indiv\u00edduos \u201cselvagens\u201d quanto dos presentes em ran\u00e1rios.<br>A conclus\u00e3o \u00e9 que a imensa maioria faz parte de uma mesma popula\u00e7\u00e3o, descendente da primeira leva trazida da Am\u00e9rica do Norte para o Rio de Janeiro em 1935 e depois espalhada pelo Pa\u00eds, incentivada por pol\u00edticas estaduais. De acordo com as an\u00e1lises, a outra popula\u00e7\u00e3o descende de uma leva de animais trazida nos anos 1970 para Minas Gerais, resultado de uma pol\u00edtica p\u00fablica mais tardia daquele estado, que trouxe as matrizes, provavelmente, dos Estados Unidos \u2014 al\u00e9m do leste daquele pa\u00eds e do sul do Canad\u00e1, a esp\u00e9cie \u00e9 nativa tamb\u00e9m do norte do M\u00e9xico.<\/p>\n\n\n\n<div class=\"wp-block-image\"><figure class=\"aligncenter size-large is-resized\"><img loading=\"lazy\" decoding=\"async\" src=\"https:\/\/jornalfatosenoticias.com.br\/wp-content\/uploads\/2020\/02\/nova-logo-Marquetti.jpg\" alt=\"\" class=\"wp-image-22331\" width=\"316\" height=\"212\" srcset=\"https:\/\/jornalfatosenoticias.com.br\/wp-content\/uploads\/2020\/02\/nova-logo-Marquetti.jpg 643w, https:\/\/jornalfatosenoticias.com.br\/wp-content\/uploads\/2020\/02\/nova-logo-Marquetti-300x202.jpg 300w\" sizes=\"auto, (max-width: 316px) 100vw, 316px\" \/><\/figure><\/div>\n\n\n\n<blockquote class=\"wp-block-quote is-layout-flow wp-block-quote-is-layout-flow\"><p><span class=\"has-inline-color has-luminous-vivid-orange-color\">\u201cOs resultados das an\u00e1lises gen\u00e9ticas coincidem com essas duas introdu\u00e7\u00f5es mais bem documentadas, embora fale-se de outras nos anos 1980 e nos anos 2000, al\u00e9m de iniciativas isoladas de alguns produtores. Se houve outros eventos de introdu\u00e7\u00e3o, h\u00e1 tr\u00eas hip\u00f3teses: eram animais com a mesma origem dos que estavam aqui; houve uma miscigena\u00e7\u00e3o a ponto de se fundirem \u00e0s popula\u00e7\u00f5es j\u00e1 presentes ou simplesmente n\u00e3o coletamos amostras desses indiv\u00edduos\u201d, explica Jorgewich-Cohen, que atualmente faz doutorado na Universidade de Zurique, na Su\u00ed\u00e7a.<\/span><\/p><\/blockquote>\n\n\n\n<div class=\"wp-block-image\"><figure class=\"aligncenter size-large is-resized\"><img loading=\"lazy\" decoding=\"async\" src=\"https:\/\/jornalfatosenoticias.com.br\/wp-content\/uploads\/2022\/02\/Serra-Pack-459.png\" alt=\"\" class=\"wp-image-27471\" width=\"345\" height=\"138\"\/><\/figure><\/div>\n\n\n\n<p>No Brasil, o pico da ranicultura ocorreu nos anos 1980, com cerca de dois mil ran\u00e1rios em funcionamento. Por uma s\u00e9rie de fatores, incluindo falta de investimentos privados e de incentivos p\u00fablicos, na d\u00e9cada seguinte a cultura entrou em decad\u00eancia, com muitas fazendas abandonadas e animais soltos na natureza.<\/p>\n\n\n\n<blockquote class=\"wp-block-quote is-layout-flow wp-block-quote-is-layout-flow\"><p><span class=\"has-inline-color has-luminous-vivid-orange-color\">\u201cA esp\u00e9cie se reproduz facilmente, p\u00f5e muitos ovos e cresce bastante e r\u00e1pido, chegando a 15 cent\u00edmetros. Al\u00e9m disso, \u00e9 bastante resistente a doen\u00e7as, podendo conviver com a infec\u00e7\u00e3o por fungos ou v\u00edrus implicados nos decl\u00ednios globais de anf\u00edbios, sem necessariamente atrapalhar o seu desenvolvimento\u201d, relata Lu\u00eds Felipe Toledo, professor do Instituto de Biologia (IB) da Unicamp apoiado pela Fapesp e um dos coautores do estudo.<\/span><\/p><\/blockquote>\n\n\n\n<div class=\"wp-block-image\"><figure class=\"aligncenter size-large is-resized\"><img loading=\"lazy\" decoding=\"async\" src=\"https:\/\/jornalfatosenoticias.com.br\/wp-content\/uploads\/2022\/03\/logo-Suinco-1024x390.jpg\" alt=\"\" class=\"wp-image-28785\" width=\"386\" height=\"146\"\/><\/figure><\/div>\n\n\n\n<p><strong><span class=\"has-inline-color has-vivid-green-cyan-color\">Invas\u00e3o americana<br><\/span><\/strong>Essas caracter\u00edsticas, desej\u00e1veis em qualquer esp\u00e9cie para cria\u00e7\u00e3o, se tornam um m\u00faltiplo problema ambiental quando os animais em quest\u00e3o invadem \u00e1reas naturais. No caso da r\u00e3-touro, os impactos incluem a competi\u00e7\u00e3o por recursos, como alimento, com as esp\u00e9cies nativas. A esp\u00e9cie norte-americana \u00e9 ainda um predador voraz, podendo comer n\u00e3o apenas outros sapos como cobras, aves e mesmo pequenos mam\u00edferos. Com seu canto grave, as r\u00e3s-touro interferem ainda na reprodu\u00e7\u00e3o dos anf\u00edbios nativos.<\/p>\n\n\n\n<div class=\"wp-block-image\"><figure class=\"aligncenter size-large is-resized\"><img loading=\"lazy\" decoding=\"async\" src=\"https:\/\/jornalfatosenoticias.com.br\/wp-content\/uploads\/2020\/02\/SEVENTUR-TURISMO.jpg\" alt=\"\" class=\"wp-image-32994\" width=\"263\" height=\"208\"\/><\/figure><\/div>\n\n\n\n<blockquote class=\"wp-block-quote is-layout-flow wp-block-quote-is-layout-flow\"><p><span class=\"has-inline-color has-luminous-vivid-orange-color\">\u201cEssas altera\u00e7\u00f5es podem ter impactos importantes na reprodu\u00e7\u00e3o, uma vez que a maioria das esp\u00e9cies de anuros [sapos, r\u00e3s e pererecas] depende da comunica\u00e7\u00e3o ac\u00fastica para encontrar, avaliar e escolher os casais\u201d, diz Grant.<\/span><\/p><\/blockquote>\n\n\n\n<div class=\"wp-block-image\"><figure class=\"alignright size-large is-resized\"><img loading=\"lazy\" decoding=\"async\" src=\"https:\/\/jornalfatosenoticias.com.br\/wp-content\/uploads\/2022\/07\/Logo-Grupo-SEI.jpg\" alt=\"\" class=\"wp-image-31973\" width=\"315\" height=\"166\" srcset=\"https:\/\/jornalfatosenoticias.com.br\/wp-content\/uploads\/2022\/07\/Logo-Grupo-SEI.jpg 713w, https:\/\/jornalfatosenoticias.com.br\/wp-content\/uploads\/2022\/07\/Logo-Grupo-SEI-300x158.jpg 300w\" sizes=\"auto, (max-width: 315px) 100vw, 315px\" \/><\/figure><\/div>\n\n\n\n<p>O problema ambiental mais grave, ou pelo menos o mais documentado at\u00e9 hoje, por\u00e9m, \u00e9 a transmiss\u00e3o de doen\u00e7as. \u201cComo se espalhou pela Mata Atl\u00e2ntica, do Rio de Janeiro ao Rio Grande do Sul, a r\u00e3-touro tem causado v\u00e1rios impactos na fauna nativa. O principal, por\u00e9m, se deve ao fato de ela carregar o fungo quitr\u00eddio (<em>Batrachochytrium dendrobatidis<\/em>) e o ranav\u00edrus, dois pat\u00f3genos que os anf\u00edbios nativos n\u00e3o t\u00eam resist\u00eancia como ela e que j\u00e1 causaram at\u00e9 extin\u00e7\u00f5es de esp\u00e9cies\u201d, conta Toledo.<\/p>\n\n\n\n<div class=\"wp-block-image\"><figure class=\"aligncenter size-large\"><img loading=\"lazy\" decoding=\"async\" width=\"1024\" height=\"100\" src=\"https:\/\/jornalfatosenoticias.com.br\/wp-content\/uploads\/2020\/02\/banner_ferramentas-1024x100.jpg\" alt=\"\" class=\"wp-image-1258\" srcset=\"https:\/\/jornalfatosenoticias.com.br\/wp-content\/uploads\/2020\/02\/banner_ferramentas-1024x100.jpg 1024w, https:\/\/jornalfatosenoticias.com.br\/wp-content\/uploads\/2020\/02\/banner_ferramentas-300x29.jpg 300w, https:\/\/jornalfatosenoticias.com.br\/wp-content\/uploads\/2020\/02\/banner_ferramentas-768x75.jpg 768w, https:\/\/jornalfatosenoticias.com.br\/wp-content\/uploads\/2020\/02\/banner_ferramentas.jpg 1227w\" sizes=\"auto, (max-width: 1024px) 100vw, 1024px\" \/><\/figure><\/div>\n\n\n\n<p>O fungo quitr\u00eddio causa a quitridiomicose, se instalando na pele dos anf\u00edbios, interferindo nas trocas gasosas feitas pelo \u00f3rg\u00e3o e podendo levar a paradas card\u00edacas, seguidas de \u00f3bito. O pat\u00f3geno j\u00e1 dizimou popula\u00e7\u00f5es de ao menos 501 esp\u00e9cies de anf\u00edbios no mundo (leia mais <strong><a href=\"https:\/\/agencia.fapesp.br\/anfibios-infectados-por-ranavirus-sao-detectados-na-mata-atlantica\/30610\/\" target=\"_blank\" rel=\"noreferrer noopener\">aqui<\/a><\/strong>).<br>O ranav\u00edrus tamb\u00e9m est\u00e1 associado a decl\u00ednios de popula\u00e7\u00f5es desses animais e j\u00e1 foi detectado na Mata Atl\u00e2ntica (leia mais <strong><a href=\"https:\/\/agencia.fapesp.br\/anfibios-infectados-por-ranavirus-sao-detectados-na-mata-atlantica\/30610\/\" target=\"_blank\" rel=\"noreferrer noopener\">aqui<\/a><\/strong>). Segundo a legisla\u00e7\u00e3o vigente, caso seja encontrado o fungo quitr\u00eddio ou o ranav\u00edrus em uma cria\u00e7\u00e3o, \u00e9 obrigat\u00f3rio notificar o Minist\u00e9rio da Agricultura, Pecu\u00e1ria e Abastecimento (Mapa) e fazer o chamado vazio sanit\u00e1rio: todos os animais devem ser mortos e o local desinfetado antes que seja iniciada uma nova cria\u00e7\u00e3o. No entanto, n\u00e3o \u00e9 o que ocorre.<\/p>\n\n\n\n<div class=\"wp-block-image\"><figure class=\"aligncenter size-large is-resized\"><img loading=\"lazy\" decoding=\"async\" src=\"https:\/\/jornalfatosenoticias.com.br\/wp-content\/uploads\/2022\/08\/logo-locau-veiculos-1024x573.png\" alt=\"\" class=\"wp-image-33078\" width=\"332\" height=\"185\"\/><\/figure><\/div>\n\n\n\n<blockquote class=\"wp-block-quote is-layout-flow wp-block-quote-is-layout-flow\"><p><span class=\"has-inline-color has-luminous-vivid-orange-color\">\u201cEm praticamente todos os ran\u00e1rios que visitamos foi encontrado o fungo quitr\u00eddio. Existe um tr\u00e2nsito intenso de animais dentro do pa\u00eds, com produtores trocando indiv\u00edduos entre si com a falsa ideia de que isso vai aumentar a diversidade gen\u00e9tica do plantel\u201d, diz o pesquisador, que trabalha junto ao Mapa e secretarias estaduais para melhorar a legisla\u00e7\u00e3o e tentar controlar a esp\u00e9cie no Pa\u00eds.<\/span><\/p><\/blockquote>\n\n\n\n<div class=\"wp-block-image\"><figure class=\"aligncenter size-large\"><img loading=\"lazy\" decoding=\"async\" width=\"1024\" height=\"99\" src=\"https:\/\/jornalfatosenoticias.com.br\/wp-content\/uploads\/2020\/02\/Logo-Mizu-segunda-2-1024x99.png\" alt=\"\" class=\"wp-image-2353\" srcset=\"https:\/\/jornalfatosenoticias.com.br\/wp-content\/uploads\/2020\/02\/Logo-Mizu-segunda-2-1024x99.png 1024w, https:\/\/jornalfatosenoticias.com.br\/wp-content\/uploads\/2020\/02\/Logo-Mizu-segunda-2-300x29.png 300w, https:\/\/jornalfatosenoticias.com.br\/wp-content\/uploads\/2020\/02\/Logo-Mizu-segunda-2-768x74.png 768w, https:\/\/jornalfatosenoticias.com.br\/wp-content\/uploads\/2020\/02\/Logo-Mizu-segunda-2.png 1240w\" sizes=\"auto, (max-width: 1024px) 100vw, 1024px\" \/><\/figure><\/div>\n\n\n\n<p>O que o estudo mostra \u00e9 que a pr\u00e1tica de trocar animais entre ran\u00e1rios apenas consolidou as mesmas popula\u00e7\u00f5es no Pa\u00eds, mantidas com baixa diversidade gen\u00e9tica. O que n\u00e3o necessariamente atrapalhou a atividade econ\u00f4mica. Atualmente, o Brasil produz 400 toneladas anuais de carne de r\u00e3-touro. A produ\u00e7\u00e3o \u00e9 exclusiva para abastecer o mercado interno.<\/p>\n\n\n\n<div class=\"wp-block-image\"><figure class=\"aligncenter size-large\"><img loading=\"lazy\" decoding=\"async\" width=\"300\" height=\"250\" src=\"https:\/\/jornalfatosenoticias.com.br\/wp-content\/uploads\/2022\/08\/arte-Casarao.jpg\" alt=\"\" class=\"wp-image-33178\"\/><\/figure><\/div>\n\n\n\n<blockquote class=\"wp-block-quote is-layout-flow wp-block-quote-is-layout-flow\"><p><span class=\"has-inline-color has-luminous-vivid-orange-color\">\u201cO interesse na preven\u00e7\u00e3o das doen\u00e7as causadas pelo fungo quitr\u00eddio e o ranav\u00edrus \u00e9 muito incipiente ainda, uma vez que muitos dos produtores nem sequer d\u00e3o conta de vender o que produzem. Seria preciso melhorar muito a fiscaliza\u00e7\u00e3o. Uma sa\u00edda alternativa poderia ser desenvolver o setor. Com grandes frigor\u00edficos se interessando pelo produto, obrigatoriamente as exig\u00eancias sanit\u00e1rias seriam maiores tanto por parte deles como dos consumidores\u201d, encerra Toledo.<\/span><\/p><\/blockquote>\n\n\n\n<p>O artigo\u00a0<em>Genetic structure of American bullfrog populations in Brazil<\/em>\u00a0pode ser lido\u00a0<a href=\"https:\/\/www.nature.com\/articles\/s41598-022-13870-2\" target=\"_blank\" rel=\"noreferrer noopener\"><strong>aqui.<\/strong><\/a><\/p>\n\n\n\n<p><strong><em>Fonte: <a href=\"https:\/\/umsoplaneta.globo.com\/biodiversidade\/noticia\/2022\/08\/06\/brasil-tem-duas-populacoes-de-ra-touro-especie-exotica-transmissora-de-fungo-mortal.ghtml\">Um S\u00f3 Planeta<\/a><\/em><\/strong><\/p>\n","protected":false},"excerpt":{"rendered":"<p>An\u00e1lises gen\u00e9ticas do animal origin\u00e1rio da Am\u00e9rica do Norte presente em nove estados brasileiros mostram que linhagem introduzida no Pa\u00eds em 1935 prevalece tanto em cativeiro quanto na natureza, dificultando fiscaliza\u00e7\u00e3o. R\u00e3 preda e transmite doen\u00e7as para esp\u00e9cies nativas Pesquisadores da Universidade de S\u00e3o Paulo (USP) e da Universidade Estadual de Campinas (Unicamp) realizaram a [&hellip;]<\/p>\n","protected":false},"author":2,"featured_media":33263,"comment_status":"open","ping_status":"open","sticky":false,"template":"","format":"standard","meta":{"footnotes":""},"categories":[8],"tags":[2011,8816,4129,15668],"class_list":["post-33262","post","type-post","status-publish","format-standard","has-post-thumbnail","hentry","category-meio-ambiente","tag-especie-exotica","tag-especies-nativas","tag-fungo","tag-ra-touro"],"yoast_head":"<!-- This site is optimized with the Yoast SEO plugin v26.5 - https:\/\/yoast.com\/wordpress\/plugins\/seo\/ -->\n<title>Brasil tem duas popula\u00e7\u00f5es de r\u00e3-touro, esp\u00e9cie ex\u00f3tica transmissora de fungo mortal - Jornal Fatos e Not\u00edcias<\/title>\n<meta name=\"robots\" content=\"index, follow, max-snippet:-1, max-image-preview:large, max-video-preview:-1\" \/>\n<link rel=\"canonical\" href=\"https:\/\/jornalfatosenoticias.com.br\/index.php\/2022\/08\/16\/brasil-tem-duas-populacoes-de-ra-touro-especie-exotica-transmissora-de-fungo-mortal\/\" \/>\n<meta property=\"og:locale\" content=\"pt_BR\" \/>\n<meta property=\"og:type\" content=\"article\" \/>\n<meta property=\"og:title\" content=\"Brasil tem duas popula\u00e7\u00f5es de r\u00e3-touro, esp\u00e9cie ex\u00f3tica transmissora de fungo mortal - Jornal Fatos e Not\u00edcias\" \/>\n<meta property=\"og:description\" content=\"An\u00e1lises gen\u00e9ticas do animal origin\u00e1rio da Am\u00e9rica do Norte presente em nove estados brasileiros mostram que linhagem introduzida no Pa\u00eds em 1935 prevalece tanto em cativeiro quanto na natureza, dificultando fiscaliza\u00e7\u00e3o. R\u00e3 preda e transmite doen\u00e7as para esp\u00e9cies nativas Pesquisadores da Universidade de S\u00e3o Paulo (USP) e da Universidade Estadual de Campinas (Unicamp) realizaram a [&hellip;]\" \/>\n<meta property=\"og:url\" content=\"https:\/\/jornalfatosenoticias.com.br\/index.php\/2022\/08\/16\/brasil-tem-duas-populacoes-de-ra-touro-especie-exotica-transmissora-de-fungo-mortal\/\" \/>\n<meta property=\"og:site_name\" content=\"Jornal Fatos e Not\u00edcias\" \/>\n<meta property=\"article:published_time\" content=\"2022-08-16T17:07:03+00:00\" \/>\n<meta property=\"article:modified_time\" content=\"2022-08-16T17:07:04+00:00\" \/>\n<meta property=\"og:image\" content=\"https:\/\/jornalfatosenoticias.com.br\/wp-content\/uploads\/2022\/08\/ra-touro_gettyimages.jpg\" \/>\n\t<meta property=\"og:image:width\" content=\"1000\" \/>\n\t<meta property=\"og:image:height\" content=\"666\" \/>\n\t<meta property=\"og:image:type\" content=\"image\/jpeg\" \/>\n<meta name=\"author\" content=\"Luzimara Fernandes\" \/>\n<meta name=\"twitter:card\" content=\"summary_large_image\" \/>\n<meta name=\"twitter:label1\" content=\"Escrito por\" \/>\n\t<meta name=\"twitter:data1\" content=\"Luzimara Fernandes\" \/>\n\t<meta name=\"twitter:label2\" content=\"Est. tempo de leitura\" \/>\n\t<meta name=\"twitter:data2\" content=\"7 minutos\" \/>\n<script type=\"application\/ld+json\" class=\"yoast-schema-graph\">{\"@context\":\"https:\/\/schema.org\",\"@graph\":[{\"@type\":\"Article\",\"@id\":\"https:\/\/jornalfatosenoticias.com.br\/index.php\/2022\/08\/16\/brasil-tem-duas-populacoes-de-ra-touro-especie-exotica-transmissora-de-fungo-mortal\/#article\",\"isPartOf\":{\"@id\":\"https:\/\/jornalfatosenoticias.com.br\/index.php\/2022\/08\/16\/brasil-tem-duas-populacoes-de-ra-touro-especie-exotica-transmissora-de-fungo-mortal\/\"},\"author\":{\"name\":\"Luzimara Fernandes\",\"@id\":\"https:\/\/jornalfatosenoticias.com.br\/#\/schema\/person\/d63837fa13ac8666eb9e74e0985d6f81\"},\"headline\":\"Brasil tem duas popula\u00e7\u00f5es de r\u00e3-touro, esp\u00e9cie ex\u00f3tica transmissora de fungo mortal\",\"datePublished\":\"2022-08-16T17:07:03+00:00\",\"dateModified\":\"2022-08-16T17:07:04+00:00\",\"mainEntityOfPage\":{\"@id\":\"https:\/\/jornalfatosenoticias.com.br\/index.php\/2022\/08\/16\/brasil-tem-duas-populacoes-de-ra-touro-especie-exotica-transmissora-de-fungo-mortal\/\"},\"wordCount\":1381,\"commentCount\":0,\"publisher\":{\"@id\":\"https:\/\/jornalfatosenoticias.com.br\/#organization\"},\"image\":{\"@id\":\"https:\/\/jornalfatosenoticias.com.br\/index.php\/2022\/08\/16\/brasil-tem-duas-populacoes-de-ra-touro-especie-exotica-transmissora-de-fungo-mortal\/#primaryimage\"},\"thumbnailUrl\":\"https:\/\/jornalfatosenoticias.com.br\/wp-content\/uploads\/2022\/08\/ra-touro_gettyimages.jpg\",\"keywords\":[\"esp\u00e9cie ex\u00f3tica\",\"esp\u00e9cies nativas\",\"fungo\",\"r\u00e3-touro\"],\"articleSection\":[\"Meio ambiente\"],\"inLanguage\":\"pt-BR\",\"potentialAction\":[{\"@type\":\"CommentAction\",\"name\":\"Comment\",\"target\":[\"https:\/\/jornalfatosenoticias.com.br\/index.php\/2022\/08\/16\/brasil-tem-duas-populacoes-de-ra-touro-especie-exotica-transmissora-de-fungo-mortal\/#respond\"]}]},{\"@type\":\"WebPage\",\"@id\":\"https:\/\/jornalfatosenoticias.com.br\/index.php\/2022\/08\/16\/brasil-tem-duas-populacoes-de-ra-touro-especie-exotica-transmissora-de-fungo-mortal\/\",\"url\":\"https:\/\/jornalfatosenoticias.com.br\/index.php\/2022\/08\/16\/brasil-tem-duas-populacoes-de-ra-touro-especie-exotica-transmissora-de-fungo-mortal\/\",\"name\":\"Brasil tem duas popula\u00e7\u00f5es de r\u00e3-touro, esp\u00e9cie ex\u00f3tica transmissora de fungo mortal - Jornal Fatos e Not\u00edcias\",\"isPartOf\":{\"@id\":\"https:\/\/jornalfatosenoticias.com.br\/#website\"},\"primaryImageOfPage\":{\"@id\":\"https:\/\/jornalfatosenoticias.com.br\/index.php\/2022\/08\/16\/brasil-tem-duas-populacoes-de-ra-touro-especie-exotica-transmissora-de-fungo-mortal\/#primaryimage\"},\"image\":{\"@id\":\"https:\/\/jornalfatosenoticias.com.br\/index.php\/2022\/08\/16\/brasil-tem-duas-populacoes-de-ra-touro-especie-exotica-transmissora-de-fungo-mortal\/#primaryimage\"},\"thumbnailUrl\":\"https:\/\/jornalfatosenoticias.com.br\/wp-content\/uploads\/2022\/08\/ra-touro_gettyimages.jpg\",\"datePublished\":\"2022-08-16T17:07:03+00:00\",\"dateModified\":\"2022-08-16T17:07:04+00:00\",\"breadcrumb\":{\"@id\":\"https:\/\/jornalfatosenoticias.com.br\/index.php\/2022\/08\/16\/brasil-tem-duas-populacoes-de-ra-touro-especie-exotica-transmissora-de-fungo-mortal\/#breadcrumb\"},\"inLanguage\":\"pt-BR\",\"potentialAction\":[{\"@type\":\"ReadAction\",\"target\":[\"https:\/\/jornalfatosenoticias.com.br\/index.php\/2022\/08\/16\/brasil-tem-duas-populacoes-de-ra-touro-especie-exotica-transmissora-de-fungo-mortal\/\"]}]},{\"@type\":\"ImageObject\",\"inLanguage\":\"pt-BR\",\"@id\":\"https:\/\/jornalfatosenoticias.com.br\/index.php\/2022\/08\/16\/brasil-tem-duas-populacoes-de-ra-touro-especie-exotica-transmissora-de-fungo-mortal\/#primaryimage\",\"url\":\"https:\/\/jornalfatosenoticias.com.br\/wp-content\/uploads\/2022\/08\/ra-touro_gettyimages.jpg\",\"contentUrl\":\"https:\/\/jornalfatosenoticias.com.br\/wp-content\/uploads\/2022\/08\/ra-touro_gettyimages.jpg\",\"width\":1000,\"height\":666},{\"@type\":\"BreadcrumbList\",\"@id\":\"https:\/\/jornalfatosenoticias.com.br\/index.php\/2022\/08\/16\/brasil-tem-duas-populacoes-de-ra-touro-especie-exotica-transmissora-de-fungo-mortal\/#breadcrumb\",\"itemListElement\":[{\"@type\":\"ListItem\",\"position\":1,\"name\":\"In\u00edcio\",\"item\":\"https:\/\/jornalfatosenoticias.com.br\/\"},{\"@type\":\"ListItem\",\"position\":2,\"name\":\"Brasil tem duas popula\u00e7\u00f5es de r\u00e3-touro, esp\u00e9cie ex\u00f3tica transmissora de fungo mortal\"}]},{\"@type\":\"WebSite\",\"@id\":\"https:\/\/jornalfatosenoticias.com.br\/#website\",\"url\":\"https:\/\/jornalfatosenoticias.com.br\/\",\"name\":\"Jornal Fatos e Not\u00edcias\",\"description\":\"Not\u00edcias em geral\",\"publisher\":{\"@id\":\"https:\/\/jornalfatosenoticias.com.br\/#organization\"},\"potentialAction\":[{\"@type\":\"SearchAction\",\"target\":{\"@type\":\"EntryPoint\",\"urlTemplate\":\"https:\/\/jornalfatosenoticias.com.br\/?s={search_term_string}\"},\"query-input\":{\"@type\":\"PropertyValueSpecification\",\"valueRequired\":true,\"valueName\":\"search_term_string\"}}],\"inLanguage\":\"pt-BR\"},{\"@type\":\"Organization\",\"@id\":\"https:\/\/jornalfatosenoticias.com.br\/#organization\",\"name\":\"Jornal Fatos e Not\u00edcias\",\"url\":\"https:\/\/jornalfatosenoticias.com.br\/\",\"logo\":{\"@type\":\"ImageObject\",\"inLanguage\":\"pt-BR\",\"@id\":\"https:\/\/jornalfatosenoticias.com.br\/#\/schema\/logo\/image\/\",\"url\":\"https:\/\/jornalfatosenoticias.com.br\/wp-content\/uploads\/2020\/02\/logo120.png\",\"contentUrl\":\"https:\/\/jornalfatosenoticias.com.br\/wp-content\/uploads\/2020\/02\/logo120.png\",\"width\":1227,\"height\":120,\"caption\":\"Jornal Fatos e Not\u00edcias\"},\"image\":{\"@id\":\"https:\/\/jornalfatosenoticias.com.br\/#\/schema\/logo\/image\/\"}},{\"@type\":\"Person\",\"@id\":\"https:\/\/jornalfatosenoticias.com.br\/#\/schema\/person\/d63837fa13ac8666eb9e74e0985d6f81\",\"name\":\"Luzimara Fernandes\",\"image\":{\"@type\":\"ImageObject\",\"inLanguage\":\"pt-BR\",\"@id\":\"https:\/\/jornalfatosenoticias.com.br\/#\/schema\/person\/image\/\",\"url\":\"https:\/\/jornalfatosenoticias.com.br\/wp-content\/uploads\/2025\/05\/EU_portal.jpg\",\"contentUrl\":\"https:\/\/jornalfatosenoticias.com.br\/wp-content\/uploads\/2025\/05\/EU_portal.jpg\",\"caption\":\"Luzimara Fernandes\"},\"description\":\"Jornalista MTB 2358-ES\",\"sameAs\":[\"https:\/\/jornalfatosenoticias.com.br\"],\"url\":\"https:\/\/jornalfatosenoticias.com.br\/index.php\/author\/luzimara\/\"}]}<\/script>\n<!-- \/ Yoast SEO plugin. -->","yoast_head_json":{"title":"Brasil tem duas popula\u00e7\u00f5es de r\u00e3-touro, esp\u00e9cie ex\u00f3tica transmissora de fungo mortal - Jornal Fatos e Not\u00edcias","robots":{"index":"index","follow":"follow","max-snippet":"max-snippet:-1","max-image-preview":"max-image-preview:large","max-video-preview":"max-video-preview:-1"},"canonical":"https:\/\/jornalfatosenoticias.com.br\/index.php\/2022\/08\/16\/brasil-tem-duas-populacoes-de-ra-touro-especie-exotica-transmissora-de-fungo-mortal\/","og_locale":"pt_BR","og_type":"article","og_title":"Brasil tem duas popula\u00e7\u00f5es de r\u00e3-touro, esp\u00e9cie ex\u00f3tica transmissora de fungo mortal - Jornal Fatos e Not\u00edcias","og_description":"An\u00e1lises gen\u00e9ticas do animal origin\u00e1rio da Am\u00e9rica do Norte presente em nove estados brasileiros mostram que linhagem introduzida no Pa\u00eds em 1935 prevalece tanto em cativeiro quanto na natureza, dificultando fiscaliza\u00e7\u00e3o. R\u00e3 preda e transmite doen\u00e7as para esp\u00e9cies nativas Pesquisadores da Universidade de S\u00e3o Paulo (USP) e da Universidade Estadual de Campinas (Unicamp) realizaram a [&hellip;]","og_url":"https:\/\/jornalfatosenoticias.com.br\/index.php\/2022\/08\/16\/brasil-tem-duas-populacoes-de-ra-touro-especie-exotica-transmissora-de-fungo-mortal\/","og_site_name":"Jornal Fatos e Not\u00edcias","article_published_time":"2022-08-16T17:07:03+00:00","article_modified_time":"2022-08-16T17:07:04+00:00","og_image":[{"width":1000,"height":666,"url":"https:\/\/jornalfatosenoticias.com.br\/wp-content\/uploads\/2022\/08\/ra-touro_gettyimages.jpg","type":"image\/jpeg"}],"author":"Luzimara Fernandes","twitter_card":"summary_large_image","twitter_misc":{"Escrito por":"Luzimara Fernandes","Est. tempo de leitura":"7 minutos"},"schema":{"@context":"https:\/\/schema.org","@graph":[{"@type":"Article","@id":"https:\/\/jornalfatosenoticias.com.br\/index.php\/2022\/08\/16\/brasil-tem-duas-populacoes-de-ra-touro-especie-exotica-transmissora-de-fungo-mortal\/#article","isPartOf":{"@id":"https:\/\/jornalfatosenoticias.com.br\/index.php\/2022\/08\/16\/brasil-tem-duas-populacoes-de-ra-touro-especie-exotica-transmissora-de-fungo-mortal\/"},"author":{"name":"Luzimara Fernandes","@id":"https:\/\/jornalfatosenoticias.com.br\/#\/schema\/person\/d63837fa13ac8666eb9e74e0985d6f81"},"headline":"Brasil tem duas popula\u00e7\u00f5es de r\u00e3-touro, esp\u00e9cie ex\u00f3tica transmissora de fungo mortal","datePublished":"2022-08-16T17:07:03+00:00","dateModified":"2022-08-16T17:07:04+00:00","mainEntityOfPage":{"@id":"https:\/\/jornalfatosenoticias.com.br\/index.php\/2022\/08\/16\/brasil-tem-duas-populacoes-de-ra-touro-especie-exotica-transmissora-de-fungo-mortal\/"},"wordCount":1381,"commentCount":0,"publisher":{"@id":"https:\/\/jornalfatosenoticias.com.br\/#organization"},"image":{"@id":"https:\/\/jornalfatosenoticias.com.br\/index.php\/2022\/08\/16\/brasil-tem-duas-populacoes-de-ra-touro-especie-exotica-transmissora-de-fungo-mortal\/#primaryimage"},"thumbnailUrl":"https:\/\/jornalfatosenoticias.com.br\/wp-content\/uploads\/2022\/08\/ra-touro_gettyimages.jpg","keywords":["esp\u00e9cie ex\u00f3tica","esp\u00e9cies nativas","fungo","r\u00e3-touro"],"articleSection":["Meio ambiente"],"inLanguage":"pt-BR","potentialAction":[{"@type":"CommentAction","name":"Comment","target":["https:\/\/jornalfatosenoticias.com.br\/index.php\/2022\/08\/16\/brasil-tem-duas-populacoes-de-ra-touro-especie-exotica-transmissora-de-fungo-mortal\/#respond"]}]},{"@type":"WebPage","@id":"https:\/\/jornalfatosenoticias.com.br\/index.php\/2022\/08\/16\/brasil-tem-duas-populacoes-de-ra-touro-especie-exotica-transmissora-de-fungo-mortal\/","url":"https:\/\/jornalfatosenoticias.com.br\/index.php\/2022\/08\/16\/brasil-tem-duas-populacoes-de-ra-touro-especie-exotica-transmissora-de-fungo-mortal\/","name":"Brasil tem duas popula\u00e7\u00f5es de r\u00e3-touro, esp\u00e9cie ex\u00f3tica transmissora de fungo mortal - Jornal Fatos e Not\u00edcias","isPartOf":{"@id":"https:\/\/jornalfatosenoticias.com.br\/#website"},"primaryImageOfPage":{"@id":"https:\/\/jornalfatosenoticias.com.br\/index.php\/2022\/08\/16\/brasil-tem-duas-populacoes-de-ra-touro-especie-exotica-transmissora-de-fungo-mortal\/#primaryimage"},"image":{"@id":"https:\/\/jornalfatosenoticias.com.br\/index.php\/2022\/08\/16\/brasil-tem-duas-populacoes-de-ra-touro-especie-exotica-transmissora-de-fungo-mortal\/#primaryimage"},"thumbnailUrl":"https:\/\/jornalfatosenoticias.com.br\/wp-content\/uploads\/2022\/08\/ra-touro_gettyimages.jpg","datePublished":"2022-08-16T17:07:03+00:00","dateModified":"2022-08-16T17:07:04+00:00","breadcrumb":{"@id":"https:\/\/jornalfatosenoticias.com.br\/index.php\/2022\/08\/16\/brasil-tem-duas-populacoes-de-ra-touro-especie-exotica-transmissora-de-fungo-mortal\/#breadcrumb"},"inLanguage":"pt-BR","potentialAction":[{"@type":"ReadAction","target":["https:\/\/jornalfatosenoticias.com.br\/index.php\/2022\/08\/16\/brasil-tem-duas-populacoes-de-ra-touro-especie-exotica-transmissora-de-fungo-mortal\/"]}]},{"@type":"ImageObject","inLanguage":"pt-BR","@id":"https:\/\/jornalfatosenoticias.com.br\/index.php\/2022\/08\/16\/brasil-tem-duas-populacoes-de-ra-touro-especie-exotica-transmissora-de-fungo-mortal\/#primaryimage","url":"https:\/\/jornalfatosenoticias.com.br\/wp-content\/uploads\/2022\/08\/ra-touro_gettyimages.jpg","contentUrl":"https:\/\/jornalfatosenoticias.com.br\/wp-content\/uploads\/2022\/08\/ra-touro_gettyimages.jpg","width":1000,"height":666},{"@type":"BreadcrumbList","@id":"https:\/\/jornalfatosenoticias.com.br\/index.php\/2022\/08\/16\/brasil-tem-duas-populacoes-de-ra-touro-especie-exotica-transmissora-de-fungo-mortal\/#breadcrumb","itemListElement":[{"@type":"ListItem","position":1,"name":"In\u00edcio","item":"https:\/\/jornalfatosenoticias.com.br\/"},{"@type":"ListItem","position":2,"name":"Brasil tem duas popula\u00e7\u00f5es de r\u00e3-touro, esp\u00e9cie ex\u00f3tica transmissora de fungo mortal"}]},{"@type":"WebSite","@id":"https:\/\/jornalfatosenoticias.com.br\/#website","url":"https:\/\/jornalfatosenoticias.com.br\/","name":"Jornal Fatos e Not\u00edcias","description":"Not\u00edcias em geral","publisher":{"@id":"https:\/\/jornalfatosenoticias.com.br\/#organization"},"potentialAction":[{"@type":"SearchAction","target":{"@type":"EntryPoint","urlTemplate":"https:\/\/jornalfatosenoticias.com.br\/?s={search_term_string}"},"query-input":{"@type":"PropertyValueSpecification","valueRequired":true,"valueName":"search_term_string"}}],"inLanguage":"pt-BR"},{"@type":"Organization","@id":"https:\/\/jornalfatosenoticias.com.br\/#organization","name":"Jornal Fatos e Not\u00edcias","url":"https:\/\/jornalfatosenoticias.com.br\/","logo":{"@type":"ImageObject","inLanguage":"pt-BR","@id":"https:\/\/jornalfatosenoticias.com.br\/#\/schema\/logo\/image\/","url":"https:\/\/jornalfatosenoticias.com.br\/wp-content\/uploads\/2020\/02\/logo120.png","contentUrl":"https:\/\/jornalfatosenoticias.com.br\/wp-content\/uploads\/2020\/02\/logo120.png","width":1227,"height":120,"caption":"Jornal Fatos e Not\u00edcias"},"image":{"@id":"https:\/\/jornalfatosenoticias.com.br\/#\/schema\/logo\/image\/"}},{"@type":"Person","@id":"https:\/\/jornalfatosenoticias.com.br\/#\/schema\/person\/d63837fa13ac8666eb9e74e0985d6f81","name":"Luzimara Fernandes","image":{"@type":"ImageObject","inLanguage":"pt-BR","@id":"https:\/\/jornalfatosenoticias.com.br\/#\/schema\/person\/image\/","url":"https:\/\/jornalfatosenoticias.com.br\/wp-content\/uploads\/2025\/05\/EU_portal.jpg","contentUrl":"https:\/\/jornalfatosenoticias.com.br\/wp-content\/uploads\/2025\/05\/EU_portal.jpg","caption":"Luzimara Fernandes"},"description":"Jornalista MTB 2358-ES","sameAs":["https:\/\/jornalfatosenoticias.com.br"],"url":"https:\/\/jornalfatosenoticias.com.br\/index.php\/author\/luzimara\/"}]}},"cc_featured_image_caption":{"caption_text":"(Foto: Shannon Blood\/Getty Images)","source_text":"","source_url":""},"jetpack_featured_media_url":"https:\/\/jornalfatosenoticias.com.br\/wp-content\/uploads\/2022\/08\/ra-touro_gettyimages.jpg","_links":{"self":[{"href":"https:\/\/jornalfatosenoticias.com.br\/index.php\/wp-json\/wp\/v2\/posts\/33262","targetHints":{"allow":["GET"]}}],"collection":[{"href":"https:\/\/jornalfatosenoticias.com.br\/index.php\/wp-json\/wp\/v2\/posts"}],"about":[{"href":"https:\/\/jornalfatosenoticias.com.br\/index.php\/wp-json\/wp\/v2\/types\/post"}],"author":[{"embeddable":true,"href":"https:\/\/jornalfatosenoticias.com.br\/index.php\/wp-json\/wp\/v2\/users\/2"}],"replies":[{"embeddable":true,"href":"https:\/\/jornalfatosenoticias.com.br\/index.php\/wp-json\/wp\/v2\/comments?post=33262"}],"version-history":[{"count":0,"href":"https:\/\/jornalfatosenoticias.com.br\/index.php\/wp-json\/wp\/v2\/posts\/33262\/revisions"}],"wp:featuredmedia":[{"embeddable":true,"href":"https:\/\/jornalfatosenoticias.com.br\/index.php\/wp-json\/wp\/v2\/media\/33263"}],"wp:attachment":[{"href":"https:\/\/jornalfatosenoticias.com.br\/index.php\/wp-json\/wp\/v2\/media?parent=33262"}],"wp:term":[{"taxonomy":"category","embeddable":true,"href":"https:\/\/jornalfatosenoticias.com.br\/index.php\/wp-json\/wp\/v2\/categories?post=33262"},{"taxonomy":"post_tag","embeddable":true,"href":"https:\/\/jornalfatosenoticias.com.br\/index.php\/wp-json\/wp\/v2\/tags?post=33262"}],"curies":[{"name":"wp","href":"https:\/\/api.w.org\/{rel}","templated":true}]}}