{"id":33265,"date":"2022-08-16T14:16:09","date_gmt":"2022-08-16T17:16:09","guid":{"rendered":"https:\/\/jornalfatosenoticias.com.br\/?p=33265"},"modified":"2022-08-16T14:16:13","modified_gmt":"2022-08-16T17:16:13","slug":"curitiba-goiania-e-salvador-recebem-5g-nesta-terca-feira","status":"publish","type":"post","link":"https:\/\/jornalfatosenoticias.com.br\/index.php\/2022\/08\/16\/curitiba-goiania-e-salvador-recebem-5g-nesta-terca-feira\/","title":{"rendered":"Curitiba, Goi\u00e2nia e Salvador recebem 5G nesta ter\u00e7a-feira"},"content":{"rendered":"\n<p><span class=\"has-inline-color has-black-color\"><em>Anatel prev\u00ea que o sinal chegue em mais quatro capitais at\u00e9 29 de agosto<\/em><\/span><\/p>\n\n\n\n<div class=\"wp-block-image\"><figure class=\"aligncenter size-large\"><img loading=\"lazy\" decoding=\"async\" width=\"1024\" height=\"100\" src=\"https:\/\/jornalfatosenoticias.com.br\/wp-content\/uploads\/2020\/02\/banner_ferramentas-1024x100.jpg\" alt=\"\" class=\"wp-image-1258\" srcset=\"https:\/\/jornalfatosenoticias.com.br\/wp-content\/uploads\/2020\/02\/banner_ferramentas-1024x100.jpg 1024w, https:\/\/jornalfatosenoticias.com.br\/wp-content\/uploads\/2020\/02\/banner_ferramentas-300x29.jpg 300w, https:\/\/jornalfatosenoticias.com.br\/wp-content\/uploads\/2020\/02\/banner_ferramentas-768x75.jpg 768w, https:\/\/jornalfatosenoticias.com.br\/wp-content\/uploads\/2020\/02\/banner_ferramentas.jpg 1227w\" sizes=\"auto, (max-width: 1024px) 100vw, 1024px\" \/><\/figure><\/div>\n\n\n\n<p>A partir de hoje (16) a rede 5G de telefonia m\u00f3vel come\u00e7a a funcionar em Curitiba (PR), Goi\u00e2nia (GO) e Salvador (BA). A decis\u00e3o para ativar o sinal de 5G foi tomada ontem (15) pelo Grupo de Acompanhamento da Implanta\u00e7\u00e3o das Solu\u00e7\u00f5es para os Problemas de Interfer\u00eancia (Gaispi), ligado a Ag\u00eancia Nacional de Telecomunica\u00e7\u00f5es (Anatel) e respons\u00e1vel por acompanhar a implanta\u00e7\u00e3o da nova tecnologia.<br>A avalia\u00e7\u00e3o do Gaispi \u00e9 que essas capitais atenderam os requisitos m\u00ednimos necess\u00e1rios \u00e0 libera\u00e7\u00e3o da faixa de 3,5 GHz, como a realiza\u00e7\u00e3o de testes preliminares para identificar e sanar a possibilidade do sinal do 5G afetar a recep\u00e7\u00e3o das antenas parab\u00f3licas dom\u00e9sticas ou mesmo sistemas profissionais, tais como sinais por sat\u00e9lite emitidos em frequ\u00eancias adjacentes.<\/p>\n\n\n\n<div class=\"wp-block-image\"><figure class=\"alignright size-large\"><img loading=\"lazy\" decoding=\"async\" width=\"300\" height=\"250\" src=\"https:\/\/jornalfatosenoticias.com.br\/wp-content\/uploads\/2022\/08\/arte-Casarao.jpg\" alt=\"\" class=\"wp-image-33178\"\/><\/figure><\/div>\n\n\n\n<p>Com a decis\u00e3o <a href=\"https:\/\/agenciabrasil.ebc.com.br\/economia\/noticia\/2022-07\/tecnologia-5g-estreia-no-brasil-nesta-quarta-feira\" target=\"_blank\" rel=\"noreferrer noopener\"><strong>as capitais<\/strong><\/a>\u00a0acompanham\u00a0<a href=\"https:\/\/agenciabrasil.ebc.com.br\/geral\/noticia\/2022-07\/sinal-5g-chega-hoje-belo-horizonte-joao-pessoa-e-porto-alegre\" target=\"_blank\" rel=\"noreferrer noopener\"><strong>Bras\u00edlia,\u00a0Belo Horizonte, Jo\u00e3o Pessoa, Porto Alegre<\/strong><\/a>\u00a0e\u00a0<a href=\"https:\/\/agenciabrasil.ebc.com.br\/radioagencia-nacional\/geral\/audio\/2022-08\/partir-de-quinta-feira-04-o-5g-sera-ativado-na-cidade-de-sao-paulo\" target=\"_blank\" rel=\"noreferrer noopener\"><strong>S\u00e3o Paulo<\/strong><\/a>. A previs\u00e3o da Anatel \u00e9 que o sinal 5G chegue at\u00e9 29 de agosto nas cidades de Florian\u00f3polis (SC), Palmas (TO), Rio de Janeiro (RJ) e Vit\u00f3ria (ES).<br>Pelas regras do edital de concess\u00e3o do 5G, as prestadoras de telefonia m\u00f3vel que adquiriram lotes na faixa de 3,5 GHz t\u00eam at\u00e9 29 de setembro para cumprir a primeira exig\u00eancia de cobertura do Edital de 5G: a instala\u00e7\u00e3o de no m\u00ednimo uma antena de tecnologia de 5G para cada 100 mil habitantes nas capitais brasileiras.<\/p>\n\n\n\n<div class=\"wp-block-image\"><figure class=\"alignleft size-large is-resized\"><img loading=\"lazy\" decoding=\"async\" src=\"https:\/\/jornalfatosenoticias.com.br\/wp-content\/uploads\/2022\/08\/logo-locau-veiculos-1024x573.png\" alt=\"\" class=\"wp-image-33078\" width=\"317\" height=\"177\"\/><\/figure><\/div>\n\n\n\n<p>Na semana passada, a <strong><a href=\"https:\/\/agenciabrasil.ebc.com.br\/radioagencia-nacional\/economia\/audio\/2022-08\/anatel-prorroga-por-dois-meses-ativacao-do-5g-em-15-capitais\" target=\"_blank\" rel=\"noreferrer noopener\">Anatel<\/a>\u00a0<\/strong>decidiu mudar o cronograma para ativar o 5G no Brasil. Em 15 capitais o prazo vai ser prorrogado por at\u00e9 dois meses, porque houve um atraso na importa\u00e7\u00e3o de equipamentos necess\u00e1rios a instala\u00e7\u00e3o da internet 5G.<br>A previs\u00e3o inicial era de que a tecnologia estaria dispon\u00edvel no final de setembro nas capitais Recife, Fortaleza, Natal, Aracaju, Macei\u00f3, Teresina, S\u00e3o Lu\u00eds, Campo Grande, Cuiab\u00e1, Porto Velho, Rio Branco, Macap\u00e1, Boa Vista, Manaus e Bel\u00e9m.<\/p>\n\n\n\n<div class=\"wp-block-image\"><figure class=\"alignright size-large is-resized\"><img loading=\"lazy\" decoding=\"async\" src=\"https:\/\/jornalfatosenoticias.com.br\/wp-content\/uploads\/2022\/07\/Logo-Grupo-SEI.jpg\" alt=\"\" class=\"wp-image-31973\" width=\"345\" height=\"182\" srcset=\"https:\/\/jornalfatosenoticias.com.br\/wp-content\/uploads\/2022\/07\/Logo-Grupo-SEI.jpg 713w, https:\/\/jornalfatosenoticias.com.br\/wp-content\/uploads\/2022\/07\/Logo-Grupo-SEI-300x158.jpg 300w\" sizes=\"auto, (max-width: 345px) 100vw, 345px\" \/><\/figure><\/div>\n\n\n\n<p>O grupo da Anatel respons\u00e1vel pela implementa\u00e7\u00e3o da tecnologia decidiu pela prorroga\u00e7\u00e3o do prazo. O conselheiro da Anatel Mois\u00e9s Moreira, explica que o equipamento importado evita interfer\u00eancias nos servi\u00e7os de sat\u00e9lite.<br>Agora, a previs\u00e3o \u00e9 que o 5G esteja dispon\u00edvel nessas 15 capitais at\u00e9 o dia 27 de novembro. Segundo a Anatel, o sinal pode estar dispon\u00edvel antes. Tudo depende da chegada e da instala\u00e7\u00e3o dos equipamentos necess\u00e1rios.<\/p>\n\n\n\n<div class=\"wp-block-image\"><figure class=\"aligncenter size-large is-resized\"><img loading=\"lazy\" decoding=\"async\" src=\"https:\/\/jornalfatosenoticias.com.br\/wp-content\/uploads\/2022\/07\/SEVENTUR-TURISMO-1024x810.jpg\" alt=\"\" class=\"wp-image-32298\" width=\"245\" height=\"193\" srcset=\"https:\/\/jornalfatosenoticias.com.br\/wp-content\/uploads\/2022\/07\/SEVENTUR-TURISMO-1024x810.jpg 1024w, https:\/\/jornalfatosenoticias.com.br\/wp-content\/uploads\/2022\/07\/SEVENTUR-TURISMO-300x237.jpg 300w, https:\/\/jornalfatosenoticias.com.br\/wp-content\/uploads\/2022\/07\/SEVENTUR-TURISMO-768x607.jpg 768w, https:\/\/jornalfatosenoticias.com.br\/wp-content\/uploads\/2022\/07\/SEVENTUR-TURISMO-580x460.jpg 580w, https:\/\/jornalfatosenoticias.com.br\/wp-content\/uploads\/2022\/07\/SEVENTUR-TURISMO.jpg 1280w\" sizes=\"auto, (max-width: 245px) 100vw, 245px\" \/><\/figure><\/div>\n\n\n\n<p><em><strong>Fonte: <a href=\"https:\/\/agenciabrasil.ebc.com.br\/geral\/noticia\/2022-08\/curitiba-goiania-e-salvador-recebem-5g-nesta-terca-feira\">Ag\u00eancia Brasil<\/a><\/strong><\/em><\/p>\n","protected":false},"excerpt":{"rendered":"<p>Anatel prev\u00ea que o sinal chegue em mais quatro capitais at\u00e9 29 de agosto A partir de hoje (16) a rede 5G de telefonia m\u00f3vel come\u00e7a a funcionar em Curitiba (PR), Goi\u00e2nia (GO) e Salvador (BA). A decis\u00e3o para ativar o sinal de 5G foi tomada ontem (15) pelo Grupo de Acompanhamento da Implanta\u00e7\u00e3o das [&hellip;]<\/p>\n","protected":false},"author":2,"featured_media":33266,"comment_status":"open","ping_status":"open","sticky":false,"template":"","format":"standard","meta":{"footnotes":""},"categories":[3],"tags":[1158,15669,15670,15671,1160],"class_list":["post-33265","post","type-post","status-publish","format-standard","has-post-thumbnail","hentry","category-tecnologia","tag-anatel","tag-capitais","tag-gaispi","tag-sinal-5g","tag-telefonia-movel"],"yoast_head":"<!-- This site is optimized with the Yoast SEO plugin v26.5 - https:\/\/yoast.com\/wordpress\/plugins\/seo\/ -->\n<title>Curitiba, Goi\u00e2nia e Salvador recebem 5G nesta ter\u00e7a-feira - Jornal Fatos e Not\u00edcias<\/title>\n<meta name=\"robots\" content=\"index, follow, max-snippet:-1, max-image-preview:large, max-video-preview:-1\" \/>\n<link rel=\"canonical\" href=\"https:\/\/jornalfatosenoticias.com.br\/index.php\/2022\/08\/16\/curitiba-goiania-e-salvador-recebem-5g-nesta-terca-feira\/\" \/>\n<meta property=\"og:locale\" content=\"pt_BR\" \/>\n<meta property=\"og:type\" content=\"article\" \/>\n<meta property=\"og:title\" content=\"Curitiba, Goi\u00e2nia e Salvador recebem 5G nesta ter\u00e7a-feira - Jornal Fatos e Not\u00edcias\" \/>\n<meta property=\"og:description\" content=\"Anatel prev\u00ea que o sinal chegue em mais quatro capitais at\u00e9 29 de agosto A partir de hoje (16) a rede 5G de telefonia m\u00f3vel come\u00e7a a funcionar em Curitiba (PR), Goi\u00e2nia (GO) e Salvador (BA). A decis\u00e3o para ativar o sinal de 5G foi tomada ontem (15) pelo Grupo de Acompanhamento da Implanta\u00e7\u00e3o das [&hellip;]\" \/>\n<meta property=\"og:url\" content=\"https:\/\/jornalfatosenoticias.com.br\/index.php\/2022\/08\/16\/curitiba-goiania-e-salvador-recebem-5g-nesta-terca-feira\/\" \/>\n<meta property=\"og:site_name\" content=\"Jornal Fatos e Not\u00edcias\" \/>\n<meta property=\"article:published_time\" content=\"2022-08-16T17:16:09+00:00\" \/>\n<meta property=\"article:modified_time\" content=\"2022-08-16T17:16:13+00:00\" \/>\n<meta property=\"og:image\" content=\"https:\/\/jornalfatosenoticias.com.br\/wp-content\/uploads\/2022\/08\/telefonia_5g_mcajr_abr.jpg\" \/>\n\t<meta property=\"og:image:width\" content=\"1000\" \/>\n\t<meta property=\"og:image:height\" content=\"598\" \/>\n\t<meta property=\"og:image:type\" content=\"image\/jpeg\" \/>\n<meta name=\"author\" content=\"Luzimara Fernandes\" \/>\n<meta name=\"twitter:card\" content=\"summary_large_image\" \/>\n<meta name=\"twitter:label1\" content=\"Escrito por\" \/>\n\t<meta name=\"twitter:data1\" content=\"Luzimara Fernandes\" \/>\n\t<meta name=\"twitter:label2\" content=\"Est. tempo de leitura\" \/>\n\t<meta name=\"twitter:data2\" content=\"2 minutos\" \/>\n<script type=\"application\/ld+json\" class=\"yoast-schema-graph\">{\"@context\":\"https:\/\/schema.org\",\"@graph\":[{\"@type\":\"Article\",\"@id\":\"https:\/\/jornalfatosenoticias.com.br\/index.php\/2022\/08\/16\/curitiba-goiania-e-salvador-recebem-5g-nesta-terca-feira\/#article\",\"isPartOf\":{\"@id\":\"https:\/\/jornalfatosenoticias.com.br\/index.php\/2022\/08\/16\/curitiba-goiania-e-salvador-recebem-5g-nesta-terca-feira\/\"},\"author\":{\"name\":\"Luzimara Fernandes\",\"@id\":\"https:\/\/jornalfatosenoticias.com.br\/#\/schema\/person\/d63837fa13ac8666eb9e74e0985d6f81\"},\"headline\":\"Curitiba, Goi\u00e2nia e Salvador recebem 5G nesta ter\u00e7a-feira\",\"datePublished\":\"2022-08-16T17:16:09+00:00\",\"dateModified\":\"2022-08-16T17:16:13+00:00\",\"mainEntityOfPage\":{\"@id\":\"https:\/\/jornalfatosenoticias.com.br\/index.php\/2022\/08\/16\/curitiba-goiania-e-salvador-recebem-5g-nesta-terca-feira\/\"},\"wordCount\":433,\"commentCount\":0,\"publisher\":{\"@id\":\"https:\/\/jornalfatosenoticias.com.br\/#organization\"},\"image\":{\"@id\":\"https:\/\/jornalfatosenoticias.com.br\/index.php\/2022\/08\/16\/curitiba-goiania-e-salvador-recebem-5g-nesta-terca-feira\/#primaryimage\"},\"thumbnailUrl\":\"https:\/\/jornalfatosenoticias.com.br\/wp-content\/uploads\/2022\/08\/telefonia_5g_mcajr_abr.jpg\",\"keywords\":[\"Anatel\",\"capitais\",\"Gaispi\",\"sinal 5G\",\"telefonia m\u00f3vel\"],\"articleSection\":[\"Tecnologia &amp; Inova\u00e7\u00e3o\"],\"inLanguage\":\"pt-BR\",\"potentialAction\":[{\"@type\":\"CommentAction\",\"name\":\"Comment\",\"target\":[\"https:\/\/jornalfatosenoticias.com.br\/index.php\/2022\/08\/16\/curitiba-goiania-e-salvador-recebem-5g-nesta-terca-feira\/#respond\"]}]},{\"@type\":\"WebPage\",\"@id\":\"https:\/\/jornalfatosenoticias.com.br\/index.php\/2022\/08\/16\/curitiba-goiania-e-salvador-recebem-5g-nesta-terca-feira\/\",\"url\":\"https:\/\/jornalfatosenoticias.com.br\/index.php\/2022\/08\/16\/curitiba-goiania-e-salvador-recebem-5g-nesta-terca-feira\/\",\"name\":\"Curitiba, Goi\u00e2nia e Salvador recebem 5G nesta ter\u00e7a-feira - Jornal Fatos e Not\u00edcias\",\"isPartOf\":{\"@id\":\"https:\/\/jornalfatosenoticias.com.br\/#website\"},\"primaryImageOfPage\":{\"@id\":\"https:\/\/jornalfatosenoticias.com.br\/index.php\/2022\/08\/16\/curitiba-goiania-e-salvador-recebem-5g-nesta-terca-feira\/#primaryimage\"},\"image\":{\"@id\":\"https:\/\/jornalfatosenoticias.com.br\/index.php\/2022\/08\/16\/curitiba-goiania-e-salvador-recebem-5g-nesta-terca-feira\/#primaryimage\"},\"thumbnailUrl\":\"https:\/\/jornalfatosenoticias.com.br\/wp-content\/uploads\/2022\/08\/telefonia_5g_mcajr_abr.jpg\",\"datePublished\":\"2022-08-16T17:16:09+00:00\",\"dateModified\":\"2022-08-16T17:16:13+00:00\",\"breadcrumb\":{\"@id\":\"https:\/\/jornalfatosenoticias.com.br\/index.php\/2022\/08\/16\/curitiba-goiania-e-salvador-recebem-5g-nesta-terca-feira\/#breadcrumb\"},\"inLanguage\":\"pt-BR\",\"potentialAction\":[{\"@type\":\"ReadAction\",\"target\":[\"https:\/\/jornalfatosenoticias.com.br\/index.php\/2022\/08\/16\/curitiba-goiania-e-salvador-recebem-5g-nesta-terca-feira\/\"]}]},{\"@type\":\"ImageObject\",\"inLanguage\":\"pt-BR\",\"@id\":\"https:\/\/jornalfatosenoticias.com.br\/index.php\/2022\/08\/16\/curitiba-goiania-e-salvador-recebem-5g-nesta-terca-feira\/#primaryimage\",\"url\":\"https:\/\/jornalfatosenoticias.com.br\/wp-content\/uploads\/2022\/08\/telefonia_5g_mcajr_abr.jpg\",\"contentUrl\":\"https:\/\/jornalfatosenoticias.com.br\/wp-content\/uploads\/2022\/08\/telefonia_5g_mcajr_abr.jpg\",\"width\":1000,\"height\":598,\"caption\":\"Telefonia m\u00f3vel 5G\"},{\"@type\":\"BreadcrumbList\",\"@id\":\"https:\/\/jornalfatosenoticias.com.br\/index.php\/2022\/08\/16\/curitiba-goiania-e-salvador-recebem-5g-nesta-terca-feira\/#breadcrumb\",\"itemListElement\":[{\"@type\":\"ListItem\",\"position\":1,\"name\":\"In\u00edcio\",\"item\":\"https:\/\/jornalfatosenoticias.com.br\/\"},{\"@type\":\"ListItem\",\"position\":2,\"name\":\"Curitiba, Goi\u00e2nia e Salvador recebem 5G nesta ter\u00e7a-feira\"}]},{\"@type\":\"WebSite\",\"@id\":\"https:\/\/jornalfatosenoticias.com.br\/#website\",\"url\":\"https:\/\/jornalfatosenoticias.com.br\/\",\"name\":\"Jornal Fatos e Not\u00edcias\",\"description\":\"Not\u00edcias em geral\",\"publisher\":{\"@id\":\"https:\/\/jornalfatosenoticias.com.br\/#organization\"},\"potentialAction\":[{\"@type\":\"SearchAction\",\"target\":{\"@type\":\"EntryPoint\",\"urlTemplate\":\"https:\/\/jornalfatosenoticias.com.br\/?s={search_term_string}\"},\"query-input\":{\"@type\":\"PropertyValueSpecification\",\"valueRequired\":true,\"valueName\":\"search_term_string\"}}],\"inLanguage\":\"pt-BR\"},{\"@type\":\"Organization\",\"@id\":\"https:\/\/jornalfatosenoticias.com.br\/#organization\",\"name\":\"Jornal Fatos e Not\u00edcias\",\"url\":\"https:\/\/jornalfatosenoticias.com.br\/\",\"logo\":{\"@type\":\"ImageObject\",\"inLanguage\":\"pt-BR\",\"@id\":\"https:\/\/jornalfatosenoticias.com.br\/#\/schema\/logo\/image\/\",\"url\":\"https:\/\/jornalfatosenoticias.com.br\/wp-content\/uploads\/2020\/02\/logo120.png\",\"contentUrl\":\"https:\/\/jornalfatosenoticias.com.br\/wp-content\/uploads\/2020\/02\/logo120.png\",\"width\":1227,\"height\":120,\"caption\":\"Jornal Fatos e Not\u00edcias\"},\"image\":{\"@id\":\"https:\/\/jornalfatosenoticias.com.br\/#\/schema\/logo\/image\/\"}},{\"@type\":\"Person\",\"@id\":\"https:\/\/jornalfatosenoticias.com.br\/#\/schema\/person\/d63837fa13ac8666eb9e74e0985d6f81\",\"name\":\"Luzimara Fernandes\",\"image\":{\"@type\":\"ImageObject\",\"inLanguage\":\"pt-BR\",\"@id\":\"https:\/\/jornalfatosenoticias.com.br\/#\/schema\/person\/image\/\",\"url\":\"https:\/\/jornalfatosenoticias.com.br\/wp-content\/uploads\/2025\/05\/EU_portal.jpg\",\"contentUrl\":\"https:\/\/jornalfatosenoticias.com.br\/wp-content\/uploads\/2025\/05\/EU_portal.jpg\",\"caption\":\"Luzimara Fernandes\"},\"description\":\"Jornalista MTB 2358-ES\",\"sameAs\":[\"https:\/\/jornalfatosenoticias.com.br\"],\"url\":\"https:\/\/jornalfatosenoticias.com.br\/index.php\/author\/luzimara\/\"}]}<\/script>\n<!-- \/ Yoast SEO plugin. -->","yoast_head_json":{"title":"Curitiba, Goi\u00e2nia e Salvador recebem 5G nesta ter\u00e7a-feira - Jornal Fatos e Not\u00edcias","robots":{"index":"index","follow":"follow","max-snippet":"max-snippet:-1","max-image-preview":"max-image-preview:large","max-video-preview":"max-video-preview:-1"},"canonical":"https:\/\/jornalfatosenoticias.com.br\/index.php\/2022\/08\/16\/curitiba-goiania-e-salvador-recebem-5g-nesta-terca-feira\/","og_locale":"pt_BR","og_type":"article","og_title":"Curitiba, Goi\u00e2nia e Salvador recebem 5G nesta ter\u00e7a-feira - Jornal Fatos e Not\u00edcias","og_description":"Anatel prev\u00ea que o sinal chegue em mais quatro capitais at\u00e9 29 de agosto A partir de hoje (16) a rede 5G de telefonia m\u00f3vel come\u00e7a a funcionar em Curitiba (PR), Goi\u00e2nia (GO) e Salvador (BA). A decis\u00e3o para ativar o sinal de 5G foi tomada ontem (15) pelo Grupo de Acompanhamento da Implanta\u00e7\u00e3o das [&hellip;]","og_url":"https:\/\/jornalfatosenoticias.com.br\/index.php\/2022\/08\/16\/curitiba-goiania-e-salvador-recebem-5g-nesta-terca-feira\/","og_site_name":"Jornal Fatos e Not\u00edcias","article_published_time":"2022-08-16T17:16:09+00:00","article_modified_time":"2022-08-16T17:16:13+00:00","og_image":[{"width":1000,"height":598,"url":"https:\/\/jornalfatosenoticias.com.br\/wp-content\/uploads\/2022\/08\/telefonia_5g_mcajr_abr.jpg","type":"image\/jpeg"}],"author":"Luzimara Fernandes","twitter_card":"summary_large_image","twitter_misc":{"Escrito por":"Luzimara Fernandes","Est. tempo de leitura":"2 minutos"},"schema":{"@context":"https:\/\/schema.org","@graph":[{"@type":"Article","@id":"https:\/\/jornalfatosenoticias.com.br\/index.php\/2022\/08\/16\/curitiba-goiania-e-salvador-recebem-5g-nesta-terca-feira\/#article","isPartOf":{"@id":"https:\/\/jornalfatosenoticias.com.br\/index.php\/2022\/08\/16\/curitiba-goiania-e-salvador-recebem-5g-nesta-terca-feira\/"},"author":{"name":"Luzimara Fernandes","@id":"https:\/\/jornalfatosenoticias.com.br\/#\/schema\/person\/d63837fa13ac8666eb9e74e0985d6f81"},"headline":"Curitiba, Goi\u00e2nia e Salvador recebem 5G nesta ter\u00e7a-feira","datePublished":"2022-08-16T17:16:09+00:00","dateModified":"2022-08-16T17:16:13+00:00","mainEntityOfPage":{"@id":"https:\/\/jornalfatosenoticias.com.br\/index.php\/2022\/08\/16\/curitiba-goiania-e-salvador-recebem-5g-nesta-terca-feira\/"},"wordCount":433,"commentCount":0,"publisher":{"@id":"https:\/\/jornalfatosenoticias.com.br\/#organization"},"image":{"@id":"https:\/\/jornalfatosenoticias.com.br\/index.php\/2022\/08\/16\/curitiba-goiania-e-salvador-recebem-5g-nesta-terca-feira\/#primaryimage"},"thumbnailUrl":"https:\/\/jornalfatosenoticias.com.br\/wp-content\/uploads\/2022\/08\/telefonia_5g_mcajr_abr.jpg","keywords":["Anatel","capitais","Gaispi","sinal 5G","telefonia m\u00f3vel"],"articleSection":["Tecnologia &amp; Inova\u00e7\u00e3o"],"inLanguage":"pt-BR","potentialAction":[{"@type":"CommentAction","name":"Comment","target":["https:\/\/jornalfatosenoticias.com.br\/index.php\/2022\/08\/16\/curitiba-goiania-e-salvador-recebem-5g-nesta-terca-feira\/#respond"]}]},{"@type":"WebPage","@id":"https:\/\/jornalfatosenoticias.com.br\/index.php\/2022\/08\/16\/curitiba-goiania-e-salvador-recebem-5g-nesta-terca-feira\/","url":"https:\/\/jornalfatosenoticias.com.br\/index.php\/2022\/08\/16\/curitiba-goiania-e-salvador-recebem-5g-nesta-terca-feira\/","name":"Curitiba, Goi\u00e2nia e Salvador recebem 5G nesta ter\u00e7a-feira - Jornal Fatos e Not\u00edcias","isPartOf":{"@id":"https:\/\/jornalfatosenoticias.com.br\/#website"},"primaryImageOfPage":{"@id":"https:\/\/jornalfatosenoticias.com.br\/index.php\/2022\/08\/16\/curitiba-goiania-e-salvador-recebem-5g-nesta-terca-feira\/#primaryimage"},"image":{"@id":"https:\/\/jornalfatosenoticias.com.br\/index.php\/2022\/08\/16\/curitiba-goiania-e-salvador-recebem-5g-nesta-terca-feira\/#primaryimage"},"thumbnailUrl":"https:\/\/jornalfatosenoticias.com.br\/wp-content\/uploads\/2022\/08\/telefonia_5g_mcajr_abr.jpg","datePublished":"2022-08-16T17:16:09+00:00","dateModified":"2022-08-16T17:16:13+00:00","breadcrumb":{"@id":"https:\/\/jornalfatosenoticias.com.br\/index.php\/2022\/08\/16\/curitiba-goiania-e-salvador-recebem-5g-nesta-terca-feira\/#breadcrumb"},"inLanguage":"pt-BR","potentialAction":[{"@type":"ReadAction","target":["https:\/\/jornalfatosenoticias.com.br\/index.php\/2022\/08\/16\/curitiba-goiania-e-salvador-recebem-5g-nesta-terca-feira\/"]}]},{"@type":"ImageObject","inLanguage":"pt-BR","@id":"https:\/\/jornalfatosenoticias.com.br\/index.php\/2022\/08\/16\/curitiba-goiania-e-salvador-recebem-5g-nesta-terca-feira\/#primaryimage","url":"https:\/\/jornalfatosenoticias.com.br\/wp-content\/uploads\/2022\/08\/telefonia_5g_mcajr_abr.jpg","contentUrl":"https:\/\/jornalfatosenoticias.com.br\/wp-content\/uploads\/2022\/08\/telefonia_5g_mcajr_abr.jpg","width":1000,"height":598,"caption":"Telefonia m\u00f3vel 5G"},{"@type":"BreadcrumbList","@id":"https:\/\/jornalfatosenoticias.com.br\/index.php\/2022\/08\/16\/curitiba-goiania-e-salvador-recebem-5g-nesta-terca-feira\/#breadcrumb","itemListElement":[{"@type":"ListItem","position":1,"name":"In\u00edcio","item":"https:\/\/jornalfatosenoticias.com.br\/"},{"@type":"ListItem","position":2,"name":"Curitiba, Goi\u00e2nia e Salvador recebem 5G nesta ter\u00e7a-feira"}]},{"@type":"WebSite","@id":"https:\/\/jornalfatosenoticias.com.br\/#website","url":"https:\/\/jornalfatosenoticias.com.br\/","name":"Jornal Fatos e Not\u00edcias","description":"Not\u00edcias em geral","publisher":{"@id":"https:\/\/jornalfatosenoticias.com.br\/#organization"},"potentialAction":[{"@type":"SearchAction","target":{"@type":"EntryPoint","urlTemplate":"https:\/\/jornalfatosenoticias.com.br\/?s={search_term_string}"},"query-input":{"@type":"PropertyValueSpecification","valueRequired":true,"valueName":"search_term_string"}}],"inLanguage":"pt-BR"},{"@type":"Organization","@id":"https:\/\/jornalfatosenoticias.com.br\/#organization","name":"Jornal Fatos e Not\u00edcias","url":"https:\/\/jornalfatosenoticias.com.br\/","logo":{"@type":"ImageObject","inLanguage":"pt-BR","@id":"https:\/\/jornalfatosenoticias.com.br\/#\/schema\/logo\/image\/","url":"https:\/\/jornalfatosenoticias.com.br\/wp-content\/uploads\/2020\/02\/logo120.png","contentUrl":"https:\/\/jornalfatosenoticias.com.br\/wp-content\/uploads\/2020\/02\/logo120.png","width":1227,"height":120,"caption":"Jornal Fatos e Not\u00edcias"},"image":{"@id":"https:\/\/jornalfatosenoticias.com.br\/#\/schema\/logo\/image\/"}},{"@type":"Person","@id":"https:\/\/jornalfatosenoticias.com.br\/#\/schema\/person\/d63837fa13ac8666eb9e74e0985d6f81","name":"Luzimara Fernandes","image":{"@type":"ImageObject","inLanguage":"pt-BR","@id":"https:\/\/jornalfatosenoticias.com.br\/#\/schema\/person\/image\/","url":"https:\/\/jornalfatosenoticias.com.br\/wp-content\/uploads\/2025\/05\/EU_portal.jpg","contentUrl":"https:\/\/jornalfatosenoticias.com.br\/wp-content\/uploads\/2025\/05\/EU_portal.jpg","caption":"Luzimara Fernandes"},"description":"Jornalista MTB 2358-ES","sameAs":["https:\/\/jornalfatosenoticias.com.br"],"url":"https:\/\/jornalfatosenoticias.com.br\/index.php\/author\/luzimara\/"}]}},"cc_featured_image_caption":{"caption_text":"(Foto: Marcello Casal Jr\/Ag\u00eancia Brasil)","source_text":"","source_url":""},"jetpack_featured_media_url":"https:\/\/jornalfatosenoticias.com.br\/wp-content\/uploads\/2022\/08\/telefonia_5g_mcajr_abr.jpg","_links":{"self":[{"href":"https:\/\/jornalfatosenoticias.com.br\/index.php\/wp-json\/wp\/v2\/posts\/33265","targetHints":{"allow":["GET"]}}],"collection":[{"href":"https:\/\/jornalfatosenoticias.com.br\/index.php\/wp-json\/wp\/v2\/posts"}],"about":[{"href":"https:\/\/jornalfatosenoticias.com.br\/index.php\/wp-json\/wp\/v2\/types\/post"}],"author":[{"embeddable":true,"href":"https:\/\/jornalfatosenoticias.com.br\/index.php\/wp-json\/wp\/v2\/users\/2"}],"replies":[{"embeddable":true,"href":"https:\/\/jornalfatosenoticias.com.br\/index.php\/wp-json\/wp\/v2\/comments?post=33265"}],"version-history":[{"count":0,"href":"https:\/\/jornalfatosenoticias.com.br\/index.php\/wp-json\/wp\/v2\/posts\/33265\/revisions"}],"wp:featuredmedia":[{"embeddable":true,"href":"https:\/\/jornalfatosenoticias.com.br\/index.php\/wp-json\/wp\/v2\/media\/33266"}],"wp:attachment":[{"href":"https:\/\/jornalfatosenoticias.com.br\/index.php\/wp-json\/wp\/v2\/media?parent=33265"}],"wp:term":[{"taxonomy":"category","embeddable":true,"href":"https:\/\/jornalfatosenoticias.com.br\/index.php\/wp-json\/wp\/v2\/categories?post=33265"},{"taxonomy":"post_tag","embeddable":true,"href":"https:\/\/jornalfatosenoticias.com.br\/index.php\/wp-json\/wp\/v2\/tags?post=33265"}],"curies":[{"name":"wp","href":"https:\/\/api.w.org\/{rel}","templated":true}]}}