{"id":33285,"date":"2022-08-17T11:25:34","date_gmt":"2022-08-17T14:25:34","guid":{"rendered":"https:\/\/jornalfatosenoticias.com.br\/?p=33285"},"modified":"2022-08-17T11:25:38","modified_gmt":"2022-08-17T14:25:38","slug":"ibge-inicia-censo-em-territorios-quilombolas","status":"publish","type":"post","link":"https:\/\/jornalfatosenoticias.com.br\/index.php\/2022\/08\/17\/ibge-inicia-censo-em-territorios-quilombolas\/","title":{"rendered":"IBGE inicia censo em territ\u00f3rios quilombolas"},"content":{"rendered":"\n<p><span class=\"has-inline-color has-black-color\"><em>Ser\u00e3o visitadas 5.972 comunidades em todo o Pa\u00eds<\/em><\/span><\/p>\n\n\n\n<div class=\"wp-block-image\"><figure class=\"aligncenter size-large\"><img loading=\"lazy\" decoding=\"async\" width=\"1024\" height=\"100\" src=\"https:\/\/jornalfatosenoticias.com.br\/wp-content\/uploads\/2020\/02\/banner_ferramentas-1024x100.jpg\" alt=\"\" class=\"wp-image-1258\" srcset=\"https:\/\/jornalfatosenoticias.com.br\/wp-content\/uploads\/2020\/02\/banner_ferramentas-1024x100.jpg 1024w, https:\/\/jornalfatosenoticias.com.br\/wp-content\/uploads\/2020\/02\/banner_ferramentas-300x29.jpg 300w, https:\/\/jornalfatosenoticias.com.br\/wp-content\/uploads\/2020\/02\/banner_ferramentas-768x75.jpg 768w, https:\/\/jornalfatosenoticias.com.br\/wp-content\/uploads\/2020\/02\/banner_ferramentas.jpg 1227w\" sizes=\"auto, (max-width: 1024px) 100vw, 1024px\" \/><\/figure><\/div>\n\n\n\n<p>Pela primeira vez, um censo demogr\u00e1fico do Instituto Brasileiro de Geografia e Estat\u00edstica (IBGE) vai contabilizar a popula\u00e7\u00e3o quilombola do Brasil. A iniciativa j\u00e1 vinha sendo trabalhada h\u00e1 algum tempo pelos pesquisadores. Ao todo, ser\u00e3o 5.972 localidades quilombolas, que come\u00e7aram a ser visitadas pelos recenseadores \u00e0s 9h de hoje (17), dia de mobiliza\u00e7\u00e3o do censo quilombola.<\/p>\n\n\n\n<blockquote class=\"wp-block-quote is-layout-flow wp-block-quote-is-layout-flow\"><p><span class=\"has-inline-color has-luminous-vivid-orange-color\">\u201c\u00c9 o primeiro censo em que o IBGE poder\u00e1 oferecer \u00e0 sociedade estat\u00edsticas oficiais sobre quantos s\u00e3o os quilombolas, onde vivem e como vivem. \u00c9 muito importante que a pr\u00f3pria popula\u00e7\u00e3o quilombola esteja preparada e sabendo que o censo est\u00e1 trazendo essa possibilidade pela primeira vez\u201d, disse a coordenadora do Censo de Povos e Comunidades Tradicionais, Marta Antunes.<\/span><\/p><\/blockquote>\n\n\n\n<div class=\"wp-block-image\"><figure class=\"aligncenter size-large is-resized\"><img loading=\"lazy\" decoding=\"async\" src=\"https:\/\/jornalfatosenoticias.com.br\/wp-content\/uploads\/2020\/02\/SEVENTUR-TURISMO.jpg\" alt=\"\" class=\"wp-image-32994\" width=\"257\" height=\"203\"\/><\/figure><\/div>\n\n\n\n<p>De acordo com a pesquisadora, com este dia de mobiliza\u00e7\u00e3o a inten\u00e7\u00e3o \u00e9 sensibilizar as lideran\u00e7as quilombolas para abrirem suas comunidades ao censo e receber os entrevistadores, compreender o que \u00e9 e a import\u00e2ncia do levantamento de dados para retratar a realidade dessa popula\u00e7\u00e3o.<\/p>\n\n\n\n<blockquote class=\"wp-block-quote is-layout-flow wp-block-quote-is-layout-flow\"><p><span class=\"has-inline-color has-luminous-vivid-orange-color\">\u201cOutro grande objetivo \u00e9 mostrar para a popula\u00e7\u00e3o em geral essa grande novidade do Censo 2022 em termos de povos e comunidades tradicionais. Esse \u00e9 o grande avan\u00e7o neste censo, a inclus\u00e3o de mais um grupo de povos e comunidades tradicionais, que \u00e9 o grupo quilombola\u201d.<\/span><\/p><\/blockquote>\n\n\n\n<div class=\"wp-block-image\"><figure class=\"aligncenter size-large\"><img loading=\"lazy\" decoding=\"async\" width=\"1024\" height=\"100\" src=\"https:\/\/jornalfatosenoticias.com.br\/wp-content\/uploads\/2022\/05\/NOVA-LOGO-CESCONETTO-1024x100.jpg\" alt=\"\" class=\"wp-image-30792\" srcset=\"https:\/\/jornalfatosenoticias.com.br\/wp-content\/uploads\/2022\/05\/NOVA-LOGO-CESCONETTO-1024x100.jpg 1024w, https:\/\/jornalfatosenoticias.com.br\/wp-content\/uploads\/2022\/05\/NOVA-LOGO-CESCONETTO-300x29.jpg 300w, https:\/\/jornalfatosenoticias.com.br\/wp-content\/uploads\/2022\/05\/NOVA-LOGO-CESCONETTO-768x75.jpg 768w, https:\/\/jornalfatosenoticias.com.br\/wp-content\/uploads\/2022\/05\/NOVA-LOGO-CESCONETTO.jpg 1280w\" sizes=\"auto, (max-width: 1024px) 100vw, 1024px\" \/><\/figure><\/div>\n\n\n\n<p>Os dados nos territ\u00f3rios quilombolas ser\u00e3o coletados a partir da pergunta: sua cor ou ra\u00e7a \u00e9 branca, preta, amarela, parda, ind\u00edgena? Independentemente da resposta, pr\u00e9-registrada, aparecer\u00e1 a pr\u00f3xima pergunta: voc\u00ea se considera quilombola? Se a resposta for sim, o question\u00e1rio vai querer saber: qual o nome da sua comunidade? J\u00e1 existe uma lista de comunidades pr\u00e9-registradas no aplicativo usado pelo recenseador, mas \u00e9 poss\u00edvel acrescentar nomes que n\u00e3o estejam citados.<\/p>\n\n\n\n<div class=\"wp-block-image\"><figure class=\"aligncenter size-large is-resized\"><img loading=\"lazy\" decoding=\"async\" src=\"https:\/\/jornalfatosenoticias.com.br\/wp-content\/uploads\/2022\/03\/logo-Suinco-1024x390.jpg\" alt=\"\" class=\"wp-image-28785\" width=\"353\" height=\"134\"\/><\/figure><\/div>\n\n\n\n<p><strong><span class=\"has-inline-color has-black-color\">Cor ou ra\u00e7a<br><\/span><\/strong>Segundo a coordenadora, essa pergunta e a de cor ou ra\u00e7a s\u00e3o feitas separadamente. \u201cUma n\u00e3o interfere na outra, como est\u00e1 definido no Decreto 4.887, em que se fala em presun\u00e7\u00e3o de ancestralidade negra e n\u00e3o de que existe cor ou ra\u00e7a predefinida para a popula\u00e7\u00e3o quilombola\u201d.<\/p>\n\n\n\n<div class=\"wp-block-image\"><figure class=\"aligncenter size-large is-resized\"><img loading=\"lazy\" decoding=\"async\" src=\"https:\/\/jornalfatosenoticias.com.br\/wp-content\/uploads\/2022\/08\/logo-locau-veiculos-1024x573.png\" alt=\"\" class=\"wp-image-33078\" width=\"362\" height=\"202\"\/><\/figure><\/div>\n\n\n\n<blockquote class=\"wp-block-quote is-layout-flow wp-block-quote-is-layout-flow\"><p><span class=\"has-inline-color has-luminous-vivid-orange-color\">\u201cO IBGE considera quilombola toda pessoa que se autoidentifica como quilombola. Ent\u00e3o, no momento da entrevista, o recenseador vai perguntar: voc\u00ea se identifica como quilombola?, e o informante vai responder. No caso de pessoas que estiverem ausentes do domic\u00edlio, ele tamb\u00e9m vai responder se se considera, ou n\u00e3o, quilombola\u201d, completou a coordenadora.<\/span><\/p><\/blockquote>\n\n\n\n<div class=\"wp-block-image\"><figure class=\"aligncenter size-large\"><img loading=\"lazy\" decoding=\"async\" width=\"1024\" height=\"99\" src=\"https:\/\/jornalfatosenoticias.com.br\/wp-content\/uploads\/2020\/02\/Logo-Mizu-segunda-2-1024x99.png\" alt=\"\" class=\"wp-image-2353\" srcset=\"https:\/\/jornalfatosenoticias.com.br\/wp-content\/uploads\/2020\/02\/Logo-Mizu-segunda-2-1024x99.png 1024w, https:\/\/jornalfatosenoticias.com.br\/wp-content\/uploads\/2020\/02\/Logo-Mizu-segunda-2-300x29.png 300w, https:\/\/jornalfatosenoticias.com.br\/wp-content\/uploads\/2020\/02\/Logo-Mizu-segunda-2-768x74.png 768w, https:\/\/jornalfatosenoticias.com.br\/wp-content\/uploads\/2020\/02\/Logo-Mizu-segunda-2.png 1240w\" sizes=\"auto, (max-width: 1024px) 100vw, 1024px\" \/><\/figure><\/div>\n\n\n\n<p>Marta Antunes disse que para incluir um grupo populacional pela primeira vez \u00e9 preciso saber o que perguntar e, no caso dos quilombolas, a defini\u00e7\u00e3o das perguntas do question\u00e1rio foi um desafio para o IBGE.<\/p>\n\n\n\n<blockquote class=\"wp-block-quote is-layout-flow wp-block-quote-is-layout-flow\"><p><span class=\"has-inline-color has-luminous-vivid-orange-color\">\u201cTem que ser uma pergunta que funcione para todas as pessoas, para o idoso, para o mais jovem, aquele que est\u00e1 mais ativo nas discuss\u00f5es e aquele que \u00e9 quilombola, mas n\u00e3o participa tanto do processo mobilizat\u00f3rio associativo e organizativo, tanto no pr\u00f3prio local quanto no estado ou no Pa\u00eds. Outro grande desafio do IBGE foi saber qual a pergunta a ser feita para que essa popula\u00e7\u00e3o possa compreender o question\u00e1rio&#8221;.<\/span><\/p><\/blockquote>\n\n\n\n<div class=\"wp-block-image\"><figure class=\"aligncenter size-large is-resized\"><img loading=\"lazy\" decoding=\"async\" src=\"https:\/\/jornalfatosenoticias.com.br\/wp-content\/uploads\/2022\/07\/Logo-Grupo-SEI.jpg\" alt=\"\" class=\"wp-image-31973\" width=\"318\" height=\"167\" srcset=\"https:\/\/jornalfatosenoticias.com.br\/wp-content\/uploads\/2022\/07\/Logo-Grupo-SEI.jpg 713w, https:\/\/jornalfatosenoticias.com.br\/wp-content\/uploads\/2022\/07\/Logo-Grupo-SEI-300x158.jpg 300w\" sizes=\"auto, (max-width: 318px) 100vw, 318px\" \/><\/figure><\/div>\n\n\n\n<p><strong><span class=\"has-inline-color has-black-color\">Seguran\u00e7a<br><\/span><\/strong>Para garantir o princ\u00edpio de respeito \u00e0 declara\u00e7\u00e3o do informante sobre a sua identifica\u00e7\u00e3o \u00e9tnico-racial e \u00e0 dos demais moradores do domic\u00edlio, o recenseador ou qualquer outra pessoa da equipe de coleta n\u00e3o pode questionar o informante, nem colocar em d\u00favida a sua declara\u00e7\u00e3o. Se houver desrespeito \u00e0 declara\u00e7\u00e3o, o fato pode ser informado ao IBGE por meio do telefone 0800 721 8181, com os dados sobre nome e matr\u00edcula da pessoa respons\u00e1vel pela coleta, sempre dispon\u00edvel no colete dos agentes, nome e endere\u00e7o da ocorr\u00eancia. Todas as situa\u00e7\u00f5es ser\u00e3o minuciosamente avaliadas e corrigidas internamente, quando for o caso.<\/p>\n\n\n\n<div class=\"wp-block-image\"><figure class=\"alignright size-large\"><img loading=\"lazy\" decoding=\"async\" width=\"300\" height=\"250\" src=\"https:\/\/jornalfatosenoticias.com.br\/wp-content\/uploads\/2022\/08\/arte-Casarao.jpg\" alt=\"\" class=\"wp-image-33178\"\/><\/figure><\/div>\n\n\n\n<p>As declara\u00e7\u00f5es dos informantes n\u00e3o podem ser alteradas. \u201cMesmo que ele se considere quilombola e n\u00e3o saiba informar o nome da comunidade, a op\u00e7\u00e3o sim na pergunta se se considera quilombola deve ser mantida. Nesse caso, no campo destinado ao nome da comunidade, o recenseador deve anotar: n\u00e3o sabe\u201d, informou.<\/p>\n\n\n\n<p><strong><span class=\"has-inline-color has-black-color\">Mapeamento<br><\/span><\/strong>Fora das \u00e1reas pr\u00e9-mapeadas, a pergunta voc\u00ea se considera quilombola? n\u00e3o vai abrir. Nesse caso, o recenseador deve fazer o registro como domic\u00edlio quilombola no cadastro de endere\u00e7o. O gerente de Territ\u00f3rios Tradicionais e \u00c1reas Protegidas do IBGE, Fernando Damasco, disse que embora o direito dos quilombolas esteja previsto na Constitui\u00e7\u00e3o de 1988, o Estado brasileiro teve muitas dificuldades, nas \u00faltimas d\u00e9cadas, para organizar um cadastro nacional das comunidades e fazer o mapeamento dos seus territ\u00f3rios.<br>Segundo Damasco, o desafio sempre presente na constru\u00e7\u00e3o de uma proposta t\u00e9cnica e metodol\u00f3gica para a realiza\u00e7\u00e3o do censo dessa popula\u00e7\u00e3o foi, justamente, entender como ela est\u00e1 organizada do ponto de vista espacial.<\/p>\n\n\n\n<div class=\"wp-block-image\"><figure class=\"aligncenter size-large is-resized\"><img loading=\"lazy\" decoding=\"async\" src=\"https:\/\/jornalfatosenoticias.com.br\/wp-content\/uploads\/2020\/02\/nova-logo-Marquetti.jpg\" alt=\"\" class=\"wp-image-22331\" width=\"280\" height=\"188\" srcset=\"https:\/\/jornalfatosenoticias.com.br\/wp-content\/uploads\/2020\/02\/nova-logo-Marquetti.jpg 643w, https:\/\/jornalfatosenoticias.com.br\/wp-content\/uploads\/2020\/02\/nova-logo-Marquetti-300x202.jpg 300w\" sizes=\"auto, (max-width: 280px) 100vw, 280px\" \/><\/figure><\/div>\n\n\n\n<blockquote class=\"wp-block-quote is-layout-flow wp-block-quote-is-layout-flow\"><p><span class=\"has-inline-color has-luminous-vivid-orange-color\">\u201cComo ela se distribui no territ\u00f3rio brasileiro e, efetivamente, mostrar essa representa\u00e7\u00e3o socioespacial n\u00e3o \u00e9 algo trivial. Fizemos um longo processo de reuni\u00e3o e levantamento de dados, que envolveu inicialmente os registros administrativos dispon\u00edveis nos \u00f3rg\u00e3os oficiais do Estado brasileiro, em diferentes esferas de gest\u00e3o\u201d, contou.<\/span><\/p><\/blockquote>\n\n\n\n<div class=\"wp-block-image\"><figure class=\"alignleft size-large\"><img decoding=\"async\" src=\"https:\/\/jornalfatosenoticias.com.br\/wp-content\/uploads\/2020\/02\/logo_esteio.jpg\" alt=\"\" class=\"wp-image-1214\"\/><\/figure><\/div>\n\n\n\n<p><strong><span class=\"has-inline-color has-black-color\">Guias comunit\u00e1rios<br><\/span><\/strong>O censo nos territ\u00f3rios quilombolas vai contar ainda, quando o recenseador n\u00e3o for quilombola, com a presen\u00e7a de guias comunit\u00e1rios \u201cpara a condu\u00e7\u00e3o segura do recenseador por todos os domic\u00edlios a serem visitados, indicando as melhores rotas de percurso, os melhores hor\u00e1rios para a visita e os c\u00f3digos de conduta a serem adotados\u201d.<br>Marta Antunes lembrou que outra etapa importante na prepara\u00e7\u00e3o do censo dessas comunidades foi o treinamento dos recenseadores.<\/p>\n\n\n\n<div class=\"wp-block-image\"><figure class=\"aligncenter size-large is-resized\"><img loading=\"lazy\" decoding=\"async\" src=\"https:\/\/jornalfatosenoticias.com.br\/wp-content\/uploads\/2022\/02\/Serra-Pack-459.png\" alt=\"\" class=\"wp-image-27471\" width=\"315\" height=\"126\"\/><\/figure><\/div>\n\n\n\n<blockquote class=\"wp-block-quote is-layout-flow wp-block-quote-is-layout-flow\"><p><span class=\"has-inline-color has-luminous-vivid-orange-color\">\u201cPara que a popula\u00e7\u00e3o se sinta confort\u00e1vel em responder ao censo \u00e9 importante que sinta que a sua identidade, sua forma de organiza\u00e7\u00e3o social \u00e9 respeitada e, para isso, era importante preparar os entrevistadores para saber lidar com a diversidade, com a chegada a um territ\u00f3rio quilombola e com todo o trabalho de iniciar a coleta de dados em territ\u00f3rio tradicional&#8221;, afirmou.<\/span><\/p><\/blockquote>\n\n\n\n<div class=\"wp-block-image\"><figure class=\"alignright size-large is-resized\"><img loading=\"lazy\" decoding=\"async\" src=\"https:\/\/jornalfatosenoticias.com.br\/wp-content\/uploads\/2022\/02\/Precisao-Contabilidade-1024x724.jpg\" alt=\"\" class=\"wp-image-28088\" width=\"295\" height=\"208\"\/><\/figure><\/div>\n\n\n\n<p><strong><span class=\"has-inline-color has-black-color\">Protocolos de sa\u00fade<br><\/span><\/strong>Tamb\u00e9m na prepara\u00e7\u00e3o do censo, as equipes de coleta receberam orienta\u00e7\u00f5es b\u00e1sicas sobre o contexto da pandemia de covid-19.<\/p>\n\n\n\n<p><strong><span class=\"has-inline-color has-black-color\">Imprensa<br><\/span><\/strong>Entre as localidades, o IBGE separou nove em Alagoas, na Bahia, no Distrito Federal, Maranh\u00e3o, Par\u00e1, Rio de Janeiro, em Rond\u00f4nia, no Rio Grande do Sul e Tocantins, onde o trabalho dos recenseadores poder\u00e1 ser acompanhado pela imprensa. Para a defini\u00e7\u00e3o desses lugares, houve um trabalho pr\u00e9vio com as lideran\u00e7as quilombolas para saber se poderiam receber os jornalistas, e uma prepara\u00e7\u00e3o inclusive sanit\u00e1ria, para proteger e evitar a contamina\u00e7\u00e3o de moradores. Ao longo do censo, sempre com uma organiza\u00e7\u00e3o pr\u00e9via, outras \u00e1reas poder\u00e3o ser selecionadas para o acompanhamento da imprensa.<\/p>\n\n\n\n<div class=\"wp-block-image\"><figure class=\"aligncenter size-large\"><img loading=\"lazy\" decoding=\"async\" width=\"1024\" height=\"103\" src=\"https:\/\/jornalfatosenoticias.com.br\/wp-content\/uploads\/2022\/02\/Arte-Autoescola-Galatas_endereco_portal-1024x103.png\" alt=\"\" class=\"wp-image-27869\" srcset=\"https:\/\/jornalfatosenoticias.com.br\/wp-content\/uploads\/2022\/02\/Arte-Autoescola-Galatas_endereco_portal-1024x103.png 1024w, https:\/\/jornalfatosenoticias.com.br\/wp-content\/uploads\/2022\/02\/Arte-Autoescola-Galatas_endereco_portal-300x30.png 300w, https:\/\/jornalfatosenoticias.com.br\/wp-content\/uploads\/2022\/02\/Arte-Autoescola-Galatas_endereco_portal-768x77.png 768w, https:\/\/jornalfatosenoticias.com.br\/wp-content\/uploads\/2022\/02\/Arte-Autoescola-Galatas_endereco_portal.png 1223w\" sizes=\"auto, (max-width: 1024px) 100vw, 1024px\" \/><\/figure><\/div>\n\n\n\n<p><strong><em>Fonte: <a href=\"https:\/\/agenciabrasil.ebc.com.br\/geral\/noticia\/2022-08\/ibge-inicia-censo-em-territorios-quilombolas\">Ag\u00eancia Brasil<\/a><\/em><\/strong><\/p>\n","protected":false},"excerpt":{"rendered":"<p>Ser\u00e3o visitadas 5.972 comunidades em todo o Pa\u00eds Pela primeira vez, um censo demogr\u00e1fico do Instituto Brasileiro de Geografia e Estat\u00edstica (IBGE) vai contabilizar a popula\u00e7\u00e3o quilombola do Brasil. A iniciativa j\u00e1 vinha sendo trabalhada h\u00e1 algum tempo pelos pesquisadores. Ao todo, ser\u00e3o 5.972 localidades quilombolas, que come\u00e7aram a ser visitadas pelos recenseadores \u00e0s 9h [&hellip;]<\/p>\n","protected":false},"author":2,"featured_media":33286,"comment_status":"open","ping_status":"open","sticky":false,"template":"","format":"standard","meta":{"footnotes":""},"categories":[5],"tags":[14934,6753,1281,1851],"class_list":["post-33285","post","type-post","status-publish","format-standard","has-post-thumbnail","hentry","category-geral","tag-censo-2022","tag-cidadania","tag-ibge","tag-quilombolas"],"yoast_head":"<!-- This site is optimized with the Yoast SEO plugin v26.5 - https:\/\/yoast.com\/wordpress\/plugins\/seo\/ -->\n<title>IBGE inicia censo em territ\u00f3rios quilombolas - Jornal Fatos e Not\u00edcias<\/title>\n<meta name=\"robots\" content=\"index, follow, max-snippet:-1, max-image-preview:large, max-video-preview:-1\" \/>\n<link rel=\"canonical\" href=\"https:\/\/jornalfatosenoticias.com.br\/index.php\/2022\/08\/17\/ibge-inicia-censo-em-territorios-quilombolas\/\" \/>\n<meta property=\"og:locale\" content=\"pt_BR\" \/>\n<meta property=\"og:type\" content=\"article\" \/>\n<meta property=\"og:title\" content=\"IBGE inicia censo em territ\u00f3rios quilombolas - Jornal Fatos e Not\u00edcias\" \/>\n<meta property=\"og:description\" content=\"Ser\u00e3o visitadas 5.972 comunidades em todo o Pa\u00eds Pela primeira vez, um censo demogr\u00e1fico do Instituto Brasileiro de Geografia e Estat\u00edstica (IBGE) vai contabilizar a popula\u00e7\u00e3o quilombola do Brasil. A iniciativa j\u00e1 vinha sendo trabalhada h\u00e1 algum tempo pelos pesquisadores. Ao todo, ser\u00e3o 5.972 localidades quilombolas, que come\u00e7aram a ser visitadas pelos recenseadores \u00e0s 9h [&hellip;]\" \/>\n<meta property=\"og:url\" content=\"https:\/\/jornalfatosenoticias.com.br\/index.php\/2022\/08\/17\/ibge-inicia-censo-em-territorios-quilombolas\/\" \/>\n<meta property=\"og:site_name\" content=\"Jornal Fatos e Not\u00edcias\" \/>\n<meta property=\"article:published_time\" content=\"2022-08-17T14:25:34+00:00\" \/>\n<meta property=\"article:modified_time\" content=\"2022-08-17T14:25:38+00:00\" \/>\n<meta property=\"og:image\" content=\"https:\/\/jornalfatosenoticias.com.br\/wp-content\/uploads\/2022\/08\/IBGE_CENSO_quilombo_nhunguara_credito_gilvani_scatolin_isa.jpg\" \/>\n\t<meta property=\"og:image:width\" content=\"1000\" \/>\n\t<meta property=\"og:image:height\" content=\"600\" \/>\n\t<meta property=\"og:image:type\" content=\"image\/jpeg\" \/>\n<meta name=\"author\" content=\"Luzimara Fernandes\" \/>\n<meta name=\"twitter:card\" content=\"summary_large_image\" \/>\n<meta name=\"twitter:label1\" content=\"Escrito por\" \/>\n\t<meta name=\"twitter:data1\" content=\"Luzimara Fernandes\" \/>\n\t<meta name=\"twitter:label2\" content=\"Est. tempo de leitura\" \/>\n\t<meta name=\"twitter:data2\" content=\"6 minutos\" \/>\n<script type=\"application\/ld+json\" class=\"yoast-schema-graph\">{\"@context\":\"https:\/\/schema.org\",\"@graph\":[{\"@type\":\"Article\",\"@id\":\"https:\/\/jornalfatosenoticias.com.br\/index.php\/2022\/08\/17\/ibge-inicia-censo-em-territorios-quilombolas\/#article\",\"isPartOf\":{\"@id\":\"https:\/\/jornalfatosenoticias.com.br\/index.php\/2022\/08\/17\/ibge-inicia-censo-em-territorios-quilombolas\/\"},\"author\":{\"name\":\"Luzimara Fernandes\",\"@id\":\"https:\/\/jornalfatosenoticias.com.br\/#\/schema\/person\/d63837fa13ac8666eb9e74e0985d6f81\"},\"headline\":\"IBGE inicia censo em territ\u00f3rios quilombolas\",\"datePublished\":\"2022-08-17T14:25:34+00:00\",\"dateModified\":\"2022-08-17T14:25:38+00:00\",\"mainEntityOfPage\":{\"@id\":\"https:\/\/jornalfatosenoticias.com.br\/index.php\/2022\/08\/17\/ibge-inicia-censo-em-territorios-quilombolas\/\"},\"wordCount\":1151,\"commentCount\":0,\"publisher\":{\"@id\":\"https:\/\/jornalfatosenoticias.com.br\/#organization\"},\"image\":{\"@id\":\"https:\/\/jornalfatosenoticias.com.br\/index.php\/2022\/08\/17\/ibge-inicia-censo-em-territorios-quilombolas\/#primaryimage\"},\"thumbnailUrl\":\"https:\/\/jornalfatosenoticias.com.br\/wp-content\/uploads\/2022\/08\/IBGE_CENSO_quilombo_nhunguara_credito_gilvani_scatolin_isa.jpg\",\"keywords\":[\"Censo 2022\",\"cidadania\",\"IBGE\",\"quilombolas\"],\"articleSection\":[\"Geral\"],\"inLanguage\":\"pt-BR\",\"potentialAction\":[{\"@type\":\"CommentAction\",\"name\":\"Comment\",\"target\":[\"https:\/\/jornalfatosenoticias.com.br\/index.php\/2022\/08\/17\/ibge-inicia-censo-em-territorios-quilombolas\/#respond\"]}]},{\"@type\":\"WebPage\",\"@id\":\"https:\/\/jornalfatosenoticias.com.br\/index.php\/2022\/08\/17\/ibge-inicia-censo-em-territorios-quilombolas\/\",\"url\":\"https:\/\/jornalfatosenoticias.com.br\/index.php\/2022\/08\/17\/ibge-inicia-censo-em-territorios-quilombolas\/\",\"name\":\"IBGE inicia censo em territ\u00f3rios quilombolas - Jornal Fatos e Not\u00edcias\",\"isPartOf\":{\"@id\":\"https:\/\/jornalfatosenoticias.com.br\/#website\"},\"primaryImageOfPage\":{\"@id\":\"https:\/\/jornalfatosenoticias.com.br\/index.php\/2022\/08\/17\/ibge-inicia-censo-em-territorios-quilombolas\/#primaryimage\"},\"image\":{\"@id\":\"https:\/\/jornalfatosenoticias.com.br\/index.php\/2022\/08\/17\/ibge-inicia-censo-em-territorios-quilombolas\/#primaryimage\"},\"thumbnailUrl\":\"https:\/\/jornalfatosenoticias.com.br\/wp-content\/uploads\/2022\/08\/IBGE_CENSO_quilombo_nhunguara_credito_gilvani_scatolin_isa.jpg\",\"datePublished\":\"2022-08-17T14:25:34+00:00\",\"dateModified\":\"2022-08-17T14:25:38+00:00\",\"breadcrumb\":{\"@id\":\"https:\/\/jornalfatosenoticias.com.br\/index.php\/2022\/08\/17\/ibge-inicia-censo-em-territorios-quilombolas\/#breadcrumb\"},\"inLanguage\":\"pt-BR\",\"potentialAction\":[{\"@type\":\"ReadAction\",\"target\":[\"https:\/\/jornalfatosenoticias.com.br\/index.php\/2022\/08\/17\/ibge-inicia-censo-em-territorios-quilombolas\/\"]}]},{\"@type\":\"ImageObject\",\"inLanguage\":\"pt-BR\",\"@id\":\"https:\/\/jornalfatosenoticias.com.br\/index.php\/2022\/08\/17\/ibge-inicia-censo-em-territorios-quilombolas\/#primaryimage\",\"url\":\"https:\/\/jornalfatosenoticias.com.br\/wp-content\/uploads\/2022\/08\/IBGE_CENSO_quilombo_nhunguara_credito_gilvani_scatolin_isa.jpg\",\"contentUrl\":\"https:\/\/jornalfatosenoticias.com.br\/wp-content\/uploads\/2022\/08\/IBGE_CENSO_quilombo_nhunguara_credito_gilvani_scatolin_isa.jpg\",\"width\":1000,\"height\":600},{\"@type\":\"BreadcrumbList\",\"@id\":\"https:\/\/jornalfatosenoticias.com.br\/index.php\/2022\/08\/17\/ibge-inicia-censo-em-territorios-quilombolas\/#breadcrumb\",\"itemListElement\":[{\"@type\":\"ListItem\",\"position\":1,\"name\":\"In\u00edcio\",\"item\":\"https:\/\/jornalfatosenoticias.com.br\/\"},{\"@type\":\"ListItem\",\"position\":2,\"name\":\"IBGE inicia censo em territ\u00f3rios quilombolas\"}]},{\"@type\":\"WebSite\",\"@id\":\"https:\/\/jornalfatosenoticias.com.br\/#website\",\"url\":\"https:\/\/jornalfatosenoticias.com.br\/\",\"name\":\"Jornal Fatos e Not\u00edcias\",\"description\":\"Not\u00edcias em geral\",\"publisher\":{\"@id\":\"https:\/\/jornalfatosenoticias.com.br\/#organization\"},\"potentialAction\":[{\"@type\":\"SearchAction\",\"target\":{\"@type\":\"EntryPoint\",\"urlTemplate\":\"https:\/\/jornalfatosenoticias.com.br\/?s={search_term_string}\"},\"query-input\":{\"@type\":\"PropertyValueSpecification\",\"valueRequired\":true,\"valueName\":\"search_term_string\"}}],\"inLanguage\":\"pt-BR\"},{\"@type\":\"Organization\",\"@id\":\"https:\/\/jornalfatosenoticias.com.br\/#organization\",\"name\":\"Jornal Fatos e Not\u00edcias\",\"url\":\"https:\/\/jornalfatosenoticias.com.br\/\",\"logo\":{\"@type\":\"ImageObject\",\"inLanguage\":\"pt-BR\",\"@id\":\"https:\/\/jornalfatosenoticias.com.br\/#\/schema\/logo\/image\/\",\"url\":\"https:\/\/jornalfatosenoticias.com.br\/wp-content\/uploads\/2020\/02\/logo120.png\",\"contentUrl\":\"https:\/\/jornalfatosenoticias.com.br\/wp-content\/uploads\/2020\/02\/logo120.png\",\"width\":1227,\"height\":120,\"caption\":\"Jornal Fatos e Not\u00edcias\"},\"image\":{\"@id\":\"https:\/\/jornalfatosenoticias.com.br\/#\/schema\/logo\/image\/\"}},{\"@type\":\"Person\",\"@id\":\"https:\/\/jornalfatosenoticias.com.br\/#\/schema\/person\/d63837fa13ac8666eb9e74e0985d6f81\",\"name\":\"Luzimara Fernandes\",\"image\":{\"@type\":\"ImageObject\",\"inLanguage\":\"pt-BR\",\"@id\":\"https:\/\/jornalfatosenoticias.com.br\/#\/schema\/person\/image\/\",\"url\":\"https:\/\/jornalfatosenoticias.com.br\/wp-content\/uploads\/2025\/05\/EU_portal.jpg\",\"contentUrl\":\"https:\/\/jornalfatosenoticias.com.br\/wp-content\/uploads\/2025\/05\/EU_portal.jpg\",\"caption\":\"Luzimara Fernandes\"},\"description\":\"Jornalista MTB 2358-ES\",\"sameAs\":[\"https:\/\/jornalfatosenoticias.com.br\"],\"url\":\"https:\/\/jornalfatosenoticias.com.br\/index.php\/author\/luzimara\/\"}]}<\/script>\n<!-- \/ Yoast SEO plugin. -->","yoast_head_json":{"title":"IBGE inicia censo em territ\u00f3rios quilombolas - Jornal Fatos e Not\u00edcias","robots":{"index":"index","follow":"follow","max-snippet":"max-snippet:-1","max-image-preview":"max-image-preview:large","max-video-preview":"max-video-preview:-1"},"canonical":"https:\/\/jornalfatosenoticias.com.br\/index.php\/2022\/08\/17\/ibge-inicia-censo-em-territorios-quilombolas\/","og_locale":"pt_BR","og_type":"article","og_title":"IBGE inicia censo em territ\u00f3rios quilombolas - Jornal Fatos e Not\u00edcias","og_description":"Ser\u00e3o visitadas 5.972 comunidades em todo o Pa\u00eds Pela primeira vez, um censo demogr\u00e1fico do Instituto Brasileiro de Geografia e Estat\u00edstica (IBGE) vai contabilizar a popula\u00e7\u00e3o quilombola do Brasil. A iniciativa j\u00e1 vinha sendo trabalhada h\u00e1 algum tempo pelos pesquisadores. Ao todo, ser\u00e3o 5.972 localidades quilombolas, que come\u00e7aram a ser visitadas pelos recenseadores \u00e0s 9h [&hellip;]","og_url":"https:\/\/jornalfatosenoticias.com.br\/index.php\/2022\/08\/17\/ibge-inicia-censo-em-territorios-quilombolas\/","og_site_name":"Jornal Fatos e Not\u00edcias","article_published_time":"2022-08-17T14:25:34+00:00","article_modified_time":"2022-08-17T14:25:38+00:00","og_image":[{"width":1000,"height":600,"url":"https:\/\/jornalfatosenoticias.com.br\/wp-content\/uploads\/2022\/08\/IBGE_CENSO_quilombo_nhunguara_credito_gilvani_scatolin_isa.jpg","type":"image\/jpeg"}],"author":"Luzimara Fernandes","twitter_card":"summary_large_image","twitter_misc":{"Escrito por":"Luzimara Fernandes","Est. tempo de leitura":"6 minutos"},"schema":{"@context":"https:\/\/schema.org","@graph":[{"@type":"Article","@id":"https:\/\/jornalfatosenoticias.com.br\/index.php\/2022\/08\/17\/ibge-inicia-censo-em-territorios-quilombolas\/#article","isPartOf":{"@id":"https:\/\/jornalfatosenoticias.com.br\/index.php\/2022\/08\/17\/ibge-inicia-censo-em-territorios-quilombolas\/"},"author":{"name":"Luzimara Fernandes","@id":"https:\/\/jornalfatosenoticias.com.br\/#\/schema\/person\/d63837fa13ac8666eb9e74e0985d6f81"},"headline":"IBGE inicia censo em territ\u00f3rios quilombolas","datePublished":"2022-08-17T14:25:34+00:00","dateModified":"2022-08-17T14:25:38+00:00","mainEntityOfPage":{"@id":"https:\/\/jornalfatosenoticias.com.br\/index.php\/2022\/08\/17\/ibge-inicia-censo-em-territorios-quilombolas\/"},"wordCount":1151,"commentCount":0,"publisher":{"@id":"https:\/\/jornalfatosenoticias.com.br\/#organization"},"image":{"@id":"https:\/\/jornalfatosenoticias.com.br\/index.php\/2022\/08\/17\/ibge-inicia-censo-em-territorios-quilombolas\/#primaryimage"},"thumbnailUrl":"https:\/\/jornalfatosenoticias.com.br\/wp-content\/uploads\/2022\/08\/IBGE_CENSO_quilombo_nhunguara_credito_gilvani_scatolin_isa.jpg","keywords":["Censo 2022","cidadania","IBGE","quilombolas"],"articleSection":["Geral"],"inLanguage":"pt-BR","potentialAction":[{"@type":"CommentAction","name":"Comment","target":["https:\/\/jornalfatosenoticias.com.br\/index.php\/2022\/08\/17\/ibge-inicia-censo-em-territorios-quilombolas\/#respond"]}]},{"@type":"WebPage","@id":"https:\/\/jornalfatosenoticias.com.br\/index.php\/2022\/08\/17\/ibge-inicia-censo-em-territorios-quilombolas\/","url":"https:\/\/jornalfatosenoticias.com.br\/index.php\/2022\/08\/17\/ibge-inicia-censo-em-territorios-quilombolas\/","name":"IBGE inicia censo em territ\u00f3rios quilombolas - Jornal Fatos e Not\u00edcias","isPartOf":{"@id":"https:\/\/jornalfatosenoticias.com.br\/#website"},"primaryImageOfPage":{"@id":"https:\/\/jornalfatosenoticias.com.br\/index.php\/2022\/08\/17\/ibge-inicia-censo-em-territorios-quilombolas\/#primaryimage"},"image":{"@id":"https:\/\/jornalfatosenoticias.com.br\/index.php\/2022\/08\/17\/ibge-inicia-censo-em-territorios-quilombolas\/#primaryimage"},"thumbnailUrl":"https:\/\/jornalfatosenoticias.com.br\/wp-content\/uploads\/2022\/08\/IBGE_CENSO_quilombo_nhunguara_credito_gilvani_scatolin_isa.jpg","datePublished":"2022-08-17T14:25:34+00:00","dateModified":"2022-08-17T14:25:38+00:00","breadcrumb":{"@id":"https:\/\/jornalfatosenoticias.com.br\/index.php\/2022\/08\/17\/ibge-inicia-censo-em-territorios-quilombolas\/#breadcrumb"},"inLanguage":"pt-BR","potentialAction":[{"@type":"ReadAction","target":["https:\/\/jornalfatosenoticias.com.br\/index.php\/2022\/08\/17\/ibge-inicia-censo-em-territorios-quilombolas\/"]}]},{"@type":"ImageObject","inLanguage":"pt-BR","@id":"https:\/\/jornalfatosenoticias.com.br\/index.php\/2022\/08\/17\/ibge-inicia-censo-em-territorios-quilombolas\/#primaryimage","url":"https:\/\/jornalfatosenoticias.com.br\/wp-content\/uploads\/2022\/08\/IBGE_CENSO_quilombo_nhunguara_credito_gilvani_scatolin_isa.jpg","contentUrl":"https:\/\/jornalfatosenoticias.com.br\/wp-content\/uploads\/2022\/08\/IBGE_CENSO_quilombo_nhunguara_credito_gilvani_scatolin_isa.jpg","width":1000,"height":600},{"@type":"BreadcrumbList","@id":"https:\/\/jornalfatosenoticias.com.br\/index.php\/2022\/08\/17\/ibge-inicia-censo-em-territorios-quilombolas\/#breadcrumb","itemListElement":[{"@type":"ListItem","position":1,"name":"In\u00edcio","item":"https:\/\/jornalfatosenoticias.com.br\/"},{"@type":"ListItem","position":2,"name":"IBGE inicia censo em territ\u00f3rios quilombolas"}]},{"@type":"WebSite","@id":"https:\/\/jornalfatosenoticias.com.br\/#website","url":"https:\/\/jornalfatosenoticias.com.br\/","name":"Jornal Fatos e Not\u00edcias","description":"Not\u00edcias em geral","publisher":{"@id":"https:\/\/jornalfatosenoticias.com.br\/#organization"},"potentialAction":[{"@type":"SearchAction","target":{"@type":"EntryPoint","urlTemplate":"https:\/\/jornalfatosenoticias.com.br\/?s={search_term_string}"},"query-input":{"@type":"PropertyValueSpecification","valueRequired":true,"valueName":"search_term_string"}}],"inLanguage":"pt-BR"},{"@type":"Organization","@id":"https:\/\/jornalfatosenoticias.com.br\/#organization","name":"Jornal Fatos e Not\u00edcias","url":"https:\/\/jornalfatosenoticias.com.br\/","logo":{"@type":"ImageObject","inLanguage":"pt-BR","@id":"https:\/\/jornalfatosenoticias.com.br\/#\/schema\/logo\/image\/","url":"https:\/\/jornalfatosenoticias.com.br\/wp-content\/uploads\/2020\/02\/logo120.png","contentUrl":"https:\/\/jornalfatosenoticias.com.br\/wp-content\/uploads\/2020\/02\/logo120.png","width":1227,"height":120,"caption":"Jornal Fatos e Not\u00edcias"},"image":{"@id":"https:\/\/jornalfatosenoticias.com.br\/#\/schema\/logo\/image\/"}},{"@type":"Person","@id":"https:\/\/jornalfatosenoticias.com.br\/#\/schema\/person\/d63837fa13ac8666eb9e74e0985d6f81","name":"Luzimara Fernandes","image":{"@type":"ImageObject","inLanguage":"pt-BR","@id":"https:\/\/jornalfatosenoticias.com.br\/#\/schema\/person\/image\/","url":"https:\/\/jornalfatosenoticias.com.br\/wp-content\/uploads\/2025\/05\/EU_portal.jpg","contentUrl":"https:\/\/jornalfatosenoticias.com.br\/wp-content\/uploads\/2025\/05\/EU_portal.jpg","caption":"Luzimara Fernandes"},"description":"Jornalista MTB 2358-ES","sameAs":["https:\/\/jornalfatosenoticias.com.br"],"url":"https:\/\/jornalfatosenoticias.com.br\/index.php\/author\/luzimara\/"}]}},"cc_featured_image_caption":{"caption_text":"Quilombo Nhunguara (Foto: Gilvani Scatolin\/ISA) ","source_text":"","source_url":""},"jetpack_featured_media_url":"https:\/\/jornalfatosenoticias.com.br\/wp-content\/uploads\/2022\/08\/IBGE_CENSO_quilombo_nhunguara_credito_gilvani_scatolin_isa.jpg","_links":{"self":[{"href":"https:\/\/jornalfatosenoticias.com.br\/index.php\/wp-json\/wp\/v2\/posts\/33285","targetHints":{"allow":["GET"]}}],"collection":[{"href":"https:\/\/jornalfatosenoticias.com.br\/index.php\/wp-json\/wp\/v2\/posts"}],"about":[{"href":"https:\/\/jornalfatosenoticias.com.br\/index.php\/wp-json\/wp\/v2\/types\/post"}],"author":[{"embeddable":true,"href":"https:\/\/jornalfatosenoticias.com.br\/index.php\/wp-json\/wp\/v2\/users\/2"}],"replies":[{"embeddable":true,"href":"https:\/\/jornalfatosenoticias.com.br\/index.php\/wp-json\/wp\/v2\/comments?post=33285"}],"version-history":[{"count":0,"href":"https:\/\/jornalfatosenoticias.com.br\/index.php\/wp-json\/wp\/v2\/posts\/33285\/revisions"}],"wp:featuredmedia":[{"embeddable":true,"href":"https:\/\/jornalfatosenoticias.com.br\/index.php\/wp-json\/wp\/v2\/media\/33286"}],"wp:attachment":[{"href":"https:\/\/jornalfatosenoticias.com.br\/index.php\/wp-json\/wp\/v2\/media?parent=33285"}],"wp:term":[{"taxonomy":"category","embeddable":true,"href":"https:\/\/jornalfatosenoticias.com.br\/index.php\/wp-json\/wp\/v2\/categories?post=33285"},{"taxonomy":"post_tag","embeddable":true,"href":"https:\/\/jornalfatosenoticias.com.br\/index.php\/wp-json\/wp\/v2\/tags?post=33285"}],"curies":[{"name":"wp","href":"https:\/\/api.w.org\/{rel}","templated":true}]}}