{"id":33288,"date":"2022-08-17T11:32:49","date_gmt":"2022-08-17T14:32:49","guid":{"rendered":"https:\/\/jornalfatosenoticias.com.br\/?p=33288"},"modified":"2022-08-17T11:32:53","modified_gmt":"2022-08-17T14:32:53","slug":"thronicke-propoe-substituir-impostos-federais-por-um-so-tributo","status":"publish","type":"post","link":"https:\/\/jornalfatosenoticias.com.br\/index.php\/2022\/08\/17\/thronicke-propoe-substituir-impostos-federais-por-um-so-tributo\/","title":{"rendered":"Thronicke prop\u00f5e substituir impostos federais por um s\u00f3 tributo"},"content":{"rendered":"\n<p><em><span class=\"has-inline-color has-black-color\">Candidata visitar\u00e1 projeto social e se encontrar\u00e1 com apoiadores<\/span><\/em><\/p>\n\n\n\n<div class=\"wp-block-image\"><figure class=\"aligncenter size-large is-resized\"><img loading=\"lazy\" decoding=\"async\" src=\"https:\/\/jornalfatosenoticias.com.br\/wp-content\/uploads\/2020\/02\/Serra-Grande-1024x160.png\" alt=\"\" class=\"wp-image-7836\" width=\"382\" height=\"59\"\/><\/figure><\/div>\n\n\n\n<p>A candidata \u00e0 Presid\u00eancia da Rep\u00fablica pelo Uni\u00e3o Brasil, Soraya Thronicke, ter\u00e1 o dia de hoje (17) dedicado a corpo a corpo com eleitores em S\u00e3o Paulo. Ao final da tarde, ter\u00e1 um encontro com apoiadores. Contatada pela Ag\u00eancia Brasil, a candidata disse que, se eleita, vai propor a substitui\u00e7\u00e3o de impostos federais por um tributo \u00fanico.<br>Senadora do Mato Grosso do Sul pelo Uni\u00e3o, Thronicke divulgou seu primeiro v\u00eddeo de campanha, no qual prop\u00f5e uma \u201creflex\u00e3o\u201d, no sentido de n\u00e3o permitir que a pol\u00edtica separe o eleitor de fam\u00edlia e amigos nessas elei\u00e7\u00f5es.<\/p>\n\n\n\n<div class=\"wp-block-image\"><figure class=\"aligncenter size-large is-resized\"><img loading=\"lazy\" decoding=\"async\" src=\"https:\/\/jornalfatosenoticias.com.br\/wp-content\/uploads\/2020\/02\/SEVENTUR-TURISMO.jpg\" alt=\"\" class=\"wp-image-32994\" width=\"273\" height=\"216\"\/><\/figure><\/div>\n\n\n\n<blockquote class=\"wp-block-quote is-layout-flow wp-block-quote-is-layout-flow\"><p><span class=\"has-inline-color has-luminous-vivid-orange-color\">\u201cAo menos, at\u00e9 o momento, os outros candidatos ao Planalto t\u00eam propostas gen\u00e9ricas em v\u00e1rias tem\u00e1ticas. N\u00f3s chegamos com uma proposta concreta de crescimento econ\u00f4mico e de combate \u00e0 pobreza, que \u00e9 acabar com os impostos federais e implementar, por exemplo, um s\u00f3 tributo, beneficiando a maioria, que s\u00e3o os mais pobres\u201d, disse a candidata.<\/span><\/p><\/blockquote>\n\n\n\n<div class=\"wp-block-image\"><figure class=\"alignright size-large is-resized\"><img loading=\"lazy\" decoding=\"async\" src=\"https:\/\/jornalfatosenoticias.com.br\/wp-content\/uploads\/2022\/03\/logo-Suinco-1024x390.jpg\" alt=\"\" class=\"wp-image-28785\" width=\"296\" height=\"112\"\/><\/figure><\/div>\n\n\n\n<p>A candidata tamb\u00e9m comentou como ser\u00e1 a t\u00f4nica de sua campanha: \u201cna TV, inclusive, vamos compartilhar com o cidad\u00e3o solu\u00e7\u00f5es concretas. \u00c9 nisso que vamos apostar para mostrar quem sou e o que pretendo fazer, caso seja eleita presidente da Rep\u00fablica, para fazer do Brasil novamente um Pa\u00eds humanizado e desenvolvido\u201d, acrescentou.<\/p>\n\n\n\n<div class=\"wp-block-image\"><figure class=\"aligncenter size-large\"><img loading=\"lazy\" decoding=\"async\" width=\"1024\" height=\"100\" src=\"https:\/\/jornalfatosenoticias.com.br\/wp-content\/uploads\/2022\/05\/NOVA-LOGO-CESCONETTO-1024x100.jpg\" alt=\"\" class=\"wp-image-30792\" srcset=\"https:\/\/jornalfatosenoticias.com.br\/wp-content\/uploads\/2022\/05\/NOVA-LOGO-CESCONETTO-1024x100.jpg 1024w, https:\/\/jornalfatosenoticias.com.br\/wp-content\/uploads\/2022\/05\/NOVA-LOGO-CESCONETTO-300x29.jpg 300w, https:\/\/jornalfatosenoticias.com.br\/wp-content\/uploads\/2022\/05\/NOVA-LOGO-CESCONETTO-768x75.jpg 768w, https:\/\/jornalfatosenoticias.com.br\/wp-content\/uploads\/2022\/05\/NOVA-LOGO-CESCONETTO.jpg 1280w\" sizes=\"auto, (max-width: 1024px) 100vw, 1024px\" \/><\/figure><\/div>\n\n\n\n<p>\u00c0s 15h30, a candidata visita o projeto social Tays\u00e3o no Jardim Melvi, em Praia Grande (SP). \u00c0s 16h30 faz caminhada e corpo a corpo com eleitores no centro de S\u00e3o Vicente (SP); \u00e0s 17h15 participa de um caf\u00e9 com apoiadores em Santos (SP).<\/p>\n\n\n\n<div class=\"wp-block-image\"><figure class=\"aligncenter size-large is-resized\"><img loading=\"lazy\" decoding=\"async\" src=\"https:\/\/jornalfatosenoticias.com.br\/wp-content\/uploads\/2022\/02\/Serra-Pack-459.png\" alt=\"\" class=\"wp-image-27471\" width=\"308\" height=\"123\"\/><\/figure><\/div>\n\n\n\n<p><strong><em>Fonte: <a href=\"https:\/\/agenciabrasil.ebc.com.br\/politica\/noticia\/2022-08\/thronicke-propoe-substituir-impostos-federais-por-um-so-tributo\">Ag\u00eancia Brasil<\/a><\/em><\/strong><\/p>\n","protected":false},"excerpt":{"rendered":"<p>Candidata visitar\u00e1 projeto social e se encontrar\u00e1 com apoiadores A candidata \u00e0 Presid\u00eancia da Rep\u00fablica pelo Uni\u00e3o Brasil, Soraya Thronicke, ter\u00e1 o dia de hoje (17) dedicado a corpo a corpo com eleitores em S\u00e3o Paulo. Ao final da tarde, ter\u00e1 um encontro com apoiadores. Contatada pela Ag\u00eancia Brasil, a candidata disse que, se eleita, [&hellip;]<\/p>\n","protected":false},"author":2,"featured_media":33289,"comment_status":"open","ping_status":"open","sticky":false,"template":"","format":"standard","meta":{"footnotes":""},"categories":[10],"tags":[15674,3095,10150,15675],"class_list":["post-33288","post","type-post","status-publish","format-standard","has-post-thumbnail","hentry","category-politica","tag-agenda-de-candidatos","tag-campanha-eleitoral","tag-eleicoes-2022","tag-soraya-thronicke"],"yoast_head":"<!-- This site is optimized with the Yoast SEO plugin v26.5 - https:\/\/yoast.com\/wordpress\/plugins\/seo\/ -->\n<title>Thronicke prop\u00f5e substituir impostos federais por um s\u00f3 tributo - Jornal Fatos e Not\u00edcias<\/title>\n<meta name=\"robots\" content=\"index, follow, max-snippet:-1, max-image-preview:large, max-video-preview:-1\" \/>\n<link rel=\"canonical\" href=\"https:\/\/jornalfatosenoticias.com.br\/index.php\/2022\/08\/17\/thronicke-propoe-substituir-impostos-federais-por-um-so-tributo\/\" \/>\n<meta property=\"og:locale\" content=\"pt_BR\" \/>\n<meta property=\"og:type\" content=\"article\" \/>\n<meta property=\"og:title\" content=\"Thronicke prop\u00f5e substituir impostos federais por um s\u00f3 tributo - Jornal Fatos e Not\u00edcias\" \/>\n<meta property=\"og:description\" content=\"Candidata visitar\u00e1 projeto social e se encontrar\u00e1 com apoiadores A candidata \u00e0 Presid\u00eancia da Rep\u00fablica pelo Uni\u00e3o Brasil, Soraya Thronicke, ter\u00e1 o dia de hoje (17) dedicado a corpo a corpo com eleitores em S\u00e3o Paulo. Ao final da tarde, ter\u00e1 um encontro com apoiadores. Contatada pela Ag\u00eancia Brasil, a candidata disse que, se eleita, [&hellip;]\" \/>\n<meta property=\"og:url\" content=\"https:\/\/jornalfatosenoticias.com.br\/index.php\/2022\/08\/17\/thronicke-propoe-substituir-impostos-federais-por-um-so-tributo\/\" \/>\n<meta property=\"og:site_name\" content=\"Jornal Fatos e Not\u00edcias\" \/>\n<meta property=\"article:published_time\" content=\"2022-08-17T14:32:49+00:00\" \/>\n<meta property=\"article:modified_time\" content=\"2022-08-17T14:32:53+00:00\" \/>\n<meta property=\"og:image\" content=\"https:\/\/jornalfatosenoticias.com.br\/wp-content\/uploads\/2022\/08\/soraya_thronicke_impostos.png\" \/>\n\t<meta property=\"og:image:width\" content=\"1000\" \/>\n\t<meta property=\"og:image:height\" content=\"598\" \/>\n\t<meta property=\"og:image:type\" content=\"image\/png\" \/>\n<meta name=\"author\" content=\"Luzimara Fernandes\" \/>\n<meta name=\"twitter:card\" content=\"summary_large_image\" \/>\n<meta name=\"twitter:label1\" content=\"Escrito por\" \/>\n\t<meta name=\"twitter:data1\" content=\"Luzimara Fernandes\" \/>\n\t<meta name=\"twitter:label2\" content=\"Est. tempo de leitura\" \/>\n\t<meta name=\"twitter:data2\" content=\"1 minuto\" \/>\n<script type=\"application\/ld+json\" class=\"yoast-schema-graph\">{\"@context\":\"https:\/\/schema.org\",\"@graph\":[{\"@type\":\"Article\",\"@id\":\"https:\/\/jornalfatosenoticias.com.br\/index.php\/2022\/08\/17\/thronicke-propoe-substituir-impostos-federais-por-um-so-tributo\/#article\",\"isPartOf\":{\"@id\":\"https:\/\/jornalfatosenoticias.com.br\/index.php\/2022\/08\/17\/thronicke-propoe-substituir-impostos-federais-por-um-so-tributo\/\"},\"author\":{\"name\":\"Luzimara Fernandes\",\"@id\":\"https:\/\/jornalfatosenoticias.com.br\/#\/schema\/person\/d63837fa13ac8666eb9e74e0985d6f81\"},\"headline\":\"Thronicke prop\u00f5e substituir impostos federais por um s\u00f3 tributo\",\"datePublished\":\"2022-08-17T14:32:49+00:00\",\"dateModified\":\"2022-08-17T14:32:53+00:00\",\"mainEntityOfPage\":{\"@id\":\"https:\/\/jornalfatosenoticias.com.br\/index.php\/2022\/08\/17\/thronicke-propoe-substituir-impostos-federais-por-um-so-tributo\/\"},\"wordCount\":291,\"commentCount\":0,\"publisher\":{\"@id\":\"https:\/\/jornalfatosenoticias.com.br\/#organization\"},\"image\":{\"@id\":\"https:\/\/jornalfatosenoticias.com.br\/index.php\/2022\/08\/17\/thronicke-propoe-substituir-impostos-federais-por-um-so-tributo\/#primaryimage\"},\"thumbnailUrl\":\"https:\/\/jornalfatosenoticias.com.br\/wp-content\/uploads\/2022\/08\/soraya_thronicke_impostos.png\",\"keywords\":[\"agenda de candidatos\",\"campanha eleitoral\",\"elei\u00e7\u00f5es 2022\",\"Soraya Thronicke\"],\"articleSection\":[\"Pol\u00edtica\"],\"inLanguage\":\"pt-BR\",\"potentialAction\":[{\"@type\":\"CommentAction\",\"name\":\"Comment\",\"target\":[\"https:\/\/jornalfatosenoticias.com.br\/index.php\/2022\/08\/17\/thronicke-propoe-substituir-impostos-federais-por-um-so-tributo\/#respond\"]}]},{\"@type\":\"WebPage\",\"@id\":\"https:\/\/jornalfatosenoticias.com.br\/index.php\/2022\/08\/17\/thronicke-propoe-substituir-impostos-federais-por-um-so-tributo\/\",\"url\":\"https:\/\/jornalfatosenoticias.com.br\/index.php\/2022\/08\/17\/thronicke-propoe-substituir-impostos-federais-por-um-so-tributo\/\",\"name\":\"Thronicke prop\u00f5e substituir impostos federais por um s\u00f3 tributo - Jornal Fatos e Not\u00edcias\",\"isPartOf\":{\"@id\":\"https:\/\/jornalfatosenoticias.com.br\/#website\"},\"primaryImageOfPage\":{\"@id\":\"https:\/\/jornalfatosenoticias.com.br\/index.php\/2022\/08\/17\/thronicke-propoe-substituir-impostos-federais-por-um-so-tributo\/#primaryimage\"},\"image\":{\"@id\":\"https:\/\/jornalfatosenoticias.com.br\/index.php\/2022\/08\/17\/thronicke-propoe-substituir-impostos-federais-por-um-so-tributo\/#primaryimage\"},\"thumbnailUrl\":\"https:\/\/jornalfatosenoticias.com.br\/wp-content\/uploads\/2022\/08\/soraya_thronicke_impostos.png\",\"datePublished\":\"2022-08-17T14:32:49+00:00\",\"dateModified\":\"2022-08-17T14:32:53+00:00\",\"breadcrumb\":{\"@id\":\"https:\/\/jornalfatosenoticias.com.br\/index.php\/2022\/08\/17\/thronicke-propoe-substituir-impostos-federais-por-um-so-tributo\/#breadcrumb\"},\"inLanguage\":\"pt-BR\",\"potentialAction\":[{\"@type\":\"ReadAction\",\"target\":[\"https:\/\/jornalfatosenoticias.com.br\/index.php\/2022\/08\/17\/thronicke-propoe-substituir-impostos-federais-por-um-so-tributo\/\"]}]},{\"@type\":\"ImageObject\",\"inLanguage\":\"pt-BR\",\"@id\":\"https:\/\/jornalfatosenoticias.com.br\/index.php\/2022\/08\/17\/thronicke-propoe-substituir-impostos-federais-por-um-so-tributo\/#primaryimage\",\"url\":\"https:\/\/jornalfatosenoticias.com.br\/wp-content\/uploads\/2022\/08\/soraya_thronicke_impostos.png\",\"contentUrl\":\"https:\/\/jornalfatosenoticias.com.br\/wp-content\/uploads\/2022\/08\/soraya_thronicke_impostos.png\",\"width\":1000,\"height\":598},{\"@type\":\"BreadcrumbList\",\"@id\":\"https:\/\/jornalfatosenoticias.com.br\/index.php\/2022\/08\/17\/thronicke-propoe-substituir-impostos-federais-por-um-so-tributo\/#breadcrumb\",\"itemListElement\":[{\"@type\":\"ListItem\",\"position\":1,\"name\":\"In\u00edcio\",\"item\":\"https:\/\/jornalfatosenoticias.com.br\/\"},{\"@type\":\"ListItem\",\"position\":2,\"name\":\"Thronicke prop\u00f5e substituir impostos federais por um s\u00f3 tributo\"}]},{\"@type\":\"WebSite\",\"@id\":\"https:\/\/jornalfatosenoticias.com.br\/#website\",\"url\":\"https:\/\/jornalfatosenoticias.com.br\/\",\"name\":\"Jornal Fatos e Not\u00edcias\",\"description\":\"Not\u00edcias em geral\",\"publisher\":{\"@id\":\"https:\/\/jornalfatosenoticias.com.br\/#organization\"},\"potentialAction\":[{\"@type\":\"SearchAction\",\"target\":{\"@type\":\"EntryPoint\",\"urlTemplate\":\"https:\/\/jornalfatosenoticias.com.br\/?s={search_term_string}\"},\"query-input\":{\"@type\":\"PropertyValueSpecification\",\"valueRequired\":true,\"valueName\":\"search_term_string\"}}],\"inLanguage\":\"pt-BR\"},{\"@type\":\"Organization\",\"@id\":\"https:\/\/jornalfatosenoticias.com.br\/#organization\",\"name\":\"Jornal Fatos e Not\u00edcias\",\"url\":\"https:\/\/jornalfatosenoticias.com.br\/\",\"logo\":{\"@type\":\"ImageObject\",\"inLanguage\":\"pt-BR\",\"@id\":\"https:\/\/jornalfatosenoticias.com.br\/#\/schema\/logo\/image\/\",\"url\":\"https:\/\/jornalfatosenoticias.com.br\/wp-content\/uploads\/2020\/02\/logo120.png\",\"contentUrl\":\"https:\/\/jornalfatosenoticias.com.br\/wp-content\/uploads\/2020\/02\/logo120.png\",\"width\":1227,\"height\":120,\"caption\":\"Jornal Fatos e Not\u00edcias\"},\"image\":{\"@id\":\"https:\/\/jornalfatosenoticias.com.br\/#\/schema\/logo\/image\/\"}},{\"@type\":\"Person\",\"@id\":\"https:\/\/jornalfatosenoticias.com.br\/#\/schema\/person\/d63837fa13ac8666eb9e74e0985d6f81\",\"name\":\"Luzimara Fernandes\",\"image\":{\"@type\":\"ImageObject\",\"inLanguage\":\"pt-BR\",\"@id\":\"https:\/\/jornalfatosenoticias.com.br\/#\/schema\/person\/image\/\",\"url\":\"https:\/\/jornalfatosenoticias.com.br\/wp-content\/uploads\/2025\/05\/EU_portal.jpg\",\"contentUrl\":\"https:\/\/jornalfatosenoticias.com.br\/wp-content\/uploads\/2025\/05\/EU_portal.jpg\",\"caption\":\"Luzimara Fernandes\"},\"description\":\"Jornalista MTB 2358-ES\",\"sameAs\":[\"https:\/\/jornalfatosenoticias.com.br\"],\"url\":\"https:\/\/jornalfatosenoticias.com.br\/index.php\/author\/luzimara\/\"}]}<\/script>\n<!-- \/ Yoast SEO plugin. -->","yoast_head_json":{"title":"Thronicke prop\u00f5e substituir impostos federais por um s\u00f3 tributo - Jornal Fatos e Not\u00edcias","robots":{"index":"index","follow":"follow","max-snippet":"max-snippet:-1","max-image-preview":"max-image-preview:large","max-video-preview":"max-video-preview:-1"},"canonical":"https:\/\/jornalfatosenoticias.com.br\/index.php\/2022\/08\/17\/thronicke-propoe-substituir-impostos-federais-por-um-so-tributo\/","og_locale":"pt_BR","og_type":"article","og_title":"Thronicke prop\u00f5e substituir impostos federais por um s\u00f3 tributo - Jornal Fatos e Not\u00edcias","og_description":"Candidata visitar\u00e1 projeto social e se encontrar\u00e1 com apoiadores A candidata \u00e0 Presid\u00eancia da Rep\u00fablica pelo Uni\u00e3o Brasil, Soraya Thronicke, ter\u00e1 o dia de hoje (17) dedicado a corpo a corpo com eleitores em S\u00e3o Paulo. Ao final da tarde, ter\u00e1 um encontro com apoiadores. Contatada pela Ag\u00eancia Brasil, a candidata disse que, se eleita, [&hellip;]","og_url":"https:\/\/jornalfatosenoticias.com.br\/index.php\/2022\/08\/17\/thronicke-propoe-substituir-impostos-federais-por-um-so-tributo\/","og_site_name":"Jornal Fatos e Not\u00edcias","article_published_time":"2022-08-17T14:32:49+00:00","article_modified_time":"2022-08-17T14:32:53+00:00","og_image":[{"width":1000,"height":598,"url":"https:\/\/jornalfatosenoticias.com.br\/wp-content\/uploads\/2022\/08\/soraya_thronicke_impostos.png","type":"image\/png"}],"author":"Luzimara Fernandes","twitter_card":"summary_large_image","twitter_misc":{"Escrito por":"Luzimara Fernandes","Est. tempo de leitura":"1 minuto"},"schema":{"@context":"https:\/\/schema.org","@graph":[{"@type":"Article","@id":"https:\/\/jornalfatosenoticias.com.br\/index.php\/2022\/08\/17\/thronicke-propoe-substituir-impostos-federais-por-um-so-tributo\/#article","isPartOf":{"@id":"https:\/\/jornalfatosenoticias.com.br\/index.php\/2022\/08\/17\/thronicke-propoe-substituir-impostos-federais-por-um-so-tributo\/"},"author":{"name":"Luzimara Fernandes","@id":"https:\/\/jornalfatosenoticias.com.br\/#\/schema\/person\/d63837fa13ac8666eb9e74e0985d6f81"},"headline":"Thronicke prop\u00f5e substituir impostos federais por um s\u00f3 tributo","datePublished":"2022-08-17T14:32:49+00:00","dateModified":"2022-08-17T14:32:53+00:00","mainEntityOfPage":{"@id":"https:\/\/jornalfatosenoticias.com.br\/index.php\/2022\/08\/17\/thronicke-propoe-substituir-impostos-federais-por-um-so-tributo\/"},"wordCount":291,"commentCount":0,"publisher":{"@id":"https:\/\/jornalfatosenoticias.com.br\/#organization"},"image":{"@id":"https:\/\/jornalfatosenoticias.com.br\/index.php\/2022\/08\/17\/thronicke-propoe-substituir-impostos-federais-por-um-so-tributo\/#primaryimage"},"thumbnailUrl":"https:\/\/jornalfatosenoticias.com.br\/wp-content\/uploads\/2022\/08\/soraya_thronicke_impostos.png","keywords":["agenda de candidatos","campanha eleitoral","elei\u00e7\u00f5es 2022","Soraya Thronicke"],"articleSection":["Pol\u00edtica"],"inLanguage":"pt-BR","potentialAction":[{"@type":"CommentAction","name":"Comment","target":["https:\/\/jornalfatosenoticias.com.br\/index.php\/2022\/08\/17\/thronicke-propoe-substituir-impostos-federais-por-um-so-tributo\/#respond"]}]},{"@type":"WebPage","@id":"https:\/\/jornalfatosenoticias.com.br\/index.php\/2022\/08\/17\/thronicke-propoe-substituir-impostos-federais-por-um-so-tributo\/","url":"https:\/\/jornalfatosenoticias.com.br\/index.php\/2022\/08\/17\/thronicke-propoe-substituir-impostos-federais-por-um-so-tributo\/","name":"Thronicke prop\u00f5e substituir impostos federais por um s\u00f3 tributo - Jornal Fatos e Not\u00edcias","isPartOf":{"@id":"https:\/\/jornalfatosenoticias.com.br\/#website"},"primaryImageOfPage":{"@id":"https:\/\/jornalfatosenoticias.com.br\/index.php\/2022\/08\/17\/thronicke-propoe-substituir-impostos-federais-por-um-so-tributo\/#primaryimage"},"image":{"@id":"https:\/\/jornalfatosenoticias.com.br\/index.php\/2022\/08\/17\/thronicke-propoe-substituir-impostos-federais-por-um-so-tributo\/#primaryimage"},"thumbnailUrl":"https:\/\/jornalfatosenoticias.com.br\/wp-content\/uploads\/2022\/08\/soraya_thronicke_impostos.png","datePublished":"2022-08-17T14:32:49+00:00","dateModified":"2022-08-17T14:32:53+00:00","breadcrumb":{"@id":"https:\/\/jornalfatosenoticias.com.br\/index.php\/2022\/08\/17\/thronicke-propoe-substituir-impostos-federais-por-um-so-tributo\/#breadcrumb"},"inLanguage":"pt-BR","potentialAction":[{"@type":"ReadAction","target":["https:\/\/jornalfatosenoticias.com.br\/index.php\/2022\/08\/17\/thronicke-propoe-substituir-impostos-federais-por-um-so-tributo\/"]}]},{"@type":"ImageObject","inLanguage":"pt-BR","@id":"https:\/\/jornalfatosenoticias.com.br\/index.php\/2022\/08\/17\/thronicke-propoe-substituir-impostos-federais-por-um-so-tributo\/#primaryimage","url":"https:\/\/jornalfatosenoticias.com.br\/wp-content\/uploads\/2022\/08\/soraya_thronicke_impostos.png","contentUrl":"https:\/\/jornalfatosenoticias.com.br\/wp-content\/uploads\/2022\/08\/soraya_thronicke_impostos.png","width":1000,"height":598},{"@type":"BreadcrumbList","@id":"https:\/\/jornalfatosenoticias.com.br\/index.php\/2022\/08\/17\/thronicke-propoe-substituir-impostos-federais-por-um-so-tributo\/#breadcrumb","itemListElement":[{"@type":"ListItem","position":1,"name":"In\u00edcio","item":"https:\/\/jornalfatosenoticias.com.br\/"},{"@type":"ListItem","position":2,"name":"Thronicke prop\u00f5e substituir impostos federais por um s\u00f3 tributo"}]},{"@type":"WebSite","@id":"https:\/\/jornalfatosenoticias.com.br\/#website","url":"https:\/\/jornalfatosenoticias.com.br\/","name":"Jornal Fatos e Not\u00edcias","description":"Not\u00edcias em geral","publisher":{"@id":"https:\/\/jornalfatosenoticias.com.br\/#organization"},"potentialAction":[{"@type":"SearchAction","target":{"@type":"EntryPoint","urlTemplate":"https:\/\/jornalfatosenoticias.com.br\/?s={search_term_string}"},"query-input":{"@type":"PropertyValueSpecification","valueRequired":true,"valueName":"search_term_string"}}],"inLanguage":"pt-BR"},{"@type":"Organization","@id":"https:\/\/jornalfatosenoticias.com.br\/#organization","name":"Jornal Fatos e Not\u00edcias","url":"https:\/\/jornalfatosenoticias.com.br\/","logo":{"@type":"ImageObject","inLanguage":"pt-BR","@id":"https:\/\/jornalfatosenoticias.com.br\/#\/schema\/logo\/image\/","url":"https:\/\/jornalfatosenoticias.com.br\/wp-content\/uploads\/2020\/02\/logo120.png","contentUrl":"https:\/\/jornalfatosenoticias.com.br\/wp-content\/uploads\/2020\/02\/logo120.png","width":1227,"height":120,"caption":"Jornal Fatos e Not\u00edcias"},"image":{"@id":"https:\/\/jornalfatosenoticias.com.br\/#\/schema\/logo\/image\/"}},{"@type":"Person","@id":"https:\/\/jornalfatosenoticias.com.br\/#\/schema\/person\/d63837fa13ac8666eb9e74e0985d6f81","name":"Luzimara Fernandes","image":{"@type":"ImageObject","inLanguage":"pt-BR","@id":"https:\/\/jornalfatosenoticias.com.br\/#\/schema\/person\/image\/","url":"https:\/\/jornalfatosenoticias.com.br\/wp-content\/uploads\/2025\/05\/EU_portal.jpg","contentUrl":"https:\/\/jornalfatosenoticias.com.br\/wp-content\/uploads\/2025\/05\/EU_portal.jpg","caption":"Luzimara Fernandes"},"description":"Jornalista MTB 2358-ES","sameAs":["https:\/\/jornalfatosenoticias.com.br"],"url":"https:\/\/jornalfatosenoticias.com.br\/index.php\/author\/luzimara\/"}]}},"cc_featured_image_caption":{"caption_text":"(Foto: Roque de S\u00e1\/Ag\u00eancia Senado) ","source_text":"","source_url":""},"jetpack_featured_media_url":"https:\/\/jornalfatosenoticias.com.br\/wp-content\/uploads\/2022\/08\/soraya_thronicke_impostos.png","_links":{"self":[{"href":"https:\/\/jornalfatosenoticias.com.br\/index.php\/wp-json\/wp\/v2\/posts\/33288","targetHints":{"allow":["GET"]}}],"collection":[{"href":"https:\/\/jornalfatosenoticias.com.br\/index.php\/wp-json\/wp\/v2\/posts"}],"about":[{"href":"https:\/\/jornalfatosenoticias.com.br\/index.php\/wp-json\/wp\/v2\/types\/post"}],"author":[{"embeddable":true,"href":"https:\/\/jornalfatosenoticias.com.br\/index.php\/wp-json\/wp\/v2\/users\/2"}],"replies":[{"embeddable":true,"href":"https:\/\/jornalfatosenoticias.com.br\/index.php\/wp-json\/wp\/v2\/comments?post=33288"}],"version-history":[{"count":0,"href":"https:\/\/jornalfatosenoticias.com.br\/index.php\/wp-json\/wp\/v2\/posts\/33288\/revisions"}],"wp:featuredmedia":[{"embeddable":true,"href":"https:\/\/jornalfatosenoticias.com.br\/index.php\/wp-json\/wp\/v2\/media\/33289"}],"wp:attachment":[{"href":"https:\/\/jornalfatosenoticias.com.br\/index.php\/wp-json\/wp\/v2\/media?parent=33288"}],"wp:term":[{"taxonomy":"category","embeddable":true,"href":"https:\/\/jornalfatosenoticias.com.br\/index.php\/wp-json\/wp\/v2\/categories?post=33288"},{"taxonomy":"post_tag","embeddable":true,"href":"https:\/\/jornalfatosenoticias.com.br\/index.php\/wp-json\/wp\/v2\/tags?post=33288"}],"curies":[{"name":"wp","href":"https:\/\/api.w.org\/{rel}","templated":true}]}}