{"id":33299,"date":"2022-08-17T12:05:34","date_gmt":"2022-08-17T15:05:34","guid":{"rendered":"https:\/\/jornalfatosenoticias.com.br\/?p=33299"},"modified":"2022-08-17T12:05:35","modified_gmt":"2022-08-17T15:05:35","slug":"china-busca-aliviar-seca-e-cortes-de-energia-durante-onda-de-calor","status":"publish","type":"post","link":"https:\/\/jornalfatosenoticias.com.br\/index.php\/2022\/08\/17\/china-busca-aliviar-seca-e-cortes-de-energia-durante-onda-de-calor\/","title":{"rendered":"China busca aliviar seca e cortes de energia durante onda de calor"},"content":{"rendered":"\n<p><em><span class=\"has-inline-color has-black-color\">Meta \u00e9 levar mais \u00e1gua para a bacia do Rio Yangtz\u00e9<\/span><\/em><\/p>\n\n\n\n<div class=\"wp-block-image\"><figure class=\"aligncenter size-large\"><img loading=\"lazy\" decoding=\"async\" width=\"1024\" height=\"100\" src=\"https:\/\/jornalfatosenoticias.com.br\/wp-content\/uploads\/2020\/02\/banner_ferramentas-1024x100.jpg\" alt=\"\" class=\"wp-image-1258\" srcset=\"https:\/\/jornalfatosenoticias.com.br\/wp-content\/uploads\/2020\/02\/banner_ferramentas-1024x100.jpg 1024w, https:\/\/jornalfatosenoticias.com.br\/wp-content\/uploads\/2020\/02\/banner_ferramentas-300x29.jpg 300w, https:\/\/jornalfatosenoticias.com.br\/wp-content\/uploads\/2020\/02\/banner_ferramentas-768x75.jpg 768w, https:\/\/jornalfatosenoticias.com.br\/wp-content\/uploads\/2020\/02\/banner_ferramentas.jpg 1227w\" sizes=\"auto, (max-width: 1024px) 100vw, 1024px\" \/><\/figure><\/div>\n\n\n\n<p>A China est\u00e1 lutando para aliviar a escassez de energia e levar mais \u00e1gua para a bacia do Rio Yangtz\u00e9, atingida pela seca, em meio a onda de calor recorde, implantando fundos de ajuda, semeando nuvens e desenvolvendo novas fontes de abastecimento.<br>Por mais de dois meses, as altas temperaturas interromperam o crescimento das planta\u00e7\u00f5es, amea\u00e7aram a pecu\u00e1ria e for\u00e7aram as ind\u00fastrias nas regi\u00f5es do Sudoeste, dependentes de energia hidrel\u00e9trica, a fechar para garantir o fornecimento de eletricidade \u00e0s resid\u00eancias.<br>A China alertou que enfrentar\u00e1 prolifera\u00e7\u00e3o de eventos clim\u00e1ticos extremos nos pr\u00f3ximos anos, \u00e0 medida que tenta se adaptar \u00e0s mudan\u00e7as clim\u00e1ticas e aos aumentos de temperatura que, provavelmente, ser\u00e3o mais severos do que em outros lugares.<\/p>\n\n\n\n<div class=\"wp-block-image\"><figure class=\"aligncenter size-large\"><img decoding=\"async\" src=\"https:\/\/jornalfatosenoticias.com.br\/wp-content\/uploads\/2020\/02\/logo_esteio.jpg\" alt=\"\" class=\"wp-image-1214\"\/><\/figure><\/div>\n\n\n\n<blockquote class=\"wp-block-quote is-layout-flow wp-block-quote-is-layout-flow\"><p><span class=\"has-inline-color has-luminous-vivid-orange-color\">O calor extremo atual deriva de um &#8220;caso especial&#8221; de alta press\u00e3o subtropical do Pac\u00edfico Ocidental, que se estende por grande parte da \u00c1sia, disse Cai Wenju, pesquisador do Instituto Nacional de Pesquisa Cent\u00edfica da Austr\u00e1lia (CSIRO).<\/span><\/p><\/blockquote>\n\n\n\n<div class=\"wp-block-image\"><figure class=\"alignleft size-large is-resized\"><img loading=\"lazy\" decoding=\"async\" src=\"https:\/\/jornalfatosenoticias.com.br\/wp-content\/uploads\/2020\/02\/nova-logo-Marquetti.jpg\" alt=\"\" class=\"wp-image-22331\" width=\"306\" height=\"205\" srcset=\"https:\/\/jornalfatosenoticias.com.br\/wp-content\/uploads\/2020\/02\/nova-logo-Marquetti.jpg 643w, https:\/\/jornalfatosenoticias.com.br\/wp-content\/uploads\/2020\/02\/nova-logo-Marquetti-300x202.jpg 300w\" sizes=\"auto, (max-width: 306px) 100vw, 306px\" \/><\/figure><\/div>\n\n\n\n<p>A prov\u00edncia de Sichuan, no sudoeste da China, informou hoje que racionar\u00e1 o fornecimento de energia para resid\u00eancias, escrit\u00f3rios e <em>shopping centers,<\/em> depois de j\u00e1 ter determinado que produtores de metais e fertilizantes, que fazem uso intensivo de energia, reduzam as opera\u00e7\u00f5es.<br>Os escrit\u00f3rios do governo foram solicitados a ajustar os condicionadores de ar a, no m\u00e1ximo, 26 graus Celsius, e a usar mais escadas em vez de elevadores, disse o Sichuan Daily, administrado pelo governo da prov\u00edncia. Fontes, <em>shows<\/em> de luzes e atividades comerciais ap\u00f3s o anoitecer devem ser suspensos, acrescentou.<\/p>\n\n\n\n<div class=\"wp-block-image\"><figure class=\"aligncenter size-large is-resized\"><img loading=\"lazy\" decoding=\"async\" src=\"https:\/\/jornalfatosenoticias.com.br\/wp-content\/uploads\/2020\/02\/Serra-Grande-1024x160.png\" alt=\"\" class=\"wp-image-7836\" width=\"478\" height=\"74\"\/><\/figure><\/div>\n\n\n\n<p>A escassez de energia tamb\u00e9m levou v\u00e1rias empresas na regi\u00e3o de Chongqing, na fronteira com Sichuan, a anunciar que v\u00e3o suspender a produ\u00e7\u00e3o. A energia hidrel\u00e9trica representa cerca de 80% da capacidade de energia de Sichuan, mas a diminui\u00e7\u00e3o dos fluxos de \u00e1gua no Yangtz\u00e9 e seus afluentes levou a uma luta para atender \u00e0 crescente demanda por ar-condicionado, pois as temperaturas subiram para mais de 40 graus.<\/p>\n\n\n\n<div class=\"wp-block-image\"><figure class=\"aligncenter size-large\"><img loading=\"lazy\" decoding=\"async\" width=\"300\" height=\"250\" src=\"https:\/\/jornalfatosenoticias.com.br\/wp-content\/uploads\/2022\/08\/arte-Casarao.jpg\" alt=\"\" class=\"wp-image-33178\"\/><\/figure><\/div>\n\n\n\n<blockquote class=\"wp-block-quote is-layout-flow wp-block-quote-is-layout-flow\"><p><span class=\"has-inline-color has-luminous-vivid-orange-color\">A seca em toda a bacia do Rio Yangtz\u00e9 tamb\u00e9m est\u00e1 &#8220;afetando negativamente&#8221; a \u00e1gua pot\u00e1vel para a popula\u00e7\u00e3o rural e o gado, bem como o crescimento das planta\u00e7\u00f5es, disse o Minist\u00e9rio de Recursos H\u00eddricos em nota. A pasta pediu \u00e0s regi\u00f5es atingidas pela seca planos para manter o abastecimento com medidas como transfer\u00eancia tempor\u00e1ria de \u00e1gua, desenvolvimento de novas fontes e extens\u00e3o de redes de tubula\u00e7\u00e3o.<\/span><\/p><\/blockquote>\n\n\n\n<div class=\"wp-block-image\"><figure class=\"aligncenter size-large is-resized\"><img loading=\"lazy\" decoding=\"async\" src=\"https:\/\/jornalfatosenoticias.com.br\/wp-content\/uploads\/2022\/02\/Serra-Pack-459.png\" alt=\"\" class=\"wp-image-27471\" width=\"338\" height=\"135\"\/><\/figure><\/div>\n\n\n\n<p>Para aumentar o fornecimento, a barragem do Tr\u00eas Gargantas, maior projeto hidrel\u00e9trico da China, aumentar\u00e1 as descargas de \u00e1gua em 500 milh\u00f5es de metros c\u00fabicos nos pr\u00f3ximos dez dias. Os fluxos de \u00e1gua nesta semana foram cerca de metade dos registrados um ano antes.<br>A prov\u00edncia central de Hubei foi a \u00faltima a anunciar um esfor\u00e7o para induzir chuvas, enviando avi\u00f5es para disparar iodeto de prata qu\u00edmico nas nuvens. Outras regi\u00f5es do Yangtz\u00e9 tamb\u00e9m lan\u00e7aram programas de &#8220;semeadura de nuvens&#8221;. A onda de calor na China durou 64 dias, tornando-se a mais longa desde que os registros completos come\u00e7aram em 1961, disse a m\u00eddia estatal, citando dados do Centro Nacional do Clima.<\/p>\n\n\n\n<div class=\"wp-block-image\"><figure class=\"aligncenter size-large is-resized\"><img loading=\"lazy\" decoding=\"async\" src=\"https:\/\/jornalfatosenoticias.com.br\/wp-content\/uploads\/2022\/07\/Logo-Grupo-SEI.jpg\" alt=\"\" class=\"wp-image-31973\" width=\"335\" height=\"176\" srcset=\"https:\/\/jornalfatosenoticias.com.br\/wp-content\/uploads\/2022\/07\/Logo-Grupo-SEI.jpg 713w, https:\/\/jornalfatosenoticias.com.br\/wp-content\/uploads\/2022\/07\/Logo-Grupo-SEI-300x158.jpg 300w\" sizes=\"auto, (max-width: 335px) 100vw, 335px\" \/><\/figure><\/div>\n\n\n\n<p><strong><em>Fonte: <a href=\"https:\/\/agenciabrasil.ebc.com.br\/internacional\/noticia\/2022-08\/china-busca-aliviar-seca-e-cortes-de-energia-durante-onda-de-calor\">Ag\u00eancia Brasil<\/a><\/em><\/strong><\/p>\n","protected":false},"excerpt":{"rendered":"<p>Meta \u00e9 levar mais \u00e1gua para a bacia do Rio Yangtz\u00e9 A China est\u00e1 lutando para aliviar a escassez de energia e levar mais \u00e1gua para a bacia do Rio Yangtz\u00e9, atingida pela seca, em meio a onda de calor recorde, implantando fundos de ajuda, semeando nuvens e desenvolvendo novas fontes de abastecimento.Por mais de [&hellip;]<\/p>\n","protected":false},"author":2,"featured_media":33300,"comment_status":"open","ping_status":"open","sticky":false,"template":"","format":"standard","meta":{"footnotes":""},"categories":[41],"tags":[368,85,5531,2539,2134],"class_list":["post-33299","post","type-post","status-publish","format-standard","has-post-thumbnail","hentry","category-internacional","tag-calor","tag-china","tag-cortes-2","tag-energia","tag-seca"],"yoast_head":"<!-- This site is optimized with the Yoast SEO plugin v26.5 - https:\/\/yoast.com\/wordpress\/plugins\/seo\/ -->\n<title>China busca aliviar seca e cortes de energia durante onda de calor - Jornal Fatos e Not\u00edcias<\/title>\n<meta name=\"robots\" content=\"index, follow, max-snippet:-1, max-image-preview:large, max-video-preview:-1\" \/>\n<link rel=\"canonical\" href=\"https:\/\/jornalfatosenoticias.com.br\/index.php\/2022\/08\/17\/china-busca-aliviar-seca-e-cortes-de-energia-durante-onda-de-calor\/\" \/>\n<meta property=\"og:locale\" content=\"pt_BR\" \/>\n<meta property=\"og:type\" content=\"article\" \/>\n<meta property=\"og:title\" content=\"China busca aliviar seca e cortes de energia durante onda de calor - Jornal Fatos e Not\u00edcias\" \/>\n<meta property=\"og:description\" content=\"Meta \u00e9 levar mais \u00e1gua para a bacia do Rio Yangtz\u00e9 A China est\u00e1 lutando para aliviar a escassez de energia e levar mais \u00e1gua para a bacia do Rio Yangtz\u00e9, atingida pela seca, em meio a onda de calor recorde, implantando fundos de ajuda, semeando nuvens e desenvolvendo novas fontes de abastecimento.Por mais de [&hellip;]\" \/>\n<meta property=\"og:url\" content=\"https:\/\/jornalfatosenoticias.com.br\/index.php\/2022\/08\/17\/china-busca-aliviar-seca-e-cortes-de-energia-durante-onda-de-calor\/\" \/>\n<meta property=\"og:site_name\" content=\"Jornal Fatos e Not\u00edcias\" \/>\n<meta property=\"article:published_time\" content=\"2022-08-17T15:05:34+00:00\" \/>\n<meta property=\"article:modified_time\" content=\"2022-08-17T15:05:35+00:00\" \/>\n<meta property=\"og:image\" content=\"https:\/\/jornalfatosenoticias.com.br\/wp-content\/uploads\/2022\/08\/china-seca.jpg\" \/>\n\t<meta property=\"og:image:width\" content=\"1000\" \/>\n\t<meta property=\"og:image:height\" content=\"598\" \/>\n\t<meta property=\"og:image:type\" content=\"image\/jpeg\" \/>\n<meta name=\"author\" content=\"Luzimara Fernandes\" \/>\n<meta name=\"twitter:card\" content=\"summary_large_image\" \/>\n<meta name=\"twitter:label1\" content=\"Escrito por\" \/>\n\t<meta name=\"twitter:data1\" content=\"Luzimara Fernandes\" \/>\n\t<meta name=\"twitter:label2\" content=\"Est. tempo de leitura\" \/>\n\t<meta name=\"twitter:data2\" content=\"3 minutos\" \/>\n<script type=\"application\/ld+json\" class=\"yoast-schema-graph\">{\"@context\":\"https:\/\/schema.org\",\"@graph\":[{\"@type\":\"Article\",\"@id\":\"https:\/\/jornalfatosenoticias.com.br\/index.php\/2022\/08\/17\/china-busca-aliviar-seca-e-cortes-de-energia-durante-onda-de-calor\/#article\",\"isPartOf\":{\"@id\":\"https:\/\/jornalfatosenoticias.com.br\/index.php\/2022\/08\/17\/china-busca-aliviar-seca-e-cortes-de-energia-durante-onda-de-calor\/\"},\"author\":{\"name\":\"Luzimara Fernandes\",\"@id\":\"https:\/\/jornalfatosenoticias.com.br\/#\/schema\/person\/d63837fa13ac8666eb9e74e0985d6f81\"},\"headline\":\"China busca aliviar seca e cortes de energia durante onda de calor\",\"datePublished\":\"2022-08-17T15:05:34+00:00\",\"dateModified\":\"2022-08-17T15:05:35+00:00\",\"mainEntityOfPage\":{\"@id\":\"https:\/\/jornalfatosenoticias.com.br\/index.php\/2022\/08\/17\/china-busca-aliviar-seca-e-cortes-de-energia-durante-onda-de-calor\/\"},\"wordCount\":569,\"commentCount\":0,\"publisher\":{\"@id\":\"https:\/\/jornalfatosenoticias.com.br\/#organization\"},\"image\":{\"@id\":\"https:\/\/jornalfatosenoticias.com.br\/index.php\/2022\/08\/17\/china-busca-aliviar-seca-e-cortes-de-energia-durante-onda-de-calor\/#primaryimage\"},\"thumbnailUrl\":\"https:\/\/jornalfatosenoticias.com.br\/wp-content\/uploads\/2022\/08\/china-seca.jpg\",\"keywords\":[\"calor\",\"china\",\"cortes\",\"energia\",\"seca\"],\"articleSection\":[\"Internacional\"],\"inLanguage\":\"pt-BR\",\"potentialAction\":[{\"@type\":\"CommentAction\",\"name\":\"Comment\",\"target\":[\"https:\/\/jornalfatosenoticias.com.br\/index.php\/2022\/08\/17\/china-busca-aliviar-seca-e-cortes-de-energia-durante-onda-de-calor\/#respond\"]}]},{\"@type\":\"WebPage\",\"@id\":\"https:\/\/jornalfatosenoticias.com.br\/index.php\/2022\/08\/17\/china-busca-aliviar-seca-e-cortes-de-energia-durante-onda-de-calor\/\",\"url\":\"https:\/\/jornalfatosenoticias.com.br\/index.php\/2022\/08\/17\/china-busca-aliviar-seca-e-cortes-de-energia-durante-onda-de-calor\/\",\"name\":\"China busca aliviar seca e cortes de energia durante onda de calor - Jornal Fatos e Not\u00edcias\",\"isPartOf\":{\"@id\":\"https:\/\/jornalfatosenoticias.com.br\/#website\"},\"primaryImageOfPage\":{\"@id\":\"https:\/\/jornalfatosenoticias.com.br\/index.php\/2022\/08\/17\/china-busca-aliviar-seca-e-cortes-de-energia-durante-onda-de-calor\/#primaryimage\"},\"image\":{\"@id\":\"https:\/\/jornalfatosenoticias.com.br\/index.php\/2022\/08\/17\/china-busca-aliviar-seca-e-cortes-de-energia-durante-onda-de-calor\/#primaryimage\"},\"thumbnailUrl\":\"https:\/\/jornalfatosenoticias.com.br\/wp-content\/uploads\/2022\/08\/china-seca.jpg\",\"datePublished\":\"2022-08-17T15:05:34+00:00\",\"dateModified\":\"2022-08-17T15:05:35+00:00\",\"breadcrumb\":{\"@id\":\"https:\/\/jornalfatosenoticias.com.br\/index.php\/2022\/08\/17\/china-busca-aliviar-seca-e-cortes-de-energia-durante-onda-de-calor\/#breadcrumb\"},\"inLanguage\":\"pt-BR\",\"potentialAction\":[{\"@type\":\"ReadAction\",\"target\":[\"https:\/\/jornalfatosenoticias.com.br\/index.php\/2022\/08\/17\/china-busca-aliviar-seca-e-cortes-de-energia-durante-onda-de-calor\/\"]}]},{\"@type\":\"ImageObject\",\"inLanguage\":\"pt-BR\",\"@id\":\"https:\/\/jornalfatosenoticias.com.br\/index.php\/2022\/08\/17\/china-busca-aliviar-seca-e-cortes-de-energia-durante-onda-de-calor\/#primaryimage\",\"url\":\"https:\/\/jornalfatosenoticias.com.br\/wp-content\/uploads\/2022\/08\/china-seca.jpg\",\"contentUrl\":\"https:\/\/jornalfatosenoticias.com.br\/wp-content\/uploads\/2022\/08\/china-seca.jpg\",\"width\":1000,\"height\":598},{\"@type\":\"BreadcrumbList\",\"@id\":\"https:\/\/jornalfatosenoticias.com.br\/index.php\/2022\/08\/17\/china-busca-aliviar-seca-e-cortes-de-energia-durante-onda-de-calor\/#breadcrumb\",\"itemListElement\":[{\"@type\":\"ListItem\",\"position\":1,\"name\":\"In\u00edcio\",\"item\":\"https:\/\/jornalfatosenoticias.com.br\/\"},{\"@type\":\"ListItem\",\"position\":2,\"name\":\"China busca aliviar seca e cortes de energia durante onda de calor\"}]},{\"@type\":\"WebSite\",\"@id\":\"https:\/\/jornalfatosenoticias.com.br\/#website\",\"url\":\"https:\/\/jornalfatosenoticias.com.br\/\",\"name\":\"Jornal Fatos e Not\u00edcias\",\"description\":\"Not\u00edcias em geral\",\"publisher\":{\"@id\":\"https:\/\/jornalfatosenoticias.com.br\/#organization\"},\"potentialAction\":[{\"@type\":\"SearchAction\",\"target\":{\"@type\":\"EntryPoint\",\"urlTemplate\":\"https:\/\/jornalfatosenoticias.com.br\/?s={search_term_string}\"},\"query-input\":{\"@type\":\"PropertyValueSpecification\",\"valueRequired\":true,\"valueName\":\"search_term_string\"}}],\"inLanguage\":\"pt-BR\"},{\"@type\":\"Organization\",\"@id\":\"https:\/\/jornalfatosenoticias.com.br\/#organization\",\"name\":\"Jornal Fatos e Not\u00edcias\",\"url\":\"https:\/\/jornalfatosenoticias.com.br\/\",\"logo\":{\"@type\":\"ImageObject\",\"inLanguage\":\"pt-BR\",\"@id\":\"https:\/\/jornalfatosenoticias.com.br\/#\/schema\/logo\/image\/\",\"url\":\"https:\/\/jornalfatosenoticias.com.br\/wp-content\/uploads\/2020\/02\/logo120.png\",\"contentUrl\":\"https:\/\/jornalfatosenoticias.com.br\/wp-content\/uploads\/2020\/02\/logo120.png\",\"width\":1227,\"height\":120,\"caption\":\"Jornal Fatos e Not\u00edcias\"},\"image\":{\"@id\":\"https:\/\/jornalfatosenoticias.com.br\/#\/schema\/logo\/image\/\"}},{\"@type\":\"Person\",\"@id\":\"https:\/\/jornalfatosenoticias.com.br\/#\/schema\/person\/d63837fa13ac8666eb9e74e0985d6f81\",\"name\":\"Luzimara Fernandes\",\"image\":{\"@type\":\"ImageObject\",\"inLanguage\":\"pt-BR\",\"@id\":\"https:\/\/jornalfatosenoticias.com.br\/#\/schema\/person\/image\/\",\"url\":\"https:\/\/jornalfatosenoticias.com.br\/wp-content\/uploads\/2025\/05\/EU_portal.jpg\",\"contentUrl\":\"https:\/\/jornalfatosenoticias.com.br\/wp-content\/uploads\/2025\/05\/EU_portal.jpg\",\"caption\":\"Luzimara Fernandes\"},\"description\":\"Jornalista MTB 2358-ES\",\"sameAs\":[\"https:\/\/jornalfatosenoticias.com.br\"],\"url\":\"https:\/\/jornalfatosenoticias.com.br\/index.php\/author\/luzimara\/\"}]}<\/script>\n<!-- \/ Yoast SEO plugin. -->","yoast_head_json":{"title":"China busca aliviar seca e cortes de energia durante onda de calor - Jornal Fatos e Not\u00edcias","robots":{"index":"index","follow":"follow","max-snippet":"max-snippet:-1","max-image-preview":"max-image-preview:large","max-video-preview":"max-video-preview:-1"},"canonical":"https:\/\/jornalfatosenoticias.com.br\/index.php\/2022\/08\/17\/china-busca-aliviar-seca-e-cortes-de-energia-durante-onda-de-calor\/","og_locale":"pt_BR","og_type":"article","og_title":"China busca aliviar seca e cortes de energia durante onda de calor - Jornal Fatos e Not\u00edcias","og_description":"Meta \u00e9 levar mais \u00e1gua para a bacia do Rio Yangtz\u00e9 A China est\u00e1 lutando para aliviar a escassez de energia e levar mais \u00e1gua para a bacia do Rio Yangtz\u00e9, atingida pela seca, em meio a onda de calor recorde, implantando fundos de ajuda, semeando nuvens e desenvolvendo novas fontes de abastecimento.Por mais de [&hellip;]","og_url":"https:\/\/jornalfatosenoticias.com.br\/index.php\/2022\/08\/17\/china-busca-aliviar-seca-e-cortes-de-energia-durante-onda-de-calor\/","og_site_name":"Jornal Fatos e Not\u00edcias","article_published_time":"2022-08-17T15:05:34+00:00","article_modified_time":"2022-08-17T15:05:35+00:00","og_image":[{"width":1000,"height":598,"url":"https:\/\/jornalfatosenoticias.com.br\/wp-content\/uploads\/2022\/08\/china-seca.jpg","type":"image\/jpeg"}],"author":"Luzimara Fernandes","twitter_card":"summary_large_image","twitter_misc":{"Escrito por":"Luzimara Fernandes","Est. tempo de leitura":"3 minutos"},"schema":{"@context":"https:\/\/schema.org","@graph":[{"@type":"Article","@id":"https:\/\/jornalfatosenoticias.com.br\/index.php\/2022\/08\/17\/china-busca-aliviar-seca-e-cortes-de-energia-durante-onda-de-calor\/#article","isPartOf":{"@id":"https:\/\/jornalfatosenoticias.com.br\/index.php\/2022\/08\/17\/china-busca-aliviar-seca-e-cortes-de-energia-durante-onda-de-calor\/"},"author":{"name":"Luzimara Fernandes","@id":"https:\/\/jornalfatosenoticias.com.br\/#\/schema\/person\/d63837fa13ac8666eb9e74e0985d6f81"},"headline":"China busca aliviar seca e cortes de energia durante onda de calor","datePublished":"2022-08-17T15:05:34+00:00","dateModified":"2022-08-17T15:05:35+00:00","mainEntityOfPage":{"@id":"https:\/\/jornalfatosenoticias.com.br\/index.php\/2022\/08\/17\/china-busca-aliviar-seca-e-cortes-de-energia-durante-onda-de-calor\/"},"wordCount":569,"commentCount":0,"publisher":{"@id":"https:\/\/jornalfatosenoticias.com.br\/#organization"},"image":{"@id":"https:\/\/jornalfatosenoticias.com.br\/index.php\/2022\/08\/17\/china-busca-aliviar-seca-e-cortes-de-energia-durante-onda-de-calor\/#primaryimage"},"thumbnailUrl":"https:\/\/jornalfatosenoticias.com.br\/wp-content\/uploads\/2022\/08\/china-seca.jpg","keywords":["calor","china","cortes","energia","seca"],"articleSection":["Internacional"],"inLanguage":"pt-BR","potentialAction":[{"@type":"CommentAction","name":"Comment","target":["https:\/\/jornalfatosenoticias.com.br\/index.php\/2022\/08\/17\/china-busca-aliviar-seca-e-cortes-de-energia-durante-onda-de-calor\/#respond"]}]},{"@type":"WebPage","@id":"https:\/\/jornalfatosenoticias.com.br\/index.php\/2022\/08\/17\/china-busca-aliviar-seca-e-cortes-de-energia-durante-onda-de-calor\/","url":"https:\/\/jornalfatosenoticias.com.br\/index.php\/2022\/08\/17\/china-busca-aliviar-seca-e-cortes-de-energia-durante-onda-de-calor\/","name":"China busca aliviar seca e cortes de energia durante onda de calor - Jornal Fatos e Not\u00edcias","isPartOf":{"@id":"https:\/\/jornalfatosenoticias.com.br\/#website"},"primaryImageOfPage":{"@id":"https:\/\/jornalfatosenoticias.com.br\/index.php\/2022\/08\/17\/china-busca-aliviar-seca-e-cortes-de-energia-durante-onda-de-calor\/#primaryimage"},"image":{"@id":"https:\/\/jornalfatosenoticias.com.br\/index.php\/2022\/08\/17\/china-busca-aliviar-seca-e-cortes-de-energia-durante-onda-de-calor\/#primaryimage"},"thumbnailUrl":"https:\/\/jornalfatosenoticias.com.br\/wp-content\/uploads\/2022\/08\/china-seca.jpg","datePublished":"2022-08-17T15:05:34+00:00","dateModified":"2022-08-17T15:05:35+00:00","breadcrumb":{"@id":"https:\/\/jornalfatosenoticias.com.br\/index.php\/2022\/08\/17\/china-busca-aliviar-seca-e-cortes-de-energia-durante-onda-de-calor\/#breadcrumb"},"inLanguage":"pt-BR","potentialAction":[{"@type":"ReadAction","target":["https:\/\/jornalfatosenoticias.com.br\/index.php\/2022\/08\/17\/china-busca-aliviar-seca-e-cortes-de-energia-durante-onda-de-calor\/"]}]},{"@type":"ImageObject","inLanguage":"pt-BR","@id":"https:\/\/jornalfatosenoticias.com.br\/index.php\/2022\/08\/17\/china-busca-aliviar-seca-e-cortes-de-energia-durante-onda-de-calor\/#primaryimage","url":"https:\/\/jornalfatosenoticias.com.br\/wp-content\/uploads\/2022\/08\/china-seca.jpg","contentUrl":"https:\/\/jornalfatosenoticias.com.br\/wp-content\/uploads\/2022\/08\/china-seca.jpg","width":1000,"height":598},{"@type":"BreadcrumbList","@id":"https:\/\/jornalfatosenoticias.com.br\/index.php\/2022\/08\/17\/china-busca-aliviar-seca-e-cortes-de-energia-durante-onda-de-calor\/#breadcrumb","itemListElement":[{"@type":"ListItem","position":1,"name":"In\u00edcio","item":"https:\/\/jornalfatosenoticias.com.br\/"},{"@type":"ListItem","position":2,"name":"China busca aliviar seca e cortes de energia durante onda de calor"}]},{"@type":"WebSite","@id":"https:\/\/jornalfatosenoticias.com.br\/#website","url":"https:\/\/jornalfatosenoticias.com.br\/","name":"Jornal Fatos e Not\u00edcias","description":"Not\u00edcias em geral","publisher":{"@id":"https:\/\/jornalfatosenoticias.com.br\/#organization"},"potentialAction":[{"@type":"SearchAction","target":{"@type":"EntryPoint","urlTemplate":"https:\/\/jornalfatosenoticias.com.br\/?s={search_term_string}"},"query-input":{"@type":"PropertyValueSpecification","valueRequired":true,"valueName":"search_term_string"}}],"inLanguage":"pt-BR"},{"@type":"Organization","@id":"https:\/\/jornalfatosenoticias.com.br\/#organization","name":"Jornal Fatos e Not\u00edcias","url":"https:\/\/jornalfatosenoticias.com.br\/","logo":{"@type":"ImageObject","inLanguage":"pt-BR","@id":"https:\/\/jornalfatosenoticias.com.br\/#\/schema\/logo\/image\/","url":"https:\/\/jornalfatosenoticias.com.br\/wp-content\/uploads\/2020\/02\/logo120.png","contentUrl":"https:\/\/jornalfatosenoticias.com.br\/wp-content\/uploads\/2020\/02\/logo120.png","width":1227,"height":120,"caption":"Jornal Fatos e Not\u00edcias"},"image":{"@id":"https:\/\/jornalfatosenoticias.com.br\/#\/schema\/logo\/image\/"}},{"@type":"Person","@id":"https:\/\/jornalfatosenoticias.com.br\/#\/schema\/person\/d63837fa13ac8666eb9e74e0985d6f81","name":"Luzimara Fernandes","image":{"@type":"ImageObject","inLanguage":"pt-BR","@id":"https:\/\/jornalfatosenoticias.com.br\/#\/schema\/person\/image\/","url":"https:\/\/jornalfatosenoticias.com.br\/wp-content\/uploads\/2025\/05\/EU_portal.jpg","contentUrl":"https:\/\/jornalfatosenoticias.com.br\/wp-content\/uploads\/2025\/05\/EU_portal.jpg","caption":"Luzimara Fernandes"},"description":"Jornalista MTB 2358-ES","sameAs":["https:\/\/jornalfatosenoticias.com.br"],"url":"https:\/\/jornalfatosenoticias.com.br\/index.php\/author\/luzimara\/"}]}},"cc_featured_image_caption":{"caption_text":"(Foto: cnsphoto\/Reuters\/Direitos Reservados)","source_text":"","source_url":""},"jetpack_featured_media_url":"https:\/\/jornalfatosenoticias.com.br\/wp-content\/uploads\/2022\/08\/china-seca.jpg","_links":{"self":[{"href":"https:\/\/jornalfatosenoticias.com.br\/index.php\/wp-json\/wp\/v2\/posts\/33299","targetHints":{"allow":["GET"]}}],"collection":[{"href":"https:\/\/jornalfatosenoticias.com.br\/index.php\/wp-json\/wp\/v2\/posts"}],"about":[{"href":"https:\/\/jornalfatosenoticias.com.br\/index.php\/wp-json\/wp\/v2\/types\/post"}],"author":[{"embeddable":true,"href":"https:\/\/jornalfatosenoticias.com.br\/index.php\/wp-json\/wp\/v2\/users\/2"}],"replies":[{"embeddable":true,"href":"https:\/\/jornalfatosenoticias.com.br\/index.php\/wp-json\/wp\/v2\/comments?post=33299"}],"version-history":[{"count":0,"href":"https:\/\/jornalfatosenoticias.com.br\/index.php\/wp-json\/wp\/v2\/posts\/33299\/revisions"}],"wp:featuredmedia":[{"embeddable":true,"href":"https:\/\/jornalfatosenoticias.com.br\/index.php\/wp-json\/wp\/v2\/media\/33300"}],"wp:attachment":[{"href":"https:\/\/jornalfatosenoticias.com.br\/index.php\/wp-json\/wp\/v2\/media?parent=33299"}],"wp:term":[{"taxonomy":"category","embeddable":true,"href":"https:\/\/jornalfatosenoticias.com.br\/index.php\/wp-json\/wp\/v2\/categories?post=33299"},{"taxonomy":"post_tag","embeddable":true,"href":"https:\/\/jornalfatosenoticias.com.br\/index.php\/wp-json\/wp\/v2\/tags?post=33299"}],"curies":[{"name":"wp","href":"https:\/\/api.w.org\/{rel}","templated":true}]}}